{"id":2360,"date":"2018-09-21T08:55:23","date_gmt":"2018-09-21T11:55:23","guid":{"rendered":"https:\/\/noticiasmercedinas.com\/site\/?p=2360"},"modified":"2018-09-21T08:55:55","modified_gmt":"2018-09-21T11:55:55","slug":"tenemos-que-defender-lo-adquirido-para-cada-jubilado","status":"publish","type":"post","link":"https:\/\/noticiasmercedinas.com\/site\/2018\/09\/21\/tenemos-que-defender-lo-adquirido-para-cada-jubilado\/","title":{"rendered":"\u201cTenemos que defender lo adquirido para cada jubilado\u201d"},"content":{"rendered":"<p><strong>Lo asegur\u00f3 el lujanense Juan Carlos Ju\u00e1rez. El diputado mandato cumplido dialog\u00f3 con este medio en torno al D\u00eda del Jubilado y la actualidad de la tercera edad en la Argentina<\/strong>.<\/p>\n<p><img loading=\"lazy\" decoding=\"async\" class=\"alignnone size-full wp-image-2361\" src=\"https:\/\/noticiasmercedinas.com\/site\/wp-content\/uploads\/2018\/09\/8cb35424-8f29-4f45-97c9-904962843b6c.jpg\" alt=\"\" width=\"650\" height=\"454\" srcset=\"https:\/\/noticiasmercedinas.com\/site\/wp-content\/uploads\/2018\/09\/8cb35424-8f29-4f45-97c9-904962843b6c.jpg 650w, https:\/\/noticiasmercedinas.com\/site\/wp-content\/uploads\/2018\/09\/8cb35424-8f29-4f45-97c9-904962843b6c-300x210.jpg 300w, https:\/\/noticiasmercedinas.com\/site\/wp-content\/uploads\/2018\/09\/8cb35424-8f29-4f45-97c9-904962843b6c-640x447.jpg 640w\" sizes=\"auto, (max-width: 650px) 100vw, 650px\" \/><\/p>\n<audio class=\"wp-audio-shortcode\" id=\"audio-2360-1\" preload=\"none\" style=\"width: 100%;\" controls=\"controls\"><source type=\"audio\/mpeg\" src=\"https:\/\/noticiasmercedinas.com\/site\/wp-content\/uploads\/2018\/09\/WhatsApp-Ptt-2018-09-20-at-9.29.54-AM.mp3?_=1\" \/><a href=\"https:\/\/noticiasmercedinas.com\/site\/wp-content\/uploads\/2018\/09\/WhatsApp-Ptt-2018-09-20-at-9.29.54-AM.mp3\">https:\/\/noticiasmercedinas.com\/site\/wp-content\/uploads\/2018\/09\/WhatsApp-Ptt-2018-09-20-at-9.29.54-AM.mp3<\/a><\/audio>\n<p>Este jueves 20 de septiembre fue el d\u00eda del Jubilado. \u201cDebemos asegurarles derechos a un ingreso digno, atenci\u00f3n de salud adecuada, esparcimiento, mejor calidad de vida\u201d, dijo en ese contexto el diputado mandato cumplido Juan Carlos Ju\u00e1rez, oriundo de Luj\u00e1n y quien tiene una importante experiencia en el trabajo con los adultos mayores.<\/p>\n<p>\u201cSe festeja este d\u00eda porque se cumplen a\u00f1os sobre la primera ley de jubilaciones\u201d, record\u00f3 Ju\u00e1rez, durante la jornada.<\/p>\n<p>Consultado por este medio sobre la situaci\u00f3n actual de los jubilados, el diputado provincial mandato cumplido Juan Carlos Ju\u00e1rez, referente del GEN, quien trabaj\u00f3 adem\u00e1s en PAMI, ANSeS y el IPS, indic\u00f3: \u201cEn la situaci\u00f3n que se encuentra la Argentina en que la econom\u00eda ofrece muchas dificultades a la ciudadan\u00eda en general y en particular a los jubilados, que tienen que vivir con 8600 pesos por mes que solo alcanzan a cubrir un tercio de lo que demanda su canasta b\u00e1sica que supera los 21 mil pesos, debemos tener en claro que la defensa de los derechos de los jubilados, su calidad de vida, un ingreso digno, una obra social que atienda sus requerimientos, y obviamente hay que pensar en actividades que mejoren su estar, como la realizaci\u00f3n de deportes adecuados a su edad, esparcimiento y otras actividades intelectuales que lo ayuden en el nuevo paradigma del adulto mayor en una sociedad en que la expectativa de vida va creciendo a\u00f1o tras a\u00f1o\u201d.<\/p>\n<p>\u201cDebe haber una nueva visi\u00f3n, en el pa\u00eds hay algunos aspectos positivos y otros no tanto, y tenemos que defender lo adquirido para cada jubilado de la Argentina, tanto en el sistema nacional como los provinciales\u201d, dijo Ju\u00e1rez.<\/p>\n<p>\u201cYo trabajo en la defensa de estos derechos a veces frente a silencios, a la falta de conocimiento de los funcionarios, muchas veces frente a una situaci\u00f3n de no atender y no considerar a los jubilados dentro de las prioridades que debe tener una naci\u00f3n\u201d, agreg\u00f3 y sostuvo que en la Argentina tenemos una historia muy rica de nuestros trabajadores en aportes provisionales y de la seguridad social, \u201cpero hay que devolv\u00e9rselos en calidad de derechos todos los d\u00edas\u201d: \u201cEste 20 de septiembre tiene que ser un d\u00eda de reflexi\u00f3n y de pensar en organizar desde los municipios organizar actividades para que se sientan incluidos y plenos en la vida cotidiana de cada comunidad\u201d, complet\u00f3.<\/p>\n","protected":false},"excerpt":{"rendered":"<p>Lo asegur\u00f3 el lujanense Juan Carlos Ju\u00e1rez. El diputado mandato cumplido dialog\u00f3 con este medio en torno al D\u00eda del Jubilado y la actualidad de la tercera edad en la Argentina. Este jueves 20 de septiembre fue el d\u00eda del Jubilado. \u201cDebemos asegurarles derechos a un ingreso digno, atenci\u00f3n de salud adecuada, esparcimiento, mejor calidad [&hellip;]<\/p>\n","protected":false},"author":2,"featured_media":2361,"comment_status":"open","ping_status":"open","sticky":false,"template":"","format":"standard","meta":{"footnotes":""},"categories":[139],"tags":[931,932,159,547,160],"class_list":["post-2360","post","type-post","status-publish","format-standard","has-post-thumbnail","hentry","category-regionales","tag-dial-del-jubilado","tag-gen","tag-ips","tag-juan-carlos-juarez","tag-jubilados"],"yoast_head":"<!-- This site is optimized with the Yoast SEO plugin v27.4 - https:\/\/yoast.com\/product\/yoast-seo-wordpress\/ -->\n<title>\u201cTenemos que defender lo adquirido para cada jubilado\u201d<\/title>\n<meta name=\"robots\" content=\"index, follow, max-snippet:-1, max-image-preview:large, max-video-preview:-1\" \/>\n<link rel=\"canonical\" href=\"https:\/\/noticiasmercedinas.com\/site\/2018\/09\/21\/tenemos-que-defender-lo-adquirido-para-cada-jubilado\/\" \/>\n<meta property=\"og:locale\" content=\"es_ES\" \/>\n<meta property=\"og:type\" content=\"article\" \/>\n<meta property=\"og:title\" content=\"\u201cTenemos que defender lo adquirido para cada jubilado\u201d\" \/>\n<meta property=\"og:description\" content=\"Lo asegur\u00f3 el lujanense Juan Carlos Ju\u00e1rez. El diputado mandato cumplido dialog\u00f3 con este medio en torno al D\u00eda del Jubilado y la actualidad de la tercera edad en la Argentina. Este jueves 20 de septiembre fue el d\u00eda del Jubilado. \u201cDebemos asegurarles derechos a un ingreso digno, atenci\u00f3n de salud adecuada, esparcimiento, mejor calidad [&hellip;]\" \/>\n<meta property=\"og:url\" content=\"https:\/\/noticiasmercedinas.com\/site\/2018\/09\/21\/tenemos-que-defender-lo-adquirido-para-cada-jubilado\/\" \/>\n<meta property=\"og:site_name\" content=\"NOTICIASMERCEDINAS.COM\" \/>\n<meta property=\"article:publisher\" content=\"https:\/\/www.facebook.com\/noticiasmercedinas\/\" \/>\n<meta property=\"article:author\" content=\"https:\/\/www.facebook.com\/cristian.falabella\" \/>\n<meta property=\"article:published_time\" content=\"2018-09-21T11:55:23+00:00\" \/>\n<meta property=\"article:modified_time\" content=\"2018-09-21T11:55:55+00:00\" \/>\n<meta property=\"og:image\" content=\"https:\/\/noticiasmercedinas.com\/site\/wp-content\/uploads\/2018\/09\/8cb35424-8f29-4f45-97c9-904962843b6c.jpg\" \/>\n\t<meta property=\"og:image:width\" content=\"650\" \/>\n\t<meta property=\"og:image:height\" content=\"454\" \/>\n\t<meta property=\"og:image:type\" content=\"image\/jpeg\" \/>\n<meta name=\"author\" content=\"Cristian Falabella NOTICIASMERCEDINAS.COM\" \/>\n<meta name=\"twitter:card\" content=\"summary_large_image\" \/>\n<meta name=\"twitter:creator\" content=\"@https:\/\/twitter.com\/NOTMERCEDINAS\" \/>\n<meta name=\"twitter:site\" content=\"@notmercedinas\" \/>\n<meta name=\"twitter:label1\" content=\"Escrito por\" \/>\n\t<meta name=\"twitter:data1\" content=\"Cristian Falabella NOTICIASMERCEDINAS.COM\" \/>\n\t<meta name=\"twitter:label2\" content=\"Tiempo de lectura\" \/>\n\t<meta name=\"twitter:data2\" content=\"2 minutos\" \/>\n<script type=\"application\/ld+json\" class=\"yoast-schema-graph\">{\"@context\":\"https:\\\/\\\/schema.org\",\"@graph\":[{\"@type\":\"Article\",\"@id\":\"https:\\\/\\\/noticiasmercedinas.com\\\/site\\\/2018\\\/09\\\/21\\\/tenemos-que-defender-lo-adquirido-para-cada-jubilado\\\/#article\",\"isPartOf\":{\"@id\":\"https:\\\/\\\/noticiasmercedinas.com\\\/site\\\/2018\\\/09\\\/21\\\/tenemos-que-defender-lo-adquirido-para-cada-jubilado\\\/\"},\"author\":{\"name\":\"Cristian Falabella NOTICIASMERCEDINAS.COM\",\"@id\":\"https:\\\/\\\/noticiasmercedinas.com\\\/site\\\/#\\\/schema\\\/person\\\/d481a9696a5feaec13a60e2bbd991a6a\"},\"headline\":\"\u201cTenemos que defender lo adquirido para cada jubilado\u201d\",\"datePublished\":\"2018-09-21T11:55:23+00:00\",\"dateModified\":\"2018-09-21T11:55:55+00:00\",\"mainEntityOfPage\":{\"@id\":\"https:\\\/\\\/noticiasmercedinas.com\\\/site\\\/2018\\\/09\\\/21\\\/tenemos-que-defender-lo-adquirido-para-cada-jubilado\\\/\"},\"wordCount\":466,\"commentCount\":0,\"publisher\":{\"@id\":\"https:\\\/\\\/noticiasmercedinas.com\\\/site\\\/#organization\"},\"image\":{\"@id\":\"https:\\\/\\\/noticiasmercedinas.com\\\/site\\\/2018\\\/09\\\/21\\\/tenemos-que-defender-lo-adquirido-para-cada-jubilado\\\/#primaryimage\"},\"thumbnailUrl\":\"https:\\\/\\\/noticiasmercedinas.com\\\/site\\\/wp-content\\\/uploads\\\/2018\\\/09\\\/8cb35424-8f29-4f45-97c9-904962843b6c.jpg\",\"keywords\":[\"dial del jubilado\",\"GEN\",\"ips\",\"juan carlos juarez\",\"jubilados\"],\"articleSection\":[\"Regionales\"],\"inLanguage\":\"es\",\"potentialAction\":[{\"@type\":\"CommentAction\",\"name\":\"Comment\",\"target\":[\"https:\\\/\\\/noticiasmercedinas.com\\\/site\\\/2018\\\/09\\\/21\\\/tenemos-que-defender-lo-adquirido-para-cada-jubilado\\\/#respond\"]}]},{\"@type\":\"WebPage\",\"@id\":\"https:\\\/\\\/noticiasmercedinas.com\\\/site\\\/2018\\\/09\\\/21\\\/tenemos-que-defender-lo-adquirido-para-cada-jubilado\\\/\",\"url\":\"https:\\\/\\\/noticiasmercedinas.com\\\/site\\\/2018\\\/09\\\/21\\\/tenemos-que-defender-lo-adquirido-para-cada-jubilado\\\/\",\"name\":\"\u201cTenemos que defender lo adquirido para cada jubilado\u201d\",\"isPartOf\":{\"@id\":\"https:\\\/\\\/noticiasmercedinas.com\\\/site\\\/#website\"},\"primaryImageOfPage\":{\"@id\":\"https:\\\/\\\/noticiasmercedinas.com\\\/site\\\/2018\\\/09\\\/21\\\/tenemos-que-defender-lo-adquirido-para-cada-jubilado\\\/#primaryimage\"},\"image\":{\"@id\":\"https:\\\/\\\/noticiasmercedinas.com\\\/site\\\/2018\\\/09\\\/21\\\/tenemos-que-defender-lo-adquirido-para-cada-jubilado\\\/#primaryimage\"},\"thumbnailUrl\":\"https:\\\/\\\/noticiasmercedinas.com\\\/site\\\/wp-content\\\/uploads\\\/2018\\\/09\\\/8cb35424-8f29-4f45-97c9-904962843b6c.jpg\",\"datePublished\":\"2018-09-21T11:55:23+00:00\",\"dateModified\":\"2018-09-21T11:55:55+00:00\",\"breadcrumb\":{\"@id\":\"https:\\\/\\\/noticiasmercedinas.com\\\/site\\\/2018\\\/09\\\/21\\\/tenemos-que-defender-lo-adquirido-para-cada-jubilado\\\/#breadcrumb\"},\"inLanguage\":\"es\",\"potentialAction\":[{\"@type\":\"ReadAction\",\"target\":[\"https:\\\/\\\/noticiasmercedinas.com\\\/site\\\/2018\\\/09\\\/21\\\/tenemos-que-defender-lo-adquirido-para-cada-jubilado\\\/\"]}]},{\"@type\":\"ImageObject\",\"inLanguage\":\"es\",\"@id\":\"https:\\\/\\\/noticiasmercedinas.com\\\/site\\\/2018\\\/09\\\/21\\\/tenemos-que-defender-lo-adquirido-para-cada-jubilado\\\/#primaryimage\",\"url\":\"https:\\\/\\\/noticiasmercedinas.com\\\/site\\\/wp-content\\\/uploads\\\/2018\\\/09\\\/8cb35424-8f29-4f45-97c9-904962843b6c.jpg\",\"contentUrl\":\"https:\\\/\\\/noticiasmercedinas.com\\\/site\\\/wp-content\\\/uploads\\\/2018\\\/09\\\/8cb35424-8f29-4f45-97c9-904962843b6c.jpg\",\"width\":650,\"height\":454},{\"@type\":\"BreadcrumbList\",\"@id\":\"https:\\\/\\\/noticiasmercedinas.com\\\/site\\\/2018\\\/09\\\/21\\\/tenemos-que-defender-lo-adquirido-para-cada-jubilado\\\/#breadcrumb\",\"itemListElement\":[{\"@type\":\"ListItem\",\"position\":1,\"name\":\"Portada\",\"item\":\"https:\\\/\\\/noticiasmercedinas.com\\\/site\\\/\"},{\"@type\":\"ListItem\",\"position\":2,\"name\":\"\u201cTenemos que defender lo adquirido para cada jubilado\u201d\"}]},{\"@type\":\"WebSite\",\"@id\":\"https:\\\/\\\/noticiasmercedinas.com\\\/site\\\/#website\",\"url\":\"https:\\\/\\\/noticiasmercedinas.com\\\/site\\\/\",\"name\":\"NOTICIASMERCEDINAS.COM\",\"description\":\"Mercedes, Buenos Aires, Argentina\",\"publisher\":{\"@id\":\"https:\\\/\\\/noticiasmercedinas.com\\\/site\\\/#organization\"},\"potentialAction\":[{\"@type\":\"SearchAction\",\"target\":{\"@type\":\"EntryPoint\",\"urlTemplate\":\"https:\\\/\\\/noticiasmercedinas.com\\\/site\\\/?s={search_term_string}\"},\"query-input\":{\"@type\":\"PropertyValueSpecification\",\"valueRequired\":true,\"valueName\":\"search_term_string\"}}],\"inLanguage\":\"es\"},{\"@type\":\"Organization\",\"@id\":\"https:\\\/\\\/noticiasmercedinas.com\\\/site\\\/#organization\",\"name\":\"NOTICIASMERCEDINAS.COM\",\"url\":\"https:\\\/\\\/noticiasmercedinas.com\\\/site\\\/\",\"logo\":{\"@type\":\"ImageObject\",\"inLanguage\":\"es\",\"@id\":\"https:\\\/\\\/noticiasmercedinas.com\\\/site\\\/#\\\/schema\\\/logo\\\/image\\\/\",\"url\":\"https:\\\/\\\/noticiasmercedinas.com\\\/site\\\/wp-content\\\/uploads\\\/2020\\\/06\\\/LOGO-512.jpg\",\"contentUrl\":\"https:\\\/\\\/noticiasmercedinas.com\\\/site\\\/wp-content\\\/uploads\\\/2020\\\/06\\\/LOGO-512.jpg\",\"width\":512,\"height\":512,\"caption\":\"NOTICIASMERCEDINAS.COM\"},\"image\":{\"@id\":\"https:\\\/\\\/noticiasmercedinas.com\\\/site\\\/#\\\/schema\\\/logo\\\/image\\\/\"},\"sameAs\":[\"https:\\\/\\\/www.facebook.com\\\/noticiasmercedinas\\\/\",\"https:\\\/\\\/x.com\\\/notmercedinas\",\"https:\\\/\\\/www.instagram.com\\\/noticiasmercedinas\\\/\"]},{\"@type\":\"Person\",\"@id\":\"https:\\\/\\\/noticiasmercedinas.com\\\/site\\\/#\\\/schema\\\/person\\\/d481a9696a5feaec13a60e2bbd991a6a\",\"name\":\"Cristian Falabella NOTICIASMERCEDINAS.COM\",\"image\":{\"@type\":\"ImageObject\",\"inLanguage\":\"es\",\"@id\":\"https:\\\/\\\/secure.gravatar.com\\\/avatar\\\/0dbbfc45970cc46bcd0e57766228574ff3511d6eed045b182f536f0f478c1f06?s=96&d=mm&r=g\",\"url\":\"https:\\\/\\\/secure.gravatar.com\\\/avatar\\\/0dbbfc45970cc46bcd0e57766228574ff3511d6eed045b182f536f0f478c1f06?s=96&d=mm&r=g\",\"contentUrl\":\"https:\\\/\\\/secure.gravatar.com\\\/avatar\\\/0dbbfc45970cc46bcd0e57766228574ff3511d6eed045b182f536f0f478c1f06?s=96&d=mm&r=g\",\"caption\":\"Cristian Falabella NOTICIASMERCEDINAS.COM\"},\"description\":\"Periodista, editor de Noticias Mercedinas. Pas\u00f3 por varias redacciones y emprendimientos de prensa, en distintos formatos y \u00e9pocas. Se especializ\u00f3 --y sigue haci\u00e9ndolo-- en comunicaci\u00f3n en la web y en junio de 2006 fund\u00f3 este diario digital.\",\"sameAs\":[\"https:\\\/\\\/noticiasmercedinas.com\",\"https:\\\/\\\/www.facebook.com\\\/cristian.falabella\",\"https:\\\/\\\/www.instagram.com\\\/noticiasmercedinas\\\/\",\"https:\\\/\\\/x.com\\\/https:\\\/\\\/twitter.com\\\/NOTMERCEDINAS\"],\"url\":\"https:\\\/\\\/noticiasmercedinas.com\\\/site\\\/author\\\/as000384\\\/\"}]}<\/script>\n<!-- \/ Yoast SEO plugin. -->","yoast_head_json":{"title":"\u201cTenemos que defender lo adquirido para cada jubilado\u201d","robots":{"index":"index","follow":"follow","max-snippet":"max-snippet:-1","max-image-preview":"max-image-preview:large","max-video-preview":"max-video-preview:-1"},"canonical":"https:\/\/noticiasmercedinas.com\/site\/2018\/09\/21\/tenemos-que-defender-lo-adquirido-para-cada-jubilado\/","og_locale":"es_ES","og_type":"article","og_title":"\u201cTenemos que defender lo adquirido para cada jubilado\u201d","og_description":"Lo asegur\u00f3 el lujanense Juan Carlos Ju\u00e1rez. El diputado mandato cumplido dialog\u00f3 con este medio en torno al D\u00eda del Jubilado y la actualidad de la tercera edad en la Argentina. Este jueves 20 de septiembre fue el d\u00eda del Jubilado. \u201cDebemos asegurarles derechos a un ingreso digno, atenci\u00f3n de salud adecuada, esparcimiento, mejor calidad [&hellip;]","og_url":"https:\/\/noticiasmercedinas.com\/site\/2018\/09\/21\/tenemos-que-defender-lo-adquirido-para-cada-jubilado\/","og_site_name":"NOTICIASMERCEDINAS.COM","article_publisher":"https:\/\/www.facebook.com\/noticiasmercedinas\/","article_author":"https:\/\/www.facebook.com\/cristian.falabella","article_published_time":"2018-09-21T11:55:23+00:00","article_modified_time":"2018-09-21T11:55:55+00:00","og_image":[{"width":650,"height":454,"url":"https:\/\/noticiasmercedinas.com\/site\/wp-content\/uploads\/2018\/09\/8cb35424-8f29-4f45-97c9-904962843b6c.jpg","type":"image\/jpeg"}],"author":"Cristian Falabella NOTICIASMERCEDINAS.COM","twitter_card":"summary_large_image","twitter_creator":"@https:\/\/twitter.com\/NOTMERCEDINAS","twitter_site":"@notmercedinas","twitter_misc":{"Escrito por":"Cristian Falabella NOTICIASMERCEDINAS.COM","Tiempo de lectura":"2 minutos"},"schema":{"@context":"https:\/\/schema.org","@graph":[{"@type":"Article","@id":"https:\/\/noticiasmercedinas.com\/site\/2018\/09\/21\/tenemos-que-defender-lo-adquirido-para-cada-jubilado\/#article","isPartOf":{"@id":"https:\/\/noticiasmercedinas.com\/site\/2018\/09\/21\/tenemos-que-defender-lo-adquirido-para-cada-jubilado\/"},"author":{"name":"Cristian Falabella NOTICIASMERCEDINAS.COM","@id":"https:\/\/noticiasmercedinas.com\/site\/#\/schema\/person\/d481a9696a5feaec13a60e2bbd991a6a"},"headline":"\u201cTenemos que defender lo adquirido para cada jubilado\u201d","datePublished":"2018-09-21T11:55:23+00:00","dateModified":"2018-09-21T11:55:55+00:00","mainEntityOfPage":{"@id":"https:\/\/noticiasmercedinas.com\/site\/2018\/09\/21\/tenemos-que-defender-lo-adquirido-para-cada-jubilado\/"},"wordCount":466,"commentCount":0,"publisher":{"@id":"https:\/\/noticiasmercedinas.com\/site\/#organization"},"image":{"@id":"https:\/\/noticiasmercedinas.com\/site\/2018\/09\/21\/tenemos-que-defender-lo-adquirido-para-cada-jubilado\/#primaryimage"},"thumbnailUrl":"https:\/\/noticiasmercedinas.com\/site\/wp-content\/uploads\/2018\/09\/8cb35424-8f29-4f45-97c9-904962843b6c.jpg","keywords":["dial del jubilado","GEN","ips","juan carlos juarez","jubilados"],"articleSection":["Regionales"],"inLanguage":"es","potentialAction":[{"@type":"CommentAction","name":"Comment","target":["https:\/\/noticiasmercedinas.com\/site\/2018\/09\/21\/tenemos-que-defender-lo-adquirido-para-cada-jubilado\/#respond"]}]},{"@type":"WebPage","@id":"https:\/\/noticiasmercedinas.com\/site\/2018\/09\/21\/tenemos-que-defender-lo-adquirido-para-cada-jubilado\/","url":"https:\/\/noticiasmercedinas.com\/site\/2018\/09\/21\/tenemos-que-defender-lo-adquirido-para-cada-jubilado\/","name":"\u201cTenemos que defender lo adquirido para cada jubilado\u201d","isPartOf":{"@id":"https:\/\/noticiasmercedinas.com\/site\/#website"},"primaryImageOfPage":{"@id":"https:\/\/noticiasmercedinas.com\/site\/2018\/09\/21\/tenemos-que-defender-lo-adquirido-para-cada-jubilado\/#primaryimage"},"image":{"@id":"https:\/\/noticiasmercedinas.com\/site\/2018\/09\/21\/tenemos-que-defender-lo-adquirido-para-cada-jubilado\/#primaryimage"},"thumbnailUrl":"https:\/\/noticiasmercedinas.com\/site\/wp-content\/uploads\/2018\/09\/8cb35424-8f29-4f45-97c9-904962843b6c.jpg","datePublished":"2018-09-21T11:55:23+00:00","dateModified":"2018-09-21T11:55:55+00:00","breadcrumb":{"@id":"https:\/\/noticiasmercedinas.com\/site\/2018\/09\/21\/tenemos-que-defender-lo-adquirido-para-cada-jubilado\/#breadcrumb"},"inLanguage":"es","potentialAction":[{"@type":"ReadAction","target":["https:\/\/noticiasmercedinas.com\/site\/2018\/09\/21\/tenemos-que-defender-lo-adquirido-para-cada-jubilado\/"]}]},{"@type":"ImageObject","inLanguage":"es","@id":"https:\/\/noticiasmercedinas.com\/site\/2018\/09\/21\/tenemos-que-defender-lo-adquirido-para-cada-jubilado\/#primaryimage","url":"https:\/\/noticiasmercedinas.com\/site\/wp-content\/uploads\/2018\/09\/8cb35424-8f29-4f45-97c9-904962843b6c.jpg","contentUrl":"https:\/\/noticiasmercedinas.com\/site\/wp-content\/uploads\/2018\/09\/8cb35424-8f29-4f45-97c9-904962843b6c.jpg","width":650,"height":454},{"@type":"BreadcrumbList","@id":"https:\/\/noticiasmercedinas.com\/site\/2018\/09\/21\/tenemos-que-defender-lo-adquirido-para-cada-jubilado\/#breadcrumb","itemListElement":[{"@type":"ListItem","position":1,"name":"Portada","item":"https:\/\/noticiasmercedinas.com\/site\/"},{"@type":"ListItem","position":2,"name":"\u201cTenemos que defender lo adquirido para cada jubilado\u201d"}]},{"@type":"WebSite","@id":"https:\/\/noticiasmercedinas.com\/site\/#website","url":"https:\/\/noticiasmercedinas.com\/site\/","name":"NOTICIASMERCEDINAS.COM","description":"Mercedes, Buenos Aires, Argentina","publisher":{"@id":"https:\/\/noticiasmercedinas.com\/site\/#organization"},"potentialAction":[{"@type":"SearchAction","target":{"@type":"EntryPoint","urlTemplate":"https:\/\/noticiasmercedinas.com\/site\/?s={search_term_string}"},"query-input":{"@type":"PropertyValueSpecification","valueRequired":true,"valueName":"search_term_string"}}],"inLanguage":"es"},{"@type":"Organization","@id":"https:\/\/noticiasmercedinas.com\/site\/#organization","name":"NOTICIASMERCEDINAS.COM","url":"https:\/\/noticiasmercedinas.com\/site\/","logo":{"@type":"ImageObject","inLanguage":"es","@id":"https:\/\/noticiasmercedinas.com\/site\/#\/schema\/logo\/image\/","url":"https:\/\/noticiasmercedinas.com\/site\/wp-content\/uploads\/2020\/06\/LOGO-512.jpg","contentUrl":"https:\/\/noticiasmercedinas.com\/site\/wp-content\/uploads\/2020\/06\/LOGO-512.jpg","width":512,"height":512,"caption":"NOTICIASMERCEDINAS.COM"},"image":{"@id":"https:\/\/noticiasmercedinas.com\/site\/#\/schema\/logo\/image\/"},"sameAs":["https:\/\/www.facebook.com\/noticiasmercedinas\/","https:\/\/x.com\/notmercedinas","https:\/\/www.instagram.com\/noticiasmercedinas\/"]},{"@type":"Person","@id":"https:\/\/noticiasmercedinas.com\/site\/#\/schema\/person\/d481a9696a5feaec13a60e2bbd991a6a","name":"Cristian Falabella NOTICIASMERCEDINAS.COM","image":{"@type":"ImageObject","inLanguage":"es","@id":"https:\/\/secure.gravatar.com\/avatar\/0dbbfc45970cc46bcd0e57766228574ff3511d6eed045b182f536f0f478c1f06?s=96&d=mm&r=g","url":"https:\/\/secure.gravatar.com\/avatar\/0dbbfc45970cc46bcd0e57766228574ff3511d6eed045b182f536f0f478c1f06?s=96&d=mm&r=g","contentUrl":"https:\/\/secure.gravatar.com\/avatar\/0dbbfc45970cc46bcd0e57766228574ff3511d6eed045b182f536f0f478c1f06?s=96&d=mm&r=g","caption":"Cristian Falabella NOTICIASMERCEDINAS.COM"},"description":"Periodista, editor de Noticias Mercedinas. Pas\u00f3 por varias redacciones y emprendimientos de prensa, en distintos formatos y \u00e9pocas. Se especializ\u00f3 --y sigue haci\u00e9ndolo-- en comunicaci\u00f3n en la web y en junio de 2006 fund\u00f3 este diario digital.","sameAs":["https:\/\/noticiasmercedinas.com","https:\/\/www.facebook.com\/cristian.falabella","https:\/\/www.instagram.com\/noticiasmercedinas\/","https:\/\/x.com\/https:\/\/twitter.com\/NOTMERCEDINAS"],"url":"https:\/\/noticiasmercedinas.com\/site\/author\/as000384\/"}]}},"amp_enabled":true,"_links":{"self":[{"href":"https:\/\/noticiasmercedinas.com\/site\/wp-json\/wp\/v2\/posts\/2360","targetHints":{"allow":["GET"]}}],"collection":[{"href":"https:\/\/noticiasmercedinas.com\/site\/wp-json\/wp\/v2\/posts"}],"about":[{"href":"https:\/\/noticiasmercedinas.com\/site\/wp-json\/wp\/v2\/types\/post"}],"author":[{"embeddable":true,"href":"https:\/\/noticiasmercedinas.com\/site\/wp-json\/wp\/v2\/users\/2"}],"replies":[{"embeddable":true,"href":"https:\/\/noticiasmercedinas.com\/site\/wp-json\/wp\/v2\/comments?post=2360"}],"version-history":[{"count":1,"href":"https:\/\/noticiasmercedinas.com\/site\/wp-json\/wp\/v2\/posts\/2360\/revisions"}],"predecessor-version":[{"id":2363,"href":"https:\/\/noticiasmercedinas.com\/site\/wp-json\/wp\/v2\/posts\/2360\/revisions\/2363"}],"wp:featuredmedia":[{"embeddable":true,"href":"https:\/\/noticiasmercedinas.com\/site\/wp-json\/wp\/v2\/media\/2361"}],"wp:attachment":[{"href":"https:\/\/noticiasmercedinas.com\/site\/wp-json\/wp\/v2\/media?parent=2360"}],"wp:term":[{"taxonomy":"category","embeddable":true,"href":"https:\/\/noticiasmercedinas.com\/site\/wp-json\/wp\/v2\/categories?post=2360"},{"taxonomy":"post_tag","embeddable":true,"href":"https:\/\/noticiasmercedinas.com\/site\/wp-json\/wp\/v2\/tags?post=2360"}],"curies":[{"name":"wp","href":"https:\/\/api.w.org\/{rel}","templated":true}]}}