{"id":2377,"date":"2018-09-21T10:23:34","date_gmt":"2018-09-21T13:23:34","guid":{"rendered":"https:\/\/noticiasmercedinas.com\/site\/?p=2377"},"modified":"2018-09-21T10:26:19","modified_gmt":"2018-09-21T13:26:19","slug":"capacitacion-del-personal-de-los-caps-en-rcp","status":"publish","type":"post","link":"https:\/\/noticiasmercedinas.com\/site\/2018\/09\/21\/capacitacion-del-personal-de-los-caps-en-rcp\/","title":{"rendered":"Capacitan personal de los CAPS en RCP"},"content":{"rendered":"<p><strong>\u00abEs muy importante mantener un nivel de capacitaci\u00f3n permanente\u00bb, destac\u00f3 el doctor Pablo Cassiani. Adem\u00e1s, sumaron un\u00a0desfibrilador externo autom\u00e1tico con un monitor multiparam\u00e9trico para el \u00e1rea.<\/strong><\/p>\n<p><img loading=\"lazy\" decoding=\"async\" class=\"alignnone size-full wp-image-2378\" src=\"https:\/\/noticiasmercedinas.com\/site\/wp-content\/uploads\/2018\/09\/47403606-96b9-4697-8215-0dc73107aa71.jpg\" alt=\"\" width=\"650\" height=\"375\" srcset=\"https:\/\/noticiasmercedinas.com\/site\/wp-content\/uploads\/2018\/09\/47403606-96b9-4697-8215-0dc73107aa71.jpg 650w, https:\/\/noticiasmercedinas.com\/site\/wp-content\/uploads\/2018\/09\/47403606-96b9-4697-8215-0dc73107aa71-300x173.jpg 300w, https:\/\/noticiasmercedinas.com\/site\/wp-content\/uploads\/2018\/09\/47403606-96b9-4697-8215-0dc73107aa71-640x369.jpg 640w\" sizes=\"auto, (max-width: 650px) 100vw, 650px\" \/><\/p>\n<p>Este mi\u00e9rcoles se realiz\u00f3 una importante capacitaci\u00f3n en reanimaci\u00f3n cardiopulmonar (RCP) con todo el personal de los centros de atenci\u00f3n primaria de salud (CAPS) de nuestra ciudad.<\/p>\n<p>\u201cEs muy importante mantener un nivel de capacitaci\u00f3n permanente en nuestro personal\u201d, dijo al respecto el secretario de Salud, doctor Pablo Cassiani.<\/p>\n<p>La capacitaci\u00f3n fue dictada por personal de la Direcci\u00f3n de Protecci\u00f3n Civil.<\/p>\n<p>Las enfermeras\/os de los centros de salud se mostraron sumamente satisfechos con la iniciativa y solicitaron poder repetirla prontamente. Uno de ellos destac\u00f3 el compromiso y dedicaci\u00f3n absoluta que tiene esta gesti\u00f3n por la salud de los mercedinos.<\/p>\n<p><strong>Suman instrumental m\u00e9dico<br \/>\n<\/strong>Por ora parte, la Municipalidad de Mercedes, a trav\u00e9s de la Secretar\u00eda de Salud, contin\u00faa invirtiendo en la jerarquizaci\u00f3n del \u00e1rea de Protecci\u00f3n Civil municipal. En esta ocasi\u00f3n con m\u00e1s de $200.000 en un desfibrilador externo autom\u00e1tico con un monitor multiparam\u00e9trico. Este dispositivo de primer nivel tecnol\u00f3gico permitir\u00e1 bregar por la salud de los mercedinos en casos de accidentes o desastres naturales convirtiendo al \u00e1rea en ser el primer puesto sanitario m\u00f3vil cardio protegido. \u201cSabemos que este equipo va a estar en excelentes manos en un grupo de primera calidad, mismo que d\u00eda a d\u00eda est\u00e1 al servicio de la gente\u201d defini\u00f3 el doctor Ustarroz.<\/p>\n<p>El intendente se\u00f1al\u00f3: \u201cEstamos muy felices por este equipo de excelencia que tiene la ciudad de Mercedes, quienes son valorados y reconocidos por toda nuestra comunidad\u201d e indic\u00f3 que trabajan \u201ccon una cobertura y una funci\u00f3n extraordinaria, ya sea en inundaciones, accidentes, con acciones preventivas y de apoyo en festividades que permiten a la comunidad sentirse m\u00e1s seguras y contenidas\u201d.<\/p>\n<p><img loading=\"lazy\" decoding=\"async\" class=\"alignnone size-full wp-image-2379\" src=\"https:\/\/noticiasmercedinas.com\/site\/wp-content\/uploads\/2018\/09\/Cardio-Protegidos-Inversi\u00f3n-1.jpg\" alt=\"\" width=\"650\" height=\"330\" srcset=\"https:\/\/noticiasmercedinas.com\/site\/wp-content\/uploads\/2018\/09\/Cardio-Protegidos-Inversi\u00f3n-1.jpg 650w, https:\/\/noticiasmercedinas.com\/site\/wp-content\/uploads\/2018\/09\/Cardio-Protegidos-Inversi\u00f3n-1-300x152.jpg 300w, https:\/\/noticiasmercedinas.com\/site\/wp-content\/uploads\/2018\/09\/Cardio-Protegidos-Inversi\u00f3n-1-640x325.jpg 640w\" sizes=\"auto, (max-width: 650px) 100vw, 650px\" \/><\/p>\n","protected":false},"excerpt":{"rendered":"<p>\u00abEs muy importante mantener un nivel de capacitaci\u00f3n permanente\u00bb, destac\u00f3 el doctor Pablo Cassiani. Adem\u00e1s, sumaron un\u00a0desfibrilador externo autom\u00e1tico con un monitor multiparam\u00e9trico para el \u00e1rea. Este mi\u00e9rcoles se realiz\u00f3 una importante capacitaci\u00f3n en reanimaci\u00f3n cardiopulmonar (RCP) con todo el personal de los centros de atenci\u00f3n primaria de salud (CAPS) de nuestra ciudad. \u201cEs muy [&hellip;]<\/p>\n","protected":false},"author":2,"featured_media":2378,"comment_status":"open","ping_status":"open","sticky":false,"template":"","format":"standard","meta":{"footnotes":""},"categories":[3],"tags":[942,939,144,941,71],"class_list":["post-2377","post","type-post","status-publish","format-standard","has-post-thumbnail","hentry","category-sociedad","tag-caps","tag-esteban-chala","tag-pablo-cassiani","tag-rcp","tag-salud"],"yoast_head":"<!-- This site is optimized with the Yoast SEO plugin v27.4 - https:\/\/yoast.com\/product\/yoast-seo-wordpress\/ -->\n<title>Capacitan personal de los CAPS en RCP<\/title>\n<meta name=\"robots\" content=\"index, follow, max-snippet:-1, max-image-preview:large, max-video-preview:-1\" \/>\n<link rel=\"canonical\" href=\"https:\/\/noticiasmercedinas.com\/site\/2018\/09\/21\/capacitacion-del-personal-de-los-caps-en-rcp\/\" \/>\n<meta property=\"og:locale\" content=\"es_ES\" \/>\n<meta property=\"og:type\" content=\"article\" \/>\n<meta property=\"og:title\" content=\"Capacitan personal de los CAPS en RCP\" \/>\n<meta property=\"og:description\" content=\"\u00abEs muy importante mantener un nivel de capacitaci\u00f3n permanente\u00bb, destac\u00f3 el doctor Pablo Cassiani. Adem\u00e1s, sumaron un\u00a0desfibrilador externo autom\u00e1tico con un monitor multiparam\u00e9trico para el \u00e1rea. Este mi\u00e9rcoles se realiz\u00f3 una importante capacitaci\u00f3n en reanimaci\u00f3n cardiopulmonar (RCP) con todo el personal de los centros de atenci\u00f3n primaria de salud (CAPS) de nuestra ciudad. \u201cEs muy [&hellip;]\" \/>\n<meta property=\"og:url\" content=\"https:\/\/noticiasmercedinas.com\/site\/2018\/09\/21\/capacitacion-del-personal-de-los-caps-en-rcp\/\" \/>\n<meta property=\"og:site_name\" content=\"NOTICIASMERCEDINAS.COM\" \/>\n<meta property=\"article:publisher\" content=\"https:\/\/www.facebook.com\/noticiasmercedinas\/\" \/>\n<meta property=\"article:author\" content=\"https:\/\/www.facebook.com\/cristian.falabella\" \/>\n<meta property=\"article:published_time\" content=\"2018-09-21T13:23:34+00:00\" \/>\n<meta property=\"article:modified_time\" content=\"2018-09-21T13:26:19+00:00\" \/>\n<meta property=\"og:image\" content=\"https:\/\/noticiasmercedinas.com\/site\/wp-content\/uploads\/2018\/09\/47403606-96b9-4697-8215-0dc73107aa71.jpg\" \/>\n\t<meta property=\"og:image:width\" content=\"650\" \/>\n\t<meta property=\"og:image:height\" content=\"375\" \/>\n\t<meta property=\"og:image:type\" content=\"image\/jpeg\" \/>\n<meta name=\"author\" content=\"Cristian Falabella NOTICIASMERCEDINAS.COM\" \/>\n<meta name=\"twitter:card\" content=\"summary_large_image\" \/>\n<meta name=\"twitter:creator\" content=\"@https:\/\/twitter.com\/NOTMERCEDINAS\" \/>\n<meta name=\"twitter:site\" content=\"@notmercedinas\" \/>\n<meta name=\"twitter:label1\" content=\"Escrito por\" \/>\n\t<meta name=\"twitter:data1\" content=\"Cristian Falabella NOTICIASMERCEDINAS.COM\" \/>\n\t<meta name=\"twitter:label2\" content=\"Tiempo de lectura\" \/>\n\t<meta name=\"twitter:data2\" content=\"2 minutos\" \/>\n<script type=\"application\/ld+json\" class=\"yoast-schema-graph\">{\"@context\":\"https:\\\/\\\/schema.org\",\"@graph\":[{\"@type\":\"Article\",\"@id\":\"https:\\\/\\\/noticiasmercedinas.com\\\/site\\\/2018\\\/09\\\/21\\\/capacitacion-del-personal-de-los-caps-en-rcp\\\/#article\",\"isPartOf\":{\"@id\":\"https:\\\/\\\/noticiasmercedinas.com\\\/site\\\/2018\\\/09\\\/21\\\/capacitacion-del-personal-de-los-caps-en-rcp\\\/\"},\"author\":{\"name\":\"Cristian Falabella NOTICIASMERCEDINAS.COM\",\"@id\":\"https:\\\/\\\/noticiasmercedinas.com\\\/site\\\/#\\\/schema\\\/person\\\/d481a9696a5feaec13a60e2bbd991a6a\"},\"headline\":\"Capacitan personal de los CAPS en RCP\",\"datePublished\":\"2018-09-21T13:23:34+00:00\",\"dateModified\":\"2018-09-21T13:26:19+00:00\",\"mainEntityOfPage\":{\"@id\":\"https:\\\/\\\/noticiasmercedinas.com\\\/site\\\/2018\\\/09\\\/21\\\/capacitacion-del-personal-de-los-caps-en-rcp\\\/\"},\"wordCount\":332,\"commentCount\":0,\"publisher\":{\"@id\":\"https:\\\/\\\/noticiasmercedinas.com\\\/site\\\/#organization\"},\"image\":{\"@id\":\"https:\\\/\\\/noticiasmercedinas.com\\\/site\\\/2018\\\/09\\\/21\\\/capacitacion-del-personal-de-los-caps-en-rcp\\\/#primaryimage\"},\"thumbnailUrl\":\"https:\\\/\\\/noticiasmercedinas.com\\\/site\\\/wp-content\\\/uploads\\\/2018\\\/09\\\/47403606-96b9-4697-8215-0dc73107aa71.jpg\",\"keywords\":[\"caps\",\"esteban chal\u00e1\",\"pablo cassiani\",\"rcp\",\"salud\"],\"articleSection\":[\"Sociedad\"],\"inLanguage\":\"es\",\"potentialAction\":[{\"@type\":\"CommentAction\",\"name\":\"Comment\",\"target\":[\"https:\\\/\\\/noticiasmercedinas.com\\\/site\\\/2018\\\/09\\\/21\\\/capacitacion-del-personal-de-los-caps-en-rcp\\\/#respond\"]}]},{\"@type\":\"WebPage\",\"@id\":\"https:\\\/\\\/noticiasmercedinas.com\\\/site\\\/2018\\\/09\\\/21\\\/capacitacion-del-personal-de-los-caps-en-rcp\\\/\",\"url\":\"https:\\\/\\\/noticiasmercedinas.com\\\/site\\\/2018\\\/09\\\/21\\\/capacitacion-del-personal-de-los-caps-en-rcp\\\/\",\"name\":\"Capacitan personal de los CAPS en RCP\",\"isPartOf\":{\"@id\":\"https:\\\/\\\/noticiasmercedinas.com\\\/site\\\/#website\"},\"primaryImageOfPage\":{\"@id\":\"https:\\\/\\\/noticiasmercedinas.com\\\/site\\\/2018\\\/09\\\/21\\\/capacitacion-del-personal-de-los-caps-en-rcp\\\/#primaryimage\"},\"image\":{\"@id\":\"https:\\\/\\\/noticiasmercedinas.com\\\/site\\\/2018\\\/09\\\/21\\\/capacitacion-del-personal-de-los-caps-en-rcp\\\/#primaryimage\"},\"thumbnailUrl\":\"https:\\\/\\\/noticiasmercedinas.com\\\/site\\\/wp-content\\\/uploads\\\/2018\\\/09\\\/47403606-96b9-4697-8215-0dc73107aa71.jpg\",\"datePublished\":\"2018-09-21T13:23:34+00:00\",\"dateModified\":\"2018-09-21T13:26:19+00:00\",\"breadcrumb\":{\"@id\":\"https:\\\/\\\/noticiasmercedinas.com\\\/site\\\/2018\\\/09\\\/21\\\/capacitacion-del-personal-de-los-caps-en-rcp\\\/#breadcrumb\"},\"inLanguage\":\"es\",\"potentialAction\":[{\"@type\":\"ReadAction\",\"target\":[\"https:\\\/\\\/noticiasmercedinas.com\\\/site\\\/2018\\\/09\\\/21\\\/capacitacion-del-personal-de-los-caps-en-rcp\\\/\"]}]},{\"@type\":\"ImageObject\",\"inLanguage\":\"es\",\"@id\":\"https:\\\/\\\/noticiasmercedinas.com\\\/site\\\/2018\\\/09\\\/21\\\/capacitacion-del-personal-de-los-caps-en-rcp\\\/#primaryimage\",\"url\":\"https:\\\/\\\/noticiasmercedinas.com\\\/site\\\/wp-content\\\/uploads\\\/2018\\\/09\\\/47403606-96b9-4697-8215-0dc73107aa71.jpg\",\"contentUrl\":\"https:\\\/\\\/noticiasmercedinas.com\\\/site\\\/wp-content\\\/uploads\\\/2018\\\/09\\\/47403606-96b9-4697-8215-0dc73107aa71.jpg\",\"width\":650,\"height\":375},{\"@type\":\"BreadcrumbList\",\"@id\":\"https:\\\/\\\/noticiasmercedinas.com\\\/site\\\/2018\\\/09\\\/21\\\/capacitacion-del-personal-de-los-caps-en-rcp\\\/#breadcrumb\",\"itemListElement\":[{\"@type\":\"ListItem\",\"position\":1,\"name\":\"Portada\",\"item\":\"https:\\\/\\\/noticiasmercedinas.com\\\/site\\\/\"},{\"@type\":\"ListItem\",\"position\":2,\"name\":\"Capacitan personal de los CAPS en RCP\"}]},{\"@type\":\"WebSite\",\"@id\":\"https:\\\/\\\/noticiasmercedinas.com\\\/site\\\/#website\",\"url\":\"https:\\\/\\\/noticiasmercedinas.com\\\/site\\\/\",\"name\":\"NOTICIASMERCEDINAS.COM\",\"description\":\"Mercedes, Buenos Aires, Argentina\",\"publisher\":{\"@id\":\"https:\\\/\\\/noticiasmercedinas.com\\\/site\\\/#organization\"},\"potentialAction\":[{\"@type\":\"SearchAction\",\"target\":{\"@type\":\"EntryPoint\",\"urlTemplate\":\"https:\\\/\\\/noticiasmercedinas.com\\\/site\\\/?s={search_term_string}\"},\"query-input\":{\"@type\":\"PropertyValueSpecification\",\"valueRequired\":true,\"valueName\":\"search_term_string\"}}],\"inLanguage\":\"es\"},{\"@type\":\"Organization\",\"@id\":\"https:\\\/\\\/noticiasmercedinas.com\\\/site\\\/#organization\",\"name\":\"NOTICIASMERCEDINAS.COM\",\"url\":\"https:\\\/\\\/noticiasmercedinas.com\\\/site\\\/\",\"logo\":{\"@type\":\"ImageObject\",\"inLanguage\":\"es\",\"@id\":\"https:\\\/\\\/noticiasmercedinas.com\\\/site\\\/#\\\/schema\\\/logo\\\/image\\\/\",\"url\":\"https:\\\/\\\/noticiasmercedinas.com\\\/site\\\/wp-content\\\/uploads\\\/2020\\\/06\\\/LOGO-512.jpg\",\"contentUrl\":\"https:\\\/\\\/noticiasmercedinas.com\\\/site\\\/wp-content\\\/uploads\\\/2020\\\/06\\\/LOGO-512.jpg\",\"width\":512,\"height\":512,\"caption\":\"NOTICIASMERCEDINAS.COM\"},\"image\":{\"@id\":\"https:\\\/\\\/noticiasmercedinas.com\\\/site\\\/#\\\/schema\\\/logo\\\/image\\\/\"},\"sameAs\":[\"https:\\\/\\\/www.facebook.com\\\/noticiasmercedinas\\\/\",\"https:\\\/\\\/x.com\\\/notmercedinas\",\"https:\\\/\\\/www.instagram.com\\\/noticiasmercedinas\\\/\"]},{\"@type\":\"Person\",\"@id\":\"https:\\\/\\\/noticiasmercedinas.com\\\/site\\\/#\\\/schema\\\/person\\\/d481a9696a5feaec13a60e2bbd991a6a\",\"name\":\"Cristian Falabella NOTICIASMERCEDINAS.COM\",\"image\":{\"@type\":\"ImageObject\",\"inLanguage\":\"es\",\"@id\":\"https:\\\/\\\/secure.gravatar.com\\\/avatar\\\/0dbbfc45970cc46bcd0e57766228574ff3511d6eed045b182f536f0f478c1f06?s=96&d=mm&r=g\",\"url\":\"https:\\\/\\\/secure.gravatar.com\\\/avatar\\\/0dbbfc45970cc46bcd0e57766228574ff3511d6eed045b182f536f0f478c1f06?s=96&d=mm&r=g\",\"contentUrl\":\"https:\\\/\\\/secure.gravatar.com\\\/avatar\\\/0dbbfc45970cc46bcd0e57766228574ff3511d6eed045b182f536f0f478c1f06?s=96&d=mm&r=g\",\"caption\":\"Cristian Falabella NOTICIASMERCEDINAS.COM\"},\"description\":\"Periodista, editor de Noticias Mercedinas. Pas\u00f3 por varias redacciones y emprendimientos de prensa, en distintos formatos y \u00e9pocas. Se especializ\u00f3 --y sigue haci\u00e9ndolo-- en comunicaci\u00f3n en la web y en junio de 2006 fund\u00f3 este diario digital.\",\"sameAs\":[\"https:\\\/\\\/noticiasmercedinas.com\",\"https:\\\/\\\/www.facebook.com\\\/cristian.falabella\",\"https:\\\/\\\/www.instagram.com\\\/noticiasmercedinas\\\/\",\"https:\\\/\\\/x.com\\\/https:\\\/\\\/twitter.com\\\/NOTMERCEDINAS\"],\"url\":\"https:\\\/\\\/noticiasmercedinas.com\\\/site\\\/author\\\/as000384\\\/\"}]}<\/script>\n<!-- \/ Yoast SEO plugin. -->","yoast_head_json":{"title":"Capacitan personal de los CAPS en RCP","robots":{"index":"index","follow":"follow","max-snippet":"max-snippet:-1","max-image-preview":"max-image-preview:large","max-video-preview":"max-video-preview:-1"},"canonical":"https:\/\/noticiasmercedinas.com\/site\/2018\/09\/21\/capacitacion-del-personal-de-los-caps-en-rcp\/","og_locale":"es_ES","og_type":"article","og_title":"Capacitan personal de los CAPS en RCP","og_description":"\u00abEs muy importante mantener un nivel de capacitaci\u00f3n permanente\u00bb, destac\u00f3 el doctor Pablo Cassiani. Adem\u00e1s, sumaron un\u00a0desfibrilador externo autom\u00e1tico con un monitor multiparam\u00e9trico para el \u00e1rea. Este mi\u00e9rcoles se realiz\u00f3 una importante capacitaci\u00f3n en reanimaci\u00f3n cardiopulmonar (RCP) con todo el personal de los centros de atenci\u00f3n primaria de salud (CAPS) de nuestra ciudad. \u201cEs muy [&hellip;]","og_url":"https:\/\/noticiasmercedinas.com\/site\/2018\/09\/21\/capacitacion-del-personal-de-los-caps-en-rcp\/","og_site_name":"NOTICIASMERCEDINAS.COM","article_publisher":"https:\/\/www.facebook.com\/noticiasmercedinas\/","article_author":"https:\/\/www.facebook.com\/cristian.falabella","article_published_time":"2018-09-21T13:23:34+00:00","article_modified_time":"2018-09-21T13:26:19+00:00","og_image":[{"width":650,"height":375,"url":"https:\/\/noticiasmercedinas.com\/site\/wp-content\/uploads\/2018\/09\/47403606-96b9-4697-8215-0dc73107aa71.jpg","type":"image\/jpeg"}],"author":"Cristian Falabella NOTICIASMERCEDINAS.COM","twitter_card":"summary_large_image","twitter_creator":"@https:\/\/twitter.com\/NOTMERCEDINAS","twitter_site":"@notmercedinas","twitter_misc":{"Escrito por":"Cristian Falabella NOTICIASMERCEDINAS.COM","Tiempo de lectura":"2 minutos"},"schema":{"@context":"https:\/\/schema.org","@graph":[{"@type":"Article","@id":"https:\/\/noticiasmercedinas.com\/site\/2018\/09\/21\/capacitacion-del-personal-de-los-caps-en-rcp\/#article","isPartOf":{"@id":"https:\/\/noticiasmercedinas.com\/site\/2018\/09\/21\/capacitacion-del-personal-de-los-caps-en-rcp\/"},"author":{"name":"Cristian Falabella NOTICIASMERCEDINAS.COM","@id":"https:\/\/noticiasmercedinas.com\/site\/#\/schema\/person\/d481a9696a5feaec13a60e2bbd991a6a"},"headline":"Capacitan personal de los CAPS en RCP","datePublished":"2018-09-21T13:23:34+00:00","dateModified":"2018-09-21T13:26:19+00:00","mainEntityOfPage":{"@id":"https:\/\/noticiasmercedinas.com\/site\/2018\/09\/21\/capacitacion-del-personal-de-los-caps-en-rcp\/"},"wordCount":332,"commentCount":0,"publisher":{"@id":"https:\/\/noticiasmercedinas.com\/site\/#organization"},"image":{"@id":"https:\/\/noticiasmercedinas.com\/site\/2018\/09\/21\/capacitacion-del-personal-de-los-caps-en-rcp\/#primaryimage"},"thumbnailUrl":"https:\/\/noticiasmercedinas.com\/site\/wp-content\/uploads\/2018\/09\/47403606-96b9-4697-8215-0dc73107aa71.jpg","keywords":["caps","esteban chal\u00e1","pablo cassiani","rcp","salud"],"articleSection":["Sociedad"],"inLanguage":"es","potentialAction":[{"@type":"CommentAction","name":"Comment","target":["https:\/\/noticiasmercedinas.com\/site\/2018\/09\/21\/capacitacion-del-personal-de-los-caps-en-rcp\/#respond"]}]},{"@type":"WebPage","@id":"https:\/\/noticiasmercedinas.com\/site\/2018\/09\/21\/capacitacion-del-personal-de-los-caps-en-rcp\/","url":"https:\/\/noticiasmercedinas.com\/site\/2018\/09\/21\/capacitacion-del-personal-de-los-caps-en-rcp\/","name":"Capacitan personal de los CAPS en RCP","isPartOf":{"@id":"https:\/\/noticiasmercedinas.com\/site\/#website"},"primaryImageOfPage":{"@id":"https:\/\/noticiasmercedinas.com\/site\/2018\/09\/21\/capacitacion-del-personal-de-los-caps-en-rcp\/#primaryimage"},"image":{"@id":"https:\/\/noticiasmercedinas.com\/site\/2018\/09\/21\/capacitacion-del-personal-de-los-caps-en-rcp\/#primaryimage"},"thumbnailUrl":"https:\/\/noticiasmercedinas.com\/site\/wp-content\/uploads\/2018\/09\/47403606-96b9-4697-8215-0dc73107aa71.jpg","datePublished":"2018-09-21T13:23:34+00:00","dateModified":"2018-09-21T13:26:19+00:00","breadcrumb":{"@id":"https:\/\/noticiasmercedinas.com\/site\/2018\/09\/21\/capacitacion-del-personal-de-los-caps-en-rcp\/#breadcrumb"},"inLanguage":"es","potentialAction":[{"@type":"ReadAction","target":["https:\/\/noticiasmercedinas.com\/site\/2018\/09\/21\/capacitacion-del-personal-de-los-caps-en-rcp\/"]}]},{"@type":"ImageObject","inLanguage":"es","@id":"https:\/\/noticiasmercedinas.com\/site\/2018\/09\/21\/capacitacion-del-personal-de-los-caps-en-rcp\/#primaryimage","url":"https:\/\/noticiasmercedinas.com\/site\/wp-content\/uploads\/2018\/09\/47403606-96b9-4697-8215-0dc73107aa71.jpg","contentUrl":"https:\/\/noticiasmercedinas.com\/site\/wp-content\/uploads\/2018\/09\/47403606-96b9-4697-8215-0dc73107aa71.jpg","width":650,"height":375},{"@type":"BreadcrumbList","@id":"https:\/\/noticiasmercedinas.com\/site\/2018\/09\/21\/capacitacion-del-personal-de-los-caps-en-rcp\/#breadcrumb","itemListElement":[{"@type":"ListItem","position":1,"name":"Portada","item":"https:\/\/noticiasmercedinas.com\/site\/"},{"@type":"ListItem","position":2,"name":"Capacitan personal de los CAPS en RCP"}]},{"@type":"WebSite","@id":"https:\/\/noticiasmercedinas.com\/site\/#website","url":"https:\/\/noticiasmercedinas.com\/site\/","name":"NOTICIASMERCEDINAS.COM","description":"Mercedes, Buenos Aires, Argentina","publisher":{"@id":"https:\/\/noticiasmercedinas.com\/site\/#organization"},"potentialAction":[{"@type":"SearchAction","target":{"@type":"EntryPoint","urlTemplate":"https:\/\/noticiasmercedinas.com\/site\/?s={search_term_string}"},"query-input":{"@type":"PropertyValueSpecification","valueRequired":true,"valueName":"search_term_string"}}],"inLanguage":"es"},{"@type":"Organization","@id":"https:\/\/noticiasmercedinas.com\/site\/#organization","name":"NOTICIASMERCEDINAS.COM","url":"https:\/\/noticiasmercedinas.com\/site\/","logo":{"@type":"ImageObject","inLanguage":"es","@id":"https:\/\/noticiasmercedinas.com\/site\/#\/schema\/logo\/image\/","url":"https:\/\/noticiasmercedinas.com\/site\/wp-content\/uploads\/2020\/06\/LOGO-512.jpg","contentUrl":"https:\/\/noticiasmercedinas.com\/site\/wp-content\/uploads\/2020\/06\/LOGO-512.jpg","width":512,"height":512,"caption":"NOTICIASMERCEDINAS.COM"},"image":{"@id":"https:\/\/noticiasmercedinas.com\/site\/#\/schema\/logo\/image\/"},"sameAs":["https:\/\/www.facebook.com\/noticiasmercedinas\/","https:\/\/x.com\/notmercedinas","https:\/\/www.instagram.com\/noticiasmercedinas\/"]},{"@type":"Person","@id":"https:\/\/noticiasmercedinas.com\/site\/#\/schema\/person\/d481a9696a5feaec13a60e2bbd991a6a","name":"Cristian Falabella NOTICIASMERCEDINAS.COM","image":{"@type":"ImageObject","inLanguage":"es","@id":"https:\/\/secure.gravatar.com\/avatar\/0dbbfc45970cc46bcd0e57766228574ff3511d6eed045b182f536f0f478c1f06?s=96&d=mm&r=g","url":"https:\/\/secure.gravatar.com\/avatar\/0dbbfc45970cc46bcd0e57766228574ff3511d6eed045b182f536f0f478c1f06?s=96&d=mm&r=g","contentUrl":"https:\/\/secure.gravatar.com\/avatar\/0dbbfc45970cc46bcd0e57766228574ff3511d6eed045b182f536f0f478c1f06?s=96&d=mm&r=g","caption":"Cristian Falabella NOTICIASMERCEDINAS.COM"},"description":"Periodista, editor de Noticias Mercedinas. Pas\u00f3 por varias redacciones y emprendimientos de prensa, en distintos formatos y \u00e9pocas. Se especializ\u00f3 --y sigue haci\u00e9ndolo-- en comunicaci\u00f3n en la web y en junio de 2006 fund\u00f3 este diario digital.","sameAs":["https:\/\/noticiasmercedinas.com","https:\/\/www.facebook.com\/cristian.falabella","https:\/\/www.instagram.com\/noticiasmercedinas\/","https:\/\/x.com\/https:\/\/twitter.com\/NOTMERCEDINAS"],"url":"https:\/\/noticiasmercedinas.com\/site\/author\/as000384\/"}]}},"amp_enabled":true,"_links":{"self":[{"href":"https:\/\/noticiasmercedinas.com\/site\/wp-json\/wp\/v2\/posts\/2377","targetHints":{"allow":["GET"]}}],"collection":[{"href":"https:\/\/noticiasmercedinas.com\/site\/wp-json\/wp\/v2\/posts"}],"about":[{"href":"https:\/\/noticiasmercedinas.com\/site\/wp-json\/wp\/v2\/types\/post"}],"author":[{"embeddable":true,"href":"https:\/\/noticiasmercedinas.com\/site\/wp-json\/wp\/v2\/users\/2"}],"replies":[{"embeddable":true,"href":"https:\/\/noticiasmercedinas.com\/site\/wp-json\/wp\/v2\/comments?post=2377"}],"version-history":[{"count":2,"href":"https:\/\/noticiasmercedinas.com\/site\/wp-json\/wp\/v2\/posts\/2377\/revisions"}],"predecessor-version":[{"id":2381,"href":"https:\/\/noticiasmercedinas.com\/site\/wp-json\/wp\/v2\/posts\/2377\/revisions\/2381"}],"wp:featuredmedia":[{"embeddable":true,"href":"https:\/\/noticiasmercedinas.com\/site\/wp-json\/wp\/v2\/media\/2378"}],"wp:attachment":[{"href":"https:\/\/noticiasmercedinas.com\/site\/wp-json\/wp\/v2\/media?parent=2377"}],"wp:term":[{"taxonomy":"category","embeddable":true,"href":"https:\/\/noticiasmercedinas.com\/site\/wp-json\/wp\/v2\/categories?post=2377"},{"taxonomy":"post_tag","embeddable":true,"href":"https:\/\/noticiasmercedinas.com\/site\/wp-json\/wp\/v2\/tags?post=2377"}],"curies":[{"name":"wp","href":"https:\/\/api.w.org\/{rel}","templated":true}]}}