{"id":23773,"date":"2019-07-17T10:02:10","date_gmt":"2019-07-17T13:02:10","guid":{"rendered":"https:\/\/noticiasmercedinas.com\/site\/?p=23773"},"modified":"2019-07-17T10:02:10","modified_gmt":"2019-07-17T13:02:10","slug":"ferrocarril-sarmiento-centro-de-atencion-movil-por-violencia-de-genero","status":"publish","type":"post","link":"https:\/\/noticiasmercedinas.com\/site\/2019\/07\/17\/ferrocarril-sarmiento-centro-de-atencion-movil-por-violencia-de-genero\/","title":{"rendered":"Ferrocarril Sarmiento: Centro de Atenci\u00f3n M\u00f3vil por violencia de g\u00e9nero"},"content":{"rendered":"<p><a href=\"https:\/\/noticiasmercedinas.com\/site\/wp-content\/uploads\/2019\/07\/tren_mujer.png\"><img loading=\"lazy\" decoding=\"async\" class=\"alignnone size-full wp-image-23774\" src=\"https:\/\/noticiasmercedinas.com\/site\/wp-content\/uploads\/2019\/07\/tren_mujer.png\" alt=\"\" width=\"640\" height=\"480\" srcset=\"https:\/\/noticiasmercedinas.com\/site\/wp-content\/uploads\/2019\/07\/tren_mujer.png 640w, https:\/\/noticiasmercedinas.com\/site\/wp-content\/uploads\/2019\/07\/tren_mujer-300x225.png 300w, https:\/\/noticiasmercedinas.com\/site\/wp-content\/uploads\/2019\/07\/tren_mujer-80x60.png 80w, https:\/\/noticiasmercedinas.com\/site\/wp-content\/uploads\/2019\/07\/tren_mujer-160x120.png 160w, https:\/\/noticiasmercedinas.com\/site\/wp-content\/uploads\/2019\/07\/tren_mujer-100x75.png 100w, https:\/\/noticiasmercedinas.com\/site\/wp-content\/uploads\/2019\/07\/tren_mujer-200x150.png 200w, https:\/\/noticiasmercedinas.com\/site\/wp-content\/uploads\/2019\/07\/tren_mujer-180x135.png 180w, https:\/\/noticiasmercedinas.com\/site\/wp-content\/uploads\/2019\/07\/tren_mujer-360x270.png 360w, https:\/\/noticiasmercedinas.com\/site\/wp-content\/uploads\/2019\/07\/tren_mujer-238x178.png 238w, https:\/\/noticiasmercedinas.com\/site\/wp-content\/uploads\/2019\/07\/tren_mujer-476x356.png 476w\" sizes=\"auto, (max-width: 640px) 100vw, 640px\" \/><\/a><\/p>\n<p>Como dispositivo para el asesoramiento y contenci\u00f3n de mujeres en situaci\u00f3n de violencia de g\u00e9nero se implement\u00f3 un nuevo Centro de Atenci\u00f3n M\u00f3vil que funciona en las estaciones de mayor afluencia del Ferrocarril Sarmiento.<\/p>\n<p>La iniciativa se da en el marco del convenio de cooperaci\u00f3n firmado entre el Instituto Nacional de las Mujeres (INAM) y Trenes Argentinos, del Ministerio de Transporte. Tiene como antecedente su puesta en marcha en la L\u00ednea Belgrano Sur donde ya recibieron atenci\u00f3n m\u00e1s de 100 mujeres en el primer semestre de aplicaci\u00f3n.<\/p>\n<p>\u201cCon esta nueva propuesta en la L\u00ednea Sarmiento se redobla el compromiso, para que m\u00e1s mujeres puedan pedir ayuda, consultar sobre situaciones de violencia propias, de amigas o familiares, porque de la violencia de g\u00e9nero se puede salir\u201d, inform\u00f3 el INAM.<\/p>\n<p>Este segundo coche \u201cLa 144 atiende en tu estaci\u00f3n\u201d, se encontrar\u00e1 en las estaciones Haedo, Merlo, Moreno, Marcos Paz, General Rodr\u00edguez, Las Heras y Lobos. La inauguraci\u00f3n cont\u00f3 con la participaci\u00f3n de\u00a0 Mar\u00eda Fabiana T\u00fa\u00f1ez (Directora Ejecutiva del INAM) y\u00a0 Marcelo Orfila (Presidente de Trenes Argentinos Operaciones).<\/p>\n<p>Durante el 2018, se atendi\u00f3 telef\u00f3nicamente 13.939 casos en los municipios que transita esta l\u00ednea. Por esa raz\u00f3n, en cumplimiento del Plan Nacional de Acci\u00f3n, para la prevenci\u00f3n, asistencia y erradicaci\u00f3n de la violencia contra las mujeres (2017-2019) el Estado dise\u00f1\u00f3 y puso en marcha este mecanismo.<\/p>\n<p>Funciona con dos salas para el abordaje personalizado y confidencial de mujeres en situaci\u00f3n de violencia. Ser\u00e1n atendidas por un equipo profesional e interdisciplinario del INAM (especialistas en abogac\u00eda, trabajo social y psicolog\u00eda).<\/p>\n<p>Tambi\u00e9n cuenta con una sala de espera en la que se pueden realizar charlas, talleres de capacitaci\u00f3n y una juegoteca para que ni\u00f1as y ni\u00f1os puedan distenderse. Su acceso es libre y gratuito de lunes a jueves de 10 a 16 horas y recorrer\u00e1 peri\u00f3dicamente las estaciones se\u00f1aladas.<\/p>\n","protected":false},"excerpt":{"rendered":"<p>Como dispositivo para el asesoramiento y contenci\u00f3n de mujeres en situaci\u00f3n de violencia de g\u00e9nero se implement\u00f3 un nuevo Centro de Atenci\u00f3n M\u00f3vil que funciona en las estaciones de mayor afluencia del Ferrocarril Sarmiento. La iniciativa se da en el marco del convenio de cooperaci\u00f3n firmado entre el Instituto Nacional de las Mujeres (INAM) y [&hellip;]<\/p>\n","protected":false},"author":16,"featured_media":23774,"comment_status":"open","ping_status":"open","sticky":false,"template":"","format":"standard","meta":{"footnotes":""},"categories":[3],"tags":[1119,5771,5772,3312],"class_list":["post-23773","post","type-post","status-publish","format-standard","has-post-thumbnail","hentry","category-sociedad","tag-ferrocarril-sarmiento","tag-instituto-nacional-de-la-mujer","tag-ministerio-de-transporte","tag-violencia-de-genero"],"yoast_head":"<!-- This site is optimized with the Yoast SEO plugin v27.4 - https:\/\/yoast.com\/product\/yoast-seo-wordpress\/ -->\n<title>Ferrocarril Sarmiento: Centro de Atenci\u00f3n M\u00f3vil por violencia de g\u00e9nero<\/title>\n<meta name=\"robots\" content=\"index, follow, max-snippet:-1, max-image-preview:large, max-video-preview:-1\" \/>\n<link rel=\"canonical\" href=\"https:\/\/noticiasmercedinas.com\/site\/2019\/07\/17\/ferrocarril-sarmiento-centro-de-atencion-movil-por-violencia-de-genero\/\" \/>\n<meta property=\"og:locale\" content=\"es_ES\" \/>\n<meta property=\"og:type\" content=\"article\" \/>\n<meta property=\"og:title\" content=\"Ferrocarril Sarmiento: Centro de Atenci\u00f3n M\u00f3vil por violencia de g\u00e9nero\" \/>\n<meta property=\"og:description\" content=\"Como dispositivo para el asesoramiento y contenci\u00f3n de mujeres en situaci\u00f3n de violencia de g\u00e9nero se implement\u00f3 un nuevo Centro de Atenci\u00f3n M\u00f3vil que funciona en las estaciones de mayor afluencia del Ferrocarril Sarmiento. La iniciativa se da en el marco del convenio de cooperaci\u00f3n firmado entre el Instituto Nacional de las Mujeres (INAM) y [&hellip;]\" \/>\n<meta property=\"og:url\" content=\"https:\/\/noticiasmercedinas.com\/site\/2019\/07\/17\/ferrocarril-sarmiento-centro-de-atencion-movil-por-violencia-de-genero\/\" \/>\n<meta property=\"og:site_name\" content=\"NOTICIASMERCEDINAS.COM\" \/>\n<meta property=\"article:publisher\" content=\"https:\/\/www.facebook.com\/noticiasmercedinas\/\" \/>\n<meta property=\"article:published_time\" content=\"2019-07-17T13:02:10+00:00\" \/>\n<meta property=\"og:image\" content=\"https:\/\/noticiasmercedinas.com\/site\/wp-content\/uploads\/2019\/07\/tren_mujer.png\" \/>\n\t<meta property=\"og:image:width\" content=\"640\" \/>\n\t<meta property=\"og:image:height\" content=\"480\" \/>\n\t<meta property=\"og:image:type\" content=\"image\/png\" \/>\n<meta name=\"author\" content=\"NOTICIASMERCEDINAS.COM\" \/>\n<meta name=\"twitter:card\" content=\"summary_large_image\" \/>\n<meta name=\"twitter:creator\" content=\"@notmercedinas\" \/>\n<meta name=\"twitter:site\" content=\"@notmercedinas\" \/>\n<meta name=\"twitter:label1\" content=\"Escrito por\" \/>\n\t<meta name=\"twitter:data1\" content=\"NOTICIASMERCEDINAS.COM\" \/>\n\t<meta name=\"twitter:label2\" content=\"Tiempo de lectura\" \/>\n\t<meta name=\"twitter:data2\" content=\"2 minutos\" \/>\n<script type=\"application\/ld+json\" class=\"yoast-schema-graph\">{\"@context\":\"https:\\\/\\\/schema.org\",\"@graph\":[{\"@type\":\"Article\",\"@id\":\"https:\\\/\\\/noticiasmercedinas.com\\\/site\\\/2019\\\/07\\\/17\\\/ferrocarril-sarmiento-centro-de-atencion-movil-por-violencia-de-genero\\\/#article\",\"isPartOf\":{\"@id\":\"https:\\\/\\\/noticiasmercedinas.com\\\/site\\\/2019\\\/07\\\/17\\\/ferrocarril-sarmiento-centro-de-atencion-movil-por-violencia-de-genero\\\/\"},\"author\":{\"name\":\"NOTICIASMERCEDINAS.COM\",\"@id\":\"https:\\\/\\\/noticiasmercedinas.com\\\/site\\\/#\\\/schema\\\/person\\\/84b59c099c28ff2e8b77d4ceec5d8063\"},\"headline\":\"Ferrocarril Sarmiento: Centro de Atenci\u00f3n M\u00f3vil por violencia de g\u00e9nero\",\"datePublished\":\"2019-07-17T13:02:10+00:00\",\"mainEntityOfPage\":{\"@id\":\"https:\\\/\\\/noticiasmercedinas.com\\\/site\\\/2019\\\/07\\\/17\\\/ferrocarril-sarmiento-centro-de-atencion-movil-por-violencia-de-genero\\\/\"},\"wordCount\":345,\"commentCount\":0,\"publisher\":{\"@id\":\"https:\\\/\\\/noticiasmercedinas.com\\\/site\\\/#organization\"},\"image\":{\"@id\":\"https:\\\/\\\/noticiasmercedinas.com\\\/site\\\/2019\\\/07\\\/17\\\/ferrocarril-sarmiento-centro-de-atencion-movil-por-violencia-de-genero\\\/#primaryimage\"},\"thumbnailUrl\":\"https:\\\/\\\/noticiasmercedinas.com\\\/site\\\/wp-content\\\/uploads\\\/2019\\\/07\\\/tren_mujer.png\",\"keywords\":[\"Ferrocarril Sarmiento\",\"Instituto Nacional de la Mujer\",\"Ministerio de Transporte\",\"Violencia de g\u00e9nero\"],\"articleSection\":[\"Sociedad\"],\"inLanguage\":\"es\",\"potentialAction\":[{\"@type\":\"CommentAction\",\"name\":\"Comment\",\"target\":[\"https:\\\/\\\/noticiasmercedinas.com\\\/site\\\/2019\\\/07\\\/17\\\/ferrocarril-sarmiento-centro-de-atencion-movil-por-violencia-de-genero\\\/#respond\"]}]},{\"@type\":\"WebPage\",\"@id\":\"https:\\\/\\\/noticiasmercedinas.com\\\/site\\\/2019\\\/07\\\/17\\\/ferrocarril-sarmiento-centro-de-atencion-movil-por-violencia-de-genero\\\/\",\"url\":\"https:\\\/\\\/noticiasmercedinas.com\\\/site\\\/2019\\\/07\\\/17\\\/ferrocarril-sarmiento-centro-de-atencion-movil-por-violencia-de-genero\\\/\",\"name\":\"Ferrocarril Sarmiento: Centro de Atenci\u00f3n M\u00f3vil por violencia de g\u00e9nero\",\"isPartOf\":{\"@id\":\"https:\\\/\\\/noticiasmercedinas.com\\\/site\\\/#website\"},\"primaryImageOfPage\":{\"@id\":\"https:\\\/\\\/noticiasmercedinas.com\\\/site\\\/2019\\\/07\\\/17\\\/ferrocarril-sarmiento-centro-de-atencion-movil-por-violencia-de-genero\\\/#primaryimage\"},\"image\":{\"@id\":\"https:\\\/\\\/noticiasmercedinas.com\\\/site\\\/2019\\\/07\\\/17\\\/ferrocarril-sarmiento-centro-de-atencion-movil-por-violencia-de-genero\\\/#primaryimage\"},\"thumbnailUrl\":\"https:\\\/\\\/noticiasmercedinas.com\\\/site\\\/wp-content\\\/uploads\\\/2019\\\/07\\\/tren_mujer.png\",\"datePublished\":\"2019-07-17T13:02:10+00:00\",\"breadcrumb\":{\"@id\":\"https:\\\/\\\/noticiasmercedinas.com\\\/site\\\/2019\\\/07\\\/17\\\/ferrocarril-sarmiento-centro-de-atencion-movil-por-violencia-de-genero\\\/#breadcrumb\"},\"inLanguage\":\"es\",\"potentialAction\":[{\"@type\":\"ReadAction\",\"target\":[\"https:\\\/\\\/noticiasmercedinas.com\\\/site\\\/2019\\\/07\\\/17\\\/ferrocarril-sarmiento-centro-de-atencion-movil-por-violencia-de-genero\\\/\"]}]},{\"@type\":\"ImageObject\",\"inLanguage\":\"es\",\"@id\":\"https:\\\/\\\/noticiasmercedinas.com\\\/site\\\/2019\\\/07\\\/17\\\/ferrocarril-sarmiento-centro-de-atencion-movil-por-violencia-de-genero\\\/#primaryimage\",\"url\":\"https:\\\/\\\/noticiasmercedinas.com\\\/site\\\/wp-content\\\/uploads\\\/2019\\\/07\\\/tren_mujer.png\",\"contentUrl\":\"https:\\\/\\\/noticiasmercedinas.com\\\/site\\\/wp-content\\\/uploads\\\/2019\\\/07\\\/tren_mujer.png\",\"width\":640,\"height\":480},{\"@type\":\"BreadcrumbList\",\"@id\":\"https:\\\/\\\/noticiasmercedinas.com\\\/site\\\/2019\\\/07\\\/17\\\/ferrocarril-sarmiento-centro-de-atencion-movil-por-violencia-de-genero\\\/#breadcrumb\",\"itemListElement\":[{\"@type\":\"ListItem\",\"position\":1,\"name\":\"Portada\",\"item\":\"https:\\\/\\\/noticiasmercedinas.com\\\/site\\\/\"},{\"@type\":\"ListItem\",\"position\":2,\"name\":\"Ferrocarril Sarmiento: Centro de Atenci\u00f3n M\u00f3vil por violencia de g\u00e9nero\"}]},{\"@type\":\"WebSite\",\"@id\":\"https:\\\/\\\/noticiasmercedinas.com\\\/site\\\/#website\",\"url\":\"https:\\\/\\\/noticiasmercedinas.com\\\/site\\\/\",\"name\":\"NOTICIASMERCEDINAS.COM\",\"description\":\"Mercedes, Buenos Aires, Argentina\",\"publisher\":{\"@id\":\"https:\\\/\\\/noticiasmercedinas.com\\\/site\\\/#organization\"},\"potentialAction\":[{\"@type\":\"SearchAction\",\"target\":{\"@type\":\"EntryPoint\",\"urlTemplate\":\"https:\\\/\\\/noticiasmercedinas.com\\\/site\\\/?s={search_term_string}\"},\"query-input\":{\"@type\":\"PropertyValueSpecification\",\"valueRequired\":true,\"valueName\":\"search_term_string\"}}],\"inLanguage\":\"es\"},{\"@type\":\"Organization\",\"@id\":\"https:\\\/\\\/noticiasmercedinas.com\\\/site\\\/#organization\",\"name\":\"NOTICIASMERCEDINAS.COM\",\"url\":\"https:\\\/\\\/noticiasmercedinas.com\\\/site\\\/\",\"logo\":{\"@type\":\"ImageObject\",\"inLanguage\":\"es\",\"@id\":\"https:\\\/\\\/noticiasmercedinas.com\\\/site\\\/#\\\/schema\\\/logo\\\/image\\\/\",\"url\":\"https:\\\/\\\/noticiasmercedinas.com\\\/site\\\/wp-content\\\/uploads\\\/2020\\\/06\\\/LOGO-512.jpg\",\"contentUrl\":\"https:\\\/\\\/noticiasmercedinas.com\\\/site\\\/wp-content\\\/uploads\\\/2020\\\/06\\\/LOGO-512.jpg\",\"width\":512,\"height\":512,\"caption\":\"NOTICIASMERCEDINAS.COM\"},\"image\":{\"@id\":\"https:\\\/\\\/noticiasmercedinas.com\\\/site\\\/#\\\/schema\\\/logo\\\/image\\\/\"},\"sameAs\":[\"https:\\\/\\\/www.facebook.com\\\/noticiasmercedinas\\\/\",\"https:\\\/\\\/x.com\\\/notmercedinas\",\"https:\\\/\\\/www.instagram.com\\\/noticiasmercedinas\\\/\"]},{\"@type\":\"Person\",\"@id\":\"https:\\\/\\\/noticiasmercedinas.com\\\/site\\\/#\\\/schema\\\/person\\\/84b59c099c28ff2e8b77d4ceec5d8063\",\"name\":\"NOTICIASMERCEDINAS.COM\",\"image\":{\"@type\":\"ImageObject\",\"inLanguage\":\"es\",\"@id\":\"https:\\\/\\\/secure.gravatar.com\\\/avatar\\\/4dfbf16b4d17945bfb6341b2d19043457132fcf478a5ee04f42e959fd8f5df0a?s=96&d=mm&r=g\",\"url\":\"https:\\\/\\\/secure.gravatar.com\\\/avatar\\\/4dfbf16b4d17945bfb6341b2d19043457132fcf478a5ee04f42e959fd8f5df0a?s=96&d=mm&r=g\",\"contentUrl\":\"https:\\\/\\\/secure.gravatar.com\\\/avatar\\\/4dfbf16b4d17945bfb6341b2d19043457132fcf478a5ee04f42e959fd8f5df0a?s=96&d=mm&r=g\",\"caption\":\"NOTICIASMERCEDINAS.COM\"},\"url\":\"https:\\\/\\\/noticiasmercedinas.com\\\/site\\\/author\\\/anonimo\\\/\"}]}<\/script>\n<!-- \/ Yoast SEO plugin. -->","yoast_head_json":{"title":"Ferrocarril Sarmiento: Centro de Atenci\u00f3n M\u00f3vil por violencia de g\u00e9nero","robots":{"index":"index","follow":"follow","max-snippet":"max-snippet:-1","max-image-preview":"max-image-preview:large","max-video-preview":"max-video-preview:-1"},"canonical":"https:\/\/noticiasmercedinas.com\/site\/2019\/07\/17\/ferrocarril-sarmiento-centro-de-atencion-movil-por-violencia-de-genero\/","og_locale":"es_ES","og_type":"article","og_title":"Ferrocarril Sarmiento: Centro de Atenci\u00f3n M\u00f3vil por violencia de g\u00e9nero","og_description":"Como dispositivo para el asesoramiento y contenci\u00f3n de mujeres en situaci\u00f3n de violencia de g\u00e9nero se implement\u00f3 un nuevo Centro de Atenci\u00f3n M\u00f3vil que funciona en las estaciones de mayor afluencia del Ferrocarril Sarmiento. La iniciativa se da en el marco del convenio de cooperaci\u00f3n firmado entre el Instituto Nacional de las Mujeres (INAM) y [&hellip;]","og_url":"https:\/\/noticiasmercedinas.com\/site\/2019\/07\/17\/ferrocarril-sarmiento-centro-de-atencion-movil-por-violencia-de-genero\/","og_site_name":"NOTICIASMERCEDINAS.COM","article_publisher":"https:\/\/www.facebook.com\/noticiasmercedinas\/","article_published_time":"2019-07-17T13:02:10+00:00","og_image":[{"width":640,"height":480,"url":"https:\/\/noticiasmercedinas.com\/site\/wp-content\/uploads\/2019\/07\/tren_mujer.png","type":"image\/png"}],"author":"NOTICIASMERCEDINAS.COM","twitter_card":"summary_large_image","twitter_creator":"@notmercedinas","twitter_site":"@notmercedinas","twitter_misc":{"Escrito por":"NOTICIASMERCEDINAS.COM","Tiempo de lectura":"2 minutos"},"schema":{"@context":"https:\/\/schema.org","@graph":[{"@type":"Article","@id":"https:\/\/noticiasmercedinas.com\/site\/2019\/07\/17\/ferrocarril-sarmiento-centro-de-atencion-movil-por-violencia-de-genero\/#article","isPartOf":{"@id":"https:\/\/noticiasmercedinas.com\/site\/2019\/07\/17\/ferrocarril-sarmiento-centro-de-atencion-movil-por-violencia-de-genero\/"},"author":{"name":"NOTICIASMERCEDINAS.COM","@id":"https:\/\/noticiasmercedinas.com\/site\/#\/schema\/person\/84b59c099c28ff2e8b77d4ceec5d8063"},"headline":"Ferrocarril Sarmiento: Centro de Atenci\u00f3n M\u00f3vil por violencia de g\u00e9nero","datePublished":"2019-07-17T13:02:10+00:00","mainEntityOfPage":{"@id":"https:\/\/noticiasmercedinas.com\/site\/2019\/07\/17\/ferrocarril-sarmiento-centro-de-atencion-movil-por-violencia-de-genero\/"},"wordCount":345,"commentCount":0,"publisher":{"@id":"https:\/\/noticiasmercedinas.com\/site\/#organization"},"image":{"@id":"https:\/\/noticiasmercedinas.com\/site\/2019\/07\/17\/ferrocarril-sarmiento-centro-de-atencion-movil-por-violencia-de-genero\/#primaryimage"},"thumbnailUrl":"https:\/\/noticiasmercedinas.com\/site\/wp-content\/uploads\/2019\/07\/tren_mujer.png","keywords":["Ferrocarril Sarmiento","Instituto Nacional de la Mujer","Ministerio de Transporte","Violencia de g\u00e9nero"],"articleSection":["Sociedad"],"inLanguage":"es","potentialAction":[{"@type":"CommentAction","name":"Comment","target":["https:\/\/noticiasmercedinas.com\/site\/2019\/07\/17\/ferrocarril-sarmiento-centro-de-atencion-movil-por-violencia-de-genero\/#respond"]}]},{"@type":"WebPage","@id":"https:\/\/noticiasmercedinas.com\/site\/2019\/07\/17\/ferrocarril-sarmiento-centro-de-atencion-movil-por-violencia-de-genero\/","url":"https:\/\/noticiasmercedinas.com\/site\/2019\/07\/17\/ferrocarril-sarmiento-centro-de-atencion-movil-por-violencia-de-genero\/","name":"Ferrocarril Sarmiento: Centro de Atenci\u00f3n M\u00f3vil por violencia de g\u00e9nero","isPartOf":{"@id":"https:\/\/noticiasmercedinas.com\/site\/#website"},"primaryImageOfPage":{"@id":"https:\/\/noticiasmercedinas.com\/site\/2019\/07\/17\/ferrocarril-sarmiento-centro-de-atencion-movil-por-violencia-de-genero\/#primaryimage"},"image":{"@id":"https:\/\/noticiasmercedinas.com\/site\/2019\/07\/17\/ferrocarril-sarmiento-centro-de-atencion-movil-por-violencia-de-genero\/#primaryimage"},"thumbnailUrl":"https:\/\/noticiasmercedinas.com\/site\/wp-content\/uploads\/2019\/07\/tren_mujer.png","datePublished":"2019-07-17T13:02:10+00:00","breadcrumb":{"@id":"https:\/\/noticiasmercedinas.com\/site\/2019\/07\/17\/ferrocarril-sarmiento-centro-de-atencion-movil-por-violencia-de-genero\/#breadcrumb"},"inLanguage":"es","potentialAction":[{"@type":"ReadAction","target":["https:\/\/noticiasmercedinas.com\/site\/2019\/07\/17\/ferrocarril-sarmiento-centro-de-atencion-movil-por-violencia-de-genero\/"]}]},{"@type":"ImageObject","inLanguage":"es","@id":"https:\/\/noticiasmercedinas.com\/site\/2019\/07\/17\/ferrocarril-sarmiento-centro-de-atencion-movil-por-violencia-de-genero\/#primaryimage","url":"https:\/\/noticiasmercedinas.com\/site\/wp-content\/uploads\/2019\/07\/tren_mujer.png","contentUrl":"https:\/\/noticiasmercedinas.com\/site\/wp-content\/uploads\/2019\/07\/tren_mujer.png","width":640,"height":480},{"@type":"BreadcrumbList","@id":"https:\/\/noticiasmercedinas.com\/site\/2019\/07\/17\/ferrocarril-sarmiento-centro-de-atencion-movil-por-violencia-de-genero\/#breadcrumb","itemListElement":[{"@type":"ListItem","position":1,"name":"Portada","item":"https:\/\/noticiasmercedinas.com\/site\/"},{"@type":"ListItem","position":2,"name":"Ferrocarril Sarmiento: Centro de Atenci\u00f3n M\u00f3vil por violencia de g\u00e9nero"}]},{"@type":"WebSite","@id":"https:\/\/noticiasmercedinas.com\/site\/#website","url":"https:\/\/noticiasmercedinas.com\/site\/","name":"NOTICIASMERCEDINAS.COM","description":"Mercedes, Buenos Aires, Argentina","publisher":{"@id":"https:\/\/noticiasmercedinas.com\/site\/#organization"},"potentialAction":[{"@type":"SearchAction","target":{"@type":"EntryPoint","urlTemplate":"https:\/\/noticiasmercedinas.com\/site\/?s={search_term_string}"},"query-input":{"@type":"PropertyValueSpecification","valueRequired":true,"valueName":"search_term_string"}}],"inLanguage":"es"},{"@type":"Organization","@id":"https:\/\/noticiasmercedinas.com\/site\/#organization","name":"NOTICIASMERCEDINAS.COM","url":"https:\/\/noticiasmercedinas.com\/site\/","logo":{"@type":"ImageObject","inLanguage":"es","@id":"https:\/\/noticiasmercedinas.com\/site\/#\/schema\/logo\/image\/","url":"https:\/\/noticiasmercedinas.com\/site\/wp-content\/uploads\/2020\/06\/LOGO-512.jpg","contentUrl":"https:\/\/noticiasmercedinas.com\/site\/wp-content\/uploads\/2020\/06\/LOGO-512.jpg","width":512,"height":512,"caption":"NOTICIASMERCEDINAS.COM"},"image":{"@id":"https:\/\/noticiasmercedinas.com\/site\/#\/schema\/logo\/image\/"},"sameAs":["https:\/\/www.facebook.com\/noticiasmercedinas\/","https:\/\/x.com\/notmercedinas","https:\/\/www.instagram.com\/noticiasmercedinas\/"]},{"@type":"Person","@id":"https:\/\/noticiasmercedinas.com\/site\/#\/schema\/person\/84b59c099c28ff2e8b77d4ceec5d8063","name":"NOTICIASMERCEDINAS.COM","image":{"@type":"ImageObject","inLanguage":"es","@id":"https:\/\/secure.gravatar.com\/avatar\/4dfbf16b4d17945bfb6341b2d19043457132fcf478a5ee04f42e959fd8f5df0a?s=96&d=mm&r=g","url":"https:\/\/secure.gravatar.com\/avatar\/4dfbf16b4d17945bfb6341b2d19043457132fcf478a5ee04f42e959fd8f5df0a?s=96&d=mm&r=g","contentUrl":"https:\/\/secure.gravatar.com\/avatar\/4dfbf16b4d17945bfb6341b2d19043457132fcf478a5ee04f42e959fd8f5df0a?s=96&d=mm&r=g","caption":"NOTICIASMERCEDINAS.COM"},"url":"https:\/\/noticiasmercedinas.com\/site\/author\/anonimo\/"}]}},"amp_enabled":true,"_links":{"self":[{"href":"https:\/\/noticiasmercedinas.com\/site\/wp-json\/wp\/v2\/posts\/23773","targetHints":{"allow":["GET"]}}],"collection":[{"href":"https:\/\/noticiasmercedinas.com\/site\/wp-json\/wp\/v2\/posts"}],"about":[{"href":"https:\/\/noticiasmercedinas.com\/site\/wp-json\/wp\/v2\/types\/post"}],"author":[{"embeddable":true,"href":"https:\/\/noticiasmercedinas.com\/site\/wp-json\/wp\/v2\/users\/16"}],"replies":[{"embeddable":true,"href":"https:\/\/noticiasmercedinas.com\/site\/wp-json\/wp\/v2\/comments?post=23773"}],"version-history":[{"count":3,"href":"https:\/\/noticiasmercedinas.com\/site\/wp-json\/wp\/v2\/posts\/23773\/revisions"}],"predecessor-version":[{"id":23779,"href":"https:\/\/noticiasmercedinas.com\/site\/wp-json\/wp\/v2\/posts\/23773\/revisions\/23779"}],"wp:featuredmedia":[{"embeddable":true,"href":"https:\/\/noticiasmercedinas.com\/site\/wp-json\/wp\/v2\/media\/23774"}],"wp:attachment":[{"href":"https:\/\/noticiasmercedinas.com\/site\/wp-json\/wp\/v2\/media?parent=23773"}],"wp:term":[{"taxonomy":"category","embeddable":true,"href":"https:\/\/noticiasmercedinas.com\/site\/wp-json\/wp\/v2\/categories?post=23773"},{"taxonomy":"post_tag","embeddable":true,"href":"https:\/\/noticiasmercedinas.com\/site\/wp-json\/wp\/v2\/tags?post=23773"}],"curies":[{"name":"wp","href":"https:\/\/api.w.org\/{rel}","templated":true}]}}