{"id":23842,"date":"2019-07-17T20:47:32","date_gmt":"2019-07-17T23:47:32","guid":{"rendered":"https:\/\/noticiasmercedinas.com\/site\/?p=23842"},"modified":"2019-07-17T21:12:28","modified_gmt":"2019-07-18T00:12:28","slug":"inauguro-kevinstone-house-en-la-calle-25","status":"publish","type":"post","link":"https:\/\/noticiasmercedinas.com\/site\/2019\/07\/17\/inauguro-kevinstone-house-en-la-calle-25\/","title":{"rendered":"Inaugur\u00f3 Kevingston House en la calle 25"},"content":{"rendered":"<p><img loading=\"lazy\" decoding=\"async\" class=\"alignnone size-full wp-image-23835\" src=\"https:\/\/noticiasmercedinas.com\/site\/wp-content\/uploads\/2019\/07\/20190717_2010266927178473150477291.jpg\" width=\"3000\" height=\"1688\" srcset=\"https:\/\/noticiasmercedinas.com\/site\/wp-content\/uploads\/2019\/07\/20190717_2010266927178473150477291.jpg 3000w, https:\/\/noticiasmercedinas.com\/site\/wp-content\/uploads\/2019\/07\/20190717_2010266927178473150477291-300x169.jpg 300w, https:\/\/noticiasmercedinas.com\/site\/wp-content\/uploads\/2019\/07\/20190717_2010266927178473150477291-768x432.jpg 768w, https:\/\/noticiasmercedinas.com\/site\/wp-content\/uploads\/2019\/07\/20190717_2010266927178473150477291-1024x576.jpg 1024w, https:\/\/noticiasmercedinas.com\/site\/wp-content\/uploads\/2019\/07\/20190717_2010266927178473150477291-640x360.jpg 640w, https:\/\/noticiasmercedinas.com\/site\/wp-content\/uploads\/2019\/07\/20190717_2010266927178473150477291-1280x720.jpg 1280w, https:\/\/noticiasmercedinas.com\/site\/wp-content\/uploads\/2019\/07\/20190717_2010266927178473150477291-681x383.jpg 681w, https:\/\/noticiasmercedinas.com\/site\/wp-content\/uploads\/2019\/07\/20190717_2010266927178473150477291-1362x766.jpg 1362w\" sizes=\"auto, (max-width: 3000px) 100vw, 3000px\" \/><\/p>\n<p>Con espectaculares descuentos del 20 por ciento por pago contado en toda la mercader\u00eda durante este mes, este mi\u00e9rcoles por la noche inaugur\u00f3 Kevingston House en la calle 25 entre 26 y 24.<\/p>\n<p>El negocio incluye ropa para hombres y ni\u00f1os de la reconocida marca, del que es una franquicia oficial. En la inauguraci\u00f3n hubo un \u00e1gape para clientes y amigos y se ofrecieron grandes liquidaciones de saldos. As\u00ed comenz\u00f3 a andar su camino este emprendimiento comercial, que est\u00e1 a cargo de <strong>Daniela Medina<\/strong> y <strong>Mart\u00edn Bal<\/strong>.<\/p>\n<p>A la apertura incluso se llegaron otros comerciantes del radio c\u00e9ntrico para dar la bienvenida a estos nuevos emprendedores que cuentan, sin embargo, con amplia experiencia en la comercializaci\u00f3n de prendas de vestir para hombres.<\/p>\n<p>El local fue remozado a nuevo e incluye tres importantes probadores, cuenta con una adecuada iluminaci\u00f3n y distribuci\u00f3n de las prendas y detalles decorativos t\u00edpicos de la marca, como aviones a escala colgantes y pelotas, cuadros y souvenirs de rugby.<\/p>\n<p>Entre la mercader\u00eda, en Kevingston House hay adem\u00e1s de toda la l\u00ednea de ropa para hombres y ni\u00f1os, accesorios como perfumes, medias, cintos y otros.<\/p>\n<div id='gallery-1' class='gallery galleryid-23842 gallery-columns-3 gallery-size-thumbnail'><figure class='gallery-item'>\n\t\t\t<div class='gallery-icon landscape'>\n\t\t\t\t<a href='https:\/\/noticiasmercedinas.com\/site\/20190717_2009221685078657413795089\/'><img loading=\"lazy\" decoding=\"async\" width=\"150\" height=\"150\" src=\"https:\/\/noticiasmercedinas.com\/site\/wp-content\/uploads\/2019\/07\/20190717_2009221685078657413795089-150x150.jpg\" class=\"attachment-thumbnail size-thumbnail\" alt=\"\" \/><\/a>\n\t\t\t<\/div><\/figure><figure class='gallery-item'>\n\t\t\t<div class='gallery-icon landscape'>\n\t\t\t\t<a href='https:\/\/noticiasmercedinas.com\/site\/20190717_2010266927178473150477291\/'><img loading=\"lazy\" decoding=\"async\" width=\"150\" height=\"150\" src=\"https:\/\/noticiasmercedinas.com\/site\/wp-content\/uploads\/2019\/07\/20190717_2010266927178473150477291-150x150.jpg\" class=\"attachment-thumbnail size-thumbnail\" alt=\"\" \/><\/a>\n\t\t\t<\/div><\/figure><figure class='gallery-item'>\n\t\t\t<div class='gallery-icon landscape'>\n\t\t\t\t<a href='https:\/\/noticiasmercedinas.com\/site\/20190717_200948710419519704500702\/'><img loading=\"lazy\" decoding=\"async\" width=\"150\" height=\"150\" src=\"https:\/\/noticiasmercedinas.com\/site\/wp-content\/uploads\/2019\/07\/20190717_200948710419519704500702-150x150.jpg\" class=\"attachment-thumbnail size-thumbnail\" alt=\"\" \/><\/a>\n\t\t\t<\/div><\/figure><figure class='gallery-item'>\n\t\t\t<div class='gallery-icon landscape'>\n\t\t\t\t<a href='https:\/\/noticiasmercedinas.com\/site\/20190717_2010154786998085383040753\/'><img loading=\"lazy\" decoding=\"async\" width=\"150\" height=\"150\" src=\"https:\/\/noticiasmercedinas.com\/site\/wp-content\/uploads\/2019\/07\/20190717_2010154786998085383040753-150x150.jpg\" class=\"attachment-thumbnail size-thumbnail\" alt=\"\" \/><\/a>\n\t\t\t<\/div><\/figure><figure class='gallery-item'>\n\t\t\t<div class='gallery-icon landscape'>\n\t\t\t\t<a href='https:\/\/noticiasmercedinas.com\/site\/20190717_2011172857450462101070576\/'><img loading=\"lazy\" decoding=\"async\" width=\"150\" height=\"150\" src=\"https:\/\/noticiasmercedinas.com\/site\/wp-content\/uploads\/2019\/07\/20190717_2011172857450462101070576-150x150.jpg\" class=\"attachment-thumbnail size-thumbnail\" alt=\"\" \/><\/a>\n\t\t\t<\/div><\/figure><figure class='gallery-item'>\n\t\t\t<div class='gallery-icon landscape'>\n\t\t\t\t<a href='https:\/\/noticiasmercedinas.com\/site\/20190717_2016097919159754784266732\/'><img loading=\"lazy\" decoding=\"async\" width=\"150\" height=\"150\" src=\"https:\/\/noticiasmercedinas.com\/site\/wp-content\/uploads\/2019\/07\/20190717_2016097919159754784266732-150x150.jpg\" class=\"attachment-thumbnail size-thumbnail\" alt=\"\" \/><\/a>\n\t\t\t<\/div><\/figure><figure class='gallery-item'>\n\t\t\t<div class='gallery-icon landscape'>\n\t\t\t\t<a href='https:\/\/noticiasmercedinas.com\/site\/20190717_201616903516353907337569\/'><img loading=\"lazy\" decoding=\"async\" width=\"150\" height=\"150\" src=\"https:\/\/noticiasmercedinas.com\/site\/wp-content\/uploads\/2019\/07\/20190717_201616903516353907337569-150x150.jpg\" class=\"attachment-thumbnail size-thumbnail\" alt=\"\" \/><\/a>\n\t\t\t<\/div><\/figure><figure class='gallery-item'>\n\t\t\t<div class='gallery-icon landscape'>\n\t\t\t\t<a href='https:\/\/noticiasmercedinas.com\/site\/20190717_2016255028826178633858393\/'><img loading=\"lazy\" decoding=\"async\" width=\"150\" height=\"150\" src=\"https:\/\/noticiasmercedinas.com\/site\/wp-content\/uploads\/2019\/07\/20190717_2016255028826178633858393-150x150.jpg\" class=\"attachment-thumbnail size-thumbnail\" alt=\"\" \/><\/a>\n\t\t\t<\/div><\/figure>\n\t\t<\/div>\n\n","protected":false},"excerpt":{"rendered":"<p>Con espectaculares descuentos del 20 por ciento por pago contado en toda la mercader\u00eda durante este mes, este mi\u00e9rcoles por la noche inaugur\u00f3 Kevingston House en la calle 25 entre 26 y 24. El negocio incluye ropa para hombres y ni\u00f1os de la reconocida marca, del que es una franquicia oficial. En la inauguraci\u00f3n hubo [&hellip;]<\/p>\n","protected":false},"author":2,"featured_media":23835,"comment_status":"open","ping_status":"open","sticky":false,"template":"","format":"standard","meta":{"footnotes":""},"categories":[74],"tags":[5315,5794,103,1183],"class_list":["post-23842","post","type-post","status-publish","format-standard","has-post-thumbnail","hentry","category-emprendimientos","tag-hombres","tag-kevinstone-house","tag-ninos","tag-ropa"],"yoast_head":"<!-- This site is optimized with the Yoast SEO plugin v27.4 - https:\/\/yoast.com\/product\/yoast-seo-wordpress\/ -->\n<title>Inaugur\u00f3 Kevingston House en la calle 25<\/title>\n<meta name=\"robots\" content=\"index, follow, max-snippet:-1, max-image-preview:large, max-video-preview:-1\" \/>\n<link rel=\"canonical\" href=\"https:\/\/noticiasmercedinas.com\/site\/2019\/07\/17\/inauguro-kevinstone-house-en-la-calle-25\/\" \/>\n<meta property=\"og:locale\" content=\"es_ES\" \/>\n<meta property=\"og:type\" content=\"article\" \/>\n<meta property=\"og:title\" content=\"Inaugur\u00f3 Kevingston House en la calle 25\" \/>\n<meta property=\"og:description\" content=\"Con espectaculares descuentos del 20 por ciento por pago contado en toda la mercader\u00eda durante este mes, este mi\u00e9rcoles por la noche inaugur\u00f3 Kevingston House en la calle 25 entre 26 y 24. El negocio incluye ropa para hombres y ni\u00f1os de la reconocida marca, del que es una franquicia oficial. En la inauguraci\u00f3n hubo [&hellip;]\" \/>\n<meta property=\"og:url\" content=\"https:\/\/noticiasmercedinas.com\/site\/2019\/07\/17\/inauguro-kevinstone-house-en-la-calle-25\/\" \/>\n<meta property=\"og:site_name\" content=\"NOTICIASMERCEDINAS.COM\" \/>\n<meta property=\"article:publisher\" content=\"https:\/\/www.facebook.com\/noticiasmercedinas\/\" \/>\n<meta property=\"article:author\" content=\"https:\/\/www.facebook.com\/cristian.falabella\" \/>\n<meta property=\"article:published_time\" content=\"2019-07-17T23:47:32+00:00\" \/>\n<meta property=\"article:modified_time\" content=\"2019-07-18T00:12:28+00:00\" \/>\n<meta property=\"og:image\" content=\"https:\/\/noticiasmercedinas.com\/site\/wp-content\/uploads\/2019\/07\/20190717_2010266927178473150477291.jpg\" \/>\n\t<meta property=\"og:image:width\" content=\"3000\" \/>\n\t<meta property=\"og:image:height\" content=\"1688\" \/>\n\t<meta property=\"og:image:type\" content=\"image\/jpeg\" \/>\n<meta name=\"author\" content=\"Cristian Falabella NOTICIASMERCEDINAS.COM\" \/>\n<meta name=\"twitter:card\" content=\"summary_large_image\" \/>\n<meta name=\"twitter:creator\" content=\"@https:\/\/twitter.com\/NOTMERCEDINAS\" \/>\n<meta name=\"twitter:site\" content=\"@notmercedinas\" \/>\n<meta name=\"twitter:label1\" content=\"Escrito por\" \/>\n\t<meta name=\"twitter:data1\" content=\"Cristian Falabella NOTICIASMERCEDINAS.COM\" \/>\n\t<meta name=\"twitter:label2\" content=\"Tiempo de lectura\" \/>\n\t<meta name=\"twitter:data2\" content=\"1 minuto\" \/>\n<script type=\"application\/ld+json\" class=\"yoast-schema-graph\">{\"@context\":\"https:\\\/\\\/schema.org\",\"@graph\":[{\"@type\":\"Article\",\"@id\":\"https:\\\/\\\/noticiasmercedinas.com\\\/site\\\/2019\\\/07\\\/17\\\/inauguro-kevinstone-house-en-la-calle-25\\\/#article\",\"isPartOf\":{\"@id\":\"https:\\\/\\\/noticiasmercedinas.com\\\/site\\\/2019\\\/07\\\/17\\\/inauguro-kevinstone-house-en-la-calle-25\\\/\"},\"author\":{\"name\":\"Cristian Falabella NOTICIASMERCEDINAS.COM\",\"@id\":\"https:\\\/\\\/noticiasmercedinas.com\\\/site\\\/#\\\/schema\\\/person\\\/d481a9696a5feaec13a60e2bbd991a6a\"},\"headline\":\"Inaugur\u00f3 Kevingston House en la calle 25\",\"datePublished\":\"2019-07-17T23:47:32+00:00\",\"dateModified\":\"2019-07-18T00:12:28+00:00\",\"mainEntityOfPage\":{\"@id\":\"https:\\\/\\\/noticiasmercedinas.com\\\/site\\\/2019\\\/07\\\/17\\\/inauguro-kevinstone-house-en-la-calle-25\\\/\"},\"wordCount\":207,\"commentCount\":0,\"publisher\":{\"@id\":\"https:\\\/\\\/noticiasmercedinas.com\\\/site\\\/#organization\"},\"image\":{\"@id\":\"https:\\\/\\\/noticiasmercedinas.com\\\/site\\\/2019\\\/07\\\/17\\\/inauguro-kevinstone-house-en-la-calle-25\\\/#primaryimage\"},\"thumbnailUrl\":\"https:\\\/\\\/noticiasmercedinas.com\\\/site\\\/wp-content\\\/uploads\\\/2019\\\/07\\\/20190717_2010266927178473150477291.jpg\",\"keywords\":[\"hombres\",\"Kevinstone House\",\"ni\u00f1os\",\"ropa\"],\"articleSection\":[\"Emprendimientos\"],\"inLanguage\":\"es\",\"potentialAction\":[{\"@type\":\"CommentAction\",\"name\":\"Comment\",\"target\":[\"https:\\\/\\\/noticiasmercedinas.com\\\/site\\\/2019\\\/07\\\/17\\\/inauguro-kevinstone-house-en-la-calle-25\\\/#respond\"]}]},{\"@type\":\"WebPage\",\"@id\":\"https:\\\/\\\/noticiasmercedinas.com\\\/site\\\/2019\\\/07\\\/17\\\/inauguro-kevinstone-house-en-la-calle-25\\\/\",\"url\":\"https:\\\/\\\/noticiasmercedinas.com\\\/site\\\/2019\\\/07\\\/17\\\/inauguro-kevinstone-house-en-la-calle-25\\\/\",\"name\":\"Inaugur\u00f3 Kevingston House en la calle 25\",\"isPartOf\":{\"@id\":\"https:\\\/\\\/noticiasmercedinas.com\\\/site\\\/#website\"},\"primaryImageOfPage\":{\"@id\":\"https:\\\/\\\/noticiasmercedinas.com\\\/site\\\/2019\\\/07\\\/17\\\/inauguro-kevinstone-house-en-la-calle-25\\\/#primaryimage\"},\"image\":{\"@id\":\"https:\\\/\\\/noticiasmercedinas.com\\\/site\\\/2019\\\/07\\\/17\\\/inauguro-kevinstone-house-en-la-calle-25\\\/#primaryimage\"},\"thumbnailUrl\":\"https:\\\/\\\/noticiasmercedinas.com\\\/site\\\/wp-content\\\/uploads\\\/2019\\\/07\\\/20190717_2010266927178473150477291.jpg\",\"datePublished\":\"2019-07-17T23:47:32+00:00\",\"dateModified\":\"2019-07-18T00:12:28+00:00\",\"breadcrumb\":{\"@id\":\"https:\\\/\\\/noticiasmercedinas.com\\\/site\\\/2019\\\/07\\\/17\\\/inauguro-kevinstone-house-en-la-calle-25\\\/#breadcrumb\"},\"inLanguage\":\"es\",\"potentialAction\":[{\"@type\":\"ReadAction\",\"target\":[\"https:\\\/\\\/noticiasmercedinas.com\\\/site\\\/2019\\\/07\\\/17\\\/inauguro-kevinstone-house-en-la-calle-25\\\/\"]}]},{\"@type\":\"ImageObject\",\"inLanguage\":\"es\",\"@id\":\"https:\\\/\\\/noticiasmercedinas.com\\\/site\\\/2019\\\/07\\\/17\\\/inauguro-kevinstone-house-en-la-calle-25\\\/#primaryimage\",\"url\":\"https:\\\/\\\/noticiasmercedinas.com\\\/site\\\/wp-content\\\/uploads\\\/2019\\\/07\\\/20190717_2010266927178473150477291.jpg\",\"contentUrl\":\"https:\\\/\\\/noticiasmercedinas.com\\\/site\\\/wp-content\\\/uploads\\\/2019\\\/07\\\/20190717_2010266927178473150477291.jpg\",\"width\":3000,\"height\":1688},{\"@type\":\"BreadcrumbList\",\"@id\":\"https:\\\/\\\/noticiasmercedinas.com\\\/site\\\/2019\\\/07\\\/17\\\/inauguro-kevinstone-house-en-la-calle-25\\\/#breadcrumb\",\"itemListElement\":[{\"@type\":\"ListItem\",\"position\":1,\"name\":\"Portada\",\"item\":\"https:\\\/\\\/noticiasmercedinas.com\\\/site\\\/\"},{\"@type\":\"ListItem\",\"position\":2,\"name\":\"Inaugur\u00f3 Kevingston House en la calle 25\"}]},{\"@type\":\"WebSite\",\"@id\":\"https:\\\/\\\/noticiasmercedinas.com\\\/site\\\/#website\",\"url\":\"https:\\\/\\\/noticiasmercedinas.com\\\/site\\\/\",\"name\":\"NOTICIASMERCEDINAS.COM\",\"description\":\"Mercedes, Buenos Aires, Argentina\",\"publisher\":{\"@id\":\"https:\\\/\\\/noticiasmercedinas.com\\\/site\\\/#organization\"},\"potentialAction\":[{\"@type\":\"SearchAction\",\"target\":{\"@type\":\"EntryPoint\",\"urlTemplate\":\"https:\\\/\\\/noticiasmercedinas.com\\\/site\\\/?s={search_term_string}\"},\"query-input\":{\"@type\":\"PropertyValueSpecification\",\"valueRequired\":true,\"valueName\":\"search_term_string\"}}],\"inLanguage\":\"es\"},{\"@type\":\"Organization\",\"@id\":\"https:\\\/\\\/noticiasmercedinas.com\\\/site\\\/#organization\",\"name\":\"NOTICIASMERCEDINAS.COM\",\"url\":\"https:\\\/\\\/noticiasmercedinas.com\\\/site\\\/\",\"logo\":{\"@type\":\"ImageObject\",\"inLanguage\":\"es\",\"@id\":\"https:\\\/\\\/noticiasmercedinas.com\\\/site\\\/#\\\/schema\\\/logo\\\/image\\\/\",\"url\":\"https:\\\/\\\/noticiasmercedinas.com\\\/site\\\/wp-content\\\/uploads\\\/2020\\\/06\\\/LOGO-512.jpg\",\"contentUrl\":\"https:\\\/\\\/noticiasmercedinas.com\\\/site\\\/wp-content\\\/uploads\\\/2020\\\/06\\\/LOGO-512.jpg\",\"width\":512,\"height\":512,\"caption\":\"NOTICIASMERCEDINAS.COM\"},\"image\":{\"@id\":\"https:\\\/\\\/noticiasmercedinas.com\\\/site\\\/#\\\/schema\\\/logo\\\/image\\\/\"},\"sameAs\":[\"https:\\\/\\\/www.facebook.com\\\/noticiasmercedinas\\\/\",\"https:\\\/\\\/x.com\\\/notmercedinas\",\"https:\\\/\\\/www.instagram.com\\\/noticiasmercedinas\\\/\"]},{\"@type\":\"Person\",\"@id\":\"https:\\\/\\\/noticiasmercedinas.com\\\/site\\\/#\\\/schema\\\/person\\\/d481a9696a5feaec13a60e2bbd991a6a\",\"name\":\"Cristian Falabella NOTICIASMERCEDINAS.COM\",\"image\":{\"@type\":\"ImageObject\",\"inLanguage\":\"es\",\"@id\":\"https:\\\/\\\/secure.gravatar.com\\\/avatar\\\/0dbbfc45970cc46bcd0e57766228574ff3511d6eed045b182f536f0f478c1f06?s=96&d=mm&r=g\",\"url\":\"https:\\\/\\\/secure.gravatar.com\\\/avatar\\\/0dbbfc45970cc46bcd0e57766228574ff3511d6eed045b182f536f0f478c1f06?s=96&d=mm&r=g\",\"contentUrl\":\"https:\\\/\\\/secure.gravatar.com\\\/avatar\\\/0dbbfc45970cc46bcd0e57766228574ff3511d6eed045b182f536f0f478c1f06?s=96&d=mm&r=g\",\"caption\":\"Cristian Falabella NOTICIASMERCEDINAS.COM\"},\"description\":\"Periodista, editor de Noticias Mercedinas. Pas\u00f3 por varias redacciones y emprendimientos de prensa, en distintos formatos y \u00e9pocas. Se especializ\u00f3 --y sigue haci\u00e9ndolo-- en comunicaci\u00f3n en la web y en junio de 2006 fund\u00f3 este diario digital.\",\"sameAs\":[\"https:\\\/\\\/noticiasmercedinas.com\",\"https:\\\/\\\/www.facebook.com\\\/cristian.falabella\",\"https:\\\/\\\/www.instagram.com\\\/noticiasmercedinas\\\/\",\"https:\\\/\\\/x.com\\\/https:\\\/\\\/twitter.com\\\/NOTMERCEDINAS\"],\"url\":\"https:\\\/\\\/noticiasmercedinas.com\\\/site\\\/author\\\/as000384\\\/\"}]}<\/script>\n<!-- \/ Yoast SEO plugin. -->","yoast_head_json":{"title":"Inaugur\u00f3 Kevingston House en la calle 25","robots":{"index":"index","follow":"follow","max-snippet":"max-snippet:-1","max-image-preview":"max-image-preview:large","max-video-preview":"max-video-preview:-1"},"canonical":"https:\/\/noticiasmercedinas.com\/site\/2019\/07\/17\/inauguro-kevinstone-house-en-la-calle-25\/","og_locale":"es_ES","og_type":"article","og_title":"Inaugur\u00f3 Kevingston House en la calle 25","og_description":"Con espectaculares descuentos del 20 por ciento por pago contado en toda la mercader\u00eda durante este mes, este mi\u00e9rcoles por la noche inaugur\u00f3 Kevingston House en la calle 25 entre 26 y 24. El negocio incluye ropa para hombres y ni\u00f1os de la reconocida marca, del que es una franquicia oficial. En la inauguraci\u00f3n hubo [&hellip;]","og_url":"https:\/\/noticiasmercedinas.com\/site\/2019\/07\/17\/inauguro-kevinstone-house-en-la-calle-25\/","og_site_name":"NOTICIASMERCEDINAS.COM","article_publisher":"https:\/\/www.facebook.com\/noticiasmercedinas\/","article_author":"https:\/\/www.facebook.com\/cristian.falabella","article_published_time":"2019-07-17T23:47:32+00:00","article_modified_time":"2019-07-18T00:12:28+00:00","og_image":[{"width":3000,"height":1688,"url":"https:\/\/noticiasmercedinas.com\/site\/wp-content\/uploads\/2019\/07\/20190717_2010266927178473150477291.jpg","type":"image\/jpeg"}],"author":"Cristian Falabella NOTICIASMERCEDINAS.COM","twitter_card":"summary_large_image","twitter_creator":"@https:\/\/twitter.com\/NOTMERCEDINAS","twitter_site":"@notmercedinas","twitter_misc":{"Escrito por":"Cristian Falabella NOTICIASMERCEDINAS.COM","Tiempo de lectura":"1 minuto"},"schema":{"@context":"https:\/\/schema.org","@graph":[{"@type":"Article","@id":"https:\/\/noticiasmercedinas.com\/site\/2019\/07\/17\/inauguro-kevinstone-house-en-la-calle-25\/#article","isPartOf":{"@id":"https:\/\/noticiasmercedinas.com\/site\/2019\/07\/17\/inauguro-kevinstone-house-en-la-calle-25\/"},"author":{"name":"Cristian Falabella NOTICIASMERCEDINAS.COM","@id":"https:\/\/noticiasmercedinas.com\/site\/#\/schema\/person\/d481a9696a5feaec13a60e2bbd991a6a"},"headline":"Inaugur\u00f3 Kevingston House en la calle 25","datePublished":"2019-07-17T23:47:32+00:00","dateModified":"2019-07-18T00:12:28+00:00","mainEntityOfPage":{"@id":"https:\/\/noticiasmercedinas.com\/site\/2019\/07\/17\/inauguro-kevinstone-house-en-la-calle-25\/"},"wordCount":207,"commentCount":0,"publisher":{"@id":"https:\/\/noticiasmercedinas.com\/site\/#organization"},"image":{"@id":"https:\/\/noticiasmercedinas.com\/site\/2019\/07\/17\/inauguro-kevinstone-house-en-la-calle-25\/#primaryimage"},"thumbnailUrl":"https:\/\/noticiasmercedinas.com\/site\/wp-content\/uploads\/2019\/07\/20190717_2010266927178473150477291.jpg","keywords":["hombres","Kevinstone House","ni\u00f1os","ropa"],"articleSection":["Emprendimientos"],"inLanguage":"es","potentialAction":[{"@type":"CommentAction","name":"Comment","target":["https:\/\/noticiasmercedinas.com\/site\/2019\/07\/17\/inauguro-kevinstone-house-en-la-calle-25\/#respond"]}]},{"@type":"WebPage","@id":"https:\/\/noticiasmercedinas.com\/site\/2019\/07\/17\/inauguro-kevinstone-house-en-la-calle-25\/","url":"https:\/\/noticiasmercedinas.com\/site\/2019\/07\/17\/inauguro-kevinstone-house-en-la-calle-25\/","name":"Inaugur\u00f3 Kevingston House en la calle 25","isPartOf":{"@id":"https:\/\/noticiasmercedinas.com\/site\/#website"},"primaryImageOfPage":{"@id":"https:\/\/noticiasmercedinas.com\/site\/2019\/07\/17\/inauguro-kevinstone-house-en-la-calle-25\/#primaryimage"},"image":{"@id":"https:\/\/noticiasmercedinas.com\/site\/2019\/07\/17\/inauguro-kevinstone-house-en-la-calle-25\/#primaryimage"},"thumbnailUrl":"https:\/\/noticiasmercedinas.com\/site\/wp-content\/uploads\/2019\/07\/20190717_2010266927178473150477291.jpg","datePublished":"2019-07-17T23:47:32+00:00","dateModified":"2019-07-18T00:12:28+00:00","breadcrumb":{"@id":"https:\/\/noticiasmercedinas.com\/site\/2019\/07\/17\/inauguro-kevinstone-house-en-la-calle-25\/#breadcrumb"},"inLanguage":"es","potentialAction":[{"@type":"ReadAction","target":["https:\/\/noticiasmercedinas.com\/site\/2019\/07\/17\/inauguro-kevinstone-house-en-la-calle-25\/"]}]},{"@type":"ImageObject","inLanguage":"es","@id":"https:\/\/noticiasmercedinas.com\/site\/2019\/07\/17\/inauguro-kevinstone-house-en-la-calle-25\/#primaryimage","url":"https:\/\/noticiasmercedinas.com\/site\/wp-content\/uploads\/2019\/07\/20190717_2010266927178473150477291.jpg","contentUrl":"https:\/\/noticiasmercedinas.com\/site\/wp-content\/uploads\/2019\/07\/20190717_2010266927178473150477291.jpg","width":3000,"height":1688},{"@type":"BreadcrumbList","@id":"https:\/\/noticiasmercedinas.com\/site\/2019\/07\/17\/inauguro-kevinstone-house-en-la-calle-25\/#breadcrumb","itemListElement":[{"@type":"ListItem","position":1,"name":"Portada","item":"https:\/\/noticiasmercedinas.com\/site\/"},{"@type":"ListItem","position":2,"name":"Inaugur\u00f3 Kevingston House en la calle 25"}]},{"@type":"WebSite","@id":"https:\/\/noticiasmercedinas.com\/site\/#website","url":"https:\/\/noticiasmercedinas.com\/site\/","name":"NOTICIASMERCEDINAS.COM","description":"Mercedes, Buenos Aires, Argentina","publisher":{"@id":"https:\/\/noticiasmercedinas.com\/site\/#organization"},"potentialAction":[{"@type":"SearchAction","target":{"@type":"EntryPoint","urlTemplate":"https:\/\/noticiasmercedinas.com\/site\/?s={search_term_string}"},"query-input":{"@type":"PropertyValueSpecification","valueRequired":true,"valueName":"search_term_string"}}],"inLanguage":"es"},{"@type":"Organization","@id":"https:\/\/noticiasmercedinas.com\/site\/#organization","name":"NOTICIASMERCEDINAS.COM","url":"https:\/\/noticiasmercedinas.com\/site\/","logo":{"@type":"ImageObject","inLanguage":"es","@id":"https:\/\/noticiasmercedinas.com\/site\/#\/schema\/logo\/image\/","url":"https:\/\/noticiasmercedinas.com\/site\/wp-content\/uploads\/2020\/06\/LOGO-512.jpg","contentUrl":"https:\/\/noticiasmercedinas.com\/site\/wp-content\/uploads\/2020\/06\/LOGO-512.jpg","width":512,"height":512,"caption":"NOTICIASMERCEDINAS.COM"},"image":{"@id":"https:\/\/noticiasmercedinas.com\/site\/#\/schema\/logo\/image\/"},"sameAs":["https:\/\/www.facebook.com\/noticiasmercedinas\/","https:\/\/x.com\/notmercedinas","https:\/\/www.instagram.com\/noticiasmercedinas\/"]},{"@type":"Person","@id":"https:\/\/noticiasmercedinas.com\/site\/#\/schema\/person\/d481a9696a5feaec13a60e2bbd991a6a","name":"Cristian Falabella NOTICIASMERCEDINAS.COM","image":{"@type":"ImageObject","inLanguage":"es","@id":"https:\/\/secure.gravatar.com\/avatar\/0dbbfc45970cc46bcd0e57766228574ff3511d6eed045b182f536f0f478c1f06?s=96&d=mm&r=g","url":"https:\/\/secure.gravatar.com\/avatar\/0dbbfc45970cc46bcd0e57766228574ff3511d6eed045b182f536f0f478c1f06?s=96&d=mm&r=g","contentUrl":"https:\/\/secure.gravatar.com\/avatar\/0dbbfc45970cc46bcd0e57766228574ff3511d6eed045b182f536f0f478c1f06?s=96&d=mm&r=g","caption":"Cristian Falabella NOTICIASMERCEDINAS.COM"},"description":"Periodista, editor de Noticias Mercedinas. Pas\u00f3 por varias redacciones y emprendimientos de prensa, en distintos formatos y \u00e9pocas. Se especializ\u00f3 --y sigue haci\u00e9ndolo-- en comunicaci\u00f3n en la web y en junio de 2006 fund\u00f3 este diario digital.","sameAs":["https:\/\/noticiasmercedinas.com","https:\/\/www.facebook.com\/cristian.falabella","https:\/\/www.instagram.com\/noticiasmercedinas\/","https:\/\/x.com\/https:\/\/twitter.com\/NOTMERCEDINAS"],"url":"https:\/\/noticiasmercedinas.com\/site\/author\/as000384\/"}]}},"amp_enabled":true,"_links":{"self":[{"href":"https:\/\/noticiasmercedinas.com\/site\/wp-json\/wp\/v2\/posts\/23842","targetHints":{"allow":["GET"]}}],"collection":[{"href":"https:\/\/noticiasmercedinas.com\/site\/wp-json\/wp\/v2\/posts"}],"about":[{"href":"https:\/\/noticiasmercedinas.com\/site\/wp-json\/wp\/v2\/types\/post"}],"author":[{"embeddable":true,"href":"https:\/\/noticiasmercedinas.com\/site\/wp-json\/wp\/v2\/users\/2"}],"replies":[{"embeddable":true,"href":"https:\/\/noticiasmercedinas.com\/site\/wp-json\/wp\/v2\/comments?post=23842"}],"version-history":[{"count":6,"href":"https:\/\/noticiasmercedinas.com\/site\/wp-json\/wp\/v2\/posts\/23842\/revisions"}],"predecessor-version":[{"id":23848,"href":"https:\/\/noticiasmercedinas.com\/site\/wp-json\/wp\/v2\/posts\/23842\/revisions\/23848"}],"wp:featuredmedia":[{"embeddable":true,"href":"https:\/\/noticiasmercedinas.com\/site\/wp-json\/wp\/v2\/media\/23835"}],"wp:attachment":[{"href":"https:\/\/noticiasmercedinas.com\/site\/wp-json\/wp\/v2\/media?parent=23842"}],"wp:term":[{"taxonomy":"category","embeddable":true,"href":"https:\/\/noticiasmercedinas.com\/site\/wp-json\/wp\/v2\/categories?post=23842"},{"taxonomy":"post_tag","embeddable":true,"href":"https:\/\/noticiasmercedinas.com\/site\/wp-json\/wp\/v2\/tags?post=23842"}],"curies":[{"name":"wp","href":"https:\/\/api.w.org\/{rel}","templated":true}]}}