{"id":239,"date":"2026-09-02T17:47:12","date_gmt":"2026-09-02T20:47:12","guid":{"rendered":"https:\/\/noticiasmercedinas.com\/site\/?p=239"},"modified":"2026-09-02T19:03:20","modified_gmt":"2026-09-02T22:03:20","slug":"exito-y-paridad-en-la-sexta-fecha-de-la-liga-mercedina-de-tenis-de-mesa","status":"publish","type":"post","link":"https:\/\/noticiasmercedinas.com\/site\/2026\/09\/02\/exito-y-paridad-en-la-sexta-fecha-de-la-liga-mercedina-de-tenis-de-mesa\/","title":{"rendered":"\u00c9xito y paridad en la sexta fecha de la Liga Mercedina de Tenis de Mesa"},"content":{"rendered":"<p><img loading=\"lazy\" decoding=\"async\" class=\"alignnone wp-image-240 size-full\" src=\"https:\/\/noticiasmercedinas.com\/site\/wp-content\/uploads\/2026\/09\/tdm.jpg\" alt=\"\" width=\"640\" height=\"370\" srcset=\"https:\/\/noticiasmercedinas.com\/site\/wp-content\/uploads\/2026\/09\/tdm.jpg 640w, https:\/\/noticiasmercedinas.com\/site\/wp-content\/uploads\/2026\/09\/tdm-300x173.jpg 300w\" sizes=\"auto, (max-width: 640px) 100vw, 640px\" \/>El pasado viernes 28 de agosto se disput\u00f3 la sexta fecha de la Liga Mercedina de Tenis de Mesa en las instalaciones del predio de deportes Mart\u00edn Rodr\u00edguez. Bajo la coordinaci\u00f3n general de Alejandro Russo, la jornada cont\u00f3 con la participaci\u00f3n de m\u00e1s de 30 jugadores distribuidos en cuatro categor\u00edas, consolidando un marco de alta competencia local.<\/p>\n<p>En el plano estrictamente deportivo, la categor\u00eda Primera qued\u00f3 en manos del propio Alejandro Russo, secundado por Javier Russo y Valent\u00edn Vivas en el podio. Por su parte, Mateo Medrano se adjudic\u00f3 la divisi\u00f3n Segunda al superar en las posiciones finales a Gonzalo Cazenave (segundo) y Bautista Cerverizzo (tercero). En Tercera \u00abA\u00bb, Joaqu\u00edn Chena obtuvo el primer puesto, seguido por Ariel Vivas y Carlos Illanes; mientras que en Tercera \u00abB\u00bb, Juan Pablo Breier logr\u00f3 el liderazgo, escoltado por Iv\u00e1n Pereyra y Camilo Parra.<\/p>\n<p><img loading=\"lazy\" decoding=\"async\" class=\"alignnone wp-image-241 size-full\" src=\"https:\/\/noticiasmercedinas.com\/site\/wp-content\/uploads\/2026\/09\/tdm2.jpg\" alt=\"\" width=\"640\" height=\"480\" srcset=\"https:\/\/noticiasmercedinas.com\/site\/wp-content\/uploads\/2026\/09\/tdm2.jpg 640w, https:\/\/noticiasmercedinas.com\/site\/wp-content\/uploads\/2026\/09\/tdm2-300x225.jpg 300w, https:\/\/noticiasmercedinas.com\/site\/wp-content\/uploads\/2026\/09\/tdm2-560x420.jpg 560w, https:\/\/noticiasmercedinas.com\/site\/wp-content\/uploads\/2026\/09\/tdm2-80x60.jpg 80w, https:\/\/noticiasmercedinas.com\/site\/wp-content\/uploads\/2026\/09\/tdm2-100x75.jpg 100w, https:\/\/noticiasmercedinas.com\/site\/wp-content\/uploads\/2026\/09\/tdm2-180x135.jpg 180w, https:\/\/noticiasmercedinas.com\/site\/wp-content\/uploads\/2026\/09\/tdm2-238x178.jpg 238w, https:\/\/noticiasmercedinas.com\/site\/wp-content\/uploads\/2026\/09\/tdm2-265x198.jpg 265w\" sizes=\"auto, (max-width: 640px) 100vw, 640px\" \/><\/p>\n<p>Con solo tres jornadas restantes para la conclusi\u00f3n de la temporada regular, las tablas generales mantienen la expectativa por los t\u00edtulos zonales:<\/p>\n<p><strong>Posiciones generales por categor\u00eda<\/strong><\/p>\n<ul>\n<li><strong>Primera:<\/strong> Javier Russo lidera con 69 puntos, escoltado por C. Cerverizzo (61 ptos.), Valent\u00edn Vivas (54 ptos.) y Alejandro Russo (45 ptos.).<\/li>\n<li><strong>Segunda:<\/strong> Bautista Cerverizzo encabeza la tabla con 60 unidades, seguido de cerca por Gonzalo Cazenave y L. Illanes, ambos empatados con 57 puntos, y M. Charaf con 46.<\/li>\n<li><strong>Tercera \u00abA\u00bb:<\/strong> Joaqu\u00edn Chena domina holgadamente con 77 puntos, distanciado de F. Zoccali (67 ptos.), G. Vita (52 ptos.) y Carlos Illanes (51 ptos.).<\/li>\n<li><strong>Tercera \u00abB\u00bb:<\/strong> Iv\u00e1n Pereyra encabeza la clasificaci\u00f3n con 53 puntos, con ventaja sobre S. Garc\u00eda (30 ptos.), Camilo Parra (28 ptos.) y F. L\u00f3pez (21 ptos.).<img loading=\"lazy\" decoding=\"async\" class=\"alignnone wp-image-243 size-full\" src=\"https:\/\/noticiasmercedinas.com\/site\/wp-content\/uploads\/2026\/09\/tdm4.jpg\" alt=\"\" width=\"640\" height=\"530\" srcset=\"https:\/\/noticiasmercedinas.com\/site\/wp-content\/uploads\/2026\/09\/tdm4.jpg 640w, https:\/\/noticiasmercedinas.com\/site\/wp-content\/uploads\/2026\/09\/tdm4-300x248.jpg 300w, https:\/\/noticiasmercedinas.com\/site\/wp-content\/uploads\/2026\/09\/tdm4-507x420.jpg 507w\" sizes=\"auto, (max-width: 640px) 100vw, 640px\" \/><\/li>\n<\/ul>\n","protected":false},"excerpt":{"rendered":"<p>\u25a0 El predio Mart\u00edn Rodr\u00edguez alberg\u00f3 la jornada que reuni\u00f3 a m\u00e1s de 30 competidores. A falta de tres fechas para el cierre del certamen, las posiciones generales se ajustan en las cuatro categor\u00edas.<\/p>\n","protected":false},"author":2,"featured_media":240,"comment_status":"open","ping_status":"open","sticky":false,"template":"","format":"standard","meta":{"footnotes":""},"categories":[21],"tags":[41],"class_list":["post-239","post","type-post","status-publish","format-standard","has-post-thumbnail","hentry","category-deportes","tag-tenis-de-mesa"],"yoast_head":"<!-- This site is optimized with the Yoast SEO plugin v28.4 - https:\/\/yoast.com\/product\/yoast-seo-wordpress\/ -->\n<title>\u00c9xito y paridad en la sexta fecha de la Liga Mercedina de Tenis de Mesa - Noticias Mercedinas<\/title>\n<meta name=\"robots\" content=\"index, follow, max-snippet:-1, max-image-preview:large, max-video-preview:-1\" \/>\n<link rel=\"canonical\" href=\"https:\/\/noticiasmercedinas.com\/site\/2026\/09\/02\/exito-y-paridad-en-la-sexta-fecha-de-la-liga-mercedina-de-tenis-de-mesa\/\" \/>\n<meta property=\"og:locale\" content=\"es_ES\" \/>\n<meta property=\"og:type\" content=\"article\" \/>\n<meta property=\"og:title\" content=\"\u00c9xito y paridad en la sexta fecha de la Liga Mercedina de Tenis de Mesa - Noticias Mercedinas\" \/>\n<meta property=\"og:description\" content=\"\u25a0 El predio Mart\u00edn Rodr\u00edguez alberg\u00f3 la jornada que reuni\u00f3 a m\u00e1s de 30 competidores. A falta de tres fechas para el cierre del certamen, las posiciones generales se ajustan en las cuatro categor\u00edas.\" \/>\n<meta property=\"og:url\" content=\"https:\/\/noticiasmercedinas.com\/site\/2026\/09\/02\/exito-y-paridad-en-la-sexta-fecha-de-la-liga-mercedina-de-tenis-de-mesa\/\" \/>\n<meta property=\"og:site_name\" content=\"Noticias Mercedinas\" \/>\n<meta property=\"article:published_time\" content=\"2026-09-02T20:47:12+00:00\" \/>\n<meta property=\"article:modified_time\" content=\"2026-09-02T22:03:20+00:00\" \/>\n<meta property=\"og:image\" content=\"https:\/\/noticiasmercedinas.com\/site\/wp-content\/uploads\/2026\/09\/tdm.jpg\" \/>\n\t<meta property=\"og:image:width\" content=\"640\" \/>\n\t<meta property=\"og:image:height\" content=\"370\" \/>\n\t<meta property=\"og:image:type\" content=\"image\/jpeg\" \/>\n<meta name=\"author\" content=\"Juan Dagnino\" \/>\n<meta name=\"twitter:card\" content=\"summary_large_image\" \/>\n<meta name=\"twitter:label1\" content=\"Escrito por\" \/>\n\t<meta name=\"twitter:data1\" content=\"Juan Dagnino\" \/>\n\t<meta name=\"twitter:label2\" content=\"Tiempo de lectura\" \/>\n\t<meta name=\"twitter:data2\" content=\"3 minutos\" \/>\n<script type=\"application\/ld+json\" class=\"yoast-schema-graph\">{\"@context\":\"https:\\\/\\\/schema.org\",\"@graph\":[{\"@type\":\"Article\",\"@id\":\"https:\\\/\\\/noticiasmercedinas.com\\\/site\\\/2026\\\/09\\\/02\\\/exito-y-paridad-en-la-sexta-fecha-de-la-liga-mercedina-de-tenis-de-mesa\\\/#article\",\"isPartOf\":{\"@id\":\"https:\\\/\\\/noticiasmercedinas.com\\\/site\\\/2026\\\/09\\\/02\\\/exito-y-paridad-en-la-sexta-fecha-de-la-liga-mercedina-de-tenis-de-mesa\\\/\"},\"author\":{\"name\":\"Juan Dagnino\",\"@id\":\"https:\\\/\\\/noticiasmercedinas.com\\\/site\\\/#\\\/schema\\\/person\\\/b25f2883e4fd6f0be6beadb609baaa59\"},\"headline\":\"\u00c9xito y paridad en la sexta fecha de la Liga Mercedina de Tenis de Mesa\",\"datePublished\":\"2026-09-02T20:47:12+00:00\",\"dateModified\":\"2026-09-02T22:03:20+00:00\",\"mainEntityOfPage\":{\"@id\":\"https:\\\/\\\/noticiasmercedinas.com\\\/site\\\/2026\\\/09\\\/02\\\/exito-y-paridad-en-la-sexta-fecha-de-la-liga-mercedina-de-tenis-de-mesa\\\/\"},\"wordCount\":284,\"commentCount\":0,\"image\":{\"@id\":\"https:\\\/\\\/noticiasmercedinas.com\\\/site\\\/2026\\\/09\\\/02\\\/exito-y-paridad-en-la-sexta-fecha-de-la-liga-mercedina-de-tenis-de-mesa\\\/#primaryimage\"},\"thumbnailUrl\":\"https:\\\/\\\/noticiasmercedinas.com\\\/site\\\/wp-content\\\/uploads\\\/2026\\\/09\\\/tdm.jpg\",\"keywords\":[\"tenis de mesa\"],\"articleSection\":[\"Deportes\"],\"inLanguage\":\"es\",\"potentialAction\":[{\"@type\":\"CommentAction\",\"name\":\"Comment\",\"target\":[\"https:\\\/\\\/noticiasmercedinas.com\\\/site\\\/2026\\\/09\\\/02\\\/exito-y-paridad-en-la-sexta-fecha-de-la-liga-mercedina-de-tenis-de-mesa\\\/#respond\"]}]},{\"@type\":\"WebPage\",\"@id\":\"https:\\\/\\\/noticiasmercedinas.com\\\/site\\\/2026\\\/09\\\/02\\\/exito-y-paridad-en-la-sexta-fecha-de-la-liga-mercedina-de-tenis-de-mesa\\\/\",\"url\":\"https:\\\/\\\/noticiasmercedinas.com\\\/site\\\/2026\\\/09\\\/02\\\/exito-y-paridad-en-la-sexta-fecha-de-la-liga-mercedina-de-tenis-de-mesa\\\/\",\"name\":\"\u00c9xito y paridad en la sexta fecha de la Liga Mercedina de Tenis de Mesa - Noticias Mercedinas\",\"isPartOf\":{\"@id\":\"https:\\\/\\\/noticiasmercedinas.com\\\/site\\\/#website\"},\"primaryImageOfPage\":{\"@id\":\"https:\\\/\\\/noticiasmercedinas.com\\\/site\\\/2026\\\/09\\\/02\\\/exito-y-paridad-en-la-sexta-fecha-de-la-liga-mercedina-de-tenis-de-mesa\\\/#primaryimage\"},\"image\":{\"@id\":\"https:\\\/\\\/noticiasmercedinas.com\\\/site\\\/2026\\\/09\\\/02\\\/exito-y-paridad-en-la-sexta-fecha-de-la-liga-mercedina-de-tenis-de-mesa\\\/#primaryimage\"},\"thumbnailUrl\":\"https:\\\/\\\/noticiasmercedinas.com\\\/site\\\/wp-content\\\/uploads\\\/2026\\\/09\\\/tdm.jpg\",\"datePublished\":\"2026-09-02T20:47:12+00:00\",\"dateModified\":\"2026-09-02T22:03:20+00:00\",\"author\":{\"@id\":\"https:\\\/\\\/noticiasmercedinas.com\\\/site\\\/#\\\/schema\\\/person\\\/b25f2883e4fd6f0be6beadb609baaa59\"},\"breadcrumb\":{\"@id\":\"https:\\\/\\\/noticiasmercedinas.com\\\/site\\\/2026\\\/09\\\/02\\\/exito-y-paridad-en-la-sexta-fecha-de-la-liga-mercedina-de-tenis-de-mesa\\\/#breadcrumb\"},\"inLanguage\":\"es\",\"potentialAction\":[{\"@type\":\"ReadAction\",\"target\":[\"https:\\\/\\\/noticiasmercedinas.com\\\/site\\\/2026\\\/09\\\/02\\\/exito-y-paridad-en-la-sexta-fecha-de-la-liga-mercedina-de-tenis-de-mesa\\\/\"]}]},{\"@type\":\"ImageObject\",\"inLanguage\":\"es\",\"@id\":\"https:\\\/\\\/noticiasmercedinas.com\\\/site\\\/2026\\\/09\\\/02\\\/exito-y-paridad-en-la-sexta-fecha-de-la-liga-mercedina-de-tenis-de-mesa\\\/#primaryimage\",\"url\":\"https:\\\/\\\/noticiasmercedinas.com\\\/site\\\/wp-content\\\/uploads\\\/2026\\\/09\\\/tdm.jpg\",\"contentUrl\":\"https:\\\/\\\/noticiasmercedinas.com\\\/site\\\/wp-content\\\/uploads\\\/2026\\\/09\\\/tdm.jpg\",\"width\":640,\"height\":370},{\"@type\":\"BreadcrumbList\",\"@id\":\"https:\\\/\\\/noticiasmercedinas.com\\\/site\\\/2026\\\/09\\\/02\\\/exito-y-paridad-en-la-sexta-fecha-de-la-liga-mercedina-de-tenis-de-mesa\\\/#breadcrumb\",\"itemListElement\":[{\"@type\":\"ListItem\",\"position\":1,\"name\":\"Portada\",\"item\":\"https:\\\/\\\/noticiasmercedinas.com\\\/site\\\/\"},{\"@type\":\"ListItem\",\"position\":2,\"name\":\"\u00c9xito y paridad en la sexta fecha de la Liga Mercedina de Tenis de Mesa\"}]},{\"@type\":\"WebSite\",\"@id\":\"https:\\\/\\\/noticiasmercedinas.com\\\/site\\\/#website\",\"url\":\"https:\\\/\\\/noticiasmercedinas.com\\\/site\\\/\",\"name\":\"Noticias Mercedinas\",\"description\":\"\",\"potentialAction\":[{\"@type\":\"SearchAction\",\"target\":{\"@type\":\"EntryPoint\",\"urlTemplate\":\"https:\\\/\\\/noticiasmercedinas.com\\\/site\\\/?s={search_term_string}\"},\"query-input\":{\"@type\":\"PropertyValueSpecification\",\"valueRequired\":true,\"valueName\":\"search_term_string\"}}],\"inLanguage\":\"es\"},{\"@type\":\"Person\",\"@id\":\"https:\\\/\\\/noticiasmercedinas.com\\\/site\\\/#\\\/schema\\\/person\\\/b25f2883e4fd6f0be6beadb609baaa59\",\"name\":\"Juan Dagnino\",\"image\":{\"@type\":\"ImageObject\",\"inLanguage\":\"es\",\"@id\":\"https:\\\/\\\/secure.gravatar.com\\\/avatar\\\/fc7059a769f5a3cae65fadb228a3e4accf3a64b4b2305020d0a27e6d5333c91b?s=96&d=mm&r=g\",\"url\":\"https:\\\/\\\/secure.gravatar.com\\\/avatar\\\/fc7059a769f5a3cae65fadb228a3e4accf3a64b4b2305020d0a27e6d5333c91b?s=96&d=mm&r=g\",\"contentUrl\":\"https:\\\/\\\/secure.gravatar.com\\\/avatar\\\/fc7059a769f5a3cae65fadb228a3e4accf3a64b4b2305020d0a27e6d5333c91b?s=96&d=mm&r=g\",\"caption\":\"Juan Dagnino\"},\"url\":\"https:\\\/\\\/noticiasmercedinas.com\\\/site\\\/author\\\/juandagnino\\\/\"}]}<\/script>\n<!-- \/ Yoast SEO plugin. -->","yoast_head_json":{"title":"\u00c9xito y paridad en la sexta fecha de la Liga Mercedina de Tenis de Mesa - Noticias Mercedinas","robots":{"index":"index","follow":"follow","max-snippet":"max-snippet:-1","max-image-preview":"max-image-preview:large","max-video-preview":"max-video-preview:-1"},"canonical":"https:\/\/noticiasmercedinas.com\/site\/2026\/09\/02\/exito-y-paridad-en-la-sexta-fecha-de-la-liga-mercedina-de-tenis-de-mesa\/","og_locale":"es_ES","og_type":"article","og_title":"\u00c9xito y paridad en la sexta fecha de la Liga Mercedina de Tenis de Mesa - Noticias Mercedinas","og_description":"\u25a0 El predio Mart\u00edn Rodr\u00edguez alberg\u00f3 la jornada que reuni\u00f3 a m\u00e1s de 30 competidores. A falta de tres fechas para el cierre del certamen, las posiciones generales se ajustan en las cuatro categor\u00edas.","og_url":"https:\/\/noticiasmercedinas.com\/site\/2026\/09\/02\/exito-y-paridad-en-la-sexta-fecha-de-la-liga-mercedina-de-tenis-de-mesa\/","og_site_name":"Noticias Mercedinas","article_published_time":"2026-09-02T20:47:12+00:00","article_modified_time":"2026-09-02T22:03:20+00:00","og_image":[{"width":640,"height":370,"url":"https:\/\/noticiasmercedinas.com\/site\/wp-content\/uploads\/2026\/09\/tdm.jpg","type":"image\/jpeg"}],"author":"Juan Dagnino","twitter_card":"summary_large_image","twitter_misc":{"Escrito por":"Juan Dagnino","Tiempo de lectura":"3 minutos"},"schema":{"@context":"https:\/\/schema.org","@graph":[{"@type":"Article","@id":"https:\/\/noticiasmercedinas.com\/site\/2026\/09\/02\/exito-y-paridad-en-la-sexta-fecha-de-la-liga-mercedina-de-tenis-de-mesa\/#article","isPartOf":{"@id":"https:\/\/noticiasmercedinas.com\/site\/2026\/09\/02\/exito-y-paridad-en-la-sexta-fecha-de-la-liga-mercedina-de-tenis-de-mesa\/"},"author":{"name":"Juan Dagnino","@id":"https:\/\/noticiasmercedinas.com\/site\/#\/schema\/person\/b25f2883e4fd6f0be6beadb609baaa59"},"headline":"\u00c9xito y paridad en la sexta fecha de la Liga Mercedina de Tenis de Mesa","datePublished":"2026-09-02T20:47:12+00:00","dateModified":"2026-09-02T22:03:20+00:00","mainEntityOfPage":{"@id":"https:\/\/noticiasmercedinas.com\/site\/2026\/09\/02\/exito-y-paridad-en-la-sexta-fecha-de-la-liga-mercedina-de-tenis-de-mesa\/"},"wordCount":284,"commentCount":0,"image":{"@id":"https:\/\/noticiasmercedinas.com\/site\/2026\/09\/02\/exito-y-paridad-en-la-sexta-fecha-de-la-liga-mercedina-de-tenis-de-mesa\/#primaryimage"},"thumbnailUrl":"https:\/\/noticiasmercedinas.com\/site\/wp-content\/uploads\/2026\/09\/tdm.jpg","keywords":["tenis de mesa"],"articleSection":["Deportes"],"inLanguage":"es","potentialAction":[{"@type":"CommentAction","name":"Comment","target":["https:\/\/noticiasmercedinas.com\/site\/2026\/09\/02\/exito-y-paridad-en-la-sexta-fecha-de-la-liga-mercedina-de-tenis-de-mesa\/#respond"]}]},{"@type":"WebPage","@id":"https:\/\/noticiasmercedinas.com\/site\/2026\/09\/02\/exito-y-paridad-en-la-sexta-fecha-de-la-liga-mercedina-de-tenis-de-mesa\/","url":"https:\/\/noticiasmercedinas.com\/site\/2026\/09\/02\/exito-y-paridad-en-la-sexta-fecha-de-la-liga-mercedina-de-tenis-de-mesa\/","name":"\u00c9xito y paridad en la sexta fecha de la Liga Mercedina de Tenis de Mesa - Noticias Mercedinas","isPartOf":{"@id":"https:\/\/noticiasmercedinas.com\/site\/#website"},"primaryImageOfPage":{"@id":"https:\/\/noticiasmercedinas.com\/site\/2026\/09\/02\/exito-y-paridad-en-la-sexta-fecha-de-la-liga-mercedina-de-tenis-de-mesa\/#primaryimage"},"image":{"@id":"https:\/\/noticiasmercedinas.com\/site\/2026\/09\/02\/exito-y-paridad-en-la-sexta-fecha-de-la-liga-mercedina-de-tenis-de-mesa\/#primaryimage"},"thumbnailUrl":"https:\/\/noticiasmercedinas.com\/site\/wp-content\/uploads\/2026\/09\/tdm.jpg","datePublished":"2026-09-02T20:47:12+00:00","dateModified":"2026-09-02T22:03:20+00:00","author":{"@id":"https:\/\/noticiasmercedinas.com\/site\/#\/schema\/person\/b25f2883e4fd6f0be6beadb609baaa59"},"breadcrumb":{"@id":"https:\/\/noticiasmercedinas.com\/site\/2026\/09\/02\/exito-y-paridad-en-la-sexta-fecha-de-la-liga-mercedina-de-tenis-de-mesa\/#breadcrumb"},"inLanguage":"es","potentialAction":[{"@type":"ReadAction","target":["https:\/\/noticiasmercedinas.com\/site\/2026\/09\/02\/exito-y-paridad-en-la-sexta-fecha-de-la-liga-mercedina-de-tenis-de-mesa\/"]}]},{"@type":"ImageObject","inLanguage":"es","@id":"https:\/\/noticiasmercedinas.com\/site\/2026\/09\/02\/exito-y-paridad-en-la-sexta-fecha-de-la-liga-mercedina-de-tenis-de-mesa\/#primaryimage","url":"https:\/\/noticiasmercedinas.com\/site\/wp-content\/uploads\/2026\/09\/tdm.jpg","contentUrl":"https:\/\/noticiasmercedinas.com\/site\/wp-content\/uploads\/2026\/09\/tdm.jpg","width":640,"height":370},{"@type":"BreadcrumbList","@id":"https:\/\/noticiasmercedinas.com\/site\/2026\/09\/02\/exito-y-paridad-en-la-sexta-fecha-de-la-liga-mercedina-de-tenis-de-mesa\/#breadcrumb","itemListElement":[{"@type":"ListItem","position":1,"name":"Portada","item":"https:\/\/noticiasmercedinas.com\/site\/"},{"@type":"ListItem","position":2,"name":"\u00c9xito y paridad en la sexta fecha de la Liga Mercedina de Tenis de Mesa"}]},{"@type":"WebSite","@id":"https:\/\/noticiasmercedinas.com\/site\/#website","url":"https:\/\/noticiasmercedinas.com\/site\/","name":"Noticias Mercedinas","description":"","potentialAction":[{"@type":"SearchAction","target":{"@type":"EntryPoint","urlTemplate":"https:\/\/noticiasmercedinas.com\/site\/?s={search_term_string}"},"query-input":{"@type":"PropertyValueSpecification","valueRequired":true,"valueName":"search_term_string"}}],"inLanguage":"es"},{"@type":"Person","@id":"https:\/\/noticiasmercedinas.com\/site\/#\/schema\/person\/b25f2883e4fd6f0be6beadb609baaa59","name":"Juan Dagnino","image":{"@type":"ImageObject","inLanguage":"es","@id":"https:\/\/secure.gravatar.com\/avatar\/fc7059a769f5a3cae65fadb228a3e4accf3a64b4b2305020d0a27e6d5333c91b?s=96&d=mm&r=g","url":"https:\/\/secure.gravatar.com\/avatar\/fc7059a769f5a3cae65fadb228a3e4accf3a64b4b2305020d0a27e6d5333c91b?s=96&d=mm&r=g","contentUrl":"https:\/\/secure.gravatar.com\/avatar\/fc7059a769f5a3cae65fadb228a3e4accf3a64b4b2305020d0a27e6d5333c91b?s=96&d=mm&r=g","caption":"Juan Dagnino"},"url":"https:\/\/noticiasmercedinas.com\/site\/author\/juandagnino\/"}]}},"_links":{"self":[{"href":"https:\/\/noticiasmercedinas.com\/site\/wp-json\/wp\/v2\/posts\/239","targetHints":{"allow":["GET"]}}],"collection":[{"href":"https:\/\/noticiasmercedinas.com\/site\/wp-json\/wp\/v2\/posts"}],"about":[{"href":"https:\/\/noticiasmercedinas.com\/site\/wp-json\/wp\/v2\/types\/post"}],"author":[{"embeddable":true,"href":"https:\/\/noticiasmercedinas.com\/site\/wp-json\/wp\/v2\/users\/2"}],"replies":[{"embeddable":true,"href":"https:\/\/noticiasmercedinas.com\/site\/wp-json\/wp\/v2\/comments?post=239"}],"version-history":[{"count":3,"href":"https:\/\/noticiasmercedinas.com\/site\/wp-json\/wp\/v2\/posts\/239\/revisions"}],"predecessor-version":[{"id":311,"href":"https:\/\/noticiasmercedinas.com\/site\/wp-json\/wp\/v2\/posts\/239\/revisions\/311"}],"wp:featuredmedia":[{"embeddable":true,"href":"https:\/\/noticiasmercedinas.com\/site\/wp-json\/wp\/v2\/media\/240"}],"wp:attachment":[{"href":"https:\/\/noticiasmercedinas.com\/site\/wp-json\/wp\/v2\/media?parent=239"}],"wp:term":[{"taxonomy":"category","embeddable":true,"href":"https:\/\/noticiasmercedinas.com\/site\/wp-json\/wp\/v2\/categories?post=239"},{"taxonomy":"post_tag","embeddable":true,"href":"https:\/\/noticiasmercedinas.com\/site\/wp-json\/wp\/v2\/tags?post=239"}],"curies":[{"name":"wp","href":"https:\/\/api.w.org\/{rel}","templated":true}]}}