{"id":23984,"date":"2019-07-20T11:18:54","date_gmt":"2019-07-20T14:18:54","guid":{"rendered":"https:\/\/noticiasmercedinas.com\/site\/?p=23984"},"modified":"2019-07-20T11:18:54","modified_gmt":"2019-07-20T14:18:54","slug":"frente-de-izquierda-quiere-llevar-la-lucha-de-las-mujeres-al-concejo","status":"publish","type":"post","link":"https:\/\/noticiasmercedinas.com\/site\/2019\/07\/20\/frente-de-izquierda-quiere-llevar-la-lucha-de-las-mujeres-al-concejo\/","title":{"rendered":"Frente de Izquierda quiere \u201cllevar la lucha de las mujeres al Concejo\u201d"},"content":{"rendered":"<p><a href=\"https:\/\/noticiasmercedinas.com\/site\/wp-content\/uploads\/2019\/07\/fit.png\"><img loading=\"lazy\" decoding=\"async\" class=\"alignnone size-full wp-image-23985\" src=\"https:\/\/noticiasmercedinas.com\/site\/wp-content\/uploads\/2019\/07\/fit.png\" alt=\"\" width=\"640\" height=\"480\" srcset=\"https:\/\/noticiasmercedinas.com\/site\/wp-content\/uploads\/2019\/07\/fit.png 640w, https:\/\/noticiasmercedinas.com\/site\/wp-content\/uploads\/2019\/07\/fit-300x225.png 300w, https:\/\/noticiasmercedinas.com\/site\/wp-content\/uploads\/2019\/07\/fit-80x60.png 80w, https:\/\/noticiasmercedinas.com\/site\/wp-content\/uploads\/2019\/07\/fit-160x120.png 160w, https:\/\/noticiasmercedinas.com\/site\/wp-content\/uploads\/2019\/07\/fit-100x75.png 100w, https:\/\/noticiasmercedinas.com\/site\/wp-content\/uploads\/2019\/07\/fit-200x150.png 200w, https:\/\/noticiasmercedinas.com\/site\/wp-content\/uploads\/2019\/07\/fit-180x135.png 180w, https:\/\/noticiasmercedinas.com\/site\/wp-content\/uploads\/2019\/07\/fit-360x270.png 360w, https:\/\/noticiasmercedinas.com\/site\/wp-content\/uploads\/2019\/07\/fit-238x178.png 238w, https:\/\/noticiasmercedinas.com\/site\/wp-content\/uploads\/2019\/07\/fit-476x356.png 476w\" sizes=\"auto, (max-width: 640px) 100vw, 640px\" \/><\/a><\/p>\n<p>Mar\u00eda Maldonado, primera candidata a concejal por el Frente de Izquierda y los Trabajadores \u201cUnidad\u201d (FIT \u2013 U) insta a \u201cllevar la lucha por los derechos de la mujeres y las disidencias al Concejo\u201d, en los recorridos barriales que lleva adelante esta fuerza.<\/p>\n<p>Maldonado, militante del PO, junto a Paola Palacios \u00a0y sus compa\u00f1eras del Plenario de Trabajadoras sostienen que la lucha por el aborto seguro legal y gratuito no estuvo presente en el Concejo Deliberante.<\/p>\n<p>\u201cLos bloques tanto del kirchnerismo como de Cambiemos cajonearon cualquier tipo de pronunciamiento para no chocar con la Iglesia, por eso planteamos separaci\u00f3n de la Iglesia del Estado\u201d, consider\u00f3 Maldonado.<\/p>\n<p>Por su parte, Palacios resalt\u00f3 que el Frente de Izquierda presento un proyecto por el cupo laboral trans que \u201chasta ahora no fue discutido en el legislativo\u201d. \u201cEsta posici\u00f3n del intendente Ustarroz por la negativa con respecto a una serie de derechos y de reclamos de la mujer trabajadora solo se comprende por los lazos que lo unen a la Iglesia, una instituci\u00f3n que ha hecho campa\u00f1a contra nuestros derechos\u201d, subray\u00f3 Maldonado.<\/p>\n<p>Por \u00faltimo, y en conversaci\u00f3n con maestras de la ciudad, Maldonado destac\u00f3 el apoyo del Partido Obrero y el FIT &#8211; U a los reclamos de las maestras jardineras municipales por el pase a la estructura de educaci\u00f3n.<\/p>\n<p>\u201cLas compa\u00f1eras vienen haciendo este pedido hace a\u00f1os, bajo la presi\u00f3n de los funcionarios que les exigen silencio sobre el tema y el aislamiento de las direcciones sindicales\u201d. Las candidatas llamaron a votar masivamente a las listas que encabezan Nicolas Del Ca\u00f1o y Romina del Pla a nivel nacional y Pablo Demarco a nivel local<\/p>\n<p>&nbsp;<\/p>\n","protected":false},"excerpt":{"rendered":"<p>Mar\u00eda Maldonado, primera candidata a concejal por el Frente de Izquierda y los Trabajadores \u201cUnidad\u201d (FIT \u2013 U) insta a \u201cllevar la lucha por los derechos de la mujeres y las disidencias al Concejo\u201d, en los recorridos barriales que lleva adelante esta fuerza. Maldonado, militante del PO, junto a Paola Palacios \u00a0y sus compa\u00f1eras del [&hellip;]<\/p>\n","protected":false},"author":16,"featured_media":23985,"comment_status":"open","ping_status":"open","sticky":false,"template":"","format":"standard","meta":{"footnotes":""},"categories":[16],"tags":[5823,5732,4152,4664],"class_list":["post-23984","post","type-post","status-publish","format-standard","has-post-thumbnail","hentry","category-politica","tag-fit-u","tag-frente-de-izquierda-y-los-trabajadores-unidad","tag-maria-maldonado","tag-paola-palacios"],"yoast_head":"<!-- This site is optimized with the Yoast SEO plugin v27.5 - https:\/\/yoast.com\/product\/yoast-seo-wordpress\/ -->\n<title>Frente de Izquierda quiere \u201cllevar la lucha de las mujeres al Concejo\u201d<\/title>\n<meta name=\"robots\" content=\"index, follow, max-snippet:-1, max-image-preview:large, max-video-preview:-1\" \/>\n<link rel=\"canonical\" href=\"https:\/\/noticiasmercedinas.com\/site\/2019\/07\/20\/frente-de-izquierda-quiere-llevar-la-lucha-de-las-mujeres-al-concejo\/\" \/>\n<meta property=\"og:locale\" content=\"es_ES\" \/>\n<meta property=\"og:type\" content=\"article\" \/>\n<meta property=\"og:title\" content=\"Frente de Izquierda quiere \u201cllevar la lucha de las mujeres al Concejo\u201d\" \/>\n<meta property=\"og:description\" content=\"Mar\u00eda Maldonado, primera candidata a concejal por el Frente de Izquierda y los Trabajadores \u201cUnidad\u201d (FIT \u2013 U) insta a \u201cllevar la lucha por los derechos de la mujeres y las disidencias al Concejo\u201d, en los recorridos barriales que lleva adelante esta fuerza. Maldonado, militante del PO, junto a Paola Palacios \u00a0y sus compa\u00f1eras del [&hellip;]\" \/>\n<meta property=\"og:url\" content=\"https:\/\/noticiasmercedinas.com\/site\/2019\/07\/20\/frente-de-izquierda-quiere-llevar-la-lucha-de-las-mujeres-al-concejo\/\" \/>\n<meta property=\"og:site_name\" content=\"NOTICIASMERCEDINAS.COM\" \/>\n<meta property=\"article:publisher\" content=\"https:\/\/www.facebook.com\/noticiasmercedinas\/\" \/>\n<meta property=\"article:published_time\" content=\"2019-07-20T14:18:54+00:00\" \/>\n<meta property=\"og:image\" content=\"https:\/\/noticiasmercedinas.com\/site\/wp-content\/uploads\/2019\/07\/fit.png\" \/>\n\t<meta property=\"og:image:width\" content=\"640\" \/>\n\t<meta property=\"og:image:height\" content=\"480\" \/>\n\t<meta property=\"og:image:type\" content=\"image\/png\" \/>\n<meta name=\"author\" content=\"NOTICIASMERCEDINAS.COM\" \/>\n<meta name=\"twitter:card\" content=\"summary_large_image\" \/>\n<meta name=\"twitter:creator\" content=\"@notmercedinas\" \/>\n<meta name=\"twitter:site\" content=\"@notmercedinas\" \/>\n<meta name=\"twitter:label1\" content=\"Escrito por\" \/>\n\t<meta name=\"twitter:data1\" content=\"NOTICIASMERCEDINAS.COM\" \/>\n\t<meta name=\"twitter:label2\" content=\"Tiempo de lectura\" \/>\n\t<meta name=\"twitter:data2\" content=\"1 minuto\" \/>\n<script type=\"application\/ld+json\" class=\"yoast-schema-graph\">{\"@context\":\"https:\\\/\\\/schema.org\",\"@graph\":[{\"@type\":\"Article\",\"@id\":\"https:\\\/\\\/noticiasmercedinas.com\\\/site\\\/2019\\\/07\\\/20\\\/frente-de-izquierda-quiere-llevar-la-lucha-de-las-mujeres-al-concejo\\\/#article\",\"isPartOf\":{\"@id\":\"https:\\\/\\\/noticiasmercedinas.com\\\/site\\\/2019\\\/07\\\/20\\\/frente-de-izquierda-quiere-llevar-la-lucha-de-las-mujeres-al-concejo\\\/\"},\"author\":{\"name\":\"NOTICIASMERCEDINAS.COM\",\"@id\":\"https:\\\/\\\/noticiasmercedinas.com\\\/site\\\/#\\\/schema\\\/person\\\/84b59c099c28ff2e8b77d4ceec5d8063\"},\"headline\":\"Frente de Izquierda quiere \u201cllevar la lucha de las mujeres al Concejo\u201d\",\"datePublished\":\"2019-07-20T14:18:54+00:00\",\"mainEntityOfPage\":{\"@id\":\"https:\\\/\\\/noticiasmercedinas.com\\\/site\\\/2019\\\/07\\\/20\\\/frente-de-izquierda-quiere-llevar-la-lucha-de-las-mujeres-al-concejo\\\/\"},\"wordCount\":295,\"commentCount\":0,\"publisher\":{\"@id\":\"https:\\\/\\\/noticiasmercedinas.com\\\/site\\\/#organization\"},\"image\":{\"@id\":\"https:\\\/\\\/noticiasmercedinas.com\\\/site\\\/2019\\\/07\\\/20\\\/frente-de-izquierda-quiere-llevar-la-lucha-de-las-mujeres-al-concejo\\\/#primaryimage\"},\"thumbnailUrl\":\"https:\\\/\\\/noticiasmercedinas.com\\\/site\\\/wp-content\\\/uploads\\\/2019\\\/07\\\/fit.png\",\"keywords\":[\"FIT - U\",\"Frente de Izquierda y los Trabajadores Unidad\",\"maria maldonado\",\"Paola Palacios\"],\"articleSection\":[\"Politica\"],\"inLanguage\":\"es\",\"potentialAction\":[{\"@type\":\"CommentAction\",\"name\":\"Comment\",\"target\":[\"https:\\\/\\\/noticiasmercedinas.com\\\/site\\\/2019\\\/07\\\/20\\\/frente-de-izquierda-quiere-llevar-la-lucha-de-las-mujeres-al-concejo\\\/#respond\"]}]},{\"@type\":\"WebPage\",\"@id\":\"https:\\\/\\\/noticiasmercedinas.com\\\/site\\\/2019\\\/07\\\/20\\\/frente-de-izquierda-quiere-llevar-la-lucha-de-las-mujeres-al-concejo\\\/\",\"url\":\"https:\\\/\\\/noticiasmercedinas.com\\\/site\\\/2019\\\/07\\\/20\\\/frente-de-izquierda-quiere-llevar-la-lucha-de-las-mujeres-al-concejo\\\/\",\"name\":\"Frente de Izquierda quiere \u201cllevar la lucha de las mujeres al Concejo\u201d\",\"isPartOf\":{\"@id\":\"https:\\\/\\\/noticiasmercedinas.com\\\/site\\\/#website\"},\"primaryImageOfPage\":{\"@id\":\"https:\\\/\\\/noticiasmercedinas.com\\\/site\\\/2019\\\/07\\\/20\\\/frente-de-izquierda-quiere-llevar-la-lucha-de-las-mujeres-al-concejo\\\/#primaryimage\"},\"image\":{\"@id\":\"https:\\\/\\\/noticiasmercedinas.com\\\/site\\\/2019\\\/07\\\/20\\\/frente-de-izquierda-quiere-llevar-la-lucha-de-las-mujeres-al-concejo\\\/#primaryimage\"},\"thumbnailUrl\":\"https:\\\/\\\/noticiasmercedinas.com\\\/site\\\/wp-content\\\/uploads\\\/2019\\\/07\\\/fit.png\",\"datePublished\":\"2019-07-20T14:18:54+00:00\",\"breadcrumb\":{\"@id\":\"https:\\\/\\\/noticiasmercedinas.com\\\/site\\\/2019\\\/07\\\/20\\\/frente-de-izquierda-quiere-llevar-la-lucha-de-las-mujeres-al-concejo\\\/#breadcrumb\"},\"inLanguage\":\"es\",\"potentialAction\":[{\"@type\":\"ReadAction\",\"target\":[\"https:\\\/\\\/noticiasmercedinas.com\\\/site\\\/2019\\\/07\\\/20\\\/frente-de-izquierda-quiere-llevar-la-lucha-de-las-mujeres-al-concejo\\\/\"]}]},{\"@type\":\"ImageObject\",\"inLanguage\":\"es\",\"@id\":\"https:\\\/\\\/noticiasmercedinas.com\\\/site\\\/2019\\\/07\\\/20\\\/frente-de-izquierda-quiere-llevar-la-lucha-de-las-mujeres-al-concejo\\\/#primaryimage\",\"url\":\"https:\\\/\\\/noticiasmercedinas.com\\\/site\\\/wp-content\\\/uploads\\\/2019\\\/07\\\/fit.png\",\"contentUrl\":\"https:\\\/\\\/noticiasmercedinas.com\\\/site\\\/wp-content\\\/uploads\\\/2019\\\/07\\\/fit.png\",\"width\":640,\"height\":480},{\"@type\":\"BreadcrumbList\",\"@id\":\"https:\\\/\\\/noticiasmercedinas.com\\\/site\\\/2019\\\/07\\\/20\\\/frente-de-izquierda-quiere-llevar-la-lucha-de-las-mujeres-al-concejo\\\/#breadcrumb\",\"itemListElement\":[{\"@type\":\"ListItem\",\"position\":1,\"name\":\"Portada\",\"item\":\"https:\\\/\\\/noticiasmercedinas.com\\\/site\\\/\"},{\"@type\":\"ListItem\",\"position\":2,\"name\":\"Frente de Izquierda quiere \u201cllevar la lucha de las mujeres al Concejo\u201d\"}]},{\"@type\":\"WebSite\",\"@id\":\"https:\\\/\\\/noticiasmercedinas.com\\\/site\\\/#website\",\"url\":\"https:\\\/\\\/noticiasmercedinas.com\\\/site\\\/\",\"name\":\"NOTICIASMERCEDINAS.COM\",\"description\":\"Mercedes, Buenos Aires, Argentina\",\"publisher\":{\"@id\":\"https:\\\/\\\/noticiasmercedinas.com\\\/site\\\/#organization\"},\"potentialAction\":[{\"@type\":\"SearchAction\",\"target\":{\"@type\":\"EntryPoint\",\"urlTemplate\":\"https:\\\/\\\/noticiasmercedinas.com\\\/site\\\/?s={search_term_string}\"},\"query-input\":{\"@type\":\"PropertyValueSpecification\",\"valueRequired\":true,\"valueName\":\"search_term_string\"}}],\"inLanguage\":\"es\"},{\"@type\":\"Organization\",\"@id\":\"https:\\\/\\\/noticiasmercedinas.com\\\/site\\\/#organization\",\"name\":\"NOTICIASMERCEDINAS.COM\",\"url\":\"https:\\\/\\\/noticiasmercedinas.com\\\/site\\\/\",\"logo\":{\"@type\":\"ImageObject\",\"inLanguage\":\"es\",\"@id\":\"https:\\\/\\\/noticiasmercedinas.com\\\/site\\\/#\\\/schema\\\/logo\\\/image\\\/\",\"url\":\"https:\\\/\\\/noticiasmercedinas.com\\\/site\\\/wp-content\\\/uploads\\\/2020\\\/06\\\/LOGO-512.jpg\",\"contentUrl\":\"https:\\\/\\\/noticiasmercedinas.com\\\/site\\\/wp-content\\\/uploads\\\/2020\\\/06\\\/LOGO-512.jpg\",\"width\":512,\"height\":512,\"caption\":\"NOTICIASMERCEDINAS.COM\"},\"image\":{\"@id\":\"https:\\\/\\\/noticiasmercedinas.com\\\/site\\\/#\\\/schema\\\/logo\\\/image\\\/\"},\"sameAs\":[\"https:\\\/\\\/www.facebook.com\\\/noticiasmercedinas\\\/\",\"https:\\\/\\\/x.com\\\/notmercedinas\",\"https:\\\/\\\/www.instagram.com\\\/noticiasmercedinas\\\/\"]},{\"@type\":\"Person\",\"@id\":\"https:\\\/\\\/noticiasmercedinas.com\\\/site\\\/#\\\/schema\\\/person\\\/84b59c099c28ff2e8b77d4ceec5d8063\",\"name\":\"NOTICIASMERCEDINAS.COM\",\"image\":{\"@type\":\"ImageObject\",\"inLanguage\":\"es\",\"@id\":\"https:\\\/\\\/secure.gravatar.com\\\/avatar\\\/4dfbf16b4d17945bfb6341b2d19043457132fcf478a5ee04f42e959fd8f5df0a?s=96&d=mm&r=g\",\"url\":\"https:\\\/\\\/secure.gravatar.com\\\/avatar\\\/4dfbf16b4d17945bfb6341b2d19043457132fcf478a5ee04f42e959fd8f5df0a?s=96&d=mm&r=g\",\"contentUrl\":\"https:\\\/\\\/secure.gravatar.com\\\/avatar\\\/4dfbf16b4d17945bfb6341b2d19043457132fcf478a5ee04f42e959fd8f5df0a?s=96&d=mm&r=g\",\"caption\":\"NOTICIASMERCEDINAS.COM\"},\"url\":\"https:\\\/\\\/noticiasmercedinas.com\\\/site\\\/author\\\/anonimo\\\/\"}]}<\/script>\n<!-- \/ Yoast SEO plugin. -->","yoast_head_json":{"title":"Frente de Izquierda quiere \u201cllevar la lucha de las mujeres al Concejo\u201d","robots":{"index":"index","follow":"follow","max-snippet":"max-snippet:-1","max-image-preview":"max-image-preview:large","max-video-preview":"max-video-preview:-1"},"canonical":"https:\/\/noticiasmercedinas.com\/site\/2019\/07\/20\/frente-de-izquierda-quiere-llevar-la-lucha-de-las-mujeres-al-concejo\/","og_locale":"es_ES","og_type":"article","og_title":"Frente de Izquierda quiere \u201cllevar la lucha de las mujeres al Concejo\u201d","og_description":"Mar\u00eda Maldonado, primera candidata a concejal por el Frente de Izquierda y los Trabajadores \u201cUnidad\u201d (FIT \u2013 U) insta a \u201cllevar la lucha por los derechos de la mujeres y las disidencias al Concejo\u201d, en los recorridos barriales que lleva adelante esta fuerza. Maldonado, militante del PO, junto a Paola Palacios \u00a0y sus compa\u00f1eras del [&hellip;]","og_url":"https:\/\/noticiasmercedinas.com\/site\/2019\/07\/20\/frente-de-izquierda-quiere-llevar-la-lucha-de-las-mujeres-al-concejo\/","og_site_name":"NOTICIASMERCEDINAS.COM","article_publisher":"https:\/\/www.facebook.com\/noticiasmercedinas\/","article_published_time":"2019-07-20T14:18:54+00:00","og_image":[{"width":640,"height":480,"url":"https:\/\/noticiasmercedinas.com\/site\/wp-content\/uploads\/2019\/07\/fit.png","type":"image\/png"}],"author":"NOTICIASMERCEDINAS.COM","twitter_card":"summary_large_image","twitter_creator":"@notmercedinas","twitter_site":"@notmercedinas","twitter_misc":{"Escrito por":"NOTICIASMERCEDINAS.COM","Tiempo de lectura":"1 minuto"},"schema":{"@context":"https:\/\/schema.org","@graph":[{"@type":"Article","@id":"https:\/\/noticiasmercedinas.com\/site\/2019\/07\/20\/frente-de-izquierda-quiere-llevar-la-lucha-de-las-mujeres-al-concejo\/#article","isPartOf":{"@id":"https:\/\/noticiasmercedinas.com\/site\/2019\/07\/20\/frente-de-izquierda-quiere-llevar-la-lucha-de-las-mujeres-al-concejo\/"},"author":{"name":"NOTICIASMERCEDINAS.COM","@id":"https:\/\/noticiasmercedinas.com\/site\/#\/schema\/person\/84b59c099c28ff2e8b77d4ceec5d8063"},"headline":"Frente de Izquierda quiere \u201cllevar la lucha de las mujeres al Concejo\u201d","datePublished":"2019-07-20T14:18:54+00:00","mainEntityOfPage":{"@id":"https:\/\/noticiasmercedinas.com\/site\/2019\/07\/20\/frente-de-izquierda-quiere-llevar-la-lucha-de-las-mujeres-al-concejo\/"},"wordCount":295,"commentCount":0,"publisher":{"@id":"https:\/\/noticiasmercedinas.com\/site\/#organization"},"image":{"@id":"https:\/\/noticiasmercedinas.com\/site\/2019\/07\/20\/frente-de-izquierda-quiere-llevar-la-lucha-de-las-mujeres-al-concejo\/#primaryimage"},"thumbnailUrl":"https:\/\/noticiasmercedinas.com\/site\/wp-content\/uploads\/2019\/07\/fit.png","keywords":["FIT - U","Frente de Izquierda y los Trabajadores Unidad","maria maldonado","Paola Palacios"],"articleSection":["Politica"],"inLanguage":"es","potentialAction":[{"@type":"CommentAction","name":"Comment","target":["https:\/\/noticiasmercedinas.com\/site\/2019\/07\/20\/frente-de-izquierda-quiere-llevar-la-lucha-de-las-mujeres-al-concejo\/#respond"]}]},{"@type":"WebPage","@id":"https:\/\/noticiasmercedinas.com\/site\/2019\/07\/20\/frente-de-izquierda-quiere-llevar-la-lucha-de-las-mujeres-al-concejo\/","url":"https:\/\/noticiasmercedinas.com\/site\/2019\/07\/20\/frente-de-izquierda-quiere-llevar-la-lucha-de-las-mujeres-al-concejo\/","name":"Frente de Izquierda quiere \u201cllevar la lucha de las mujeres al Concejo\u201d","isPartOf":{"@id":"https:\/\/noticiasmercedinas.com\/site\/#website"},"primaryImageOfPage":{"@id":"https:\/\/noticiasmercedinas.com\/site\/2019\/07\/20\/frente-de-izquierda-quiere-llevar-la-lucha-de-las-mujeres-al-concejo\/#primaryimage"},"image":{"@id":"https:\/\/noticiasmercedinas.com\/site\/2019\/07\/20\/frente-de-izquierda-quiere-llevar-la-lucha-de-las-mujeres-al-concejo\/#primaryimage"},"thumbnailUrl":"https:\/\/noticiasmercedinas.com\/site\/wp-content\/uploads\/2019\/07\/fit.png","datePublished":"2019-07-20T14:18:54+00:00","breadcrumb":{"@id":"https:\/\/noticiasmercedinas.com\/site\/2019\/07\/20\/frente-de-izquierda-quiere-llevar-la-lucha-de-las-mujeres-al-concejo\/#breadcrumb"},"inLanguage":"es","potentialAction":[{"@type":"ReadAction","target":["https:\/\/noticiasmercedinas.com\/site\/2019\/07\/20\/frente-de-izquierda-quiere-llevar-la-lucha-de-las-mujeres-al-concejo\/"]}]},{"@type":"ImageObject","inLanguage":"es","@id":"https:\/\/noticiasmercedinas.com\/site\/2019\/07\/20\/frente-de-izquierda-quiere-llevar-la-lucha-de-las-mujeres-al-concejo\/#primaryimage","url":"https:\/\/noticiasmercedinas.com\/site\/wp-content\/uploads\/2019\/07\/fit.png","contentUrl":"https:\/\/noticiasmercedinas.com\/site\/wp-content\/uploads\/2019\/07\/fit.png","width":640,"height":480},{"@type":"BreadcrumbList","@id":"https:\/\/noticiasmercedinas.com\/site\/2019\/07\/20\/frente-de-izquierda-quiere-llevar-la-lucha-de-las-mujeres-al-concejo\/#breadcrumb","itemListElement":[{"@type":"ListItem","position":1,"name":"Portada","item":"https:\/\/noticiasmercedinas.com\/site\/"},{"@type":"ListItem","position":2,"name":"Frente de Izquierda quiere \u201cllevar la lucha de las mujeres al Concejo\u201d"}]},{"@type":"WebSite","@id":"https:\/\/noticiasmercedinas.com\/site\/#website","url":"https:\/\/noticiasmercedinas.com\/site\/","name":"NOTICIASMERCEDINAS.COM","description":"Mercedes, Buenos Aires, Argentina","publisher":{"@id":"https:\/\/noticiasmercedinas.com\/site\/#organization"},"potentialAction":[{"@type":"SearchAction","target":{"@type":"EntryPoint","urlTemplate":"https:\/\/noticiasmercedinas.com\/site\/?s={search_term_string}"},"query-input":{"@type":"PropertyValueSpecification","valueRequired":true,"valueName":"search_term_string"}}],"inLanguage":"es"},{"@type":"Organization","@id":"https:\/\/noticiasmercedinas.com\/site\/#organization","name":"NOTICIASMERCEDINAS.COM","url":"https:\/\/noticiasmercedinas.com\/site\/","logo":{"@type":"ImageObject","inLanguage":"es","@id":"https:\/\/noticiasmercedinas.com\/site\/#\/schema\/logo\/image\/","url":"https:\/\/noticiasmercedinas.com\/site\/wp-content\/uploads\/2020\/06\/LOGO-512.jpg","contentUrl":"https:\/\/noticiasmercedinas.com\/site\/wp-content\/uploads\/2020\/06\/LOGO-512.jpg","width":512,"height":512,"caption":"NOTICIASMERCEDINAS.COM"},"image":{"@id":"https:\/\/noticiasmercedinas.com\/site\/#\/schema\/logo\/image\/"},"sameAs":["https:\/\/www.facebook.com\/noticiasmercedinas\/","https:\/\/x.com\/notmercedinas","https:\/\/www.instagram.com\/noticiasmercedinas\/"]},{"@type":"Person","@id":"https:\/\/noticiasmercedinas.com\/site\/#\/schema\/person\/84b59c099c28ff2e8b77d4ceec5d8063","name":"NOTICIASMERCEDINAS.COM","image":{"@type":"ImageObject","inLanguage":"es","@id":"https:\/\/secure.gravatar.com\/avatar\/4dfbf16b4d17945bfb6341b2d19043457132fcf478a5ee04f42e959fd8f5df0a?s=96&d=mm&r=g","url":"https:\/\/secure.gravatar.com\/avatar\/4dfbf16b4d17945bfb6341b2d19043457132fcf478a5ee04f42e959fd8f5df0a?s=96&d=mm&r=g","contentUrl":"https:\/\/secure.gravatar.com\/avatar\/4dfbf16b4d17945bfb6341b2d19043457132fcf478a5ee04f42e959fd8f5df0a?s=96&d=mm&r=g","caption":"NOTICIASMERCEDINAS.COM"},"url":"https:\/\/noticiasmercedinas.com\/site\/author\/anonimo\/"}]}},"amp_enabled":true,"_links":{"self":[{"href":"https:\/\/noticiasmercedinas.com\/site\/wp-json\/wp\/v2\/posts\/23984","targetHints":{"allow":["GET"]}}],"collection":[{"href":"https:\/\/noticiasmercedinas.com\/site\/wp-json\/wp\/v2\/posts"}],"about":[{"href":"https:\/\/noticiasmercedinas.com\/site\/wp-json\/wp\/v2\/types\/post"}],"author":[{"embeddable":true,"href":"https:\/\/noticiasmercedinas.com\/site\/wp-json\/wp\/v2\/users\/16"}],"replies":[{"embeddable":true,"href":"https:\/\/noticiasmercedinas.com\/site\/wp-json\/wp\/v2\/comments?post=23984"}],"version-history":[{"count":1,"href":"https:\/\/noticiasmercedinas.com\/site\/wp-json\/wp\/v2\/posts\/23984\/revisions"}],"predecessor-version":[{"id":23986,"href":"https:\/\/noticiasmercedinas.com\/site\/wp-json\/wp\/v2\/posts\/23984\/revisions\/23986"}],"wp:featuredmedia":[{"embeddable":true,"href":"https:\/\/noticiasmercedinas.com\/site\/wp-json\/wp\/v2\/media\/23985"}],"wp:attachment":[{"href":"https:\/\/noticiasmercedinas.com\/site\/wp-json\/wp\/v2\/media?parent=23984"}],"wp:term":[{"taxonomy":"category","embeddable":true,"href":"https:\/\/noticiasmercedinas.com\/site\/wp-json\/wp\/v2\/categories?post=23984"},{"taxonomy":"post_tag","embeddable":true,"href":"https:\/\/noticiasmercedinas.com\/site\/wp-json\/wp\/v2\/tags?post=23984"}],"curies":[{"name":"wp","href":"https:\/\/api.w.org\/{rel}","templated":true}]}}