{"id":24486,"date":"2019-07-29T17:54:22","date_gmt":"2019-07-29T20:54:22","guid":{"rendered":"https:\/\/noticiasmercedinas.com\/site\/?p=24486"},"modified":"2019-07-29T17:54:22","modified_gmt":"2019-07-29T20:54:22","slug":"la-uom-mercedes-es-el-puntero-de-los-veteranos","status":"publish","type":"post","link":"https:\/\/noticiasmercedinas.com\/site\/2019\/07\/29\/la-uom-mercedes-es-el-puntero-de-los-veteranos\/","title":{"rendered":"La UOM Mercedes es el puntero de los veteranos"},"content":{"rendered":"<p>El predio mercedino no le afloja a ambos torneos, el de veteranos que se disputa los mi\u00e9rcoles por la noche, y el ya tradicional de los m\u00e1s chicos de los viernes. Dos espect\u00e1culos distintos, pero una misma obsesi\u00f3n intacta, la de levantar el t\u00edtulo de campe\u00f3n. Las jornadas pasan y la lucha se hace cada m\u00e1s interesante. Los hermanos Bonamino siguen a paso firme con los cert\u00e1menes nocturnos, junto a un gran y excelente grupo de trabajo.<\/p>\n<p><strong>Veteranos<br \/>\n<\/strong>C\u00f3mo se mencion\u00f3 anteriormente, La UOM Mercedes es c\u00f3modo puntero. En esta oportunidad de mi\u00e9rcoles tuvo que enfrentarse ante Vitagraf, parejo y decidido conjunto a la hora de atacar al arco rival. Cada minuto fue disputado y con los dientes bien apretadas por medio de ambos equipos. Todo parec\u00eda que iba a terminar cuatro a cuatro pero los muchachos de La UOM Mercedes sacaron diferencia, y se quedaron con el pleito por cinco a cuatro. No aflojan, y de a poco comienzan a so\u00f1ar con el trofeo del primer lugar.<\/p>\n<p>La Cortada FC no pudo romper a los playeros de Deportivo Benedetti Senior. El nombrado en primer t\u00e9rmino sigue en el segundo puesto, pero no consigui\u00f3 seguir descont\u00e1ndole al l\u00edder. La historia finaliz\u00f3 con una igualdad en tres goles por lado.<\/p>\n<p>Por \u00faltimo, De Taquito FC y Forrajeria El Cholo, sin dudas protagonizaron el encuentro de la noche. A pura garra y coraz\u00f3n, quedaron empardados en siete goles para cada uno, y sumaron de a uno.<\/p>\n<p>Con trece anotaciones, Pablo Gim\u00e9nez es el primero de la tabla de goleadores, jugador correspondiente a La UOM Mercedes.<\/p>\n<p><strong>Menores<br \/>\n<\/strong>El otro torneo de los m\u00e1s chicos del predio ya est\u00e1 bastante avanzado y de a poco va llegando a su fin, en busca de la ansiada clasificaci\u00f3n al Regional de Mar del Plata.<\/p>\n<p>Tamo Activo est\u00e1 imparable y cada vez m\u00e1s s\u00f3lido en sus respectivos enfrentamientos. En esta ocasi\u00f3n le toc\u00f3 jugar con Zona Roja, un conjunto con algunos altos y bajos cada vez que entra al verde c\u00e9sped. Tamo Activo as\u00ed validar el haber conseguido llegar a la final del Regional mercedino, y nuevamente volvio a ganar dentro del torneo local por nueve tantos a cuatro. Ahora le sac\u00f3 seis unidades de diferencia a su escolta, Le Personajes, quienes con m\u00e9rito y eficacia vencieron en un duelo trascendental a Los Pibes de Siempre por nueve a seis. Ke Personajes sigue demostrando actitud positiva y no pierde las esperanzas<\/p>\n<p>Deportivo Benedetti sin dudas dio la nota de la jornada nocturna. Pido bajar a los chicos de La Pesada FC, que cayeron en partidos claves y perdieron terreno con respecto a Tamo Activo. El marcador final fue seis a tres en favor de Deportivo Benedetti.<\/p>\n<p>Otros dos que est\u00e1n en la zona de mitad de tabla, con algunas diferencias en cuanto a la forma de jugar y pararse dentro de la cancha, hicieron su presentaci\u00f3n al enfrentarse entre s\u00ed. Se habla de La 50 y Ovodec FC. El nombrado en primera instancia fue quien logr\u00f3 quedarse con el sagrado triunfo por un resultado de nueve a seis. En el match de los necesitados por despegarse del fondo de la tabla de posiciones, Ravello sali\u00f3 beneficiado por la no presentaci\u00f3n de Los Ftir\u00e1pteros y triunf\u00f3 por tres a cero.<\/p>\n<p>El show futbol\u00edstico fue cerrado por Barrio San Mart\u00edn y Deportivo Paraguayo. En una magn\u00edfica noche de todos los jugadores del equipo, los del barrio ganaron por goleada, trece a cuatro.<\/p>\n<p>34 goles tiene Nicol\u00e1s Paniagua, que jugando para los Pibes de Siempre es el puntero de la tabla de artilleros del complejo mercedino.<\/p>\n<p>La UOM Mercedes: 5 (Pablo Gim\u00e9nez 2, Javier Mart\u00ednez 2, Daniel Casco).<br \/>\nVitagraf: 4 (Jos\u00e9 Zunino, Maximiliano Colicigno, Flrorencio Baccomarone 2).<\/p>\n<p>Deportivo Benedetti Senior: 3 (Miguel \u00c1ngel Peralta, Eduardo Pizzurno, Andr\u00e9s Pe\u00f1a).<br \/>\nLa Cortada FC: 3 (Emilio Torres 2, Mart\u00edn Blanco).<\/p>\n<p>De Taquito FC: 7 (Mauro Rond\u00f3n 3, Juan Ram\u00edrez 3, Jorge Quevedo).Forrajeria El Cholo: 7 (Diego Chappe, Daniel M\u00f3naco, Marcelo Arzani, Ricardo Coletta 2, Alejandro Devico 2).<\/p>\n<p><strong>Pr\u00f3xima fecha<br \/>\n<\/strong>La Cortada FC vs. La UOM Mercedes.<br \/>\nDe Taquito FC vs Vitagraf.<br \/>\nDeportivo Benedetti Senior vs Forrajeria El Cholo.<\/p>\n<p><img loading=\"lazy\" decoding=\"async\" class=\"alignnone size-full wp-image-24489\" src=\"https:\/\/noticiasmercedinas.com\/site\/wp-content\/uploads\/2019\/07\/thumbnail_senior-tabla-imagen.png\" alt=\"\" width=\"598\" height=\"384\" srcset=\"https:\/\/noticiasmercedinas.com\/site\/wp-content\/uploads\/2019\/07\/thumbnail_senior-tabla-imagen.png 598w, https:\/\/noticiasmercedinas.com\/site\/wp-content\/uploads\/2019\/07\/thumbnail_senior-tabla-imagen-300x194.png 300w, https:\/\/noticiasmercedinas.com\/site\/wp-content\/uploads\/2019\/07\/thumbnail_senior-tabla-imagen-341x220.png 341w\" sizes=\"auto, (max-width: 598px) 100vw, 598px\" \/><\/p>\n<p><strong>Torneo Menores<br \/>\n<\/strong>Barrio San Mart\u00edn: 13 (Maximiliano Lucero 8, Nicol\u00e1s Montenegro 3, El\u00edas Paj\u00f3n, Juan Vargas e\/c).<br \/>\nDeportivo Paraguayo: 4 (Wilson Alcaraz 2, \u00c1ngel Quintana, Manuel Galeano).<\/p>\n<p>Ravello: 3.<br \/>\nLos Ftir\u00e1pteros: 0.<\/p>\n<p>Deportivo Benedetti: 6 (Jonathan Ullua 4, Martin Acosta, Gonzalo Lav\u00edn).<br \/>\nLa Pesada FC: 3 (Alejandro Carrera, Braian Rojas, Juan Manuel).<\/p>\n<p>Tamo Activo: 9 (Diego Borjas 4, Enzo Romero 3, Nicol\u00e1s Coria, Leonel Ayala).<br \/>\nZona Roja: 4 (Nicol\u00e1s Loza 2, Jonathan L\u00f3pez, Jorge Montenegro).<\/p>\n<p>Ke Personajes: 9 (Alejandro Cousse 3, Lautaro Torre 2, Franco Ledesma 2, Jonathan Gordillo, Ariel Ballesteros).<br \/>\nLos Pibes de Siempre: 6 (Nicol\u00e1s Paniagua 3, Camilo Torres, Lucas Lofreda, Juan Lucero)<\/p>\n<p>La 50: 9 (David Peralta 4, Facundo Ballesteros 3, Luis Giacoy).<br \/>\nOvodec FC: 6 (Francisco Gorosito 2, Daniel Guzm\u00e1n 2, Nicol\u00e1s Gorosito, Esteban Bidart).<\/p>\n<p><strong>Pr\u00f3xima fecha<\/strong><br \/>\nLa 69 vs. ke Personajes.<br \/>\nLa Pesada FC vs. Ravello.<br \/>\nLos Ftir\u00e1pteros vs. Deportivo Paraguayo.<br \/>\nTamo Activo vs. Deportivo Benedetti.<br \/>\nLos Pibes de Siempre vs. Zona Roja.<br \/>\nBarrio San Mart\u00edn vs. Ovodec FC.<\/p>\n<p><img loading=\"lazy\" decoding=\"async\" class=\"alignnone size-full wp-image-24488\" src=\"https:\/\/noticiasmercedinas.com\/site\/wp-content\/uploads\/2019\/07\/thumbnail_menores-tabla-imagen.png\" alt=\"\" width=\"599\" height=\"555\" srcset=\"https:\/\/noticiasmercedinas.com\/site\/wp-content\/uploads\/2019\/07\/thumbnail_menores-tabla-imagen.png 599w, https:\/\/noticiasmercedinas.com\/site\/wp-content\/uploads\/2019\/07\/thumbnail_menores-tabla-imagen-300x278.png 300w\" sizes=\"auto, (max-width: 599px) 100vw, 599px\" \/><\/p>\n","protected":false},"excerpt":{"rendered":"<p>El predio mercedino no le afloja a ambos torneos, el de veteranos que se disputa los mi\u00e9rcoles por la noche, y el ya tradicional de los m\u00e1s chicos de los viernes. Dos espect\u00e1culos distintos, pero una misma obsesi\u00f3n intacta, la de levantar el t\u00edtulo de campe\u00f3n. Las jornadas pasan y la lucha se hace cada [&hellip;]<\/p>\n","protected":false},"author":16,"featured_media":24487,"comment_status":"open","ping_status":"open","sticky":false,"template":"","format":"standard","meta":{"footnotes":""},"categories":[5],"tags":[4039],"class_list":["post-24486","post","type-post","status-publish","format-standard","has-post-thumbnail","hentry","category-deportes","tag-futbol-la-brava"],"yoast_head":"<!-- This site is optimized with the Yoast SEO plugin v27.5 - https:\/\/yoast.com\/product\/yoast-seo-wordpress\/ -->\n<title>La UOM Mercedes es el puntero de los veteranos<\/title>\n<meta name=\"robots\" content=\"index, follow, max-snippet:-1, max-image-preview:large, max-video-preview:-1\" \/>\n<link rel=\"canonical\" href=\"https:\/\/noticiasmercedinas.com\/site\/2019\/07\/29\/la-uom-mercedes-es-el-puntero-de-los-veteranos\/\" \/>\n<meta property=\"og:locale\" content=\"es_ES\" \/>\n<meta property=\"og:type\" content=\"article\" \/>\n<meta property=\"og:title\" content=\"La UOM Mercedes es el puntero de los veteranos\" \/>\n<meta property=\"og:description\" content=\"El predio mercedino no le afloja a ambos torneos, el de veteranos que se disputa los mi\u00e9rcoles por la noche, y el ya tradicional de los m\u00e1s chicos de los viernes. Dos espect\u00e1culos distintos, pero una misma obsesi\u00f3n intacta, la de levantar el t\u00edtulo de campe\u00f3n. Las jornadas pasan y la lucha se hace cada [&hellip;]\" \/>\n<meta property=\"og:url\" content=\"https:\/\/noticiasmercedinas.com\/site\/2019\/07\/29\/la-uom-mercedes-es-el-puntero-de-los-veteranos\/\" \/>\n<meta property=\"og:site_name\" content=\"NOTICIASMERCEDINAS.COM\" \/>\n<meta property=\"article:publisher\" content=\"https:\/\/www.facebook.com\/noticiasmercedinas\/\" \/>\n<meta property=\"article:published_time\" content=\"2019-07-29T20:54:22+00:00\" \/>\n<meta property=\"og:image\" content=\"https:\/\/noticiasmercedinas.com\/site\/wp-content\/uploads\/2019\/07\/thumbnail_z.roja_.jpg.jpg\" \/>\n\t<meta property=\"og:image:width\" content=\"1280\" \/>\n\t<meta property=\"og:image:height\" content=\"960\" \/>\n\t<meta property=\"og:image:type\" content=\"image\/jpeg\" \/>\n<meta name=\"author\" content=\"NOTICIASMERCEDINAS.COM\" \/>\n<meta name=\"twitter:card\" content=\"summary_large_image\" \/>\n<meta name=\"twitter:creator\" content=\"@notmercedinas\" \/>\n<meta name=\"twitter:site\" content=\"@notmercedinas\" \/>\n<meta name=\"twitter:label1\" content=\"Escrito por\" \/>\n\t<meta name=\"twitter:data1\" content=\"NOTICIASMERCEDINAS.COM\" \/>\n\t<meta name=\"twitter:label2\" content=\"Tiempo de lectura\" \/>\n\t<meta name=\"twitter:data2\" content=\"4 minutos\" \/>\n<script type=\"application\/ld+json\" class=\"yoast-schema-graph\">{\"@context\":\"https:\\\/\\\/schema.org\",\"@graph\":[{\"@type\":\"Article\",\"@id\":\"https:\\\/\\\/noticiasmercedinas.com\\\/site\\\/2019\\\/07\\\/29\\\/la-uom-mercedes-es-el-puntero-de-los-veteranos\\\/#article\",\"isPartOf\":{\"@id\":\"https:\\\/\\\/noticiasmercedinas.com\\\/site\\\/2019\\\/07\\\/29\\\/la-uom-mercedes-es-el-puntero-de-los-veteranos\\\/\"},\"author\":{\"name\":\"NOTICIASMERCEDINAS.COM\",\"@id\":\"https:\\\/\\\/noticiasmercedinas.com\\\/site\\\/#\\\/schema\\\/person\\\/84b59c099c28ff2e8b77d4ceec5d8063\"},\"headline\":\"La UOM Mercedes es el puntero de los veteranos\",\"datePublished\":\"2019-07-29T20:54:22+00:00\",\"mainEntityOfPage\":{\"@id\":\"https:\\\/\\\/noticiasmercedinas.com\\\/site\\\/2019\\\/07\\\/29\\\/la-uom-mercedes-es-el-puntero-de-los-veteranos\\\/\"},\"wordCount\":872,\"commentCount\":0,\"publisher\":{\"@id\":\"https:\\\/\\\/noticiasmercedinas.com\\\/site\\\/#organization\"},\"image\":{\"@id\":\"https:\\\/\\\/noticiasmercedinas.com\\\/site\\\/2019\\\/07\\\/29\\\/la-uom-mercedes-es-el-puntero-de-los-veteranos\\\/#primaryimage\"},\"thumbnailUrl\":\"https:\\\/\\\/noticiasmercedinas.com\\\/site\\\/wp-content\\\/uploads\\\/2019\\\/07\\\/thumbnail_z.roja_.jpg.jpg\",\"keywords\":[\"F\u00fatbol La Brava\"],\"articleSection\":[\"Deportes\"],\"inLanguage\":\"es\",\"potentialAction\":[{\"@type\":\"CommentAction\",\"name\":\"Comment\",\"target\":[\"https:\\\/\\\/noticiasmercedinas.com\\\/site\\\/2019\\\/07\\\/29\\\/la-uom-mercedes-es-el-puntero-de-los-veteranos\\\/#respond\"]}]},{\"@type\":\"WebPage\",\"@id\":\"https:\\\/\\\/noticiasmercedinas.com\\\/site\\\/2019\\\/07\\\/29\\\/la-uom-mercedes-es-el-puntero-de-los-veteranos\\\/\",\"url\":\"https:\\\/\\\/noticiasmercedinas.com\\\/site\\\/2019\\\/07\\\/29\\\/la-uom-mercedes-es-el-puntero-de-los-veteranos\\\/\",\"name\":\"La UOM Mercedes es el puntero de los veteranos\",\"isPartOf\":{\"@id\":\"https:\\\/\\\/noticiasmercedinas.com\\\/site\\\/#website\"},\"primaryImageOfPage\":{\"@id\":\"https:\\\/\\\/noticiasmercedinas.com\\\/site\\\/2019\\\/07\\\/29\\\/la-uom-mercedes-es-el-puntero-de-los-veteranos\\\/#primaryimage\"},\"image\":{\"@id\":\"https:\\\/\\\/noticiasmercedinas.com\\\/site\\\/2019\\\/07\\\/29\\\/la-uom-mercedes-es-el-puntero-de-los-veteranos\\\/#primaryimage\"},\"thumbnailUrl\":\"https:\\\/\\\/noticiasmercedinas.com\\\/site\\\/wp-content\\\/uploads\\\/2019\\\/07\\\/thumbnail_z.roja_.jpg.jpg\",\"datePublished\":\"2019-07-29T20:54:22+00:00\",\"breadcrumb\":{\"@id\":\"https:\\\/\\\/noticiasmercedinas.com\\\/site\\\/2019\\\/07\\\/29\\\/la-uom-mercedes-es-el-puntero-de-los-veteranos\\\/#breadcrumb\"},\"inLanguage\":\"es\",\"potentialAction\":[{\"@type\":\"ReadAction\",\"target\":[\"https:\\\/\\\/noticiasmercedinas.com\\\/site\\\/2019\\\/07\\\/29\\\/la-uom-mercedes-es-el-puntero-de-los-veteranos\\\/\"]}]},{\"@type\":\"ImageObject\",\"inLanguage\":\"es\",\"@id\":\"https:\\\/\\\/noticiasmercedinas.com\\\/site\\\/2019\\\/07\\\/29\\\/la-uom-mercedes-es-el-puntero-de-los-veteranos\\\/#primaryimage\",\"url\":\"https:\\\/\\\/noticiasmercedinas.com\\\/site\\\/wp-content\\\/uploads\\\/2019\\\/07\\\/thumbnail_z.roja_.jpg.jpg\",\"contentUrl\":\"https:\\\/\\\/noticiasmercedinas.com\\\/site\\\/wp-content\\\/uploads\\\/2019\\\/07\\\/thumbnail_z.roja_.jpg.jpg\",\"width\":1280,\"height\":960},{\"@type\":\"BreadcrumbList\",\"@id\":\"https:\\\/\\\/noticiasmercedinas.com\\\/site\\\/2019\\\/07\\\/29\\\/la-uom-mercedes-es-el-puntero-de-los-veteranos\\\/#breadcrumb\",\"itemListElement\":[{\"@type\":\"ListItem\",\"position\":1,\"name\":\"Portada\",\"item\":\"https:\\\/\\\/noticiasmercedinas.com\\\/site\\\/\"},{\"@type\":\"ListItem\",\"position\":2,\"name\":\"La UOM Mercedes es el puntero de los veteranos\"}]},{\"@type\":\"WebSite\",\"@id\":\"https:\\\/\\\/noticiasmercedinas.com\\\/site\\\/#website\",\"url\":\"https:\\\/\\\/noticiasmercedinas.com\\\/site\\\/\",\"name\":\"NOTICIASMERCEDINAS.COM\",\"description\":\"Mercedes, Buenos Aires, Argentina\",\"publisher\":{\"@id\":\"https:\\\/\\\/noticiasmercedinas.com\\\/site\\\/#organization\"},\"potentialAction\":[{\"@type\":\"SearchAction\",\"target\":{\"@type\":\"EntryPoint\",\"urlTemplate\":\"https:\\\/\\\/noticiasmercedinas.com\\\/site\\\/?s={search_term_string}\"},\"query-input\":{\"@type\":\"PropertyValueSpecification\",\"valueRequired\":true,\"valueName\":\"search_term_string\"}}],\"inLanguage\":\"es\"},{\"@type\":\"Organization\",\"@id\":\"https:\\\/\\\/noticiasmercedinas.com\\\/site\\\/#organization\",\"name\":\"NOTICIASMERCEDINAS.COM\",\"url\":\"https:\\\/\\\/noticiasmercedinas.com\\\/site\\\/\",\"logo\":{\"@type\":\"ImageObject\",\"inLanguage\":\"es\",\"@id\":\"https:\\\/\\\/noticiasmercedinas.com\\\/site\\\/#\\\/schema\\\/logo\\\/image\\\/\",\"url\":\"https:\\\/\\\/noticiasmercedinas.com\\\/site\\\/wp-content\\\/uploads\\\/2020\\\/06\\\/LOGO-512.jpg\",\"contentUrl\":\"https:\\\/\\\/noticiasmercedinas.com\\\/site\\\/wp-content\\\/uploads\\\/2020\\\/06\\\/LOGO-512.jpg\",\"width\":512,\"height\":512,\"caption\":\"NOTICIASMERCEDINAS.COM\"},\"image\":{\"@id\":\"https:\\\/\\\/noticiasmercedinas.com\\\/site\\\/#\\\/schema\\\/logo\\\/image\\\/\"},\"sameAs\":[\"https:\\\/\\\/www.facebook.com\\\/noticiasmercedinas\\\/\",\"https:\\\/\\\/x.com\\\/notmercedinas\",\"https:\\\/\\\/www.instagram.com\\\/noticiasmercedinas\\\/\"]},{\"@type\":\"Person\",\"@id\":\"https:\\\/\\\/noticiasmercedinas.com\\\/site\\\/#\\\/schema\\\/person\\\/84b59c099c28ff2e8b77d4ceec5d8063\",\"name\":\"NOTICIASMERCEDINAS.COM\",\"image\":{\"@type\":\"ImageObject\",\"inLanguage\":\"es\",\"@id\":\"https:\\\/\\\/secure.gravatar.com\\\/avatar\\\/4dfbf16b4d17945bfb6341b2d19043457132fcf478a5ee04f42e959fd8f5df0a?s=96&d=mm&r=g\",\"url\":\"https:\\\/\\\/secure.gravatar.com\\\/avatar\\\/4dfbf16b4d17945bfb6341b2d19043457132fcf478a5ee04f42e959fd8f5df0a?s=96&d=mm&r=g\",\"contentUrl\":\"https:\\\/\\\/secure.gravatar.com\\\/avatar\\\/4dfbf16b4d17945bfb6341b2d19043457132fcf478a5ee04f42e959fd8f5df0a?s=96&d=mm&r=g\",\"caption\":\"NOTICIASMERCEDINAS.COM\"},\"url\":\"https:\\\/\\\/noticiasmercedinas.com\\\/site\\\/author\\\/anonimo\\\/\"}]}<\/script>\n<!-- \/ Yoast SEO plugin. -->","yoast_head_json":{"title":"La UOM Mercedes es el puntero de los veteranos","robots":{"index":"index","follow":"follow","max-snippet":"max-snippet:-1","max-image-preview":"max-image-preview:large","max-video-preview":"max-video-preview:-1"},"canonical":"https:\/\/noticiasmercedinas.com\/site\/2019\/07\/29\/la-uom-mercedes-es-el-puntero-de-los-veteranos\/","og_locale":"es_ES","og_type":"article","og_title":"La UOM Mercedes es el puntero de los veteranos","og_description":"El predio mercedino no le afloja a ambos torneos, el de veteranos que se disputa los mi\u00e9rcoles por la noche, y el ya tradicional de los m\u00e1s chicos de los viernes. Dos espect\u00e1culos distintos, pero una misma obsesi\u00f3n intacta, la de levantar el t\u00edtulo de campe\u00f3n. Las jornadas pasan y la lucha se hace cada [&hellip;]","og_url":"https:\/\/noticiasmercedinas.com\/site\/2019\/07\/29\/la-uom-mercedes-es-el-puntero-de-los-veteranos\/","og_site_name":"NOTICIASMERCEDINAS.COM","article_publisher":"https:\/\/www.facebook.com\/noticiasmercedinas\/","article_published_time":"2019-07-29T20:54:22+00:00","og_image":[{"width":1280,"height":960,"url":"https:\/\/noticiasmercedinas.com\/site\/wp-content\/uploads\/2019\/07\/thumbnail_z.roja_.jpg.jpg","type":"image\/jpeg"}],"author":"NOTICIASMERCEDINAS.COM","twitter_card":"summary_large_image","twitter_creator":"@notmercedinas","twitter_site":"@notmercedinas","twitter_misc":{"Escrito por":"NOTICIASMERCEDINAS.COM","Tiempo de lectura":"4 minutos"},"schema":{"@context":"https:\/\/schema.org","@graph":[{"@type":"Article","@id":"https:\/\/noticiasmercedinas.com\/site\/2019\/07\/29\/la-uom-mercedes-es-el-puntero-de-los-veteranos\/#article","isPartOf":{"@id":"https:\/\/noticiasmercedinas.com\/site\/2019\/07\/29\/la-uom-mercedes-es-el-puntero-de-los-veteranos\/"},"author":{"name":"NOTICIASMERCEDINAS.COM","@id":"https:\/\/noticiasmercedinas.com\/site\/#\/schema\/person\/84b59c099c28ff2e8b77d4ceec5d8063"},"headline":"La UOM Mercedes es el puntero de los veteranos","datePublished":"2019-07-29T20:54:22+00:00","mainEntityOfPage":{"@id":"https:\/\/noticiasmercedinas.com\/site\/2019\/07\/29\/la-uom-mercedes-es-el-puntero-de-los-veteranos\/"},"wordCount":872,"commentCount":0,"publisher":{"@id":"https:\/\/noticiasmercedinas.com\/site\/#organization"},"image":{"@id":"https:\/\/noticiasmercedinas.com\/site\/2019\/07\/29\/la-uom-mercedes-es-el-puntero-de-los-veteranos\/#primaryimage"},"thumbnailUrl":"https:\/\/noticiasmercedinas.com\/site\/wp-content\/uploads\/2019\/07\/thumbnail_z.roja_.jpg.jpg","keywords":["F\u00fatbol La Brava"],"articleSection":["Deportes"],"inLanguage":"es","potentialAction":[{"@type":"CommentAction","name":"Comment","target":["https:\/\/noticiasmercedinas.com\/site\/2019\/07\/29\/la-uom-mercedes-es-el-puntero-de-los-veteranos\/#respond"]}]},{"@type":"WebPage","@id":"https:\/\/noticiasmercedinas.com\/site\/2019\/07\/29\/la-uom-mercedes-es-el-puntero-de-los-veteranos\/","url":"https:\/\/noticiasmercedinas.com\/site\/2019\/07\/29\/la-uom-mercedes-es-el-puntero-de-los-veteranos\/","name":"La UOM Mercedes es el puntero de los veteranos","isPartOf":{"@id":"https:\/\/noticiasmercedinas.com\/site\/#website"},"primaryImageOfPage":{"@id":"https:\/\/noticiasmercedinas.com\/site\/2019\/07\/29\/la-uom-mercedes-es-el-puntero-de-los-veteranos\/#primaryimage"},"image":{"@id":"https:\/\/noticiasmercedinas.com\/site\/2019\/07\/29\/la-uom-mercedes-es-el-puntero-de-los-veteranos\/#primaryimage"},"thumbnailUrl":"https:\/\/noticiasmercedinas.com\/site\/wp-content\/uploads\/2019\/07\/thumbnail_z.roja_.jpg.jpg","datePublished":"2019-07-29T20:54:22+00:00","breadcrumb":{"@id":"https:\/\/noticiasmercedinas.com\/site\/2019\/07\/29\/la-uom-mercedes-es-el-puntero-de-los-veteranos\/#breadcrumb"},"inLanguage":"es","potentialAction":[{"@type":"ReadAction","target":["https:\/\/noticiasmercedinas.com\/site\/2019\/07\/29\/la-uom-mercedes-es-el-puntero-de-los-veteranos\/"]}]},{"@type":"ImageObject","inLanguage":"es","@id":"https:\/\/noticiasmercedinas.com\/site\/2019\/07\/29\/la-uom-mercedes-es-el-puntero-de-los-veteranos\/#primaryimage","url":"https:\/\/noticiasmercedinas.com\/site\/wp-content\/uploads\/2019\/07\/thumbnail_z.roja_.jpg.jpg","contentUrl":"https:\/\/noticiasmercedinas.com\/site\/wp-content\/uploads\/2019\/07\/thumbnail_z.roja_.jpg.jpg","width":1280,"height":960},{"@type":"BreadcrumbList","@id":"https:\/\/noticiasmercedinas.com\/site\/2019\/07\/29\/la-uom-mercedes-es-el-puntero-de-los-veteranos\/#breadcrumb","itemListElement":[{"@type":"ListItem","position":1,"name":"Portada","item":"https:\/\/noticiasmercedinas.com\/site\/"},{"@type":"ListItem","position":2,"name":"La UOM Mercedes es el puntero de los veteranos"}]},{"@type":"WebSite","@id":"https:\/\/noticiasmercedinas.com\/site\/#website","url":"https:\/\/noticiasmercedinas.com\/site\/","name":"NOTICIASMERCEDINAS.COM","description":"Mercedes, Buenos Aires, Argentina","publisher":{"@id":"https:\/\/noticiasmercedinas.com\/site\/#organization"},"potentialAction":[{"@type":"SearchAction","target":{"@type":"EntryPoint","urlTemplate":"https:\/\/noticiasmercedinas.com\/site\/?s={search_term_string}"},"query-input":{"@type":"PropertyValueSpecification","valueRequired":true,"valueName":"search_term_string"}}],"inLanguage":"es"},{"@type":"Organization","@id":"https:\/\/noticiasmercedinas.com\/site\/#organization","name":"NOTICIASMERCEDINAS.COM","url":"https:\/\/noticiasmercedinas.com\/site\/","logo":{"@type":"ImageObject","inLanguage":"es","@id":"https:\/\/noticiasmercedinas.com\/site\/#\/schema\/logo\/image\/","url":"https:\/\/noticiasmercedinas.com\/site\/wp-content\/uploads\/2020\/06\/LOGO-512.jpg","contentUrl":"https:\/\/noticiasmercedinas.com\/site\/wp-content\/uploads\/2020\/06\/LOGO-512.jpg","width":512,"height":512,"caption":"NOTICIASMERCEDINAS.COM"},"image":{"@id":"https:\/\/noticiasmercedinas.com\/site\/#\/schema\/logo\/image\/"},"sameAs":["https:\/\/www.facebook.com\/noticiasmercedinas\/","https:\/\/x.com\/notmercedinas","https:\/\/www.instagram.com\/noticiasmercedinas\/"]},{"@type":"Person","@id":"https:\/\/noticiasmercedinas.com\/site\/#\/schema\/person\/84b59c099c28ff2e8b77d4ceec5d8063","name":"NOTICIASMERCEDINAS.COM","image":{"@type":"ImageObject","inLanguage":"es","@id":"https:\/\/secure.gravatar.com\/avatar\/4dfbf16b4d17945bfb6341b2d19043457132fcf478a5ee04f42e959fd8f5df0a?s=96&d=mm&r=g","url":"https:\/\/secure.gravatar.com\/avatar\/4dfbf16b4d17945bfb6341b2d19043457132fcf478a5ee04f42e959fd8f5df0a?s=96&d=mm&r=g","contentUrl":"https:\/\/secure.gravatar.com\/avatar\/4dfbf16b4d17945bfb6341b2d19043457132fcf478a5ee04f42e959fd8f5df0a?s=96&d=mm&r=g","caption":"NOTICIASMERCEDINAS.COM"},"url":"https:\/\/noticiasmercedinas.com\/site\/author\/anonimo\/"}]}},"amp_enabled":true,"_links":{"self":[{"href":"https:\/\/noticiasmercedinas.com\/site\/wp-json\/wp\/v2\/posts\/24486","targetHints":{"allow":["GET"]}}],"collection":[{"href":"https:\/\/noticiasmercedinas.com\/site\/wp-json\/wp\/v2\/posts"}],"about":[{"href":"https:\/\/noticiasmercedinas.com\/site\/wp-json\/wp\/v2\/types\/post"}],"author":[{"embeddable":true,"href":"https:\/\/noticiasmercedinas.com\/site\/wp-json\/wp\/v2\/users\/16"}],"replies":[{"embeddable":true,"href":"https:\/\/noticiasmercedinas.com\/site\/wp-json\/wp\/v2\/comments?post=24486"}],"version-history":[{"count":1,"href":"https:\/\/noticiasmercedinas.com\/site\/wp-json\/wp\/v2\/posts\/24486\/revisions"}],"predecessor-version":[{"id":24490,"href":"https:\/\/noticiasmercedinas.com\/site\/wp-json\/wp\/v2\/posts\/24486\/revisions\/24490"}],"wp:featuredmedia":[{"embeddable":true,"href":"https:\/\/noticiasmercedinas.com\/site\/wp-json\/wp\/v2\/media\/24487"}],"wp:attachment":[{"href":"https:\/\/noticiasmercedinas.com\/site\/wp-json\/wp\/v2\/media?parent=24486"}],"wp:term":[{"taxonomy":"category","embeddable":true,"href":"https:\/\/noticiasmercedinas.com\/site\/wp-json\/wp\/v2\/categories?post=24486"},{"taxonomy":"post_tag","embeddable":true,"href":"https:\/\/noticiasmercedinas.com\/site\/wp-json\/wp\/v2\/tags?post=24486"}],"curies":[{"name":"wp","href":"https:\/\/api.w.org\/{rel}","templated":true}]}}