{"id":24498,"date":"2019-07-29T21:07:10","date_gmt":"2019-07-30T00:07:10","guid":{"rendered":"https:\/\/noticiasmercedinas.com\/site\/2019\/07\/29\/ministro-ferrari-visito-las-unidades-penales-de-san-martin-y-mercedes\/"},"modified":"2019-07-29T21:08:49","modified_gmt":"2019-07-30T00:08:49","slug":"ministro-ferrari-visito-las-unidades-penales-de-san-martin-y-mercedes","status":"publish","type":"post","link":"https:\/\/noticiasmercedinas.com\/site\/2019\/07\/29\/ministro-ferrari-visito-las-unidades-penales-de-san-martin-y-mercedes\/","title":{"rendered":"Ministro Ferrari visit\u00f3 las unidades penales de San Mart\u00edn y Mercedes"},"content":{"rendered":"<p><img loading=\"lazy\" decoding=\"async\" class=\"alignnone wp-image-24497 size-full\" src=\"https:\/\/noticiasmercedinas.com\/site\/wp-content\/uploads\/2019\/07\/Ferrari_3.jpeg\" width=\"1280\" height=\"853\" srcset=\"https:\/\/noticiasmercedinas.com\/site\/wp-content\/uploads\/2019\/07\/Ferrari_3.jpeg 1280w, https:\/\/noticiasmercedinas.com\/site\/wp-content\/uploads\/2019\/07\/Ferrari_3-300x200.jpeg 300w, https:\/\/noticiasmercedinas.com\/site\/wp-content\/uploads\/2019\/07\/Ferrari_3-768x512.jpeg 768w, https:\/\/noticiasmercedinas.com\/site\/wp-content\/uploads\/2019\/07\/Ferrari_3-1024x682.jpeg 1024w, https:\/\/noticiasmercedinas.com\/site\/wp-content\/uploads\/2019\/07\/Ferrari_3-640x427.jpeg 640w, https:\/\/noticiasmercedinas.com\/site\/wp-content\/uploads\/2019\/07\/Ferrari_3-681x454.jpeg 681w\" sizes=\"auto, (max-width: 1280px) 100vw, 1280px\" \/><\/p>\n<p>En la Unidad 47 de San Mart\u00edn, un grupo de participantes del Programa Integral de Asistencia y Tratamiento para J\u00f3venes Adultos del Servicio Penitenciario Bonaerense puso en valor el pabell\u00f3n de j\u00f3venes adultos, marco en el que estuvo presente el ministro de Justicia provincial, Gustavo Ferrari, junto a parte de su equipo.<\/p>\n<p>Seg\u00fan se inform\u00f3 oficialmente, Ferrari ponder\u00f3 el trabajo de los internos en los talleres y los inst\u00f3 a seguir en ese camino: \u00abCuando alguien tiene que estar privado de su libertad debe saber que la igualadora de oportunidades por excelencia es la educaci\u00f3n. La educaci\u00f3n les dar\u00e1 herramientas que les permita no volver al encierro\u00bb.<\/p>\n<p>\u00abLa educaci\u00f3n y la cultura sin duda los va a igualar, sea lo que fuere lo que han vivido, y los va a dignificar cada vez m\u00e1s y a ser cada vez mejores\u00bb, ratific\u00f3 Ferrari, acompa\u00f1ado por el jefe del Servicio Penitenciario, Xavier Areses.<\/p>\n<p>En tanto, el ministro tambi\u00e9n estuvo en el distrito de Mercedes, donde supervis\u00f3 los trabajos de reparaci\u00f3n de un cami\u00f3n de Bomberos Voluntarios del Cuartel XXVII de la ciudad, que fue restaurado por internos de la Unidad Penitenciaria N\u00b0 5.<\/p>\n<p>En ese establecimiento carcelario, recorri\u00f3 los distintos talleres productivos donde los internos realizan actividades laborales, como mec\u00e1nica automotor -donde se restaur\u00f3 la autobomba- chapa y pintura y tapicer\u00eda, entre otros.<\/p>\n<p>\u201cA diario propiciamos proyectos de integraci\u00f3n de los internos con la comunidad, a trav\u00e9s del desarrollo de acciones de responsabilidad\u201d, enfatiz\u00f3 Ferrari, al tiempo que puntualiz\u00f3: \u201cla idea, como nos ha pedido la gobernadora Mar\u00eda Eugenia Vidal, es generar la participaci\u00f3n solidaria de las personas privadas de su libertad e incorporar valores por parte de los participantes\u201d.<\/p>\n","protected":false},"excerpt":{"rendered":"<p>En la Unidad 47 de San Mart\u00edn, un grupo de participantes del Programa Integral de Asistencia y Tratamiento para J\u00f3venes Adultos del Servicio Penitenciario Bonaerense puso en valor el pabell\u00f3n de j\u00f3venes adultos, marco en el que estuvo presente el ministro de Justicia provincial, Gustavo Ferrari, junto a parte de su equipo. Seg\u00fan se inform\u00f3 [&hellip;]<\/p>\n","protected":false},"author":16,"featured_media":24497,"comment_status":"open","ping_status":"open","sticky":false,"template":"","format":"standard","meta":{"footnotes":""},"categories":[3],"tags":[525],"class_list":["post-24498","post","type-post","status-publish","format-standard","has-post-thumbnail","hentry","category-sociedad","tag-unidad-penal-5"],"yoast_head":"<!-- This site is optimized with the Yoast SEO plugin v27.5 - https:\/\/yoast.com\/product\/yoast-seo-wordpress\/ -->\n<title>Ministro Ferrari visit\u00f3 las unidades penales de San Mart\u00edn y Mercedes<\/title>\n<meta name=\"robots\" content=\"index, follow, max-snippet:-1, max-image-preview:large, max-video-preview:-1\" \/>\n<link rel=\"canonical\" href=\"https:\/\/noticiasmercedinas.com\/site\/2019\/07\/29\/ministro-ferrari-visito-las-unidades-penales-de-san-martin-y-mercedes\/\" \/>\n<meta property=\"og:locale\" content=\"es_ES\" \/>\n<meta property=\"og:type\" content=\"article\" \/>\n<meta property=\"og:title\" content=\"Ministro Ferrari visit\u00f3 las unidades penales de San Mart\u00edn y Mercedes\" \/>\n<meta property=\"og:description\" content=\"En la Unidad 47 de San Mart\u00edn, un grupo de participantes del Programa Integral de Asistencia y Tratamiento para J\u00f3venes Adultos del Servicio Penitenciario Bonaerense puso en valor el pabell\u00f3n de j\u00f3venes adultos, marco en el que estuvo presente el ministro de Justicia provincial, Gustavo Ferrari, junto a parte de su equipo. Seg\u00fan se inform\u00f3 [&hellip;]\" \/>\n<meta property=\"og:url\" content=\"https:\/\/noticiasmercedinas.com\/site\/2019\/07\/29\/ministro-ferrari-visito-las-unidades-penales-de-san-martin-y-mercedes\/\" \/>\n<meta property=\"og:site_name\" content=\"NOTICIASMERCEDINAS.COM\" \/>\n<meta property=\"article:publisher\" content=\"https:\/\/www.facebook.com\/noticiasmercedinas\/\" \/>\n<meta property=\"article:published_time\" content=\"2019-07-30T00:07:10+00:00\" \/>\n<meta property=\"article:modified_time\" content=\"2019-07-30T00:08:49+00:00\" \/>\n<meta property=\"og:image\" content=\"https:\/\/noticiasmercedinas.com\/site\/wp-content\/uploads\/2019\/07\/Ferrari_3.jpeg\" \/>\n\t<meta property=\"og:image:width\" content=\"1280\" \/>\n\t<meta property=\"og:image:height\" content=\"853\" \/>\n\t<meta property=\"og:image:type\" content=\"image\/jpeg\" \/>\n<meta name=\"author\" content=\"NOTICIASMERCEDINAS.COM\" \/>\n<meta name=\"twitter:card\" content=\"summary_large_image\" \/>\n<meta name=\"twitter:creator\" content=\"@notmercedinas\" \/>\n<meta name=\"twitter:site\" content=\"@notmercedinas\" \/>\n<meta name=\"twitter:label1\" content=\"Escrito por\" \/>\n\t<meta name=\"twitter:data1\" content=\"NOTICIASMERCEDINAS.COM\" \/>\n\t<meta name=\"twitter:label2\" content=\"Tiempo de lectura\" \/>\n\t<meta name=\"twitter:data2\" content=\"1 minuto\" \/>\n<script type=\"application\/ld+json\" class=\"yoast-schema-graph\">{\"@context\":\"https:\\\/\\\/schema.org\",\"@graph\":[{\"@type\":\"Article\",\"@id\":\"https:\\\/\\\/noticiasmercedinas.com\\\/site\\\/2019\\\/07\\\/29\\\/ministro-ferrari-visito-las-unidades-penales-de-san-martin-y-mercedes\\\/#article\",\"isPartOf\":{\"@id\":\"https:\\\/\\\/noticiasmercedinas.com\\\/site\\\/2019\\\/07\\\/29\\\/ministro-ferrari-visito-las-unidades-penales-de-san-martin-y-mercedes\\\/\"},\"author\":{\"name\":\"NOTICIASMERCEDINAS.COM\",\"@id\":\"https:\\\/\\\/noticiasmercedinas.com\\\/site\\\/#\\\/schema\\\/person\\\/84b59c099c28ff2e8b77d4ceec5d8063\"},\"headline\":\"Ministro Ferrari visit\u00f3 las unidades penales de San Mart\u00edn y Mercedes\",\"datePublished\":\"2019-07-30T00:07:10+00:00\",\"dateModified\":\"2019-07-30T00:08:49+00:00\",\"mainEntityOfPage\":{\"@id\":\"https:\\\/\\\/noticiasmercedinas.com\\\/site\\\/2019\\\/07\\\/29\\\/ministro-ferrari-visito-las-unidades-penales-de-san-martin-y-mercedes\\\/\"},\"wordCount\":307,\"commentCount\":0,\"publisher\":{\"@id\":\"https:\\\/\\\/noticiasmercedinas.com\\\/site\\\/#organization\"},\"image\":{\"@id\":\"https:\\\/\\\/noticiasmercedinas.com\\\/site\\\/2019\\\/07\\\/29\\\/ministro-ferrari-visito-las-unidades-penales-de-san-martin-y-mercedes\\\/#primaryimage\"},\"thumbnailUrl\":\"https:\\\/\\\/noticiasmercedinas.com\\\/site\\\/wp-content\\\/uploads\\\/2019\\\/07\\\/Ferrari_3.jpeg\",\"keywords\":[\"unidad penal 5\"],\"articleSection\":[\"Sociedad\"],\"inLanguage\":\"es\",\"potentialAction\":[{\"@type\":\"CommentAction\",\"name\":\"Comment\",\"target\":[\"https:\\\/\\\/noticiasmercedinas.com\\\/site\\\/2019\\\/07\\\/29\\\/ministro-ferrari-visito-las-unidades-penales-de-san-martin-y-mercedes\\\/#respond\"]}]},{\"@type\":\"WebPage\",\"@id\":\"https:\\\/\\\/noticiasmercedinas.com\\\/site\\\/2019\\\/07\\\/29\\\/ministro-ferrari-visito-las-unidades-penales-de-san-martin-y-mercedes\\\/\",\"url\":\"https:\\\/\\\/noticiasmercedinas.com\\\/site\\\/2019\\\/07\\\/29\\\/ministro-ferrari-visito-las-unidades-penales-de-san-martin-y-mercedes\\\/\",\"name\":\"Ministro Ferrari visit\u00f3 las unidades penales de San Mart\u00edn y Mercedes\",\"isPartOf\":{\"@id\":\"https:\\\/\\\/noticiasmercedinas.com\\\/site\\\/#website\"},\"primaryImageOfPage\":{\"@id\":\"https:\\\/\\\/noticiasmercedinas.com\\\/site\\\/2019\\\/07\\\/29\\\/ministro-ferrari-visito-las-unidades-penales-de-san-martin-y-mercedes\\\/#primaryimage\"},\"image\":{\"@id\":\"https:\\\/\\\/noticiasmercedinas.com\\\/site\\\/2019\\\/07\\\/29\\\/ministro-ferrari-visito-las-unidades-penales-de-san-martin-y-mercedes\\\/#primaryimage\"},\"thumbnailUrl\":\"https:\\\/\\\/noticiasmercedinas.com\\\/site\\\/wp-content\\\/uploads\\\/2019\\\/07\\\/Ferrari_3.jpeg\",\"datePublished\":\"2019-07-30T00:07:10+00:00\",\"dateModified\":\"2019-07-30T00:08:49+00:00\",\"breadcrumb\":{\"@id\":\"https:\\\/\\\/noticiasmercedinas.com\\\/site\\\/2019\\\/07\\\/29\\\/ministro-ferrari-visito-las-unidades-penales-de-san-martin-y-mercedes\\\/#breadcrumb\"},\"inLanguage\":\"es\",\"potentialAction\":[{\"@type\":\"ReadAction\",\"target\":[\"https:\\\/\\\/noticiasmercedinas.com\\\/site\\\/2019\\\/07\\\/29\\\/ministro-ferrari-visito-las-unidades-penales-de-san-martin-y-mercedes\\\/\"]}]},{\"@type\":\"ImageObject\",\"inLanguage\":\"es\",\"@id\":\"https:\\\/\\\/noticiasmercedinas.com\\\/site\\\/2019\\\/07\\\/29\\\/ministro-ferrari-visito-las-unidades-penales-de-san-martin-y-mercedes\\\/#primaryimage\",\"url\":\"https:\\\/\\\/noticiasmercedinas.com\\\/site\\\/wp-content\\\/uploads\\\/2019\\\/07\\\/Ferrari_3.jpeg\",\"contentUrl\":\"https:\\\/\\\/noticiasmercedinas.com\\\/site\\\/wp-content\\\/uploads\\\/2019\\\/07\\\/Ferrari_3.jpeg\",\"width\":1280,\"height\":853},{\"@type\":\"BreadcrumbList\",\"@id\":\"https:\\\/\\\/noticiasmercedinas.com\\\/site\\\/2019\\\/07\\\/29\\\/ministro-ferrari-visito-las-unidades-penales-de-san-martin-y-mercedes\\\/#breadcrumb\",\"itemListElement\":[{\"@type\":\"ListItem\",\"position\":1,\"name\":\"Portada\",\"item\":\"https:\\\/\\\/noticiasmercedinas.com\\\/site\\\/\"},{\"@type\":\"ListItem\",\"position\":2,\"name\":\"Ministro Ferrari visit\u00f3 las unidades penales de San Mart\u00edn y Mercedes\"}]},{\"@type\":\"WebSite\",\"@id\":\"https:\\\/\\\/noticiasmercedinas.com\\\/site\\\/#website\",\"url\":\"https:\\\/\\\/noticiasmercedinas.com\\\/site\\\/\",\"name\":\"NOTICIASMERCEDINAS.COM\",\"description\":\"Mercedes, Buenos Aires, Argentina\",\"publisher\":{\"@id\":\"https:\\\/\\\/noticiasmercedinas.com\\\/site\\\/#organization\"},\"potentialAction\":[{\"@type\":\"SearchAction\",\"target\":{\"@type\":\"EntryPoint\",\"urlTemplate\":\"https:\\\/\\\/noticiasmercedinas.com\\\/site\\\/?s={search_term_string}\"},\"query-input\":{\"@type\":\"PropertyValueSpecification\",\"valueRequired\":true,\"valueName\":\"search_term_string\"}}],\"inLanguage\":\"es\"},{\"@type\":\"Organization\",\"@id\":\"https:\\\/\\\/noticiasmercedinas.com\\\/site\\\/#organization\",\"name\":\"NOTICIASMERCEDINAS.COM\",\"url\":\"https:\\\/\\\/noticiasmercedinas.com\\\/site\\\/\",\"logo\":{\"@type\":\"ImageObject\",\"inLanguage\":\"es\",\"@id\":\"https:\\\/\\\/noticiasmercedinas.com\\\/site\\\/#\\\/schema\\\/logo\\\/image\\\/\",\"url\":\"https:\\\/\\\/noticiasmercedinas.com\\\/site\\\/wp-content\\\/uploads\\\/2020\\\/06\\\/LOGO-512.jpg\",\"contentUrl\":\"https:\\\/\\\/noticiasmercedinas.com\\\/site\\\/wp-content\\\/uploads\\\/2020\\\/06\\\/LOGO-512.jpg\",\"width\":512,\"height\":512,\"caption\":\"NOTICIASMERCEDINAS.COM\"},\"image\":{\"@id\":\"https:\\\/\\\/noticiasmercedinas.com\\\/site\\\/#\\\/schema\\\/logo\\\/image\\\/\"},\"sameAs\":[\"https:\\\/\\\/www.facebook.com\\\/noticiasmercedinas\\\/\",\"https:\\\/\\\/x.com\\\/notmercedinas\",\"https:\\\/\\\/www.instagram.com\\\/noticiasmercedinas\\\/\"]},{\"@type\":\"Person\",\"@id\":\"https:\\\/\\\/noticiasmercedinas.com\\\/site\\\/#\\\/schema\\\/person\\\/84b59c099c28ff2e8b77d4ceec5d8063\",\"name\":\"NOTICIASMERCEDINAS.COM\",\"image\":{\"@type\":\"ImageObject\",\"inLanguage\":\"es\",\"@id\":\"https:\\\/\\\/secure.gravatar.com\\\/avatar\\\/4dfbf16b4d17945bfb6341b2d19043457132fcf478a5ee04f42e959fd8f5df0a?s=96&d=mm&r=g\",\"url\":\"https:\\\/\\\/secure.gravatar.com\\\/avatar\\\/4dfbf16b4d17945bfb6341b2d19043457132fcf478a5ee04f42e959fd8f5df0a?s=96&d=mm&r=g\",\"contentUrl\":\"https:\\\/\\\/secure.gravatar.com\\\/avatar\\\/4dfbf16b4d17945bfb6341b2d19043457132fcf478a5ee04f42e959fd8f5df0a?s=96&d=mm&r=g\",\"caption\":\"NOTICIASMERCEDINAS.COM\"},\"url\":\"https:\\\/\\\/noticiasmercedinas.com\\\/site\\\/author\\\/anonimo\\\/\"}]}<\/script>\n<!-- \/ Yoast SEO plugin. -->","yoast_head_json":{"title":"Ministro Ferrari visit\u00f3 las unidades penales de San Mart\u00edn y Mercedes","robots":{"index":"index","follow":"follow","max-snippet":"max-snippet:-1","max-image-preview":"max-image-preview:large","max-video-preview":"max-video-preview:-1"},"canonical":"https:\/\/noticiasmercedinas.com\/site\/2019\/07\/29\/ministro-ferrari-visito-las-unidades-penales-de-san-martin-y-mercedes\/","og_locale":"es_ES","og_type":"article","og_title":"Ministro Ferrari visit\u00f3 las unidades penales de San Mart\u00edn y Mercedes","og_description":"En la Unidad 47 de San Mart\u00edn, un grupo de participantes del Programa Integral de Asistencia y Tratamiento para J\u00f3venes Adultos del Servicio Penitenciario Bonaerense puso en valor el pabell\u00f3n de j\u00f3venes adultos, marco en el que estuvo presente el ministro de Justicia provincial, Gustavo Ferrari, junto a parte de su equipo. Seg\u00fan se inform\u00f3 [&hellip;]","og_url":"https:\/\/noticiasmercedinas.com\/site\/2019\/07\/29\/ministro-ferrari-visito-las-unidades-penales-de-san-martin-y-mercedes\/","og_site_name":"NOTICIASMERCEDINAS.COM","article_publisher":"https:\/\/www.facebook.com\/noticiasmercedinas\/","article_published_time":"2019-07-30T00:07:10+00:00","article_modified_time":"2019-07-30T00:08:49+00:00","og_image":[{"width":1280,"height":853,"url":"https:\/\/noticiasmercedinas.com\/site\/wp-content\/uploads\/2019\/07\/Ferrari_3.jpeg","type":"image\/jpeg"}],"author":"NOTICIASMERCEDINAS.COM","twitter_card":"summary_large_image","twitter_creator":"@notmercedinas","twitter_site":"@notmercedinas","twitter_misc":{"Escrito por":"NOTICIASMERCEDINAS.COM","Tiempo de lectura":"1 minuto"},"schema":{"@context":"https:\/\/schema.org","@graph":[{"@type":"Article","@id":"https:\/\/noticiasmercedinas.com\/site\/2019\/07\/29\/ministro-ferrari-visito-las-unidades-penales-de-san-martin-y-mercedes\/#article","isPartOf":{"@id":"https:\/\/noticiasmercedinas.com\/site\/2019\/07\/29\/ministro-ferrari-visito-las-unidades-penales-de-san-martin-y-mercedes\/"},"author":{"name":"NOTICIASMERCEDINAS.COM","@id":"https:\/\/noticiasmercedinas.com\/site\/#\/schema\/person\/84b59c099c28ff2e8b77d4ceec5d8063"},"headline":"Ministro Ferrari visit\u00f3 las unidades penales de San Mart\u00edn y Mercedes","datePublished":"2019-07-30T00:07:10+00:00","dateModified":"2019-07-30T00:08:49+00:00","mainEntityOfPage":{"@id":"https:\/\/noticiasmercedinas.com\/site\/2019\/07\/29\/ministro-ferrari-visito-las-unidades-penales-de-san-martin-y-mercedes\/"},"wordCount":307,"commentCount":0,"publisher":{"@id":"https:\/\/noticiasmercedinas.com\/site\/#organization"},"image":{"@id":"https:\/\/noticiasmercedinas.com\/site\/2019\/07\/29\/ministro-ferrari-visito-las-unidades-penales-de-san-martin-y-mercedes\/#primaryimage"},"thumbnailUrl":"https:\/\/noticiasmercedinas.com\/site\/wp-content\/uploads\/2019\/07\/Ferrari_3.jpeg","keywords":["unidad penal 5"],"articleSection":["Sociedad"],"inLanguage":"es","potentialAction":[{"@type":"CommentAction","name":"Comment","target":["https:\/\/noticiasmercedinas.com\/site\/2019\/07\/29\/ministro-ferrari-visito-las-unidades-penales-de-san-martin-y-mercedes\/#respond"]}]},{"@type":"WebPage","@id":"https:\/\/noticiasmercedinas.com\/site\/2019\/07\/29\/ministro-ferrari-visito-las-unidades-penales-de-san-martin-y-mercedes\/","url":"https:\/\/noticiasmercedinas.com\/site\/2019\/07\/29\/ministro-ferrari-visito-las-unidades-penales-de-san-martin-y-mercedes\/","name":"Ministro Ferrari visit\u00f3 las unidades penales de San Mart\u00edn y Mercedes","isPartOf":{"@id":"https:\/\/noticiasmercedinas.com\/site\/#website"},"primaryImageOfPage":{"@id":"https:\/\/noticiasmercedinas.com\/site\/2019\/07\/29\/ministro-ferrari-visito-las-unidades-penales-de-san-martin-y-mercedes\/#primaryimage"},"image":{"@id":"https:\/\/noticiasmercedinas.com\/site\/2019\/07\/29\/ministro-ferrari-visito-las-unidades-penales-de-san-martin-y-mercedes\/#primaryimage"},"thumbnailUrl":"https:\/\/noticiasmercedinas.com\/site\/wp-content\/uploads\/2019\/07\/Ferrari_3.jpeg","datePublished":"2019-07-30T00:07:10+00:00","dateModified":"2019-07-30T00:08:49+00:00","breadcrumb":{"@id":"https:\/\/noticiasmercedinas.com\/site\/2019\/07\/29\/ministro-ferrari-visito-las-unidades-penales-de-san-martin-y-mercedes\/#breadcrumb"},"inLanguage":"es","potentialAction":[{"@type":"ReadAction","target":["https:\/\/noticiasmercedinas.com\/site\/2019\/07\/29\/ministro-ferrari-visito-las-unidades-penales-de-san-martin-y-mercedes\/"]}]},{"@type":"ImageObject","inLanguage":"es","@id":"https:\/\/noticiasmercedinas.com\/site\/2019\/07\/29\/ministro-ferrari-visito-las-unidades-penales-de-san-martin-y-mercedes\/#primaryimage","url":"https:\/\/noticiasmercedinas.com\/site\/wp-content\/uploads\/2019\/07\/Ferrari_3.jpeg","contentUrl":"https:\/\/noticiasmercedinas.com\/site\/wp-content\/uploads\/2019\/07\/Ferrari_3.jpeg","width":1280,"height":853},{"@type":"BreadcrumbList","@id":"https:\/\/noticiasmercedinas.com\/site\/2019\/07\/29\/ministro-ferrari-visito-las-unidades-penales-de-san-martin-y-mercedes\/#breadcrumb","itemListElement":[{"@type":"ListItem","position":1,"name":"Portada","item":"https:\/\/noticiasmercedinas.com\/site\/"},{"@type":"ListItem","position":2,"name":"Ministro Ferrari visit\u00f3 las unidades penales de San Mart\u00edn y Mercedes"}]},{"@type":"WebSite","@id":"https:\/\/noticiasmercedinas.com\/site\/#website","url":"https:\/\/noticiasmercedinas.com\/site\/","name":"NOTICIASMERCEDINAS.COM","description":"Mercedes, Buenos Aires, Argentina","publisher":{"@id":"https:\/\/noticiasmercedinas.com\/site\/#organization"},"potentialAction":[{"@type":"SearchAction","target":{"@type":"EntryPoint","urlTemplate":"https:\/\/noticiasmercedinas.com\/site\/?s={search_term_string}"},"query-input":{"@type":"PropertyValueSpecification","valueRequired":true,"valueName":"search_term_string"}}],"inLanguage":"es"},{"@type":"Organization","@id":"https:\/\/noticiasmercedinas.com\/site\/#organization","name":"NOTICIASMERCEDINAS.COM","url":"https:\/\/noticiasmercedinas.com\/site\/","logo":{"@type":"ImageObject","inLanguage":"es","@id":"https:\/\/noticiasmercedinas.com\/site\/#\/schema\/logo\/image\/","url":"https:\/\/noticiasmercedinas.com\/site\/wp-content\/uploads\/2020\/06\/LOGO-512.jpg","contentUrl":"https:\/\/noticiasmercedinas.com\/site\/wp-content\/uploads\/2020\/06\/LOGO-512.jpg","width":512,"height":512,"caption":"NOTICIASMERCEDINAS.COM"},"image":{"@id":"https:\/\/noticiasmercedinas.com\/site\/#\/schema\/logo\/image\/"},"sameAs":["https:\/\/www.facebook.com\/noticiasmercedinas\/","https:\/\/x.com\/notmercedinas","https:\/\/www.instagram.com\/noticiasmercedinas\/"]},{"@type":"Person","@id":"https:\/\/noticiasmercedinas.com\/site\/#\/schema\/person\/84b59c099c28ff2e8b77d4ceec5d8063","name":"NOTICIASMERCEDINAS.COM","image":{"@type":"ImageObject","inLanguage":"es","@id":"https:\/\/secure.gravatar.com\/avatar\/4dfbf16b4d17945bfb6341b2d19043457132fcf478a5ee04f42e959fd8f5df0a?s=96&d=mm&r=g","url":"https:\/\/secure.gravatar.com\/avatar\/4dfbf16b4d17945bfb6341b2d19043457132fcf478a5ee04f42e959fd8f5df0a?s=96&d=mm&r=g","contentUrl":"https:\/\/secure.gravatar.com\/avatar\/4dfbf16b4d17945bfb6341b2d19043457132fcf478a5ee04f42e959fd8f5df0a?s=96&d=mm&r=g","caption":"NOTICIASMERCEDINAS.COM"},"url":"https:\/\/noticiasmercedinas.com\/site\/author\/anonimo\/"}]}},"amp_enabled":true,"_links":{"self":[{"href":"https:\/\/noticiasmercedinas.com\/site\/wp-json\/wp\/v2\/posts\/24498","targetHints":{"allow":["GET"]}}],"collection":[{"href":"https:\/\/noticiasmercedinas.com\/site\/wp-json\/wp\/v2\/posts"}],"about":[{"href":"https:\/\/noticiasmercedinas.com\/site\/wp-json\/wp\/v2\/types\/post"}],"author":[{"embeddable":true,"href":"https:\/\/noticiasmercedinas.com\/site\/wp-json\/wp\/v2\/users\/16"}],"replies":[{"embeddable":true,"href":"https:\/\/noticiasmercedinas.com\/site\/wp-json\/wp\/v2\/comments?post=24498"}],"version-history":[{"count":1,"href":"https:\/\/noticiasmercedinas.com\/site\/wp-json\/wp\/v2\/posts\/24498\/revisions"}],"predecessor-version":[{"id":24499,"href":"https:\/\/noticiasmercedinas.com\/site\/wp-json\/wp\/v2\/posts\/24498\/revisions\/24499"}],"wp:featuredmedia":[{"embeddable":true,"href":"https:\/\/noticiasmercedinas.com\/site\/wp-json\/wp\/v2\/media\/24497"}],"wp:attachment":[{"href":"https:\/\/noticiasmercedinas.com\/site\/wp-json\/wp\/v2\/media?parent=24498"}],"wp:term":[{"taxonomy":"category","embeddable":true,"href":"https:\/\/noticiasmercedinas.com\/site\/wp-json\/wp\/v2\/categories?post=24498"},{"taxonomy":"post_tag","embeddable":true,"href":"https:\/\/noticiasmercedinas.com\/site\/wp-json\/wp\/v2\/tags?post=24498"}],"curies":[{"name":"wp","href":"https:\/\/api.w.org\/{rel}","templated":true}]}}