{"id":24510,"date":"2019-07-30T09:53:26","date_gmt":"2019-07-30T12:53:26","guid":{"rendered":"https:\/\/noticiasmercedinas.com\/site\/?p=24510"},"modified":"2019-07-30T09:53:26","modified_gmt":"2019-07-30T12:53:26","slug":"el-fronton-revalida-su-presente","status":"publish","type":"post","link":"https:\/\/noticiasmercedinas.com\/site\/2019\/07\/30\/el-fronton-revalida-su-presente\/","title":{"rendered":"El Front\u00f3n revalida su presente"},"content":{"rendered":"<p>El lunes por la noche, en cancha de la Liga, fue local El Front\u00f3n ante Los Carteros luego de no poder jugar el \u00faltimo viernes tras la lluvia. La primera parte fue dejando una clara oportunidad del conjunto mercedino cuando a Jonathan Paj\u00f3n le ahogaron el grito de gol despejando la pelota sobre la l\u00ednea. Ser\u00eda m\u00e1s el equipo de Germ\u00e1n Stopiello marcando diferencias con su goleador, un jugador que en el \u00e1rea no perdona, fue entonces que Juli\u00e1n Alarc\u00f3n puso el 1-0.<\/p>\n<p>A esta altura del encuentro Los Carteros ya jugaban con un hombre menos antes la expulsi\u00f3n del defensor Santiago Paj\u00f3n, mientras tanto El Front\u00f3n fue buscando cerrar el resultado quedando del otro lado el intento por llegar a un empate que se mostr\u00f3 muy lejos. Ya en el adicional llegar\u00eda el segundo de Alarc\u00f3n para redondear una buna victoria y confirmar por una fecha m\u00e1s el liderato de la Zona C. El buen momento de los de San Andr\u00e9s de Giles queda plasmado con resultados para ser el segundo conjunto que m\u00e1s puntos cosech\u00f3 al momento, 35.<\/p>\n<p><strong>El Front\u00f3n 2:<\/strong> Mat\u00edas Roncoroni, Nicol\u00e1s Randazzo, Pablo D\u00edaz, Nicol\u00e1s Roldan, Agust\u00edn De La Cuesta, Ezequiel T\u00e1mparo, Mat\u00edas Paolacci, Francisco Tallarico, Juli\u00e1n Alarc\u00f3n, Gabriel Barrientos y Roberto Ibarbia. <strong>DT:<\/strong> Germ\u00e1n Stopiello. <strong>Suplentes:<\/strong> Mateo Valli y Joaqu\u00edn Boatna.<br \/>\n<strong>Los Carteros 0: <\/strong>David, Br\u00edzolis, Santiago Paj\u00f3n, Blas De los Santos, Jonatan Bartolomeo, Franco Torres, Juli\u00e1n Ag\u00fcero, Jonatan Paj\u00f3n, Cristian Santana, Mauro Sigona, German Lucero y Nicholas Montenegro. <strong>DT:<\/strong> Carlos Molina. <strong>Suplentes:<\/strong> Mat\u00edas Ag\u00fcero, Valent\u00edn Badano,\u00a0 y Ezequiel Van\u00edn.<br \/>\n<strong>Goles en el ST:<\/strong> A los 10\u00b4 y 45\u00b4Julian Alarc\u00f3n para EL Front\u00f3n.<br \/>\n<strong>Cambios:<\/strong> Diego S\u00e1nchez por Germ\u00e1n Lucero y Mariano Mart\u00edn por Franco Torres en Los Carteros. Oscar Zapata por Pablo D\u00edaz, Francisco Lennard por Francisco Tallarico y Jos\u00e9 Mansilla por Nicol\u00e1s Roldan en El Front\u00f3n.<br \/>\n<strong>Arbitro: <\/strong>Mariano Marcelo (AAM).<br \/>\n<strong>Expulsado: <\/strong>ST: 8\u00b4Santiago Paj\u00f3n de Los Carteros.<\/p>\n\n<table id=\"tablepress-13\" class=\"tablepress tablepress-id-13\">\n<thead>\n<tr class=\"row-1\">\n\t<th class=\"column-1\">Zona C<\/th><td class=\"column-2\"><\/td><td class=\"column-3\"><\/td><td class=\"column-4\"><\/td><td class=\"column-5\"><\/td><td class=\"column-6\"><\/td><td class=\"column-7\"><\/td><td class=\"column-8\"><\/td><td class=\"column-9\"><\/td><td class=\"column-10\"><\/td>\n<\/tr>\n<\/thead>\n<tbody class=\"row-striping row-hover\">\n<tr class=\"row-2\">\n\t<td class=\"column-1\">Pos<\/td><td class=\"column-2\">Equipos<\/td><td class=\"column-3\">PJ<\/td><td class=\"column-4\">PG<\/td><td class=\"column-5\">PE<\/td><td class=\"column-6\">PP<\/td><td class=\"column-7\">GF<\/td><td class=\"column-8\">GC<\/td><td class=\"column-9\">Dif<\/td><td class=\"column-10\">Pts<\/td>\n<\/tr>\n<tr class=\"row-3\">\n\t<td class=\"column-1\">1<\/td><td class=\"column-2\">El Front\u00f3n<\/td><td class=\"column-3\">24<\/td><td class=\"column-4\">17<\/td><td class=\"column-5\">5<\/td><td class=\"column-6\">2<\/td><td class=\"column-7\">66<\/td><td class=\"column-8\">14<\/td><td class=\"column-9\">52<\/td><td class=\"column-10\">56<\/td>\n<\/tr>\n<tr class=\"row-4\">\n\t<td class=\"column-1\">2<\/td><td class=\"column-2\">Los Carteros<\/td><td class=\"column-3\">24<\/td><td class=\"column-4\">11<\/td><td class=\"column-5\">7<\/td><td class=\"column-6\">6<\/td><td class=\"column-7\">47<\/td><td class=\"column-8\">23<\/td><td class=\"column-9\">24<\/td><td class=\"column-10\">40<\/td>\n<\/tr>\n<tr class=\"row-5\">\n\t<td class=\"column-1\">3<\/td><td class=\"column-2\">Quilmes<\/td><td class=\"column-3\">24<\/td><td class=\"column-4\">11<\/td><td class=\"column-5\">6<\/td><td class=\"column-6\">7<\/td><td class=\"column-7\">37<\/td><td class=\"column-8\">33<\/td><td class=\"column-9\">4<\/td><td class=\"column-10\">39<\/td>\n<\/tr>\n<tr class=\"row-6\">\n\t<td class=\"column-1\">4<\/td><td class=\"column-2\">Defensores<\/td><td class=\"column-3\">23<\/td><td class=\"column-4\">5<\/td><td class=\"column-5\">3<\/td><td class=\"column-6\">16<\/td><td class=\"column-7\">30<\/td><td class=\"column-8\">58<\/td><td class=\"column-9\">-28<\/td><td class=\"column-10\">18<\/td>\n<\/tr>\n<tr class=\"row-7\">\n\t<td class=\"column-1\">5<\/td><td class=\"column-2\">Talleres<\/td><td class=\"column-3\">23<\/td><td class=\"column-4\">1<\/td><td class=\"column-5\">2<\/td><td class=\"column-6\">20<\/td><td class=\"column-7\">15<\/td><td class=\"column-8\">109<\/td><td class=\"column-9\">-94<\/td><td class=\"column-10\">5<\/td>\n<\/tr>\n<\/tbody>\n<\/table>\n<!-- #tablepress-13 from cache -->\n\r\n                <style type=\"text\/css\">\r\n                    \r\n                    #td_uid_1_69f71d230e706  .td-doubleSlider-2 .td-item1 {\r\n                        background: url(https:\/\/noticiasmercedinas.com\/site\/wp-content\/uploads\/2019\/07\/0b023aa1-ba47-4c58-a16f-cbe135887a49-160x120.jpg) 0 0 no-repeat;\r\n                    }\r\n                    #td_uid_1_69f71d230e706  .td-doubleSlider-2 .td-item2 {\r\n                        background: url(https:\/\/noticiasmercedinas.com\/site\/wp-content\/uploads\/2019\/07\/7c99aa41-39f2-464e-a809-5dee01d65c1b-160x120.jpg) 0 0 no-repeat;\r\n                    }\r\n                    #td_uid_1_69f71d230e706  .td-doubleSlider-2 .td-item3 {\r\n                        background: url(https:\/\/noticiasmercedinas.com\/site\/wp-content\/uploads\/2019\/07\/8e56e0ae-2b5d-43de-a556-2a695dd95476-160x120.jpg) 0 0 no-repeat;\r\n                    }\r\n                    #td_uid_1_69f71d230e706  .td-doubleSlider-2 .td-item4 {\r\n                        background: url(https:\/\/noticiasmercedinas.com\/site\/wp-content\/uploads\/2019\/07\/Nicol\u00e1s-Montenegro-160x120.jpg) 0 0 no-repeat;\r\n                    }\r\n                    #td_uid_1_69f71d230e706  .td-doubleSlider-2 .td-item5 {\r\n                        background: url(https:\/\/noticiasmercedinas.com\/site\/wp-content\/uploads\/2019\/07\/thumbnail_Maniobra-Ibarbia-160x120.jpg) 0 0 no-repeat;\r\n                    }\r\n                    #td_uid_1_69f71d230e706  .td-doubleSlider-2 .td-item6 {\r\n                        background: url(https:\/\/noticiasmercedinas.com\/site\/wp-content\/uploads\/2019\/07\/thumbnail_Tanque-Goleador-1-160x120.jpg) 0 0 no-repeat;\r\n                    }\r\n                <\/style>\r\n\r\n                <div id=\"td_uid_1_69f71d230e706\" class=\"td-gallery td-slide-on-2-columns\">\r\n                    <div class=\"post_td_gallery\">\r\n                        <div class=\"td-gallery-slide-top\">\r\n                           <div class=\"td-gallery-title\">El Front\u00f3n - Los Carteros<\/div>\r\n\r\n                            <div class=\"td-gallery-controls-wrapper\">\r\n                                <div class=\"td-gallery-slide-count\"><span class=\"td-gallery-slide-item-focus\">1<\/span> de 6<\/div>\r\n                                <div class=\"td-gallery-slide-prev-next-but\">\r\n                                    <i class = \"td-icon-left doubleSliderPrevButton\"><\/i>\r\n                                    <i class = \"td-icon-right doubleSliderNextButton\"><\/i>\r\n                                <\/div>\r\n                            <\/div>\r\n                        <\/div>\r\n\r\n                        <div class = \"td-doubleSlider-1 \">\r\n                            <div class = \"td-slider\">\r\n                                \r\n                    <div class = \"td-slide-item td-item1\">\r\n                        <figure class=\"td-slide-galery-figure td-slide-popup-gallery\">\r\n                            <a class=\"slide-gallery-image-link\" href=\"https:\/\/noticiasmercedinas.com\/site\/wp-content\/uploads\/2019\/07\/0b023aa1-ba47-4c58-a16f-cbe135887a49.jpg\" title=\"0b023aa1-ba47-4c58-a16f-cbe135887a49\"  data-caption=\"\"  data-description=\"\">\r\n                                <img decoding=\"async\" src=\"https:\/\/noticiasmercedinas.com\/site\/wp-content\/uploads\/2019\/07\/0b023aa1-ba47-4c58-a16f-cbe135887a49.jpg\" srcset=\"https:\/\/noticiasmercedinas.com\/site\/wp-content\/uploads\/2019\/07\/0b023aa1-ba47-4c58-a16f-cbe135887a49.jpg 552w, https:\/\/noticiasmercedinas.com\/site\/wp-content\/uploads\/2019\/07\/0b023aa1-ba47-4c58-a16f-cbe135887a49-300x225.jpg 300w, https:\/\/noticiasmercedinas.com\/site\/wp-content\/uploads\/2019\/07\/0b023aa1-ba47-4c58-a16f-cbe135887a49-80x60.jpg 80w, https:\/\/noticiasmercedinas.com\/site\/wp-content\/uploads\/2019\/07\/0b023aa1-ba47-4c58-a16f-cbe135887a49-160x120.jpg 160w, https:\/\/noticiasmercedinas.com\/site\/wp-content\/uploads\/2019\/07\/0b023aa1-ba47-4c58-a16f-cbe135887a49-100x75.jpg 100w, https:\/\/noticiasmercedinas.com\/site\/wp-content\/uploads\/2019\/07\/0b023aa1-ba47-4c58-a16f-cbe135887a49-200x150.jpg 200w, https:\/\/noticiasmercedinas.com\/site\/wp-content\/uploads\/2019\/07\/0b023aa1-ba47-4c58-a16f-cbe135887a49-180x135.jpg 180w, https:\/\/noticiasmercedinas.com\/site\/wp-content\/uploads\/2019\/07\/0b023aa1-ba47-4c58-a16f-cbe135887a49-360x270.jpg 360w, https:\/\/noticiasmercedinas.com\/site\/wp-content\/uploads\/2019\/07\/0b023aa1-ba47-4c58-a16f-cbe135887a49-238x178.jpg 238w, https:\/\/noticiasmercedinas.com\/site\/wp-content\/uploads\/2019\/07\/0b023aa1-ba47-4c58-a16f-cbe135887a49-476x356.jpg 476w\" sizes=\"(max-width: 552px) 100vw, 552px\" alt=\"\">\r\n                            <\/a>\r\n                            \r\n                        <\/figure>\r\n                    <\/div>\r\n                    <div class = \"td-slide-item td-item2\">\r\n                        <figure class=\"td-slide-galery-figure td-slide-popup-gallery\">\r\n                            <a class=\"slide-gallery-image-link\" href=\"https:\/\/noticiasmercedinas.com\/site\/wp-content\/uploads\/2019\/07\/7c99aa41-39f2-464e-a809-5dee01d65c1b.jpg\" title=\"7c99aa41-39f2-464e-a809-5dee01d65c1b\"  data-caption=\"\"  data-description=\"\">\r\n                                <img decoding=\"async\" src=\"https:\/\/noticiasmercedinas.com\/site\/wp-content\/uploads\/2019\/07\/7c99aa41-39f2-464e-a809-5dee01d65c1b.jpg\" srcset=\"https:\/\/noticiasmercedinas.com\/site\/wp-content\/uploads\/2019\/07\/7c99aa41-39f2-464e-a809-5dee01d65c1b.jpg 552w, https:\/\/noticiasmercedinas.com\/site\/wp-content\/uploads\/2019\/07\/7c99aa41-39f2-464e-a809-5dee01d65c1b-300x225.jpg 300w, https:\/\/noticiasmercedinas.com\/site\/wp-content\/uploads\/2019\/07\/7c99aa41-39f2-464e-a809-5dee01d65c1b-80x60.jpg 80w, https:\/\/noticiasmercedinas.com\/site\/wp-content\/uploads\/2019\/07\/7c99aa41-39f2-464e-a809-5dee01d65c1b-160x120.jpg 160w, https:\/\/noticiasmercedinas.com\/site\/wp-content\/uploads\/2019\/07\/7c99aa41-39f2-464e-a809-5dee01d65c1b-100x75.jpg 100w, https:\/\/noticiasmercedinas.com\/site\/wp-content\/uploads\/2019\/07\/7c99aa41-39f2-464e-a809-5dee01d65c1b-200x150.jpg 200w, https:\/\/noticiasmercedinas.com\/site\/wp-content\/uploads\/2019\/07\/7c99aa41-39f2-464e-a809-5dee01d65c1b-180x135.jpg 180w, https:\/\/noticiasmercedinas.com\/site\/wp-content\/uploads\/2019\/07\/7c99aa41-39f2-464e-a809-5dee01d65c1b-360x270.jpg 360w, https:\/\/noticiasmercedinas.com\/site\/wp-content\/uploads\/2019\/07\/7c99aa41-39f2-464e-a809-5dee01d65c1b-238x178.jpg 238w, https:\/\/noticiasmercedinas.com\/site\/wp-content\/uploads\/2019\/07\/7c99aa41-39f2-464e-a809-5dee01d65c1b-476x356.jpg 476w\" sizes=\"(max-width: 552px) 100vw, 552px\" alt=\"\">\r\n                            <\/a>\r\n                            \r\n                        <\/figure>\r\n                    <\/div>\r\n                    <div class = \"td-slide-item td-item3\">\r\n                        <figure class=\"td-slide-galery-figure td-slide-popup-gallery\">\r\n                            <a class=\"slide-gallery-image-link\" href=\"https:\/\/noticiasmercedinas.com\/site\/wp-content\/uploads\/2019\/07\/8e56e0ae-2b5d-43de-a556-2a695dd95476.jpg\" title=\"8e56e0ae-2b5d-43de-a556-2a695dd95476\"  data-caption=\"\"  data-description=\"\">\r\n                                <img decoding=\"async\" src=\"https:\/\/noticiasmercedinas.com\/site\/wp-content\/uploads\/2019\/07\/8e56e0ae-2b5d-43de-a556-2a695dd95476.jpg\" srcset=\"https:\/\/noticiasmercedinas.com\/site\/wp-content\/uploads\/2019\/07\/8e56e0ae-2b5d-43de-a556-2a695dd95476.jpg 414w, https:\/\/noticiasmercedinas.com\/site\/wp-content\/uploads\/2019\/07\/8e56e0ae-2b5d-43de-a556-2a695dd95476-300x214.jpg 300w\" sizes=\"(max-width: 414px) 100vw, 414px\" alt=\"\">\r\n                            <\/a>\r\n                            \r\n                        <\/figure>\r\n                    <\/div>\r\n                    <div class = \"td-slide-item td-item4\">\r\n                        <figure class=\"td-slide-galery-figure td-slide-popup-gallery\">\r\n                            <a class=\"slide-gallery-image-link\" href=\"https:\/\/noticiasmercedinas.com\/site\/wp-content\/uploads\/2019\/07\/Nicol\u00e1s-Montenegro.jpg\" title=\"Nicol\u00e1s Montenegro\"  data-caption=\"\"  data-description=\"\">\r\n                                <img decoding=\"async\" src=\"https:\/\/noticiasmercedinas.com\/site\/wp-content\/uploads\/2019\/07\/Nicol\u00e1s-Montenegro.jpg\" srcset=\"https:\/\/noticiasmercedinas.com\/site\/wp-content\/uploads\/2019\/07\/Nicol\u00e1s-Montenegro.jpg 858w, https:\/\/noticiasmercedinas.com\/site\/wp-content\/uploads\/2019\/07\/Nicol\u00e1s-Montenegro-300x288.jpg 300w, https:\/\/noticiasmercedinas.com\/site\/wp-content\/uploads\/2019\/07\/Nicol\u00e1s-Montenegro-768x738.jpg 768w, https:\/\/noticiasmercedinas.com\/site\/wp-content\/uploads\/2019\/07\/Nicol\u00e1s-Montenegro-640x615.jpg 640w, https:\/\/noticiasmercedinas.com\/site\/wp-content\/uploads\/2019\/07\/Nicol\u00e1s-Montenegro-681x655.jpg 681w\" sizes=\"(max-width: 858px) 100vw, 858px\" alt=\"\">\r\n                            <\/a>\r\n                            \r\n                        <\/figure>\r\n                    <\/div>\r\n                    <div class = \"td-slide-item td-item5\">\r\n                        <figure class=\"td-slide-galery-figure td-slide-popup-gallery\">\r\n                            <a class=\"slide-gallery-image-link\" href=\"https:\/\/noticiasmercedinas.com\/site\/wp-content\/uploads\/2019\/07\/thumbnail_Maniobra-Ibarbia.jpg\" title=\"thumbnail_Maniobra Ibarbia\"  data-caption=\"\"  data-description=\"\">\r\n                                <img decoding=\"async\" src=\"https:\/\/noticiasmercedinas.com\/site\/wp-content\/uploads\/2019\/07\/thumbnail_Maniobra-Ibarbia.jpg\" srcset=\"https:\/\/noticiasmercedinas.com\/site\/wp-content\/uploads\/2019\/07\/thumbnail_Maniobra-Ibarbia.jpg 1280w, https:\/\/noticiasmercedinas.com\/site\/wp-content\/uploads\/2019\/07\/thumbnail_Maniobra-Ibarbia-300x210.jpg 300w, https:\/\/noticiasmercedinas.com\/site\/wp-content\/uploads\/2019\/07\/thumbnail_Maniobra-Ibarbia-768x538.jpg 768w, https:\/\/noticiasmercedinas.com\/site\/wp-content\/uploads\/2019\/07\/thumbnail_Maniobra-Ibarbia-1024x717.jpg 1024w, https:\/\/noticiasmercedinas.com\/site\/wp-content\/uploads\/2019\/07\/thumbnail_Maniobra-Ibarbia-640x448.jpg 640w, https:\/\/noticiasmercedinas.com\/site\/wp-content\/uploads\/2019\/07\/thumbnail_Maniobra-Ibarbia-681x477.jpg 681w\" sizes=\"(max-width: 1280px) 100vw, 1280px\" alt=\"\">\r\n                            <\/a>\r\n                            \r\n                        <\/figure>\r\n                    <\/div>\r\n                    <div class = \"td-slide-item td-item6\">\r\n                        <figure class=\"td-slide-galery-figure td-slide-popup-gallery\">\r\n                            <a class=\"slide-gallery-image-link\" href=\"https:\/\/noticiasmercedinas.com\/site\/wp-content\/uploads\/2019\/07\/thumbnail_Tanque-Goleador-1.jpg\" title=\"thumbnail_Tanque Goleador\"  data-caption=\"\"  data-description=\"\">\r\n                                <img decoding=\"async\" src=\"https:\/\/noticiasmercedinas.com\/site\/wp-content\/uploads\/2019\/07\/thumbnail_Tanque-Goleador-1.jpg\" srcset=\"https:\/\/noticiasmercedinas.com\/site\/wp-content\/uploads\/2019\/07\/thumbnail_Tanque-Goleador-1.jpg 650w, https:\/\/noticiasmercedinas.com\/site\/wp-content\/uploads\/2019\/07\/thumbnail_Tanque-Goleador-1-300x190.jpg 300w, https:\/\/noticiasmercedinas.com\/site\/wp-content\/uploads\/2019\/07\/thumbnail_Tanque-Goleador-1-640x406.jpg 640w\" sizes=\"(max-width: 650px) 100vw, 650px\" alt=\"\">\r\n                            <\/a>\r\n                            \r\n                        <\/figure>\r\n                    <\/div>\r\n                            <\/div>\r\n                        <\/div>\r\n\r\n                        <div class = \"td-doubleSlider-2\">\r\n                            <div class = \"td-slider\">\r\n                                \r\n                    <div class = \"td-button td-item1\">\r\n                        <div class = \"td-border\"><\/div>\r\n                    <\/div>\r\n                    <div class = \"td-button td-item2\">\r\n                        <div class = \"td-border\"><\/div>\r\n                    <\/div>\r\n                    <div class = \"td-button td-item3\">\r\n                        <div class = \"td-border\"><\/div>\r\n                    <\/div>\r\n                    <div class = \"td-button td-item4\">\r\n                        <div class = \"td-border\"><\/div>\r\n                    <\/div>\r\n                    <div class = \"td-button td-item5\">\r\n                        <div class = \"td-border\"><\/div>\r\n                    <\/div>\r\n                    <div class = \"td-button td-item6\">\r\n                        <div class = \"td-border\"><\/div>\r\n                    <\/div>\r\n                            <\/div>\r\n                        <\/div>\r\n\r\n                    <\/div>\r\n\r\n                <\/div>\r\n                \n<p><strong>Reserva<\/strong><br \/>\nEn la previa del encuentro de Primera divisi\u00f3n se jug\u00f3 el encuentro de Reserva donde El Front\u00f3n gole\u00f3 a Los Carteros, con ello el equipo de San Andr\u00e9s de Giles vuelve a liderar la categor\u00eda.<\/p>\n<p><strong>Comunicaciones 0.<br \/>\nEl Front\u00f3n 6:<\/strong> Laureano Soggehi, Sergio G\u00f3mez, Santiago Crosetti, Ignacio Leiva, Juan Goelli y Agust\u00edn Ghesi.<\/p>\n\n<table id=\"tablepress-27\" class=\"tablepress tablepress-id-27\">\n<thead>\n<tr class=\"row-1\">\n\t<th class=\"column-1\">Reserva Zona C<\/th><td class=\"column-2\"><\/td><td class=\"column-3\"><\/td>\n<\/tr>\n<\/thead>\n<tbody class=\"row-striping row-hover\">\n<tr class=\"row-2\">\n\t<td class=\"column-1\">Equipos<\/td><td class=\"column-2\">PJ<\/td><td class=\"column-3\">Pts<\/td>\n<\/tr>\n<tr class=\"row-3\">\n\t<td class=\"column-1\">El Front\u00f3n<\/td><td class=\"column-2\">24<\/td><td class=\"column-3\">52<\/td>\n<\/tr>\n<tr class=\"row-4\">\n\t<td class=\"column-1\">Quilmes<\/td><td class=\"column-2\">23<\/td><td class=\"column-3\">37<\/td>\n<\/tr>\n<tr class=\"row-5\">\n\t<td class=\"column-1\">Los Carteros<\/td><td class=\"column-2\">23<\/td><td class=\"column-3\">30<\/td>\n<\/tr>\n<tr class=\"row-6\">\n\t<td class=\"column-1\">Defensores<\/td><td class=\"column-2\">24<\/td><td class=\"column-3\">26<\/td>\n<\/tr>\n<tr class=\"row-7\">\n\t<td class=\"column-1\">Talleres<\/td><td class=\"column-2\">23<\/td><td class=\"column-3\">24<\/td>\n<\/tr>\n<\/tbody>\n<\/table>\n<!-- #tablepress-27 from cache -->\n","protected":false},"excerpt":{"rendered":"<p>El lunes por la noche, en cancha de la Liga, fue local El Front\u00f3n ante Los Carteros luego de no poder jugar el \u00faltimo viernes tras la lluvia. La primera parte fue dejando una clara oportunidad del conjunto mercedino cuando a Jonathan Paj\u00f3n le ahogaron el grito de gol despejando la pelota sobre la l\u00ednea. [&hellip;]<\/p>\n","protected":false},"author":16,"featured_media":24511,"comment_status":"open","ping_status":"open","sticky":false,"template":"","format":"standard","meta":{"footnotes":""},"categories":[5],"tags":[3346,592],"class_list":["post-24510","post","type-post","status-publish","format-standard","has-post-thumbnail","hentry","category-deportes","tag-liga-mercedina-de-futbol","tag-reserva"],"yoast_head":"<!-- This site is optimized with the Yoast SEO plugin v27.5 - https:\/\/yoast.com\/product\/yoast-seo-wordpress\/ -->\n<title>El Front\u00f3n revalida su presente<\/title>\n<meta name=\"robots\" content=\"index, follow, max-snippet:-1, max-image-preview:large, max-video-preview:-1\" \/>\n<link rel=\"canonical\" href=\"https:\/\/noticiasmercedinas.com\/site\/2019\/07\/30\/el-fronton-revalida-su-presente\/\" \/>\n<meta property=\"og:locale\" content=\"es_ES\" \/>\n<meta property=\"og:type\" content=\"article\" \/>\n<meta property=\"og:title\" content=\"El Front\u00f3n revalida su presente\" \/>\n<meta property=\"og:description\" content=\"El lunes por la noche, en cancha de la Liga, fue local El Front\u00f3n ante Los Carteros luego de no poder jugar el \u00faltimo viernes tras la lluvia. La primera parte fue dejando una clara oportunidad del conjunto mercedino cuando a Jonathan Paj\u00f3n le ahogaron el grito de gol despejando la pelota sobre la l\u00ednea. [&hellip;]\" \/>\n<meta property=\"og:url\" content=\"https:\/\/noticiasmercedinas.com\/site\/2019\/07\/30\/el-fronton-revalida-su-presente\/\" \/>\n<meta property=\"og:site_name\" content=\"NOTICIASMERCEDINAS.COM\" \/>\n<meta property=\"article:publisher\" content=\"https:\/\/www.facebook.com\/noticiasmercedinas\/\" \/>\n<meta property=\"article:published_time\" content=\"2019-07-30T12:53:26+00:00\" \/>\n<meta property=\"og:image\" content=\"https:\/\/noticiasmercedinas.com\/site\/wp-content\/uploads\/2019\/07\/thumbnail_Tanque-Goleador.jpg\" \/>\n\t<meta property=\"og:image:width\" content=\"650\" \/>\n\t<meta property=\"og:image:height\" content=\"412\" \/>\n\t<meta property=\"og:image:type\" content=\"image\/jpeg\" \/>\n<meta name=\"author\" content=\"NOTICIASMERCEDINAS.COM\" \/>\n<meta name=\"twitter:card\" content=\"summary_large_image\" \/>\n<meta name=\"twitter:creator\" content=\"@notmercedinas\" \/>\n<meta name=\"twitter:site\" content=\"@notmercedinas\" \/>\n<meta name=\"twitter:label1\" content=\"Escrito por\" \/>\n\t<meta name=\"twitter:data1\" content=\"NOTICIASMERCEDINAS.COM\" \/>\n\t<meta name=\"twitter:label2\" content=\"Tiempo de lectura\" \/>\n\t<meta name=\"twitter:data2\" content=\"2 minutos\" \/>\n<script type=\"application\/ld+json\" class=\"yoast-schema-graph\">{\"@context\":\"https:\\\/\\\/schema.org\",\"@graph\":[{\"@type\":\"Article\",\"@id\":\"https:\\\/\\\/noticiasmercedinas.com\\\/site\\\/2019\\\/07\\\/30\\\/el-fronton-revalida-su-presente\\\/#article\",\"isPartOf\":{\"@id\":\"https:\\\/\\\/noticiasmercedinas.com\\\/site\\\/2019\\\/07\\\/30\\\/el-fronton-revalida-su-presente\\\/\"},\"author\":{\"name\":\"NOTICIASMERCEDINAS.COM\",\"@id\":\"https:\\\/\\\/noticiasmercedinas.com\\\/site\\\/#\\\/schema\\\/person\\\/84b59c099c28ff2e8b77d4ceec5d8063\"},\"headline\":\"El Front\u00f3n revalida su presente\",\"datePublished\":\"2019-07-30T12:53:26+00:00\",\"mainEntityOfPage\":{\"@id\":\"https:\\\/\\\/noticiasmercedinas.com\\\/site\\\/2019\\\/07\\\/30\\\/el-fronton-revalida-su-presente\\\/\"},\"wordCount\":442,\"commentCount\":0,\"publisher\":{\"@id\":\"https:\\\/\\\/noticiasmercedinas.com\\\/site\\\/#organization\"},\"image\":{\"@id\":\"https:\\\/\\\/noticiasmercedinas.com\\\/site\\\/2019\\\/07\\\/30\\\/el-fronton-revalida-su-presente\\\/#primaryimage\"},\"thumbnailUrl\":\"https:\\\/\\\/noticiasmercedinas.com\\\/site\\\/wp-content\\\/uploads\\\/2019\\\/07\\\/thumbnail_Tanque-Goleador.jpg\",\"keywords\":[\"Liga Mercedina de F\u00fatbol\",\"reserva\"],\"articleSection\":[\"Deportes\"],\"inLanguage\":\"es\",\"potentialAction\":[{\"@type\":\"CommentAction\",\"name\":\"Comment\",\"target\":[\"https:\\\/\\\/noticiasmercedinas.com\\\/site\\\/2019\\\/07\\\/30\\\/el-fronton-revalida-su-presente\\\/#respond\"]}]},{\"@type\":\"WebPage\",\"@id\":\"https:\\\/\\\/noticiasmercedinas.com\\\/site\\\/2019\\\/07\\\/30\\\/el-fronton-revalida-su-presente\\\/\",\"url\":\"https:\\\/\\\/noticiasmercedinas.com\\\/site\\\/2019\\\/07\\\/30\\\/el-fronton-revalida-su-presente\\\/\",\"name\":\"El Front\u00f3n revalida su presente\",\"isPartOf\":{\"@id\":\"https:\\\/\\\/noticiasmercedinas.com\\\/site\\\/#website\"},\"primaryImageOfPage\":{\"@id\":\"https:\\\/\\\/noticiasmercedinas.com\\\/site\\\/2019\\\/07\\\/30\\\/el-fronton-revalida-su-presente\\\/#primaryimage\"},\"image\":{\"@id\":\"https:\\\/\\\/noticiasmercedinas.com\\\/site\\\/2019\\\/07\\\/30\\\/el-fronton-revalida-su-presente\\\/#primaryimage\"},\"thumbnailUrl\":\"https:\\\/\\\/noticiasmercedinas.com\\\/site\\\/wp-content\\\/uploads\\\/2019\\\/07\\\/thumbnail_Tanque-Goleador.jpg\",\"datePublished\":\"2019-07-30T12:53:26+00:00\",\"breadcrumb\":{\"@id\":\"https:\\\/\\\/noticiasmercedinas.com\\\/site\\\/2019\\\/07\\\/30\\\/el-fronton-revalida-su-presente\\\/#breadcrumb\"},\"inLanguage\":\"es\",\"potentialAction\":[{\"@type\":\"ReadAction\",\"target\":[\"https:\\\/\\\/noticiasmercedinas.com\\\/site\\\/2019\\\/07\\\/30\\\/el-fronton-revalida-su-presente\\\/\"]}]},{\"@type\":\"ImageObject\",\"inLanguage\":\"es\",\"@id\":\"https:\\\/\\\/noticiasmercedinas.com\\\/site\\\/2019\\\/07\\\/30\\\/el-fronton-revalida-su-presente\\\/#primaryimage\",\"url\":\"https:\\\/\\\/noticiasmercedinas.com\\\/site\\\/wp-content\\\/uploads\\\/2019\\\/07\\\/thumbnail_Tanque-Goleador.jpg\",\"contentUrl\":\"https:\\\/\\\/noticiasmercedinas.com\\\/site\\\/wp-content\\\/uploads\\\/2019\\\/07\\\/thumbnail_Tanque-Goleador.jpg\",\"width\":650,\"height\":412},{\"@type\":\"BreadcrumbList\",\"@id\":\"https:\\\/\\\/noticiasmercedinas.com\\\/site\\\/2019\\\/07\\\/30\\\/el-fronton-revalida-su-presente\\\/#breadcrumb\",\"itemListElement\":[{\"@type\":\"ListItem\",\"position\":1,\"name\":\"Portada\",\"item\":\"https:\\\/\\\/noticiasmercedinas.com\\\/site\\\/\"},{\"@type\":\"ListItem\",\"position\":2,\"name\":\"El Front\u00f3n revalida su presente\"}]},{\"@type\":\"WebSite\",\"@id\":\"https:\\\/\\\/noticiasmercedinas.com\\\/site\\\/#website\",\"url\":\"https:\\\/\\\/noticiasmercedinas.com\\\/site\\\/\",\"name\":\"NOTICIASMERCEDINAS.COM\",\"description\":\"Mercedes, Buenos Aires, Argentina\",\"publisher\":{\"@id\":\"https:\\\/\\\/noticiasmercedinas.com\\\/site\\\/#organization\"},\"potentialAction\":[{\"@type\":\"SearchAction\",\"target\":{\"@type\":\"EntryPoint\",\"urlTemplate\":\"https:\\\/\\\/noticiasmercedinas.com\\\/site\\\/?s={search_term_string}\"},\"query-input\":{\"@type\":\"PropertyValueSpecification\",\"valueRequired\":true,\"valueName\":\"search_term_string\"}}],\"inLanguage\":\"es\"},{\"@type\":\"Organization\",\"@id\":\"https:\\\/\\\/noticiasmercedinas.com\\\/site\\\/#organization\",\"name\":\"NOTICIASMERCEDINAS.COM\",\"url\":\"https:\\\/\\\/noticiasmercedinas.com\\\/site\\\/\",\"logo\":{\"@type\":\"ImageObject\",\"inLanguage\":\"es\",\"@id\":\"https:\\\/\\\/noticiasmercedinas.com\\\/site\\\/#\\\/schema\\\/logo\\\/image\\\/\",\"url\":\"https:\\\/\\\/noticiasmercedinas.com\\\/site\\\/wp-content\\\/uploads\\\/2020\\\/06\\\/LOGO-512.jpg\",\"contentUrl\":\"https:\\\/\\\/noticiasmercedinas.com\\\/site\\\/wp-content\\\/uploads\\\/2020\\\/06\\\/LOGO-512.jpg\",\"width\":512,\"height\":512,\"caption\":\"NOTICIASMERCEDINAS.COM\"},\"image\":{\"@id\":\"https:\\\/\\\/noticiasmercedinas.com\\\/site\\\/#\\\/schema\\\/logo\\\/image\\\/\"},\"sameAs\":[\"https:\\\/\\\/www.facebook.com\\\/noticiasmercedinas\\\/\",\"https:\\\/\\\/x.com\\\/notmercedinas\",\"https:\\\/\\\/www.instagram.com\\\/noticiasmercedinas\\\/\"]},{\"@type\":\"Person\",\"@id\":\"https:\\\/\\\/noticiasmercedinas.com\\\/site\\\/#\\\/schema\\\/person\\\/84b59c099c28ff2e8b77d4ceec5d8063\",\"name\":\"NOTICIASMERCEDINAS.COM\",\"image\":{\"@type\":\"ImageObject\",\"inLanguage\":\"es\",\"@id\":\"https:\\\/\\\/secure.gravatar.com\\\/avatar\\\/4dfbf16b4d17945bfb6341b2d19043457132fcf478a5ee04f42e959fd8f5df0a?s=96&d=mm&r=g\",\"url\":\"https:\\\/\\\/secure.gravatar.com\\\/avatar\\\/4dfbf16b4d17945bfb6341b2d19043457132fcf478a5ee04f42e959fd8f5df0a?s=96&d=mm&r=g\",\"contentUrl\":\"https:\\\/\\\/secure.gravatar.com\\\/avatar\\\/4dfbf16b4d17945bfb6341b2d19043457132fcf478a5ee04f42e959fd8f5df0a?s=96&d=mm&r=g\",\"caption\":\"NOTICIASMERCEDINAS.COM\"},\"url\":\"https:\\\/\\\/noticiasmercedinas.com\\\/site\\\/author\\\/anonimo\\\/\"}]}<\/script>\n<!-- \/ Yoast SEO plugin. -->","yoast_head_json":{"title":"El Front\u00f3n revalida su presente","robots":{"index":"index","follow":"follow","max-snippet":"max-snippet:-1","max-image-preview":"max-image-preview:large","max-video-preview":"max-video-preview:-1"},"canonical":"https:\/\/noticiasmercedinas.com\/site\/2019\/07\/30\/el-fronton-revalida-su-presente\/","og_locale":"es_ES","og_type":"article","og_title":"El Front\u00f3n revalida su presente","og_description":"El lunes por la noche, en cancha de la Liga, fue local El Front\u00f3n ante Los Carteros luego de no poder jugar el \u00faltimo viernes tras la lluvia. La primera parte fue dejando una clara oportunidad del conjunto mercedino cuando a Jonathan Paj\u00f3n le ahogaron el grito de gol despejando la pelota sobre la l\u00ednea. [&hellip;]","og_url":"https:\/\/noticiasmercedinas.com\/site\/2019\/07\/30\/el-fronton-revalida-su-presente\/","og_site_name":"NOTICIASMERCEDINAS.COM","article_publisher":"https:\/\/www.facebook.com\/noticiasmercedinas\/","article_published_time":"2019-07-30T12:53:26+00:00","og_image":[{"width":650,"height":412,"url":"https:\/\/noticiasmercedinas.com\/site\/wp-content\/uploads\/2019\/07\/thumbnail_Tanque-Goleador.jpg","type":"image\/jpeg"}],"author":"NOTICIASMERCEDINAS.COM","twitter_card":"summary_large_image","twitter_creator":"@notmercedinas","twitter_site":"@notmercedinas","twitter_misc":{"Escrito por":"NOTICIASMERCEDINAS.COM","Tiempo de lectura":"2 minutos"},"schema":{"@context":"https:\/\/schema.org","@graph":[{"@type":"Article","@id":"https:\/\/noticiasmercedinas.com\/site\/2019\/07\/30\/el-fronton-revalida-su-presente\/#article","isPartOf":{"@id":"https:\/\/noticiasmercedinas.com\/site\/2019\/07\/30\/el-fronton-revalida-su-presente\/"},"author":{"name":"NOTICIASMERCEDINAS.COM","@id":"https:\/\/noticiasmercedinas.com\/site\/#\/schema\/person\/84b59c099c28ff2e8b77d4ceec5d8063"},"headline":"El Front\u00f3n revalida su presente","datePublished":"2019-07-30T12:53:26+00:00","mainEntityOfPage":{"@id":"https:\/\/noticiasmercedinas.com\/site\/2019\/07\/30\/el-fronton-revalida-su-presente\/"},"wordCount":442,"commentCount":0,"publisher":{"@id":"https:\/\/noticiasmercedinas.com\/site\/#organization"},"image":{"@id":"https:\/\/noticiasmercedinas.com\/site\/2019\/07\/30\/el-fronton-revalida-su-presente\/#primaryimage"},"thumbnailUrl":"https:\/\/noticiasmercedinas.com\/site\/wp-content\/uploads\/2019\/07\/thumbnail_Tanque-Goleador.jpg","keywords":["Liga Mercedina de F\u00fatbol","reserva"],"articleSection":["Deportes"],"inLanguage":"es","potentialAction":[{"@type":"CommentAction","name":"Comment","target":["https:\/\/noticiasmercedinas.com\/site\/2019\/07\/30\/el-fronton-revalida-su-presente\/#respond"]}]},{"@type":"WebPage","@id":"https:\/\/noticiasmercedinas.com\/site\/2019\/07\/30\/el-fronton-revalida-su-presente\/","url":"https:\/\/noticiasmercedinas.com\/site\/2019\/07\/30\/el-fronton-revalida-su-presente\/","name":"El Front\u00f3n revalida su presente","isPartOf":{"@id":"https:\/\/noticiasmercedinas.com\/site\/#website"},"primaryImageOfPage":{"@id":"https:\/\/noticiasmercedinas.com\/site\/2019\/07\/30\/el-fronton-revalida-su-presente\/#primaryimage"},"image":{"@id":"https:\/\/noticiasmercedinas.com\/site\/2019\/07\/30\/el-fronton-revalida-su-presente\/#primaryimage"},"thumbnailUrl":"https:\/\/noticiasmercedinas.com\/site\/wp-content\/uploads\/2019\/07\/thumbnail_Tanque-Goleador.jpg","datePublished":"2019-07-30T12:53:26+00:00","breadcrumb":{"@id":"https:\/\/noticiasmercedinas.com\/site\/2019\/07\/30\/el-fronton-revalida-su-presente\/#breadcrumb"},"inLanguage":"es","potentialAction":[{"@type":"ReadAction","target":["https:\/\/noticiasmercedinas.com\/site\/2019\/07\/30\/el-fronton-revalida-su-presente\/"]}]},{"@type":"ImageObject","inLanguage":"es","@id":"https:\/\/noticiasmercedinas.com\/site\/2019\/07\/30\/el-fronton-revalida-su-presente\/#primaryimage","url":"https:\/\/noticiasmercedinas.com\/site\/wp-content\/uploads\/2019\/07\/thumbnail_Tanque-Goleador.jpg","contentUrl":"https:\/\/noticiasmercedinas.com\/site\/wp-content\/uploads\/2019\/07\/thumbnail_Tanque-Goleador.jpg","width":650,"height":412},{"@type":"BreadcrumbList","@id":"https:\/\/noticiasmercedinas.com\/site\/2019\/07\/30\/el-fronton-revalida-su-presente\/#breadcrumb","itemListElement":[{"@type":"ListItem","position":1,"name":"Portada","item":"https:\/\/noticiasmercedinas.com\/site\/"},{"@type":"ListItem","position":2,"name":"El Front\u00f3n revalida su presente"}]},{"@type":"WebSite","@id":"https:\/\/noticiasmercedinas.com\/site\/#website","url":"https:\/\/noticiasmercedinas.com\/site\/","name":"NOTICIASMERCEDINAS.COM","description":"Mercedes, Buenos Aires, Argentina","publisher":{"@id":"https:\/\/noticiasmercedinas.com\/site\/#organization"},"potentialAction":[{"@type":"SearchAction","target":{"@type":"EntryPoint","urlTemplate":"https:\/\/noticiasmercedinas.com\/site\/?s={search_term_string}"},"query-input":{"@type":"PropertyValueSpecification","valueRequired":true,"valueName":"search_term_string"}}],"inLanguage":"es"},{"@type":"Organization","@id":"https:\/\/noticiasmercedinas.com\/site\/#organization","name":"NOTICIASMERCEDINAS.COM","url":"https:\/\/noticiasmercedinas.com\/site\/","logo":{"@type":"ImageObject","inLanguage":"es","@id":"https:\/\/noticiasmercedinas.com\/site\/#\/schema\/logo\/image\/","url":"https:\/\/noticiasmercedinas.com\/site\/wp-content\/uploads\/2020\/06\/LOGO-512.jpg","contentUrl":"https:\/\/noticiasmercedinas.com\/site\/wp-content\/uploads\/2020\/06\/LOGO-512.jpg","width":512,"height":512,"caption":"NOTICIASMERCEDINAS.COM"},"image":{"@id":"https:\/\/noticiasmercedinas.com\/site\/#\/schema\/logo\/image\/"},"sameAs":["https:\/\/www.facebook.com\/noticiasmercedinas\/","https:\/\/x.com\/notmercedinas","https:\/\/www.instagram.com\/noticiasmercedinas\/"]},{"@type":"Person","@id":"https:\/\/noticiasmercedinas.com\/site\/#\/schema\/person\/84b59c099c28ff2e8b77d4ceec5d8063","name":"NOTICIASMERCEDINAS.COM","image":{"@type":"ImageObject","inLanguage":"es","@id":"https:\/\/secure.gravatar.com\/avatar\/4dfbf16b4d17945bfb6341b2d19043457132fcf478a5ee04f42e959fd8f5df0a?s=96&d=mm&r=g","url":"https:\/\/secure.gravatar.com\/avatar\/4dfbf16b4d17945bfb6341b2d19043457132fcf478a5ee04f42e959fd8f5df0a?s=96&d=mm&r=g","contentUrl":"https:\/\/secure.gravatar.com\/avatar\/4dfbf16b4d17945bfb6341b2d19043457132fcf478a5ee04f42e959fd8f5df0a?s=96&d=mm&r=g","caption":"NOTICIASMERCEDINAS.COM"},"url":"https:\/\/noticiasmercedinas.com\/site\/author\/anonimo\/"}]}},"amp_enabled":true,"_links":{"self":[{"href":"https:\/\/noticiasmercedinas.com\/site\/wp-json\/wp\/v2\/posts\/24510","targetHints":{"allow":["GET"]}}],"collection":[{"href":"https:\/\/noticiasmercedinas.com\/site\/wp-json\/wp\/v2\/posts"}],"about":[{"href":"https:\/\/noticiasmercedinas.com\/site\/wp-json\/wp\/v2\/types\/post"}],"author":[{"embeddable":true,"href":"https:\/\/noticiasmercedinas.com\/site\/wp-json\/wp\/v2\/users\/16"}],"replies":[{"embeddable":true,"href":"https:\/\/noticiasmercedinas.com\/site\/wp-json\/wp\/v2\/comments?post=24510"}],"version-history":[{"count":1,"href":"https:\/\/noticiasmercedinas.com\/site\/wp-json\/wp\/v2\/posts\/24510\/revisions"}],"predecessor-version":[{"id":24518,"href":"https:\/\/noticiasmercedinas.com\/site\/wp-json\/wp\/v2\/posts\/24510\/revisions\/24518"}],"wp:featuredmedia":[{"embeddable":true,"href":"https:\/\/noticiasmercedinas.com\/site\/wp-json\/wp\/v2\/media\/24511"}],"wp:attachment":[{"href":"https:\/\/noticiasmercedinas.com\/site\/wp-json\/wp\/v2\/media?parent=24510"}],"wp:term":[{"taxonomy":"category","embeddable":true,"href":"https:\/\/noticiasmercedinas.com\/site\/wp-json\/wp\/v2\/categories?post=24510"},{"taxonomy":"post_tag","embeddable":true,"href":"https:\/\/noticiasmercedinas.com\/site\/wp-json\/wp\/v2\/tags?post=24510"}],"curies":[{"name":"wp","href":"https:\/\/api.w.org\/{rel}","templated":true}]}}