{"id":24538,"date":"2019-07-30T19:51:19","date_gmt":"2019-07-30T22:51:19","guid":{"rendered":"https:\/\/noticiasmercedinas.com\/site\/?p=24538"},"modified":"2019-07-30T19:53:02","modified_gmt":"2019-07-30T22:53:02","slug":"2034-jovenes-mercedinos-podran-votar-por-primera-vez","status":"publish","type":"post","link":"https:\/\/noticiasmercedinas.com\/site\/2019\/07\/30\/2034-jovenes-mercedinos-podran-votar-por-primera-vez\/","title":{"rendered":"2034 j\u00f3venes mercedinos podr\u00e1n votar por primera vez"},"content":{"rendered":"<p><a href=\"https:\/\/noticiasmercedinas.com\/site\/wp-content\/uploads\/2019\/07\/adolescente.png\"><img loading=\"lazy\" decoding=\"async\" class=\"alignnone size-full wp-image-24539\" src=\"https:\/\/noticiasmercedinas.com\/site\/wp-content\/uploads\/2019\/07\/adolescente.png\" alt=\"\" width=\"640\" height=\"427\" srcset=\"https:\/\/noticiasmercedinas.com\/site\/wp-content\/uploads\/2019\/07\/adolescente.png 640w, https:\/\/noticiasmercedinas.com\/site\/wp-content\/uploads\/2019\/07\/adolescente-300x200.png 300w\" sizes=\"auto, (max-width: 640px) 100vw, 640px\" \/><\/a><\/p>\n<p>En Mercedes, 2.034 j\u00f3venes de entre 16 y 18 a\u00f1os podr\u00e1n votar por primera vez en las elecciones Primarias del 11 de agosto. Representan el 3,7% del padr\u00f3n municipal, compuesto por 54.992 personas.<\/p>\n<p>En este marco, el gobierno bonaerense gener\u00f3 diferentes materiales de capacitaci\u00f3n electoral para quienes nunca ingresaron al cuarto oscuro. La Subsecretar\u00eda de Asuntos Parlamentarios y Electorales trabaj\u00f3 junto con otros organismos a nivel provincial y nacional en la capacitaci\u00f3n de los j\u00f3venes electores. Se realizaron jornadas en escuelas secundarias de la Provincia y fue distribuido material informativo para cubrir sus dudas.<\/p>\n<p>En la provincia de Buenos Aires son un total de 538.551 los adolescentes de esa edad que emitir\u00e1n su primer sufragio y representan el 4,3% del electorado de 12.515.631 de ciudadanos nativos y nacionalizados.<\/p>\n<p>Al padr\u00f3n electoral bonaerense, adem\u00e1s, hay que agregarle aproximadamente 700 mil electores extranjeros, habilitados para votar categor\u00edas provinciales y municipales desde los 18 a\u00f1os.<\/p>\n<p>En 2017, cuando se realizaron elecciones parlamentarias, la participaci\u00f3n de este segmento en la Provincia fue del 56%. Este a\u00f1o, por ejemplo, podr\u00e1n votar: 189.866 de estos j\u00f3venes en la Primera Secci\u00f3n, lo que representa un 4,3% del padr\u00f3n.<\/p>\n<p>\u201cEs importante que los j\u00f3venes a partir de 16 a\u00f1os hagan valer su derecho de elegir a sus representantes consagrado en la legislaci\u00f3n electoral. Desde el Estado Provincial impulsamos iniciativas de formaci\u00f3n ciudadana para que el ejercicio de ese derecho se de en un marco amplio, plural y democr\u00e1tico para que los j\u00f3venes decidan con autonom\u00eda\u201d, dijo Manuel Terr\u00e1dez, subsecretario de Asuntos Parlamentarios y Electorales.<\/p>\n<p>La ley nacional 26.774 y la provincial 14.456, que rigen desde 2012, habilitan que los j\u00f3venes a partir de los 16 a\u00f1os puedan votar (siempre que est\u00e9n registrados en el padr\u00f3n) en las elecciones de orden nacional y en las provinciales y municipales.<\/p>\n<p>Estos adolescentes est\u00e1n incluidos en el mismo r\u00e9gimen que los mayores de 70 a\u00f1os, es decir, el voto es obligatorio pero en caso de abstenci\u00f3n no son considerados infractores.<\/p>\n","protected":false},"excerpt":{"rendered":"<p>En Mercedes, 2.034 j\u00f3venes de entre 16 y 18 a\u00f1os podr\u00e1n votar por primera vez en las elecciones Primarias del 11 de agosto. Representan el 3,7% del padr\u00f3n municipal, compuesto por 54.992 personas. En este marco, el gobierno bonaerense gener\u00f3 diferentes materiales de capacitaci\u00f3n electoral para quienes nunca ingresaron al cuarto oscuro. La Subsecretar\u00eda de [&hellip;]<\/p>\n","protected":false},"author":16,"featured_media":24539,"comment_status":"open","ping_status":"open","sticky":false,"template":"","format":"standard","meta":{"footnotes":""},"categories":[16],"tags":[5905,5904,5718],"class_list":["post-24538","post","type-post","status-publish","format-standard","has-post-thumbnail","hentry","category-politica","tag-padron","tag-subsecretaria-de-asuntos-parlamentarios-y-electorales","tag-voto-joven"],"yoast_head":"<!-- This site is optimized with the Yoast SEO plugin v27.5 - https:\/\/yoast.com\/product\/yoast-seo-wordpress\/ -->\n<title>2034 j\u00f3venes mercedinos podr\u00e1n votar por primera vez<\/title>\n<meta name=\"robots\" content=\"index, follow, max-snippet:-1, max-image-preview:large, max-video-preview:-1\" \/>\n<link rel=\"canonical\" href=\"https:\/\/noticiasmercedinas.com\/site\/2019\/07\/30\/2034-jovenes-mercedinos-podran-votar-por-primera-vez\/\" \/>\n<meta property=\"og:locale\" content=\"es_ES\" \/>\n<meta property=\"og:type\" content=\"article\" \/>\n<meta property=\"og:title\" content=\"2034 j\u00f3venes mercedinos podr\u00e1n votar por primera vez\" \/>\n<meta property=\"og:description\" content=\"En Mercedes, 2.034 j\u00f3venes de entre 16 y 18 a\u00f1os podr\u00e1n votar por primera vez en las elecciones Primarias del 11 de agosto. Representan el 3,7% del padr\u00f3n municipal, compuesto por 54.992 personas. En este marco, el gobierno bonaerense gener\u00f3 diferentes materiales de capacitaci\u00f3n electoral para quienes nunca ingresaron al cuarto oscuro. La Subsecretar\u00eda de [&hellip;]\" \/>\n<meta property=\"og:url\" content=\"https:\/\/noticiasmercedinas.com\/site\/2019\/07\/30\/2034-jovenes-mercedinos-podran-votar-por-primera-vez\/\" \/>\n<meta property=\"og:site_name\" content=\"NOTICIASMERCEDINAS.COM\" \/>\n<meta property=\"article:publisher\" content=\"https:\/\/www.facebook.com\/noticiasmercedinas\/\" \/>\n<meta property=\"article:published_time\" content=\"2019-07-30T22:51:19+00:00\" \/>\n<meta property=\"article:modified_time\" content=\"2019-07-30T22:53:02+00:00\" \/>\n<meta property=\"og:image\" content=\"https:\/\/noticiasmercedinas.com\/site\/wp-content\/uploads\/2019\/07\/adolescente.png\" \/>\n\t<meta property=\"og:image:width\" content=\"640\" \/>\n\t<meta property=\"og:image:height\" content=\"427\" \/>\n\t<meta property=\"og:image:type\" content=\"image\/png\" \/>\n<meta name=\"author\" content=\"NOTICIASMERCEDINAS.COM\" \/>\n<meta name=\"twitter:card\" content=\"summary_large_image\" \/>\n<meta name=\"twitter:creator\" content=\"@notmercedinas\" \/>\n<meta name=\"twitter:site\" content=\"@notmercedinas\" \/>\n<meta name=\"twitter:label1\" content=\"Escrito por\" \/>\n\t<meta name=\"twitter:data1\" content=\"NOTICIASMERCEDINAS.COM\" \/>\n\t<meta name=\"twitter:label2\" content=\"Tiempo de lectura\" \/>\n\t<meta name=\"twitter:data2\" content=\"2 minutos\" \/>\n<script type=\"application\/ld+json\" class=\"yoast-schema-graph\">{\"@context\":\"https:\\\/\\\/schema.org\",\"@graph\":[{\"@type\":\"Article\",\"@id\":\"https:\\\/\\\/noticiasmercedinas.com\\\/site\\\/2019\\\/07\\\/30\\\/2034-jovenes-mercedinos-podran-votar-por-primera-vez\\\/#article\",\"isPartOf\":{\"@id\":\"https:\\\/\\\/noticiasmercedinas.com\\\/site\\\/2019\\\/07\\\/30\\\/2034-jovenes-mercedinos-podran-votar-por-primera-vez\\\/\"},\"author\":{\"name\":\"NOTICIASMERCEDINAS.COM\",\"@id\":\"https:\\\/\\\/noticiasmercedinas.com\\\/site\\\/#\\\/schema\\\/person\\\/84b59c099c28ff2e8b77d4ceec5d8063\"},\"headline\":\"2034 j\u00f3venes mercedinos podr\u00e1n votar por primera vez\",\"datePublished\":\"2019-07-30T22:51:19+00:00\",\"dateModified\":\"2019-07-30T22:53:02+00:00\",\"mainEntityOfPage\":{\"@id\":\"https:\\\/\\\/noticiasmercedinas.com\\\/site\\\/2019\\\/07\\\/30\\\/2034-jovenes-mercedinos-podran-votar-por-primera-vez\\\/\"},\"wordCount\":351,\"commentCount\":0,\"publisher\":{\"@id\":\"https:\\\/\\\/noticiasmercedinas.com\\\/site\\\/#organization\"},\"image\":{\"@id\":\"https:\\\/\\\/noticiasmercedinas.com\\\/site\\\/2019\\\/07\\\/30\\\/2034-jovenes-mercedinos-podran-votar-por-primera-vez\\\/#primaryimage\"},\"thumbnailUrl\":\"https:\\\/\\\/noticiasmercedinas.com\\\/site\\\/wp-content\\\/uploads\\\/2019\\\/07\\\/adolescente.png\",\"keywords\":[\"Padr\u00f3n\",\"Subsecretar\u00eda de Asuntos Parlamentarios y Electorales\",\"voto joven\"],\"articleSection\":[\"Politica\"],\"inLanguage\":\"es\",\"potentialAction\":[{\"@type\":\"CommentAction\",\"name\":\"Comment\",\"target\":[\"https:\\\/\\\/noticiasmercedinas.com\\\/site\\\/2019\\\/07\\\/30\\\/2034-jovenes-mercedinos-podran-votar-por-primera-vez\\\/#respond\"]}]},{\"@type\":\"WebPage\",\"@id\":\"https:\\\/\\\/noticiasmercedinas.com\\\/site\\\/2019\\\/07\\\/30\\\/2034-jovenes-mercedinos-podran-votar-por-primera-vez\\\/\",\"url\":\"https:\\\/\\\/noticiasmercedinas.com\\\/site\\\/2019\\\/07\\\/30\\\/2034-jovenes-mercedinos-podran-votar-por-primera-vez\\\/\",\"name\":\"2034 j\u00f3venes mercedinos podr\u00e1n votar por primera vez\",\"isPartOf\":{\"@id\":\"https:\\\/\\\/noticiasmercedinas.com\\\/site\\\/#website\"},\"primaryImageOfPage\":{\"@id\":\"https:\\\/\\\/noticiasmercedinas.com\\\/site\\\/2019\\\/07\\\/30\\\/2034-jovenes-mercedinos-podran-votar-por-primera-vez\\\/#primaryimage\"},\"image\":{\"@id\":\"https:\\\/\\\/noticiasmercedinas.com\\\/site\\\/2019\\\/07\\\/30\\\/2034-jovenes-mercedinos-podran-votar-por-primera-vez\\\/#primaryimage\"},\"thumbnailUrl\":\"https:\\\/\\\/noticiasmercedinas.com\\\/site\\\/wp-content\\\/uploads\\\/2019\\\/07\\\/adolescente.png\",\"datePublished\":\"2019-07-30T22:51:19+00:00\",\"dateModified\":\"2019-07-30T22:53:02+00:00\",\"breadcrumb\":{\"@id\":\"https:\\\/\\\/noticiasmercedinas.com\\\/site\\\/2019\\\/07\\\/30\\\/2034-jovenes-mercedinos-podran-votar-por-primera-vez\\\/#breadcrumb\"},\"inLanguage\":\"es\",\"potentialAction\":[{\"@type\":\"ReadAction\",\"target\":[\"https:\\\/\\\/noticiasmercedinas.com\\\/site\\\/2019\\\/07\\\/30\\\/2034-jovenes-mercedinos-podran-votar-por-primera-vez\\\/\"]}]},{\"@type\":\"ImageObject\",\"inLanguage\":\"es\",\"@id\":\"https:\\\/\\\/noticiasmercedinas.com\\\/site\\\/2019\\\/07\\\/30\\\/2034-jovenes-mercedinos-podran-votar-por-primera-vez\\\/#primaryimage\",\"url\":\"https:\\\/\\\/noticiasmercedinas.com\\\/site\\\/wp-content\\\/uploads\\\/2019\\\/07\\\/adolescente.png\",\"contentUrl\":\"https:\\\/\\\/noticiasmercedinas.com\\\/site\\\/wp-content\\\/uploads\\\/2019\\\/07\\\/adolescente.png\",\"width\":640,\"height\":427},{\"@type\":\"BreadcrumbList\",\"@id\":\"https:\\\/\\\/noticiasmercedinas.com\\\/site\\\/2019\\\/07\\\/30\\\/2034-jovenes-mercedinos-podran-votar-por-primera-vez\\\/#breadcrumb\",\"itemListElement\":[{\"@type\":\"ListItem\",\"position\":1,\"name\":\"Portada\",\"item\":\"https:\\\/\\\/noticiasmercedinas.com\\\/site\\\/\"},{\"@type\":\"ListItem\",\"position\":2,\"name\":\"2034 j\u00f3venes mercedinos podr\u00e1n votar por primera vez\"}]},{\"@type\":\"WebSite\",\"@id\":\"https:\\\/\\\/noticiasmercedinas.com\\\/site\\\/#website\",\"url\":\"https:\\\/\\\/noticiasmercedinas.com\\\/site\\\/\",\"name\":\"NOTICIASMERCEDINAS.COM\",\"description\":\"Mercedes, Buenos Aires, Argentina\",\"publisher\":{\"@id\":\"https:\\\/\\\/noticiasmercedinas.com\\\/site\\\/#organization\"},\"potentialAction\":[{\"@type\":\"SearchAction\",\"target\":{\"@type\":\"EntryPoint\",\"urlTemplate\":\"https:\\\/\\\/noticiasmercedinas.com\\\/site\\\/?s={search_term_string}\"},\"query-input\":{\"@type\":\"PropertyValueSpecification\",\"valueRequired\":true,\"valueName\":\"search_term_string\"}}],\"inLanguage\":\"es\"},{\"@type\":\"Organization\",\"@id\":\"https:\\\/\\\/noticiasmercedinas.com\\\/site\\\/#organization\",\"name\":\"NOTICIASMERCEDINAS.COM\",\"url\":\"https:\\\/\\\/noticiasmercedinas.com\\\/site\\\/\",\"logo\":{\"@type\":\"ImageObject\",\"inLanguage\":\"es\",\"@id\":\"https:\\\/\\\/noticiasmercedinas.com\\\/site\\\/#\\\/schema\\\/logo\\\/image\\\/\",\"url\":\"https:\\\/\\\/noticiasmercedinas.com\\\/site\\\/wp-content\\\/uploads\\\/2020\\\/06\\\/LOGO-512.jpg\",\"contentUrl\":\"https:\\\/\\\/noticiasmercedinas.com\\\/site\\\/wp-content\\\/uploads\\\/2020\\\/06\\\/LOGO-512.jpg\",\"width\":512,\"height\":512,\"caption\":\"NOTICIASMERCEDINAS.COM\"},\"image\":{\"@id\":\"https:\\\/\\\/noticiasmercedinas.com\\\/site\\\/#\\\/schema\\\/logo\\\/image\\\/\"},\"sameAs\":[\"https:\\\/\\\/www.facebook.com\\\/noticiasmercedinas\\\/\",\"https:\\\/\\\/x.com\\\/notmercedinas\",\"https:\\\/\\\/www.instagram.com\\\/noticiasmercedinas\\\/\"]},{\"@type\":\"Person\",\"@id\":\"https:\\\/\\\/noticiasmercedinas.com\\\/site\\\/#\\\/schema\\\/person\\\/84b59c099c28ff2e8b77d4ceec5d8063\",\"name\":\"NOTICIASMERCEDINAS.COM\",\"image\":{\"@type\":\"ImageObject\",\"inLanguage\":\"es\",\"@id\":\"https:\\\/\\\/secure.gravatar.com\\\/avatar\\\/4dfbf16b4d17945bfb6341b2d19043457132fcf478a5ee04f42e959fd8f5df0a?s=96&d=mm&r=g\",\"url\":\"https:\\\/\\\/secure.gravatar.com\\\/avatar\\\/4dfbf16b4d17945bfb6341b2d19043457132fcf478a5ee04f42e959fd8f5df0a?s=96&d=mm&r=g\",\"contentUrl\":\"https:\\\/\\\/secure.gravatar.com\\\/avatar\\\/4dfbf16b4d17945bfb6341b2d19043457132fcf478a5ee04f42e959fd8f5df0a?s=96&d=mm&r=g\",\"caption\":\"NOTICIASMERCEDINAS.COM\"},\"url\":\"https:\\\/\\\/noticiasmercedinas.com\\\/site\\\/author\\\/anonimo\\\/\"}]}<\/script>\n<!-- \/ Yoast SEO plugin. -->","yoast_head_json":{"title":"2034 j\u00f3venes mercedinos podr\u00e1n votar por primera vez","robots":{"index":"index","follow":"follow","max-snippet":"max-snippet:-1","max-image-preview":"max-image-preview:large","max-video-preview":"max-video-preview:-1"},"canonical":"https:\/\/noticiasmercedinas.com\/site\/2019\/07\/30\/2034-jovenes-mercedinos-podran-votar-por-primera-vez\/","og_locale":"es_ES","og_type":"article","og_title":"2034 j\u00f3venes mercedinos podr\u00e1n votar por primera vez","og_description":"En Mercedes, 2.034 j\u00f3venes de entre 16 y 18 a\u00f1os podr\u00e1n votar por primera vez en las elecciones Primarias del 11 de agosto. Representan el 3,7% del padr\u00f3n municipal, compuesto por 54.992 personas. En este marco, el gobierno bonaerense gener\u00f3 diferentes materiales de capacitaci\u00f3n electoral para quienes nunca ingresaron al cuarto oscuro. La Subsecretar\u00eda de [&hellip;]","og_url":"https:\/\/noticiasmercedinas.com\/site\/2019\/07\/30\/2034-jovenes-mercedinos-podran-votar-por-primera-vez\/","og_site_name":"NOTICIASMERCEDINAS.COM","article_publisher":"https:\/\/www.facebook.com\/noticiasmercedinas\/","article_published_time":"2019-07-30T22:51:19+00:00","article_modified_time":"2019-07-30T22:53:02+00:00","og_image":[{"width":640,"height":427,"url":"https:\/\/noticiasmercedinas.com\/site\/wp-content\/uploads\/2019\/07\/adolescente.png","type":"image\/png"}],"author":"NOTICIASMERCEDINAS.COM","twitter_card":"summary_large_image","twitter_creator":"@notmercedinas","twitter_site":"@notmercedinas","twitter_misc":{"Escrito por":"NOTICIASMERCEDINAS.COM","Tiempo de lectura":"2 minutos"},"schema":{"@context":"https:\/\/schema.org","@graph":[{"@type":"Article","@id":"https:\/\/noticiasmercedinas.com\/site\/2019\/07\/30\/2034-jovenes-mercedinos-podran-votar-por-primera-vez\/#article","isPartOf":{"@id":"https:\/\/noticiasmercedinas.com\/site\/2019\/07\/30\/2034-jovenes-mercedinos-podran-votar-por-primera-vez\/"},"author":{"name":"NOTICIASMERCEDINAS.COM","@id":"https:\/\/noticiasmercedinas.com\/site\/#\/schema\/person\/84b59c099c28ff2e8b77d4ceec5d8063"},"headline":"2034 j\u00f3venes mercedinos podr\u00e1n votar por primera vez","datePublished":"2019-07-30T22:51:19+00:00","dateModified":"2019-07-30T22:53:02+00:00","mainEntityOfPage":{"@id":"https:\/\/noticiasmercedinas.com\/site\/2019\/07\/30\/2034-jovenes-mercedinos-podran-votar-por-primera-vez\/"},"wordCount":351,"commentCount":0,"publisher":{"@id":"https:\/\/noticiasmercedinas.com\/site\/#organization"},"image":{"@id":"https:\/\/noticiasmercedinas.com\/site\/2019\/07\/30\/2034-jovenes-mercedinos-podran-votar-por-primera-vez\/#primaryimage"},"thumbnailUrl":"https:\/\/noticiasmercedinas.com\/site\/wp-content\/uploads\/2019\/07\/adolescente.png","keywords":["Padr\u00f3n","Subsecretar\u00eda de Asuntos Parlamentarios y Electorales","voto joven"],"articleSection":["Politica"],"inLanguage":"es","potentialAction":[{"@type":"CommentAction","name":"Comment","target":["https:\/\/noticiasmercedinas.com\/site\/2019\/07\/30\/2034-jovenes-mercedinos-podran-votar-por-primera-vez\/#respond"]}]},{"@type":"WebPage","@id":"https:\/\/noticiasmercedinas.com\/site\/2019\/07\/30\/2034-jovenes-mercedinos-podran-votar-por-primera-vez\/","url":"https:\/\/noticiasmercedinas.com\/site\/2019\/07\/30\/2034-jovenes-mercedinos-podran-votar-por-primera-vez\/","name":"2034 j\u00f3venes mercedinos podr\u00e1n votar por primera vez","isPartOf":{"@id":"https:\/\/noticiasmercedinas.com\/site\/#website"},"primaryImageOfPage":{"@id":"https:\/\/noticiasmercedinas.com\/site\/2019\/07\/30\/2034-jovenes-mercedinos-podran-votar-por-primera-vez\/#primaryimage"},"image":{"@id":"https:\/\/noticiasmercedinas.com\/site\/2019\/07\/30\/2034-jovenes-mercedinos-podran-votar-por-primera-vez\/#primaryimage"},"thumbnailUrl":"https:\/\/noticiasmercedinas.com\/site\/wp-content\/uploads\/2019\/07\/adolescente.png","datePublished":"2019-07-30T22:51:19+00:00","dateModified":"2019-07-30T22:53:02+00:00","breadcrumb":{"@id":"https:\/\/noticiasmercedinas.com\/site\/2019\/07\/30\/2034-jovenes-mercedinos-podran-votar-por-primera-vez\/#breadcrumb"},"inLanguage":"es","potentialAction":[{"@type":"ReadAction","target":["https:\/\/noticiasmercedinas.com\/site\/2019\/07\/30\/2034-jovenes-mercedinos-podran-votar-por-primera-vez\/"]}]},{"@type":"ImageObject","inLanguage":"es","@id":"https:\/\/noticiasmercedinas.com\/site\/2019\/07\/30\/2034-jovenes-mercedinos-podran-votar-por-primera-vez\/#primaryimage","url":"https:\/\/noticiasmercedinas.com\/site\/wp-content\/uploads\/2019\/07\/adolescente.png","contentUrl":"https:\/\/noticiasmercedinas.com\/site\/wp-content\/uploads\/2019\/07\/adolescente.png","width":640,"height":427},{"@type":"BreadcrumbList","@id":"https:\/\/noticiasmercedinas.com\/site\/2019\/07\/30\/2034-jovenes-mercedinos-podran-votar-por-primera-vez\/#breadcrumb","itemListElement":[{"@type":"ListItem","position":1,"name":"Portada","item":"https:\/\/noticiasmercedinas.com\/site\/"},{"@type":"ListItem","position":2,"name":"2034 j\u00f3venes mercedinos podr\u00e1n votar por primera vez"}]},{"@type":"WebSite","@id":"https:\/\/noticiasmercedinas.com\/site\/#website","url":"https:\/\/noticiasmercedinas.com\/site\/","name":"NOTICIASMERCEDINAS.COM","description":"Mercedes, Buenos Aires, Argentina","publisher":{"@id":"https:\/\/noticiasmercedinas.com\/site\/#organization"},"potentialAction":[{"@type":"SearchAction","target":{"@type":"EntryPoint","urlTemplate":"https:\/\/noticiasmercedinas.com\/site\/?s={search_term_string}"},"query-input":{"@type":"PropertyValueSpecification","valueRequired":true,"valueName":"search_term_string"}}],"inLanguage":"es"},{"@type":"Organization","@id":"https:\/\/noticiasmercedinas.com\/site\/#organization","name":"NOTICIASMERCEDINAS.COM","url":"https:\/\/noticiasmercedinas.com\/site\/","logo":{"@type":"ImageObject","inLanguage":"es","@id":"https:\/\/noticiasmercedinas.com\/site\/#\/schema\/logo\/image\/","url":"https:\/\/noticiasmercedinas.com\/site\/wp-content\/uploads\/2020\/06\/LOGO-512.jpg","contentUrl":"https:\/\/noticiasmercedinas.com\/site\/wp-content\/uploads\/2020\/06\/LOGO-512.jpg","width":512,"height":512,"caption":"NOTICIASMERCEDINAS.COM"},"image":{"@id":"https:\/\/noticiasmercedinas.com\/site\/#\/schema\/logo\/image\/"},"sameAs":["https:\/\/www.facebook.com\/noticiasmercedinas\/","https:\/\/x.com\/notmercedinas","https:\/\/www.instagram.com\/noticiasmercedinas\/"]},{"@type":"Person","@id":"https:\/\/noticiasmercedinas.com\/site\/#\/schema\/person\/84b59c099c28ff2e8b77d4ceec5d8063","name":"NOTICIASMERCEDINAS.COM","image":{"@type":"ImageObject","inLanguage":"es","@id":"https:\/\/secure.gravatar.com\/avatar\/4dfbf16b4d17945bfb6341b2d19043457132fcf478a5ee04f42e959fd8f5df0a?s=96&d=mm&r=g","url":"https:\/\/secure.gravatar.com\/avatar\/4dfbf16b4d17945bfb6341b2d19043457132fcf478a5ee04f42e959fd8f5df0a?s=96&d=mm&r=g","contentUrl":"https:\/\/secure.gravatar.com\/avatar\/4dfbf16b4d17945bfb6341b2d19043457132fcf478a5ee04f42e959fd8f5df0a?s=96&d=mm&r=g","caption":"NOTICIASMERCEDINAS.COM"},"url":"https:\/\/noticiasmercedinas.com\/site\/author\/anonimo\/"}]}},"amp_enabled":true,"_links":{"self":[{"href":"https:\/\/noticiasmercedinas.com\/site\/wp-json\/wp\/v2\/posts\/24538","targetHints":{"allow":["GET"]}}],"collection":[{"href":"https:\/\/noticiasmercedinas.com\/site\/wp-json\/wp\/v2\/posts"}],"about":[{"href":"https:\/\/noticiasmercedinas.com\/site\/wp-json\/wp\/v2\/types\/post"}],"author":[{"embeddable":true,"href":"https:\/\/noticiasmercedinas.com\/site\/wp-json\/wp\/v2\/users\/16"}],"replies":[{"embeddable":true,"href":"https:\/\/noticiasmercedinas.com\/site\/wp-json\/wp\/v2\/comments?post=24538"}],"version-history":[{"count":1,"href":"https:\/\/noticiasmercedinas.com\/site\/wp-json\/wp\/v2\/posts\/24538\/revisions"}],"predecessor-version":[{"id":24540,"href":"https:\/\/noticiasmercedinas.com\/site\/wp-json\/wp\/v2\/posts\/24538\/revisions\/24540"}],"wp:featuredmedia":[{"embeddable":true,"href":"https:\/\/noticiasmercedinas.com\/site\/wp-json\/wp\/v2\/media\/24539"}],"wp:attachment":[{"href":"https:\/\/noticiasmercedinas.com\/site\/wp-json\/wp\/v2\/media?parent=24538"}],"wp:term":[{"taxonomy":"category","embeddable":true,"href":"https:\/\/noticiasmercedinas.com\/site\/wp-json\/wp\/v2\/categories?post=24538"},{"taxonomy":"post_tag","embeddable":true,"href":"https:\/\/noticiasmercedinas.com\/site\/wp-json\/wp\/v2\/tags?post=24538"}],"curies":[{"name":"wp","href":"https:\/\/api.w.org\/{rel}","templated":true}]}}