{"id":24544,"date":"2019-07-31T08:42:18","date_gmt":"2019-07-31T11:42:18","guid":{"rendered":"https:\/\/noticiasmercedinas.com\/site\/2019\/07\/31\/presos-repararon-a-nuevo-un-camion-de-bomberos\/"},"modified":"2019-07-31T08:42:18","modified_gmt":"2019-07-31T11:42:18","slug":"presos-repararon-a-nuevo-un-camion-de-bomberos","status":"publish","type":"post","link":"https:\/\/noticiasmercedinas.com\/site\/2019\/07\/31\/presos-repararon-a-nuevo-un-camion-de-bomberos\/","title":{"rendered":"Presos repararon a nuevo un cami\u00f3n de Bomberos"},"content":{"rendered":"<p><strong>Capacitaci\u00f3n laboral y servicio a la comunidad. La historia de la restauraci\u00f3n de una autobomba modelo 1957 que se realiz\u00f3 en la Unidad Penal 5<\/strong><\/p>\n<p><img loading=\"lazy\" decoding=\"async\" class=\"wp-image-24543 alignnone size-full\" src=\"https:\/\/noticiasmercedinas.com\/site\/wp-content\/uploads\/2019\/07\/img-20190730-wa00257831311872251097423.jpg\" width=\"1280\" height=\"853\" srcset=\"https:\/\/noticiasmercedinas.com\/site\/wp-content\/uploads\/2019\/07\/img-20190730-wa00257831311872251097423.jpg 1280w, https:\/\/noticiasmercedinas.com\/site\/wp-content\/uploads\/2019\/07\/img-20190730-wa00257831311872251097423-300x200.jpg 300w, https:\/\/noticiasmercedinas.com\/site\/wp-content\/uploads\/2019\/07\/img-20190730-wa00257831311872251097423-768x512.jpg 768w, https:\/\/noticiasmercedinas.com\/site\/wp-content\/uploads\/2019\/07\/img-20190730-wa00257831311872251097423-1024x682.jpg 1024w, https:\/\/noticiasmercedinas.com\/site\/wp-content\/uploads\/2019\/07\/img-20190730-wa00257831311872251097423-640x427.jpg 640w, https:\/\/noticiasmercedinas.com\/site\/wp-content\/uploads\/2019\/07\/img-20190730-wa00257831311872251097423-681x454.jpg 681w\" sizes=\"auto, (max-width: 1280px) 100vw, 1280px\" \/><\/p>\n<p>Un cami\u00f3n marca Man Metz de los bomberos voluntarios de Mercedes fue reparado a nuevo por internos en los talleres de la Unidad 5. Es uno de los m\u00f3viles m\u00e1s antiguos y este viernes fue entregado a los socorristas. Es el \u00fanico que tiene una escalera mec\u00e1nica. Realizaron tareas de chapa y pintura, mec\u00e1nica y tapicer\u00eda<\/p>\n<p>Alfredo Ismael Guti\u00e9rrez tiene 64 a\u00f1os y desde los 14 es bombero voluntario en la ciudad bonaerense de Mercedes. Actualmente es el Jefe del Cuartel y el 28 de noviembre pr\u00f3ximo, al cumplir los 65 a\u00f1os, se jubilar\u00e1 como rescatista, ya que as\u00ed lo disponen las normas vigentes.<\/p>\n<p>Le gustan que lo llamen Ismael. \u00c9l estuvo este viernes junto al segundo jefe del Cuartel, Mario Quaglia, en la c\u00e1rcel de Mercedes. Fueron a buscar una de las autobombas m\u00e1s queridas por la dotaci\u00f3n: un cami\u00f3n Man Metz, modelo 1957, el \u00fanico con escalera mec\u00e1nica, y el que fue restaurado en los talleres de chapa y pintura, mec\u00e1nica, tapicer\u00eda y carpinter\u00eda, por una decena de internos capacitados en esos oficios en el penal.<\/p>\n<p>Ismael cont\u00f3 que en el Cuartel trabajan 52 socorristas y que anualmente cubren un promedio de 700 servicios, entre incendios de casas, autos o pastizales, asistencia ante accidente de tr\u00e1nsito, b\u00fasqueda de personas y hasta en temas menos trascendentales como lo son bajas gatos de las alturas de los \u00e1rboles o podar ramas que puedan poner en peligro a los vecinos.<\/p>\n<p>\u201cLa autobomba que trajimos a la Unidad 5 del Servicio Penitenciario Bonaerense siempre estuvo operativa, pero se encontraba en mal estado, y nadie, afuera del penal, pod\u00eda hacer lo que hicieron en los talleres de esta c\u00e1rcel\u201d, explic\u00f3 Ismael tras recibir en la mano las llaves del m\u00f3vil por parte del ministro de Justicia de la provincia de Buenos Aires, Gustavo Ferrari.<\/p>\n<p>Ferrari quiso estar presente en la entrega de la autobomba porque dijo que \u201cse ha aglutinado varios de los ejes de gesti\u00f3n que nos pide la gobernadora Mar\u00eda Eugenia Vidal: la capacitaci\u00f3n laboral y el servicio a la comunidad\u201d.<br \/>\n\u201cLa autobomba qued\u00f3 deslumbrante. Han hecho un trabajo maravilloso. Es todo m\u00e9rito de los internos que pusieron su dedicaci\u00f3n y conocimientos para que este m\u00f3vil vuelva a estar al servicio de los mercedinos\u201d, agreg\u00f3 Ferrari.<\/p>\n<p>Osvaldo, uno de los privados de libertad que cumple funciones en el taller de pintura, cont\u00f3 que \u201chicimos la restauraci\u00f3n con mucha responsabilidad. Nos gusta sentirnos \u00fatiles. Es una forma de pagar por nuestros errores. Al saber que estos camiones salvan vidas, cada acci\u00f3n fue realizada con suma responsabilidad\u201d.<\/p>\n<p>El cami\u00f3n marca Man Metz, modelo 1957, fue donado al Cuartel de Bomberos de Mercedes en 1986 por el gobierno bonaerense. Para eso, los internos se capacitaron en distintos cursos que se brindaron dentro del establecimiento penitenciario, como chapa, pintura y tapicer\u00eda.<\/p>\n<p><img loading=\"lazy\" decoding=\"async\" src=\"https:\/\/noticiasmercedinas.com\/site\/wp-content\/uploads\/2019\/07\/img-20190730-wa00225698572967131014847.jpg\" width=\"1280\" height=\"957\" class=\"wp-image-24541 alignnone size-full\" srcset=\"https:\/\/noticiasmercedinas.com\/site\/wp-content\/uploads\/2019\/07\/img-20190730-wa00225698572967131014847.jpg 1280w, https:\/\/noticiasmercedinas.com\/site\/wp-content\/uploads\/2019\/07\/img-20190730-wa00225698572967131014847-300x224.jpg 300w, https:\/\/noticiasmercedinas.com\/site\/wp-content\/uploads\/2019\/07\/img-20190730-wa00225698572967131014847-768x574.jpg 768w, https:\/\/noticiasmercedinas.com\/site\/wp-content\/uploads\/2019\/07\/img-20190730-wa00225698572967131014847-1024x766.jpg 1024w, https:\/\/noticiasmercedinas.com\/site\/wp-content\/uploads\/2019\/07\/img-20190730-wa00225698572967131014847-80x60.jpg 80w, https:\/\/noticiasmercedinas.com\/site\/wp-content\/uploads\/2019\/07\/img-20190730-wa00225698572967131014847-160x120.jpg 160w, https:\/\/noticiasmercedinas.com\/site\/wp-content\/uploads\/2019\/07\/img-20190730-wa00225698572967131014847-100x75.jpg 100w, https:\/\/noticiasmercedinas.com\/site\/wp-content\/uploads\/2019\/07\/img-20190730-wa00225698572967131014847-200x150.jpg 200w, https:\/\/noticiasmercedinas.com\/site\/wp-content\/uploads\/2019\/07\/img-20190730-wa00225698572967131014847-180x135.jpg 180w, https:\/\/noticiasmercedinas.com\/site\/wp-content\/uploads\/2019\/07\/img-20190730-wa00225698572967131014847-360x270.jpg 360w, https:\/\/noticiasmercedinas.com\/site\/wp-content\/uploads\/2019\/07\/img-20190730-wa00225698572967131014847-238x178.jpg 238w, https:\/\/noticiasmercedinas.com\/site\/wp-content\/uploads\/2019\/07\/img-20190730-wa00225698572967131014847-476x356.jpg 476w, https:\/\/noticiasmercedinas.com\/site\/wp-content\/uploads\/2019\/07\/img-20190730-wa00225698572967131014847-640x479.jpg 640w, https:\/\/noticiasmercedinas.com\/site\/wp-content\/uploads\/2019\/07\/img-20190730-wa00225698572967131014847-681x509.jpg 681w\" sizes=\"auto, (max-width: 1280px) 100vw, 1280px\" \/><\/p>\n<p>El Jefe de Talleres de la Unidad 5, Fabi\u00e1n Acevedo, explic\u00f3 que \u201cse colabora con la importante tarea que llevan adelante los bomberos de la ciudad y los internos se perfeccionan en distintos oficios, lo que les permite acercarse a su reinserci\u00f3n y alejarse de la posibilidad de volver a delinquir\u201d.<\/p>\n<p>Por su parte, Quaglia destac\u00f3 \u201cla voluntad y excelente predisposici\u00f3n de los internos. Se gener\u00f3 un di\u00e1logo muy lindo con ellos y nos dieron una mano muy grande al reparar el veh\u00edculo a fondo, algo que no se hac\u00eda desde finales de la d\u00e9cada del 80\u201d.<\/p>\n<p>Quaglia agreg\u00f3 tambi\u00e9n que \u201ccon su trabajo las personas privadas de su libertad posibilitaron que la autobomba pueda seguir funcionando mucho tiempo m\u00e1s, ahora queda solo realizar el mantenimiento\u201d.<\/p>\n<p>Por \u00faltimo, el bombero cont\u00f3 que \u201ceste no es el primer trabajo que realizan para nosotros porque anteriormente ya hab\u00eda restaurado otra autobomba. Un Ford color amarillo, tambi\u00e9n modelo 1957. Ahora estamos evaluando la posibilidad de traer para arreglar una camioneta destinada al traslado de canes entrenados para buscar personas\u201d.<\/p>\n<p>En el acto de entrega del Man Metz estuvieron el Jefe del Complejo Penitenciario Norte, Marcelo Dusantos, el Subdirector General de Trabajo del SPB, Daniel Mujica y el director de la Unidad 5 Mercedes, Pablo Gregorini, entre otras importantes autoridades.<\/p>\n<p><img loading=\"lazy\" decoding=\"async\" src=\"https:\/\/noticiasmercedinas.com\/site\/wp-content\/uploads\/2019\/07\/img-20190730-wa00271049444696423164730.jpg\" width=\"1280\" height=\"853\" class=\"wp-image-24542 alignnone size-full\" srcset=\"https:\/\/noticiasmercedinas.com\/site\/wp-content\/uploads\/2019\/07\/img-20190730-wa00271049444696423164730.jpg 1280w, https:\/\/noticiasmercedinas.com\/site\/wp-content\/uploads\/2019\/07\/img-20190730-wa00271049444696423164730-300x200.jpg 300w, https:\/\/noticiasmercedinas.com\/site\/wp-content\/uploads\/2019\/07\/img-20190730-wa00271049444696423164730-768x512.jpg 768w, https:\/\/noticiasmercedinas.com\/site\/wp-content\/uploads\/2019\/07\/img-20190730-wa00271049444696423164730-1024x682.jpg 1024w, https:\/\/noticiasmercedinas.com\/site\/wp-content\/uploads\/2019\/07\/img-20190730-wa00271049444696423164730-640x427.jpg 640w, https:\/\/noticiasmercedinas.com\/site\/wp-content\/uploads\/2019\/07\/img-20190730-wa00271049444696423164730-681x454.jpg 681w\" sizes=\"auto, (max-width: 1280px) 100vw, 1280px\" \/><\/p>\n","protected":false},"excerpt":{"rendered":"<p>Capacitaci\u00f3n laboral y servicio a la comunidad. La historia de la restauraci\u00f3n de una autobomba modelo 1957 que se realiz\u00f3 en la Unidad Penal 5 Un cami\u00f3n marca Man Metz de los bomberos voluntarios de Mercedes fue reparado a nuevo por internos en los talleres de la Unidad 5. Es uno de los m\u00f3viles m\u00e1s [&hellip;]<\/p>\n","protected":false},"author":2,"featured_media":24543,"comment_status":"open","ping_status":"open","sticky":false,"template":"","format":"standard","meta":{"footnotes":""},"categories":[3],"tags":[80,4238,272,525],"class_list":["post-24544","post","type-post","status-publish","format-standard","has-post-thumbnail","hentry","category-sociedad","tag-bomberos","tag-bomberos-voluntarios-de-mercedes","tag-talleres","tag-unidad-penal-5"],"yoast_head":"<!-- This site is optimized with the Yoast SEO plugin v27.5 - https:\/\/yoast.com\/product\/yoast-seo-wordpress\/ -->\n<title>Presos repararon a nuevo un cami\u00f3n de Bomberos<\/title>\n<meta name=\"robots\" content=\"index, follow, max-snippet:-1, max-image-preview:large, max-video-preview:-1\" \/>\n<link rel=\"canonical\" href=\"https:\/\/noticiasmercedinas.com\/site\/2019\/07\/31\/presos-repararon-a-nuevo-un-camion-de-bomberos\/\" \/>\n<meta property=\"og:locale\" content=\"es_ES\" \/>\n<meta property=\"og:type\" content=\"article\" \/>\n<meta property=\"og:title\" content=\"Presos repararon a nuevo un cami\u00f3n de Bomberos\" \/>\n<meta property=\"og:description\" content=\"Capacitaci\u00f3n laboral y servicio a la comunidad. La historia de la restauraci\u00f3n de una autobomba modelo 1957 que se realiz\u00f3 en la Unidad Penal 5 Un cami\u00f3n marca Man Metz de los bomberos voluntarios de Mercedes fue reparado a nuevo por internos en los talleres de la Unidad 5. Es uno de los m\u00f3viles m\u00e1s [&hellip;]\" \/>\n<meta property=\"og:url\" content=\"https:\/\/noticiasmercedinas.com\/site\/2019\/07\/31\/presos-repararon-a-nuevo-un-camion-de-bomberos\/\" \/>\n<meta property=\"og:site_name\" content=\"NOTICIASMERCEDINAS.COM\" \/>\n<meta property=\"article:publisher\" content=\"https:\/\/www.facebook.com\/noticiasmercedinas\/\" \/>\n<meta property=\"article:author\" content=\"https:\/\/www.facebook.com\/cristian.falabella\" \/>\n<meta property=\"article:published_time\" content=\"2019-07-31T11:42:18+00:00\" \/>\n<meta property=\"og:image\" content=\"https:\/\/noticiasmercedinas.com\/site\/wp-content\/uploads\/2019\/07\/img-20190730-wa00257831311872251097423.jpg\" \/>\n\t<meta property=\"og:image:width\" content=\"1280\" \/>\n\t<meta property=\"og:image:height\" content=\"853\" \/>\n\t<meta property=\"og:image:type\" content=\"image\/jpeg\" \/>\n<meta name=\"author\" content=\"Cristian Falabella NOTICIASMERCEDINAS.COM\" \/>\n<meta name=\"twitter:card\" content=\"summary_large_image\" \/>\n<meta name=\"twitter:creator\" content=\"@https:\/\/twitter.com\/NOTMERCEDINAS\" \/>\n<meta name=\"twitter:site\" content=\"@notmercedinas\" \/>\n<meta name=\"twitter:label1\" content=\"Escrito por\" \/>\n\t<meta name=\"twitter:data1\" content=\"Cristian Falabella NOTICIASMERCEDINAS.COM\" \/>\n\t<meta name=\"twitter:label2\" content=\"Tiempo de lectura\" \/>\n\t<meta name=\"twitter:data2\" content=\"4 minutos\" \/>\n<script type=\"application\/ld+json\" class=\"yoast-schema-graph\">{\"@context\":\"https:\\\/\\\/schema.org\",\"@graph\":[{\"@type\":\"Article\",\"@id\":\"https:\\\/\\\/noticiasmercedinas.com\\\/site\\\/2019\\\/07\\\/31\\\/presos-repararon-a-nuevo-un-camion-de-bomberos\\\/#article\",\"isPartOf\":{\"@id\":\"https:\\\/\\\/noticiasmercedinas.com\\\/site\\\/2019\\\/07\\\/31\\\/presos-repararon-a-nuevo-un-camion-de-bomberos\\\/\"},\"author\":{\"name\":\"Cristian Falabella NOTICIASMERCEDINAS.COM\",\"@id\":\"https:\\\/\\\/noticiasmercedinas.com\\\/site\\\/#\\\/schema\\\/person\\\/d481a9696a5feaec13a60e2bbd991a6a\"},\"headline\":\"Presos repararon a nuevo un cami\u00f3n de Bomberos\",\"datePublished\":\"2019-07-31T11:42:18+00:00\",\"mainEntityOfPage\":{\"@id\":\"https:\\\/\\\/noticiasmercedinas.com\\\/site\\\/2019\\\/07\\\/31\\\/presos-repararon-a-nuevo-un-camion-de-bomberos\\\/\"},\"wordCount\":745,\"commentCount\":0,\"publisher\":{\"@id\":\"https:\\\/\\\/noticiasmercedinas.com\\\/site\\\/#organization\"},\"image\":{\"@id\":\"https:\\\/\\\/noticiasmercedinas.com\\\/site\\\/2019\\\/07\\\/31\\\/presos-repararon-a-nuevo-un-camion-de-bomberos\\\/#primaryimage\"},\"thumbnailUrl\":\"https:\\\/\\\/noticiasmercedinas.com\\\/site\\\/wp-content\\\/uploads\\\/2019\\\/07\\\/img-20190730-wa00257831311872251097423.jpg\",\"keywords\":[\"bomberos\",\"Bomberos Voluntarios de Mercedes\",\"talleres\",\"unidad penal 5\"],\"articleSection\":[\"Sociedad\"],\"inLanguage\":\"es\",\"potentialAction\":[{\"@type\":\"CommentAction\",\"name\":\"Comment\",\"target\":[\"https:\\\/\\\/noticiasmercedinas.com\\\/site\\\/2019\\\/07\\\/31\\\/presos-repararon-a-nuevo-un-camion-de-bomberos\\\/#respond\"]}]},{\"@type\":\"WebPage\",\"@id\":\"https:\\\/\\\/noticiasmercedinas.com\\\/site\\\/2019\\\/07\\\/31\\\/presos-repararon-a-nuevo-un-camion-de-bomberos\\\/\",\"url\":\"https:\\\/\\\/noticiasmercedinas.com\\\/site\\\/2019\\\/07\\\/31\\\/presos-repararon-a-nuevo-un-camion-de-bomberos\\\/\",\"name\":\"Presos repararon a nuevo un cami\u00f3n de Bomberos\",\"isPartOf\":{\"@id\":\"https:\\\/\\\/noticiasmercedinas.com\\\/site\\\/#website\"},\"primaryImageOfPage\":{\"@id\":\"https:\\\/\\\/noticiasmercedinas.com\\\/site\\\/2019\\\/07\\\/31\\\/presos-repararon-a-nuevo-un-camion-de-bomberos\\\/#primaryimage\"},\"image\":{\"@id\":\"https:\\\/\\\/noticiasmercedinas.com\\\/site\\\/2019\\\/07\\\/31\\\/presos-repararon-a-nuevo-un-camion-de-bomberos\\\/#primaryimage\"},\"thumbnailUrl\":\"https:\\\/\\\/noticiasmercedinas.com\\\/site\\\/wp-content\\\/uploads\\\/2019\\\/07\\\/img-20190730-wa00257831311872251097423.jpg\",\"datePublished\":\"2019-07-31T11:42:18+00:00\",\"breadcrumb\":{\"@id\":\"https:\\\/\\\/noticiasmercedinas.com\\\/site\\\/2019\\\/07\\\/31\\\/presos-repararon-a-nuevo-un-camion-de-bomberos\\\/#breadcrumb\"},\"inLanguage\":\"es\",\"potentialAction\":[{\"@type\":\"ReadAction\",\"target\":[\"https:\\\/\\\/noticiasmercedinas.com\\\/site\\\/2019\\\/07\\\/31\\\/presos-repararon-a-nuevo-un-camion-de-bomberos\\\/\"]}]},{\"@type\":\"ImageObject\",\"inLanguage\":\"es\",\"@id\":\"https:\\\/\\\/noticiasmercedinas.com\\\/site\\\/2019\\\/07\\\/31\\\/presos-repararon-a-nuevo-un-camion-de-bomberos\\\/#primaryimage\",\"url\":\"https:\\\/\\\/noticiasmercedinas.com\\\/site\\\/wp-content\\\/uploads\\\/2019\\\/07\\\/img-20190730-wa00257831311872251097423.jpg\",\"contentUrl\":\"https:\\\/\\\/noticiasmercedinas.com\\\/site\\\/wp-content\\\/uploads\\\/2019\\\/07\\\/img-20190730-wa00257831311872251097423.jpg\",\"width\":1280,\"height\":853},{\"@type\":\"BreadcrumbList\",\"@id\":\"https:\\\/\\\/noticiasmercedinas.com\\\/site\\\/2019\\\/07\\\/31\\\/presos-repararon-a-nuevo-un-camion-de-bomberos\\\/#breadcrumb\",\"itemListElement\":[{\"@type\":\"ListItem\",\"position\":1,\"name\":\"Portada\",\"item\":\"https:\\\/\\\/noticiasmercedinas.com\\\/site\\\/\"},{\"@type\":\"ListItem\",\"position\":2,\"name\":\"Presos repararon a nuevo un cami\u00f3n de Bomberos\"}]},{\"@type\":\"WebSite\",\"@id\":\"https:\\\/\\\/noticiasmercedinas.com\\\/site\\\/#website\",\"url\":\"https:\\\/\\\/noticiasmercedinas.com\\\/site\\\/\",\"name\":\"NOTICIASMERCEDINAS.COM\",\"description\":\"Mercedes, Buenos Aires, Argentina\",\"publisher\":{\"@id\":\"https:\\\/\\\/noticiasmercedinas.com\\\/site\\\/#organization\"},\"potentialAction\":[{\"@type\":\"SearchAction\",\"target\":{\"@type\":\"EntryPoint\",\"urlTemplate\":\"https:\\\/\\\/noticiasmercedinas.com\\\/site\\\/?s={search_term_string}\"},\"query-input\":{\"@type\":\"PropertyValueSpecification\",\"valueRequired\":true,\"valueName\":\"search_term_string\"}}],\"inLanguage\":\"es\"},{\"@type\":\"Organization\",\"@id\":\"https:\\\/\\\/noticiasmercedinas.com\\\/site\\\/#organization\",\"name\":\"NOTICIASMERCEDINAS.COM\",\"url\":\"https:\\\/\\\/noticiasmercedinas.com\\\/site\\\/\",\"logo\":{\"@type\":\"ImageObject\",\"inLanguage\":\"es\",\"@id\":\"https:\\\/\\\/noticiasmercedinas.com\\\/site\\\/#\\\/schema\\\/logo\\\/image\\\/\",\"url\":\"https:\\\/\\\/noticiasmercedinas.com\\\/site\\\/wp-content\\\/uploads\\\/2020\\\/06\\\/LOGO-512.jpg\",\"contentUrl\":\"https:\\\/\\\/noticiasmercedinas.com\\\/site\\\/wp-content\\\/uploads\\\/2020\\\/06\\\/LOGO-512.jpg\",\"width\":512,\"height\":512,\"caption\":\"NOTICIASMERCEDINAS.COM\"},\"image\":{\"@id\":\"https:\\\/\\\/noticiasmercedinas.com\\\/site\\\/#\\\/schema\\\/logo\\\/image\\\/\"},\"sameAs\":[\"https:\\\/\\\/www.facebook.com\\\/noticiasmercedinas\\\/\",\"https:\\\/\\\/x.com\\\/notmercedinas\",\"https:\\\/\\\/www.instagram.com\\\/noticiasmercedinas\\\/\"]},{\"@type\":\"Person\",\"@id\":\"https:\\\/\\\/noticiasmercedinas.com\\\/site\\\/#\\\/schema\\\/person\\\/d481a9696a5feaec13a60e2bbd991a6a\",\"name\":\"Cristian Falabella NOTICIASMERCEDINAS.COM\",\"image\":{\"@type\":\"ImageObject\",\"inLanguage\":\"es\",\"@id\":\"https:\\\/\\\/secure.gravatar.com\\\/avatar\\\/0dbbfc45970cc46bcd0e57766228574ff3511d6eed045b182f536f0f478c1f06?s=96&d=mm&r=g\",\"url\":\"https:\\\/\\\/secure.gravatar.com\\\/avatar\\\/0dbbfc45970cc46bcd0e57766228574ff3511d6eed045b182f536f0f478c1f06?s=96&d=mm&r=g\",\"contentUrl\":\"https:\\\/\\\/secure.gravatar.com\\\/avatar\\\/0dbbfc45970cc46bcd0e57766228574ff3511d6eed045b182f536f0f478c1f06?s=96&d=mm&r=g\",\"caption\":\"Cristian Falabella NOTICIASMERCEDINAS.COM\"},\"description\":\"Periodista, editor de Noticias Mercedinas. Pas\u00f3 por varias redacciones y emprendimientos de prensa, en distintos formatos y \u00e9pocas. Se especializ\u00f3 --y sigue haci\u00e9ndolo-- en comunicaci\u00f3n en la web y en junio de 2006 fund\u00f3 este diario digital.\",\"sameAs\":[\"https:\\\/\\\/noticiasmercedinas.com\",\"https:\\\/\\\/www.facebook.com\\\/cristian.falabella\",\"https:\\\/\\\/www.instagram.com\\\/noticiasmercedinas\\\/\",\"https:\\\/\\\/x.com\\\/https:\\\/\\\/twitter.com\\\/NOTMERCEDINAS\"],\"url\":\"https:\\\/\\\/noticiasmercedinas.com\\\/site\\\/author\\\/as000384\\\/\"}]}<\/script>\n<!-- \/ Yoast SEO plugin. -->","yoast_head_json":{"title":"Presos repararon a nuevo un cami\u00f3n de Bomberos","robots":{"index":"index","follow":"follow","max-snippet":"max-snippet:-1","max-image-preview":"max-image-preview:large","max-video-preview":"max-video-preview:-1"},"canonical":"https:\/\/noticiasmercedinas.com\/site\/2019\/07\/31\/presos-repararon-a-nuevo-un-camion-de-bomberos\/","og_locale":"es_ES","og_type":"article","og_title":"Presos repararon a nuevo un cami\u00f3n de Bomberos","og_description":"Capacitaci\u00f3n laboral y servicio a la comunidad. La historia de la restauraci\u00f3n de una autobomba modelo 1957 que se realiz\u00f3 en la Unidad Penal 5 Un cami\u00f3n marca Man Metz de los bomberos voluntarios de Mercedes fue reparado a nuevo por internos en los talleres de la Unidad 5. Es uno de los m\u00f3viles m\u00e1s [&hellip;]","og_url":"https:\/\/noticiasmercedinas.com\/site\/2019\/07\/31\/presos-repararon-a-nuevo-un-camion-de-bomberos\/","og_site_name":"NOTICIASMERCEDINAS.COM","article_publisher":"https:\/\/www.facebook.com\/noticiasmercedinas\/","article_author":"https:\/\/www.facebook.com\/cristian.falabella","article_published_time":"2019-07-31T11:42:18+00:00","og_image":[{"width":1280,"height":853,"url":"https:\/\/noticiasmercedinas.com\/site\/wp-content\/uploads\/2019\/07\/img-20190730-wa00257831311872251097423.jpg","type":"image\/jpeg"}],"author":"Cristian Falabella NOTICIASMERCEDINAS.COM","twitter_card":"summary_large_image","twitter_creator":"@https:\/\/twitter.com\/NOTMERCEDINAS","twitter_site":"@notmercedinas","twitter_misc":{"Escrito por":"Cristian Falabella NOTICIASMERCEDINAS.COM","Tiempo de lectura":"4 minutos"},"schema":{"@context":"https:\/\/schema.org","@graph":[{"@type":"Article","@id":"https:\/\/noticiasmercedinas.com\/site\/2019\/07\/31\/presos-repararon-a-nuevo-un-camion-de-bomberos\/#article","isPartOf":{"@id":"https:\/\/noticiasmercedinas.com\/site\/2019\/07\/31\/presos-repararon-a-nuevo-un-camion-de-bomberos\/"},"author":{"name":"Cristian Falabella NOTICIASMERCEDINAS.COM","@id":"https:\/\/noticiasmercedinas.com\/site\/#\/schema\/person\/d481a9696a5feaec13a60e2bbd991a6a"},"headline":"Presos repararon a nuevo un cami\u00f3n de Bomberos","datePublished":"2019-07-31T11:42:18+00:00","mainEntityOfPage":{"@id":"https:\/\/noticiasmercedinas.com\/site\/2019\/07\/31\/presos-repararon-a-nuevo-un-camion-de-bomberos\/"},"wordCount":745,"commentCount":0,"publisher":{"@id":"https:\/\/noticiasmercedinas.com\/site\/#organization"},"image":{"@id":"https:\/\/noticiasmercedinas.com\/site\/2019\/07\/31\/presos-repararon-a-nuevo-un-camion-de-bomberos\/#primaryimage"},"thumbnailUrl":"https:\/\/noticiasmercedinas.com\/site\/wp-content\/uploads\/2019\/07\/img-20190730-wa00257831311872251097423.jpg","keywords":["bomberos","Bomberos Voluntarios de Mercedes","talleres","unidad penal 5"],"articleSection":["Sociedad"],"inLanguage":"es","potentialAction":[{"@type":"CommentAction","name":"Comment","target":["https:\/\/noticiasmercedinas.com\/site\/2019\/07\/31\/presos-repararon-a-nuevo-un-camion-de-bomberos\/#respond"]}]},{"@type":"WebPage","@id":"https:\/\/noticiasmercedinas.com\/site\/2019\/07\/31\/presos-repararon-a-nuevo-un-camion-de-bomberos\/","url":"https:\/\/noticiasmercedinas.com\/site\/2019\/07\/31\/presos-repararon-a-nuevo-un-camion-de-bomberos\/","name":"Presos repararon a nuevo un cami\u00f3n de Bomberos","isPartOf":{"@id":"https:\/\/noticiasmercedinas.com\/site\/#website"},"primaryImageOfPage":{"@id":"https:\/\/noticiasmercedinas.com\/site\/2019\/07\/31\/presos-repararon-a-nuevo-un-camion-de-bomberos\/#primaryimage"},"image":{"@id":"https:\/\/noticiasmercedinas.com\/site\/2019\/07\/31\/presos-repararon-a-nuevo-un-camion-de-bomberos\/#primaryimage"},"thumbnailUrl":"https:\/\/noticiasmercedinas.com\/site\/wp-content\/uploads\/2019\/07\/img-20190730-wa00257831311872251097423.jpg","datePublished":"2019-07-31T11:42:18+00:00","breadcrumb":{"@id":"https:\/\/noticiasmercedinas.com\/site\/2019\/07\/31\/presos-repararon-a-nuevo-un-camion-de-bomberos\/#breadcrumb"},"inLanguage":"es","potentialAction":[{"@type":"ReadAction","target":["https:\/\/noticiasmercedinas.com\/site\/2019\/07\/31\/presos-repararon-a-nuevo-un-camion-de-bomberos\/"]}]},{"@type":"ImageObject","inLanguage":"es","@id":"https:\/\/noticiasmercedinas.com\/site\/2019\/07\/31\/presos-repararon-a-nuevo-un-camion-de-bomberos\/#primaryimage","url":"https:\/\/noticiasmercedinas.com\/site\/wp-content\/uploads\/2019\/07\/img-20190730-wa00257831311872251097423.jpg","contentUrl":"https:\/\/noticiasmercedinas.com\/site\/wp-content\/uploads\/2019\/07\/img-20190730-wa00257831311872251097423.jpg","width":1280,"height":853},{"@type":"BreadcrumbList","@id":"https:\/\/noticiasmercedinas.com\/site\/2019\/07\/31\/presos-repararon-a-nuevo-un-camion-de-bomberos\/#breadcrumb","itemListElement":[{"@type":"ListItem","position":1,"name":"Portada","item":"https:\/\/noticiasmercedinas.com\/site\/"},{"@type":"ListItem","position":2,"name":"Presos repararon a nuevo un cami\u00f3n de Bomberos"}]},{"@type":"WebSite","@id":"https:\/\/noticiasmercedinas.com\/site\/#website","url":"https:\/\/noticiasmercedinas.com\/site\/","name":"NOTICIASMERCEDINAS.COM","description":"Mercedes, Buenos Aires, Argentina","publisher":{"@id":"https:\/\/noticiasmercedinas.com\/site\/#organization"},"potentialAction":[{"@type":"SearchAction","target":{"@type":"EntryPoint","urlTemplate":"https:\/\/noticiasmercedinas.com\/site\/?s={search_term_string}"},"query-input":{"@type":"PropertyValueSpecification","valueRequired":true,"valueName":"search_term_string"}}],"inLanguage":"es"},{"@type":"Organization","@id":"https:\/\/noticiasmercedinas.com\/site\/#organization","name":"NOTICIASMERCEDINAS.COM","url":"https:\/\/noticiasmercedinas.com\/site\/","logo":{"@type":"ImageObject","inLanguage":"es","@id":"https:\/\/noticiasmercedinas.com\/site\/#\/schema\/logo\/image\/","url":"https:\/\/noticiasmercedinas.com\/site\/wp-content\/uploads\/2020\/06\/LOGO-512.jpg","contentUrl":"https:\/\/noticiasmercedinas.com\/site\/wp-content\/uploads\/2020\/06\/LOGO-512.jpg","width":512,"height":512,"caption":"NOTICIASMERCEDINAS.COM"},"image":{"@id":"https:\/\/noticiasmercedinas.com\/site\/#\/schema\/logo\/image\/"},"sameAs":["https:\/\/www.facebook.com\/noticiasmercedinas\/","https:\/\/x.com\/notmercedinas","https:\/\/www.instagram.com\/noticiasmercedinas\/"]},{"@type":"Person","@id":"https:\/\/noticiasmercedinas.com\/site\/#\/schema\/person\/d481a9696a5feaec13a60e2bbd991a6a","name":"Cristian Falabella NOTICIASMERCEDINAS.COM","image":{"@type":"ImageObject","inLanguage":"es","@id":"https:\/\/secure.gravatar.com\/avatar\/0dbbfc45970cc46bcd0e57766228574ff3511d6eed045b182f536f0f478c1f06?s=96&d=mm&r=g","url":"https:\/\/secure.gravatar.com\/avatar\/0dbbfc45970cc46bcd0e57766228574ff3511d6eed045b182f536f0f478c1f06?s=96&d=mm&r=g","contentUrl":"https:\/\/secure.gravatar.com\/avatar\/0dbbfc45970cc46bcd0e57766228574ff3511d6eed045b182f536f0f478c1f06?s=96&d=mm&r=g","caption":"Cristian Falabella NOTICIASMERCEDINAS.COM"},"description":"Periodista, editor de Noticias Mercedinas. Pas\u00f3 por varias redacciones y emprendimientos de prensa, en distintos formatos y \u00e9pocas. Se especializ\u00f3 --y sigue haci\u00e9ndolo-- en comunicaci\u00f3n en la web y en junio de 2006 fund\u00f3 este diario digital.","sameAs":["https:\/\/noticiasmercedinas.com","https:\/\/www.facebook.com\/cristian.falabella","https:\/\/www.instagram.com\/noticiasmercedinas\/","https:\/\/x.com\/https:\/\/twitter.com\/NOTMERCEDINAS"],"url":"https:\/\/noticiasmercedinas.com\/site\/author\/as000384\/"}]}},"amp_enabled":true,"_links":{"self":[{"href":"https:\/\/noticiasmercedinas.com\/site\/wp-json\/wp\/v2\/posts\/24544","targetHints":{"allow":["GET"]}}],"collection":[{"href":"https:\/\/noticiasmercedinas.com\/site\/wp-json\/wp\/v2\/posts"}],"about":[{"href":"https:\/\/noticiasmercedinas.com\/site\/wp-json\/wp\/v2\/types\/post"}],"author":[{"embeddable":true,"href":"https:\/\/noticiasmercedinas.com\/site\/wp-json\/wp\/v2\/users\/2"}],"replies":[{"embeddable":true,"href":"https:\/\/noticiasmercedinas.com\/site\/wp-json\/wp\/v2\/comments?post=24544"}],"version-history":[{"count":0,"href":"https:\/\/noticiasmercedinas.com\/site\/wp-json\/wp\/v2\/posts\/24544\/revisions"}],"wp:featuredmedia":[{"embeddable":true,"href":"https:\/\/noticiasmercedinas.com\/site\/wp-json\/wp\/v2\/media\/24543"}],"wp:attachment":[{"href":"https:\/\/noticiasmercedinas.com\/site\/wp-json\/wp\/v2\/media?parent=24544"}],"wp:term":[{"taxonomy":"category","embeddable":true,"href":"https:\/\/noticiasmercedinas.com\/site\/wp-json\/wp\/v2\/categories?post=24544"},{"taxonomy":"post_tag","embeddable":true,"href":"https:\/\/noticiasmercedinas.com\/site\/wp-json\/wp\/v2\/tags?post=24544"}],"curies":[{"name":"wp","href":"https:\/\/api.w.org\/{rel}","templated":true}]}}