{"id":24545,"date":"2019-07-31T10:41:10","date_gmt":"2019-07-31T13:41:10","guid":{"rendered":"https:\/\/noticiasmercedinas.com\/site\/?p=24545"},"modified":"2019-07-31T10:48:32","modified_gmt":"2019-07-31T13:48:32","slug":"gol-y-clasificacion-para-el-crf-cluj-de-emmanuel-culio","status":"publish","type":"post","link":"https:\/\/noticiasmercedinas.com\/site\/2019\/07\/31\/gol-y-clasificacion-para-el-crf-cluj-de-emmanuel-culio\/","title":{"rendered":"Gol y clasificaci\u00f3n para el CRF Cluj de Emmanuel Culio"},"content":{"rendered":"<p>Ayer, el futbolista mercedino Juan Emmanuel Culio result\u00f3 ser art\u00edfice del resultado que le permiti\u00f3 al CEF Cluj (Rumania) avanzar en la UEFA Champions League. El marcador final fue un empate 2-2 frente al Maccabi Tel Aviv (Israel) donde anot\u00f3 otro latino como el venezolano Mario Rond\u00f3n.<\/p>\n<p>El encuentro mostr\u00f3 a los 15 minutos la apertura del marcador para los de Tel Aviv, poco despu\u00e9s a los 18\u2019 empat\u00f3 Culio 8de penal)\u00a0 y sobre el final a los 42\u2019 el venezolano aport\u00f3 el 2-1 con un remate de Culio result\u00f3 un empate 2-2 y con\u00a0 1-0 de la ida en Rumania pas\u00f3 el Cluj.<\/p>\n<p>El pr\u00f3ximo rival ser\u00e1\u00a0 el Celtic escoc\u00e9s \u00a0que viene de eliminar a\u00a0 N\u00f5mme Kalju de Estonia con marcadores de 5-0 y 2-0 para los escoceses. Mientras tanto Culio cumple en el\u00a0 elenco \u201cGranate\u201d donde juega por segunda vez en su carrera profesional, la clasificaci\u00f3n a UEFA Champions League sigue adelante. En Primera instancia los de Rumania hab\u00edan eliminado a Astana (Kazajist\u00e1n).<\/p>\n<p><iframe loading=\"lazy\" title=\"MACCABI TEL AVIV - CFR CLUJ 2-2 | REZUMAT\" width=\"640\" height=\"360\" src=\"https:\/\/www.youtube.com\/embed\/7saoWAJm_kw?feature=oembed\" frameborder=\"0\" allow=\"accelerometer; autoplay; clipboard-write; encrypted-media; gyroscope; picture-in-picture; web-share\" referrerpolicy=\"strict-origin-when-cross-origin\" allowfullscreen><\/iframe><\/p>\n<p><strong>Santiago Malano<\/strong><br \/>\nEl otro futbolista mercedino que ha estado jugando en la misma competencia es Santiago Malano, el ex Racing\u00a0 entre f\u00fatbol de Chile y Colombia s\u00f3lo estuvo en el primer partido de Valleta (Malta) ante Duelengue con un marcador de 2-2, luego fue 1-1 donde no fue parte. M\u00e1s tarde vino Ferencvaros (Hungr\u00eda) que se impuso 3-1 y ya en Malta 1-1, donde Malano no estuvo entre los convocados. De esta manera termina la campa\u00f1a del Valleta.<\/p>\n","protected":false},"excerpt":{"rendered":"<p>Ayer, el futbolista mercedino Juan Emmanuel Culio result\u00f3 ser art\u00edfice del resultado que le permiti\u00f3 al CEF Cluj (Rumania) avanzar en la UEFA Champions League. El marcador final fue un empate 2-2 frente al Maccabi Tel Aviv (Israel) donde anot\u00f3 otro latino como el venezolano Mario Rond\u00f3n. El encuentro mostr\u00f3 a los 15 minutos la [&hellip;]<\/p>\n","protected":false},"author":16,"featured_media":24546,"comment_status":"open","ping_status":"open","sticky":false,"template":"","format":"standard","meta":{"footnotes":""},"categories":[5],"tags":[4787,2163,5906],"class_list":["post-24545","post","type-post","status-publish","format-standard","has-post-thumbnail","hentry","category-deportes","tag-emmanuel-culio","tag-legion-mercedina","tag-santiago-malano"],"yoast_head":"<!-- This site is optimized with the Yoast SEO plugin v27.5 - https:\/\/yoast.com\/product\/yoast-seo-wordpress\/ -->\n<title>Gol y clasificaci\u00f3n para el CRF Cluj de Emmanuel Culio<\/title>\n<meta name=\"robots\" content=\"index, follow, max-snippet:-1, max-image-preview:large, max-video-preview:-1\" \/>\n<link rel=\"canonical\" href=\"https:\/\/noticiasmercedinas.com\/site\/2019\/07\/31\/gol-y-clasificacion-para-el-crf-cluj-de-emmanuel-culio\/\" \/>\n<meta property=\"og:locale\" content=\"es_ES\" \/>\n<meta property=\"og:type\" content=\"article\" \/>\n<meta property=\"og:title\" content=\"Gol y clasificaci\u00f3n para el CRF Cluj de Emmanuel Culio\" \/>\n<meta property=\"og:description\" content=\"Ayer, el futbolista mercedino Juan Emmanuel Culio result\u00f3 ser art\u00edfice del resultado que le permiti\u00f3 al CEF Cluj (Rumania) avanzar en la UEFA Champions League. El marcador final fue un empate 2-2 frente al Maccabi Tel Aviv (Israel) donde anot\u00f3 otro latino como el venezolano Mario Rond\u00f3n. El encuentro mostr\u00f3 a los 15 minutos la [&hellip;]\" \/>\n<meta property=\"og:url\" content=\"https:\/\/noticiasmercedinas.com\/site\/2019\/07\/31\/gol-y-clasificacion-para-el-crf-cluj-de-emmanuel-culio\/\" \/>\n<meta property=\"og:site_name\" content=\"NOTICIASMERCEDINAS.COM\" \/>\n<meta property=\"article:publisher\" content=\"https:\/\/www.facebook.com\/noticiasmercedinas\/\" \/>\n<meta property=\"article:published_time\" content=\"2019-07-31T13:41:10+00:00\" \/>\n<meta property=\"article:modified_time\" content=\"2019-07-31T13:48:32+00:00\" \/>\n<meta property=\"og:image\" content=\"https:\/\/noticiasmercedinas.com\/site\/wp-content\/uploads\/2019\/07\/cluj.jpg\" \/>\n\t<meta property=\"og:image:width\" content=\"650\" \/>\n\t<meta property=\"og:image:height\" content=\"432\" \/>\n\t<meta property=\"og:image:type\" content=\"image\/jpeg\" \/>\n<meta name=\"author\" content=\"NOTICIASMERCEDINAS.COM\" \/>\n<meta name=\"twitter:card\" content=\"summary_large_image\" \/>\n<meta name=\"twitter:creator\" content=\"@notmercedinas\" \/>\n<meta name=\"twitter:site\" content=\"@notmercedinas\" \/>\n<meta name=\"twitter:label1\" content=\"Escrito por\" \/>\n\t<meta name=\"twitter:data1\" content=\"NOTICIASMERCEDINAS.COM\" \/>\n\t<meta name=\"twitter:label2\" content=\"Tiempo de lectura\" \/>\n\t<meta name=\"twitter:data2\" content=\"1 minuto\" \/>\n<script type=\"application\/ld+json\" class=\"yoast-schema-graph\">{\"@context\":\"https:\\\/\\\/schema.org\",\"@graph\":[{\"@type\":\"Article\",\"@id\":\"https:\\\/\\\/noticiasmercedinas.com\\\/site\\\/2019\\\/07\\\/31\\\/gol-y-clasificacion-para-el-crf-cluj-de-emmanuel-culio\\\/#article\",\"isPartOf\":{\"@id\":\"https:\\\/\\\/noticiasmercedinas.com\\\/site\\\/2019\\\/07\\\/31\\\/gol-y-clasificacion-para-el-crf-cluj-de-emmanuel-culio\\\/\"},\"author\":{\"name\":\"NOTICIASMERCEDINAS.COM\",\"@id\":\"https:\\\/\\\/noticiasmercedinas.com\\\/site\\\/#\\\/schema\\\/person\\\/84b59c099c28ff2e8b77d4ceec5d8063\"},\"headline\":\"Gol y clasificaci\u00f3n para el CRF Cluj de Emmanuel Culio\",\"datePublished\":\"2019-07-31T13:41:10+00:00\",\"dateModified\":\"2019-07-31T13:48:32+00:00\",\"mainEntityOfPage\":{\"@id\":\"https:\\\/\\\/noticiasmercedinas.com\\\/site\\\/2019\\\/07\\\/31\\\/gol-y-clasificacion-para-el-crf-cluj-de-emmanuel-culio\\\/\"},\"wordCount\":273,\"commentCount\":0,\"publisher\":{\"@id\":\"https:\\\/\\\/noticiasmercedinas.com\\\/site\\\/#organization\"},\"image\":{\"@id\":\"https:\\\/\\\/noticiasmercedinas.com\\\/site\\\/2019\\\/07\\\/31\\\/gol-y-clasificacion-para-el-crf-cluj-de-emmanuel-culio\\\/#primaryimage\"},\"thumbnailUrl\":\"https:\\\/\\\/noticiasmercedinas.com\\\/site\\\/wp-content\\\/uploads\\\/2019\\\/07\\\/cluj.jpg\",\"keywords\":[\"Emmanuel Culio\",\"legion mercedina\",\"Santiago Malano\"],\"articleSection\":[\"Deportes\"],\"inLanguage\":\"es\",\"potentialAction\":[{\"@type\":\"CommentAction\",\"name\":\"Comment\",\"target\":[\"https:\\\/\\\/noticiasmercedinas.com\\\/site\\\/2019\\\/07\\\/31\\\/gol-y-clasificacion-para-el-crf-cluj-de-emmanuel-culio\\\/#respond\"]}]},{\"@type\":\"WebPage\",\"@id\":\"https:\\\/\\\/noticiasmercedinas.com\\\/site\\\/2019\\\/07\\\/31\\\/gol-y-clasificacion-para-el-crf-cluj-de-emmanuel-culio\\\/\",\"url\":\"https:\\\/\\\/noticiasmercedinas.com\\\/site\\\/2019\\\/07\\\/31\\\/gol-y-clasificacion-para-el-crf-cluj-de-emmanuel-culio\\\/\",\"name\":\"Gol y clasificaci\u00f3n para el CRF Cluj de Emmanuel Culio\",\"isPartOf\":{\"@id\":\"https:\\\/\\\/noticiasmercedinas.com\\\/site\\\/#website\"},\"primaryImageOfPage\":{\"@id\":\"https:\\\/\\\/noticiasmercedinas.com\\\/site\\\/2019\\\/07\\\/31\\\/gol-y-clasificacion-para-el-crf-cluj-de-emmanuel-culio\\\/#primaryimage\"},\"image\":{\"@id\":\"https:\\\/\\\/noticiasmercedinas.com\\\/site\\\/2019\\\/07\\\/31\\\/gol-y-clasificacion-para-el-crf-cluj-de-emmanuel-culio\\\/#primaryimage\"},\"thumbnailUrl\":\"https:\\\/\\\/noticiasmercedinas.com\\\/site\\\/wp-content\\\/uploads\\\/2019\\\/07\\\/cluj.jpg\",\"datePublished\":\"2019-07-31T13:41:10+00:00\",\"dateModified\":\"2019-07-31T13:48:32+00:00\",\"breadcrumb\":{\"@id\":\"https:\\\/\\\/noticiasmercedinas.com\\\/site\\\/2019\\\/07\\\/31\\\/gol-y-clasificacion-para-el-crf-cluj-de-emmanuel-culio\\\/#breadcrumb\"},\"inLanguage\":\"es\",\"potentialAction\":[{\"@type\":\"ReadAction\",\"target\":[\"https:\\\/\\\/noticiasmercedinas.com\\\/site\\\/2019\\\/07\\\/31\\\/gol-y-clasificacion-para-el-crf-cluj-de-emmanuel-culio\\\/\"]}]},{\"@type\":\"ImageObject\",\"inLanguage\":\"es\",\"@id\":\"https:\\\/\\\/noticiasmercedinas.com\\\/site\\\/2019\\\/07\\\/31\\\/gol-y-clasificacion-para-el-crf-cluj-de-emmanuel-culio\\\/#primaryimage\",\"url\":\"https:\\\/\\\/noticiasmercedinas.com\\\/site\\\/wp-content\\\/uploads\\\/2019\\\/07\\\/cluj.jpg\",\"contentUrl\":\"https:\\\/\\\/noticiasmercedinas.com\\\/site\\\/wp-content\\\/uploads\\\/2019\\\/07\\\/cluj.jpg\",\"width\":650,\"height\":432},{\"@type\":\"BreadcrumbList\",\"@id\":\"https:\\\/\\\/noticiasmercedinas.com\\\/site\\\/2019\\\/07\\\/31\\\/gol-y-clasificacion-para-el-crf-cluj-de-emmanuel-culio\\\/#breadcrumb\",\"itemListElement\":[{\"@type\":\"ListItem\",\"position\":1,\"name\":\"Portada\",\"item\":\"https:\\\/\\\/noticiasmercedinas.com\\\/site\\\/\"},{\"@type\":\"ListItem\",\"position\":2,\"name\":\"Gol y clasificaci\u00f3n para el CRF Cluj de Emmanuel Culio\"}]},{\"@type\":\"WebSite\",\"@id\":\"https:\\\/\\\/noticiasmercedinas.com\\\/site\\\/#website\",\"url\":\"https:\\\/\\\/noticiasmercedinas.com\\\/site\\\/\",\"name\":\"NOTICIASMERCEDINAS.COM\",\"description\":\"Mercedes, Buenos Aires, Argentina\",\"publisher\":{\"@id\":\"https:\\\/\\\/noticiasmercedinas.com\\\/site\\\/#organization\"},\"potentialAction\":[{\"@type\":\"SearchAction\",\"target\":{\"@type\":\"EntryPoint\",\"urlTemplate\":\"https:\\\/\\\/noticiasmercedinas.com\\\/site\\\/?s={search_term_string}\"},\"query-input\":{\"@type\":\"PropertyValueSpecification\",\"valueRequired\":true,\"valueName\":\"search_term_string\"}}],\"inLanguage\":\"es\"},{\"@type\":\"Organization\",\"@id\":\"https:\\\/\\\/noticiasmercedinas.com\\\/site\\\/#organization\",\"name\":\"NOTICIASMERCEDINAS.COM\",\"url\":\"https:\\\/\\\/noticiasmercedinas.com\\\/site\\\/\",\"logo\":{\"@type\":\"ImageObject\",\"inLanguage\":\"es\",\"@id\":\"https:\\\/\\\/noticiasmercedinas.com\\\/site\\\/#\\\/schema\\\/logo\\\/image\\\/\",\"url\":\"https:\\\/\\\/noticiasmercedinas.com\\\/site\\\/wp-content\\\/uploads\\\/2020\\\/06\\\/LOGO-512.jpg\",\"contentUrl\":\"https:\\\/\\\/noticiasmercedinas.com\\\/site\\\/wp-content\\\/uploads\\\/2020\\\/06\\\/LOGO-512.jpg\",\"width\":512,\"height\":512,\"caption\":\"NOTICIASMERCEDINAS.COM\"},\"image\":{\"@id\":\"https:\\\/\\\/noticiasmercedinas.com\\\/site\\\/#\\\/schema\\\/logo\\\/image\\\/\"},\"sameAs\":[\"https:\\\/\\\/www.facebook.com\\\/noticiasmercedinas\\\/\",\"https:\\\/\\\/x.com\\\/notmercedinas\",\"https:\\\/\\\/www.instagram.com\\\/noticiasmercedinas\\\/\"]},{\"@type\":\"Person\",\"@id\":\"https:\\\/\\\/noticiasmercedinas.com\\\/site\\\/#\\\/schema\\\/person\\\/84b59c099c28ff2e8b77d4ceec5d8063\",\"name\":\"NOTICIASMERCEDINAS.COM\",\"image\":{\"@type\":\"ImageObject\",\"inLanguage\":\"es\",\"@id\":\"https:\\\/\\\/secure.gravatar.com\\\/avatar\\\/4dfbf16b4d17945bfb6341b2d19043457132fcf478a5ee04f42e959fd8f5df0a?s=96&d=mm&r=g\",\"url\":\"https:\\\/\\\/secure.gravatar.com\\\/avatar\\\/4dfbf16b4d17945bfb6341b2d19043457132fcf478a5ee04f42e959fd8f5df0a?s=96&d=mm&r=g\",\"contentUrl\":\"https:\\\/\\\/secure.gravatar.com\\\/avatar\\\/4dfbf16b4d17945bfb6341b2d19043457132fcf478a5ee04f42e959fd8f5df0a?s=96&d=mm&r=g\",\"caption\":\"NOTICIASMERCEDINAS.COM\"},\"url\":\"https:\\\/\\\/noticiasmercedinas.com\\\/site\\\/author\\\/anonimo\\\/\"}]}<\/script>\n<!-- \/ Yoast SEO plugin. -->","yoast_head_json":{"title":"Gol y clasificaci\u00f3n para el CRF Cluj de Emmanuel Culio","robots":{"index":"index","follow":"follow","max-snippet":"max-snippet:-1","max-image-preview":"max-image-preview:large","max-video-preview":"max-video-preview:-1"},"canonical":"https:\/\/noticiasmercedinas.com\/site\/2019\/07\/31\/gol-y-clasificacion-para-el-crf-cluj-de-emmanuel-culio\/","og_locale":"es_ES","og_type":"article","og_title":"Gol y clasificaci\u00f3n para el CRF Cluj de Emmanuel Culio","og_description":"Ayer, el futbolista mercedino Juan Emmanuel Culio result\u00f3 ser art\u00edfice del resultado que le permiti\u00f3 al CEF Cluj (Rumania) avanzar en la UEFA Champions League. El marcador final fue un empate 2-2 frente al Maccabi Tel Aviv (Israel) donde anot\u00f3 otro latino como el venezolano Mario Rond\u00f3n. El encuentro mostr\u00f3 a los 15 minutos la [&hellip;]","og_url":"https:\/\/noticiasmercedinas.com\/site\/2019\/07\/31\/gol-y-clasificacion-para-el-crf-cluj-de-emmanuel-culio\/","og_site_name":"NOTICIASMERCEDINAS.COM","article_publisher":"https:\/\/www.facebook.com\/noticiasmercedinas\/","article_published_time":"2019-07-31T13:41:10+00:00","article_modified_time":"2019-07-31T13:48:32+00:00","og_image":[{"width":650,"height":432,"url":"https:\/\/noticiasmercedinas.com\/site\/wp-content\/uploads\/2019\/07\/cluj.jpg","type":"image\/jpeg"}],"author":"NOTICIASMERCEDINAS.COM","twitter_card":"summary_large_image","twitter_creator":"@notmercedinas","twitter_site":"@notmercedinas","twitter_misc":{"Escrito por":"NOTICIASMERCEDINAS.COM","Tiempo de lectura":"1 minuto"},"schema":{"@context":"https:\/\/schema.org","@graph":[{"@type":"Article","@id":"https:\/\/noticiasmercedinas.com\/site\/2019\/07\/31\/gol-y-clasificacion-para-el-crf-cluj-de-emmanuel-culio\/#article","isPartOf":{"@id":"https:\/\/noticiasmercedinas.com\/site\/2019\/07\/31\/gol-y-clasificacion-para-el-crf-cluj-de-emmanuel-culio\/"},"author":{"name":"NOTICIASMERCEDINAS.COM","@id":"https:\/\/noticiasmercedinas.com\/site\/#\/schema\/person\/84b59c099c28ff2e8b77d4ceec5d8063"},"headline":"Gol y clasificaci\u00f3n para el CRF Cluj de Emmanuel Culio","datePublished":"2019-07-31T13:41:10+00:00","dateModified":"2019-07-31T13:48:32+00:00","mainEntityOfPage":{"@id":"https:\/\/noticiasmercedinas.com\/site\/2019\/07\/31\/gol-y-clasificacion-para-el-crf-cluj-de-emmanuel-culio\/"},"wordCount":273,"commentCount":0,"publisher":{"@id":"https:\/\/noticiasmercedinas.com\/site\/#organization"},"image":{"@id":"https:\/\/noticiasmercedinas.com\/site\/2019\/07\/31\/gol-y-clasificacion-para-el-crf-cluj-de-emmanuel-culio\/#primaryimage"},"thumbnailUrl":"https:\/\/noticiasmercedinas.com\/site\/wp-content\/uploads\/2019\/07\/cluj.jpg","keywords":["Emmanuel Culio","legion mercedina","Santiago Malano"],"articleSection":["Deportes"],"inLanguage":"es","potentialAction":[{"@type":"CommentAction","name":"Comment","target":["https:\/\/noticiasmercedinas.com\/site\/2019\/07\/31\/gol-y-clasificacion-para-el-crf-cluj-de-emmanuel-culio\/#respond"]}]},{"@type":"WebPage","@id":"https:\/\/noticiasmercedinas.com\/site\/2019\/07\/31\/gol-y-clasificacion-para-el-crf-cluj-de-emmanuel-culio\/","url":"https:\/\/noticiasmercedinas.com\/site\/2019\/07\/31\/gol-y-clasificacion-para-el-crf-cluj-de-emmanuel-culio\/","name":"Gol y clasificaci\u00f3n para el CRF Cluj de Emmanuel Culio","isPartOf":{"@id":"https:\/\/noticiasmercedinas.com\/site\/#website"},"primaryImageOfPage":{"@id":"https:\/\/noticiasmercedinas.com\/site\/2019\/07\/31\/gol-y-clasificacion-para-el-crf-cluj-de-emmanuel-culio\/#primaryimage"},"image":{"@id":"https:\/\/noticiasmercedinas.com\/site\/2019\/07\/31\/gol-y-clasificacion-para-el-crf-cluj-de-emmanuel-culio\/#primaryimage"},"thumbnailUrl":"https:\/\/noticiasmercedinas.com\/site\/wp-content\/uploads\/2019\/07\/cluj.jpg","datePublished":"2019-07-31T13:41:10+00:00","dateModified":"2019-07-31T13:48:32+00:00","breadcrumb":{"@id":"https:\/\/noticiasmercedinas.com\/site\/2019\/07\/31\/gol-y-clasificacion-para-el-crf-cluj-de-emmanuel-culio\/#breadcrumb"},"inLanguage":"es","potentialAction":[{"@type":"ReadAction","target":["https:\/\/noticiasmercedinas.com\/site\/2019\/07\/31\/gol-y-clasificacion-para-el-crf-cluj-de-emmanuel-culio\/"]}]},{"@type":"ImageObject","inLanguage":"es","@id":"https:\/\/noticiasmercedinas.com\/site\/2019\/07\/31\/gol-y-clasificacion-para-el-crf-cluj-de-emmanuel-culio\/#primaryimage","url":"https:\/\/noticiasmercedinas.com\/site\/wp-content\/uploads\/2019\/07\/cluj.jpg","contentUrl":"https:\/\/noticiasmercedinas.com\/site\/wp-content\/uploads\/2019\/07\/cluj.jpg","width":650,"height":432},{"@type":"BreadcrumbList","@id":"https:\/\/noticiasmercedinas.com\/site\/2019\/07\/31\/gol-y-clasificacion-para-el-crf-cluj-de-emmanuel-culio\/#breadcrumb","itemListElement":[{"@type":"ListItem","position":1,"name":"Portada","item":"https:\/\/noticiasmercedinas.com\/site\/"},{"@type":"ListItem","position":2,"name":"Gol y clasificaci\u00f3n para el CRF Cluj de Emmanuel Culio"}]},{"@type":"WebSite","@id":"https:\/\/noticiasmercedinas.com\/site\/#website","url":"https:\/\/noticiasmercedinas.com\/site\/","name":"NOTICIASMERCEDINAS.COM","description":"Mercedes, Buenos Aires, Argentina","publisher":{"@id":"https:\/\/noticiasmercedinas.com\/site\/#organization"},"potentialAction":[{"@type":"SearchAction","target":{"@type":"EntryPoint","urlTemplate":"https:\/\/noticiasmercedinas.com\/site\/?s={search_term_string}"},"query-input":{"@type":"PropertyValueSpecification","valueRequired":true,"valueName":"search_term_string"}}],"inLanguage":"es"},{"@type":"Organization","@id":"https:\/\/noticiasmercedinas.com\/site\/#organization","name":"NOTICIASMERCEDINAS.COM","url":"https:\/\/noticiasmercedinas.com\/site\/","logo":{"@type":"ImageObject","inLanguage":"es","@id":"https:\/\/noticiasmercedinas.com\/site\/#\/schema\/logo\/image\/","url":"https:\/\/noticiasmercedinas.com\/site\/wp-content\/uploads\/2020\/06\/LOGO-512.jpg","contentUrl":"https:\/\/noticiasmercedinas.com\/site\/wp-content\/uploads\/2020\/06\/LOGO-512.jpg","width":512,"height":512,"caption":"NOTICIASMERCEDINAS.COM"},"image":{"@id":"https:\/\/noticiasmercedinas.com\/site\/#\/schema\/logo\/image\/"},"sameAs":["https:\/\/www.facebook.com\/noticiasmercedinas\/","https:\/\/x.com\/notmercedinas","https:\/\/www.instagram.com\/noticiasmercedinas\/"]},{"@type":"Person","@id":"https:\/\/noticiasmercedinas.com\/site\/#\/schema\/person\/84b59c099c28ff2e8b77d4ceec5d8063","name":"NOTICIASMERCEDINAS.COM","image":{"@type":"ImageObject","inLanguage":"es","@id":"https:\/\/secure.gravatar.com\/avatar\/4dfbf16b4d17945bfb6341b2d19043457132fcf478a5ee04f42e959fd8f5df0a?s=96&d=mm&r=g","url":"https:\/\/secure.gravatar.com\/avatar\/4dfbf16b4d17945bfb6341b2d19043457132fcf478a5ee04f42e959fd8f5df0a?s=96&d=mm&r=g","contentUrl":"https:\/\/secure.gravatar.com\/avatar\/4dfbf16b4d17945bfb6341b2d19043457132fcf478a5ee04f42e959fd8f5df0a?s=96&d=mm&r=g","caption":"NOTICIASMERCEDINAS.COM"},"url":"https:\/\/noticiasmercedinas.com\/site\/author\/anonimo\/"}]}},"amp_enabled":true,"_links":{"self":[{"href":"https:\/\/noticiasmercedinas.com\/site\/wp-json\/wp\/v2\/posts\/24545","targetHints":{"allow":["GET"]}}],"collection":[{"href":"https:\/\/noticiasmercedinas.com\/site\/wp-json\/wp\/v2\/posts"}],"about":[{"href":"https:\/\/noticiasmercedinas.com\/site\/wp-json\/wp\/v2\/types\/post"}],"author":[{"embeddable":true,"href":"https:\/\/noticiasmercedinas.com\/site\/wp-json\/wp\/v2\/users\/16"}],"replies":[{"embeddable":true,"href":"https:\/\/noticiasmercedinas.com\/site\/wp-json\/wp\/v2\/comments?post=24545"}],"version-history":[{"count":3,"href":"https:\/\/noticiasmercedinas.com\/site\/wp-json\/wp\/v2\/posts\/24545\/revisions"}],"predecessor-version":[{"id":24549,"href":"https:\/\/noticiasmercedinas.com\/site\/wp-json\/wp\/v2\/posts\/24545\/revisions\/24549"}],"wp:featuredmedia":[{"embeddable":true,"href":"https:\/\/noticiasmercedinas.com\/site\/wp-json\/wp\/v2\/media\/24546"}],"wp:attachment":[{"href":"https:\/\/noticiasmercedinas.com\/site\/wp-json\/wp\/v2\/media?parent=24545"}],"wp:term":[{"taxonomy":"category","embeddable":true,"href":"https:\/\/noticiasmercedinas.com\/site\/wp-json\/wp\/v2\/categories?post=24545"},{"taxonomy":"post_tag","embeddable":true,"href":"https:\/\/noticiasmercedinas.com\/site\/wp-json\/wp\/v2\/tags?post=24545"}],"curies":[{"name":"wp","href":"https:\/\/api.w.org\/{rel}","templated":true}]}}