{"id":24894,"date":"2019-08-05T12:16:08","date_gmt":"2019-08-05T15:16:08","guid":{"rendered":"https:\/\/noticiasmercedinas.com\/site\/?p=24894"},"modified":"2019-08-05T12:17:11","modified_gmt":"2019-08-05T15:17:11","slug":"campana-sucia-consenso-federal-denuncia-rotura-de-carteles-y-hasta-un-balazo","status":"publish","type":"post","link":"https:\/\/noticiasmercedinas.com\/site\/2019\/08\/05\/campana-sucia-consenso-federal-denuncia-rotura-de-carteles-y-hasta-un-balazo\/","title":{"rendered":"Campa\u00f1a sucia: Consenso Federal denuncia rotura de carteles y hasta un balazo"},"content":{"rendered":"<div id='gallery-1' class='gallery galleryid-24894 gallery-columns-3 gallery-size-thumbnail'><figure class='gallery-item'>\n\t\t\t<div class='gallery-icon portrait'>\n\t\t\t\t<a href='https:\/\/noticiasmercedinas.com\/site\/img-20190805-wa001136416969107813452\/'><img loading=\"lazy\" decoding=\"async\" width=\"150\" height=\"150\" src=\"https:\/\/noticiasmercedinas.com\/site\/wp-content\/uploads\/2019\/08\/img-20190805-wa001136416969107813452-150x150.jpg\" class=\"attachment-thumbnail size-thumbnail\" alt=\"\" \/><\/a>\n\t\t\t<\/div><\/figure><figure class='gallery-item'>\n\t\t\t<div class='gallery-icon portrait'>\n\t\t\t\t<a href='https:\/\/noticiasmercedinas.com\/site\/img-20190805-wa00124725609155673241425\/'><img loading=\"lazy\" decoding=\"async\" width=\"150\" height=\"150\" src=\"https:\/\/noticiasmercedinas.com\/site\/wp-content\/uploads\/2019\/08\/img-20190805-wa00124725609155673241425-150x150.jpg\" class=\"attachment-thumbnail size-thumbnail\" alt=\"\" \/><\/a>\n\t\t\t<\/div><\/figure><figure class='gallery-item'>\n\t\t\t<div class='gallery-icon portrait'>\n\t\t\t\t<a href='https:\/\/noticiasmercedinas.com\/site\/img-20190805-wa00103953283813814114350\/'><img loading=\"lazy\" decoding=\"async\" width=\"150\" height=\"150\" src=\"https:\/\/noticiasmercedinas.com\/site\/wp-content\/uploads\/2019\/08\/img-20190805-wa00103953283813814114350-150x150.jpg\" class=\"attachment-thumbnail size-thumbnail\" alt=\"\" srcset=\"https:\/\/noticiasmercedinas.com\/site\/wp-content\/uploads\/2019\/08\/img-20190805-wa00103953283813814114350-150x150.jpg 150w, https:\/\/noticiasmercedinas.com\/site\/wp-content\/uploads\/2019\/08\/img-20190805-wa00103953283813814114350-720x720.jpg 720w\" sizes=\"auto, (max-width: 150px) 100vw, 150px\" \/><\/a>\n\t\t\t<\/div><\/figure>\n\t\t<\/div>\n\n<p>Desde Consenso Federal denunciaron p\u00fablicamente ser objeto de una campa\u00f1a sucia que incluye la rotura de carteles en la v\u00eda p\u00fablica y hasta un balazo en una de las sedes partidarias, correspondiente a la agrupaci\u00f3n 25 de Mayo.<\/p>\n<p>\u00abPor estas horas aparecieron varios carteles rotos nuestros\u00bb, remarcaron desde esa fuerza, cuyo m\u00e1ximo referente en Mercedes es Francisco Cardozo.<\/p>\n<p>\u00abLa vieja pol\u00edtica aparece en escena. Sin propuestas de gobierno pero con patotas pol\u00edticas\u00bb, se quejaron.<\/p>\n<p>\u00abEncontramos muchos carteles rotos ahora. Y ya nos hab\u00edamos mudado del otro local partidario porque fue baleado a principios hace un mes. El balazo fue recibido en el local de la Avenida 16 entre 29 y 27.  Y ahora esto\u00bb, se quejaron y recordaron el terrible hecho que incluso judicializaron a principios del mes de julio.<\/p>\n<p>\u00abLa campa\u00f1a limpia la tenemos que respetar todos los actores y con acciones reales\u00bb, opinaron.<\/p>\n<p>En este sentido, el propio candidato Francisco \u00abPacha\u00bb Cardozo sostuvo ante este medio: \u00abEstamos m\u00e1s fuertes que nunca y vamos a trabajar para desterrar las patotas de la vieja pol\u00edtica desde el Concejo Deliberante\u00bb.<\/p>\n","protected":false},"excerpt":{"rendered":"<p>Desde Consenso Federal denunciaron p\u00fablicamente ser objeto de una campa\u00f1a sucia que incluye la rotura de carteles en la v\u00eda p\u00fablica y hasta un balazo en una de las sedes partidarias, correspondiente a la agrupaci\u00f3n 25 de Mayo. \u00abPor estas horas aparecieron varios carteles rotos nuestros\u00bb, remarcaron desde esa fuerza, cuyo m\u00e1ximo referente en Mercedes [&hellip;]<\/p>\n","protected":false},"author":2,"featured_media":24892,"comment_status":"open","ping_status":"open","sticky":false,"template":"","format":"standard","meta":{"footnotes":""},"categories":[16],"tags":[5944,4874,3680,5300],"class_list":["post-24894","post","type-post","status-publish","format-standard","has-post-thumbnail","hentry","category-politica","tag-balazo","tag-campana-sucia","tag-carteles","tag-consenso-federal"],"yoast_head":"<!-- This site is optimized with the Yoast SEO plugin v27.5 - https:\/\/yoast.com\/product\/yoast-seo-wordpress\/ -->\n<title>Campa\u00f1a sucia: Consenso Federal denuncia rotura de carteles y hasta un balazo<\/title>\n<meta name=\"robots\" content=\"index, follow, max-snippet:-1, max-image-preview:large, max-video-preview:-1\" \/>\n<link rel=\"canonical\" href=\"https:\/\/noticiasmercedinas.com\/site\/2019\/08\/05\/campana-sucia-consenso-federal-denuncia-rotura-de-carteles-y-hasta-un-balazo\/\" \/>\n<meta property=\"og:locale\" content=\"es_ES\" \/>\n<meta property=\"og:type\" content=\"article\" \/>\n<meta property=\"og:title\" content=\"Campa\u00f1a sucia: Consenso Federal denuncia rotura de carteles y hasta un balazo\" \/>\n<meta property=\"og:description\" content=\"Desde Consenso Federal denunciaron p\u00fablicamente ser objeto de una campa\u00f1a sucia que incluye la rotura de carteles en la v\u00eda p\u00fablica y hasta un balazo en una de las sedes partidarias, correspondiente a la agrupaci\u00f3n 25 de Mayo. \u00abPor estas horas aparecieron varios carteles rotos nuestros\u00bb, remarcaron desde esa fuerza, cuyo m\u00e1ximo referente en Mercedes [&hellip;]\" \/>\n<meta property=\"og:url\" content=\"https:\/\/noticiasmercedinas.com\/site\/2019\/08\/05\/campana-sucia-consenso-federal-denuncia-rotura-de-carteles-y-hasta-un-balazo\/\" \/>\n<meta property=\"og:site_name\" content=\"NOTICIASMERCEDINAS.COM\" \/>\n<meta property=\"article:publisher\" content=\"https:\/\/www.facebook.com\/noticiasmercedinas\/\" \/>\n<meta property=\"article:author\" content=\"https:\/\/www.facebook.com\/cristian.falabella\" \/>\n<meta property=\"article:published_time\" content=\"2019-08-05T15:16:08+00:00\" \/>\n<meta property=\"article:modified_time\" content=\"2019-08-05T15:17:11+00:00\" \/>\n<meta property=\"og:image\" content=\"https:\/\/noticiasmercedinas.com\/site\/wp-content\/uploads\/2019\/08\/img-20190805-wa00124725609155673241425.jpg\" \/>\n\t<meta property=\"og:image:width\" content=\"640\" \/>\n\t<meta property=\"og:image:height\" content=\"1280\" \/>\n\t<meta property=\"og:image:type\" content=\"image\/jpeg\" \/>\n<meta name=\"author\" content=\"Cristian Falabella NOTICIASMERCEDINAS.COM\" \/>\n<meta name=\"twitter:card\" content=\"summary_large_image\" \/>\n<meta name=\"twitter:creator\" content=\"@https:\/\/twitter.com\/NOTMERCEDINAS\" \/>\n<meta name=\"twitter:site\" content=\"@notmercedinas\" \/>\n<meta name=\"twitter:label1\" content=\"Escrito por\" \/>\n\t<meta name=\"twitter:data1\" content=\"Cristian Falabella NOTICIASMERCEDINAS.COM\" \/>\n\t<meta name=\"twitter:label2\" content=\"Tiempo de lectura\" \/>\n\t<meta name=\"twitter:data2\" content=\"1 minuto\" \/>\n<script type=\"application\/ld+json\" class=\"yoast-schema-graph\">{\"@context\":\"https:\\\/\\\/schema.org\",\"@graph\":[{\"@type\":\"Article\",\"@id\":\"https:\\\/\\\/noticiasmercedinas.com\\\/site\\\/2019\\\/08\\\/05\\\/campana-sucia-consenso-federal-denuncia-rotura-de-carteles-y-hasta-un-balazo\\\/#article\",\"isPartOf\":{\"@id\":\"https:\\\/\\\/noticiasmercedinas.com\\\/site\\\/2019\\\/08\\\/05\\\/campana-sucia-consenso-federal-denuncia-rotura-de-carteles-y-hasta-un-balazo\\\/\"},\"author\":{\"name\":\"Cristian Falabella NOTICIASMERCEDINAS.COM\",\"@id\":\"https:\\\/\\\/noticiasmercedinas.com\\\/site\\\/#\\\/schema\\\/person\\\/d481a9696a5feaec13a60e2bbd991a6a\"},\"headline\":\"Campa\u00f1a sucia: Consenso Federal denuncia rotura de carteles y hasta un balazo\",\"datePublished\":\"2019-08-05T15:16:08+00:00\",\"dateModified\":\"2019-08-05T15:17:11+00:00\",\"mainEntityOfPage\":{\"@id\":\"https:\\\/\\\/noticiasmercedinas.com\\\/site\\\/2019\\\/08\\\/05\\\/campana-sucia-consenso-federal-denuncia-rotura-de-carteles-y-hasta-un-balazo\\\/\"},\"wordCount\":204,\"commentCount\":0,\"publisher\":{\"@id\":\"https:\\\/\\\/noticiasmercedinas.com\\\/site\\\/#organization\"},\"image\":{\"@id\":\"https:\\\/\\\/noticiasmercedinas.com\\\/site\\\/2019\\\/08\\\/05\\\/campana-sucia-consenso-federal-denuncia-rotura-de-carteles-y-hasta-un-balazo\\\/#primaryimage\"},\"thumbnailUrl\":\"https:\\\/\\\/noticiasmercedinas.com\\\/site\\\/wp-content\\\/uploads\\\/2019\\\/08\\\/img-20190805-wa00124725609155673241425.jpg\",\"keywords\":[\"balazo\",\"campa\u00f1a sucia\",\"carteles\",\"Consenso Federal\"],\"articleSection\":[\"Politica\"],\"inLanguage\":\"es\",\"potentialAction\":[{\"@type\":\"CommentAction\",\"name\":\"Comment\",\"target\":[\"https:\\\/\\\/noticiasmercedinas.com\\\/site\\\/2019\\\/08\\\/05\\\/campana-sucia-consenso-federal-denuncia-rotura-de-carteles-y-hasta-un-balazo\\\/#respond\"]}]},{\"@type\":\"WebPage\",\"@id\":\"https:\\\/\\\/noticiasmercedinas.com\\\/site\\\/2019\\\/08\\\/05\\\/campana-sucia-consenso-federal-denuncia-rotura-de-carteles-y-hasta-un-balazo\\\/\",\"url\":\"https:\\\/\\\/noticiasmercedinas.com\\\/site\\\/2019\\\/08\\\/05\\\/campana-sucia-consenso-federal-denuncia-rotura-de-carteles-y-hasta-un-balazo\\\/\",\"name\":\"Campa\u00f1a sucia: Consenso Federal denuncia rotura de carteles y hasta un balazo\",\"isPartOf\":{\"@id\":\"https:\\\/\\\/noticiasmercedinas.com\\\/site\\\/#website\"},\"primaryImageOfPage\":{\"@id\":\"https:\\\/\\\/noticiasmercedinas.com\\\/site\\\/2019\\\/08\\\/05\\\/campana-sucia-consenso-federal-denuncia-rotura-de-carteles-y-hasta-un-balazo\\\/#primaryimage\"},\"image\":{\"@id\":\"https:\\\/\\\/noticiasmercedinas.com\\\/site\\\/2019\\\/08\\\/05\\\/campana-sucia-consenso-federal-denuncia-rotura-de-carteles-y-hasta-un-balazo\\\/#primaryimage\"},\"thumbnailUrl\":\"https:\\\/\\\/noticiasmercedinas.com\\\/site\\\/wp-content\\\/uploads\\\/2019\\\/08\\\/img-20190805-wa00124725609155673241425.jpg\",\"datePublished\":\"2019-08-05T15:16:08+00:00\",\"dateModified\":\"2019-08-05T15:17:11+00:00\",\"breadcrumb\":{\"@id\":\"https:\\\/\\\/noticiasmercedinas.com\\\/site\\\/2019\\\/08\\\/05\\\/campana-sucia-consenso-federal-denuncia-rotura-de-carteles-y-hasta-un-balazo\\\/#breadcrumb\"},\"inLanguage\":\"es\",\"potentialAction\":[{\"@type\":\"ReadAction\",\"target\":[\"https:\\\/\\\/noticiasmercedinas.com\\\/site\\\/2019\\\/08\\\/05\\\/campana-sucia-consenso-federal-denuncia-rotura-de-carteles-y-hasta-un-balazo\\\/\"]}]},{\"@type\":\"ImageObject\",\"inLanguage\":\"es\",\"@id\":\"https:\\\/\\\/noticiasmercedinas.com\\\/site\\\/2019\\\/08\\\/05\\\/campana-sucia-consenso-federal-denuncia-rotura-de-carteles-y-hasta-un-balazo\\\/#primaryimage\",\"url\":\"https:\\\/\\\/noticiasmercedinas.com\\\/site\\\/wp-content\\\/uploads\\\/2019\\\/08\\\/img-20190805-wa00124725609155673241425.jpg\",\"contentUrl\":\"https:\\\/\\\/noticiasmercedinas.com\\\/site\\\/wp-content\\\/uploads\\\/2019\\\/08\\\/img-20190805-wa00124725609155673241425.jpg\",\"width\":640,\"height\":1280},{\"@type\":\"BreadcrumbList\",\"@id\":\"https:\\\/\\\/noticiasmercedinas.com\\\/site\\\/2019\\\/08\\\/05\\\/campana-sucia-consenso-federal-denuncia-rotura-de-carteles-y-hasta-un-balazo\\\/#breadcrumb\",\"itemListElement\":[{\"@type\":\"ListItem\",\"position\":1,\"name\":\"Portada\",\"item\":\"https:\\\/\\\/noticiasmercedinas.com\\\/site\\\/\"},{\"@type\":\"ListItem\",\"position\":2,\"name\":\"Campa\u00f1a sucia: Consenso Federal denuncia rotura de carteles y hasta un balazo\"}]},{\"@type\":\"WebSite\",\"@id\":\"https:\\\/\\\/noticiasmercedinas.com\\\/site\\\/#website\",\"url\":\"https:\\\/\\\/noticiasmercedinas.com\\\/site\\\/\",\"name\":\"NOTICIASMERCEDINAS.COM\",\"description\":\"Mercedes, Buenos Aires, Argentina\",\"publisher\":{\"@id\":\"https:\\\/\\\/noticiasmercedinas.com\\\/site\\\/#organization\"},\"potentialAction\":[{\"@type\":\"SearchAction\",\"target\":{\"@type\":\"EntryPoint\",\"urlTemplate\":\"https:\\\/\\\/noticiasmercedinas.com\\\/site\\\/?s={search_term_string}\"},\"query-input\":{\"@type\":\"PropertyValueSpecification\",\"valueRequired\":true,\"valueName\":\"search_term_string\"}}],\"inLanguage\":\"es\"},{\"@type\":\"Organization\",\"@id\":\"https:\\\/\\\/noticiasmercedinas.com\\\/site\\\/#organization\",\"name\":\"NOTICIASMERCEDINAS.COM\",\"url\":\"https:\\\/\\\/noticiasmercedinas.com\\\/site\\\/\",\"logo\":{\"@type\":\"ImageObject\",\"inLanguage\":\"es\",\"@id\":\"https:\\\/\\\/noticiasmercedinas.com\\\/site\\\/#\\\/schema\\\/logo\\\/image\\\/\",\"url\":\"https:\\\/\\\/noticiasmercedinas.com\\\/site\\\/wp-content\\\/uploads\\\/2020\\\/06\\\/LOGO-512.jpg\",\"contentUrl\":\"https:\\\/\\\/noticiasmercedinas.com\\\/site\\\/wp-content\\\/uploads\\\/2020\\\/06\\\/LOGO-512.jpg\",\"width\":512,\"height\":512,\"caption\":\"NOTICIASMERCEDINAS.COM\"},\"image\":{\"@id\":\"https:\\\/\\\/noticiasmercedinas.com\\\/site\\\/#\\\/schema\\\/logo\\\/image\\\/\"},\"sameAs\":[\"https:\\\/\\\/www.facebook.com\\\/noticiasmercedinas\\\/\",\"https:\\\/\\\/x.com\\\/notmercedinas\",\"https:\\\/\\\/www.instagram.com\\\/noticiasmercedinas\\\/\"]},{\"@type\":\"Person\",\"@id\":\"https:\\\/\\\/noticiasmercedinas.com\\\/site\\\/#\\\/schema\\\/person\\\/d481a9696a5feaec13a60e2bbd991a6a\",\"name\":\"Cristian Falabella NOTICIASMERCEDINAS.COM\",\"image\":{\"@type\":\"ImageObject\",\"inLanguage\":\"es\",\"@id\":\"https:\\\/\\\/secure.gravatar.com\\\/avatar\\\/0dbbfc45970cc46bcd0e57766228574ff3511d6eed045b182f536f0f478c1f06?s=96&d=mm&r=g\",\"url\":\"https:\\\/\\\/secure.gravatar.com\\\/avatar\\\/0dbbfc45970cc46bcd0e57766228574ff3511d6eed045b182f536f0f478c1f06?s=96&d=mm&r=g\",\"contentUrl\":\"https:\\\/\\\/secure.gravatar.com\\\/avatar\\\/0dbbfc45970cc46bcd0e57766228574ff3511d6eed045b182f536f0f478c1f06?s=96&d=mm&r=g\",\"caption\":\"Cristian Falabella NOTICIASMERCEDINAS.COM\"},\"description\":\"Periodista, editor de Noticias Mercedinas. Pas\u00f3 por varias redacciones y emprendimientos de prensa, en distintos formatos y \u00e9pocas. Se especializ\u00f3 --y sigue haci\u00e9ndolo-- en comunicaci\u00f3n en la web y en junio de 2006 fund\u00f3 este diario digital.\",\"sameAs\":[\"https:\\\/\\\/noticiasmercedinas.com\",\"https:\\\/\\\/www.facebook.com\\\/cristian.falabella\",\"https:\\\/\\\/www.instagram.com\\\/noticiasmercedinas\\\/\",\"https:\\\/\\\/x.com\\\/https:\\\/\\\/twitter.com\\\/NOTMERCEDINAS\"],\"url\":\"https:\\\/\\\/noticiasmercedinas.com\\\/site\\\/author\\\/as000384\\\/\"}]}<\/script>\n<!-- \/ Yoast SEO plugin. -->","yoast_head_json":{"title":"Campa\u00f1a sucia: Consenso Federal denuncia rotura de carteles y hasta un balazo","robots":{"index":"index","follow":"follow","max-snippet":"max-snippet:-1","max-image-preview":"max-image-preview:large","max-video-preview":"max-video-preview:-1"},"canonical":"https:\/\/noticiasmercedinas.com\/site\/2019\/08\/05\/campana-sucia-consenso-federal-denuncia-rotura-de-carteles-y-hasta-un-balazo\/","og_locale":"es_ES","og_type":"article","og_title":"Campa\u00f1a sucia: Consenso Federal denuncia rotura de carteles y hasta un balazo","og_description":"Desde Consenso Federal denunciaron p\u00fablicamente ser objeto de una campa\u00f1a sucia que incluye la rotura de carteles en la v\u00eda p\u00fablica y hasta un balazo en una de las sedes partidarias, correspondiente a la agrupaci\u00f3n 25 de Mayo. \u00abPor estas horas aparecieron varios carteles rotos nuestros\u00bb, remarcaron desde esa fuerza, cuyo m\u00e1ximo referente en Mercedes [&hellip;]","og_url":"https:\/\/noticiasmercedinas.com\/site\/2019\/08\/05\/campana-sucia-consenso-federal-denuncia-rotura-de-carteles-y-hasta-un-balazo\/","og_site_name":"NOTICIASMERCEDINAS.COM","article_publisher":"https:\/\/www.facebook.com\/noticiasmercedinas\/","article_author":"https:\/\/www.facebook.com\/cristian.falabella","article_published_time":"2019-08-05T15:16:08+00:00","article_modified_time":"2019-08-05T15:17:11+00:00","og_image":[{"width":640,"height":1280,"url":"https:\/\/noticiasmercedinas.com\/site\/wp-content\/uploads\/2019\/08\/img-20190805-wa00124725609155673241425.jpg","type":"image\/jpeg"}],"author":"Cristian Falabella NOTICIASMERCEDINAS.COM","twitter_card":"summary_large_image","twitter_creator":"@https:\/\/twitter.com\/NOTMERCEDINAS","twitter_site":"@notmercedinas","twitter_misc":{"Escrito por":"Cristian Falabella NOTICIASMERCEDINAS.COM","Tiempo de lectura":"1 minuto"},"schema":{"@context":"https:\/\/schema.org","@graph":[{"@type":"Article","@id":"https:\/\/noticiasmercedinas.com\/site\/2019\/08\/05\/campana-sucia-consenso-federal-denuncia-rotura-de-carteles-y-hasta-un-balazo\/#article","isPartOf":{"@id":"https:\/\/noticiasmercedinas.com\/site\/2019\/08\/05\/campana-sucia-consenso-federal-denuncia-rotura-de-carteles-y-hasta-un-balazo\/"},"author":{"name":"Cristian Falabella NOTICIASMERCEDINAS.COM","@id":"https:\/\/noticiasmercedinas.com\/site\/#\/schema\/person\/d481a9696a5feaec13a60e2bbd991a6a"},"headline":"Campa\u00f1a sucia: Consenso Federal denuncia rotura de carteles y hasta un balazo","datePublished":"2019-08-05T15:16:08+00:00","dateModified":"2019-08-05T15:17:11+00:00","mainEntityOfPage":{"@id":"https:\/\/noticiasmercedinas.com\/site\/2019\/08\/05\/campana-sucia-consenso-federal-denuncia-rotura-de-carteles-y-hasta-un-balazo\/"},"wordCount":204,"commentCount":0,"publisher":{"@id":"https:\/\/noticiasmercedinas.com\/site\/#organization"},"image":{"@id":"https:\/\/noticiasmercedinas.com\/site\/2019\/08\/05\/campana-sucia-consenso-federal-denuncia-rotura-de-carteles-y-hasta-un-balazo\/#primaryimage"},"thumbnailUrl":"https:\/\/noticiasmercedinas.com\/site\/wp-content\/uploads\/2019\/08\/img-20190805-wa00124725609155673241425.jpg","keywords":["balazo","campa\u00f1a sucia","carteles","Consenso Federal"],"articleSection":["Politica"],"inLanguage":"es","potentialAction":[{"@type":"CommentAction","name":"Comment","target":["https:\/\/noticiasmercedinas.com\/site\/2019\/08\/05\/campana-sucia-consenso-federal-denuncia-rotura-de-carteles-y-hasta-un-balazo\/#respond"]}]},{"@type":"WebPage","@id":"https:\/\/noticiasmercedinas.com\/site\/2019\/08\/05\/campana-sucia-consenso-federal-denuncia-rotura-de-carteles-y-hasta-un-balazo\/","url":"https:\/\/noticiasmercedinas.com\/site\/2019\/08\/05\/campana-sucia-consenso-federal-denuncia-rotura-de-carteles-y-hasta-un-balazo\/","name":"Campa\u00f1a sucia: Consenso Federal denuncia rotura de carteles y hasta un balazo","isPartOf":{"@id":"https:\/\/noticiasmercedinas.com\/site\/#website"},"primaryImageOfPage":{"@id":"https:\/\/noticiasmercedinas.com\/site\/2019\/08\/05\/campana-sucia-consenso-federal-denuncia-rotura-de-carteles-y-hasta-un-balazo\/#primaryimage"},"image":{"@id":"https:\/\/noticiasmercedinas.com\/site\/2019\/08\/05\/campana-sucia-consenso-federal-denuncia-rotura-de-carteles-y-hasta-un-balazo\/#primaryimage"},"thumbnailUrl":"https:\/\/noticiasmercedinas.com\/site\/wp-content\/uploads\/2019\/08\/img-20190805-wa00124725609155673241425.jpg","datePublished":"2019-08-05T15:16:08+00:00","dateModified":"2019-08-05T15:17:11+00:00","breadcrumb":{"@id":"https:\/\/noticiasmercedinas.com\/site\/2019\/08\/05\/campana-sucia-consenso-federal-denuncia-rotura-de-carteles-y-hasta-un-balazo\/#breadcrumb"},"inLanguage":"es","potentialAction":[{"@type":"ReadAction","target":["https:\/\/noticiasmercedinas.com\/site\/2019\/08\/05\/campana-sucia-consenso-federal-denuncia-rotura-de-carteles-y-hasta-un-balazo\/"]}]},{"@type":"ImageObject","inLanguage":"es","@id":"https:\/\/noticiasmercedinas.com\/site\/2019\/08\/05\/campana-sucia-consenso-federal-denuncia-rotura-de-carteles-y-hasta-un-balazo\/#primaryimage","url":"https:\/\/noticiasmercedinas.com\/site\/wp-content\/uploads\/2019\/08\/img-20190805-wa00124725609155673241425.jpg","contentUrl":"https:\/\/noticiasmercedinas.com\/site\/wp-content\/uploads\/2019\/08\/img-20190805-wa00124725609155673241425.jpg","width":640,"height":1280},{"@type":"BreadcrumbList","@id":"https:\/\/noticiasmercedinas.com\/site\/2019\/08\/05\/campana-sucia-consenso-federal-denuncia-rotura-de-carteles-y-hasta-un-balazo\/#breadcrumb","itemListElement":[{"@type":"ListItem","position":1,"name":"Portada","item":"https:\/\/noticiasmercedinas.com\/site\/"},{"@type":"ListItem","position":2,"name":"Campa\u00f1a sucia: Consenso Federal denuncia rotura de carteles y hasta un balazo"}]},{"@type":"WebSite","@id":"https:\/\/noticiasmercedinas.com\/site\/#website","url":"https:\/\/noticiasmercedinas.com\/site\/","name":"NOTICIASMERCEDINAS.COM","description":"Mercedes, Buenos Aires, Argentina","publisher":{"@id":"https:\/\/noticiasmercedinas.com\/site\/#organization"},"potentialAction":[{"@type":"SearchAction","target":{"@type":"EntryPoint","urlTemplate":"https:\/\/noticiasmercedinas.com\/site\/?s={search_term_string}"},"query-input":{"@type":"PropertyValueSpecification","valueRequired":true,"valueName":"search_term_string"}}],"inLanguage":"es"},{"@type":"Organization","@id":"https:\/\/noticiasmercedinas.com\/site\/#organization","name":"NOTICIASMERCEDINAS.COM","url":"https:\/\/noticiasmercedinas.com\/site\/","logo":{"@type":"ImageObject","inLanguage":"es","@id":"https:\/\/noticiasmercedinas.com\/site\/#\/schema\/logo\/image\/","url":"https:\/\/noticiasmercedinas.com\/site\/wp-content\/uploads\/2020\/06\/LOGO-512.jpg","contentUrl":"https:\/\/noticiasmercedinas.com\/site\/wp-content\/uploads\/2020\/06\/LOGO-512.jpg","width":512,"height":512,"caption":"NOTICIASMERCEDINAS.COM"},"image":{"@id":"https:\/\/noticiasmercedinas.com\/site\/#\/schema\/logo\/image\/"},"sameAs":["https:\/\/www.facebook.com\/noticiasmercedinas\/","https:\/\/x.com\/notmercedinas","https:\/\/www.instagram.com\/noticiasmercedinas\/"]},{"@type":"Person","@id":"https:\/\/noticiasmercedinas.com\/site\/#\/schema\/person\/d481a9696a5feaec13a60e2bbd991a6a","name":"Cristian Falabella NOTICIASMERCEDINAS.COM","image":{"@type":"ImageObject","inLanguage":"es","@id":"https:\/\/secure.gravatar.com\/avatar\/0dbbfc45970cc46bcd0e57766228574ff3511d6eed045b182f536f0f478c1f06?s=96&d=mm&r=g","url":"https:\/\/secure.gravatar.com\/avatar\/0dbbfc45970cc46bcd0e57766228574ff3511d6eed045b182f536f0f478c1f06?s=96&d=mm&r=g","contentUrl":"https:\/\/secure.gravatar.com\/avatar\/0dbbfc45970cc46bcd0e57766228574ff3511d6eed045b182f536f0f478c1f06?s=96&d=mm&r=g","caption":"Cristian Falabella NOTICIASMERCEDINAS.COM"},"description":"Periodista, editor de Noticias Mercedinas. Pas\u00f3 por varias redacciones y emprendimientos de prensa, en distintos formatos y \u00e9pocas. Se especializ\u00f3 --y sigue haci\u00e9ndolo-- en comunicaci\u00f3n en la web y en junio de 2006 fund\u00f3 este diario digital.","sameAs":["https:\/\/noticiasmercedinas.com","https:\/\/www.facebook.com\/cristian.falabella","https:\/\/www.instagram.com\/noticiasmercedinas\/","https:\/\/x.com\/https:\/\/twitter.com\/NOTMERCEDINAS"],"url":"https:\/\/noticiasmercedinas.com\/site\/author\/as000384\/"}]}},"amp_enabled":true,"_links":{"self":[{"href":"https:\/\/noticiasmercedinas.com\/site\/wp-json\/wp\/v2\/posts\/24894","targetHints":{"allow":["GET"]}}],"collection":[{"href":"https:\/\/noticiasmercedinas.com\/site\/wp-json\/wp\/v2\/posts"}],"about":[{"href":"https:\/\/noticiasmercedinas.com\/site\/wp-json\/wp\/v2\/types\/post"}],"author":[{"embeddable":true,"href":"https:\/\/noticiasmercedinas.com\/site\/wp-json\/wp\/v2\/users\/2"}],"replies":[{"embeddable":true,"href":"https:\/\/noticiasmercedinas.com\/site\/wp-json\/wp\/v2\/comments?post=24894"}],"version-history":[{"count":1,"href":"https:\/\/noticiasmercedinas.com\/site\/wp-json\/wp\/v2\/posts\/24894\/revisions"}],"predecessor-version":[{"id":24898,"href":"https:\/\/noticiasmercedinas.com\/site\/wp-json\/wp\/v2\/posts\/24894\/revisions\/24898"}],"wp:featuredmedia":[{"embeddable":true,"href":"https:\/\/noticiasmercedinas.com\/site\/wp-json\/wp\/v2\/media\/24892"}],"wp:attachment":[{"href":"https:\/\/noticiasmercedinas.com\/site\/wp-json\/wp\/v2\/media?parent=24894"}],"wp:term":[{"taxonomy":"category","embeddable":true,"href":"https:\/\/noticiasmercedinas.com\/site\/wp-json\/wp\/v2\/categories?post=24894"},{"taxonomy":"post_tag","embeddable":true,"href":"https:\/\/noticiasmercedinas.com\/site\/wp-json\/wp\/v2\/tags?post=24894"}],"curies":[{"name":"wp","href":"https:\/\/api.w.org\/{rel}","templated":true}]}}