{"id":25001,"date":"2019-08-06T18:31:42","date_gmt":"2019-08-06T21:31:42","guid":{"rendered":"https:\/\/noticiasmercedinas.com\/site\/2019\/08\/06\/felipe-pigna-presento-en-la-unlu-el-audiovisual-universidad-publica-y-gratuita\/"},"modified":"2019-08-06T18:33:45","modified_gmt":"2019-08-06T21:33:45","slug":"felipe-pigna-presento-en-la-unlu-el-audiovisual-universidad-publica-y-gratuita","status":"publish","type":"post","link":"https:\/\/noticiasmercedinas.com\/site\/2019\/08\/06\/felipe-pigna-presento-en-la-unlu-el-audiovisual-universidad-publica-y-gratuita\/","title":{"rendered":"Felipe Pigna present\u00f3 en la UNLu el audiovisual \u00abUniversidad P\u00fablica y Gratuita\u00bb"},"content":{"rendered":"<p><img loading=\"lazy\" decoding=\"async\" class=\"alignnone wp-image-25000\" src=\"https:\/\/noticiasmercedinas.com\/site\/wp-content\/uploads\/2019\/08\/wp-1565126950562.jpg\" alt=\"\" width=\"640\" height=\"480\" srcset=\"https:\/\/noticiasmercedinas.com\/site\/wp-content\/uploads\/2019\/08\/wp-1565126950562.jpg 400w, https:\/\/noticiasmercedinas.com\/site\/wp-content\/uploads\/2019\/08\/wp-1565126950562-300x225.jpg 300w, https:\/\/noticiasmercedinas.com\/site\/wp-content\/uploads\/2019\/08\/wp-1565126950562-80x60.jpg 80w, https:\/\/noticiasmercedinas.com\/site\/wp-content\/uploads\/2019\/08\/wp-1565126950562-160x120.jpg 160w, https:\/\/noticiasmercedinas.com\/site\/wp-content\/uploads\/2019\/08\/wp-1565126950562-100x75.jpg 100w, https:\/\/noticiasmercedinas.com\/site\/wp-content\/uploads\/2019\/08\/wp-1565126950562-200x150.jpg 200w, https:\/\/noticiasmercedinas.com\/site\/wp-content\/uploads\/2019\/08\/wp-1565126950562-180x135.jpg 180w, https:\/\/noticiasmercedinas.com\/site\/wp-content\/uploads\/2019\/08\/wp-1565126950562-360x270.jpg 360w, https:\/\/noticiasmercedinas.com\/site\/wp-content\/uploads\/2019\/08\/wp-1565126950562-238x178.jpg 238w\" sizes=\"auto, (max-width: 640px) 100vw, 640px\" \/><\/p>\n<p>El historiador <strong>Felipe Pigna<\/strong> particip\u00f3 este lunes 5 de agosto en la Sede Central de la Universidad de Luj\u00e1n de la presentaci\u00f3n del trabajo documental \u00abUniversidad Publica y Gratuita, a 70 a\u00f1os de la Gratuidad\u00bb, que refleja la historia del desarrollo del Sistema Universitario Argentino, al cumplirse este a\u00f1o 2019 el 70 aniversario del Decreto N\u00b0 29.337 (del 22 de noviembre de 1949) que suspendi\u00f3 el cobro de aranceles universitarios, consagrando la gratuidad de los estudios superiores.<\/p>\n<p>Este documental fue presentado desde las 18 horas en el Aula 707 de la Biblioteca Central de la UNLu, en un acto organizado por la Asociaci\u00f3n de Docentes e Investigadores de la Universidad Nacional de Luj\u00e1n (ADIUL) y que cont\u00f3 con la presencia del Secretario General de la Federaci\u00f3n de Docentes de las Universidades (FEDUN), Daniel Ricci, el titular de ADIUL Juan Peralta, la Vicerrectora de la UNLu Anabella Gei, el precandidato a intendente Leonardo Boto (Lista 6 del \u00abFrente de Todos\u00bb), junto a docentes, estudiantes, autoridades gremiales y de la propia Universidad, y p\u00fablico en general.<\/p>\n<p>El audiovisual fue realizado por FEDUN y cont\u00f3 con la revisi\u00f3n hist\u00f3rica de Felipe Pigna, que al respecto afirm\u00f3 que \u00aben 1949, por un decreto del presidente Per\u00f3n, finalmente la Universidad es gratuita, complet\u00e1ndose as\u00ed la tarea inicida por la Reforma, que estableci\u00f3 el cogobierno, la autonom\u00eda, la libertad de c\u00e1tedra, pero faltaba un elemento igualador muy importante, que era la gratuidad\u00bb.<\/p>\n<p>\u00abHoy en d\u00eda la Universidad Argentina es una de las pocas del mundo que es gratuita y de alta calidad, como sabemos\u00bb, se\u00f1al\u00f3 el reconocido historiador.<\/p>\n<p>\u00abEste documental es uno de una serie de tres trabajos que realizamos, uno sobre el centenario del nacimiento de Evita, y otro por la Reforma Universitaria, y ahora estamos encarando tambi\u00e9n uno para el a\u00f1o que viene, por los doscientos a\u00f1os de la muerte de Manuel Belgrano, pionero de la Educaci\u00f3n Argentina\u00bb, remarc\u00f3.<\/p>\n","protected":false},"excerpt":{"rendered":"<p>El historiador Felipe Pigna particip\u00f3 este lunes 5 de agosto en la Sede Central de la Universidad de Luj\u00e1n de la presentaci\u00f3n del trabajo documental \u00abUniversidad Publica y Gratuita, a 70 a\u00f1os de la Gratuidad\u00bb, que refleja la historia del desarrollo del Sistema Universitario Argentino, al cumplirse este a\u00f1o 2019 el 70 aniversario del Decreto [&hellip;]<\/p>\n","protected":false},"author":16,"featured_media":25000,"comment_status":"open","ping_status":"open","sticky":false,"template":"","format":"standard","meta":{"footnotes":""},"categories":[139],"tags":[5957,2350,116],"class_list":["post-25001","post","type-post","status-publish","format-standard","has-post-thumbnail","hentry","category-regionales","tag-felipe-pigna","tag-historia","tag-unlu"],"yoast_head":"<!-- This site is optimized with the Yoast SEO plugin v27.4 - https:\/\/yoast.com\/product\/yoast-seo-wordpress\/ -->\n<title>Felipe Pigna present\u00f3 en la UNLu el audiovisual &quot;Universidad P\u00fablica y Gratuita&quot;<\/title>\n<meta name=\"robots\" content=\"index, follow, max-snippet:-1, max-image-preview:large, max-video-preview:-1\" \/>\n<link rel=\"canonical\" href=\"https:\/\/noticiasmercedinas.com\/site\/2019\/08\/06\/felipe-pigna-presento-en-la-unlu-el-audiovisual-universidad-publica-y-gratuita\/\" \/>\n<meta property=\"og:locale\" content=\"es_ES\" \/>\n<meta property=\"og:type\" content=\"article\" \/>\n<meta property=\"og:title\" content=\"Felipe Pigna present\u00f3 en la UNLu el audiovisual &quot;Universidad P\u00fablica y Gratuita&quot;\" \/>\n<meta property=\"og:description\" content=\"El historiador Felipe Pigna particip\u00f3 este lunes 5 de agosto en la Sede Central de la Universidad de Luj\u00e1n de la presentaci\u00f3n del trabajo documental \u00abUniversidad Publica y Gratuita, a 70 a\u00f1os de la Gratuidad\u00bb, que refleja la historia del desarrollo del Sistema Universitario Argentino, al cumplirse este a\u00f1o 2019 el 70 aniversario del Decreto [&hellip;]\" \/>\n<meta property=\"og:url\" content=\"https:\/\/noticiasmercedinas.com\/site\/2019\/08\/06\/felipe-pigna-presento-en-la-unlu-el-audiovisual-universidad-publica-y-gratuita\/\" \/>\n<meta property=\"og:site_name\" content=\"NOTICIASMERCEDINAS.COM\" \/>\n<meta property=\"article:publisher\" content=\"https:\/\/www.facebook.com\/noticiasmercedinas\/\" \/>\n<meta property=\"article:published_time\" content=\"2019-08-06T21:31:42+00:00\" \/>\n<meta property=\"article:modified_time\" content=\"2019-08-06T21:33:45+00:00\" \/>\n<meta property=\"og:image\" content=\"https:\/\/noticiasmercedinas.com\/site\/wp-content\/uploads\/2019\/08\/wp-1565126950562.jpg\" \/>\n\t<meta property=\"og:image:width\" content=\"400\" \/>\n\t<meta property=\"og:image:height\" content=\"300\" \/>\n\t<meta property=\"og:image:type\" content=\"image\/jpeg\" \/>\n<meta name=\"author\" content=\"NOTICIASMERCEDINAS.COM\" \/>\n<meta name=\"twitter:card\" content=\"summary_large_image\" \/>\n<meta name=\"twitter:creator\" content=\"@notmercedinas\" \/>\n<meta name=\"twitter:site\" content=\"@notmercedinas\" \/>\n<meta name=\"twitter:label1\" content=\"Escrito por\" \/>\n\t<meta name=\"twitter:data1\" content=\"NOTICIASMERCEDINAS.COM\" \/>\n\t<meta name=\"twitter:label2\" content=\"Tiempo de lectura\" \/>\n\t<meta name=\"twitter:data2\" content=\"2 minutos\" \/>\n<script type=\"application\/ld+json\" class=\"yoast-schema-graph\">{\"@context\":\"https:\\\/\\\/schema.org\",\"@graph\":[{\"@type\":\"Article\",\"@id\":\"https:\\\/\\\/noticiasmercedinas.com\\\/site\\\/2019\\\/08\\\/06\\\/felipe-pigna-presento-en-la-unlu-el-audiovisual-universidad-publica-y-gratuita\\\/#article\",\"isPartOf\":{\"@id\":\"https:\\\/\\\/noticiasmercedinas.com\\\/site\\\/2019\\\/08\\\/06\\\/felipe-pigna-presento-en-la-unlu-el-audiovisual-universidad-publica-y-gratuita\\\/\"},\"author\":{\"name\":\"NOTICIASMERCEDINAS.COM\",\"@id\":\"https:\\\/\\\/noticiasmercedinas.com\\\/site\\\/#\\\/schema\\\/person\\\/84b59c099c28ff2e8b77d4ceec5d8063\"},\"headline\":\"Felipe Pigna present\u00f3 en la UNLu el audiovisual \u00abUniversidad P\u00fablica y Gratuita\u00bb\",\"datePublished\":\"2019-08-06T21:31:42+00:00\",\"dateModified\":\"2019-08-06T21:33:45+00:00\",\"mainEntityOfPage\":{\"@id\":\"https:\\\/\\\/noticiasmercedinas.com\\\/site\\\/2019\\\/08\\\/06\\\/felipe-pigna-presento-en-la-unlu-el-audiovisual-universidad-publica-y-gratuita\\\/\"},\"wordCount\":337,\"commentCount\":1,\"publisher\":{\"@id\":\"https:\\\/\\\/noticiasmercedinas.com\\\/site\\\/#organization\"},\"image\":{\"@id\":\"https:\\\/\\\/noticiasmercedinas.com\\\/site\\\/2019\\\/08\\\/06\\\/felipe-pigna-presento-en-la-unlu-el-audiovisual-universidad-publica-y-gratuita\\\/#primaryimage\"},\"thumbnailUrl\":\"https:\\\/\\\/noticiasmercedinas.com\\\/site\\\/wp-content\\\/uploads\\\/2019\\\/08\\\/wp-1565126950562.jpg\",\"keywords\":[\"Felipe Pigna\",\"historia\",\"unlu\"],\"articleSection\":[\"Regionales\"],\"inLanguage\":\"es\",\"potentialAction\":[{\"@type\":\"CommentAction\",\"name\":\"Comment\",\"target\":[\"https:\\\/\\\/noticiasmercedinas.com\\\/site\\\/2019\\\/08\\\/06\\\/felipe-pigna-presento-en-la-unlu-el-audiovisual-universidad-publica-y-gratuita\\\/#respond\"]}]},{\"@type\":\"WebPage\",\"@id\":\"https:\\\/\\\/noticiasmercedinas.com\\\/site\\\/2019\\\/08\\\/06\\\/felipe-pigna-presento-en-la-unlu-el-audiovisual-universidad-publica-y-gratuita\\\/\",\"url\":\"https:\\\/\\\/noticiasmercedinas.com\\\/site\\\/2019\\\/08\\\/06\\\/felipe-pigna-presento-en-la-unlu-el-audiovisual-universidad-publica-y-gratuita\\\/\",\"name\":\"Felipe Pigna present\u00f3 en la UNLu el audiovisual \\\"Universidad P\u00fablica y Gratuita\\\"\",\"isPartOf\":{\"@id\":\"https:\\\/\\\/noticiasmercedinas.com\\\/site\\\/#website\"},\"primaryImageOfPage\":{\"@id\":\"https:\\\/\\\/noticiasmercedinas.com\\\/site\\\/2019\\\/08\\\/06\\\/felipe-pigna-presento-en-la-unlu-el-audiovisual-universidad-publica-y-gratuita\\\/#primaryimage\"},\"image\":{\"@id\":\"https:\\\/\\\/noticiasmercedinas.com\\\/site\\\/2019\\\/08\\\/06\\\/felipe-pigna-presento-en-la-unlu-el-audiovisual-universidad-publica-y-gratuita\\\/#primaryimage\"},\"thumbnailUrl\":\"https:\\\/\\\/noticiasmercedinas.com\\\/site\\\/wp-content\\\/uploads\\\/2019\\\/08\\\/wp-1565126950562.jpg\",\"datePublished\":\"2019-08-06T21:31:42+00:00\",\"dateModified\":\"2019-08-06T21:33:45+00:00\",\"breadcrumb\":{\"@id\":\"https:\\\/\\\/noticiasmercedinas.com\\\/site\\\/2019\\\/08\\\/06\\\/felipe-pigna-presento-en-la-unlu-el-audiovisual-universidad-publica-y-gratuita\\\/#breadcrumb\"},\"inLanguage\":\"es\",\"potentialAction\":[{\"@type\":\"ReadAction\",\"target\":[\"https:\\\/\\\/noticiasmercedinas.com\\\/site\\\/2019\\\/08\\\/06\\\/felipe-pigna-presento-en-la-unlu-el-audiovisual-universidad-publica-y-gratuita\\\/\"]}]},{\"@type\":\"ImageObject\",\"inLanguage\":\"es\",\"@id\":\"https:\\\/\\\/noticiasmercedinas.com\\\/site\\\/2019\\\/08\\\/06\\\/felipe-pigna-presento-en-la-unlu-el-audiovisual-universidad-publica-y-gratuita\\\/#primaryimage\",\"url\":\"https:\\\/\\\/noticiasmercedinas.com\\\/site\\\/wp-content\\\/uploads\\\/2019\\\/08\\\/wp-1565126950562.jpg\",\"contentUrl\":\"https:\\\/\\\/noticiasmercedinas.com\\\/site\\\/wp-content\\\/uploads\\\/2019\\\/08\\\/wp-1565126950562.jpg\",\"width\":400,\"height\":300},{\"@type\":\"BreadcrumbList\",\"@id\":\"https:\\\/\\\/noticiasmercedinas.com\\\/site\\\/2019\\\/08\\\/06\\\/felipe-pigna-presento-en-la-unlu-el-audiovisual-universidad-publica-y-gratuita\\\/#breadcrumb\",\"itemListElement\":[{\"@type\":\"ListItem\",\"position\":1,\"name\":\"Portada\",\"item\":\"https:\\\/\\\/noticiasmercedinas.com\\\/site\\\/\"},{\"@type\":\"ListItem\",\"position\":2,\"name\":\"Felipe Pigna present\u00f3 en la UNLu el audiovisual \u00abUniversidad P\u00fablica y Gratuita\u00bb\"}]},{\"@type\":\"WebSite\",\"@id\":\"https:\\\/\\\/noticiasmercedinas.com\\\/site\\\/#website\",\"url\":\"https:\\\/\\\/noticiasmercedinas.com\\\/site\\\/\",\"name\":\"NOTICIASMERCEDINAS.COM\",\"description\":\"Mercedes, Buenos Aires, Argentina\",\"publisher\":{\"@id\":\"https:\\\/\\\/noticiasmercedinas.com\\\/site\\\/#organization\"},\"potentialAction\":[{\"@type\":\"SearchAction\",\"target\":{\"@type\":\"EntryPoint\",\"urlTemplate\":\"https:\\\/\\\/noticiasmercedinas.com\\\/site\\\/?s={search_term_string}\"},\"query-input\":{\"@type\":\"PropertyValueSpecification\",\"valueRequired\":true,\"valueName\":\"search_term_string\"}}],\"inLanguage\":\"es\"},{\"@type\":\"Organization\",\"@id\":\"https:\\\/\\\/noticiasmercedinas.com\\\/site\\\/#organization\",\"name\":\"NOTICIASMERCEDINAS.COM\",\"url\":\"https:\\\/\\\/noticiasmercedinas.com\\\/site\\\/\",\"logo\":{\"@type\":\"ImageObject\",\"inLanguage\":\"es\",\"@id\":\"https:\\\/\\\/noticiasmercedinas.com\\\/site\\\/#\\\/schema\\\/logo\\\/image\\\/\",\"url\":\"https:\\\/\\\/noticiasmercedinas.com\\\/site\\\/wp-content\\\/uploads\\\/2020\\\/06\\\/LOGO-512.jpg\",\"contentUrl\":\"https:\\\/\\\/noticiasmercedinas.com\\\/site\\\/wp-content\\\/uploads\\\/2020\\\/06\\\/LOGO-512.jpg\",\"width\":512,\"height\":512,\"caption\":\"NOTICIASMERCEDINAS.COM\"},\"image\":{\"@id\":\"https:\\\/\\\/noticiasmercedinas.com\\\/site\\\/#\\\/schema\\\/logo\\\/image\\\/\"},\"sameAs\":[\"https:\\\/\\\/www.facebook.com\\\/noticiasmercedinas\\\/\",\"https:\\\/\\\/x.com\\\/notmercedinas\",\"https:\\\/\\\/www.instagram.com\\\/noticiasmercedinas\\\/\"]},{\"@type\":\"Person\",\"@id\":\"https:\\\/\\\/noticiasmercedinas.com\\\/site\\\/#\\\/schema\\\/person\\\/84b59c099c28ff2e8b77d4ceec5d8063\",\"name\":\"NOTICIASMERCEDINAS.COM\",\"image\":{\"@type\":\"ImageObject\",\"inLanguage\":\"es\",\"@id\":\"https:\\\/\\\/secure.gravatar.com\\\/avatar\\\/4dfbf16b4d17945bfb6341b2d19043457132fcf478a5ee04f42e959fd8f5df0a?s=96&d=mm&r=g\",\"url\":\"https:\\\/\\\/secure.gravatar.com\\\/avatar\\\/4dfbf16b4d17945bfb6341b2d19043457132fcf478a5ee04f42e959fd8f5df0a?s=96&d=mm&r=g\",\"contentUrl\":\"https:\\\/\\\/secure.gravatar.com\\\/avatar\\\/4dfbf16b4d17945bfb6341b2d19043457132fcf478a5ee04f42e959fd8f5df0a?s=96&d=mm&r=g\",\"caption\":\"NOTICIASMERCEDINAS.COM\"},\"url\":\"https:\\\/\\\/noticiasmercedinas.com\\\/site\\\/author\\\/anonimo\\\/\"}]}<\/script>\n<!-- \/ Yoast SEO plugin. -->","yoast_head_json":{"title":"Felipe Pigna present\u00f3 en la UNLu el audiovisual \"Universidad P\u00fablica y Gratuita\"","robots":{"index":"index","follow":"follow","max-snippet":"max-snippet:-1","max-image-preview":"max-image-preview:large","max-video-preview":"max-video-preview:-1"},"canonical":"https:\/\/noticiasmercedinas.com\/site\/2019\/08\/06\/felipe-pigna-presento-en-la-unlu-el-audiovisual-universidad-publica-y-gratuita\/","og_locale":"es_ES","og_type":"article","og_title":"Felipe Pigna present\u00f3 en la UNLu el audiovisual \"Universidad P\u00fablica y Gratuita\"","og_description":"El historiador Felipe Pigna particip\u00f3 este lunes 5 de agosto en la Sede Central de la Universidad de Luj\u00e1n de la presentaci\u00f3n del trabajo documental \u00abUniversidad Publica y Gratuita, a 70 a\u00f1os de la Gratuidad\u00bb, que refleja la historia del desarrollo del Sistema Universitario Argentino, al cumplirse este a\u00f1o 2019 el 70 aniversario del Decreto [&hellip;]","og_url":"https:\/\/noticiasmercedinas.com\/site\/2019\/08\/06\/felipe-pigna-presento-en-la-unlu-el-audiovisual-universidad-publica-y-gratuita\/","og_site_name":"NOTICIASMERCEDINAS.COM","article_publisher":"https:\/\/www.facebook.com\/noticiasmercedinas\/","article_published_time":"2019-08-06T21:31:42+00:00","article_modified_time":"2019-08-06T21:33:45+00:00","og_image":[{"width":400,"height":300,"url":"https:\/\/noticiasmercedinas.com\/site\/wp-content\/uploads\/2019\/08\/wp-1565126950562.jpg","type":"image\/jpeg"}],"author":"NOTICIASMERCEDINAS.COM","twitter_card":"summary_large_image","twitter_creator":"@notmercedinas","twitter_site":"@notmercedinas","twitter_misc":{"Escrito por":"NOTICIASMERCEDINAS.COM","Tiempo de lectura":"2 minutos"},"schema":{"@context":"https:\/\/schema.org","@graph":[{"@type":"Article","@id":"https:\/\/noticiasmercedinas.com\/site\/2019\/08\/06\/felipe-pigna-presento-en-la-unlu-el-audiovisual-universidad-publica-y-gratuita\/#article","isPartOf":{"@id":"https:\/\/noticiasmercedinas.com\/site\/2019\/08\/06\/felipe-pigna-presento-en-la-unlu-el-audiovisual-universidad-publica-y-gratuita\/"},"author":{"name":"NOTICIASMERCEDINAS.COM","@id":"https:\/\/noticiasmercedinas.com\/site\/#\/schema\/person\/84b59c099c28ff2e8b77d4ceec5d8063"},"headline":"Felipe Pigna present\u00f3 en la UNLu el audiovisual \u00abUniversidad P\u00fablica y Gratuita\u00bb","datePublished":"2019-08-06T21:31:42+00:00","dateModified":"2019-08-06T21:33:45+00:00","mainEntityOfPage":{"@id":"https:\/\/noticiasmercedinas.com\/site\/2019\/08\/06\/felipe-pigna-presento-en-la-unlu-el-audiovisual-universidad-publica-y-gratuita\/"},"wordCount":337,"commentCount":1,"publisher":{"@id":"https:\/\/noticiasmercedinas.com\/site\/#organization"},"image":{"@id":"https:\/\/noticiasmercedinas.com\/site\/2019\/08\/06\/felipe-pigna-presento-en-la-unlu-el-audiovisual-universidad-publica-y-gratuita\/#primaryimage"},"thumbnailUrl":"https:\/\/noticiasmercedinas.com\/site\/wp-content\/uploads\/2019\/08\/wp-1565126950562.jpg","keywords":["Felipe Pigna","historia","unlu"],"articleSection":["Regionales"],"inLanguage":"es","potentialAction":[{"@type":"CommentAction","name":"Comment","target":["https:\/\/noticiasmercedinas.com\/site\/2019\/08\/06\/felipe-pigna-presento-en-la-unlu-el-audiovisual-universidad-publica-y-gratuita\/#respond"]}]},{"@type":"WebPage","@id":"https:\/\/noticiasmercedinas.com\/site\/2019\/08\/06\/felipe-pigna-presento-en-la-unlu-el-audiovisual-universidad-publica-y-gratuita\/","url":"https:\/\/noticiasmercedinas.com\/site\/2019\/08\/06\/felipe-pigna-presento-en-la-unlu-el-audiovisual-universidad-publica-y-gratuita\/","name":"Felipe Pigna present\u00f3 en la UNLu el audiovisual \"Universidad P\u00fablica y Gratuita\"","isPartOf":{"@id":"https:\/\/noticiasmercedinas.com\/site\/#website"},"primaryImageOfPage":{"@id":"https:\/\/noticiasmercedinas.com\/site\/2019\/08\/06\/felipe-pigna-presento-en-la-unlu-el-audiovisual-universidad-publica-y-gratuita\/#primaryimage"},"image":{"@id":"https:\/\/noticiasmercedinas.com\/site\/2019\/08\/06\/felipe-pigna-presento-en-la-unlu-el-audiovisual-universidad-publica-y-gratuita\/#primaryimage"},"thumbnailUrl":"https:\/\/noticiasmercedinas.com\/site\/wp-content\/uploads\/2019\/08\/wp-1565126950562.jpg","datePublished":"2019-08-06T21:31:42+00:00","dateModified":"2019-08-06T21:33:45+00:00","breadcrumb":{"@id":"https:\/\/noticiasmercedinas.com\/site\/2019\/08\/06\/felipe-pigna-presento-en-la-unlu-el-audiovisual-universidad-publica-y-gratuita\/#breadcrumb"},"inLanguage":"es","potentialAction":[{"@type":"ReadAction","target":["https:\/\/noticiasmercedinas.com\/site\/2019\/08\/06\/felipe-pigna-presento-en-la-unlu-el-audiovisual-universidad-publica-y-gratuita\/"]}]},{"@type":"ImageObject","inLanguage":"es","@id":"https:\/\/noticiasmercedinas.com\/site\/2019\/08\/06\/felipe-pigna-presento-en-la-unlu-el-audiovisual-universidad-publica-y-gratuita\/#primaryimage","url":"https:\/\/noticiasmercedinas.com\/site\/wp-content\/uploads\/2019\/08\/wp-1565126950562.jpg","contentUrl":"https:\/\/noticiasmercedinas.com\/site\/wp-content\/uploads\/2019\/08\/wp-1565126950562.jpg","width":400,"height":300},{"@type":"BreadcrumbList","@id":"https:\/\/noticiasmercedinas.com\/site\/2019\/08\/06\/felipe-pigna-presento-en-la-unlu-el-audiovisual-universidad-publica-y-gratuita\/#breadcrumb","itemListElement":[{"@type":"ListItem","position":1,"name":"Portada","item":"https:\/\/noticiasmercedinas.com\/site\/"},{"@type":"ListItem","position":2,"name":"Felipe Pigna present\u00f3 en la UNLu el audiovisual \u00abUniversidad P\u00fablica y Gratuita\u00bb"}]},{"@type":"WebSite","@id":"https:\/\/noticiasmercedinas.com\/site\/#website","url":"https:\/\/noticiasmercedinas.com\/site\/","name":"NOTICIASMERCEDINAS.COM","description":"Mercedes, Buenos Aires, Argentina","publisher":{"@id":"https:\/\/noticiasmercedinas.com\/site\/#organization"},"potentialAction":[{"@type":"SearchAction","target":{"@type":"EntryPoint","urlTemplate":"https:\/\/noticiasmercedinas.com\/site\/?s={search_term_string}"},"query-input":{"@type":"PropertyValueSpecification","valueRequired":true,"valueName":"search_term_string"}}],"inLanguage":"es"},{"@type":"Organization","@id":"https:\/\/noticiasmercedinas.com\/site\/#organization","name":"NOTICIASMERCEDINAS.COM","url":"https:\/\/noticiasmercedinas.com\/site\/","logo":{"@type":"ImageObject","inLanguage":"es","@id":"https:\/\/noticiasmercedinas.com\/site\/#\/schema\/logo\/image\/","url":"https:\/\/noticiasmercedinas.com\/site\/wp-content\/uploads\/2020\/06\/LOGO-512.jpg","contentUrl":"https:\/\/noticiasmercedinas.com\/site\/wp-content\/uploads\/2020\/06\/LOGO-512.jpg","width":512,"height":512,"caption":"NOTICIASMERCEDINAS.COM"},"image":{"@id":"https:\/\/noticiasmercedinas.com\/site\/#\/schema\/logo\/image\/"},"sameAs":["https:\/\/www.facebook.com\/noticiasmercedinas\/","https:\/\/x.com\/notmercedinas","https:\/\/www.instagram.com\/noticiasmercedinas\/"]},{"@type":"Person","@id":"https:\/\/noticiasmercedinas.com\/site\/#\/schema\/person\/84b59c099c28ff2e8b77d4ceec5d8063","name":"NOTICIASMERCEDINAS.COM","image":{"@type":"ImageObject","inLanguage":"es","@id":"https:\/\/secure.gravatar.com\/avatar\/4dfbf16b4d17945bfb6341b2d19043457132fcf478a5ee04f42e959fd8f5df0a?s=96&d=mm&r=g","url":"https:\/\/secure.gravatar.com\/avatar\/4dfbf16b4d17945bfb6341b2d19043457132fcf478a5ee04f42e959fd8f5df0a?s=96&d=mm&r=g","contentUrl":"https:\/\/secure.gravatar.com\/avatar\/4dfbf16b4d17945bfb6341b2d19043457132fcf478a5ee04f42e959fd8f5df0a?s=96&d=mm&r=g","caption":"NOTICIASMERCEDINAS.COM"},"url":"https:\/\/noticiasmercedinas.com\/site\/author\/anonimo\/"}]}},"amp_enabled":true,"_links":{"self":[{"href":"https:\/\/noticiasmercedinas.com\/site\/wp-json\/wp\/v2\/posts\/25001","targetHints":{"allow":["GET"]}}],"collection":[{"href":"https:\/\/noticiasmercedinas.com\/site\/wp-json\/wp\/v2\/posts"}],"about":[{"href":"https:\/\/noticiasmercedinas.com\/site\/wp-json\/wp\/v2\/types\/post"}],"author":[{"embeddable":true,"href":"https:\/\/noticiasmercedinas.com\/site\/wp-json\/wp\/v2\/users\/16"}],"replies":[{"embeddable":true,"href":"https:\/\/noticiasmercedinas.com\/site\/wp-json\/wp\/v2\/comments?post=25001"}],"version-history":[{"count":2,"href":"https:\/\/noticiasmercedinas.com\/site\/wp-json\/wp\/v2\/posts\/25001\/revisions"}],"predecessor-version":[{"id":25003,"href":"https:\/\/noticiasmercedinas.com\/site\/wp-json\/wp\/v2\/posts\/25001\/revisions\/25003"}],"wp:featuredmedia":[{"embeddable":true,"href":"https:\/\/noticiasmercedinas.com\/site\/wp-json\/wp\/v2\/media\/25000"}],"wp:attachment":[{"href":"https:\/\/noticiasmercedinas.com\/site\/wp-json\/wp\/v2\/media?parent=25001"}],"wp:term":[{"taxonomy":"category","embeddable":true,"href":"https:\/\/noticiasmercedinas.com\/site\/wp-json\/wp\/v2\/categories?post=25001"},{"taxonomy":"post_tag","embeddable":true,"href":"https:\/\/noticiasmercedinas.com\/site\/wp-json\/wp\/v2\/tags?post=25001"}],"curies":[{"name":"wp","href":"https:\/\/api.w.org\/{rel}","templated":true}]}}