{"id":2501,"date":"2018-09-22T15:12:52","date_gmt":"2018-09-22T18:12:52","guid":{"rendered":"https:\/\/noticiasmercedinas.com\/site\/?p=2501"},"modified":"2018-09-22T15:20:40","modified_gmt":"2018-09-22T18:20:40","slug":"venden-durazneros-para-el-encuentro-nacional-de-mujeres-rurales","status":"publish","type":"post","link":"https:\/\/noticiasmercedinas.com\/site\/2018\/09\/22\/venden-durazneros-para-el-encuentro-nacional-de-mujeres-rurales\/","title":{"rendered":"Venden durazneros para el Encuentro Nacional de Mujeres Rurales"},"content":{"rendered":"<p><strong>Como desde hace cuatro a\u00f1os, el grupo \u201cResurgir\u201d realiza la venta de plantas en la Fiesta del Salame Quintero con el fin de recaudar fondos para el Encuentro que se realizar\u00e1 en Mercedes los d\u00edas 25, 26 y 27 de octubre.<\/strong><\/p>\n<p><a href=\"https:\/\/noticiasmercedinas.com\/site\/wp-content\/uploads\/2018\/09\/susana_casta\u00f1etto_180922-1.jpg\"><img loading=\"lazy\" decoding=\"async\" class=\"aligncenter wp-image-2503 size-full\" src=\"https:\/\/noticiasmercedinas.com\/site\/wp-content\/uploads\/2018\/09\/susana_casta\u00f1etto_180922-1.jpg\" alt=\"\" width=\"640\" height=\"360\" srcset=\"https:\/\/noticiasmercedinas.com\/site\/wp-content\/uploads\/2018\/09\/susana_casta\u00f1etto_180922-1.jpg 640w, https:\/\/noticiasmercedinas.com\/site\/wp-content\/uploads\/2018\/09\/susana_casta\u00f1etto_180922-1-300x169.jpg 300w\" sizes=\"auto, (max-width: 640px) 100vw, 640px\" \/><\/a><\/p>\n<p>&nbsp;<\/p>\n<p>En di\u00e1logo con NOTICIASMERCEDINAS.COM, Susana Castagneto, integrante del grupo \u201cResurgir\u201d, indic\u00f3 que durante este fin de semana, en la Fiesta del Salame, tendr\u00e1n a la venta ejemplares de durazneros con el fin de recaudar fondos para el Encuentro Nacional de Mujeres Rurales.<\/p>\n<p>En la carpa de los artesanos, disponen de un stand con todos los ejemplares de durazneros a la venta que permitir\u00e1n colaborar con el encuentro que se llevar\u00e1 a cabo en nuestra ciudad el pr\u00f3ximo 25, 26 y 27 de octubre, donde el municipio reconoce el trabajo de mujeres rurales de todo el pa\u00eds.<\/p>\n<p>\u201cResurgir\u201d es un grupo de productores de durazno que llevan adelante un plan de replantaci\u00f3n de esta especie desde 2003, luego de que la piedra, y el mal clima afectara la producci\u00f3n: \u201cEn el 2001 Mercedes casi se queda sin durazneros\u201d, indic\u00f3.<\/p>\n<p>Desde hace 10 a\u00f1os entregan plantas a productores nuevos, para recuperar los montes de duraznos. Tambi\u00e9n asisten a casas quintas, en el marco del proyecto \u201cUna planta, una casa\u201d, explic\u00f3 la productora.<\/p>\n<p><a href=\"https:\/\/noticiasmercedinas.com\/site\/wp-content\/uploads\/2018\/09\/Duraznero_180922.jpg\"><img loading=\"lazy\" decoding=\"async\" class=\"aligncenter wp-image-2507 size-full\" src=\"https:\/\/noticiasmercedinas.com\/site\/wp-content\/uploads\/2018\/09\/Duraznero_180922.jpg\" alt=\"\" width=\"603\" height=\"480\" srcset=\"https:\/\/noticiasmercedinas.com\/site\/wp-content\/uploads\/2018\/09\/Duraznero_180922.jpg 603w, https:\/\/noticiasmercedinas.com\/site\/wp-content\/uploads\/2018\/09\/Duraznero_180922-300x239.jpg 300w\" sizes=\"auto, (max-width: 603px) 100vw, 603px\" \/><\/a><\/p>\n<p>&nbsp;<\/p>\n<p>&nbsp;<\/p>\n","protected":false},"excerpt":{"rendered":"<p>Como desde hace cuatro a\u00f1os, el grupo \u201cResurgir\u201d realiza la venta de plantas en la Fiesta del Salame Quintero con el fin de recaudar fondos para el Encuentro que se realizar\u00e1 en Mercedes los d\u00edas 25, 26 y 27 de octubre. &nbsp; En di\u00e1logo con NOTICIASMERCEDINAS.COM, Susana Castagneto, integrante del grupo \u201cResurgir\u201d, indic\u00f3 que durante [&hellip;]<\/p>\n","protected":false},"author":8,"featured_media":2503,"comment_status":"open","ping_status":"open","sticky":false,"template":"","format":"standard","meta":{"footnotes":""},"categories":[2],"tags":[967,964,31,965,963,966],"class_list":["post-2501","post","type-post","status-publish","format-standard","has-post-thumbnail","hentry","category-featured","tag-castagneto","tag-durazno","tag-fiesta-del-salame","tag-productores","tag-resurgir","tag-susana"],"yoast_head":"<!-- This site is optimized with the Yoast SEO plugin v27.4 - https:\/\/yoast.com\/product\/yoast-seo-wordpress\/ -->\n<title>Venden durazneros para el Encuentro Nacional de Mujeres Rurales<\/title>\n<meta name=\"robots\" content=\"index, follow, max-snippet:-1, max-image-preview:large, max-video-preview:-1\" \/>\n<link rel=\"canonical\" href=\"https:\/\/noticiasmercedinas.com\/site\/2018\/09\/22\/venden-durazneros-para-el-encuentro-nacional-de-mujeres-rurales\/\" \/>\n<meta property=\"og:locale\" content=\"es_ES\" \/>\n<meta property=\"og:type\" content=\"article\" \/>\n<meta property=\"og:title\" content=\"Venden durazneros para el Encuentro Nacional de Mujeres Rurales\" \/>\n<meta property=\"og:description\" content=\"Como desde hace cuatro a\u00f1os, el grupo \u201cResurgir\u201d realiza la venta de plantas en la Fiesta del Salame Quintero con el fin de recaudar fondos para el Encuentro que se realizar\u00e1 en Mercedes los d\u00edas 25, 26 y 27 de octubre. &nbsp; En di\u00e1logo con NOTICIASMERCEDINAS.COM, Susana Castagneto, integrante del grupo \u201cResurgir\u201d, indic\u00f3 que durante [&hellip;]\" \/>\n<meta property=\"og:url\" content=\"https:\/\/noticiasmercedinas.com\/site\/2018\/09\/22\/venden-durazneros-para-el-encuentro-nacional-de-mujeres-rurales\/\" \/>\n<meta property=\"og:site_name\" content=\"NOTICIASMERCEDINAS.COM\" \/>\n<meta property=\"article:publisher\" content=\"https:\/\/www.facebook.com\/noticiasmercedinas\/\" \/>\n<meta property=\"article:published_time\" content=\"2018-09-22T18:12:52+00:00\" \/>\n<meta property=\"article:modified_time\" content=\"2018-09-22T18:20:40+00:00\" \/>\n<meta property=\"og:image\" content=\"https:\/\/noticiasmercedinas.com\/site\/wp-content\/uploads\/2018\/09\/susana_casta\u00f1etto_180922-1.jpg\" \/>\n\t<meta property=\"og:image:width\" content=\"640\" \/>\n\t<meta property=\"og:image:height\" content=\"360\" \/>\n\t<meta property=\"og:image:type\" content=\"image\/jpeg\" \/>\n<meta name=\"author\" content=\"Betina Abalos NOTICIASMERCEDINAS.COM\" \/>\n<meta name=\"twitter:card\" content=\"summary_large_image\" \/>\n<meta name=\"twitter:creator\" content=\"@notmercedinas\" \/>\n<meta name=\"twitter:site\" content=\"@notmercedinas\" \/>\n<meta name=\"twitter:label1\" content=\"Escrito por\" \/>\n\t<meta name=\"twitter:data1\" content=\"Betina Abalos NOTICIASMERCEDINAS.COM\" \/>\n\t<meta name=\"twitter:label2\" content=\"Tiempo de lectura\" \/>\n\t<meta name=\"twitter:data2\" content=\"1 minuto\" \/>\n<script type=\"application\/ld+json\" class=\"yoast-schema-graph\">{\"@context\":\"https:\\\/\\\/schema.org\",\"@graph\":[{\"@type\":\"Article\",\"@id\":\"https:\\\/\\\/noticiasmercedinas.com\\\/site\\\/2018\\\/09\\\/22\\\/venden-durazneros-para-el-encuentro-nacional-de-mujeres-rurales\\\/#article\",\"isPartOf\":{\"@id\":\"https:\\\/\\\/noticiasmercedinas.com\\\/site\\\/2018\\\/09\\\/22\\\/venden-durazneros-para-el-encuentro-nacional-de-mujeres-rurales\\\/\"},\"author\":{\"name\":\"Betina Abalos NOTICIASMERCEDINAS.COM\",\"@id\":\"https:\\\/\\\/noticiasmercedinas.com\\\/site\\\/#\\\/schema\\\/person\\\/b38ec3ed89a3735ef5fecfc1c9adc560\"},\"headline\":\"Venden durazneros para el Encuentro Nacional de Mujeres Rurales\",\"datePublished\":\"2018-09-22T18:12:52+00:00\",\"dateModified\":\"2018-09-22T18:20:40+00:00\",\"mainEntityOfPage\":{\"@id\":\"https:\\\/\\\/noticiasmercedinas.com\\\/site\\\/2018\\\/09\\\/22\\\/venden-durazneros-para-el-encuentro-nacional-de-mujeres-rurales\\\/\"},\"wordCount\":226,\"commentCount\":0,\"publisher\":{\"@id\":\"https:\\\/\\\/noticiasmercedinas.com\\\/site\\\/#organization\"},\"image\":{\"@id\":\"https:\\\/\\\/noticiasmercedinas.com\\\/site\\\/2018\\\/09\\\/22\\\/venden-durazneros-para-el-encuentro-nacional-de-mujeres-rurales\\\/#primaryimage\"},\"thumbnailUrl\":\"https:\\\/\\\/noticiasmercedinas.com\\\/site\\\/wp-content\\\/uploads\\\/2018\\\/09\\\/susana_casta\u00f1etto_180922-1.jpg\",\"keywords\":[\"Castagneto\",\"durazno\",\"fiesta del salame\",\"productores\",\"Resurgir\",\"Susana\"],\"articleSection\":[\"Especiales\"],\"inLanguage\":\"es\",\"potentialAction\":[{\"@type\":\"CommentAction\",\"name\":\"Comment\",\"target\":[\"https:\\\/\\\/noticiasmercedinas.com\\\/site\\\/2018\\\/09\\\/22\\\/venden-durazneros-para-el-encuentro-nacional-de-mujeres-rurales\\\/#respond\"]}]},{\"@type\":\"WebPage\",\"@id\":\"https:\\\/\\\/noticiasmercedinas.com\\\/site\\\/2018\\\/09\\\/22\\\/venden-durazneros-para-el-encuentro-nacional-de-mujeres-rurales\\\/\",\"url\":\"https:\\\/\\\/noticiasmercedinas.com\\\/site\\\/2018\\\/09\\\/22\\\/venden-durazneros-para-el-encuentro-nacional-de-mujeres-rurales\\\/\",\"name\":\"Venden durazneros para el Encuentro Nacional de Mujeres Rurales\",\"isPartOf\":{\"@id\":\"https:\\\/\\\/noticiasmercedinas.com\\\/site\\\/#website\"},\"primaryImageOfPage\":{\"@id\":\"https:\\\/\\\/noticiasmercedinas.com\\\/site\\\/2018\\\/09\\\/22\\\/venden-durazneros-para-el-encuentro-nacional-de-mujeres-rurales\\\/#primaryimage\"},\"image\":{\"@id\":\"https:\\\/\\\/noticiasmercedinas.com\\\/site\\\/2018\\\/09\\\/22\\\/venden-durazneros-para-el-encuentro-nacional-de-mujeres-rurales\\\/#primaryimage\"},\"thumbnailUrl\":\"https:\\\/\\\/noticiasmercedinas.com\\\/site\\\/wp-content\\\/uploads\\\/2018\\\/09\\\/susana_casta\u00f1etto_180922-1.jpg\",\"datePublished\":\"2018-09-22T18:12:52+00:00\",\"dateModified\":\"2018-09-22T18:20:40+00:00\",\"breadcrumb\":{\"@id\":\"https:\\\/\\\/noticiasmercedinas.com\\\/site\\\/2018\\\/09\\\/22\\\/venden-durazneros-para-el-encuentro-nacional-de-mujeres-rurales\\\/#breadcrumb\"},\"inLanguage\":\"es\",\"potentialAction\":[{\"@type\":\"ReadAction\",\"target\":[\"https:\\\/\\\/noticiasmercedinas.com\\\/site\\\/2018\\\/09\\\/22\\\/venden-durazneros-para-el-encuentro-nacional-de-mujeres-rurales\\\/\"]}]},{\"@type\":\"ImageObject\",\"inLanguage\":\"es\",\"@id\":\"https:\\\/\\\/noticiasmercedinas.com\\\/site\\\/2018\\\/09\\\/22\\\/venden-durazneros-para-el-encuentro-nacional-de-mujeres-rurales\\\/#primaryimage\",\"url\":\"https:\\\/\\\/noticiasmercedinas.com\\\/site\\\/wp-content\\\/uploads\\\/2018\\\/09\\\/susana_casta\u00f1etto_180922-1.jpg\",\"contentUrl\":\"https:\\\/\\\/noticiasmercedinas.com\\\/site\\\/wp-content\\\/uploads\\\/2018\\\/09\\\/susana_casta\u00f1etto_180922-1.jpg\",\"width\":640,\"height\":360},{\"@type\":\"BreadcrumbList\",\"@id\":\"https:\\\/\\\/noticiasmercedinas.com\\\/site\\\/2018\\\/09\\\/22\\\/venden-durazneros-para-el-encuentro-nacional-de-mujeres-rurales\\\/#breadcrumb\",\"itemListElement\":[{\"@type\":\"ListItem\",\"position\":1,\"name\":\"Portada\",\"item\":\"https:\\\/\\\/noticiasmercedinas.com\\\/site\\\/\"},{\"@type\":\"ListItem\",\"position\":2,\"name\":\"Venden durazneros para el Encuentro Nacional de Mujeres Rurales\"}]},{\"@type\":\"WebSite\",\"@id\":\"https:\\\/\\\/noticiasmercedinas.com\\\/site\\\/#website\",\"url\":\"https:\\\/\\\/noticiasmercedinas.com\\\/site\\\/\",\"name\":\"NOTICIASMERCEDINAS.COM\",\"description\":\"Mercedes, Buenos Aires, Argentina\",\"publisher\":{\"@id\":\"https:\\\/\\\/noticiasmercedinas.com\\\/site\\\/#organization\"},\"potentialAction\":[{\"@type\":\"SearchAction\",\"target\":{\"@type\":\"EntryPoint\",\"urlTemplate\":\"https:\\\/\\\/noticiasmercedinas.com\\\/site\\\/?s={search_term_string}\"},\"query-input\":{\"@type\":\"PropertyValueSpecification\",\"valueRequired\":true,\"valueName\":\"search_term_string\"}}],\"inLanguage\":\"es\"},{\"@type\":\"Organization\",\"@id\":\"https:\\\/\\\/noticiasmercedinas.com\\\/site\\\/#organization\",\"name\":\"NOTICIASMERCEDINAS.COM\",\"url\":\"https:\\\/\\\/noticiasmercedinas.com\\\/site\\\/\",\"logo\":{\"@type\":\"ImageObject\",\"inLanguage\":\"es\",\"@id\":\"https:\\\/\\\/noticiasmercedinas.com\\\/site\\\/#\\\/schema\\\/logo\\\/image\\\/\",\"url\":\"https:\\\/\\\/noticiasmercedinas.com\\\/site\\\/wp-content\\\/uploads\\\/2020\\\/06\\\/LOGO-512.jpg\",\"contentUrl\":\"https:\\\/\\\/noticiasmercedinas.com\\\/site\\\/wp-content\\\/uploads\\\/2020\\\/06\\\/LOGO-512.jpg\",\"width\":512,\"height\":512,\"caption\":\"NOTICIASMERCEDINAS.COM\"},\"image\":{\"@id\":\"https:\\\/\\\/noticiasmercedinas.com\\\/site\\\/#\\\/schema\\\/logo\\\/image\\\/\"},\"sameAs\":[\"https:\\\/\\\/www.facebook.com\\\/noticiasmercedinas\\\/\",\"https:\\\/\\\/x.com\\\/notmercedinas\",\"https:\\\/\\\/www.instagram.com\\\/noticiasmercedinas\\\/\"]},{\"@type\":\"Person\",\"@id\":\"https:\\\/\\\/noticiasmercedinas.com\\\/site\\\/#\\\/schema\\\/person\\\/b38ec3ed89a3735ef5fecfc1c9adc560\",\"name\":\"Betina Abalos NOTICIASMERCEDINAS.COM\",\"image\":{\"@type\":\"ImageObject\",\"inLanguage\":\"es\",\"@id\":\"https:\\\/\\\/secure.gravatar.com\\\/avatar\\\/8c86fde6c3b4a08aabce60929a23fa91235f414626598c992897a3e4b0679f33?s=96&d=mm&r=g\",\"url\":\"https:\\\/\\\/secure.gravatar.com\\\/avatar\\\/8c86fde6c3b4a08aabce60929a23fa91235f414626598c992897a3e4b0679f33?s=96&d=mm&r=g\",\"contentUrl\":\"https:\\\/\\\/secure.gravatar.com\\\/avatar\\\/8c86fde6c3b4a08aabce60929a23fa91235f414626598c992897a3e4b0679f33?s=96&d=mm&r=g\",\"caption\":\"Betina Abalos NOTICIASMERCEDINAS.COM\"},\"url\":\"https:\\\/\\\/noticiasmercedinas.com\\\/site\\\/author\\\/betina\\\/\"}]}<\/script>\n<!-- \/ Yoast SEO plugin. -->","yoast_head_json":{"title":"Venden durazneros para el Encuentro Nacional de Mujeres Rurales","robots":{"index":"index","follow":"follow","max-snippet":"max-snippet:-1","max-image-preview":"max-image-preview:large","max-video-preview":"max-video-preview:-1"},"canonical":"https:\/\/noticiasmercedinas.com\/site\/2018\/09\/22\/venden-durazneros-para-el-encuentro-nacional-de-mujeres-rurales\/","og_locale":"es_ES","og_type":"article","og_title":"Venden durazneros para el Encuentro Nacional de Mujeres Rurales","og_description":"Como desde hace cuatro a\u00f1os, el grupo \u201cResurgir\u201d realiza la venta de plantas en la Fiesta del Salame Quintero con el fin de recaudar fondos para el Encuentro que se realizar\u00e1 en Mercedes los d\u00edas 25, 26 y 27 de octubre. &nbsp; En di\u00e1logo con NOTICIASMERCEDINAS.COM, Susana Castagneto, integrante del grupo \u201cResurgir\u201d, indic\u00f3 que durante [&hellip;]","og_url":"https:\/\/noticiasmercedinas.com\/site\/2018\/09\/22\/venden-durazneros-para-el-encuentro-nacional-de-mujeres-rurales\/","og_site_name":"NOTICIASMERCEDINAS.COM","article_publisher":"https:\/\/www.facebook.com\/noticiasmercedinas\/","article_published_time":"2018-09-22T18:12:52+00:00","article_modified_time":"2018-09-22T18:20:40+00:00","og_image":[{"width":640,"height":360,"url":"https:\/\/noticiasmercedinas.com\/site\/wp-content\/uploads\/2018\/09\/susana_casta\u00f1etto_180922-1.jpg","type":"image\/jpeg"}],"author":"Betina Abalos NOTICIASMERCEDINAS.COM","twitter_card":"summary_large_image","twitter_creator":"@notmercedinas","twitter_site":"@notmercedinas","twitter_misc":{"Escrito por":"Betina Abalos NOTICIASMERCEDINAS.COM","Tiempo de lectura":"1 minuto"},"schema":{"@context":"https:\/\/schema.org","@graph":[{"@type":"Article","@id":"https:\/\/noticiasmercedinas.com\/site\/2018\/09\/22\/venden-durazneros-para-el-encuentro-nacional-de-mujeres-rurales\/#article","isPartOf":{"@id":"https:\/\/noticiasmercedinas.com\/site\/2018\/09\/22\/venden-durazneros-para-el-encuentro-nacional-de-mujeres-rurales\/"},"author":{"name":"Betina Abalos NOTICIASMERCEDINAS.COM","@id":"https:\/\/noticiasmercedinas.com\/site\/#\/schema\/person\/b38ec3ed89a3735ef5fecfc1c9adc560"},"headline":"Venden durazneros para el Encuentro Nacional de Mujeres Rurales","datePublished":"2018-09-22T18:12:52+00:00","dateModified":"2018-09-22T18:20:40+00:00","mainEntityOfPage":{"@id":"https:\/\/noticiasmercedinas.com\/site\/2018\/09\/22\/venden-durazneros-para-el-encuentro-nacional-de-mujeres-rurales\/"},"wordCount":226,"commentCount":0,"publisher":{"@id":"https:\/\/noticiasmercedinas.com\/site\/#organization"},"image":{"@id":"https:\/\/noticiasmercedinas.com\/site\/2018\/09\/22\/venden-durazneros-para-el-encuentro-nacional-de-mujeres-rurales\/#primaryimage"},"thumbnailUrl":"https:\/\/noticiasmercedinas.com\/site\/wp-content\/uploads\/2018\/09\/susana_casta\u00f1etto_180922-1.jpg","keywords":["Castagneto","durazno","fiesta del salame","productores","Resurgir","Susana"],"articleSection":["Especiales"],"inLanguage":"es","potentialAction":[{"@type":"CommentAction","name":"Comment","target":["https:\/\/noticiasmercedinas.com\/site\/2018\/09\/22\/venden-durazneros-para-el-encuentro-nacional-de-mujeres-rurales\/#respond"]}]},{"@type":"WebPage","@id":"https:\/\/noticiasmercedinas.com\/site\/2018\/09\/22\/venden-durazneros-para-el-encuentro-nacional-de-mujeres-rurales\/","url":"https:\/\/noticiasmercedinas.com\/site\/2018\/09\/22\/venden-durazneros-para-el-encuentro-nacional-de-mujeres-rurales\/","name":"Venden durazneros para el Encuentro Nacional de Mujeres Rurales","isPartOf":{"@id":"https:\/\/noticiasmercedinas.com\/site\/#website"},"primaryImageOfPage":{"@id":"https:\/\/noticiasmercedinas.com\/site\/2018\/09\/22\/venden-durazneros-para-el-encuentro-nacional-de-mujeres-rurales\/#primaryimage"},"image":{"@id":"https:\/\/noticiasmercedinas.com\/site\/2018\/09\/22\/venden-durazneros-para-el-encuentro-nacional-de-mujeres-rurales\/#primaryimage"},"thumbnailUrl":"https:\/\/noticiasmercedinas.com\/site\/wp-content\/uploads\/2018\/09\/susana_casta\u00f1etto_180922-1.jpg","datePublished":"2018-09-22T18:12:52+00:00","dateModified":"2018-09-22T18:20:40+00:00","breadcrumb":{"@id":"https:\/\/noticiasmercedinas.com\/site\/2018\/09\/22\/venden-durazneros-para-el-encuentro-nacional-de-mujeres-rurales\/#breadcrumb"},"inLanguage":"es","potentialAction":[{"@type":"ReadAction","target":["https:\/\/noticiasmercedinas.com\/site\/2018\/09\/22\/venden-durazneros-para-el-encuentro-nacional-de-mujeres-rurales\/"]}]},{"@type":"ImageObject","inLanguage":"es","@id":"https:\/\/noticiasmercedinas.com\/site\/2018\/09\/22\/venden-durazneros-para-el-encuentro-nacional-de-mujeres-rurales\/#primaryimage","url":"https:\/\/noticiasmercedinas.com\/site\/wp-content\/uploads\/2018\/09\/susana_casta\u00f1etto_180922-1.jpg","contentUrl":"https:\/\/noticiasmercedinas.com\/site\/wp-content\/uploads\/2018\/09\/susana_casta\u00f1etto_180922-1.jpg","width":640,"height":360},{"@type":"BreadcrumbList","@id":"https:\/\/noticiasmercedinas.com\/site\/2018\/09\/22\/venden-durazneros-para-el-encuentro-nacional-de-mujeres-rurales\/#breadcrumb","itemListElement":[{"@type":"ListItem","position":1,"name":"Portada","item":"https:\/\/noticiasmercedinas.com\/site\/"},{"@type":"ListItem","position":2,"name":"Venden durazneros para el Encuentro Nacional de Mujeres Rurales"}]},{"@type":"WebSite","@id":"https:\/\/noticiasmercedinas.com\/site\/#website","url":"https:\/\/noticiasmercedinas.com\/site\/","name":"NOTICIASMERCEDINAS.COM","description":"Mercedes, Buenos Aires, Argentina","publisher":{"@id":"https:\/\/noticiasmercedinas.com\/site\/#organization"},"potentialAction":[{"@type":"SearchAction","target":{"@type":"EntryPoint","urlTemplate":"https:\/\/noticiasmercedinas.com\/site\/?s={search_term_string}"},"query-input":{"@type":"PropertyValueSpecification","valueRequired":true,"valueName":"search_term_string"}}],"inLanguage":"es"},{"@type":"Organization","@id":"https:\/\/noticiasmercedinas.com\/site\/#organization","name":"NOTICIASMERCEDINAS.COM","url":"https:\/\/noticiasmercedinas.com\/site\/","logo":{"@type":"ImageObject","inLanguage":"es","@id":"https:\/\/noticiasmercedinas.com\/site\/#\/schema\/logo\/image\/","url":"https:\/\/noticiasmercedinas.com\/site\/wp-content\/uploads\/2020\/06\/LOGO-512.jpg","contentUrl":"https:\/\/noticiasmercedinas.com\/site\/wp-content\/uploads\/2020\/06\/LOGO-512.jpg","width":512,"height":512,"caption":"NOTICIASMERCEDINAS.COM"},"image":{"@id":"https:\/\/noticiasmercedinas.com\/site\/#\/schema\/logo\/image\/"},"sameAs":["https:\/\/www.facebook.com\/noticiasmercedinas\/","https:\/\/x.com\/notmercedinas","https:\/\/www.instagram.com\/noticiasmercedinas\/"]},{"@type":"Person","@id":"https:\/\/noticiasmercedinas.com\/site\/#\/schema\/person\/b38ec3ed89a3735ef5fecfc1c9adc560","name":"Betina Abalos NOTICIASMERCEDINAS.COM","image":{"@type":"ImageObject","inLanguage":"es","@id":"https:\/\/secure.gravatar.com\/avatar\/8c86fde6c3b4a08aabce60929a23fa91235f414626598c992897a3e4b0679f33?s=96&d=mm&r=g","url":"https:\/\/secure.gravatar.com\/avatar\/8c86fde6c3b4a08aabce60929a23fa91235f414626598c992897a3e4b0679f33?s=96&d=mm&r=g","contentUrl":"https:\/\/secure.gravatar.com\/avatar\/8c86fde6c3b4a08aabce60929a23fa91235f414626598c992897a3e4b0679f33?s=96&d=mm&r=g","caption":"Betina Abalos NOTICIASMERCEDINAS.COM"},"url":"https:\/\/noticiasmercedinas.com\/site\/author\/betina\/"}]}},"amp_enabled":true,"_links":{"self":[{"href":"https:\/\/noticiasmercedinas.com\/site\/wp-json\/wp\/v2\/posts\/2501","targetHints":{"allow":["GET"]}}],"collection":[{"href":"https:\/\/noticiasmercedinas.com\/site\/wp-json\/wp\/v2\/posts"}],"about":[{"href":"https:\/\/noticiasmercedinas.com\/site\/wp-json\/wp\/v2\/types\/post"}],"author":[{"embeddable":true,"href":"https:\/\/noticiasmercedinas.com\/site\/wp-json\/wp\/v2\/users\/8"}],"replies":[{"embeddable":true,"href":"https:\/\/noticiasmercedinas.com\/site\/wp-json\/wp\/v2\/comments?post=2501"}],"version-history":[{"count":3,"href":"https:\/\/noticiasmercedinas.com\/site\/wp-json\/wp\/v2\/posts\/2501\/revisions"}],"predecessor-version":[{"id":2515,"href":"https:\/\/noticiasmercedinas.com\/site\/wp-json\/wp\/v2\/posts\/2501\/revisions\/2515"}],"wp:featuredmedia":[{"embeddable":true,"href":"https:\/\/noticiasmercedinas.com\/site\/wp-json\/wp\/v2\/media\/2503"}],"wp:attachment":[{"href":"https:\/\/noticiasmercedinas.com\/site\/wp-json\/wp\/v2\/media?parent=2501"}],"wp:term":[{"taxonomy":"category","embeddable":true,"href":"https:\/\/noticiasmercedinas.com\/site\/wp-json\/wp\/v2\/categories?post=2501"},{"taxonomy":"post_tag","embeddable":true,"href":"https:\/\/noticiasmercedinas.com\/site\/wp-json\/wp\/v2\/tags?post=2501"}],"curies":[{"name":"wp","href":"https:\/\/api.w.org\/{rel}","templated":true}]}}