{"id":25034,"date":"2019-08-07T12:46:50","date_gmt":"2019-08-07T15:46:50","guid":{"rendered":"https:\/\/noticiasmercedinas.com\/site\/?p=25034"},"modified":"2019-08-07T12:46:50","modified_gmt":"2019-08-07T15:46:50","slug":"sanchez-zinny-paso-por-la-ciudad-reunion-con-jovenes-y-apoyo-a-candidata","status":"publish","type":"post","link":"https:\/\/noticiasmercedinas.com\/site\/2019\/08\/07\/sanchez-zinny-paso-por-la-ciudad-reunion-con-jovenes-y-apoyo-a-candidata\/","title":{"rendered":"S\u00e1nchez Zinny pas\u00f3 por la ciudad: reuni\u00f3n con j\u00f3venes y apoyo a candidata"},"content":{"rendered":"<p><img loading=\"lazy\" decoding=\"async\" class=\"alignnone size-large wp-image-25035\" src=\"https:\/\/noticiasmercedinas.com\/site\/wp-content\/uploads\/2019\/08\/3c4ec5f6-71bf-49d4-ad0b-d460316cef9f-1024x688.jpg\" alt=\"\" width=\"640\" height=\"430\" srcset=\"https:\/\/noticiasmercedinas.com\/site\/wp-content\/uploads\/2019\/08\/3c4ec5f6-71bf-49d4-ad0b-d460316cef9f-1024x688.jpg 1024w, https:\/\/noticiasmercedinas.com\/site\/wp-content\/uploads\/2019\/08\/3c4ec5f6-71bf-49d4-ad0b-d460316cef9f-300x202.jpg 300w, https:\/\/noticiasmercedinas.com\/site\/wp-content\/uploads\/2019\/08\/3c4ec5f6-71bf-49d4-ad0b-d460316cef9f-768x516.jpg 768w, https:\/\/noticiasmercedinas.com\/site\/wp-content\/uploads\/2019\/08\/3c4ec5f6-71bf-49d4-ad0b-d460316cef9f-537x360.jpg 537w, https:\/\/noticiasmercedinas.com\/site\/wp-content\/uploads\/2019\/08\/3c4ec5f6-71bf-49d4-ad0b-d460316cef9f-1074x720.jpg 1074w, https:\/\/noticiasmercedinas.com\/site\/wp-content\/uploads\/2019\/08\/3c4ec5f6-71bf-49d4-ad0b-d460316cef9f-640x430.jpg 640w, https:\/\/noticiasmercedinas.com\/site\/wp-content\/uploads\/2019\/08\/3c4ec5f6-71bf-49d4-ad0b-d460316cef9f.jpg 1280w, https:\/\/noticiasmercedinas.com\/site\/wp-content\/uploads\/2019\/08\/3c4ec5f6-71bf-49d4-ad0b-d460316cef9f-681x458.jpg 681w\" sizes=\"auto, (max-width: 640px) 100vw, 640px\" \/><\/p>\n<p><strong>Gabriel S\u00e1nchez Zinny<\/strong> convoc\u00f3 a j\u00f3venes en Mercedes para debatir sobre Educaci\u00f3n.<\/p>\n<p>El Director General de Cultura y Educaci\u00f3n de la Provincia de Buenos Aires se hizo presente este mates pasadas las 18 horas de manera espont\u00e1nea. Como en cada ciudad que visita, tra\u00eda consigo el objetivo de escuchar las diferentes voces de los estudiantes.<\/p>\n<p>En un encuentro distendido, en el que aprovech\u00f3 la oportunidad para incentivarlos a continuar sus estudios y comprometerse, j\u00f3venes de diferentes escuelas e instituciones debatieron sobre la educaci\u00f3n.<\/p>\n<p>\u00abGabriel desde que asumi\u00f3 su funci\u00f3n se re\u00fane una vez a la semana con j\u00f3venes de diferentes distritos no solo para conocerlos, y transmitir la importancia de educarse, sino tambi\u00e9n para que ellos puedan ver cu\u00e1n importante es debatir e involucrarse\u00bb, remarc\u00f3 <strong>Julia de Paola<\/strong>, de Juntos por el Cambio.<\/p>\n<p>En su visita por la ciudad previa a las PASO, el Director aprovech\u00f3 la ocasi\u00f3n para dar su apoyo a la candidatura de Julia de Paola, remarcando la amplia participaci\u00f3n de referentes de Educaci\u00f3n que lleva dentro de su espacio.<\/p>\n","protected":false},"excerpt":{"rendered":"<p>Gabriel S\u00e1nchez Zinny convoc\u00f3 a j\u00f3venes en Mercedes para debatir sobre Educaci\u00f3n. El Director General de Cultura y Educaci\u00f3n de la Provincia de Buenos Aires se hizo presente este mates pasadas las 18 horas de manera espont\u00e1nea. Como en cada ciudad que visita, tra\u00eda consigo el objetivo de escuchar las diferentes voces de los estudiantes. [&hellip;]<\/p>\n","protected":false},"author":16,"featured_media":25035,"comment_status":"open","ping_status":"open","sticky":false,"template":"","format":"standard","meta":{"footnotes":""},"categories":[16],"tags":[38,5806,1484,2617,5269],"class_list":["post-25034","post","type-post","status-publish","format-standard","has-post-thumbnail","hentry","category-politica","tag-educacion","tag-elecciones-paso","tag-gabriel-sanchez-zinny","tag-julia-de-paola","tag-juntos-por-el-cambio"],"yoast_head":"<!-- This site is optimized with the Yoast SEO plugin v27.4 - https:\/\/yoast.com\/product\/yoast-seo-wordpress\/ -->\n<title>S\u00e1nchez Zinny pas\u00f3 por la ciudad: reuni\u00f3n con j\u00f3venes y apoyo a candidata<\/title>\n<meta name=\"robots\" content=\"index, follow, max-snippet:-1, max-image-preview:large, max-video-preview:-1\" \/>\n<link rel=\"canonical\" href=\"https:\/\/noticiasmercedinas.com\/site\/2019\/08\/07\/sanchez-zinny-paso-por-la-ciudad-reunion-con-jovenes-y-apoyo-a-candidata\/\" \/>\n<meta property=\"og:locale\" content=\"es_ES\" \/>\n<meta property=\"og:type\" content=\"article\" \/>\n<meta property=\"og:title\" content=\"S\u00e1nchez Zinny pas\u00f3 por la ciudad: reuni\u00f3n con j\u00f3venes y apoyo a candidata\" \/>\n<meta property=\"og:description\" content=\"Gabriel S\u00e1nchez Zinny convoc\u00f3 a j\u00f3venes en Mercedes para debatir sobre Educaci\u00f3n. El Director General de Cultura y Educaci\u00f3n de la Provincia de Buenos Aires se hizo presente este mates pasadas las 18 horas de manera espont\u00e1nea. Como en cada ciudad que visita, tra\u00eda consigo el objetivo de escuchar las diferentes voces de los estudiantes. [&hellip;]\" \/>\n<meta property=\"og:url\" content=\"https:\/\/noticiasmercedinas.com\/site\/2019\/08\/07\/sanchez-zinny-paso-por-la-ciudad-reunion-con-jovenes-y-apoyo-a-candidata\/\" \/>\n<meta property=\"og:site_name\" content=\"NOTICIASMERCEDINAS.COM\" \/>\n<meta property=\"article:publisher\" content=\"https:\/\/www.facebook.com\/noticiasmercedinas\/\" \/>\n<meta property=\"article:published_time\" content=\"2019-08-07T15:46:50+00:00\" \/>\n<meta property=\"og:image\" content=\"https:\/\/noticiasmercedinas.com\/site\/wp-content\/uploads\/2019\/08\/3c4ec5f6-71bf-49d4-ad0b-d460316cef9f.jpg\" \/>\n\t<meta property=\"og:image:width\" content=\"1280\" \/>\n\t<meta property=\"og:image:height\" content=\"860\" \/>\n\t<meta property=\"og:image:type\" content=\"image\/jpeg\" \/>\n<meta name=\"author\" content=\"NOTICIASMERCEDINAS.COM\" \/>\n<meta name=\"twitter:card\" content=\"summary_large_image\" \/>\n<meta name=\"twitter:creator\" content=\"@notmercedinas\" \/>\n<meta name=\"twitter:site\" content=\"@notmercedinas\" \/>\n<meta name=\"twitter:label1\" content=\"Escrito por\" \/>\n\t<meta name=\"twitter:data1\" content=\"NOTICIASMERCEDINAS.COM\" \/>\n\t<meta name=\"twitter:label2\" content=\"Tiempo de lectura\" \/>\n\t<meta name=\"twitter:data2\" content=\"1 minuto\" \/>\n<script type=\"application\/ld+json\" class=\"yoast-schema-graph\">{\"@context\":\"https:\\\/\\\/schema.org\",\"@graph\":[{\"@type\":\"Article\",\"@id\":\"https:\\\/\\\/noticiasmercedinas.com\\\/site\\\/2019\\\/08\\\/07\\\/sanchez-zinny-paso-por-la-ciudad-reunion-con-jovenes-y-apoyo-a-candidata\\\/#article\",\"isPartOf\":{\"@id\":\"https:\\\/\\\/noticiasmercedinas.com\\\/site\\\/2019\\\/08\\\/07\\\/sanchez-zinny-paso-por-la-ciudad-reunion-con-jovenes-y-apoyo-a-candidata\\\/\"},\"author\":{\"name\":\"NOTICIASMERCEDINAS.COM\",\"@id\":\"https:\\\/\\\/noticiasmercedinas.com\\\/site\\\/#\\\/schema\\\/person\\\/84b59c099c28ff2e8b77d4ceec5d8063\"},\"headline\":\"S\u00e1nchez Zinny pas\u00f3 por la ciudad: reuni\u00f3n con j\u00f3venes y apoyo a candidata\",\"datePublished\":\"2019-08-07T15:46:50+00:00\",\"mainEntityOfPage\":{\"@id\":\"https:\\\/\\\/noticiasmercedinas.com\\\/site\\\/2019\\\/08\\\/07\\\/sanchez-zinny-paso-por-la-ciudad-reunion-con-jovenes-y-apoyo-a-candidata\\\/\"},\"wordCount\":204,\"commentCount\":0,\"publisher\":{\"@id\":\"https:\\\/\\\/noticiasmercedinas.com\\\/site\\\/#organization\"},\"image\":{\"@id\":\"https:\\\/\\\/noticiasmercedinas.com\\\/site\\\/2019\\\/08\\\/07\\\/sanchez-zinny-paso-por-la-ciudad-reunion-con-jovenes-y-apoyo-a-candidata\\\/#primaryimage\"},\"thumbnailUrl\":\"https:\\\/\\\/noticiasmercedinas.com\\\/site\\\/wp-content\\\/uploads\\\/2019\\\/08\\\/3c4ec5f6-71bf-49d4-ad0b-d460316cef9f.jpg\",\"keywords\":[\"educacion\",\"elecciones paso\",\"gabriel sanchez zinny\",\"Julia De Paola\",\"juntos por el cambio\"],\"articleSection\":[\"Politica\"],\"inLanguage\":\"es\",\"potentialAction\":[{\"@type\":\"CommentAction\",\"name\":\"Comment\",\"target\":[\"https:\\\/\\\/noticiasmercedinas.com\\\/site\\\/2019\\\/08\\\/07\\\/sanchez-zinny-paso-por-la-ciudad-reunion-con-jovenes-y-apoyo-a-candidata\\\/#respond\"]}]},{\"@type\":\"WebPage\",\"@id\":\"https:\\\/\\\/noticiasmercedinas.com\\\/site\\\/2019\\\/08\\\/07\\\/sanchez-zinny-paso-por-la-ciudad-reunion-con-jovenes-y-apoyo-a-candidata\\\/\",\"url\":\"https:\\\/\\\/noticiasmercedinas.com\\\/site\\\/2019\\\/08\\\/07\\\/sanchez-zinny-paso-por-la-ciudad-reunion-con-jovenes-y-apoyo-a-candidata\\\/\",\"name\":\"S\u00e1nchez Zinny pas\u00f3 por la ciudad: reuni\u00f3n con j\u00f3venes y apoyo a candidata\",\"isPartOf\":{\"@id\":\"https:\\\/\\\/noticiasmercedinas.com\\\/site\\\/#website\"},\"primaryImageOfPage\":{\"@id\":\"https:\\\/\\\/noticiasmercedinas.com\\\/site\\\/2019\\\/08\\\/07\\\/sanchez-zinny-paso-por-la-ciudad-reunion-con-jovenes-y-apoyo-a-candidata\\\/#primaryimage\"},\"image\":{\"@id\":\"https:\\\/\\\/noticiasmercedinas.com\\\/site\\\/2019\\\/08\\\/07\\\/sanchez-zinny-paso-por-la-ciudad-reunion-con-jovenes-y-apoyo-a-candidata\\\/#primaryimage\"},\"thumbnailUrl\":\"https:\\\/\\\/noticiasmercedinas.com\\\/site\\\/wp-content\\\/uploads\\\/2019\\\/08\\\/3c4ec5f6-71bf-49d4-ad0b-d460316cef9f.jpg\",\"datePublished\":\"2019-08-07T15:46:50+00:00\",\"breadcrumb\":{\"@id\":\"https:\\\/\\\/noticiasmercedinas.com\\\/site\\\/2019\\\/08\\\/07\\\/sanchez-zinny-paso-por-la-ciudad-reunion-con-jovenes-y-apoyo-a-candidata\\\/#breadcrumb\"},\"inLanguage\":\"es\",\"potentialAction\":[{\"@type\":\"ReadAction\",\"target\":[\"https:\\\/\\\/noticiasmercedinas.com\\\/site\\\/2019\\\/08\\\/07\\\/sanchez-zinny-paso-por-la-ciudad-reunion-con-jovenes-y-apoyo-a-candidata\\\/\"]}]},{\"@type\":\"ImageObject\",\"inLanguage\":\"es\",\"@id\":\"https:\\\/\\\/noticiasmercedinas.com\\\/site\\\/2019\\\/08\\\/07\\\/sanchez-zinny-paso-por-la-ciudad-reunion-con-jovenes-y-apoyo-a-candidata\\\/#primaryimage\",\"url\":\"https:\\\/\\\/noticiasmercedinas.com\\\/site\\\/wp-content\\\/uploads\\\/2019\\\/08\\\/3c4ec5f6-71bf-49d4-ad0b-d460316cef9f.jpg\",\"contentUrl\":\"https:\\\/\\\/noticiasmercedinas.com\\\/site\\\/wp-content\\\/uploads\\\/2019\\\/08\\\/3c4ec5f6-71bf-49d4-ad0b-d460316cef9f.jpg\",\"width\":1280,\"height\":860},{\"@type\":\"BreadcrumbList\",\"@id\":\"https:\\\/\\\/noticiasmercedinas.com\\\/site\\\/2019\\\/08\\\/07\\\/sanchez-zinny-paso-por-la-ciudad-reunion-con-jovenes-y-apoyo-a-candidata\\\/#breadcrumb\",\"itemListElement\":[{\"@type\":\"ListItem\",\"position\":1,\"name\":\"Portada\",\"item\":\"https:\\\/\\\/noticiasmercedinas.com\\\/site\\\/\"},{\"@type\":\"ListItem\",\"position\":2,\"name\":\"S\u00e1nchez Zinny pas\u00f3 por la ciudad: reuni\u00f3n con j\u00f3venes y apoyo a candidata\"}]},{\"@type\":\"WebSite\",\"@id\":\"https:\\\/\\\/noticiasmercedinas.com\\\/site\\\/#website\",\"url\":\"https:\\\/\\\/noticiasmercedinas.com\\\/site\\\/\",\"name\":\"NOTICIASMERCEDINAS.COM\",\"description\":\"Mercedes, Buenos Aires, Argentina\",\"publisher\":{\"@id\":\"https:\\\/\\\/noticiasmercedinas.com\\\/site\\\/#organization\"},\"potentialAction\":[{\"@type\":\"SearchAction\",\"target\":{\"@type\":\"EntryPoint\",\"urlTemplate\":\"https:\\\/\\\/noticiasmercedinas.com\\\/site\\\/?s={search_term_string}\"},\"query-input\":{\"@type\":\"PropertyValueSpecification\",\"valueRequired\":true,\"valueName\":\"search_term_string\"}}],\"inLanguage\":\"es\"},{\"@type\":\"Organization\",\"@id\":\"https:\\\/\\\/noticiasmercedinas.com\\\/site\\\/#organization\",\"name\":\"NOTICIASMERCEDINAS.COM\",\"url\":\"https:\\\/\\\/noticiasmercedinas.com\\\/site\\\/\",\"logo\":{\"@type\":\"ImageObject\",\"inLanguage\":\"es\",\"@id\":\"https:\\\/\\\/noticiasmercedinas.com\\\/site\\\/#\\\/schema\\\/logo\\\/image\\\/\",\"url\":\"https:\\\/\\\/noticiasmercedinas.com\\\/site\\\/wp-content\\\/uploads\\\/2020\\\/06\\\/LOGO-512.jpg\",\"contentUrl\":\"https:\\\/\\\/noticiasmercedinas.com\\\/site\\\/wp-content\\\/uploads\\\/2020\\\/06\\\/LOGO-512.jpg\",\"width\":512,\"height\":512,\"caption\":\"NOTICIASMERCEDINAS.COM\"},\"image\":{\"@id\":\"https:\\\/\\\/noticiasmercedinas.com\\\/site\\\/#\\\/schema\\\/logo\\\/image\\\/\"},\"sameAs\":[\"https:\\\/\\\/www.facebook.com\\\/noticiasmercedinas\\\/\",\"https:\\\/\\\/x.com\\\/notmercedinas\",\"https:\\\/\\\/www.instagram.com\\\/noticiasmercedinas\\\/\"]},{\"@type\":\"Person\",\"@id\":\"https:\\\/\\\/noticiasmercedinas.com\\\/site\\\/#\\\/schema\\\/person\\\/84b59c099c28ff2e8b77d4ceec5d8063\",\"name\":\"NOTICIASMERCEDINAS.COM\",\"image\":{\"@type\":\"ImageObject\",\"inLanguage\":\"es\",\"@id\":\"https:\\\/\\\/secure.gravatar.com\\\/avatar\\\/4dfbf16b4d17945bfb6341b2d19043457132fcf478a5ee04f42e959fd8f5df0a?s=96&d=mm&r=g\",\"url\":\"https:\\\/\\\/secure.gravatar.com\\\/avatar\\\/4dfbf16b4d17945bfb6341b2d19043457132fcf478a5ee04f42e959fd8f5df0a?s=96&d=mm&r=g\",\"contentUrl\":\"https:\\\/\\\/secure.gravatar.com\\\/avatar\\\/4dfbf16b4d17945bfb6341b2d19043457132fcf478a5ee04f42e959fd8f5df0a?s=96&d=mm&r=g\",\"caption\":\"NOTICIASMERCEDINAS.COM\"},\"url\":\"https:\\\/\\\/noticiasmercedinas.com\\\/site\\\/author\\\/anonimo\\\/\"}]}<\/script>\n<!-- \/ Yoast SEO plugin. -->","yoast_head_json":{"title":"S\u00e1nchez Zinny pas\u00f3 por la ciudad: reuni\u00f3n con j\u00f3venes y apoyo a candidata","robots":{"index":"index","follow":"follow","max-snippet":"max-snippet:-1","max-image-preview":"max-image-preview:large","max-video-preview":"max-video-preview:-1"},"canonical":"https:\/\/noticiasmercedinas.com\/site\/2019\/08\/07\/sanchez-zinny-paso-por-la-ciudad-reunion-con-jovenes-y-apoyo-a-candidata\/","og_locale":"es_ES","og_type":"article","og_title":"S\u00e1nchez Zinny pas\u00f3 por la ciudad: reuni\u00f3n con j\u00f3venes y apoyo a candidata","og_description":"Gabriel S\u00e1nchez Zinny convoc\u00f3 a j\u00f3venes en Mercedes para debatir sobre Educaci\u00f3n. El Director General de Cultura y Educaci\u00f3n de la Provincia de Buenos Aires se hizo presente este mates pasadas las 18 horas de manera espont\u00e1nea. Como en cada ciudad que visita, tra\u00eda consigo el objetivo de escuchar las diferentes voces de los estudiantes. [&hellip;]","og_url":"https:\/\/noticiasmercedinas.com\/site\/2019\/08\/07\/sanchez-zinny-paso-por-la-ciudad-reunion-con-jovenes-y-apoyo-a-candidata\/","og_site_name":"NOTICIASMERCEDINAS.COM","article_publisher":"https:\/\/www.facebook.com\/noticiasmercedinas\/","article_published_time":"2019-08-07T15:46:50+00:00","og_image":[{"width":1280,"height":860,"url":"https:\/\/noticiasmercedinas.com\/site\/wp-content\/uploads\/2019\/08\/3c4ec5f6-71bf-49d4-ad0b-d460316cef9f.jpg","type":"image\/jpeg"}],"author":"NOTICIASMERCEDINAS.COM","twitter_card":"summary_large_image","twitter_creator":"@notmercedinas","twitter_site":"@notmercedinas","twitter_misc":{"Escrito por":"NOTICIASMERCEDINAS.COM","Tiempo de lectura":"1 minuto"},"schema":{"@context":"https:\/\/schema.org","@graph":[{"@type":"Article","@id":"https:\/\/noticiasmercedinas.com\/site\/2019\/08\/07\/sanchez-zinny-paso-por-la-ciudad-reunion-con-jovenes-y-apoyo-a-candidata\/#article","isPartOf":{"@id":"https:\/\/noticiasmercedinas.com\/site\/2019\/08\/07\/sanchez-zinny-paso-por-la-ciudad-reunion-con-jovenes-y-apoyo-a-candidata\/"},"author":{"name":"NOTICIASMERCEDINAS.COM","@id":"https:\/\/noticiasmercedinas.com\/site\/#\/schema\/person\/84b59c099c28ff2e8b77d4ceec5d8063"},"headline":"S\u00e1nchez Zinny pas\u00f3 por la ciudad: reuni\u00f3n con j\u00f3venes y apoyo a candidata","datePublished":"2019-08-07T15:46:50+00:00","mainEntityOfPage":{"@id":"https:\/\/noticiasmercedinas.com\/site\/2019\/08\/07\/sanchez-zinny-paso-por-la-ciudad-reunion-con-jovenes-y-apoyo-a-candidata\/"},"wordCount":204,"commentCount":0,"publisher":{"@id":"https:\/\/noticiasmercedinas.com\/site\/#organization"},"image":{"@id":"https:\/\/noticiasmercedinas.com\/site\/2019\/08\/07\/sanchez-zinny-paso-por-la-ciudad-reunion-con-jovenes-y-apoyo-a-candidata\/#primaryimage"},"thumbnailUrl":"https:\/\/noticiasmercedinas.com\/site\/wp-content\/uploads\/2019\/08\/3c4ec5f6-71bf-49d4-ad0b-d460316cef9f.jpg","keywords":["educacion","elecciones paso","gabriel sanchez zinny","Julia De Paola","juntos por el cambio"],"articleSection":["Politica"],"inLanguage":"es","potentialAction":[{"@type":"CommentAction","name":"Comment","target":["https:\/\/noticiasmercedinas.com\/site\/2019\/08\/07\/sanchez-zinny-paso-por-la-ciudad-reunion-con-jovenes-y-apoyo-a-candidata\/#respond"]}]},{"@type":"WebPage","@id":"https:\/\/noticiasmercedinas.com\/site\/2019\/08\/07\/sanchez-zinny-paso-por-la-ciudad-reunion-con-jovenes-y-apoyo-a-candidata\/","url":"https:\/\/noticiasmercedinas.com\/site\/2019\/08\/07\/sanchez-zinny-paso-por-la-ciudad-reunion-con-jovenes-y-apoyo-a-candidata\/","name":"S\u00e1nchez Zinny pas\u00f3 por la ciudad: reuni\u00f3n con j\u00f3venes y apoyo a candidata","isPartOf":{"@id":"https:\/\/noticiasmercedinas.com\/site\/#website"},"primaryImageOfPage":{"@id":"https:\/\/noticiasmercedinas.com\/site\/2019\/08\/07\/sanchez-zinny-paso-por-la-ciudad-reunion-con-jovenes-y-apoyo-a-candidata\/#primaryimage"},"image":{"@id":"https:\/\/noticiasmercedinas.com\/site\/2019\/08\/07\/sanchez-zinny-paso-por-la-ciudad-reunion-con-jovenes-y-apoyo-a-candidata\/#primaryimage"},"thumbnailUrl":"https:\/\/noticiasmercedinas.com\/site\/wp-content\/uploads\/2019\/08\/3c4ec5f6-71bf-49d4-ad0b-d460316cef9f.jpg","datePublished":"2019-08-07T15:46:50+00:00","breadcrumb":{"@id":"https:\/\/noticiasmercedinas.com\/site\/2019\/08\/07\/sanchez-zinny-paso-por-la-ciudad-reunion-con-jovenes-y-apoyo-a-candidata\/#breadcrumb"},"inLanguage":"es","potentialAction":[{"@type":"ReadAction","target":["https:\/\/noticiasmercedinas.com\/site\/2019\/08\/07\/sanchez-zinny-paso-por-la-ciudad-reunion-con-jovenes-y-apoyo-a-candidata\/"]}]},{"@type":"ImageObject","inLanguage":"es","@id":"https:\/\/noticiasmercedinas.com\/site\/2019\/08\/07\/sanchez-zinny-paso-por-la-ciudad-reunion-con-jovenes-y-apoyo-a-candidata\/#primaryimage","url":"https:\/\/noticiasmercedinas.com\/site\/wp-content\/uploads\/2019\/08\/3c4ec5f6-71bf-49d4-ad0b-d460316cef9f.jpg","contentUrl":"https:\/\/noticiasmercedinas.com\/site\/wp-content\/uploads\/2019\/08\/3c4ec5f6-71bf-49d4-ad0b-d460316cef9f.jpg","width":1280,"height":860},{"@type":"BreadcrumbList","@id":"https:\/\/noticiasmercedinas.com\/site\/2019\/08\/07\/sanchez-zinny-paso-por-la-ciudad-reunion-con-jovenes-y-apoyo-a-candidata\/#breadcrumb","itemListElement":[{"@type":"ListItem","position":1,"name":"Portada","item":"https:\/\/noticiasmercedinas.com\/site\/"},{"@type":"ListItem","position":2,"name":"S\u00e1nchez Zinny pas\u00f3 por la ciudad: reuni\u00f3n con j\u00f3venes y apoyo a candidata"}]},{"@type":"WebSite","@id":"https:\/\/noticiasmercedinas.com\/site\/#website","url":"https:\/\/noticiasmercedinas.com\/site\/","name":"NOTICIASMERCEDINAS.COM","description":"Mercedes, Buenos Aires, Argentina","publisher":{"@id":"https:\/\/noticiasmercedinas.com\/site\/#organization"},"potentialAction":[{"@type":"SearchAction","target":{"@type":"EntryPoint","urlTemplate":"https:\/\/noticiasmercedinas.com\/site\/?s={search_term_string}"},"query-input":{"@type":"PropertyValueSpecification","valueRequired":true,"valueName":"search_term_string"}}],"inLanguage":"es"},{"@type":"Organization","@id":"https:\/\/noticiasmercedinas.com\/site\/#organization","name":"NOTICIASMERCEDINAS.COM","url":"https:\/\/noticiasmercedinas.com\/site\/","logo":{"@type":"ImageObject","inLanguage":"es","@id":"https:\/\/noticiasmercedinas.com\/site\/#\/schema\/logo\/image\/","url":"https:\/\/noticiasmercedinas.com\/site\/wp-content\/uploads\/2020\/06\/LOGO-512.jpg","contentUrl":"https:\/\/noticiasmercedinas.com\/site\/wp-content\/uploads\/2020\/06\/LOGO-512.jpg","width":512,"height":512,"caption":"NOTICIASMERCEDINAS.COM"},"image":{"@id":"https:\/\/noticiasmercedinas.com\/site\/#\/schema\/logo\/image\/"},"sameAs":["https:\/\/www.facebook.com\/noticiasmercedinas\/","https:\/\/x.com\/notmercedinas","https:\/\/www.instagram.com\/noticiasmercedinas\/"]},{"@type":"Person","@id":"https:\/\/noticiasmercedinas.com\/site\/#\/schema\/person\/84b59c099c28ff2e8b77d4ceec5d8063","name":"NOTICIASMERCEDINAS.COM","image":{"@type":"ImageObject","inLanguage":"es","@id":"https:\/\/secure.gravatar.com\/avatar\/4dfbf16b4d17945bfb6341b2d19043457132fcf478a5ee04f42e959fd8f5df0a?s=96&d=mm&r=g","url":"https:\/\/secure.gravatar.com\/avatar\/4dfbf16b4d17945bfb6341b2d19043457132fcf478a5ee04f42e959fd8f5df0a?s=96&d=mm&r=g","contentUrl":"https:\/\/secure.gravatar.com\/avatar\/4dfbf16b4d17945bfb6341b2d19043457132fcf478a5ee04f42e959fd8f5df0a?s=96&d=mm&r=g","caption":"NOTICIASMERCEDINAS.COM"},"url":"https:\/\/noticiasmercedinas.com\/site\/author\/anonimo\/"}]}},"amp_enabled":true,"_links":{"self":[{"href":"https:\/\/noticiasmercedinas.com\/site\/wp-json\/wp\/v2\/posts\/25034","targetHints":{"allow":["GET"]}}],"collection":[{"href":"https:\/\/noticiasmercedinas.com\/site\/wp-json\/wp\/v2\/posts"}],"about":[{"href":"https:\/\/noticiasmercedinas.com\/site\/wp-json\/wp\/v2\/types\/post"}],"author":[{"embeddable":true,"href":"https:\/\/noticiasmercedinas.com\/site\/wp-json\/wp\/v2\/users\/16"}],"replies":[{"embeddable":true,"href":"https:\/\/noticiasmercedinas.com\/site\/wp-json\/wp\/v2\/comments?post=25034"}],"version-history":[{"count":1,"href":"https:\/\/noticiasmercedinas.com\/site\/wp-json\/wp\/v2\/posts\/25034\/revisions"}],"predecessor-version":[{"id":25036,"href":"https:\/\/noticiasmercedinas.com\/site\/wp-json\/wp\/v2\/posts\/25034\/revisions\/25036"}],"wp:featuredmedia":[{"embeddable":true,"href":"https:\/\/noticiasmercedinas.com\/site\/wp-json\/wp\/v2\/media\/25035"}],"wp:attachment":[{"href":"https:\/\/noticiasmercedinas.com\/site\/wp-json\/wp\/v2\/media?parent=25034"}],"wp:term":[{"taxonomy":"category","embeddable":true,"href":"https:\/\/noticiasmercedinas.com\/site\/wp-json\/wp\/v2\/categories?post=25034"},{"taxonomy":"post_tag","embeddable":true,"href":"https:\/\/noticiasmercedinas.com\/site\/wp-json\/wp\/v2\/tags?post=25034"}],"curies":[{"name":"wp","href":"https:\/\/api.w.org\/{rel}","templated":true}]}}