{"id":251,"date":"2026-09-02T17:58:48","date_gmt":"2026-09-02T20:58:48","guid":{"rendered":"https:\/\/noticiasmercedinas.com\/site\/?p=251"},"modified":"2026-09-02T19:01:28","modified_gmt":"2026-09-02T22:01:28","slug":"un-domingo-con-resultados-no-deseados","status":"publish","type":"post","link":"https:\/\/noticiasmercedinas.com\/site\/2026\/09\/02\/un-domingo-con-resultados-no-deseados\/","title":{"rendered":"Un domingo con resultados no deseados"},"content":{"rendered":"<figure id=\"attachment_252\" aria-describedby=\"caption-attachment-252\" style=\"width: 640px\" class=\"wp-caption alignnone\"><img loading=\"lazy\" decoding=\"async\" class=\"wp-image-252 size-full\" src=\"https:\/\/noticiasmercedinas.com\/site\/wp-content\/uploads\/2026\/09\/federalfem.jpg\" alt=\"\" width=\"640\" height=\"588\" srcset=\"https:\/\/noticiasmercedinas.com\/site\/wp-content\/uploads\/2026\/09\/federalfem.jpg 640w, https:\/\/noticiasmercedinas.com\/site\/wp-content\/uploads\/2026\/09\/federalfem-300x276.jpg 300w, https:\/\/noticiasmercedinas.com\/site\/wp-content\/uploads\/2026\/09\/federalfem-457x420.jpg 457w\" sizes=\"auto, (max-width: 640px) 100vw, 640px\" \/><figcaption id=\"caption-attachment-252\" class=\"wp-caption-text\">El Front\u00f3n y Brandsen (Foto El Front\u00f3n).<\/figcaption><\/figure>\n<p>Por el Federal en sus tres categor\u00edas hubo encuentros de ida este domingo, en el certamen femenino se celebr\u00f3 una nueva instancia. Cicl\u00f3n que se sum\u00f3 reci\u00e9n en la Segunda Fase fue goleado en Chivilcoy por el representante de Jun\u00edn en la Sub 13, mientras que Front\u00f3n en Giles fue superado por Brandsen.<\/p>\n<p>Ya en La Plata, como visitante, Defensores tuvo un traspi\u00e9 ante For Ever para ponerse en ventaja el local con un penal. Por delante quedan las revanchas, buscando cambiar la historia el \u201cCeleste\u201d en Mercedes. El panorama para Cicl\u00f3n es otro mientras que Front\u00f3n va cancha de Brandsen en el certamen del Consejo Federal.<\/p>\n<p><strong>Sub 13<br \/>\nCicl\u00f3n (Chivilcoy) \u00a00.<br \/>\nSarmiento (Jun\u00edn) 8.<br \/>\nArbitro:<\/strong> Jorge Mor\u00e1n (Escobar).<\/p>\n<p><strong>El Front\u00f3n 1.<br \/>\nBrandsen (La Plata) 3.<br \/>\nArbitro:<\/strong> M\u00e1ximo Olivo (Luj\u00e1n).<\/p>\n<p><strong>Sub 15<br \/>\nFor Ever (La Plata) 1.<br \/>\nDefensores Juniors 0.<br \/>\nArbitro:<\/strong> Theo Burgos (Lobos).<\/p>\n<p><strong>Primera Femenina<\/strong><br \/>\nPor la tercera instancia el primer equipo de El Front\u00f3n afront\u00f3 la ida en San Andr\u00e9s de Giles por el TRFAF. Fue empate sin goles frente al representante de la Liga de Chacabuco, la vuelta ser\u00e1 en esta \u00faltima ciudad donde se resolver\u00e1 quien seguir\u00e1 adelante. En la llave que sigue espera El Fort\u00edn de San Nicol\u00e1s.<\/p>\n<p><strong>El Front\u00f3n 0.<br \/>\nRivadavia (Chacabuco) 0.<br \/>\nArbitro:<\/strong> Miguel Santa Cruz (Escobar).<\/p>\n","protected":false},"excerpt":{"rendered":"<p>\u25a0 Por las  distintas instancias del Federal Femenino hubo representaci\u00f3n por la Liga Mercedina de F\u00fatbol. En Sub 13 Cicl\u00f3n fue goleado por Sarmiento y Front\u00f3n cay\u00f3 ante Brandsen. En La Plata tropez\u00f3 por la m\u00ednima Defensores en Sub 15. La Primera de Front\u00f3n igual\u00f3 sin goles como local.<\/p>\n","protected":false},"author":2,"featured_media":252,"comment_status":"open","ping_status":"open","sticky":false,"template":"","format":"standard","meta":{"footnotes":""},"categories":[21],"tags":[43,44],"class_list":["post-251","post","type-post","status-publish","format-standard","has-post-thumbnail","hentry","category-deportes","tag-futbol-femenino","tag-trfaf"],"yoast_head":"<!-- This site is optimized with the Yoast SEO plugin v28.4 - https:\/\/yoast.com\/product\/yoast-seo-wordpress\/ -->\n<title>Un domingo con resultados no deseados - Noticias Mercedinas<\/title>\n<meta name=\"robots\" content=\"index, follow, max-snippet:-1, max-image-preview:large, max-video-preview:-1\" \/>\n<link rel=\"canonical\" href=\"https:\/\/noticiasmercedinas.com\/site\/2026\/09\/02\/un-domingo-con-resultados-no-deseados\/\" \/>\n<meta property=\"og:locale\" content=\"es_ES\" \/>\n<meta property=\"og:type\" content=\"article\" \/>\n<meta property=\"og:title\" content=\"Un domingo con resultados no deseados - Noticias Mercedinas\" \/>\n<meta property=\"og:description\" content=\"\u25a0 Por las distintas instancias del Federal Femenino hubo representaci\u00f3n por la Liga Mercedina de F\u00fatbol. En Sub 13 Cicl\u00f3n fue goleado por Sarmiento y Front\u00f3n cay\u00f3 ante Brandsen. En La Plata tropez\u00f3 por la m\u00ednima Defensores en Sub 15. La Primera de Front\u00f3n igual\u00f3 sin goles como local.\" \/>\n<meta property=\"og:url\" content=\"https:\/\/noticiasmercedinas.com\/site\/2026\/09\/02\/un-domingo-con-resultados-no-deseados\/\" \/>\n<meta property=\"og:site_name\" content=\"Noticias Mercedinas\" \/>\n<meta property=\"article:published_time\" content=\"2026-09-02T20:58:48+00:00\" \/>\n<meta property=\"article:modified_time\" content=\"2026-09-02T22:01:28+00:00\" \/>\n<meta property=\"og:image\" content=\"https:\/\/noticiasmercedinas.com\/site\/wp-content\/uploads\/2026\/09\/federalfem.jpg\" \/>\n\t<meta property=\"og:image:width\" content=\"640\" \/>\n\t<meta property=\"og:image:height\" content=\"588\" \/>\n\t<meta property=\"og:image:type\" content=\"image\/jpeg\" \/>\n<meta name=\"author\" content=\"Juan Dagnino\" \/>\n<meta name=\"twitter:card\" content=\"summary_large_image\" \/>\n<meta name=\"twitter:label1\" content=\"Escrito por\" \/>\n\t<meta name=\"twitter:data1\" content=\"Juan Dagnino\" \/>\n\t<meta name=\"twitter:label2\" content=\"Tiempo de lectura\" \/>\n\t<meta name=\"twitter:data2\" content=\"2 minutos\" \/>\n<script type=\"application\/ld+json\" class=\"yoast-schema-graph\">{\"@context\":\"https:\\\/\\\/schema.org\",\"@graph\":[{\"@type\":\"Article\",\"@id\":\"https:\\\/\\\/noticiasmercedinas.com\\\/site\\\/2026\\\/09\\\/02\\\/un-domingo-con-resultados-no-deseados\\\/#article\",\"isPartOf\":{\"@id\":\"https:\\\/\\\/noticiasmercedinas.com\\\/site\\\/2026\\\/09\\\/02\\\/un-domingo-con-resultados-no-deseados\\\/\"},\"author\":{\"name\":\"Juan Dagnino\",\"@id\":\"https:\\\/\\\/noticiasmercedinas.com\\\/site\\\/#\\\/schema\\\/person\\\/b25f2883e4fd6f0be6beadb609baaa59\"},\"headline\":\"Un domingo con resultados no deseados\",\"datePublished\":\"2026-09-02T20:58:48+00:00\",\"dateModified\":\"2026-09-02T22:01:28+00:00\",\"mainEntityOfPage\":{\"@id\":\"https:\\\/\\\/noticiasmercedinas.com\\\/site\\\/2026\\\/09\\\/02\\\/un-domingo-con-resultados-no-deseados\\\/\"},\"wordCount\":243,\"commentCount\":0,\"image\":{\"@id\":\"https:\\\/\\\/noticiasmercedinas.com\\\/site\\\/2026\\\/09\\\/02\\\/un-domingo-con-resultados-no-deseados\\\/#primaryimage\"},\"thumbnailUrl\":\"https:\\\/\\\/noticiasmercedinas.com\\\/site\\\/wp-content\\\/uploads\\\/2026\\\/09\\\/federalfem.jpg\",\"keywords\":[\"futbol femenino\",\"TRFAF\"],\"articleSection\":[\"Deportes\"],\"inLanguage\":\"es\",\"potentialAction\":[{\"@type\":\"CommentAction\",\"name\":\"Comment\",\"target\":[\"https:\\\/\\\/noticiasmercedinas.com\\\/site\\\/2026\\\/09\\\/02\\\/un-domingo-con-resultados-no-deseados\\\/#respond\"]}]},{\"@type\":\"WebPage\",\"@id\":\"https:\\\/\\\/noticiasmercedinas.com\\\/site\\\/2026\\\/09\\\/02\\\/un-domingo-con-resultados-no-deseados\\\/\",\"url\":\"https:\\\/\\\/noticiasmercedinas.com\\\/site\\\/2026\\\/09\\\/02\\\/un-domingo-con-resultados-no-deseados\\\/\",\"name\":\"Un domingo con resultados no deseados - Noticias Mercedinas\",\"isPartOf\":{\"@id\":\"https:\\\/\\\/noticiasmercedinas.com\\\/site\\\/#website\"},\"primaryImageOfPage\":{\"@id\":\"https:\\\/\\\/noticiasmercedinas.com\\\/site\\\/2026\\\/09\\\/02\\\/un-domingo-con-resultados-no-deseados\\\/#primaryimage\"},\"image\":{\"@id\":\"https:\\\/\\\/noticiasmercedinas.com\\\/site\\\/2026\\\/09\\\/02\\\/un-domingo-con-resultados-no-deseados\\\/#primaryimage\"},\"thumbnailUrl\":\"https:\\\/\\\/noticiasmercedinas.com\\\/site\\\/wp-content\\\/uploads\\\/2026\\\/09\\\/federalfem.jpg\",\"datePublished\":\"2026-09-02T20:58:48+00:00\",\"dateModified\":\"2026-09-02T22:01:28+00:00\",\"author\":{\"@id\":\"https:\\\/\\\/noticiasmercedinas.com\\\/site\\\/#\\\/schema\\\/person\\\/b25f2883e4fd6f0be6beadb609baaa59\"},\"breadcrumb\":{\"@id\":\"https:\\\/\\\/noticiasmercedinas.com\\\/site\\\/2026\\\/09\\\/02\\\/un-domingo-con-resultados-no-deseados\\\/#breadcrumb\"},\"inLanguage\":\"es\",\"potentialAction\":[{\"@type\":\"ReadAction\",\"target\":[\"https:\\\/\\\/noticiasmercedinas.com\\\/site\\\/2026\\\/09\\\/02\\\/un-domingo-con-resultados-no-deseados\\\/\"]}]},{\"@type\":\"ImageObject\",\"inLanguage\":\"es\",\"@id\":\"https:\\\/\\\/noticiasmercedinas.com\\\/site\\\/2026\\\/09\\\/02\\\/un-domingo-con-resultados-no-deseados\\\/#primaryimage\",\"url\":\"https:\\\/\\\/noticiasmercedinas.com\\\/site\\\/wp-content\\\/uploads\\\/2026\\\/09\\\/federalfem.jpg\",\"contentUrl\":\"https:\\\/\\\/noticiasmercedinas.com\\\/site\\\/wp-content\\\/uploads\\\/2026\\\/09\\\/federalfem.jpg\",\"width\":640,\"height\":588},{\"@type\":\"BreadcrumbList\",\"@id\":\"https:\\\/\\\/noticiasmercedinas.com\\\/site\\\/2026\\\/09\\\/02\\\/un-domingo-con-resultados-no-deseados\\\/#breadcrumb\",\"itemListElement\":[{\"@type\":\"ListItem\",\"position\":1,\"name\":\"Portada\",\"item\":\"https:\\\/\\\/noticiasmercedinas.com\\\/site\\\/\"},{\"@type\":\"ListItem\",\"position\":2,\"name\":\"Un domingo con resultados no deseados\"}]},{\"@type\":\"WebSite\",\"@id\":\"https:\\\/\\\/noticiasmercedinas.com\\\/site\\\/#website\",\"url\":\"https:\\\/\\\/noticiasmercedinas.com\\\/site\\\/\",\"name\":\"Noticias Mercedinas\",\"description\":\"\",\"potentialAction\":[{\"@type\":\"SearchAction\",\"target\":{\"@type\":\"EntryPoint\",\"urlTemplate\":\"https:\\\/\\\/noticiasmercedinas.com\\\/site\\\/?s={search_term_string}\"},\"query-input\":{\"@type\":\"PropertyValueSpecification\",\"valueRequired\":true,\"valueName\":\"search_term_string\"}}],\"inLanguage\":\"es\"},{\"@type\":\"Person\",\"@id\":\"https:\\\/\\\/noticiasmercedinas.com\\\/site\\\/#\\\/schema\\\/person\\\/b25f2883e4fd6f0be6beadb609baaa59\",\"name\":\"Juan Dagnino\",\"image\":{\"@type\":\"ImageObject\",\"inLanguage\":\"es\",\"@id\":\"https:\\\/\\\/secure.gravatar.com\\\/avatar\\\/fc7059a769f5a3cae65fadb228a3e4accf3a64b4b2305020d0a27e6d5333c91b?s=96&d=mm&r=g\",\"url\":\"https:\\\/\\\/secure.gravatar.com\\\/avatar\\\/fc7059a769f5a3cae65fadb228a3e4accf3a64b4b2305020d0a27e6d5333c91b?s=96&d=mm&r=g\",\"contentUrl\":\"https:\\\/\\\/secure.gravatar.com\\\/avatar\\\/fc7059a769f5a3cae65fadb228a3e4accf3a64b4b2305020d0a27e6d5333c91b?s=96&d=mm&r=g\",\"caption\":\"Juan Dagnino\"},\"url\":\"https:\\\/\\\/noticiasmercedinas.com\\\/site\\\/author\\\/juandagnino\\\/\"}]}<\/script>\n<!-- \/ Yoast SEO plugin. -->","yoast_head_json":{"title":"Un domingo con resultados no deseados - Noticias Mercedinas","robots":{"index":"index","follow":"follow","max-snippet":"max-snippet:-1","max-image-preview":"max-image-preview:large","max-video-preview":"max-video-preview:-1"},"canonical":"https:\/\/noticiasmercedinas.com\/site\/2026\/09\/02\/un-domingo-con-resultados-no-deseados\/","og_locale":"es_ES","og_type":"article","og_title":"Un domingo con resultados no deseados - Noticias Mercedinas","og_description":"\u25a0 Por las distintas instancias del Federal Femenino hubo representaci\u00f3n por la Liga Mercedina de F\u00fatbol. En Sub 13 Cicl\u00f3n fue goleado por Sarmiento y Front\u00f3n cay\u00f3 ante Brandsen. En La Plata tropez\u00f3 por la m\u00ednima Defensores en Sub 15. La Primera de Front\u00f3n igual\u00f3 sin goles como local.","og_url":"https:\/\/noticiasmercedinas.com\/site\/2026\/09\/02\/un-domingo-con-resultados-no-deseados\/","og_site_name":"Noticias Mercedinas","article_published_time":"2026-09-02T20:58:48+00:00","article_modified_time":"2026-09-02T22:01:28+00:00","og_image":[{"width":640,"height":588,"url":"https:\/\/noticiasmercedinas.com\/site\/wp-content\/uploads\/2026\/09\/federalfem.jpg","type":"image\/jpeg"}],"author":"Juan Dagnino","twitter_card":"summary_large_image","twitter_misc":{"Escrito por":"Juan Dagnino","Tiempo de lectura":"2 minutos"},"schema":{"@context":"https:\/\/schema.org","@graph":[{"@type":"Article","@id":"https:\/\/noticiasmercedinas.com\/site\/2026\/09\/02\/un-domingo-con-resultados-no-deseados\/#article","isPartOf":{"@id":"https:\/\/noticiasmercedinas.com\/site\/2026\/09\/02\/un-domingo-con-resultados-no-deseados\/"},"author":{"name":"Juan Dagnino","@id":"https:\/\/noticiasmercedinas.com\/site\/#\/schema\/person\/b25f2883e4fd6f0be6beadb609baaa59"},"headline":"Un domingo con resultados no deseados","datePublished":"2026-09-02T20:58:48+00:00","dateModified":"2026-09-02T22:01:28+00:00","mainEntityOfPage":{"@id":"https:\/\/noticiasmercedinas.com\/site\/2026\/09\/02\/un-domingo-con-resultados-no-deseados\/"},"wordCount":243,"commentCount":0,"image":{"@id":"https:\/\/noticiasmercedinas.com\/site\/2026\/09\/02\/un-domingo-con-resultados-no-deseados\/#primaryimage"},"thumbnailUrl":"https:\/\/noticiasmercedinas.com\/site\/wp-content\/uploads\/2026\/09\/federalfem.jpg","keywords":["futbol femenino","TRFAF"],"articleSection":["Deportes"],"inLanguage":"es","potentialAction":[{"@type":"CommentAction","name":"Comment","target":["https:\/\/noticiasmercedinas.com\/site\/2026\/09\/02\/un-domingo-con-resultados-no-deseados\/#respond"]}]},{"@type":"WebPage","@id":"https:\/\/noticiasmercedinas.com\/site\/2026\/09\/02\/un-domingo-con-resultados-no-deseados\/","url":"https:\/\/noticiasmercedinas.com\/site\/2026\/09\/02\/un-domingo-con-resultados-no-deseados\/","name":"Un domingo con resultados no deseados - Noticias Mercedinas","isPartOf":{"@id":"https:\/\/noticiasmercedinas.com\/site\/#website"},"primaryImageOfPage":{"@id":"https:\/\/noticiasmercedinas.com\/site\/2026\/09\/02\/un-domingo-con-resultados-no-deseados\/#primaryimage"},"image":{"@id":"https:\/\/noticiasmercedinas.com\/site\/2026\/09\/02\/un-domingo-con-resultados-no-deseados\/#primaryimage"},"thumbnailUrl":"https:\/\/noticiasmercedinas.com\/site\/wp-content\/uploads\/2026\/09\/federalfem.jpg","datePublished":"2026-09-02T20:58:48+00:00","dateModified":"2026-09-02T22:01:28+00:00","author":{"@id":"https:\/\/noticiasmercedinas.com\/site\/#\/schema\/person\/b25f2883e4fd6f0be6beadb609baaa59"},"breadcrumb":{"@id":"https:\/\/noticiasmercedinas.com\/site\/2026\/09\/02\/un-domingo-con-resultados-no-deseados\/#breadcrumb"},"inLanguage":"es","potentialAction":[{"@type":"ReadAction","target":["https:\/\/noticiasmercedinas.com\/site\/2026\/09\/02\/un-domingo-con-resultados-no-deseados\/"]}]},{"@type":"ImageObject","inLanguage":"es","@id":"https:\/\/noticiasmercedinas.com\/site\/2026\/09\/02\/un-domingo-con-resultados-no-deseados\/#primaryimage","url":"https:\/\/noticiasmercedinas.com\/site\/wp-content\/uploads\/2026\/09\/federalfem.jpg","contentUrl":"https:\/\/noticiasmercedinas.com\/site\/wp-content\/uploads\/2026\/09\/federalfem.jpg","width":640,"height":588},{"@type":"BreadcrumbList","@id":"https:\/\/noticiasmercedinas.com\/site\/2026\/09\/02\/un-domingo-con-resultados-no-deseados\/#breadcrumb","itemListElement":[{"@type":"ListItem","position":1,"name":"Portada","item":"https:\/\/noticiasmercedinas.com\/site\/"},{"@type":"ListItem","position":2,"name":"Un domingo con resultados no deseados"}]},{"@type":"WebSite","@id":"https:\/\/noticiasmercedinas.com\/site\/#website","url":"https:\/\/noticiasmercedinas.com\/site\/","name":"Noticias Mercedinas","description":"","potentialAction":[{"@type":"SearchAction","target":{"@type":"EntryPoint","urlTemplate":"https:\/\/noticiasmercedinas.com\/site\/?s={search_term_string}"},"query-input":{"@type":"PropertyValueSpecification","valueRequired":true,"valueName":"search_term_string"}}],"inLanguage":"es"},{"@type":"Person","@id":"https:\/\/noticiasmercedinas.com\/site\/#\/schema\/person\/b25f2883e4fd6f0be6beadb609baaa59","name":"Juan Dagnino","image":{"@type":"ImageObject","inLanguage":"es","@id":"https:\/\/secure.gravatar.com\/avatar\/fc7059a769f5a3cae65fadb228a3e4accf3a64b4b2305020d0a27e6d5333c91b?s=96&d=mm&r=g","url":"https:\/\/secure.gravatar.com\/avatar\/fc7059a769f5a3cae65fadb228a3e4accf3a64b4b2305020d0a27e6d5333c91b?s=96&d=mm&r=g","contentUrl":"https:\/\/secure.gravatar.com\/avatar\/fc7059a769f5a3cae65fadb228a3e4accf3a64b4b2305020d0a27e6d5333c91b?s=96&d=mm&r=g","caption":"Juan Dagnino"},"url":"https:\/\/noticiasmercedinas.com\/site\/author\/juandagnino\/"}]}},"_links":{"self":[{"href":"https:\/\/noticiasmercedinas.com\/site\/wp-json\/wp\/v2\/posts\/251","targetHints":{"allow":["GET"]}}],"collection":[{"href":"https:\/\/noticiasmercedinas.com\/site\/wp-json\/wp\/v2\/posts"}],"about":[{"href":"https:\/\/noticiasmercedinas.com\/site\/wp-json\/wp\/v2\/types\/post"}],"author":[{"embeddable":true,"href":"https:\/\/noticiasmercedinas.com\/site\/wp-json\/wp\/v2\/users\/2"}],"replies":[{"embeddable":true,"href":"https:\/\/noticiasmercedinas.com\/site\/wp-json\/wp\/v2\/comments?post=251"}],"version-history":[{"count":3,"href":"https:\/\/noticiasmercedinas.com\/site\/wp-json\/wp\/v2\/posts\/251\/revisions"}],"predecessor-version":[{"id":308,"href":"https:\/\/noticiasmercedinas.com\/site\/wp-json\/wp\/v2\/posts\/251\/revisions\/308"}],"wp:featuredmedia":[{"embeddable":true,"href":"https:\/\/noticiasmercedinas.com\/site\/wp-json\/wp\/v2\/media\/252"}],"wp:attachment":[{"href":"https:\/\/noticiasmercedinas.com\/site\/wp-json\/wp\/v2\/media?parent=251"}],"wp:term":[{"taxonomy":"category","embeddable":true,"href":"https:\/\/noticiasmercedinas.com\/site\/wp-json\/wp\/v2\/categories?post=251"},{"taxonomy":"post_tag","embeddable":true,"href":"https:\/\/noticiasmercedinas.com\/site\/wp-json\/wp\/v2\/tags?post=251"}],"curies":[{"name":"wp","href":"https:\/\/api.w.org\/{rel}","templated":true}]}}