{"id":25418,"date":"2019-08-11T15:46:56","date_gmt":"2019-08-11T18:46:56","guid":{"rendered":"https:\/\/noticiasmercedinas.com\/site\/?p=25418"},"modified":"2019-08-11T15:46:56","modified_gmt":"2019-08-11T18:46:56","slug":"maria-maldonado-tengo-la-ansiedad-de-controlar","status":"publish","type":"post","link":"https:\/\/noticiasmercedinas.com\/site\/2019\/08\/11\/maria-maldonado-tengo-la-ansiedad-de-controlar\/","title":{"rendered":"Mar\u00eda Maldonado: \u00abTengo la ansiedad de controlar\u00bb"},"content":{"rendered":"<p><img loading=\"lazy\" decoding=\"async\" class=\"alignnone size-full wp-image-25420\" src=\"https:\/\/noticiasmercedinas.com\/site\/wp-content\/uploads\/2019\/08\/maldonado_maria.jpg\" alt=\"\" width=\"650\" height=\"433\" srcset=\"https:\/\/noticiasmercedinas.com\/site\/wp-content\/uploads\/2019\/08\/maldonado_maria.jpg 650w, https:\/\/noticiasmercedinas.com\/site\/wp-content\/uploads\/2019\/08\/maldonado_maria-300x200.jpg 300w, https:\/\/noticiasmercedinas.com\/site\/wp-content\/uploads\/2019\/08\/maldonado_maria-640x426.jpg 640w\" sizes=\"auto, (max-width: 650px) 100vw, 650px\" \/><\/p>\n<p>\u201cLas expectativas nuestras en principio son superar las PASO, en esta campa\u00f1a se ha podido desenvolver el programa que llevamos adelante y eso nos pone contentos\u201d, dijo <strong>Mar\u00eda Maldonado<\/strong>, candidata a concejal por el Frente de Izquierda -Unidad, al votar en la mesa 41.<\/p>\n<p>\u201cQueremos desarrollar una gran elecci\u00f3n en octubre y que se plantee todo lo realizado en el a\u00f1o\u201d, sostuvo luego e inform\u00f3 que su jornada arranc\u00f3 con la designaci\u00f3n de fiscales en escuelas y su organizaci\u00f3n. \u201cAnduve por todas las escuelas. No hubo problemas, solo tuvimos que hacer reposici\u00f3n\u201d, indic\u00f3, aunque destac\u00f3 que algunas boletas de ellos estuvieron tapadas por otras similares. \u201cSon chicanas\u201d, opin\u00f3 Maldonado.<\/p>\n<p>\u201cLa idea que tengo es cerrar alguna escuela, posiblemente Misericordia. Tengo la ansiedad de controlar a medida que se vaya cerrando el escrutinio\u201d, remarc\u00f3 Maldonado y sostuvo que lo que importa, m\u00e1s all\u00e1 de las nuevas situaciones que se dan, \u201ces la planilla de escrutinio\u201d a la hora del conteo final provisorio.<\/p>\n","protected":false},"excerpt":{"rendered":"<p>\u201cLas expectativas nuestras en principio son superar las PASO, en esta campa\u00f1a se ha podido desenvolver el programa que llevamos adelante y eso nos pone contentos\u201d, dijo Mar\u00eda Maldonado, candidata a concejal por el Frente de Izquierda -Unidad, al votar en la mesa 41. \u201cQueremos desarrollar una gran elecci\u00f3n en octubre y que se plantee [&hellip;]<\/p>\n","protected":false},"author":2,"featured_media":25420,"comment_status":"open","ping_status":"open","sticky":false,"template":"","format":"standard","meta":{"footnotes":""},"categories":[16],"tags":[662,5806,5302,4152],"class_list":["post-25418","post","type-post","status-publish","format-standard","has-post-thumbnail","hentry","category-politica","tag-elecciones-2019","tag-elecciones-paso","tag-frente-de-izquierda-unidad","tag-maria-maldonado"],"yoast_head":"<!-- This site is optimized with the Yoast SEO plugin v27.5 - https:\/\/yoast.com\/product\/yoast-seo-wordpress\/ -->\n<title>Mar\u00eda Maldonado: &quot;Tengo la ansiedad de controlar&quot;<\/title>\n<meta name=\"robots\" content=\"index, follow, max-snippet:-1, max-image-preview:large, max-video-preview:-1\" \/>\n<link rel=\"canonical\" href=\"https:\/\/noticiasmercedinas.com\/site\/2019\/08\/11\/maria-maldonado-tengo-la-ansiedad-de-controlar\/\" \/>\n<meta property=\"og:locale\" content=\"es_ES\" \/>\n<meta property=\"og:type\" content=\"article\" \/>\n<meta property=\"og:title\" content=\"Mar\u00eda Maldonado: &quot;Tengo la ansiedad de controlar&quot;\" \/>\n<meta property=\"og:description\" content=\"\u201cLas expectativas nuestras en principio son superar las PASO, en esta campa\u00f1a se ha podido desenvolver el programa que llevamos adelante y eso nos pone contentos\u201d, dijo Mar\u00eda Maldonado, candidata a concejal por el Frente de Izquierda -Unidad, al votar en la mesa 41. \u201cQueremos desarrollar una gran elecci\u00f3n en octubre y que se plantee [&hellip;]\" \/>\n<meta property=\"og:url\" content=\"https:\/\/noticiasmercedinas.com\/site\/2019\/08\/11\/maria-maldonado-tengo-la-ansiedad-de-controlar\/\" \/>\n<meta property=\"og:site_name\" content=\"NOTICIASMERCEDINAS.COM\" \/>\n<meta property=\"article:publisher\" content=\"https:\/\/www.facebook.com\/noticiasmercedinas\/\" \/>\n<meta property=\"article:author\" content=\"https:\/\/www.facebook.com\/cristian.falabella\" \/>\n<meta property=\"article:published_time\" content=\"2019-08-11T18:46:56+00:00\" \/>\n<meta property=\"og:image\" content=\"https:\/\/noticiasmercedinas.com\/site\/wp-content\/uploads\/2019\/08\/maldonado_maria.jpg\" \/>\n\t<meta property=\"og:image:width\" content=\"650\" \/>\n\t<meta property=\"og:image:height\" content=\"433\" \/>\n\t<meta property=\"og:image:type\" content=\"image\/jpeg\" \/>\n<meta name=\"author\" content=\"Cristian Falabella NOTICIASMERCEDINAS.COM\" \/>\n<meta name=\"twitter:card\" content=\"summary_large_image\" \/>\n<meta name=\"twitter:creator\" content=\"@https:\/\/twitter.com\/NOTMERCEDINAS\" \/>\n<meta name=\"twitter:site\" content=\"@notmercedinas\" \/>\n<meta name=\"twitter:label1\" content=\"Escrito por\" \/>\n\t<meta name=\"twitter:data1\" content=\"Cristian Falabella NOTICIASMERCEDINAS.COM\" \/>\n\t<meta name=\"twitter:label2\" content=\"Tiempo de lectura\" \/>\n\t<meta name=\"twitter:data2\" content=\"1 minuto\" \/>\n<script type=\"application\/ld+json\" class=\"yoast-schema-graph\">{\"@context\":\"https:\\\/\\\/schema.org\",\"@graph\":[{\"@type\":\"Article\",\"@id\":\"https:\\\/\\\/noticiasmercedinas.com\\\/site\\\/2019\\\/08\\\/11\\\/maria-maldonado-tengo-la-ansiedad-de-controlar\\\/#article\",\"isPartOf\":{\"@id\":\"https:\\\/\\\/noticiasmercedinas.com\\\/site\\\/2019\\\/08\\\/11\\\/maria-maldonado-tengo-la-ansiedad-de-controlar\\\/\"},\"author\":{\"name\":\"Cristian Falabella NOTICIASMERCEDINAS.COM\",\"@id\":\"https:\\\/\\\/noticiasmercedinas.com\\\/site\\\/#\\\/schema\\\/person\\\/d481a9696a5feaec13a60e2bbd991a6a\"},\"headline\":\"Mar\u00eda Maldonado: \u00abTengo la ansiedad de controlar\u00bb\",\"datePublished\":\"2019-08-11T18:46:56+00:00\",\"mainEntityOfPage\":{\"@id\":\"https:\\\/\\\/noticiasmercedinas.com\\\/site\\\/2019\\\/08\\\/11\\\/maria-maldonado-tengo-la-ansiedad-de-controlar\\\/\"},\"wordCount\":176,\"commentCount\":0,\"publisher\":{\"@id\":\"https:\\\/\\\/noticiasmercedinas.com\\\/site\\\/#organization\"},\"image\":{\"@id\":\"https:\\\/\\\/noticiasmercedinas.com\\\/site\\\/2019\\\/08\\\/11\\\/maria-maldonado-tengo-la-ansiedad-de-controlar\\\/#primaryimage\"},\"thumbnailUrl\":\"https:\\\/\\\/noticiasmercedinas.com\\\/site\\\/wp-content\\\/uploads\\\/2019\\\/08\\\/maldonado_maria.jpg\",\"keywords\":[\"elecciones 2019\",\"elecciones paso\",\"Frente de Izquierda-Unidad\",\"maria maldonado\"],\"articleSection\":[\"Politica\"],\"inLanguage\":\"es\",\"potentialAction\":[{\"@type\":\"CommentAction\",\"name\":\"Comment\",\"target\":[\"https:\\\/\\\/noticiasmercedinas.com\\\/site\\\/2019\\\/08\\\/11\\\/maria-maldonado-tengo-la-ansiedad-de-controlar\\\/#respond\"]}]},{\"@type\":\"WebPage\",\"@id\":\"https:\\\/\\\/noticiasmercedinas.com\\\/site\\\/2019\\\/08\\\/11\\\/maria-maldonado-tengo-la-ansiedad-de-controlar\\\/\",\"url\":\"https:\\\/\\\/noticiasmercedinas.com\\\/site\\\/2019\\\/08\\\/11\\\/maria-maldonado-tengo-la-ansiedad-de-controlar\\\/\",\"name\":\"Mar\u00eda Maldonado: \\\"Tengo la ansiedad de controlar\\\"\",\"isPartOf\":{\"@id\":\"https:\\\/\\\/noticiasmercedinas.com\\\/site\\\/#website\"},\"primaryImageOfPage\":{\"@id\":\"https:\\\/\\\/noticiasmercedinas.com\\\/site\\\/2019\\\/08\\\/11\\\/maria-maldonado-tengo-la-ansiedad-de-controlar\\\/#primaryimage\"},\"image\":{\"@id\":\"https:\\\/\\\/noticiasmercedinas.com\\\/site\\\/2019\\\/08\\\/11\\\/maria-maldonado-tengo-la-ansiedad-de-controlar\\\/#primaryimage\"},\"thumbnailUrl\":\"https:\\\/\\\/noticiasmercedinas.com\\\/site\\\/wp-content\\\/uploads\\\/2019\\\/08\\\/maldonado_maria.jpg\",\"datePublished\":\"2019-08-11T18:46:56+00:00\",\"breadcrumb\":{\"@id\":\"https:\\\/\\\/noticiasmercedinas.com\\\/site\\\/2019\\\/08\\\/11\\\/maria-maldonado-tengo-la-ansiedad-de-controlar\\\/#breadcrumb\"},\"inLanguage\":\"es\",\"potentialAction\":[{\"@type\":\"ReadAction\",\"target\":[\"https:\\\/\\\/noticiasmercedinas.com\\\/site\\\/2019\\\/08\\\/11\\\/maria-maldonado-tengo-la-ansiedad-de-controlar\\\/\"]}]},{\"@type\":\"ImageObject\",\"inLanguage\":\"es\",\"@id\":\"https:\\\/\\\/noticiasmercedinas.com\\\/site\\\/2019\\\/08\\\/11\\\/maria-maldonado-tengo-la-ansiedad-de-controlar\\\/#primaryimage\",\"url\":\"https:\\\/\\\/noticiasmercedinas.com\\\/site\\\/wp-content\\\/uploads\\\/2019\\\/08\\\/maldonado_maria.jpg\",\"contentUrl\":\"https:\\\/\\\/noticiasmercedinas.com\\\/site\\\/wp-content\\\/uploads\\\/2019\\\/08\\\/maldonado_maria.jpg\",\"width\":650,\"height\":433},{\"@type\":\"BreadcrumbList\",\"@id\":\"https:\\\/\\\/noticiasmercedinas.com\\\/site\\\/2019\\\/08\\\/11\\\/maria-maldonado-tengo-la-ansiedad-de-controlar\\\/#breadcrumb\",\"itemListElement\":[{\"@type\":\"ListItem\",\"position\":1,\"name\":\"Portada\",\"item\":\"https:\\\/\\\/noticiasmercedinas.com\\\/site\\\/\"},{\"@type\":\"ListItem\",\"position\":2,\"name\":\"Mar\u00eda Maldonado: \u00abTengo la ansiedad de controlar\u00bb\"}]},{\"@type\":\"WebSite\",\"@id\":\"https:\\\/\\\/noticiasmercedinas.com\\\/site\\\/#website\",\"url\":\"https:\\\/\\\/noticiasmercedinas.com\\\/site\\\/\",\"name\":\"NOTICIASMERCEDINAS.COM\",\"description\":\"Mercedes, Buenos Aires, Argentina\",\"publisher\":{\"@id\":\"https:\\\/\\\/noticiasmercedinas.com\\\/site\\\/#organization\"},\"potentialAction\":[{\"@type\":\"SearchAction\",\"target\":{\"@type\":\"EntryPoint\",\"urlTemplate\":\"https:\\\/\\\/noticiasmercedinas.com\\\/site\\\/?s={search_term_string}\"},\"query-input\":{\"@type\":\"PropertyValueSpecification\",\"valueRequired\":true,\"valueName\":\"search_term_string\"}}],\"inLanguage\":\"es\"},{\"@type\":\"Organization\",\"@id\":\"https:\\\/\\\/noticiasmercedinas.com\\\/site\\\/#organization\",\"name\":\"NOTICIASMERCEDINAS.COM\",\"url\":\"https:\\\/\\\/noticiasmercedinas.com\\\/site\\\/\",\"logo\":{\"@type\":\"ImageObject\",\"inLanguage\":\"es\",\"@id\":\"https:\\\/\\\/noticiasmercedinas.com\\\/site\\\/#\\\/schema\\\/logo\\\/image\\\/\",\"url\":\"https:\\\/\\\/noticiasmercedinas.com\\\/site\\\/wp-content\\\/uploads\\\/2020\\\/06\\\/LOGO-512.jpg\",\"contentUrl\":\"https:\\\/\\\/noticiasmercedinas.com\\\/site\\\/wp-content\\\/uploads\\\/2020\\\/06\\\/LOGO-512.jpg\",\"width\":512,\"height\":512,\"caption\":\"NOTICIASMERCEDINAS.COM\"},\"image\":{\"@id\":\"https:\\\/\\\/noticiasmercedinas.com\\\/site\\\/#\\\/schema\\\/logo\\\/image\\\/\"},\"sameAs\":[\"https:\\\/\\\/www.facebook.com\\\/noticiasmercedinas\\\/\",\"https:\\\/\\\/x.com\\\/notmercedinas\",\"https:\\\/\\\/www.instagram.com\\\/noticiasmercedinas\\\/\"]},{\"@type\":\"Person\",\"@id\":\"https:\\\/\\\/noticiasmercedinas.com\\\/site\\\/#\\\/schema\\\/person\\\/d481a9696a5feaec13a60e2bbd991a6a\",\"name\":\"Cristian Falabella NOTICIASMERCEDINAS.COM\",\"image\":{\"@type\":\"ImageObject\",\"inLanguage\":\"es\",\"@id\":\"https:\\\/\\\/secure.gravatar.com\\\/avatar\\\/0dbbfc45970cc46bcd0e57766228574ff3511d6eed045b182f536f0f478c1f06?s=96&d=mm&r=g\",\"url\":\"https:\\\/\\\/secure.gravatar.com\\\/avatar\\\/0dbbfc45970cc46bcd0e57766228574ff3511d6eed045b182f536f0f478c1f06?s=96&d=mm&r=g\",\"contentUrl\":\"https:\\\/\\\/secure.gravatar.com\\\/avatar\\\/0dbbfc45970cc46bcd0e57766228574ff3511d6eed045b182f536f0f478c1f06?s=96&d=mm&r=g\",\"caption\":\"Cristian Falabella NOTICIASMERCEDINAS.COM\"},\"description\":\"Periodista, editor de Noticias Mercedinas. Pas\u00f3 por varias redacciones y emprendimientos de prensa, en distintos formatos y \u00e9pocas. Se especializ\u00f3 --y sigue haci\u00e9ndolo-- en comunicaci\u00f3n en la web y en junio de 2006 fund\u00f3 este diario digital.\",\"sameAs\":[\"https:\\\/\\\/noticiasmercedinas.com\",\"https:\\\/\\\/www.facebook.com\\\/cristian.falabella\",\"https:\\\/\\\/www.instagram.com\\\/noticiasmercedinas\\\/\",\"https:\\\/\\\/x.com\\\/https:\\\/\\\/twitter.com\\\/NOTMERCEDINAS\"],\"url\":\"https:\\\/\\\/noticiasmercedinas.com\\\/site\\\/author\\\/as000384\\\/\"}]}<\/script>\n<!-- \/ Yoast SEO plugin. -->","yoast_head_json":{"title":"Mar\u00eda Maldonado: \"Tengo la ansiedad de controlar\"","robots":{"index":"index","follow":"follow","max-snippet":"max-snippet:-1","max-image-preview":"max-image-preview:large","max-video-preview":"max-video-preview:-1"},"canonical":"https:\/\/noticiasmercedinas.com\/site\/2019\/08\/11\/maria-maldonado-tengo-la-ansiedad-de-controlar\/","og_locale":"es_ES","og_type":"article","og_title":"Mar\u00eda Maldonado: \"Tengo la ansiedad de controlar\"","og_description":"\u201cLas expectativas nuestras en principio son superar las PASO, en esta campa\u00f1a se ha podido desenvolver el programa que llevamos adelante y eso nos pone contentos\u201d, dijo Mar\u00eda Maldonado, candidata a concejal por el Frente de Izquierda -Unidad, al votar en la mesa 41. \u201cQueremos desarrollar una gran elecci\u00f3n en octubre y que se plantee [&hellip;]","og_url":"https:\/\/noticiasmercedinas.com\/site\/2019\/08\/11\/maria-maldonado-tengo-la-ansiedad-de-controlar\/","og_site_name":"NOTICIASMERCEDINAS.COM","article_publisher":"https:\/\/www.facebook.com\/noticiasmercedinas\/","article_author":"https:\/\/www.facebook.com\/cristian.falabella","article_published_time":"2019-08-11T18:46:56+00:00","og_image":[{"width":650,"height":433,"url":"https:\/\/noticiasmercedinas.com\/site\/wp-content\/uploads\/2019\/08\/maldonado_maria.jpg","type":"image\/jpeg"}],"author":"Cristian Falabella NOTICIASMERCEDINAS.COM","twitter_card":"summary_large_image","twitter_creator":"@https:\/\/twitter.com\/NOTMERCEDINAS","twitter_site":"@notmercedinas","twitter_misc":{"Escrito por":"Cristian Falabella NOTICIASMERCEDINAS.COM","Tiempo de lectura":"1 minuto"},"schema":{"@context":"https:\/\/schema.org","@graph":[{"@type":"Article","@id":"https:\/\/noticiasmercedinas.com\/site\/2019\/08\/11\/maria-maldonado-tengo-la-ansiedad-de-controlar\/#article","isPartOf":{"@id":"https:\/\/noticiasmercedinas.com\/site\/2019\/08\/11\/maria-maldonado-tengo-la-ansiedad-de-controlar\/"},"author":{"name":"Cristian Falabella NOTICIASMERCEDINAS.COM","@id":"https:\/\/noticiasmercedinas.com\/site\/#\/schema\/person\/d481a9696a5feaec13a60e2bbd991a6a"},"headline":"Mar\u00eda Maldonado: \u00abTengo la ansiedad de controlar\u00bb","datePublished":"2019-08-11T18:46:56+00:00","mainEntityOfPage":{"@id":"https:\/\/noticiasmercedinas.com\/site\/2019\/08\/11\/maria-maldonado-tengo-la-ansiedad-de-controlar\/"},"wordCount":176,"commentCount":0,"publisher":{"@id":"https:\/\/noticiasmercedinas.com\/site\/#organization"},"image":{"@id":"https:\/\/noticiasmercedinas.com\/site\/2019\/08\/11\/maria-maldonado-tengo-la-ansiedad-de-controlar\/#primaryimage"},"thumbnailUrl":"https:\/\/noticiasmercedinas.com\/site\/wp-content\/uploads\/2019\/08\/maldonado_maria.jpg","keywords":["elecciones 2019","elecciones paso","Frente de Izquierda-Unidad","maria maldonado"],"articleSection":["Politica"],"inLanguage":"es","potentialAction":[{"@type":"CommentAction","name":"Comment","target":["https:\/\/noticiasmercedinas.com\/site\/2019\/08\/11\/maria-maldonado-tengo-la-ansiedad-de-controlar\/#respond"]}]},{"@type":"WebPage","@id":"https:\/\/noticiasmercedinas.com\/site\/2019\/08\/11\/maria-maldonado-tengo-la-ansiedad-de-controlar\/","url":"https:\/\/noticiasmercedinas.com\/site\/2019\/08\/11\/maria-maldonado-tengo-la-ansiedad-de-controlar\/","name":"Mar\u00eda Maldonado: \"Tengo la ansiedad de controlar\"","isPartOf":{"@id":"https:\/\/noticiasmercedinas.com\/site\/#website"},"primaryImageOfPage":{"@id":"https:\/\/noticiasmercedinas.com\/site\/2019\/08\/11\/maria-maldonado-tengo-la-ansiedad-de-controlar\/#primaryimage"},"image":{"@id":"https:\/\/noticiasmercedinas.com\/site\/2019\/08\/11\/maria-maldonado-tengo-la-ansiedad-de-controlar\/#primaryimage"},"thumbnailUrl":"https:\/\/noticiasmercedinas.com\/site\/wp-content\/uploads\/2019\/08\/maldonado_maria.jpg","datePublished":"2019-08-11T18:46:56+00:00","breadcrumb":{"@id":"https:\/\/noticiasmercedinas.com\/site\/2019\/08\/11\/maria-maldonado-tengo-la-ansiedad-de-controlar\/#breadcrumb"},"inLanguage":"es","potentialAction":[{"@type":"ReadAction","target":["https:\/\/noticiasmercedinas.com\/site\/2019\/08\/11\/maria-maldonado-tengo-la-ansiedad-de-controlar\/"]}]},{"@type":"ImageObject","inLanguage":"es","@id":"https:\/\/noticiasmercedinas.com\/site\/2019\/08\/11\/maria-maldonado-tengo-la-ansiedad-de-controlar\/#primaryimage","url":"https:\/\/noticiasmercedinas.com\/site\/wp-content\/uploads\/2019\/08\/maldonado_maria.jpg","contentUrl":"https:\/\/noticiasmercedinas.com\/site\/wp-content\/uploads\/2019\/08\/maldonado_maria.jpg","width":650,"height":433},{"@type":"BreadcrumbList","@id":"https:\/\/noticiasmercedinas.com\/site\/2019\/08\/11\/maria-maldonado-tengo-la-ansiedad-de-controlar\/#breadcrumb","itemListElement":[{"@type":"ListItem","position":1,"name":"Portada","item":"https:\/\/noticiasmercedinas.com\/site\/"},{"@type":"ListItem","position":2,"name":"Mar\u00eda Maldonado: \u00abTengo la ansiedad de controlar\u00bb"}]},{"@type":"WebSite","@id":"https:\/\/noticiasmercedinas.com\/site\/#website","url":"https:\/\/noticiasmercedinas.com\/site\/","name":"NOTICIASMERCEDINAS.COM","description":"Mercedes, Buenos Aires, Argentina","publisher":{"@id":"https:\/\/noticiasmercedinas.com\/site\/#organization"},"potentialAction":[{"@type":"SearchAction","target":{"@type":"EntryPoint","urlTemplate":"https:\/\/noticiasmercedinas.com\/site\/?s={search_term_string}"},"query-input":{"@type":"PropertyValueSpecification","valueRequired":true,"valueName":"search_term_string"}}],"inLanguage":"es"},{"@type":"Organization","@id":"https:\/\/noticiasmercedinas.com\/site\/#organization","name":"NOTICIASMERCEDINAS.COM","url":"https:\/\/noticiasmercedinas.com\/site\/","logo":{"@type":"ImageObject","inLanguage":"es","@id":"https:\/\/noticiasmercedinas.com\/site\/#\/schema\/logo\/image\/","url":"https:\/\/noticiasmercedinas.com\/site\/wp-content\/uploads\/2020\/06\/LOGO-512.jpg","contentUrl":"https:\/\/noticiasmercedinas.com\/site\/wp-content\/uploads\/2020\/06\/LOGO-512.jpg","width":512,"height":512,"caption":"NOTICIASMERCEDINAS.COM"},"image":{"@id":"https:\/\/noticiasmercedinas.com\/site\/#\/schema\/logo\/image\/"},"sameAs":["https:\/\/www.facebook.com\/noticiasmercedinas\/","https:\/\/x.com\/notmercedinas","https:\/\/www.instagram.com\/noticiasmercedinas\/"]},{"@type":"Person","@id":"https:\/\/noticiasmercedinas.com\/site\/#\/schema\/person\/d481a9696a5feaec13a60e2bbd991a6a","name":"Cristian Falabella NOTICIASMERCEDINAS.COM","image":{"@type":"ImageObject","inLanguage":"es","@id":"https:\/\/secure.gravatar.com\/avatar\/0dbbfc45970cc46bcd0e57766228574ff3511d6eed045b182f536f0f478c1f06?s=96&d=mm&r=g","url":"https:\/\/secure.gravatar.com\/avatar\/0dbbfc45970cc46bcd0e57766228574ff3511d6eed045b182f536f0f478c1f06?s=96&d=mm&r=g","contentUrl":"https:\/\/secure.gravatar.com\/avatar\/0dbbfc45970cc46bcd0e57766228574ff3511d6eed045b182f536f0f478c1f06?s=96&d=mm&r=g","caption":"Cristian Falabella NOTICIASMERCEDINAS.COM"},"description":"Periodista, editor de Noticias Mercedinas. Pas\u00f3 por varias redacciones y emprendimientos de prensa, en distintos formatos y \u00e9pocas. Se especializ\u00f3 --y sigue haci\u00e9ndolo-- en comunicaci\u00f3n en la web y en junio de 2006 fund\u00f3 este diario digital.","sameAs":["https:\/\/noticiasmercedinas.com","https:\/\/www.facebook.com\/cristian.falabella","https:\/\/www.instagram.com\/noticiasmercedinas\/","https:\/\/x.com\/https:\/\/twitter.com\/NOTMERCEDINAS"],"url":"https:\/\/noticiasmercedinas.com\/site\/author\/as000384\/"}]}},"amp_enabled":true,"_links":{"self":[{"href":"https:\/\/noticiasmercedinas.com\/site\/wp-json\/wp\/v2\/posts\/25418","targetHints":{"allow":["GET"]}}],"collection":[{"href":"https:\/\/noticiasmercedinas.com\/site\/wp-json\/wp\/v2\/posts"}],"about":[{"href":"https:\/\/noticiasmercedinas.com\/site\/wp-json\/wp\/v2\/types\/post"}],"author":[{"embeddable":true,"href":"https:\/\/noticiasmercedinas.com\/site\/wp-json\/wp\/v2\/users\/2"}],"replies":[{"embeddable":true,"href":"https:\/\/noticiasmercedinas.com\/site\/wp-json\/wp\/v2\/comments?post=25418"}],"version-history":[{"count":1,"href":"https:\/\/noticiasmercedinas.com\/site\/wp-json\/wp\/v2\/posts\/25418\/revisions"}],"predecessor-version":[{"id":25421,"href":"https:\/\/noticiasmercedinas.com\/site\/wp-json\/wp\/v2\/posts\/25418\/revisions\/25421"}],"wp:featuredmedia":[{"embeddable":true,"href":"https:\/\/noticiasmercedinas.com\/site\/wp-json\/wp\/v2\/media\/25420"}],"wp:attachment":[{"href":"https:\/\/noticiasmercedinas.com\/site\/wp-json\/wp\/v2\/media?parent=25418"}],"wp:term":[{"taxonomy":"category","embeddable":true,"href":"https:\/\/noticiasmercedinas.com\/site\/wp-json\/wp\/v2\/categories?post=25418"},{"taxonomy":"post_tag","embeddable":true,"href":"https:\/\/noticiasmercedinas.com\/site\/wp-json\/wp\/v2\/tags?post=25418"}],"curies":[{"name":"wp","href":"https:\/\/api.w.org\/{rel}","templated":true}]}}