{"id":25529,"date":"2019-08-12T17:50:54","date_gmt":"2019-08-12T20:50:54","guid":{"rendered":"https:\/\/noticiasmercedinas.com\/site\/?p=25529"},"modified":"2019-08-12T17:51:46","modified_gmt":"2019-08-12T20:51:46","slug":"propuesta-educativa-waldorf-sol-de-invierno-agradece-e-invita-a-sumarse","status":"publish","type":"post","link":"https:\/\/noticiasmercedinas.com\/site\/2019\/08\/12\/propuesta-educativa-waldorf-sol-de-invierno-agradece-e-invita-a-sumarse\/","title":{"rendered":"Propuesta educativa Waldorf \u201cSol de Invierno\u201d agradece e invita a sumarse"},"content":{"rendered":"<p><img loading=\"lazy\" decoding=\"async\" class=\"alignnone wp-image-25530\" src=\"https:\/\/noticiasmercedinas.com\/site\/wp-content\/uploads\/2019\/08\/87b45235-84b6-4a4c-931d-fc1c51d1a41f.jpg\" alt=\"\" width=\"640\" height=\"184\" srcset=\"https:\/\/noticiasmercedinas.com\/site\/wp-content\/uploads\/2019\/08\/87b45235-84b6-4a4c-931d-fc1c51d1a41f.jpg 480w, https:\/\/noticiasmercedinas.com\/site\/wp-content\/uploads\/2019\/08\/87b45235-84b6-4a4c-931d-fc1c51d1a41f-300x86.jpg 300w, https:\/\/noticiasmercedinas.com\/site\/wp-content\/uploads\/2019\/08\/87b45235-84b6-4a4c-931d-fc1c51d1a41f-476x138.jpg 476w\" sizes=\"auto, (max-width: 640px) 100vw, 640px\" \/><\/p>\n<p>Con motivo de cumplirse cien a\u00f1os del origen de la Pedagog\u00eda Waldorf y diez a\u00f1os de la gestaci\u00f3n del impulso \u201cSol de Invierno\u201d con orientaci\u00f3n Waldorf en la ciudad de Mercedes, provincia de Buenos Aires, desde esa entidad agradecieron a la comunidad e invitaron a sumarse a la propuesta.<\/p>\n<p>\u201cQueremos agradecer a toda nuestra comunidad por acompa\u00f1arnos y apoyarnos en nuestros emprendimientos a lo largo de estos a\u00f1os\u201d, dijeron.<\/p>\n<p>\u201cSeguimos invitando a aquellas personas que quieran conocer y ser parte de nuestro querido proyecto, que es tanto una propuesta educativa como un camino de vida, a trav\u00e9s de nuestras p\u00e1ginas <strong><span style=\"color: #000080;\"><a style=\"color: #000080;\" href=\"http:\/\/www.soldeinvierno.org\">www.soldeinvierno.org<\/a> <\/span><\/strong>y Facebook <strong><span style=\"color: #000080;\"><a style=\"color: #000080;\" href=\"https:\/\/www.facebook.com\/waldorf.mercedes\/\">Sol de Invierno Pedagog\u00eda Waldorf Mercedes<\/a><\/span><\/strong>\u201d, agregaron.<\/p>\n<p><img loading=\"lazy\" decoding=\"async\" class=\"alignnone wp-image-25524\" src=\"https:\/\/noticiasmercedinas.com\/site\/wp-content\/uploads\/2019\/08\/166dd396-c18d-42a1-83f9-bd03fc1149b9.jpg\" alt=\"\" width=\"640\" height=\"184\" srcset=\"https:\/\/noticiasmercedinas.com\/site\/wp-content\/uploads\/2019\/08\/166dd396-c18d-42a1-83f9-bd03fc1149b9.jpg 480w, https:\/\/noticiasmercedinas.com\/site\/wp-content\/uploads\/2019\/08\/166dd396-c18d-42a1-83f9-bd03fc1149b9-300x86.jpg 300w, https:\/\/noticiasmercedinas.com\/site\/wp-content\/uploads\/2019\/08\/166dd396-c18d-42a1-83f9-bd03fc1149b9-476x138.jpg 476w\" sizes=\"auto, (max-width: 640px) 100vw, 640px\" \/><\/p>\n<p>Sol de Invierno funciona en calle 14 n\u00famero 167\/173 y su tel\u00e9fono es el 2324-435612. Tiene 10 a\u00f1os en Mercedes y se extiende como sala maternal, jard\u00edn de infantes y Escuela Primaria.<\/p>\n<p>La propuesta fomenta la alimentaci\u00f3n saludable, el cuidado de la tierra, la econom\u00eda fraterna e incluye seminarios y talleres abiertos a la comunidad. En un predio propio proyectan la construcci\u00f3n de su edificio.<\/p>\n<p><img loading=\"lazy\" decoding=\"async\" class=\"alignnone wp-image-25531\" src=\"https:\/\/noticiasmercedinas.com\/site\/wp-content\/uploads\/2019\/08\/3b2d3173-fa8e-4407-a192-b8bd4c6f5a07.jpg\" alt=\"\" width=\"640\" height=\"904\" srcset=\"https:\/\/noticiasmercedinas.com\/site\/wp-content\/uploads\/2019\/08\/3b2d3173-fa8e-4407-a192-b8bd4c6f5a07.jpg 480w, https:\/\/noticiasmercedinas.com\/site\/wp-content\/uploads\/2019\/08\/3b2d3173-fa8e-4407-a192-b8bd4c6f5a07-212x300.jpg 212w\" sizes=\"auto, (max-width: 640px) 100vw, 640px\" \/><\/p>\n","protected":false},"excerpt":{"rendered":"<p>Con motivo de cumplirse cien a\u00f1os del origen de la Pedagog\u00eda Waldorf y diez a\u00f1os de la gestaci\u00f3n del impulso \u201cSol de Invierno\u201d con orientaci\u00f3n Waldorf en la ciudad de Mercedes, provincia de Buenos Aires, desde esa entidad agradecieron a la comunidad e invitaron a sumarse a la propuesta. \u201cQueremos agradecer a toda nuestra comunidad [&hellip;]<\/p>\n","protected":false},"author":2,"featured_media":25530,"comment_status":"open","ping_status":"open","sticky":false,"template":"","format":"standard","meta":{"footnotes":""},"categories":[3],"tags":[6035,6034,5510,6033,927],"class_list":["post-25529","post","type-post","status-publish","format-standard","has-post-thumbnail","hentry","category-sociedad","tag-escuela-primaria","tag-jardin-de-infantes","tag-maternal","tag-pedagogia-waldorf","tag-sol-de-invierno"],"yoast_head":"<!-- This site is optimized with the Yoast SEO plugin v27.5 - https:\/\/yoast.com\/product\/yoast-seo-wordpress\/ -->\n<title>Propuesta educativa Waldorf \u201cSol de Invierno\u201d agradece e invita a sumarse<\/title>\n<meta name=\"robots\" content=\"index, follow, max-snippet:-1, max-image-preview:large, max-video-preview:-1\" \/>\n<link rel=\"canonical\" href=\"https:\/\/noticiasmercedinas.com\/site\/2019\/08\/12\/propuesta-educativa-waldorf-sol-de-invierno-agradece-e-invita-a-sumarse\/\" \/>\n<meta property=\"og:locale\" content=\"es_ES\" \/>\n<meta property=\"og:type\" content=\"article\" \/>\n<meta property=\"og:title\" content=\"Propuesta educativa Waldorf \u201cSol de Invierno\u201d agradece e invita a sumarse\" \/>\n<meta property=\"og:description\" content=\"Con motivo de cumplirse cien a\u00f1os del origen de la Pedagog\u00eda Waldorf y diez a\u00f1os de la gestaci\u00f3n del impulso \u201cSol de Invierno\u201d con orientaci\u00f3n Waldorf en la ciudad de Mercedes, provincia de Buenos Aires, desde esa entidad agradecieron a la comunidad e invitaron a sumarse a la propuesta. \u201cQueremos agradecer a toda nuestra comunidad [&hellip;]\" \/>\n<meta property=\"og:url\" content=\"https:\/\/noticiasmercedinas.com\/site\/2019\/08\/12\/propuesta-educativa-waldorf-sol-de-invierno-agradece-e-invita-a-sumarse\/\" \/>\n<meta property=\"og:site_name\" content=\"NOTICIASMERCEDINAS.COM\" \/>\n<meta property=\"article:publisher\" content=\"https:\/\/www.facebook.com\/noticiasmercedinas\/\" \/>\n<meta property=\"article:author\" content=\"https:\/\/www.facebook.com\/cristian.falabella\" \/>\n<meta property=\"article:published_time\" content=\"2019-08-12T20:50:54+00:00\" \/>\n<meta property=\"article:modified_time\" content=\"2019-08-12T20:51:46+00:00\" \/>\n<meta property=\"og:image\" content=\"https:\/\/noticiasmercedinas.com\/site\/wp-content\/uploads\/2019\/08\/87b45235-84b6-4a4c-931d-fc1c51d1a41f.jpg\" \/>\n\t<meta property=\"og:image:width\" content=\"480\" \/>\n\t<meta property=\"og:image:height\" content=\"138\" \/>\n\t<meta property=\"og:image:type\" content=\"image\/jpeg\" \/>\n<meta name=\"author\" content=\"Cristian Falabella NOTICIASMERCEDINAS.COM\" \/>\n<meta name=\"twitter:card\" content=\"summary_large_image\" \/>\n<meta name=\"twitter:creator\" content=\"@https:\/\/twitter.com\/NOTMERCEDINAS\" \/>\n<meta name=\"twitter:site\" content=\"@notmercedinas\" \/>\n<meta name=\"twitter:label1\" content=\"Escrito por\" \/>\n\t<meta name=\"twitter:data1\" content=\"Cristian Falabella NOTICIASMERCEDINAS.COM\" \/>\n\t<meta name=\"twitter:label2\" content=\"Tiempo de lectura\" \/>\n\t<meta name=\"twitter:data2\" content=\"1 minuto\" \/>\n<script type=\"application\/ld+json\" class=\"yoast-schema-graph\">{\"@context\":\"https:\\\/\\\/schema.org\",\"@graph\":[{\"@type\":\"Article\",\"@id\":\"https:\\\/\\\/noticiasmercedinas.com\\\/site\\\/2019\\\/08\\\/12\\\/propuesta-educativa-waldorf-sol-de-invierno-agradece-e-invita-a-sumarse\\\/#article\",\"isPartOf\":{\"@id\":\"https:\\\/\\\/noticiasmercedinas.com\\\/site\\\/2019\\\/08\\\/12\\\/propuesta-educativa-waldorf-sol-de-invierno-agradece-e-invita-a-sumarse\\\/\"},\"author\":{\"name\":\"Cristian Falabella NOTICIASMERCEDINAS.COM\",\"@id\":\"https:\\\/\\\/noticiasmercedinas.com\\\/site\\\/#\\\/schema\\\/person\\\/d481a9696a5feaec13a60e2bbd991a6a\"},\"headline\":\"Propuesta educativa Waldorf \u201cSol de Invierno\u201d agradece e invita a sumarse\",\"datePublished\":\"2019-08-12T20:50:54+00:00\",\"dateModified\":\"2019-08-12T20:51:46+00:00\",\"mainEntityOfPage\":{\"@id\":\"https:\\\/\\\/noticiasmercedinas.com\\\/site\\\/2019\\\/08\\\/12\\\/propuesta-educativa-waldorf-sol-de-invierno-agradece-e-invita-a-sumarse\\\/\"},\"wordCount\":202,\"commentCount\":0,\"publisher\":{\"@id\":\"https:\\\/\\\/noticiasmercedinas.com\\\/site\\\/#organization\"},\"image\":{\"@id\":\"https:\\\/\\\/noticiasmercedinas.com\\\/site\\\/2019\\\/08\\\/12\\\/propuesta-educativa-waldorf-sol-de-invierno-agradece-e-invita-a-sumarse\\\/#primaryimage\"},\"thumbnailUrl\":\"https:\\\/\\\/noticiasmercedinas.com\\\/site\\\/wp-content\\\/uploads\\\/2019\\\/08\\\/87b45235-84b6-4a4c-931d-fc1c51d1a41f.jpg\",\"keywords\":[\"Escuela Primaria.\",\"jard\u00edn de infantes\",\"maternal\",\"pedagogia waldorf\",\"sol de invierno\"],\"articleSection\":[\"Sociedad\"],\"inLanguage\":\"es\",\"potentialAction\":[{\"@type\":\"CommentAction\",\"name\":\"Comment\",\"target\":[\"https:\\\/\\\/noticiasmercedinas.com\\\/site\\\/2019\\\/08\\\/12\\\/propuesta-educativa-waldorf-sol-de-invierno-agradece-e-invita-a-sumarse\\\/#respond\"]}]},{\"@type\":\"WebPage\",\"@id\":\"https:\\\/\\\/noticiasmercedinas.com\\\/site\\\/2019\\\/08\\\/12\\\/propuesta-educativa-waldorf-sol-de-invierno-agradece-e-invita-a-sumarse\\\/\",\"url\":\"https:\\\/\\\/noticiasmercedinas.com\\\/site\\\/2019\\\/08\\\/12\\\/propuesta-educativa-waldorf-sol-de-invierno-agradece-e-invita-a-sumarse\\\/\",\"name\":\"Propuesta educativa Waldorf \u201cSol de Invierno\u201d agradece e invita a sumarse\",\"isPartOf\":{\"@id\":\"https:\\\/\\\/noticiasmercedinas.com\\\/site\\\/#website\"},\"primaryImageOfPage\":{\"@id\":\"https:\\\/\\\/noticiasmercedinas.com\\\/site\\\/2019\\\/08\\\/12\\\/propuesta-educativa-waldorf-sol-de-invierno-agradece-e-invita-a-sumarse\\\/#primaryimage\"},\"image\":{\"@id\":\"https:\\\/\\\/noticiasmercedinas.com\\\/site\\\/2019\\\/08\\\/12\\\/propuesta-educativa-waldorf-sol-de-invierno-agradece-e-invita-a-sumarse\\\/#primaryimage\"},\"thumbnailUrl\":\"https:\\\/\\\/noticiasmercedinas.com\\\/site\\\/wp-content\\\/uploads\\\/2019\\\/08\\\/87b45235-84b6-4a4c-931d-fc1c51d1a41f.jpg\",\"datePublished\":\"2019-08-12T20:50:54+00:00\",\"dateModified\":\"2019-08-12T20:51:46+00:00\",\"breadcrumb\":{\"@id\":\"https:\\\/\\\/noticiasmercedinas.com\\\/site\\\/2019\\\/08\\\/12\\\/propuesta-educativa-waldorf-sol-de-invierno-agradece-e-invita-a-sumarse\\\/#breadcrumb\"},\"inLanguage\":\"es\",\"potentialAction\":[{\"@type\":\"ReadAction\",\"target\":[\"https:\\\/\\\/noticiasmercedinas.com\\\/site\\\/2019\\\/08\\\/12\\\/propuesta-educativa-waldorf-sol-de-invierno-agradece-e-invita-a-sumarse\\\/\"]}]},{\"@type\":\"ImageObject\",\"inLanguage\":\"es\",\"@id\":\"https:\\\/\\\/noticiasmercedinas.com\\\/site\\\/2019\\\/08\\\/12\\\/propuesta-educativa-waldorf-sol-de-invierno-agradece-e-invita-a-sumarse\\\/#primaryimage\",\"url\":\"https:\\\/\\\/noticiasmercedinas.com\\\/site\\\/wp-content\\\/uploads\\\/2019\\\/08\\\/87b45235-84b6-4a4c-931d-fc1c51d1a41f.jpg\",\"contentUrl\":\"https:\\\/\\\/noticiasmercedinas.com\\\/site\\\/wp-content\\\/uploads\\\/2019\\\/08\\\/87b45235-84b6-4a4c-931d-fc1c51d1a41f.jpg\",\"width\":480,\"height\":138},{\"@type\":\"BreadcrumbList\",\"@id\":\"https:\\\/\\\/noticiasmercedinas.com\\\/site\\\/2019\\\/08\\\/12\\\/propuesta-educativa-waldorf-sol-de-invierno-agradece-e-invita-a-sumarse\\\/#breadcrumb\",\"itemListElement\":[{\"@type\":\"ListItem\",\"position\":1,\"name\":\"Portada\",\"item\":\"https:\\\/\\\/noticiasmercedinas.com\\\/site\\\/\"},{\"@type\":\"ListItem\",\"position\":2,\"name\":\"Propuesta educativa Waldorf \u201cSol de Invierno\u201d agradece e invita a sumarse\"}]},{\"@type\":\"WebSite\",\"@id\":\"https:\\\/\\\/noticiasmercedinas.com\\\/site\\\/#website\",\"url\":\"https:\\\/\\\/noticiasmercedinas.com\\\/site\\\/\",\"name\":\"NOTICIASMERCEDINAS.COM\",\"description\":\"Mercedes, Buenos Aires, Argentina\",\"publisher\":{\"@id\":\"https:\\\/\\\/noticiasmercedinas.com\\\/site\\\/#organization\"},\"potentialAction\":[{\"@type\":\"SearchAction\",\"target\":{\"@type\":\"EntryPoint\",\"urlTemplate\":\"https:\\\/\\\/noticiasmercedinas.com\\\/site\\\/?s={search_term_string}\"},\"query-input\":{\"@type\":\"PropertyValueSpecification\",\"valueRequired\":true,\"valueName\":\"search_term_string\"}}],\"inLanguage\":\"es\"},{\"@type\":\"Organization\",\"@id\":\"https:\\\/\\\/noticiasmercedinas.com\\\/site\\\/#organization\",\"name\":\"NOTICIASMERCEDINAS.COM\",\"url\":\"https:\\\/\\\/noticiasmercedinas.com\\\/site\\\/\",\"logo\":{\"@type\":\"ImageObject\",\"inLanguage\":\"es\",\"@id\":\"https:\\\/\\\/noticiasmercedinas.com\\\/site\\\/#\\\/schema\\\/logo\\\/image\\\/\",\"url\":\"https:\\\/\\\/noticiasmercedinas.com\\\/site\\\/wp-content\\\/uploads\\\/2020\\\/06\\\/LOGO-512.jpg\",\"contentUrl\":\"https:\\\/\\\/noticiasmercedinas.com\\\/site\\\/wp-content\\\/uploads\\\/2020\\\/06\\\/LOGO-512.jpg\",\"width\":512,\"height\":512,\"caption\":\"NOTICIASMERCEDINAS.COM\"},\"image\":{\"@id\":\"https:\\\/\\\/noticiasmercedinas.com\\\/site\\\/#\\\/schema\\\/logo\\\/image\\\/\"},\"sameAs\":[\"https:\\\/\\\/www.facebook.com\\\/noticiasmercedinas\\\/\",\"https:\\\/\\\/x.com\\\/notmercedinas\",\"https:\\\/\\\/www.instagram.com\\\/noticiasmercedinas\\\/\"]},{\"@type\":\"Person\",\"@id\":\"https:\\\/\\\/noticiasmercedinas.com\\\/site\\\/#\\\/schema\\\/person\\\/d481a9696a5feaec13a60e2bbd991a6a\",\"name\":\"Cristian Falabella NOTICIASMERCEDINAS.COM\",\"image\":{\"@type\":\"ImageObject\",\"inLanguage\":\"es\",\"@id\":\"https:\\\/\\\/secure.gravatar.com\\\/avatar\\\/0dbbfc45970cc46bcd0e57766228574ff3511d6eed045b182f536f0f478c1f06?s=96&d=mm&r=g\",\"url\":\"https:\\\/\\\/secure.gravatar.com\\\/avatar\\\/0dbbfc45970cc46bcd0e57766228574ff3511d6eed045b182f536f0f478c1f06?s=96&d=mm&r=g\",\"contentUrl\":\"https:\\\/\\\/secure.gravatar.com\\\/avatar\\\/0dbbfc45970cc46bcd0e57766228574ff3511d6eed045b182f536f0f478c1f06?s=96&d=mm&r=g\",\"caption\":\"Cristian Falabella NOTICIASMERCEDINAS.COM\"},\"description\":\"Periodista, editor de Noticias Mercedinas. Pas\u00f3 por varias redacciones y emprendimientos de prensa, en distintos formatos y \u00e9pocas. Se especializ\u00f3 --y sigue haci\u00e9ndolo-- en comunicaci\u00f3n en la web y en junio de 2006 fund\u00f3 este diario digital.\",\"sameAs\":[\"https:\\\/\\\/noticiasmercedinas.com\",\"https:\\\/\\\/www.facebook.com\\\/cristian.falabella\",\"https:\\\/\\\/www.instagram.com\\\/noticiasmercedinas\\\/\",\"https:\\\/\\\/x.com\\\/https:\\\/\\\/twitter.com\\\/NOTMERCEDINAS\"],\"url\":\"https:\\\/\\\/noticiasmercedinas.com\\\/site\\\/author\\\/as000384\\\/\"}]}<\/script>\n<!-- \/ Yoast SEO plugin. -->","yoast_head_json":{"title":"Propuesta educativa Waldorf \u201cSol de Invierno\u201d agradece e invita a sumarse","robots":{"index":"index","follow":"follow","max-snippet":"max-snippet:-1","max-image-preview":"max-image-preview:large","max-video-preview":"max-video-preview:-1"},"canonical":"https:\/\/noticiasmercedinas.com\/site\/2019\/08\/12\/propuesta-educativa-waldorf-sol-de-invierno-agradece-e-invita-a-sumarse\/","og_locale":"es_ES","og_type":"article","og_title":"Propuesta educativa Waldorf \u201cSol de Invierno\u201d agradece e invita a sumarse","og_description":"Con motivo de cumplirse cien a\u00f1os del origen de la Pedagog\u00eda Waldorf y diez a\u00f1os de la gestaci\u00f3n del impulso \u201cSol de Invierno\u201d con orientaci\u00f3n Waldorf en la ciudad de Mercedes, provincia de Buenos Aires, desde esa entidad agradecieron a la comunidad e invitaron a sumarse a la propuesta. \u201cQueremos agradecer a toda nuestra comunidad [&hellip;]","og_url":"https:\/\/noticiasmercedinas.com\/site\/2019\/08\/12\/propuesta-educativa-waldorf-sol-de-invierno-agradece-e-invita-a-sumarse\/","og_site_name":"NOTICIASMERCEDINAS.COM","article_publisher":"https:\/\/www.facebook.com\/noticiasmercedinas\/","article_author":"https:\/\/www.facebook.com\/cristian.falabella","article_published_time":"2019-08-12T20:50:54+00:00","article_modified_time":"2019-08-12T20:51:46+00:00","og_image":[{"width":480,"height":138,"url":"https:\/\/noticiasmercedinas.com\/site\/wp-content\/uploads\/2019\/08\/87b45235-84b6-4a4c-931d-fc1c51d1a41f.jpg","type":"image\/jpeg"}],"author":"Cristian Falabella NOTICIASMERCEDINAS.COM","twitter_card":"summary_large_image","twitter_creator":"@https:\/\/twitter.com\/NOTMERCEDINAS","twitter_site":"@notmercedinas","twitter_misc":{"Escrito por":"Cristian Falabella NOTICIASMERCEDINAS.COM","Tiempo de lectura":"1 minuto"},"schema":{"@context":"https:\/\/schema.org","@graph":[{"@type":"Article","@id":"https:\/\/noticiasmercedinas.com\/site\/2019\/08\/12\/propuesta-educativa-waldorf-sol-de-invierno-agradece-e-invita-a-sumarse\/#article","isPartOf":{"@id":"https:\/\/noticiasmercedinas.com\/site\/2019\/08\/12\/propuesta-educativa-waldorf-sol-de-invierno-agradece-e-invita-a-sumarse\/"},"author":{"name":"Cristian Falabella NOTICIASMERCEDINAS.COM","@id":"https:\/\/noticiasmercedinas.com\/site\/#\/schema\/person\/d481a9696a5feaec13a60e2bbd991a6a"},"headline":"Propuesta educativa Waldorf \u201cSol de Invierno\u201d agradece e invita a sumarse","datePublished":"2019-08-12T20:50:54+00:00","dateModified":"2019-08-12T20:51:46+00:00","mainEntityOfPage":{"@id":"https:\/\/noticiasmercedinas.com\/site\/2019\/08\/12\/propuesta-educativa-waldorf-sol-de-invierno-agradece-e-invita-a-sumarse\/"},"wordCount":202,"commentCount":0,"publisher":{"@id":"https:\/\/noticiasmercedinas.com\/site\/#organization"},"image":{"@id":"https:\/\/noticiasmercedinas.com\/site\/2019\/08\/12\/propuesta-educativa-waldorf-sol-de-invierno-agradece-e-invita-a-sumarse\/#primaryimage"},"thumbnailUrl":"https:\/\/noticiasmercedinas.com\/site\/wp-content\/uploads\/2019\/08\/87b45235-84b6-4a4c-931d-fc1c51d1a41f.jpg","keywords":["Escuela Primaria.","jard\u00edn de infantes","maternal","pedagogia waldorf","sol de invierno"],"articleSection":["Sociedad"],"inLanguage":"es","potentialAction":[{"@type":"CommentAction","name":"Comment","target":["https:\/\/noticiasmercedinas.com\/site\/2019\/08\/12\/propuesta-educativa-waldorf-sol-de-invierno-agradece-e-invita-a-sumarse\/#respond"]}]},{"@type":"WebPage","@id":"https:\/\/noticiasmercedinas.com\/site\/2019\/08\/12\/propuesta-educativa-waldorf-sol-de-invierno-agradece-e-invita-a-sumarse\/","url":"https:\/\/noticiasmercedinas.com\/site\/2019\/08\/12\/propuesta-educativa-waldorf-sol-de-invierno-agradece-e-invita-a-sumarse\/","name":"Propuesta educativa Waldorf \u201cSol de Invierno\u201d agradece e invita a sumarse","isPartOf":{"@id":"https:\/\/noticiasmercedinas.com\/site\/#website"},"primaryImageOfPage":{"@id":"https:\/\/noticiasmercedinas.com\/site\/2019\/08\/12\/propuesta-educativa-waldorf-sol-de-invierno-agradece-e-invita-a-sumarse\/#primaryimage"},"image":{"@id":"https:\/\/noticiasmercedinas.com\/site\/2019\/08\/12\/propuesta-educativa-waldorf-sol-de-invierno-agradece-e-invita-a-sumarse\/#primaryimage"},"thumbnailUrl":"https:\/\/noticiasmercedinas.com\/site\/wp-content\/uploads\/2019\/08\/87b45235-84b6-4a4c-931d-fc1c51d1a41f.jpg","datePublished":"2019-08-12T20:50:54+00:00","dateModified":"2019-08-12T20:51:46+00:00","breadcrumb":{"@id":"https:\/\/noticiasmercedinas.com\/site\/2019\/08\/12\/propuesta-educativa-waldorf-sol-de-invierno-agradece-e-invita-a-sumarse\/#breadcrumb"},"inLanguage":"es","potentialAction":[{"@type":"ReadAction","target":["https:\/\/noticiasmercedinas.com\/site\/2019\/08\/12\/propuesta-educativa-waldorf-sol-de-invierno-agradece-e-invita-a-sumarse\/"]}]},{"@type":"ImageObject","inLanguage":"es","@id":"https:\/\/noticiasmercedinas.com\/site\/2019\/08\/12\/propuesta-educativa-waldorf-sol-de-invierno-agradece-e-invita-a-sumarse\/#primaryimage","url":"https:\/\/noticiasmercedinas.com\/site\/wp-content\/uploads\/2019\/08\/87b45235-84b6-4a4c-931d-fc1c51d1a41f.jpg","contentUrl":"https:\/\/noticiasmercedinas.com\/site\/wp-content\/uploads\/2019\/08\/87b45235-84b6-4a4c-931d-fc1c51d1a41f.jpg","width":480,"height":138},{"@type":"BreadcrumbList","@id":"https:\/\/noticiasmercedinas.com\/site\/2019\/08\/12\/propuesta-educativa-waldorf-sol-de-invierno-agradece-e-invita-a-sumarse\/#breadcrumb","itemListElement":[{"@type":"ListItem","position":1,"name":"Portada","item":"https:\/\/noticiasmercedinas.com\/site\/"},{"@type":"ListItem","position":2,"name":"Propuesta educativa Waldorf \u201cSol de Invierno\u201d agradece e invita a sumarse"}]},{"@type":"WebSite","@id":"https:\/\/noticiasmercedinas.com\/site\/#website","url":"https:\/\/noticiasmercedinas.com\/site\/","name":"NOTICIASMERCEDINAS.COM","description":"Mercedes, Buenos Aires, Argentina","publisher":{"@id":"https:\/\/noticiasmercedinas.com\/site\/#organization"},"potentialAction":[{"@type":"SearchAction","target":{"@type":"EntryPoint","urlTemplate":"https:\/\/noticiasmercedinas.com\/site\/?s={search_term_string}"},"query-input":{"@type":"PropertyValueSpecification","valueRequired":true,"valueName":"search_term_string"}}],"inLanguage":"es"},{"@type":"Organization","@id":"https:\/\/noticiasmercedinas.com\/site\/#organization","name":"NOTICIASMERCEDINAS.COM","url":"https:\/\/noticiasmercedinas.com\/site\/","logo":{"@type":"ImageObject","inLanguage":"es","@id":"https:\/\/noticiasmercedinas.com\/site\/#\/schema\/logo\/image\/","url":"https:\/\/noticiasmercedinas.com\/site\/wp-content\/uploads\/2020\/06\/LOGO-512.jpg","contentUrl":"https:\/\/noticiasmercedinas.com\/site\/wp-content\/uploads\/2020\/06\/LOGO-512.jpg","width":512,"height":512,"caption":"NOTICIASMERCEDINAS.COM"},"image":{"@id":"https:\/\/noticiasmercedinas.com\/site\/#\/schema\/logo\/image\/"},"sameAs":["https:\/\/www.facebook.com\/noticiasmercedinas\/","https:\/\/x.com\/notmercedinas","https:\/\/www.instagram.com\/noticiasmercedinas\/"]},{"@type":"Person","@id":"https:\/\/noticiasmercedinas.com\/site\/#\/schema\/person\/d481a9696a5feaec13a60e2bbd991a6a","name":"Cristian Falabella NOTICIASMERCEDINAS.COM","image":{"@type":"ImageObject","inLanguage":"es","@id":"https:\/\/secure.gravatar.com\/avatar\/0dbbfc45970cc46bcd0e57766228574ff3511d6eed045b182f536f0f478c1f06?s=96&d=mm&r=g","url":"https:\/\/secure.gravatar.com\/avatar\/0dbbfc45970cc46bcd0e57766228574ff3511d6eed045b182f536f0f478c1f06?s=96&d=mm&r=g","contentUrl":"https:\/\/secure.gravatar.com\/avatar\/0dbbfc45970cc46bcd0e57766228574ff3511d6eed045b182f536f0f478c1f06?s=96&d=mm&r=g","caption":"Cristian Falabella NOTICIASMERCEDINAS.COM"},"description":"Periodista, editor de Noticias Mercedinas. Pas\u00f3 por varias redacciones y emprendimientos de prensa, en distintos formatos y \u00e9pocas. Se especializ\u00f3 --y sigue haci\u00e9ndolo-- en comunicaci\u00f3n en la web y en junio de 2006 fund\u00f3 este diario digital.","sameAs":["https:\/\/noticiasmercedinas.com","https:\/\/www.facebook.com\/cristian.falabella","https:\/\/www.instagram.com\/noticiasmercedinas\/","https:\/\/x.com\/https:\/\/twitter.com\/NOTMERCEDINAS"],"url":"https:\/\/noticiasmercedinas.com\/site\/author\/as000384\/"}]}},"amp_enabled":true,"_links":{"self":[{"href":"https:\/\/noticiasmercedinas.com\/site\/wp-json\/wp\/v2\/posts\/25529","targetHints":{"allow":["GET"]}}],"collection":[{"href":"https:\/\/noticiasmercedinas.com\/site\/wp-json\/wp\/v2\/posts"}],"about":[{"href":"https:\/\/noticiasmercedinas.com\/site\/wp-json\/wp\/v2\/types\/post"}],"author":[{"embeddable":true,"href":"https:\/\/noticiasmercedinas.com\/site\/wp-json\/wp\/v2\/users\/2"}],"replies":[{"embeddable":true,"href":"https:\/\/noticiasmercedinas.com\/site\/wp-json\/wp\/v2\/comments?post=25529"}],"version-history":[{"count":2,"href":"https:\/\/noticiasmercedinas.com\/site\/wp-json\/wp\/v2\/posts\/25529\/revisions"}],"predecessor-version":[{"id":25533,"href":"https:\/\/noticiasmercedinas.com\/site\/wp-json\/wp\/v2\/posts\/25529\/revisions\/25533"}],"wp:featuredmedia":[{"embeddable":true,"href":"https:\/\/noticiasmercedinas.com\/site\/wp-json\/wp\/v2\/media\/25530"}],"wp:attachment":[{"href":"https:\/\/noticiasmercedinas.com\/site\/wp-json\/wp\/v2\/media?parent=25529"}],"wp:term":[{"taxonomy":"category","embeddable":true,"href":"https:\/\/noticiasmercedinas.com\/site\/wp-json\/wp\/v2\/categories?post=25529"},{"taxonomy":"post_tag","embeddable":true,"href":"https:\/\/noticiasmercedinas.com\/site\/wp-json\/wp\/v2\/tags?post=25529"}],"curies":[{"name":"wp","href":"https:\/\/api.w.org\/{rel}","templated":true}]}}