{"id":2566,"date":"2018-09-22T18:39:14","date_gmt":"2018-09-22T21:39:14","guid":{"rendered":"https:\/\/noticiasmercedinas.com\/site\/?p=2566"},"modified":"2018-09-22T18:39:14","modified_gmt":"2018-09-22T21:39:14","slug":"nuestro-salame-es-diferente-dice-juan-carlos-berro","status":"publish","type":"post","link":"https:\/\/noticiasmercedinas.com\/site\/2018\/09\/22\/nuestro-salame-es-diferente-dice-juan-carlos-berro\/","title":{"rendered":"\u201cNuestro salame es diferente\u201d, dice Juan Carlos Berro"},"content":{"rendered":"<p><strong>El productor, que hasta este viernes fue el embajador de la Fiesta, dice que los salames de Tandil y Caroya son buenos, pero el de Mercedes \u201ces diferente\u201d. La gente lo reconoce por la calle tras sus varias participaciones en \u201cCocineros Argentinos\u201d<\/strong><\/p>\n<p><img loading=\"lazy\" decoding=\"async\" class=\"alignnone size-large wp-image-2567\" src=\"https:\/\/noticiasmercedinas.com\/site\/wp-content\/uploads\/2018\/09\/juancarlosberro01-1024x576.jpg\" alt=\"\" width=\"640\" height=\"360\" srcset=\"https:\/\/noticiasmercedinas.com\/site\/wp-content\/uploads\/2018\/09\/juancarlosberro01-1024x576.jpg 1024w, https:\/\/noticiasmercedinas.com\/site\/wp-content\/uploads\/2018\/09\/juancarlosberro01-300x169.jpg 300w, https:\/\/noticiasmercedinas.com\/site\/wp-content\/uploads\/2018\/09\/juancarlosberro01-768x432.jpg 768w, https:\/\/noticiasmercedinas.com\/site\/wp-content\/uploads\/2018\/09\/juancarlosberro01-640x360.jpg 640w, https:\/\/noticiasmercedinas.com\/site\/wp-content\/uploads\/2018\/09\/juancarlosberro01.jpg 1280w, https:\/\/noticiasmercedinas.com\/site\/wp-content\/uploads\/2018\/09\/juancarlosberro01-681x383.jpg 681w\" sizes=\"auto, (max-width: 640px) 100vw, 640px\" \/><\/p>\n<p>Un productor tradicional que siempre se destaca, y hasta el d\u00eda de ayer fue el embajador de la Fiesta Nacional del Salame, Juan Carlos Berro, es parte una vez m\u00e1s del evento en esta edici\u00f3n 2018 en el predio del Mart\u00edn Rodr\u00edguez.<\/p>\n<p>Berro recorri\u00f3 montones de lugares, estuvo en canales de televisi\u00f3n, radios y otras fiestas populares mostrando el producto emblema de la Fiesta: el salame quintero. \u201cEn esta edici\u00f3n nuevamente presente, ya hace unos cuantos a\u00f1os que estoy\u201d, dijo el titular de chacinados \u201cEl Mercedino\u201d.<\/p>\n<p>\u201cRecorr\u00ed muchos lugares el a\u00f1o pasado. Fui embajador hasta ayer por un a\u00f1o. Estuve representando a Mercedes en todas las fiestas\u201d, indic\u00f3 Berro, quien entre otras presentaciones en tev\u00e9 estuvo varias veces en el programa \u201cCocineros Argentinos\u201d, de la TV P\u00fablica, algo por lo que la gente lo reconoce y mucho.<\/p>\n<p>\u201cHay mucha gente que me dice <em>te conozco, te vi en Cocineros Argentinos, hice los productos como explic\u00e1s, me salieron bien<\/em>. Constantemente me pasa eso\u201d, cont\u00f3 y dej\u00f3 en claro que si bien la vedette en su stand es el salame, tambi\u00e9n tiene salamines, chorizos secos, salame picado fino, bondiola, jam\u00f3n, s\u00e1nguches de jam\u00f3n y salame, picadas surtidas, morcilla, queso de cerdo y de vaca, entre otros.<\/p>\n<p>Seg\u00fan Berro, el salame quintero de Mercedes se distingue por su trayectoria y el cuidado que tiene en su confecci\u00f3n: \u201cEl de Tandil es bueno, el de Caroya es bueno, pero el nuestro es diferente\u201d, sostiene.<\/p>\n<p>Aquellos que quieran contactarse pueden hacerlo al 02324 15646204, el email <strong><a href=\"mailto:chachinadoselmercedino_@yahoo.com.ar\">chachinadoselmercedino_@yahoo.com.ar<\/a><\/strong>. O bien pasar por el negocio en Calle 16 esquina 19 de Mercedes, Buenos Aires.<\/p>\n<p>Hace ventas por mayor y menor de sus productos, tiene autorizaci\u00f3n para comercializar en toda la provincia de Buenos Aires y hace env\u00edos. \u201cLa gente lleva para sus compa\u00f1eros de oficina, para sus amigos, como regalo empresarial y otros. Este domingo estaremos desde las 9 de la ma\u00f1ana con el stand <em>a full<\/em> hasta que las velas no ardan\u201d, anticip\u00f3.<\/p>\n<p><img loading=\"lazy\" decoding=\"async\" class=\"alignnone size-large wp-image-2568\" src=\"https:\/\/noticiasmercedinas.com\/site\/wp-content\/uploads\/2018\/09\/juancarlosberro02-1024x576.jpg\" alt=\"\" width=\"640\" height=\"360\" srcset=\"https:\/\/noticiasmercedinas.com\/site\/wp-content\/uploads\/2018\/09\/juancarlosberro02-1024x576.jpg 1024w, https:\/\/noticiasmercedinas.com\/site\/wp-content\/uploads\/2018\/09\/juancarlosberro02-300x169.jpg 300w, https:\/\/noticiasmercedinas.com\/site\/wp-content\/uploads\/2018\/09\/juancarlosberro02-768x432.jpg 768w, https:\/\/noticiasmercedinas.com\/site\/wp-content\/uploads\/2018\/09\/juancarlosberro02-640x360.jpg 640w, https:\/\/noticiasmercedinas.com\/site\/wp-content\/uploads\/2018\/09\/juancarlosberro02.jpg 1280w, https:\/\/noticiasmercedinas.com\/site\/wp-content\/uploads\/2018\/09\/juancarlosberro02-681x383.jpg 681w\" sizes=\"auto, (max-width: 640px) 100vw, 640px\" \/><\/p>\n","protected":false},"excerpt":{"rendered":"<p>El productor, que hasta este viernes fue el embajador de la Fiesta, dice que los salames de Tandil y Caroya son buenos, pero el de Mercedes \u201ces diferente\u201d. La gente lo reconoce por la calle tras sus varias participaciones en \u201cCocineros Argentinos\u201d Un productor tradicional que siempre se destaca, y hasta el d\u00eda de ayer [&hellip;]<\/p>\n","protected":false},"author":2,"featured_media":2567,"comment_status":"open","ping_status":"open","sticky":false,"template":"","format":"standard","meta":{"footnotes":""},"categories":[2],"tags":[978,31,862],"class_list":["post-2566","post","type-post","status-publish","format-standard","has-post-thumbnail","hentry","category-featured","tag-chacinados-el-mercedino","tag-fiesta-del-salame","tag-juan-carlos-berro"],"yoast_head":"<!-- This site is optimized with the Yoast SEO plugin v27.5 - https:\/\/yoast.com\/product\/yoast-seo-wordpress\/ -->\n<title>\u201cNuestro salame es diferente\u201d, dice Juan Carlos Berro<\/title>\n<meta name=\"robots\" content=\"index, follow, max-snippet:-1, max-image-preview:large, max-video-preview:-1\" \/>\n<link rel=\"canonical\" href=\"https:\/\/noticiasmercedinas.com\/site\/2018\/09\/22\/nuestro-salame-es-diferente-dice-juan-carlos-berro\/\" \/>\n<meta property=\"og:locale\" content=\"es_ES\" \/>\n<meta property=\"og:type\" content=\"article\" \/>\n<meta property=\"og:title\" content=\"\u201cNuestro salame es diferente\u201d, dice Juan Carlos Berro\" \/>\n<meta property=\"og:description\" content=\"El productor, que hasta este viernes fue el embajador de la Fiesta, dice que los salames de Tandil y Caroya son buenos, pero el de Mercedes \u201ces diferente\u201d. La gente lo reconoce por la calle tras sus varias participaciones en \u201cCocineros Argentinos\u201d Un productor tradicional que siempre se destaca, y hasta el d\u00eda de ayer [&hellip;]\" \/>\n<meta property=\"og:url\" content=\"https:\/\/noticiasmercedinas.com\/site\/2018\/09\/22\/nuestro-salame-es-diferente-dice-juan-carlos-berro\/\" \/>\n<meta property=\"og:site_name\" content=\"NOTICIASMERCEDINAS.COM\" \/>\n<meta property=\"article:publisher\" content=\"https:\/\/www.facebook.com\/noticiasmercedinas\/\" \/>\n<meta property=\"article:author\" content=\"https:\/\/www.facebook.com\/cristian.falabella\" \/>\n<meta property=\"article:published_time\" content=\"2018-09-22T21:39:14+00:00\" \/>\n<meta property=\"og:image\" content=\"https:\/\/noticiasmercedinas.com\/site\/wp-content\/uploads\/2018\/09\/juancarlosberro01.jpg\" \/>\n\t<meta property=\"og:image:width\" content=\"1280\" \/>\n\t<meta property=\"og:image:height\" content=\"720\" \/>\n\t<meta property=\"og:image:type\" content=\"image\/jpeg\" \/>\n<meta name=\"author\" content=\"Cristian Falabella NOTICIASMERCEDINAS.COM\" \/>\n<meta name=\"twitter:card\" content=\"summary_large_image\" \/>\n<meta name=\"twitter:creator\" content=\"@https:\/\/twitter.com\/NOTMERCEDINAS\" \/>\n<meta name=\"twitter:site\" content=\"@notmercedinas\" \/>\n<meta name=\"twitter:label1\" content=\"Escrito por\" \/>\n\t<meta name=\"twitter:data1\" content=\"Cristian Falabella NOTICIASMERCEDINAS.COM\" \/>\n\t<meta name=\"twitter:label2\" content=\"Tiempo de lectura\" \/>\n\t<meta name=\"twitter:data2\" content=\"2 minutos\" \/>\n<script type=\"application\/ld+json\" class=\"yoast-schema-graph\">{\"@context\":\"https:\\\/\\\/schema.org\",\"@graph\":[{\"@type\":\"Article\",\"@id\":\"https:\\\/\\\/noticiasmercedinas.com\\\/site\\\/2018\\\/09\\\/22\\\/nuestro-salame-es-diferente-dice-juan-carlos-berro\\\/#article\",\"isPartOf\":{\"@id\":\"https:\\\/\\\/noticiasmercedinas.com\\\/site\\\/2018\\\/09\\\/22\\\/nuestro-salame-es-diferente-dice-juan-carlos-berro\\\/\"},\"author\":{\"name\":\"Cristian Falabella NOTICIASMERCEDINAS.COM\",\"@id\":\"https:\\\/\\\/noticiasmercedinas.com\\\/site\\\/#\\\/schema\\\/person\\\/d481a9696a5feaec13a60e2bbd991a6a\"},\"headline\":\"\u201cNuestro salame es diferente\u201d, dice Juan Carlos Berro\",\"datePublished\":\"2018-09-22T21:39:14+00:00\",\"mainEntityOfPage\":{\"@id\":\"https:\\\/\\\/noticiasmercedinas.com\\\/site\\\/2018\\\/09\\\/22\\\/nuestro-salame-es-diferente-dice-juan-carlos-berro\\\/\"},\"wordCount\":396,\"commentCount\":0,\"publisher\":{\"@id\":\"https:\\\/\\\/noticiasmercedinas.com\\\/site\\\/#organization\"},\"image\":{\"@id\":\"https:\\\/\\\/noticiasmercedinas.com\\\/site\\\/2018\\\/09\\\/22\\\/nuestro-salame-es-diferente-dice-juan-carlos-berro\\\/#primaryimage\"},\"thumbnailUrl\":\"https:\\\/\\\/noticiasmercedinas.com\\\/site\\\/wp-content\\\/uploads\\\/2018\\\/09\\\/juancarlosberro01.jpg\",\"keywords\":[\"chacinados el mercedino\",\"fiesta del salame\",\"Juan Carlos Berro\"],\"articleSection\":[\"Especiales\"],\"inLanguage\":\"es\",\"potentialAction\":[{\"@type\":\"CommentAction\",\"name\":\"Comment\",\"target\":[\"https:\\\/\\\/noticiasmercedinas.com\\\/site\\\/2018\\\/09\\\/22\\\/nuestro-salame-es-diferente-dice-juan-carlos-berro\\\/#respond\"]}]},{\"@type\":\"WebPage\",\"@id\":\"https:\\\/\\\/noticiasmercedinas.com\\\/site\\\/2018\\\/09\\\/22\\\/nuestro-salame-es-diferente-dice-juan-carlos-berro\\\/\",\"url\":\"https:\\\/\\\/noticiasmercedinas.com\\\/site\\\/2018\\\/09\\\/22\\\/nuestro-salame-es-diferente-dice-juan-carlos-berro\\\/\",\"name\":\"\u201cNuestro salame es diferente\u201d, dice Juan Carlos Berro\",\"isPartOf\":{\"@id\":\"https:\\\/\\\/noticiasmercedinas.com\\\/site\\\/#website\"},\"primaryImageOfPage\":{\"@id\":\"https:\\\/\\\/noticiasmercedinas.com\\\/site\\\/2018\\\/09\\\/22\\\/nuestro-salame-es-diferente-dice-juan-carlos-berro\\\/#primaryimage\"},\"image\":{\"@id\":\"https:\\\/\\\/noticiasmercedinas.com\\\/site\\\/2018\\\/09\\\/22\\\/nuestro-salame-es-diferente-dice-juan-carlos-berro\\\/#primaryimage\"},\"thumbnailUrl\":\"https:\\\/\\\/noticiasmercedinas.com\\\/site\\\/wp-content\\\/uploads\\\/2018\\\/09\\\/juancarlosberro01.jpg\",\"datePublished\":\"2018-09-22T21:39:14+00:00\",\"breadcrumb\":{\"@id\":\"https:\\\/\\\/noticiasmercedinas.com\\\/site\\\/2018\\\/09\\\/22\\\/nuestro-salame-es-diferente-dice-juan-carlos-berro\\\/#breadcrumb\"},\"inLanguage\":\"es\",\"potentialAction\":[{\"@type\":\"ReadAction\",\"target\":[\"https:\\\/\\\/noticiasmercedinas.com\\\/site\\\/2018\\\/09\\\/22\\\/nuestro-salame-es-diferente-dice-juan-carlos-berro\\\/\"]}]},{\"@type\":\"ImageObject\",\"inLanguage\":\"es\",\"@id\":\"https:\\\/\\\/noticiasmercedinas.com\\\/site\\\/2018\\\/09\\\/22\\\/nuestro-salame-es-diferente-dice-juan-carlos-berro\\\/#primaryimage\",\"url\":\"https:\\\/\\\/noticiasmercedinas.com\\\/site\\\/wp-content\\\/uploads\\\/2018\\\/09\\\/juancarlosberro01.jpg\",\"contentUrl\":\"https:\\\/\\\/noticiasmercedinas.com\\\/site\\\/wp-content\\\/uploads\\\/2018\\\/09\\\/juancarlosberro01.jpg\",\"width\":1280,\"height\":720},{\"@type\":\"BreadcrumbList\",\"@id\":\"https:\\\/\\\/noticiasmercedinas.com\\\/site\\\/2018\\\/09\\\/22\\\/nuestro-salame-es-diferente-dice-juan-carlos-berro\\\/#breadcrumb\",\"itemListElement\":[{\"@type\":\"ListItem\",\"position\":1,\"name\":\"Portada\",\"item\":\"https:\\\/\\\/noticiasmercedinas.com\\\/site\\\/\"},{\"@type\":\"ListItem\",\"position\":2,\"name\":\"\u201cNuestro salame es diferente\u201d, dice Juan Carlos Berro\"}]},{\"@type\":\"WebSite\",\"@id\":\"https:\\\/\\\/noticiasmercedinas.com\\\/site\\\/#website\",\"url\":\"https:\\\/\\\/noticiasmercedinas.com\\\/site\\\/\",\"name\":\"NOTICIASMERCEDINAS.COM\",\"description\":\"Mercedes, Buenos Aires, Argentina\",\"publisher\":{\"@id\":\"https:\\\/\\\/noticiasmercedinas.com\\\/site\\\/#organization\"},\"potentialAction\":[{\"@type\":\"SearchAction\",\"target\":{\"@type\":\"EntryPoint\",\"urlTemplate\":\"https:\\\/\\\/noticiasmercedinas.com\\\/site\\\/?s={search_term_string}\"},\"query-input\":{\"@type\":\"PropertyValueSpecification\",\"valueRequired\":true,\"valueName\":\"search_term_string\"}}],\"inLanguage\":\"es\"},{\"@type\":\"Organization\",\"@id\":\"https:\\\/\\\/noticiasmercedinas.com\\\/site\\\/#organization\",\"name\":\"NOTICIASMERCEDINAS.COM\",\"url\":\"https:\\\/\\\/noticiasmercedinas.com\\\/site\\\/\",\"logo\":{\"@type\":\"ImageObject\",\"inLanguage\":\"es\",\"@id\":\"https:\\\/\\\/noticiasmercedinas.com\\\/site\\\/#\\\/schema\\\/logo\\\/image\\\/\",\"url\":\"https:\\\/\\\/noticiasmercedinas.com\\\/site\\\/wp-content\\\/uploads\\\/2020\\\/06\\\/LOGO-512.jpg\",\"contentUrl\":\"https:\\\/\\\/noticiasmercedinas.com\\\/site\\\/wp-content\\\/uploads\\\/2020\\\/06\\\/LOGO-512.jpg\",\"width\":512,\"height\":512,\"caption\":\"NOTICIASMERCEDINAS.COM\"},\"image\":{\"@id\":\"https:\\\/\\\/noticiasmercedinas.com\\\/site\\\/#\\\/schema\\\/logo\\\/image\\\/\"},\"sameAs\":[\"https:\\\/\\\/www.facebook.com\\\/noticiasmercedinas\\\/\",\"https:\\\/\\\/x.com\\\/notmercedinas\",\"https:\\\/\\\/www.instagram.com\\\/noticiasmercedinas\\\/\"]},{\"@type\":\"Person\",\"@id\":\"https:\\\/\\\/noticiasmercedinas.com\\\/site\\\/#\\\/schema\\\/person\\\/d481a9696a5feaec13a60e2bbd991a6a\",\"name\":\"Cristian Falabella NOTICIASMERCEDINAS.COM\",\"image\":{\"@type\":\"ImageObject\",\"inLanguage\":\"es\",\"@id\":\"https:\\\/\\\/secure.gravatar.com\\\/avatar\\\/0dbbfc45970cc46bcd0e57766228574ff3511d6eed045b182f536f0f478c1f06?s=96&d=mm&r=g\",\"url\":\"https:\\\/\\\/secure.gravatar.com\\\/avatar\\\/0dbbfc45970cc46bcd0e57766228574ff3511d6eed045b182f536f0f478c1f06?s=96&d=mm&r=g\",\"contentUrl\":\"https:\\\/\\\/secure.gravatar.com\\\/avatar\\\/0dbbfc45970cc46bcd0e57766228574ff3511d6eed045b182f536f0f478c1f06?s=96&d=mm&r=g\",\"caption\":\"Cristian Falabella NOTICIASMERCEDINAS.COM\"},\"description\":\"Periodista, editor de Noticias Mercedinas. Pas\u00f3 por varias redacciones y emprendimientos de prensa, en distintos formatos y \u00e9pocas. Se especializ\u00f3 --y sigue haci\u00e9ndolo-- en comunicaci\u00f3n en la web y en junio de 2006 fund\u00f3 este diario digital.\",\"sameAs\":[\"https:\\\/\\\/noticiasmercedinas.com\",\"https:\\\/\\\/www.facebook.com\\\/cristian.falabella\",\"https:\\\/\\\/www.instagram.com\\\/noticiasmercedinas\\\/\",\"https:\\\/\\\/x.com\\\/https:\\\/\\\/twitter.com\\\/NOTMERCEDINAS\"],\"url\":\"https:\\\/\\\/noticiasmercedinas.com\\\/site\\\/author\\\/as000384\\\/\"}]}<\/script>\n<!-- \/ Yoast SEO plugin. -->","yoast_head_json":{"title":"\u201cNuestro salame es diferente\u201d, dice Juan Carlos Berro","robots":{"index":"index","follow":"follow","max-snippet":"max-snippet:-1","max-image-preview":"max-image-preview:large","max-video-preview":"max-video-preview:-1"},"canonical":"https:\/\/noticiasmercedinas.com\/site\/2018\/09\/22\/nuestro-salame-es-diferente-dice-juan-carlos-berro\/","og_locale":"es_ES","og_type":"article","og_title":"\u201cNuestro salame es diferente\u201d, dice Juan Carlos Berro","og_description":"El productor, que hasta este viernes fue el embajador de la Fiesta, dice que los salames de Tandil y Caroya son buenos, pero el de Mercedes \u201ces diferente\u201d. La gente lo reconoce por la calle tras sus varias participaciones en \u201cCocineros Argentinos\u201d Un productor tradicional que siempre se destaca, y hasta el d\u00eda de ayer [&hellip;]","og_url":"https:\/\/noticiasmercedinas.com\/site\/2018\/09\/22\/nuestro-salame-es-diferente-dice-juan-carlos-berro\/","og_site_name":"NOTICIASMERCEDINAS.COM","article_publisher":"https:\/\/www.facebook.com\/noticiasmercedinas\/","article_author":"https:\/\/www.facebook.com\/cristian.falabella","article_published_time":"2018-09-22T21:39:14+00:00","og_image":[{"width":1280,"height":720,"url":"https:\/\/noticiasmercedinas.com\/site\/wp-content\/uploads\/2018\/09\/juancarlosberro01.jpg","type":"image\/jpeg"}],"author":"Cristian Falabella NOTICIASMERCEDINAS.COM","twitter_card":"summary_large_image","twitter_creator":"@https:\/\/twitter.com\/NOTMERCEDINAS","twitter_site":"@notmercedinas","twitter_misc":{"Escrito por":"Cristian Falabella NOTICIASMERCEDINAS.COM","Tiempo de lectura":"2 minutos"},"schema":{"@context":"https:\/\/schema.org","@graph":[{"@type":"Article","@id":"https:\/\/noticiasmercedinas.com\/site\/2018\/09\/22\/nuestro-salame-es-diferente-dice-juan-carlos-berro\/#article","isPartOf":{"@id":"https:\/\/noticiasmercedinas.com\/site\/2018\/09\/22\/nuestro-salame-es-diferente-dice-juan-carlos-berro\/"},"author":{"name":"Cristian Falabella NOTICIASMERCEDINAS.COM","@id":"https:\/\/noticiasmercedinas.com\/site\/#\/schema\/person\/d481a9696a5feaec13a60e2bbd991a6a"},"headline":"\u201cNuestro salame es diferente\u201d, dice Juan Carlos Berro","datePublished":"2018-09-22T21:39:14+00:00","mainEntityOfPage":{"@id":"https:\/\/noticiasmercedinas.com\/site\/2018\/09\/22\/nuestro-salame-es-diferente-dice-juan-carlos-berro\/"},"wordCount":396,"commentCount":0,"publisher":{"@id":"https:\/\/noticiasmercedinas.com\/site\/#organization"},"image":{"@id":"https:\/\/noticiasmercedinas.com\/site\/2018\/09\/22\/nuestro-salame-es-diferente-dice-juan-carlos-berro\/#primaryimage"},"thumbnailUrl":"https:\/\/noticiasmercedinas.com\/site\/wp-content\/uploads\/2018\/09\/juancarlosberro01.jpg","keywords":["chacinados el mercedino","fiesta del salame","Juan Carlos Berro"],"articleSection":["Especiales"],"inLanguage":"es","potentialAction":[{"@type":"CommentAction","name":"Comment","target":["https:\/\/noticiasmercedinas.com\/site\/2018\/09\/22\/nuestro-salame-es-diferente-dice-juan-carlos-berro\/#respond"]}]},{"@type":"WebPage","@id":"https:\/\/noticiasmercedinas.com\/site\/2018\/09\/22\/nuestro-salame-es-diferente-dice-juan-carlos-berro\/","url":"https:\/\/noticiasmercedinas.com\/site\/2018\/09\/22\/nuestro-salame-es-diferente-dice-juan-carlos-berro\/","name":"\u201cNuestro salame es diferente\u201d, dice Juan Carlos Berro","isPartOf":{"@id":"https:\/\/noticiasmercedinas.com\/site\/#website"},"primaryImageOfPage":{"@id":"https:\/\/noticiasmercedinas.com\/site\/2018\/09\/22\/nuestro-salame-es-diferente-dice-juan-carlos-berro\/#primaryimage"},"image":{"@id":"https:\/\/noticiasmercedinas.com\/site\/2018\/09\/22\/nuestro-salame-es-diferente-dice-juan-carlos-berro\/#primaryimage"},"thumbnailUrl":"https:\/\/noticiasmercedinas.com\/site\/wp-content\/uploads\/2018\/09\/juancarlosberro01.jpg","datePublished":"2018-09-22T21:39:14+00:00","breadcrumb":{"@id":"https:\/\/noticiasmercedinas.com\/site\/2018\/09\/22\/nuestro-salame-es-diferente-dice-juan-carlos-berro\/#breadcrumb"},"inLanguage":"es","potentialAction":[{"@type":"ReadAction","target":["https:\/\/noticiasmercedinas.com\/site\/2018\/09\/22\/nuestro-salame-es-diferente-dice-juan-carlos-berro\/"]}]},{"@type":"ImageObject","inLanguage":"es","@id":"https:\/\/noticiasmercedinas.com\/site\/2018\/09\/22\/nuestro-salame-es-diferente-dice-juan-carlos-berro\/#primaryimage","url":"https:\/\/noticiasmercedinas.com\/site\/wp-content\/uploads\/2018\/09\/juancarlosberro01.jpg","contentUrl":"https:\/\/noticiasmercedinas.com\/site\/wp-content\/uploads\/2018\/09\/juancarlosberro01.jpg","width":1280,"height":720},{"@type":"BreadcrumbList","@id":"https:\/\/noticiasmercedinas.com\/site\/2018\/09\/22\/nuestro-salame-es-diferente-dice-juan-carlos-berro\/#breadcrumb","itemListElement":[{"@type":"ListItem","position":1,"name":"Portada","item":"https:\/\/noticiasmercedinas.com\/site\/"},{"@type":"ListItem","position":2,"name":"\u201cNuestro salame es diferente\u201d, dice Juan Carlos Berro"}]},{"@type":"WebSite","@id":"https:\/\/noticiasmercedinas.com\/site\/#website","url":"https:\/\/noticiasmercedinas.com\/site\/","name":"NOTICIASMERCEDINAS.COM","description":"Mercedes, Buenos Aires, Argentina","publisher":{"@id":"https:\/\/noticiasmercedinas.com\/site\/#organization"},"potentialAction":[{"@type":"SearchAction","target":{"@type":"EntryPoint","urlTemplate":"https:\/\/noticiasmercedinas.com\/site\/?s={search_term_string}"},"query-input":{"@type":"PropertyValueSpecification","valueRequired":true,"valueName":"search_term_string"}}],"inLanguage":"es"},{"@type":"Organization","@id":"https:\/\/noticiasmercedinas.com\/site\/#organization","name":"NOTICIASMERCEDINAS.COM","url":"https:\/\/noticiasmercedinas.com\/site\/","logo":{"@type":"ImageObject","inLanguage":"es","@id":"https:\/\/noticiasmercedinas.com\/site\/#\/schema\/logo\/image\/","url":"https:\/\/noticiasmercedinas.com\/site\/wp-content\/uploads\/2020\/06\/LOGO-512.jpg","contentUrl":"https:\/\/noticiasmercedinas.com\/site\/wp-content\/uploads\/2020\/06\/LOGO-512.jpg","width":512,"height":512,"caption":"NOTICIASMERCEDINAS.COM"},"image":{"@id":"https:\/\/noticiasmercedinas.com\/site\/#\/schema\/logo\/image\/"},"sameAs":["https:\/\/www.facebook.com\/noticiasmercedinas\/","https:\/\/x.com\/notmercedinas","https:\/\/www.instagram.com\/noticiasmercedinas\/"]},{"@type":"Person","@id":"https:\/\/noticiasmercedinas.com\/site\/#\/schema\/person\/d481a9696a5feaec13a60e2bbd991a6a","name":"Cristian Falabella NOTICIASMERCEDINAS.COM","image":{"@type":"ImageObject","inLanguage":"es","@id":"https:\/\/secure.gravatar.com\/avatar\/0dbbfc45970cc46bcd0e57766228574ff3511d6eed045b182f536f0f478c1f06?s=96&d=mm&r=g","url":"https:\/\/secure.gravatar.com\/avatar\/0dbbfc45970cc46bcd0e57766228574ff3511d6eed045b182f536f0f478c1f06?s=96&d=mm&r=g","contentUrl":"https:\/\/secure.gravatar.com\/avatar\/0dbbfc45970cc46bcd0e57766228574ff3511d6eed045b182f536f0f478c1f06?s=96&d=mm&r=g","caption":"Cristian Falabella NOTICIASMERCEDINAS.COM"},"description":"Periodista, editor de Noticias Mercedinas. Pas\u00f3 por varias redacciones y emprendimientos de prensa, en distintos formatos y \u00e9pocas. Se especializ\u00f3 --y sigue haci\u00e9ndolo-- en comunicaci\u00f3n en la web y en junio de 2006 fund\u00f3 este diario digital.","sameAs":["https:\/\/noticiasmercedinas.com","https:\/\/www.facebook.com\/cristian.falabella","https:\/\/www.instagram.com\/noticiasmercedinas\/","https:\/\/x.com\/https:\/\/twitter.com\/NOTMERCEDINAS"],"url":"https:\/\/noticiasmercedinas.com\/site\/author\/as000384\/"}]}},"amp_enabled":true,"_links":{"self":[{"href":"https:\/\/noticiasmercedinas.com\/site\/wp-json\/wp\/v2\/posts\/2566","targetHints":{"allow":["GET"]}}],"collection":[{"href":"https:\/\/noticiasmercedinas.com\/site\/wp-json\/wp\/v2\/posts"}],"about":[{"href":"https:\/\/noticiasmercedinas.com\/site\/wp-json\/wp\/v2\/types\/post"}],"author":[{"embeddable":true,"href":"https:\/\/noticiasmercedinas.com\/site\/wp-json\/wp\/v2\/users\/2"}],"replies":[{"embeddable":true,"href":"https:\/\/noticiasmercedinas.com\/site\/wp-json\/wp\/v2\/comments?post=2566"}],"version-history":[{"count":1,"href":"https:\/\/noticiasmercedinas.com\/site\/wp-json\/wp\/v2\/posts\/2566\/revisions"}],"predecessor-version":[{"id":2569,"href":"https:\/\/noticiasmercedinas.com\/site\/wp-json\/wp\/v2\/posts\/2566\/revisions\/2569"}],"wp:featuredmedia":[{"embeddable":true,"href":"https:\/\/noticiasmercedinas.com\/site\/wp-json\/wp\/v2\/media\/2567"}],"wp:attachment":[{"href":"https:\/\/noticiasmercedinas.com\/site\/wp-json\/wp\/v2\/media?parent=2566"}],"wp:term":[{"taxonomy":"category","embeddable":true,"href":"https:\/\/noticiasmercedinas.com\/site\/wp-json\/wp\/v2\/categories?post=2566"},{"taxonomy":"post_tag","embeddable":true,"href":"https:\/\/noticiasmercedinas.com\/site\/wp-json\/wp\/v2\/tags?post=2566"}],"curies":[{"name":"wp","href":"https:\/\/api.w.org\/{rel}","templated":true}]}}