{"id":2572,"date":"2018-09-22T19:08:25","date_gmt":"2018-09-22T22:08:25","guid":{"rendered":"https:\/\/noticiasmercedinas.com\/site\/?p=2572"},"modified":"2018-09-22T20:16:34","modified_gmt":"2018-09-22T23:16:34","slug":"con-la-actuacion-de-oscar-rosello-se-reinicio-el-escenario-mayor","status":"publish","type":"post","link":"https:\/\/noticiasmercedinas.com\/site\/2018\/09\/22\/con-la-actuacion-de-oscar-rosello-se-reinicio-el-escenario-mayor\/","title":{"rendered":"Con la actuaci\u00f3n de Oscar Rosello se reinici\u00f3 el Escenario Mayor"},"content":{"rendered":"<p><strong>Luego de que la lluvia que amenaz\u00f3 con suspender las actividades, el folclorista mercedino le puso garra y coraz\u00f3n a la chacarera para recomenzar con los n\u00fameros art\u00edsticos que prometen, a las 22, recibir al reconocido violinista y cantante N\u00e9stor Garnica.<\/strong><\/p>\n<p><a href=\"https:\/\/noticiasmercedinas.com\/site\/wp-content\/uploads\/2018\/09\/Oscar_Rosello_180922.jpg\"><img loading=\"lazy\" decoding=\"async\" class=\"aligncenter wp-image-2573 size-full\" src=\"https:\/\/noticiasmercedinas.com\/site\/wp-content\/uploads\/2018\/09\/Oscar_Rosello_180922.jpg\" alt=\"\" width=\"640\" height=\"480\" srcset=\"https:\/\/noticiasmercedinas.com\/site\/wp-content\/uploads\/2018\/09\/Oscar_Rosello_180922.jpg 640w, https:\/\/noticiasmercedinas.com\/site\/wp-content\/uploads\/2018\/09\/Oscar_Rosello_180922-300x225.jpg 300w, https:\/\/noticiasmercedinas.com\/site\/wp-content\/uploads\/2018\/09\/Oscar_Rosello_180922-80x60.jpg 80w, https:\/\/noticiasmercedinas.com\/site\/wp-content\/uploads\/2018\/09\/Oscar_Rosello_180922-160x120.jpg 160w, https:\/\/noticiasmercedinas.com\/site\/wp-content\/uploads\/2018\/09\/Oscar_Rosello_180922-100x75.jpg 100w, https:\/\/noticiasmercedinas.com\/site\/wp-content\/uploads\/2018\/09\/Oscar_Rosello_180922-200x150.jpg 200w, https:\/\/noticiasmercedinas.com\/site\/wp-content\/uploads\/2018\/09\/Oscar_Rosello_180922-180x135.jpg 180w, https:\/\/noticiasmercedinas.com\/site\/wp-content\/uploads\/2018\/09\/Oscar_Rosello_180922-360x270.jpg 360w, https:\/\/noticiasmercedinas.com\/site\/wp-content\/uploads\/2018\/09\/Oscar_Rosello_180922-238x178.jpg 238w, https:\/\/noticiasmercedinas.com\/site\/wp-content\/uploads\/2018\/09\/Oscar_Rosello_180922-476x356.jpg 476w\" sizes=\"auto, (max-width: 640px) 100vw, 640px\" \/><\/a><\/p>\n<p>Cerca de las 18.30 y luego de la autorizaci\u00f3n de Protecci\u00f3n Civil del Municipio, se reanudaron las actividades art\u00edsticas en el Escenario Mayor de la 44\u00b0 Fiesta del Salame Quintero. Hab\u00edan sido suspendidas cerca de las 16.30 cuando comenz\u00f3 una intensa lluvia.<\/p>\n<p>La reapertura estuvo a cargo del reconocido folclorista mercedino Oscar Rosello, quien anim\u00f3 a los asistentes con sus chacareras. \u201cVamos que ac\u00e1 no llueve m\u00e1s\u201d, areng\u00f3 el artista.<\/p>\n<p>El cierre de la segunda noche de la fiesta estar\u00e1 a cargo del  reconocido violinista y cantante N\u00e9stor Garnica. Previo desfilar\u00e1n cantantes y ballets locales.<\/p>\n<p>El cronograma completo para hoy:<\/p>\n<p>18:30 Oscar Rosello<\/p>\n<p>19.15 Revoluci\u00f3n Folklore<\/p>\n<p>20.00 Ballet Municipal Estrella del Sur<\/p>\n<p>20.30 Ivana Cestari<\/p>\n<p>21.15 Los L\u00f3pez Heredia<\/p>\n<p>22:15 N\u00e9stor Garnica<\/p>\n","protected":false},"excerpt":{"rendered":"<p>Luego de que la lluvia que amenaz\u00f3 con suspender las actividades, el folclorista mercedino le puso garra y coraz\u00f3n a la chacarera para recomenzar con los n\u00fameros art\u00edsticos que prometen, a las 22, recibir al reconocido violinista y cantante N\u00e9stor Garnica. Cerca de las 18.30 y luego de la autorizaci\u00f3n de Protecci\u00f3n Civil del Municipio, [&hellip;]<\/p>\n","protected":false},"author":8,"featured_media":2573,"comment_status":"open","ping_status":"open","sticky":false,"template":"","format":"standard","meta":{"footnotes":""},"categories":[2],"tags":[31,584,979,980],"class_list":["post-2572","post","type-post","status-publish","format-standard","has-post-thumbnail","hentry","category-featured","tag-fiesta-del-salame","tag-folclore","tag-oscar","tag-rosselllo"],"yoast_head":"<!-- This site is optimized with the Yoast SEO plugin v27.4 - https:\/\/yoast.com\/product\/yoast-seo-wordpress\/ -->\n<title>Con la actuaci\u00f3n de Oscar Rosello se reinici\u00f3 el Escenario Mayor<\/title>\n<meta name=\"robots\" content=\"index, follow, max-snippet:-1, max-image-preview:large, max-video-preview:-1\" \/>\n<link rel=\"canonical\" href=\"https:\/\/noticiasmercedinas.com\/site\/2018\/09\/22\/con-la-actuacion-de-oscar-rosello-se-reinicio-el-escenario-mayor\/\" \/>\n<meta property=\"og:locale\" content=\"es_ES\" \/>\n<meta property=\"og:type\" content=\"article\" \/>\n<meta property=\"og:title\" content=\"Con la actuaci\u00f3n de Oscar Rosello se reinici\u00f3 el Escenario Mayor\" \/>\n<meta property=\"og:description\" content=\"Luego de que la lluvia que amenaz\u00f3 con suspender las actividades, el folclorista mercedino le puso garra y coraz\u00f3n a la chacarera para recomenzar con los n\u00fameros art\u00edsticos que prometen, a las 22, recibir al reconocido violinista y cantante N\u00e9stor Garnica. Cerca de las 18.30 y luego de la autorizaci\u00f3n de Protecci\u00f3n Civil del Municipio, [&hellip;]\" \/>\n<meta property=\"og:url\" content=\"https:\/\/noticiasmercedinas.com\/site\/2018\/09\/22\/con-la-actuacion-de-oscar-rosello-se-reinicio-el-escenario-mayor\/\" \/>\n<meta property=\"og:site_name\" content=\"NOTICIASMERCEDINAS.COM\" \/>\n<meta property=\"article:publisher\" content=\"https:\/\/www.facebook.com\/noticiasmercedinas\/\" \/>\n<meta property=\"article:published_time\" content=\"2018-09-22T22:08:25+00:00\" \/>\n<meta property=\"article:modified_time\" content=\"2018-09-22T23:16:34+00:00\" \/>\n<meta property=\"og:image\" content=\"https:\/\/noticiasmercedinas.com\/site\/wp-content\/uploads\/2018\/09\/Oscar_Rosello_180922.jpg\" \/>\n\t<meta property=\"og:image:width\" content=\"640\" \/>\n\t<meta property=\"og:image:height\" content=\"480\" \/>\n\t<meta property=\"og:image:type\" content=\"image\/jpeg\" \/>\n<meta name=\"author\" content=\"Betina Abalos NOTICIASMERCEDINAS.COM\" \/>\n<meta name=\"twitter:card\" content=\"summary_large_image\" \/>\n<meta name=\"twitter:creator\" content=\"@notmercedinas\" \/>\n<meta name=\"twitter:site\" content=\"@notmercedinas\" \/>\n<meta name=\"twitter:label1\" content=\"Escrito por\" \/>\n\t<meta name=\"twitter:data1\" content=\"Betina Abalos NOTICIASMERCEDINAS.COM\" \/>\n\t<meta name=\"twitter:label2\" content=\"Tiempo de lectura\" \/>\n\t<meta name=\"twitter:data2\" content=\"1 minuto\" \/>\n<script type=\"application\/ld+json\" class=\"yoast-schema-graph\">{\"@context\":\"https:\\\/\\\/schema.org\",\"@graph\":[{\"@type\":\"Article\",\"@id\":\"https:\\\/\\\/noticiasmercedinas.com\\\/site\\\/2018\\\/09\\\/22\\\/con-la-actuacion-de-oscar-rosello-se-reinicio-el-escenario-mayor\\\/#article\",\"isPartOf\":{\"@id\":\"https:\\\/\\\/noticiasmercedinas.com\\\/site\\\/2018\\\/09\\\/22\\\/con-la-actuacion-de-oscar-rosello-se-reinicio-el-escenario-mayor\\\/\"},\"author\":{\"name\":\"Betina Abalos NOTICIASMERCEDINAS.COM\",\"@id\":\"https:\\\/\\\/noticiasmercedinas.com\\\/site\\\/#\\\/schema\\\/person\\\/b38ec3ed89a3735ef5fecfc1c9adc560\"},\"headline\":\"Con la actuaci\u00f3n de Oscar Rosello se reinici\u00f3 el Escenario Mayor\",\"datePublished\":\"2018-09-22T22:08:25+00:00\",\"dateModified\":\"2018-09-22T23:16:34+00:00\",\"mainEntityOfPage\":{\"@id\":\"https:\\\/\\\/noticiasmercedinas.com\\\/site\\\/2018\\\/09\\\/22\\\/con-la-actuacion-de-oscar-rosello-se-reinicio-el-escenario-mayor\\\/\"},\"wordCount\":179,\"commentCount\":0,\"publisher\":{\"@id\":\"https:\\\/\\\/noticiasmercedinas.com\\\/site\\\/#organization\"},\"image\":{\"@id\":\"https:\\\/\\\/noticiasmercedinas.com\\\/site\\\/2018\\\/09\\\/22\\\/con-la-actuacion-de-oscar-rosello-se-reinicio-el-escenario-mayor\\\/#primaryimage\"},\"thumbnailUrl\":\"https:\\\/\\\/noticiasmercedinas.com\\\/site\\\/wp-content\\\/uploads\\\/2018\\\/09\\\/Oscar_Rosello_180922.jpg\",\"keywords\":[\"fiesta del salame\",\"folclore\",\"Oscar\",\"Rosselllo\"],\"articleSection\":[\"Especiales\"],\"inLanguage\":\"es\",\"potentialAction\":[{\"@type\":\"CommentAction\",\"name\":\"Comment\",\"target\":[\"https:\\\/\\\/noticiasmercedinas.com\\\/site\\\/2018\\\/09\\\/22\\\/con-la-actuacion-de-oscar-rosello-se-reinicio-el-escenario-mayor\\\/#respond\"]}]},{\"@type\":\"WebPage\",\"@id\":\"https:\\\/\\\/noticiasmercedinas.com\\\/site\\\/2018\\\/09\\\/22\\\/con-la-actuacion-de-oscar-rosello-se-reinicio-el-escenario-mayor\\\/\",\"url\":\"https:\\\/\\\/noticiasmercedinas.com\\\/site\\\/2018\\\/09\\\/22\\\/con-la-actuacion-de-oscar-rosello-se-reinicio-el-escenario-mayor\\\/\",\"name\":\"Con la actuaci\u00f3n de Oscar Rosello se reinici\u00f3 el Escenario Mayor\",\"isPartOf\":{\"@id\":\"https:\\\/\\\/noticiasmercedinas.com\\\/site\\\/#website\"},\"primaryImageOfPage\":{\"@id\":\"https:\\\/\\\/noticiasmercedinas.com\\\/site\\\/2018\\\/09\\\/22\\\/con-la-actuacion-de-oscar-rosello-se-reinicio-el-escenario-mayor\\\/#primaryimage\"},\"image\":{\"@id\":\"https:\\\/\\\/noticiasmercedinas.com\\\/site\\\/2018\\\/09\\\/22\\\/con-la-actuacion-de-oscar-rosello-se-reinicio-el-escenario-mayor\\\/#primaryimage\"},\"thumbnailUrl\":\"https:\\\/\\\/noticiasmercedinas.com\\\/site\\\/wp-content\\\/uploads\\\/2018\\\/09\\\/Oscar_Rosello_180922.jpg\",\"datePublished\":\"2018-09-22T22:08:25+00:00\",\"dateModified\":\"2018-09-22T23:16:34+00:00\",\"breadcrumb\":{\"@id\":\"https:\\\/\\\/noticiasmercedinas.com\\\/site\\\/2018\\\/09\\\/22\\\/con-la-actuacion-de-oscar-rosello-se-reinicio-el-escenario-mayor\\\/#breadcrumb\"},\"inLanguage\":\"es\",\"potentialAction\":[{\"@type\":\"ReadAction\",\"target\":[\"https:\\\/\\\/noticiasmercedinas.com\\\/site\\\/2018\\\/09\\\/22\\\/con-la-actuacion-de-oscar-rosello-se-reinicio-el-escenario-mayor\\\/\"]}]},{\"@type\":\"ImageObject\",\"inLanguage\":\"es\",\"@id\":\"https:\\\/\\\/noticiasmercedinas.com\\\/site\\\/2018\\\/09\\\/22\\\/con-la-actuacion-de-oscar-rosello-se-reinicio-el-escenario-mayor\\\/#primaryimage\",\"url\":\"https:\\\/\\\/noticiasmercedinas.com\\\/site\\\/wp-content\\\/uploads\\\/2018\\\/09\\\/Oscar_Rosello_180922.jpg\",\"contentUrl\":\"https:\\\/\\\/noticiasmercedinas.com\\\/site\\\/wp-content\\\/uploads\\\/2018\\\/09\\\/Oscar_Rosello_180922.jpg\",\"width\":640,\"height\":480},{\"@type\":\"BreadcrumbList\",\"@id\":\"https:\\\/\\\/noticiasmercedinas.com\\\/site\\\/2018\\\/09\\\/22\\\/con-la-actuacion-de-oscar-rosello-se-reinicio-el-escenario-mayor\\\/#breadcrumb\",\"itemListElement\":[{\"@type\":\"ListItem\",\"position\":1,\"name\":\"Portada\",\"item\":\"https:\\\/\\\/noticiasmercedinas.com\\\/site\\\/\"},{\"@type\":\"ListItem\",\"position\":2,\"name\":\"Con la actuaci\u00f3n de Oscar Rosello se reinici\u00f3 el Escenario Mayor\"}]},{\"@type\":\"WebSite\",\"@id\":\"https:\\\/\\\/noticiasmercedinas.com\\\/site\\\/#website\",\"url\":\"https:\\\/\\\/noticiasmercedinas.com\\\/site\\\/\",\"name\":\"NOTICIASMERCEDINAS.COM\",\"description\":\"Mercedes, Buenos Aires, Argentina\",\"publisher\":{\"@id\":\"https:\\\/\\\/noticiasmercedinas.com\\\/site\\\/#organization\"},\"potentialAction\":[{\"@type\":\"SearchAction\",\"target\":{\"@type\":\"EntryPoint\",\"urlTemplate\":\"https:\\\/\\\/noticiasmercedinas.com\\\/site\\\/?s={search_term_string}\"},\"query-input\":{\"@type\":\"PropertyValueSpecification\",\"valueRequired\":true,\"valueName\":\"search_term_string\"}}],\"inLanguage\":\"es\"},{\"@type\":\"Organization\",\"@id\":\"https:\\\/\\\/noticiasmercedinas.com\\\/site\\\/#organization\",\"name\":\"NOTICIASMERCEDINAS.COM\",\"url\":\"https:\\\/\\\/noticiasmercedinas.com\\\/site\\\/\",\"logo\":{\"@type\":\"ImageObject\",\"inLanguage\":\"es\",\"@id\":\"https:\\\/\\\/noticiasmercedinas.com\\\/site\\\/#\\\/schema\\\/logo\\\/image\\\/\",\"url\":\"https:\\\/\\\/noticiasmercedinas.com\\\/site\\\/wp-content\\\/uploads\\\/2020\\\/06\\\/LOGO-512.jpg\",\"contentUrl\":\"https:\\\/\\\/noticiasmercedinas.com\\\/site\\\/wp-content\\\/uploads\\\/2020\\\/06\\\/LOGO-512.jpg\",\"width\":512,\"height\":512,\"caption\":\"NOTICIASMERCEDINAS.COM\"},\"image\":{\"@id\":\"https:\\\/\\\/noticiasmercedinas.com\\\/site\\\/#\\\/schema\\\/logo\\\/image\\\/\"},\"sameAs\":[\"https:\\\/\\\/www.facebook.com\\\/noticiasmercedinas\\\/\",\"https:\\\/\\\/x.com\\\/notmercedinas\",\"https:\\\/\\\/www.instagram.com\\\/noticiasmercedinas\\\/\"]},{\"@type\":\"Person\",\"@id\":\"https:\\\/\\\/noticiasmercedinas.com\\\/site\\\/#\\\/schema\\\/person\\\/b38ec3ed89a3735ef5fecfc1c9adc560\",\"name\":\"Betina Abalos NOTICIASMERCEDINAS.COM\",\"image\":{\"@type\":\"ImageObject\",\"inLanguage\":\"es\",\"@id\":\"https:\\\/\\\/secure.gravatar.com\\\/avatar\\\/8c86fde6c3b4a08aabce60929a23fa91235f414626598c992897a3e4b0679f33?s=96&d=mm&r=g\",\"url\":\"https:\\\/\\\/secure.gravatar.com\\\/avatar\\\/8c86fde6c3b4a08aabce60929a23fa91235f414626598c992897a3e4b0679f33?s=96&d=mm&r=g\",\"contentUrl\":\"https:\\\/\\\/secure.gravatar.com\\\/avatar\\\/8c86fde6c3b4a08aabce60929a23fa91235f414626598c992897a3e4b0679f33?s=96&d=mm&r=g\",\"caption\":\"Betina Abalos NOTICIASMERCEDINAS.COM\"},\"url\":\"https:\\\/\\\/noticiasmercedinas.com\\\/site\\\/author\\\/betina\\\/\"}]}<\/script>\n<!-- \/ Yoast SEO plugin. -->","yoast_head_json":{"title":"Con la actuaci\u00f3n de Oscar Rosello se reinici\u00f3 el Escenario Mayor","robots":{"index":"index","follow":"follow","max-snippet":"max-snippet:-1","max-image-preview":"max-image-preview:large","max-video-preview":"max-video-preview:-1"},"canonical":"https:\/\/noticiasmercedinas.com\/site\/2018\/09\/22\/con-la-actuacion-de-oscar-rosello-se-reinicio-el-escenario-mayor\/","og_locale":"es_ES","og_type":"article","og_title":"Con la actuaci\u00f3n de Oscar Rosello se reinici\u00f3 el Escenario Mayor","og_description":"Luego de que la lluvia que amenaz\u00f3 con suspender las actividades, el folclorista mercedino le puso garra y coraz\u00f3n a la chacarera para recomenzar con los n\u00fameros art\u00edsticos que prometen, a las 22, recibir al reconocido violinista y cantante N\u00e9stor Garnica. Cerca de las 18.30 y luego de la autorizaci\u00f3n de Protecci\u00f3n Civil del Municipio, [&hellip;]","og_url":"https:\/\/noticiasmercedinas.com\/site\/2018\/09\/22\/con-la-actuacion-de-oscar-rosello-se-reinicio-el-escenario-mayor\/","og_site_name":"NOTICIASMERCEDINAS.COM","article_publisher":"https:\/\/www.facebook.com\/noticiasmercedinas\/","article_published_time":"2018-09-22T22:08:25+00:00","article_modified_time":"2018-09-22T23:16:34+00:00","og_image":[{"width":640,"height":480,"url":"https:\/\/noticiasmercedinas.com\/site\/wp-content\/uploads\/2018\/09\/Oscar_Rosello_180922.jpg","type":"image\/jpeg"}],"author":"Betina Abalos NOTICIASMERCEDINAS.COM","twitter_card":"summary_large_image","twitter_creator":"@notmercedinas","twitter_site":"@notmercedinas","twitter_misc":{"Escrito por":"Betina Abalos NOTICIASMERCEDINAS.COM","Tiempo de lectura":"1 minuto"},"schema":{"@context":"https:\/\/schema.org","@graph":[{"@type":"Article","@id":"https:\/\/noticiasmercedinas.com\/site\/2018\/09\/22\/con-la-actuacion-de-oscar-rosello-se-reinicio-el-escenario-mayor\/#article","isPartOf":{"@id":"https:\/\/noticiasmercedinas.com\/site\/2018\/09\/22\/con-la-actuacion-de-oscar-rosello-se-reinicio-el-escenario-mayor\/"},"author":{"name":"Betina Abalos NOTICIASMERCEDINAS.COM","@id":"https:\/\/noticiasmercedinas.com\/site\/#\/schema\/person\/b38ec3ed89a3735ef5fecfc1c9adc560"},"headline":"Con la actuaci\u00f3n de Oscar Rosello se reinici\u00f3 el Escenario Mayor","datePublished":"2018-09-22T22:08:25+00:00","dateModified":"2018-09-22T23:16:34+00:00","mainEntityOfPage":{"@id":"https:\/\/noticiasmercedinas.com\/site\/2018\/09\/22\/con-la-actuacion-de-oscar-rosello-se-reinicio-el-escenario-mayor\/"},"wordCount":179,"commentCount":0,"publisher":{"@id":"https:\/\/noticiasmercedinas.com\/site\/#organization"},"image":{"@id":"https:\/\/noticiasmercedinas.com\/site\/2018\/09\/22\/con-la-actuacion-de-oscar-rosello-se-reinicio-el-escenario-mayor\/#primaryimage"},"thumbnailUrl":"https:\/\/noticiasmercedinas.com\/site\/wp-content\/uploads\/2018\/09\/Oscar_Rosello_180922.jpg","keywords":["fiesta del salame","folclore","Oscar","Rosselllo"],"articleSection":["Especiales"],"inLanguage":"es","potentialAction":[{"@type":"CommentAction","name":"Comment","target":["https:\/\/noticiasmercedinas.com\/site\/2018\/09\/22\/con-la-actuacion-de-oscar-rosello-se-reinicio-el-escenario-mayor\/#respond"]}]},{"@type":"WebPage","@id":"https:\/\/noticiasmercedinas.com\/site\/2018\/09\/22\/con-la-actuacion-de-oscar-rosello-se-reinicio-el-escenario-mayor\/","url":"https:\/\/noticiasmercedinas.com\/site\/2018\/09\/22\/con-la-actuacion-de-oscar-rosello-se-reinicio-el-escenario-mayor\/","name":"Con la actuaci\u00f3n de Oscar Rosello se reinici\u00f3 el Escenario Mayor","isPartOf":{"@id":"https:\/\/noticiasmercedinas.com\/site\/#website"},"primaryImageOfPage":{"@id":"https:\/\/noticiasmercedinas.com\/site\/2018\/09\/22\/con-la-actuacion-de-oscar-rosello-se-reinicio-el-escenario-mayor\/#primaryimage"},"image":{"@id":"https:\/\/noticiasmercedinas.com\/site\/2018\/09\/22\/con-la-actuacion-de-oscar-rosello-se-reinicio-el-escenario-mayor\/#primaryimage"},"thumbnailUrl":"https:\/\/noticiasmercedinas.com\/site\/wp-content\/uploads\/2018\/09\/Oscar_Rosello_180922.jpg","datePublished":"2018-09-22T22:08:25+00:00","dateModified":"2018-09-22T23:16:34+00:00","breadcrumb":{"@id":"https:\/\/noticiasmercedinas.com\/site\/2018\/09\/22\/con-la-actuacion-de-oscar-rosello-se-reinicio-el-escenario-mayor\/#breadcrumb"},"inLanguage":"es","potentialAction":[{"@type":"ReadAction","target":["https:\/\/noticiasmercedinas.com\/site\/2018\/09\/22\/con-la-actuacion-de-oscar-rosello-se-reinicio-el-escenario-mayor\/"]}]},{"@type":"ImageObject","inLanguage":"es","@id":"https:\/\/noticiasmercedinas.com\/site\/2018\/09\/22\/con-la-actuacion-de-oscar-rosello-se-reinicio-el-escenario-mayor\/#primaryimage","url":"https:\/\/noticiasmercedinas.com\/site\/wp-content\/uploads\/2018\/09\/Oscar_Rosello_180922.jpg","contentUrl":"https:\/\/noticiasmercedinas.com\/site\/wp-content\/uploads\/2018\/09\/Oscar_Rosello_180922.jpg","width":640,"height":480},{"@type":"BreadcrumbList","@id":"https:\/\/noticiasmercedinas.com\/site\/2018\/09\/22\/con-la-actuacion-de-oscar-rosello-se-reinicio-el-escenario-mayor\/#breadcrumb","itemListElement":[{"@type":"ListItem","position":1,"name":"Portada","item":"https:\/\/noticiasmercedinas.com\/site\/"},{"@type":"ListItem","position":2,"name":"Con la actuaci\u00f3n de Oscar Rosello se reinici\u00f3 el Escenario Mayor"}]},{"@type":"WebSite","@id":"https:\/\/noticiasmercedinas.com\/site\/#website","url":"https:\/\/noticiasmercedinas.com\/site\/","name":"NOTICIASMERCEDINAS.COM","description":"Mercedes, Buenos Aires, Argentina","publisher":{"@id":"https:\/\/noticiasmercedinas.com\/site\/#organization"},"potentialAction":[{"@type":"SearchAction","target":{"@type":"EntryPoint","urlTemplate":"https:\/\/noticiasmercedinas.com\/site\/?s={search_term_string}"},"query-input":{"@type":"PropertyValueSpecification","valueRequired":true,"valueName":"search_term_string"}}],"inLanguage":"es"},{"@type":"Organization","@id":"https:\/\/noticiasmercedinas.com\/site\/#organization","name":"NOTICIASMERCEDINAS.COM","url":"https:\/\/noticiasmercedinas.com\/site\/","logo":{"@type":"ImageObject","inLanguage":"es","@id":"https:\/\/noticiasmercedinas.com\/site\/#\/schema\/logo\/image\/","url":"https:\/\/noticiasmercedinas.com\/site\/wp-content\/uploads\/2020\/06\/LOGO-512.jpg","contentUrl":"https:\/\/noticiasmercedinas.com\/site\/wp-content\/uploads\/2020\/06\/LOGO-512.jpg","width":512,"height":512,"caption":"NOTICIASMERCEDINAS.COM"},"image":{"@id":"https:\/\/noticiasmercedinas.com\/site\/#\/schema\/logo\/image\/"},"sameAs":["https:\/\/www.facebook.com\/noticiasmercedinas\/","https:\/\/x.com\/notmercedinas","https:\/\/www.instagram.com\/noticiasmercedinas\/"]},{"@type":"Person","@id":"https:\/\/noticiasmercedinas.com\/site\/#\/schema\/person\/b38ec3ed89a3735ef5fecfc1c9adc560","name":"Betina Abalos NOTICIASMERCEDINAS.COM","image":{"@type":"ImageObject","inLanguage":"es","@id":"https:\/\/secure.gravatar.com\/avatar\/8c86fde6c3b4a08aabce60929a23fa91235f414626598c992897a3e4b0679f33?s=96&d=mm&r=g","url":"https:\/\/secure.gravatar.com\/avatar\/8c86fde6c3b4a08aabce60929a23fa91235f414626598c992897a3e4b0679f33?s=96&d=mm&r=g","contentUrl":"https:\/\/secure.gravatar.com\/avatar\/8c86fde6c3b4a08aabce60929a23fa91235f414626598c992897a3e4b0679f33?s=96&d=mm&r=g","caption":"Betina Abalos NOTICIASMERCEDINAS.COM"},"url":"https:\/\/noticiasmercedinas.com\/site\/author\/betina\/"}]}},"amp_enabled":true,"_links":{"self":[{"href":"https:\/\/noticiasmercedinas.com\/site\/wp-json\/wp\/v2\/posts\/2572","targetHints":{"allow":["GET"]}}],"collection":[{"href":"https:\/\/noticiasmercedinas.com\/site\/wp-json\/wp\/v2\/posts"}],"about":[{"href":"https:\/\/noticiasmercedinas.com\/site\/wp-json\/wp\/v2\/types\/post"}],"author":[{"embeddable":true,"href":"https:\/\/noticiasmercedinas.com\/site\/wp-json\/wp\/v2\/users\/8"}],"replies":[{"embeddable":true,"href":"https:\/\/noticiasmercedinas.com\/site\/wp-json\/wp\/v2\/comments?post=2572"}],"version-history":[{"count":2,"href":"https:\/\/noticiasmercedinas.com\/site\/wp-json\/wp\/v2\/posts\/2572\/revisions"}],"predecessor-version":[{"id":2575,"href":"https:\/\/noticiasmercedinas.com\/site\/wp-json\/wp\/v2\/posts\/2572\/revisions\/2575"}],"wp:featuredmedia":[{"embeddable":true,"href":"https:\/\/noticiasmercedinas.com\/site\/wp-json\/wp\/v2\/media\/2573"}],"wp:attachment":[{"href":"https:\/\/noticiasmercedinas.com\/site\/wp-json\/wp\/v2\/media?parent=2572"}],"wp:term":[{"taxonomy":"category","embeddable":true,"href":"https:\/\/noticiasmercedinas.com\/site\/wp-json\/wp\/v2\/categories?post=2572"},{"taxonomy":"post_tag","embeddable":true,"href":"https:\/\/noticiasmercedinas.com\/site\/wp-json\/wp\/v2\/tags?post=2572"}],"curies":[{"name":"wp","href":"https:\/\/api.w.org\/{rel}","templated":true}]}}