{"id":25786,"date":"2019-08-17T10:39:09","date_gmt":"2019-08-17T13:39:09","guid":{"rendered":"https:\/\/noticiasmercedinas.com\/site\/?p=25786"},"modified":"2019-08-17T10:39:09","modified_gmt":"2019-08-17T13:39:09","slug":"municipio-entrega-plantas-a-productores-locales-en-el-marco-del-programa-resurgir","status":"publish","type":"post","link":"https:\/\/noticiasmercedinas.com\/site\/2019\/08\/17\/municipio-entrega-plantas-a-productores-locales-en-el-marco-del-programa-resurgir\/","title":{"rendered":"Municipio entrega plantas a productores locales en el marco del programa \u201cResurgir\u201d"},"content":{"rendered":"\r\n                <style type=\"text\/css\">\r\n                    \r\n                    #td_uid_1_69f5c1314f889  .td-doubleSlider-2 .td-item1 {\r\n                        background: url(https:\/\/noticiasmercedinas.com\/site\/wp-content\/uploads\/2019\/08\/DSC_0064-5-160x120.jpg) 0 0 no-repeat;\r\n                    }\r\n                    #td_uid_1_69f5c1314f889  .td-doubleSlider-2 .td-item2 {\r\n                        background: url(https:\/\/noticiasmercedinas.com\/site\/wp-content\/uploads\/2019\/08\/ParqueIndustrial-160x120.jpg) 0 0 no-repeat;\r\n                    }\r\n                    #td_uid_1_69f5c1314f889  .td-doubleSlider-2 .td-item3 {\r\n                        background: url(https:\/\/noticiasmercedinas.com\/site\/wp-content\/uploads\/2019\/08\/DSC_0054-1-160x120.jpg) 0 0 no-repeat;\r\n                    }\r\n                <\/style>\r\n\r\n                <div id=\"td_uid_1_69f5c1314f889\" class=\"td-gallery td-slide-on-2-columns\">\r\n                    <div class=\"post_td_gallery\">\r\n                        <div class=\"td-gallery-slide-top\">\r\n                           <div class=\"td-gallery-title\"><\/div>\r\n\r\n                            <div class=\"td-gallery-controls-wrapper\">\r\n                                <div class=\"td-gallery-slide-count\"><span class=\"td-gallery-slide-item-focus\">1<\/span> de 3<\/div>\r\n                                <div class=\"td-gallery-slide-prev-next-but\">\r\n                                    <i class = \"td-icon-left doubleSliderPrevButton\"><\/i>\r\n                                    <i class = \"td-icon-right doubleSliderNextButton\"><\/i>\r\n                                <\/div>\r\n                            <\/div>\r\n                        <\/div>\r\n\r\n                        <div class = \"td-doubleSlider-1 \">\r\n                            <div class = \"td-slider\">\r\n                                \r\n                    <div class = \"td-slide-item td-item1\">\r\n                        <figure class=\"td-slide-galery-figure td-slide-popup-gallery\">\r\n                            <a class=\"slide-gallery-image-link\" href=\"https:\/\/noticiasmercedinas.com\/site\/wp-content\/uploads\/2019\/08\/DSC_0064-5.jpg\" title=\"DSC_0064 (5)\"  data-caption=\"\"  data-description=\"\">\r\n                                <img decoding=\"async\" src=\"https:\/\/noticiasmercedinas.com\/site\/wp-content\/uploads\/2019\/08\/DSC_0064-5.jpg\" srcset=\"https:\/\/noticiasmercedinas.com\/site\/wp-content\/uploads\/2019\/08\/DSC_0064-5.jpg 954w, https:\/\/noticiasmercedinas.com\/site\/wp-content\/uploads\/2019\/08\/DSC_0064-5-300x198.jpg 300w, https:\/\/noticiasmercedinas.com\/site\/wp-content\/uploads\/2019\/08\/DSC_0064-5-768x508.jpg 768w, https:\/\/noticiasmercedinas.com\/site\/wp-content\/uploads\/2019\/08\/DSC_0064-5-640x423.jpg 640w, https:\/\/noticiasmercedinas.com\/site\/wp-content\/uploads\/2019\/08\/DSC_0064-5-681x450.jpg 681w\" sizes=\"(max-width: 954px) 100vw, 954px\" alt=\"\">\r\n                            <\/a>\r\n                            \r\n                        <\/figure>\r\n                    <\/div>\r\n                    <div class = \"td-slide-item td-item2\">\r\n                        <figure class=\"td-slide-galery-figure td-slide-popup-gallery\">\r\n                            <a class=\"slide-gallery-image-link\" href=\"https:\/\/noticiasmercedinas.com\/site\/wp-content\/uploads\/2019\/08\/ParqueIndustrial.jpg\" title=\"ParqueIndustrial\"  data-caption=\"\"  data-description=\"\">\r\n                                <img decoding=\"async\" src=\"https:\/\/noticiasmercedinas.com\/site\/wp-content\/uploads\/2019\/08\/ParqueIndustrial.jpg\" srcset=\"https:\/\/noticiasmercedinas.com\/site\/wp-content\/uploads\/2019\/08\/ParqueIndustrial.jpg 1006w, https:\/\/noticiasmercedinas.com\/site\/wp-content\/uploads\/2019\/08\/ParqueIndustrial-300x188.jpg 300w, https:\/\/noticiasmercedinas.com\/site\/wp-content\/uploads\/2019\/08\/ParqueIndustrial-768x482.jpg 768w, https:\/\/noticiasmercedinas.com\/site\/wp-content\/uploads\/2019\/08\/ParqueIndustrial-640x402.jpg 640w, https:\/\/noticiasmercedinas.com\/site\/wp-content\/uploads\/2019\/08\/ParqueIndustrial-681x428.jpg 681w\" sizes=\"(max-width: 1006px) 100vw, 1006px\" alt=\"\">\r\n                            <\/a>\r\n                            \r\n                        <\/figure>\r\n                    <\/div>\r\n                    <div class = \"td-slide-item td-item3\">\r\n                        <figure class=\"td-slide-galery-figure td-slide-popup-gallery\">\r\n                            <a class=\"slide-gallery-image-link\" href=\"https:\/\/noticiasmercedinas.com\/site\/wp-content\/uploads\/2019\/08\/DSC_0054-1.jpg\" title=\"DSC_0054 (1)\"  data-caption=\"\"  data-description=\"\">\r\n                                <img decoding=\"async\" src=\"https:\/\/noticiasmercedinas.com\/site\/wp-content\/uploads\/2019\/08\/DSC_0054-1.jpg\" srcset=\"https:\/\/noticiasmercedinas.com\/site\/wp-content\/uploads\/2019\/08\/DSC_0054-1.jpg 948w, https:\/\/noticiasmercedinas.com\/site\/wp-content\/uploads\/2019\/08\/DSC_0054-1-300x200.jpg 300w, https:\/\/noticiasmercedinas.com\/site\/wp-content\/uploads\/2019\/08\/DSC_0054-1-768x512.jpg 768w, https:\/\/noticiasmercedinas.com\/site\/wp-content\/uploads\/2019\/08\/DSC_0054-1-640x427.jpg 640w, https:\/\/noticiasmercedinas.com\/site\/wp-content\/uploads\/2019\/08\/DSC_0054-1-681x454.jpg 681w\" sizes=\"(max-width: 948px) 100vw, 948px\" alt=\"\">\r\n                            <\/a>\r\n                            \r\n                        <\/figure>\r\n                    <\/div>\r\n                            <\/div>\r\n                        <\/div>\r\n\r\n                        <div class = \"td-doubleSlider-2\">\r\n                            <div class = \"td-slider\">\r\n                                \r\n                    <div class = \"td-button td-item1\">\r\n                        <div class = \"td-border\"><\/div>\r\n                    <\/div>\r\n                    <div class = \"td-button td-item2\">\r\n                        <div class = \"td-border\"><\/div>\r\n                    <\/div>\r\n                    <div class = \"td-button td-item3\">\r\n                        <div class = \"td-border\"><\/div>\r\n                    <\/div>\r\n                            <\/div>\r\n                        <\/div>\r\n\r\n                    <\/div>\r\n\r\n                <\/div>\r\n                \n<p>En un trabajo mancomunado entre la Direcci\u00f3n de Producci\u00f3n municipal y el Grupo Resurgir que a\u00f1o a a\u00f1o se renueva y fortalece, se entregaron plantas de durazno a productores locales.\u00a0 De esta manera y ante una gran afluencia de vecinos el intendente Juan Ignacio Ustarroz se\u00f1al\u00f3 que \u201cpara nosotros como municipio es un placer, un honor y una obligaci\u00f3n acompa\u00f1ar a nuestros productores, promover la ecolog\u00eda y la producci\u00f3n\u201d.<\/p>\n<p>El programa se viene efectuando de manera sostenida desde el a\u00f1o 2003.<\/p>\n<p>Encabezaron esta entrega el intendente municipal Ustarroz, el Director de Producci\u00f3n Marcelo Den\u00e1pole y Susana Castagneto, una de las principales referentes del grupo Resurgir. Fue as\u00ed que se hizo entrega de las 3000 plantas que el municipio de Mercedes todos los a\u00f1os adquiere y entrega a los vecinos, con la clara intenci\u00f3n de reforestar con estas plantas cuyo fruto tiene su fiesta nacional en nuestra ciudad.<\/p>\n<p>Ustarroz manifest\u00f3 que \u201ces importante que como Estado tengamos continuidad en las pol\u00edticas p\u00fablicas, este no es un programa que haya surgido en nuestra gesti\u00f3n y sin embargo desde un primer momento decidimos continuarlo\u201d y agreg\u00f3 que \u201cesto tiene que ver con preservar nuestra idiosincrasia, promover la cultura del trabajo, la producci\u00f3n, y nada m\u00e1s ni nada menos que de los alimentos\u201d.<\/p>\n<p>\u201cEstamos muy agradecidos a todo el grupo \u201cResurgir\u201d quienes todos los a\u00f1os se ponen al frente de esta tarea tan importante\u201d, subray\u00f3 el intendente Ustarroz.<\/p>\n<p>Por su parte, el Director de Producci\u00f3n, Marcelo Den\u00e1pole, se expres\u00f3 \u201cagradecido a todos los que participan de esta iniciativa, al intendente municipal por el hecho que en Mercedes seguimos apoyando a todos los proyectos productivos, haciendo todo lo que hay que hacer en estos tiempos de emergencia econ\u00f3mica\u201d y destac\u00f3 que \u201cno hemos frenado ning\u00fan proyecto desde el punto de vista productivo para incluir social y econ\u00f3micamente a los vecinos\u201d.<\/p>\n<p>\u201cEsta iniciativa nos sirve como base de la Fiesta Nacional del Durazno y para encontrarnos y estar todos juntos, ir aprendiendo y creciendo\u201d, apunt\u00f3 Den\u00e1pole.<\/p>\n<p>Susana Castagneto, una de las principales referentes del grupo Resurgir, se\u00f1al\u00f3: \u201cEstamos muy felices, sabemos que es un esfuerzo muy grande que hace el municipio comprando las plantas para su posterior entrega a todos los vecinos\u201d.<\/p>\n","protected":false},"excerpt":{"rendered":"<p>En un trabajo mancomunado entre la Direcci\u00f3n de Producci\u00f3n municipal y el Grupo Resurgir que a\u00f1o a a\u00f1o se renueva y fortalece, se entregaron plantas de durazno a productores locales.\u00a0 De esta manera y ante una gran afluencia de vecinos el intendente Juan Ignacio Ustarroz se\u00f1al\u00f3 que \u201cpara nosotros como municipio es un placer, un [&hellip;]<\/p>\n","protected":false},"author":16,"featured_media":25788,"comment_status":"open","ping_status":"open","sticky":false,"template":"","format":"standard","meta":{"footnotes":""},"categories":[3],"tags":[6086,32,965,963,1454],"class_list":["post-25786","post","type-post","status-publish","format-standard","has-post-thumbnail","hentry","category-sociedad","tag-duraznos","tag-produccion","tag-productores","tag-resurgir","tag-susana-castagneto"],"yoast_head":"<!-- This site is optimized with the Yoast SEO plugin v27.5 - https:\/\/yoast.com\/product\/yoast-seo-wordpress\/ -->\n<title>Municipio entrega plantas a productores locales en el marco del programa \u201cResurgir\u201d<\/title>\n<meta name=\"robots\" content=\"index, follow, max-snippet:-1, max-image-preview:large, max-video-preview:-1\" \/>\n<link rel=\"canonical\" href=\"https:\/\/noticiasmercedinas.com\/site\/2019\/08\/17\/municipio-entrega-plantas-a-productores-locales-en-el-marco-del-programa-resurgir\/\" \/>\n<meta property=\"og:locale\" content=\"es_ES\" \/>\n<meta property=\"og:type\" content=\"article\" \/>\n<meta property=\"og:title\" content=\"Municipio entrega plantas a productores locales en el marco del programa \u201cResurgir\u201d\" \/>\n<meta property=\"og:description\" content=\"En un trabajo mancomunado entre la Direcci\u00f3n de Producci\u00f3n municipal y el Grupo Resurgir que a\u00f1o a a\u00f1o se renueva y fortalece, se entregaron plantas de durazno a productores locales.\u00a0 De esta manera y ante una gran afluencia de vecinos el intendente Juan Ignacio Ustarroz se\u00f1al\u00f3 que \u201cpara nosotros como municipio es un placer, un [&hellip;]\" \/>\n<meta property=\"og:url\" content=\"https:\/\/noticiasmercedinas.com\/site\/2019\/08\/17\/municipio-entrega-plantas-a-productores-locales-en-el-marco-del-programa-resurgir\/\" \/>\n<meta property=\"og:site_name\" content=\"NOTICIASMERCEDINAS.COM\" \/>\n<meta property=\"article:publisher\" content=\"https:\/\/www.facebook.com\/noticiasmercedinas\/\" \/>\n<meta property=\"article:published_time\" content=\"2019-08-17T13:39:09+00:00\" \/>\n<meta property=\"og:image\" content=\"https:\/\/noticiasmercedinas.com\/site\/wp-content\/uploads\/2019\/08\/ParqueIndustrial.jpg\" \/>\n\t<meta property=\"og:image:width\" content=\"1006\" \/>\n\t<meta property=\"og:image:height\" content=\"632\" \/>\n\t<meta property=\"og:image:type\" content=\"image\/jpeg\" \/>\n<meta name=\"author\" content=\"NOTICIASMERCEDINAS.COM\" \/>\n<meta name=\"twitter:card\" content=\"summary_large_image\" \/>\n<meta name=\"twitter:creator\" content=\"@notmercedinas\" \/>\n<meta name=\"twitter:site\" content=\"@notmercedinas\" \/>\n<meta name=\"twitter:label1\" content=\"Escrito por\" \/>\n\t<meta name=\"twitter:data1\" content=\"NOTICIASMERCEDINAS.COM\" \/>\n\t<meta name=\"twitter:label2\" content=\"Tiempo de lectura\" \/>\n\t<meta name=\"twitter:data2\" content=\"2 minutos\" \/>\n<script type=\"application\/ld+json\" class=\"yoast-schema-graph\">{\"@context\":\"https:\\\/\\\/schema.org\",\"@graph\":[{\"@type\":\"Article\",\"@id\":\"https:\\\/\\\/noticiasmercedinas.com\\\/site\\\/2019\\\/08\\\/17\\\/municipio-entrega-plantas-a-productores-locales-en-el-marco-del-programa-resurgir\\\/#article\",\"isPartOf\":{\"@id\":\"https:\\\/\\\/noticiasmercedinas.com\\\/site\\\/2019\\\/08\\\/17\\\/municipio-entrega-plantas-a-productores-locales-en-el-marco-del-programa-resurgir\\\/\"},\"author\":{\"name\":\"NOTICIASMERCEDINAS.COM\",\"@id\":\"https:\\\/\\\/noticiasmercedinas.com\\\/site\\\/#\\\/schema\\\/person\\\/84b59c099c28ff2e8b77d4ceec5d8063\"},\"headline\":\"Municipio entrega plantas a productores locales en el marco del programa \u201cResurgir\u201d\",\"datePublished\":\"2019-08-17T13:39:09+00:00\",\"mainEntityOfPage\":{\"@id\":\"https:\\\/\\\/noticiasmercedinas.com\\\/site\\\/2019\\\/08\\\/17\\\/municipio-entrega-plantas-a-productores-locales-en-el-marco-del-programa-resurgir\\\/\"},\"wordCount\":412,\"commentCount\":0,\"publisher\":{\"@id\":\"https:\\\/\\\/noticiasmercedinas.com\\\/site\\\/#organization\"},\"image\":{\"@id\":\"https:\\\/\\\/noticiasmercedinas.com\\\/site\\\/2019\\\/08\\\/17\\\/municipio-entrega-plantas-a-productores-locales-en-el-marco-del-programa-resurgir\\\/#primaryimage\"},\"thumbnailUrl\":\"https:\\\/\\\/noticiasmercedinas.com\\\/site\\\/wp-content\\\/uploads\\\/2019\\\/08\\\/ParqueIndustrial.jpg\",\"keywords\":[\"duraznos\",\"produccion\",\"productores\",\"Resurgir\",\"susana castagneto\"],\"articleSection\":[\"Sociedad\"],\"inLanguage\":\"es\",\"potentialAction\":[{\"@type\":\"CommentAction\",\"name\":\"Comment\",\"target\":[\"https:\\\/\\\/noticiasmercedinas.com\\\/site\\\/2019\\\/08\\\/17\\\/municipio-entrega-plantas-a-productores-locales-en-el-marco-del-programa-resurgir\\\/#respond\"]}]},{\"@type\":\"WebPage\",\"@id\":\"https:\\\/\\\/noticiasmercedinas.com\\\/site\\\/2019\\\/08\\\/17\\\/municipio-entrega-plantas-a-productores-locales-en-el-marco-del-programa-resurgir\\\/\",\"url\":\"https:\\\/\\\/noticiasmercedinas.com\\\/site\\\/2019\\\/08\\\/17\\\/municipio-entrega-plantas-a-productores-locales-en-el-marco-del-programa-resurgir\\\/\",\"name\":\"Municipio entrega plantas a productores locales en el marco del programa \u201cResurgir\u201d\",\"isPartOf\":{\"@id\":\"https:\\\/\\\/noticiasmercedinas.com\\\/site\\\/#website\"},\"primaryImageOfPage\":{\"@id\":\"https:\\\/\\\/noticiasmercedinas.com\\\/site\\\/2019\\\/08\\\/17\\\/municipio-entrega-plantas-a-productores-locales-en-el-marco-del-programa-resurgir\\\/#primaryimage\"},\"image\":{\"@id\":\"https:\\\/\\\/noticiasmercedinas.com\\\/site\\\/2019\\\/08\\\/17\\\/municipio-entrega-plantas-a-productores-locales-en-el-marco-del-programa-resurgir\\\/#primaryimage\"},\"thumbnailUrl\":\"https:\\\/\\\/noticiasmercedinas.com\\\/site\\\/wp-content\\\/uploads\\\/2019\\\/08\\\/ParqueIndustrial.jpg\",\"datePublished\":\"2019-08-17T13:39:09+00:00\",\"breadcrumb\":{\"@id\":\"https:\\\/\\\/noticiasmercedinas.com\\\/site\\\/2019\\\/08\\\/17\\\/municipio-entrega-plantas-a-productores-locales-en-el-marco-del-programa-resurgir\\\/#breadcrumb\"},\"inLanguage\":\"es\",\"potentialAction\":[{\"@type\":\"ReadAction\",\"target\":[\"https:\\\/\\\/noticiasmercedinas.com\\\/site\\\/2019\\\/08\\\/17\\\/municipio-entrega-plantas-a-productores-locales-en-el-marco-del-programa-resurgir\\\/\"]}]},{\"@type\":\"ImageObject\",\"inLanguage\":\"es\",\"@id\":\"https:\\\/\\\/noticiasmercedinas.com\\\/site\\\/2019\\\/08\\\/17\\\/municipio-entrega-plantas-a-productores-locales-en-el-marco-del-programa-resurgir\\\/#primaryimage\",\"url\":\"https:\\\/\\\/noticiasmercedinas.com\\\/site\\\/wp-content\\\/uploads\\\/2019\\\/08\\\/ParqueIndustrial.jpg\",\"contentUrl\":\"https:\\\/\\\/noticiasmercedinas.com\\\/site\\\/wp-content\\\/uploads\\\/2019\\\/08\\\/ParqueIndustrial.jpg\",\"width\":1006,\"height\":632},{\"@type\":\"BreadcrumbList\",\"@id\":\"https:\\\/\\\/noticiasmercedinas.com\\\/site\\\/2019\\\/08\\\/17\\\/municipio-entrega-plantas-a-productores-locales-en-el-marco-del-programa-resurgir\\\/#breadcrumb\",\"itemListElement\":[{\"@type\":\"ListItem\",\"position\":1,\"name\":\"Portada\",\"item\":\"https:\\\/\\\/noticiasmercedinas.com\\\/site\\\/\"},{\"@type\":\"ListItem\",\"position\":2,\"name\":\"Municipio entrega plantas a productores locales en el marco del programa \u201cResurgir\u201d\"}]},{\"@type\":\"WebSite\",\"@id\":\"https:\\\/\\\/noticiasmercedinas.com\\\/site\\\/#website\",\"url\":\"https:\\\/\\\/noticiasmercedinas.com\\\/site\\\/\",\"name\":\"NOTICIASMERCEDINAS.COM\",\"description\":\"Mercedes, Buenos Aires, Argentina\",\"publisher\":{\"@id\":\"https:\\\/\\\/noticiasmercedinas.com\\\/site\\\/#organization\"},\"potentialAction\":[{\"@type\":\"SearchAction\",\"target\":{\"@type\":\"EntryPoint\",\"urlTemplate\":\"https:\\\/\\\/noticiasmercedinas.com\\\/site\\\/?s={search_term_string}\"},\"query-input\":{\"@type\":\"PropertyValueSpecification\",\"valueRequired\":true,\"valueName\":\"search_term_string\"}}],\"inLanguage\":\"es\"},{\"@type\":\"Organization\",\"@id\":\"https:\\\/\\\/noticiasmercedinas.com\\\/site\\\/#organization\",\"name\":\"NOTICIASMERCEDINAS.COM\",\"url\":\"https:\\\/\\\/noticiasmercedinas.com\\\/site\\\/\",\"logo\":{\"@type\":\"ImageObject\",\"inLanguage\":\"es\",\"@id\":\"https:\\\/\\\/noticiasmercedinas.com\\\/site\\\/#\\\/schema\\\/logo\\\/image\\\/\",\"url\":\"https:\\\/\\\/noticiasmercedinas.com\\\/site\\\/wp-content\\\/uploads\\\/2020\\\/06\\\/LOGO-512.jpg\",\"contentUrl\":\"https:\\\/\\\/noticiasmercedinas.com\\\/site\\\/wp-content\\\/uploads\\\/2020\\\/06\\\/LOGO-512.jpg\",\"width\":512,\"height\":512,\"caption\":\"NOTICIASMERCEDINAS.COM\"},\"image\":{\"@id\":\"https:\\\/\\\/noticiasmercedinas.com\\\/site\\\/#\\\/schema\\\/logo\\\/image\\\/\"},\"sameAs\":[\"https:\\\/\\\/www.facebook.com\\\/noticiasmercedinas\\\/\",\"https:\\\/\\\/x.com\\\/notmercedinas\",\"https:\\\/\\\/www.instagram.com\\\/noticiasmercedinas\\\/\"]},{\"@type\":\"Person\",\"@id\":\"https:\\\/\\\/noticiasmercedinas.com\\\/site\\\/#\\\/schema\\\/person\\\/84b59c099c28ff2e8b77d4ceec5d8063\",\"name\":\"NOTICIASMERCEDINAS.COM\",\"image\":{\"@type\":\"ImageObject\",\"inLanguage\":\"es\",\"@id\":\"https:\\\/\\\/secure.gravatar.com\\\/avatar\\\/4dfbf16b4d17945bfb6341b2d19043457132fcf478a5ee04f42e959fd8f5df0a?s=96&d=mm&r=g\",\"url\":\"https:\\\/\\\/secure.gravatar.com\\\/avatar\\\/4dfbf16b4d17945bfb6341b2d19043457132fcf478a5ee04f42e959fd8f5df0a?s=96&d=mm&r=g\",\"contentUrl\":\"https:\\\/\\\/secure.gravatar.com\\\/avatar\\\/4dfbf16b4d17945bfb6341b2d19043457132fcf478a5ee04f42e959fd8f5df0a?s=96&d=mm&r=g\",\"caption\":\"NOTICIASMERCEDINAS.COM\"},\"url\":\"https:\\\/\\\/noticiasmercedinas.com\\\/site\\\/author\\\/anonimo\\\/\"}]}<\/script>\n<!-- \/ Yoast SEO plugin. -->","yoast_head_json":{"title":"Municipio entrega plantas a productores locales en el marco del programa \u201cResurgir\u201d","robots":{"index":"index","follow":"follow","max-snippet":"max-snippet:-1","max-image-preview":"max-image-preview:large","max-video-preview":"max-video-preview:-1"},"canonical":"https:\/\/noticiasmercedinas.com\/site\/2019\/08\/17\/municipio-entrega-plantas-a-productores-locales-en-el-marco-del-programa-resurgir\/","og_locale":"es_ES","og_type":"article","og_title":"Municipio entrega plantas a productores locales en el marco del programa \u201cResurgir\u201d","og_description":"En un trabajo mancomunado entre la Direcci\u00f3n de Producci\u00f3n municipal y el Grupo Resurgir que a\u00f1o a a\u00f1o se renueva y fortalece, se entregaron plantas de durazno a productores locales.\u00a0 De esta manera y ante una gran afluencia de vecinos el intendente Juan Ignacio Ustarroz se\u00f1al\u00f3 que \u201cpara nosotros como municipio es un placer, un [&hellip;]","og_url":"https:\/\/noticiasmercedinas.com\/site\/2019\/08\/17\/municipio-entrega-plantas-a-productores-locales-en-el-marco-del-programa-resurgir\/","og_site_name":"NOTICIASMERCEDINAS.COM","article_publisher":"https:\/\/www.facebook.com\/noticiasmercedinas\/","article_published_time":"2019-08-17T13:39:09+00:00","og_image":[{"width":1006,"height":632,"url":"https:\/\/noticiasmercedinas.com\/site\/wp-content\/uploads\/2019\/08\/ParqueIndustrial.jpg","type":"image\/jpeg"}],"author":"NOTICIASMERCEDINAS.COM","twitter_card":"summary_large_image","twitter_creator":"@notmercedinas","twitter_site":"@notmercedinas","twitter_misc":{"Escrito por":"NOTICIASMERCEDINAS.COM","Tiempo de lectura":"2 minutos"},"schema":{"@context":"https:\/\/schema.org","@graph":[{"@type":"Article","@id":"https:\/\/noticiasmercedinas.com\/site\/2019\/08\/17\/municipio-entrega-plantas-a-productores-locales-en-el-marco-del-programa-resurgir\/#article","isPartOf":{"@id":"https:\/\/noticiasmercedinas.com\/site\/2019\/08\/17\/municipio-entrega-plantas-a-productores-locales-en-el-marco-del-programa-resurgir\/"},"author":{"name":"NOTICIASMERCEDINAS.COM","@id":"https:\/\/noticiasmercedinas.com\/site\/#\/schema\/person\/84b59c099c28ff2e8b77d4ceec5d8063"},"headline":"Municipio entrega plantas a productores locales en el marco del programa \u201cResurgir\u201d","datePublished":"2019-08-17T13:39:09+00:00","mainEntityOfPage":{"@id":"https:\/\/noticiasmercedinas.com\/site\/2019\/08\/17\/municipio-entrega-plantas-a-productores-locales-en-el-marco-del-programa-resurgir\/"},"wordCount":412,"commentCount":0,"publisher":{"@id":"https:\/\/noticiasmercedinas.com\/site\/#organization"},"image":{"@id":"https:\/\/noticiasmercedinas.com\/site\/2019\/08\/17\/municipio-entrega-plantas-a-productores-locales-en-el-marco-del-programa-resurgir\/#primaryimage"},"thumbnailUrl":"https:\/\/noticiasmercedinas.com\/site\/wp-content\/uploads\/2019\/08\/ParqueIndustrial.jpg","keywords":["duraznos","produccion","productores","Resurgir","susana castagneto"],"articleSection":["Sociedad"],"inLanguage":"es","potentialAction":[{"@type":"CommentAction","name":"Comment","target":["https:\/\/noticiasmercedinas.com\/site\/2019\/08\/17\/municipio-entrega-plantas-a-productores-locales-en-el-marco-del-programa-resurgir\/#respond"]}]},{"@type":"WebPage","@id":"https:\/\/noticiasmercedinas.com\/site\/2019\/08\/17\/municipio-entrega-plantas-a-productores-locales-en-el-marco-del-programa-resurgir\/","url":"https:\/\/noticiasmercedinas.com\/site\/2019\/08\/17\/municipio-entrega-plantas-a-productores-locales-en-el-marco-del-programa-resurgir\/","name":"Municipio entrega plantas a productores locales en el marco del programa \u201cResurgir\u201d","isPartOf":{"@id":"https:\/\/noticiasmercedinas.com\/site\/#website"},"primaryImageOfPage":{"@id":"https:\/\/noticiasmercedinas.com\/site\/2019\/08\/17\/municipio-entrega-plantas-a-productores-locales-en-el-marco-del-programa-resurgir\/#primaryimage"},"image":{"@id":"https:\/\/noticiasmercedinas.com\/site\/2019\/08\/17\/municipio-entrega-plantas-a-productores-locales-en-el-marco-del-programa-resurgir\/#primaryimage"},"thumbnailUrl":"https:\/\/noticiasmercedinas.com\/site\/wp-content\/uploads\/2019\/08\/ParqueIndustrial.jpg","datePublished":"2019-08-17T13:39:09+00:00","breadcrumb":{"@id":"https:\/\/noticiasmercedinas.com\/site\/2019\/08\/17\/municipio-entrega-plantas-a-productores-locales-en-el-marco-del-programa-resurgir\/#breadcrumb"},"inLanguage":"es","potentialAction":[{"@type":"ReadAction","target":["https:\/\/noticiasmercedinas.com\/site\/2019\/08\/17\/municipio-entrega-plantas-a-productores-locales-en-el-marco-del-programa-resurgir\/"]}]},{"@type":"ImageObject","inLanguage":"es","@id":"https:\/\/noticiasmercedinas.com\/site\/2019\/08\/17\/municipio-entrega-plantas-a-productores-locales-en-el-marco-del-programa-resurgir\/#primaryimage","url":"https:\/\/noticiasmercedinas.com\/site\/wp-content\/uploads\/2019\/08\/ParqueIndustrial.jpg","contentUrl":"https:\/\/noticiasmercedinas.com\/site\/wp-content\/uploads\/2019\/08\/ParqueIndustrial.jpg","width":1006,"height":632},{"@type":"BreadcrumbList","@id":"https:\/\/noticiasmercedinas.com\/site\/2019\/08\/17\/municipio-entrega-plantas-a-productores-locales-en-el-marco-del-programa-resurgir\/#breadcrumb","itemListElement":[{"@type":"ListItem","position":1,"name":"Portada","item":"https:\/\/noticiasmercedinas.com\/site\/"},{"@type":"ListItem","position":2,"name":"Municipio entrega plantas a productores locales en el marco del programa \u201cResurgir\u201d"}]},{"@type":"WebSite","@id":"https:\/\/noticiasmercedinas.com\/site\/#website","url":"https:\/\/noticiasmercedinas.com\/site\/","name":"NOTICIASMERCEDINAS.COM","description":"Mercedes, Buenos Aires, Argentina","publisher":{"@id":"https:\/\/noticiasmercedinas.com\/site\/#organization"},"potentialAction":[{"@type":"SearchAction","target":{"@type":"EntryPoint","urlTemplate":"https:\/\/noticiasmercedinas.com\/site\/?s={search_term_string}"},"query-input":{"@type":"PropertyValueSpecification","valueRequired":true,"valueName":"search_term_string"}}],"inLanguage":"es"},{"@type":"Organization","@id":"https:\/\/noticiasmercedinas.com\/site\/#organization","name":"NOTICIASMERCEDINAS.COM","url":"https:\/\/noticiasmercedinas.com\/site\/","logo":{"@type":"ImageObject","inLanguage":"es","@id":"https:\/\/noticiasmercedinas.com\/site\/#\/schema\/logo\/image\/","url":"https:\/\/noticiasmercedinas.com\/site\/wp-content\/uploads\/2020\/06\/LOGO-512.jpg","contentUrl":"https:\/\/noticiasmercedinas.com\/site\/wp-content\/uploads\/2020\/06\/LOGO-512.jpg","width":512,"height":512,"caption":"NOTICIASMERCEDINAS.COM"},"image":{"@id":"https:\/\/noticiasmercedinas.com\/site\/#\/schema\/logo\/image\/"},"sameAs":["https:\/\/www.facebook.com\/noticiasmercedinas\/","https:\/\/x.com\/notmercedinas","https:\/\/www.instagram.com\/noticiasmercedinas\/"]},{"@type":"Person","@id":"https:\/\/noticiasmercedinas.com\/site\/#\/schema\/person\/84b59c099c28ff2e8b77d4ceec5d8063","name":"NOTICIASMERCEDINAS.COM","image":{"@type":"ImageObject","inLanguage":"es","@id":"https:\/\/secure.gravatar.com\/avatar\/4dfbf16b4d17945bfb6341b2d19043457132fcf478a5ee04f42e959fd8f5df0a?s=96&d=mm&r=g","url":"https:\/\/secure.gravatar.com\/avatar\/4dfbf16b4d17945bfb6341b2d19043457132fcf478a5ee04f42e959fd8f5df0a?s=96&d=mm&r=g","contentUrl":"https:\/\/secure.gravatar.com\/avatar\/4dfbf16b4d17945bfb6341b2d19043457132fcf478a5ee04f42e959fd8f5df0a?s=96&d=mm&r=g","caption":"NOTICIASMERCEDINAS.COM"},"url":"https:\/\/noticiasmercedinas.com\/site\/author\/anonimo\/"}]}},"amp_enabled":true,"_links":{"self":[{"href":"https:\/\/noticiasmercedinas.com\/site\/wp-json\/wp\/v2\/posts\/25786","targetHints":{"allow":["GET"]}}],"collection":[{"href":"https:\/\/noticiasmercedinas.com\/site\/wp-json\/wp\/v2\/posts"}],"about":[{"href":"https:\/\/noticiasmercedinas.com\/site\/wp-json\/wp\/v2\/types\/post"}],"author":[{"embeddable":true,"href":"https:\/\/noticiasmercedinas.com\/site\/wp-json\/wp\/v2\/users\/16"}],"replies":[{"embeddable":true,"href":"https:\/\/noticiasmercedinas.com\/site\/wp-json\/wp\/v2\/comments?post=25786"}],"version-history":[{"count":1,"href":"https:\/\/noticiasmercedinas.com\/site\/wp-json\/wp\/v2\/posts\/25786\/revisions"}],"predecessor-version":[{"id":25790,"href":"https:\/\/noticiasmercedinas.com\/site\/wp-json\/wp\/v2\/posts\/25786\/revisions\/25790"}],"wp:featuredmedia":[{"embeddable":true,"href":"https:\/\/noticiasmercedinas.com\/site\/wp-json\/wp\/v2\/media\/25788"}],"wp:attachment":[{"href":"https:\/\/noticiasmercedinas.com\/site\/wp-json\/wp\/v2\/media?parent=25786"}],"wp:term":[{"taxonomy":"category","embeddable":true,"href":"https:\/\/noticiasmercedinas.com\/site\/wp-json\/wp\/v2\/categories?post=25786"},{"taxonomy":"post_tag","embeddable":true,"href":"https:\/\/noticiasmercedinas.com\/site\/wp-json\/wp\/v2\/tags?post=25786"}],"curies":[{"name":"wp","href":"https:\/\/api.w.org\/{rel}","templated":true}]}}