{"id":25877,"date":"2019-08-18T22:30:01","date_gmt":"2019-08-19T01:30:01","guid":{"rendered":"https:\/\/noticiasmercedinas.com\/site\/2019\/08\/18\/entregaron-credenciales-a-nuevos-arquitectos-matriculados\/"},"modified":"2019-08-18T22:30:01","modified_gmt":"2019-08-19T01:30:01","slug":"entregaron-credenciales-a-nuevos-arquitectos-matriculados","status":"publish","type":"post","link":"https:\/\/noticiasmercedinas.com\/site\/2019\/08\/18\/entregaron-credenciales-a-nuevos-arquitectos-matriculados\/","title":{"rendered":"Entregaron credenciales a nuevos arquitectos matriculados"},"content":{"rendered":"<p><img loading=\"lazy\" decoding=\"async\" src=\"https:\/\/noticiasmercedinas.com\/site\/wp-content\/uploads\/2019\/08\/e9af51db-d42b-497e-83b7-e78dd1e5d2a37588477650053756040.jpg\" class=\"wp-image-25876 alignnone size-full\" width=\"3000\" height=\"2250\" srcset=\"https:\/\/noticiasmercedinas.com\/site\/wp-content\/uploads\/2019\/08\/e9af51db-d42b-497e-83b7-e78dd1e5d2a37588477650053756040.jpg 3000w, https:\/\/noticiasmercedinas.com\/site\/wp-content\/uploads\/2019\/08\/e9af51db-d42b-497e-83b7-e78dd1e5d2a37588477650053756040-300x225.jpg 300w, https:\/\/noticiasmercedinas.com\/site\/wp-content\/uploads\/2019\/08\/e9af51db-d42b-497e-83b7-e78dd1e5d2a37588477650053756040-768x576.jpg 768w, https:\/\/noticiasmercedinas.com\/site\/wp-content\/uploads\/2019\/08\/e9af51db-d42b-497e-83b7-e78dd1e5d2a37588477650053756040-1024x768.jpg 1024w, https:\/\/noticiasmercedinas.com\/site\/wp-content\/uploads\/2019\/08\/e9af51db-d42b-497e-83b7-e78dd1e5d2a37588477650053756040-80x60.jpg 80w, https:\/\/noticiasmercedinas.com\/site\/wp-content\/uploads\/2019\/08\/e9af51db-d42b-497e-83b7-e78dd1e5d2a37588477650053756040-160x120.jpg 160w, https:\/\/noticiasmercedinas.com\/site\/wp-content\/uploads\/2019\/08\/e9af51db-d42b-497e-83b7-e78dd1e5d2a37588477650053756040-100x75.jpg 100w, https:\/\/noticiasmercedinas.com\/site\/wp-content\/uploads\/2019\/08\/e9af51db-d42b-497e-83b7-e78dd1e5d2a37588477650053756040-200x150.jpg 200w, https:\/\/noticiasmercedinas.com\/site\/wp-content\/uploads\/2019\/08\/e9af51db-d42b-497e-83b7-e78dd1e5d2a37588477650053756040-180x135.jpg 180w, https:\/\/noticiasmercedinas.com\/site\/wp-content\/uploads\/2019\/08\/e9af51db-d42b-497e-83b7-e78dd1e5d2a37588477650053756040-360x270.jpg 360w, https:\/\/noticiasmercedinas.com\/site\/wp-content\/uploads\/2019\/08\/e9af51db-d42b-497e-83b7-e78dd1e5d2a37588477650053756040-238x178.jpg 238w, https:\/\/noticiasmercedinas.com\/site\/wp-content\/uploads\/2019\/08\/e9af51db-d42b-497e-83b7-e78dd1e5d2a37588477650053756040-476x356.jpg 476w, https:\/\/noticiasmercedinas.com\/site\/wp-content\/uploads\/2019\/08\/e9af51db-d42b-497e-83b7-e78dd1e5d2a37588477650053756040-640x480.jpg 640w, https:\/\/noticiasmercedinas.com\/site\/wp-content\/uploads\/2019\/08\/e9af51db-d42b-497e-83b7-e78dd1e5d2a37588477650053756040-1280x960.jpg 1280w, https:\/\/noticiasmercedinas.com\/site\/wp-content\/uploads\/2019\/08\/e9af51db-d42b-497e-83b7-e78dd1e5d2a37588477650053756040-681x511.jpg 681w, https:\/\/noticiasmercedinas.com\/site\/wp-content\/uploads\/2019\/08\/e9af51db-d42b-497e-83b7-e78dd1e5d2a37588477650053756040-1362x1022.jpg 1362w\" sizes=\"auto, (max-width: 3000px) 100vw, 3000px\" \/><\/p>\n<p>El pasado jueves 15 de agosto, en la sede distrital del Colegio de Arquitectos- Distrito 5 en Mercedes, se realiz\u00f3 una nueva entrega de credenciales a arquitectos y arquitectas que recientemente obtuvieron sus matr\u00edculas.<\/p>\n<p>El inicio de la jornada cont\u00f3 con las palabras de bienvenida de la Arq. Alicia Arata (Secretario de la instituci\u00f3n), quien present\u00f3 la charla \u201cEl ABC del Ejercicio Profesional\u201d por parte de la Arq. Irene Kalnins del CPAU. La charla se bas\u00f3 en 3 temas fundamentales: 1) Relaciones con el comitente. 2) El Proyecto de Obra y 3) La Direcci\u00f3n de Obra.<\/p>\n<p>Seguidamente la Arq. Arata se explay\u00f3 sobre la actividad en s\u00ed, haciendo hincapi\u00e9 en las cuestiones administrativas y pr\u00e1cticas espec\u00edficas que hacen a la profesi\u00f3n, y al mismo tiempo respondi\u00f3 las inquietudes de los nuevos matriculados.<\/p>\n<p>Para culminar el bloque de charlas, el abogado de la instituci\u00f3n, Dr. Pablo Guidi, se refiri\u00f3 a temas que hacen al marco legal regulatorio de la profesi\u00f3n.<\/p>\n<p>Luego de un servicio de lunch, se realiz\u00f3 la entrega de credenciales de la que participaron el presidente de CAPBA5 Arq. Jorge Alberto Garcia, la Arq. Alicia Arata y el Arq. Jos\u00e9 Serpi , delegado al Consejo Superior. Posteriormente el Arq. Jorge Alberto Garc\u00eda pronunci\u00f3 unas palabras referidas a la acciones del Colegio e invit\u00f3 a los recientemente matriculados a participar de los diversos Institutos y Espacios (IEU, IEA, Formaci\u00f3n, Cine, Patrimonio, Fotograf\u00eda,  Arte). Seguidamente se refiri\u00f3 a los Cursos que brinda el Colegio, la fiesta Anual y la Trienal distrital.<\/p>\n<p>Adem\u00e1s de su credencial y su diploma debidamente certificado, los arquitectos presentes se llevaron el \u00faltimo n\u00famero de la Revista Distrital Perspectiva V como as\u00ed tambi\u00e9n Libros de Ley, Libros de Obra, Anotadores y Lapiceras de CAPBA5, entregadas por las autoridades.<\/p>\n<p><img loading=\"lazy\" decoding=\"async\" src=\"https:\/\/noticiasmercedinas.com\/site\/wp-content\/uploads\/2019\/08\/22e805ce-f660-4780-a334-8b8e1a168bf76741062008786517719.jpg\" class=\"wp-image-25875 alignnone size-full\" width=\"3000\" height=\"2250\" srcset=\"https:\/\/noticiasmercedinas.com\/site\/wp-content\/uploads\/2019\/08\/22e805ce-f660-4780-a334-8b8e1a168bf76741062008786517719.jpg 3000w, https:\/\/noticiasmercedinas.com\/site\/wp-content\/uploads\/2019\/08\/22e805ce-f660-4780-a334-8b8e1a168bf76741062008786517719-300x225.jpg 300w, https:\/\/noticiasmercedinas.com\/site\/wp-content\/uploads\/2019\/08\/22e805ce-f660-4780-a334-8b8e1a168bf76741062008786517719-768x576.jpg 768w, https:\/\/noticiasmercedinas.com\/site\/wp-content\/uploads\/2019\/08\/22e805ce-f660-4780-a334-8b8e1a168bf76741062008786517719-1024x768.jpg 1024w, https:\/\/noticiasmercedinas.com\/site\/wp-content\/uploads\/2019\/08\/22e805ce-f660-4780-a334-8b8e1a168bf76741062008786517719-80x60.jpg 80w, https:\/\/noticiasmercedinas.com\/site\/wp-content\/uploads\/2019\/08\/22e805ce-f660-4780-a334-8b8e1a168bf76741062008786517719-160x120.jpg 160w, https:\/\/noticiasmercedinas.com\/site\/wp-content\/uploads\/2019\/08\/22e805ce-f660-4780-a334-8b8e1a168bf76741062008786517719-100x75.jpg 100w, https:\/\/noticiasmercedinas.com\/site\/wp-content\/uploads\/2019\/08\/22e805ce-f660-4780-a334-8b8e1a168bf76741062008786517719-200x150.jpg 200w, https:\/\/noticiasmercedinas.com\/site\/wp-content\/uploads\/2019\/08\/22e805ce-f660-4780-a334-8b8e1a168bf76741062008786517719-180x135.jpg 180w, https:\/\/noticiasmercedinas.com\/site\/wp-content\/uploads\/2019\/08\/22e805ce-f660-4780-a334-8b8e1a168bf76741062008786517719-360x270.jpg 360w, https:\/\/noticiasmercedinas.com\/site\/wp-content\/uploads\/2019\/08\/22e805ce-f660-4780-a334-8b8e1a168bf76741062008786517719-238x178.jpg 238w, https:\/\/noticiasmercedinas.com\/site\/wp-content\/uploads\/2019\/08\/22e805ce-f660-4780-a334-8b8e1a168bf76741062008786517719-476x356.jpg 476w, https:\/\/noticiasmercedinas.com\/site\/wp-content\/uploads\/2019\/08\/22e805ce-f660-4780-a334-8b8e1a168bf76741062008786517719-640x480.jpg 640w, https:\/\/noticiasmercedinas.com\/site\/wp-content\/uploads\/2019\/08\/22e805ce-f660-4780-a334-8b8e1a168bf76741062008786517719-1280x960.jpg 1280w, https:\/\/noticiasmercedinas.com\/site\/wp-content\/uploads\/2019\/08\/22e805ce-f660-4780-a334-8b8e1a168bf76741062008786517719-681x511.jpg 681w, https:\/\/noticiasmercedinas.com\/site\/wp-content\/uploads\/2019\/08\/22e805ce-f660-4780-a334-8b8e1a168bf76741062008786517719-1362x1022.jpg 1362w\" sizes=\"auto, (max-width: 3000px) 100vw, 3000px\" \/><\/p>\n","protected":false},"excerpt":{"rendered":"<p>El pasado jueves 15 de agosto, en la sede distrital del Colegio de Arquitectos- Distrito 5 en Mercedes, se realiz\u00f3 una nueva entrega de credenciales a arquitectos y arquitectas que recientemente obtuvieron sus matr\u00edculas. El inicio de la jornada cont\u00f3 con las palabras de bienvenida de la Arq. Alicia Arata (Secretario de la instituci\u00f3n), quien [&hellip;]<\/p>\n","protected":false},"author":2,"featured_media":25876,"comment_status":"open","ping_status":"open","sticky":false,"template":"","format":"standard","meta":{"footnotes":""},"categories":[3],"tags":[250,249,4106,543,6099],"class_list":["post-25877","post","type-post","status-publish","format-standard","has-post-thumbnail","hentry","category-sociedad","tag-arquitectos","tag-capba-5","tag-capba-v","tag-capba5","tag-profesionales"],"yoast_head":"<!-- This site is optimized with the Yoast SEO plugin v27.4 - https:\/\/yoast.com\/product\/yoast-seo-wordpress\/ -->\n<title>Entregaron credenciales a nuevos arquitectos matriculados<\/title>\n<meta name=\"robots\" content=\"index, follow, max-snippet:-1, max-image-preview:large, max-video-preview:-1\" \/>\n<link rel=\"canonical\" href=\"https:\/\/noticiasmercedinas.com\/site\/2019\/08\/18\/entregaron-credenciales-a-nuevos-arquitectos-matriculados\/\" \/>\n<meta property=\"og:locale\" content=\"es_ES\" \/>\n<meta property=\"og:type\" content=\"article\" \/>\n<meta property=\"og:title\" content=\"Entregaron credenciales a nuevos arquitectos matriculados\" \/>\n<meta property=\"og:description\" content=\"El pasado jueves 15 de agosto, en la sede distrital del Colegio de Arquitectos- Distrito 5 en Mercedes, se realiz\u00f3 una nueva entrega de credenciales a arquitectos y arquitectas que recientemente obtuvieron sus matr\u00edculas. El inicio de la jornada cont\u00f3 con las palabras de bienvenida de la Arq. Alicia Arata (Secretario de la instituci\u00f3n), quien [&hellip;]\" \/>\n<meta property=\"og:url\" content=\"https:\/\/noticiasmercedinas.com\/site\/2019\/08\/18\/entregaron-credenciales-a-nuevos-arquitectos-matriculados\/\" \/>\n<meta property=\"og:site_name\" content=\"NOTICIASMERCEDINAS.COM\" \/>\n<meta property=\"article:publisher\" content=\"https:\/\/www.facebook.com\/noticiasmercedinas\/\" \/>\n<meta property=\"article:author\" content=\"https:\/\/www.facebook.com\/cristian.falabella\" \/>\n<meta property=\"article:published_time\" content=\"2019-08-19T01:30:01+00:00\" \/>\n<meta property=\"og:image\" content=\"https:\/\/noticiasmercedinas.com\/site\/wp-content\/uploads\/2019\/08\/e9af51db-d42b-497e-83b7-e78dd1e5d2a37588477650053756040.jpg\" \/>\n\t<meta property=\"og:image:width\" content=\"3000\" \/>\n\t<meta property=\"og:image:height\" content=\"2250\" \/>\n\t<meta property=\"og:image:type\" content=\"image\/jpeg\" \/>\n<meta name=\"author\" content=\"Cristian Falabella NOTICIASMERCEDINAS.COM\" \/>\n<meta name=\"twitter:card\" content=\"summary_large_image\" \/>\n<meta name=\"twitter:creator\" content=\"@https:\/\/twitter.com\/NOTMERCEDINAS\" \/>\n<meta name=\"twitter:site\" content=\"@notmercedinas\" \/>\n<meta name=\"twitter:label1\" content=\"Escrito por\" \/>\n\t<meta name=\"twitter:data1\" content=\"Cristian Falabella NOTICIASMERCEDINAS.COM\" \/>\n\t<meta name=\"twitter:label2\" content=\"Tiempo de lectura\" \/>\n\t<meta name=\"twitter:data2\" content=\"1 minuto\" \/>\n<script type=\"application\/ld+json\" class=\"yoast-schema-graph\">{\"@context\":\"https:\\\/\\\/schema.org\",\"@graph\":[{\"@type\":\"Article\",\"@id\":\"https:\\\/\\\/noticiasmercedinas.com\\\/site\\\/2019\\\/08\\\/18\\\/entregaron-credenciales-a-nuevos-arquitectos-matriculados\\\/#article\",\"isPartOf\":{\"@id\":\"https:\\\/\\\/noticiasmercedinas.com\\\/site\\\/2019\\\/08\\\/18\\\/entregaron-credenciales-a-nuevos-arquitectos-matriculados\\\/\"},\"author\":{\"name\":\"Cristian Falabella NOTICIASMERCEDINAS.COM\",\"@id\":\"https:\\\/\\\/noticiasmercedinas.com\\\/site\\\/#\\\/schema\\\/person\\\/d481a9696a5feaec13a60e2bbd991a6a\"},\"headline\":\"Entregaron credenciales a nuevos arquitectos matriculados\",\"datePublished\":\"2019-08-19T01:30:01+00:00\",\"mainEntityOfPage\":{\"@id\":\"https:\\\/\\\/noticiasmercedinas.com\\\/site\\\/2019\\\/08\\\/18\\\/entregaron-credenciales-a-nuevos-arquitectos-matriculados\\\/\"},\"wordCount\":304,\"commentCount\":0,\"publisher\":{\"@id\":\"https:\\\/\\\/noticiasmercedinas.com\\\/site\\\/#organization\"},\"image\":{\"@id\":\"https:\\\/\\\/noticiasmercedinas.com\\\/site\\\/2019\\\/08\\\/18\\\/entregaron-credenciales-a-nuevos-arquitectos-matriculados\\\/#primaryimage\"},\"thumbnailUrl\":\"https:\\\/\\\/noticiasmercedinas.com\\\/site\\\/wp-content\\\/uploads\\\/2019\\\/08\\\/e9af51db-d42b-497e-83b7-e78dd1e5d2a37588477650053756040.jpg\",\"keywords\":[\"arquitectos\",\"capba 5\",\"capba v\",\"Capba5\",\"profesionales\"],\"articleSection\":[\"Sociedad\"],\"inLanguage\":\"es\",\"potentialAction\":[{\"@type\":\"CommentAction\",\"name\":\"Comment\",\"target\":[\"https:\\\/\\\/noticiasmercedinas.com\\\/site\\\/2019\\\/08\\\/18\\\/entregaron-credenciales-a-nuevos-arquitectos-matriculados\\\/#respond\"]}]},{\"@type\":\"WebPage\",\"@id\":\"https:\\\/\\\/noticiasmercedinas.com\\\/site\\\/2019\\\/08\\\/18\\\/entregaron-credenciales-a-nuevos-arquitectos-matriculados\\\/\",\"url\":\"https:\\\/\\\/noticiasmercedinas.com\\\/site\\\/2019\\\/08\\\/18\\\/entregaron-credenciales-a-nuevos-arquitectos-matriculados\\\/\",\"name\":\"Entregaron credenciales a nuevos arquitectos matriculados\",\"isPartOf\":{\"@id\":\"https:\\\/\\\/noticiasmercedinas.com\\\/site\\\/#website\"},\"primaryImageOfPage\":{\"@id\":\"https:\\\/\\\/noticiasmercedinas.com\\\/site\\\/2019\\\/08\\\/18\\\/entregaron-credenciales-a-nuevos-arquitectos-matriculados\\\/#primaryimage\"},\"image\":{\"@id\":\"https:\\\/\\\/noticiasmercedinas.com\\\/site\\\/2019\\\/08\\\/18\\\/entregaron-credenciales-a-nuevos-arquitectos-matriculados\\\/#primaryimage\"},\"thumbnailUrl\":\"https:\\\/\\\/noticiasmercedinas.com\\\/site\\\/wp-content\\\/uploads\\\/2019\\\/08\\\/e9af51db-d42b-497e-83b7-e78dd1e5d2a37588477650053756040.jpg\",\"datePublished\":\"2019-08-19T01:30:01+00:00\",\"breadcrumb\":{\"@id\":\"https:\\\/\\\/noticiasmercedinas.com\\\/site\\\/2019\\\/08\\\/18\\\/entregaron-credenciales-a-nuevos-arquitectos-matriculados\\\/#breadcrumb\"},\"inLanguage\":\"es\",\"potentialAction\":[{\"@type\":\"ReadAction\",\"target\":[\"https:\\\/\\\/noticiasmercedinas.com\\\/site\\\/2019\\\/08\\\/18\\\/entregaron-credenciales-a-nuevos-arquitectos-matriculados\\\/\"]}]},{\"@type\":\"ImageObject\",\"inLanguage\":\"es\",\"@id\":\"https:\\\/\\\/noticiasmercedinas.com\\\/site\\\/2019\\\/08\\\/18\\\/entregaron-credenciales-a-nuevos-arquitectos-matriculados\\\/#primaryimage\",\"url\":\"https:\\\/\\\/noticiasmercedinas.com\\\/site\\\/wp-content\\\/uploads\\\/2019\\\/08\\\/e9af51db-d42b-497e-83b7-e78dd1e5d2a37588477650053756040.jpg\",\"contentUrl\":\"https:\\\/\\\/noticiasmercedinas.com\\\/site\\\/wp-content\\\/uploads\\\/2019\\\/08\\\/e9af51db-d42b-497e-83b7-e78dd1e5d2a37588477650053756040.jpg\",\"width\":3000,\"height\":2250},{\"@type\":\"BreadcrumbList\",\"@id\":\"https:\\\/\\\/noticiasmercedinas.com\\\/site\\\/2019\\\/08\\\/18\\\/entregaron-credenciales-a-nuevos-arquitectos-matriculados\\\/#breadcrumb\",\"itemListElement\":[{\"@type\":\"ListItem\",\"position\":1,\"name\":\"Portada\",\"item\":\"https:\\\/\\\/noticiasmercedinas.com\\\/site\\\/\"},{\"@type\":\"ListItem\",\"position\":2,\"name\":\"Entregaron credenciales a nuevos arquitectos matriculados\"}]},{\"@type\":\"WebSite\",\"@id\":\"https:\\\/\\\/noticiasmercedinas.com\\\/site\\\/#website\",\"url\":\"https:\\\/\\\/noticiasmercedinas.com\\\/site\\\/\",\"name\":\"NOTICIASMERCEDINAS.COM\",\"description\":\"Mercedes, Buenos Aires, Argentina\",\"publisher\":{\"@id\":\"https:\\\/\\\/noticiasmercedinas.com\\\/site\\\/#organization\"},\"potentialAction\":[{\"@type\":\"SearchAction\",\"target\":{\"@type\":\"EntryPoint\",\"urlTemplate\":\"https:\\\/\\\/noticiasmercedinas.com\\\/site\\\/?s={search_term_string}\"},\"query-input\":{\"@type\":\"PropertyValueSpecification\",\"valueRequired\":true,\"valueName\":\"search_term_string\"}}],\"inLanguage\":\"es\"},{\"@type\":\"Organization\",\"@id\":\"https:\\\/\\\/noticiasmercedinas.com\\\/site\\\/#organization\",\"name\":\"NOTICIASMERCEDINAS.COM\",\"url\":\"https:\\\/\\\/noticiasmercedinas.com\\\/site\\\/\",\"logo\":{\"@type\":\"ImageObject\",\"inLanguage\":\"es\",\"@id\":\"https:\\\/\\\/noticiasmercedinas.com\\\/site\\\/#\\\/schema\\\/logo\\\/image\\\/\",\"url\":\"https:\\\/\\\/noticiasmercedinas.com\\\/site\\\/wp-content\\\/uploads\\\/2020\\\/06\\\/LOGO-512.jpg\",\"contentUrl\":\"https:\\\/\\\/noticiasmercedinas.com\\\/site\\\/wp-content\\\/uploads\\\/2020\\\/06\\\/LOGO-512.jpg\",\"width\":512,\"height\":512,\"caption\":\"NOTICIASMERCEDINAS.COM\"},\"image\":{\"@id\":\"https:\\\/\\\/noticiasmercedinas.com\\\/site\\\/#\\\/schema\\\/logo\\\/image\\\/\"},\"sameAs\":[\"https:\\\/\\\/www.facebook.com\\\/noticiasmercedinas\\\/\",\"https:\\\/\\\/x.com\\\/notmercedinas\",\"https:\\\/\\\/www.instagram.com\\\/noticiasmercedinas\\\/\"]},{\"@type\":\"Person\",\"@id\":\"https:\\\/\\\/noticiasmercedinas.com\\\/site\\\/#\\\/schema\\\/person\\\/d481a9696a5feaec13a60e2bbd991a6a\",\"name\":\"Cristian Falabella NOTICIASMERCEDINAS.COM\",\"image\":{\"@type\":\"ImageObject\",\"inLanguage\":\"es\",\"@id\":\"https:\\\/\\\/secure.gravatar.com\\\/avatar\\\/0dbbfc45970cc46bcd0e57766228574ff3511d6eed045b182f536f0f478c1f06?s=96&d=mm&r=g\",\"url\":\"https:\\\/\\\/secure.gravatar.com\\\/avatar\\\/0dbbfc45970cc46bcd0e57766228574ff3511d6eed045b182f536f0f478c1f06?s=96&d=mm&r=g\",\"contentUrl\":\"https:\\\/\\\/secure.gravatar.com\\\/avatar\\\/0dbbfc45970cc46bcd0e57766228574ff3511d6eed045b182f536f0f478c1f06?s=96&d=mm&r=g\",\"caption\":\"Cristian Falabella NOTICIASMERCEDINAS.COM\"},\"description\":\"Periodista, editor de Noticias Mercedinas. Pas\u00f3 por varias redacciones y emprendimientos de prensa, en distintos formatos y \u00e9pocas. Se especializ\u00f3 --y sigue haci\u00e9ndolo-- en comunicaci\u00f3n en la web y en junio de 2006 fund\u00f3 este diario digital.\",\"sameAs\":[\"https:\\\/\\\/noticiasmercedinas.com\",\"https:\\\/\\\/www.facebook.com\\\/cristian.falabella\",\"https:\\\/\\\/www.instagram.com\\\/noticiasmercedinas\\\/\",\"https:\\\/\\\/x.com\\\/https:\\\/\\\/twitter.com\\\/NOTMERCEDINAS\"],\"url\":\"https:\\\/\\\/noticiasmercedinas.com\\\/site\\\/author\\\/as000384\\\/\"}]}<\/script>\n<!-- \/ Yoast SEO plugin. -->","yoast_head_json":{"title":"Entregaron credenciales a nuevos arquitectos matriculados","robots":{"index":"index","follow":"follow","max-snippet":"max-snippet:-1","max-image-preview":"max-image-preview:large","max-video-preview":"max-video-preview:-1"},"canonical":"https:\/\/noticiasmercedinas.com\/site\/2019\/08\/18\/entregaron-credenciales-a-nuevos-arquitectos-matriculados\/","og_locale":"es_ES","og_type":"article","og_title":"Entregaron credenciales a nuevos arquitectos matriculados","og_description":"El pasado jueves 15 de agosto, en la sede distrital del Colegio de Arquitectos- Distrito 5 en Mercedes, se realiz\u00f3 una nueva entrega de credenciales a arquitectos y arquitectas que recientemente obtuvieron sus matr\u00edculas. El inicio de la jornada cont\u00f3 con las palabras de bienvenida de la Arq. Alicia Arata (Secretario de la instituci\u00f3n), quien [&hellip;]","og_url":"https:\/\/noticiasmercedinas.com\/site\/2019\/08\/18\/entregaron-credenciales-a-nuevos-arquitectos-matriculados\/","og_site_name":"NOTICIASMERCEDINAS.COM","article_publisher":"https:\/\/www.facebook.com\/noticiasmercedinas\/","article_author":"https:\/\/www.facebook.com\/cristian.falabella","article_published_time":"2019-08-19T01:30:01+00:00","og_image":[{"width":3000,"height":2250,"url":"https:\/\/noticiasmercedinas.com\/site\/wp-content\/uploads\/2019\/08\/e9af51db-d42b-497e-83b7-e78dd1e5d2a37588477650053756040.jpg","type":"image\/jpeg"}],"author":"Cristian Falabella NOTICIASMERCEDINAS.COM","twitter_card":"summary_large_image","twitter_creator":"@https:\/\/twitter.com\/NOTMERCEDINAS","twitter_site":"@notmercedinas","twitter_misc":{"Escrito por":"Cristian Falabella NOTICIASMERCEDINAS.COM","Tiempo de lectura":"1 minuto"},"schema":{"@context":"https:\/\/schema.org","@graph":[{"@type":"Article","@id":"https:\/\/noticiasmercedinas.com\/site\/2019\/08\/18\/entregaron-credenciales-a-nuevos-arquitectos-matriculados\/#article","isPartOf":{"@id":"https:\/\/noticiasmercedinas.com\/site\/2019\/08\/18\/entregaron-credenciales-a-nuevos-arquitectos-matriculados\/"},"author":{"name":"Cristian Falabella NOTICIASMERCEDINAS.COM","@id":"https:\/\/noticiasmercedinas.com\/site\/#\/schema\/person\/d481a9696a5feaec13a60e2bbd991a6a"},"headline":"Entregaron credenciales a nuevos arquitectos matriculados","datePublished":"2019-08-19T01:30:01+00:00","mainEntityOfPage":{"@id":"https:\/\/noticiasmercedinas.com\/site\/2019\/08\/18\/entregaron-credenciales-a-nuevos-arquitectos-matriculados\/"},"wordCount":304,"commentCount":0,"publisher":{"@id":"https:\/\/noticiasmercedinas.com\/site\/#organization"},"image":{"@id":"https:\/\/noticiasmercedinas.com\/site\/2019\/08\/18\/entregaron-credenciales-a-nuevos-arquitectos-matriculados\/#primaryimage"},"thumbnailUrl":"https:\/\/noticiasmercedinas.com\/site\/wp-content\/uploads\/2019\/08\/e9af51db-d42b-497e-83b7-e78dd1e5d2a37588477650053756040.jpg","keywords":["arquitectos","capba 5","capba v","Capba5","profesionales"],"articleSection":["Sociedad"],"inLanguage":"es","potentialAction":[{"@type":"CommentAction","name":"Comment","target":["https:\/\/noticiasmercedinas.com\/site\/2019\/08\/18\/entregaron-credenciales-a-nuevos-arquitectos-matriculados\/#respond"]}]},{"@type":"WebPage","@id":"https:\/\/noticiasmercedinas.com\/site\/2019\/08\/18\/entregaron-credenciales-a-nuevos-arquitectos-matriculados\/","url":"https:\/\/noticiasmercedinas.com\/site\/2019\/08\/18\/entregaron-credenciales-a-nuevos-arquitectos-matriculados\/","name":"Entregaron credenciales a nuevos arquitectos matriculados","isPartOf":{"@id":"https:\/\/noticiasmercedinas.com\/site\/#website"},"primaryImageOfPage":{"@id":"https:\/\/noticiasmercedinas.com\/site\/2019\/08\/18\/entregaron-credenciales-a-nuevos-arquitectos-matriculados\/#primaryimage"},"image":{"@id":"https:\/\/noticiasmercedinas.com\/site\/2019\/08\/18\/entregaron-credenciales-a-nuevos-arquitectos-matriculados\/#primaryimage"},"thumbnailUrl":"https:\/\/noticiasmercedinas.com\/site\/wp-content\/uploads\/2019\/08\/e9af51db-d42b-497e-83b7-e78dd1e5d2a37588477650053756040.jpg","datePublished":"2019-08-19T01:30:01+00:00","breadcrumb":{"@id":"https:\/\/noticiasmercedinas.com\/site\/2019\/08\/18\/entregaron-credenciales-a-nuevos-arquitectos-matriculados\/#breadcrumb"},"inLanguage":"es","potentialAction":[{"@type":"ReadAction","target":["https:\/\/noticiasmercedinas.com\/site\/2019\/08\/18\/entregaron-credenciales-a-nuevos-arquitectos-matriculados\/"]}]},{"@type":"ImageObject","inLanguage":"es","@id":"https:\/\/noticiasmercedinas.com\/site\/2019\/08\/18\/entregaron-credenciales-a-nuevos-arquitectos-matriculados\/#primaryimage","url":"https:\/\/noticiasmercedinas.com\/site\/wp-content\/uploads\/2019\/08\/e9af51db-d42b-497e-83b7-e78dd1e5d2a37588477650053756040.jpg","contentUrl":"https:\/\/noticiasmercedinas.com\/site\/wp-content\/uploads\/2019\/08\/e9af51db-d42b-497e-83b7-e78dd1e5d2a37588477650053756040.jpg","width":3000,"height":2250},{"@type":"BreadcrumbList","@id":"https:\/\/noticiasmercedinas.com\/site\/2019\/08\/18\/entregaron-credenciales-a-nuevos-arquitectos-matriculados\/#breadcrumb","itemListElement":[{"@type":"ListItem","position":1,"name":"Portada","item":"https:\/\/noticiasmercedinas.com\/site\/"},{"@type":"ListItem","position":2,"name":"Entregaron credenciales a nuevos arquitectos matriculados"}]},{"@type":"WebSite","@id":"https:\/\/noticiasmercedinas.com\/site\/#website","url":"https:\/\/noticiasmercedinas.com\/site\/","name":"NOTICIASMERCEDINAS.COM","description":"Mercedes, Buenos Aires, Argentina","publisher":{"@id":"https:\/\/noticiasmercedinas.com\/site\/#organization"},"potentialAction":[{"@type":"SearchAction","target":{"@type":"EntryPoint","urlTemplate":"https:\/\/noticiasmercedinas.com\/site\/?s={search_term_string}"},"query-input":{"@type":"PropertyValueSpecification","valueRequired":true,"valueName":"search_term_string"}}],"inLanguage":"es"},{"@type":"Organization","@id":"https:\/\/noticiasmercedinas.com\/site\/#organization","name":"NOTICIASMERCEDINAS.COM","url":"https:\/\/noticiasmercedinas.com\/site\/","logo":{"@type":"ImageObject","inLanguage":"es","@id":"https:\/\/noticiasmercedinas.com\/site\/#\/schema\/logo\/image\/","url":"https:\/\/noticiasmercedinas.com\/site\/wp-content\/uploads\/2020\/06\/LOGO-512.jpg","contentUrl":"https:\/\/noticiasmercedinas.com\/site\/wp-content\/uploads\/2020\/06\/LOGO-512.jpg","width":512,"height":512,"caption":"NOTICIASMERCEDINAS.COM"},"image":{"@id":"https:\/\/noticiasmercedinas.com\/site\/#\/schema\/logo\/image\/"},"sameAs":["https:\/\/www.facebook.com\/noticiasmercedinas\/","https:\/\/x.com\/notmercedinas","https:\/\/www.instagram.com\/noticiasmercedinas\/"]},{"@type":"Person","@id":"https:\/\/noticiasmercedinas.com\/site\/#\/schema\/person\/d481a9696a5feaec13a60e2bbd991a6a","name":"Cristian Falabella NOTICIASMERCEDINAS.COM","image":{"@type":"ImageObject","inLanguage":"es","@id":"https:\/\/secure.gravatar.com\/avatar\/0dbbfc45970cc46bcd0e57766228574ff3511d6eed045b182f536f0f478c1f06?s=96&d=mm&r=g","url":"https:\/\/secure.gravatar.com\/avatar\/0dbbfc45970cc46bcd0e57766228574ff3511d6eed045b182f536f0f478c1f06?s=96&d=mm&r=g","contentUrl":"https:\/\/secure.gravatar.com\/avatar\/0dbbfc45970cc46bcd0e57766228574ff3511d6eed045b182f536f0f478c1f06?s=96&d=mm&r=g","caption":"Cristian Falabella NOTICIASMERCEDINAS.COM"},"description":"Periodista, editor de Noticias Mercedinas. Pas\u00f3 por varias redacciones y emprendimientos de prensa, en distintos formatos y \u00e9pocas. Se especializ\u00f3 --y sigue haci\u00e9ndolo-- en comunicaci\u00f3n en la web y en junio de 2006 fund\u00f3 este diario digital.","sameAs":["https:\/\/noticiasmercedinas.com","https:\/\/www.facebook.com\/cristian.falabella","https:\/\/www.instagram.com\/noticiasmercedinas\/","https:\/\/x.com\/https:\/\/twitter.com\/NOTMERCEDINAS"],"url":"https:\/\/noticiasmercedinas.com\/site\/author\/as000384\/"}]}},"amp_enabled":true,"_links":{"self":[{"href":"https:\/\/noticiasmercedinas.com\/site\/wp-json\/wp\/v2\/posts\/25877","targetHints":{"allow":["GET"]}}],"collection":[{"href":"https:\/\/noticiasmercedinas.com\/site\/wp-json\/wp\/v2\/posts"}],"about":[{"href":"https:\/\/noticiasmercedinas.com\/site\/wp-json\/wp\/v2\/types\/post"}],"author":[{"embeddable":true,"href":"https:\/\/noticiasmercedinas.com\/site\/wp-json\/wp\/v2\/users\/2"}],"replies":[{"embeddable":true,"href":"https:\/\/noticiasmercedinas.com\/site\/wp-json\/wp\/v2\/comments?post=25877"}],"version-history":[{"count":0,"href":"https:\/\/noticiasmercedinas.com\/site\/wp-json\/wp\/v2\/posts\/25877\/revisions"}],"wp:featuredmedia":[{"embeddable":true,"href":"https:\/\/noticiasmercedinas.com\/site\/wp-json\/wp\/v2\/media\/25876"}],"wp:attachment":[{"href":"https:\/\/noticiasmercedinas.com\/site\/wp-json\/wp\/v2\/media?parent=25877"}],"wp:term":[{"taxonomy":"category","embeddable":true,"href":"https:\/\/noticiasmercedinas.com\/site\/wp-json\/wp\/v2\/categories?post=25877"},{"taxonomy":"post_tag","embeddable":true,"href":"https:\/\/noticiasmercedinas.com\/site\/wp-json\/wp\/v2\/tags?post=25877"}],"curies":[{"name":"wp","href":"https:\/\/api.w.org\/{rel}","templated":true}]}}