{"id":25965,"date":"2019-08-19T15:27:04","date_gmt":"2019-08-19T18:27:04","guid":{"rendered":"https:\/\/noticiasmercedinas.com\/site\/?p=25965"},"modified":"2019-08-19T15:27:04","modified_gmt":"2019-08-19T18:27:04","slug":"esteban-chala-parte-a-bangladesh-en-mision-humanitaria-de-la-onu","status":"publish","type":"post","link":"https:\/\/noticiasmercedinas.com\/site\/2019\/08\/19\/esteban-chala-parte-a-bangladesh-en-mision-humanitaria-de-la-onu\/","title":{"rendered":"Esteban Chal\u00e1 parte a Bangladesh en misi\u00f3n humanitaria de la ONU"},"content":{"rendered":"<p><a href=\"https:\/\/noticiasmercedinas.com\/site\/wp-content\/uploads\/2018\/09\/chala_terrrizzano-1.jpg\"><img loading=\"lazy\" decoding=\"async\" class=\"alignnone size-full wp-image-2554\" src=\"https:\/\/noticiasmercedinas.com\/site\/wp-content\/uploads\/2018\/09\/chala_terrrizzano-1.jpg\" alt=\"\" width=\"640\" height=\"360\" srcset=\"https:\/\/noticiasmercedinas.com\/site\/wp-content\/uploads\/2018\/09\/chala_terrrizzano-1.jpg 640w, https:\/\/noticiasmercedinas.com\/site\/wp-content\/uploads\/2018\/09\/chala_terrrizzano-1-300x169.jpg 300w\" sizes=\"auto, (max-width: 640px) 100vw, 640px\" \/><\/a><\/p>\n<p>Esteban Chal\u00e1, director de Protecci\u00f3n Civil del Municipio, partir\u00e1 el 24 o el 26 de agosto a Bangladesh para asumir la coordinaci\u00f3n de operaciones del m\u00e1s grande campo de refugiados del mundo, convocado por las Naciones Unidas (ONU).<\/p>\n<p>Durante aproximadamente dos meses, el mercedino participar\u00e1 de la misi\u00f3n humanitaria en Kutupalong, que alberga principalmente a los rohiny\u00e1 que huyen de la persecuci\u00f3n a los musulmanes en Birmania.<\/p>\n<p>\u201cEs un s\u00faper desaf\u00edo porque es un campamento que alberga a 1.200.000 personas a las que hay que brindarles caminos, rutas, vivienda, accesibilidad y servicios\u201d, explic\u00f3 Chal\u00e1 a NOTICIASMERCEDINAS.COM.<\/p>\n<audio class=\"wp-audio-shortcode\" id=\"audio-25965-1\" preload=\"none\" style=\"width: 100%;\" controls=\"controls\"><source type=\"audio\/mpeg\" src=\"https:\/\/noticiasmercedinas.com\/site\/wp-content\/uploads\/2019\/08\/chala_bangladesh.mp3?_=1\" \/><a href=\"https:\/\/noticiasmercedinas.com\/site\/wp-content\/uploads\/2019\/08\/chala_bangladesh.mp3\">https:\/\/noticiasmercedinas.com\/site\/wp-content\/uploads\/2019\/08\/chala_bangladesh.mp3<\/a><\/audio>\n<p>El funcionario, quien confi\u00f3 en que la experiencia le servir\u00e1 para su tarea en Mercedes, en medio de los aprontes para el viaje recibi\u00f3 una cena de despedida de sus compa\u00f1eros, quienes calificaron la designaci\u00f3n como \u201cun orgullo para nuestra gesti\u00f3n y para la ciudad\u201d.<\/p>\n<p><a href=\"https:\/\/noticiasmercedinas.com\/site\/wp-content\/uploads\/2019\/08\/chala_grupo.png\"><img loading=\"lazy\" decoding=\"async\" class=\"alignnone size-full wp-image-25966\" src=\"https:\/\/noticiasmercedinas.com\/site\/wp-content\/uploads\/2019\/08\/chala_grupo.png\" alt=\"\" width=\"640\" height=\"349\" srcset=\"https:\/\/noticiasmercedinas.com\/site\/wp-content\/uploads\/2019\/08\/chala_grupo.png 640w, https:\/\/noticiasmercedinas.com\/site\/wp-content\/uploads\/2019\/08\/chala_grupo-300x164.png 300w\" sizes=\"auto, (max-width: 640px) 100vw, 640px\" \/><\/a><\/p>\n","protected":false},"excerpt":{"rendered":"<p>Esteban Chal\u00e1, director de Protecci\u00f3n Civil del Municipio, partir\u00e1 el 24 o el 26 de agosto a Bangladesh para asumir la coordinaci\u00f3n de operaciones del m\u00e1s grande campo de refugiados del mundo, convocado por las Naciones Unidas (ONU). Durante aproximadamente dos meses, el mercedino participar\u00e1 de la misi\u00f3n humanitaria en Kutupalong, que alberga principalmente a [&hellip;]<\/p>\n","protected":false},"author":16,"featured_media":21453,"comment_status":"open","ping_status":"open","sticky":false,"template":"","format":"standard","meta":{"footnotes":""},"categories":[3],"tags":[6107,4239,939,6108],"class_list":["post-25965","post","type-post","status-publish","format-standard","has-post-thumbnail","hentry","category-sociedad","tag-bangladesh","tag-direccion-de-proteccion-civil-mercedes","tag-esteban-chala","tag-onu"],"yoast_head":"<!-- This site is optimized with the Yoast SEO plugin v27.4 - https:\/\/yoast.com\/product\/yoast-seo-wordpress\/ -->\n<title>Esteban Chal\u00e1 parte a Bangladesh en misi\u00f3n humanitaria de la ONU<\/title>\n<meta name=\"robots\" content=\"index, follow, max-snippet:-1, max-image-preview:large, max-video-preview:-1\" \/>\n<link rel=\"canonical\" href=\"https:\/\/noticiasmercedinas.com\/site\/2019\/08\/19\/esteban-chala-parte-a-bangladesh-en-mision-humanitaria-de-la-onu\/\" \/>\n<meta property=\"og:locale\" content=\"es_ES\" \/>\n<meta property=\"og:type\" content=\"article\" \/>\n<meta property=\"og:title\" content=\"Esteban Chal\u00e1 parte a Bangladesh en misi\u00f3n humanitaria de la ONU\" \/>\n<meta property=\"og:description\" content=\"Esteban Chal\u00e1, director de Protecci\u00f3n Civil del Municipio, partir\u00e1 el 24 o el 26 de agosto a Bangladesh para asumir la coordinaci\u00f3n de operaciones del m\u00e1s grande campo de refugiados del mundo, convocado por las Naciones Unidas (ONU). Durante aproximadamente dos meses, el mercedino participar\u00e1 de la misi\u00f3n humanitaria en Kutupalong, que alberga principalmente a [&hellip;]\" \/>\n<meta property=\"og:url\" content=\"https:\/\/noticiasmercedinas.com\/site\/2019\/08\/19\/esteban-chala-parte-a-bangladesh-en-mision-humanitaria-de-la-onu\/\" \/>\n<meta property=\"og:site_name\" content=\"NOTICIASMERCEDINAS.COM\" \/>\n<meta property=\"article:publisher\" content=\"https:\/\/www.facebook.com\/noticiasmercedinas\/\" \/>\n<meta property=\"article:published_time\" content=\"2019-08-19T18:27:04+00:00\" \/>\n<meta property=\"og:image\" content=\"https:\/\/noticiasmercedinas.com\/site\/wp-content\/uploads\/2019\/06\/chala_terrrizzano.jpg\" \/>\n\t<meta property=\"og:image:width\" content=\"640\" \/>\n\t<meta property=\"og:image:height\" content=\"360\" \/>\n\t<meta property=\"og:image:type\" content=\"image\/jpeg\" \/>\n<meta name=\"author\" content=\"NOTICIASMERCEDINAS.COM\" \/>\n<meta name=\"twitter:card\" content=\"summary_large_image\" \/>\n<meta name=\"twitter:creator\" content=\"@notmercedinas\" \/>\n<meta name=\"twitter:site\" content=\"@notmercedinas\" \/>\n<meta name=\"twitter:label1\" content=\"Escrito por\" \/>\n\t<meta name=\"twitter:data1\" content=\"NOTICIASMERCEDINAS.COM\" \/>\n\t<meta name=\"twitter:label2\" content=\"Tiempo de lectura\" \/>\n\t<meta name=\"twitter:data2\" content=\"1 minuto\" \/>\n<script type=\"application\/ld+json\" class=\"yoast-schema-graph\">{\"@context\":\"https:\\\/\\\/schema.org\",\"@graph\":[{\"@type\":\"Article\",\"@id\":\"https:\\\/\\\/noticiasmercedinas.com\\\/site\\\/2019\\\/08\\\/19\\\/esteban-chala-parte-a-bangladesh-en-mision-humanitaria-de-la-onu\\\/#article\",\"isPartOf\":{\"@id\":\"https:\\\/\\\/noticiasmercedinas.com\\\/site\\\/2019\\\/08\\\/19\\\/esteban-chala-parte-a-bangladesh-en-mision-humanitaria-de-la-onu\\\/\"},\"author\":{\"name\":\"NOTICIASMERCEDINAS.COM\",\"@id\":\"https:\\\/\\\/noticiasmercedinas.com\\\/site\\\/#\\\/schema\\\/person\\\/84b59c099c28ff2e8b77d4ceec5d8063\"},\"headline\":\"Esteban Chal\u00e1 parte a Bangladesh en misi\u00f3n humanitaria de la ONU\",\"datePublished\":\"2019-08-19T18:27:04+00:00\",\"mainEntityOfPage\":{\"@id\":\"https:\\\/\\\/noticiasmercedinas.com\\\/site\\\/2019\\\/08\\\/19\\\/esteban-chala-parte-a-bangladesh-en-mision-humanitaria-de-la-onu\\\/\"},\"wordCount\":173,\"commentCount\":1,\"publisher\":{\"@id\":\"https:\\\/\\\/noticiasmercedinas.com\\\/site\\\/#organization\"},\"image\":{\"@id\":\"https:\\\/\\\/noticiasmercedinas.com\\\/site\\\/2019\\\/08\\\/19\\\/esteban-chala-parte-a-bangladesh-en-mision-humanitaria-de-la-onu\\\/#primaryimage\"},\"thumbnailUrl\":\"https:\\\/\\\/noticiasmercedinas.com\\\/site\\\/wp-content\\\/uploads\\\/2019\\\/06\\\/chala_terrrizzano.jpg\",\"keywords\":[\"Bangladesh\",\"Direcci\u00f3n de Protecci\u00f3n Civil Mercedes\",\"esteban chal\u00e1\",\"ONU\"],\"articleSection\":[\"Sociedad\"],\"inLanguage\":\"es\",\"potentialAction\":[{\"@type\":\"CommentAction\",\"name\":\"Comment\",\"target\":[\"https:\\\/\\\/noticiasmercedinas.com\\\/site\\\/2019\\\/08\\\/19\\\/esteban-chala-parte-a-bangladesh-en-mision-humanitaria-de-la-onu\\\/#respond\"]}]},{\"@type\":\"WebPage\",\"@id\":\"https:\\\/\\\/noticiasmercedinas.com\\\/site\\\/2019\\\/08\\\/19\\\/esteban-chala-parte-a-bangladesh-en-mision-humanitaria-de-la-onu\\\/\",\"url\":\"https:\\\/\\\/noticiasmercedinas.com\\\/site\\\/2019\\\/08\\\/19\\\/esteban-chala-parte-a-bangladesh-en-mision-humanitaria-de-la-onu\\\/\",\"name\":\"Esteban Chal\u00e1 parte a Bangladesh en misi\u00f3n humanitaria de la ONU\",\"isPartOf\":{\"@id\":\"https:\\\/\\\/noticiasmercedinas.com\\\/site\\\/#website\"},\"primaryImageOfPage\":{\"@id\":\"https:\\\/\\\/noticiasmercedinas.com\\\/site\\\/2019\\\/08\\\/19\\\/esteban-chala-parte-a-bangladesh-en-mision-humanitaria-de-la-onu\\\/#primaryimage\"},\"image\":{\"@id\":\"https:\\\/\\\/noticiasmercedinas.com\\\/site\\\/2019\\\/08\\\/19\\\/esteban-chala-parte-a-bangladesh-en-mision-humanitaria-de-la-onu\\\/#primaryimage\"},\"thumbnailUrl\":\"https:\\\/\\\/noticiasmercedinas.com\\\/site\\\/wp-content\\\/uploads\\\/2019\\\/06\\\/chala_terrrizzano.jpg\",\"datePublished\":\"2019-08-19T18:27:04+00:00\",\"breadcrumb\":{\"@id\":\"https:\\\/\\\/noticiasmercedinas.com\\\/site\\\/2019\\\/08\\\/19\\\/esteban-chala-parte-a-bangladesh-en-mision-humanitaria-de-la-onu\\\/#breadcrumb\"},\"inLanguage\":\"es\",\"potentialAction\":[{\"@type\":\"ReadAction\",\"target\":[\"https:\\\/\\\/noticiasmercedinas.com\\\/site\\\/2019\\\/08\\\/19\\\/esteban-chala-parte-a-bangladesh-en-mision-humanitaria-de-la-onu\\\/\"]}]},{\"@type\":\"ImageObject\",\"inLanguage\":\"es\",\"@id\":\"https:\\\/\\\/noticiasmercedinas.com\\\/site\\\/2019\\\/08\\\/19\\\/esteban-chala-parte-a-bangladesh-en-mision-humanitaria-de-la-onu\\\/#primaryimage\",\"url\":\"https:\\\/\\\/noticiasmercedinas.com\\\/site\\\/wp-content\\\/uploads\\\/2019\\\/06\\\/chala_terrrizzano.jpg\",\"contentUrl\":\"https:\\\/\\\/noticiasmercedinas.com\\\/site\\\/wp-content\\\/uploads\\\/2019\\\/06\\\/chala_terrrizzano.jpg\",\"width\":640,\"height\":360},{\"@type\":\"BreadcrumbList\",\"@id\":\"https:\\\/\\\/noticiasmercedinas.com\\\/site\\\/2019\\\/08\\\/19\\\/esteban-chala-parte-a-bangladesh-en-mision-humanitaria-de-la-onu\\\/#breadcrumb\",\"itemListElement\":[{\"@type\":\"ListItem\",\"position\":1,\"name\":\"Portada\",\"item\":\"https:\\\/\\\/noticiasmercedinas.com\\\/site\\\/\"},{\"@type\":\"ListItem\",\"position\":2,\"name\":\"Esteban Chal\u00e1 parte a Bangladesh en misi\u00f3n humanitaria de la ONU\"}]},{\"@type\":\"WebSite\",\"@id\":\"https:\\\/\\\/noticiasmercedinas.com\\\/site\\\/#website\",\"url\":\"https:\\\/\\\/noticiasmercedinas.com\\\/site\\\/\",\"name\":\"NOTICIASMERCEDINAS.COM\",\"description\":\"Mercedes, Buenos Aires, Argentina\",\"publisher\":{\"@id\":\"https:\\\/\\\/noticiasmercedinas.com\\\/site\\\/#organization\"},\"potentialAction\":[{\"@type\":\"SearchAction\",\"target\":{\"@type\":\"EntryPoint\",\"urlTemplate\":\"https:\\\/\\\/noticiasmercedinas.com\\\/site\\\/?s={search_term_string}\"},\"query-input\":{\"@type\":\"PropertyValueSpecification\",\"valueRequired\":true,\"valueName\":\"search_term_string\"}}],\"inLanguage\":\"es\"},{\"@type\":\"Organization\",\"@id\":\"https:\\\/\\\/noticiasmercedinas.com\\\/site\\\/#organization\",\"name\":\"NOTICIASMERCEDINAS.COM\",\"url\":\"https:\\\/\\\/noticiasmercedinas.com\\\/site\\\/\",\"logo\":{\"@type\":\"ImageObject\",\"inLanguage\":\"es\",\"@id\":\"https:\\\/\\\/noticiasmercedinas.com\\\/site\\\/#\\\/schema\\\/logo\\\/image\\\/\",\"url\":\"https:\\\/\\\/noticiasmercedinas.com\\\/site\\\/wp-content\\\/uploads\\\/2020\\\/06\\\/LOGO-512.jpg\",\"contentUrl\":\"https:\\\/\\\/noticiasmercedinas.com\\\/site\\\/wp-content\\\/uploads\\\/2020\\\/06\\\/LOGO-512.jpg\",\"width\":512,\"height\":512,\"caption\":\"NOTICIASMERCEDINAS.COM\"},\"image\":{\"@id\":\"https:\\\/\\\/noticiasmercedinas.com\\\/site\\\/#\\\/schema\\\/logo\\\/image\\\/\"},\"sameAs\":[\"https:\\\/\\\/www.facebook.com\\\/noticiasmercedinas\\\/\",\"https:\\\/\\\/x.com\\\/notmercedinas\",\"https:\\\/\\\/www.instagram.com\\\/noticiasmercedinas\\\/\"]},{\"@type\":\"Person\",\"@id\":\"https:\\\/\\\/noticiasmercedinas.com\\\/site\\\/#\\\/schema\\\/person\\\/84b59c099c28ff2e8b77d4ceec5d8063\",\"name\":\"NOTICIASMERCEDINAS.COM\",\"image\":{\"@type\":\"ImageObject\",\"inLanguage\":\"es\",\"@id\":\"https:\\\/\\\/secure.gravatar.com\\\/avatar\\\/4dfbf16b4d17945bfb6341b2d19043457132fcf478a5ee04f42e959fd8f5df0a?s=96&d=mm&r=g\",\"url\":\"https:\\\/\\\/secure.gravatar.com\\\/avatar\\\/4dfbf16b4d17945bfb6341b2d19043457132fcf478a5ee04f42e959fd8f5df0a?s=96&d=mm&r=g\",\"contentUrl\":\"https:\\\/\\\/secure.gravatar.com\\\/avatar\\\/4dfbf16b4d17945bfb6341b2d19043457132fcf478a5ee04f42e959fd8f5df0a?s=96&d=mm&r=g\",\"caption\":\"NOTICIASMERCEDINAS.COM\"},\"url\":\"https:\\\/\\\/noticiasmercedinas.com\\\/site\\\/author\\\/anonimo\\\/\"}]}<\/script>\n<!-- \/ Yoast SEO plugin. -->","yoast_head_json":{"title":"Esteban Chal\u00e1 parte a Bangladesh en misi\u00f3n humanitaria de la ONU","robots":{"index":"index","follow":"follow","max-snippet":"max-snippet:-1","max-image-preview":"max-image-preview:large","max-video-preview":"max-video-preview:-1"},"canonical":"https:\/\/noticiasmercedinas.com\/site\/2019\/08\/19\/esteban-chala-parte-a-bangladesh-en-mision-humanitaria-de-la-onu\/","og_locale":"es_ES","og_type":"article","og_title":"Esteban Chal\u00e1 parte a Bangladesh en misi\u00f3n humanitaria de la ONU","og_description":"Esteban Chal\u00e1, director de Protecci\u00f3n Civil del Municipio, partir\u00e1 el 24 o el 26 de agosto a Bangladesh para asumir la coordinaci\u00f3n de operaciones del m\u00e1s grande campo de refugiados del mundo, convocado por las Naciones Unidas (ONU). Durante aproximadamente dos meses, el mercedino participar\u00e1 de la misi\u00f3n humanitaria en Kutupalong, que alberga principalmente a [&hellip;]","og_url":"https:\/\/noticiasmercedinas.com\/site\/2019\/08\/19\/esteban-chala-parte-a-bangladesh-en-mision-humanitaria-de-la-onu\/","og_site_name":"NOTICIASMERCEDINAS.COM","article_publisher":"https:\/\/www.facebook.com\/noticiasmercedinas\/","article_published_time":"2019-08-19T18:27:04+00:00","og_image":[{"width":640,"height":360,"url":"https:\/\/noticiasmercedinas.com\/site\/wp-content\/uploads\/2019\/06\/chala_terrrizzano.jpg","type":"image\/jpeg"}],"author":"NOTICIASMERCEDINAS.COM","twitter_card":"summary_large_image","twitter_creator":"@notmercedinas","twitter_site":"@notmercedinas","twitter_misc":{"Escrito por":"NOTICIASMERCEDINAS.COM","Tiempo de lectura":"1 minuto"},"schema":{"@context":"https:\/\/schema.org","@graph":[{"@type":"Article","@id":"https:\/\/noticiasmercedinas.com\/site\/2019\/08\/19\/esteban-chala-parte-a-bangladesh-en-mision-humanitaria-de-la-onu\/#article","isPartOf":{"@id":"https:\/\/noticiasmercedinas.com\/site\/2019\/08\/19\/esteban-chala-parte-a-bangladesh-en-mision-humanitaria-de-la-onu\/"},"author":{"name":"NOTICIASMERCEDINAS.COM","@id":"https:\/\/noticiasmercedinas.com\/site\/#\/schema\/person\/84b59c099c28ff2e8b77d4ceec5d8063"},"headline":"Esteban Chal\u00e1 parte a Bangladesh en misi\u00f3n humanitaria de la ONU","datePublished":"2019-08-19T18:27:04+00:00","mainEntityOfPage":{"@id":"https:\/\/noticiasmercedinas.com\/site\/2019\/08\/19\/esteban-chala-parte-a-bangladesh-en-mision-humanitaria-de-la-onu\/"},"wordCount":173,"commentCount":1,"publisher":{"@id":"https:\/\/noticiasmercedinas.com\/site\/#organization"},"image":{"@id":"https:\/\/noticiasmercedinas.com\/site\/2019\/08\/19\/esteban-chala-parte-a-bangladesh-en-mision-humanitaria-de-la-onu\/#primaryimage"},"thumbnailUrl":"https:\/\/noticiasmercedinas.com\/site\/wp-content\/uploads\/2019\/06\/chala_terrrizzano.jpg","keywords":["Bangladesh","Direcci\u00f3n de Protecci\u00f3n Civil Mercedes","esteban chal\u00e1","ONU"],"articleSection":["Sociedad"],"inLanguage":"es","potentialAction":[{"@type":"CommentAction","name":"Comment","target":["https:\/\/noticiasmercedinas.com\/site\/2019\/08\/19\/esteban-chala-parte-a-bangladesh-en-mision-humanitaria-de-la-onu\/#respond"]}]},{"@type":"WebPage","@id":"https:\/\/noticiasmercedinas.com\/site\/2019\/08\/19\/esteban-chala-parte-a-bangladesh-en-mision-humanitaria-de-la-onu\/","url":"https:\/\/noticiasmercedinas.com\/site\/2019\/08\/19\/esteban-chala-parte-a-bangladesh-en-mision-humanitaria-de-la-onu\/","name":"Esteban Chal\u00e1 parte a Bangladesh en misi\u00f3n humanitaria de la ONU","isPartOf":{"@id":"https:\/\/noticiasmercedinas.com\/site\/#website"},"primaryImageOfPage":{"@id":"https:\/\/noticiasmercedinas.com\/site\/2019\/08\/19\/esteban-chala-parte-a-bangladesh-en-mision-humanitaria-de-la-onu\/#primaryimage"},"image":{"@id":"https:\/\/noticiasmercedinas.com\/site\/2019\/08\/19\/esteban-chala-parte-a-bangladesh-en-mision-humanitaria-de-la-onu\/#primaryimage"},"thumbnailUrl":"https:\/\/noticiasmercedinas.com\/site\/wp-content\/uploads\/2019\/06\/chala_terrrizzano.jpg","datePublished":"2019-08-19T18:27:04+00:00","breadcrumb":{"@id":"https:\/\/noticiasmercedinas.com\/site\/2019\/08\/19\/esteban-chala-parte-a-bangladesh-en-mision-humanitaria-de-la-onu\/#breadcrumb"},"inLanguage":"es","potentialAction":[{"@type":"ReadAction","target":["https:\/\/noticiasmercedinas.com\/site\/2019\/08\/19\/esteban-chala-parte-a-bangladesh-en-mision-humanitaria-de-la-onu\/"]}]},{"@type":"ImageObject","inLanguage":"es","@id":"https:\/\/noticiasmercedinas.com\/site\/2019\/08\/19\/esteban-chala-parte-a-bangladesh-en-mision-humanitaria-de-la-onu\/#primaryimage","url":"https:\/\/noticiasmercedinas.com\/site\/wp-content\/uploads\/2019\/06\/chala_terrrizzano.jpg","contentUrl":"https:\/\/noticiasmercedinas.com\/site\/wp-content\/uploads\/2019\/06\/chala_terrrizzano.jpg","width":640,"height":360},{"@type":"BreadcrumbList","@id":"https:\/\/noticiasmercedinas.com\/site\/2019\/08\/19\/esteban-chala-parte-a-bangladesh-en-mision-humanitaria-de-la-onu\/#breadcrumb","itemListElement":[{"@type":"ListItem","position":1,"name":"Portada","item":"https:\/\/noticiasmercedinas.com\/site\/"},{"@type":"ListItem","position":2,"name":"Esteban Chal\u00e1 parte a Bangladesh en misi\u00f3n humanitaria de la ONU"}]},{"@type":"WebSite","@id":"https:\/\/noticiasmercedinas.com\/site\/#website","url":"https:\/\/noticiasmercedinas.com\/site\/","name":"NOTICIASMERCEDINAS.COM","description":"Mercedes, Buenos Aires, Argentina","publisher":{"@id":"https:\/\/noticiasmercedinas.com\/site\/#organization"},"potentialAction":[{"@type":"SearchAction","target":{"@type":"EntryPoint","urlTemplate":"https:\/\/noticiasmercedinas.com\/site\/?s={search_term_string}"},"query-input":{"@type":"PropertyValueSpecification","valueRequired":true,"valueName":"search_term_string"}}],"inLanguage":"es"},{"@type":"Organization","@id":"https:\/\/noticiasmercedinas.com\/site\/#organization","name":"NOTICIASMERCEDINAS.COM","url":"https:\/\/noticiasmercedinas.com\/site\/","logo":{"@type":"ImageObject","inLanguage":"es","@id":"https:\/\/noticiasmercedinas.com\/site\/#\/schema\/logo\/image\/","url":"https:\/\/noticiasmercedinas.com\/site\/wp-content\/uploads\/2020\/06\/LOGO-512.jpg","contentUrl":"https:\/\/noticiasmercedinas.com\/site\/wp-content\/uploads\/2020\/06\/LOGO-512.jpg","width":512,"height":512,"caption":"NOTICIASMERCEDINAS.COM"},"image":{"@id":"https:\/\/noticiasmercedinas.com\/site\/#\/schema\/logo\/image\/"},"sameAs":["https:\/\/www.facebook.com\/noticiasmercedinas\/","https:\/\/x.com\/notmercedinas","https:\/\/www.instagram.com\/noticiasmercedinas\/"]},{"@type":"Person","@id":"https:\/\/noticiasmercedinas.com\/site\/#\/schema\/person\/84b59c099c28ff2e8b77d4ceec5d8063","name":"NOTICIASMERCEDINAS.COM","image":{"@type":"ImageObject","inLanguage":"es","@id":"https:\/\/secure.gravatar.com\/avatar\/4dfbf16b4d17945bfb6341b2d19043457132fcf478a5ee04f42e959fd8f5df0a?s=96&d=mm&r=g","url":"https:\/\/secure.gravatar.com\/avatar\/4dfbf16b4d17945bfb6341b2d19043457132fcf478a5ee04f42e959fd8f5df0a?s=96&d=mm&r=g","contentUrl":"https:\/\/secure.gravatar.com\/avatar\/4dfbf16b4d17945bfb6341b2d19043457132fcf478a5ee04f42e959fd8f5df0a?s=96&d=mm&r=g","caption":"NOTICIASMERCEDINAS.COM"},"url":"https:\/\/noticiasmercedinas.com\/site\/author\/anonimo\/"}]}},"amp_enabled":true,"_links":{"self":[{"href":"https:\/\/noticiasmercedinas.com\/site\/wp-json\/wp\/v2\/posts\/25965","targetHints":{"allow":["GET"]}}],"collection":[{"href":"https:\/\/noticiasmercedinas.com\/site\/wp-json\/wp\/v2\/posts"}],"about":[{"href":"https:\/\/noticiasmercedinas.com\/site\/wp-json\/wp\/v2\/types\/post"}],"author":[{"embeddable":true,"href":"https:\/\/noticiasmercedinas.com\/site\/wp-json\/wp\/v2\/users\/16"}],"replies":[{"embeddable":true,"href":"https:\/\/noticiasmercedinas.com\/site\/wp-json\/wp\/v2\/comments?post=25965"}],"version-history":[{"count":3,"href":"https:\/\/noticiasmercedinas.com\/site\/wp-json\/wp\/v2\/posts\/25965\/revisions"}],"predecessor-version":[{"id":25971,"href":"https:\/\/noticiasmercedinas.com\/site\/wp-json\/wp\/v2\/posts\/25965\/revisions\/25971"}],"wp:featuredmedia":[{"embeddable":true,"href":"https:\/\/noticiasmercedinas.com\/site\/wp-json\/wp\/v2\/media\/21453"}],"wp:attachment":[{"href":"https:\/\/noticiasmercedinas.com\/site\/wp-json\/wp\/v2\/media?parent=25965"}],"wp:term":[{"taxonomy":"category","embeddable":true,"href":"https:\/\/noticiasmercedinas.com\/site\/wp-json\/wp\/v2\/categories?post=25965"},{"taxonomy":"post_tag","embeddable":true,"href":"https:\/\/noticiasmercedinas.com\/site\/wp-json\/wp\/v2\/tags?post=25965"}],"curies":[{"name":"wp","href":"https:\/\/api.w.org\/{rel}","templated":true}]}}