{"id":26009,"date":"2019-08-19T18:35:51","date_gmt":"2019-08-19T21:35:51","guid":{"rendered":"https:\/\/noticiasmercedinas.com\/site\/?p=26009"},"modified":"2019-08-19T18:35:51","modified_gmt":"2019-08-19T21:35:51","slug":"all-boys-solidario-y-una-nueva-accion-en-el-dia-del-nino","status":"publish","type":"post","link":"https:\/\/noticiasmercedinas.com\/site\/2019\/08\/19\/all-boys-solidario-y-una-nueva-accion-en-el-dia-del-nino\/","title":{"rendered":"All Boys Solidario y una nueva acci\u00f3n en el D\u00eda del Ni\u00f1o"},"content":{"rendered":"\r\n                <style type=\"text\/css\">\r\n                    \r\n                    #td_uid_1_69ef41c3028a1  .td-doubleSlider-2 .td-item1 {\r\n                        background: url(https:\/\/noticiasmercedinas.com\/site\/wp-content\/uploads\/2019\/08\/c4d6e871-ed93-4dc6-a66c-0a426958c370-160x120.jpg) 0 0 no-repeat;\r\n                    }\r\n                    #td_uid_1_69ef41c3028a1  .td-doubleSlider-2 .td-item2 {\r\n                        background: url(https:\/\/noticiasmercedinas.com\/site\/wp-content\/uploads\/2019\/08\/c67522c6-3b0b-4624-b858-ac5bc6c79a94-160x120.jpg) 0 0 no-repeat;\r\n                    }\r\n                    #td_uid_1_69ef41c3028a1  .td-doubleSlider-2 .td-item3 {\r\n                        background: url(https:\/\/noticiasmercedinas.com\/site\/wp-content\/uploads\/2019\/08\/418f4513-6d73-4231-9e58-6e53f057cc80-160x120.jpg) 0 0 no-repeat;\r\n                    }\r\n                <\/style>\r\n\r\n                <div id=\"td_uid_1_69ef41c3028a1\" class=\"td-gallery td-slide-on-2-columns\">\r\n                    <div class=\"post_td_gallery\">\r\n                        <div class=\"td-gallery-slide-top\">\r\n                           <div class=\"td-gallery-title\"><\/div>\r\n\r\n                            <div class=\"td-gallery-controls-wrapper\">\r\n                                <div class=\"td-gallery-slide-count\"><span class=\"td-gallery-slide-item-focus\">1<\/span> de 3<\/div>\r\n                                <div class=\"td-gallery-slide-prev-next-but\">\r\n                                    <i class = \"td-icon-left doubleSliderPrevButton\"><\/i>\r\n                                    <i class = \"td-icon-right doubleSliderNextButton\"><\/i>\r\n                                <\/div>\r\n                            <\/div>\r\n                        <\/div>\r\n\r\n                        <div class = \"td-doubleSlider-1 \">\r\n                            <div class = \"td-slider\">\r\n                                \r\n                    <div class = \"td-slide-item td-item1\">\r\n                        <figure class=\"td-slide-galery-figure td-slide-popup-gallery\">\r\n                            <a class=\"slide-gallery-image-link\" href=\"https:\/\/noticiasmercedinas.com\/site\/wp-content\/uploads\/2019\/08\/c4d6e871-ed93-4dc6-a66c-0a426958c370.jpg\" title=\"c4d6e871-ed93-4dc6-a66c-0a426958c370\"  data-caption=\"\"  data-description=\"\">\r\n                                <img decoding=\"async\" src=\"https:\/\/noticiasmercedinas.com\/site\/wp-content\/uploads\/2019\/08\/c4d6e871-ed93-4dc6-a66c-0a426958c370.jpg\" srcset=\"https:\/\/noticiasmercedinas.com\/site\/wp-content\/uploads\/2019\/08\/c4d6e871-ed93-4dc6-a66c-0a426958c370.jpg 1280w, https:\/\/noticiasmercedinas.com\/site\/wp-content\/uploads\/2019\/08\/c4d6e871-ed93-4dc6-a66c-0a426958c370-300x225.jpg 300w, https:\/\/noticiasmercedinas.com\/site\/wp-content\/uploads\/2019\/08\/c4d6e871-ed93-4dc6-a66c-0a426958c370-768x576.jpg 768w, https:\/\/noticiasmercedinas.com\/site\/wp-content\/uploads\/2019\/08\/c4d6e871-ed93-4dc6-a66c-0a426958c370-1024x768.jpg 1024w, https:\/\/noticiasmercedinas.com\/site\/wp-content\/uploads\/2019\/08\/c4d6e871-ed93-4dc6-a66c-0a426958c370-80x60.jpg 80w, https:\/\/noticiasmercedinas.com\/site\/wp-content\/uploads\/2019\/08\/c4d6e871-ed93-4dc6-a66c-0a426958c370-160x120.jpg 160w, https:\/\/noticiasmercedinas.com\/site\/wp-content\/uploads\/2019\/08\/c4d6e871-ed93-4dc6-a66c-0a426958c370-100x75.jpg 100w, https:\/\/noticiasmercedinas.com\/site\/wp-content\/uploads\/2019\/08\/c4d6e871-ed93-4dc6-a66c-0a426958c370-200x150.jpg 200w, https:\/\/noticiasmercedinas.com\/site\/wp-content\/uploads\/2019\/08\/c4d6e871-ed93-4dc6-a66c-0a426958c370-180x135.jpg 180w, https:\/\/noticiasmercedinas.com\/site\/wp-content\/uploads\/2019\/08\/c4d6e871-ed93-4dc6-a66c-0a426958c370-360x270.jpg 360w, https:\/\/noticiasmercedinas.com\/site\/wp-content\/uploads\/2019\/08\/c4d6e871-ed93-4dc6-a66c-0a426958c370-238x178.jpg 238w, https:\/\/noticiasmercedinas.com\/site\/wp-content\/uploads\/2019\/08\/c4d6e871-ed93-4dc6-a66c-0a426958c370-476x356.jpg 476w, https:\/\/noticiasmercedinas.com\/site\/wp-content\/uploads\/2019\/08\/c4d6e871-ed93-4dc6-a66c-0a426958c370-640x480.jpg 640w, https:\/\/noticiasmercedinas.com\/site\/wp-content\/uploads\/2019\/08\/c4d6e871-ed93-4dc6-a66c-0a426958c370-681x511.jpg 681w\" sizes=\"(max-width: 1280px) 100vw, 1280px\" alt=\"\">\r\n                            <\/a>\r\n                            \r\n                        <\/figure>\r\n                    <\/div>\r\n                    <div class = \"td-slide-item td-item2\">\r\n                        <figure class=\"td-slide-galery-figure td-slide-popup-gallery\">\r\n                            <a class=\"slide-gallery-image-link\" href=\"https:\/\/noticiasmercedinas.com\/site\/wp-content\/uploads\/2019\/08\/c67522c6-3b0b-4624-b858-ac5bc6c79a94.jpg\" title=\"c67522c6-3b0b-4624-b858-ac5bc6c79a94\"  data-caption=\"\"  data-description=\"\">\r\n                                <img decoding=\"async\" src=\"https:\/\/noticiasmercedinas.com\/site\/wp-content\/uploads\/2019\/08\/c67522c6-3b0b-4624-b858-ac5bc6c79a94.jpg\" srcset=\"https:\/\/noticiasmercedinas.com\/site\/wp-content\/uploads\/2019\/08\/c67522c6-3b0b-4624-b858-ac5bc6c79a94.jpg 1032w, https:\/\/noticiasmercedinas.com\/site\/wp-content\/uploads\/2019\/08\/c67522c6-3b0b-4624-b858-ac5bc6c79a94-300x225.jpg 300w, https:\/\/noticiasmercedinas.com\/site\/wp-content\/uploads\/2019\/08\/c67522c6-3b0b-4624-b858-ac5bc6c79a94-768x576.jpg 768w, https:\/\/noticiasmercedinas.com\/site\/wp-content\/uploads\/2019\/08\/c67522c6-3b0b-4624-b858-ac5bc6c79a94-1024x768.jpg 1024w, https:\/\/noticiasmercedinas.com\/site\/wp-content\/uploads\/2019\/08\/c67522c6-3b0b-4624-b858-ac5bc6c79a94-80x60.jpg 80w, https:\/\/noticiasmercedinas.com\/site\/wp-content\/uploads\/2019\/08\/c67522c6-3b0b-4624-b858-ac5bc6c79a94-160x120.jpg 160w, https:\/\/noticiasmercedinas.com\/site\/wp-content\/uploads\/2019\/08\/c67522c6-3b0b-4624-b858-ac5bc6c79a94-100x75.jpg 100w, https:\/\/noticiasmercedinas.com\/site\/wp-content\/uploads\/2019\/08\/c67522c6-3b0b-4624-b858-ac5bc6c79a94-200x150.jpg 200w, https:\/\/noticiasmercedinas.com\/site\/wp-content\/uploads\/2019\/08\/c67522c6-3b0b-4624-b858-ac5bc6c79a94-180x135.jpg 180w, https:\/\/noticiasmercedinas.com\/site\/wp-content\/uploads\/2019\/08\/c67522c6-3b0b-4624-b858-ac5bc6c79a94-360x270.jpg 360w, https:\/\/noticiasmercedinas.com\/site\/wp-content\/uploads\/2019\/08\/c67522c6-3b0b-4624-b858-ac5bc6c79a94-238x178.jpg 238w, https:\/\/noticiasmercedinas.com\/site\/wp-content\/uploads\/2019\/08\/c67522c6-3b0b-4624-b858-ac5bc6c79a94-476x356.jpg 476w, https:\/\/noticiasmercedinas.com\/site\/wp-content\/uploads\/2019\/08\/c67522c6-3b0b-4624-b858-ac5bc6c79a94-640x480.jpg 640w, https:\/\/noticiasmercedinas.com\/site\/wp-content\/uploads\/2019\/08\/c67522c6-3b0b-4624-b858-ac5bc6c79a94-681x511.jpg 681w\" sizes=\"(max-width: 1032px) 100vw, 1032px\" alt=\"\">\r\n                            <\/a>\r\n                            \r\n                        <\/figure>\r\n                    <\/div>\r\n                    <div class = \"td-slide-item td-item3\">\r\n                        <figure class=\"td-slide-galery-figure td-slide-popup-gallery\">\r\n                            <a class=\"slide-gallery-image-link\" href=\"https:\/\/noticiasmercedinas.com\/site\/wp-content\/uploads\/2019\/08\/418f4513-6d73-4231-9e58-6e53f057cc80.jpg\" title=\"418f4513-6d73-4231-9e58-6e53f057cc80\"  data-caption=\"\"  data-description=\"\">\r\n                                <img decoding=\"async\" src=\"https:\/\/noticiasmercedinas.com\/site\/wp-content\/uploads\/2019\/08\/418f4513-6d73-4231-9e58-6e53f057cc80.jpg\" srcset=\"https:\/\/noticiasmercedinas.com\/site\/wp-content\/uploads\/2019\/08\/418f4513-6d73-4231-9e58-6e53f057cc80.jpg 1032w, https:\/\/noticiasmercedinas.com\/site\/wp-content\/uploads\/2019\/08\/418f4513-6d73-4231-9e58-6e53f057cc80-300x169.jpg 300w, https:\/\/noticiasmercedinas.com\/site\/wp-content\/uploads\/2019\/08\/418f4513-6d73-4231-9e58-6e53f057cc80-768x432.jpg 768w, https:\/\/noticiasmercedinas.com\/site\/wp-content\/uploads\/2019\/08\/418f4513-6d73-4231-9e58-6e53f057cc80-1024x576.jpg 1024w, https:\/\/noticiasmercedinas.com\/site\/wp-content\/uploads\/2019\/08\/418f4513-6d73-4231-9e58-6e53f057cc80-640x360.jpg 640w, https:\/\/noticiasmercedinas.com\/site\/wp-content\/uploads\/2019\/08\/418f4513-6d73-4231-9e58-6e53f057cc80-681x383.jpg 681w\" sizes=\"(max-width: 1032px) 100vw, 1032px\" alt=\"\">\r\n                            <\/a>\r\n                            \r\n                        <\/figure>\r\n                    <\/div>\r\n                            <\/div>\r\n                        <\/div>\r\n\r\n                        <div class = \"td-doubleSlider-2\">\r\n                            <div class = \"td-slider\">\r\n                                \r\n                    <div class = \"td-button td-item1\">\r\n                        <div class = \"td-border\"><\/div>\r\n                    <\/div>\r\n                    <div class = \"td-button td-item2\">\r\n                        <div class = \"td-border\"><\/div>\r\n                    <\/div>\r\n                    <div class = \"td-button td-item3\">\r\n                        <div class = \"td-border\"><\/div>\r\n                    <\/div>\r\n                            <\/div>\r\n                        <\/div>\r\n\r\n                    <\/div>\r\n\r\n                <\/div>\r\n                \n<p>Desde All Boys Solidario Mercedes festejaron el d\u00eda de la ni\u00f1ez en el barrio San Mart\u00edn, en el merendero \u00abEspacios de Amor\u00bb, que coordina Roxana Lucero.<\/p>\n<p>La actividad cont\u00f3 con mas de 120 chicos, y un total de casi 200 personas que se sumaron.<\/p>\n<p>\u00abTodos los ni\u00f1os se llevaron un regalo, pudimos sortear dos bicicletas, una de var\u00f3n y una de mujer, y algunas pelotas de f\u00fatbol\u00bb, cont\u00f3 Omar \u00abPelusa\u00bb Gonz\u00e1lez, de All Boys.<\/p>\n<p>\u00abCerramos la jornada con golosinas, pastafrolas y otros regalos\u00bb, explic\u00f3 y remarc\u00f3 que\u00a0Rosana Carrizo, Paola Courtade, Candelaria Revora, Vanina Crivelli, Malena Del Giudice, Milagros Adorno, Cecilia Zazzali y Mar\u00eda Cecilia Langan fueron las voluntarias que se sumaron.<\/p>\n","protected":false},"excerpt":{"rendered":"<p>Desde All Boys Solidario Mercedes festejaron el d\u00eda de la ni\u00f1ez en el barrio San Mart\u00edn, en el merendero \u00abEspacios de Amor\u00bb, que coordina Roxana Lucero. La actividad cont\u00f3 con mas de 120 chicos, y un total de casi 200 personas que se sumaron. \u00abTodos los ni\u00f1os se llevaron un regalo, pudimos sortear dos bicicletas, [&hellip;]<\/p>\n","protected":false},"author":2,"featured_media":26011,"comment_status":"open","ping_status":"open","sticky":false,"template":"","format":"standard","meta":{"footnotes":""},"categories":[3],"tags":[3017,5665,6120,79,3367,6121,6119,4845,6118,5668,5670],"class_list":["post-26009","post","type-post","status-publish","format-standard","has-post-thumbnail","hentry","category-sociedad","tag-all-boys-solidario","tag-candelaria-revora","tag-cecilia-zazzali","tag-dia-del-nino","tag-malena-del-giudice","tag-maria-cecilia-langan","tag-milagros-adorno","tag-omar-pelusa-gonzalez","tag-paola-courtade","tag-rosana-carrizo","tag-vanina-crivelli"],"yoast_head":"<!-- This site is optimized with the Yoast SEO plugin v27.4 - https:\/\/yoast.com\/product\/yoast-seo-wordpress\/ -->\n<title>All Boys Solidario y una nueva acci\u00f3n en el D\u00eda del Ni\u00f1o<\/title>\n<meta name=\"robots\" content=\"index, follow, max-snippet:-1, max-image-preview:large, max-video-preview:-1\" \/>\n<link rel=\"canonical\" href=\"https:\/\/noticiasmercedinas.com\/site\/2019\/08\/19\/all-boys-solidario-y-una-nueva-accion-en-el-dia-del-nino\/\" \/>\n<meta property=\"og:locale\" content=\"es_ES\" \/>\n<meta property=\"og:type\" content=\"article\" \/>\n<meta property=\"og:title\" content=\"All Boys Solidario y una nueva acci\u00f3n en el D\u00eda del Ni\u00f1o\" \/>\n<meta property=\"og:description\" content=\"Desde All Boys Solidario Mercedes festejaron el d\u00eda de la ni\u00f1ez en el barrio San Mart\u00edn, en el merendero \u00abEspacios de Amor\u00bb, que coordina Roxana Lucero. La actividad cont\u00f3 con mas de 120 chicos, y un total de casi 200 personas que se sumaron. \u00abTodos los ni\u00f1os se llevaron un regalo, pudimos sortear dos bicicletas, [&hellip;]\" \/>\n<meta property=\"og:url\" content=\"https:\/\/noticiasmercedinas.com\/site\/2019\/08\/19\/all-boys-solidario-y-una-nueva-accion-en-el-dia-del-nino\/\" \/>\n<meta property=\"og:site_name\" content=\"NOTICIASMERCEDINAS.COM\" \/>\n<meta property=\"article:publisher\" content=\"https:\/\/www.facebook.com\/noticiasmercedinas\/\" \/>\n<meta property=\"article:author\" content=\"https:\/\/www.facebook.com\/cristian.falabella\" \/>\n<meta property=\"article:published_time\" content=\"2019-08-19T21:35:51+00:00\" \/>\n<meta property=\"og:image\" content=\"https:\/\/noticiasmercedinas.com\/site\/wp-content\/uploads\/2019\/08\/c67522c6-3b0b-4624-b858-ac5bc6c79a94.jpg\" \/>\n\t<meta property=\"og:image:width\" content=\"1032\" \/>\n\t<meta property=\"og:image:height\" content=\"774\" \/>\n\t<meta property=\"og:image:type\" content=\"image\/jpeg\" \/>\n<meta name=\"author\" content=\"Cristian Falabella NOTICIASMERCEDINAS.COM\" \/>\n<meta name=\"twitter:card\" content=\"summary_large_image\" \/>\n<meta name=\"twitter:creator\" content=\"@https:\/\/twitter.com\/NOTMERCEDINAS\" \/>\n<meta name=\"twitter:site\" content=\"@notmercedinas\" \/>\n<meta name=\"twitter:label1\" content=\"Escrito por\" \/>\n\t<meta name=\"twitter:data1\" content=\"Cristian Falabella NOTICIASMERCEDINAS.COM\" \/>\n\t<meta name=\"twitter:label2\" content=\"Tiempo de lectura\" \/>\n\t<meta name=\"twitter:data2\" content=\"1 minuto\" \/>\n<script type=\"application\/ld+json\" class=\"yoast-schema-graph\">{\"@context\":\"https:\\\/\\\/schema.org\",\"@graph\":[{\"@type\":\"Article\",\"@id\":\"https:\\\/\\\/noticiasmercedinas.com\\\/site\\\/2019\\\/08\\\/19\\\/all-boys-solidario-y-una-nueva-accion-en-el-dia-del-nino\\\/#article\",\"isPartOf\":{\"@id\":\"https:\\\/\\\/noticiasmercedinas.com\\\/site\\\/2019\\\/08\\\/19\\\/all-boys-solidario-y-una-nueva-accion-en-el-dia-del-nino\\\/\"},\"author\":{\"name\":\"Cristian Falabella NOTICIASMERCEDINAS.COM\",\"@id\":\"https:\\\/\\\/noticiasmercedinas.com\\\/site\\\/#\\\/schema\\\/person\\\/d481a9696a5feaec13a60e2bbd991a6a\"},\"headline\":\"All Boys Solidario y una nueva acci\u00f3n en el D\u00eda del Ni\u00f1o\",\"datePublished\":\"2019-08-19T21:35:51+00:00\",\"mainEntityOfPage\":{\"@id\":\"https:\\\/\\\/noticiasmercedinas.com\\\/site\\\/2019\\\/08\\\/19\\\/all-boys-solidario-y-una-nueva-accion-en-el-dia-del-nino\\\/\"},\"wordCount\":142,\"commentCount\":0,\"publisher\":{\"@id\":\"https:\\\/\\\/noticiasmercedinas.com\\\/site\\\/#organization\"},\"image\":{\"@id\":\"https:\\\/\\\/noticiasmercedinas.com\\\/site\\\/2019\\\/08\\\/19\\\/all-boys-solidario-y-una-nueva-accion-en-el-dia-del-nino\\\/#primaryimage\"},\"thumbnailUrl\":\"https:\\\/\\\/noticiasmercedinas.com\\\/site\\\/wp-content\\\/uploads\\\/2019\\\/08\\\/c67522c6-3b0b-4624-b858-ac5bc6c79a94.jpg\",\"keywords\":[\"all boys solidario\",\"Candelaria R\u00e9vora\",\"Cecilia Zazzali\",\"dia del ni\u00f1o\",\"malena del giudice\",\"Mar\u00eda Cecilia Langan\",\"Milagros Adorno\",\"omar pelusa gonzalez\",\"Paola Courtade\",\"Rosana Carrizo\",\"Vanina Crivelli\"],\"articleSection\":[\"Sociedad\"],\"inLanguage\":\"es\",\"potentialAction\":[{\"@type\":\"CommentAction\",\"name\":\"Comment\",\"target\":[\"https:\\\/\\\/noticiasmercedinas.com\\\/site\\\/2019\\\/08\\\/19\\\/all-boys-solidario-y-una-nueva-accion-en-el-dia-del-nino\\\/#respond\"]}]},{\"@type\":\"WebPage\",\"@id\":\"https:\\\/\\\/noticiasmercedinas.com\\\/site\\\/2019\\\/08\\\/19\\\/all-boys-solidario-y-una-nueva-accion-en-el-dia-del-nino\\\/\",\"url\":\"https:\\\/\\\/noticiasmercedinas.com\\\/site\\\/2019\\\/08\\\/19\\\/all-boys-solidario-y-una-nueva-accion-en-el-dia-del-nino\\\/\",\"name\":\"All Boys Solidario y una nueva acci\u00f3n en el D\u00eda del Ni\u00f1o\",\"isPartOf\":{\"@id\":\"https:\\\/\\\/noticiasmercedinas.com\\\/site\\\/#website\"},\"primaryImageOfPage\":{\"@id\":\"https:\\\/\\\/noticiasmercedinas.com\\\/site\\\/2019\\\/08\\\/19\\\/all-boys-solidario-y-una-nueva-accion-en-el-dia-del-nino\\\/#primaryimage\"},\"image\":{\"@id\":\"https:\\\/\\\/noticiasmercedinas.com\\\/site\\\/2019\\\/08\\\/19\\\/all-boys-solidario-y-una-nueva-accion-en-el-dia-del-nino\\\/#primaryimage\"},\"thumbnailUrl\":\"https:\\\/\\\/noticiasmercedinas.com\\\/site\\\/wp-content\\\/uploads\\\/2019\\\/08\\\/c67522c6-3b0b-4624-b858-ac5bc6c79a94.jpg\",\"datePublished\":\"2019-08-19T21:35:51+00:00\",\"breadcrumb\":{\"@id\":\"https:\\\/\\\/noticiasmercedinas.com\\\/site\\\/2019\\\/08\\\/19\\\/all-boys-solidario-y-una-nueva-accion-en-el-dia-del-nino\\\/#breadcrumb\"},\"inLanguage\":\"es\",\"potentialAction\":[{\"@type\":\"ReadAction\",\"target\":[\"https:\\\/\\\/noticiasmercedinas.com\\\/site\\\/2019\\\/08\\\/19\\\/all-boys-solidario-y-una-nueva-accion-en-el-dia-del-nino\\\/\"]}]},{\"@type\":\"ImageObject\",\"inLanguage\":\"es\",\"@id\":\"https:\\\/\\\/noticiasmercedinas.com\\\/site\\\/2019\\\/08\\\/19\\\/all-boys-solidario-y-una-nueva-accion-en-el-dia-del-nino\\\/#primaryimage\",\"url\":\"https:\\\/\\\/noticiasmercedinas.com\\\/site\\\/wp-content\\\/uploads\\\/2019\\\/08\\\/c67522c6-3b0b-4624-b858-ac5bc6c79a94.jpg\",\"contentUrl\":\"https:\\\/\\\/noticiasmercedinas.com\\\/site\\\/wp-content\\\/uploads\\\/2019\\\/08\\\/c67522c6-3b0b-4624-b858-ac5bc6c79a94.jpg\",\"width\":1032,\"height\":774},{\"@type\":\"BreadcrumbList\",\"@id\":\"https:\\\/\\\/noticiasmercedinas.com\\\/site\\\/2019\\\/08\\\/19\\\/all-boys-solidario-y-una-nueva-accion-en-el-dia-del-nino\\\/#breadcrumb\",\"itemListElement\":[{\"@type\":\"ListItem\",\"position\":1,\"name\":\"Portada\",\"item\":\"https:\\\/\\\/noticiasmercedinas.com\\\/site\\\/\"},{\"@type\":\"ListItem\",\"position\":2,\"name\":\"All Boys Solidario y una nueva acci\u00f3n en el D\u00eda del Ni\u00f1o\"}]},{\"@type\":\"WebSite\",\"@id\":\"https:\\\/\\\/noticiasmercedinas.com\\\/site\\\/#website\",\"url\":\"https:\\\/\\\/noticiasmercedinas.com\\\/site\\\/\",\"name\":\"NOTICIASMERCEDINAS.COM\",\"description\":\"Mercedes, Buenos Aires, Argentina\",\"publisher\":{\"@id\":\"https:\\\/\\\/noticiasmercedinas.com\\\/site\\\/#organization\"},\"potentialAction\":[{\"@type\":\"SearchAction\",\"target\":{\"@type\":\"EntryPoint\",\"urlTemplate\":\"https:\\\/\\\/noticiasmercedinas.com\\\/site\\\/?s={search_term_string}\"},\"query-input\":{\"@type\":\"PropertyValueSpecification\",\"valueRequired\":true,\"valueName\":\"search_term_string\"}}],\"inLanguage\":\"es\"},{\"@type\":\"Organization\",\"@id\":\"https:\\\/\\\/noticiasmercedinas.com\\\/site\\\/#organization\",\"name\":\"NOTICIASMERCEDINAS.COM\",\"url\":\"https:\\\/\\\/noticiasmercedinas.com\\\/site\\\/\",\"logo\":{\"@type\":\"ImageObject\",\"inLanguage\":\"es\",\"@id\":\"https:\\\/\\\/noticiasmercedinas.com\\\/site\\\/#\\\/schema\\\/logo\\\/image\\\/\",\"url\":\"https:\\\/\\\/noticiasmercedinas.com\\\/site\\\/wp-content\\\/uploads\\\/2020\\\/06\\\/LOGO-512.jpg\",\"contentUrl\":\"https:\\\/\\\/noticiasmercedinas.com\\\/site\\\/wp-content\\\/uploads\\\/2020\\\/06\\\/LOGO-512.jpg\",\"width\":512,\"height\":512,\"caption\":\"NOTICIASMERCEDINAS.COM\"},\"image\":{\"@id\":\"https:\\\/\\\/noticiasmercedinas.com\\\/site\\\/#\\\/schema\\\/logo\\\/image\\\/\"},\"sameAs\":[\"https:\\\/\\\/www.facebook.com\\\/noticiasmercedinas\\\/\",\"https:\\\/\\\/x.com\\\/notmercedinas\",\"https:\\\/\\\/www.instagram.com\\\/noticiasmercedinas\\\/\"]},{\"@type\":\"Person\",\"@id\":\"https:\\\/\\\/noticiasmercedinas.com\\\/site\\\/#\\\/schema\\\/person\\\/d481a9696a5feaec13a60e2bbd991a6a\",\"name\":\"Cristian Falabella NOTICIASMERCEDINAS.COM\",\"image\":{\"@type\":\"ImageObject\",\"inLanguage\":\"es\",\"@id\":\"https:\\\/\\\/secure.gravatar.com\\\/avatar\\\/0dbbfc45970cc46bcd0e57766228574ff3511d6eed045b182f536f0f478c1f06?s=96&d=mm&r=g\",\"url\":\"https:\\\/\\\/secure.gravatar.com\\\/avatar\\\/0dbbfc45970cc46bcd0e57766228574ff3511d6eed045b182f536f0f478c1f06?s=96&d=mm&r=g\",\"contentUrl\":\"https:\\\/\\\/secure.gravatar.com\\\/avatar\\\/0dbbfc45970cc46bcd0e57766228574ff3511d6eed045b182f536f0f478c1f06?s=96&d=mm&r=g\",\"caption\":\"Cristian Falabella NOTICIASMERCEDINAS.COM\"},\"description\":\"Periodista, editor de Noticias Mercedinas. Pas\u00f3 por varias redacciones y emprendimientos de prensa, en distintos formatos y \u00e9pocas. Se especializ\u00f3 --y sigue haci\u00e9ndolo-- en comunicaci\u00f3n en la web y en junio de 2006 fund\u00f3 este diario digital.\",\"sameAs\":[\"https:\\\/\\\/noticiasmercedinas.com\",\"https:\\\/\\\/www.facebook.com\\\/cristian.falabella\",\"https:\\\/\\\/www.instagram.com\\\/noticiasmercedinas\\\/\",\"https:\\\/\\\/x.com\\\/https:\\\/\\\/twitter.com\\\/NOTMERCEDINAS\"],\"url\":\"https:\\\/\\\/noticiasmercedinas.com\\\/site\\\/author\\\/as000384\\\/\"}]}<\/script>\n<!-- \/ Yoast SEO plugin. -->","yoast_head_json":{"title":"All Boys Solidario y una nueva acci\u00f3n en el D\u00eda del Ni\u00f1o","robots":{"index":"index","follow":"follow","max-snippet":"max-snippet:-1","max-image-preview":"max-image-preview:large","max-video-preview":"max-video-preview:-1"},"canonical":"https:\/\/noticiasmercedinas.com\/site\/2019\/08\/19\/all-boys-solidario-y-una-nueva-accion-en-el-dia-del-nino\/","og_locale":"es_ES","og_type":"article","og_title":"All Boys Solidario y una nueva acci\u00f3n en el D\u00eda del Ni\u00f1o","og_description":"Desde All Boys Solidario Mercedes festejaron el d\u00eda de la ni\u00f1ez en el barrio San Mart\u00edn, en el merendero \u00abEspacios de Amor\u00bb, que coordina Roxana Lucero. La actividad cont\u00f3 con mas de 120 chicos, y un total de casi 200 personas que se sumaron. \u00abTodos los ni\u00f1os se llevaron un regalo, pudimos sortear dos bicicletas, [&hellip;]","og_url":"https:\/\/noticiasmercedinas.com\/site\/2019\/08\/19\/all-boys-solidario-y-una-nueva-accion-en-el-dia-del-nino\/","og_site_name":"NOTICIASMERCEDINAS.COM","article_publisher":"https:\/\/www.facebook.com\/noticiasmercedinas\/","article_author":"https:\/\/www.facebook.com\/cristian.falabella","article_published_time":"2019-08-19T21:35:51+00:00","og_image":[{"width":1032,"height":774,"url":"https:\/\/noticiasmercedinas.com\/site\/wp-content\/uploads\/2019\/08\/c67522c6-3b0b-4624-b858-ac5bc6c79a94.jpg","type":"image\/jpeg"}],"author":"Cristian Falabella NOTICIASMERCEDINAS.COM","twitter_card":"summary_large_image","twitter_creator":"@https:\/\/twitter.com\/NOTMERCEDINAS","twitter_site":"@notmercedinas","twitter_misc":{"Escrito por":"Cristian Falabella NOTICIASMERCEDINAS.COM","Tiempo de lectura":"1 minuto"},"schema":{"@context":"https:\/\/schema.org","@graph":[{"@type":"Article","@id":"https:\/\/noticiasmercedinas.com\/site\/2019\/08\/19\/all-boys-solidario-y-una-nueva-accion-en-el-dia-del-nino\/#article","isPartOf":{"@id":"https:\/\/noticiasmercedinas.com\/site\/2019\/08\/19\/all-boys-solidario-y-una-nueva-accion-en-el-dia-del-nino\/"},"author":{"name":"Cristian Falabella NOTICIASMERCEDINAS.COM","@id":"https:\/\/noticiasmercedinas.com\/site\/#\/schema\/person\/d481a9696a5feaec13a60e2bbd991a6a"},"headline":"All Boys Solidario y una nueva acci\u00f3n en el D\u00eda del Ni\u00f1o","datePublished":"2019-08-19T21:35:51+00:00","mainEntityOfPage":{"@id":"https:\/\/noticiasmercedinas.com\/site\/2019\/08\/19\/all-boys-solidario-y-una-nueva-accion-en-el-dia-del-nino\/"},"wordCount":142,"commentCount":0,"publisher":{"@id":"https:\/\/noticiasmercedinas.com\/site\/#organization"},"image":{"@id":"https:\/\/noticiasmercedinas.com\/site\/2019\/08\/19\/all-boys-solidario-y-una-nueva-accion-en-el-dia-del-nino\/#primaryimage"},"thumbnailUrl":"https:\/\/noticiasmercedinas.com\/site\/wp-content\/uploads\/2019\/08\/c67522c6-3b0b-4624-b858-ac5bc6c79a94.jpg","keywords":["all boys solidario","Candelaria R\u00e9vora","Cecilia Zazzali","dia del ni\u00f1o","malena del giudice","Mar\u00eda Cecilia Langan","Milagros Adorno","omar pelusa gonzalez","Paola Courtade","Rosana Carrizo","Vanina Crivelli"],"articleSection":["Sociedad"],"inLanguage":"es","potentialAction":[{"@type":"CommentAction","name":"Comment","target":["https:\/\/noticiasmercedinas.com\/site\/2019\/08\/19\/all-boys-solidario-y-una-nueva-accion-en-el-dia-del-nino\/#respond"]}]},{"@type":"WebPage","@id":"https:\/\/noticiasmercedinas.com\/site\/2019\/08\/19\/all-boys-solidario-y-una-nueva-accion-en-el-dia-del-nino\/","url":"https:\/\/noticiasmercedinas.com\/site\/2019\/08\/19\/all-boys-solidario-y-una-nueva-accion-en-el-dia-del-nino\/","name":"All Boys Solidario y una nueva acci\u00f3n en el D\u00eda del Ni\u00f1o","isPartOf":{"@id":"https:\/\/noticiasmercedinas.com\/site\/#website"},"primaryImageOfPage":{"@id":"https:\/\/noticiasmercedinas.com\/site\/2019\/08\/19\/all-boys-solidario-y-una-nueva-accion-en-el-dia-del-nino\/#primaryimage"},"image":{"@id":"https:\/\/noticiasmercedinas.com\/site\/2019\/08\/19\/all-boys-solidario-y-una-nueva-accion-en-el-dia-del-nino\/#primaryimage"},"thumbnailUrl":"https:\/\/noticiasmercedinas.com\/site\/wp-content\/uploads\/2019\/08\/c67522c6-3b0b-4624-b858-ac5bc6c79a94.jpg","datePublished":"2019-08-19T21:35:51+00:00","breadcrumb":{"@id":"https:\/\/noticiasmercedinas.com\/site\/2019\/08\/19\/all-boys-solidario-y-una-nueva-accion-en-el-dia-del-nino\/#breadcrumb"},"inLanguage":"es","potentialAction":[{"@type":"ReadAction","target":["https:\/\/noticiasmercedinas.com\/site\/2019\/08\/19\/all-boys-solidario-y-una-nueva-accion-en-el-dia-del-nino\/"]}]},{"@type":"ImageObject","inLanguage":"es","@id":"https:\/\/noticiasmercedinas.com\/site\/2019\/08\/19\/all-boys-solidario-y-una-nueva-accion-en-el-dia-del-nino\/#primaryimage","url":"https:\/\/noticiasmercedinas.com\/site\/wp-content\/uploads\/2019\/08\/c67522c6-3b0b-4624-b858-ac5bc6c79a94.jpg","contentUrl":"https:\/\/noticiasmercedinas.com\/site\/wp-content\/uploads\/2019\/08\/c67522c6-3b0b-4624-b858-ac5bc6c79a94.jpg","width":1032,"height":774},{"@type":"BreadcrumbList","@id":"https:\/\/noticiasmercedinas.com\/site\/2019\/08\/19\/all-boys-solidario-y-una-nueva-accion-en-el-dia-del-nino\/#breadcrumb","itemListElement":[{"@type":"ListItem","position":1,"name":"Portada","item":"https:\/\/noticiasmercedinas.com\/site\/"},{"@type":"ListItem","position":2,"name":"All Boys Solidario y una nueva acci\u00f3n en el D\u00eda del Ni\u00f1o"}]},{"@type":"WebSite","@id":"https:\/\/noticiasmercedinas.com\/site\/#website","url":"https:\/\/noticiasmercedinas.com\/site\/","name":"NOTICIASMERCEDINAS.COM","description":"Mercedes, Buenos Aires, Argentina","publisher":{"@id":"https:\/\/noticiasmercedinas.com\/site\/#organization"},"potentialAction":[{"@type":"SearchAction","target":{"@type":"EntryPoint","urlTemplate":"https:\/\/noticiasmercedinas.com\/site\/?s={search_term_string}"},"query-input":{"@type":"PropertyValueSpecification","valueRequired":true,"valueName":"search_term_string"}}],"inLanguage":"es"},{"@type":"Organization","@id":"https:\/\/noticiasmercedinas.com\/site\/#organization","name":"NOTICIASMERCEDINAS.COM","url":"https:\/\/noticiasmercedinas.com\/site\/","logo":{"@type":"ImageObject","inLanguage":"es","@id":"https:\/\/noticiasmercedinas.com\/site\/#\/schema\/logo\/image\/","url":"https:\/\/noticiasmercedinas.com\/site\/wp-content\/uploads\/2020\/06\/LOGO-512.jpg","contentUrl":"https:\/\/noticiasmercedinas.com\/site\/wp-content\/uploads\/2020\/06\/LOGO-512.jpg","width":512,"height":512,"caption":"NOTICIASMERCEDINAS.COM"},"image":{"@id":"https:\/\/noticiasmercedinas.com\/site\/#\/schema\/logo\/image\/"},"sameAs":["https:\/\/www.facebook.com\/noticiasmercedinas\/","https:\/\/x.com\/notmercedinas","https:\/\/www.instagram.com\/noticiasmercedinas\/"]},{"@type":"Person","@id":"https:\/\/noticiasmercedinas.com\/site\/#\/schema\/person\/d481a9696a5feaec13a60e2bbd991a6a","name":"Cristian Falabella NOTICIASMERCEDINAS.COM","image":{"@type":"ImageObject","inLanguage":"es","@id":"https:\/\/secure.gravatar.com\/avatar\/0dbbfc45970cc46bcd0e57766228574ff3511d6eed045b182f536f0f478c1f06?s=96&d=mm&r=g","url":"https:\/\/secure.gravatar.com\/avatar\/0dbbfc45970cc46bcd0e57766228574ff3511d6eed045b182f536f0f478c1f06?s=96&d=mm&r=g","contentUrl":"https:\/\/secure.gravatar.com\/avatar\/0dbbfc45970cc46bcd0e57766228574ff3511d6eed045b182f536f0f478c1f06?s=96&d=mm&r=g","caption":"Cristian Falabella NOTICIASMERCEDINAS.COM"},"description":"Periodista, editor de Noticias Mercedinas. Pas\u00f3 por varias redacciones y emprendimientos de prensa, en distintos formatos y \u00e9pocas. Se especializ\u00f3 --y sigue haci\u00e9ndolo-- en comunicaci\u00f3n en la web y en junio de 2006 fund\u00f3 este diario digital.","sameAs":["https:\/\/noticiasmercedinas.com","https:\/\/www.facebook.com\/cristian.falabella","https:\/\/www.instagram.com\/noticiasmercedinas\/","https:\/\/x.com\/https:\/\/twitter.com\/NOTMERCEDINAS"],"url":"https:\/\/noticiasmercedinas.com\/site\/author\/as000384\/"}]}},"amp_enabled":true,"_links":{"self":[{"href":"https:\/\/noticiasmercedinas.com\/site\/wp-json\/wp\/v2\/posts\/26009","targetHints":{"allow":["GET"]}}],"collection":[{"href":"https:\/\/noticiasmercedinas.com\/site\/wp-json\/wp\/v2\/posts"}],"about":[{"href":"https:\/\/noticiasmercedinas.com\/site\/wp-json\/wp\/v2\/types\/post"}],"author":[{"embeddable":true,"href":"https:\/\/noticiasmercedinas.com\/site\/wp-json\/wp\/v2\/users\/2"}],"replies":[{"embeddable":true,"href":"https:\/\/noticiasmercedinas.com\/site\/wp-json\/wp\/v2\/comments?post=26009"}],"version-history":[{"count":1,"href":"https:\/\/noticiasmercedinas.com\/site\/wp-json\/wp\/v2\/posts\/26009\/revisions"}],"predecessor-version":[{"id":26013,"href":"https:\/\/noticiasmercedinas.com\/site\/wp-json\/wp\/v2\/posts\/26009\/revisions\/26013"}],"wp:featuredmedia":[{"embeddable":true,"href":"https:\/\/noticiasmercedinas.com\/site\/wp-json\/wp\/v2\/media\/26011"}],"wp:attachment":[{"href":"https:\/\/noticiasmercedinas.com\/site\/wp-json\/wp\/v2\/media?parent=26009"}],"wp:term":[{"taxonomy":"category","embeddable":true,"href":"https:\/\/noticiasmercedinas.com\/site\/wp-json\/wp\/v2\/categories?post=26009"},{"taxonomy":"post_tag","embeddable":true,"href":"https:\/\/noticiasmercedinas.com\/site\/wp-json\/wp\/v2\/tags?post=26009"}],"curies":[{"name":"wp","href":"https:\/\/api.w.org\/{rel}","templated":true}]}}