{"id":2607,"date":"2018-09-23T10:02:37","date_gmt":"2018-09-23T13:02:37","guid":{"rendered":"https:\/\/noticiasmercedinas.com\/site\/?p=2607"},"modified":"2018-09-23T10:02:37","modified_gmt":"2018-09-23T13:02:37","slug":"lalcec-y-hospital-contra-el-cancer-de-colon","status":"publish","type":"post","link":"https:\/\/noticiasmercedinas.com\/site\/2018\/09\/23\/lalcec-y-hospital-contra-el-cancer-de-colon\/","title":{"rendered":"LALCEC y Hospital, contra el cancer de colon"},"content":{"rendered":"<p><strong>Abren la inscripci\u00f3n\u00a0para la campa\u00f1a de prevenci\u00f3n contra el c\u00e1ncer de colon.\u00a0El m\u00e9dico consultor a cargo de la campa\u00f1a ser\u00e1 el doctor Guido Antonelli<\/strong><\/p>\n<p><img loading=\"lazy\" decoding=\"async\" class=\"alignnone size-full wp-image-2608\" src=\"https:\/\/noticiasmercedinas.com\/site\/wp-content\/uploads\/2018\/09\/hospitalblasdubarry.jpg\" alt=\"\" width=\"640\" height=\"398\" srcset=\"https:\/\/noticiasmercedinas.com\/site\/wp-content\/uploads\/2018\/09\/hospitalblasdubarry.jpg 640w, https:\/\/noticiasmercedinas.com\/site\/wp-content\/uploads\/2018\/09\/hospitalblasdubarry-300x187.jpg 300w\" sizes=\"auto, (max-width: 640px) 100vw, 640px\" \/><\/p>\n<p>LALCEC Mercedes inform\u00f3 a la comunidad que a partir de la pr\u00f3xima semana se abre la inscripci\u00f3n para la campa\u00f1a de prevenci\u00f3n contra el c\u00e1ncer de colon.<\/p>\n<p>Los estudios se realizar\u00e1n en el Hospital Blas Dubarry por la doctora especialista en gastroenterolog\u00eda Guadalupe Dova, quien estar\u00e1 a cargo de la realizaci\u00f3n de las videocolonoscop\u00edas.<\/p>\n<p>El m\u00e9dico consultor a cargo de dicha campa\u00f1a ser\u00e1 el doctor Guido Antonelli (MN156798 \u2013 MP 550957), m\u00e9dico cl\u00ednico.<\/p>\n<p>El laboratorio a realizar el an\u00e1lisis de sangre oculta en materia fecal ser\u00e1 a cargo del doctor en bioqu\u00edmica m\u00e9dica Juan Carlos Cabachieff.<\/p>\n<p>La campa\u00f1a est\u00e1 destinada a personas de ambos sexos entre los 45 y 70 a\u00f1os. Asimismo aquellas que tienen antecedentes familiares a partir de los 40 a\u00f1os.<\/p>\n<p>Se les realizar\u00e1 a todas los pacientes tengan o no obra social el test de sangre oculta en materia fecal. El resultado de dicho test determinar\u00e1 los pasos a seguir.<\/p>\n<p>LALCEC aclara que:<\/p>\n<p>&#8211; Las personas que posean obra social continuar\u00e1n su atenci\u00f3n por la prestadora que tenga cada uno.<\/p>\n<p>&#8211; Las personas que no tengan obra social su atenci\u00f3n ser\u00e1 en conjunto con el Hospital Blas L. Dubarry y LALCEC Mercedes.<\/p>\n<p>Para mayor informaci\u00f3n y\/o inscripci\u00f3n: de lunes a viernes de 15.30 a 17.30 horas, calle 39 N\u00b0 419, tel\u00e9fono 431360.<\/p>\n<p><strong>\u00bfQu\u00e9 es el c\u00e1ncer colorrectal?<br \/>\n<\/strong>El c\u00e1ncer colorrectal -de colon y recto- es el tumor maligno que se desarrolla en la \u00faltima porci\u00f3n del tubo digestivo -el intestino grueso-, el cual est\u00e1 compuesto por el colon y el recto, y se produce como consecuencia de una compleja interacci\u00f3n de factores hereditarios y ambientales.<\/p>\n<p>En la mayor\u00eda de los casos de c\u00e1ncer colorrectal se produce primero un p\u00f3lipo (un crecimiento anormal de las c\u00e9lulas de la pared interna del intestino grueso) llamado \u201cadenoma\u201d, que puede crecer lentamente durante m\u00e1s de 10 a\u00f1os, y si no se detecta y extirpa a tiempo, puede transformarse en un c\u00e1ncer colorrectal.<\/p>\n<p>Una vez que se desarrolla el c\u00e1ncer, inicialmente, el tumor se localiza en la pared del intestino (fase temprana) y si no se detecta y trata a tiempo puede diseminarse hacia ganglios linf\u00e1ticos u \u00f3rganos vecinos o a distancia (h\u00edgado, pulm\u00f3n), dando lugar a las llamadas met\u00e1stasis, constituyendo las fases avanzadas de la enfermedad.<\/p>\n<p><strong>\u00bfPor qu\u00e9 se origina?<br \/>\n<\/strong>No se conocen las causas exactas del c\u00e1ncer colorrectal. Rara vez puede explicarse por qu\u00e9 se presenta en una persona y no en otra. Sin embargo, es importante aclarar que no es contagioso.<\/p>\n<p>Los p\u00f3lipos colorrectales y el c\u00e1ncer colorrectal no siempre causan s\u00edntomas, especialmente al principio. Una persona puede tener p\u00f3lipos o c\u00e1ncer colorrectal y no saberlo. Por esta raz\u00f3n, son tan importantes las pruebas peri\u00f3dicas de detecci\u00f3n del c\u00e1ncer colorrectal.<\/p>\n<p>Si viene acompa\u00f1ado de s\u00edntomas, estos pueden incluir:<\/p>\n<p>&#8211; Sangrado con la evacuaci\u00f3n por v\u00eda anal<\/p>\n<p>&#8211; Cambios en la forma habitual de evacuar el intestino<\/p>\n<p>&#8211; Dolores abdominales o rectales frecuentes<\/p>\n<p>&#8211; Anemia<\/p>\n<p>&#8211; P\u00e9rdida de peso<\/p>\n<p>Sin embargo, estos s\u00edntomas no son espec\u00edficos del c\u00e1ncer de colon y recto y pueden ser producidos por otras enfermedades, raz\u00f3n por la cual si una persona tiene alguno de ellos es necesario que realice una consulta m\u00e9dica.<\/p>\n","protected":false},"excerpt":{"rendered":"<p>Abren la inscripci\u00f3n\u00a0para la campa\u00f1a de prevenci\u00f3n contra el c\u00e1ncer de colon.\u00a0El m\u00e9dico consultor a cargo de la campa\u00f1a ser\u00e1 el doctor Guido Antonelli LALCEC Mercedes inform\u00f3 a la comunidad que a partir de la pr\u00f3xima semana se abre la inscripci\u00f3n para la campa\u00f1a de prevenci\u00f3n contra el c\u00e1ncer de colon. Los estudios se realizar\u00e1n [&hellip;]<\/p>\n","protected":false},"author":2,"featured_media":2608,"comment_status":"open","ping_status":"open","sticky":false,"template":"","format":"standard","meta":{"footnotes":""},"categories":[3],"tags":[984,985,986,255,983,71],"class_list":["post-2607","post","type-post","status-publish","format-standard","has-post-thumbnail","hentry","category-sociedad","tag-cancer","tag-colon","tag-guido-antonelli","tag-hospital-dubarry","tag-lalcec","tag-salud"],"yoast_head":"<!-- This site is optimized with the Yoast SEO plugin v27.5 - https:\/\/yoast.com\/product\/yoast-seo-wordpress\/ -->\n<title>LALCEC y Hospital, contra el cancer de colon<\/title>\n<meta name=\"robots\" content=\"index, follow, max-snippet:-1, max-image-preview:large, max-video-preview:-1\" \/>\n<link rel=\"canonical\" href=\"https:\/\/noticiasmercedinas.com\/site\/2018\/09\/23\/lalcec-y-hospital-contra-el-cancer-de-colon\/\" \/>\n<meta property=\"og:locale\" content=\"es_ES\" \/>\n<meta property=\"og:type\" content=\"article\" \/>\n<meta property=\"og:title\" content=\"LALCEC y Hospital, contra el cancer de colon\" \/>\n<meta property=\"og:description\" content=\"Abren la inscripci\u00f3n\u00a0para la campa\u00f1a de prevenci\u00f3n contra el c\u00e1ncer de colon.\u00a0El m\u00e9dico consultor a cargo de la campa\u00f1a ser\u00e1 el doctor Guido Antonelli LALCEC Mercedes inform\u00f3 a la comunidad que a partir de la pr\u00f3xima semana se abre la inscripci\u00f3n para la campa\u00f1a de prevenci\u00f3n contra el c\u00e1ncer de colon. Los estudios se realizar\u00e1n [&hellip;]\" \/>\n<meta property=\"og:url\" content=\"https:\/\/noticiasmercedinas.com\/site\/2018\/09\/23\/lalcec-y-hospital-contra-el-cancer-de-colon\/\" \/>\n<meta property=\"og:site_name\" content=\"NOTICIASMERCEDINAS.COM\" \/>\n<meta property=\"article:publisher\" content=\"https:\/\/www.facebook.com\/noticiasmercedinas\/\" \/>\n<meta property=\"article:author\" content=\"https:\/\/www.facebook.com\/cristian.falabella\" \/>\n<meta property=\"article:published_time\" content=\"2018-09-23T13:02:37+00:00\" \/>\n<meta property=\"og:image\" content=\"https:\/\/noticiasmercedinas.com\/site\/wp-content\/uploads\/2018\/09\/hospitalblasdubarry.jpg\" \/>\n\t<meta property=\"og:image:width\" content=\"640\" \/>\n\t<meta property=\"og:image:height\" content=\"398\" \/>\n\t<meta property=\"og:image:type\" content=\"image\/jpeg\" \/>\n<meta name=\"author\" content=\"Cristian Falabella NOTICIASMERCEDINAS.COM\" \/>\n<meta name=\"twitter:card\" content=\"summary_large_image\" \/>\n<meta name=\"twitter:creator\" content=\"@https:\/\/twitter.com\/NOTMERCEDINAS\" \/>\n<meta name=\"twitter:site\" content=\"@notmercedinas\" \/>\n<meta name=\"twitter:label1\" content=\"Escrito por\" \/>\n\t<meta name=\"twitter:data1\" content=\"Cristian Falabella NOTICIASMERCEDINAS.COM\" \/>\n\t<meta name=\"twitter:label2\" content=\"Tiempo de lectura\" \/>\n\t<meta name=\"twitter:data2\" content=\"3 minutos\" \/>\n<script type=\"application\/ld+json\" class=\"yoast-schema-graph\">{\"@context\":\"https:\\\/\\\/schema.org\",\"@graph\":[{\"@type\":\"Article\",\"@id\":\"https:\\\/\\\/noticiasmercedinas.com\\\/site\\\/2018\\\/09\\\/23\\\/lalcec-y-hospital-contra-el-cancer-de-colon\\\/#article\",\"isPartOf\":{\"@id\":\"https:\\\/\\\/noticiasmercedinas.com\\\/site\\\/2018\\\/09\\\/23\\\/lalcec-y-hospital-contra-el-cancer-de-colon\\\/\"},\"author\":{\"name\":\"Cristian Falabella NOTICIASMERCEDINAS.COM\",\"@id\":\"https:\\\/\\\/noticiasmercedinas.com\\\/site\\\/#\\\/schema\\\/person\\\/d481a9696a5feaec13a60e2bbd991a6a\"},\"headline\":\"LALCEC y Hospital, contra el cancer de colon\",\"datePublished\":\"2018-09-23T13:02:37+00:00\",\"mainEntityOfPage\":{\"@id\":\"https:\\\/\\\/noticiasmercedinas.com\\\/site\\\/2018\\\/09\\\/23\\\/lalcec-y-hospital-contra-el-cancer-de-colon\\\/\"},\"wordCount\":618,\"commentCount\":0,\"publisher\":{\"@id\":\"https:\\\/\\\/noticiasmercedinas.com\\\/site\\\/#organization\"},\"image\":{\"@id\":\"https:\\\/\\\/noticiasmercedinas.com\\\/site\\\/2018\\\/09\\\/23\\\/lalcec-y-hospital-contra-el-cancer-de-colon\\\/#primaryimage\"},\"thumbnailUrl\":\"https:\\\/\\\/noticiasmercedinas.com\\\/site\\\/wp-content\\\/uploads\\\/2018\\\/09\\\/hospitalblasdubarry.jpg\",\"keywords\":[\"cancer\",\"colon\",\"Guido Antonelli\",\"hospital dubarry\",\"lalcec\",\"salud\"],\"articleSection\":[\"Sociedad\"],\"inLanguage\":\"es\",\"potentialAction\":[{\"@type\":\"CommentAction\",\"name\":\"Comment\",\"target\":[\"https:\\\/\\\/noticiasmercedinas.com\\\/site\\\/2018\\\/09\\\/23\\\/lalcec-y-hospital-contra-el-cancer-de-colon\\\/#respond\"]}]},{\"@type\":\"WebPage\",\"@id\":\"https:\\\/\\\/noticiasmercedinas.com\\\/site\\\/2018\\\/09\\\/23\\\/lalcec-y-hospital-contra-el-cancer-de-colon\\\/\",\"url\":\"https:\\\/\\\/noticiasmercedinas.com\\\/site\\\/2018\\\/09\\\/23\\\/lalcec-y-hospital-contra-el-cancer-de-colon\\\/\",\"name\":\"LALCEC y Hospital, contra el cancer de colon\",\"isPartOf\":{\"@id\":\"https:\\\/\\\/noticiasmercedinas.com\\\/site\\\/#website\"},\"primaryImageOfPage\":{\"@id\":\"https:\\\/\\\/noticiasmercedinas.com\\\/site\\\/2018\\\/09\\\/23\\\/lalcec-y-hospital-contra-el-cancer-de-colon\\\/#primaryimage\"},\"image\":{\"@id\":\"https:\\\/\\\/noticiasmercedinas.com\\\/site\\\/2018\\\/09\\\/23\\\/lalcec-y-hospital-contra-el-cancer-de-colon\\\/#primaryimage\"},\"thumbnailUrl\":\"https:\\\/\\\/noticiasmercedinas.com\\\/site\\\/wp-content\\\/uploads\\\/2018\\\/09\\\/hospitalblasdubarry.jpg\",\"datePublished\":\"2018-09-23T13:02:37+00:00\",\"breadcrumb\":{\"@id\":\"https:\\\/\\\/noticiasmercedinas.com\\\/site\\\/2018\\\/09\\\/23\\\/lalcec-y-hospital-contra-el-cancer-de-colon\\\/#breadcrumb\"},\"inLanguage\":\"es\",\"potentialAction\":[{\"@type\":\"ReadAction\",\"target\":[\"https:\\\/\\\/noticiasmercedinas.com\\\/site\\\/2018\\\/09\\\/23\\\/lalcec-y-hospital-contra-el-cancer-de-colon\\\/\"]}]},{\"@type\":\"ImageObject\",\"inLanguage\":\"es\",\"@id\":\"https:\\\/\\\/noticiasmercedinas.com\\\/site\\\/2018\\\/09\\\/23\\\/lalcec-y-hospital-contra-el-cancer-de-colon\\\/#primaryimage\",\"url\":\"https:\\\/\\\/noticiasmercedinas.com\\\/site\\\/wp-content\\\/uploads\\\/2018\\\/09\\\/hospitalblasdubarry.jpg\",\"contentUrl\":\"https:\\\/\\\/noticiasmercedinas.com\\\/site\\\/wp-content\\\/uploads\\\/2018\\\/09\\\/hospitalblasdubarry.jpg\",\"width\":640,\"height\":398},{\"@type\":\"BreadcrumbList\",\"@id\":\"https:\\\/\\\/noticiasmercedinas.com\\\/site\\\/2018\\\/09\\\/23\\\/lalcec-y-hospital-contra-el-cancer-de-colon\\\/#breadcrumb\",\"itemListElement\":[{\"@type\":\"ListItem\",\"position\":1,\"name\":\"Portada\",\"item\":\"https:\\\/\\\/noticiasmercedinas.com\\\/site\\\/\"},{\"@type\":\"ListItem\",\"position\":2,\"name\":\"LALCEC y Hospital, contra el cancer de colon\"}]},{\"@type\":\"WebSite\",\"@id\":\"https:\\\/\\\/noticiasmercedinas.com\\\/site\\\/#website\",\"url\":\"https:\\\/\\\/noticiasmercedinas.com\\\/site\\\/\",\"name\":\"NOTICIASMERCEDINAS.COM\",\"description\":\"Mercedes, Buenos Aires, Argentina\",\"publisher\":{\"@id\":\"https:\\\/\\\/noticiasmercedinas.com\\\/site\\\/#organization\"},\"potentialAction\":[{\"@type\":\"SearchAction\",\"target\":{\"@type\":\"EntryPoint\",\"urlTemplate\":\"https:\\\/\\\/noticiasmercedinas.com\\\/site\\\/?s={search_term_string}\"},\"query-input\":{\"@type\":\"PropertyValueSpecification\",\"valueRequired\":true,\"valueName\":\"search_term_string\"}}],\"inLanguage\":\"es\"},{\"@type\":\"Organization\",\"@id\":\"https:\\\/\\\/noticiasmercedinas.com\\\/site\\\/#organization\",\"name\":\"NOTICIASMERCEDINAS.COM\",\"url\":\"https:\\\/\\\/noticiasmercedinas.com\\\/site\\\/\",\"logo\":{\"@type\":\"ImageObject\",\"inLanguage\":\"es\",\"@id\":\"https:\\\/\\\/noticiasmercedinas.com\\\/site\\\/#\\\/schema\\\/logo\\\/image\\\/\",\"url\":\"https:\\\/\\\/noticiasmercedinas.com\\\/site\\\/wp-content\\\/uploads\\\/2020\\\/06\\\/LOGO-512.jpg\",\"contentUrl\":\"https:\\\/\\\/noticiasmercedinas.com\\\/site\\\/wp-content\\\/uploads\\\/2020\\\/06\\\/LOGO-512.jpg\",\"width\":512,\"height\":512,\"caption\":\"NOTICIASMERCEDINAS.COM\"},\"image\":{\"@id\":\"https:\\\/\\\/noticiasmercedinas.com\\\/site\\\/#\\\/schema\\\/logo\\\/image\\\/\"},\"sameAs\":[\"https:\\\/\\\/www.facebook.com\\\/noticiasmercedinas\\\/\",\"https:\\\/\\\/x.com\\\/notmercedinas\",\"https:\\\/\\\/www.instagram.com\\\/noticiasmercedinas\\\/\"]},{\"@type\":\"Person\",\"@id\":\"https:\\\/\\\/noticiasmercedinas.com\\\/site\\\/#\\\/schema\\\/person\\\/d481a9696a5feaec13a60e2bbd991a6a\",\"name\":\"Cristian Falabella NOTICIASMERCEDINAS.COM\",\"image\":{\"@type\":\"ImageObject\",\"inLanguage\":\"es\",\"@id\":\"https:\\\/\\\/secure.gravatar.com\\\/avatar\\\/0dbbfc45970cc46bcd0e57766228574ff3511d6eed045b182f536f0f478c1f06?s=96&d=mm&r=g\",\"url\":\"https:\\\/\\\/secure.gravatar.com\\\/avatar\\\/0dbbfc45970cc46bcd0e57766228574ff3511d6eed045b182f536f0f478c1f06?s=96&d=mm&r=g\",\"contentUrl\":\"https:\\\/\\\/secure.gravatar.com\\\/avatar\\\/0dbbfc45970cc46bcd0e57766228574ff3511d6eed045b182f536f0f478c1f06?s=96&d=mm&r=g\",\"caption\":\"Cristian Falabella NOTICIASMERCEDINAS.COM\"},\"description\":\"Periodista, editor de Noticias Mercedinas. Pas\u00f3 por varias redacciones y emprendimientos de prensa, en distintos formatos y \u00e9pocas. Se especializ\u00f3 --y sigue haci\u00e9ndolo-- en comunicaci\u00f3n en la web y en junio de 2006 fund\u00f3 este diario digital.\",\"sameAs\":[\"https:\\\/\\\/noticiasmercedinas.com\",\"https:\\\/\\\/www.facebook.com\\\/cristian.falabella\",\"https:\\\/\\\/www.instagram.com\\\/noticiasmercedinas\\\/\",\"https:\\\/\\\/x.com\\\/https:\\\/\\\/twitter.com\\\/NOTMERCEDINAS\"],\"url\":\"https:\\\/\\\/noticiasmercedinas.com\\\/site\\\/author\\\/as000384\\\/\"}]}<\/script>\n<!-- \/ Yoast SEO plugin. -->","yoast_head_json":{"title":"LALCEC y Hospital, contra el cancer de colon","robots":{"index":"index","follow":"follow","max-snippet":"max-snippet:-1","max-image-preview":"max-image-preview:large","max-video-preview":"max-video-preview:-1"},"canonical":"https:\/\/noticiasmercedinas.com\/site\/2018\/09\/23\/lalcec-y-hospital-contra-el-cancer-de-colon\/","og_locale":"es_ES","og_type":"article","og_title":"LALCEC y Hospital, contra el cancer de colon","og_description":"Abren la inscripci\u00f3n\u00a0para la campa\u00f1a de prevenci\u00f3n contra el c\u00e1ncer de colon.\u00a0El m\u00e9dico consultor a cargo de la campa\u00f1a ser\u00e1 el doctor Guido Antonelli LALCEC Mercedes inform\u00f3 a la comunidad que a partir de la pr\u00f3xima semana se abre la inscripci\u00f3n para la campa\u00f1a de prevenci\u00f3n contra el c\u00e1ncer de colon. Los estudios se realizar\u00e1n [&hellip;]","og_url":"https:\/\/noticiasmercedinas.com\/site\/2018\/09\/23\/lalcec-y-hospital-contra-el-cancer-de-colon\/","og_site_name":"NOTICIASMERCEDINAS.COM","article_publisher":"https:\/\/www.facebook.com\/noticiasmercedinas\/","article_author":"https:\/\/www.facebook.com\/cristian.falabella","article_published_time":"2018-09-23T13:02:37+00:00","og_image":[{"width":640,"height":398,"url":"https:\/\/noticiasmercedinas.com\/site\/wp-content\/uploads\/2018\/09\/hospitalblasdubarry.jpg","type":"image\/jpeg"}],"author":"Cristian Falabella NOTICIASMERCEDINAS.COM","twitter_card":"summary_large_image","twitter_creator":"@https:\/\/twitter.com\/NOTMERCEDINAS","twitter_site":"@notmercedinas","twitter_misc":{"Escrito por":"Cristian Falabella NOTICIASMERCEDINAS.COM","Tiempo de lectura":"3 minutos"},"schema":{"@context":"https:\/\/schema.org","@graph":[{"@type":"Article","@id":"https:\/\/noticiasmercedinas.com\/site\/2018\/09\/23\/lalcec-y-hospital-contra-el-cancer-de-colon\/#article","isPartOf":{"@id":"https:\/\/noticiasmercedinas.com\/site\/2018\/09\/23\/lalcec-y-hospital-contra-el-cancer-de-colon\/"},"author":{"name":"Cristian Falabella NOTICIASMERCEDINAS.COM","@id":"https:\/\/noticiasmercedinas.com\/site\/#\/schema\/person\/d481a9696a5feaec13a60e2bbd991a6a"},"headline":"LALCEC y Hospital, contra el cancer de colon","datePublished":"2018-09-23T13:02:37+00:00","mainEntityOfPage":{"@id":"https:\/\/noticiasmercedinas.com\/site\/2018\/09\/23\/lalcec-y-hospital-contra-el-cancer-de-colon\/"},"wordCount":618,"commentCount":0,"publisher":{"@id":"https:\/\/noticiasmercedinas.com\/site\/#organization"},"image":{"@id":"https:\/\/noticiasmercedinas.com\/site\/2018\/09\/23\/lalcec-y-hospital-contra-el-cancer-de-colon\/#primaryimage"},"thumbnailUrl":"https:\/\/noticiasmercedinas.com\/site\/wp-content\/uploads\/2018\/09\/hospitalblasdubarry.jpg","keywords":["cancer","colon","Guido Antonelli","hospital dubarry","lalcec","salud"],"articleSection":["Sociedad"],"inLanguage":"es","potentialAction":[{"@type":"CommentAction","name":"Comment","target":["https:\/\/noticiasmercedinas.com\/site\/2018\/09\/23\/lalcec-y-hospital-contra-el-cancer-de-colon\/#respond"]}]},{"@type":"WebPage","@id":"https:\/\/noticiasmercedinas.com\/site\/2018\/09\/23\/lalcec-y-hospital-contra-el-cancer-de-colon\/","url":"https:\/\/noticiasmercedinas.com\/site\/2018\/09\/23\/lalcec-y-hospital-contra-el-cancer-de-colon\/","name":"LALCEC y Hospital, contra el cancer de colon","isPartOf":{"@id":"https:\/\/noticiasmercedinas.com\/site\/#website"},"primaryImageOfPage":{"@id":"https:\/\/noticiasmercedinas.com\/site\/2018\/09\/23\/lalcec-y-hospital-contra-el-cancer-de-colon\/#primaryimage"},"image":{"@id":"https:\/\/noticiasmercedinas.com\/site\/2018\/09\/23\/lalcec-y-hospital-contra-el-cancer-de-colon\/#primaryimage"},"thumbnailUrl":"https:\/\/noticiasmercedinas.com\/site\/wp-content\/uploads\/2018\/09\/hospitalblasdubarry.jpg","datePublished":"2018-09-23T13:02:37+00:00","breadcrumb":{"@id":"https:\/\/noticiasmercedinas.com\/site\/2018\/09\/23\/lalcec-y-hospital-contra-el-cancer-de-colon\/#breadcrumb"},"inLanguage":"es","potentialAction":[{"@type":"ReadAction","target":["https:\/\/noticiasmercedinas.com\/site\/2018\/09\/23\/lalcec-y-hospital-contra-el-cancer-de-colon\/"]}]},{"@type":"ImageObject","inLanguage":"es","@id":"https:\/\/noticiasmercedinas.com\/site\/2018\/09\/23\/lalcec-y-hospital-contra-el-cancer-de-colon\/#primaryimage","url":"https:\/\/noticiasmercedinas.com\/site\/wp-content\/uploads\/2018\/09\/hospitalblasdubarry.jpg","contentUrl":"https:\/\/noticiasmercedinas.com\/site\/wp-content\/uploads\/2018\/09\/hospitalblasdubarry.jpg","width":640,"height":398},{"@type":"BreadcrumbList","@id":"https:\/\/noticiasmercedinas.com\/site\/2018\/09\/23\/lalcec-y-hospital-contra-el-cancer-de-colon\/#breadcrumb","itemListElement":[{"@type":"ListItem","position":1,"name":"Portada","item":"https:\/\/noticiasmercedinas.com\/site\/"},{"@type":"ListItem","position":2,"name":"LALCEC y Hospital, contra el cancer de colon"}]},{"@type":"WebSite","@id":"https:\/\/noticiasmercedinas.com\/site\/#website","url":"https:\/\/noticiasmercedinas.com\/site\/","name":"NOTICIASMERCEDINAS.COM","description":"Mercedes, Buenos Aires, Argentina","publisher":{"@id":"https:\/\/noticiasmercedinas.com\/site\/#organization"},"potentialAction":[{"@type":"SearchAction","target":{"@type":"EntryPoint","urlTemplate":"https:\/\/noticiasmercedinas.com\/site\/?s={search_term_string}"},"query-input":{"@type":"PropertyValueSpecification","valueRequired":true,"valueName":"search_term_string"}}],"inLanguage":"es"},{"@type":"Organization","@id":"https:\/\/noticiasmercedinas.com\/site\/#organization","name":"NOTICIASMERCEDINAS.COM","url":"https:\/\/noticiasmercedinas.com\/site\/","logo":{"@type":"ImageObject","inLanguage":"es","@id":"https:\/\/noticiasmercedinas.com\/site\/#\/schema\/logo\/image\/","url":"https:\/\/noticiasmercedinas.com\/site\/wp-content\/uploads\/2020\/06\/LOGO-512.jpg","contentUrl":"https:\/\/noticiasmercedinas.com\/site\/wp-content\/uploads\/2020\/06\/LOGO-512.jpg","width":512,"height":512,"caption":"NOTICIASMERCEDINAS.COM"},"image":{"@id":"https:\/\/noticiasmercedinas.com\/site\/#\/schema\/logo\/image\/"},"sameAs":["https:\/\/www.facebook.com\/noticiasmercedinas\/","https:\/\/x.com\/notmercedinas","https:\/\/www.instagram.com\/noticiasmercedinas\/"]},{"@type":"Person","@id":"https:\/\/noticiasmercedinas.com\/site\/#\/schema\/person\/d481a9696a5feaec13a60e2bbd991a6a","name":"Cristian Falabella NOTICIASMERCEDINAS.COM","image":{"@type":"ImageObject","inLanguage":"es","@id":"https:\/\/secure.gravatar.com\/avatar\/0dbbfc45970cc46bcd0e57766228574ff3511d6eed045b182f536f0f478c1f06?s=96&d=mm&r=g","url":"https:\/\/secure.gravatar.com\/avatar\/0dbbfc45970cc46bcd0e57766228574ff3511d6eed045b182f536f0f478c1f06?s=96&d=mm&r=g","contentUrl":"https:\/\/secure.gravatar.com\/avatar\/0dbbfc45970cc46bcd0e57766228574ff3511d6eed045b182f536f0f478c1f06?s=96&d=mm&r=g","caption":"Cristian Falabella NOTICIASMERCEDINAS.COM"},"description":"Periodista, editor de Noticias Mercedinas. Pas\u00f3 por varias redacciones y emprendimientos de prensa, en distintos formatos y \u00e9pocas. Se especializ\u00f3 --y sigue haci\u00e9ndolo-- en comunicaci\u00f3n en la web y en junio de 2006 fund\u00f3 este diario digital.","sameAs":["https:\/\/noticiasmercedinas.com","https:\/\/www.facebook.com\/cristian.falabella","https:\/\/www.instagram.com\/noticiasmercedinas\/","https:\/\/x.com\/https:\/\/twitter.com\/NOTMERCEDINAS"],"url":"https:\/\/noticiasmercedinas.com\/site\/author\/as000384\/"}]}},"amp_enabled":true,"_links":{"self":[{"href":"https:\/\/noticiasmercedinas.com\/site\/wp-json\/wp\/v2\/posts\/2607","targetHints":{"allow":["GET"]}}],"collection":[{"href":"https:\/\/noticiasmercedinas.com\/site\/wp-json\/wp\/v2\/posts"}],"about":[{"href":"https:\/\/noticiasmercedinas.com\/site\/wp-json\/wp\/v2\/types\/post"}],"author":[{"embeddable":true,"href":"https:\/\/noticiasmercedinas.com\/site\/wp-json\/wp\/v2\/users\/2"}],"replies":[{"embeddable":true,"href":"https:\/\/noticiasmercedinas.com\/site\/wp-json\/wp\/v2\/comments?post=2607"}],"version-history":[{"count":1,"href":"https:\/\/noticiasmercedinas.com\/site\/wp-json\/wp\/v2\/posts\/2607\/revisions"}],"predecessor-version":[{"id":2609,"href":"https:\/\/noticiasmercedinas.com\/site\/wp-json\/wp\/v2\/posts\/2607\/revisions\/2609"}],"wp:featuredmedia":[{"embeddable":true,"href":"https:\/\/noticiasmercedinas.com\/site\/wp-json\/wp\/v2\/media\/2608"}],"wp:attachment":[{"href":"https:\/\/noticiasmercedinas.com\/site\/wp-json\/wp\/v2\/media?parent=2607"}],"wp:term":[{"taxonomy":"category","embeddable":true,"href":"https:\/\/noticiasmercedinas.com\/site\/wp-json\/wp\/v2\/categories?post=2607"},{"taxonomy":"post_tag","embeddable":true,"href":"https:\/\/noticiasmercedinas.com\/site\/wp-json\/wp\/v2\/tags?post=2607"}],"curies":[{"name":"wp","href":"https:\/\/api.w.org\/{rel}","templated":true}]}}