{"id":261,"date":"2026-09-02T18:11:55","date_gmt":"2026-09-02T21:11:55","guid":{"rendered":"https:\/\/noticiasmercedinas.com\/site\/?p=261"},"modified":"2026-09-02T19:00:07","modified_gmt":"2026-09-02T22:00:07","slug":"otro-sabado-para-el-infanto-juvenil-de-la-liga","status":"publish","type":"post","link":"https:\/\/noticiasmercedinas.com\/site\/2026\/09\/02\/otro-sabado-para-el-infanto-juvenil-de-la-liga\/","title":{"rendered":"Otro s\u00e1bado para el Infanto Juvenil de la Liga"},"content":{"rendered":"<figure id=\"attachment_262\" aria-describedby=\"caption-attachment-262\" style=\"width: 640px\" class=\"wp-caption alignnone\"><img loading=\"lazy\" decoding=\"async\" class=\"wp-image-262 size-full\" src=\"https:\/\/noticiasmercedinas.com\/site\/wp-content\/uploads\/2026\/09\/IMG_2518.jpg\" alt=\"\" width=\"640\" height=\"427\" srcset=\"https:\/\/noticiasmercedinas.com\/site\/wp-content\/uploads\/2026\/09\/IMG_2518.jpg 640w, https:\/\/noticiasmercedinas.com\/site\/wp-content\/uploads\/2026\/09\/IMG_2518-300x200.jpg 300w, https:\/\/noticiasmercedinas.com\/site\/wp-content\/uploads\/2026\/09\/IMG_2518-630x420.jpg 630w\" sizes=\"auto, (max-width: 640px) 100vw, 640px\" \/><figcaption id=\"caption-attachment-262\" class=\"wp-caption-text\">V\u00e9lez y Juventud.<\/figcaption><\/figure>\n<p>Las categor\u00edas de cancha de 9 y 11 jugadores de la Liga Mercedina de F\u00fatbol vivieron un s\u00e1bado m\u00e1s, esta vez con la disputa de la sexta fecha del Clausura. Los resultados y lo que vendr\u00e1:<\/p>\n<p>Categor\u00eda 2016<br \/>\nEl Front\u00f3n 4 \u2013 Trocha 0.<br \/>\nDefensores 0 \u2013 Palometas 3.<br \/>\nQuilmes 0 \u2013 Villa Manchi 1.<br \/>\nMercedes 1 \u2013 Estudiantes 3.<br \/>\nTalleres 0 \u2013 Carteros 6.<br \/>\nV\u00e9lez 0 \u2013 Juventud 6.<br \/>\nHolanda 2 \u2013 Uni\u00f3n 3.<\/p>\n<p><strong>Categor\u00eda 2015<\/strong><br \/>\nEl Front\u00f3n 1 \u2013 Trocha 1.<br \/>\nDefensores 1 \u2013 Palometas 2.<br \/>\nQuilmes 0 \u2013 Villa Manchi 2.<br \/>\nMercedes 1 \u2013 Estudiantes 1.<br \/>\nTalleres 0 \u2013 Carteros 6.<br \/>\nV\u00e9lez 0 \u2013 Juventud 1.<br \/>\nLa Tijera 0 \u2013 Dep. Gowland 5.<br \/>\nHolanda 0 \u2013 Uni\u00f3n 6.<\/p>\n<p><strong><img loading=\"lazy\" decoding=\"async\" class=\"alignnone wp-image-263 size-full\" src=\"https:\/\/noticiasmercedinas.com\/site\/wp-content\/uploads\/2026\/09\/IMG_2510.jpg\" alt=\"\" width=\"640\" height=\"455\" srcset=\"https:\/\/noticiasmercedinas.com\/site\/wp-content\/uploads\/2026\/09\/IMG_2510.jpg 640w, https:\/\/noticiasmercedinas.com\/site\/wp-content\/uploads\/2026\/09\/IMG_2510-300x213.jpg 300w, https:\/\/noticiasmercedinas.com\/site\/wp-content\/uploads\/2026\/09\/IMG_2510-591x420.jpg 591w\" sizes=\"auto, (max-width: 640px) 100vw, 640px\" \/><\/strong><\/p>\n<p>Categor\u00eda 2014<br \/>\nEl Front\u00f3n 6 \u2013 Trocha 0.<br \/>\nDefensores 0 \u2013 Palometas 2.<br \/>\nQuilmes 0 \u2013 Villa Manchi 1.<br \/>\nMercedes 1 \u2013 Estudiantes 0.<br \/>\nTalleres 0 \u2013 Carteros 5.<\/p>\n<p><strong>Categor\u00eda 2013<\/strong><br \/>\nEl Front\u00f3n 2 \u2013 Trocha 1.<br \/>\nDefensores 0 \u2013 Palometas 5.<br \/>\nQuilmes 0 \u2013 Villa Manchi 3.<br \/>\nMercedes 0 \u2013 Estudiantes 1.<br \/>\nTalleres 1 \u2013 Carteros 1.<br \/>\nAteneo 3 \u2013 Jorge Newbery 1.<br \/>\nEl Tim\u00f3n 0 \u2013 SAPA 1.<br \/>\nV\u00e9lez 0 \u2013 Juventud 1.<br \/>\nLa Tijera 0 \u2013 Dep. Gowland 6.<\/p>\n<p><strong>Categor\u00eda 2012<\/strong><br \/>\nEl Front\u00f3n 6 \u2013 Trocha 0.<br \/>\nDefensores 0 \u2013 Palometas 0.<br \/>\nQuilmes 4 \u2013 Villa Manchi 1.<br \/>\nMercedes 3 \u2013 Estudiantes 1.<br \/>\nAteneo 1 \u2013 SAPA 4.<br \/>\nEl Tim\u00f3n 1 \u2013 SAPA 4.<br \/>\nV\u00e9lez 0 \u2013 Juventud 2.<\/p>\n<p><img loading=\"lazy\" decoding=\"async\" class=\"alignnone wp-image-264 size-full\" src=\"https:\/\/noticiasmercedinas.com\/site\/wp-content\/uploads\/2026\/09\/IMG_2508.jpg\" alt=\"\" width=\"640\" height=\"427\" srcset=\"https:\/\/noticiasmercedinas.com\/site\/wp-content\/uploads\/2026\/09\/IMG_2508.jpg 640w, https:\/\/noticiasmercedinas.com\/site\/wp-content\/uploads\/2026\/09\/IMG_2508-300x200.jpg 300w, https:\/\/noticiasmercedinas.com\/site\/wp-content\/uploads\/2026\/09\/IMG_2508-630x420.jpg 630w\" sizes=\"auto, (max-width: 640px) 100vw, 640px\" \/><\/p>\n<p><strong>Categor\u00eda 2011<\/strong><br \/>\nEl Front\u00f3n 4 \u2013 Trocha 0.<br \/>\nDefensores 1 \u2013 Palometas 3.<br \/>\nQuilmes 0 \u2013 Villa Manchi 0.<br \/>\nMercedes 1 \u2013 Estudiantes 0.<br \/>\nAteneo 2 \u2013 Jorge Newbery 0.<br \/>\nEl Tim\u00f3n 0 \u2013 SAPA 2.<\/p>\n<p><strong>Quinta Divisi\u00f3n<\/strong><br \/>\nEl Front\u00f3n 5 \u2013Trocha 1.<br \/>\nDefensores 2 \u2013 Palometas 1.<br \/>\nQuilmes 0 \u2013 Villa Manchi 0.<br \/>\nMercedes 1 \u2013 Estudiantes 0.<br \/>\nAteneo 5 \u2013 Jorge Newbery 0.<br \/>\nEl Tim\u00f3n 2 \u2013 SAPA 2.<br \/>\nV\u00e9lez 1 \u2013 Juventud 4.<\/p>\n<p><strong>Pr\u00f3xima fecha<\/strong><br \/>\nEl venidero fin de semana se jugar\u00e1 una fecha doble, la s\u00e9ptima el s\u00e1bado y la octava el domingo.<\/p>\n<p><strong>S\u00e9ptima<\/strong><br \/>\nSAPA vs. Ateneo.<br \/>\nVilla Manchi vs. Tim\u00f3n.<br \/>\nPalometas vs. Quilmes.<br \/>\nHolanda vs. Defensores.<br \/>\nDeportivo Gowland vs. Uni\u00f3n.<br \/>\nJuventud vs. La Tijera.<br \/>\nEstudiantes vs. V\u00e9lez.<br \/>\nTrocha vs. Mercedes.<br \/>\nCarteros vs. El Front\u00f3n.<br \/>\nJorge Newbery vs. Talleres.<\/p>\n<p><strong>Octava<\/strong><br \/>\nAteneo vs. Talleres.<br \/>\nEl Front\u00f3n vs. Jorge Newbery.<br \/>\nMercedes vs. Carteros.<br \/>\nV\u00e9lez vs. Trocha.<br \/>\nLa Tijera vs. Estudiantes.<br \/>\nUni\u00f3n vs. Juventud.<br \/>\nDefensores vs. Deportivo Gowland.<br \/>\nQuilmes vs. Holanda.<br \/>\nEl Tim\u00f3n vs. Palometas.<br \/>\nSAPA vs. Villa Manchi.<\/p>\n","protected":false},"excerpt":{"rendered":"<p>\u25a0 La sexta fecha se jug\u00f3 durante el \u00faltimo s\u00e1bado. El Clausura sigue adelante para venirse una fecha doble el venidero fin de semana. Todos los resultados de lo que dejaron los distintos cruces.<\/p>\n","protected":false},"author":2,"featured_media":262,"comment_status":"open","ping_status":"open","sticky":false,"template":"","format":"standard","meta":{"footnotes":""},"categories":[21],"tags":[47,42],"class_list":["post-261","post","type-post","status-publish","format-standard","has-post-thumbnail","hentry","category-deportes","tag-infanto-juvenil","tag-liga-mercedinas-de-futbol"],"yoast_head":"<!-- This site is optimized with the Yoast SEO plugin v28.4 - https:\/\/yoast.com\/product\/yoast-seo-wordpress\/ -->\n<title>Otro s\u00e1bado para el Infanto Juvenil de la Liga - Noticias Mercedinas<\/title>\n<meta name=\"robots\" content=\"index, follow, max-snippet:-1, max-image-preview:large, max-video-preview:-1\" \/>\n<link rel=\"canonical\" href=\"https:\/\/noticiasmercedinas.com\/site\/2026\/09\/02\/otro-sabado-para-el-infanto-juvenil-de-la-liga\/\" \/>\n<meta property=\"og:locale\" content=\"es_ES\" \/>\n<meta property=\"og:type\" content=\"article\" \/>\n<meta property=\"og:title\" content=\"Otro s\u00e1bado para el Infanto Juvenil de la Liga - Noticias Mercedinas\" \/>\n<meta property=\"og:description\" content=\"\u25a0 La sexta fecha se jug\u00f3 durante el \u00faltimo s\u00e1bado. El Clausura sigue adelante para venirse una fecha doble el venidero fin de semana. Todos los resultados de lo que dejaron los distintos cruces.\" \/>\n<meta property=\"og:url\" content=\"https:\/\/noticiasmercedinas.com\/site\/2026\/09\/02\/otro-sabado-para-el-infanto-juvenil-de-la-liga\/\" \/>\n<meta property=\"og:site_name\" content=\"Noticias Mercedinas\" \/>\n<meta property=\"article:published_time\" content=\"2026-09-02T21:11:55+00:00\" \/>\n<meta property=\"article:modified_time\" content=\"2026-09-02T22:00:07+00:00\" \/>\n<meta property=\"og:image\" content=\"https:\/\/noticiasmercedinas.com\/site\/wp-content\/uploads\/2026\/09\/IMG_2518.jpg\" \/>\n\t<meta property=\"og:image:width\" content=\"640\" \/>\n\t<meta property=\"og:image:height\" content=\"427\" \/>\n\t<meta property=\"og:image:type\" content=\"image\/jpeg\" \/>\n<meta name=\"author\" content=\"Juan Dagnino\" \/>\n<meta name=\"twitter:card\" content=\"summary_large_image\" \/>\n<meta name=\"twitter:label1\" content=\"Escrito por\" \/>\n\t<meta name=\"twitter:data1\" content=\"Juan Dagnino\" \/>\n\t<meta name=\"twitter:label2\" content=\"Tiempo de lectura\" \/>\n\t<meta name=\"twitter:data2\" content=\"3 minutos\" \/>\n<script type=\"application\/ld+json\" class=\"yoast-schema-graph\">{\"@context\":\"https:\\\/\\\/schema.org\",\"@graph\":[{\"@type\":\"Article\",\"@id\":\"https:\\\/\\\/noticiasmercedinas.com\\\/site\\\/2026\\\/09\\\/02\\\/otro-sabado-para-el-infanto-juvenil-de-la-liga\\\/#article\",\"isPartOf\":{\"@id\":\"https:\\\/\\\/noticiasmercedinas.com\\\/site\\\/2026\\\/09\\\/02\\\/otro-sabado-para-el-infanto-juvenil-de-la-liga\\\/\"},\"author\":{\"name\":\"Juan Dagnino\",\"@id\":\"https:\\\/\\\/noticiasmercedinas.com\\\/site\\\/#\\\/schema\\\/person\\\/b25f2883e4fd6f0be6beadb609baaa59\"},\"headline\":\"Otro s\u00e1bado para el Infanto Juvenil de la Liga\",\"datePublished\":\"2026-09-02T21:11:55+00:00\",\"dateModified\":\"2026-09-02T22:00:07+00:00\",\"mainEntityOfPage\":{\"@id\":\"https:\\\/\\\/noticiasmercedinas.com\\\/site\\\/2026\\\/09\\\/02\\\/otro-sabado-para-el-infanto-juvenil-de-la-liga\\\/\"},\"wordCount\":321,\"commentCount\":0,\"image\":{\"@id\":\"https:\\\/\\\/noticiasmercedinas.com\\\/site\\\/2026\\\/09\\\/02\\\/otro-sabado-para-el-infanto-juvenil-de-la-liga\\\/#primaryimage\"},\"thumbnailUrl\":\"https:\\\/\\\/noticiasmercedinas.com\\\/site\\\/wp-content\\\/uploads\\\/2026\\\/09\\\/IMG_2518.jpg\",\"keywords\":[\"infanto juvenil\",\"liga mercedinas de futbol\"],\"articleSection\":[\"Deportes\"],\"inLanguage\":\"es\",\"potentialAction\":[{\"@type\":\"CommentAction\",\"name\":\"Comment\",\"target\":[\"https:\\\/\\\/noticiasmercedinas.com\\\/site\\\/2026\\\/09\\\/02\\\/otro-sabado-para-el-infanto-juvenil-de-la-liga\\\/#respond\"]}]},{\"@type\":\"WebPage\",\"@id\":\"https:\\\/\\\/noticiasmercedinas.com\\\/site\\\/2026\\\/09\\\/02\\\/otro-sabado-para-el-infanto-juvenil-de-la-liga\\\/\",\"url\":\"https:\\\/\\\/noticiasmercedinas.com\\\/site\\\/2026\\\/09\\\/02\\\/otro-sabado-para-el-infanto-juvenil-de-la-liga\\\/\",\"name\":\"Otro s\u00e1bado para el Infanto Juvenil de la Liga - Noticias Mercedinas\",\"isPartOf\":{\"@id\":\"https:\\\/\\\/noticiasmercedinas.com\\\/site\\\/#website\"},\"primaryImageOfPage\":{\"@id\":\"https:\\\/\\\/noticiasmercedinas.com\\\/site\\\/2026\\\/09\\\/02\\\/otro-sabado-para-el-infanto-juvenil-de-la-liga\\\/#primaryimage\"},\"image\":{\"@id\":\"https:\\\/\\\/noticiasmercedinas.com\\\/site\\\/2026\\\/09\\\/02\\\/otro-sabado-para-el-infanto-juvenil-de-la-liga\\\/#primaryimage\"},\"thumbnailUrl\":\"https:\\\/\\\/noticiasmercedinas.com\\\/site\\\/wp-content\\\/uploads\\\/2026\\\/09\\\/IMG_2518.jpg\",\"datePublished\":\"2026-09-02T21:11:55+00:00\",\"dateModified\":\"2026-09-02T22:00:07+00:00\",\"author\":{\"@id\":\"https:\\\/\\\/noticiasmercedinas.com\\\/site\\\/#\\\/schema\\\/person\\\/b25f2883e4fd6f0be6beadb609baaa59\"},\"breadcrumb\":{\"@id\":\"https:\\\/\\\/noticiasmercedinas.com\\\/site\\\/2026\\\/09\\\/02\\\/otro-sabado-para-el-infanto-juvenil-de-la-liga\\\/#breadcrumb\"},\"inLanguage\":\"es\",\"potentialAction\":[{\"@type\":\"ReadAction\",\"target\":[\"https:\\\/\\\/noticiasmercedinas.com\\\/site\\\/2026\\\/09\\\/02\\\/otro-sabado-para-el-infanto-juvenil-de-la-liga\\\/\"]}]},{\"@type\":\"ImageObject\",\"inLanguage\":\"es\",\"@id\":\"https:\\\/\\\/noticiasmercedinas.com\\\/site\\\/2026\\\/09\\\/02\\\/otro-sabado-para-el-infanto-juvenil-de-la-liga\\\/#primaryimage\",\"url\":\"https:\\\/\\\/noticiasmercedinas.com\\\/site\\\/wp-content\\\/uploads\\\/2026\\\/09\\\/IMG_2518.jpg\",\"contentUrl\":\"https:\\\/\\\/noticiasmercedinas.com\\\/site\\\/wp-content\\\/uploads\\\/2026\\\/09\\\/IMG_2518.jpg\",\"width\":640,\"height\":427},{\"@type\":\"BreadcrumbList\",\"@id\":\"https:\\\/\\\/noticiasmercedinas.com\\\/site\\\/2026\\\/09\\\/02\\\/otro-sabado-para-el-infanto-juvenil-de-la-liga\\\/#breadcrumb\",\"itemListElement\":[{\"@type\":\"ListItem\",\"position\":1,\"name\":\"Portada\",\"item\":\"https:\\\/\\\/noticiasmercedinas.com\\\/site\\\/\"},{\"@type\":\"ListItem\",\"position\":2,\"name\":\"Otro s\u00e1bado para el Infanto Juvenil de la Liga\"}]},{\"@type\":\"WebSite\",\"@id\":\"https:\\\/\\\/noticiasmercedinas.com\\\/site\\\/#website\",\"url\":\"https:\\\/\\\/noticiasmercedinas.com\\\/site\\\/\",\"name\":\"Noticias Mercedinas\",\"description\":\"\",\"potentialAction\":[{\"@type\":\"SearchAction\",\"target\":{\"@type\":\"EntryPoint\",\"urlTemplate\":\"https:\\\/\\\/noticiasmercedinas.com\\\/site\\\/?s={search_term_string}\"},\"query-input\":{\"@type\":\"PropertyValueSpecification\",\"valueRequired\":true,\"valueName\":\"search_term_string\"}}],\"inLanguage\":\"es\"},{\"@type\":\"Person\",\"@id\":\"https:\\\/\\\/noticiasmercedinas.com\\\/site\\\/#\\\/schema\\\/person\\\/b25f2883e4fd6f0be6beadb609baaa59\",\"name\":\"Juan Dagnino\",\"image\":{\"@type\":\"ImageObject\",\"inLanguage\":\"es\",\"@id\":\"https:\\\/\\\/secure.gravatar.com\\\/avatar\\\/fc7059a769f5a3cae65fadb228a3e4accf3a64b4b2305020d0a27e6d5333c91b?s=96&d=mm&r=g\",\"url\":\"https:\\\/\\\/secure.gravatar.com\\\/avatar\\\/fc7059a769f5a3cae65fadb228a3e4accf3a64b4b2305020d0a27e6d5333c91b?s=96&d=mm&r=g\",\"contentUrl\":\"https:\\\/\\\/secure.gravatar.com\\\/avatar\\\/fc7059a769f5a3cae65fadb228a3e4accf3a64b4b2305020d0a27e6d5333c91b?s=96&d=mm&r=g\",\"caption\":\"Juan Dagnino\"},\"url\":\"https:\\\/\\\/noticiasmercedinas.com\\\/site\\\/author\\\/juandagnino\\\/\"}]}<\/script>\n<!-- \/ Yoast SEO plugin. -->","yoast_head_json":{"title":"Otro s\u00e1bado para el Infanto Juvenil de la Liga - Noticias Mercedinas","robots":{"index":"index","follow":"follow","max-snippet":"max-snippet:-1","max-image-preview":"max-image-preview:large","max-video-preview":"max-video-preview:-1"},"canonical":"https:\/\/noticiasmercedinas.com\/site\/2026\/09\/02\/otro-sabado-para-el-infanto-juvenil-de-la-liga\/","og_locale":"es_ES","og_type":"article","og_title":"Otro s\u00e1bado para el Infanto Juvenil de la Liga - Noticias Mercedinas","og_description":"\u25a0 La sexta fecha se jug\u00f3 durante el \u00faltimo s\u00e1bado. El Clausura sigue adelante para venirse una fecha doble el venidero fin de semana. Todos los resultados de lo que dejaron los distintos cruces.","og_url":"https:\/\/noticiasmercedinas.com\/site\/2026\/09\/02\/otro-sabado-para-el-infanto-juvenil-de-la-liga\/","og_site_name":"Noticias Mercedinas","article_published_time":"2026-09-02T21:11:55+00:00","article_modified_time":"2026-09-02T22:00:07+00:00","og_image":[{"width":640,"height":427,"url":"https:\/\/noticiasmercedinas.com\/site\/wp-content\/uploads\/2026\/09\/IMG_2518.jpg","type":"image\/jpeg"}],"author":"Juan Dagnino","twitter_card":"summary_large_image","twitter_misc":{"Escrito por":"Juan Dagnino","Tiempo de lectura":"3 minutos"},"schema":{"@context":"https:\/\/schema.org","@graph":[{"@type":"Article","@id":"https:\/\/noticiasmercedinas.com\/site\/2026\/09\/02\/otro-sabado-para-el-infanto-juvenil-de-la-liga\/#article","isPartOf":{"@id":"https:\/\/noticiasmercedinas.com\/site\/2026\/09\/02\/otro-sabado-para-el-infanto-juvenil-de-la-liga\/"},"author":{"name":"Juan Dagnino","@id":"https:\/\/noticiasmercedinas.com\/site\/#\/schema\/person\/b25f2883e4fd6f0be6beadb609baaa59"},"headline":"Otro s\u00e1bado para el Infanto Juvenil de la Liga","datePublished":"2026-09-02T21:11:55+00:00","dateModified":"2026-09-02T22:00:07+00:00","mainEntityOfPage":{"@id":"https:\/\/noticiasmercedinas.com\/site\/2026\/09\/02\/otro-sabado-para-el-infanto-juvenil-de-la-liga\/"},"wordCount":321,"commentCount":0,"image":{"@id":"https:\/\/noticiasmercedinas.com\/site\/2026\/09\/02\/otro-sabado-para-el-infanto-juvenil-de-la-liga\/#primaryimage"},"thumbnailUrl":"https:\/\/noticiasmercedinas.com\/site\/wp-content\/uploads\/2026\/09\/IMG_2518.jpg","keywords":["infanto juvenil","liga mercedinas de futbol"],"articleSection":["Deportes"],"inLanguage":"es","potentialAction":[{"@type":"CommentAction","name":"Comment","target":["https:\/\/noticiasmercedinas.com\/site\/2026\/09\/02\/otro-sabado-para-el-infanto-juvenil-de-la-liga\/#respond"]}]},{"@type":"WebPage","@id":"https:\/\/noticiasmercedinas.com\/site\/2026\/09\/02\/otro-sabado-para-el-infanto-juvenil-de-la-liga\/","url":"https:\/\/noticiasmercedinas.com\/site\/2026\/09\/02\/otro-sabado-para-el-infanto-juvenil-de-la-liga\/","name":"Otro s\u00e1bado para el Infanto Juvenil de la Liga - Noticias Mercedinas","isPartOf":{"@id":"https:\/\/noticiasmercedinas.com\/site\/#website"},"primaryImageOfPage":{"@id":"https:\/\/noticiasmercedinas.com\/site\/2026\/09\/02\/otro-sabado-para-el-infanto-juvenil-de-la-liga\/#primaryimage"},"image":{"@id":"https:\/\/noticiasmercedinas.com\/site\/2026\/09\/02\/otro-sabado-para-el-infanto-juvenil-de-la-liga\/#primaryimage"},"thumbnailUrl":"https:\/\/noticiasmercedinas.com\/site\/wp-content\/uploads\/2026\/09\/IMG_2518.jpg","datePublished":"2026-09-02T21:11:55+00:00","dateModified":"2026-09-02T22:00:07+00:00","author":{"@id":"https:\/\/noticiasmercedinas.com\/site\/#\/schema\/person\/b25f2883e4fd6f0be6beadb609baaa59"},"breadcrumb":{"@id":"https:\/\/noticiasmercedinas.com\/site\/2026\/09\/02\/otro-sabado-para-el-infanto-juvenil-de-la-liga\/#breadcrumb"},"inLanguage":"es","potentialAction":[{"@type":"ReadAction","target":["https:\/\/noticiasmercedinas.com\/site\/2026\/09\/02\/otro-sabado-para-el-infanto-juvenil-de-la-liga\/"]}]},{"@type":"ImageObject","inLanguage":"es","@id":"https:\/\/noticiasmercedinas.com\/site\/2026\/09\/02\/otro-sabado-para-el-infanto-juvenil-de-la-liga\/#primaryimage","url":"https:\/\/noticiasmercedinas.com\/site\/wp-content\/uploads\/2026\/09\/IMG_2518.jpg","contentUrl":"https:\/\/noticiasmercedinas.com\/site\/wp-content\/uploads\/2026\/09\/IMG_2518.jpg","width":640,"height":427},{"@type":"BreadcrumbList","@id":"https:\/\/noticiasmercedinas.com\/site\/2026\/09\/02\/otro-sabado-para-el-infanto-juvenil-de-la-liga\/#breadcrumb","itemListElement":[{"@type":"ListItem","position":1,"name":"Portada","item":"https:\/\/noticiasmercedinas.com\/site\/"},{"@type":"ListItem","position":2,"name":"Otro s\u00e1bado para el Infanto Juvenil de la Liga"}]},{"@type":"WebSite","@id":"https:\/\/noticiasmercedinas.com\/site\/#website","url":"https:\/\/noticiasmercedinas.com\/site\/","name":"Noticias Mercedinas","description":"","potentialAction":[{"@type":"SearchAction","target":{"@type":"EntryPoint","urlTemplate":"https:\/\/noticiasmercedinas.com\/site\/?s={search_term_string}"},"query-input":{"@type":"PropertyValueSpecification","valueRequired":true,"valueName":"search_term_string"}}],"inLanguage":"es"},{"@type":"Person","@id":"https:\/\/noticiasmercedinas.com\/site\/#\/schema\/person\/b25f2883e4fd6f0be6beadb609baaa59","name":"Juan Dagnino","image":{"@type":"ImageObject","inLanguage":"es","@id":"https:\/\/secure.gravatar.com\/avatar\/fc7059a769f5a3cae65fadb228a3e4accf3a64b4b2305020d0a27e6d5333c91b?s=96&d=mm&r=g","url":"https:\/\/secure.gravatar.com\/avatar\/fc7059a769f5a3cae65fadb228a3e4accf3a64b4b2305020d0a27e6d5333c91b?s=96&d=mm&r=g","contentUrl":"https:\/\/secure.gravatar.com\/avatar\/fc7059a769f5a3cae65fadb228a3e4accf3a64b4b2305020d0a27e6d5333c91b?s=96&d=mm&r=g","caption":"Juan Dagnino"},"url":"https:\/\/noticiasmercedinas.com\/site\/author\/juandagnino\/"}]}},"_links":{"self":[{"href":"https:\/\/noticiasmercedinas.com\/site\/wp-json\/wp\/v2\/posts\/261","targetHints":{"allow":["GET"]}}],"collection":[{"href":"https:\/\/noticiasmercedinas.com\/site\/wp-json\/wp\/v2\/posts"}],"about":[{"href":"https:\/\/noticiasmercedinas.com\/site\/wp-json\/wp\/v2\/types\/post"}],"author":[{"embeddable":true,"href":"https:\/\/noticiasmercedinas.com\/site\/wp-json\/wp\/v2\/users\/2"}],"replies":[{"embeddable":true,"href":"https:\/\/noticiasmercedinas.com\/site\/wp-json\/wp\/v2\/comments?post=261"}],"version-history":[{"count":2,"href":"https:\/\/noticiasmercedinas.com\/site\/wp-json\/wp\/v2\/posts\/261\/revisions"}],"predecessor-version":[{"id":306,"href":"https:\/\/noticiasmercedinas.com\/site\/wp-json\/wp\/v2\/posts\/261\/revisions\/306"}],"wp:featuredmedia":[{"embeddable":true,"href":"https:\/\/noticiasmercedinas.com\/site\/wp-json\/wp\/v2\/media\/262"}],"wp:attachment":[{"href":"https:\/\/noticiasmercedinas.com\/site\/wp-json\/wp\/v2\/media?parent=261"}],"wp:term":[{"taxonomy":"category","embeddable":true,"href":"https:\/\/noticiasmercedinas.com\/site\/wp-json\/wp\/v2\/categories?post=261"},{"taxonomy":"post_tag","embeddable":true,"href":"https:\/\/noticiasmercedinas.com\/site\/wp-json\/wp\/v2\/tags?post=261"}],"curies":[{"name":"wp","href":"https:\/\/api.w.org\/{rel}","templated":true}]}}