{"id":26144,"date":"2019-08-21T12:50:58","date_gmt":"2019-08-21T15:50:58","guid":{"rendered":"https:\/\/noticiasmercedinas.com\/site\/?p=26144"},"modified":"2019-08-21T13:01:12","modified_gmt":"2019-08-21T16:01:12","slug":"ultimas-entradas-con-kit-regalo-para-mary-poppins-el-musical","status":"publish","type":"post","link":"https:\/\/noticiasmercedinas.com\/site\/2019\/08\/21\/ultimas-entradas-con-kit-regalo-para-mary-poppins-el-musical\/","title":{"rendered":"\u00daltimas entradas con Kit Regalo para \u00abMary Poppins, el Musical\u00bb"},"content":{"rendered":"<p><strong>Con gran expectativa por el espect\u00e1culo mercedino se terminan las entradas limitadas a la venta por WWW.P5ALMACEN.COM.AR<\/strong><\/p>\n<p><img loading=\"lazy\" decoding=\"async\" class=\"alignnone wp-image-26145 size-full aligncenter\" src=\"https:\/\/noticiasmercedinas.com\/site\/wp-content\/uploads\/2019\/08\/08.jpg\" width=\"1920\" height=\"1050\" srcset=\"https:\/\/noticiasmercedinas.com\/site\/wp-content\/uploads\/2019\/08\/08.jpg 1920w, https:\/\/noticiasmercedinas.com\/site\/wp-content\/uploads\/2019\/08\/08-300x164.jpg 300w, https:\/\/noticiasmercedinas.com\/site\/wp-content\/uploads\/2019\/08\/08-768x420.jpg 768w, https:\/\/noticiasmercedinas.com\/site\/wp-content\/uploads\/2019\/08\/08-1024x560.jpg 1024w, https:\/\/noticiasmercedinas.com\/site\/wp-content\/uploads\/2019\/08\/08-640x350.jpg 640w, https:\/\/noticiasmercedinas.com\/site\/wp-content\/uploads\/2019\/08\/08-1280x700.jpg 1280w, https:\/\/noticiasmercedinas.com\/site\/wp-content\/uploads\/2019\/08\/08-681x372.jpg 681w, https:\/\/noticiasmercedinas.com\/site\/wp-content\/uploads\/2019\/08\/08-1362x745.jpg 1362w\" sizes=\"auto, (max-width: 1920px) 100vw, 1920px\" \/><\/p>\n<p>Contando s\u00f3lo con tres funciones, los pr\u00f3ximos 24 y 25 de agosto se realizar\u00e1 en el Teatro Argentino de Mercedes, el espect\u00e1culo \u201cMary Poppins\u201d, el musical, dirigido por el Estudio de Danza y Arte MOVE.<\/p>\n<p>Con un destacado elenco local y de ciudades vecinas, y la direcci\u00f3n a cargo de Luciana Osses y la docente Eugenia Fraiese, lo m\u00e1s novedoso es que parte de las entradas pueden conseguirse a trav\u00e9s del sitio de venta de productos online, WWW.P5ALMACEN.COM.AR.<\/p>\n<p>Para adquirir las \u00faltimas entradas disponibles con Kit Regalo de $250 que incluye una remera y golosinas sorpresas, los interesados deber\u00e1n ingresar en el sitio web mencionado y dentro de la categor\u00eda especial \u201cMary Poppins\u201d elegir las entradas seg\u00fan la funci\u00f3n a la que quieran asistir.<\/p>\n<p>El siguiente paso es seleccionar la cantidad de entradas, completar los datos de compra y de la persona que las retirar\u00e1, seleccionar la sucursal ubicada en nuestra ciudad, calle 29 N\u00b0 327 y realizar el pago.<\/p>\n<p>Al retirar las entradas por calle 29 N\u00b0 327, se le entrega a la persona un voucher para retirar el Kit Regalo minutos antes de comenzar el espect\u00e1culo.<\/p>\n<p>En l\u00ednea con el objetivo de involucrarse en la comunidad con propuestas de valor y queriendo tambi\u00e9n fomentar buenas pr\u00e1cticas y valores, P5ALMACEN.COM.AR ha participado en la Media Marat\u00f3n de Mercedes y realiza semanalmente, junto Mariano Bar\u00f3 por Radio Ciudad y bajo la consigna #COMPARTIR, sorteos donde los ganadores deben entregar otro premio a un determinado vecino de la ciudad en reconocimiento a su labor o simplemente como una muestra de cari\u00f1o.<\/p>\n<p>Fue as\u00ed como un bombero mercedino recibi\u00f3 un Combo de m\u00e1s de 15 productos, un abuelo de un geri\u00e1trico local un buzo y la pediatr\u00eda del Hospital Blas L. Dubarry un Pack de 12 leches.<\/p>\n<p>Por otro lado, su oferta de productos y las esperadas \u201cOfertas Locas\u201d, intentan ser siempre accesibles para el vecino, acerc\u00e1ndole productos de calidad a los mejores precios.<\/p>\n","protected":false},"excerpt":{"rendered":"<p>Con gran expectativa por el espect\u00e1culo mercedino se terminan las entradas limitadas a la venta por WWW.P5ALMACEN.COM.AR Contando s\u00f3lo con tres funciones, los pr\u00f3ximos 24 y 25 de agosto se realizar\u00e1 en el Teatro Argentino de Mercedes, el espect\u00e1culo \u201cMary Poppins\u201d, el musical, dirigido por el Estudio de Danza y Arte MOVE. Con un destacado [&hellip;]<\/p>\n","protected":false},"author":2,"featured_media":26145,"comment_status":"open","ping_status":"open","sticky":false,"template":"","format":"standard","meta":{"footnotes":""},"categories":[4],"tags":[6136,1216,5844,2849,5461,6137,480],"class_list":["post-26144","post","type-post","status-publish","format-standard","has-post-thumbnail","hentry","category-cultura","tag-mary-poppins","tag-move","tag-musical","tag-p5","tag-p5almacen-com-ar","tag-p5nalmacen","tag-teatro"],"yoast_head":"<!-- This site is optimized with the Yoast SEO plugin v27.5 - https:\/\/yoast.com\/product\/yoast-seo-wordpress\/ -->\n<title>\u00daltimas entradas con Kit Regalo para &quot;Mary Poppins, el Musical&quot;<\/title>\n<meta name=\"robots\" content=\"index, follow, max-snippet:-1, max-image-preview:large, max-video-preview:-1\" \/>\n<link rel=\"canonical\" href=\"https:\/\/noticiasmercedinas.com\/site\/2019\/08\/21\/ultimas-entradas-con-kit-regalo-para-mary-poppins-el-musical\/\" \/>\n<meta property=\"og:locale\" content=\"es_ES\" \/>\n<meta property=\"og:type\" content=\"article\" \/>\n<meta property=\"og:title\" content=\"\u00daltimas entradas con Kit Regalo para &quot;Mary Poppins, el Musical&quot;\" \/>\n<meta property=\"og:description\" content=\"Con gran expectativa por el espect\u00e1culo mercedino se terminan las entradas limitadas a la venta por WWW.P5ALMACEN.COM.AR Contando s\u00f3lo con tres funciones, los pr\u00f3ximos 24 y 25 de agosto se realizar\u00e1 en el Teatro Argentino de Mercedes, el espect\u00e1culo \u201cMary Poppins\u201d, el musical, dirigido por el Estudio de Danza y Arte MOVE. Con un destacado [&hellip;]\" \/>\n<meta property=\"og:url\" content=\"https:\/\/noticiasmercedinas.com\/site\/2019\/08\/21\/ultimas-entradas-con-kit-regalo-para-mary-poppins-el-musical\/\" \/>\n<meta property=\"og:site_name\" content=\"NOTICIASMERCEDINAS.COM\" \/>\n<meta property=\"article:publisher\" content=\"https:\/\/www.facebook.com\/noticiasmercedinas\/\" \/>\n<meta property=\"article:author\" content=\"https:\/\/www.facebook.com\/cristian.falabella\" \/>\n<meta property=\"article:published_time\" content=\"2019-08-21T15:50:58+00:00\" \/>\n<meta property=\"article:modified_time\" content=\"2019-08-21T16:01:12+00:00\" \/>\n<meta property=\"og:image\" content=\"https:\/\/noticiasmercedinas.com\/site\/wp-content\/uploads\/2019\/08\/08.jpg\" \/>\n\t<meta property=\"og:image:width\" content=\"1920\" \/>\n\t<meta property=\"og:image:height\" content=\"1050\" \/>\n\t<meta property=\"og:image:type\" content=\"image\/jpeg\" \/>\n<meta name=\"author\" content=\"Cristian Falabella NOTICIASMERCEDINAS.COM\" \/>\n<meta name=\"twitter:card\" content=\"summary_large_image\" \/>\n<meta name=\"twitter:creator\" content=\"@https:\/\/twitter.com\/NOTMERCEDINAS\" \/>\n<meta name=\"twitter:site\" content=\"@notmercedinas\" \/>\n<meta name=\"twitter:label1\" content=\"Escrito por\" \/>\n\t<meta name=\"twitter:data1\" content=\"Cristian Falabella NOTICIASMERCEDINAS.COM\" \/>\n\t<meta name=\"twitter:label2\" content=\"Tiempo de lectura\" \/>\n\t<meta name=\"twitter:data2\" content=\"2 minutos\" \/>\n<script type=\"application\/ld+json\" class=\"yoast-schema-graph\">{\"@context\":\"https:\\\/\\\/schema.org\",\"@graph\":[{\"@type\":\"Article\",\"@id\":\"https:\\\/\\\/noticiasmercedinas.com\\\/site\\\/2019\\\/08\\\/21\\\/ultimas-entradas-con-kit-regalo-para-mary-poppins-el-musical\\\/#article\",\"isPartOf\":{\"@id\":\"https:\\\/\\\/noticiasmercedinas.com\\\/site\\\/2019\\\/08\\\/21\\\/ultimas-entradas-con-kit-regalo-para-mary-poppins-el-musical\\\/\"},\"author\":{\"name\":\"Cristian Falabella NOTICIASMERCEDINAS.COM\",\"@id\":\"https:\\\/\\\/noticiasmercedinas.com\\\/site\\\/#\\\/schema\\\/person\\\/d481a9696a5feaec13a60e2bbd991a6a\"},\"headline\":\"\u00daltimas entradas con Kit Regalo para \u00abMary Poppins, el Musical\u00bb\",\"datePublished\":\"2019-08-21T15:50:58+00:00\",\"dateModified\":\"2019-08-21T16:01:12+00:00\",\"mainEntityOfPage\":{\"@id\":\"https:\\\/\\\/noticiasmercedinas.com\\\/site\\\/2019\\\/08\\\/21\\\/ultimas-entradas-con-kit-regalo-para-mary-poppins-el-musical\\\/\"},\"wordCount\":372,\"commentCount\":0,\"publisher\":{\"@id\":\"https:\\\/\\\/noticiasmercedinas.com\\\/site\\\/#organization\"},\"image\":{\"@id\":\"https:\\\/\\\/noticiasmercedinas.com\\\/site\\\/2019\\\/08\\\/21\\\/ultimas-entradas-con-kit-regalo-para-mary-poppins-el-musical\\\/#primaryimage\"},\"thumbnailUrl\":\"https:\\\/\\\/noticiasmercedinas.com\\\/site\\\/wp-content\\\/uploads\\\/2019\\\/08\\\/08.jpg\",\"keywords\":[\"Mary poppins\",\"move\",\"musical\",\"p5\",\"P5ALMACEN.COM.AR\",\"p5nalmacen\",\"teatro\"],\"articleSection\":[\"Cultura\"],\"inLanguage\":\"es\",\"potentialAction\":[{\"@type\":\"CommentAction\",\"name\":\"Comment\",\"target\":[\"https:\\\/\\\/noticiasmercedinas.com\\\/site\\\/2019\\\/08\\\/21\\\/ultimas-entradas-con-kit-regalo-para-mary-poppins-el-musical\\\/#respond\"]}]},{\"@type\":\"WebPage\",\"@id\":\"https:\\\/\\\/noticiasmercedinas.com\\\/site\\\/2019\\\/08\\\/21\\\/ultimas-entradas-con-kit-regalo-para-mary-poppins-el-musical\\\/\",\"url\":\"https:\\\/\\\/noticiasmercedinas.com\\\/site\\\/2019\\\/08\\\/21\\\/ultimas-entradas-con-kit-regalo-para-mary-poppins-el-musical\\\/\",\"name\":\"\u00daltimas entradas con Kit Regalo para \\\"Mary Poppins, el Musical\\\"\",\"isPartOf\":{\"@id\":\"https:\\\/\\\/noticiasmercedinas.com\\\/site\\\/#website\"},\"primaryImageOfPage\":{\"@id\":\"https:\\\/\\\/noticiasmercedinas.com\\\/site\\\/2019\\\/08\\\/21\\\/ultimas-entradas-con-kit-regalo-para-mary-poppins-el-musical\\\/#primaryimage\"},\"image\":{\"@id\":\"https:\\\/\\\/noticiasmercedinas.com\\\/site\\\/2019\\\/08\\\/21\\\/ultimas-entradas-con-kit-regalo-para-mary-poppins-el-musical\\\/#primaryimage\"},\"thumbnailUrl\":\"https:\\\/\\\/noticiasmercedinas.com\\\/site\\\/wp-content\\\/uploads\\\/2019\\\/08\\\/08.jpg\",\"datePublished\":\"2019-08-21T15:50:58+00:00\",\"dateModified\":\"2019-08-21T16:01:12+00:00\",\"breadcrumb\":{\"@id\":\"https:\\\/\\\/noticiasmercedinas.com\\\/site\\\/2019\\\/08\\\/21\\\/ultimas-entradas-con-kit-regalo-para-mary-poppins-el-musical\\\/#breadcrumb\"},\"inLanguage\":\"es\",\"potentialAction\":[{\"@type\":\"ReadAction\",\"target\":[\"https:\\\/\\\/noticiasmercedinas.com\\\/site\\\/2019\\\/08\\\/21\\\/ultimas-entradas-con-kit-regalo-para-mary-poppins-el-musical\\\/\"]}]},{\"@type\":\"ImageObject\",\"inLanguage\":\"es\",\"@id\":\"https:\\\/\\\/noticiasmercedinas.com\\\/site\\\/2019\\\/08\\\/21\\\/ultimas-entradas-con-kit-regalo-para-mary-poppins-el-musical\\\/#primaryimage\",\"url\":\"https:\\\/\\\/noticiasmercedinas.com\\\/site\\\/wp-content\\\/uploads\\\/2019\\\/08\\\/08.jpg\",\"contentUrl\":\"https:\\\/\\\/noticiasmercedinas.com\\\/site\\\/wp-content\\\/uploads\\\/2019\\\/08\\\/08.jpg\",\"width\":1920,\"height\":1050},{\"@type\":\"BreadcrumbList\",\"@id\":\"https:\\\/\\\/noticiasmercedinas.com\\\/site\\\/2019\\\/08\\\/21\\\/ultimas-entradas-con-kit-regalo-para-mary-poppins-el-musical\\\/#breadcrumb\",\"itemListElement\":[{\"@type\":\"ListItem\",\"position\":1,\"name\":\"Portada\",\"item\":\"https:\\\/\\\/noticiasmercedinas.com\\\/site\\\/\"},{\"@type\":\"ListItem\",\"position\":2,\"name\":\"\u00daltimas entradas con Kit Regalo para \u00abMary Poppins, el Musical\u00bb\"}]},{\"@type\":\"WebSite\",\"@id\":\"https:\\\/\\\/noticiasmercedinas.com\\\/site\\\/#website\",\"url\":\"https:\\\/\\\/noticiasmercedinas.com\\\/site\\\/\",\"name\":\"NOTICIASMERCEDINAS.COM\",\"description\":\"Mercedes, Buenos Aires, Argentina\",\"publisher\":{\"@id\":\"https:\\\/\\\/noticiasmercedinas.com\\\/site\\\/#organization\"},\"potentialAction\":[{\"@type\":\"SearchAction\",\"target\":{\"@type\":\"EntryPoint\",\"urlTemplate\":\"https:\\\/\\\/noticiasmercedinas.com\\\/site\\\/?s={search_term_string}\"},\"query-input\":{\"@type\":\"PropertyValueSpecification\",\"valueRequired\":true,\"valueName\":\"search_term_string\"}}],\"inLanguage\":\"es\"},{\"@type\":\"Organization\",\"@id\":\"https:\\\/\\\/noticiasmercedinas.com\\\/site\\\/#organization\",\"name\":\"NOTICIASMERCEDINAS.COM\",\"url\":\"https:\\\/\\\/noticiasmercedinas.com\\\/site\\\/\",\"logo\":{\"@type\":\"ImageObject\",\"inLanguage\":\"es\",\"@id\":\"https:\\\/\\\/noticiasmercedinas.com\\\/site\\\/#\\\/schema\\\/logo\\\/image\\\/\",\"url\":\"https:\\\/\\\/noticiasmercedinas.com\\\/site\\\/wp-content\\\/uploads\\\/2020\\\/06\\\/LOGO-512.jpg\",\"contentUrl\":\"https:\\\/\\\/noticiasmercedinas.com\\\/site\\\/wp-content\\\/uploads\\\/2020\\\/06\\\/LOGO-512.jpg\",\"width\":512,\"height\":512,\"caption\":\"NOTICIASMERCEDINAS.COM\"},\"image\":{\"@id\":\"https:\\\/\\\/noticiasmercedinas.com\\\/site\\\/#\\\/schema\\\/logo\\\/image\\\/\"},\"sameAs\":[\"https:\\\/\\\/www.facebook.com\\\/noticiasmercedinas\\\/\",\"https:\\\/\\\/x.com\\\/notmercedinas\",\"https:\\\/\\\/www.instagram.com\\\/noticiasmercedinas\\\/\"]},{\"@type\":\"Person\",\"@id\":\"https:\\\/\\\/noticiasmercedinas.com\\\/site\\\/#\\\/schema\\\/person\\\/d481a9696a5feaec13a60e2bbd991a6a\",\"name\":\"Cristian Falabella NOTICIASMERCEDINAS.COM\",\"image\":{\"@type\":\"ImageObject\",\"inLanguage\":\"es\",\"@id\":\"https:\\\/\\\/secure.gravatar.com\\\/avatar\\\/0dbbfc45970cc46bcd0e57766228574ff3511d6eed045b182f536f0f478c1f06?s=96&d=mm&r=g\",\"url\":\"https:\\\/\\\/secure.gravatar.com\\\/avatar\\\/0dbbfc45970cc46bcd0e57766228574ff3511d6eed045b182f536f0f478c1f06?s=96&d=mm&r=g\",\"contentUrl\":\"https:\\\/\\\/secure.gravatar.com\\\/avatar\\\/0dbbfc45970cc46bcd0e57766228574ff3511d6eed045b182f536f0f478c1f06?s=96&d=mm&r=g\",\"caption\":\"Cristian Falabella NOTICIASMERCEDINAS.COM\"},\"description\":\"Periodista, editor de Noticias Mercedinas. Pas\u00f3 por varias redacciones y emprendimientos de prensa, en distintos formatos y \u00e9pocas. Se especializ\u00f3 --y sigue haci\u00e9ndolo-- en comunicaci\u00f3n en la web y en junio de 2006 fund\u00f3 este diario digital.\",\"sameAs\":[\"https:\\\/\\\/noticiasmercedinas.com\",\"https:\\\/\\\/www.facebook.com\\\/cristian.falabella\",\"https:\\\/\\\/www.instagram.com\\\/noticiasmercedinas\\\/\",\"https:\\\/\\\/x.com\\\/https:\\\/\\\/twitter.com\\\/NOTMERCEDINAS\"],\"url\":\"https:\\\/\\\/noticiasmercedinas.com\\\/site\\\/author\\\/as000384\\\/\"}]}<\/script>\n<!-- \/ Yoast SEO plugin. -->","yoast_head_json":{"title":"\u00daltimas entradas con Kit Regalo para \"Mary Poppins, el Musical\"","robots":{"index":"index","follow":"follow","max-snippet":"max-snippet:-1","max-image-preview":"max-image-preview:large","max-video-preview":"max-video-preview:-1"},"canonical":"https:\/\/noticiasmercedinas.com\/site\/2019\/08\/21\/ultimas-entradas-con-kit-regalo-para-mary-poppins-el-musical\/","og_locale":"es_ES","og_type":"article","og_title":"\u00daltimas entradas con Kit Regalo para \"Mary Poppins, el Musical\"","og_description":"Con gran expectativa por el espect\u00e1culo mercedino se terminan las entradas limitadas a la venta por WWW.P5ALMACEN.COM.AR Contando s\u00f3lo con tres funciones, los pr\u00f3ximos 24 y 25 de agosto se realizar\u00e1 en el Teatro Argentino de Mercedes, el espect\u00e1culo \u201cMary Poppins\u201d, el musical, dirigido por el Estudio de Danza y Arte MOVE. Con un destacado [&hellip;]","og_url":"https:\/\/noticiasmercedinas.com\/site\/2019\/08\/21\/ultimas-entradas-con-kit-regalo-para-mary-poppins-el-musical\/","og_site_name":"NOTICIASMERCEDINAS.COM","article_publisher":"https:\/\/www.facebook.com\/noticiasmercedinas\/","article_author":"https:\/\/www.facebook.com\/cristian.falabella","article_published_time":"2019-08-21T15:50:58+00:00","article_modified_time":"2019-08-21T16:01:12+00:00","og_image":[{"width":1920,"height":1050,"url":"https:\/\/noticiasmercedinas.com\/site\/wp-content\/uploads\/2019\/08\/08.jpg","type":"image\/jpeg"}],"author":"Cristian Falabella NOTICIASMERCEDINAS.COM","twitter_card":"summary_large_image","twitter_creator":"@https:\/\/twitter.com\/NOTMERCEDINAS","twitter_site":"@notmercedinas","twitter_misc":{"Escrito por":"Cristian Falabella NOTICIASMERCEDINAS.COM","Tiempo de lectura":"2 minutos"},"schema":{"@context":"https:\/\/schema.org","@graph":[{"@type":"Article","@id":"https:\/\/noticiasmercedinas.com\/site\/2019\/08\/21\/ultimas-entradas-con-kit-regalo-para-mary-poppins-el-musical\/#article","isPartOf":{"@id":"https:\/\/noticiasmercedinas.com\/site\/2019\/08\/21\/ultimas-entradas-con-kit-regalo-para-mary-poppins-el-musical\/"},"author":{"name":"Cristian Falabella NOTICIASMERCEDINAS.COM","@id":"https:\/\/noticiasmercedinas.com\/site\/#\/schema\/person\/d481a9696a5feaec13a60e2bbd991a6a"},"headline":"\u00daltimas entradas con Kit Regalo para \u00abMary Poppins, el Musical\u00bb","datePublished":"2019-08-21T15:50:58+00:00","dateModified":"2019-08-21T16:01:12+00:00","mainEntityOfPage":{"@id":"https:\/\/noticiasmercedinas.com\/site\/2019\/08\/21\/ultimas-entradas-con-kit-regalo-para-mary-poppins-el-musical\/"},"wordCount":372,"commentCount":0,"publisher":{"@id":"https:\/\/noticiasmercedinas.com\/site\/#organization"},"image":{"@id":"https:\/\/noticiasmercedinas.com\/site\/2019\/08\/21\/ultimas-entradas-con-kit-regalo-para-mary-poppins-el-musical\/#primaryimage"},"thumbnailUrl":"https:\/\/noticiasmercedinas.com\/site\/wp-content\/uploads\/2019\/08\/08.jpg","keywords":["Mary poppins","move","musical","p5","P5ALMACEN.COM.AR","p5nalmacen","teatro"],"articleSection":["Cultura"],"inLanguage":"es","potentialAction":[{"@type":"CommentAction","name":"Comment","target":["https:\/\/noticiasmercedinas.com\/site\/2019\/08\/21\/ultimas-entradas-con-kit-regalo-para-mary-poppins-el-musical\/#respond"]}]},{"@type":"WebPage","@id":"https:\/\/noticiasmercedinas.com\/site\/2019\/08\/21\/ultimas-entradas-con-kit-regalo-para-mary-poppins-el-musical\/","url":"https:\/\/noticiasmercedinas.com\/site\/2019\/08\/21\/ultimas-entradas-con-kit-regalo-para-mary-poppins-el-musical\/","name":"\u00daltimas entradas con Kit Regalo para \"Mary Poppins, el Musical\"","isPartOf":{"@id":"https:\/\/noticiasmercedinas.com\/site\/#website"},"primaryImageOfPage":{"@id":"https:\/\/noticiasmercedinas.com\/site\/2019\/08\/21\/ultimas-entradas-con-kit-regalo-para-mary-poppins-el-musical\/#primaryimage"},"image":{"@id":"https:\/\/noticiasmercedinas.com\/site\/2019\/08\/21\/ultimas-entradas-con-kit-regalo-para-mary-poppins-el-musical\/#primaryimage"},"thumbnailUrl":"https:\/\/noticiasmercedinas.com\/site\/wp-content\/uploads\/2019\/08\/08.jpg","datePublished":"2019-08-21T15:50:58+00:00","dateModified":"2019-08-21T16:01:12+00:00","breadcrumb":{"@id":"https:\/\/noticiasmercedinas.com\/site\/2019\/08\/21\/ultimas-entradas-con-kit-regalo-para-mary-poppins-el-musical\/#breadcrumb"},"inLanguage":"es","potentialAction":[{"@type":"ReadAction","target":["https:\/\/noticiasmercedinas.com\/site\/2019\/08\/21\/ultimas-entradas-con-kit-regalo-para-mary-poppins-el-musical\/"]}]},{"@type":"ImageObject","inLanguage":"es","@id":"https:\/\/noticiasmercedinas.com\/site\/2019\/08\/21\/ultimas-entradas-con-kit-regalo-para-mary-poppins-el-musical\/#primaryimage","url":"https:\/\/noticiasmercedinas.com\/site\/wp-content\/uploads\/2019\/08\/08.jpg","contentUrl":"https:\/\/noticiasmercedinas.com\/site\/wp-content\/uploads\/2019\/08\/08.jpg","width":1920,"height":1050},{"@type":"BreadcrumbList","@id":"https:\/\/noticiasmercedinas.com\/site\/2019\/08\/21\/ultimas-entradas-con-kit-regalo-para-mary-poppins-el-musical\/#breadcrumb","itemListElement":[{"@type":"ListItem","position":1,"name":"Portada","item":"https:\/\/noticiasmercedinas.com\/site\/"},{"@type":"ListItem","position":2,"name":"\u00daltimas entradas con Kit Regalo para \u00abMary Poppins, el Musical\u00bb"}]},{"@type":"WebSite","@id":"https:\/\/noticiasmercedinas.com\/site\/#website","url":"https:\/\/noticiasmercedinas.com\/site\/","name":"NOTICIASMERCEDINAS.COM","description":"Mercedes, Buenos Aires, Argentina","publisher":{"@id":"https:\/\/noticiasmercedinas.com\/site\/#organization"},"potentialAction":[{"@type":"SearchAction","target":{"@type":"EntryPoint","urlTemplate":"https:\/\/noticiasmercedinas.com\/site\/?s={search_term_string}"},"query-input":{"@type":"PropertyValueSpecification","valueRequired":true,"valueName":"search_term_string"}}],"inLanguage":"es"},{"@type":"Organization","@id":"https:\/\/noticiasmercedinas.com\/site\/#organization","name":"NOTICIASMERCEDINAS.COM","url":"https:\/\/noticiasmercedinas.com\/site\/","logo":{"@type":"ImageObject","inLanguage":"es","@id":"https:\/\/noticiasmercedinas.com\/site\/#\/schema\/logo\/image\/","url":"https:\/\/noticiasmercedinas.com\/site\/wp-content\/uploads\/2020\/06\/LOGO-512.jpg","contentUrl":"https:\/\/noticiasmercedinas.com\/site\/wp-content\/uploads\/2020\/06\/LOGO-512.jpg","width":512,"height":512,"caption":"NOTICIASMERCEDINAS.COM"},"image":{"@id":"https:\/\/noticiasmercedinas.com\/site\/#\/schema\/logo\/image\/"},"sameAs":["https:\/\/www.facebook.com\/noticiasmercedinas\/","https:\/\/x.com\/notmercedinas","https:\/\/www.instagram.com\/noticiasmercedinas\/"]},{"@type":"Person","@id":"https:\/\/noticiasmercedinas.com\/site\/#\/schema\/person\/d481a9696a5feaec13a60e2bbd991a6a","name":"Cristian Falabella NOTICIASMERCEDINAS.COM","image":{"@type":"ImageObject","inLanguage":"es","@id":"https:\/\/secure.gravatar.com\/avatar\/0dbbfc45970cc46bcd0e57766228574ff3511d6eed045b182f536f0f478c1f06?s=96&d=mm&r=g","url":"https:\/\/secure.gravatar.com\/avatar\/0dbbfc45970cc46bcd0e57766228574ff3511d6eed045b182f536f0f478c1f06?s=96&d=mm&r=g","contentUrl":"https:\/\/secure.gravatar.com\/avatar\/0dbbfc45970cc46bcd0e57766228574ff3511d6eed045b182f536f0f478c1f06?s=96&d=mm&r=g","caption":"Cristian Falabella NOTICIASMERCEDINAS.COM"},"description":"Periodista, editor de Noticias Mercedinas. Pas\u00f3 por varias redacciones y emprendimientos de prensa, en distintos formatos y \u00e9pocas. Se especializ\u00f3 --y sigue haci\u00e9ndolo-- en comunicaci\u00f3n en la web y en junio de 2006 fund\u00f3 este diario digital.","sameAs":["https:\/\/noticiasmercedinas.com","https:\/\/www.facebook.com\/cristian.falabella","https:\/\/www.instagram.com\/noticiasmercedinas\/","https:\/\/x.com\/https:\/\/twitter.com\/NOTMERCEDINAS"],"url":"https:\/\/noticiasmercedinas.com\/site\/author\/as000384\/"}]}},"amp_enabled":true,"_links":{"self":[{"href":"https:\/\/noticiasmercedinas.com\/site\/wp-json\/wp\/v2\/posts\/26144","targetHints":{"allow":["GET"]}}],"collection":[{"href":"https:\/\/noticiasmercedinas.com\/site\/wp-json\/wp\/v2\/posts"}],"about":[{"href":"https:\/\/noticiasmercedinas.com\/site\/wp-json\/wp\/v2\/types\/post"}],"author":[{"embeddable":true,"href":"https:\/\/noticiasmercedinas.com\/site\/wp-json\/wp\/v2\/users\/2"}],"replies":[{"embeddable":true,"href":"https:\/\/noticiasmercedinas.com\/site\/wp-json\/wp\/v2\/comments?post=26144"}],"version-history":[{"count":3,"href":"https:\/\/noticiasmercedinas.com\/site\/wp-json\/wp\/v2\/posts\/26144\/revisions"}],"predecessor-version":[{"id":26148,"href":"https:\/\/noticiasmercedinas.com\/site\/wp-json\/wp\/v2\/posts\/26144\/revisions\/26148"}],"wp:featuredmedia":[{"embeddable":true,"href":"https:\/\/noticiasmercedinas.com\/site\/wp-json\/wp\/v2\/media\/26145"}],"wp:attachment":[{"href":"https:\/\/noticiasmercedinas.com\/site\/wp-json\/wp\/v2\/media?parent=26144"}],"wp:term":[{"taxonomy":"category","embeddable":true,"href":"https:\/\/noticiasmercedinas.com\/site\/wp-json\/wp\/v2\/categories?post=26144"},{"taxonomy":"post_tag","embeddable":true,"href":"https:\/\/noticiasmercedinas.com\/site\/wp-json\/wp\/v2\/tags?post=26144"}],"curies":[{"name":"wp","href":"https:\/\/api.w.org\/{rel}","templated":true}]}}