{"id":26295,"date":"2019-08-24T08:21:56","date_gmt":"2019-08-24T11:21:56","guid":{"rendered":"https:\/\/noticiasmercedinas.com\/site\/2019\/08\/24\/festejo-del-dia-del-nino-preparan-juguetes-en-madera-para-regalar\/"},"modified":"2019-08-24T10:03:40","modified_gmt":"2019-08-24T13:03:40","slug":"festejo-del-dia-del-nino-preparan-juguetes-en-madera-para-regalar","status":"publish","type":"post","link":"https:\/\/noticiasmercedinas.com\/site\/2019\/08\/24\/festejo-del-dia-del-nino-preparan-juguetes-en-madera-para-regalar\/","title":{"rendered":"Festejo del d\u00eda del ni\u00f1o: preparan juguetes en madera para regalar"},"content":{"rendered":"<p><img loading=\"lazy\" decoding=\"async\" class=\"wp-image-26294 alignnone size-full\" src=\"https:\/\/noticiasmercedinas.com\/site\/wp-content\/uploads\/2019\/08\/didactivos-28615904143101333404.jpg\" width=\"948\" height=\"632\" srcset=\"https:\/\/noticiasmercedinas.com\/site\/wp-content\/uploads\/2019\/08\/didactivos-28615904143101333404.jpg 948w, https:\/\/noticiasmercedinas.com\/site\/wp-content\/uploads\/2019\/08\/didactivos-28615904143101333404-300x200.jpg 300w, https:\/\/noticiasmercedinas.com\/site\/wp-content\/uploads\/2019\/08\/didactivos-28615904143101333404-768x512.jpg 768w, https:\/\/noticiasmercedinas.com\/site\/wp-content\/uploads\/2019\/08\/didactivos-28615904143101333404-640x427.jpg 640w, https:\/\/noticiasmercedinas.com\/site\/wp-content\/uploads\/2019\/08\/didactivos-28615904143101333404-681x454.jpg 681w\" sizes=\"auto, (max-width: 948px) 100vw, 948px\" \/><\/p>\n<p>Desde el Municipio de Mercedes a trav\u00e9s de los talleres de carpinter\u00eda emplazados en el ex instituto Unzu\u00e9 y en un trabajo en conjunto con el DIAT (Dispositivo Integral de Abordaje Territorial) realizaron juguetes en madera para ser entregados este domingo 25 de agosto en el festejo del d\u00eda del ni\u00f1o a realizarse en el predio del ex Mart\u00edn Rodr\u00edguez.<\/p>\n<p>Gabriela Olivella, directora de Ni\u00f1ez y Adolescencia, se\u00f1al\u00f3: \u201cEstamos recibiendo juguetes que hicieron desde el taller de carpinter\u00eda en conjunto con el DIAT (Dispositivo Integral de Abordaje Territorial). Yo vine con la propuesta y encontr\u00e9 una muy buena respuesta del equipo quienes enseguida se pusieron a pensar que juguetes pod\u00edan hacer desde la carpinter\u00eda\u201d.<\/p>\n<p>\u201cSurgieron tres opciones para diferentes edades que de manera solidaria ser\u00e1n entregadas a los chicos en su d\u00eda\u201d, explic\u00f3.<\/p>\n<p>Por otro lado, la directora indic\u00f3: \u201cEstamos muy contentos con todos los preparativos del festejo del d\u00eda del ni\u00f1o que se realizar\u00e1 este domingo de 14:00 a 17:00 horas en el ex Mart\u00edn Rodr\u00edguez, al cual invitamos a todas las familias a que vayan con el mate para compartir una tarde en familia. Habr\u00e1 grandes espect\u00e1culos como el del grupo musical Canticuenticos, con m\u00fasica para chicos y familias sobre ritmos argentinos y latinoamericanos, adem\u00e1s de los inflables, la kermesse, y un gran n\u00famero de actividades que invitan a pasar una tarde hermosa y en familia\u201d.<\/p>\n<p>Por su parte, Tomas Heinrich, uno de los encargados del taller de carpinter\u00eda manifest\u00f3 que \u201csurgi\u00f3 esta propuesta y nos gust\u00f3 mucho la idea y lo hicimos realidad\u201d: \u201cHicimos juegos did\u00e1cticos, pizarras, de encastre, es decir juegos para las diferentes edades\u201d, dijo.<\/p>\n","protected":false},"excerpt":{"rendered":"<p>Desde el Municipio de Mercedes a trav\u00e9s de los talleres de carpinter\u00eda emplazados en el ex instituto Unzu\u00e9 y en un trabajo en conjunto con el DIAT (Dispositivo Integral de Abordaje Territorial) realizaron juguetes en madera para ser entregados este domingo 25 de agosto en el festejo del d\u00eda del ni\u00f1o a realizarse en el [&hellip;]<\/p>\n","protected":false},"author":2,"featured_media":26294,"comment_status":"open","ping_status":"open","sticky":false,"template":"","format":"standard","meta":{"footnotes":""},"categories":[3],"tags":[79,6149,4795],"class_list":["post-26295","post","type-post","status-publish","format-standard","has-post-thumbnail","hentry","category-sociedad","tag-dia-del-nino","tag-diat","tag-juguetes"],"yoast_head":"<!-- This site is optimized with the Yoast SEO plugin v27.5 - https:\/\/yoast.com\/product\/yoast-seo-wordpress\/ -->\n<title>Festejo del d\u00eda del ni\u00f1o: preparan juguetes en madera para regalar<\/title>\n<meta name=\"robots\" content=\"index, follow, max-snippet:-1, max-image-preview:large, max-video-preview:-1\" \/>\n<link rel=\"canonical\" href=\"https:\/\/noticiasmercedinas.com\/site\/2019\/08\/24\/festejo-del-dia-del-nino-preparan-juguetes-en-madera-para-regalar\/\" \/>\n<meta property=\"og:locale\" content=\"es_ES\" \/>\n<meta property=\"og:type\" content=\"article\" \/>\n<meta property=\"og:title\" content=\"Festejo del d\u00eda del ni\u00f1o: preparan juguetes en madera para regalar\" \/>\n<meta property=\"og:description\" content=\"Desde el Municipio de Mercedes a trav\u00e9s de los talleres de carpinter\u00eda emplazados en el ex instituto Unzu\u00e9 y en un trabajo en conjunto con el DIAT (Dispositivo Integral de Abordaje Territorial) realizaron juguetes en madera para ser entregados este domingo 25 de agosto en el festejo del d\u00eda del ni\u00f1o a realizarse en el [&hellip;]\" \/>\n<meta property=\"og:url\" content=\"https:\/\/noticiasmercedinas.com\/site\/2019\/08\/24\/festejo-del-dia-del-nino-preparan-juguetes-en-madera-para-regalar\/\" \/>\n<meta property=\"og:site_name\" content=\"NOTICIASMERCEDINAS.COM\" \/>\n<meta property=\"article:publisher\" content=\"https:\/\/www.facebook.com\/noticiasmercedinas\/\" \/>\n<meta property=\"article:author\" content=\"https:\/\/www.facebook.com\/cristian.falabella\" \/>\n<meta property=\"article:published_time\" content=\"2019-08-24T11:21:56+00:00\" \/>\n<meta property=\"article:modified_time\" content=\"2019-08-24T13:03:40+00:00\" \/>\n<meta property=\"og:image\" content=\"https:\/\/noticiasmercedinas.com\/site\/wp-content\/uploads\/2019\/08\/didactivos-28615904143101333404.jpg\" \/>\n\t<meta property=\"og:image:width\" content=\"948\" \/>\n\t<meta property=\"og:image:height\" content=\"632\" \/>\n\t<meta property=\"og:image:type\" content=\"image\/jpeg\" \/>\n<meta name=\"author\" content=\"Cristian Falabella NOTICIASMERCEDINAS.COM\" \/>\n<meta name=\"twitter:card\" content=\"summary_large_image\" \/>\n<meta name=\"twitter:creator\" content=\"@https:\/\/twitter.com\/NOTMERCEDINAS\" \/>\n<meta name=\"twitter:site\" content=\"@notmercedinas\" \/>\n<meta name=\"twitter:label1\" content=\"Escrito por\" \/>\n\t<meta name=\"twitter:data1\" content=\"Cristian Falabella NOTICIASMERCEDINAS.COM\" \/>\n\t<meta name=\"twitter:label2\" content=\"Tiempo de lectura\" \/>\n\t<meta name=\"twitter:data2\" content=\"1 minuto\" \/>\n<script type=\"application\/ld+json\" class=\"yoast-schema-graph\">{\"@context\":\"https:\\\/\\\/schema.org\",\"@graph\":[{\"@type\":\"Article\",\"@id\":\"https:\\\/\\\/noticiasmercedinas.com\\\/site\\\/2019\\\/08\\\/24\\\/festejo-del-dia-del-nino-preparan-juguetes-en-madera-para-regalar\\\/#article\",\"isPartOf\":{\"@id\":\"https:\\\/\\\/noticiasmercedinas.com\\\/site\\\/2019\\\/08\\\/24\\\/festejo-del-dia-del-nino-preparan-juguetes-en-madera-para-regalar\\\/\"},\"author\":{\"name\":\"Cristian Falabella NOTICIASMERCEDINAS.COM\",\"@id\":\"https:\\\/\\\/noticiasmercedinas.com\\\/site\\\/#\\\/schema\\\/person\\\/d481a9696a5feaec13a60e2bbd991a6a\"},\"headline\":\"Festejo del d\u00eda del ni\u00f1o: preparan juguetes en madera para regalar\",\"datePublished\":\"2019-08-24T11:21:56+00:00\",\"dateModified\":\"2019-08-24T13:03:40+00:00\",\"mainEntityOfPage\":{\"@id\":\"https:\\\/\\\/noticiasmercedinas.com\\\/site\\\/2019\\\/08\\\/24\\\/festejo-del-dia-del-nino-preparan-juguetes-en-madera-para-regalar\\\/\"},\"wordCount\":303,\"commentCount\":0,\"publisher\":{\"@id\":\"https:\\\/\\\/noticiasmercedinas.com\\\/site\\\/#organization\"},\"image\":{\"@id\":\"https:\\\/\\\/noticiasmercedinas.com\\\/site\\\/2019\\\/08\\\/24\\\/festejo-del-dia-del-nino-preparan-juguetes-en-madera-para-regalar\\\/#primaryimage\"},\"thumbnailUrl\":\"https:\\\/\\\/noticiasmercedinas.com\\\/site\\\/wp-content\\\/uploads\\\/2019\\\/08\\\/didactivos-28615904143101333404.jpg\",\"keywords\":[\"dia del ni\u00f1o\",\"diat\",\"Juguetes\"],\"articleSection\":[\"Sociedad\"],\"inLanguage\":\"es\",\"potentialAction\":[{\"@type\":\"CommentAction\",\"name\":\"Comment\",\"target\":[\"https:\\\/\\\/noticiasmercedinas.com\\\/site\\\/2019\\\/08\\\/24\\\/festejo-del-dia-del-nino-preparan-juguetes-en-madera-para-regalar\\\/#respond\"]}]},{\"@type\":\"WebPage\",\"@id\":\"https:\\\/\\\/noticiasmercedinas.com\\\/site\\\/2019\\\/08\\\/24\\\/festejo-del-dia-del-nino-preparan-juguetes-en-madera-para-regalar\\\/\",\"url\":\"https:\\\/\\\/noticiasmercedinas.com\\\/site\\\/2019\\\/08\\\/24\\\/festejo-del-dia-del-nino-preparan-juguetes-en-madera-para-regalar\\\/\",\"name\":\"Festejo del d\u00eda del ni\u00f1o: preparan juguetes en madera para regalar\",\"isPartOf\":{\"@id\":\"https:\\\/\\\/noticiasmercedinas.com\\\/site\\\/#website\"},\"primaryImageOfPage\":{\"@id\":\"https:\\\/\\\/noticiasmercedinas.com\\\/site\\\/2019\\\/08\\\/24\\\/festejo-del-dia-del-nino-preparan-juguetes-en-madera-para-regalar\\\/#primaryimage\"},\"image\":{\"@id\":\"https:\\\/\\\/noticiasmercedinas.com\\\/site\\\/2019\\\/08\\\/24\\\/festejo-del-dia-del-nino-preparan-juguetes-en-madera-para-regalar\\\/#primaryimage\"},\"thumbnailUrl\":\"https:\\\/\\\/noticiasmercedinas.com\\\/site\\\/wp-content\\\/uploads\\\/2019\\\/08\\\/didactivos-28615904143101333404.jpg\",\"datePublished\":\"2019-08-24T11:21:56+00:00\",\"dateModified\":\"2019-08-24T13:03:40+00:00\",\"breadcrumb\":{\"@id\":\"https:\\\/\\\/noticiasmercedinas.com\\\/site\\\/2019\\\/08\\\/24\\\/festejo-del-dia-del-nino-preparan-juguetes-en-madera-para-regalar\\\/#breadcrumb\"},\"inLanguage\":\"es\",\"potentialAction\":[{\"@type\":\"ReadAction\",\"target\":[\"https:\\\/\\\/noticiasmercedinas.com\\\/site\\\/2019\\\/08\\\/24\\\/festejo-del-dia-del-nino-preparan-juguetes-en-madera-para-regalar\\\/\"]}]},{\"@type\":\"ImageObject\",\"inLanguage\":\"es\",\"@id\":\"https:\\\/\\\/noticiasmercedinas.com\\\/site\\\/2019\\\/08\\\/24\\\/festejo-del-dia-del-nino-preparan-juguetes-en-madera-para-regalar\\\/#primaryimage\",\"url\":\"https:\\\/\\\/noticiasmercedinas.com\\\/site\\\/wp-content\\\/uploads\\\/2019\\\/08\\\/didactivos-28615904143101333404.jpg\",\"contentUrl\":\"https:\\\/\\\/noticiasmercedinas.com\\\/site\\\/wp-content\\\/uploads\\\/2019\\\/08\\\/didactivos-28615904143101333404.jpg\",\"width\":948,\"height\":632},{\"@type\":\"BreadcrumbList\",\"@id\":\"https:\\\/\\\/noticiasmercedinas.com\\\/site\\\/2019\\\/08\\\/24\\\/festejo-del-dia-del-nino-preparan-juguetes-en-madera-para-regalar\\\/#breadcrumb\",\"itemListElement\":[{\"@type\":\"ListItem\",\"position\":1,\"name\":\"Portada\",\"item\":\"https:\\\/\\\/noticiasmercedinas.com\\\/site\\\/\"},{\"@type\":\"ListItem\",\"position\":2,\"name\":\"Festejo del d\u00eda del ni\u00f1o: preparan juguetes en madera para regalar\"}]},{\"@type\":\"WebSite\",\"@id\":\"https:\\\/\\\/noticiasmercedinas.com\\\/site\\\/#website\",\"url\":\"https:\\\/\\\/noticiasmercedinas.com\\\/site\\\/\",\"name\":\"NOTICIASMERCEDINAS.COM\",\"description\":\"Mercedes, Buenos Aires, Argentina\",\"publisher\":{\"@id\":\"https:\\\/\\\/noticiasmercedinas.com\\\/site\\\/#organization\"},\"potentialAction\":[{\"@type\":\"SearchAction\",\"target\":{\"@type\":\"EntryPoint\",\"urlTemplate\":\"https:\\\/\\\/noticiasmercedinas.com\\\/site\\\/?s={search_term_string}\"},\"query-input\":{\"@type\":\"PropertyValueSpecification\",\"valueRequired\":true,\"valueName\":\"search_term_string\"}}],\"inLanguage\":\"es\"},{\"@type\":\"Organization\",\"@id\":\"https:\\\/\\\/noticiasmercedinas.com\\\/site\\\/#organization\",\"name\":\"NOTICIASMERCEDINAS.COM\",\"url\":\"https:\\\/\\\/noticiasmercedinas.com\\\/site\\\/\",\"logo\":{\"@type\":\"ImageObject\",\"inLanguage\":\"es\",\"@id\":\"https:\\\/\\\/noticiasmercedinas.com\\\/site\\\/#\\\/schema\\\/logo\\\/image\\\/\",\"url\":\"https:\\\/\\\/noticiasmercedinas.com\\\/site\\\/wp-content\\\/uploads\\\/2020\\\/06\\\/LOGO-512.jpg\",\"contentUrl\":\"https:\\\/\\\/noticiasmercedinas.com\\\/site\\\/wp-content\\\/uploads\\\/2020\\\/06\\\/LOGO-512.jpg\",\"width\":512,\"height\":512,\"caption\":\"NOTICIASMERCEDINAS.COM\"},\"image\":{\"@id\":\"https:\\\/\\\/noticiasmercedinas.com\\\/site\\\/#\\\/schema\\\/logo\\\/image\\\/\"},\"sameAs\":[\"https:\\\/\\\/www.facebook.com\\\/noticiasmercedinas\\\/\",\"https:\\\/\\\/x.com\\\/notmercedinas\",\"https:\\\/\\\/www.instagram.com\\\/noticiasmercedinas\\\/\"]},{\"@type\":\"Person\",\"@id\":\"https:\\\/\\\/noticiasmercedinas.com\\\/site\\\/#\\\/schema\\\/person\\\/d481a9696a5feaec13a60e2bbd991a6a\",\"name\":\"Cristian Falabella NOTICIASMERCEDINAS.COM\",\"image\":{\"@type\":\"ImageObject\",\"inLanguage\":\"es\",\"@id\":\"https:\\\/\\\/secure.gravatar.com\\\/avatar\\\/0dbbfc45970cc46bcd0e57766228574ff3511d6eed045b182f536f0f478c1f06?s=96&d=mm&r=g\",\"url\":\"https:\\\/\\\/secure.gravatar.com\\\/avatar\\\/0dbbfc45970cc46bcd0e57766228574ff3511d6eed045b182f536f0f478c1f06?s=96&d=mm&r=g\",\"contentUrl\":\"https:\\\/\\\/secure.gravatar.com\\\/avatar\\\/0dbbfc45970cc46bcd0e57766228574ff3511d6eed045b182f536f0f478c1f06?s=96&d=mm&r=g\",\"caption\":\"Cristian Falabella NOTICIASMERCEDINAS.COM\"},\"description\":\"Periodista, editor de Noticias Mercedinas. Pas\u00f3 por varias redacciones y emprendimientos de prensa, en distintos formatos y \u00e9pocas. Se especializ\u00f3 --y sigue haci\u00e9ndolo-- en comunicaci\u00f3n en la web y en junio de 2006 fund\u00f3 este diario digital.\",\"sameAs\":[\"https:\\\/\\\/noticiasmercedinas.com\",\"https:\\\/\\\/www.facebook.com\\\/cristian.falabella\",\"https:\\\/\\\/www.instagram.com\\\/noticiasmercedinas\\\/\",\"https:\\\/\\\/x.com\\\/https:\\\/\\\/twitter.com\\\/NOTMERCEDINAS\"],\"url\":\"https:\\\/\\\/noticiasmercedinas.com\\\/site\\\/author\\\/as000384\\\/\"}]}<\/script>\n<!-- \/ Yoast SEO plugin. -->","yoast_head_json":{"title":"Festejo del d\u00eda del ni\u00f1o: preparan juguetes en madera para regalar","robots":{"index":"index","follow":"follow","max-snippet":"max-snippet:-1","max-image-preview":"max-image-preview:large","max-video-preview":"max-video-preview:-1"},"canonical":"https:\/\/noticiasmercedinas.com\/site\/2019\/08\/24\/festejo-del-dia-del-nino-preparan-juguetes-en-madera-para-regalar\/","og_locale":"es_ES","og_type":"article","og_title":"Festejo del d\u00eda del ni\u00f1o: preparan juguetes en madera para regalar","og_description":"Desde el Municipio de Mercedes a trav\u00e9s de los talleres de carpinter\u00eda emplazados en el ex instituto Unzu\u00e9 y en un trabajo en conjunto con el DIAT (Dispositivo Integral de Abordaje Territorial) realizaron juguetes en madera para ser entregados este domingo 25 de agosto en el festejo del d\u00eda del ni\u00f1o a realizarse en el [&hellip;]","og_url":"https:\/\/noticiasmercedinas.com\/site\/2019\/08\/24\/festejo-del-dia-del-nino-preparan-juguetes-en-madera-para-regalar\/","og_site_name":"NOTICIASMERCEDINAS.COM","article_publisher":"https:\/\/www.facebook.com\/noticiasmercedinas\/","article_author":"https:\/\/www.facebook.com\/cristian.falabella","article_published_time":"2019-08-24T11:21:56+00:00","article_modified_time":"2019-08-24T13:03:40+00:00","og_image":[{"width":948,"height":632,"url":"https:\/\/noticiasmercedinas.com\/site\/wp-content\/uploads\/2019\/08\/didactivos-28615904143101333404.jpg","type":"image\/jpeg"}],"author":"Cristian Falabella NOTICIASMERCEDINAS.COM","twitter_card":"summary_large_image","twitter_creator":"@https:\/\/twitter.com\/NOTMERCEDINAS","twitter_site":"@notmercedinas","twitter_misc":{"Escrito por":"Cristian Falabella NOTICIASMERCEDINAS.COM","Tiempo de lectura":"1 minuto"},"schema":{"@context":"https:\/\/schema.org","@graph":[{"@type":"Article","@id":"https:\/\/noticiasmercedinas.com\/site\/2019\/08\/24\/festejo-del-dia-del-nino-preparan-juguetes-en-madera-para-regalar\/#article","isPartOf":{"@id":"https:\/\/noticiasmercedinas.com\/site\/2019\/08\/24\/festejo-del-dia-del-nino-preparan-juguetes-en-madera-para-regalar\/"},"author":{"name":"Cristian Falabella NOTICIASMERCEDINAS.COM","@id":"https:\/\/noticiasmercedinas.com\/site\/#\/schema\/person\/d481a9696a5feaec13a60e2bbd991a6a"},"headline":"Festejo del d\u00eda del ni\u00f1o: preparan juguetes en madera para regalar","datePublished":"2019-08-24T11:21:56+00:00","dateModified":"2019-08-24T13:03:40+00:00","mainEntityOfPage":{"@id":"https:\/\/noticiasmercedinas.com\/site\/2019\/08\/24\/festejo-del-dia-del-nino-preparan-juguetes-en-madera-para-regalar\/"},"wordCount":303,"commentCount":0,"publisher":{"@id":"https:\/\/noticiasmercedinas.com\/site\/#organization"},"image":{"@id":"https:\/\/noticiasmercedinas.com\/site\/2019\/08\/24\/festejo-del-dia-del-nino-preparan-juguetes-en-madera-para-regalar\/#primaryimage"},"thumbnailUrl":"https:\/\/noticiasmercedinas.com\/site\/wp-content\/uploads\/2019\/08\/didactivos-28615904143101333404.jpg","keywords":["dia del ni\u00f1o","diat","Juguetes"],"articleSection":["Sociedad"],"inLanguage":"es","potentialAction":[{"@type":"CommentAction","name":"Comment","target":["https:\/\/noticiasmercedinas.com\/site\/2019\/08\/24\/festejo-del-dia-del-nino-preparan-juguetes-en-madera-para-regalar\/#respond"]}]},{"@type":"WebPage","@id":"https:\/\/noticiasmercedinas.com\/site\/2019\/08\/24\/festejo-del-dia-del-nino-preparan-juguetes-en-madera-para-regalar\/","url":"https:\/\/noticiasmercedinas.com\/site\/2019\/08\/24\/festejo-del-dia-del-nino-preparan-juguetes-en-madera-para-regalar\/","name":"Festejo del d\u00eda del ni\u00f1o: preparan juguetes en madera para regalar","isPartOf":{"@id":"https:\/\/noticiasmercedinas.com\/site\/#website"},"primaryImageOfPage":{"@id":"https:\/\/noticiasmercedinas.com\/site\/2019\/08\/24\/festejo-del-dia-del-nino-preparan-juguetes-en-madera-para-regalar\/#primaryimage"},"image":{"@id":"https:\/\/noticiasmercedinas.com\/site\/2019\/08\/24\/festejo-del-dia-del-nino-preparan-juguetes-en-madera-para-regalar\/#primaryimage"},"thumbnailUrl":"https:\/\/noticiasmercedinas.com\/site\/wp-content\/uploads\/2019\/08\/didactivos-28615904143101333404.jpg","datePublished":"2019-08-24T11:21:56+00:00","dateModified":"2019-08-24T13:03:40+00:00","breadcrumb":{"@id":"https:\/\/noticiasmercedinas.com\/site\/2019\/08\/24\/festejo-del-dia-del-nino-preparan-juguetes-en-madera-para-regalar\/#breadcrumb"},"inLanguage":"es","potentialAction":[{"@type":"ReadAction","target":["https:\/\/noticiasmercedinas.com\/site\/2019\/08\/24\/festejo-del-dia-del-nino-preparan-juguetes-en-madera-para-regalar\/"]}]},{"@type":"ImageObject","inLanguage":"es","@id":"https:\/\/noticiasmercedinas.com\/site\/2019\/08\/24\/festejo-del-dia-del-nino-preparan-juguetes-en-madera-para-regalar\/#primaryimage","url":"https:\/\/noticiasmercedinas.com\/site\/wp-content\/uploads\/2019\/08\/didactivos-28615904143101333404.jpg","contentUrl":"https:\/\/noticiasmercedinas.com\/site\/wp-content\/uploads\/2019\/08\/didactivos-28615904143101333404.jpg","width":948,"height":632},{"@type":"BreadcrumbList","@id":"https:\/\/noticiasmercedinas.com\/site\/2019\/08\/24\/festejo-del-dia-del-nino-preparan-juguetes-en-madera-para-regalar\/#breadcrumb","itemListElement":[{"@type":"ListItem","position":1,"name":"Portada","item":"https:\/\/noticiasmercedinas.com\/site\/"},{"@type":"ListItem","position":2,"name":"Festejo del d\u00eda del ni\u00f1o: preparan juguetes en madera para regalar"}]},{"@type":"WebSite","@id":"https:\/\/noticiasmercedinas.com\/site\/#website","url":"https:\/\/noticiasmercedinas.com\/site\/","name":"NOTICIASMERCEDINAS.COM","description":"Mercedes, Buenos Aires, Argentina","publisher":{"@id":"https:\/\/noticiasmercedinas.com\/site\/#organization"},"potentialAction":[{"@type":"SearchAction","target":{"@type":"EntryPoint","urlTemplate":"https:\/\/noticiasmercedinas.com\/site\/?s={search_term_string}"},"query-input":{"@type":"PropertyValueSpecification","valueRequired":true,"valueName":"search_term_string"}}],"inLanguage":"es"},{"@type":"Organization","@id":"https:\/\/noticiasmercedinas.com\/site\/#organization","name":"NOTICIASMERCEDINAS.COM","url":"https:\/\/noticiasmercedinas.com\/site\/","logo":{"@type":"ImageObject","inLanguage":"es","@id":"https:\/\/noticiasmercedinas.com\/site\/#\/schema\/logo\/image\/","url":"https:\/\/noticiasmercedinas.com\/site\/wp-content\/uploads\/2020\/06\/LOGO-512.jpg","contentUrl":"https:\/\/noticiasmercedinas.com\/site\/wp-content\/uploads\/2020\/06\/LOGO-512.jpg","width":512,"height":512,"caption":"NOTICIASMERCEDINAS.COM"},"image":{"@id":"https:\/\/noticiasmercedinas.com\/site\/#\/schema\/logo\/image\/"},"sameAs":["https:\/\/www.facebook.com\/noticiasmercedinas\/","https:\/\/x.com\/notmercedinas","https:\/\/www.instagram.com\/noticiasmercedinas\/"]},{"@type":"Person","@id":"https:\/\/noticiasmercedinas.com\/site\/#\/schema\/person\/d481a9696a5feaec13a60e2bbd991a6a","name":"Cristian Falabella NOTICIASMERCEDINAS.COM","image":{"@type":"ImageObject","inLanguage":"es","@id":"https:\/\/secure.gravatar.com\/avatar\/0dbbfc45970cc46bcd0e57766228574ff3511d6eed045b182f536f0f478c1f06?s=96&d=mm&r=g","url":"https:\/\/secure.gravatar.com\/avatar\/0dbbfc45970cc46bcd0e57766228574ff3511d6eed045b182f536f0f478c1f06?s=96&d=mm&r=g","contentUrl":"https:\/\/secure.gravatar.com\/avatar\/0dbbfc45970cc46bcd0e57766228574ff3511d6eed045b182f536f0f478c1f06?s=96&d=mm&r=g","caption":"Cristian Falabella NOTICIASMERCEDINAS.COM"},"description":"Periodista, editor de Noticias Mercedinas. Pas\u00f3 por varias redacciones y emprendimientos de prensa, en distintos formatos y \u00e9pocas. Se especializ\u00f3 --y sigue haci\u00e9ndolo-- en comunicaci\u00f3n en la web y en junio de 2006 fund\u00f3 este diario digital.","sameAs":["https:\/\/noticiasmercedinas.com","https:\/\/www.facebook.com\/cristian.falabella","https:\/\/www.instagram.com\/noticiasmercedinas\/","https:\/\/x.com\/https:\/\/twitter.com\/NOTMERCEDINAS"],"url":"https:\/\/noticiasmercedinas.com\/site\/author\/as000384\/"}]}},"amp_enabled":true,"_links":{"self":[{"href":"https:\/\/noticiasmercedinas.com\/site\/wp-json\/wp\/v2\/posts\/26295","targetHints":{"allow":["GET"]}}],"collection":[{"href":"https:\/\/noticiasmercedinas.com\/site\/wp-json\/wp\/v2\/posts"}],"about":[{"href":"https:\/\/noticiasmercedinas.com\/site\/wp-json\/wp\/v2\/types\/post"}],"author":[{"embeddable":true,"href":"https:\/\/noticiasmercedinas.com\/site\/wp-json\/wp\/v2\/users\/2"}],"replies":[{"embeddable":true,"href":"https:\/\/noticiasmercedinas.com\/site\/wp-json\/wp\/v2\/comments?post=26295"}],"version-history":[{"count":1,"href":"https:\/\/noticiasmercedinas.com\/site\/wp-json\/wp\/v2\/posts\/26295\/revisions"}],"predecessor-version":[{"id":26305,"href":"https:\/\/noticiasmercedinas.com\/site\/wp-json\/wp\/v2\/posts\/26295\/revisions\/26305"}],"wp:featuredmedia":[{"embeddable":true,"href":"https:\/\/noticiasmercedinas.com\/site\/wp-json\/wp\/v2\/media\/26294"}],"wp:attachment":[{"href":"https:\/\/noticiasmercedinas.com\/site\/wp-json\/wp\/v2\/media?parent=26295"}],"wp:term":[{"taxonomy":"category","embeddable":true,"href":"https:\/\/noticiasmercedinas.com\/site\/wp-json\/wp\/v2\/categories?post=26295"},{"taxonomy":"post_tag","embeddable":true,"href":"https:\/\/noticiasmercedinas.com\/site\/wp-json\/wp\/v2\/tags?post=26295"}],"curies":[{"name":"wp","href":"https:\/\/api.w.org\/{rel}","templated":true}]}}