{"id":26409,"date":"2019-08-25T21:41:26","date_gmt":"2019-08-26T00:41:26","guid":{"rendered":"https:\/\/noticiasmercedinas.com\/site\/?p=26409"},"modified":"2019-08-26T16:49:13","modified_gmt":"2019-08-26T19:49:13","slug":"excelente-puesta-de-mary-poppins-el-musical","status":"publish","type":"post","link":"https:\/\/noticiasmercedinas.com\/site\/2019\/08\/25\/excelente-puesta-de-mary-poppins-el-musical\/","title":{"rendered":"Excelente puesta de \u201cMary Poppins, el musical\u201d"},"content":{"rendered":"\r\n                <style type=\"text\/css\">\r\n                    \r\n                    #td_uid_1_69f5d1ba5304a  .td-doubleSlider-2 .td-item1 {\r\n                        background: url(https:\/\/noticiasmercedinas.com\/site\/wp-content\/uploads\/2019\/08\/mari14-160x120.jpg) 0 0 no-repeat;\r\n                    }\r\n                    #td_uid_1_69f5d1ba5304a  .td-doubleSlider-2 .td-item2 {\r\n                        background: url(https:\/\/noticiasmercedinas.com\/site\/wp-content\/uploads\/2019\/08\/mari13-160x120.jpg) 0 0 no-repeat;\r\n                    }\r\n                    #td_uid_1_69f5d1ba5304a  .td-doubleSlider-2 .td-item3 {\r\n                        background: url(https:\/\/noticiasmercedinas.com\/site\/wp-content\/uploads\/2019\/08\/mari12-160x120.jpg) 0 0 no-repeat;\r\n                    }\r\n                    #td_uid_1_69f5d1ba5304a  .td-doubleSlider-2 .td-item4 {\r\n                        background: url(https:\/\/noticiasmercedinas.com\/site\/wp-content\/uploads\/2019\/08\/mari11-160x120.jpg) 0 0 no-repeat;\r\n                    }\r\n                    #td_uid_1_69f5d1ba5304a  .td-doubleSlider-2 .td-item5 {\r\n                        background: url(https:\/\/noticiasmercedinas.com\/site\/wp-content\/uploads\/2019\/08\/mari10-160x120.jpg) 0 0 no-repeat;\r\n                    }\r\n                    #td_uid_1_69f5d1ba5304a  .td-doubleSlider-2 .td-item6 {\r\n                        background: url(https:\/\/noticiasmercedinas.com\/site\/wp-content\/uploads\/2019\/08\/mari09-160x120.jpg) 0 0 no-repeat;\r\n                    }\r\n                    #td_uid_1_69f5d1ba5304a  .td-doubleSlider-2 .td-item7 {\r\n                        background: url(https:\/\/noticiasmercedinas.com\/site\/wp-content\/uploads\/2019\/08\/mari08-160x120.jpg) 0 0 no-repeat;\r\n                    }\r\n                    #td_uid_1_69f5d1ba5304a  .td-doubleSlider-2 .td-item8 {\r\n                        background: url(https:\/\/noticiasmercedinas.com\/site\/wp-content\/uploads\/2019\/08\/mari07-160x120.jpg) 0 0 no-repeat;\r\n                    }\r\n                    #td_uid_1_69f5d1ba5304a  .td-doubleSlider-2 .td-item9 {\r\n                        background: url(https:\/\/noticiasmercedinas.com\/site\/wp-content\/uploads\/2019\/08\/mari06-160x120.jpg) 0 0 no-repeat;\r\n                    }\r\n                    #td_uid_1_69f5d1ba5304a  .td-doubleSlider-2 .td-item10 {\r\n                        background: url(https:\/\/noticiasmercedinas.com\/site\/wp-content\/uploads\/2019\/08\/mari05-160x120.jpg) 0 0 no-repeat;\r\n                    }\r\n                    #td_uid_1_69f5d1ba5304a  .td-doubleSlider-2 .td-item11 {\r\n                        background: url(https:\/\/noticiasmercedinas.com\/site\/wp-content\/uploads\/2019\/08\/mari04-160x120.jpg) 0 0 no-repeat;\r\n                    }\r\n                    #td_uid_1_69f5d1ba5304a  .td-doubleSlider-2 .td-item12 {\r\n                        background: url(https:\/\/noticiasmercedinas.com\/site\/wp-content\/uploads\/2019\/08\/mari03-160x120.jpg) 0 0 no-repeat;\r\n                    }\r\n                    #td_uid_1_69f5d1ba5304a  .td-doubleSlider-2 .td-item13 {\r\n                        background: url(https:\/\/noticiasmercedinas.com\/site\/wp-content\/uploads\/2019\/08\/mari02-160x120.jpg) 0 0 no-repeat;\r\n                    }\r\n                    #td_uid_1_69f5d1ba5304a  .td-doubleSlider-2 .td-item14 {\r\n                        background: url(https:\/\/noticiasmercedinas.com\/site\/wp-content\/uploads\/2019\/08\/mari01-160x120.jpg) 0 0 no-repeat;\r\n                    }\r\n                <\/style>\r\n\r\n                <div id=\"td_uid_1_69f5d1ba5304a\" class=\"td-gallery td-slide-on-2-columns\">\r\n                    <div class=\"post_td_gallery\">\r\n                        <div class=\"td-gallery-slide-top\">\r\n                           <div class=\"td-gallery-title\"><\/div>\r\n\r\n                            <div class=\"td-gallery-controls-wrapper\">\r\n                                <div class=\"td-gallery-slide-count\"><span class=\"td-gallery-slide-item-focus\">1<\/span> de 14<\/div>\r\n                                <div class=\"td-gallery-slide-prev-next-but\">\r\n                                    <i class = \"td-icon-left doubleSliderPrevButton\"><\/i>\r\n                                    <i class = \"td-icon-right doubleSliderNextButton\"><\/i>\r\n                                <\/div>\r\n                            <\/div>\r\n                        <\/div>\r\n\r\n                        <div class = \"td-doubleSlider-1 \">\r\n                            <div class = \"td-slider\">\r\n                                \r\n                    <div class = \"td-slide-item td-item1\">\r\n                        <figure class=\"td-slide-galery-figure td-slide-popup-gallery\">\r\n                            <a class=\"slide-gallery-image-link\" href=\"https:\/\/noticiasmercedinas.com\/site\/wp-content\/uploads\/2019\/08\/mari14.jpg\" title=\"mari14\"  data-caption=\"\"  data-description=\"\">\r\n                                <img decoding=\"async\" src=\"https:\/\/noticiasmercedinas.com\/site\/wp-content\/uploads\/2019\/08\/mari14.jpg\" srcset=\"https:\/\/noticiasmercedinas.com\/site\/wp-content\/uploads\/2019\/08\/mari14.jpg 1280w, https:\/\/noticiasmercedinas.com\/site\/wp-content\/uploads\/2019\/08\/mari14-300x169.jpg 300w, https:\/\/noticiasmercedinas.com\/site\/wp-content\/uploads\/2019\/08\/mari14-768x432.jpg 768w, https:\/\/noticiasmercedinas.com\/site\/wp-content\/uploads\/2019\/08\/mari14-1024x576.jpg 1024w, https:\/\/noticiasmercedinas.com\/site\/wp-content\/uploads\/2019\/08\/mari14-640x360.jpg 640w, https:\/\/noticiasmercedinas.com\/site\/wp-content\/uploads\/2019\/08\/mari14-681x383.jpg 681w\" sizes=\"(max-width: 1280px) 100vw, 1280px\" alt=\"\">\r\n                            <\/a>\r\n                            \r\n                        <\/figure>\r\n                    <\/div>\r\n                    <div class = \"td-slide-item td-item2\">\r\n                        <figure class=\"td-slide-galery-figure td-slide-popup-gallery\">\r\n                            <a class=\"slide-gallery-image-link\" href=\"https:\/\/noticiasmercedinas.com\/site\/wp-content\/uploads\/2019\/08\/mari13.jpg\" title=\"mari13\"  data-caption=\"\"  data-description=\"\">\r\n                                <img decoding=\"async\" src=\"https:\/\/noticiasmercedinas.com\/site\/wp-content\/uploads\/2019\/08\/mari13.jpg\" srcset=\"https:\/\/noticiasmercedinas.com\/site\/wp-content\/uploads\/2019\/08\/mari13.jpg 1167w, https:\/\/noticiasmercedinas.com\/site\/wp-content\/uploads\/2019\/08\/mari13-300x181.jpg 300w, https:\/\/noticiasmercedinas.com\/site\/wp-content\/uploads\/2019\/08\/mari13-768x463.jpg 768w, https:\/\/noticiasmercedinas.com\/site\/wp-content\/uploads\/2019\/08\/mari13-1024x617.jpg 1024w, https:\/\/noticiasmercedinas.com\/site\/wp-content\/uploads\/2019\/08\/mari13-640x386.jpg 640w, https:\/\/noticiasmercedinas.com\/site\/wp-content\/uploads\/2019\/08\/mari13-681x410.jpg 681w\" sizes=\"(max-width: 1167px) 100vw, 1167px\" alt=\"\">\r\n                            <\/a>\r\n                            \r\n                        <\/figure>\r\n                    <\/div>\r\n                    <div class = \"td-slide-item td-item3\">\r\n                        <figure class=\"td-slide-galery-figure td-slide-popup-gallery\">\r\n                            <a class=\"slide-gallery-image-link\" href=\"https:\/\/noticiasmercedinas.com\/site\/wp-content\/uploads\/2019\/08\/mari12.jpg\" title=\"mari12\"  data-caption=\"\"  data-description=\"\">\r\n                                <img decoding=\"async\" src=\"https:\/\/noticiasmercedinas.com\/site\/wp-content\/uploads\/2019\/08\/mari12.jpg\" srcset=\"https:\/\/noticiasmercedinas.com\/site\/wp-content\/uploads\/2019\/08\/mari12.jpg 1280w, https:\/\/noticiasmercedinas.com\/site\/wp-content\/uploads\/2019\/08\/mari12-300x169.jpg 300w, https:\/\/noticiasmercedinas.com\/site\/wp-content\/uploads\/2019\/08\/mari12-768x432.jpg 768w, https:\/\/noticiasmercedinas.com\/site\/wp-content\/uploads\/2019\/08\/mari12-1024x576.jpg 1024w, https:\/\/noticiasmercedinas.com\/site\/wp-content\/uploads\/2019\/08\/mari12-640x360.jpg 640w, https:\/\/noticiasmercedinas.com\/site\/wp-content\/uploads\/2019\/08\/mari12-681x383.jpg 681w\" sizes=\"(max-width: 1280px) 100vw, 1280px\" alt=\"\">\r\n                            <\/a>\r\n                            \r\n                        <\/figure>\r\n                    <\/div>\r\n                    <div class = \"td-slide-item td-item4\">\r\n                        <figure class=\"td-slide-galery-figure td-slide-popup-gallery\">\r\n                            <a class=\"slide-gallery-image-link\" href=\"https:\/\/noticiasmercedinas.com\/site\/wp-content\/uploads\/2019\/08\/mari11.jpg\" title=\"mari11\"  data-caption=\"\"  data-description=\"\">\r\n                                <img decoding=\"async\" src=\"https:\/\/noticiasmercedinas.com\/site\/wp-content\/uploads\/2019\/08\/mari11.jpg\" srcset=\"https:\/\/noticiasmercedinas.com\/site\/wp-content\/uploads\/2019\/08\/mari11.jpg 1280w, https:\/\/noticiasmercedinas.com\/site\/wp-content\/uploads\/2019\/08\/mari11-300x169.jpg 300w, https:\/\/noticiasmercedinas.com\/site\/wp-content\/uploads\/2019\/08\/mari11-768x432.jpg 768w, https:\/\/noticiasmercedinas.com\/site\/wp-content\/uploads\/2019\/08\/mari11-1024x576.jpg 1024w, https:\/\/noticiasmercedinas.com\/site\/wp-content\/uploads\/2019\/08\/mari11-640x360.jpg 640w, https:\/\/noticiasmercedinas.com\/site\/wp-content\/uploads\/2019\/08\/mari11-681x383.jpg 681w\" sizes=\"(max-width: 1280px) 100vw, 1280px\" alt=\"\">\r\n                            <\/a>\r\n                            \r\n                        <\/figure>\r\n                    <\/div>\r\n                    <div class = \"td-slide-item td-item5\">\r\n                        <figure class=\"td-slide-galery-figure td-slide-popup-gallery\">\r\n                            <a class=\"slide-gallery-image-link\" href=\"https:\/\/noticiasmercedinas.com\/site\/wp-content\/uploads\/2019\/08\/mari10.jpg\" title=\"mari10\"  data-caption=\"\"  data-description=\"\">\r\n                                <img decoding=\"async\" src=\"https:\/\/noticiasmercedinas.com\/site\/wp-content\/uploads\/2019\/08\/mari10.jpg\" srcset=\"https:\/\/noticiasmercedinas.com\/site\/wp-content\/uploads\/2019\/08\/mari10.jpg 1280w, https:\/\/noticiasmercedinas.com\/site\/wp-content\/uploads\/2019\/08\/mari10-300x169.jpg 300w, https:\/\/noticiasmercedinas.com\/site\/wp-content\/uploads\/2019\/08\/mari10-768x432.jpg 768w, https:\/\/noticiasmercedinas.com\/site\/wp-content\/uploads\/2019\/08\/mari10-1024x576.jpg 1024w, https:\/\/noticiasmercedinas.com\/site\/wp-content\/uploads\/2019\/08\/mari10-640x360.jpg 640w, https:\/\/noticiasmercedinas.com\/site\/wp-content\/uploads\/2019\/08\/mari10-681x383.jpg 681w\" sizes=\"(max-width: 1280px) 100vw, 1280px\" alt=\"\">\r\n                            <\/a>\r\n                            \r\n                        <\/figure>\r\n                    <\/div>\r\n                    <div class = \"td-slide-item td-item6\">\r\n                        <figure class=\"td-slide-galery-figure td-slide-popup-gallery\">\r\n                            <a class=\"slide-gallery-image-link\" href=\"https:\/\/noticiasmercedinas.com\/site\/wp-content\/uploads\/2019\/08\/mari09.jpg\" title=\"mari09\"  data-caption=\"\"  data-description=\"\">\r\n                                <img decoding=\"async\" src=\"https:\/\/noticiasmercedinas.com\/site\/wp-content\/uploads\/2019\/08\/mari09.jpg\" srcset=\"https:\/\/noticiasmercedinas.com\/site\/wp-content\/uploads\/2019\/08\/mari09.jpg 1280w, https:\/\/noticiasmercedinas.com\/site\/wp-content\/uploads\/2019\/08\/mari09-300x162.jpg 300w, https:\/\/noticiasmercedinas.com\/site\/wp-content\/uploads\/2019\/08\/mari09-768x416.jpg 768w, https:\/\/noticiasmercedinas.com\/site\/wp-content\/uploads\/2019\/08\/mari09-1024x554.jpg 1024w, https:\/\/noticiasmercedinas.com\/site\/wp-content\/uploads\/2019\/08\/mari09-640x347.jpg 640w, https:\/\/noticiasmercedinas.com\/site\/wp-content\/uploads\/2019\/08\/mari09-681x369.jpg 681w\" sizes=\"(max-width: 1280px) 100vw, 1280px\" alt=\"\">\r\n                            <\/a>\r\n                            \r\n                        <\/figure>\r\n                    <\/div>\r\n                    <div class = \"td-slide-item td-item7\">\r\n                        <figure class=\"td-slide-galery-figure td-slide-popup-gallery\">\r\n                            <a class=\"slide-gallery-image-link\" href=\"https:\/\/noticiasmercedinas.com\/site\/wp-content\/uploads\/2019\/08\/mari08.jpg\" title=\"mari08\"  data-caption=\"\"  data-description=\"\">\r\n                                <img decoding=\"async\" src=\"https:\/\/noticiasmercedinas.com\/site\/wp-content\/uploads\/2019\/08\/mari08.jpg\" srcset=\"https:\/\/noticiasmercedinas.com\/site\/wp-content\/uploads\/2019\/08\/mari08.jpg 1280w, https:\/\/noticiasmercedinas.com\/site\/wp-content\/uploads\/2019\/08\/mari08-300x169.jpg 300w, https:\/\/noticiasmercedinas.com\/site\/wp-content\/uploads\/2019\/08\/mari08-768x432.jpg 768w, https:\/\/noticiasmercedinas.com\/site\/wp-content\/uploads\/2019\/08\/mari08-1024x576.jpg 1024w, https:\/\/noticiasmercedinas.com\/site\/wp-content\/uploads\/2019\/08\/mari08-640x360.jpg 640w, https:\/\/noticiasmercedinas.com\/site\/wp-content\/uploads\/2019\/08\/mari08-681x383.jpg 681w\" sizes=\"(max-width: 1280px) 100vw, 1280px\" alt=\"\">\r\n                            <\/a>\r\n                            \r\n                        <\/figure>\r\n                    <\/div>\r\n                    <div class = \"td-slide-item td-item8\">\r\n                        <figure class=\"td-slide-galery-figure td-slide-popup-gallery\">\r\n                            <a class=\"slide-gallery-image-link\" href=\"https:\/\/noticiasmercedinas.com\/site\/wp-content\/uploads\/2019\/08\/mari07.jpg\" title=\"mari07\"  data-caption=\"\"  data-description=\"\">\r\n                                <img decoding=\"async\" src=\"https:\/\/noticiasmercedinas.com\/site\/wp-content\/uploads\/2019\/08\/mari07.jpg\" srcset=\"https:\/\/noticiasmercedinas.com\/site\/wp-content\/uploads\/2019\/08\/mari07.jpg 1280w, https:\/\/noticiasmercedinas.com\/site\/wp-content\/uploads\/2019\/08\/mari07-300x176.jpg 300w, https:\/\/noticiasmercedinas.com\/site\/wp-content\/uploads\/2019\/08\/mari07-768x449.jpg 768w, https:\/\/noticiasmercedinas.com\/site\/wp-content\/uploads\/2019\/08\/mari07-1024x599.jpg 1024w, https:\/\/noticiasmercedinas.com\/site\/wp-content\/uploads\/2019\/08\/mari07-640x375.jpg 640w, https:\/\/noticiasmercedinas.com\/site\/wp-content\/uploads\/2019\/08\/mari07-681x398.jpg 681w\" sizes=\"(max-width: 1280px) 100vw, 1280px\" alt=\"\">\r\n                            <\/a>\r\n                            \r\n                        <\/figure>\r\n                    <\/div>\r\n                    <div class = \"td-slide-item td-item9\">\r\n                        <figure class=\"td-slide-galery-figure td-slide-popup-gallery\">\r\n                            <a class=\"slide-gallery-image-link\" href=\"https:\/\/noticiasmercedinas.com\/site\/wp-content\/uploads\/2019\/08\/mari06.jpg\" title=\"mari06\"  data-caption=\"\"  data-description=\"\">\r\n                                <img decoding=\"async\" src=\"https:\/\/noticiasmercedinas.com\/site\/wp-content\/uploads\/2019\/08\/mari06.jpg\" srcset=\"https:\/\/noticiasmercedinas.com\/site\/wp-content\/uploads\/2019\/08\/mari06.jpg 1165w, https:\/\/noticiasmercedinas.com\/site\/wp-content\/uploads\/2019\/08\/mari06-300x182.jpg 300w, https:\/\/noticiasmercedinas.com\/site\/wp-content\/uploads\/2019\/08\/mari06-768x466.jpg 768w, https:\/\/noticiasmercedinas.com\/site\/wp-content\/uploads\/2019\/08\/mari06-1024x621.jpg 1024w, https:\/\/noticiasmercedinas.com\/site\/wp-content\/uploads\/2019\/08\/mari06-640x388.jpg 640w, https:\/\/noticiasmercedinas.com\/site\/wp-content\/uploads\/2019\/08\/mari06-681x413.jpg 681w\" sizes=\"(max-width: 1165px) 100vw, 1165px\" alt=\"\">\r\n                            <\/a>\r\n                            \r\n                        <\/figure>\r\n                    <\/div>\r\n                    <div class = \"td-slide-item td-item10\">\r\n                        <figure class=\"td-slide-galery-figure td-slide-popup-gallery\">\r\n                            <a class=\"slide-gallery-image-link\" href=\"https:\/\/noticiasmercedinas.com\/site\/wp-content\/uploads\/2019\/08\/mari05.jpg\" title=\"mari05\"  data-caption=\"\"  data-description=\"\">\r\n                                <img decoding=\"async\" src=\"https:\/\/noticiasmercedinas.com\/site\/wp-content\/uploads\/2019\/08\/mari05.jpg\" srcset=\"https:\/\/noticiasmercedinas.com\/site\/wp-content\/uploads\/2019\/08\/mari05.jpg 1280w, https:\/\/noticiasmercedinas.com\/site\/wp-content\/uploads\/2019\/08\/mari05-300x175.jpg 300w, https:\/\/noticiasmercedinas.com\/site\/wp-content\/uploads\/2019\/08\/mari05-768x448.jpg 768w, https:\/\/noticiasmercedinas.com\/site\/wp-content\/uploads\/2019\/08\/mari05-1024x597.jpg 1024w, https:\/\/noticiasmercedinas.com\/site\/wp-content\/uploads\/2019\/08\/mari05-640x373.jpg 640w, https:\/\/noticiasmercedinas.com\/site\/wp-content\/uploads\/2019\/08\/mari05-681x397.jpg 681w\" sizes=\"(max-width: 1280px) 100vw, 1280px\" alt=\"\">\r\n                            <\/a>\r\n                            \r\n                        <\/figure>\r\n                    <\/div>\r\n                    <div class = \"td-slide-item td-item11\">\r\n                        <figure class=\"td-slide-galery-figure td-slide-popup-gallery\">\r\n                            <a class=\"slide-gallery-image-link\" href=\"https:\/\/noticiasmercedinas.com\/site\/wp-content\/uploads\/2019\/08\/mari04.jpg\" title=\"mari04\"  data-caption=\"\"  data-description=\"\">\r\n                                <img decoding=\"async\" src=\"https:\/\/noticiasmercedinas.com\/site\/wp-content\/uploads\/2019\/08\/mari04.jpg\" srcset=\"https:\/\/noticiasmercedinas.com\/site\/wp-content\/uploads\/2019\/08\/mari04.jpg 1280w, https:\/\/noticiasmercedinas.com\/site\/wp-content\/uploads\/2019\/08\/mari04-300x170.jpg 300w, https:\/\/noticiasmercedinas.com\/site\/wp-content\/uploads\/2019\/08\/mari04-768x435.jpg 768w, https:\/\/noticiasmercedinas.com\/site\/wp-content\/uploads\/2019\/08\/mari04-1024x580.jpg 1024w, https:\/\/noticiasmercedinas.com\/site\/wp-content\/uploads\/2019\/08\/mari04-640x363.jpg 640w, https:\/\/noticiasmercedinas.com\/site\/wp-content\/uploads\/2019\/08\/mari04-681x386.jpg 681w\" sizes=\"(max-width: 1280px) 100vw, 1280px\" alt=\"\">\r\n                            <\/a>\r\n                            \r\n                        <\/figure>\r\n                    <\/div>\r\n                    <div class = \"td-slide-item td-item12\">\r\n                        <figure class=\"td-slide-galery-figure td-slide-popup-gallery\">\r\n                            <a class=\"slide-gallery-image-link\" href=\"https:\/\/noticiasmercedinas.com\/site\/wp-content\/uploads\/2019\/08\/mari03.jpg\" title=\"mari03\"  data-caption=\"\"  data-description=\"\">\r\n                                <img decoding=\"async\" src=\"https:\/\/noticiasmercedinas.com\/site\/wp-content\/uploads\/2019\/08\/mari03.jpg\" srcset=\"https:\/\/noticiasmercedinas.com\/site\/wp-content\/uploads\/2019\/08\/mari03.jpg 1280w, https:\/\/noticiasmercedinas.com\/site\/wp-content\/uploads\/2019\/08\/mari03-300x169.jpg 300w, https:\/\/noticiasmercedinas.com\/site\/wp-content\/uploads\/2019\/08\/mari03-768x432.jpg 768w, https:\/\/noticiasmercedinas.com\/site\/wp-content\/uploads\/2019\/08\/mari03-1024x576.jpg 1024w, https:\/\/noticiasmercedinas.com\/site\/wp-content\/uploads\/2019\/08\/mari03-640x360.jpg 640w, https:\/\/noticiasmercedinas.com\/site\/wp-content\/uploads\/2019\/08\/mari03-681x383.jpg 681w\" sizes=\"(max-width: 1280px) 100vw, 1280px\" alt=\"\">\r\n                            <\/a>\r\n                            \r\n                        <\/figure>\r\n                    <\/div>\r\n                    <div class = \"td-slide-item td-item13\">\r\n                        <figure class=\"td-slide-galery-figure td-slide-popup-gallery\">\r\n                            <a class=\"slide-gallery-image-link\" href=\"https:\/\/noticiasmercedinas.com\/site\/wp-content\/uploads\/2019\/08\/mari02.jpg\" title=\"mari02\"  data-caption=\"\"  data-description=\"\">\r\n                                <img decoding=\"async\" src=\"https:\/\/noticiasmercedinas.com\/site\/wp-content\/uploads\/2019\/08\/mari02.jpg\" srcset=\"https:\/\/noticiasmercedinas.com\/site\/wp-content\/uploads\/2019\/08\/mari02.jpg 1280w, https:\/\/noticiasmercedinas.com\/site\/wp-content\/uploads\/2019\/08\/mari02-300x185.jpg 300w, https:\/\/noticiasmercedinas.com\/site\/wp-content\/uploads\/2019\/08\/mari02-768x473.jpg 768w, https:\/\/noticiasmercedinas.com\/site\/wp-content\/uploads\/2019\/08\/mari02-1024x630.jpg 1024w, https:\/\/noticiasmercedinas.com\/site\/wp-content\/uploads\/2019\/08\/mari02-640x394.jpg 640w, https:\/\/noticiasmercedinas.com\/site\/wp-content\/uploads\/2019\/08\/mari02-681x419.jpg 681w\" sizes=\"(max-width: 1280px) 100vw, 1280px\" alt=\"\">\r\n                            <\/a>\r\n                            \r\n                        <\/figure>\r\n                    <\/div>\r\n                    <div class = \"td-slide-item td-item14\">\r\n                        <figure class=\"td-slide-galery-figure td-slide-popup-gallery\">\r\n                            <a class=\"slide-gallery-image-link\" href=\"https:\/\/noticiasmercedinas.com\/site\/wp-content\/uploads\/2019\/08\/mari01.jpg\" title=\"mari01\"  data-caption=\"\"  data-description=\"\">\r\n                                <img decoding=\"async\" src=\"https:\/\/noticiasmercedinas.com\/site\/wp-content\/uploads\/2019\/08\/mari01.jpg\" srcset=\"https:\/\/noticiasmercedinas.com\/site\/wp-content\/uploads\/2019\/08\/mari01.jpg 1280w, https:\/\/noticiasmercedinas.com\/site\/wp-content\/uploads\/2019\/08\/mari01-300x169.jpg 300w, https:\/\/noticiasmercedinas.com\/site\/wp-content\/uploads\/2019\/08\/mari01-768x432.jpg 768w, https:\/\/noticiasmercedinas.com\/site\/wp-content\/uploads\/2019\/08\/mari01-1024x576.jpg 1024w, https:\/\/noticiasmercedinas.com\/site\/wp-content\/uploads\/2019\/08\/mari01-640x360.jpg 640w, https:\/\/noticiasmercedinas.com\/site\/wp-content\/uploads\/2019\/08\/mari01-681x383.jpg 681w\" sizes=\"(max-width: 1280px) 100vw, 1280px\" alt=\"\">\r\n                            <\/a>\r\n                            \r\n                        <\/figure>\r\n                    <\/div>\r\n                            <\/div>\r\n                        <\/div>\r\n\r\n                        <div class = \"td-doubleSlider-2\">\r\n                            <div class = \"td-slider\">\r\n                                \r\n                    <div class = \"td-button td-item1\">\r\n                        <div class = \"td-border\"><\/div>\r\n                    <\/div>\r\n                    <div class = \"td-button td-item2\">\r\n                        <div class = \"td-border\"><\/div>\r\n                    <\/div>\r\n                    <div class = \"td-button td-item3\">\r\n                        <div class = \"td-border\"><\/div>\r\n                    <\/div>\r\n                    <div class = \"td-button td-item4\">\r\n                        <div class = \"td-border\"><\/div>\r\n                    <\/div>\r\n                    <div class = \"td-button td-item5\">\r\n                        <div class = \"td-border\"><\/div>\r\n                    <\/div>\r\n                    <div class = \"td-button td-item6\">\r\n                        <div class = \"td-border\"><\/div>\r\n                    <\/div>\r\n                    <div class = \"td-button td-item7\">\r\n                        <div class = \"td-border\"><\/div>\r\n                    <\/div>\r\n                    <div class = \"td-button td-item8\">\r\n                        <div class = \"td-border\"><\/div>\r\n                    <\/div>\r\n                    <div class = \"td-button td-item9\">\r\n                        <div class = \"td-border\"><\/div>\r\n                    <\/div>\r\n                    <div class = \"td-button td-item10\">\r\n                        <div class = \"td-border\"><\/div>\r\n                    <\/div>\r\n                    <div class = \"td-button td-item11\">\r\n                        <div class = \"td-border\"><\/div>\r\n                    <\/div>\r\n                    <div class = \"td-button td-item12\">\r\n                        <div class = \"td-border\"><\/div>\r\n                    <\/div>\r\n                    <div class = \"td-button td-item13\">\r\n                        <div class = \"td-border\"><\/div>\r\n                    <\/div>\r\n                    <div class = \"td-button td-item14\">\r\n                        <div class = \"td-border\"><\/div>\r\n                    <\/div>\r\n                            <\/div>\r\n                        <\/div>\r\n\r\n                    <\/div>\r\n\r\n                <\/div>\r\n                \n<p><strong>El 24 de agosto se estren\u00f3 en el Teatro Argentino de Mercedes\u00a0\u201cMary<\/strong>\u00a0<strong>Poppins, el Musical\u201d, por el Grupo Move, Estudio de Danza y Arte, con la direcci\u00f3n general de Luciana Oss\u00e9s y Eugenia Fraiese.<\/strong><\/p>\n<p>\u00bfA qui\u00e9n no le gusta que le cuenten un relato?<\/p>\n<p>\u00a1A todos!<\/p>\n<p>Cada vez que vemos una pel\u00edcula o una obra de teatro, vamos en busca de esa hermosa costumbre de nuestra infancia:\u00a0<strong><em>\u201cescuchar una historia\u201d.<\/em><\/strong><\/p>\n<p>Para evocar aquel misterio que significaba\u00a0<strong><em>\u201ccontar un cuento\u201d<\/em><\/strong>\u00a0deben ocurrir dos cosas: el narrador debe\u00a0<strong><em>saber contarlo<\/em><\/strong>\u00a0y\u00a0<strong><em>la historia debe ser buena<\/em><\/strong>.<\/p>\n<p>Hace muchos a\u00f1os, en 1934, bajo el seud\u00f3nimo de\u00a0<strong>Pamela Lyndon Travers \u2013Helen Lyndon Goff era su verdadero nombre\u2013<\/strong>\u00a0se public\u00f3 en Inglaterra el primero de ocho libros que contaba la historia de\u00a0<strong>\u201cMary Poppins\u201d<\/strong>, una ni\u00f1era extraordinaria que llega a la casa de una familia para ayudarla a recuperar la fantas\u00eda perdida en sus vidas, convirti\u00e9ndose en un \u00e9xito rotundo.<\/p>\n<p>Tuvieron que pasar treinta a\u00f1os, hasta que un hombre, un hacedor de historias para ni\u00f1os pudiera llevar este libro al cine y producir el mayor \u00e9xito de su carrera. El hombre se llamaba\u00a0<strong>Walt Disney.<\/strong><\/p>\n<p><strong>Julie Andrews,\u00a0<\/strong>empujada por el viento del este, bajaba serenamente frente a la casa de\u00a0<strong>Jane y Michael Banks,\u00a0<\/strong>contestando el pedido que expresaban en su carta:\u00a0<strong><em>\u00abLa ni\u00f1era que buscamos la queremos sin verrugas, sin gru\u00f1ir jam\u00e1s, sabr\u00e1 cantar. Con las mejillas sonrosadas, muy alegre y confiada. Que sepa hacer un buen pastel, silbar\u2026 tambi\u00e9n. Que a pasear nos lleve, que ricino nunca nos d\u00e9, ha de darnos golosinas, no debe oler a naftalina. Si no nos ri\u00f1e ni castiga, siempre hemos de hacer lo que nos diga. Sus lentes jam\u00e1s tendremos que romper, ni le hemos de echar pimienta en su t\u00e9\u00bb<\/em><\/strong><strong>.<\/strong><\/p>\n<p><strong>Dick Van Dyke,\u00a0<\/strong>era el alegre y despreocupado deshollinador y nosotros, desde la butaca del\u00a0<strong>Gran Rex<\/strong>, acompa\u00f1ados por nuestros padres, nos maravill\u00e1bamos con la magia, el color y las canciones que trasmit\u00eda la pantalla.<\/p>\n<p>No repar\u00e1bamos demasiado en el se\u00f1or<strong>\u00a0Banks<\/strong>, severo e inmerso en su trabajo, sin tiempo para atender a sus hijos, empe\u00f1ado en ser un importante ejecutivo bancario, ni tampoco en la sufragista se\u00f1ora\u00a0<strong>Banks<\/strong>. Nuestra atenci\u00f3n se centraba en\u00a0<strong>Mary Poppins<\/strong>, la institutriz,\u00a0<strong><em>pr\u00e1cticamente perfecta<\/em><\/strong>, siempre pegada a su paraguas con astil de p\u00e1jaro, en\u00a0<strong>Bert,\u00a0<\/strong>los dibujos animados que se mezclaban con los personajes y los ni\u00f1os.<\/p>\n<p>\u00bfCu\u00e1ntas veces vimos\u00a0<strong>Mary Poppins<\/strong>\u00a0a lo largo de nuestra vida?<\/p>\n<p>Muchas, en distintos momentos: cuando la repitieron en el cine del barrio, cuando la vimos con nuestros hijos y reparamos en otros mensajes que la historia oculta.<\/p>\n<p>El s\u00e1bado 24 de agosto volvimos a sentarnos, esta vez no en el cine, sino en el\u00a0<strong>Teatro Argentino<\/strong>, donde volv\u00eda a aparecer, despu\u00e9s de muchos a\u00f1os un personaje que guard\u00e1bamos en un rinc\u00f3n del coraz\u00f3n.<\/p>\n<p>Las luces se apagaron, la m\u00fasica fluy\u00f3 y, desde el fondo de la platea, emergi\u00f3 Bert cantando\u00a0<strong>\u201cChim Chim Cher-re\u201d<\/strong><\/p>\n<p>A partir de ese momento ocurri\u00f3 lo impensado: entramos nuevamente a la casa de los <strong>Banks<\/strong>, nos internamos en su historia,\u00a0<strong>Mary Poppins<\/strong>\u00a0se hizo presente y apareci\u00f3 un mundo sorprendente.<\/p>\n<p>El\u00a0<strong>Grupo Move, Estudio de Danza y Arte<\/strong>\u00a0brind\u00f3 una versi\u00f3n excelente, basada en la\u00a0<strong>Mary Poppins<\/strong>\u00a0de 1964. Una adaptaci\u00f3n ajustada y precisa, en la que se atendi\u00f3 a cada uno de los detalles de aquel film, incorporando tecnolog\u00eda y efectos especiales acertados que permitieron disfrutar una puesta de gran jerarqu\u00eda.<\/p>\n<p><strong>Roc\u00edo Garc\u00eda <\/strong>dio vida a <strong>Hellen<\/strong>, la diligente mucama de la familia. Jug\u00f3 su papel con eficacia al crear una simp\u00e1tica y encantadora muchacha. Se mostr\u00f3 d\u00factil en el juego esc\u00e9nico y cant\u00f3 con expresividad y ricos matices.<\/p>\n<p>&nbsp;<\/p>\n<p><strong>Paula Ezcurra <\/strong>interpret\u00f3 a la despistada se\u00f1ora <strong>Banks <\/strong>con gran solvencia, dando a su personaje un aire risue\u00f1amente ingenuo que mostr\u00f3, alternativamente a una madre indulgente, tierna, permisiva y una esposa temerosa de su marido.<\/p>\n<p><strong>Diego Contreras<\/strong>\u00a0fue un circunspecto y adusto se\u00f1or<strong>\u00a0Banks,\u00a0<\/strong>que supo administrar el ritmo de su actuaci\u00f3n, conjugando la acci\u00f3n f\u00edsica y actoral de manera inteligente para marcar la evoluci\u00f3n de su personaje.<\/p>\n<p><strong>Agust\u00edn Fraiese<\/strong>, cumpli\u00f3 con correcci\u00f3n su papel de polic\u00eda preocupado por los ni\u00f1os.<\/p>\n<p><strong>Patricio Uncal,\u00a0<\/strong>a pesar de su breve interpretaci\u00f3n del se\u00f1or<strong>\u00a0Doocks,\u00a0<\/strong>no dej\u00f3 de sorprender por la ductilidad de su composici\u00f3n y la excelencia interpretativa que muestra siempre, a\u00fan en papeles peque\u00f1os.<\/p>\n<p>Un p\u00e1rrafo aparte merecen las actuaciones de los ni\u00f1os\u00a0<strong>Mar\u00eda Kosinski y Solano Fuaz<\/strong>, que demostraron gran plasticidad esc\u00e9nica; sorprendente \u2013y acertada\u2013 memoria para un texto extenso y \u00f3ptimas condiciones para el baile y el canto.<\/p>\n<p>No es f\u00e1cil emular, a dos grandes del cine como\u00a0<strong>Dick Van Dike y Julie Andrews<\/strong>.<\/p>\n<p>Sin embargo\u00a0<strong>Pablo Pighin\u00a0<\/strong>supo estar a la altura de las circunstancias. Fue un\u00a0<strong>Bert <\/strong>expresivo y carism\u00e1tico, que bail\u00f3, cant\u00f3 y actu\u00f3 de manera desenfadada y convincente, demostrando gran madurez en el armado de su personaje.<\/p>\n<p><strong>Nadia Boffi,\u00a0<\/strong>se visti\u00f3 con el ropaje de la m\u00e1gica ni\u00f1era y su composici\u00f3n result\u00f3 magn\u00edfica. Poseedora de una voz excepcional, fue alternativamente severa y graciosa, mostrando un equilibrio y seguridad perfectos en su actuaci\u00f3n.<\/p>\n<p>El cuerpo de baile del\u00a0<strong>\u201cEnsamble\u201d,\u00a0<\/strong>integrado por\u00a0<strong>Agust\u00edn Fraiese, Sof\u00eda Bustamante, Magdalena Blanco, Juliana Ezcurra. Pilar Luppi, Catalina Masson, In\u00e9s Piazza, Nicol\u00e1s Reinoso, Gabriela Quiroga, Guadalupe Guidi, Karen Grassi, Ana Bori, Florencia Mancusi, Daniela Martino, Milagros Cortes, Luc\u00eda Ferrand\u00eds, Agustina Bocaccio, Eugenia Fraiese, Luciana Oss\u00e9s.\u00a0<\/strong>Mencionamos, adem\u00e1s, el desempe\u00f1o de <strong>Carolina Ezcurra,\u00a0<\/strong>que tuvo intervenci\u00f3n en un cuadro donde bail\u00f3 y cant\u00f3 de manera excepcional.<\/p>\n<p><strong>El \u201cEnsamble\u201d\u00a0<\/strong>acompa\u00f1\u00f3 la acci\u00f3n demostrando un gran ajuste en cada cuadro, brindando un lucido marco en las actuaciones, a trav\u00e9s de la inteligente coreograf\u00eda de\u00a0<strong>Eugenia Fraiese y Luciana Oss\u00e9s.<\/strong><\/p>\n<p>La puesta en escena, vestuario y direcci\u00f3n actoral, a cargo de\u00a0<strong>Laly Fraiese<\/strong>, fue rigurosa y cuidada, sin dejar ning\u00fan detalle librado al azar. Manejar los elementos t\u00e9cnicos y actorales a un tiempo ha sido un esfuerzo encomiable, que revela en esta joven directora talento y un futuro promisorio en el\u00a0<em>\u201cmetier\u201d.<\/em><\/p>\n<p>El dise\u00f1o de imagen y video, a cargo de\u00a0<strong>Pablo P\u00f3rfido y Soledad Russo<\/strong>\u00a0as\u00ed como el sonido de\u00a0<strong>Isa\u00edas Freire<\/strong>\u00a0de\u00a0<strong>Move Sound and Art\u00a0<\/strong>fue ajustado y limpio.<\/p>\n<p>Destacable que los actores cantaron en vivo, lo cual significa un doble esfuerzo ya que en ning\u00fan momento utilizaron play back.<\/p>\n<p>Quienes hace muchos a\u00f1os fuimos con nuestros padres al\u00a0<strong>Cine Gran Rex<\/strong>, al estreno de\u00a0<strong>Mary Poppins<\/strong>, no pudimos dejar de emocionarnos al ver al se\u00f1or\u00a0<strong>Banks,\u00a0<\/strong>remontando la cometa con su familia, al ritmo de aquella bella canci\u00f3n o ver emprender vuelo a la m\u00e1gica ni\u00f1era, en di\u00e1logo con la empu\u00f1adura de su paraguas.<\/p>\n<p>Despu\u00e9s de todo, a pesar del tiempo, el mensaje sigue siendo el mismo: mirar a nuestros hijos, dedicarles tiempo y entender que son lo m\u00e1s importante de nuestras vidas.<\/p>\n<p>Por espacio de una hora y media, los chicos que asistieron al espect\u00e1culo, dejaron detr\u00e1s la tecnolog\u00eda que domina el siglo XXI. Postergaron los celulares, la tablet, la play, demostrando que cuando el relato es bueno y el relator expresivo, nada se interpone entre ellos, porque a todos nos\u00a0<strong><em>gusta o\u00edr y \u201cver\u201d una buena historia.<\/em><\/strong><\/p>\n<p>Gracias a\u00a0<strong>Move, estudio de Danza y Arte\u00a0<\/strong>por brindarnos un espect\u00e1culo tan digno y por recordarnos, a los m\u00e1s grandes, que siempre es hermoso\u2026 que nos\u00a0<strong><em>cuenten un cuento.<\/em><\/strong><\/p>\n<p>El espect\u00e1culo fue apoyado por P5ALMACEN.COM.AR<\/p>\n","protected":false},"excerpt":{"rendered":"<p>El 24 de agosto se estren\u00f3 en el Teatro Argentino de Mercedes\u00a0\u201cMary\u00a0Poppins, el Musical\u201d, por el Grupo Move, Estudio de Danza y Arte, con la direcci\u00f3n general de Luciana Oss\u00e9s y Eugenia Fraiese. \u00bfA qui\u00e9n no le gusta que le cuenten un relato? \u00a1A todos! Cada vez que vemos una pel\u00edcula o una obra de [&hellip;]<\/p>\n","protected":false},"author":24,"featured_media":26422,"comment_status":"open","ping_status":"open","sticky":false,"template":"","format":"standard","meta":{"footnotes":""},"categories":[4],"tags":[6136,1216,2849,480],"class_list":["post-26409","post","type-post","status-publish","format-standard","has-post-thumbnail","hentry","category-cultura","tag-mary-poppins","tag-move","tag-p5","tag-teatro"],"yoast_head":"<!-- This site is optimized with the Yoast SEO plugin v27.5 - https:\/\/yoast.com\/product\/yoast-seo-wordpress\/ -->\n<title>Excelente puesta de \u201cMary Poppins, el musical\u201d<\/title>\n<meta name=\"robots\" content=\"index, follow, max-snippet:-1, max-image-preview:large, max-video-preview:-1\" \/>\n<link rel=\"canonical\" href=\"https:\/\/noticiasmercedinas.com\/site\/2019\/08\/25\/excelente-puesta-de-mary-poppins-el-musical\/\" \/>\n<meta property=\"og:locale\" content=\"es_ES\" \/>\n<meta property=\"og:type\" content=\"article\" \/>\n<meta property=\"og:title\" content=\"Excelente puesta de \u201cMary Poppins, el musical\u201d\" \/>\n<meta property=\"og:description\" content=\"El 24 de agosto se estren\u00f3 en el Teatro Argentino de Mercedes\u00a0\u201cMary\u00a0Poppins, el Musical\u201d, por el Grupo Move, Estudio de Danza y Arte, con la direcci\u00f3n general de Luciana Oss\u00e9s y Eugenia Fraiese. \u00bfA qui\u00e9n no le gusta que le cuenten un relato? \u00a1A todos! Cada vez que vemos una pel\u00edcula o una obra de [&hellip;]\" \/>\n<meta property=\"og:url\" content=\"https:\/\/noticiasmercedinas.com\/site\/2019\/08\/25\/excelente-puesta-de-mary-poppins-el-musical\/\" \/>\n<meta property=\"og:site_name\" content=\"NOTICIASMERCEDINAS.COM\" \/>\n<meta property=\"article:publisher\" content=\"https:\/\/www.facebook.com\/noticiasmercedinas\/\" \/>\n<meta property=\"article:published_time\" content=\"2019-08-26T00:41:26+00:00\" \/>\n<meta property=\"article:modified_time\" content=\"2019-08-26T19:49:13+00:00\" \/>\n<meta property=\"og:image\" content=\"https:\/\/noticiasmercedinas.com\/site\/wp-content\/uploads\/2019\/08\/mari02.jpg\" \/>\n\t<meta property=\"og:image:width\" content=\"1280\" \/>\n\t<meta property=\"og:image:height\" content=\"788\" \/>\n\t<meta property=\"og:image:type\" content=\"image\/jpeg\" \/>\n<meta name=\"author\" content=\"Susana Spano\" \/>\n<meta name=\"twitter:card\" content=\"summary_large_image\" \/>\n<meta name=\"twitter:creator\" content=\"@notmercedinas\" \/>\n<meta name=\"twitter:site\" content=\"@notmercedinas\" \/>\n<meta name=\"twitter:label1\" content=\"Escrito por\" \/>\n\t<meta name=\"twitter:data1\" content=\"Susana Spano\" \/>\n\t<meta name=\"twitter:label2\" content=\"Tiempo de lectura\" \/>\n\t<meta name=\"twitter:data2\" content=\"7 minutos\" \/>\n<script type=\"application\/ld+json\" class=\"yoast-schema-graph\">{\"@context\":\"https:\\\/\\\/schema.org\",\"@graph\":[{\"@type\":\"Article\",\"@id\":\"https:\\\/\\\/noticiasmercedinas.com\\\/site\\\/2019\\\/08\\\/25\\\/excelente-puesta-de-mary-poppins-el-musical\\\/#article\",\"isPartOf\":{\"@id\":\"https:\\\/\\\/noticiasmercedinas.com\\\/site\\\/2019\\\/08\\\/25\\\/excelente-puesta-de-mary-poppins-el-musical\\\/\"},\"author\":{\"name\":\"Susana Spano\",\"@id\":\"https:\\\/\\\/noticiasmercedinas.com\\\/site\\\/#\\\/schema\\\/person\\\/6c6decb6bf2ace51790c3ae1860466d7\"},\"headline\":\"Excelente puesta de \u201cMary Poppins, el musical\u201d\",\"datePublished\":\"2019-08-26T00:41:26+00:00\",\"dateModified\":\"2019-08-26T19:49:13+00:00\",\"mainEntityOfPage\":{\"@id\":\"https:\\\/\\\/noticiasmercedinas.com\\\/site\\\/2019\\\/08\\\/25\\\/excelente-puesta-de-mary-poppins-el-musical\\\/\"},\"wordCount\":1354,\"commentCount\":0,\"publisher\":{\"@id\":\"https:\\\/\\\/noticiasmercedinas.com\\\/site\\\/#organization\"},\"image\":{\"@id\":\"https:\\\/\\\/noticiasmercedinas.com\\\/site\\\/2019\\\/08\\\/25\\\/excelente-puesta-de-mary-poppins-el-musical\\\/#primaryimage\"},\"thumbnailUrl\":\"https:\\\/\\\/noticiasmercedinas.com\\\/site\\\/wp-content\\\/uploads\\\/2019\\\/08\\\/mari02.jpg\",\"keywords\":[\"Mary poppins\",\"move\",\"p5\",\"teatro\"],\"articleSection\":[\"Cultura\"],\"inLanguage\":\"es\",\"potentialAction\":[{\"@type\":\"CommentAction\",\"name\":\"Comment\",\"target\":[\"https:\\\/\\\/noticiasmercedinas.com\\\/site\\\/2019\\\/08\\\/25\\\/excelente-puesta-de-mary-poppins-el-musical\\\/#respond\"]}]},{\"@type\":\"WebPage\",\"@id\":\"https:\\\/\\\/noticiasmercedinas.com\\\/site\\\/2019\\\/08\\\/25\\\/excelente-puesta-de-mary-poppins-el-musical\\\/\",\"url\":\"https:\\\/\\\/noticiasmercedinas.com\\\/site\\\/2019\\\/08\\\/25\\\/excelente-puesta-de-mary-poppins-el-musical\\\/\",\"name\":\"Excelente puesta de \u201cMary Poppins, el musical\u201d\",\"isPartOf\":{\"@id\":\"https:\\\/\\\/noticiasmercedinas.com\\\/site\\\/#website\"},\"primaryImageOfPage\":{\"@id\":\"https:\\\/\\\/noticiasmercedinas.com\\\/site\\\/2019\\\/08\\\/25\\\/excelente-puesta-de-mary-poppins-el-musical\\\/#primaryimage\"},\"image\":{\"@id\":\"https:\\\/\\\/noticiasmercedinas.com\\\/site\\\/2019\\\/08\\\/25\\\/excelente-puesta-de-mary-poppins-el-musical\\\/#primaryimage\"},\"thumbnailUrl\":\"https:\\\/\\\/noticiasmercedinas.com\\\/site\\\/wp-content\\\/uploads\\\/2019\\\/08\\\/mari02.jpg\",\"datePublished\":\"2019-08-26T00:41:26+00:00\",\"dateModified\":\"2019-08-26T19:49:13+00:00\",\"breadcrumb\":{\"@id\":\"https:\\\/\\\/noticiasmercedinas.com\\\/site\\\/2019\\\/08\\\/25\\\/excelente-puesta-de-mary-poppins-el-musical\\\/#breadcrumb\"},\"inLanguage\":\"es\",\"potentialAction\":[{\"@type\":\"ReadAction\",\"target\":[\"https:\\\/\\\/noticiasmercedinas.com\\\/site\\\/2019\\\/08\\\/25\\\/excelente-puesta-de-mary-poppins-el-musical\\\/\"]}]},{\"@type\":\"ImageObject\",\"inLanguage\":\"es\",\"@id\":\"https:\\\/\\\/noticiasmercedinas.com\\\/site\\\/2019\\\/08\\\/25\\\/excelente-puesta-de-mary-poppins-el-musical\\\/#primaryimage\",\"url\":\"https:\\\/\\\/noticiasmercedinas.com\\\/site\\\/wp-content\\\/uploads\\\/2019\\\/08\\\/mari02.jpg\",\"contentUrl\":\"https:\\\/\\\/noticiasmercedinas.com\\\/site\\\/wp-content\\\/uploads\\\/2019\\\/08\\\/mari02.jpg\",\"width\":1280,\"height\":788},{\"@type\":\"BreadcrumbList\",\"@id\":\"https:\\\/\\\/noticiasmercedinas.com\\\/site\\\/2019\\\/08\\\/25\\\/excelente-puesta-de-mary-poppins-el-musical\\\/#breadcrumb\",\"itemListElement\":[{\"@type\":\"ListItem\",\"position\":1,\"name\":\"Portada\",\"item\":\"https:\\\/\\\/noticiasmercedinas.com\\\/site\\\/\"},{\"@type\":\"ListItem\",\"position\":2,\"name\":\"Excelente puesta de \u201cMary Poppins, el musical\u201d\"}]},{\"@type\":\"WebSite\",\"@id\":\"https:\\\/\\\/noticiasmercedinas.com\\\/site\\\/#website\",\"url\":\"https:\\\/\\\/noticiasmercedinas.com\\\/site\\\/\",\"name\":\"NOTICIASMERCEDINAS.COM\",\"description\":\"Mercedes, Buenos Aires, Argentina\",\"publisher\":{\"@id\":\"https:\\\/\\\/noticiasmercedinas.com\\\/site\\\/#organization\"},\"potentialAction\":[{\"@type\":\"SearchAction\",\"target\":{\"@type\":\"EntryPoint\",\"urlTemplate\":\"https:\\\/\\\/noticiasmercedinas.com\\\/site\\\/?s={search_term_string}\"},\"query-input\":{\"@type\":\"PropertyValueSpecification\",\"valueRequired\":true,\"valueName\":\"search_term_string\"}}],\"inLanguage\":\"es\"},{\"@type\":\"Organization\",\"@id\":\"https:\\\/\\\/noticiasmercedinas.com\\\/site\\\/#organization\",\"name\":\"NOTICIASMERCEDINAS.COM\",\"url\":\"https:\\\/\\\/noticiasmercedinas.com\\\/site\\\/\",\"logo\":{\"@type\":\"ImageObject\",\"inLanguage\":\"es\",\"@id\":\"https:\\\/\\\/noticiasmercedinas.com\\\/site\\\/#\\\/schema\\\/logo\\\/image\\\/\",\"url\":\"https:\\\/\\\/noticiasmercedinas.com\\\/site\\\/wp-content\\\/uploads\\\/2020\\\/06\\\/LOGO-512.jpg\",\"contentUrl\":\"https:\\\/\\\/noticiasmercedinas.com\\\/site\\\/wp-content\\\/uploads\\\/2020\\\/06\\\/LOGO-512.jpg\",\"width\":512,\"height\":512,\"caption\":\"NOTICIASMERCEDINAS.COM\"},\"image\":{\"@id\":\"https:\\\/\\\/noticiasmercedinas.com\\\/site\\\/#\\\/schema\\\/logo\\\/image\\\/\"},\"sameAs\":[\"https:\\\/\\\/www.facebook.com\\\/noticiasmercedinas\\\/\",\"https:\\\/\\\/x.com\\\/notmercedinas\",\"https:\\\/\\\/www.instagram.com\\\/noticiasmercedinas\\\/\"]},{\"@type\":\"Person\",\"@id\":\"https:\\\/\\\/noticiasmercedinas.com\\\/site\\\/#\\\/schema\\\/person\\\/6c6decb6bf2ace51790c3ae1860466d7\",\"name\":\"Susana Spano\",\"image\":{\"@type\":\"ImageObject\",\"inLanguage\":\"es\",\"@id\":\"https:\\\/\\\/secure.gravatar.com\\\/avatar\\\/8b943981637969c1ccbbca2f9b95cbe5dac8e434c0c759eef9552e95d86c38f4?s=96&d=mm&r=g\",\"url\":\"https:\\\/\\\/secure.gravatar.com\\\/avatar\\\/8b943981637969c1ccbbca2f9b95cbe5dac8e434c0c759eef9552e95d86c38f4?s=96&d=mm&r=g\",\"contentUrl\":\"https:\\\/\\\/secure.gravatar.com\\\/avatar\\\/8b943981637969c1ccbbca2f9b95cbe5dac8e434c0c759eef9552e95d86c38f4?s=96&d=mm&r=g\",\"caption\":\"Susana Spano\"},\"url\":\"https:\\\/\\\/noticiasmercedinas.com\\\/site\\\/author\\\/susana-spano\\\/\"}]}<\/script>\n<!-- \/ Yoast SEO plugin. -->","yoast_head_json":{"title":"Excelente puesta de \u201cMary Poppins, el musical\u201d","robots":{"index":"index","follow":"follow","max-snippet":"max-snippet:-1","max-image-preview":"max-image-preview:large","max-video-preview":"max-video-preview:-1"},"canonical":"https:\/\/noticiasmercedinas.com\/site\/2019\/08\/25\/excelente-puesta-de-mary-poppins-el-musical\/","og_locale":"es_ES","og_type":"article","og_title":"Excelente puesta de \u201cMary Poppins, el musical\u201d","og_description":"El 24 de agosto se estren\u00f3 en el Teatro Argentino de Mercedes\u00a0\u201cMary\u00a0Poppins, el Musical\u201d, por el Grupo Move, Estudio de Danza y Arte, con la direcci\u00f3n general de Luciana Oss\u00e9s y Eugenia Fraiese. \u00bfA qui\u00e9n no le gusta que le cuenten un relato? \u00a1A todos! Cada vez que vemos una pel\u00edcula o una obra de [&hellip;]","og_url":"https:\/\/noticiasmercedinas.com\/site\/2019\/08\/25\/excelente-puesta-de-mary-poppins-el-musical\/","og_site_name":"NOTICIASMERCEDINAS.COM","article_publisher":"https:\/\/www.facebook.com\/noticiasmercedinas\/","article_published_time":"2019-08-26T00:41:26+00:00","article_modified_time":"2019-08-26T19:49:13+00:00","og_image":[{"width":1280,"height":788,"url":"https:\/\/noticiasmercedinas.com\/site\/wp-content\/uploads\/2019\/08\/mari02.jpg","type":"image\/jpeg"}],"author":"Susana Spano","twitter_card":"summary_large_image","twitter_creator":"@notmercedinas","twitter_site":"@notmercedinas","twitter_misc":{"Escrito por":"Susana Spano","Tiempo de lectura":"7 minutos"},"schema":{"@context":"https:\/\/schema.org","@graph":[{"@type":"Article","@id":"https:\/\/noticiasmercedinas.com\/site\/2019\/08\/25\/excelente-puesta-de-mary-poppins-el-musical\/#article","isPartOf":{"@id":"https:\/\/noticiasmercedinas.com\/site\/2019\/08\/25\/excelente-puesta-de-mary-poppins-el-musical\/"},"author":{"name":"Susana Spano","@id":"https:\/\/noticiasmercedinas.com\/site\/#\/schema\/person\/6c6decb6bf2ace51790c3ae1860466d7"},"headline":"Excelente puesta de \u201cMary Poppins, el musical\u201d","datePublished":"2019-08-26T00:41:26+00:00","dateModified":"2019-08-26T19:49:13+00:00","mainEntityOfPage":{"@id":"https:\/\/noticiasmercedinas.com\/site\/2019\/08\/25\/excelente-puesta-de-mary-poppins-el-musical\/"},"wordCount":1354,"commentCount":0,"publisher":{"@id":"https:\/\/noticiasmercedinas.com\/site\/#organization"},"image":{"@id":"https:\/\/noticiasmercedinas.com\/site\/2019\/08\/25\/excelente-puesta-de-mary-poppins-el-musical\/#primaryimage"},"thumbnailUrl":"https:\/\/noticiasmercedinas.com\/site\/wp-content\/uploads\/2019\/08\/mari02.jpg","keywords":["Mary poppins","move","p5","teatro"],"articleSection":["Cultura"],"inLanguage":"es","potentialAction":[{"@type":"CommentAction","name":"Comment","target":["https:\/\/noticiasmercedinas.com\/site\/2019\/08\/25\/excelente-puesta-de-mary-poppins-el-musical\/#respond"]}]},{"@type":"WebPage","@id":"https:\/\/noticiasmercedinas.com\/site\/2019\/08\/25\/excelente-puesta-de-mary-poppins-el-musical\/","url":"https:\/\/noticiasmercedinas.com\/site\/2019\/08\/25\/excelente-puesta-de-mary-poppins-el-musical\/","name":"Excelente puesta de \u201cMary Poppins, el musical\u201d","isPartOf":{"@id":"https:\/\/noticiasmercedinas.com\/site\/#website"},"primaryImageOfPage":{"@id":"https:\/\/noticiasmercedinas.com\/site\/2019\/08\/25\/excelente-puesta-de-mary-poppins-el-musical\/#primaryimage"},"image":{"@id":"https:\/\/noticiasmercedinas.com\/site\/2019\/08\/25\/excelente-puesta-de-mary-poppins-el-musical\/#primaryimage"},"thumbnailUrl":"https:\/\/noticiasmercedinas.com\/site\/wp-content\/uploads\/2019\/08\/mari02.jpg","datePublished":"2019-08-26T00:41:26+00:00","dateModified":"2019-08-26T19:49:13+00:00","breadcrumb":{"@id":"https:\/\/noticiasmercedinas.com\/site\/2019\/08\/25\/excelente-puesta-de-mary-poppins-el-musical\/#breadcrumb"},"inLanguage":"es","potentialAction":[{"@type":"ReadAction","target":["https:\/\/noticiasmercedinas.com\/site\/2019\/08\/25\/excelente-puesta-de-mary-poppins-el-musical\/"]}]},{"@type":"ImageObject","inLanguage":"es","@id":"https:\/\/noticiasmercedinas.com\/site\/2019\/08\/25\/excelente-puesta-de-mary-poppins-el-musical\/#primaryimage","url":"https:\/\/noticiasmercedinas.com\/site\/wp-content\/uploads\/2019\/08\/mari02.jpg","contentUrl":"https:\/\/noticiasmercedinas.com\/site\/wp-content\/uploads\/2019\/08\/mari02.jpg","width":1280,"height":788},{"@type":"BreadcrumbList","@id":"https:\/\/noticiasmercedinas.com\/site\/2019\/08\/25\/excelente-puesta-de-mary-poppins-el-musical\/#breadcrumb","itemListElement":[{"@type":"ListItem","position":1,"name":"Portada","item":"https:\/\/noticiasmercedinas.com\/site\/"},{"@type":"ListItem","position":2,"name":"Excelente puesta de \u201cMary Poppins, el musical\u201d"}]},{"@type":"WebSite","@id":"https:\/\/noticiasmercedinas.com\/site\/#website","url":"https:\/\/noticiasmercedinas.com\/site\/","name":"NOTICIASMERCEDINAS.COM","description":"Mercedes, Buenos Aires, Argentina","publisher":{"@id":"https:\/\/noticiasmercedinas.com\/site\/#organization"},"potentialAction":[{"@type":"SearchAction","target":{"@type":"EntryPoint","urlTemplate":"https:\/\/noticiasmercedinas.com\/site\/?s={search_term_string}"},"query-input":{"@type":"PropertyValueSpecification","valueRequired":true,"valueName":"search_term_string"}}],"inLanguage":"es"},{"@type":"Organization","@id":"https:\/\/noticiasmercedinas.com\/site\/#organization","name":"NOTICIASMERCEDINAS.COM","url":"https:\/\/noticiasmercedinas.com\/site\/","logo":{"@type":"ImageObject","inLanguage":"es","@id":"https:\/\/noticiasmercedinas.com\/site\/#\/schema\/logo\/image\/","url":"https:\/\/noticiasmercedinas.com\/site\/wp-content\/uploads\/2020\/06\/LOGO-512.jpg","contentUrl":"https:\/\/noticiasmercedinas.com\/site\/wp-content\/uploads\/2020\/06\/LOGO-512.jpg","width":512,"height":512,"caption":"NOTICIASMERCEDINAS.COM"},"image":{"@id":"https:\/\/noticiasmercedinas.com\/site\/#\/schema\/logo\/image\/"},"sameAs":["https:\/\/www.facebook.com\/noticiasmercedinas\/","https:\/\/x.com\/notmercedinas","https:\/\/www.instagram.com\/noticiasmercedinas\/"]},{"@type":"Person","@id":"https:\/\/noticiasmercedinas.com\/site\/#\/schema\/person\/6c6decb6bf2ace51790c3ae1860466d7","name":"Susana Spano","image":{"@type":"ImageObject","inLanguage":"es","@id":"https:\/\/secure.gravatar.com\/avatar\/8b943981637969c1ccbbca2f9b95cbe5dac8e434c0c759eef9552e95d86c38f4?s=96&d=mm&r=g","url":"https:\/\/secure.gravatar.com\/avatar\/8b943981637969c1ccbbca2f9b95cbe5dac8e434c0c759eef9552e95d86c38f4?s=96&d=mm&r=g","contentUrl":"https:\/\/secure.gravatar.com\/avatar\/8b943981637969c1ccbbca2f9b95cbe5dac8e434c0c759eef9552e95d86c38f4?s=96&d=mm&r=g","caption":"Susana Spano"},"url":"https:\/\/noticiasmercedinas.com\/site\/author\/susana-spano\/"}]}},"amp_enabled":true,"_links":{"self":[{"href":"https:\/\/noticiasmercedinas.com\/site\/wp-json\/wp\/v2\/posts\/26409","targetHints":{"allow":["GET"]}}],"collection":[{"href":"https:\/\/noticiasmercedinas.com\/site\/wp-json\/wp\/v2\/posts"}],"about":[{"href":"https:\/\/noticiasmercedinas.com\/site\/wp-json\/wp\/v2\/types\/post"}],"author":[{"embeddable":true,"href":"https:\/\/noticiasmercedinas.com\/site\/wp-json\/wp\/v2\/users\/24"}],"replies":[{"embeddable":true,"href":"https:\/\/noticiasmercedinas.com\/site\/wp-json\/wp\/v2\/comments?post=26409"}],"version-history":[{"count":7,"href":"https:\/\/noticiasmercedinas.com\/site\/wp-json\/wp\/v2\/posts\/26409\/revisions"}],"predecessor-version":[{"id":26511,"href":"https:\/\/noticiasmercedinas.com\/site\/wp-json\/wp\/v2\/posts\/26409\/revisions\/26511"}],"wp:featuredmedia":[{"embeddable":true,"href":"https:\/\/noticiasmercedinas.com\/site\/wp-json\/wp\/v2\/media\/26422"}],"wp:attachment":[{"href":"https:\/\/noticiasmercedinas.com\/site\/wp-json\/wp\/v2\/media?parent=26409"}],"wp:term":[{"taxonomy":"category","embeddable":true,"href":"https:\/\/noticiasmercedinas.com\/site\/wp-json\/wp\/v2\/categories?post=26409"},{"taxonomy":"post_tag","embeddable":true,"href":"https:\/\/noticiasmercedinas.com\/site\/wp-json\/wp\/v2\/tags?post=26409"}],"curies":[{"name":"wp","href":"https:\/\/api.w.org\/{rel}","templated":true}]}}