{"id":266,"date":"2026-09-02T18:18:33","date_gmt":"2026-09-02T21:18:33","guid":{"rendered":"https:\/\/noticiasmercedinas.com\/site\/?p=266"},"modified":"2026-09-02T18:59:15","modified_gmt":"2026-09-02T21:59:15","slug":"club-mercedes-cayo-4-1-ante-juventud-unida-en-san-miguel-y-quedo-al-momento-fuera-del-reducido","status":"publish","type":"post","link":"https:\/\/noticiasmercedinas.com\/site\/2026\/09\/02\/club-mercedes-cayo-4-1-ante-juventud-unida-en-san-miguel-y-quedo-al-momento-fuera-del-reducido\/","title":{"rendered":"Club Mercedes: cay\u00f3 4-1 ante Juventud Unida en San Miguel y qued\u00f3 al momento fuera del Reducido"},"content":{"rendered":"<figure id=\"attachment_267\" aria-describedby=\"caption-attachment-267\" style=\"width: 640px\" class=\"wp-caption alignnone\"><img loading=\"lazy\" decoding=\"async\" class=\"wp-image-267 size-full\" src=\"https:\/\/noticiasmercedinas.com\/site\/wp-content\/uploads\/2026\/09\/ef88559b-cabf-4f74-b464-19c01d5bb8a0.jpg\" alt=\"\" width=\"640\" height=\"427\" srcset=\"https:\/\/noticiasmercedinas.com\/site\/wp-content\/uploads\/2026\/09\/ef88559b-cabf-4f74-b464-19c01d5bb8a0.jpg 640w, https:\/\/noticiasmercedinas.com\/site\/wp-content\/uploads\/2026\/09\/ef88559b-cabf-4f74-b464-19c01d5bb8a0-300x200.jpg 300w, https:\/\/noticiasmercedinas.com\/site\/wp-content\/uploads\/2026\/09\/ef88559b-cabf-4f74-b464-19c01d5bb8a0-630x420.jpg 630w\" sizes=\"auto, (max-width: 640px) 100vw, 640px\" \/><figcaption id=\"caption-attachment-267\" class=\"wp-caption-text\">Club Mercedes visit\u00f3 a Juventud en San Miguel. (Fotos Lautaro Riolfo &#8211; Prensa Club Mercedes).<\/figcaption><\/figure>\n<p>En la tarde del domingo, Club Mercedes sufri\u00f3 una derrota por 4 a 1 frente a Juventud Unida en el estadio del \u00abLobo\u00bb en San Miguel, en un encuentro correspondiente a la 26\u00b0 fecha del Torneo de Primera C. El cotejo resultaba determinante para las aspiraciones del conjunto visitante de meterse en los puestos de clasificaci\u00f3n al Reducido, en momentos en que el certamen ingresa en su etapa decisiva.<\/p>\n<p>El desarrollo del juego inici\u00f3 favorable para el \u00abBlanquinegro\u00bb, que logr\u00f3 abrir el marcador de manera temprana. Sin embargo, el elenco local reaccion\u00f3 a tiempo y alcanz\u00f3 el empate antes del descanso. Durante la segunda parte, los dirigidos por Mena contaron con oportunidades para ponerse nuevamente en ventaja, pero Juventud Unida mostr\u00f3 mayor eficacia, torci\u00f3 la historia a su favor y termin\u00f3 estructurando una goleada abultada que el club mercedino no padec\u00eda desde hac\u00eda largo tiempo.<\/p>\n<p><img loading=\"lazy\" decoding=\"async\" class=\"alignnone wp-image-268 size-full\" src=\"https:\/\/noticiasmercedinas.com\/site\/wp-content\/uploads\/2026\/09\/b5e59f8b-12de-4f04-91fe-6f8b6c7f143e.jpg\" alt=\"\" width=\"640\" height=\"427\" srcset=\"https:\/\/noticiasmercedinas.com\/site\/wp-content\/uploads\/2026\/09\/b5e59f8b-12de-4f04-91fe-6f8b6c7f143e.jpg 640w, https:\/\/noticiasmercedinas.com\/site\/wp-content\/uploads\/2026\/09\/b5e59f8b-12de-4f04-91fe-6f8b6c7f143e-300x200.jpg 300w, https:\/\/noticiasmercedinas.com\/site\/wp-content\/uploads\/2026\/09\/b5e59f8b-12de-4f04-91fe-6f8b6c7f143e-630x420.jpg 630w\" sizes=\"auto, (max-width: 640px) 100vw, 640px\" \/><\/p>\n<p>Con este resultado adverso y la combinaci\u00f3n de otros marcadores de la jornada, Club Mercedes qued\u00f3 temporalmente fuera de la zona de privilegio para disputar el ascenso. Pese al golpe sufrido en San Miguel, el equipo tendr\u00e1 una r\u00e1pida revancha al afrontar una seguidilla de dos encuentros consecutivos como local: primero ante Cambaceres y luego frente a Deportivo Espa\u00f1ol. Ambos cotejos est\u00e1n previstos en principio para disputarse en d\u00eda viernes, lo que representa una oportunidad clave para dar vuelta la p\u00e1gina, sumar de a tres y reinsertarse en la lucha por la clasificaci\u00f3n.<\/p>\n<p><strong>Juventud Unida 4:<\/strong> Michael L\u00f3pez, Mariano Di Franco, Ian Escobar, Franco Cardozo, Kevin Barrionuevo, Maximiliano Paredes, Nahuel Aiuto, Alan Vega, Enzo Arreguin, Diego Cardozo y Alexis Albistur. <strong>DT:<\/strong> Juan Carlos Kopriva. <strong>Relevos:<\/strong> Agust\u00edn Burl\u00f3n, Esteban Fern\u00e1ndez, Emiliano Ortiz y Mauro Peiro.<\/p>\n<p><strong>Club Mercedes 1: <\/strong>Iv\u00e1n Casco, Hern\u00e1n Pineda, Rodrigo Torres, Thom\u00e1s Bentancor, Maximiliano Pighin, Mart\u00edn Zuccaro, M\u00e1ximo Chan, Tom\u00e1s Chaparro, Francisco Ruiz, Arturo Mendoza y Franco Ortigosa.<strong>DT:<\/strong> Oscar Mena. <strong>Relevos:<\/strong> Rodrigo Nicasio, Rom\u00e1n L\u00f3pez, Juan Manuel Culio y Mateo Blanco.<\/p>\n<p><strong>Goles PT:<\/strong> A los 13&#8242; Chaparro para Mercedes y a los 22\u2019 D. Cardozo 17&#8242; para Juventud.<br \/>\n<strong>Goles ST:<\/strong> A los 19&#8217;Paredes, 27&#8242; Escobar de penal y a los 30&#8217;Arregu\u00edn para Juventud.<br \/>\n<strong>Cambios: <\/strong>\u00a0Vega por Hughes, Pedemonti por Albistur, Molinas por Aiuto, Iglesias por D. Cardozo y Guzm\u00e1n por Arreguin en Juventud. S\u00e1nchez Olmos por Mendoza, D\u00edaz por Ortigosa, Ca\u00f1ete por Chan, Amado por Chaparro y JR L\u00f3pez por Pighin en Club Mercedes.<br \/>\n<strong>Arbitro:<\/strong> Ulises L\u00f3pez.<\/p>\n<p><img loading=\"lazy\" decoding=\"async\" class=\"alignnone wp-image-269 size-full\" src=\"https:\/\/noticiasmercedinas.com\/site\/wp-content\/uploads\/2026\/09\/3a79b562-40c2-46ea-8241-d4c963d2676d.jpg\" alt=\"\" width=\"640\" height=\"427\" srcset=\"https:\/\/noticiasmercedinas.com\/site\/wp-content\/uploads\/2026\/09\/3a79b562-40c2-46ea-8241-d4c963d2676d.jpg 640w, https:\/\/noticiasmercedinas.com\/site\/wp-content\/uploads\/2026\/09\/3a79b562-40c2-46ea-8241-d4c963d2676d-300x200.jpg 300w, https:\/\/noticiasmercedinas.com\/site\/wp-content\/uploads\/2026\/09\/3a79b562-40c2-46ea-8241-d4c963d2676d-630x420.jpg 630w\" sizes=\"auto, (max-width: 640px) 100vw, 640px\" \/><br \/>\n<strong><br \/>\nResultados<br \/>\nZona A<br \/>\nArgentino 1:<\/strong> Joaqu\u00edn Galimberti.<br \/>\n<strong>Centro Espa\u00f1ol 1:<\/strong> Braian Hern\u00e1ndez.<\/p>\n<p><strong>Leandro N. Alem 0<\/strong>.<br \/>\n<strong>Puerto Nuevo 3:<\/strong> Facundo Esquivel, Mateo Escobar y Santiago Rold\u00e1n.<\/p>\n<p><strong>Estrella del Sur 1:<\/strong> Lautaro Torres.<br \/>\n<strong>Victoriano Arenas 1:<\/strong> Juan L\u00f3pez.<\/p>\n<p><strong>Lugano 1:<\/strong> Gabriel Urruchua.<br \/>\n<strong>Berazategui 1:<\/strong> Sebasti\u00e1n Villaba.<\/p>\n<p><strong>Sacachispas 2:<\/strong> Luis Lorenzi y Gonzalo Roncanieri.<br \/>\n<strong>JJ Urquiza 1: <\/strong>Franco Ocampo.<\/p>\n<p><strong>Zona B<br \/>\nCentral Ballester 2:<\/strong> Gabriel Gonz\u00e1lez y David Alejo.<br \/>\n<strong>Yupanqui 0<\/strong>.<\/p>\n<p><strong>Lunes 31<br \/>\nGeneral Lamadrid 0.<br \/>\nCa\u00f1uelas 2:<\/strong> Thiago Gonz\u00e1lez y Diego Aguirre.<\/p>\n<p><strong>Sportivo Barracas 0.<br \/>\nDeportivo Espa\u00f1ol 1: <\/strong>Patricio P\u00e9rez.<\/p>\n<p><strong>F\u00e9nix 0.<br \/>\nCentral C\u00f3rdoba 1:<\/strong> Marcos C\u00f3rdoba.<\/p>\n<p><strong>Leones FC 1:<\/strong> Gustavo Britos.<br \/>\n<strong>Atlas 0<\/strong>.<\/p>\n<p><strong>Pr\u00f3xima fecha \u2013 27\u00b0<br \/>\nZona A<br \/>\n<\/strong>Puerto Nuevo vs. Lugano.<br \/>\nDeportivo paraguayo vs. Leandro N. Alem.<br \/>\nClub Mercedes vs. Defensores de Cambaceres.<br \/>\nJJ Urquiza vs. Juventud Unida.<br \/>\nCentro Espa\u00f1ol vs. Sacachispas.<br \/>\nVictoriano Arenas vs. Argentino (Rosario).<br \/>\nBerazategui vs. Estrella del Sur.<\/p>\n<p><strong>Zona B<br \/>\n<\/strong>Yupanqui vs. Leones FC.<br \/>\nAtlas vs. General Lamadrid.<br \/>\nCa\u00f1uelas vs. Luj\u00e1n.<br \/>\nDeportivo Mu\u00f1iz vs. Sportivo Barracas.<br \/>\nDeportivo Espa\u00f1ol vs. F\u00e9nix.<br \/>\nCentral C\u00f3rdoba vs. El Porvenir.<br \/>\nClaypole vs. Central Ballester.<\/p>\n","protected":false},"excerpt":{"rendered":"<p>\u25a0 El \u00abBlanquinegro\u00bb comenz\u00f3 ganando en el tramo final de la fase regular de la Primera C, pero el \u00abLobo\u00bb dio vuelta el marcador con una goleada por 4 a 1. El equipo mercedino buscar\u00e1 recuperarse en sus pr\u00f3ximos dos compromisos como local.<\/p>\n","protected":false},"author":2,"featured_media":267,"comment_status":"open","ping_status":"open","sticky":false,"template":"","format":"standard","meta":{"footnotes":""},"categories":[21],"tags":[49,50,51,48],"class_list":["post-266","post","type-post","status-publish","format-standard","has-post-thumbnail","hentry","category-deportes","tag-afa","tag-club-mercedes","tag-juventud-unida","tag-primera-c"],"yoast_head":"<!-- This site is optimized with the Yoast SEO plugin v28.4 - https:\/\/yoast.com\/product\/yoast-seo-wordpress\/ -->\n<title>Club Mercedes: cay\u00f3 4-1 ante Juventud Unida en San Miguel y qued\u00f3 al momento fuera del Reducido - Noticias Mercedinas<\/title>\n<meta name=\"robots\" content=\"index, follow, max-snippet:-1, max-image-preview:large, max-video-preview:-1\" \/>\n<link rel=\"canonical\" href=\"https:\/\/noticiasmercedinas.com\/site\/2026\/09\/02\/club-mercedes-cayo-4-1-ante-juventud-unida-en-san-miguel-y-quedo-al-momento-fuera-del-reducido\/\" \/>\n<meta property=\"og:locale\" content=\"es_ES\" \/>\n<meta property=\"og:type\" content=\"article\" \/>\n<meta property=\"og:title\" content=\"Club Mercedes: cay\u00f3 4-1 ante Juventud Unida en San Miguel y qued\u00f3 al momento fuera del Reducido - Noticias Mercedinas\" \/>\n<meta property=\"og:description\" content=\"\u25a0 El &quot;Blanquinegro&quot; comenz\u00f3 ganando en el tramo final de la fase regular de la Primera C, pero el &quot;Lobo&quot; dio vuelta el marcador con una goleada por 4 a 1. El equipo mercedino buscar\u00e1 recuperarse en sus pr\u00f3ximos dos compromisos como local.\" \/>\n<meta property=\"og:url\" content=\"https:\/\/noticiasmercedinas.com\/site\/2026\/09\/02\/club-mercedes-cayo-4-1-ante-juventud-unida-en-san-miguel-y-quedo-al-momento-fuera-del-reducido\/\" \/>\n<meta property=\"og:site_name\" content=\"Noticias Mercedinas\" \/>\n<meta property=\"article:published_time\" content=\"2026-09-02T21:18:33+00:00\" \/>\n<meta property=\"article:modified_time\" content=\"2026-09-02T21:59:15+00:00\" \/>\n<meta property=\"og:image\" content=\"https:\/\/noticiasmercedinas.com\/site\/wp-content\/uploads\/2026\/09\/ef88559b-cabf-4f74-b464-19c01d5bb8a0.jpg\" \/>\n\t<meta property=\"og:image:width\" content=\"640\" \/>\n\t<meta property=\"og:image:height\" content=\"427\" \/>\n\t<meta property=\"og:image:type\" content=\"image\/jpeg\" \/>\n<meta name=\"author\" content=\"Juan Dagnino\" \/>\n<meta name=\"twitter:card\" content=\"summary_large_image\" \/>\n<meta name=\"twitter:label1\" content=\"Escrito por\" \/>\n\t<meta name=\"twitter:data1\" content=\"Juan Dagnino\" \/>\n\t<meta name=\"twitter:label2\" content=\"Tiempo de lectura\" \/>\n\t<meta name=\"twitter:data2\" content=\"4 minutos\" \/>\n<script type=\"application\/ld+json\" class=\"yoast-schema-graph\">{\"@context\":\"https:\\\/\\\/schema.org\",\"@graph\":[{\"@type\":\"Article\",\"@id\":\"https:\\\/\\\/noticiasmercedinas.com\\\/site\\\/2026\\\/09\\\/02\\\/club-mercedes-cayo-4-1-ante-juventud-unida-en-san-miguel-y-quedo-al-momento-fuera-del-reducido\\\/#article\",\"isPartOf\":{\"@id\":\"https:\\\/\\\/noticiasmercedinas.com\\\/site\\\/2026\\\/09\\\/02\\\/club-mercedes-cayo-4-1-ante-juventud-unida-en-san-miguel-y-quedo-al-momento-fuera-del-reducido\\\/\"},\"author\":{\"name\":\"Juan Dagnino\",\"@id\":\"https:\\\/\\\/noticiasmercedinas.com\\\/site\\\/#\\\/schema\\\/person\\\/b25f2883e4fd6f0be6beadb609baaa59\"},\"headline\":\"Club Mercedes: cay\u00f3 4-1 ante Juventud Unida en San Miguel y qued\u00f3 al momento fuera del Reducido\",\"datePublished\":\"2026-09-02T21:18:33+00:00\",\"dateModified\":\"2026-09-02T21:59:15+00:00\",\"mainEntityOfPage\":{\"@id\":\"https:\\\/\\\/noticiasmercedinas.com\\\/site\\\/2026\\\/09\\\/02\\\/club-mercedes-cayo-4-1-ante-juventud-unida-en-san-miguel-y-quedo-al-momento-fuera-del-reducido\\\/\"},\"wordCount\":628,\"commentCount\":0,\"image\":{\"@id\":\"https:\\\/\\\/noticiasmercedinas.com\\\/site\\\/2026\\\/09\\\/02\\\/club-mercedes-cayo-4-1-ante-juventud-unida-en-san-miguel-y-quedo-al-momento-fuera-del-reducido\\\/#primaryimage\"},\"thumbnailUrl\":\"https:\\\/\\\/noticiasmercedinas.com\\\/site\\\/wp-content\\\/uploads\\\/2026\\\/09\\\/ef88559b-cabf-4f74-b464-19c01d5bb8a0.jpg\",\"keywords\":[\"AFA\",\"Club Mercedes\",\"Juventud Unida\",\"Primera C\"],\"articleSection\":[\"Deportes\"],\"inLanguage\":\"es\",\"potentialAction\":[{\"@type\":\"CommentAction\",\"name\":\"Comment\",\"target\":[\"https:\\\/\\\/noticiasmercedinas.com\\\/site\\\/2026\\\/09\\\/02\\\/club-mercedes-cayo-4-1-ante-juventud-unida-en-san-miguel-y-quedo-al-momento-fuera-del-reducido\\\/#respond\"]}]},{\"@type\":\"WebPage\",\"@id\":\"https:\\\/\\\/noticiasmercedinas.com\\\/site\\\/2026\\\/09\\\/02\\\/club-mercedes-cayo-4-1-ante-juventud-unida-en-san-miguel-y-quedo-al-momento-fuera-del-reducido\\\/\",\"url\":\"https:\\\/\\\/noticiasmercedinas.com\\\/site\\\/2026\\\/09\\\/02\\\/club-mercedes-cayo-4-1-ante-juventud-unida-en-san-miguel-y-quedo-al-momento-fuera-del-reducido\\\/\",\"name\":\"Club Mercedes: cay\u00f3 4-1 ante Juventud Unida en San Miguel y qued\u00f3 al momento fuera del Reducido - Noticias Mercedinas\",\"isPartOf\":{\"@id\":\"https:\\\/\\\/noticiasmercedinas.com\\\/site\\\/#website\"},\"primaryImageOfPage\":{\"@id\":\"https:\\\/\\\/noticiasmercedinas.com\\\/site\\\/2026\\\/09\\\/02\\\/club-mercedes-cayo-4-1-ante-juventud-unida-en-san-miguel-y-quedo-al-momento-fuera-del-reducido\\\/#primaryimage\"},\"image\":{\"@id\":\"https:\\\/\\\/noticiasmercedinas.com\\\/site\\\/2026\\\/09\\\/02\\\/club-mercedes-cayo-4-1-ante-juventud-unida-en-san-miguel-y-quedo-al-momento-fuera-del-reducido\\\/#primaryimage\"},\"thumbnailUrl\":\"https:\\\/\\\/noticiasmercedinas.com\\\/site\\\/wp-content\\\/uploads\\\/2026\\\/09\\\/ef88559b-cabf-4f74-b464-19c01d5bb8a0.jpg\",\"datePublished\":\"2026-09-02T21:18:33+00:00\",\"dateModified\":\"2026-09-02T21:59:15+00:00\",\"author\":{\"@id\":\"https:\\\/\\\/noticiasmercedinas.com\\\/site\\\/#\\\/schema\\\/person\\\/b25f2883e4fd6f0be6beadb609baaa59\"},\"breadcrumb\":{\"@id\":\"https:\\\/\\\/noticiasmercedinas.com\\\/site\\\/2026\\\/09\\\/02\\\/club-mercedes-cayo-4-1-ante-juventud-unida-en-san-miguel-y-quedo-al-momento-fuera-del-reducido\\\/#breadcrumb\"},\"inLanguage\":\"es\",\"potentialAction\":[{\"@type\":\"ReadAction\",\"target\":[\"https:\\\/\\\/noticiasmercedinas.com\\\/site\\\/2026\\\/09\\\/02\\\/club-mercedes-cayo-4-1-ante-juventud-unida-en-san-miguel-y-quedo-al-momento-fuera-del-reducido\\\/\"]}]},{\"@type\":\"ImageObject\",\"inLanguage\":\"es\",\"@id\":\"https:\\\/\\\/noticiasmercedinas.com\\\/site\\\/2026\\\/09\\\/02\\\/club-mercedes-cayo-4-1-ante-juventud-unida-en-san-miguel-y-quedo-al-momento-fuera-del-reducido\\\/#primaryimage\",\"url\":\"https:\\\/\\\/noticiasmercedinas.com\\\/site\\\/wp-content\\\/uploads\\\/2026\\\/09\\\/ef88559b-cabf-4f74-b464-19c01d5bb8a0.jpg\",\"contentUrl\":\"https:\\\/\\\/noticiasmercedinas.com\\\/site\\\/wp-content\\\/uploads\\\/2026\\\/09\\\/ef88559b-cabf-4f74-b464-19c01d5bb8a0.jpg\",\"width\":640,\"height\":427},{\"@type\":\"BreadcrumbList\",\"@id\":\"https:\\\/\\\/noticiasmercedinas.com\\\/site\\\/2026\\\/09\\\/02\\\/club-mercedes-cayo-4-1-ante-juventud-unida-en-san-miguel-y-quedo-al-momento-fuera-del-reducido\\\/#breadcrumb\",\"itemListElement\":[{\"@type\":\"ListItem\",\"position\":1,\"name\":\"Portada\",\"item\":\"https:\\\/\\\/noticiasmercedinas.com\\\/site\\\/\"},{\"@type\":\"ListItem\",\"position\":2,\"name\":\"Club Mercedes: cay\u00f3 4-1 ante Juventud Unida en San Miguel y qued\u00f3 al momento fuera del Reducido\"}]},{\"@type\":\"WebSite\",\"@id\":\"https:\\\/\\\/noticiasmercedinas.com\\\/site\\\/#website\",\"url\":\"https:\\\/\\\/noticiasmercedinas.com\\\/site\\\/\",\"name\":\"Noticias Mercedinas\",\"description\":\"\",\"potentialAction\":[{\"@type\":\"SearchAction\",\"target\":{\"@type\":\"EntryPoint\",\"urlTemplate\":\"https:\\\/\\\/noticiasmercedinas.com\\\/site\\\/?s={search_term_string}\"},\"query-input\":{\"@type\":\"PropertyValueSpecification\",\"valueRequired\":true,\"valueName\":\"search_term_string\"}}],\"inLanguage\":\"es\"},{\"@type\":\"Person\",\"@id\":\"https:\\\/\\\/noticiasmercedinas.com\\\/site\\\/#\\\/schema\\\/person\\\/b25f2883e4fd6f0be6beadb609baaa59\",\"name\":\"Juan Dagnino\",\"image\":{\"@type\":\"ImageObject\",\"inLanguage\":\"es\",\"@id\":\"https:\\\/\\\/secure.gravatar.com\\\/avatar\\\/fc7059a769f5a3cae65fadb228a3e4accf3a64b4b2305020d0a27e6d5333c91b?s=96&d=mm&r=g\",\"url\":\"https:\\\/\\\/secure.gravatar.com\\\/avatar\\\/fc7059a769f5a3cae65fadb228a3e4accf3a64b4b2305020d0a27e6d5333c91b?s=96&d=mm&r=g\",\"contentUrl\":\"https:\\\/\\\/secure.gravatar.com\\\/avatar\\\/fc7059a769f5a3cae65fadb228a3e4accf3a64b4b2305020d0a27e6d5333c91b?s=96&d=mm&r=g\",\"caption\":\"Juan Dagnino\"},\"url\":\"https:\\\/\\\/noticiasmercedinas.com\\\/site\\\/author\\\/juandagnino\\\/\"}]}<\/script>\n<!-- \/ Yoast SEO plugin. -->","yoast_head_json":{"title":"Club Mercedes: cay\u00f3 4-1 ante Juventud Unida en San Miguel y qued\u00f3 al momento fuera del Reducido - Noticias Mercedinas","robots":{"index":"index","follow":"follow","max-snippet":"max-snippet:-1","max-image-preview":"max-image-preview:large","max-video-preview":"max-video-preview:-1"},"canonical":"https:\/\/noticiasmercedinas.com\/site\/2026\/09\/02\/club-mercedes-cayo-4-1-ante-juventud-unida-en-san-miguel-y-quedo-al-momento-fuera-del-reducido\/","og_locale":"es_ES","og_type":"article","og_title":"Club Mercedes: cay\u00f3 4-1 ante Juventud Unida en San Miguel y qued\u00f3 al momento fuera del Reducido - Noticias Mercedinas","og_description":"\u25a0 El \"Blanquinegro\" comenz\u00f3 ganando en el tramo final de la fase regular de la Primera C, pero el \"Lobo\" dio vuelta el marcador con una goleada por 4 a 1. El equipo mercedino buscar\u00e1 recuperarse en sus pr\u00f3ximos dos compromisos como local.","og_url":"https:\/\/noticiasmercedinas.com\/site\/2026\/09\/02\/club-mercedes-cayo-4-1-ante-juventud-unida-en-san-miguel-y-quedo-al-momento-fuera-del-reducido\/","og_site_name":"Noticias Mercedinas","article_published_time":"2026-09-02T21:18:33+00:00","article_modified_time":"2026-09-02T21:59:15+00:00","og_image":[{"width":640,"height":427,"url":"https:\/\/noticiasmercedinas.com\/site\/wp-content\/uploads\/2026\/09\/ef88559b-cabf-4f74-b464-19c01d5bb8a0.jpg","type":"image\/jpeg"}],"author":"Juan Dagnino","twitter_card":"summary_large_image","twitter_misc":{"Escrito por":"Juan Dagnino","Tiempo de lectura":"4 minutos"},"schema":{"@context":"https:\/\/schema.org","@graph":[{"@type":"Article","@id":"https:\/\/noticiasmercedinas.com\/site\/2026\/09\/02\/club-mercedes-cayo-4-1-ante-juventud-unida-en-san-miguel-y-quedo-al-momento-fuera-del-reducido\/#article","isPartOf":{"@id":"https:\/\/noticiasmercedinas.com\/site\/2026\/09\/02\/club-mercedes-cayo-4-1-ante-juventud-unida-en-san-miguel-y-quedo-al-momento-fuera-del-reducido\/"},"author":{"name":"Juan Dagnino","@id":"https:\/\/noticiasmercedinas.com\/site\/#\/schema\/person\/b25f2883e4fd6f0be6beadb609baaa59"},"headline":"Club Mercedes: cay\u00f3 4-1 ante Juventud Unida en San Miguel y qued\u00f3 al momento fuera del Reducido","datePublished":"2026-09-02T21:18:33+00:00","dateModified":"2026-09-02T21:59:15+00:00","mainEntityOfPage":{"@id":"https:\/\/noticiasmercedinas.com\/site\/2026\/09\/02\/club-mercedes-cayo-4-1-ante-juventud-unida-en-san-miguel-y-quedo-al-momento-fuera-del-reducido\/"},"wordCount":628,"commentCount":0,"image":{"@id":"https:\/\/noticiasmercedinas.com\/site\/2026\/09\/02\/club-mercedes-cayo-4-1-ante-juventud-unida-en-san-miguel-y-quedo-al-momento-fuera-del-reducido\/#primaryimage"},"thumbnailUrl":"https:\/\/noticiasmercedinas.com\/site\/wp-content\/uploads\/2026\/09\/ef88559b-cabf-4f74-b464-19c01d5bb8a0.jpg","keywords":["AFA","Club Mercedes","Juventud Unida","Primera C"],"articleSection":["Deportes"],"inLanguage":"es","potentialAction":[{"@type":"CommentAction","name":"Comment","target":["https:\/\/noticiasmercedinas.com\/site\/2026\/09\/02\/club-mercedes-cayo-4-1-ante-juventud-unida-en-san-miguel-y-quedo-al-momento-fuera-del-reducido\/#respond"]}]},{"@type":"WebPage","@id":"https:\/\/noticiasmercedinas.com\/site\/2026\/09\/02\/club-mercedes-cayo-4-1-ante-juventud-unida-en-san-miguel-y-quedo-al-momento-fuera-del-reducido\/","url":"https:\/\/noticiasmercedinas.com\/site\/2026\/09\/02\/club-mercedes-cayo-4-1-ante-juventud-unida-en-san-miguel-y-quedo-al-momento-fuera-del-reducido\/","name":"Club Mercedes: cay\u00f3 4-1 ante Juventud Unida en San Miguel y qued\u00f3 al momento fuera del Reducido - Noticias Mercedinas","isPartOf":{"@id":"https:\/\/noticiasmercedinas.com\/site\/#website"},"primaryImageOfPage":{"@id":"https:\/\/noticiasmercedinas.com\/site\/2026\/09\/02\/club-mercedes-cayo-4-1-ante-juventud-unida-en-san-miguel-y-quedo-al-momento-fuera-del-reducido\/#primaryimage"},"image":{"@id":"https:\/\/noticiasmercedinas.com\/site\/2026\/09\/02\/club-mercedes-cayo-4-1-ante-juventud-unida-en-san-miguel-y-quedo-al-momento-fuera-del-reducido\/#primaryimage"},"thumbnailUrl":"https:\/\/noticiasmercedinas.com\/site\/wp-content\/uploads\/2026\/09\/ef88559b-cabf-4f74-b464-19c01d5bb8a0.jpg","datePublished":"2026-09-02T21:18:33+00:00","dateModified":"2026-09-02T21:59:15+00:00","author":{"@id":"https:\/\/noticiasmercedinas.com\/site\/#\/schema\/person\/b25f2883e4fd6f0be6beadb609baaa59"},"breadcrumb":{"@id":"https:\/\/noticiasmercedinas.com\/site\/2026\/09\/02\/club-mercedes-cayo-4-1-ante-juventud-unida-en-san-miguel-y-quedo-al-momento-fuera-del-reducido\/#breadcrumb"},"inLanguage":"es","potentialAction":[{"@type":"ReadAction","target":["https:\/\/noticiasmercedinas.com\/site\/2026\/09\/02\/club-mercedes-cayo-4-1-ante-juventud-unida-en-san-miguel-y-quedo-al-momento-fuera-del-reducido\/"]}]},{"@type":"ImageObject","inLanguage":"es","@id":"https:\/\/noticiasmercedinas.com\/site\/2026\/09\/02\/club-mercedes-cayo-4-1-ante-juventud-unida-en-san-miguel-y-quedo-al-momento-fuera-del-reducido\/#primaryimage","url":"https:\/\/noticiasmercedinas.com\/site\/wp-content\/uploads\/2026\/09\/ef88559b-cabf-4f74-b464-19c01d5bb8a0.jpg","contentUrl":"https:\/\/noticiasmercedinas.com\/site\/wp-content\/uploads\/2026\/09\/ef88559b-cabf-4f74-b464-19c01d5bb8a0.jpg","width":640,"height":427},{"@type":"BreadcrumbList","@id":"https:\/\/noticiasmercedinas.com\/site\/2026\/09\/02\/club-mercedes-cayo-4-1-ante-juventud-unida-en-san-miguel-y-quedo-al-momento-fuera-del-reducido\/#breadcrumb","itemListElement":[{"@type":"ListItem","position":1,"name":"Portada","item":"https:\/\/noticiasmercedinas.com\/site\/"},{"@type":"ListItem","position":2,"name":"Club Mercedes: cay\u00f3 4-1 ante Juventud Unida en San Miguel y qued\u00f3 al momento fuera del Reducido"}]},{"@type":"WebSite","@id":"https:\/\/noticiasmercedinas.com\/site\/#website","url":"https:\/\/noticiasmercedinas.com\/site\/","name":"Noticias Mercedinas","description":"","potentialAction":[{"@type":"SearchAction","target":{"@type":"EntryPoint","urlTemplate":"https:\/\/noticiasmercedinas.com\/site\/?s={search_term_string}"},"query-input":{"@type":"PropertyValueSpecification","valueRequired":true,"valueName":"search_term_string"}}],"inLanguage":"es"},{"@type":"Person","@id":"https:\/\/noticiasmercedinas.com\/site\/#\/schema\/person\/b25f2883e4fd6f0be6beadb609baaa59","name":"Juan Dagnino","image":{"@type":"ImageObject","inLanguage":"es","@id":"https:\/\/secure.gravatar.com\/avatar\/fc7059a769f5a3cae65fadb228a3e4accf3a64b4b2305020d0a27e6d5333c91b?s=96&d=mm&r=g","url":"https:\/\/secure.gravatar.com\/avatar\/fc7059a769f5a3cae65fadb228a3e4accf3a64b4b2305020d0a27e6d5333c91b?s=96&d=mm&r=g","contentUrl":"https:\/\/secure.gravatar.com\/avatar\/fc7059a769f5a3cae65fadb228a3e4accf3a64b4b2305020d0a27e6d5333c91b?s=96&d=mm&r=g","caption":"Juan Dagnino"},"url":"https:\/\/noticiasmercedinas.com\/site\/author\/juandagnino\/"}]}},"_links":{"self":[{"href":"https:\/\/noticiasmercedinas.com\/site\/wp-json\/wp\/v2\/posts\/266","targetHints":{"allow":["GET"]}}],"collection":[{"href":"https:\/\/noticiasmercedinas.com\/site\/wp-json\/wp\/v2\/posts"}],"about":[{"href":"https:\/\/noticiasmercedinas.com\/site\/wp-json\/wp\/v2\/types\/post"}],"author":[{"embeddable":true,"href":"https:\/\/noticiasmercedinas.com\/site\/wp-json\/wp\/v2\/users\/2"}],"replies":[{"embeddable":true,"href":"https:\/\/noticiasmercedinas.com\/site\/wp-json\/wp\/v2\/comments?post=266"}],"version-history":[{"count":2,"href":"https:\/\/noticiasmercedinas.com\/site\/wp-json\/wp\/v2\/posts\/266\/revisions"}],"predecessor-version":[{"id":304,"href":"https:\/\/noticiasmercedinas.com\/site\/wp-json\/wp\/v2\/posts\/266\/revisions\/304"}],"wp:featuredmedia":[{"embeddable":true,"href":"https:\/\/noticiasmercedinas.com\/site\/wp-json\/wp\/v2\/media\/267"}],"wp:attachment":[{"href":"https:\/\/noticiasmercedinas.com\/site\/wp-json\/wp\/v2\/media?parent=266"}],"wp:term":[{"taxonomy":"category","embeddable":true,"href":"https:\/\/noticiasmercedinas.com\/site\/wp-json\/wp\/v2\/categories?post=266"},{"taxonomy":"post_tag","embeddable":true,"href":"https:\/\/noticiasmercedinas.com\/site\/wp-json\/wp\/v2\/tags?post=266"}],"curies":[{"name":"wp","href":"https:\/\/api.w.org\/{rel}","templated":true}]}}