{"id":26613,"date":"2019-08-28T10:04:45","date_gmt":"2019-08-28T13:04:45","guid":{"rendered":"https:\/\/noticiasmercedinas.com\/site\/?p=26613"},"modified":"2019-08-28T10:04:45","modified_gmt":"2019-08-28T13:04:45","slug":"mercedinos-en-seminario-debate-del-partido-comunista-en-rosario","status":"publish","type":"post","link":"https:\/\/noticiasmercedinas.com\/site\/2019\/08\/28\/mercedinos-en-seminario-debate-del-partido-comunista-en-rosario\/","title":{"rendered":"Mercedinos en seminario debate del Partido Comunista en Rosario"},"content":{"rendered":"<p><img loading=\"lazy\" decoding=\"async\" class=\"alignnone size-full wp-image-26614\" src=\"https:\/\/noticiasmercedinas.com\/site\/wp-content\/uploads\/2019\/08\/69524342_2206989852757074_4572195804185362432_n.jpg\" alt=\"\" width=\"960\" height=\"540\" srcset=\"https:\/\/noticiasmercedinas.com\/site\/wp-content\/uploads\/2019\/08\/69524342_2206989852757074_4572195804185362432_n.jpg 960w, https:\/\/noticiasmercedinas.com\/site\/wp-content\/uploads\/2019\/08\/69524342_2206989852757074_4572195804185362432_n-300x169.jpg 300w, https:\/\/noticiasmercedinas.com\/site\/wp-content\/uploads\/2019\/08\/69524342_2206989852757074_4572195804185362432_n-768x432.jpg 768w, https:\/\/noticiasmercedinas.com\/site\/wp-content\/uploads\/2019\/08\/69524342_2206989852757074_4572195804185362432_n-640x360.jpg 640w, https:\/\/noticiasmercedinas.com\/site\/wp-content\/uploads\/2019\/08\/69524342_2206989852757074_4572195804185362432_n-681x383.jpg 681w\" sizes=\"auto, (max-width: 960px) 100vw, 960px\" \/><\/p>\n<p>El \u00faltimo s\u00e1bado 24 de agosto, varios camaradas del Partido Comunista de Mercedes concurrieron a un Seminario Debate que se llev\u00f3 a cabo en la ciudad de Rosario.<\/p>\n<p>\u201cAll\u00ed, los camaradas de INGA nos recibieron y atendieron poniendo a nuestra disposici\u00f3n todo su esfuerzo y trabajo\u201d, coment\u00f3 Pablo Stasiuk, uno de los part\u00edcipes del encuentro al que concurrieron camaradas de todo el pa\u00eds y m\u00e1s de 250 personas, que por primera vez en mucho tiempo, pudieron ser parte activa de una jornada de reflexi\u00f3n y debate.<\/p>\n<p>\u201cSe discuti\u00f3 sobre temas fijados en el programa y se permiti\u00f3 a todos los presentes plantear sus dudas y debates\u201d, remarc\u00f3. \u201cConversando con camaradas y compa\u00f1eros de otros espacios qued\u00f3 evidenciada la avidez de los militantes por participar de \u00e9stos eventos, donde no se baja l\u00ednea desde arriba sino que se hace parte a toda la militancia\u201d, dijo.<\/p>\n<p>\u201cLamentablemente la jornada termin\u00f3 con una patoteada de unos personajes enviados por terceros, pero no les vamos a dar entidad porque no la merecen. El encuentro fue la reafirmaci\u00f3n de la necesidad de recuperar los atributos y las consignas de un partido revolucionario como el nuestro. Pronto nos encontraremos en otra actividad\u201d, adelant\u00f3 e inst\u00f3 a sus camaradas \u201ca juntarnos, a discutir, a organizar y a transformar nuestro partido en una herramienta de lucha contra el sistema\u201d.<\/p>\n<p><img loading=\"lazy\" decoding=\"async\" class=\"alignnone size-full wp-image-26615\" src=\"https:\/\/noticiasmercedinas.com\/site\/wp-content\/uploads\/2019\/08\/69056433_2206989892757070_6238169547644338176_n.jpg\" alt=\"\" width=\"960\" height=\"539\" srcset=\"https:\/\/noticiasmercedinas.com\/site\/wp-content\/uploads\/2019\/08\/69056433_2206989892757070_6238169547644338176_n.jpg 960w, https:\/\/noticiasmercedinas.com\/site\/wp-content\/uploads\/2019\/08\/69056433_2206989892757070_6238169547644338176_n-300x168.jpg 300w, https:\/\/noticiasmercedinas.com\/site\/wp-content\/uploads\/2019\/08\/69056433_2206989892757070_6238169547644338176_n-768x431.jpg 768w, https:\/\/noticiasmercedinas.com\/site\/wp-content\/uploads\/2019\/08\/69056433_2206989892757070_6238169547644338176_n-640x359.jpg 640w, https:\/\/noticiasmercedinas.com\/site\/wp-content\/uploads\/2019\/08\/69056433_2206989892757070_6238169547644338176_n-681x382.jpg 681w\" sizes=\"auto, (max-width: 960px) 100vw, 960px\" \/><\/p>\n","protected":false},"excerpt":{"rendered":"<p>El \u00faltimo s\u00e1bado 24 de agosto, varios camaradas del Partido Comunista de Mercedes concurrieron a un Seminario Debate que se llev\u00f3 a cabo en la ciudad de Rosario. \u201cAll\u00ed, los camaradas de INGA nos recibieron y atendieron poniendo a nuestra disposici\u00f3n todo su esfuerzo y trabajo\u201d, coment\u00f3 Pablo Stasiuk, uno de los part\u00edcipes del encuentro [&hellip;]<\/p>\n","protected":false},"author":16,"featured_media":26615,"comment_status":"open","ping_status":"open","sticky":false,"template":"","format":"standard","meta":{"footnotes":""},"categories":[16],"tags":[6198,1266,1264,2380],"class_list":["post-26613","post","type-post","status-publish","format-standard","has-post-thumbnail","hentry","category-politica","tag-debate","tag-pablo-stasiuk","tag-partido-comunista","tag-rosario"],"yoast_head":"<!-- This site is optimized with the Yoast SEO plugin v27.4 - https:\/\/yoast.com\/product\/yoast-seo-wordpress\/ -->\n<title>Mercedinos en seminario debate del Partido Comunista en Rosario<\/title>\n<meta name=\"robots\" content=\"index, follow, max-snippet:-1, max-image-preview:large, max-video-preview:-1\" \/>\n<link rel=\"canonical\" href=\"https:\/\/noticiasmercedinas.com\/site\/2019\/08\/28\/mercedinos-en-seminario-debate-del-partido-comunista-en-rosario\/\" \/>\n<meta property=\"og:locale\" content=\"es_ES\" \/>\n<meta property=\"og:type\" content=\"article\" \/>\n<meta property=\"og:title\" content=\"Mercedinos en seminario debate del Partido Comunista en Rosario\" \/>\n<meta property=\"og:description\" content=\"El \u00faltimo s\u00e1bado 24 de agosto, varios camaradas del Partido Comunista de Mercedes concurrieron a un Seminario Debate que se llev\u00f3 a cabo en la ciudad de Rosario. \u201cAll\u00ed, los camaradas de INGA nos recibieron y atendieron poniendo a nuestra disposici\u00f3n todo su esfuerzo y trabajo\u201d, coment\u00f3 Pablo Stasiuk, uno de los part\u00edcipes del encuentro [&hellip;]\" \/>\n<meta property=\"og:url\" content=\"https:\/\/noticiasmercedinas.com\/site\/2019\/08\/28\/mercedinos-en-seminario-debate-del-partido-comunista-en-rosario\/\" \/>\n<meta property=\"og:site_name\" content=\"NOTICIASMERCEDINAS.COM\" \/>\n<meta property=\"article:publisher\" content=\"https:\/\/www.facebook.com\/noticiasmercedinas\/\" \/>\n<meta property=\"article:published_time\" content=\"2019-08-28T13:04:45+00:00\" \/>\n<meta property=\"og:image\" content=\"https:\/\/noticiasmercedinas.com\/site\/wp-content\/uploads\/2019\/08\/69056433_2206989892757070_6238169547644338176_n.jpg\" \/>\n\t<meta property=\"og:image:width\" content=\"960\" \/>\n\t<meta property=\"og:image:height\" content=\"539\" \/>\n\t<meta property=\"og:image:type\" content=\"image\/jpeg\" \/>\n<meta name=\"author\" content=\"NOTICIASMERCEDINAS.COM\" \/>\n<meta name=\"twitter:card\" content=\"summary_large_image\" \/>\n<meta name=\"twitter:creator\" content=\"@notmercedinas\" \/>\n<meta name=\"twitter:site\" content=\"@notmercedinas\" \/>\n<meta name=\"twitter:label1\" content=\"Escrito por\" \/>\n\t<meta name=\"twitter:data1\" content=\"NOTICIASMERCEDINAS.COM\" \/>\n\t<meta name=\"twitter:label2\" content=\"Tiempo de lectura\" \/>\n\t<meta name=\"twitter:data2\" content=\"1 minuto\" \/>\n<script type=\"application\/ld+json\" class=\"yoast-schema-graph\">{\"@context\":\"https:\\\/\\\/schema.org\",\"@graph\":[{\"@type\":\"Article\",\"@id\":\"https:\\\/\\\/noticiasmercedinas.com\\\/site\\\/2019\\\/08\\\/28\\\/mercedinos-en-seminario-debate-del-partido-comunista-en-rosario\\\/#article\",\"isPartOf\":{\"@id\":\"https:\\\/\\\/noticiasmercedinas.com\\\/site\\\/2019\\\/08\\\/28\\\/mercedinos-en-seminario-debate-del-partido-comunista-en-rosario\\\/\"},\"author\":{\"name\":\"NOTICIASMERCEDINAS.COM\",\"@id\":\"https:\\\/\\\/noticiasmercedinas.com\\\/site\\\/#\\\/schema\\\/person\\\/84b59c099c28ff2e8b77d4ceec5d8063\"},\"headline\":\"Mercedinos en seminario debate del Partido Comunista en Rosario\",\"datePublished\":\"2019-08-28T13:04:45+00:00\",\"mainEntityOfPage\":{\"@id\":\"https:\\\/\\\/noticiasmercedinas.com\\\/site\\\/2019\\\/08\\\/28\\\/mercedinos-en-seminario-debate-del-partido-comunista-en-rosario\\\/\"},\"wordCount\":237,\"commentCount\":1,\"publisher\":{\"@id\":\"https:\\\/\\\/noticiasmercedinas.com\\\/site\\\/#organization\"},\"image\":{\"@id\":\"https:\\\/\\\/noticiasmercedinas.com\\\/site\\\/2019\\\/08\\\/28\\\/mercedinos-en-seminario-debate-del-partido-comunista-en-rosario\\\/#primaryimage\"},\"thumbnailUrl\":\"https:\\\/\\\/noticiasmercedinas.com\\\/site\\\/wp-content\\\/uploads\\\/2019\\\/08\\\/69056433_2206989892757070_6238169547644338176_n.jpg\",\"keywords\":[\"debate\",\"pablo stasiuk\",\"partido comunista\",\"rosario\"],\"articleSection\":[\"Politica\"],\"inLanguage\":\"es\",\"potentialAction\":[{\"@type\":\"CommentAction\",\"name\":\"Comment\",\"target\":[\"https:\\\/\\\/noticiasmercedinas.com\\\/site\\\/2019\\\/08\\\/28\\\/mercedinos-en-seminario-debate-del-partido-comunista-en-rosario\\\/#respond\"]}]},{\"@type\":\"WebPage\",\"@id\":\"https:\\\/\\\/noticiasmercedinas.com\\\/site\\\/2019\\\/08\\\/28\\\/mercedinos-en-seminario-debate-del-partido-comunista-en-rosario\\\/\",\"url\":\"https:\\\/\\\/noticiasmercedinas.com\\\/site\\\/2019\\\/08\\\/28\\\/mercedinos-en-seminario-debate-del-partido-comunista-en-rosario\\\/\",\"name\":\"Mercedinos en seminario debate del Partido Comunista en Rosario\",\"isPartOf\":{\"@id\":\"https:\\\/\\\/noticiasmercedinas.com\\\/site\\\/#website\"},\"primaryImageOfPage\":{\"@id\":\"https:\\\/\\\/noticiasmercedinas.com\\\/site\\\/2019\\\/08\\\/28\\\/mercedinos-en-seminario-debate-del-partido-comunista-en-rosario\\\/#primaryimage\"},\"image\":{\"@id\":\"https:\\\/\\\/noticiasmercedinas.com\\\/site\\\/2019\\\/08\\\/28\\\/mercedinos-en-seminario-debate-del-partido-comunista-en-rosario\\\/#primaryimage\"},\"thumbnailUrl\":\"https:\\\/\\\/noticiasmercedinas.com\\\/site\\\/wp-content\\\/uploads\\\/2019\\\/08\\\/69056433_2206989892757070_6238169547644338176_n.jpg\",\"datePublished\":\"2019-08-28T13:04:45+00:00\",\"breadcrumb\":{\"@id\":\"https:\\\/\\\/noticiasmercedinas.com\\\/site\\\/2019\\\/08\\\/28\\\/mercedinos-en-seminario-debate-del-partido-comunista-en-rosario\\\/#breadcrumb\"},\"inLanguage\":\"es\",\"potentialAction\":[{\"@type\":\"ReadAction\",\"target\":[\"https:\\\/\\\/noticiasmercedinas.com\\\/site\\\/2019\\\/08\\\/28\\\/mercedinos-en-seminario-debate-del-partido-comunista-en-rosario\\\/\"]}]},{\"@type\":\"ImageObject\",\"inLanguage\":\"es\",\"@id\":\"https:\\\/\\\/noticiasmercedinas.com\\\/site\\\/2019\\\/08\\\/28\\\/mercedinos-en-seminario-debate-del-partido-comunista-en-rosario\\\/#primaryimage\",\"url\":\"https:\\\/\\\/noticiasmercedinas.com\\\/site\\\/wp-content\\\/uploads\\\/2019\\\/08\\\/69056433_2206989892757070_6238169547644338176_n.jpg\",\"contentUrl\":\"https:\\\/\\\/noticiasmercedinas.com\\\/site\\\/wp-content\\\/uploads\\\/2019\\\/08\\\/69056433_2206989892757070_6238169547644338176_n.jpg\",\"width\":960,\"height\":539},{\"@type\":\"BreadcrumbList\",\"@id\":\"https:\\\/\\\/noticiasmercedinas.com\\\/site\\\/2019\\\/08\\\/28\\\/mercedinos-en-seminario-debate-del-partido-comunista-en-rosario\\\/#breadcrumb\",\"itemListElement\":[{\"@type\":\"ListItem\",\"position\":1,\"name\":\"Portada\",\"item\":\"https:\\\/\\\/noticiasmercedinas.com\\\/site\\\/\"},{\"@type\":\"ListItem\",\"position\":2,\"name\":\"Mercedinos en seminario debate del Partido Comunista en Rosario\"}]},{\"@type\":\"WebSite\",\"@id\":\"https:\\\/\\\/noticiasmercedinas.com\\\/site\\\/#website\",\"url\":\"https:\\\/\\\/noticiasmercedinas.com\\\/site\\\/\",\"name\":\"NOTICIASMERCEDINAS.COM\",\"description\":\"Mercedes, Buenos Aires, Argentina\",\"publisher\":{\"@id\":\"https:\\\/\\\/noticiasmercedinas.com\\\/site\\\/#organization\"},\"potentialAction\":[{\"@type\":\"SearchAction\",\"target\":{\"@type\":\"EntryPoint\",\"urlTemplate\":\"https:\\\/\\\/noticiasmercedinas.com\\\/site\\\/?s={search_term_string}\"},\"query-input\":{\"@type\":\"PropertyValueSpecification\",\"valueRequired\":true,\"valueName\":\"search_term_string\"}}],\"inLanguage\":\"es\"},{\"@type\":\"Organization\",\"@id\":\"https:\\\/\\\/noticiasmercedinas.com\\\/site\\\/#organization\",\"name\":\"NOTICIASMERCEDINAS.COM\",\"url\":\"https:\\\/\\\/noticiasmercedinas.com\\\/site\\\/\",\"logo\":{\"@type\":\"ImageObject\",\"inLanguage\":\"es\",\"@id\":\"https:\\\/\\\/noticiasmercedinas.com\\\/site\\\/#\\\/schema\\\/logo\\\/image\\\/\",\"url\":\"https:\\\/\\\/noticiasmercedinas.com\\\/site\\\/wp-content\\\/uploads\\\/2020\\\/06\\\/LOGO-512.jpg\",\"contentUrl\":\"https:\\\/\\\/noticiasmercedinas.com\\\/site\\\/wp-content\\\/uploads\\\/2020\\\/06\\\/LOGO-512.jpg\",\"width\":512,\"height\":512,\"caption\":\"NOTICIASMERCEDINAS.COM\"},\"image\":{\"@id\":\"https:\\\/\\\/noticiasmercedinas.com\\\/site\\\/#\\\/schema\\\/logo\\\/image\\\/\"},\"sameAs\":[\"https:\\\/\\\/www.facebook.com\\\/noticiasmercedinas\\\/\",\"https:\\\/\\\/x.com\\\/notmercedinas\",\"https:\\\/\\\/www.instagram.com\\\/noticiasmercedinas\\\/\"]},{\"@type\":\"Person\",\"@id\":\"https:\\\/\\\/noticiasmercedinas.com\\\/site\\\/#\\\/schema\\\/person\\\/84b59c099c28ff2e8b77d4ceec5d8063\",\"name\":\"NOTICIASMERCEDINAS.COM\",\"image\":{\"@type\":\"ImageObject\",\"inLanguage\":\"es\",\"@id\":\"https:\\\/\\\/secure.gravatar.com\\\/avatar\\\/4dfbf16b4d17945bfb6341b2d19043457132fcf478a5ee04f42e959fd8f5df0a?s=96&d=mm&r=g\",\"url\":\"https:\\\/\\\/secure.gravatar.com\\\/avatar\\\/4dfbf16b4d17945bfb6341b2d19043457132fcf478a5ee04f42e959fd8f5df0a?s=96&d=mm&r=g\",\"contentUrl\":\"https:\\\/\\\/secure.gravatar.com\\\/avatar\\\/4dfbf16b4d17945bfb6341b2d19043457132fcf478a5ee04f42e959fd8f5df0a?s=96&d=mm&r=g\",\"caption\":\"NOTICIASMERCEDINAS.COM\"},\"url\":\"https:\\\/\\\/noticiasmercedinas.com\\\/site\\\/author\\\/anonimo\\\/\"}]}<\/script>\n<!-- \/ Yoast SEO plugin. -->","yoast_head_json":{"title":"Mercedinos en seminario debate del Partido Comunista en Rosario","robots":{"index":"index","follow":"follow","max-snippet":"max-snippet:-1","max-image-preview":"max-image-preview:large","max-video-preview":"max-video-preview:-1"},"canonical":"https:\/\/noticiasmercedinas.com\/site\/2019\/08\/28\/mercedinos-en-seminario-debate-del-partido-comunista-en-rosario\/","og_locale":"es_ES","og_type":"article","og_title":"Mercedinos en seminario debate del Partido Comunista en Rosario","og_description":"El \u00faltimo s\u00e1bado 24 de agosto, varios camaradas del Partido Comunista de Mercedes concurrieron a un Seminario Debate que se llev\u00f3 a cabo en la ciudad de Rosario. \u201cAll\u00ed, los camaradas de INGA nos recibieron y atendieron poniendo a nuestra disposici\u00f3n todo su esfuerzo y trabajo\u201d, coment\u00f3 Pablo Stasiuk, uno de los part\u00edcipes del encuentro [&hellip;]","og_url":"https:\/\/noticiasmercedinas.com\/site\/2019\/08\/28\/mercedinos-en-seminario-debate-del-partido-comunista-en-rosario\/","og_site_name":"NOTICIASMERCEDINAS.COM","article_publisher":"https:\/\/www.facebook.com\/noticiasmercedinas\/","article_published_time":"2019-08-28T13:04:45+00:00","og_image":[{"width":960,"height":539,"url":"https:\/\/noticiasmercedinas.com\/site\/wp-content\/uploads\/2019\/08\/69056433_2206989892757070_6238169547644338176_n.jpg","type":"image\/jpeg"}],"author":"NOTICIASMERCEDINAS.COM","twitter_card":"summary_large_image","twitter_creator":"@notmercedinas","twitter_site":"@notmercedinas","twitter_misc":{"Escrito por":"NOTICIASMERCEDINAS.COM","Tiempo de lectura":"1 minuto"},"schema":{"@context":"https:\/\/schema.org","@graph":[{"@type":"Article","@id":"https:\/\/noticiasmercedinas.com\/site\/2019\/08\/28\/mercedinos-en-seminario-debate-del-partido-comunista-en-rosario\/#article","isPartOf":{"@id":"https:\/\/noticiasmercedinas.com\/site\/2019\/08\/28\/mercedinos-en-seminario-debate-del-partido-comunista-en-rosario\/"},"author":{"name":"NOTICIASMERCEDINAS.COM","@id":"https:\/\/noticiasmercedinas.com\/site\/#\/schema\/person\/84b59c099c28ff2e8b77d4ceec5d8063"},"headline":"Mercedinos en seminario debate del Partido Comunista en Rosario","datePublished":"2019-08-28T13:04:45+00:00","mainEntityOfPage":{"@id":"https:\/\/noticiasmercedinas.com\/site\/2019\/08\/28\/mercedinos-en-seminario-debate-del-partido-comunista-en-rosario\/"},"wordCount":237,"commentCount":1,"publisher":{"@id":"https:\/\/noticiasmercedinas.com\/site\/#organization"},"image":{"@id":"https:\/\/noticiasmercedinas.com\/site\/2019\/08\/28\/mercedinos-en-seminario-debate-del-partido-comunista-en-rosario\/#primaryimage"},"thumbnailUrl":"https:\/\/noticiasmercedinas.com\/site\/wp-content\/uploads\/2019\/08\/69056433_2206989892757070_6238169547644338176_n.jpg","keywords":["debate","pablo stasiuk","partido comunista","rosario"],"articleSection":["Politica"],"inLanguage":"es","potentialAction":[{"@type":"CommentAction","name":"Comment","target":["https:\/\/noticiasmercedinas.com\/site\/2019\/08\/28\/mercedinos-en-seminario-debate-del-partido-comunista-en-rosario\/#respond"]}]},{"@type":"WebPage","@id":"https:\/\/noticiasmercedinas.com\/site\/2019\/08\/28\/mercedinos-en-seminario-debate-del-partido-comunista-en-rosario\/","url":"https:\/\/noticiasmercedinas.com\/site\/2019\/08\/28\/mercedinos-en-seminario-debate-del-partido-comunista-en-rosario\/","name":"Mercedinos en seminario debate del Partido Comunista en Rosario","isPartOf":{"@id":"https:\/\/noticiasmercedinas.com\/site\/#website"},"primaryImageOfPage":{"@id":"https:\/\/noticiasmercedinas.com\/site\/2019\/08\/28\/mercedinos-en-seminario-debate-del-partido-comunista-en-rosario\/#primaryimage"},"image":{"@id":"https:\/\/noticiasmercedinas.com\/site\/2019\/08\/28\/mercedinos-en-seminario-debate-del-partido-comunista-en-rosario\/#primaryimage"},"thumbnailUrl":"https:\/\/noticiasmercedinas.com\/site\/wp-content\/uploads\/2019\/08\/69056433_2206989892757070_6238169547644338176_n.jpg","datePublished":"2019-08-28T13:04:45+00:00","breadcrumb":{"@id":"https:\/\/noticiasmercedinas.com\/site\/2019\/08\/28\/mercedinos-en-seminario-debate-del-partido-comunista-en-rosario\/#breadcrumb"},"inLanguage":"es","potentialAction":[{"@type":"ReadAction","target":["https:\/\/noticiasmercedinas.com\/site\/2019\/08\/28\/mercedinos-en-seminario-debate-del-partido-comunista-en-rosario\/"]}]},{"@type":"ImageObject","inLanguage":"es","@id":"https:\/\/noticiasmercedinas.com\/site\/2019\/08\/28\/mercedinos-en-seminario-debate-del-partido-comunista-en-rosario\/#primaryimage","url":"https:\/\/noticiasmercedinas.com\/site\/wp-content\/uploads\/2019\/08\/69056433_2206989892757070_6238169547644338176_n.jpg","contentUrl":"https:\/\/noticiasmercedinas.com\/site\/wp-content\/uploads\/2019\/08\/69056433_2206989892757070_6238169547644338176_n.jpg","width":960,"height":539},{"@type":"BreadcrumbList","@id":"https:\/\/noticiasmercedinas.com\/site\/2019\/08\/28\/mercedinos-en-seminario-debate-del-partido-comunista-en-rosario\/#breadcrumb","itemListElement":[{"@type":"ListItem","position":1,"name":"Portada","item":"https:\/\/noticiasmercedinas.com\/site\/"},{"@type":"ListItem","position":2,"name":"Mercedinos en seminario debate del Partido Comunista en Rosario"}]},{"@type":"WebSite","@id":"https:\/\/noticiasmercedinas.com\/site\/#website","url":"https:\/\/noticiasmercedinas.com\/site\/","name":"NOTICIASMERCEDINAS.COM","description":"Mercedes, Buenos Aires, Argentina","publisher":{"@id":"https:\/\/noticiasmercedinas.com\/site\/#organization"},"potentialAction":[{"@type":"SearchAction","target":{"@type":"EntryPoint","urlTemplate":"https:\/\/noticiasmercedinas.com\/site\/?s={search_term_string}"},"query-input":{"@type":"PropertyValueSpecification","valueRequired":true,"valueName":"search_term_string"}}],"inLanguage":"es"},{"@type":"Organization","@id":"https:\/\/noticiasmercedinas.com\/site\/#organization","name":"NOTICIASMERCEDINAS.COM","url":"https:\/\/noticiasmercedinas.com\/site\/","logo":{"@type":"ImageObject","inLanguage":"es","@id":"https:\/\/noticiasmercedinas.com\/site\/#\/schema\/logo\/image\/","url":"https:\/\/noticiasmercedinas.com\/site\/wp-content\/uploads\/2020\/06\/LOGO-512.jpg","contentUrl":"https:\/\/noticiasmercedinas.com\/site\/wp-content\/uploads\/2020\/06\/LOGO-512.jpg","width":512,"height":512,"caption":"NOTICIASMERCEDINAS.COM"},"image":{"@id":"https:\/\/noticiasmercedinas.com\/site\/#\/schema\/logo\/image\/"},"sameAs":["https:\/\/www.facebook.com\/noticiasmercedinas\/","https:\/\/x.com\/notmercedinas","https:\/\/www.instagram.com\/noticiasmercedinas\/"]},{"@type":"Person","@id":"https:\/\/noticiasmercedinas.com\/site\/#\/schema\/person\/84b59c099c28ff2e8b77d4ceec5d8063","name":"NOTICIASMERCEDINAS.COM","image":{"@type":"ImageObject","inLanguage":"es","@id":"https:\/\/secure.gravatar.com\/avatar\/4dfbf16b4d17945bfb6341b2d19043457132fcf478a5ee04f42e959fd8f5df0a?s=96&d=mm&r=g","url":"https:\/\/secure.gravatar.com\/avatar\/4dfbf16b4d17945bfb6341b2d19043457132fcf478a5ee04f42e959fd8f5df0a?s=96&d=mm&r=g","contentUrl":"https:\/\/secure.gravatar.com\/avatar\/4dfbf16b4d17945bfb6341b2d19043457132fcf478a5ee04f42e959fd8f5df0a?s=96&d=mm&r=g","caption":"NOTICIASMERCEDINAS.COM"},"url":"https:\/\/noticiasmercedinas.com\/site\/author\/anonimo\/"}]}},"amp_enabled":true,"_links":{"self":[{"href":"https:\/\/noticiasmercedinas.com\/site\/wp-json\/wp\/v2\/posts\/26613","targetHints":{"allow":["GET"]}}],"collection":[{"href":"https:\/\/noticiasmercedinas.com\/site\/wp-json\/wp\/v2\/posts"}],"about":[{"href":"https:\/\/noticiasmercedinas.com\/site\/wp-json\/wp\/v2\/types\/post"}],"author":[{"embeddable":true,"href":"https:\/\/noticiasmercedinas.com\/site\/wp-json\/wp\/v2\/users\/16"}],"replies":[{"embeddable":true,"href":"https:\/\/noticiasmercedinas.com\/site\/wp-json\/wp\/v2\/comments?post=26613"}],"version-history":[{"count":1,"href":"https:\/\/noticiasmercedinas.com\/site\/wp-json\/wp\/v2\/posts\/26613\/revisions"}],"predecessor-version":[{"id":26616,"href":"https:\/\/noticiasmercedinas.com\/site\/wp-json\/wp\/v2\/posts\/26613\/revisions\/26616"}],"wp:featuredmedia":[{"embeddable":true,"href":"https:\/\/noticiasmercedinas.com\/site\/wp-json\/wp\/v2\/media\/26615"}],"wp:attachment":[{"href":"https:\/\/noticiasmercedinas.com\/site\/wp-json\/wp\/v2\/media?parent=26613"}],"wp:term":[{"taxonomy":"category","embeddable":true,"href":"https:\/\/noticiasmercedinas.com\/site\/wp-json\/wp\/v2\/categories?post=26613"},{"taxonomy":"post_tag","embeddable":true,"href":"https:\/\/noticiasmercedinas.com\/site\/wp-json\/wp\/v2\/tags?post=26613"}],"curies":[{"name":"wp","href":"https:\/\/api.w.org\/{rel}","templated":true}]}}