{"id":26672,"date":"2019-08-29T09:10:32","date_gmt":"2019-08-29T12:10:32","guid":{"rendered":"https:\/\/noticiasmercedinas.com\/site\/?p=26672"},"modified":"2019-08-29T09:10:32","modified_gmt":"2019-08-29T12:10:32","slug":"limpieza-de-pluviales-y-zanjeos-en-avenida-1-y-12-bis","status":"publish","type":"post","link":"https:\/\/noticiasmercedinas.com\/site\/2019\/08\/29\/limpieza-de-pluviales-y-zanjeos-en-avenida-1-y-12-bis\/","title":{"rendered":"Limpieza de pluviales y zanjeos en avenida 1 y 12 bis"},"content":{"rendered":"\r\n                <style type=\"text\/css\">\r\n                    \r\n                    #td_uid_1_69f46f52da758  .td-doubleSlider-2 .td-item1 {\r\n                        background: url(https:\/\/noticiasmercedinas.com\/site\/wp-content\/uploads\/2019\/08\/Pluvial-6-160x120.jpeg) 0 0 no-repeat;\r\n                    }\r\n                    #td_uid_1_69f46f52da758  .td-doubleSlider-2 .td-item2 {\r\n                        background: url(https:\/\/noticiasmercedinas.com\/site\/wp-content\/uploads\/2019\/08\/Pluvial-1-160x120.jpeg) 0 0 no-repeat;\r\n                    }\r\n                    #td_uid_1_69f46f52da758  .td-doubleSlider-2 .td-item3 {\r\n                        background: url(https:\/\/noticiasmercedinas.com\/site\/wp-content\/uploads\/2019\/08\/Pluvial-5-160x120.jpeg) 0 0 no-repeat;\r\n                    }\r\n                    #td_uid_1_69f46f52da758  .td-doubleSlider-2 .td-item4 {\r\n                        background: url(https:\/\/noticiasmercedinas.com\/site\/wp-content\/uploads\/2019\/08\/Pluvial-3-160x120.jpeg) 0 0 no-repeat;\r\n                    }\r\n                <\/style>\r\n\r\n                <div id=\"td_uid_1_69f46f52da758\" class=\"td-gallery td-slide-on-2-columns\">\r\n                    <div class=\"post_td_gallery\">\r\n                        <div class=\"td-gallery-slide-top\">\r\n                           <div class=\"td-gallery-title\"><\/div>\r\n\r\n                            <div class=\"td-gallery-controls-wrapper\">\r\n                                <div class=\"td-gallery-slide-count\"><span class=\"td-gallery-slide-item-focus\">1<\/span> de 4<\/div>\r\n                                <div class=\"td-gallery-slide-prev-next-but\">\r\n                                    <i class = \"td-icon-left doubleSliderPrevButton\"><\/i>\r\n                                    <i class = \"td-icon-right doubleSliderNextButton\"><\/i>\r\n                                <\/div>\r\n                            <\/div>\r\n                        <\/div>\r\n\r\n                        <div class = \"td-doubleSlider-1 \">\r\n                            <div class = \"td-slider\">\r\n                                \r\n                    <div class = \"td-slide-item td-item1\">\r\n                        <figure class=\"td-slide-galery-figure td-slide-popup-gallery\">\r\n                            <a class=\"slide-gallery-image-link\" href=\"https:\/\/noticiasmercedinas.com\/site\/wp-content\/uploads\/2019\/08\/Pluvial-6.jpeg\" title=\"Pluvial (6)\"  data-caption=\"\"  data-description=\"\">\r\n                                <img decoding=\"async\" src=\"https:\/\/noticiasmercedinas.com\/site\/wp-content\/uploads\/2019\/08\/Pluvial-6.jpeg\" srcset=\"https:\/\/noticiasmercedinas.com\/site\/wp-content\/uploads\/2019\/08\/Pluvial-6.jpeg 1032w, https:\/\/noticiasmercedinas.com\/site\/wp-content\/uploads\/2019\/08\/Pluvial-6-300x169.jpeg 300w, https:\/\/noticiasmercedinas.com\/site\/wp-content\/uploads\/2019\/08\/Pluvial-6-768x432.jpeg 768w, https:\/\/noticiasmercedinas.com\/site\/wp-content\/uploads\/2019\/08\/Pluvial-6-1024x576.jpeg 1024w, https:\/\/noticiasmercedinas.com\/site\/wp-content\/uploads\/2019\/08\/Pluvial-6-640x360.jpeg 640w, https:\/\/noticiasmercedinas.com\/site\/wp-content\/uploads\/2019\/08\/Pluvial-6-681x383.jpeg 681w\" sizes=\"(max-width: 1032px) 100vw, 1032px\" alt=\"\">\r\n                            <\/a>\r\n                            \r\n                        <\/figure>\r\n                    <\/div>\r\n                    <div class = \"td-slide-item td-item2\">\r\n                        <figure class=\"td-slide-galery-figure td-slide-popup-gallery\">\r\n                            <a class=\"slide-gallery-image-link\" href=\"https:\/\/noticiasmercedinas.com\/site\/wp-content\/uploads\/2019\/08\/Pluvial-1.jpeg\" title=\"Pluvial (1)\"  data-caption=\"\"  data-description=\"\">\r\n                                <img decoding=\"async\" src=\"https:\/\/noticiasmercedinas.com\/site\/wp-content\/uploads\/2019\/08\/Pluvial-1.jpeg\" srcset=\"https:\/\/noticiasmercedinas.com\/site\/wp-content\/uploads\/2019\/08\/Pluvial-1.jpeg 1032w, https:\/\/noticiasmercedinas.com\/site\/wp-content\/uploads\/2019\/08\/Pluvial-1-300x169.jpeg 300w, https:\/\/noticiasmercedinas.com\/site\/wp-content\/uploads\/2019\/08\/Pluvial-1-768x432.jpeg 768w, https:\/\/noticiasmercedinas.com\/site\/wp-content\/uploads\/2019\/08\/Pluvial-1-1024x576.jpeg 1024w, https:\/\/noticiasmercedinas.com\/site\/wp-content\/uploads\/2019\/08\/Pluvial-1-640x360.jpeg 640w, https:\/\/noticiasmercedinas.com\/site\/wp-content\/uploads\/2019\/08\/Pluvial-1-681x383.jpeg 681w\" sizes=\"(max-width: 1032px) 100vw, 1032px\" alt=\"\">\r\n                            <\/a>\r\n                            \r\n                        <\/figure>\r\n                    <\/div>\r\n                    <div class = \"td-slide-item td-item3\">\r\n                        <figure class=\"td-slide-galery-figure td-slide-popup-gallery\">\r\n                            <a class=\"slide-gallery-image-link\" href=\"https:\/\/noticiasmercedinas.com\/site\/wp-content\/uploads\/2019\/08\/Pluvial-5.jpeg\" title=\"Pluvial (5)\"  data-caption=\"\"  data-description=\"\">\r\n                                <img decoding=\"async\" src=\"https:\/\/noticiasmercedinas.com\/site\/wp-content\/uploads\/2019\/08\/Pluvial-5.jpeg\" srcset=\"https:\/\/noticiasmercedinas.com\/site\/wp-content\/uploads\/2019\/08\/Pluvial-5.jpeg 1032w, https:\/\/noticiasmercedinas.com\/site\/wp-content\/uploads\/2019\/08\/Pluvial-5-300x169.jpeg 300w, https:\/\/noticiasmercedinas.com\/site\/wp-content\/uploads\/2019\/08\/Pluvial-5-768x432.jpeg 768w, https:\/\/noticiasmercedinas.com\/site\/wp-content\/uploads\/2019\/08\/Pluvial-5-1024x576.jpeg 1024w, https:\/\/noticiasmercedinas.com\/site\/wp-content\/uploads\/2019\/08\/Pluvial-5-640x360.jpeg 640w, https:\/\/noticiasmercedinas.com\/site\/wp-content\/uploads\/2019\/08\/Pluvial-5-681x383.jpeg 681w\" sizes=\"(max-width: 1032px) 100vw, 1032px\" alt=\"\">\r\n                            <\/a>\r\n                            \r\n                        <\/figure>\r\n                    <\/div>\r\n                    <div class = \"td-slide-item td-item4\">\r\n                        <figure class=\"td-slide-galery-figure td-slide-popup-gallery\">\r\n                            <a class=\"slide-gallery-image-link\" href=\"https:\/\/noticiasmercedinas.com\/site\/wp-content\/uploads\/2019\/08\/Pluvial-3.jpeg\" title=\"Pluvial (3)\"  data-caption=\"\"  data-description=\"\">\r\n                                <img decoding=\"async\" src=\"https:\/\/noticiasmercedinas.com\/site\/wp-content\/uploads\/2019\/08\/Pluvial-3.jpeg\" srcset=\"https:\/\/noticiasmercedinas.com\/site\/wp-content\/uploads\/2019\/08\/Pluvial-3.jpeg 1032w, https:\/\/noticiasmercedinas.com\/site\/wp-content\/uploads\/2019\/08\/Pluvial-3-300x169.jpeg 300w, https:\/\/noticiasmercedinas.com\/site\/wp-content\/uploads\/2019\/08\/Pluvial-3-768x432.jpeg 768w, https:\/\/noticiasmercedinas.com\/site\/wp-content\/uploads\/2019\/08\/Pluvial-3-1024x576.jpeg 1024w, https:\/\/noticiasmercedinas.com\/site\/wp-content\/uploads\/2019\/08\/Pluvial-3-640x360.jpeg 640w, https:\/\/noticiasmercedinas.com\/site\/wp-content\/uploads\/2019\/08\/Pluvial-3-681x383.jpeg 681w\" sizes=\"(max-width: 1032px) 100vw, 1032px\" alt=\"\">\r\n                            <\/a>\r\n                            \r\n                        <\/figure>\r\n                    <\/div>\r\n                            <\/div>\r\n                        <\/div>\r\n\r\n                        <div class = \"td-doubleSlider-2\">\r\n                            <div class = \"td-slider\">\r\n                                \r\n                    <div class = \"td-button td-item1\">\r\n                        <div class = \"td-border\"><\/div>\r\n                    <\/div>\r\n                    <div class = \"td-button td-item2\">\r\n                        <div class = \"td-border\"><\/div>\r\n                    <\/div>\r\n                    <div class = \"td-button td-item3\">\r\n                        <div class = \"td-border\"><\/div>\r\n                    <\/div>\r\n                    <div class = \"td-button td-item4\">\r\n                        <div class = \"td-border\"><\/div>\r\n                    <\/div>\r\n                            <\/div>\r\n                        <\/div>\r\n\r\n                    <\/div>\r\n\r\n                <\/div>\r\n                \n<p>El Municipio de Mercedes contin\u00faa solucionando las diferentes problem\u00e1ticas que se producen en la ciudad, en esta ocasi\u00f3n la maquinaria y trabajadores comunales se encuentran realizando la limpieza de los pluviales y zanjeo en la zona de calle 1 y 12 bis.<\/p>\n<p>Estas labores optimizar\u00e1n de forma r\u00e1pida y efectiva los sistemas de desag\u00fce. Y se suman a distintas obras, como las de calle 47 en t\u00e9rminos de cloacas y en los barrios con el zanjeo.<\/p>\n<p>De esta manera, y desde diferentes \u00e1reas de la comuna se trabaja de manera conjunta en la limpieza de desag\u00fces a cielo abierto, recambio de tubos de alcantarillado, limpieza de bocas de tormenta y mantenimiento de las bombas en las estaciones de bombeo para mejorar los est\u00e1ndares de calidad para minimizar riesgos h\u00eddricos.<\/p>\n<p>En ese sentido, Mat\u00edas Dematei, Jefe de Gabinete, explic\u00f3 que \u201cese es un lugar donde solemos tener inconvenientes los d\u00edas de lluvia donde el agua no se escurr\u00eda\u201d y agreg\u00f3 que \u201ctoda esta zona ha crecido de manera exponencial lo que produce ciertos problemas viales y pluviales, por ese motivo, con estas obras permitimos solucionar esta problem\u00e1tica y sumamos mayor calidad de vida a los vecinos\u201d.<\/p>\n<p>\u201cNuestra idea de trabajo es estar en contacto directo con los vecinos, donde a partir de all\u00ed y por decisi\u00f3n del intendente Ustarroz el municipio apunta a generar respuestas r\u00e1pidas y efectivas para trabajos que incluyen el mejoramiento de calles, colocaci\u00f3n de piedras, reparaciones de luminarias, desag\u00fces pluviales, zanjeos, limpieza integral y desmalezado de espacios verdes\u201d, subray\u00f3 Mat\u00edas Dematei.<\/p>\n","protected":false},"excerpt":{"rendered":"<p>El Municipio de Mercedes contin\u00faa solucionando las diferentes problem\u00e1ticas que se producen en la ciudad, en esta ocasi\u00f3n la maquinaria y trabajadores comunales se encuentran realizando la limpieza de los pluviales y zanjeo en la zona de calle 1 y 12 bis. Estas labores optimizar\u00e1n de forma r\u00e1pida y efectiva los sistemas de desag\u00fce. Y [&hellip;]<\/p>\n","protected":false},"author":16,"featured_media":26675,"comment_status":"open","ping_status":"open","sticky":false,"template":"","format":"standard","meta":{"footnotes":""},"categories":[3],"tags":[3185,515,36,1433,1176],"class_list":["post-26672","post","type-post","status-publish","format-standard","has-post-thumbnail","hentry","category-sociedad","tag-limpieza","tag-matias-dematei","tag-obras","tag-pluviales","tag-zanjeo"],"yoast_head":"<!-- This site is optimized with the Yoast SEO plugin v27.5 - https:\/\/yoast.com\/product\/yoast-seo-wordpress\/ -->\n<title>Limpieza de pluviales y zanjeos en avenida 1 y 12 bis<\/title>\n<meta name=\"robots\" content=\"index, follow, max-snippet:-1, max-image-preview:large, max-video-preview:-1\" \/>\n<link rel=\"canonical\" href=\"https:\/\/noticiasmercedinas.com\/site\/2019\/08\/29\/limpieza-de-pluviales-y-zanjeos-en-avenida-1-y-12-bis\/\" \/>\n<meta property=\"og:locale\" content=\"es_ES\" \/>\n<meta property=\"og:type\" content=\"article\" \/>\n<meta property=\"og:title\" content=\"Limpieza de pluviales y zanjeos en avenida 1 y 12 bis\" \/>\n<meta property=\"og:description\" content=\"El Municipio de Mercedes contin\u00faa solucionando las diferentes problem\u00e1ticas que se producen en la ciudad, en esta ocasi\u00f3n la maquinaria y trabajadores comunales se encuentran realizando la limpieza de los pluviales y zanjeo en la zona de calle 1 y 12 bis. Estas labores optimizar\u00e1n de forma r\u00e1pida y efectiva los sistemas de desag\u00fce. Y [&hellip;]\" \/>\n<meta property=\"og:url\" content=\"https:\/\/noticiasmercedinas.com\/site\/2019\/08\/29\/limpieza-de-pluviales-y-zanjeos-en-avenida-1-y-12-bis\/\" \/>\n<meta property=\"og:site_name\" content=\"NOTICIASMERCEDINAS.COM\" \/>\n<meta property=\"article:publisher\" content=\"https:\/\/www.facebook.com\/noticiasmercedinas\/\" \/>\n<meta property=\"article:published_time\" content=\"2019-08-29T12:10:32+00:00\" \/>\n<meta property=\"og:image\" content=\"https:\/\/noticiasmercedinas.com\/site\/wp-content\/uploads\/2019\/08\/Pluvial-5.jpeg\" \/>\n\t<meta property=\"og:image:width\" content=\"1032\" \/>\n\t<meta property=\"og:image:height\" content=\"581\" \/>\n\t<meta property=\"og:image:type\" content=\"image\/jpeg\" \/>\n<meta name=\"author\" content=\"NOTICIASMERCEDINAS.COM\" \/>\n<meta name=\"twitter:card\" content=\"summary_large_image\" \/>\n<meta name=\"twitter:creator\" content=\"@notmercedinas\" \/>\n<meta name=\"twitter:site\" content=\"@notmercedinas\" \/>\n<meta name=\"twitter:label1\" content=\"Escrito por\" \/>\n\t<meta name=\"twitter:data1\" content=\"NOTICIASMERCEDINAS.COM\" \/>\n\t<meta name=\"twitter:label2\" content=\"Tiempo de lectura\" \/>\n\t<meta name=\"twitter:data2\" content=\"1 minuto\" \/>\n<script type=\"application\/ld+json\" class=\"yoast-schema-graph\">{\"@context\":\"https:\\\/\\\/schema.org\",\"@graph\":[{\"@type\":\"Article\",\"@id\":\"https:\\\/\\\/noticiasmercedinas.com\\\/site\\\/2019\\\/08\\\/29\\\/limpieza-de-pluviales-y-zanjeos-en-avenida-1-y-12-bis\\\/#article\",\"isPartOf\":{\"@id\":\"https:\\\/\\\/noticiasmercedinas.com\\\/site\\\/2019\\\/08\\\/29\\\/limpieza-de-pluviales-y-zanjeos-en-avenida-1-y-12-bis\\\/\"},\"author\":{\"name\":\"NOTICIASMERCEDINAS.COM\",\"@id\":\"https:\\\/\\\/noticiasmercedinas.com\\\/site\\\/#\\\/schema\\\/person\\\/84b59c099c28ff2e8b77d4ceec5d8063\"},\"headline\":\"Limpieza de pluviales y zanjeos en avenida 1 y 12 bis\",\"datePublished\":\"2019-08-29T12:10:32+00:00\",\"mainEntityOfPage\":{\"@id\":\"https:\\\/\\\/noticiasmercedinas.com\\\/site\\\/2019\\\/08\\\/29\\\/limpieza-de-pluviales-y-zanjeos-en-avenida-1-y-12-bis\\\/\"},\"wordCount\":288,\"commentCount\":0,\"publisher\":{\"@id\":\"https:\\\/\\\/noticiasmercedinas.com\\\/site\\\/#organization\"},\"image\":{\"@id\":\"https:\\\/\\\/noticiasmercedinas.com\\\/site\\\/2019\\\/08\\\/29\\\/limpieza-de-pluviales-y-zanjeos-en-avenida-1-y-12-bis\\\/#primaryimage\"},\"thumbnailUrl\":\"https:\\\/\\\/noticiasmercedinas.com\\\/site\\\/wp-content\\\/uploads\\\/2019\\\/08\\\/Pluvial-5.jpeg\",\"keywords\":[\"limpieza\",\"matias dematei\",\"obras\",\"pluviales\",\"zanjeo\"],\"articleSection\":[\"Sociedad\"],\"inLanguage\":\"es\",\"potentialAction\":[{\"@type\":\"CommentAction\",\"name\":\"Comment\",\"target\":[\"https:\\\/\\\/noticiasmercedinas.com\\\/site\\\/2019\\\/08\\\/29\\\/limpieza-de-pluviales-y-zanjeos-en-avenida-1-y-12-bis\\\/#respond\"]}]},{\"@type\":\"WebPage\",\"@id\":\"https:\\\/\\\/noticiasmercedinas.com\\\/site\\\/2019\\\/08\\\/29\\\/limpieza-de-pluviales-y-zanjeos-en-avenida-1-y-12-bis\\\/\",\"url\":\"https:\\\/\\\/noticiasmercedinas.com\\\/site\\\/2019\\\/08\\\/29\\\/limpieza-de-pluviales-y-zanjeos-en-avenida-1-y-12-bis\\\/\",\"name\":\"Limpieza de pluviales y zanjeos en avenida 1 y 12 bis\",\"isPartOf\":{\"@id\":\"https:\\\/\\\/noticiasmercedinas.com\\\/site\\\/#website\"},\"primaryImageOfPage\":{\"@id\":\"https:\\\/\\\/noticiasmercedinas.com\\\/site\\\/2019\\\/08\\\/29\\\/limpieza-de-pluviales-y-zanjeos-en-avenida-1-y-12-bis\\\/#primaryimage\"},\"image\":{\"@id\":\"https:\\\/\\\/noticiasmercedinas.com\\\/site\\\/2019\\\/08\\\/29\\\/limpieza-de-pluviales-y-zanjeos-en-avenida-1-y-12-bis\\\/#primaryimage\"},\"thumbnailUrl\":\"https:\\\/\\\/noticiasmercedinas.com\\\/site\\\/wp-content\\\/uploads\\\/2019\\\/08\\\/Pluvial-5.jpeg\",\"datePublished\":\"2019-08-29T12:10:32+00:00\",\"breadcrumb\":{\"@id\":\"https:\\\/\\\/noticiasmercedinas.com\\\/site\\\/2019\\\/08\\\/29\\\/limpieza-de-pluviales-y-zanjeos-en-avenida-1-y-12-bis\\\/#breadcrumb\"},\"inLanguage\":\"es\",\"potentialAction\":[{\"@type\":\"ReadAction\",\"target\":[\"https:\\\/\\\/noticiasmercedinas.com\\\/site\\\/2019\\\/08\\\/29\\\/limpieza-de-pluviales-y-zanjeos-en-avenida-1-y-12-bis\\\/\"]}]},{\"@type\":\"ImageObject\",\"inLanguage\":\"es\",\"@id\":\"https:\\\/\\\/noticiasmercedinas.com\\\/site\\\/2019\\\/08\\\/29\\\/limpieza-de-pluviales-y-zanjeos-en-avenida-1-y-12-bis\\\/#primaryimage\",\"url\":\"https:\\\/\\\/noticiasmercedinas.com\\\/site\\\/wp-content\\\/uploads\\\/2019\\\/08\\\/Pluvial-5.jpeg\",\"contentUrl\":\"https:\\\/\\\/noticiasmercedinas.com\\\/site\\\/wp-content\\\/uploads\\\/2019\\\/08\\\/Pluvial-5.jpeg\",\"width\":1032,\"height\":581},{\"@type\":\"BreadcrumbList\",\"@id\":\"https:\\\/\\\/noticiasmercedinas.com\\\/site\\\/2019\\\/08\\\/29\\\/limpieza-de-pluviales-y-zanjeos-en-avenida-1-y-12-bis\\\/#breadcrumb\",\"itemListElement\":[{\"@type\":\"ListItem\",\"position\":1,\"name\":\"Portada\",\"item\":\"https:\\\/\\\/noticiasmercedinas.com\\\/site\\\/\"},{\"@type\":\"ListItem\",\"position\":2,\"name\":\"Limpieza de pluviales y zanjeos en avenida 1 y 12 bis\"}]},{\"@type\":\"WebSite\",\"@id\":\"https:\\\/\\\/noticiasmercedinas.com\\\/site\\\/#website\",\"url\":\"https:\\\/\\\/noticiasmercedinas.com\\\/site\\\/\",\"name\":\"NOTICIASMERCEDINAS.COM\",\"description\":\"Mercedes, Buenos Aires, Argentina\",\"publisher\":{\"@id\":\"https:\\\/\\\/noticiasmercedinas.com\\\/site\\\/#organization\"},\"potentialAction\":[{\"@type\":\"SearchAction\",\"target\":{\"@type\":\"EntryPoint\",\"urlTemplate\":\"https:\\\/\\\/noticiasmercedinas.com\\\/site\\\/?s={search_term_string}\"},\"query-input\":{\"@type\":\"PropertyValueSpecification\",\"valueRequired\":true,\"valueName\":\"search_term_string\"}}],\"inLanguage\":\"es\"},{\"@type\":\"Organization\",\"@id\":\"https:\\\/\\\/noticiasmercedinas.com\\\/site\\\/#organization\",\"name\":\"NOTICIASMERCEDINAS.COM\",\"url\":\"https:\\\/\\\/noticiasmercedinas.com\\\/site\\\/\",\"logo\":{\"@type\":\"ImageObject\",\"inLanguage\":\"es\",\"@id\":\"https:\\\/\\\/noticiasmercedinas.com\\\/site\\\/#\\\/schema\\\/logo\\\/image\\\/\",\"url\":\"https:\\\/\\\/noticiasmercedinas.com\\\/site\\\/wp-content\\\/uploads\\\/2020\\\/06\\\/LOGO-512.jpg\",\"contentUrl\":\"https:\\\/\\\/noticiasmercedinas.com\\\/site\\\/wp-content\\\/uploads\\\/2020\\\/06\\\/LOGO-512.jpg\",\"width\":512,\"height\":512,\"caption\":\"NOTICIASMERCEDINAS.COM\"},\"image\":{\"@id\":\"https:\\\/\\\/noticiasmercedinas.com\\\/site\\\/#\\\/schema\\\/logo\\\/image\\\/\"},\"sameAs\":[\"https:\\\/\\\/www.facebook.com\\\/noticiasmercedinas\\\/\",\"https:\\\/\\\/x.com\\\/notmercedinas\",\"https:\\\/\\\/www.instagram.com\\\/noticiasmercedinas\\\/\"]},{\"@type\":\"Person\",\"@id\":\"https:\\\/\\\/noticiasmercedinas.com\\\/site\\\/#\\\/schema\\\/person\\\/84b59c099c28ff2e8b77d4ceec5d8063\",\"name\":\"NOTICIASMERCEDINAS.COM\",\"image\":{\"@type\":\"ImageObject\",\"inLanguage\":\"es\",\"@id\":\"https:\\\/\\\/secure.gravatar.com\\\/avatar\\\/4dfbf16b4d17945bfb6341b2d19043457132fcf478a5ee04f42e959fd8f5df0a?s=96&d=mm&r=g\",\"url\":\"https:\\\/\\\/secure.gravatar.com\\\/avatar\\\/4dfbf16b4d17945bfb6341b2d19043457132fcf478a5ee04f42e959fd8f5df0a?s=96&d=mm&r=g\",\"contentUrl\":\"https:\\\/\\\/secure.gravatar.com\\\/avatar\\\/4dfbf16b4d17945bfb6341b2d19043457132fcf478a5ee04f42e959fd8f5df0a?s=96&d=mm&r=g\",\"caption\":\"NOTICIASMERCEDINAS.COM\"},\"url\":\"https:\\\/\\\/noticiasmercedinas.com\\\/site\\\/author\\\/anonimo\\\/\"}]}<\/script>\n<!-- \/ Yoast SEO plugin. -->","yoast_head_json":{"title":"Limpieza de pluviales y zanjeos en avenida 1 y 12 bis","robots":{"index":"index","follow":"follow","max-snippet":"max-snippet:-1","max-image-preview":"max-image-preview:large","max-video-preview":"max-video-preview:-1"},"canonical":"https:\/\/noticiasmercedinas.com\/site\/2019\/08\/29\/limpieza-de-pluviales-y-zanjeos-en-avenida-1-y-12-bis\/","og_locale":"es_ES","og_type":"article","og_title":"Limpieza de pluviales y zanjeos en avenida 1 y 12 bis","og_description":"El Municipio de Mercedes contin\u00faa solucionando las diferentes problem\u00e1ticas que se producen en la ciudad, en esta ocasi\u00f3n la maquinaria y trabajadores comunales se encuentran realizando la limpieza de los pluviales y zanjeo en la zona de calle 1 y 12 bis. Estas labores optimizar\u00e1n de forma r\u00e1pida y efectiva los sistemas de desag\u00fce. Y [&hellip;]","og_url":"https:\/\/noticiasmercedinas.com\/site\/2019\/08\/29\/limpieza-de-pluviales-y-zanjeos-en-avenida-1-y-12-bis\/","og_site_name":"NOTICIASMERCEDINAS.COM","article_publisher":"https:\/\/www.facebook.com\/noticiasmercedinas\/","article_published_time":"2019-08-29T12:10:32+00:00","og_image":[{"width":1032,"height":581,"url":"https:\/\/noticiasmercedinas.com\/site\/wp-content\/uploads\/2019\/08\/Pluvial-5.jpeg","type":"image\/jpeg"}],"author":"NOTICIASMERCEDINAS.COM","twitter_card":"summary_large_image","twitter_creator":"@notmercedinas","twitter_site":"@notmercedinas","twitter_misc":{"Escrito por":"NOTICIASMERCEDINAS.COM","Tiempo de lectura":"1 minuto"},"schema":{"@context":"https:\/\/schema.org","@graph":[{"@type":"Article","@id":"https:\/\/noticiasmercedinas.com\/site\/2019\/08\/29\/limpieza-de-pluviales-y-zanjeos-en-avenida-1-y-12-bis\/#article","isPartOf":{"@id":"https:\/\/noticiasmercedinas.com\/site\/2019\/08\/29\/limpieza-de-pluviales-y-zanjeos-en-avenida-1-y-12-bis\/"},"author":{"name":"NOTICIASMERCEDINAS.COM","@id":"https:\/\/noticiasmercedinas.com\/site\/#\/schema\/person\/84b59c099c28ff2e8b77d4ceec5d8063"},"headline":"Limpieza de pluviales y zanjeos en avenida 1 y 12 bis","datePublished":"2019-08-29T12:10:32+00:00","mainEntityOfPage":{"@id":"https:\/\/noticiasmercedinas.com\/site\/2019\/08\/29\/limpieza-de-pluviales-y-zanjeos-en-avenida-1-y-12-bis\/"},"wordCount":288,"commentCount":0,"publisher":{"@id":"https:\/\/noticiasmercedinas.com\/site\/#organization"},"image":{"@id":"https:\/\/noticiasmercedinas.com\/site\/2019\/08\/29\/limpieza-de-pluviales-y-zanjeos-en-avenida-1-y-12-bis\/#primaryimage"},"thumbnailUrl":"https:\/\/noticiasmercedinas.com\/site\/wp-content\/uploads\/2019\/08\/Pluvial-5.jpeg","keywords":["limpieza","matias dematei","obras","pluviales","zanjeo"],"articleSection":["Sociedad"],"inLanguage":"es","potentialAction":[{"@type":"CommentAction","name":"Comment","target":["https:\/\/noticiasmercedinas.com\/site\/2019\/08\/29\/limpieza-de-pluviales-y-zanjeos-en-avenida-1-y-12-bis\/#respond"]}]},{"@type":"WebPage","@id":"https:\/\/noticiasmercedinas.com\/site\/2019\/08\/29\/limpieza-de-pluviales-y-zanjeos-en-avenida-1-y-12-bis\/","url":"https:\/\/noticiasmercedinas.com\/site\/2019\/08\/29\/limpieza-de-pluviales-y-zanjeos-en-avenida-1-y-12-bis\/","name":"Limpieza de pluviales y zanjeos en avenida 1 y 12 bis","isPartOf":{"@id":"https:\/\/noticiasmercedinas.com\/site\/#website"},"primaryImageOfPage":{"@id":"https:\/\/noticiasmercedinas.com\/site\/2019\/08\/29\/limpieza-de-pluviales-y-zanjeos-en-avenida-1-y-12-bis\/#primaryimage"},"image":{"@id":"https:\/\/noticiasmercedinas.com\/site\/2019\/08\/29\/limpieza-de-pluviales-y-zanjeos-en-avenida-1-y-12-bis\/#primaryimage"},"thumbnailUrl":"https:\/\/noticiasmercedinas.com\/site\/wp-content\/uploads\/2019\/08\/Pluvial-5.jpeg","datePublished":"2019-08-29T12:10:32+00:00","breadcrumb":{"@id":"https:\/\/noticiasmercedinas.com\/site\/2019\/08\/29\/limpieza-de-pluviales-y-zanjeos-en-avenida-1-y-12-bis\/#breadcrumb"},"inLanguage":"es","potentialAction":[{"@type":"ReadAction","target":["https:\/\/noticiasmercedinas.com\/site\/2019\/08\/29\/limpieza-de-pluviales-y-zanjeos-en-avenida-1-y-12-bis\/"]}]},{"@type":"ImageObject","inLanguage":"es","@id":"https:\/\/noticiasmercedinas.com\/site\/2019\/08\/29\/limpieza-de-pluviales-y-zanjeos-en-avenida-1-y-12-bis\/#primaryimage","url":"https:\/\/noticiasmercedinas.com\/site\/wp-content\/uploads\/2019\/08\/Pluvial-5.jpeg","contentUrl":"https:\/\/noticiasmercedinas.com\/site\/wp-content\/uploads\/2019\/08\/Pluvial-5.jpeg","width":1032,"height":581},{"@type":"BreadcrumbList","@id":"https:\/\/noticiasmercedinas.com\/site\/2019\/08\/29\/limpieza-de-pluviales-y-zanjeos-en-avenida-1-y-12-bis\/#breadcrumb","itemListElement":[{"@type":"ListItem","position":1,"name":"Portada","item":"https:\/\/noticiasmercedinas.com\/site\/"},{"@type":"ListItem","position":2,"name":"Limpieza de pluviales y zanjeos en avenida 1 y 12 bis"}]},{"@type":"WebSite","@id":"https:\/\/noticiasmercedinas.com\/site\/#website","url":"https:\/\/noticiasmercedinas.com\/site\/","name":"NOTICIASMERCEDINAS.COM","description":"Mercedes, Buenos Aires, Argentina","publisher":{"@id":"https:\/\/noticiasmercedinas.com\/site\/#organization"},"potentialAction":[{"@type":"SearchAction","target":{"@type":"EntryPoint","urlTemplate":"https:\/\/noticiasmercedinas.com\/site\/?s={search_term_string}"},"query-input":{"@type":"PropertyValueSpecification","valueRequired":true,"valueName":"search_term_string"}}],"inLanguage":"es"},{"@type":"Organization","@id":"https:\/\/noticiasmercedinas.com\/site\/#organization","name":"NOTICIASMERCEDINAS.COM","url":"https:\/\/noticiasmercedinas.com\/site\/","logo":{"@type":"ImageObject","inLanguage":"es","@id":"https:\/\/noticiasmercedinas.com\/site\/#\/schema\/logo\/image\/","url":"https:\/\/noticiasmercedinas.com\/site\/wp-content\/uploads\/2020\/06\/LOGO-512.jpg","contentUrl":"https:\/\/noticiasmercedinas.com\/site\/wp-content\/uploads\/2020\/06\/LOGO-512.jpg","width":512,"height":512,"caption":"NOTICIASMERCEDINAS.COM"},"image":{"@id":"https:\/\/noticiasmercedinas.com\/site\/#\/schema\/logo\/image\/"},"sameAs":["https:\/\/www.facebook.com\/noticiasmercedinas\/","https:\/\/x.com\/notmercedinas","https:\/\/www.instagram.com\/noticiasmercedinas\/"]},{"@type":"Person","@id":"https:\/\/noticiasmercedinas.com\/site\/#\/schema\/person\/84b59c099c28ff2e8b77d4ceec5d8063","name":"NOTICIASMERCEDINAS.COM","image":{"@type":"ImageObject","inLanguage":"es","@id":"https:\/\/secure.gravatar.com\/avatar\/4dfbf16b4d17945bfb6341b2d19043457132fcf478a5ee04f42e959fd8f5df0a?s=96&d=mm&r=g","url":"https:\/\/secure.gravatar.com\/avatar\/4dfbf16b4d17945bfb6341b2d19043457132fcf478a5ee04f42e959fd8f5df0a?s=96&d=mm&r=g","contentUrl":"https:\/\/secure.gravatar.com\/avatar\/4dfbf16b4d17945bfb6341b2d19043457132fcf478a5ee04f42e959fd8f5df0a?s=96&d=mm&r=g","caption":"NOTICIASMERCEDINAS.COM"},"url":"https:\/\/noticiasmercedinas.com\/site\/author\/anonimo\/"}]}},"amp_enabled":true,"_links":{"self":[{"href":"https:\/\/noticiasmercedinas.com\/site\/wp-json\/wp\/v2\/posts\/26672","targetHints":{"allow":["GET"]}}],"collection":[{"href":"https:\/\/noticiasmercedinas.com\/site\/wp-json\/wp\/v2\/posts"}],"about":[{"href":"https:\/\/noticiasmercedinas.com\/site\/wp-json\/wp\/v2\/types\/post"}],"author":[{"embeddable":true,"href":"https:\/\/noticiasmercedinas.com\/site\/wp-json\/wp\/v2\/users\/16"}],"replies":[{"embeddable":true,"href":"https:\/\/noticiasmercedinas.com\/site\/wp-json\/wp\/v2\/comments?post=26672"}],"version-history":[{"count":1,"href":"https:\/\/noticiasmercedinas.com\/site\/wp-json\/wp\/v2\/posts\/26672\/revisions"}],"predecessor-version":[{"id":26677,"href":"https:\/\/noticiasmercedinas.com\/site\/wp-json\/wp\/v2\/posts\/26672\/revisions\/26677"}],"wp:featuredmedia":[{"embeddable":true,"href":"https:\/\/noticiasmercedinas.com\/site\/wp-json\/wp\/v2\/media\/26675"}],"wp:attachment":[{"href":"https:\/\/noticiasmercedinas.com\/site\/wp-json\/wp\/v2\/media?parent=26672"}],"wp:term":[{"taxonomy":"category","embeddable":true,"href":"https:\/\/noticiasmercedinas.com\/site\/wp-json\/wp\/v2\/categories?post=26672"},{"taxonomy":"post_tag","embeddable":true,"href":"https:\/\/noticiasmercedinas.com\/site\/wp-json\/wp\/v2\/tags?post=26672"}],"curies":[{"name":"wp","href":"https:\/\/api.w.org\/{rel}","templated":true}]}}