{"id":26733,"date":"2019-08-29T17:45:41","date_gmt":"2019-08-29T20:45:41","guid":{"rendered":"https:\/\/noticiasmercedinas.com\/site\/?p=26733"},"modified":"2019-08-29T17:45:41","modified_gmt":"2019-08-29T20:45:41","slug":"all-boys-solidario-y-universidad-siglo-21-se-unen-en-tareas-solidarias","status":"publish","type":"post","link":"https:\/\/noticiasmercedinas.com\/site\/2019\/08\/29\/all-boys-solidario-y-universidad-siglo-21-se-unen-en-tareas-solidarias\/","title":{"rendered":"All Boys Solidario y Universidad Siglo 21 se unen en tareas solidarias"},"content":{"rendered":"<p><img loading=\"lazy\" decoding=\"async\" class=\"alignnone size-full wp-image-26735\" src=\"https:\/\/noticiasmercedinas.com\/site\/wp-content\/uploads\/2019\/08\/66e49d62-1812-4467-9a3d-4b06bfc64085.jpg\" alt=\"\" width=\"720\" height=\"528\" srcset=\"https:\/\/noticiasmercedinas.com\/site\/wp-content\/uploads\/2019\/08\/66e49d62-1812-4467-9a3d-4b06bfc64085.jpg 720w, https:\/\/noticiasmercedinas.com\/site\/wp-content\/uploads\/2019\/08\/66e49d62-1812-4467-9a3d-4b06bfc64085-300x220.jpg 300w, https:\/\/noticiasmercedinas.com\/site\/wp-content\/uploads\/2019\/08\/66e49d62-1812-4467-9a3d-4b06bfc64085-80x60.jpg 80w, https:\/\/noticiasmercedinas.com\/site\/wp-content\/uploads\/2019\/08\/66e49d62-1812-4467-9a3d-4b06bfc64085-640x469.jpg 640w, https:\/\/noticiasmercedinas.com\/site\/wp-content\/uploads\/2019\/08\/66e49d62-1812-4467-9a3d-4b06bfc64085-681x499.jpg 681w\" sizes=\"auto, (max-width: 720px) 100vw, 720px\" \/><\/p>\n<p>Alumnos de la Universidad Siglo 21 realizan tareas solidarias en el marco del Acuerdo entre la instituci\u00f3n educativa y All Boys Solidario.<\/p>\n<p>Es as\u00ed que en el d\u00eda de ayer terminaron de realizar un trabajo de clasificaci\u00f3n de ropa de ni\u00f1os, hombres y mujeres. Ropa que tiene como destino Chaco y una familia necesitada de nuestra ciudad.<\/p>\n<p>Tambi\u00e9n estos alumnos realizaron tareas solidarias en la recolecci\u00f3n de ropa y calzados en toda nuestra ciudad.<\/p>\n<p>Ellos son Nicol\u00e1s Abbate, Federico Z\u00e1rate, Mar\u00eda Laura Cabrera, Florencia Conte, Silvina Blanco, Juan Manuel Salvatico y Paola Sapiero.<\/p>\n<p>Tambi\u00e9n trabajaron en el D\u00eda de la Ni\u00f1ez en el Barrio San Mart\u00edn, en el Comedor de Rosana Lucero.<\/p>\n<p><img loading=\"lazy\" decoding=\"async\" class=\"alignnone size-large wp-image-26734\" src=\"https:\/\/noticiasmercedinas.com\/site\/wp-content\/uploads\/2019\/08\/d259ac67-8556-4bf3-ba2a-69a3839b2693-1024x576.jpg\" alt=\"\" width=\"640\" height=\"360\" srcset=\"https:\/\/noticiasmercedinas.com\/site\/wp-content\/uploads\/2019\/08\/d259ac67-8556-4bf3-ba2a-69a3839b2693-1024x576.jpg 1024w, https:\/\/noticiasmercedinas.com\/site\/wp-content\/uploads\/2019\/08\/d259ac67-8556-4bf3-ba2a-69a3839b2693-300x169.jpg 300w, https:\/\/noticiasmercedinas.com\/site\/wp-content\/uploads\/2019\/08\/d259ac67-8556-4bf3-ba2a-69a3839b2693-768x432.jpg 768w, https:\/\/noticiasmercedinas.com\/site\/wp-content\/uploads\/2019\/08\/d259ac67-8556-4bf3-ba2a-69a3839b2693-640x360.jpg 640w, https:\/\/noticiasmercedinas.com\/site\/wp-content\/uploads\/2019\/08\/d259ac67-8556-4bf3-ba2a-69a3839b2693-681x383.jpg 681w, https:\/\/noticiasmercedinas.com\/site\/wp-content\/uploads\/2019\/08\/d259ac67-8556-4bf3-ba2a-69a3839b2693.jpg 1032w\" sizes=\"auto, (max-width: 640px) 100vw, 640px\" \/><\/p>\n","protected":false},"excerpt":{"rendered":"<p>Alumnos de la Universidad Siglo 21 realizan tareas solidarias en el marco del Acuerdo entre la instituci\u00f3n educativa y All Boys Solidario. Es as\u00ed que en el d\u00eda de ayer terminaron de realizar un trabajo de clasificaci\u00f3n de ropa de ni\u00f1os, hombres y mujeres. Ropa que tiene como destino Chaco y una familia necesitada de [&hellip;]<\/p>\n","protected":false},"author":16,"featured_media":26735,"comment_status":"open","ping_status":"open","sticky":false,"template":"","format":"standard","meta":{"footnotes":""},"categories":[3],"tags":[3017,1183,81,1110],"class_list":["post-26733","post","type-post","status-publish","format-standard","has-post-thumbnail","hentry","category-sociedad","tag-all-boys-solidario","tag-ropa","tag-solidaridad","tag-universidad-siglo-21"],"yoast_head":"<!-- This site is optimized with the Yoast SEO plugin v27.4 - https:\/\/yoast.com\/product\/yoast-seo-wordpress\/ -->\n<title>All Boys Solidario y Universidad Siglo 21 se unen en tareas solidarias<\/title>\n<meta name=\"robots\" content=\"index, follow, max-snippet:-1, max-image-preview:large, max-video-preview:-1\" \/>\n<link rel=\"canonical\" href=\"https:\/\/noticiasmercedinas.com\/site\/2019\/08\/29\/all-boys-solidario-y-universidad-siglo-21-se-unen-en-tareas-solidarias\/\" \/>\n<meta property=\"og:locale\" content=\"es_ES\" \/>\n<meta property=\"og:type\" content=\"article\" \/>\n<meta property=\"og:title\" content=\"All Boys Solidario y Universidad Siglo 21 se unen en tareas solidarias\" \/>\n<meta property=\"og:description\" content=\"Alumnos de la Universidad Siglo 21 realizan tareas solidarias en el marco del Acuerdo entre la instituci\u00f3n educativa y All Boys Solidario. Es as\u00ed que en el d\u00eda de ayer terminaron de realizar un trabajo de clasificaci\u00f3n de ropa de ni\u00f1os, hombres y mujeres. Ropa que tiene como destino Chaco y una familia necesitada de [&hellip;]\" \/>\n<meta property=\"og:url\" content=\"https:\/\/noticiasmercedinas.com\/site\/2019\/08\/29\/all-boys-solidario-y-universidad-siglo-21-se-unen-en-tareas-solidarias\/\" \/>\n<meta property=\"og:site_name\" content=\"NOTICIASMERCEDINAS.COM\" \/>\n<meta property=\"article:publisher\" content=\"https:\/\/www.facebook.com\/noticiasmercedinas\/\" \/>\n<meta property=\"article:published_time\" content=\"2019-08-29T20:45:41+00:00\" \/>\n<meta property=\"og:image\" content=\"https:\/\/noticiasmercedinas.com\/site\/wp-content\/uploads\/2019\/08\/66e49d62-1812-4467-9a3d-4b06bfc64085.jpg\" \/>\n\t<meta property=\"og:image:width\" content=\"720\" \/>\n\t<meta property=\"og:image:height\" content=\"528\" \/>\n\t<meta property=\"og:image:type\" content=\"image\/jpeg\" \/>\n<meta name=\"author\" content=\"NOTICIASMERCEDINAS.COM\" \/>\n<meta name=\"twitter:card\" content=\"summary_large_image\" \/>\n<meta name=\"twitter:creator\" content=\"@notmercedinas\" \/>\n<meta name=\"twitter:site\" content=\"@notmercedinas\" \/>\n<meta name=\"twitter:label1\" content=\"Escrito por\" \/>\n\t<meta name=\"twitter:data1\" content=\"NOTICIASMERCEDINAS.COM\" \/>\n\t<meta name=\"twitter:label2\" content=\"Tiempo de lectura\" \/>\n\t<meta name=\"twitter:data2\" content=\"1 minuto\" \/>\n<script type=\"application\/ld+json\" class=\"yoast-schema-graph\">{\"@context\":\"https:\\\/\\\/schema.org\",\"@graph\":[{\"@type\":\"Article\",\"@id\":\"https:\\\/\\\/noticiasmercedinas.com\\\/site\\\/2019\\\/08\\\/29\\\/all-boys-solidario-y-universidad-siglo-21-se-unen-en-tareas-solidarias\\\/#article\",\"isPartOf\":{\"@id\":\"https:\\\/\\\/noticiasmercedinas.com\\\/site\\\/2019\\\/08\\\/29\\\/all-boys-solidario-y-universidad-siglo-21-se-unen-en-tareas-solidarias\\\/\"},\"author\":{\"name\":\"NOTICIASMERCEDINAS.COM\",\"@id\":\"https:\\\/\\\/noticiasmercedinas.com\\\/site\\\/#\\\/schema\\\/person\\\/84b59c099c28ff2e8b77d4ceec5d8063\"},\"headline\":\"All Boys Solidario y Universidad Siglo 21 se unen en tareas solidarias\",\"datePublished\":\"2019-08-29T20:45:41+00:00\",\"mainEntityOfPage\":{\"@id\":\"https:\\\/\\\/noticiasmercedinas.com\\\/site\\\/2019\\\/08\\\/29\\\/all-boys-solidario-y-universidad-siglo-21-se-unen-en-tareas-solidarias\\\/\"},\"wordCount\":135,\"commentCount\":0,\"publisher\":{\"@id\":\"https:\\\/\\\/noticiasmercedinas.com\\\/site\\\/#organization\"},\"image\":{\"@id\":\"https:\\\/\\\/noticiasmercedinas.com\\\/site\\\/2019\\\/08\\\/29\\\/all-boys-solidario-y-universidad-siglo-21-se-unen-en-tareas-solidarias\\\/#primaryimage\"},\"thumbnailUrl\":\"https:\\\/\\\/noticiasmercedinas.com\\\/site\\\/wp-content\\\/uploads\\\/2019\\\/08\\\/66e49d62-1812-4467-9a3d-4b06bfc64085.jpg\",\"keywords\":[\"all boys solidario\",\"ropa\",\"solidaridad\",\"universidad siglo 21\"],\"articleSection\":[\"Sociedad\"],\"inLanguage\":\"es\",\"potentialAction\":[{\"@type\":\"CommentAction\",\"name\":\"Comment\",\"target\":[\"https:\\\/\\\/noticiasmercedinas.com\\\/site\\\/2019\\\/08\\\/29\\\/all-boys-solidario-y-universidad-siglo-21-se-unen-en-tareas-solidarias\\\/#respond\"]}]},{\"@type\":\"WebPage\",\"@id\":\"https:\\\/\\\/noticiasmercedinas.com\\\/site\\\/2019\\\/08\\\/29\\\/all-boys-solidario-y-universidad-siglo-21-se-unen-en-tareas-solidarias\\\/\",\"url\":\"https:\\\/\\\/noticiasmercedinas.com\\\/site\\\/2019\\\/08\\\/29\\\/all-boys-solidario-y-universidad-siglo-21-se-unen-en-tareas-solidarias\\\/\",\"name\":\"All Boys Solidario y Universidad Siglo 21 se unen en tareas solidarias\",\"isPartOf\":{\"@id\":\"https:\\\/\\\/noticiasmercedinas.com\\\/site\\\/#website\"},\"primaryImageOfPage\":{\"@id\":\"https:\\\/\\\/noticiasmercedinas.com\\\/site\\\/2019\\\/08\\\/29\\\/all-boys-solidario-y-universidad-siglo-21-se-unen-en-tareas-solidarias\\\/#primaryimage\"},\"image\":{\"@id\":\"https:\\\/\\\/noticiasmercedinas.com\\\/site\\\/2019\\\/08\\\/29\\\/all-boys-solidario-y-universidad-siglo-21-se-unen-en-tareas-solidarias\\\/#primaryimage\"},\"thumbnailUrl\":\"https:\\\/\\\/noticiasmercedinas.com\\\/site\\\/wp-content\\\/uploads\\\/2019\\\/08\\\/66e49d62-1812-4467-9a3d-4b06bfc64085.jpg\",\"datePublished\":\"2019-08-29T20:45:41+00:00\",\"breadcrumb\":{\"@id\":\"https:\\\/\\\/noticiasmercedinas.com\\\/site\\\/2019\\\/08\\\/29\\\/all-boys-solidario-y-universidad-siglo-21-se-unen-en-tareas-solidarias\\\/#breadcrumb\"},\"inLanguage\":\"es\",\"potentialAction\":[{\"@type\":\"ReadAction\",\"target\":[\"https:\\\/\\\/noticiasmercedinas.com\\\/site\\\/2019\\\/08\\\/29\\\/all-boys-solidario-y-universidad-siglo-21-se-unen-en-tareas-solidarias\\\/\"]}]},{\"@type\":\"ImageObject\",\"inLanguage\":\"es\",\"@id\":\"https:\\\/\\\/noticiasmercedinas.com\\\/site\\\/2019\\\/08\\\/29\\\/all-boys-solidario-y-universidad-siglo-21-se-unen-en-tareas-solidarias\\\/#primaryimage\",\"url\":\"https:\\\/\\\/noticiasmercedinas.com\\\/site\\\/wp-content\\\/uploads\\\/2019\\\/08\\\/66e49d62-1812-4467-9a3d-4b06bfc64085.jpg\",\"contentUrl\":\"https:\\\/\\\/noticiasmercedinas.com\\\/site\\\/wp-content\\\/uploads\\\/2019\\\/08\\\/66e49d62-1812-4467-9a3d-4b06bfc64085.jpg\",\"width\":720,\"height\":528},{\"@type\":\"BreadcrumbList\",\"@id\":\"https:\\\/\\\/noticiasmercedinas.com\\\/site\\\/2019\\\/08\\\/29\\\/all-boys-solidario-y-universidad-siglo-21-se-unen-en-tareas-solidarias\\\/#breadcrumb\",\"itemListElement\":[{\"@type\":\"ListItem\",\"position\":1,\"name\":\"Portada\",\"item\":\"https:\\\/\\\/noticiasmercedinas.com\\\/site\\\/\"},{\"@type\":\"ListItem\",\"position\":2,\"name\":\"All Boys Solidario y Universidad Siglo 21 se unen en tareas solidarias\"}]},{\"@type\":\"WebSite\",\"@id\":\"https:\\\/\\\/noticiasmercedinas.com\\\/site\\\/#website\",\"url\":\"https:\\\/\\\/noticiasmercedinas.com\\\/site\\\/\",\"name\":\"NOTICIASMERCEDINAS.COM\",\"description\":\"Mercedes, Buenos Aires, Argentina\",\"publisher\":{\"@id\":\"https:\\\/\\\/noticiasmercedinas.com\\\/site\\\/#organization\"},\"potentialAction\":[{\"@type\":\"SearchAction\",\"target\":{\"@type\":\"EntryPoint\",\"urlTemplate\":\"https:\\\/\\\/noticiasmercedinas.com\\\/site\\\/?s={search_term_string}\"},\"query-input\":{\"@type\":\"PropertyValueSpecification\",\"valueRequired\":true,\"valueName\":\"search_term_string\"}}],\"inLanguage\":\"es\"},{\"@type\":\"Organization\",\"@id\":\"https:\\\/\\\/noticiasmercedinas.com\\\/site\\\/#organization\",\"name\":\"NOTICIASMERCEDINAS.COM\",\"url\":\"https:\\\/\\\/noticiasmercedinas.com\\\/site\\\/\",\"logo\":{\"@type\":\"ImageObject\",\"inLanguage\":\"es\",\"@id\":\"https:\\\/\\\/noticiasmercedinas.com\\\/site\\\/#\\\/schema\\\/logo\\\/image\\\/\",\"url\":\"https:\\\/\\\/noticiasmercedinas.com\\\/site\\\/wp-content\\\/uploads\\\/2020\\\/06\\\/LOGO-512.jpg\",\"contentUrl\":\"https:\\\/\\\/noticiasmercedinas.com\\\/site\\\/wp-content\\\/uploads\\\/2020\\\/06\\\/LOGO-512.jpg\",\"width\":512,\"height\":512,\"caption\":\"NOTICIASMERCEDINAS.COM\"},\"image\":{\"@id\":\"https:\\\/\\\/noticiasmercedinas.com\\\/site\\\/#\\\/schema\\\/logo\\\/image\\\/\"},\"sameAs\":[\"https:\\\/\\\/www.facebook.com\\\/noticiasmercedinas\\\/\",\"https:\\\/\\\/x.com\\\/notmercedinas\",\"https:\\\/\\\/www.instagram.com\\\/noticiasmercedinas\\\/\"]},{\"@type\":\"Person\",\"@id\":\"https:\\\/\\\/noticiasmercedinas.com\\\/site\\\/#\\\/schema\\\/person\\\/84b59c099c28ff2e8b77d4ceec5d8063\",\"name\":\"NOTICIASMERCEDINAS.COM\",\"image\":{\"@type\":\"ImageObject\",\"inLanguage\":\"es\",\"@id\":\"https:\\\/\\\/secure.gravatar.com\\\/avatar\\\/4dfbf16b4d17945bfb6341b2d19043457132fcf478a5ee04f42e959fd8f5df0a?s=96&d=mm&r=g\",\"url\":\"https:\\\/\\\/secure.gravatar.com\\\/avatar\\\/4dfbf16b4d17945bfb6341b2d19043457132fcf478a5ee04f42e959fd8f5df0a?s=96&d=mm&r=g\",\"contentUrl\":\"https:\\\/\\\/secure.gravatar.com\\\/avatar\\\/4dfbf16b4d17945bfb6341b2d19043457132fcf478a5ee04f42e959fd8f5df0a?s=96&d=mm&r=g\",\"caption\":\"NOTICIASMERCEDINAS.COM\"},\"url\":\"https:\\\/\\\/noticiasmercedinas.com\\\/site\\\/author\\\/anonimo\\\/\"}]}<\/script>\n<!-- \/ Yoast SEO plugin. -->","yoast_head_json":{"title":"All Boys Solidario y Universidad Siglo 21 se unen en tareas solidarias","robots":{"index":"index","follow":"follow","max-snippet":"max-snippet:-1","max-image-preview":"max-image-preview:large","max-video-preview":"max-video-preview:-1"},"canonical":"https:\/\/noticiasmercedinas.com\/site\/2019\/08\/29\/all-boys-solidario-y-universidad-siglo-21-se-unen-en-tareas-solidarias\/","og_locale":"es_ES","og_type":"article","og_title":"All Boys Solidario y Universidad Siglo 21 se unen en tareas solidarias","og_description":"Alumnos de la Universidad Siglo 21 realizan tareas solidarias en el marco del Acuerdo entre la instituci\u00f3n educativa y All Boys Solidario. Es as\u00ed que en el d\u00eda de ayer terminaron de realizar un trabajo de clasificaci\u00f3n de ropa de ni\u00f1os, hombres y mujeres. Ropa que tiene como destino Chaco y una familia necesitada de [&hellip;]","og_url":"https:\/\/noticiasmercedinas.com\/site\/2019\/08\/29\/all-boys-solidario-y-universidad-siglo-21-se-unen-en-tareas-solidarias\/","og_site_name":"NOTICIASMERCEDINAS.COM","article_publisher":"https:\/\/www.facebook.com\/noticiasmercedinas\/","article_published_time":"2019-08-29T20:45:41+00:00","og_image":[{"width":720,"height":528,"url":"https:\/\/noticiasmercedinas.com\/site\/wp-content\/uploads\/2019\/08\/66e49d62-1812-4467-9a3d-4b06bfc64085.jpg","type":"image\/jpeg"}],"author":"NOTICIASMERCEDINAS.COM","twitter_card":"summary_large_image","twitter_creator":"@notmercedinas","twitter_site":"@notmercedinas","twitter_misc":{"Escrito por":"NOTICIASMERCEDINAS.COM","Tiempo de lectura":"1 minuto"},"schema":{"@context":"https:\/\/schema.org","@graph":[{"@type":"Article","@id":"https:\/\/noticiasmercedinas.com\/site\/2019\/08\/29\/all-boys-solidario-y-universidad-siglo-21-se-unen-en-tareas-solidarias\/#article","isPartOf":{"@id":"https:\/\/noticiasmercedinas.com\/site\/2019\/08\/29\/all-boys-solidario-y-universidad-siglo-21-se-unen-en-tareas-solidarias\/"},"author":{"name":"NOTICIASMERCEDINAS.COM","@id":"https:\/\/noticiasmercedinas.com\/site\/#\/schema\/person\/84b59c099c28ff2e8b77d4ceec5d8063"},"headline":"All Boys Solidario y Universidad Siglo 21 se unen en tareas solidarias","datePublished":"2019-08-29T20:45:41+00:00","mainEntityOfPage":{"@id":"https:\/\/noticiasmercedinas.com\/site\/2019\/08\/29\/all-boys-solidario-y-universidad-siglo-21-se-unen-en-tareas-solidarias\/"},"wordCount":135,"commentCount":0,"publisher":{"@id":"https:\/\/noticiasmercedinas.com\/site\/#organization"},"image":{"@id":"https:\/\/noticiasmercedinas.com\/site\/2019\/08\/29\/all-boys-solidario-y-universidad-siglo-21-se-unen-en-tareas-solidarias\/#primaryimage"},"thumbnailUrl":"https:\/\/noticiasmercedinas.com\/site\/wp-content\/uploads\/2019\/08\/66e49d62-1812-4467-9a3d-4b06bfc64085.jpg","keywords":["all boys solidario","ropa","solidaridad","universidad siglo 21"],"articleSection":["Sociedad"],"inLanguage":"es","potentialAction":[{"@type":"CommentAction","name":"Comment","target":["https:\/\/noticiasmercedinas.com\/site\/2019\/08\/29\/all-boys-solidario-y-universidad-siglo-21-se-unen-en-tareas-solidarias\/#respond"]}]},{"@type":"WebPage","@id":"https:\/\/noticiasmercedinas.com\/site\/2019\/08\/29\/all-boys-solidario-y-universidad-siglo-21-se-unen-en-tareas-solidarias\/","url":"https:\/\/noticiasmercedinas.com\/site\/2019\/08\/29\/all-boys-solidario-y-universidad-siglo-21-se-unen-en-tareas-solidarias\/","name":"All Boys Solidario y Universidad Siglo 21 se unen en tareas solidarias","isPartOf":{"@id":"https:\/\/noticiasmercedinas.com\/site\/#website"},"primaryImageOfPage":{"@id":"https:\/\/noticiasmercedinas.com\/site\/2019\/08\/29\/all-boys-solidario-y-universidad-siglo-21-se-unen-en-tareas-solidarias\/#primaryimage"},"image":{"@id":"https:\/\/noticiasmercedinas.com\/site\/2019\/08\/29\/all-boys-solidario-y-universidad-siglo-21-se-unen-en-tareas-solidarias\/#primaryimage"},"thumbnailUrl":"https:\/\/noticiasmercedinas.com\/site\/wp-content\/uploads\/2019\/08\/66e49d62-1812-4467-9a3d-4b06bfc64085.jpg","datePublished":"2019-08-29T20:45:41+00:00","breadcrumb":{"@id":"https:\/\/noticiasmercedinas.com\/site\/2019\/08\/29\/all-boys-solidario-y-universidad-siglo-21-se-unen-en-tareas-solidarias\/#breadcrumb"},"inLanguage":"es","potentialAction":[{"@type":"ReadAction","target":["https:\/\/noticiasmercedinas.com\/site\/2019\/08\/29\/all-boys-solidario-y-universidad-siglo-21-se-unen-en-tareas-solidarias\/"]}]},{"@type":"ImageObject","inLanguage":"es","@id":"https:\/\/noticiasmercedinas.com\/site\/2019\/08\/29\/all-boys-solidario-y-universidad-siglo-21-se-unen-en-tareas-solidarias\/#primaryimage","url":"https:\/\/noticiasmercedinas.com\/site\/wp-content\/uploads\/2019\/08\/66e49d62-1812-4467-9a3d-4b06bfc64085.jpg","contentUrl":"https:\/\/noticiasmercedinas.com\/site\/wp-content\/uploads\/2019\/08\/66e49d62-1812-4467-9a3d-4b06bfc64085.jpg","width":720,"height":528},{"@type":"BreadcrumbList","@id":"https:\/\/noticiasmercedinas.com\/site\/2019\/08\/29\/all-boys-solidario-y-universidad-siglo-21-se-unen-en-tareas-solidarias\/#breadcrumb","itemListElement":[{"@type":"ListItem","position":1,"name":"Portada","item":"https:\/\/noticiasmercedinas.com\/site\/"},{"@type":"ListItem","position":2,"name":"All Boys Solidario y Universidad Siglo 21 se unen en tareas solidarias"}]},{"@type":"WebSite","@id":"https:\/\/noticiasmercedinas.com\/site\/#website","url":"https:\/\/noticiasmercedinas.com\/site\/","name":"NOTICIASMERCEDINAS.COM","description":"Mercedes, Buenos Aires, Argentina","publisher":{"@id":"https:\/\/noticiasmercedinas.com\/site\/#organization"},"potentialAction":[{"@type":"SearchAction","target":{"@type":"EntryPoint","urlTemplate":"https:\/\/noticiasmercedinas.com\/site\/?s={search_term_string}"},"query-input":{"@type":"PropertyValueSpecification","valueRequired":true,"valueName":"search_term_string"}}],"inLanguage":"es"},{"@type":"Organization","@id":"https:\/\/noticiasmercedinas.com\/site\/#organization","name":"NOTICIASMERCEDINAS.COM","url":"https:\/\/noticiasmercedinas.com\/site\/","logo":{"@type":"ImageObject","inLanguage":"es","@id":"https:\/\/noticiasmercedinas.com\/site\/#\/schema\/logo\/image\/","url":"https:\/\/noticiasmercedinas.com\/site\/wp-content\/uploads\/2020\/06\/LOGO-512.jpg","contentUrl":"https:\/\/noticiasmercedinas.com\/site\/wp-content\/uploads\/2020\/06\/LOGO-512.jpg","width":512,"height":512,"caption":"NOTICIASMERCEDINAS.COM"},"image":{"@id":"https:\/\/noticiasmercedinas.com\/site\/#\/schema\/logo\/image\/"},"sameAs":["https:\/\/www.facebook.com\/noticiasmercedinas\/","https:\/\/x.com\/notmercedinas","https:\/\/www.instagram.com\/noticiasmercedinas\/"]},{"@type":"Person","@id":"https:\/\/noticiasmercedinas.com\/site\/#\/schema\/person\/84b59c099c28ff2e8b77d4ceec5d8063","name":"NOTICIASMERCEDINAS.COM","image":{"@type":"ImageObject","inLanguage":"es","@id":"https:\/\/secure.gravatar.com\/avatar\/4dfbf16b4d17945bfb6341b2d19043457132fcf478a5ee04f42e959fd8f5df0a?s=96&d=mm&r=g","url":"https:\/\/secure.gravatar.com\/avatar\/4dfbf16b4d17945bfb6341b2d19043457132fcf478a5ee04f42e959fd8f5df0a?s=96&d=mm&r=g","contentUrl":"https:\/\/secure.gravatar.com\/avatar\/4dfbf16b4d17945bfb6341b2d19043457132fcf478a5ee04f42e959fd8f5df0a?s=96&d=mm&r=g","caption":"NOTICIASMERCEDINAS.COM"},"url":"https:\/\/noticiasmercedinas.com\/site\/author\/anonimo\/"}]}},"amp_enabled":true,"_links":{"self":[{"href":"https:\/\/noticiasmercedinas.com\/site\/wp-json\/wp\/v2\/posts\/26733","targetHints":{"allow":["GET"]}}],"collection":[{"href":"https:\/\/noticiasmercedinas.com\/site\/wp-json\/wp\/v2\/posts"}],"about":[{"href":"https:\/\/noticiasmercedinas.com\/site\/wp-json\/wp\/v2\/types\/post"}],"author":[{"embeddable":true,"href":"https:\/\/noticiasmercedinas.com\/site\/wp-json\/wp\/v2\/users\/16"}],"replies":[{"embeddable":true,"href":"https:\/\/noticiasmercedinas.com\/site\/wp-json\/wp\/v2\/comments?post=26733"}],"version-history":[{"count":1,"href":"https:\/\/noticiasmercedinas.com\/site\/wp-json\/wp\/v2\/posts\/26733\/revisions"}],"predecessor-version":[{"id":26736,"href":"https:\/\/noticiasmercedinas.com\/site\/wp-json\/wp\/v2\/posts\/26733\/revisions\/26736"}],"wp:featuredmedia":[{"embeddable":true,"href":"https:\/\/noticiasmercedinas.com\/site\/wp-json\/wp\/v2\/media\/26735"}],"wp:attachment":[{"href":"https:\/\/noticiasmercedinas.com\/site\/wp-json\/wp\/v2\/media?parent=26733"}],"wp:term":[{"taxonomy":"category","embeddable":true,"href":"https:\/\/noticiasmercedinas.com\/site\/wp-json\/wp\/v2\/categories?post=26733"},{"taxonomy":"post_tag","embeddable":true,"href":"https:\/\/noticiasmercedinas.com\/site\/wp-json\/wp\/v2\/tags?post=26733"}],"curies":[{"name":"wp","href":"https:\/\/api.w.org\/{rel}","templated":true}]}}