{"id":27189,"date":"2019-09-04T09:46:37","date_gmt":"2019-09-04T12:46:37","guid":{"rendered":"https:\/\/noticiasmercedinas.com\/site\/?p=27189"},"modified":"2019-09-04T09:46:37","modified_gmt":"2019-09-04T12:46:37","slug":"mercedino-apadrina-a-un-comedor-en-chaco","status":"publish","type":"post","link":"https:\/\/noticiasmercedinas.com\/site\/2019\/09\/04\/mercedino-apadrina-a-un-comedor-en-chaco\/","title":{"rendered":"Mercedino apadrina a un comedor en Chaco"},"content":{"rendered":"\r\n                <style type=\"text\/css\">\r\n                    \r\n                    #td_uid_1_69f1cfc337c26  .td-doubleSlider-2 .td-item1 {\r\n                        background: url(https:\/\/noticiasmercedinas.com\/site\/wp-content\/uploads\/2019\/09\/3d6a621e-c39b-4464-a200-9ebd92e21fde-160x120.jpg) 0 0 no-repeat;\r\n                    }\r\n                    #td_uid_1_69f1cfc337c26  .td-doubleSlider-2 .td-item2 {\r\n                        background: url(https:\/\/noticiasmercedinas.com\/site\/wp-content\/uploads\/2019\/09\/fb1a1616-bb57-4496-91be-56d597d31d55-160x120.jpg) 0 0 no-repeat;\r\n                    }\r\n                    #td_uid_1_69f1cfc337c26  .td-doubleSlider-2 .td-item3 {\r\n                        background: url(https:\/\/noticiasmercedinas.com\/site\/wp-content\/uploads\/2019\/09\/4592c799-78c6-473d-8d07-a3093c740ab7-160x120.jpg) 0 0 no-repeat;\r\n                    }\r\n                    #td_uid_1_69f1cfc337c26  .td-doubleSlider-2 .td-item4 {\r\n                        background: url(https:\/\/noticiasmercedinas.com\/site\/wp-content\/uploads\/2019\/09\/08bfc1ed-e35e-4c8f-bb86-346a871ed2ef-160x120.jpg) 0 0 no-repeat;\r\n                    }\r\n                <\/style>\r\n\r\n                <div id=\"td_uid_1_69f1cfc337c26\" class=\"td-gallery td-slide-on-2-columns\">\r\n                    <div class=\"post_td_gallery\">\r\n                        <div class=\"td-gallery-slide-top\">\r\n                           <div class=\"td-gallery-title\"><\/div>\r\n\r\n                            <div class=\"td-gallery-controls-wrapper\">\r\n                                <div class=\"td-gallery-slide-count\"><span class=\"td-gallery-slide-item-focus\">1<\/span> de 4<\/div>\r\n                                <div class=\"td-gallery-slide-prev-next-but\">\r\n                                    <i class = \"td-icon-left doubleSliderPrevButton\"><\/i>\r\n                                    <i class = \"td-icon-right doubleSliderNextButton\"><\/i>\r\n                                <\/div>\r\n                            <\/div>\r\n                        <\/div>\r\n\r\n                        <div class = \"td-doubleSlider-1 \">\r\n                            <div class = \"td-slider\">\r\n                                \r\n                    <div class = \"td-slide-item td-item1\">\r\n                        <figure class=\"td-slide-galery-figure td-slide-popup-gallery\">\r\n                            <a class=\"slide-gallery-image-link\" href=\"https:\/\/noticiasmercedinas.com\/site\/wp-content\/uploads\/2019\/09\/3d6a621e-c39b-4464-a200-9ebd92e21fde.jpg\" title=\"3d6a621e-c39b-4464-a200-9ebd92e21fde\"  data-caption=\"\"  data-description=\"\">\r\n                                <img decoding=\"async\" src=\"https:\/\/noticiasmercedinas.com\/site\/wp-content\/uploads\/2019\/09\/3d6a621e-c39b-4464-a200-9ebd92e21fde.jpg\" srcset=\"https:\/\/noticiasmercedinas.com\/site\/wp-content\/uploads\/2019\/09\/3d6a621e-c39b-4464-a200-9ebd92e21fde.jpg 1280w, https:\/\/noticiasmercedinas.com\/site\/wp-content\/uploads\/2019\/09\/3d6a621e-c39b-4464-a200-9ebd92e21fde-300x225.jpg 300w, https:\/\/noticiasmercedinas.com\/site\/wp-content\/uploads\/2019\/09\/3d6a621e-c39b-4464-a200-9ebd92e21fde-768x576.jpg 768w, https:\/\/noticiasmercedinas.com\/site\/wp-content\/uploads\/2019\/09\/3d6a621e-c39b-4464-a200-9ebd92e21fde-1024x768.jpg 1024w, https:\/\/noticiasmercedinas.com\/site\/wp-content\/uploads\/2019\/09\/3d6a621e-c39b-4464-a200-9ebd92e21fde-80x60.jpg 80w, https:\/\/noticiasmercedinas.com\/site\/wp-content\/uploads\/2019\/09\/3d6a621e-c39b-4464-a200-9ebd92e21fde-160x120.jpg 160w, https:\/\/noticiasmercedinas.com\/site\/wp-content\/uploads\/2019\/09\/3d6a621e-c39b-4464-a200-9ebd92e21fde-100x75.jpg 100w, https:\/\/noticiasmercedinas.com\/site\/wp-content\/uploads\/2019\/09\/3d6a621e-c39b-4464-a200-9ebd92e21fde-200x150.jpg 200w, https:\/\/noticiasmercedinas.com\/site\/wp-content\/uploads\/2019\/09\/3d6a621e-c39b-4464-a200-9ebd92e21fde-180x135.jpg 180w, https:\/\/noticiasmercedinas.com\/site\/wp-content\/uploads\/2019\/09\/3d6a621e-c39b-4464-a200-9ebd92e21fde-360x270.jpg 360w, https:\/\/noticiasmercedinas.com\/site\/wp-content\/uploads\/2019\/09\/3d6a621e-c39b-4464-a200-9ebd92e21fde-238x178.jpg 238w, https:\/\/noticiasmercedinas.com\/site\/wp-content\/uploads\/2019\/09\/3d6a621e-c39b-4464-a200-9ebd92e21fde-476x356.jpg 476w, https:\/\/noticiasmercedinas.com\/site\/wp-content\/uploads\/2019\/09\/3d6a621e-c39b-4464-a200-9ebd92e21fde-640x480.jpg 640w, https:\/\/noticiasmercedinas.com\/site\/wp-content\/uploads\/2019\/09\/3d6a621e-c39b-4464-a200-9ebd92e21fde-681x511.jpg 681w\" sizes=\"(max-width: 1280px) 100vw, 1280px\" alt=\"\">\r\n                            <\/a>\r\n                            \r\n                        <\/figure>\r\n                    <\/div>\r\n                    <div class = \"td-slide-item td-item2\">\r\n                        <figure class=\"td-slide-galery-figure td-slide-popup-gallery\">\r\n                            <a class=\"slide-gallery-image-link\" href=\"https:\/\/noticiasmercedinas.com\/site\/wp-content\/uploads\/2019\/09\/fb1a1616-bb57-4496-91be-56d597d31d55.jpg\" title=\"fb1a1616-bb57-4496-91be-56d597d31d55\"  data-caption=\"\"  data-description=\"\">\r\n                                <img decoding=\"async\" src=\"https:\/\/noticiasmercedinas.com\/site\/wp-content\/uploads\/2019\/09\/fb1a1616-bb57-4496-91be-56d597d31d55.jpg\" srcset=\"https:\/\/noticiasmercedinas.com\/site\/wp-content\/uploads\/2019\/09\/fb1a1616-bb57-4496-91be-56d597d31d55.jpg 1032w, https:\/\/noticiasmercedinas.com\/site\/wp-content\/uploads\/2019\/09\/fb1a1616-bb57-4496-91be-56d597d31d55-300x225.jpg 300w, https:\/\/noticiasmercedinas.com\/site\/wp-content\/uploads\/2019\/09\/fb1a1616-bb57-4496-91be-56d597d31d55-768x576.jpg 768w, https:\/\/noticiasmercedinas.com\/site\/wp-content\/uploads\/2019\/09\/fb1a1616-bb57-4496-91be-56d597d31d55-1024x768.jpg 1024w, https:\/\/noticiasmercedinas.com\/site\/wp-content\/uploads\/2019\/09\/fb1a1616-bb57-4496-91be-56d597d31d55-80x60.jpg 80w, https:\/\/noticiasmercedinas.com\/site\/wp-content\/uploads\/2019\/09\/fb1a1616-bb57-4496-91be-56d597d31d55-160x120.jpg 160w, https:\/\/noticiasmercedinas.com\/site\/wp-content\/uploads\/2019\/09\/fb1a1616-bb57-4496-91be-56d597d31d55-100x75.jpg 100w, https:\/\/noticiasmercedinas.com\/site\/wp-content\/uploads\/2019\/09\/fb1a1616-bb57-4496-91be-56d597d31d55-200x150.jpg 200w, https:\/\/noticiasmercedinas.com\/site\/wp-content\/uploads\/2019\/09\/fb1a1616-bb57-4496-91be-56d597d31d55-180x135.jpg 180w, https:\/\/noticiasmercedinas.com\/site\/wp-content\/uploads\/2019\/09\/fb1a1616-bb57-4496-91be-56d597d31d55-360x270.jpg 360w, https:\/\/noticiasmercedinas.com\/site\/wp-content\/uploads\/2019\/09\/fb1a1616-bb57-4496-91be-56d597d31d55-238x178.jpg 238w, https:\/\/noticiasmercedinas.com\/site\/wp-content\/uploads\/2019\/09\/fb1a1616-bb57-4496-91be-56d597d31d55-476x356.jpg 476w, https:\/\/noticiasmercedinas.com\/site\/wp-content\/uploads\/2019\/09\/fb1a1616-bb57-4496-91be-56d597d31d55-640x480.jpg 640w, https:\/\/noticiasmercedinas.com\/site\/wp-content\/uploads\/2019\/09\/fb1a1616-bb57-4496-91be-56d597d31d55-681x511.jpg 681w\" sizes=\"(max-width: 1032px) 100vw, 1032px\" alt=\"\">\r\n                            <\/a>\r\n                            \r\n                        <\/figure>\r\n                    <\/div>\r\n                    <div class = \"td-slide-item td-item3\">\r\n                        <figure class=\"td-slide-galery-figure td-slide-popup-gallery\">\r\n                            <a class=\"slide-gallery-image-link\" href=\"https:\/\/noticiasmercedinas.com\/site\/wp-content\/uploads\/2019\/09\/4592c799-78c6-473d-8d07-a3093c740ab7.jpg\" title=\"4592c799-78c6-473d-8d07-a3093c740ab7\"  data-caption=\"\"  data-description=\"\">\r\n                                <img decoding=\"async\" src=\"https:\/\/noticiasmercedinas.com\/site\/wp-content\/uploads\/2019\/09\/4592c799-78c6-473d-8d07-a3093c740ab7.jpg\" srcset=\"https:\/\/noticiasmercedinas.com\/site\/wp-content\/uploads\/2019\/09\/4592c799-78c6-473d-8d07-a3093c740ab7.jpg 1032w, https:\/\/noticiasmercedinas.com\/site\/wp-content\/uploads\/2019\/09\/4592c799-78c6-473d-8d07-a3093c740ab7-300x225.jpg 300w, https:\/\/noticiasmercedinas.com\/site\/wp-content\/uploads\/2019\/09\/4592c799-78c6-473d-8d07-a3093c740ab7-768x576.jpg 768w, https:\/\/noticiasmercedinas.com\/site\/wp-content\/uploads\/2019\/09\/4592c799-78c6-473d-8d07-a3093c740ab7-1024x768.jpg 1024w, https:\/\/noticiasmercedinas.com\/site\/wp-content\/uploads\/2019\/09\/4592c799-78c6-473d-8d07-a3093c740ab7-80x60.jpg 80w, https:\/\/noticiasmercedinas.com\/site\/wp-content\/uploads\/2019\/09\/4592c799-78c6-473d-8d07-a3093c740ab7-160x120.jpg 160w, https:\/\/noticiasmercedinas.com\/site\/wp-content\/uploads\/2019\/09\/4592c799-78c6-473d-8d07-a3093c740ab7-100x75.jpg 100w, https:\/\/noticiasmercedinas.com\/site\/wp-content\/uploads\/2019\/09\/4592c799-78c6-473d-8d07-a3093c740ab7-200x150.jpg 200w, https:\/\/noticiasmercedinas.com\/site\/wp-content\/uploads\/2019\/09\/4592c799-78c6-473d-8d07-a3093c740ab7-180x135.jpg 180w, https:\/\/noticiasmercedinas.com\/site\/wp-content\/uploads\/2019\/09\/4592c799-78c6-473d-8d07-a3093c740ab7-360x270.jpg 360w, https:\/\/noticiasmercedinas.com\/site\/wp-content\/uploads\/2019\/09\/4592c799-78c6-473d-8d07-a3093c740ab7-238x178.jpg 238w, https:\/\/noticiasmercedinas.com\/site\/wp-content\/uploads\/2019\/09\/4592c799-78c6-473d-8d07-a3093c740ab7-476x356.jpg 476w, https:\/\/noticiasmercedinas.com\/site\/wp-content\/uploads\/2019\/09\/4592c799-78c6-473d-8d07-a3093c740ab7-640x480.jpg 640w, https:\/\/noticiasmercedinas.com\/site\/wp-content\/uploads\/2019\/09\/4592c799-78c6-473d-8d07-a3093c740ab7-681x511.jpg 681w\" sizes=\"(max-width: 1032px) 100vw, 1032px\" alt=\"\">\r\n                            <\/a>\r\n                            \r\n                        <\/figure>\r\n                    <\/div>\r\n                    <div class = \"td-slide-item td-item4\">\r\n                        <figure class=\"td-slide-galery-figure td-slide-popup-gallery\">\r\n                            <a class=\"slide-gallery-image-link\" href=\"https:\/\/noticiasmercedinas.com\/site\/wp-content\/uploads\/2019\/09\/08bfc1ed-e35e-4c8f-bb86-346a871ed2ef.jpg\" title=\"08bfc1ed-e35e-4c8f-bb86-346a871ed2ef\"  data-caption=\"\"  data-description=\"\">\r\n                                <img decoding=\"async\" src=\"https:\/\/noticiasmercedinas.com\/site\/wp-content\/uploads\/2019\/09\/08bfc1ed-e35e-4c8f-bb86-346a871ed2ef.jpg\" srcset=\"https:\/\/noticiasmercedinas.com\/site\/wp-content\/uploads\/2019\/09\/08bfc1ed-e35e-4c8f-bb86-346a871ed2ef.jpg 1280w, https:\/\/noticiasmercedinas.com\/site\/wp-content\/uploads\/2019\/09\/08bfc1ed-e35e-4c8f-bb86-346a871ed2ef-300x225.jpg 300w, https:\/\/noticiasmercedinas.com\/site\/wp-content\/uploads\/2019\/09\/08bfc1ed-e35e-4c8f-bb86-346a871ed2ef-768x576.jpg 768w, https:\/\/noticiasmercedinas.com\/site\/wp-content\/uploads\/2019\/09\/08bfc1ed-e35e-4c8f-bb86-346a871ed2ef-1024x768.jpg 1024w, https:\/\/noticiasmercedinas.com\/site\/wp-content\/uploads\/2019\/09\/08bfc1ed-e35e-4c8f-bb86-346a871ed2ef-80x60.jpg 80w, https:\/\/noticiasmercedinas.com\/site\/wp-content\/uploads\/2019\/09\/08bfc1ed-e35e-4c8f-bb86-346a871ed2ef-160x120.jpg 160w, https:\/\/noticiasmercedinas.com\/site\/wp-content\/uploads\/2019\/09\/08bfc1ed-e35e-4c8f-bb86-346a871ed2ef-100x75.jpg 100w, https:\/\/noticiasmercedinas.com\/site\/wp-content\/uploads\/2019\/09\/08bfc1ed-e35e-4c8f-bb86-346a871ed2ef-200x150.jpg 200w, https:\/\/noticiasmercedinas.com\/site\/wp-content\/uploads\/2019\/09\/08bfc1ed-e35e-4c8f-bb86-346a871ed2ef-180x135.jpg 180w, https:\/\/noticiasmercedinas.com\/site\/wp-content\/uploads\/2019\/09\/08bfc1ed-e35e-4c8f-bb86-346a871ed2ef-360x270.jpg 360w, https:\/\/noticiasmercedinas.com\/site\/wp-content\/uploads\/2019\/09\/08bfc1ed-e35e-4c8f-bb86-346a871ed2ef-238x178.jpg 238w, https:\/\/noticiasmercedinas.com\/site\/wp-content\/uploads\/2019\/09\/08bfc1ed-e35e-4c8f-bb86-346a871ed2ef-476x356.jpg 476w, https:\/\/noticiasmercedinas.com\/site\/wp-content\/uploads\/2019\/09\/08bfc1ed-e35e-4c8f-bb86-346a871ed2ef-640x480.jpg 640w, https:\/\/noticiasmercedinas.com\/site\/wp-content\/uploads\/2019\/09\/08bfc1ed-e35e-4c8f-bb86-346a871ed2ef-681x511.jpg 681w\" sizes=\"(max-width: 1280px) 100vw, 1280px\" alt=\"\">\r\n                            <\/a>\r\n                            \r\n                        <\/figure>\r\n                    <\/div>\r\n                            <\/div>\r\n                        <\/div>\r\n\r\n                        <div class = \"td-doubleSlider-2\">\r\n                            <div class = \"td-slider\">\r\n                                \r\n                    <div class = \"td-button td-item1\">\r\n                        <div class = \"td-border\"><\/div>\r\n                    <\/div>\r\n                    <div class = \"td-button td-item2\">\r\n                        <div class = \"td-border\"><\/div>\r\n                    <\/div>\r\n                    <div class = \"td-button td-item3\">\r\n                        <div class = \"td-border\"><\/div>\r\n                    <\/div>\r\n                    <div class = \"td-button td-item4\">\r\n                        <div class = \"td-border\"><\/div>\r\n                    <\/div>\r\n                            <\/div>\r\n                        <\/div>\r\n\r\n                    <\/div>\r\n\r\n                <\/div>\r\n                \n<p>El s\u00e1bado 31 y domingo 1 de septiembre, <strong>Omar \u201cPelusa\u201d Gonz\u00e1lez<\/strong> visit\u00f3 Chaco con el apoyo de la Gendarmer\u00eda Nacional a cargo del comandante general Carlos V\u00e9lez con todo el escuadr\u00f3n n\u00famero 1 de S\u00e1enz Pe\u00f1a, Chaco.<\/p>\n<p>\u201cViajamos con la intenci\u00f3n de apadrinar un comedor en el barrio Nueva Esperanza de Quitilipi, Chaco, as\u00ed que con la gente de Gendarmer\u00eda nos llegamos hasta Quitilipi al barrio Nueva Esperanza y all\u00ed nos esperaban un centenar de ni\u00f1os, con la esperanza de que lo apadrin\u00e1ramos y as\u00ed se hizo\u201d, cont\u00f3 a este medio el propio Omar Gonz\u00e1lez, quien ser\u00e1 de esta manera padrino de ese comedor chaque\u00f1o.<\/p>\n<p>En el lugar fueron recibidos por la maestra Vanesa Villalba, por su hermana Claudia Villalba &#8211;que es quien lleva adelante el comedor en el barrio Kitty. \u201cHubo mucha alegr\u00eda, muchas necesidades que intentaremos cubrir con la solidaridad de todos los que conf\u00edan en nosotros y nos dan su ayuda para que llegue al Chaco\u201d, indic\u00f3 Gonz\u00e1lez, quien les cont\u00f3 que no trabaja solo. \u201cEn esto que tengo el apoyo de los voluntarios m\u00e1s cercanos, como Mar\u00eda Cecilia Langan, <em>Chiqui<\/em> Acenso, Mar\u00eda Cecilia Zazzali, Malena del Gi\u00fadice, el <em>Chino<\/em> P\u00e9rez\u2026 toda gente que me da una mano grande para que las cosas puedan llegar para los ni\u00f1os del Chaco. Tambi\u00e9n les cont\u00e9 de la solidaridad de mis conciudadanos, que cuando el Chaco se inunda ellos no titubean y no tienen dudas y colaboran porque saben que las cosas llegan a nuestros hermanos\u201d, dijo.<\/p>\n<p>\u201cFue una experiencia muy fuerte, muy linda, y me sirvi\u00f3 para comprometerme a\u00fan mucho m\u00e1s con la solidaridad y no abandonar a estos chicos de esta familia del barrio Nueva Esperanza de Chaco, en Quitilipi\u201d, expres\u00f3 Gonz\u00e1lez con emoci\u00f3n.<\/p>\n<p>La visita a Chaco para Gonz\u00e1lez tuvo momentos que no olvidar\u00e1: \u201cHubo una situaci\u00f3n muy fuertes\u201d, coment\u00f3. \u201cCuando un ni\u00f1o que se llama Gonzalo, con la cabeza gacha, me hablaba bajito, le acarici\u00e9 las manos y apoy\u00e9 mi o\u00eddo cerca de su cara para poder o\u00edrlo. Me dijo <em>Pelusa, s\u00f3lo quer\u00eda abrazarte<\/em>, as\u00ed que fui yo qui\u00e9n lo abraz\u00f3 y le dije <em>El abrazo te lo voy a dar yo<\/em>. Eso fue muy lindo, muy fuerte, muy emotivo para mi coraz\u00f3n. Me hizo mucho bien\u201d, indic\u00f3.<\/p>\n","protected":false},"excerpt":{"rendered":"<p>El s\u00e1bado 31 y domingo 1 de septiembre, Omar \u201cPelusa\u201d Gonz\u00e1lez visit\u00f3 Chaco con el apoyo de la Gendarmer\u00eda Nacional a cargo del comandante general Carlos V\u00e9lez con todo el escuadr\u00f3n n\u00famero 1 de S\u00e1enz Pe\u00f1a, Chaco. \u201cViajamos con la intenci\u00f3n de apadrinar un comedor en el barrio Nueva Esperanza de Quitilipi, Chaco, as\u00ed que [&hellip;]<\/p>\n","protected":false},"author":2,"featured_media":27191,"comment_status":"open","ping_status":"open","sticky":false,"template":"","format":"standard","meta":{"footnotes":""},"categories":[3],"tags":[3301,6305,6303,924,3367,6121,6304,4845,81],"class_list":["post-27189","post","type-post","status-publish","format-standard","has-post-thumbnail","hentry","category-sociedad","tag-chaco","tag-chino-perez","tag-chiqui-acenso","tag-gendarmeria-nacional","tag-malena-del-giudice","tag-maria-cecilia-langan","tag-maria-cecilia-zazzali","tag-omar-pelusa-gonzalez","tag-solidaridad"],"yoast_head":"<!-- This site is optimized with the Yoast SEO plugin v27.4 - https:\/\/yoast.com\/product\/yoast-seo-wordpress\/ -->\n<title>Mercedino apadrina a un comedor en Chaco<\/title>\n<meta name=\"robots\" content=\"index, follow, max-snippet:-1, max-image-preview:large, max-video-preview:-1\" \/>\n<link rel=\"canonical\" href=\"https:\/\/noticiasmercedinas.com\/site\/2019\/09\/04\/mercedino-apadrina-a-un-comedor-en-chaco\/\" \/>\n<meta property=\"og:locale\" content=\"es_ES\" \/>\n<meta property=\"og:type\" content=\"article\" \/>\n<meta property=\"og:title\" content=\"Mercedino apadrina a un comedor en Chaco\" \/>\n<meta property=\"og:description\" content=\"El s\u00e1bado 31 y domingo 1 de septiembre, Omar \u201cPelusa\u201d Gonz\u00e1lez visit\u00f3 Chaco con el apoyo de la Gendarmer\u00eda Nacional a cargo del comandante general Carlos V\u00e9lez con todo el escuadr\u00f3n n\u00famero 1 de S\u00e1enz Pe\u00f1a, Chaco. \u201cViajamos con la intenci\u00f3n de apadrinar un comedor en el barrio Nueva Esperanza de Quitilipi, Chaco, as\u00ed que [&hellip;]\" \/>\n<meta property=\"og:url\" content=\"https:\/\/noticiasmercedinas.com\/site\/2019\/09\/04\/mercedino-apadrina-a-un-comedor-en-chaco\/\" \/>\n<meta property=\"og:site_name\" content=\"NOTICIASMERCEDINAS.COM\" \/>\n<meta property=\"article:publisher\" content=\"https:\/\/www.facebook.com\/noticiasmercedinas\/\" \/>\n<meta property=\"article:author\" content=\"https:\/\/www.facebook.com\/cristian.falabella\" \/>\n<meta property=\"article:published_time\" content=\"2019-09-04T12:46:37+00:00\" \/>\n<meta property=\"og:image\" content=\"https:\/\/noticiasmercedinas.com\/site\/wp-content\/uploads\/2019\/09\/fb1a1616-bb57-4496-91be-56d597d31d55.jpg\" \/>\n\t<meta property=\"og:image:width\" content=\"1032\" \/>\n\t<meta property=\"og:image:height\" content=\"774\" \/>\n\t<meta property=\"og:image:type\" content=\"image\/jpeg\" \/>\n<meta name=\"author\" content=\"Cristian Falabella NOTICIASMERCEDINAS.COM\" \/>\n<meta name=\"twitter:card\" content=\"summary_large_image\" \/>\n<meta name=\"twitter:creator\" content=\"@https:\/\/twitter.com\/NOTMERCEDINAS\" \/>\n<meta name=\"twitter:site\" content=\"@notmercedinas\" \/>\n<meta name=\"twitter:label1\" content=\"Escrito por\" \/>\n\t<meta name=\"twitter:data1\" content=\"Cristian Falabella NOTICIASMERCEDINAS.COM\" \/>\n\t<meta name=\"twitter:label2\" content=\"Tiempo de lectura\" \/>\n\t<meta name=\"twitter:data2\" content=\"2 minutos\" \/>\n<script type=\"application\/ld+json\" class=\"yoast-schema-graph\">{\"@context\":\"https:\\\/\\\/schema.org\",\"@graph\":[{\"@type\":\"Article\",\"@id\":\"https:\\\/\\\/noticiasmercedinas.com\\\/site\\\/2019\\\/09\\\/04\\\/mercedino-apadrina-a-un-comedor-en-chaco\\\/#article\",\"isPartOf\":{\"@id\":\"https:\\\/\\\/noticiasmercedinas.com\\\/site\\\/2019\\\/09\\\/04\\\/mercedino-apadrina-a-un-comedor-en-chaco\\\/\"},\"author\":{\"name\":\"Cristian Falabella NOTICIASMERCEDINAS.COM\",\"@id\":\"https:\\\/\\\/noticiasmercedinas.com\\\/site\\\/#\\\/schema\\\/person\\\/d481a9696a5feaec13a60e2bbd991a6a\"},\"headline\":\"Mercedino apadrina a un comedor en Chaco\",\"datePublished\":\"2019-09-04T12:46:37+00:00\",\"mainEntityOfPage\":{\"@id\":\"https:\\\/\\\/noticiasmercedinas.com\\\/site\\\/2019\\\/09\\\/04\\\/mercedino-apadrina-a-un-comedor-en-chaco\\\/\"},\"wordCount\":424,\"commentCount\":0,\"publisher\":{\"@id\":\"https:\\\/\\\/noticiasmercedinas.com\\\/site\\\/#organization\"},\"image\":{\"@id\":\"https:\\\/\\\/noticiasmercedinas.com\\\/site\\\/2019\\\/09\\\/04\\\/mercedino-apadrina-a-un-comedor-en-chaco\\\/#primaryimage\"},\"thumbnailUrl\":\"https:\\\/\\\/noticiasmercedinas.com\\\/site\\\/wp-content\\\/uploads\\\/2019\\\/09\\\/fb1a1616-bb57-4496-91be-56d597d31d55.jpg\",\"keywords\":[\"chaco\",\"Chino P\u00e9rez\",\"Chiqui Acenso\",\"gendarmeria nacional\",\"malena del giudice\",\"Mar\u00eda Cecilia Langan\",\"Mar\u00eda Cecilia Zazzali\",\"omar pelusa gonzalez\",\"solidaridad\"],\"articleSection\":[\"Sociedad\"],\"inLanguage\":\"es\",\"potentialAction\":[{\"@type\":\"CommentAction\",\"name\":\"Comment\",\"target\":[\"https:\\\/\\\/noticiasmercedinas.com\\\/site\\\/2019\\\/09\\\/04\\\/mercedino-apadrina-a-un-comedor-en-chaco\\\/#respond\"]}]},{\"@type\":\"WebPage\",\"@id\":\"https:\\\/\\\/noticiasmercedinas.com\\\/site\\\/2019\\\/09\\\/04\\\/mercedino-apadrina-a-un-comedor-en-chaco\\\/\",\"url\":\"https:\\\/\\\/noticiasmercedinas.com\\\/site\\\/2019\\\/09\\\/04\\\/mercedino-apadrina-a-un-comedor-en-chaco\\\/\",\"name\":\"Mercedino apadrina a un comedor en Chaco\",\"isPartOf\":{\"@id\":\"https:\\\/\\\/noticiasmercedinas.com\\\/site\\\/#website\"},\"primaryImageOfPage\":{\"@id\":\"https:\\\/\\\/noticiasmercedinas.com\\\/site\\\/2019\\\/09\\\/04\\\/mercedino-apadrina-a-un-comedor-en-chaco\\\/#primaryimage\"},\"image\":{\"@id\":\"https:\\\/\\\/noticiasmercedinas.com\\\/site\\\/2019\\\/09\\\/04\\\/mercedino-apadrina-a-un-comedor-en-chaco\\\/#primaryimage\"},\"thumbnailUrl\":\"https:\\\/\\\/noticiasmercedinas.com\\\/site\\\/wp-content\\\/uploads\\\/2019\\\/09\\\/fb1a1616-bb57-4496-91be-56d597d31d55.jpg\",\"datePublished\":\"2019-09-04T12:46:37+00:00\",\"breadcrumb\":{\"@id\":\"https:\\\/\\\/noticiasmercedinas.com\\\/site\\\/2019\\\/09\\\/04\\\/mercedino-apadrina-a-un-comedor-en-chaco\\\/#breadcrumb\"},\"inLanguage\":\"es\",\"potentialAction\":[{\"@type\":\"ReadAction\",\"target\":[\"https:\\\/\\\/noticiasmercedinas.com\\\/site\\\/2019\\\/09\\\/04\\\/mercedino-apadrina-a-un-comedor-en-chaco\\\/\"]}]},{\"@type\":\"ImageObject\",\"inLanguage\":\"es\",\"@id\":\"https:\\\/\\\/noticiasmercedinas.com\\\/site\\\/2019\\\/09\\\/04\\\/mercedino-apadrina-a-un-comedor-en-chaco\\\/#primaryimage\",\"url\":\"https:\\\/\\\/noticiasmercedinas.com\\\/site\\\/wp-content\\\/uploads\\\/2019\\\/09\\\/fb1a1616-bb57-4496-91be-56d597d31d55.jpg\",\"contentUrl\":\"https:\\\/\\\/noticiasmercedinas.com\\\/site\\\/wp-content\\\/uploads\\\/2019\\\/09\\\/fb1a1616-bb57-4496-91be-56d597d31d55.jpg\",\"width\":1032,\"height\":774},{\"@type\":\"BreadcrumbList\",\"@id\":\"https:\\\/\\\/noticiasmercedinas.com\\\/site\\\/2019\\\/09\\\/04\\\/mercedino-apadrina-a-un-comedor-en-chaco\\\/#breadcrumb\",\"itemListElement\":[{\"@type\":\"ListItem\",\"position\":1,\"name\":\"Portada\",\"item\":\"https:\\\/\\\/noticiasmercedinas.com\\\/site\\\/\"},{\"@type\":\"ListItem\",\"position\":2,\"name\":\"Mercedino apadrina a un comedor en Chaco\"}]},{\"@type\":\"WebSite\",\"@id\":\"https:\\\/\\\/noticiasmercedinas.com\\\/site\\\/#website\",\"url\":\"https:\\\/\\\/noticiasmercedinas.com\\\/site\\\/\",\"name\":\"NOTICIASMERCEDINAS.COM\",\"description\":\"Mercedes, Buenos Aires, Argentina\",\"publisher\":{\"@id\":\"https:\\\/\\\/noticiasmercedinas.com\\\/site\\\/#organization\"},\"potentialAction\":[{\"@type\":\"SearchAction\",\"target\":{\"@type\":\"EntryPoint\",\"urlTemplate\":\"https:\\\/\\\/noticiasmercedinas.com\\\/site\\\/?s={search_term_string}\"},\"query-input\":{\"@type\":\"PropertyValueSpecification\",\"valueRequired\":true,\"valueName\":\"search_term_string\"}}],\"inLanguage\":\"es\"},{\"@type\":\"Organization\",\"@id\":\"https:\\\/\\\/noticiasmercedinas.com\\\/site\\\/#organization\",\"name\":\"NOTICIASMERCEDINAS.COM\",\"url\":\"https:\\\/\\\/noticiasmercedinas.com\\\/site\\\/\",\"logo\":{\"@type\":\"ImageObject\",\"inLanguage\":\"es\",\"@id\":\"https:\\\/\\\/noticiasmercedinas.com\\\/site\\\/#\\\/schema\\\/logo\\\/image\\\/\",\"url\":\"https:\\\/\\\/noticiasmercedinas.com\\\/site\\\/wp-content\\\/uploads\\\/2020\\\/06\\\/LOGO-512.jpg\",\"contentUrl\":\"https:\\\/\\\/noticiasmercedinas.com\\\/site\\\/wp-content\\\/uploads\\\/2020\\\/06\\\/LOGO-512.jpg\",\"width\":512,\"height\":512,\"caption\":\"NOTICIASMERCEDINAS.COM\"},\"image\":{\"@id\":\"https:\\\/\\\/noticiasmercedinas.com\\\/site\\\/#\\\/schema\\\/logo\\\/image\\\/\"},\"sameAs\":[\"https:\\\/\\\/www.facebook.com\\\/noticiasmercedinas\\\/\",\"https:\\\/\\\/x.com\\\/notmercedinas\",\"https:\\\/\\\/www.instagram.com\\\/noticiasmercedinas\\\/\"]},{\"@type\":\"Person\",\"@id\":\"https:\\\/\\\/noticiasmercedinas.com\\\/site\\\/#\\\/schema\\\/person\\\/d481a9696a5feaec13a60e2bbd991a6a\",\"name\":\"Cristian Falabella NOTICIASMERCEDINAS.COM\",\"image\":{\"@type\":\"ImageObject\",\"inLanguage\":\"es\",\"@id\":\"https:\\\/\\\/secure.gravatar.com\\\/avatar\\\/0dbbfc45970cc46bcd0e57766228574ff3511d6eed045b182f536f0f478c1f06?s=96&d=mm&r=g\",\"url\":\"https:\\\/\\\/secure.gravatar.com\\\/avatar\\\/0dbbfc45970cc46bcd0e57766228574ff3511d6eed045b182f536f0f478c1f06?s=96&d=mm&r=g\",\"contentUrl\":\"https:\\\/\\\/secure.gravatar.com\\\/avatar\\\/0dbbfc45970cc46bcd0e57766228574ff3511d6eed045b182f536f0f478c1f06?s=96&d=mm&r=g\",\"caption\":\"Cristian Falabella NOTICIASMERCEDINAS.COM\"},\"description\":\"Periodista, editor de Noticias Mercedinas. Pas\u00f3 por varias redacciones y emprendimientos de prensa, en distintos formatos y \u00e9pocas. Se especializ\u00f3 --y sigue haci\u00e9ndolo-- en comunicaci\u00f3n en la web y en junio de 2006 fund\u00f3 este diario digital.\",\"sameAs\":[\"https:\\\/\\\/noticiasmercedinas.com\",\"https:\\\/\\\/www.facebook.com\\\/cristian.falabella\",\"https:\\\/\\\/www.instagram.com\\\/noticiasmercedinas\\\/\",\"https:\\\/\\\/x.com\\\/https:\\\/\\\/twitter.com\\\/NOTMERCEDINAS\"],\"url\":\"https:\\\/\\\/noticiasmercedinas.com\\\/site\\\/author\\\/as000384\\\/\"}]}<\/script>\n<!-- \/ Yoast SEO plugin. -->","yoast_head_json":{"title":"Mercedino apadrina a un comedor en Chaco","robots":{"index":"index","follow":"follow","max-snippet":"max-snippet:-1","max-image-preview":"max-image-preview:large","max-video-preview":"max-video-preview:-1"},"canonical":"https:\/\/noticiasmercedinas.com\/site\/2019\/09\/04\/mercedino-apadrina-a-un-comedor-en-chaco\/","og_locale":"es_ES","og_type":"article","og_title":"Mercedino apadrina a un comedor en Chaco","og_description":"El s\u00e1bado 31 y domingo 1 de septiembre, Omar \u201cPelusa\u201d Gonz\u00e1lez visit\u00f3 Chaco con el apoyo de la Gendarmer\u00eda Nacional a cargo del comandante general Carlos V\u00e9lez con todo el escuadr\u00f3n n\u00famero 1 de S\u00e1enz Pe\u00f1a, Chaco. \u201cViajamos con la intenci\u00f3n de apadrinar un comedor en el barrio Nueva Esperanza de Quitilipi, Chaco, as\u00ed que [&hellip;]","og_url":"https:\/\/noticiasmercedinas.com\/site\/2019\/09\/04\/mercedino-apadrina-a-un-comedor-en-chaco\/","og_site_name":"NOTICIASMERCEDINAS.COM","article_publisher":"https:\/\/www.facebook.com\/noticiasmercedinas\/","article_author":"https:\/\/www.facebook.com\/cristian.falabella","article_published_time":"2019-09-04T12:46:37+00:00","og_image":[{"width":1032,"height":774,"url":"https:\/\/noticiasmercedinas.com\/site\/wp-content\/uploads\/2019\/09\/fb1a1616-bb57-4496-91be-56d597d31d55.jpg","type":"image\/jpeg"}],"author":"Cristian Falabella NOTICIASMERCEDINAS.COM","twitter_card":"summary_large_image","twitter_creator":"@https:\/\/twitter.com\/NOTMERCEDINAS","twitter_site":"@notmercedinas","twitter_misc":{"Escrito por":"Cristian Falabella NOTICIASMERCEDINAS.COM","Tiempo de lectura":"2 minutos"},"schema":{"@context":"https:\/\/schema.org","@graph":[{"@type":"Article","@id":"https:\/\/noticiasmercedinas.com\/site\/2019\/09\/04\/mercedino-apadrina-a-un-comedor-en-chaco\/#article","isPartOf":{"@id":"https:\/\/noticiasmercedinas.com\/site\/2019\/09\/04\/mercedino-apadrina-a-un-comedor-en-chaco\/"},"author":{"name":"Cristian Falabella NOTICIASMERCEDINAS.COM","@id":"https:\/\/noticiasmercedinas.com\/site\/#\/schema\/person\/d481a9696a5feaec13a60e2bbd991a6a"},"headline":"Mercedino apadrina a un comedor en Chaco","datePublished":"2019-09-04T12:46:37+00:00","mainEntityOfPage":{"@id":"https:\/\/noticiasmercedinas.com\/site\/2019\/09\/04\/mercedino-apadrina-a-un-comedor-en-chaco\/"},"wordCount":424,"commentCount":0,"publisher":{"@id":"https:\/\/noticiasmercedinas.com\/site\/#organization"},"image":{"@id":"https:\/\/noticiasmercedinas.com\/site\/2019\/09\/04\/mercedino-apadrina-a-un-comedor-en-chaco\/#primaryimage"},"thumbnailUrl":"https:\/\/noticiasmercedinas.com\/site\/wp-content\/uploads\/2019\/09\/fb1a1616-bb57-4496-91be-56d597d31d55.jpg","keywords":["chaco","Chino P\u00e9rez","Chiqui Acenso","gendarmeria nacional","malena del giudice","Mar\u00eda Cecilia Langan","Mar\u00eda Cecilia Zazzali","omar pelusa gonzalez","solidaridad"],"articleSection":["Sociedad"],"inLanguage":"es","potentialAction":[{"@type":"CommentAction","name":"Comment","target":["https:\/\/noticiasmercedinas.com\/site\/2019\/09\/04\/mercedino-apadrina-a-un-comedor-en-chaco\/#respond"]}]},{"@type":"WebPage","@id":"https:\/\/noticiasmercedinas.com\/site\/2019\/09\/04\/mercedino-apadrina-a-un-comedor-en-chaco\/","url":"https:\/\/noticiasmercedinas.com\/site\/2019\/09\/04\/mercedino-apadrina-a-un-comedor-en-chaco\/","name":"Mercedino apadrina a un comedor en Chaco","isPartOf":{"@id":"https:\/\/noticiasmercedinas.com\/site\/#website"},"primaryImageOfPage":{"@id":"https:\/\/noticiasmercedinas.com\/site\/2019\/09\/04\/mercedino-apadrina-a-un-comedor-en-chaco\/#primaryimage"},"image":{"@id":"https:\/\/noticiasmercedinas.com\/site\/2019\/09\/04\/mercedino-apadrina-a-un-comedor-en-chaco\/#primaryimage"},"thumbnailUrl":"https:\/\/noticiasmercedinas.com\/site\/wp-content\/uploads\/2019\/09\/fb1a1616-bb57-4496-91be-56d597d31d55.jpg","datePublished":"2019-09-04T12:46:37+00:00","breadcrumb":{"@id":"https:\/\/noticiasmercedinas.com\/site\/2019\/09\/04\/mercedino-apadrina-a-un-comedor-en-chaco\/#breadcrumb"},"inLanguage":"es","potentialAction":[{"@type":"ReadAction","target":["https:\/\/noticiasmercedinas.com\/site\/2019\/09\/04\/mercedino-apadrina-a-un-comedor-en-chaco\/"]}]},{"@type":"ImageObject","inLanguage":"es","@id":"https:\/\/noticiasmercedinas.com\/site\/2019\/09\/04\/mercedino-apadrina-a-un-comedor-en-chaco\/#primaryimage","url":"https:\/\/noticiasmercedinas.com\/site\/wp-content\/uploads\/2019\/09\/fb1a1616-bb57-4496-91be-56d597d31d55.jpg","contentUrl":"https:\/\/noticiasmercedinas.com\/site\/wp-content\/uploads\/2019\/09\/fb1a1616-bb57-4496-91be-56d597d31d55.jpg","width":1032,"height":774},{"@type":"BreadcrumbList","@id":"https:\/\/noticiasmercedinas.com\/site\/2019\/09\/04\/mercedino-apadrina-a-un-comedor-en-chaco\/#breadcrumb","itemListElement":[{"@type":"ListItem","position":1,"name":"Portada","item":"https:\/\/noticiasmercedinas.com\/site\/"},{"@type":"ListItem","position":2,"name":"Mercedino apadrina a un comedor en Chaco"}]},{"@type":"WebSite","@id":"https:\/\/noticiasmercedinas.com\/site\/#website","url":"https:\/\/noticiasmercedinas.com\/site\/","name":"NOTICIASMERCEDINAS.COM","description":"Mercedes, Buenos Aires, Argentina","publisher":{"@id":"https:\/\/noticiasmercedinas.com\/site\/#organization"},"potentialAction":[{"@type":"SearchAction","target":{"@type":"EntryPoint","urlTemplate":"https:\/\/noticiasmercedinas.com\/site\/?s={search_term_string}"},"query-input":{"@type":"PropertyValueSpecification","valueRequired":true,"valueName":"search_term_string"}}],"inLanguage":"es"},{"@type":"Organization","@id":"https:\/\/noticiasmercedinas.com\/site\/#organization","name":"NOTICIASMERCEDINAS.COM","url":"https:\/\/noticiasmercedinas.com\/site\/","logo":{"@type":"ImageObject","inLanguage":"es","@id":"https:\/\/noticiasmercedinas.com\/site\/#\/schema\/logo\/image\/","url":"https:\/\/noticiasmercedinas.com\/site\/wp-content\/uploads\/2020\/06\/LOGO-512.jpg","contentUrl":"https:\/\/noticiasmercedinas.com\/site\/wp-content\/uploads\/2020\/06\/LOGO-512.jpg","width":512,"height":512,"caption":"NOTICIASMERCEDINAS.COM"},"image":{"@id":"https:\/\/noticiasmercedinas.com\/site\/#\/schema\/logo\/image\/"},"sameAs":["https:\/\/www.facebook.com\/noticiasmercedinas\/","https:\/\/x.com\/notmercedinas","https:\/\/www.instagram.com\/noticiasmercedinas\/"]},{"@type":"Person","@id":"https:\/\/noticiasmercedinas.com\/site\/#\/schema\/person\/d481a9696a5feaec13a60e2bbd991a6a","name":"Cristian Falabella NOTICIASMERCEDINAS.COM","image":{"@type":"ImageObject","inLanguage":"es","@id":"https:\/\/secure.gravatar.com\/avatar\/0dbbfc45970cc46bcd0e57766228574ff3511d6eed045b182f536f0f478c1f06?s=96&d=mm&r=g","url":"https:\/\/secure.gravatar.com\/avatar\/0dbbfc45970cc46bcd0e57766228574ff3511d6eed045b182f536f0f478c1f06?s=96&d=mm&r=g","contentUrl":"https:\/\/secure.gravatar.com\/avatar\/0dbbfc45970cc46bcd0e57766228574ff3511d6eed045b182f536f0f478c1f06?s=96&d=mm&r=g","caption":"Cristian Falabella NOTICIASMERCEDINAS.COM"},"description":"Periodista, editor de Noticias Mercedinas. Pas\u00f3 por varias redacciones y emprendimientos de prensa, en distintos formatos y \u00e9pocas. Se especializ\u00f3 --y sigue haci\u00e9ndolo-- en comunicaci\u00f3n en la web y en junio de 2006 fund\u00f3 este diario digital.","sameAs":["https:\/\/noticiasmercedinas.com","https:\/\/www.facebook.com\/cristian.falabella","https:\/\/www.instagram.com\/noticiasmercedinas\/","https:\/\/x.com\/https:\/\/twitter.com\/NOTMERCEDINAS"],"url":"https:\/\/noticiasmercedinas.com\/site\/author\/as000384\/"}]}},"amp_enabled":true,"_links":{"self":[{"href":"https:\/\/noticiasmercedinas.com\/site\/wp-json\/wp\/v2\/posts\/27189","targetHints":{"allow":["GET"]}}],"collection":[{"href":"https:\/\/noticiasmercedinas.com\/site\/wp-json\/wp\/v2\/posts"}],"about":[{"href":"https:\/\/noticiasmercedinas.com\/site\/wp-json\/wp\/v2\/types\/post"}],"author":[{"embeddable":true,"href":"https:\/\/noticiasmercedinas.com\/site\/wp-json\/wp\/v2\/users\/2"}],"replies":[{"embeddable":true,"href":"https:\/\/noticiasmercedinas.com\/site\/wp-json\/wp\/v2\/comments?post=27189"}],"version-history":[{"count":1,"href":"https:\/\/noticiasmercedinas.com\/site\/wp-json\/wp\/v2\/posts\/27189\/revisions"}],"predecessor-version":[{"id":27194,"href":"https:\/\/noticiasmercedinas.com\/site\/wp-json\/wp\/v2\/posts\/27189\/revisions\/27194"}],"wp:featuredmedia":[{"embeddable":true,"href":"https:\/\/noticiasmercedinas.com\/site\/wp-json\/wp\/v2\/media\/27191"}],"wp:attachment":[{"href":"https:\/\/noticiasmercedinas.com\/site\/wp-json\/wp\/v2\/media?parent=27189"}],"wp:term":[{"taxonomy":"category","embeddable":true,"href":"https:\/\/noticiasmercedinas.com\/site\/wp-json\/wp\/v2\/categories?post=27189"},{"taxonomy":"post_tag","embeddable":true,"href":"https:\/\/noticiasmercedinas.com\/site\/wp-json\/wp\/v2\/tags?post=27189"}],"curies":[{"name":"wp","href":"https:\/\/api.w.org\/{rel}","templated":true}]}}