{"id":27221,"date":"2019-09-04T18:25:35","date_gmt":"2019-09-04T21:25:35","guid":{"rendered":"https:\/\/noticiasmercedinas.com\/site\/?p=27221"},"modified":"2019-09-04T20:16:09","modified_gmt":"2019-09-04T23:16:09","slug":"paro-docente-este-jueves-sin-clases-en-escuelas-publicas","status":"publish","type":"post","link":"https:\/\/noticiasmercedinas.com\/site\/2019\/09\/04\/paro-docente-este-jueves-sin-clases-en-escuelas-publicas\/","title":{"rendered":"Paro docente este jueves: sin clases en escuelas p\u00fablicas"},"content":{"rendered":"<p><img loading=\"lazy\" decoding=\"async\" class=\"alignnone size-full wp-image-7981\" src=\"https:\/\/noticiasmercedinas.com\/site\/wp-content\/uploads\/2018\/11\/paro.jpg\" alt=\"\" width=\"770\" height=\"471\" srcset=\"https:\/\/noticiasmercedinas.com\/site\/wp-content\/uploads\/2018\/11\/paro.jpg 770w, https:\/\/noticiasmercedinas.com\/site\/wp-content\/uploads\/2018\/11\/paro-300x184.jpg 300w, https:\/\/noticiasmercedinas.com\/site\/wp-content\/uploads\/2018\/11\/paro-768x470.jpg 768w, https:\/\/noticiasmercedinas.com\/site\/wp-content\/uploads\/2018\/11\/paro-640x391.jpg 640w, https:\/\/noticiasmercedinas.com\/site\/wp-content\/uploads\/2018\/11\/paro-681x417.jpg 681w\" sizes=\"auto, (max-width: 770px) 100vw, 770px\" \/><\/p>\n<p>Desde distintas escuelas p\u00fablicas de la ciudad comunicaron que este jueves las clases se ver\u00e1n resentidas, por el anunciado paro nacional docente.<\/p>\n<p>En el marco del Paro Nacional Docente convocado por la CTERA para ma\u00f1ana, jueves 5 de septiembre, se realizar\u00e1 una movilizaci\u00f3n en solidaridad con los trabajadores de Chubut, contra los hechos de violencia que sufrieron; volviendo a exigir Paritaria Nacional Docente y la soluci\u00f3n de los conflictos provinciales.<\/p>\n<p>\u00abNos concentramos a las 10 horas en la Casa de la Provincia de Chubut, 9 de Julio y Sarmiento (CABA)\u00bb, se\u00f1alaron en un comunicado.<\/p>\n<p>De esta manera y en un grave panorama de reclamo de derechos laborales y salariales vuelven las medidas de fuerza a los establecimientos educativos.<\/p>\n<p>La delegaci\u00f3n sur de la Asociaci\u00f3n de Trabajadores de la Educaci\u00f3n del Chubut (Atech) present\u00f3 una denuncia colectiva por las \u00abagresiones\u00bb que sufrieron este mi\u00e9rcoles a la madrugada por una patota del sindicato de petroleros, que los \u00abgolpe\u00f3\u00bb para despejar la ruta en la que protestaban al sur de Comodoro Rivadavia por las demoras en el pago de sus salarios, tal cual inform\u00f3 <em>Clar\u00edn<\/em>.<\/p>\n<p>En solidaridad con esos trabajadores docentes se da el conflicto y medida de fuerza de este jueves en establecimientos educativos de la Ctera.<\/p>\n","protected":false},"excerpt":{"rendered":"<p>Desde distintas escuelas p\u00fablicas de la ciudad comunicaron que este jueves las clases se ver\u00e1n resentidas, por el anunciado paro nacional docente. En el marco del Paro Nacional Docente convocado por la CTERA para ma\u00f1ana, jueves 5 de septiembre, se realizar\u00e1 una movilizaci\u00f3n en solidaridad con los trabajadores de Chubut, contra los hechos de violencia [&hellip;]<\/p>\n","protected":false},"author":16,"featured_media":7981,"comment_status":"open","ping_status":"open","sticky":false,"template":"","format":"standard","meta":{"footnotes":""},"categories":[3],"tags":[6311,38,18,755,231,6310],"class_list":["post-27221","post","type-post","status-publish","format-standard","has-post-thumbnail","hentry","category-sociedad","tag-ctera","tag-educacion","tag-escuelas","tag-gremios","tag-paro","tag-paro-docente"],"yoast_head":"<!-- This site is optimized with the Yoast SEO plugin v27.5 - https:\/\/yoast.com\/product\/yoast-seo-wordpress\/ -->\n<title>Paro docente este jueves: sin clases en escuelas p\u00fablicas<\/title>\n<meta name=\"robots\" content=\"index, follow, max-snippet:-1, max-image-preview:large, max-video-preview:-1\" \/>\n<link rel=\"canonical\" href=\"https:\/\/noticiasmercedinas.com\/site\/2019\/09\/04\/paro-docente-este-jueves-sin-clases-en-escuelas-publicas\/\" \/>\n<meta property=\"og:locale\" content=\"es_ES\" \/>\n<meta property=\"og:type\" content=\"article\" \/>\n<meta property=\"og:title\" content=\"Paro docente este jueves: sin clases en escuelas p\u00fablicas\" \/>\n<meta property=\"og:description\" content=\"Desde distintas escuelas p\u00fablicas de la ciudad comunicaron que este jueves las clases se ver\u00e1n resentidas, por el anunciado paro nacional docente. En el marco del Paro Nacional Docente convocado por la CTERA para ma\u00f1ana, jueves 5 de septiembre, se realizar\u00e1 una movilizaci\u00f3n en solidaridad con los trabajadores de Chubut, contra los hechos de violencia [&hellip;]\" \/>\n<meta property=\"og:url\" content=\"https:\/\/noticiasmercedinas.com\/site\/2019\/09\/04\/paro-docente-este-jueves-sin-clases-en-escuelas-publicas\/\" \/>\n<meta property=\"og:site_name\" content=\"NOTICIASMERCEDINAS.COM\" \/>\n<meta property=\"article:publisher\" content=\"https:\/\/www.facebook.com\/noticiasmercedinas\/\" \/>\n<meta property=\"article:published_time\" content=\"2019-09-04T21:25:35+00:00\" \/>\n<meta property=\"article:modified_time\" content=\"2019-09-04T23:16:09+00:00\" \/>\n<meta property=\"og:image\" content=\"https:\/\/noticiasmercedinas.com\/site\/wp-content\/uploads\/2018\/11\/paro.jpg\" \/>\n\t<meta property=\"og:image:width\" content=\"770\" \/>\n\t<meta property=\"og:image:height\" content=\"471\" \/>\n\t<meta property=\"og:image:type\" content=\"image\/jpeg\" \/>\n<meta name=\"author\" content=\"NOTICIASMERCEDINAS.COM\" \/>\n<meta name=\"twitter:card\" content=\"summary_large_image\" \/>\n<meta name=\"twitter:creator\" content=\"@notmercedinas\" \/>\n<meta name=\"twitter:site\" content=\"@notmercedinas\" \/>\n<meta name=\"twitter:label1\" content=\"Escrito por\" \/>\n\t<meta name=\"twitter:data1\" content=\"NOTICIASMERCEDINAS.COM\" \/>\n\t<meta name=\"twitter:label2\" content=\"Tiempo de lectura\" \/>\n\t<meta name=\"twitter:data2\" content=\"1 minuto\" \/>\n<script type=\"application\/ld+json\" class=\"yoast-schema-graph\">{\"@context\":\"https:\\\/\\\/schema.org\",\"@graph\":[{\"@type\":\"Article\",\"@id\":\"https:\\\/\\\/noticiasmercedinas.com\\\/site\\\/2019\\\/09\\\/04\\\/paro-docente-este-jueves-sin-clases-en-escuelas-publicas\\\/#article\",\"isPartOf\":{\"@id\":\"https:\\\/\\\/noticiasmercedinas.com\\\/site\\\/2019\\\/09\\\/04\\\/paro-docente-este-jueves-sin-clases-en-escuelas-publicas\\\/\"},\"author\":{\"name\":\"NOTICIASMERCEDINAS.COM\",\"@id\":\"https:\\\/\\\/noticiasmercedinas.com\\\/site\\\/#\\\/schema\\\/person\\\/84b59c099c28ff2e8b77d4ceec5d8063\"},\"headline\":\"Paro docente este jueves: sin clases en escuelas p\u00fablicas\",\"datePublished\":\"2019-09-04T21:25:35+00:00\",\"dateModified\":\"2019-09-04T23:16:09+00:00\",\"mainEntityOfPage\":{\"@id\":\"https:\\\/\\\/noticiasmercedinas.com\\\/site\\\/2019\\\/09\\\/04\\\/paro-docente-este-jueves-sin-clases-en-escuelas-publicas\\\/\"},\"wordCount\":223,\"commentCount\":0,\"publisher\":{\"@id\":\"https:\\\/\\\/noticiasmercedinas.com\\\/site\\\/#organization\"},\"image\":{\"@id\":\"https:\\\/\\\/noticiasmercedinas.com\\\/site\\\/2019\\\/09\\\/04\\\/paro-docente-este-jueves-sin-clases-en-escuelas-publicas\\\/#primaryimage\"},\"thumbnailUrl\":\"https:\\\/\\\/noticiasmercedinas.com\\\/site\\\/wp-content\\\/uploads\\\/2018\\\/11\\\/paro.jpg\",\"keywords\":[\"ctera\",\"educacion\",\"escuelas\",\"gremios\",\"paro\",\"paro docente\"],\"articleSection\":[\"Sociedad\"],\"inLanguage\":\"es\",\"potentialAction\":[{\"@type\":\"CommentAction\",\"name\":\"Comment\",\"target\":[\"https:\\\/\\\/noticiasmercedinas.com\\\/site\\\/2019\\\/09\\\/04\\\/paro-docente-este-jueves-sin-clases-en-escuelas-publicas\\\/#respond\"]}]},{\"@type\":\"WebPage\",\"@id\":\"https:\\\/\\\/noticiasmercedinas.com\\\/site\\\/2019\\\/09\\\/04\\\/paro-docente-este-jueves-sin-clases-en-escuelas-publicas\\\/\",\"url\":\"https:\\\/\\\/noticiasmercedinas.com\\\/site\\\/2019\\\/09\\\/04\\\/paro-docente-este-jueves-sin-clases-en-escuelas-publicas\\\/\",\"name\":\"Paro docente este jueves: sin clases en escuelas p\u00fablicas\",\"isPartOf\":{\"@id\":\"https:\\\/\\\/noticiasmercedinas.com\\\/site\\\/#website\"},\"primaryImageOfPage\":{\"@id\":\"https:\\\/\\\/noticiasmercedinas.com\\\/site\\\/2019\\\/09\\\/04\\\/paro-docente-este-jueves-sin-clases-en-escuelas-publicas\\\/#primaryimage\"},\"image\":{\"@id\":\"https:\\\/\\\/noticiasmercedinas.com\\\/site\\\/2019\\\/09\\\/04\\\/paro-docente-este-jueves-sin-clases-en-escuelas-publicas\\\/#primaryimage\"},\"thumbnailUrl\":\"https:\\\/\\\/noticiasmercedinas.com\\\/site\\\/wp-content\\\/uploads\\\/2018\\\/11\\\/paro.jpg\",\"datePublished\":\"2019-09-04T21:25:35+00:00\",\"dateModified\":\"2019-09-04T23:16:09+00:00\",\"breadcrumb\":{\"@id\":\"https:\\\/\\\/noticiasmercedinas.com\\\/site\\\/2019\\\/09\\\/04\\\/paro-docente-este-jueves-sin-clases-en-escuelas-publicas\\\/#breadcrumb\"},\"inLanguage\":\"es\",\"potentialAction\":[{\"@type\":\"ReadAction\",\"target\":[\"https:\\\/\\\/noticiasmercedinas.com\\\/site\\\/2019\\\/09\\\/04\\\/paro-docente-este-jueves-sin-clases-en-escuelas-publicas\\\/\"]}]},{\"@type\":\"ImageObject\",\"inLanguage\":\"es\",\"@id\":\"https:\\\/\\\/noticiasmercedinas.com\\\/site\\\/2019\\\/09\\\/04\\\/paro-docente-este-jueves-sin-clases-en-escuelas-publicas\\\/#primaryimage\",\"url\":\"https:\\\/\\\/noticiasmercedinas.com\\\/site\\\/wp-content\\\/uploads\\\/2018\\\/11\\\/paro.jpg\",\"contentUrl\":\"https:\\\/\\\/noticiasmercedinas.com\\\/site\\\/wp-content\\\/uploads\\\/2018\\\/11\\\/paro.jpg\",\"width\":770,\"height\":471},{\"@type\":\"BreadcrumbList\",\"@id\":\"https:\\\/\\\/noticiasmercedinas.com\\\/site\\\/2019\\\/09\\\/04\\\/paro-docente-este-jueves-sin-clases-en-escuelas-publicas\\\/#breadcrumb\",\"itemListElement\":[{\"@type\":\"ListItem\",\"position\":1,\"name\":\"Portada\",\"item\":\"https:\\\/\\\/noticiasmercedinas.com\\\/site\\\/\"},{\"@type\":\"ListItem\",\"position\":2,\"name\":\"Paro docente este jueves: sin clases en escuelas p\u00fablicas\"}]},{\"@type\":\"WebSite\",\"@id\":\"https:\\\/\\\/noticiasmercedinas.com\\\/site\\\/#website\",\"url\":\"https:\\\/\\\/noticiasmercedinas.com\\\/site\\\/\",\"name\":\"NOTICIASMERCEDINAS.COM\",\"description\":\"Mercedes, Buenos Aires, Argentina\",\"publisher\":{\"@id\":\"https:\\\/\\\/noticiasmercedinas.com\\\/site\\\/#organization\"},\"potentialAction\":[{\"@type\":\"SearchAction\",\"target\":{\"@type\":\"EntryPoint\",\"urlTemplate\":\"https:\\\/\\\/noticiasmercedinas.com\\\/site\\\/?s={search_term_string}\"},\"query-input\":{\"@type\":\"PropertyValueSpecification\",\"valueRequired\":true,\"valueName\":\"search_term_string\"}}],\"inLanguage\":\"es\"},{\"@type\":\"Organization\",\"@id\":\"https:\\\/\\\/noticiasmercedinas.com\\\/site\\\/#organization\",\"name\":\"NOTICIASMERCEDINAS.COM\",\"url\":\"https:\\\/\\\/noticiasmercedinas.com\\\/site\\\/\",\"logo\":{\"@type\":\"ImageObject\",\"inLanguage\":\"es\",\"@id\":\"https:\\\/\\\/noticiasmercedinas.com\\\/site\\\/#\\\/schema\\\/logo\\\/image\\\/\",\"url\":\"https:\\\/\\\/noticiasmercedinas.com\\\/site\\\/wp-content\\\/uploads\\\/2020\\\/06\\\/LOGO-512.jpg\",\"contentUrl\":\"https:\\\/\\\/noticiasmercedinas.com\\\/site\\\/wp-content\\\/uploads\\\/2020\\\/06\\\/LOGO-512.jpg\",\"width\":512,\"height\":512,\"caption\":\"NOTICIASMERCEDINAS.COM\"},\"image\":{\"@id\":\"https:\\\/\\\/noticiasmercedinas.com\\\/site\\\/#\\\/schema\\\/logo\\\/image\\\/\"},\"sameAs\":[\"https:\\\/\\\/www.facebook.com\\\/noticiasmercedinas\\\/\",\"https:\\\/\\\/x.com\\\/notmercedinas\",\"https:\\\/\\\/www.instagram.com\\\/noticiasmercedinas\\\/\"]},{\"@type\":\"Person\",\"@id\":\"https:\\\/\\\/noticiasmercedinas.com\\\/site\\\/#\\\/schema\\\/person\\\/84b59c099c28ff2e8b77d4ceec5d8063\",\"name\":\"NOTICIASMERCEDINAS.COM\",\"image\":{\"@type\":\"ImageObject\",\"inLanguage\":\"es\",\"@id\":\"https:\\\/\\\/secure.gravatar.com\\\/avatar\\\/4dfbf16b4d17945bfb6341b2d19043457132fcf478a5ee04f42e959fd8f5df0a?s=96&d=mm&r=g\",\"url\":\"https:\\\/\\\/secure.gravatar.com\\\/avatar\\\/4dfbf16b4d17945bfb6341b2d19043457132fcf478a5ee04f42e959fd8f5df0a?s=96&d=mm&r=g\",\"contentUrl\":\"https:\\\/\\\/secure.gravatar.com\\\/avatar\\\/4dfbf16b4d17945bfb6341b2d19043457132fcf478a5ee04f42e959fd8f5df0a?s=96&d=mm&r=g\",\"caption\":\"NOTICIASMERCEDINAS.COM\"},\"url\":\"https:\\\/\\\/noticiasmercedinas.com\\\/site\\\/author\\\/anonimo\\\/\"}]}<\/script>\n<!-- \/ Yoast SEO plugin. -->","yoast_head_json":{"title":"Paro docente este jueves: sin clases en escuelas p\u00fablicas","robots":{"index":"index","follow":"follow","max-snippet":"max-snippet:-1","max-image-preview":"max-image-preview:large","max-video-preview":"max-video-preview:-1"},"canonical":"https:\/\/noticiasmercedinas.com\/site\/2019\/09\/04\/paro-docente-este-jueves-sin-clases-en-escuelas-publicas\/","og_locale":"es_ES","og_type":"article","og_title":"Paro docente este jueves: sin clases en escuelas p\u00fablicas","og_description":"Desde distintas escuelas p\u00fablicas de la ciudad comunicaron que este jueves las clases se ver\u00e1n resentidas, por el anunciado paro nacional docente. En el marco del Paro Nacional Docente convocado por la CTERA para ma\u00f1ana, jueves 5 de septiembre, se realizar\u00e1 una movilizaci\u00f3n en solidaridad con los trabajadores de Chubut, contra los hechos de violencia [&hellip;]","og_url":"https:\/\/noticiasmercedinas.com\/site\/2019\/09\/04\/paro-docente-este-jueves-sin-clases-en-escuelas-publicas\/","og_site_name":"NOTICIASMERCEDINAS.COM","article_publisher":"https:\/\/www.facebook.com\/noticiasmercedinas\/","article_published_time":"2019-09-04T21:25:35+00:00","article_modified_time":"2019-09-04T23:16:09+00:00","og_image":[{"width":770,"height":471,"url":"https:\/\/noticiasmercedinas.com\/site\/wp-content\/uploads\/2018\/11\/paro.jpg","type":"image\/jpeg"}],"author":"NOTICIASMERCEDINAS.COM","twitter_card":"summary_large_image","twitter_creator":"@notmercedinas","twitter_site":"@notmercedinas","twitter_misc":{"Escrito por":"NOTICIASMERCEDINAS.COM","Tiempo de lectura":"1 minuto"},"schema":{"@context":"https:\/\/schema.org","@graph":[{"@type":"Article","@id":"https:\/\/noticiasmercedinas.com\/site\/2019\/09\/04\/paro-docente-este-jueves-sin-clases-en-escuelas-publicas\/#article","isPartOf":{"@id":"https:\/\/noticiasmercedinas.com\/site\/2019\/09\/04\/paro-docente-este-jueves-sin-clases-en-escuelas-publicas\/"},"author":{"name":"NOTICIASMERCEDINAS.COM","@id":"https:\/\/noticiasmercedinas.com\/site\/#\/schema\/person\/84b59c099c28ff2e8b77d4ceec5d8063"},"headline":"Paro docente este jueves: sin clases en escuelas p\u00fablicas","datePublished":"2019-09-04T21:25:35+00:00","dateModified":"2019-09-04T23:16:09+00:00","mainEntityOfPage":{"@id":"https:\/\/noticiasmercedinas.com\/site\/2019\/09\/04\/paro-docente-este-jueves-sin-clases-en-escuelas-publicas\/"},"wordCount":223,"commentCount":0,"publisher":{"@id":"https:\/\/noticiasmercedinas.com\/site\/#organization"},"image":{"@id":"https:\/\/noticiasmercedinas.com\/site\/2019\/09\/04\/paro-docente-este-jueves-sin-clases-en-escuelas-publicas\/#primaryimage"},"thumbnailUrl":"https:\/\/noticiasmercedinas.com\/site\/wp-content\/uploads\/2018\/11\/paro.jpg","keywords":["ctera","educacion","escuelas","gremios","paro","paro docente"],"articleSection":["Sociedad"],"inLanguage":"es","potentialAction":[{"@type":"CommentAction","name":"Comment","target":["https:\/\/noticiasmercedinas.com\/site\/2019\/09\/04\/paro-docente-este-jueves-sin-clases-en-escuelas-publicas\/#respond"]}]},{"@type":"WebPage","@id":"https:\/\/noticiasmercedinas.com\/site\/2019\/09\/04\/paro-docente-este-jueves-sin-clases-en-escuelas-publicas\/","url":"https:\/\/noticiasmercedinas.com\/site\/2019\/09\/04\/paro-docente-este-jueves-sin-clases-en-escuelas-publicas\/","name":"Paro docente este jueves: sin clases en escuelas p\u00fablicas","isPartOf":{"@id":"https:\/\/noticiasmercedinas.com\/site\/#website"},"primaryImageOfPage":{"@id":"https:\/\/noticiasmercedinas.com\/site\/2019\/09\/04\/paro-docente-este-jueves-sin-clases-en-escuelas-publicas\/#primaryimage"},"image":{"@id":"https:\/\/noticiasmercedinas.com\/site\/2019\/09\/04\/paro-docente-este-jueves-sin-clases-en-escuelas-publicas\/#primaryimage"},"thumbnailUrl":"https:\/\/noticiasmercedinas.com\/site\/wp-content\/uploads\/2018\/11\/paro.jpg","datePublished":"2019-09-04T21:25:35+00:00","dateModified":"2019-09-04T23:16:09+00:00","breadcrumb":{"@id":"https:\/\/noticiasmercedinas.com\/site\/2019\/09\/04\/paro-docente-este-jueves-sin-clases-en-escuelas-publicas\/#breadcrumb"},"inLanguage":"es","potentialAction":[{"@type":"ReadAction","target":["https:\/\/noticiasmercedinas.com\/site\/2019\/09\/04\/paro-docente-este-jueves-sin-clases-en-escuelas-publicas\/"]}]},{"@type":"ImageObject","inLanguage":"es","@id":"https:\/\/noticiasmercedinas.com\/site\/2019\/09\/04\/paro-docente-este-jueves-sin-clases-en-escuelas-publicas\/#primaryimage","url":"https:\/\/noticiasmercedinas.com\/site\/wp-content\/uploads\/2018\/11\/paro.jpg","contentUrl":"https:\/\/noticiasmercedinas.com\/site\/wp-content\/uploads\/2018\/11\/paro.jpg","width":770,"height":471},{"@type":"BreadcrumbList","@id":"https:\/\/noticiasmercedinas.com\/site\/2019\/09\/04\/paro-docente-este-jueves-sin-clases-en-escuelas-publicas\/#breadcrumb","itemListElement":[{"@type":"ListItem","position":1,"name":"Portada","item":"https:\/\/noticiasmercedinas.com\/site\/"},{"@type":"ListItem","position":2,"name":"Paro docente este jueves: sin clases en escuelas p\u00fablicas"}]},{"@type":"WebSite","@id":"https:\/\/noticiasmercedinas.com\/site\/#website","url":"https:\/\/noticiasmercedinas.com\/site\/","name":"NOTICIASMERCEDINAS.COM","description":"Mercedes, Buenos Aires, Argentina","publisher":{"@id":"https:\/\/noticiasmercedinas.com\/site\/#organization"},"potentialAction":[{"@type":"SearchAction","target":{"@type":"EntryPoint","urlTemplate":"https:\/\/noticiasmercedinas.com\/site\/?s={search_term_string}"},"query-input":{"@type":"PropertyValueSpecification","valueRequired":true,"valueName":"search_term_string"}}],"inLanguage":"es"},{"@type":"Organization","@id":"https:\/\/noticiasmercedinas.com\/site\/#organization","name":"NOTICIASMERCEDINAS.COM","url":"https:\/\/noticiasmercedinas.com\/site\/","logo":{"@type":"ImageObject","inLanguage":"es","@id":"https:\/\/noticiasmercedinas.com\/site\/#\/schema\/logo\/image\/","url":"https:\/\/noticiasmercedinas.com\/site\/wp-content\/uploads\/2020\/06\/LOGO-512.jpg","contentUrl":"https:\/\/noticiasmercedinas.com\/site\/wp-content\/uploads\/2020\/06\/LOGO-512.jpg","width":512,"height":512,"caption":"NOTICIASMERCEDINAS.COM"},"image":{"@id":"https:\/\/noticiasmercedinas.com\/site\/#\/schema\/logo\/image\/"},"sameAs":["https:\/\/www.facebook.com\/noticiasmercedinas\/","https:\/\/x.com\/notmercedinas","https:\/\/www.instagram.com\/noticiasmercedinas\/"]},{"@type":"Person","@id":"https:\/\/noticiasmercedinas.com\/site\/#\/schema\/person\/84b59c099c28ff2e8b77d4ceec5d8063","name":"NOTICIASMERCEDINAS.COM","image":{"@type":"ImageObject","inLanguage":"es","@id":"https:\/\/secure.gravatar.com\/avatar\/4dfbf16b4d17945bfb6341b2d19043457132fcf478a5ee04f42e959fd8f5df0a?s=96&d=mm&r=g","url":"https:\/\/secure.gravatar.com\/avatar\/4dfbf16b4d17945bfb6341b2d19043457132fcf478a5ee04f42e959fd8f5df0a?s=96&d=mm&r=g","contentUrl":"https:\/\/secure.gravatar.com\/avatar\/4dfbf16b4d17945bfb6341b2d19043457132fcf478a5ee04f42e959fd8f5df0a?s=96&d=mm&r=g","caption":"NOTICIASMERCEDINAS.COM"},"url":"https:\/\/noticiasmercedinas.com\/site\/author\/anonimo\/"}]}},"amp_enabled":true,"_links":{"self":[{"href":"https:\/\/noticiasmercedinas.com\/site\/wp-json\/wp\/v2\/posts\/27221","targetHints":{"allow":["GET"]}}],"collection":[{"href":"https:\/\/noticiasmercedinas.com\/site\/wp-json\/wp\/v2\/posts"}],"about":[{"href":"https:\/\/noticiasmercedinas.com\/site\/wp-json\/wp\/v2\/types\/post"}],"author":[{"embeddable":true,"href":"https:\/\/noticiasmercedinas.com\/site\/wp-json\/wp\/v2\/users\/16"}],"replies":[{"embeddable":true,"href":"https:\/\/noticiasmercedinas.com\/site\/wp-json\/wp\/v2\/comments?post=27221"}],"version-history":[{"count":3,"href":"https:\/\/noticiasmercedinas.com\/site\/wp-json\/wp\/v2\/posts\/27221\/revisions"}],"predecessor-version":[{"id":27224,"href":"https:\/\/noticiasmercedinas.com\/site\/wp-json\/wp\/v2\/posts\/27221\/revisions\/27224"}],"wp:featuredmedia":[{"embeddable":true,"href":"https:\/\/noticiasmercedinas.com\/site\/wp-json\/wp\/v2\/media\/7981"}],"wp:attachment":[{"href":"https:\/\/noticiasmercedinas.com\/site\/wp-json\/wp\/v2\/media?parent=27221"}],"wp:term":[{"taxonomy":"category","embeddable":true,"href":"https:\/\/noticiasmercedinas.com\/site\/wp-json\/wp\/v2\/categories?post=27221"},{"taxonomy":"post_tag","embeddable":true,"href":"https:\/\/noticiasmercedinas.com\/site\/wp-json\/wp\/v2\/tags?post=27221"}],"curies":[{"name":"wp","href":"https:\/\/api.w.org\/{rel}","templated":true}]}}