{"id":27885,"date":"2019-09-10T10:03:53","date_gmt":"2019-09-10T13:03:53","guid":{"rendered":"https:\/\/noticiasmercedinas.com\/site\/?p=27885"},"modified":"2019-09-10T10:40:56","modified_gmt":"2019-09-10T13:40:56","slug":"homenajean-con-aplausos-a-roberto-otermin","status":"publish","type":"post","link":"https:\/\/noticiasmercedinas.com\/site\/2019\/09\/10\/homenajean-con-aplausos-a-roberto-otermin\/","title":{"rendered":"Homenajean con aplausos a Roberto Oterm\u00edn"},"content":{"rendered":"<figure id=\"attachment_2193\" aria-describedby=\"caption-attachment-2193\" style=\"width: 640px\" class=\"wp-caption alignnone\"><img loading=\"lazy\" decoding=\"async\" class=\"wp-image-2193\" src=\"https:\/\/noticiasmercedinas.com\/site\/wp-content\/uploads\/2018\/09\/oscar_albini_512_hcd.jpg\" alt=\"\" width=\"640\" height=\"385\" srcset=\"https:\/\/noticiasmercedinas.com\/site\/wp-content\/uploads\/2018\/09\/oscar_albini_512_hcd.jpg 512w, https:\/\/noticiasmercedinas.com\/site\/wp-content\/uploads\/2018\/09\/oscar_albini_512_hcd-300x180.jpg 300w, https:\/\/noticiasmercedinas.com\/site\/wp-content\/uploads\/2018\/09\/oscar_albini_512_hcd-511x308.jpg 511w\" sizes=\"auto, (max-width: 640px) 100vw, 640px\" \/><figcaption id=\"caption-attachment-2193\" class=\"wp-caption-text\">Oscar Albini motiv\u00f3 el homenaje del Concejo Deliberante<\/figcaption><\/figure>\n<p>En la previa de la sesi\u00f3n ordinaria realizada este lunes en el Concejo Deliberante de Mercedes, el concejal Oscar Albini, de la UCR en el bloque de Cambiemos, pidi\u00f3 un aplauso a modo de homenaje para Roberto Oterm\u00edn, recientemente fallecido.<\/p>\n<p>Oterm\u00edn fue justamente consejero escolar y concejal de la ciudad, adem\u00e1s de maestro como <a href=\"https:\/\/noticiasmercedinas.com\/site\/2019\/09\/02\/fallecio-roberto-otermin-gracias-maestro\/\" target=\"_blank\" rel=\"noopener noreferrer\"><span style=\"color: #000080;\"><strong>tan bien lo ilustrara nuestra colega Susana Spano<\/strong><\/span><\/a> en una nota reciente.<\/p>\n<p>Albini destac\u00f3 que Oterm\u00edn \u201cse dedic\u00f3 a colaborar en distintas instituciones\u201d, mencionando a la Biblioteca Sarmiento y a Bomberos Voluntarios, entre otras. \u201cSe vincul\u00f3 a la sociedad siempre dando lo mejor de s\u00ed. El tambi\u00e9n milit\u00f3 con la ideolog\u00eda de la UCR represent\u00e1ndola en el Consejo Escolar y tambi\u00e9n como concejal en este Cuerpo\u201d, record\u00f3 Albini.<\/p>\n<p>\u201cMuchos que estamos aqu\u00ed pudimos homenajearlo, entre otros tantos homenajes que recibi\u00f3, cuando por iniciativa de los vecinos pusimos a una calle su nombre\u201d, destac\u00f3 luego.<\/p>\n<p>\u201cA estas personas que dejan parte de su vida en la sociedad hay que destacarlas. Y quiero pedir a modo de homenaje un aplauso para el gran maestro Roberto Oterm\u00edn\u201d, concluy\u00f3 Albini y sus pares aplaudieron.<\/p>\n","protected":false},"excerpt":{"rendered":"<p>En la previa de la sesi\u00f3n ordinaria realizada este lunes en el Concejo Deliberante de Mercedes, el concejal Oscar Albini, de la UCR en el bloque de Cambiemos, pidi\u00f3 un aplauso a modo de homenaje para Roberto Oterm\u00edn, recientemente fallecido. Oterm\u00edn fue justamente consejero escolar y concejal de la ciudad, adem\u00e1s de maestro como tan [&hellip;]<\/p>\n","protected":false},"author":2,"featured_media":2193,"comment_status":"open","ping_status":"open","sticky":false,"template":"","format":"standard","meta":{"footnotes":""},"categories":[3],"tags":[672,882,6256],"class_list":["post-27885","post","type-post","status-publish","format-standard","has-post-thumbnail","hentry","category-sociedad","tag-homenaje","tag-oscar-albini","tag-roberto-otermin"],"yoast_head":"<!-- This site is optimized with the Yoast SEO plugin v27.4 - https:\/\/yoast.com\/product\/yoast-seo-wordpress\/ -->\n<title>Homenajean con aplausos a Roberto Oterm\u00edn<\/title>\n<meta name=\"robots\" content=\"index, follow, max-snippet:-1, max-image-preview:large, max-video-preview:-1\" \/>\n<link rel=\"canonical\" href=\"https:\/\/noticiasmercedinas.com\/site\/2019\/09\/10\/homenajean-con-aplausos-a-roberto-otermin\/\" \/>\n<meta property=\"og:locale\" content=\"es_ES\" \/>\n<meta property=\"og:type\" content=\"article\" \/>\n<meta property=\"og:title\" content=\"Homenajean con aplausos a Roberto Oterm\u00edn\" \/>\n<meta property=\"og:description\" content=\"En la previa de la sesi\u00f3n ordinaria realizada este lunes en el Concejo Deliberante de Mercedes, el concejal Oscar Albini, de la UCR en el bloque de Cambiemos, pidi\u00f3 un aplauso a modo de homenaje para Roberto Oterm\u00edn, recientemente fallecido. Oterm\u00edn fue justamente consejero escolar y concejal de la ciudad, adem\u00e1s de maestro como tan [&hellip;]\" \/>\n<meta property=\"og:url\" content=\"https:\/\/noticiasmercedinas.com\/site\/2019\/09\/10\/homenajean-con-aplausos-a-roberto-otermin\/\" \/>\n<meta property=\"og:site_name\" content=\"NOTICIASMERCEDINAS.COM\" \/>\n<meta property=\"article:publisher\" content=\"https:\/\/www.facebook.com\/noticiasmercedinas\/\" \/>\n<meta property=\"article:author\" content=\"https:\/\/www.facebook.com\/cristian.falabella\" \/>\n<meta property=\"article:published_time\" content=\"2019-09-10T13:03:53+00:00\" \/>\n<meta property=\"article:modified_time\" content=\"2019-09-10T13:40:56+00:00\" \/>\n<meta property=\"og:image\" content=\"https:\/\/noticiasmercedinas.com\/site\/wp-content\/uploads\/2018\/09\/oscar_albini_512_hcd.jpg\" \/>\n\t<meta property=\"og:image:width\" content=\"512\" \/>\n\t<meta property=\"og:image:height\" content=\"308\" \/>\n\t<meta property=\"og:image:type\" content=\"image\/jpeg\" \/>\n<meta name=\"author\" content=\"Cristian Falabella NOTICIASMERCEDINAS.COM\" \/>\n<meta name=\"twitter:card\" content=\"summary_large_image\" \/>\n<meta name=\"twitter:creator\" content=\"@https:\/\/twitter.com\/NOTMERCEDINAS\" \/>\n<meta name=\"twitter:site\" content=\"@notmercedinas\" \/>\n<meta name=\"twitter:label1\" content=\"Escrito por\" \/>\n\t<meta name=\"twitter:data1\" content=\"Cristian Falabella NOTICIASMERCEDINAS.COM\" \/>\n\t<meta name=\"twitter:label2\" content=\"Tiempo de lectura\" \/>\n\t<meta name=\"twitter:data2\" content=\"1 minuto\" \/>\n<script type=\"application\/ld+json\" class=\"yoast-schema-graph\">{\"@context\":\"https:\\\/\\\/schema.org\",\"@graph\":[{\"@type\":\"Article\",\"@id\":\"https:\\\/\\\/noticiasmercedinas.com\\\/site\\\/2019\\\/09\\\/10\\\/homenajean-con-aplausos-a-roberto-otermin\\\/#article\",\"isPartOf\":{\"@id\":\"https:\\\/\\\/noticiasmercedinas.com\\\/site\\\/2019\\\/09\\\/10\\\/homenajean-con-aplausos-a-roberto-otermin\\\/\"},\"author\":{\"name\":\"Cristian Falabella NOTICIASMERCEDINAS.COM\",\"@id\":\"https:\\\/\\\/noticiasmercedinas.com\\\/site\\\/#\\\/schema\\\/person\\\/d481a9696a5feaec13a60e2bbd991a6a\"},\"headline\":\"Homenajean con aplausos a Roberto Oterm\u00edn\",\"datePublished\":\"2019-09-10T13:03:53+00:00\",\"dateModified\":\"2019-09-10T13:40:56+00:00\",\"mainEntityOfPage\":{\"@id\":\"https:\\\/\\\/noticiasmercedinas.com\\\/site\\\/2019\\\/09\\\/10\\\/homenajean-con-aplausos-a-roberto-otermin\\\/\"},\"wordCount\":216,\"commentCount\":0,\"publisher\":{\"@id\":\"https:\\\/\\\/noticiasmercedinas.com\\\/site\\\/#organization\"},\"image\":{\"@id\":\"https:\\\/\\\/noticiasmercedinas.com\\\/site\\\/2019\\\/09\\\/10\\\/homenajean-con-aplausos-a-roberto-otermin\\\/#primaryimage\"},\"thumbnailUrl\":\"https:\\\/\\\/noticiasmercedinas.com\\\/site\\\/wp-content\\\/uploads\\\/2018\\\/09\\\/oscar_albini_512_hcd.jpg\",\"keywords\":[\"homenaje\",\"oscar albini\",\"roberto otermin\"],\"articleSection\":[\"Sociedad\"],\"inLanguage\":\"es\",\"potentialAction\":[{\"@type\":\"CommentAction\",\"name\":\"Comment\",\"target\":[\"https:\\\/\\\/noticiasmercedinas.com\\\/site\\\/2019\\\/09\\\/10\\\/homenajean-con-aplausos-a-roberto-otermin\\\/#respond\"]}]},{\"@type\":\"WebPage\",\"@id\":\"https:\\\/\\\/noticiasmercedinas.com\\\/site\\\/2019\\\/09\\\/10\\\/homenajean-con-aplausos-a-roberto-otermin\\\/\",\"url\":\"https:\\\/\\\/noticiasmercedinas.com\\\/site\\\/2019\\\/09\\\/10\\\/homenajean-con-aplausos-a-roberto-otermin\\\/\",\"name\":\"Homenajean con aplausos a Roberto Oterm\u00edn\",\"isPartOf\":{\"@id\":\"https:\\\/\\\/noticiasmercedinas.com\\\/site\\\/#website\"},\"primaryImageOfPage\":{\"@id\":\"https:\\\/\\\/noticiasmercedinas.com\\\/site\\\/2019\\\/09\\\/10\\\/homenajean-con-aplausos-a-roberto-otermin\\\/#primaryimage\"},\"image\":{\"@id\":\"https:\\\/\\\/noticiasmercedinas.com\\\/site\\\/2019\\\/09\\\/10\\\/homenajean-con-aplausos-a-roberto-otermin\\\/#primaryimage\"},\"thumbnailUrl\":\"https:\\\/\\\/noticiasmercedinas.com\\\/site\\\/wp-content\\\/uploads\\\/2018\\\/09\\\/oscar_albini_512_hcd.jpg\",\"datePublished\":\"2019-09-10T13:03:53+00:00\",\"dateModified\":\"2019-09-10T13:40:56+00:00\",\"breadcrumb\":{\"@id\":\"https:\\\/\\\/noticiasmercedinas.com\\\/site\\\/2019\\\/09\\\/10\\\/homenajean-con-aplausos-a-roberto-otermin\\\/#breadcrumb\"},\"inLanguage\":\"es\",\"potentialAction\":[{\"@type\":\"ReadAction\",\"target\":[\"https:\\\/\\\/noticiasmercedinas.com\\\/site\\\/2019\\\/09\\\/10\\\/homenajean-con-aplausos-a-roberto-otermin\\\/\"]}]},{\"@type\":\"ImageObject\",\"inLanguage\":\"es\",\"@id\":\"https:\\\/\\\/noticiasmercedinas.com\\\/site\\\/2019\\\/09\\\/10\\\/homenajean-con-aplausos-a-roberto-otermin\\\/#primaryimage\",\"url\":\"https:\\\/\\\/noticiasmercedinas.com\\\/site\\\/wp-content\\\/uploads\\\/2018\\\/09\\\/oscar_albini_512_hcd.jpg\",\"contentUrl\":\"https:\\\/\\\/noticiasmercedinas.com\\\/site\\\/wp-content\\\/uploads\\\/2018\\\/09\\\/oscar_albini_512_hcd.jpg\",\"width\":512,\"height\":308},{\"@type\":\"BreadcrumbList\",\"@id\":\"https:\\\/\\\/noticiasmercedinas.com\\\/site\\\/2019\\\/09\\\/10\\\/homenajean-con-aplausos-a-roberto-otermin\\\/#breadcrumb\",\"itemListElement\":[{\"@type\":\"ListItem\",\"position\":1,\"name\":\"Portada\",\"item\":\"https:\\\/\\\/noticiasmercedinas.com\\\/site\\\/\"},{\"@type\":\"ListItem\",\"position\":2,\"name\":\"Homenajean con aplausos a Roberto Oterm\u00edn\"}]},{\"@type\":\"WebSite\",\"@id\":\"https:\\\/\\\/noticiasmercedinas.com\\\/site\\\/#website\",\"url\":\"https:\\\/\\\/noticiasmercedinas.com\\\/site\\\/\",\"name\":\"NOTICIASMERCEDINAS.COM\",\"description\":\"Mercedes, Buenos Aires, Argentina\",\"publisher\":{\"@id\":\"https:\\\/\\\/noticiasmercedinas.com\\\/site\\\/#organization\"},\"potentialAction\":[{\"@type\":\"SearchAction\",\"target\":{\"@type\":\"EntryPoint\",\"urlTemplate\":\"https:\\\/\\\/noticiasmercedinas.com\\\/site\\\/?s={search_term_string}\"},\"query-input\":{\"@type\":\"PropertyValueSpecification\",\"valueRequired\":true,\"valueName\":\"search_term_string\"}}],\"inLanguage\":\"es\"},{\"@type\":\"Organization\",\"@id\":\"https:\\\/\\\/noticiasmercedinas.com\\\/site\\\/#organization\",\"name\":\"NOTICIASMERCEDINAS.COM\",\"url\":\"https:\\\/\\\/noticiasmercedinas.com\\\/site\\\/\",\"logo\":{\"@type\":\"ImageObject\",\"inLanguage\":\"es\",\"@id\":\"https:\\\/\\\/noticiasmercedinas.com\\\/site\\\/#\\\/schema\\\/logo\\\/image\\\/\",\"url\":\"https:\\\/\\\/noticiasmercedinas.com\\\/site\\\/wp-content\\\/uploads\\\/2020\\\/06\\\/LOGO-512.jpg\",\"contentUrl\":\"https:\\\/\\\/noticiasmercedinas.com\\\/site\\\/wp-content\\\/uploads\\\/2020\\\/06\\\/LOGO-512.jpg\",\"width\":512,\"height\":512,\"caption\":\"NOTICIASMERCEDINAS.COM\"},\"image\":{\"@id\":\"https:\\\/\\\/noticiasmercedinas.com\\\/site\\\/#\\\/schema\\\/logo\\\/image\\\/\"},\"sameAs\":[\"https:\\\/\\\/www.facebook.com\\\/noticiasmercedinas\\\/\",\"https:\\\/\\\/x.com\\\/notmercedinas\",\"https:\\\/\\\/www.instagram.com\\\/noticiasmercedinas\\\/\"]},{\"@type\":\"Person\",\"@id\":\"https:\\\/\\\/noticiasmercedinas.com\\\/site\\\/#\\\/schema\\\/person\\\/d481a9696a5feaec13a60e2bbd991a6a\",\"name\":\"Cristian Falabella NOTICIASMERCEDINAS.COM\",\"image\":{\"@type\":\"ImageObject\",\"inLanguage\":\"es\",\"@id\":\"https:\\\/\\\/secure.gravatar.com\\\/avatar\\\/0dbbfc45970cc46bcd0e57766228574ff3511d6eed045b182f536f0f478c1f06?s=96&d=mm&r=g\",\"url\":\"https:\\\/\\\/secure.gravatar.com\\\/avatar\\\/0dbbfc45970cc46bcd0e57766228574ff3511d6eed045b182f536f0f478c1f06?s=96&d=mm&r=g\",\"contentUrl\":\"https:\\\/\\\/secure.gravatar.com\\\/avatar\\\/0dbbfc45970cc46bcd0e57766228574ff3511d6eed045b182f536f0f478c1f06?s=96&d=mm&r=g\",\"caption\":\"Cristian Falabella NOTICIASMERCEDINAS.COM\"},\"description\":\"Periodista, editor de Noticias Mercedinas. Pas\u00f3 por varias redacciones y emprendimientos de prensa, en distintos formatos y \u00e9pocas. Se especializ\u00f3 --y sigue haci\u00e9ndolo-- en comunicaci\u00f3n en la web y en junio de 2006 fund\u00f3 este diario digital.\",\"sameAs\":[\"https:\\\/\\\/noticiasmercedinas.com\",\"https:\\\/\\\/www.facebook.com\\\/cristian.falabella\",\"https:\\\/\\\/www.instagram.com\\\/noticiasmercedinas\\\/\",\"https:\\\/\\\/x.com\\\/https:\\\/\\\/twitter.com\\\/NOTMERCEDINAS\"],\"url\":\"https:\\\/\\\/noticiasmercedinas.com\\\/site\\\/author\\\/as000384\\\/\"}]}<\/script>\n<!-- \/ Yoast SEO plugin. -->","yoast_head_json":{"title":"Homenajean con aplausos a Roberto Oterm\u00edn","robots":{"index":"index","follow":"follow","max-snippet":"max-snippet:-1","max-image-preview":"max-image-preview:large","max-video-preview":"max-video-preview:-1"},"canonical":"https:\/\/noticiasmercedinas.com\/site\/2019\/09\/10\/homenajean-con-aplausos-a-roberto-otermin\/","og_locale":"es_ES","og_type":"article","og_title":"Homenajean con aplausos a Roberto Oterm\u00edn","og_description":"En la previa de la sesi\u00f3n ordinaria realizada este lunes en el Concejo Deliberante de Mercedes, el concejal Oscar Albini, de la UCR en el bloque de Cambiemos, pidi\u00f3 un aplauso a modo de homenaje para Roberto Oterm\u00edn, recientemente fallecido. Oterm\u00edn fue justamente consejero escolar y concejal de la ciudad, adem\u00e1s de maestro como tan [&hellip;]","og_url":"https:\/\/noticiasmercedinas.com\/site\/2019\/09\/10\/homenajean-con-aplausos-a-roberto-otermin\/","og_site_name":"NOTICIASMERCEDINAS.COM","article_publisher":"https:\/\/www.facebook.com\/noticiasmercedinas\/","article_author":"https:\/\/www.facebook.com\/cristian.falabella","article_published_time":"2019-09-10T13:03:53+00:00","article_modified_time":"2019-09-10T13:40:56+00:00","og_image":[{"width":512,"height":308,"url":"https:\/\/noticiasmercedinas.com\/site\/wp-content\/uploads\/2018\/09\/oscar_albini_512_hcd.jpg","type":"image\/jpeg"}],"author":"Cristian Falabella NOTICIASMERCEDINAS.COM","twitter_card":"summary_large_image","twitter_creator":"@https:\/\/twitter.com\/NOTMERCEDINAS","twitter_site":"@notmercedinas","twitter_misc":{"Escrito por":"Cristian Falabella NOTICIASMERCEDINAS.COM","Tiempo de lectura":"1 minuto"},"schema":{"@context":"https:\/\/schema.org","@graph":[{"@type":"Article","@id":"https:\/\/noticiasmercedinas.com\/site\/2019\/09\/10\/homenajean-con-aplausos-a-roberto-otermin\/#article","isPartOf":{"@id":"https:\/\/noticiasmercedinas.com\/site\/2019\/09\/10\/homenajean-con-aplausos-a-roberto-otermin\/"},"author":{"name":"Cristian Falabella NOTICIASMERCEDINAS.COM","@id":"https:\/\/noticiasmercedinas.com\/site\/#\/schema\/person\/d481a9696a5feaec13a60e2bbd991a6a"},"headline":"Homenajean con aplausos a Roberto Oterm\u00edn","datePublished":"2019-09-10T13:03:53+00:00","dateModified":"2019-09-10T13:40:56+00:00","mainEntityOfPage":{"@id":"https:\/\/noticiasmercedinas.com\/site\/2019\/09\/10\/homenajean-con-aplausos-a-roberto-otermin\/"},"wordCount":216,"commentCount":0,"publisher":{"@id":"https:\/\/noticiasmercedinas.com\/site\/#organization"},"image":{"@id":"https:\/\/noticiasmercedinas.com\/site\/2019\/09\/10\/homenajean-con-aplausos-a-roberto-otermin\/#primaryimage"},"thumbnailUrl":"https:\/\/noticiasmercedinas.com\/site\/wp-content\/uploads\/2018\/09\/oscar_albini_512_hcd.jpg","keywords":["homenaje","oscar albini","roberto otermin"],"articleSection":["Sociedad"],"inLanguage":"es","potentialAction":[{"@type":"CommentAction","name":"Comment","target":["https:\/\/noticiasmercedinas.com\/site\/2019\/09\/10\/homenajean-con-aplausos-a-roberto-otermin\/#respond"]}]},{"@type":"WebPage","@id":"https:\/\/noticiasmercedinas.com\/site\/2019\/09\/10\/homenajean-con-aplausos-a-roberto-otermin\/","url":"https:\/\/noticiasmercedinas.com\/site\/2019\/09\/10\/homenajean-con-aplausos-a-roberto-otermin\/","name":"Homenajean con aplausos a Roberto Oterm\u00edn","isPartOf":{"@id":"https:\/\/noticiasmercedinas.com\/site\/#website"},"primaryImageOfPage":{"@id":"https:\/\/noticiasmercedinas.com\/site\/2019\/09\/10\/homenajean-con-aplausos-a-roberto-otermin\/#primaryimage"},"image":{"@id":"https:\/\/noticiasmercedinas.com\/site\/2019\/09\/10\/homenajean-con-aplausos-a-roberto-otermin\/#primaryimage"},"thumbnailUrl":"https:\/\/noticiasmercedinas.com\/site\/wp-content\/uploads\/2018\/09\/oscar_albini_512_hcd.jpg","datePublished":"2019-09-10T13:03:53+00:00","dateModified":"2019-09-10T13:40:56+00:00","breadcrumb":{"@id":"https:\/\/noticiasmercedinas.com\/site\/2019\/09\/10\/homenajean-con-aplausos-a-roberto-otermin\/#breadcrumb"},"inLanguage":"es","potentialAction":[{"@type":"ReadAction","target":["https:\/\/noticiasmercedinas.com\/site\/2019\/09\/10\/homenajean-con-aplausos-a-roberto-otermin\/"]}]},{"@type":"ImageObject","inLanguage":"es","@id":"https:\/\/noticiasmercedinas.com\/site\/2019\/09\/10\/homenajean-con-aplausos-a-roberto-otermin\/#primaryimage","url":"https:\/\/noticiasmercedinas.com\/site\/wp-content\/uploads\/2018\/09\/oscar_albini_512_hcd.jpg","contentUrl":"https:\/\/noticiasmercedinas.com\/site\/wp-content\/uploads\/2018\/09\/oscar_albini_512_hcd.jpg","width":512,"height":308},{"@type":"BreadcrumbList","@id":"https:\/\/noticiasmercedinas.com\/site\/2019\/09\/10\/homenajean-con-aplausos-a-roberto-otermin\/#breadcrumb","itemListElement":[{"@type":"ListItem","position":1,"name":"Portada","item":"https:\/\/noticiasmercedinas.com\/site\/"},{"@type":"ListItem","position":2,"name":"Homenajean con aplausos a Roberto Oterm\u00edn"}]},{"@type":"WebSite","@id":"https:\/\/noticiasmercedinas.com\/site\/#website","url":"https:\/\/noticiasmercedinas.com\/site\/","name":"NOTICIASMERCEDINAS.COM","description":"Mercedes, Buenos Aires, Argentina","publisher":{"@id":"https:\/\/noticiasmercedinas.com\/site\/#organization"},"potentialAction":[{"@type":"SearchAction","target":{"@type":"EntryPoint","urlTemplate":"https:\/\/noticiasmercedinas.com\/site\/?s={search_term_string}"},"query-input":{"@type":"PropertyValueSpecification","valueRequired":true,"valueName":"search_term_string"}}],"inLanguage":"es"},{"@type":"Organization","@id":"https:\/\/noticiasmercedinas.com\/site\/#organization","name":"NOTICIASMERCEDINAS.COM","url":"https:\/\/noticiasmercedinas.com\/site\/","logo":{"@type":"ImageObject","inLanguage":"es","@id":"https:\/\/noticiasmercedinas.com\/site\/#\/schema\/logo\/image\/","url":"https:\/\/noticiasmercedinas.com\/site\/wp-content\/uploads\/2020\/06\/LOGO-512.jpg","contentUrl":"https:\/\/noticiasmercedinas.com\/site\/wp-content\/uploads\/2020\/06\/LOGO-512.jpg","width":512,"height":512,"caption":"NOTICIASMERCEDINAS.COM"},"image":{"@id":"https:\/\/noticiasmercedinas.com\/site\/#\/schema\/logo\/image\/"},"sameAs":["https:\/\/www.facebook.com\/noticiasmercedinas\/","https:\/\/x.com\/notmercedinas","https:\/\/www.instagram.com\/noticiasmercedinas\/"]},{"@type":"Person","@id":"https:\/\/noticiasmercedinas.com\/site\/#\/schema\/person\/d481a9696a5feaec13a60e2bbd991a6a","name":"Cristian Falabella NOTICIASMERCEDINAS.COM","image":{"@type":"ImageObject","inLanguage":"es","@id":"https:\/\/secure.gravatar.com\/avatar\/0dbbfc45970cc46bcd0e57766228574ff3511d6eed045b182f536f0f478c1f06?s=96&d=mm&r=g","url":"https:\/\/secure.gravatar.com\/avatar\/0dbbfc45970cc46bcd0e57766228574ff3511d6eed045b182f536f0f478c1f06?s=96&d=mm&r=g","contentUrl":"https:\/\/secure.gravatar.com\/avatar\/0dbbfc45970cc46bcd0e57766228574ff3511d6eed045b182f536f0f478c1f06?s=96&d=mm&r=g","caption":"Cristian Falabella NOTICIASMERCEDINAS.COM"},"description":"Periodista, editor de Noticias Mercedinas. Pas\u00f3 por varias redacciones y emprendimientos de prensa, en distintos formatos y \u00e9pocas. Se especializ\u00f3 --y sigue haci\u00e9ndolo-- en comunicaci\u00f3n en la web y en junio de 2006 fund\u00f3 este diario digital.","sameAs":["https:\/\/noticiasmercedinas.com","https:\/\/www.facebook.com\/cristian.falabella","https:\/\/www.instagram.com\/noticiasmercedinas\/","https:\/\/x.com\/https:\/\/twitter.com\/NOTMERCEDINAS"],"url":"https:\/\/noticiasmercedinas.com\/site\/author\/as000384\/"}]}},"amp_enabled":true,"_links":{"self":[{"href":"https:\/\/noticiasmercedinas.com\/site\/wp-json\/wp\/v2\/posts\/27885","targetHints":{"allow":["GET"]}}],"collection":[{"href":"https:\/\/noticiasmercedinas.com\/site\/wp-json\/wp\/v2\/posts"}],"about":[{"href":"https:\/\/noticiasmercedinas.com\/site\/wp-json\/wp\/v2\/types\/post"}],"author":[{"embeddable":true,"href":"https:\/\/noticiasmercedinas.com\/site\/wp-json\/wp\/v2\/users\/2"}],"replies":[{"embeddable":true,"href":"https:\/\/noticiasmercedinas.com\/site\/wp-json\/wp\/v2\/comments?post=27885"}],"version-history":[{"count":2,"href":"https:\/\/noticiasmercedinas.com\/site\/wp-json\/wp\/v2\/posts\/27885\/revisions"}],"predecessor-version":[{"id":27887,"href":"https:\/\/noticiasmercedinas.com\/site\/wp-json\/wp\/v2\/posts\/27885\/revisions\/27887"}],"wp:featuredmedia":[{"embeddable":true,"href":"https:\/\/noticiasmercedinas.com\/site\/wp-json\/wp\/v2\/media\/2193"}],"wp:attachment":[{"href":"https:\/\/noticiasmercedinas.com\/site\/wp-json\/wp\/v2\/media?parent=27885"}],"wp:term":[{"taxonomy":"category","embeddable":true,"href":"https:\/\/noticiasmercedinas.com\/site\/wp-json\/wp\/v2\/categories?post=27885"},{"taxonomy":"post_tag","embeddable":true,"href":"https:\/\/noticiasmercedinas.com\/site\/wp-json\/wp\/v2\/tags?post=27885"}],"curies":[{"name":"wp","href":"https:\/\/api.w.org\/{rel}","templated":true}]}}