{"id":28087,"date":"2019-09-13T15:04:45","date_gmt":"2019-09-13T18:04:45","guid":{"rendered":"https:\/\/noticiasmercedinas.com\/site\/?p=28087"},"modified":"2019-09-13T15:04:45","modified_gmt":"2019-09-13T18:04:45","slug":"damos-lo-mejor-para-que-la-gente-se-sienta-mas-contenida","status":"publish","type":"post","link":"https:\/\/noticiasmercedinas.com\/site\/2019\/09\/13\/damos-lo-mejor-para-que-la-gente-se-sienta-mas-contenida\/","title":{"rendered":"\u201cDamos lo mejor para que la gente se sienta m\u00e1s contenida\u201d"},"content":{"rendered":"<p><a href=\"https:\/\/noticiasmercedinas.com\/site\/wp-content\/uploads\/2019\/09\/BANGLA_CHALA.jpg\"><img loading=\"lazy\" decoding=\"async\" class=\"alignnone size-full wp-image-28088\" src=\"https:\/\/noticiasmercedinas.com\/site\/wp-content\/uploads\/2019\/09\/BANGLA_CHALA.jpg\" alt=\"\" width=\"640\" height=\"480\" srcset=\"https:\/\/noticiasmercedinas.com\/site\/wp-content\/uploads\/2019\/09\/BANGLA_CHALA.jpg 640w, https:\/\/noticiasmercedinas.com\/site\/wp-content\/uploads\/2019\/09\/BANGLA_CHALA-300x225.jpg 300w, https:\/\/noticiasmercedinas.com\/site\/wp-content\/uploads\/2019\/09\/BANGLA_CHALA-80x60.jpg 80w, https:\/\/noticiasmercedinas.com\/site\/wp-content\/uploads\/2019\/09\/BANGLA_CHALA-160x120.jpg 160w, https:\/\/noticiasmercedinas.com\/site\/wp-content\/uploads\/2019\/09\/BANGLA_CHALA-100x75.jpg 100w, https:\/\/noticiasmercedinas.com\/site\/wp-content\/uploads\/2019\/09\/BANGLA_CHALA-200x150.jpg 200w, https:\/\/noticiasmercedinas.com\/site\/wp-content\/uploads\/2019\/09\/BANGLA_CHALA-180x135.jpg 180w, https:\/\/noticiasmercedinas.com\/site\/wp-content\/uploads\/2019\/09\/BANGLA_CHALA-360x270.jpg 360w, https:\/\/noticiasmercedinas.com\/site\/wp-content\/uploads\/2019\/09\/BANGLA_CHALA-238x178.jpg 238w, https:\/\/noticiasmercedinas.com\/site\/wp-content\/uploads\/2019\/09\/BANGLA_CHALA-476x356.jpg 476w\" sizes=\"auto, (max-width: 640px) 100vw, 640px\" \/><\/a><\/p>\n<p>\u201cPoder dar una mano adonde se necesita tanto es el sue\u00f1o de uno\u201d, explic\u00f3 Esteban Chal\u00e1, quien <a href=\"https:\/\/noticiasmercedinas.com\/site\/2019\/08\/19\/esteban-chala-parte-a-bangladesh-en-mision-humanitaria-de-la-onu\/\"><span style=\"color: #000080;\"><strong>coordina las operaciones del campo de refugiados Kutupalong en Bangladesh<\/strong><\/span><\/a> y esta semana recibi\u00f3 la distinci\u00f3n \u201cEmbajador para la Paz\u201d.<\/p>\n<p>En di\u00e1logo con NOTICIASMERCEDINAS.COM, el mercedino cont\u00f3 que desde hace una semana sufren intensas precipitaciones que ya acumularon m\u00e1s de 400 mil\u00edmetros. \u201cEs una situaci\u00f3n muy dif\u00edcil, la gente anda con el agua al pecho\u201d, indic\u00f3.<\/p>\n<p>\u201cAl ser una zona m\u00e1s bien monta\u00f1osa se generan muchos problemas con los deslaves, ayer tuvimos tres en la ruta principal que por suerte no generaron heridos\u201d, coment\u00f3 y detall\u00f3 que su misi\u00f3n es \u201clograr mantener los servicios log\u00edsticos y de emergencia y llevar los suministros\u201d.<\/p>\n<p>\u201cEs una tarea dif\u00edcil y compleja pero tratamos de dar lo mejor y darle una chance a esta gente para que se sienta m\u00e1s contenida\u201d, se\u00f1al\u00f3 Chal\u00e1 desde Bangladesh y puntualiz\u00f3 que lo acompa\u00f1an cinco voluntarios \u201cinternacionales\u201d y unos 20 colaboradores locales.<\/p>\n<p>Esta semana, Chal\u00e1 recibi\u00f3 la menci\u00f3n Embajador para la Paz que otorga la Federaci\u00f3n para la Paz Universal (UPF) \u201ca aquellos individuos cuyas vidas ejemplifican el ideal de vivir por el bien de los dem\u00e1s y se dedican a pr\u00e1cticas que promueven los valores morales universales, una vida familiar s\u00f3lida, la cooperaci\u00f3n interreligiosa, la armon\u00eda internacional, la renovaci\u00f3n de las Naciones Unidas, los medios de comunicaci\u00f3n p\u00fablicos responsables y el establecimiento de una cultura de paz\u201d.<\/p>\n<p>\u201cFue una sorpresa importante, la verdad es que no me lo esperaba pero es muy gratificante\u201d, expres\u00f3 Chal\u00e1 y cont\u00f3 que lo representaron en la recepci\u00f3n del diploma su esposa y sus compa\u00f1eros del Cuerpo de Evacuaci\u00f3n y Primeros Auxilios (CEPA) y de Protecci\u00f3n Civil del Municipio.<\/p>\n<p>\u201cSe extra\u00f1a un mont\u00f3n a la familia y a los amigos, se extra\u00f1a a Mercedes pero estar en este lugar es mi sue\u00f1o\u201d, confi\u00f3.<br \/>\n<a href=\"https:\/\/noticiasmercedinas.com\/site\/wp-content\/uploads\/2019\/09\/BANGLA.jpg\"><img loading=\"lazy\" decoding=\"async\" class=\"alignnone size-full wp-image-28089\" src=\"https:\/\/noticiasmercedinas.com\/site\/wp-content\/uploads\/2019\/09\/BANGLA.jpg\" alt=\"\" width=\"640\" height=\"480\" srcset=\"https:\/\/noticiasmercedinas.com\/site\/wp-content\/uploads\/2019\/09\/BANGLA.jpg 640w, https:\/\/noticiasmercedinas.com\/site\/wp-content\/uploads\/2019\/09\/BANGLA-300x225.jpg 300w, https:\/\/noticiasmercedinas.com\/site\/wp-content\/uploads\/2019\/09\/BANGLA-80x60.jpg 80w, https:\/\/noticiasmercedinas.com\/site\/wp-content\/uploads\/2019\/09\/BANGLA-160x120.jpg 160w, https:\/\/noticiasmercedinas.com\/site\/wp-content\/uploads\/2019\/09\/BANGLA-100x75.jpg 100w, https:\/\/noticiasmercedinas.com\/site\/wp-content\/uploads\/2019\/09\/BANGLA-200x150.jpg 200w, https:\/\/noticiasmercedinas.com\/site\/wp-content\/uploads\/2019\/09\/BANGLA-180x135.jpg 180w, https:\/\/noticiasmercedinas.com\/site\/wp-content\/uploads\/2019\/09\/BANGLA-360x270.jpg 360w, https:\/\/noticiasmercedinas.com\/site\/wp-content\/uploads\/2019\/09\/BANGLA-238x178.jpg 238w, https:\/\/noticiasmercedinas.com\/site\/wp-content\/uploads\/2019\/09\/BANGLA-476x356.jpg 476w\" sizes=\"auto, (max-width: 640px) 100vw, 640px\" \/><\/a><\/p>\n","protected":false},"excerpt":{"rendered":"<p>\u201cPoder dar una mano adonde se necesita tanto es el sue\u00f1o de uno\u201d, explic\u00f3 Esteban Chal\u00e1, quien coordina las operaciones del campo de refugiados Kutupalong en Bangladesh y esta semana recibi\u00f3 la distinci\u00f3n \u201cEmbajador para la Paz\u201d. En di\u00e1logo con NOTICIASMERCEDINAS.COM, el mercedino cont\u00f3 que desde hace una semana sufren intensas precipitaciones que ya acumularon [&hellip;]<\/p>\n","protected":false},"author":16,"featured_media":28088,"comment_status":"open","ping_status":"open","sticky":false,"template":"","format":"standard","meta":{"footnotes":""},"categories":[9],"tags":[6107,6350,939,6416,938],"class_list":["post-28087","post","type-post","status-publish","format-standard","has-post-thumbnail","hentry","category-entrevistas","tag-bangladesh","tag-cuerpo-de-evacuacion-y-primeros-auxilios","tag-esteban-chala","tag-federacion-para-la-paz-universal","tag-proteccion-civil"],"yoast_head":"<!-- This site is optimized with the Yoast SEO plugin v27.4 - https:\/\/yoast.com\/product\/yoast-seo-wordpress\/ -->\n<title>\u201cDamos lo mejor para que la gente se sienta m\u00e1s contenida\u201d<\/title>\n<meta name=\"robots\" content=\"index, follow, max-snippet:-1, max-image-preview:large, max-video-preview:-1\" \/>\n<link rel=\"canonical\" href=\"https:\/\/noticiasmercedinas.com\/site\/2019\/09\/13\/damos-lo-mejor-para-que-la-gente-se-sienta-mas-contenida\/\" \/>\n<meta property=\"og:locale\" content=\"es_ES\" \/>\n<meta property=\"og:type\" content=\"article\" \/>\n<meta property=\"og:title\" content=\"\u201cDamos lo mejor para que la gente se sienta m\u00e1s contenida\u201d\" \/>\n<meta property=\"og:description\" content=\"\u201cPoder dar una mano adonde se necesita tanto es el sue\u00f1o de uno\u201d, explic\u00f3 Esteban Chal\u00e1, quien coordina las operaciones del campo de refugiados Kutupalong en Bangladesh y esta semana recibi\u00f3 la distinci\u00f3n \u201cEmbajador para la Paz\u201d. En di\u00e1logo con NOTICIASMERCEDINAS.COM, el mercedino cont\u00f3 que desde hace una semana sufren intensas precipitaciones que ya acumularon [&hellip;]\" \/>\n<meta property=\"og:url\" content=\"https:\/\/noticiasmercedinas.com\/site\/2019\/09\/13\/damos-lo-mejor-para-que-la-gente-se-sienta-mas-contenida\/\" \/>\n<meta property=\"og:site_name\" content=\"NOTICIASMERCEDINAS.COM\" \/>\n<meta property=\"article:publisher\" content=\"https:\/\/www.facebook.com\/noticiasmercedinas\/\" \/>\n<meta property=\"article:published_time\" content=\"2019-09-13T18:04:45+00:00\" \/>\n<meta property=\"og:image\" content=\"https:\/\/noticiasmercedinas.com\/site\/wp-content\/uploads\/2019\/09\/BANGLA_CHALA.jpg\" \/>\n\t<meta property=\"og:image:width\" content=\"640\" \/>\n\t<meta property=\"og:image:height\" content=\"480\" \/>\n\t<meta property=\"og:image:type\" content=\"image\/jpeg\" \/>\n<meta name=\"author\" content=\"NOTICIASMERCEDINAS.COM\" \/>\n<meta name=\"twitter:card\" content=\"summary_large_image\" \/>\n<meta name=\"twitter:creator\" content=\"@notmercedinas\" \/>\n<meta name=\"twitter:site\" content=\"@notmercedinas\" \/>\n<meta name=\"twitter:label1\" content=\"Escrito por\" \/>\n\t<meta name=\"twitter:data1\" content=\"NOTICIASMERCEDINAS.COM\" \/>\n\t<meta name=\"twitter:label2\" content=\"Tiempo de lectura\" \/>\n\t<meta name=\"twitter:data2\" content=\"2 minutos\" \/>\n<script type=\"application\/ld+json\" class=\"yoast-schema-graph\">{\"@context\":\"https:\\\/\\\/schema.org\",\"@graph\":[{\"@type\":\"Article\",\"@id\":\"https:\\\/\\\/noticiasmercedinas.com\\\/site\\\/2019\\\/09\\\/13\\\/damos-lo-mejor-para-que-la-gente-se-sienta-mas-contenida\\\/#article\",\"isPartOf\":{\"@id\":\"https:\\\/\\\/noticiasmercedinas.com\\\/site\\\/2019\\\/09\\\/13\\\/damos-lo-mejor-para-que-la-gente-se-sienta-mas-contenida\\\/\"},\"author\":{\"name\":\"NOTICIASMERCEDINAS.COM\",\"@id\":\"https:\\\/\\\/noticiasmercedinas.com\\\/site\\\/#\\\/schema\\\/person\\\/84b59c099c28ff2e8b77d4ceec5d8063\"},\"headline\":\"\u201cDamos lo mejor para que la gente se sienta m\u00e1s contenida\u201d\",\"datePublished\":\"2019-09-13T18:04:45+00:00\",\"mainEntityOfPage\":{\"@id\":\"https:\\\/\\\/noticiasmercedinas.com\\\/site\\\/2019\\\/09\\\/13\\\/damos-lo-mejor-para-que-la-gente-se-sienta-mas-contenida\\\/\"},\"wordCount\":352,\"commentCount\":0,\"publisher\":{\"@id\":\"https:\\\/\\\/noticiasmercedinas.com\\\/site\\\/#organization\"},\"image\":{\"@id\":\"https:\\\/\\\/noticiasmercedinas.com\\\/site\\\/2019\\\/09\\\/13\\\/damos-lo-mejor-para-que-la-gente-se-sienta-mas-contenida\\\/#primaryimage\"},\"thumbnailUrl\":\"https:\\\/\\\/noticiasmercedinas.com\\\/site\\\/wp-content\\\/uploads\\\/2019\\\/09\\\/BANGLA_CHALA.jpg\",\"keywords\":[\"Bangladesh\",\"cuerpo de Evacuaci\u00f3n y Primeros Auxilios\",\"esteban chal\u00e1\",\"Federaci\u00f3n para la Paz Universal\",\"protecci\u00f3n civil\"],\"articleSection\":[\"Entrevistas\"],\"inLanguage\":\"es\",\"potentialAction\":[{\"@type\":\"CommentAction\",\"name\":\"Comment\",\"target\":[\"https:\\\/\\\/noticiasmercedinas.com\\\/site\\\/2019\\\/09\\\/13\\\/damos-lo-mejor-para-que-la-gente-se-sienta-mas-contenida\\\/#respond\"]}]},{\"@type\":\"WebPage\",\"@id\":\"https:\\\/\\\/noticiasmercedinas.com\\\/site\\\/2019\\\/09\\\/13\\\/damos-lo-mejor-para-que-la-gente-se-sienta-mas-contenida\\\/\",\"url\":\"https:\\\/\\\/noticiasmercedinas.com\\\/site\\\/2019\\\/09\\\/13\\\/damos-lo-mejor-para-que-la-gente-se-sienta-mas-contenida\\\/\",\"name\":\"\u201cDamos lo mejor para que la gente se sienta m\u00e1s contenida\u201d\",\"isPartOf\":{\"@id\":\"https:\\\/\\\/noticiasmercedinas.com\\\/site\\\/#website\"},\"primaryImageOfPage\":{\"@id\":\"https:\\\/\\\/noticiasmercedinas.com\\\/site\\\/2019\\\/09\\\/13\\\/damos-lo-mejor-para-que-la-gente-se-sienta-mas-contenida\\\/#primaryimage\"},\"image\":{\"@id\":\"https:\\\/\\\/noticiasmercedinas.com\\\/site\\\/2019\\\/09\\\/13\\\/damos-lo-mejor-para-que-la-gente-se-sienta-mas-contenida\\\/#primaryimage\"},\"thumbnailUrl\":\"https:\\\/\\\/noticiasmercedinas.com\\\/site\\\/wp-content\\\/uploads\\\/2019\\\/09\\\/BANGLA_CHALA.jpg\",\"datePublished\":\"2019-09-13T18:04:45+00:00\",\"breadcrumb\":{\"@id\":\"https:\\\/\\\/noticiasmercedinas.com\\\/site\\\/2019\\\/09\\\/13\\\/damos-lo-mejor-para-que-la-gente-se-sienta-mas-contenida\\\/#breadcrumb\"},\"inLanguage\":\"es\",\"potentialAction\":[{\"@type\":\"ReadAction\",\"target\":[\"https:\\\/\\\/noticiasmercedinas.com\\\/site\\\/2019\\\/09\\\/13\\\/damos-lo-mejor-para-que-la-gente-se-sienta-mas-contenida\\\/\"]}]},{\"@type\":\"ImageObject\",\"inLanguage\":\"es\",\"@id\":\"https:\\\/\\\/noticiasmercedinas.com\\\/site\\\/2019\\\/09\\\/13\\\/damos-lo-mejor-para-que-la-gente-se-sienta-mas-contenida\\\/#primaryimage\",\"url\":\"https:\\\/\\\/noticiasmercedinas.com\\\/site\\\/wp-content\\\/uploads\\\/2019\\\/09\\\/BANGLA_CHALA.jpg\",\"contentUrl\":\"https:\\\/\\\/noticiasmercedinas.com\\\/site\\\/wp-content\\\/uploads\\\/2019\\\/09\\\/BANGLA_CHALA.jpg\",\"width\":640,\"height\":480},{\"@type\":\"BreadcrumbList\",\"@id\":\"https:\\\/\\\/noticiasmercedinas.com\\\/site\\\/2019\\\/09\\\/13\\\/damos-lo-mejor-para-que-la-gente-se-sienta-mas-contenida\\\/#breadcrumb\",\"itemListElement\":[{\"@type\":\"ListItem\",\"position\":1,\"name\":\"Portada\",\"item\":\"https:\\\/\\\/noticiasmercedinas.com\\\/site\\\/\"},{\"@type\":\"ListItem\",\"position\":2,\"name\":\"\u201cDamos lo mejor para que la gente se sienta m\u00e1s contenida\u201d\"}]},{\"@type\":\"WebSite\",\"@id\":\"https:\\\/\\\/noticiasmercedinas.com\\\/site\\\/#website\",\"url\":\"https:\\\/\\\/noticiasmercedinas.com\\\/site\\\/\",\"name\":\"NOTICIASMERCEDINAS.COM\",\"description\":\"Mercedes, Buenos Aires, Argentina\",\"publisher\":{\"@id\":\"https:\\\/\\\/noticiasmercedinas.com\\\/site\\\/#organization\"},\"potentialAction\":[{\"@type\":\"SearchAction\",\"target\":{\"@type\":\"EntryPoint\",\"urlTemplate\":\"https:\\\/\\\/noticiasmercedinas.com\\\/site\\\/?s={search_term_string}\"},\"query-input\":{\"@type\":\"PropertyValueSpecification\",\"valueRequired\":true,\"valueName\":\"search_term_string\"}}],\"inLanguage\":\"es\"},{\"@type\":\"Organization\",\"@id\":\"https:\\\/\\\/noticiasmercedinas.com\\\/site\\\/#organization\",\"name\":\"NOTICIASMERCEDINAS.COM\",\"url\":\"https:\\\/\\\/noticiasmercedinas.com\\\/site\\\/\",\"logo\":{\"@type\":\"ImageObject\",\"inLanguage\":\"es\",\"@id\":\"https:\\\/\\\/noticiasmercedinas.com\\\/site\\\/#\\\/schema\\\/logo\\\/image\\\/\",\"url\":\"https:\\\/\\\/noticiasmercedinas.com\\\/site\\\/wp-content\\\/uploads\\\/2020\\\/06\\\/LOGO-512.jpg\",\"contentUrl\":\"https:\\\/\\\/noticiasmercedinas.com\\\/site\\\/wp-content\\\/uploads\\\/2020\\\/06\\\/LOGO-512.jpg\",\"width\":512,\"height\":512,\"caption\":\"NOTICIASMERCEDINAS.COM\"},\"image\":{\"@id\":\"https:\\\/\\\/noticiasmercedinas.com\\\/site\\\/#\\\/schema\\\/logo\\\/image\\\/\"},\"sameAs\":[\"https:\\\/\\\/www.facebook.com\\\/noticiasmercedinas\\\/\",\"https:\\\/\\\/x.com\\\/notmercedinas\",\"https:\\\/\\\/www.instagram.com\\\/noticiasmercedinas\\\/\"]},{\"@type\":\"Person\",\"@id\":\"https:\\\/\\\/noticiasmercedinas.com\\\/site\\\/#\\\/schema\\\/person\\\/84b59c099c28ff2e8b77d4ceec5d8063\",\"name\":\"NOTICIASMERCEDINAS.COM\",\"image\":{\"@type\":\"ImageObject\",\"inLanguage\":\"es\",\"@id\":\"https:\\\/\\\/secure.gravatar.com\\\/avatar\\\/4dfbf16b4d17945bfb6341b2d19043457132fcf478a5ee04f42e959fd8f5df0a?s=96&d=mm&r=g\",\"url\":\"https:\\\/\\\/secure.gravatar.com\\\/avatar\\\/4dfbf16b4d17945bfb6341b2d19043457132fcf478a5ee04f42e959fd8f5df0a?s=96&d=mm&r=g\",\"contentUrl\":\"https:\\\/\\\/secure.gravatar.com\\\/avatar\\\/4dfbf16b4d17945bfb6341b2d19043457132fcf478a5ee04f42e959fd8f5df0a?s=96&d=mm&r=g\",\"caption\":\"NOTICIASMERCEDINAS.COM\"},\"url\":\"https:\\\/\\\/noticiasmercedinas.com\\\/site\\\/author\\\/anonimo\\\/\"}]}<\/script>\n<!-- \/ Yoast SEO plugin. -->","yoast_head_json":{"title":"\u201cDamos lo mejor para que la gente se sienta m\u00e1s contenida\u201d","robots":{"index":"index","follow":"follow","max-snippet":"max-snippet:-1","max-image-preview":"max-image-preview:large","max-video-preview":"max-video-preview:-1"},"canonical":"https:\/\/noticiasmercedinas.com\/site\/2019\/09\/13\/damos-lo-mejor-para-que-la-gente-se-sienta-mas-contenida\/","og_locale":"es_ES","og_type":"article","og_title":"\u201cDamos lo mejor para que la gente se sienta m\u00e1s contenida\u201d","og_description":"\u201cPoder dar una mano adonde se necesita tanto es el sue\u00f1o de uno\u201d, explic\u00f3 Esteban Chal\u00e1, quien coordina las operaciones del campo de refugiados Kutupalong en Bangladesh y esta semana recibi\u00f3 la distinci\u00f3n \u201cEmbajador para la Paz\u201d. En di\u00e1logo con NOTICIASMERCEDINAS.COM, el mercedino cont\u00f3 que desde hace una semana sufren intensas precipitaciones que ya acumularon [&hellip;]","og_url":"https:\/\/noticiasmercedinas.com\/site\/2019\/09\/13\/damos-lo-mejor-para-que-la-gente-se-sienta-mas-contenida\/","og_site_name":"NOTICIASMERCEDINAS.COM","article_publisher":"https:\/\/www.facebook.com\/noticiasmercedinas\/","article_published_time":"2019-09-13T18:04:45+00:00","og_image":[{"width":640,"height":480,"url":"https:\/\/noticiasmercedinas.com\/site\/wp-content\/uploads\/2019\/09\/BANGLA_CHALA.jpg","type":"image\/jpeg"}],"author":"NOTICIASMERCEDINAS.COM","twitter_card":"summary_large_image","twitter_creator":"@notmercedinas","twitter_site":"@notmercedinas","twitter_misc":{"Escrito por":"NOTICIASMERCEDINAS.COM","Tiempo de lectura":"2 minutos"},"schema":{"@context":"https:\/\/schema.org","@graph":[{"@type":"Article","@id":"https:\/\/noticiasmercedinas.com\/site\/2019\/09\/13\/damos-lo-mejor-para-que-la-gente-se-sienta-mas-contenida\/#article","isPartOf":{"@id":"https:\/\/noticiasmercedinas.com\/site\/2019\/09\/13\/damos-lo-mejor-para-que-la-gente-se-sienta-mas-contenida\/"},"author":{"name":"NOTICIASMERCEDINAS.COM","@id":"https:\/\/noticiasmercedinas.com\/site\/#\/schema\/person\/84b59c099c28ff2e8b77d4ceec5d8063"},"headline":"\u201cDamos lo mejor para que la gente se sienta m\u00e1s contenida\u201d","datePublished":"2019-09-13T18:04:45+00:00","mainEntityOfPage":{"@id":"https:\/\/noticiasmercedinas.com\/site\/2019\/09\/13\/damos-lo-mejor-para-que-la-gente-se-sienta-mas-contenida\/"},"wordCount":352,"commentCount":0,"publisher":{"@id":"https:\/\/noticiasmercedinas.com\/site\/#organization"},"image":{"@id":"https:\/\/noticiasmercedinas.com\/site\/2019\/09\/13\/damos-lo-mejor-para-que-la-gente-se-sienta-mas-contenida\/#primaryimage"},"thumbnailUrl":"https:\/\/noticiasmercedinas.com\/site\/wp-content\/uploads\/2019\/09\/BANGLA_CHALA.jpg","keywords":["Bangladesh","cuerpo de Evacuaci\u00f3n y Primeros Auxilios","esteban chal\u00e1","Federaci\u00f3n para la Paz Universal","protecci\u00f3n civil"],"articleSection":["Entrevistas"],"inLanguage":"es","potentialAction":[{"@type":"CommentAction","name":"Comment","target":["https:\/\/noticiasmercedinas.com\/site\/2019\/09\/13\/damos-lo-mejor-para-que-la-gente-se-sienta-mas-contenida\/#respond"]}]},{"@type":"WebPage","@id":"https:\/\/noticiasmercedinas.com\/site\/2019\/09\/13\/damos-lo-mejor-para-que-la-gente-se-sienta-mas-contenida\/","url":"https:\/\/noticiasmercedinas.com\/site\/2019\/09\/13\/damos-lo-mejor-para-que-la-gente-se-sienta-mas-contenida\/","name":"\u201cDamos lo mejor para que la gente se sienta m\u00e1s contenida\u201d","isPartOf":{"@id":"https:\/\/noticiasmercedinas.com\/site\/#website"},"primaryImageOfPage":{"@id":"https:\/\/noticiasmercedinas.com\/site\/2019\/09\/13\/damos-lo-mejor-para-que-la-gente-se-sienta-mas-contenida\/#primaryimage"},"image":{"@id":"https:\/\/noticiasmercedinas.com\/site\/2019\/09\/13\/damos-lo-mejor-para-que-la-gente-se-sienta-mas-contenida\/#primaryimage"},"thumbnailUrl":"https:\/\/noticiasmercedinas.com\/site\/wp-content\/uploads\/2019\/09\/BANGLA_CHALA.jpg","datePublished":"2019-09-13T18:04:45+00:00","breadcrumb":{"@id":"https:\/\/noticiasmercedinas.com\/site\/2019\/09\/13\/damos-lo-mejor-para-que-la-gente-se-sienta-mas-contenida\/#breadcrumb"},"inLanguage":"es","potentialAction":[{"@type":"ReadAction","target":["https:\/\/noticiasmercedinas.com\/site\/2019\/09\/13\/damos-lo-mejor-para-que-la-gente-se-sienta-mas-contenida\/"]}]},{"@type":"ImageObject","inLanguage":"es","@id":"https:\/\/noticiasmercedinas.com\/site\/2019\/09\/13\/damos-lo-mejor-para-que-la-gente-se-sienta-mas-contenida\/#primaryimage","url":"https:\/\/noticiasmercedinas.com\/site\/wp-content\/uploads\/2019\/09\/BANGLA_CHALA.jpg","contentUrl":"https:\/\/noticiasmercedinas.com\/site\/wp-content\/uploads\/2019\/09\/BANGLA_CHALA.jpg","width":640,"height":480},{"@type":"BreadcrumbList","@id":"https:\/\/noticiasmercedinas.com\/site\/2019\/09\/13\/damos-lo-mejor-para-que-la-gente-se-sienta-mas-contenida\/#breadcrumb","itemListElement":[{"@type":"ListItem","position":1,"name":"Portada","item":"https:\/\/noticiasmercedinas.com\/site\/"},{"@type":"ListItem","position":2,"name":"\u201cDamos lo mejor para que la gente se sienta m\u00e1s contenida\u201d"}]},{"@type":"WebSite","@id":"https:\/\/noticiasmercedinas.com\/site\/#website","url":"https:\/\/noticiasmercedinas.com\/site\/","name":"NOTICIASMERCEDINAS.COM","description":"Mercedes, Buenos Aires, Argentina","publisher":{"@id":"https:\/\/noticiasmercedinas.com\/site\/#organization"},"potentialAction":[{"@type":"SearchAction","target":{"@type":"EntryPoint","urlTemplate":"https:\/\/noticiasmercedinas.com\/site\/?s={search_term_string}"},"query-input":{"@type":"PropertyValueSpecification","valueRequired":true,"valueName":"search_term_string"}}],"inLanguage":"es"},{"@type":"Organization","@id":"https:\/\/noticiasmercedinas.com\/site\/#organization","name":"NOTICIASMERCEDINAS.COM","url":"https:\/\/noticiasmercedinas.com\/site\/","logo":{"@type":"ImageObject","inLanguage":"es","@id":"https:\/\/noticiasmercedinas.com\/site\/#\/schema\/logo\/image\/","url":"https:\/\/noticiasmercedinas.com\/site\/wp-content\/uploads\/2020\/06\/LOGO-512.jpg","contentUrl":"https:\/\/noticiasmercedinas.com\/site\/wp-content\/uploads\/2020\/06\/LOGO-512.jpg","width":512,"height":512,"caption":"NOTICIASMERCEDINAS.COM"},"image":{"@id":"https:\/\/noticiasmercedinas.com\/site\/#\/schema\/logo\/image\/"},"sameAs":["https:\/\/www.facebook.com\/noticiasmercedinas\/","https:\/\/x.com\/notmercedinas","https:\/\/www.instagram.com\/noticiasmercedinas\/"]},{"@type":"Person","@id":"https:\/\/noticiasmercedinas.com\/site\/#\/schema\/person\/84b59c099c28ff2e8b77d4ceec5d8063","name":"NOTICIASMERCEDINAS.COM","image":{"@type":"ImageObject","inLanguage":"es","@id":"https:\/\/secure.gravatar.com\/avatar\/4dfbf16b4d17945bfb6341b2d19043457132fcf478a5ee04f42e959fd8f5df0a?s=96&d=mm&r=g","url":"https:\/\/secure.gravatar.com\/avatar\/4dfbf16b4d17945bfb6341b2d19043457132fcf478a5ee04f42e959fd8f5df0a?s=96&d=mm&r=g","contentUrl":"https:\/\/secure.gravatar.com\/avatar\/4dfbf16b4d17945bfb6341b2d19043457132fcf478a5ee04f42e959fd8f5df0a?s=96&d=mm&r=g","caption":"NOTICIASMERCEDINAS.COM"},"url":"https:\/\/noticiasmercedinas.com\/site\/author\/anonimo\/"}]}},"amp_enabled":true,"_links":{"self":[{"href":"https:\/\/noticiasmercedinas.com\/site\/wp-json\/wp\/v2\/posts\/28087","targetHints":{"allow":["GET"]}}],"collection":[{"href":"https:\/\/noticiasmercedinas.com\/site\/wp-json\/wp\/v2\/posts"}],"about":[{"href":"https:\/\/noticiasmercedinas.com\/site\/wp-json\/wp\/v2\/types\/post"}],"author":[{"embeddable":true,"href":"https:\/\/noticiasmercedinas.com\/site\/wp-json\/wp\/v2\/users\/16"}],"replies":[{"embeddable":true,"href":"https:\/\/noticiasmercedinas.com\/site\/wp-json\/wp\/v2\/comments?post=28087"}],"version-history":[{"count":3,"href":"https:\/\/noticiasmercedinas.com\/site\/wp-json\/wp\/v2\/posts\/28087\/revisions"}],"predecessor-version":[{"id":28092,"href":"https:\/\/noticiasmercedinas.com\/site\/wp-json\/wp\/v2\/posts\/28087\/revisions\/28092"}],"wp:featuredmedia":[{"embeddable":true,"href":"https:\/\/noticiasmercedinas.com\/site\/wp-json\/wp\/v2\/media\/28088"}],"wp:attachment":[{"href":"https:\/\/noticiasmercedinas.com\/site\/wp-json\/wp\/v2\/media?parent=28087"}],"wp:term":[{"taxonomy":"category","embeddable":true,"href":"https:\/\/noticiasmercedinas.com\/site\/wp-json\/wp\/v2\/categories?post=28087"},{"taxonomy":"post_tag","embeddable":true,"href":"https:\/\/noticiasmercedinas.com\/site\/wp-json\/wp\/v2\/tags?post=28087"}],"curies":[{"name":"wp","href":"https:\/\/api.w.org\/{rel}","templated":true}]}}