{"id":28179,"date":"2019-09-14T12:03:56","date_gmt":"2019-09-14T15:03:56","guid":{"rendered":"https:\/\/noticiasmercedinas.com\/site\/?p=28179"},"modified":"2019-09-14T12:03:56","modified_gmt":"2019-09-14T15:03:56","slug":"carlos-selva-el-cinismo-y-la-irresponsabilidad-de-macri-no-tienen-precedentes","status":"publish","type":"post","link":"https:\/\/noticiasmercedinas.com\/site\/2019\/09\/14\/carlos-selva-el-cinismo-y-la-irresponsabilidad-de-macri-no-tienen-precedentes\/","title":{"rendered":"Carlos Selva: \u201cEl cinismo y la irresponsabilidad de Macri no tienen precedentes\u201d"},"content":{"rendered":"<p><img loading=\"lazy\" decoding=\"async\" class=\"alignnone size-full wp-image-28180\" src=\"https:\/\/noticiasmercedinas.com\/site\/wp-content\/uploads\/2019\/09\/ciberdelito.jpg\" alt=\"\" width=\"960\" height=\"955\" srcset=\"https:\/\/noticiasmercedinas.com\/site\/wp-content\/uploads\/2019\/09\/ciberdelito.jpg 960w, https:\/\/noticiasmercedinas.com\/site\/wp-content\/uploads\/2019\/09\/ciberdelito-150x150.jpg 150w, https:\/\/noticiasmercedinas.com\/site\/wp-content\/uploads\/2019\/09\/ciberdelito-300x298.jpg 300w, https:\/\/noticiasmercedinas.com\/site\/wp-content\/uploads\/2019\/09\/ciberdelito-768x764.jpg 768w, https:\/\/noticiasmercedinas.com\/site\/wp-content\/uploads\/2019\/09\/ciberdelito-640x637.jpg 640w, https:\/\/noticiasmercedinas.com\/site\/wp-content\/uploads\/2019\/09\/ciberdelito-681x677.jpg 681w\" sizes=\"auto, (max-width: 960px) 100vw, 960px\" \/><\/p>\n<p>El diputado nacional <strong>Carlos Selva<\/strong> volvi\u00f3 a criticar duramente la pol\u00edtica econ\u00f3mica del Gobierno de Mauricio Macri.<\/p>\n<p>En una entrevista concedida a una FM local, luego de la sesi\u00f3n donde la C\u00e1mara de Diputados diera media sanci\u00f3n a la Ley de Emergencia Alimentaria, Selva responsabiliz\u00f3 a la administraci\u00f3n nacional por la dif\u00edcil situaci\u00f3n que est\u00e1 atravesando el pa\u00eds, agravada por la dura derrota que sufri\u00f3 el oficialismo en las \u00faltimas elecciones primarias.<\/p>\n<p>\u201cEl gobierno pretendi\u00f3 atribuir la crisis a la gente manifestando que se hab\u00edan equivocado al votar, lo que demuestra un grado de cinismo e irresponsabilidad de parte del Presidente que no tiene precedentes\u201d, agreg\u00f3 el legislador, el lunes posterior a las PASO, cuando el d\u00f3lar \u00abcomenz\u00f3 a tener una tendencia a la suba, el gobierno decidi\u00f3 intervenir tibiamente el mercado, dejando profundizar la devaluaci\u00f3n con todas las consecuencias negativas que esto tiene para la gente y beneficiando a los empresarios amigos del Presidente que tienen sus tarifas dolarizadas\u00bb, tal cual dispar\u00f3 el diputado mercedino.<\/p>\n<p>Respecto a su actividad legislativa durante la semana, Carlos Selva se\u00f1al\u00f3: \u201cVenimos trabajando arduamente. El d\u00eda lunes junto a mis colegas Marco Lavagna y Marcela Passo recibimos a m\u00e1s de cuarenta estudiantes de ciencias pol\u00edticas de la UCA. El d\u00eda mi\u00e9rcoles estuvimos en la Comisi\u00f3n de Libertad de Expresi\u00f3n, con todos los organismos de prensa de latinoam\u00e9rica, quienes vinieron a respaldar a los trabajadores de T\u00e9lam y la Televisi\u00f3n P\u00fablica y a manifestar su preocupaci\u00f3n por el cercenamiento de la libertad de expresi\u00f3n en Argentina\u201d.<\/p>\n<p>\u00abAdem\u00e1s\u00bb, agreg\u00f3 el legislador, \u00abme toc\u00f3 participar de la Jornada Internacional de Lucha Contra el Ciberdelito organizada por el Ministerio de Seguridad de la Naci\u00f3n y la Fundaci\u00f3n CAPA, siendo uno de los tres diputados convocados, junto a Karina Banfi y Juan Br\u00fcgge\u00bb.<\/p>\n","protected":false},"excerpt":{"rendered":"<p>El diputado nacional Carlos Selva volvi\u00f3 a criticar duramente la pol\u00edtica econ\u00f3mica del Gobierno de Mauricio Macri. En una entrevista concedida a una FM local, luego de la sesi\u00f3n donde la C\u00e1mara de Diputados diera media sanci\u00f3n a la Ley de Emergencia Alimentaria, Selva responsabiliz\u00f3 a la administraci\u00f3n nacional por la dif\u00edcil situaci\u00f3n que est\u00e1 [&hellip;]<\/p>\n","protected":false},"author":16,"featured_media":28180,"comment_status":"open","ping_status":"open","sticky":false,"template":"","format":"standard","meta":{"footnotes":""},"categories":[16],"tags":[318,3462,319,4089,5299,1276,3612,548],"class_list":["post-28179","post","type-post","status-publish","format-standard","has-post-thumbnail","hentry","category-politica","tag-carlos-selva","tag-delito","tag-diputado","tag-dolar","tag-frente-de-todos","tag-frente-renovador","tag-marcela-passo","tag-mauricio-macri"],"yoast_head":"<!-- This site is optimized with the Yoast SEO plugin v27.4 - https:\/\/yoast.com\/product\/yoast-seo-wordpress\/ -->\n<title>Carlos Selva: \u201cEl cinismo y la irresponsabilidad de Macri no tienen precedentes\u201d<\/title>\n<meta name=\"robots\" content=\"index, follow, max-snippet:-1, max-image-preview:large, max-video-preview:-1\" \/>\n<link rel=\"canonical\" href=\"https:\/\/noticiasmercedinas.com\/site\/2019\/09\/14\/carlos-selva-el-cinismo-y-la-irresponsabilidad-de-macri-no-tienen-precedentes\/\" \/>\n<meta property=\"og:locale\" content=\"es_ES\" \/>\n<meta property=\"og:type\" content=\"article\" \/>\n<meta property=\"og:title\" content=\"Carlos Selva: \u201cEl cinismo y la irresponsabilidad de Macri no tienen precedentes\u201d\" \/>\n<meta property=\"og:description\" content=\"El diputado nacional Carlos Selva volvi\u00f3 a criticar duramente la pol\u00edtica econ\u00f3mica del Gobierno de Mauricio Macri. En una entrevista concedida a una FM local, luego de la sesi\u00f3n donde la C\u00e1mara de Diputados diera media sanci\u00f3n a la Ley de Emergencia Alimentaria, Selva responsabiliz\u00f3 a la administraci\u00f3n nacional por la dif\u00edcil situaci\u00f3n que est\u00e1 [&hellip;]\" \/>\n<meta property=\"og:url\" content=\"https:\/\/noticiasmercedinas.com\/site\/2019\/09\/14\/carlos-selva-el-cinismo-y-la-irresponsabilidad-de-macri-no-tienen-precedentes\/\" \/>\n<meta property=\"og:site_name\" content=\"NOTICIASMERCEDINAS.COM\" \/>\n<meta property=\"article:publisher\" content=\"https:\/\/www.facebook.com\/noticiasmercedinas\/\" \/>\n<meta property=\"article:published_time\" content=\"2019-09-14T15:03:56+00:00\" \/>\n<meta property=\"og:image\" content=\"https:\/\/noticiasmercedinas.com\/site\/wp-content\/uploads\/2019\/09\/ciberdelito.jpg\" \/>\n\t<meta property=\"og:image:width\" content=\"960\" \/>\n\t<meta property=\"og:image:height\" content=\"955\" \/>\n\t<meta property=\"og:image:type\" content=\"image\/jpeg\" \/>\n<meta name=\"author\" content=\"NOTICIASMERCEDINAS.COM\" \/>\n<meta name=\"twitter:card\" content=\"summary_large_image\" \/>\n<meta name=\"twitter:creator\" content=\"@notmercedinas\" \/>\n<meta name=\"twitter:site\" content=\"@notmercedinas\" \/>\n<meta name=\"twitter:label1\" content=\"Escrito por\" \/>\n\t<meta name=\"twitter:data1\" content=\"NOTICIASMERCEDINAS.COM\" \/>\n\t<meta name=\"twitter:label2\" content=\"Tiempo de lectura\" \/>\n\t<meta name=\"twitter:data2\" content=\"2 minutos\" \/>\n<script type=\"application\/ld+json\" class=\"yoast-schema-graph\">{\"@context\":\"https:\\\/\\\/schema.org\",\"@graph\":[{\"@type\":\"Article\",\"@id\":\"https:\\\/\\\/noticiasmercedinas.com\\\/site\\\/2019\\\/09\\\/14\\\/carlos-selva-el-cinismo-y-la-irresponsabilidad-de-macri-no-tienen-precedentes\\\/#article\",\"isPartOf\":{\"@id\":\"https:\\\/\\\/noticiasmercedinas.com\\\/site\\\/2019\\\/09\\\/14\\\/carlos-selva-el-cinismo-y-la-irresponsabilidad-de-macri-no-tienen-precedentes\\\/\"},\"author\":{\"name\":\"NOTICIASMERCEDINAS.COM\",\"@id\":\"https:\\\/\\\/noticiasmercedinas.com\\\/site\\\/#\\\/schema\\\/person\\\/84b59c099c28ff2e8b77d4ceec5d8063\"},\"headline\":\"Carlos Selva: \u201cEl cinismo y la irresponsabilidad de Macri no tienen precedentes\u201d\",\"datePublished\":\"2019-09-14T15:03:56+00:00\",\"mainEntityOfPage\":{\"@id\":\"https:\\\/\\\/noticiasmercedinas.com\\\/site\\\/2019\\\/09\\\/14\\\/carlos-selva-el-cinismo-y-la-irresponsabilidad-de-macri-no-tienen-precedentes\\\/\"},\"wordCount\":336,\"commentCount\":0,\"publisher\":{\"@id\":\"https:\\\/\\\/noticiasmercedinas.com\\\/site\\\/#organization\"},\"image\":{\"@id\":\"https:\\\/\\\/noticiasmercedinas.com\\\/site\\\/2019\\\/09\\\/14\\\/carlos-selva-el-cinismo-y-la-irresponsabilidad-de-macri-no-tienen-precedentes\\\/#primaryimage\"},\"thumbnailUrl\":\"https:\\\/\\\/noticiasmercedinas.com\\\/site\\\/wp-content\\\/uploads\\\/2019\\\/09\\\/ciberdelito.jpg\",\"keywords\":[\"carlos selva\",\"delito\",\"diputado\",\"dolar\",\"Frente de Todos\",\"frente renovador\",\"Marcela Passo\",\"mauricio macri\"],\"articleSection\":[\"Politica\"],\"inLanguage\":\"es\",\"potentialAction\":[{\"@type\":\"CommentAction\",\"name\":\"Comment\",\"target\":[\"https:\\\/\\\/noticiasmercedinas.com\\\/site\\\/2019\\\/09\\\/14\\\/carlos-selva-el-cinismo-y-la-irresponsabilidad-de-macri-no-tienen-precedentes\\\/#respond\"]}]},{\"@type\":\"WebPage\",\"@id\":\"https:\\\/\\\/noticiasmercedinas.com\\\/site\\\/2019\\\/09\\\/14\\\/carlos-selva-el-cinismo-y-la-irresponsabilidad-de-macri-no-tienen-precedentes\\\/\",\"url\":\"https:\\\/\\\/noticiasmercedinas.com\\\/site\\\/2019\\\/09\\\/14\\\/carlos-selva-el-cinismo-y-la-irresponsabilidad-de-macri-no-tienen-precedentes\\\/\",\"name\":\"Carlos Selva: \u201cEl cinismo y la irresponsabilidad de Macri no tienen precedentes\u201d\",\"isPartOf\":{\"@id\":\"https:\\\/\\\/noticiasmercedinas.com\\\/site\\\/#website\"},\"primaryImageOfPage\":{\"@id\":\"https:\\\/\\\/noticiasmercedinas.com\\\/site\\\/2019\\\/09\\\/14\\\/carlos-selva-el-cinismo-y-la-irresponsabilidad-de-macri-no-tienen-precedentes\\\/#primaryimage\"},\"image\":{\"@id\":\"https:\\\/\\\/noticiasmercedinas.com\\\/site\\\/2019\\\/09\\\/14\\\/carlos-selva-el-cinismo-y-la-irresponsabilidad-de-macri-no-tienen-precedentes\\\/#primaryimage\"},\"thumbnailUrl\":\"https:\\\/\\\/noticiasmercedinas.com\\\/site\\\/wp-content\\\/uploads\\\/2019\\\/09\\\/ciberdelito.jpg\",\"datePublished\":\"2019-09-14T15:03:56+00:00\",\"breadcrumb\":{\"@id\":\"https:\\\/\\\/noticiasmercedinas.com\\\/site\\\/2019\\\/09\\\/14\\\/carlos-selva-el-cinismo-y-la-irresponsabilidad-de-macri-no-tienen-precedentes\\\/#breadcrumb\"},\"inLanguage\":\"es\",\"potentialAction\":[{\"@type\":\"ReadAction\",\"target\":[\"https:\\\/\\\/noticiasmercedinas.com\\\/site\\\/2019\\\/09\\\/14\\\/carlos-selva-el-cinismo-y-la-irresponsabilidad-de-macri-no-tienen-precedentes\\\/\"]}]},{\"@type\":\"ImageObject\",\"inLanguage\":\"es\",\"@id\":\"https:\\\/\\\/noticiasmercedinas.com\\\/site\\\/2019\\\/09\\\/14\\\/carlos-selva-el-cinismo-y-la-irresponsabilidad-de-macri-no-tienen-precedentes\\\/#primaryimage\",\"url\":\"https:\\\/\\\/noticiasmercedinas.com\\\/site\\\/wp-content\\\/uploads\\\/2019\\\/09\\\/ciberdelito.jpg\",\"contentUrl\":\"https:\\\/\\\/noticiasmercedinas.com\\\/site\\\/wp-content\\\/uploads\\\/2019\\\/09\\\/ciberdelito.jpg\",\"width\":960,\"height\":955},{\"@type\":\"BreadcrumbList\",\"@id\":\"https:\\\/\\\/noticiasmercedinas.com\\\/site\\\/2019\\\/09\\\/14\\\/carlos-selva-el-cinismo-y-la-irresponsabilidad-de-macri-no-tienen-precedentes\\\/#breadcrumb\",\"itemListElement\":[{\"@type\":\"ListItem\",\"position\":1,\"name\":\"Portada\",\"item\":\"https:\\\/\\\/noticiasmercedinas.com\\\/site\\\/\"},{\"@type\":\"ListItem\",\"position\":2,\"name\":\"Carlos Selva: \u201cEl cinismo y la irresponsabilidad de Macri no tienen precedentes\u201d\"}]},{\"@type\":\"WebSite\",\"@id\":\"https:\\\/\\\/noticiasmercedinas.com\\\/site\\\/#website\",\"url\":\"https:\\\/\\\/noticiasmercedinas.com\\\/site\\\/\",\"name\":\"NOTICIASMERCEDINAS.COM\",\"description\":\"Mercedes, Buenos Aires, Argentina\",\"publisher\":{\"@id\":\"https:\\\/\\\/noticiasmercedinas.com\\\/site\\\/#organization\"},\"potentialAction\":[{\"@type\":\"SearchAction\",\"target\":{\"@type\":\"EntryPoint\",\"urlTemplate\":\"https:\\\/\\\/noticiasmercedinas.com\\\/site\\\/?s={search_term_string}\"},\"query-input\":{\"@type\":\"PropertyValueSpecification\",\"valueRequired\":true,\"valueName\":\"search_term_string\"}}],\"inLanguage\":\"es\"},{\"@type\":\"Organization\",\"@id\":\"https:\\\/\\\/noticiasmercedinas.com\\\/site\\\/#organization\",\"name\":\"NOTICIASMERCEDINAS.COM\",\"url\":\"https:\\\/\\\/noticiasmercedinas.com\\\/site\\\/\",\"logo\":{\"@type\":\"ImageObject\",\"inLanguage\":\"es\",\"@id\":\"https:\\\/\\\/noticiasmercedinas.com\\\/site\\\/#\\\/schema\\\/logo\\\/image\\\/\",\"url\":\"https:\\\/\\\/noticiasmercedinas.com\\\/site\\\/wp-content\\\/uploads\\\/2020\\\/06\\\/LOGO-512.jpg\",\"contentUrl\":\"https:\\\/\\\/noticiasmercedinas.com\\\/site\\\/wp-content\\\/uploads\\\/2020\\\/06\\\/LOGO-512.jpg\",\"width\":512,\"height\":512,\"caption\":\"NOTICIASMERCEDINAS.COM\"},\"image\":{\"@id\":\"https:\\\/\\\/noticiasmercedinas.com\\\/site\\\/#\\\/schema\\\/logo\\\/image\\\/\"},\"sameAs\":[\"https:\\\/\\\/www.facebook.com\\\/noticiasmercedinas\\\/\",\"https:\\\/\\\/x.com\\\/notmercedinas\",\"https:\\\/\\\/www.instagram.com\\\/noticiasmercedinas\\\/\"]},{\"@type\":\"Person\",\"@id\":\"https:\\\/\\\/noticiasmercedinas.com\\\/site\\\/#\\\/schema\\\/person\\\/84b59c099c28ff2e8b77d4ceec5d8063\",\"name\":\"NOTICIASMERCEDINAS.COM\",\"image\":{\"@type\":\"ImageObject\",\"inLanguage\":\"es\",\"@id\":\"https:\\\/\\\/secure.gravatar.com\\\/avatar\\\/4dfbf16b4d17945bfb6341b2d19043457132fcf478a5ee04f42e959fd8f5df0a?s=96&d=mm&r=g\",\"url\":\"https:\\\/\\\/secure.gravatar.com\\\/avatar\\\/4dfbf16b4d17945bfb6341b2d19043457132fcf478a5ee04f42e959fd8f5df0a?s=96&d=mm&r=g\",\"contentUrl\":\"https:\\\/\\\/secure.gravatar.com\\\/avatar\\\/4dfbf16b4d17945bfb6341b2d19043457132fcf478a5ee04f42e959fd8f5df0a?s=96&d=mm&r=g\",\"caption\":\"NOTICIASMERCEDINAS.COM\"},\"url\":\"https:\\\/\\\/noticiasmercedinas.com\\\/site\\\/author\\\/anonimo\\\/\"}]}<\/script>\n<!-- \/ Yoast SEO plugin. -->","yoast_head_json":{"title":"Carlos Selva: \u201cEl cinismo y la irresponsabilidad de Macri no tienen precedentes\u201d","robots":{"index":"index","follow":"follow","max-snippet":"max-snippet:-1","max-image-preview":"max-image-preview:large","max-video-preview":"max-video-preview:-1"},"canonical":"https:\/\/noticiasmercedinas.com\/site\/2019\/09\/14\/carlos-selva-el-cinismo-y-la-irresponsabilidad-de-macri-no-tienen-precedentes\/","og_locale":"es_ES","og_type":"article","og_title":"Carlos Selva: \u201cEl cinismo y la irresponsabilidad de Macri no tienen precedentes\u201d","og_description":"El diputado nacional Carlos Selva volvi\u00f3 a criticar duramente la pol\u00edtica econ\u00f3mica del Gobierno de Mauricio Macri. En una entrevista concedida a una FM local, luego de la sesi\u00f3n donde la C\u00e1mara de Diputados diera media sanci\u00f3n a la Ley de Emergencia Alimentaria, Selva responsabiliz\u00f3 a la administraci\u00f3n nacional por la dif\u00edcil situaci\u00f3n que est\u00e1 [&hellip;]","og_url":"https:\/\/noticiasmercedinas.com\/site\/2019\/09\/14\/carlos-selva-el-cinismo-y-la-irresponsabilidad-de-macri-no-tienen-precedentes\/","og_site_name":"NOTICIASMERCEDINAS.COM","article_publisher":"https:\/\/www.facebook.com\/noticiasmercedinas\/","article_published_time":"2019-09-14T15:03:56+00:00","og_image":[{"width":960,"height":955,"url":"https:\/\/noticiasmercedinas.com\/site\/wp-content\/uploads\/2019\/09\/ciberdelito.jpg","type":"image\/jpeg"}],"author":"NOTICIASMERCEDINAS.COM","twitter_card":"summary_large_image","twitter_creator":"@notmercedinas","twitter_site":"@notmercedinas","twitter_misc":{"Escrito por":"NOTICIASMERCEDINAS.COM","Tiempo de lectura":"2 minutos"},"schema":{"@context":"https:\/\/schema.org","@graph":[{"@type":"Article","@id":"https:\/\/noticiasmercedinas.com\/site\/2019\/09\/14\/carlos-selva-el-cinismo-y-la-irresponsabilidad-de-macri-no-tienen-precedentes\/#article","isPartOf":{"@id":"https:\/\/noticiasmercedinas.com\/site\/2019\/09\/14\/carlos-selva-el-cinismo-y-la-irresponsabilidad-de-macri-no-tienen-precedentes\/"},"author":{"name":"NOTICIASMERCEDINAS.COM","@id":"https:\/\/noticiasmercedinas.com\/site\/#\/schema\/person\/84b59c099c28ff2e8b77d4ceec5d8063"},"headline":"Carlos Selva: \u201cEl cinismo y la irresponsabilidad de Macri no tienen precedentes\u201d","datePublished":"2019-09-14T15:03:56+00:00","mainEntityOfPage":{"@id":"https:\/\/noticiasmercedinas.com\/site\/2019\/09\/14\/carlos-selva-el-cinismo-y-la-irresponsabilidad-de-macri-no-tienen-precedentes\/"},"wordCount":336,"commentCount":0,"publisher":{"@id":"https:\/\/noticiasmercedinas.com\/site\/#organization"},"image":{"@id":"https:\/\/noticiasmercedinas.com\/site\/2019\/09\/14\/carlos-selva-el-cinismo-y-la-irresponsabilidad-de-macri-no-tienen-precedentes\/#primaryimage"},"thumbnailUrl":"https:\/\/noticiasmercedinas.com\/site\/wp-content\/uploads\/2019\/09\/ciberdelito.jpg","keywords":["carlos selva","delito","diputado","dolar","Frente de Todos","frente renovador","Marcela Passo","mauricio macri"],"articleSection":["Politica"],"inLanguage":"es","potentialAction":[{"@type":"CommentAction","name":"Comment","target":["https:\/\/noticiasmercedinas.com\/site\/2019\/09\/14\/carlos-selva-el-cinismo-y-la-irresponsabilidad-de-macri-no-tienen-precedentes\/#respond"]}]},{"@type":"WebPage","@id":"https:\/\/noticiasmercedinas.com\/site\/2019\/09\/14\/carlos-selva-el-cinismo-y-la-irresponsabilidad-de-macri-no-tienen-precedentes\/","url":"https:\/\/noticiasmercedinas.com\/site\/2019\/09\/14\/carlos-selva-el-cinismo-y-la-irresponsabilidad-de-macri-no-tienen-precedentes\/","name":"Carlos Selva: \u201cEl cinismo y la irresponsabilidad de Macri no tienen precedentes\u201d","isPartOf":{"@id":"https:\/\/noticiasmercedinas.com\/site\/#website"},"primaryImageOfPage":{"@id":"https:\/\/noticiasmercedinas.com\/site\/2019\/09\/14\/carlos-selva-el-cinismo-y-la-irresponsabilidad-de-macri-no-tienen-precedentes\/#primaryimage"},"image":{"@id":"https:\/\/noticiasmercedinas.com\/site\/2019\/09\/14\/carlos-selva-el-cinismo-y-la-irresponsabilidad-de-macri-no-tienen-precedentes\/#primaryimage"},"thumbnailUrl":"https:\/\/noticiasmercedinas.com\/site\/wp-content\/uploads\/2019\/09\/ciberdelito.jpg","datePublished":"2019-09-14T15:03:56+00:00","breadcrumb":{"@id":"https:\/\/noticiasmercedinas.com\/site\/2019\/09\/14\/carlos-selva-el-cinismo-y-la-irresponsabilidad-de-macri-no-tienen-precedentes\/#breadcrumb"},"inLanguage":"es","potentialAction":[{"@type":"ReadAction","target":["https:\/\/noticiasmercedinas.com\/site\/2019\/09\/14\/carlos-selva-el-cinismo-y-la-irresponsabilidad-de-macri-no-tienen-precedentes\/"]}]},{"@type":"ImageObject","inLanguage":"es","@id":"https:\/\/noticiasmercedinas.com\/site\/2019\/09\/14\/carlos-selva-el-cinismo-y-la-irresponsabilidad-de-macri-no-tienen-precedentes\/#primaryimage","url":"https:\/\/noticiasmercedinas.com\/site\/wp-content\/uploads\/2019\/09\/ciberdelito.jpg","contentUrl":"https:\/\/noticiasmercedinas.com\/site\/wp-content\/uploads\/2019\/09\/ciberdelito.jpg","width":960,"height":955},{"@type":"BreadcrumbList","@id":"https:\/\/noticiasmercedinas.com\/site\/2019\/09\/14\/carlos-selva-el-cinismo-y-la-irresponsabilidad-de-macri-no-tienen-precedentes\/#breadcrumb","itemListElement":[{"@type":"ListItem","position":1,"name":"Portada","item":"https:\/\/noticiasmercedinas.com\/site\/"},{"@type":"ListItem","position":2,"name":"Carlos Selva: \u201cEl cinismo y la irresponsabilidad de Macri no tienen precedentes\u201d"}]},{"@type":"WebSite","@id":"https:\/\/noticiasmercedinas.com\/site\/#website","url":"https:\/\/noticiasmercedinas.com\/site\/","name":"NOTICIASMERCEDINAS.COM","description":"Mercedes, Buenos Aires, Argentina","publisher":{"@id":"https:\/\/noticiasmercedinas.com\/site\/#organization"},"potentialAction":[{"@type":"SearchAction","target":{"@type":"EntryPoint","urlTemplate":"https:\/\/noticiasmercedinas.com\/site\/?s={search_term_string}"},"query-input":{"@type":"PropertyValueSpecification","valueRequired":true,"valueName":"search_term_string"}}],"inLanguage":"es"},{"@type":"Organization","@id":"https:\/\/noticiasmercedinas.com\/site\/#organization","name":"NOTICIASMERCEDINAS.COM","url":"https:\/\/noticiasmercedinas.com\/site\/","logo":{"@type":"ImageObject","inLanguage":"es","@id":"https:\/\/noticiasmercedinas.com\/site\/#\/schema\/logo\/image\/","url":"https:\/\/noticiasmercedinas.com\/site\/wp-content\/uploads\/2020\/06\/LOGO-512.jpg","contentUrl":"https:\/\/noticiasmercedinas.com\/site\/wp-content\/uploads\/2020\/06\/LOGO-512.jpg","width":512,"height":512,"caption":"NOTICIASMERCEDINAS.COM"},"image":{"@id":"https:\/\/noticiasmercedinas.com\/site\/#\/schema\/logo\/image\/"},"sameAs":["https:\/\/www.facebook.com\/noticiasmercedinas\/","https:\/\/x.com\/notmercedinas","https:\/\/www.instagram.com\/noticiasmercedinas\/"]},{"@type":"Person","@id":"https:\/\/noticiasmercedinas.com\/site\/#\/schema\/person\/84b59c099c28ff2e8b77d4ceec5d8063","name":"NOTICIASMERCEDINAS.COM","image":{"@type":"ImageObject","inLanguage":"es","@id":"https:\/\/secure.gravatar.com\/avatar\/4dfbf16b4d17945bfb6341b2d19043457132fcf478a5ee04f42e959fd8f5df0a?s=96&d=mm&r=g","url":"https:\/\/secure.gravatar.com\/avatar\/4dfbf16b4d17945bfb6341b2d19043457132fcf478a5ee04f42e959fd8f5df0a?s=96&d=mm&r=g","contentUrl":"https:\/\/secure.gravatar.com\/avatar\/4dfbf16b4d17945bfb6341b2d19043457132fcf478a5ee04f42e959fd8f5df0a?s=96&d=mm&r=g","caption":"NOTICIASMERCEDINAS.COM"},"url":"https:\/\/noticiasmercedinas.com\/site\/author\/anonimo\/"}]}},"amp_enabled":true,"_links":{"self":[{"href":"https:\/\/noticiasmercedinas.com\/site\/wp-json\/wp\/v2\/posts\/28179","targetHints":{"allow":["GET"]}}],"collection":[{"href":"https:\/\/noticiasmercedinas.com\/site\/wp-json\/wp\/v2\/posts"}],"about":[{"href":"https:\/\/noticiasmercedinas.com\/site\/wp-json\/wp\/v2\/types\/post"}],"author":[{"embeddable":true,"href":"https:\/\/noticiasmercedinas.com\/site\/wp-json\/wp\/v2\/users\/16"}],"replies":[{"embeddable":true,"href":"https:\/\/noticiasmercedinas.com\/site\/wp-json\/wp\/v2\/comments?post=28179"}],"version-history":[{"count":1,"href":"https:\/\/noticiasmercedinas.com\/site\/wp-json\/wp\/v2\/posts\/28179\/revisions"}],"predecessor-version":[{"id":28181,"href":"https:\/\/noticiasmercedinas.com\/site\/wp-json\/wp\/v2\/posts\/28179\/revisions\/28181"}],"wp:featuredmedia":[{"embeddable":true,"href":"https:\/\/noticiasmercedinas.com\/site\/wp-json\/wp\/v2\/media\/28180"}],"wp:attachment":[{"href":"https:\/\/noticiasmercedinas.com\/site\/wp-json\/wp\/v2\/media?parent=28179"}],"wp:term":[{"taxonomy":"category","embeddable":true,"href":"https:\/\/noticiasmercedinas.com\/site\/wp-json\/wp\/v2\/categories?post=28179"},{"taxonomy":"post_tag","embeddable":true,"href":"https:\/\/noticiasmercedinas.com\/site\/wp-json\/wp\/v2\/tags?post=28179"}],"curies":[{"name":"wp","href":"https:\/\/api.w.org\/{rel}","templated":true}]}}