{"id":28593,"date":"2019-09-18T09:01:25","date_gmt":"2019-09-18T12:01:25","guid":{"rendered":"https:\/\/noticiasmercedinas.com\/site\/?p=28593"},"modified":"2019-09-18T09:33:40","modified_gmt":"2019-09-18T12:33:40","slug":"carlos-milhomme-podria-presidir-cooperadora-del-dubarry","status":"publish","type":"post","link":"https:\/\/noticiasmercedinas.com\/site\/2019\/09\/18\/carlos-milhomme-podria-presidir-cooperadora-del-dubarry\/","title":{"rendered":"Carlos Milhomme podr\u00eda presidir cooperadora del Dubarry"},"content":{"rendered":"<p><img loading=\"lazy\" decoding=\"async\" class=\"alignnone size-full wp-image-18170\" src=\"https:\/\/noticiasmercedinas.com\/site\/wp-content\/uploads\/2019\/05\/carlosmilhomme.png\" alt=\"\" width=\"960\" height=\"692\" srcset=\"https:\/\/noticiasmercedinas.com\/site\/wp-content\/uploads\/2019\/05\/carlosmilhomme.png 960w, https:\/\/noticiasmercedinas.com\/site\/wp-content\/uploads\/2019\/05\/carlosmilhomme-300x216.png 300w, https:\/\/noticiasmercedinas.com\/site\/wp-content\/uploads\/2019\/05\/carlosmilhomme-768x554.png 768w, https:\/\/noticiasmercedinas.com\/site\/wp-content\/uploads\/2019\/05\/carlosmilhomme-640x461.png 640w, https:\/\/noticiasmercedinas.com\/site\/wp-content\/uploads\/2019\/05\/carlosmilhomme-681x491.png 681w\" sizes=\"auto, (max-width: 960px) 100vw, 960px\" \/><\/p>\n<p>El 24 de septiembre pr\u00f3ximo habr\u00e1 asamblea para la renovaci\u00f3n de autoridades en la cooperadora del Hospital Blas L Dubarry. Y se dice que Carlos Milhomme es uno de los que podr\u00eda reemplazar en ese lugar que quedar\u00e1 vacante dado que ya anunci\u00f3 su decisi\u00f3n de no continuar en la presidencia Rosendo Rubiero, por lo que el farmac\u00e9utico y actual concejal del Frente Renovador podr\u00eda encarar este nuevo desaf\u00edo.<\/p>\n<p>\u00abMe llena de alegr\u00eda y de compromiso poder llegar a trabajar por la Cooperadora de nuestro querido Hospital Dubarry\u00bb, concedi\u00f3 al respecto el propio Milhomme.<\/p>\n<p>\u00abMuch\u00edsimas gracias a aquellos que se sumaron a este proyecto y por sobre todo, a las personas que conf\u00edan en nuestro trabajo\u00bb, dijo luego e indic\u00f3 que la posibilidad de encabezar la cooperadora del Dubarry le abre \u00abun lugar para entregar el coraz\u00f3n, con la maravillosa responsabilidad de ayudar\u00bb.<\/p>\n","protected":false},"excerpt":{"rendered":"<p>El 24 de septiembre pr\u00f3ximo habr\u00e1 asamblea para la renovaci\u00f3n de autoridades en la cooperadora del Hospital Blas L Dubarry. Y se dice que Carlos Milhomme es uno de los que podr\u00eda reemplazar en ese lugar que quedar\u00e1 vacante dado que ya anunci\u00f3 su decisi\u00f3n de no continuar en la presidencia Rosendo Rubiero, por lo [&hellip;]<\/p>\n","protected":false},"author":16,"featured_media":18170,"comment_status":"open","ping_status":"open","sticky":false,"template":"","format":"standard","meta":{"footnotes":""},"categories":[3],"tags":[6458,1511,3026,224],"class_list":["post-28593","post","type-post","status-publish","format-standard","has-post-thumbnail","hentry","category-sociedad","tag-blas-dubarry","tag-carlos-milhomme","tag-cooperadora","tag-hospital"],"yoast_head":"<!-- This site is optimized with the Yoast SEO plugin v27.5 - https:\/\/yoast.com\/product\/yoast-seo-wordpress\/ -->\n<title>Carlos Milhomme podr\u00eda presidir cooperadora del Dubarry<\/title>\n<meta name=\"robots\" content=\"index, follow, max-snippet:-1, max-image-preview:large, max-video-preview:-1\" \/>\n<link rel=\"canonical\" href=\"https:\/\/noticiasmercedinas.com\/site\/2019\/09\/18\/carlos-milhomme-podria-presidir-cooperadora-del-dubarry\/\" \/>\n<meta property=\"og:locale\" content=\"es_ES\" \/>\n<meta property=\"og:type\" content=\"article\" \/>\n<meta property=\"og:title\" content=\"Carlos Milhomme podr\u00eda presidir cooperadora del Dubarry\" \/>\n<meta property=\"og:description\" content=\"El 24 de septiembre pr\u00f3ximo habr\u00e1 asamblea para la renovaci\u00f3n de autoridades en la cooperadora del Hospital Blas L Dubarry. Y se dice que Carlos Milhomme es uno de los que podr\u00eda reemplazar en ese lugar que quedar\u00e1 vacante dado que ya anunci\u00f3 su decisi\u00f3n de no continuar en la presidencia Rosendo Rubiero, por lo [&hellip;]\" \/>\n<meta property=\"og:url\" content=\"https:\/\/noticiasmercedinas.com\/site\/2019\/09\/18\/carlos-milhomme-podria-presidir-cooperadora-del-dubarry\/\" \/>\n<meta property=\"og:site_name\" content=\"NOTICIASMERCEDINAS.COM\" \/>\n<meta property=\"article:publisher\" content=\"https:\/\/www.facebook.com\/noticiasmercedinas\/\" \/>\n<meta property=\"article:published_time\" content=\"2019-09-18T12:01:25+00:00\" \/>\n<meta property=\"article:modified_time\" content=\"2019-09-18T12:33:40+00:00\" \/>\n<meta property=\"og:image\" content=\"https:\/\/noticiasmercedinas.com\/site\/wp-content\/uploads\/2019\/05\/carlosmilhomme.png\" \/>\n\t<meta property=\"og:image:width\" content=\"960\" \/>\n\t<meta property=\"og:image:height\" content=\"692\" \/>\n\t<meta property=\"og:image:type\" content=\"image\/png\" \/>\n<meta name=\"author\" content=\"NOTICIASMERCEDINAS.COM\" \/>\n<meta name=\"twitter:card\" content=\"summary_large_image\" \/>\n<meta name=\"twitter:creator\" content=\"@notmercedinas\" \/>\n<meta name=\"twitter:site\" content=\"@notmercedinas\" \/>\n<meta name=\"twitter:label1\" content=\"Escrito por\" \/>\n\t<meta name=\"twitter:data1\" content=\"NOTICIASMERCEDINAS.COM\" \/>\n\t<meta name=\"twitter:label2\" content=\"Tiempo de lectura\" \/>\n\t<meta name=\"twitter:data2\" content=\"1 minuto\" \/>\n<script type=\"application\/ld+json\" class=\"yoast-schema-graph\">{\"@context\":\"https:\\\/\\\/schema.org\",\"@graph\":[{\"@type\":\"Article\",\"@id\":\"https:\\\/\\\/noticiasmercedinas.com\\\/site\\\/2019\\\/09\\\/18\\\/carlos-milhomme-podria-presidir-cooperadora-del-dubarry\\\/#article\",\"isPartOf\":{\"@id\":\"https:\\\/\\\/noticiasmercedinas.com\\\/site\\\/2019\\\/09\\\/18\\\/carlos-milhomme-podria-presidir-cooperadora-del-dubarry\\\/\"},\"author\":{\"name\":\"NOTICIASMERCEDINAS.COM\",\"@id\":\"https:\\\/\\\/noticiasmercedinas.com\\\/site\\\/#\\\/schema\\\/person\\\/84b59c099c28ff2e8b77d4ceec5d8063\"},\"headline\":\"Carlos Milhomme podr\u00eda presidir cooperadora del Dubarry\",\"datePublished\":\"2019-09-18T12:01:25+00:00\",\"dateModified\":\"2019-09-18T12:33:40+00:00\",\"mainEntityOfPage\":{\"@id\":\"https:\\\/\\\/noticiasmercedinas.com\\\/site\\\/2019\\\/09\\\/18\\\/carlos-milhomme-podria-presidir-cooperadora-del-dubarry\\\/\"},\"wordCount\":161,\"commentCount\":0,\"publisher\":{\"@id\":\"https:\\\/\\\/noticiasmercedinas.com\\\/site\\\/#organization\"},\"image\":{\"@id\":\"https:\\\/\\\/noticiasmercedinas.com\\\/site\\\/2019\\\/09\\\/18\\\/carlos-milhomme-podria-presidir-cooperadora-del-dubarry\\\/#primaryimage\"},\"thumbnailUrl\":\"https:\\\/\\\/noticiasmercedinas.com\\\/site\\\/wp-content\\\/uploads\\\/2019\\\/05\\\/carlosmilhomme.png\",\"keywords\":[\"blas dubarry\",\"carlos milhomme\",\"cooperadora\",\"hospital\"],\"articleSection\":[\"Sociedad\"],\"inLanguage\":\"es\",\"potentialAction\":[{\"@type\":\"CommentAction\",\"name\":\"Comment\",\"target\":[\"https:\\\/\\\/noticiasmercedinas.com\\\/site\\\/2019\\\/09\\\/18\\\/carlos-milhomme-podria-presidir-cooperadora-del-dubarry\\\/#respond\"]}]},{\"@type\":\"WebPage\",\"@id\":\"https:\\\/\\\/noticiasmercedinas.com\\\/site\\\/2019\\\/09\\\/18\\\/carlos-milhomme-podria-presidir-cooperadora-del-dubarry\\\/\",\"url\":\"https:\\\/\\\/noticiasmercedinas.com\\\/site\\\/2019\\\/09\\\/18\\\/carlos-milhomme-podria-presidir-cooperadora-del-dubarry\\\/\",\"name\":\"Carlos Milhomme podr\u00eda presidir cooperadora del Dubarry\",\"isPartOf\":{\"@id\":\"https:\\\/\\\/noticiasmercedinas.com\\\/site\\\/#website\"},\"primaryImageOfPage\":{\"@id\":\"https:\\\/\\\/noticiasmercedinas.com\\\/site\\\/2019\\\/09\\\/18\\\/carlos-milhomme-podria-presidir-cooperadora-del-dubarry\\\/#primaryimage\"},\"image\":{\"@id\":\"https:\\\/\\\/noticiasmercedinas.com\\\/site\\\/2019\\\/09\\\/18\\\/carlos-milhomme-podria-presidir-cooperadora-del-dubarry\\\/#primaryimage\"},\"thumbnailUrl\":\"https:\\\/\\\/noticiasmercedinas.com\\\/site\\\/wp-content\\\/uploads\\\/2019\\\/05\\\/carlosmilhomme.png\",\"datePublished\":\"2019-09-18T12:01:25+00:00\",\"dateModified\":\"2019-09-18T12:33:40+00:00\",\"breadcrumb\":{\"@id\":\"https:\\\/\\\/noticiasmercedinas.com\\\/site\\\/2019\\\/09\\\/18\\\/carlos-milhomme-podria-presidir-cooperadora-del-dubarry\\\/#breadcrumb\"},\"inLanguage\":\"es\",\"potentialAction\":[{\"@type\":\"ReadAction\",\"target\":[\"https:\\\/\\\/noticiasmercedinas.com\\\/site\\\/2019\\\/09\\\/18\\\/carlos-milhomme-podria-presidir-cooperadora-del-dubarry\\\/\"]}]},{\"@type\":\"ImageObject\",\"inLanguage\":\"es\",\"@id\":\"https:\\\/\\\/noticiasmercedinas.com\\\/site\\\/2019\\\/09\\\/18\\\/carlos-milhomme-podria-presidir-cooperadora-del-dubarry\\\/#primaryimage\",\"url\":\"https:\\\/\\\/noticiasmercedinas.com\\\/site\\\/wp-content\\\/uploads\\\/2019\\\/05\\\/carlosmilhomme.png\",\"contentUrl\":\"https:\\\/\\\/noticiasmercedinas.com\\\/site\\\/wp-content\\\/uploads\\\/2019\\\/05\\\/carlosmilhomme.png\",\"width\":960,\"height\":692},{\"@type\":\"BreadcrumbList\",\"@id\":\"https:\\\/\\\/noticiasmercedinas.com\\\/site\\\/2019\\\/09\\\/18\\\/carlos-milhomme-podria-presidir-cooperadora-del-dubarry\\\/#breadcrumb\",\"itemListElement\":[{\"@type\":\"ListItem\",\"position\":1,\"name\":\"Portada\",\"item\":\"https:\\\/\\\/noticiasmercedinas.com\\\/site\\\/\"},{\"@type\":\"ListItem\",\"position\":2,\"name\":\"Carlos Milhomme podr\u00eda presidir cooperadora del Dubarry\"}]},{\"@type\":\"WebSite\",\"@id\":\"https:\\\/\\\/noticiasmercedinas.com\\\/site\\\/#website\",\"url\":\"https:\\\/\\\/noticiasmercedinas.com\\\/site\\\/\",\"name\":\"NOTICIASMERCEDINAS.COM\",\"description\":\"Mercedes, Buenos Aires, Argentina\",\"publisher\":{\"@id\":\"https:\\\/\\\/noticiasmercedinas.com\\\/site\\\/#organization\"},\"potentialAction\":[{\"@type\":\"SearchAction\",\"target\":{\"@type\":\"EntryPoint\",\"urlTemplate\":\"https:\\\/\\\/noticiasmercedinas.com\\\/site\\\/?s={search_term_string}\"},\"query-input\":{\"@type\":\"PropertyValueSpecification\",\"valueRequired\":true,\"valueName\":\"search_term_string\"}}],\"inLanguage\":\"es\"},{\"@type\":\"Organization\",\"@id\":\"https:\\\/\\\/noticiasmercedinas.com\\\/site\\\/#organization\",\"name\":\"NOTICIASMERCEDINAS.COM\",\"url\":\"https:\\\/\\\/noticiasmercedinas.com\\\/site\\\/\",\"logo\":{\"@type\":\"ImageObject\",\"inLanguage\":\"es\",\"@id\":\"https:\\\/\\\/noticiasmercedinas.com\\\/site\\\/#\\\/schema\\\/logo\\\/image\\\/\",\"url\":\"https:\\\/\\\/noticiasmercedinas.com\\\/site\\\/wp-content\\\/uploads\\\/2020\\\/06\\\/LOGO-512.jpg\",\"contentUrl\":\"https:\\\/\\\/noticiasmercedinas.com\\\/site\\\/wp-content\\\/uploads\\\/2020\\\/06\\\/LOGO-512.jpg\",\"width\":512,\"height\":512,\"caption\":\"NOTICIASMERCEDINAS.COM\"},\"image\":{\"@id\":\"https:\\\/\\\/noticiasmercedinas.com\\\/site\\\/#\\\/schema\\\/logo\\\/image\\\/\"},\"sameAs\":[\"https:\\\/\\\/www.facebook.com\\\/noticiasmercedinas\\\/\",\"https:\\\/\\\/x.com\\\/notmercedinas\",\"https:\\\/\\\/www.instagram.com\\\/noticiasmercedinas\\\/\"]},{\"@type\":\"Person\",\"@id\":\"https:\\\/\\\/noticiasmercedinas.com\\\/site\\\/#\\\/schema\\\/person\\\/84b59c099c28ff2e8b77d4ceec5d8063\",\"name\":\"NOTICIASMERCEDINAS.COM\",\"image\":{\"@type\":\"ImageObject\",\"inLanguage\":\"es\",\"@id\":\"https:\\\/\\\/secure.gravatar.com\\\/avatar\\\/4dfbf16b4d17945bfb6341b2d19043457132fcf478a5ee04f42e959fd8f5df0a?s=96&d=mm&r=g\",\"url\":\"https:\\\/\\\/secure.gravatar.com\\\/avatar\\\/4dfbf16b4d17945bfb6341b2d19043457132fcf478a5ee04f42e959fd8f5df0a?s=96&d=mm&r=g\",\"contentUrl\":\"https:\\\/\\\/secure.gravatar.com\\\/avatar\\\/4dfbf16b4d17945bfb6341b2d19043457132fcf478a5ee04f42e959fd8f5df0a?s=96&d=mm&r=g\",\"caption\":\"NOTICIASMERCEDINAS.COM\"},\"url\":\"https:\\\/\\\/noticiasmercedinas.com\\\/site\\\/author\\\/anonimo\\\/\"}]}<\/script>\n<!-- \/ Yoast SEO plugin. -->","yoast_head_json":{"title":"Carlos Milhomme podr\u00eda presidir cooperadora del Dubarry","robots":{"index":"index","follow":"follow","max-snippet":"max-snippet:-1","max-image-preview":"max-image-preview:large","max-video-preview":"max-video-preview:-1"},"canonical":"https:\/\/noticiasmercedinas.com\/site\/2019\/09\/18\/carlos-milhomme-podria-presidir-cooperadora-del-dubarry\/","og_locale":"es_ES","og_type":"article","og_title":"Carlos Milhomme podr\u00eda presidir cooperadora del Dubarry","og_description":"El 24 de septiembre pr\u00f3ximo habr\u00e1 asamblea para la renovaci\u00f3n de autoridades en la cooperadora del Hospital Blas L Dubarry. Y se dice que Carlos Milhomme es uno de los que podr\u00eda reemplazar en ese lugar que quedar\u00e1 vacante dado que ya anunci\u00f3 su decisi\u00f3n de no continuar en la presidencia Rosendo Rubiero, por lo [&hellip;]","og_url":"https:\/\/noticiasmercedinas.com\/site\/2019\/09\/18\/carlos-milhomme-podria-presidir-cooperadora-del-dubarry\/","og_site_name":"NOTICIASMERCEDINAS.COM","article_publisher":"https:\/\/www.facebook.com\/noticiasmercedinas\/","article_published_time":"2019-09-18T12:01:25+00:00","article_modified_time":"2019-09-18T12:33:40+00:00","og_image":[{"width":960,"height":692,"url":"https:\/\/noticiasmercedinas.com\/site\/wp-content\/uploads\/2019\/05\/carlosmilhomme.png","type":"image\/png"}],"author":"NOTICIASMERCEDINAS.COM","twitter_card":"summary_large_image","twitter_creator":"@notmercedinas","twitter_site":"@notmercedinas","twitter_misc":{"Escrito por":"NOTICIASMERCEDINAS.COM","Tiempo de lectura":"1 minuto"},"schema":{"@context":"https:\/\/schema.org","@graph":[{"@type":"Article","@id":"https:\/\/noticiasmercedinas.com\/site\/2019\/09\/18\/carlos-milhomme-podria-presidir-cooperadora-del-dubarry\/#article","isPartOf":{"@id":"https:\/\/noticiasmercedinas.com\/site\/2019\/09\/18\/carlos-milhomme-podria-presidir-cooperadora-del-dubarry\/"},"author":{"name":"NOTICIASMERCEDINAS.COM","@id":"https:\/\/noticiasmercedinas.com\/site\/#\/schema\/person\/84b59c099c28ff2e8b77d4ceec5d8063"},"headline":"Carlos Milhomme podr\u00eda presidir cooperadora del Dubarry","datePublished":"2019-09-18T12:01:25+00:00","dateModified":"2019-09-18T12:33:40+00:00","mainEntityOfPage":{"@id":"https:\/\/noticiasmercedinas.com\/site\/2019\/09\/18\/carlos-milhomme-podria-presidir-cooperadora-del-dubarry\/"},"wordCount":161,"commentCount":0,"publisher":{"@id":"https:\/\/noticiasmercedinas.com\/site\/#organization"},"image":{"@id":"https:\/\/noticiasmercedinas.com\/site\/2019\/09\/18\/carlos-milhomme-podria-presidir-cooperadora-del-dubarry\/#primaryimage"},"thumbnailUrl":"https:\/\/noticiasmercedinas.com\/site\/wp-content\/uploads\/2019\/05\/carlosmilhomme.png","keywords":["blas dubarry","carlos milhomme","cooperadora","hospital"],"articleSection":["Sociedad"],"inLanguage":"es","potentialAction":[{"@type":"CommentAction","name":"Comment","target":["https:\/\/noticiasmercedinas.com\/site\/2019\/09\/18\/carlos-milhomme-podria-presidir-cooperadora-del-dubarry\/#respond"]}]},{"@type":"WebPage","@id":"https:\/\/noticiasmercedinas.com\/site\/2019\/09\/18\/carlos-milhomme-podria-presidir-cooperadora-del-dubarry\/","url":"https:\/\/noticiasmercedinas.com\/site\/2019\/09\/18\/carlos-milhomme-podria-presidir-cooperadora-del-dubarry\/","name":"Carlos Milhomme podr\u00eda presidir cooperadora del Dubarry","isPartOf":{"@id":"https:\/\/noticiasmercedinas.com\/site\/#website"},"primaryImageOfPage":{"@id":"https:\/\/noticiasmercedinas.com\/site\/2019\/09\/18\/carlos-milhomme-podria-presidir-cooperadora-del-dubarry\/#primaryimage"},"image":{"@id":"https:\/\/noticiasmercedinas.com\/site\/2019\/09\/18\/carlos-milhomme-podria-presidir-cooperadora-del-dubarry\/#primaryimage"},"thumbnailUrl":"https:\/\/noticiasmercedinas.com\/site\/wp-content\/uploads\/2019\/05\/carlosmilhomme.png","datePublished":"2019-09-18T12:01:25+00:00","dateModified":"2019-09-18T12:33:40+00:00","breadcrumb":{"@id":"https:\/\/noticiasmercedinas.com\/site\/2019\/09\/18\/carlos-milhomme-podria-presidir-cooperadora-del-dubarry\/#breadcrumb"},"inLanguage":"es","potentialAction":[{"@type":"ReadAction","target":["https:\/\/noticiasmercedinas.com\/site\/2019\/09\/18\/carlos-milhomme-podria-presidir-cooperadora-del-dubarry\/"]}]},{"@type":"ImageObject","inLanguage":"es","@id":"https:\/\/noticiasmercedinas.com\/site\/2019\/09\/18\/carlos-milhomme-podria-presidir-cooperadora-del-dubarry\/#primaryimage","url":"https:\/\/noticiasmercedinas.com\/site\/wp-content\/uploads\/2019\/05\/carlosmilhomme.png","contentUrl":"https:\/\/noticiasmercedinas.com\/site\/wp-content\/uploads\/2019\/05\/carlosmilhomme.png","width":960,"height":692},{"@type":"BreadcrumbList","@id":"https:\/\/noticiasmercedinas.com\/site\/2019\/09\/18\/carlos-milhomme-podria-presidir-cooperadora-del-dubarry\/#breadcrumb","itemListElement":[{"@type":"ListItem","position":1,"name":"Portada","item":"https:\/\/noticiasmercedinas.com\/site\/"},{"@type":"ListItem","position":2,"name":"Carlos Milhomme podr\u00eda presidir cooperadora del Dubarry"}]},{"@type":"WebSite","@id":"https:\/\/noticiasmercedinas.com\/site\/#website","url":"https:\/\/noticiasmercedinas.com\/site\/","name":"NOTICIASMERCEDINAS.COM","description":"Mercedes, Buenos Aires, Argentina","publisher":{"@id":"https:\/\/noticiasmercedinas.com\/site\/#organization"},"potentialAction":[{"@type":"SearchAction","target":{"@type":"EntryPoint","urlTemplate":"https:\/\/noticiasmercedinas.com\/site\/?s={search_term_string}"},"query-input":{"@type":"PropertyValueSpecification","valueRequired":true,"valueName":"search_term_string"}}],"inLanguage":"es"},{"@type":"Organization","@id":"https:\/\/noticiasmercedinas.com\/site\/#organization","name":"NOTICIASMERCEDINAS.COM","url":"https:\/\/noticiasmercedinas.com\/site\/","logo":{"@type":"ImageObject","inLanguage":"es","@id":"https:\/\/noticiasmercedinas.com\/site\/#\/schema\/logo\/image\/","url":"https:\/\/noticiasmercedinas.com\/site\/wp-content\/uploads\/2020\/06\/LOGO-512.jpg","contentUrl":"https:\/\/noticiasmercedinas.com\/site\/wp-content\/uploads\/2020\/06\/LOGO-512.jpg","width":512,"height":512,"caption":"NOTICIASMERCEDINAS.COM"},"image":{"@id":"https:\/\/noticiasmercedinas.com\/site\/#\/schema\/logo\/image\/"},"sameAs":["https:\/\/www.facebook.com\/noticiasmercedinas\/","https:\/\/x.com\/notmercedinas","https:\/\/www.instagram.com\/noticiasmercedinas\/"]},{"@type":"Person","@id":"https:\/\/noticiasmercedinas.com\/site\/#\/schema\/person\/84b59c099c28ff2e8b77d4ceec5d8063","name":"NOTICIASMERCEDINAS.COM","image":{"@type":"ImageObject","inLanguage":"es","@id":"https:\/\/secure.gravatar.com\/avatar\/4dfbf16b4d17945bfb6341b2d19043457132fcf478a5ee04f42e959fd8f5df0a?s=96&d=mm&r=g","url":"https:\/\/secure.gravatar.com\/avatar\/4dfbf16b4d17945bfb6341b2d19043457132fcf478a5ee04f42e959fd8f5df0a?s=96&d=mm&r=g","contentUrl":"https:\/\/secure.gravatar.com\/avatar\/4dfbf16b4d17945bfb6341b2d19043457132fcf478a5ee04f42e959fd8f5df0a?s=96&d=mm&r=g","caption":"NOTICIASMERCEDINAS.COM"},"url":"https:\/\/noticiasmercedinas.com\/site\/author\/anonimo\/"}]}},"amp_enabled":true,"_links":{"self":[{"href":"https:\/\/noticiasmercedinas.com\/site\/wp-json\/wp\/v2\/posts\/28593","targetHints":{"allow":["GET"]}}],"collection":[{"href":"https:\/\/noticiasmercedinas.com\/site\/wp-json\/wp\/v2\/posts"}],"about":[{"href":"https:\/\/noticiasmercedinas.com\/site\/wp-json\/wp\/v2\/types\/post"}],"author":[{"embeddable":true,"href":"https:\/\/noticiasmercedinas.com\/site\/wp-json\/wp\/v2\/users\/16"}],"replies":[{"embeddable":true,"href":"https:\/\/noticiasmercedinas.com\/site\/wp-json\/wp\/v2\/comments?post=28593"}],"version-history":[{"count":1,"href":"https:\/\/noticiasmercedinas.com\/site\/wp-json\/wp\/v2\/posts\/28593\/revisions"}],"predecessor-version":[{"id":28598,"href":"https:\/\/noticiasmercedinas.com\/site\/wp-json\/wp\/v2\/posts\/28593\/revisions\/28598"}],"wp:featuredmedia":[{"embeddable":true,"href":"https:\/\/noticiasmercedinas.com\/site\/wp-json\/wp\/v2\/media\/18170"}],"wp:attachment":[{"href":"https:\/\/noticiasmercedinas.com\/site\/wp-json\/wp\/v2\/media?parent=28593"}],"wp:term":[{"taxonomy":"category","embeddable":true,"href":"https:\/\/noticiasmercedinas.com\/site\/wp-json\/wp\/v2\/categories?post=28593"},{"taxonomy":"post_tag","embeddable":true,"href":"https:\/\/noticiasmercedinas.com\/site\/wp-json\/wp\/v2\/tags?post=28593"}],"curies":[{"name":"wp","href":"https:\/\/api.w.org\/{rel}","templated":true}]}}