{"id":28685,"date":"2019-09-19T07:36:15","date_gmt":"2019-09-19T10:36:15","guid":{"rendered":"https:\/\/noticiasmercedinas.com\/site\/?p=28685"},"modified":"2019-09-19T07:36:15","modified_gmt":"2019-09-19T10:36:15","slug":"inauguraron-el-sexto-espacio-primera-infancia","status":"publish","type":"post","link":"https:\/\/noticiasmercedinas.com\/site\/2019\/09\/19\/inauguraron-el-sexto-espacio-primera-infancia\/","title":{"rendered":"Inauguraron el sexto Espacio Primera Infancia"},"content":{"rendered":"\r\n                <style type=\"text\/css\">\r\n                    \r\n                    #td_uid_1_69f5d190797f8  .td-doubleSlider-2 .td-item1 {\r\n                        background: url(https:\/\/noticiasmercedinas.com\/site\/wp-content\/uploads\/2019\/09\/DSC_0079-1-160x120.jpg) 0 0 no-repeat;\r\n                    }\r\n                    #td_uid_1_69f5d190797f8  .td-doubleSlider-2 .td-item2 {\r\n                        background: url(https:\/\/noticiasmercedinas.com\/site\/wp-content\/uploads\/2019\/09\/DSC_0078-1-160x120.jpg) 0 0 no-repeat;\r\n                    }\r\n                    #td_uid_1_69f5d190797f8  .td-doubleSlider-2 .td-item3 {\r\n                        background: url(https:\/\/noticiasmercedinas.com\/site\/wp-content\/uploads\/2019\/09\/DSC_0056-1-160x120.jpg) 0 0 no-repeat;\r\n                    }\r\n                    #td_uid_1_69f5d190797f8  .td-doubleSlider-2 .td-item4 {\r\n                        background: url(https:\/\/noticiasmercedinas.com\/site\/wp-content\/uploads\/2019\/09\/DSC_0013-3-160x120.jpg) 0 0 no-repeat;\r\n                    }\r\n                    #td_uid_1_69f5d190797f8  .td-doubleSlider-2 .td-item5 {\r\n                        background: url(https:\/\/noticiasmercedinas.com\/site\/wp-content\/uploads\/2019\/09\/DSC_0030-3-160x120.jpg) 0 0 no-repeat;\r\n                    }\r\n                    #td_uid_1_69f5d190797f8  .td-doubleSlider-2 .td-item6 {\r\n                        background: url(https:\/\/noticiasmercedinas.com\/site\/wp-content\/uploads\/2019\/09\/5-6-160x120.jpeg) 0 0 no-repeat;\r\n                    }\r\n                    #td_uid_1_69f5d190797f8  .td-doubleSlider-2 .td-item7 {\r\n                        background: url(https:\/\/noticiasmercedinas.com\/site\/wp-content\/uploads\/2019\/09\/DSC_0023-5-160x120.jpg) 0 0 no-repeat;\r\n                    }\r\n                <\/style>\r\n\r\n                <div id=\"td_uid_1_69f5d190797f8\" class=\"td-gallery td-slide-on-2-columns\">\r\n                    <div class=\"post_td_gallery\">\r\n                        <div class=\"td-gallery-slide-top\">\r\n                           <div class=\"td-gallery-title\"><\/div>\r\n\r\n                            <div class=\"td-gallery-controls-wrapper\">\r\n                                <div class=\"td-gallery-slide-count\"><span class=\"td-gallery-slide-item-focus\">1<\/span> de 7<\/div>\r\n                                <div class=\"td-gallery-slide-prev-next-but\">\r\n                                    <i class = \"td-icon-left doubleSliderPrevButton\"><\/i>\r\n                                    <i class = \"td-icon-right doubleSliderNextButton\"><\/i>\r\n                                <\/div>\r\n                            <\/div>\r\n                        <\/div>\r\n\r\n                        <div class = \"td-doubleSlider-1 \">\r\n                            <div class = \"td-slider\">\r\n                                \r\n                    <div class = \"td-slide-item td-item1\">\r\n                        <figure class=\"td-slide-galery-figure td-slide-popup-gallery\">\r\n                            <a class=\"slide-gallery-image-link\" href=\"https:\/\/noticiasmercedinas.com\/site\/wp-content\/uploads\/2019\/09\/DSC_0079-1.jpg\" title=\"DSC_0079 (1)\"  data-caption=\"\"  data-description=\"\">\r\n                                <img decoding=\"async\" src=\"https:\/\/noticiasmercedinas.com\/site\/wp-content\/uploads\/2019\/09\/DSC_0079-1.jpg\" srcset=\"https:\/\/noticiasmercedinas.com\/site\/wp-content\/uploads\/2019\/09\/DSC_0079-1.jpg 948w, https:\/\/noticiasmercedinas.com\/site\/wp-content\/uploads\/2019\/09\/DSC_0079-1-300x200.jpg 300w, https:\/\/noticiasmercedinas.com\/site\/wp-content\/uploads\/2019\/09\/DSC_0079-1-768x512.jpg 768w, https:\/\/noticiasmercedinas.com\/site\/wp-content\/uploads\/2019\/09\/DSC_0079-1-640x427.jpg 640w, https:\/\/noticiasmercedinas.com\/site\/wp-content\/uploads\/2019\/09\/DSC_0079-1-681x454.jpg 681w\" sizes=\"(max-width: 948px) 100vw, 948px\" alt=\"\">\r\n                            <\/a>\r\n                            \r\n                        <\/figure>\r\n                    <\/div>\r\n                    <div class = \"td-slide-item td-item2\">\r\n                        <figure class=\"td-slide-galery-figure td-slide-popup-gallery\">\r\n                            <a class=\"slide-gallery-image-link\" href=\"https:\/\/noticiasmercedinas.com\/site\/wp-content\/uploads\/2019\/09\/DSC_0078-1.jpg\" title=\"DSC_0078 (1)\"  data-caption=\"\"  data-description=\"\">\r\n                                <img decoding=\"async\" src=\"https:\/\/noticiasmercedinas.com\/site\/wp-content\/uploads\/2019\/09\/DSC_0078-1.jpg\" srcset=\"https:\/\/noticiasmercedinas.com\/site\/wp-content\/uploads\/2019\/09\/DSC_0078-1.jpg 948w, https:\/\/noticiasmercedinas.com\/site\/wp-content\/uploads\/2019\/09\/DSC_0078-1-300x200.jpg 300w, https:\/\/noticiasmercedinas.com\/site\/wp-content\/uploads\/2019\/09\/DSC_0078-1-768x512.jpg 768w, https:\/\/noticiasmercedinas.com\/site\/wp-content\/uploads\/2019\/09\/DSC_0078-1-640x427.jpg 640w, https:\/\/noticiasmercedinas.com\/site\/wp-content\/uploads\/2019\/09\/DSC_0078-1-681x454.jpg 681w\" sizes=\"(max-width: 948px) 100vw, 948px\" alt=\"\">\r\n                            <\/a>\r\n                            \r\n                        <\/figure>\r\n                    <\/div>\r\n                    <div class = \"td-slide-item td-item3\">\r\n                        <figure class=\"td-slide-galery-figure td-slide-popup-gallery\">\r\n                            <a class=\"slide-gallery-image-link\" href=\"https:\/\/noticiasmercedinas.com\/site\/wp-content\/uploads\/2019\/09\/DSC_0056-1.jpg\" title=\"DSC_0056 (1)\"  data-caption=\"\"  data-description=\"\">\r\n                                <img decoding=\"async\" src=\"https:\/\/noticiasmercedinas.com\/site\/wp-content\/uploads\/2019\/09\/DSC_0056-1.jpg\" srcset=\"https:\/\/noticiasmercedinas.com\/site\/wp-content\/uploads\/2019\/09\/DSC_0056-1.jpg 948w, https:\/\/noticiasmercedinas.com\/site\/wp-content\/uploads\/2019\/09\/DSC_0056-1-300x200.jpg 300w, https:\/\/noticiasmercedinas.com\/site\/wp-content\/uploads\/2019\/09\/DSC_0056-1-768x512.jpg 768w, https:\/\/noticiasmercedinas.com\/site\/wp-content\/uploads\/2019\/09\/DSC_0056-1-640x427.jpg 640w, https:\/\/noticiasmercedinas.com\/site\/wp-content\/uploads\/2019\/09\/DSC_0056-1-681x454.jpg 681w\" sizes=\"(max-width: 948px) 100vw, 948px\" alt=\"\">\r\n                            <\/a>\r\n                            \r\n                        <\/figure>\r\n                    <\/div>\r\n                    <div class = \"td-slide-item td-item4\">\r\n                        <figure class=\"td-slide-galery-figure td-slide-popup-gallery\">\r\n                            <a class=\"slide-gallery-image-link\" href=\"https:\/\/noticiasmercedinas.com\/site\/wp-content\/uploads\/2019\/09\/DSC_0013-3.jpg\" title=\"DSC_0013 (3)\"  data-caption=\"\"  data-description=\"\">\r\n                                <img decoding=\"async\" src=\"https:\/\/noticiasmercedinas.com\/site\/wp-content\/uploads\/2019\/09\/DSC_0013-3.jpg\" srcset=\"https:\/\/noticiasmercedinas.com\/site\/wp-content\/uploads\/2019\/09\/DSC_0013-3.jpg 948w, https:\/\/noticiasmercedinas.com\/site\/wp-content\/uploads\/2019\/09\/DSC_0013-3-300x200.jpg 300w, https:\/\/noticiasmercedinas.com\/site\/wp-content\/uploads\/2019\/09\/DSC_0013-3-768x512.jpg 768w, https:\/\/noticiasmercedinas.com\/site\/wp-content\/uploads\/2019\/09\/DSC_0013-3-640x427.jpg 640w, https:\/\/noticiasmercedinas.com\/site\/wp-content\/uploads\/2019\/09\/DSC_0013-3-681x454.jpg 681w\" sizes=\"(max-width: 948px) 100vw, 948px\" alt=\"\">\r\n                            <\/a>\r\n                            \r\n                        <\/figure>\r\n                    <\/div>\r\n                    <div class = \"td-slide-item td-item5\">\r\n                        <figure class=\"td-slide-galery-figure td-slide-popup-gallery\">\r\n                            <a class=\"slide-gallery-image-link\" href=\"https:\/\/noticiasmercedinas.com\/site\/wp-content\/uploads\/2019\/09\/DSC_0030-3.jpg\" title=\"DSC_0030 (3)\"  data-caption=\"\"  data-description=\"\">\r\n                                <img decoding=\"async\" src=\"https:\/\/noticiasmercedinas.com\/site\/wp-content\/uploads\/2019\/09\/DSC_0030-3.jpg\" srcset=\"https:\/\/noticiasmercedinas.com\/site\/wp-content\/uploads\/2019\/09\/DSC_0030-3.jpg 948w, https:\/\/noticiasmercedinas.com\/site\/wp-content\/uploads\/2019\/09\/DSC_0030-3-300x200.jpg 300w, https:\/\/noticiasmercedinas.com\/site\/wp-content\/uploads\/2019\/09\/DSC_0030-3-768x512.jpg 768w, https:\/\/noticiasmercedinas.com\/site\/wp-content\/uploads\/2019\/09\/DSC_0030-3-640x427.jpg 640w, https:\/\/noticiasmercedinas.com\/site\/wp-content\/uploads\/2019\/09\/DSC_0030-3-681x454.jpg 681w\" sizes=\"(max-width: 948px) 100vw, 948px\" alt=\"\">\r\n                            <\/a>\r\n                            \r\n                        <\/figure>\r\n                    <\/div>\r\n                    <div class = \"td-slide-item td-item6\">\r\n                        <figure class=\"td-slide-galery-figure td-slide-popup-gallery\">\r\n                            <a class=\"slide-gallery-image-link\" href=\"https:\/\/noticiasmercedinas.com\/site\/wp-content\/uploads\/2019\/09\/5-6.jpeg\" title=\"5 (6)\"  data-caption=\"\"  data-description=\"\">\r\n                                <img decoding=\"async\" src=\"https:\/\/noticiasmercedinas.com\/site\/wp-content\/uploads\/2019\/09\/5-6.jpeg\" srcset=\"https:\/\/noticiasmercedinas.com\/site\/wp-content\/uploads\/2019\/09\/5-6.jpeg 1280w, https:\/\/noticiasmercedinas.com\/site\/wp-content\/uploads\/2019\/09\/5-6-300x146.jpeg 300w, https:\/\/noticiasmercedinas.com\/site\/wp-content\/uploads\/2019\/09\/5-6-768x373.jpeg 768w, https:\/\/noticiasmercedinas.com\/site\/wp-content\/uploads\/2019\/09\/5-6-1024x498.jpeg 1024w, https:\/\/noticiasmercedinas.com\/site\/wp-content\/uploads\/2019\/09\/5-6-640x311.jpeg 640w, https:\/\/noticiasmercedinas.com\/site\/wp-content\/uploads\/2019\/09\/5-6-681x331.jpeg 681w\" sizes=\"(max-width: 1280px) 100vw, 1280px\" alt=\"\">\r\n                            <\/a>\r\n                            \r\n                        <\/figure>\r\n                    <\/div>\r\n                    <div class = \"td-slide-item td-item7\">\r\n                        <figure class=\"td-slide-galery-figure td-slide-popup-gallery\">\r\n                            <a class=\"slide-gallery-image-link\" href=\"https:\/\/noticiasmercedinas.com\/site\/wp-content\/uploads\/2019\/09\/DSC_0023-5.jpg\" title=\"DSC_0023 (5)\"  data-caption=\"\"  data-description=\"\">\r\n                                <img decoding=\"async\" src=\"https:\/\/noticiasmercedinas.com\/site\/wp-content\/uploads\/2019\/09\/DSC_0023-5.jpg\" srcset=\"https:\/\/noticiasmercedinas.com\/site\/wp-content\/uploads\/2019\/09\/DSC_0023-5.jpg 948w, https:\/\/noticiasmercedinas.com\/site\/wp-content\/uploads\/2019\/09\/DSC_0023-5-300x200.jpg 300w, https:\/\/noticiasmercedinas.com\/site\/wp-content\/uploads\/2019\/09\/DSC_0023-5-768x512.jpg 768w, https:\/\/noticiasmercedinas.com\/site\/wp-content\/uploads\/2019\/09\/DSC_0023-5-640x427.jpg 640w, https:\/\/noticiasmercedinas.com\/site\/wp-content\/uploads\/2019\/09\/DSC_0023-5-681x454.jpg 681w\" sizes=\"(max-width: 948px) 100vw, 948px\" alt=\"\">\r\n                            <\/a>\r\n                            \r\n                        <\/figure>\r\n                    <\/div>\r\n                            <\/div>\r\n                        <\/div>\r\n\r\n                        <div class = \"td-doubleSlider-2\">\r\n                            <div class = \"td-slider\">\r\n                                \r\n                    <div class = \"td-button td-item1\">\r\n                        <div class = \"td-border\"><\/div>\r\n                    <\/div>\r\n                    <div class = \"td-button td-item2\">\r\n                        <div class = \"td-border\"><\/div>\r\n                    <\/div>\r\n                    <div class = \"td-button td-item3\">\r\n                        <div class = \"td-border\"><\/div>\r\n                    <\/div>\r\n                    <div class = \"td-button td-item4\">\r\n                        <div class = \"td-border\"><\/div>\r\n                    <\/div>\r\n                    <div class = \"td-button td-item5\">\r\n                        <div class = \"td-border\"><\/div>\r\n                    <\/div>\r\n                    <div class = \"td-button td-item6\">\r\n                        <div class = \"td-border\"><\/div>\r\n                    <\/div>\r\n                    <div class = \"td-button td-item7\">\r\n                        <div class = \"td-border\"><\/div>\r\n                    <\/div>\r\n                            <\/div>\r\n                        <\/div>\r\n\r\n                    <\/div>\r\n\r\n                <\/div>\r\n                \n<p>Avanza el cuidado de la ni\u00f1ez con la inauguraci\u00f3n del 6\u00b0 Espacio Primera Infancia Municipal. El intendente Juan Ignacio Ustarroz junto a vecinos y trabajadores concret\u00f3 un logro sin precedentes en nuestra ciudad. El EPI est\u00e1 emplazado en el barrio Mutti (calles 61 bis entre 8 y 10).<\/p>\n<p>En primera instancia Ustarroz agradeci\u00f3 el trabajo de todas las mujeres que est\u00e1n al frente de este dispositivo, as\u00ed como por su empe\u00f1o y compromiso.<\/p>\n<p>\u201cEn un principio y dentro de nuestra planificaci\u00f3n la idea era construir 4 de estos espacios pero cuando vimos con el amor con el que se trabaja, el v\u00ednculo entre las trabajadoras y los ni\u00f1os, sumado a que las madres y familias se acercaban y nos comentaban que eran lugares muy importantes y que le serv\u00edan mucho a los ni\u00f1os, decidimos a pesar del contexto econ\u00f3mico adverso, duplicar esfuerzos para poder llegar a m\u00e1s barrios de la ciudad\u201d, remarc\u00f3 el intendente Juan Ignacio Ustarroz.<\/p>\n<p>A su vez se\u00f1al\u00f3 que \u201ceste no es un dispositivo aislado, sino que est\u00e1 dentro de una gran gama de programas pensados, dise\u00f1ados y apuntados a los ni\u00f1os de nuestra ciudad. Como lo es la guardia pedi\u00e1trica, la Casa del Ni\u00f1o, los CAPS que venimos y seguiremos inaugurando, las guardias odontol\u00f3gicas en el C.I.C, sumado a los talleres culturales y al deporte. Conjunto de acciones que hizo que la Sociedad Argentina de Primera Infancia declarara a la ciudad de Mercedes \u201cAmiga de las Primeras Infancias\u201d.<\/p>\n<p>Ustarroz se\u00f1al\u00f3 que \u201cla prioridad de este pueblo son los ni\u00f1os\u201d: \u00abPor ese motivo, hace poco estuvimos reunidos con comedores, merenderos, iglesias, clubes, sociedades de fomento para que a nuestros chicos no le falte la comida porque fortalecer la nutrici\u00f3n en los primeros a\u00f1os es fundamental para un normal crecimiento\u201d, dijo y agreg\u00f3 que \u201cen breve vamos a relanzar una red solidaria -este municipio ha intentado hacer desde el primer d\u00eda de la gesti\u00f3n- para poder llegar a cada rinc\u00f3n de nuestra ciudad\u201d.<\/p>\n<p>\u201cEstamos felices por lo que se est\u00e1 haciendo en la ciudad y lo que como comunidad somos capaces de lograr. Como pueblo tenemos que tener la autoestima alta, orgullo y felicidad porque esto no lo hace una gesti\u00f3n sino un pueblo\u201d, destac\u00f3 el intendente Ustarroz y subray\u00f3 que \u201csobre lo construido hay que avanzar por lo que falta, proyectando nuevas utop\u00edas y sue\u00f1os\u201d.<\/p>\n<p>Por su parte, la directora de Ni\u00f1ez y Adolescencia, Gabriela Olivella, manifest\u00f3: \u201cPara aquellos que no conocen estos espacios, son lugares para ni\u00f1os de 1 a 3 a\u00f1os donde impera el cuidado de la primera infancia, la cual es fundamental en la vida de un ni\u00f1o, en todo lo que refiere a alimentaci\u00f3n, conocimiento y aprendizaje hechos fundamentales para el resto de sus vidas. Funcionan de lunes a viernes con dos ejes fundamentales, el pedag\u00f3gico y el aspecto nutricional\u201d. Y se\u00f1al\u00f3: \u201cCreemos que la primera infancia desde que nacen hasta los 5 a\u00f1os marca una etapa fundamental en la vida de los ni\u00f1os\u201d.<\/p>\n<p>\u201cEste es un momento de mucha alegr\u00eda y emoci\u00f3n en el que quiero agradecer a las diferentes \u00e1reas municipales que participaron en esta construcci\u00f3n y a la secretaria de Desarrollo Social, Jorgelina Silva, y al intendente Juan Ignacio Ustarroz que son los que impulsan y creen en estas pol\u00edticas p\u00fablicas\u201d, defini\u00f3 Olivella.<\/p>\n","protected":false},"excerpt":{"rendered":"<p>Avanza el cuidado de la ni\u00f1ez con la inauguraci\u00f3n del 6\u00b0 Espacio Primera Infancia Municipal. El intendente Juan Ignacio Ustarroz junto a vecinos y trabajadores concret\u00f3 un logro sin precedentes en nuestra ciudad. El EPI est\u00e1 emplazado en el barrio Mutti (calles 61 bis entre 8 y 10). En primera instancia Ustarroz agradeci\u00f3 el trabajo [&hellip;]<\/p>\n","protected":false},"author":16,"featured_media":28689,"comment_status":"open","ping_status":"open","sticky":false,"template":"","format":"standard","meta":{"footnotes":""},"categories":[3],"tags":[2367,1579,6481,371,709,4158,369],"class_list":["post-28685","post","type-post","status-publish","format-standard","has-post-thumbnail","hentry","category-sociedad","tag-barrio-mutti","tag-epi","tag-espacio-primera-infancia","tag-gabriela-olivella","tag-jorgelina-silva","tag-juan-ignacio-ustaroz","tag-ninez"],"yoast_head":"<!-- This site is optimized with the Yoast SEO plugin v27.5 - https:\/\/yoast.com\/product\/yoast-seo-wordpress\/ -->\n<title>Inauguraron el sexto Espacio Primera Infancia<\/title>\n<meta name=\"robots\" content=\"index, follow, max-snippet:-1, max-image-preview:large, max-video-preview:-1\" \/>\n<link rel=\"canonical\" href=\"https:\/\/noticiasmercedinas.com\/site\/2019\/09\/19\/inauguraron-el-sexto-espacio-primera-infancia\/\" \/>\n<meta property=\"og:locale\" content=\"es_ES\" \/>\n<meta property=\"og:type\" content=\"article\" \/>\n<meta property=\"og:title\" content=\"Inauguraron el sexto Espacio Primera Infancia\" \/>\n<meta property=\"og:description\" content=\"Avanza el cuidado de la ni\u00f1ez con la inauguraci\u00f3n del 6\u00b0 Espacio Primera Infancia Municipal. El intendente Juan Ignacio Ustarroz junto a vecinos y trabajadores concret\u00f3 un logro sin precedentes en nuestra ciudad. El EPI est\u00e1 emplazado en el barrio Mutti (calles 61 bis entre 8 y 10). En primera instancia Ustarroz agradeci\u00f3 el trabajo [&hellip;]\" \/>\n<meta property=\"og:url\" content=\"https:\/\/noticiasmercedinas.com\/site\/2019\/09\/19\/inauguraron-el-sexto-espacio-primera-infancia\/\" \/>\n<meta property=\"og:site_name\" content=\"NOTICIASMERCEDINAS.COM\" \/>\n<meta property=\"article:publisher\" content=\"https:\/\/www.facebook.com\/noticiasmercedinas\/\" \/>\n<meta property=\"article:published_time\" content=\"2019-09-19T10:36:15+00:00\" \/>\n<meta property=\"og:image\" content=\"https:\/\/noticiasmercedinas.com\/site\/wp-content\/uploads\/2019\/09\/DSC_0013-3.jpg\" \/>\n\t<meta property=\"og:image:width\" content=\"948\" \/>\n\t<meta property=\"og:image:height\" content=\"632\" \/>\n\t<meta property=\"og:image:type\" content=\"image\/jpeg\" \/>\n<meta name=\"author\" content=\"NOTICIASMERCEDINAS.COM\" \/>\n<meta name=\"twitter:card\" content=\"summary_large_image\" \/>\n<meta name=\"twitter:creator\" content=\"@notmercedinas\" \/>\n<meta name=\"twitter:site\" content=\"@notmercedinas\" \/>\n<meta name=\"twitter:label1\" content=\"Escrito por\" \/>\n\t<meta name=\"twitter:data1\" content=\"NOTICIASMERCEDINAS.COM\" \/>\n\t<meta name=\"twitter:label2\" content=\"Tiempo de lectura\" \/>\n\t<meta name=\"twitter:data2\" content=\"3 minutos\" \/>\n<script type=\"application\/ld+json\" class=\"yoast-schema-graph\">{\"@context\":\"https:\\\/\\\/schema.org\",\"@graph\":[{\"@type\":\"Article\",\"@id\":\"https:\\\/\\\/noticiasmercedinas.com\\\/site\\\/2019\\\/09\\\/19\\\/inauguraron-el-sexto-espacio-primera-infancia\\\/#article\",\"isPartOf\":{\"@id\":\"https:\\\/\\\/noticiasmercedinas.com\\\/site\\\/2019\\\/09\\\/19\\\/inauguraron-el-sexto-espacio-primera-infancia\\\/\"},\"author\":{\"name\":\"NOTICIASMERCEDINAS.COM\",\"@id\":\"https:\\\/\\\/noticiasmercedinas.com\\\/site\\\/#\\\/schema\\\/person\\\/84b59c099c28ff2e8b77d4ceec5d8063\"},\"headline\":\"Inauguraron el sexto Espacio Primera Infancia\",\"datePublished\":\"2019-09-19T10:36:15+00:00\",\"mainEntityOfPage\":{\"@id\":\"https:\\\/\\\/noticiasmercedinas.com\\\/site\\\/2019\\\/09\\\/19\\\/inauguraron-el-sexto-espacio-primera-infancia\\\/\"},\"wordCount\":595,\"commentCount\":0,\"publisher\":{\"@id\":\"https:\\\/\\\/noticiasmercedinas.com\\\/site\\\/#organization\"},\"image\":{\"@id\":\"https:\\\/\\\/noticiasmercedinas.com\\\/site\\\/2019\\\/09\\\/19\\\/inauguraron-el-sexto-espacio-primera-infancia\\\/#primaryimage\"},\"thumbnailUrl\":\"https:\\\/\\\/noticiasmercedinas.com\\\/site\\\/wp-content\\\/uploads\\\/2019\\\/09\\\/DSC_0013-3.jpg\",\"keywords\":[\"barrio mutti\",\"epi\",\"espacio primera infancia\",\"gabriela olivella\",\"jorgelina silva\",\"juan ignacio ustaroz\",\"ni\u00f1ez\"],\"articleSection\":[\"Sociedad\"],\"inLanguage\":\"es\",\"potentialAction\":[{\"@type\":\"CommentAction\",\"name\":\"Comment\",\"target\":[\"https:\\\/\\\/noticiasmercedinas.com\\\/site\\\/2019\\\/09\\\/19\\\/inauguraron-el-sexto-espacio-primera-infancia\\\/#respond\"]}]},{\"@type\":\"WebPage\",\"@id\":\"https:\\\/\\\/noticiasmercedinas.com\\\/site\\\/2019\\\/09\\\/19\\\/inauguraron-el-sexto-espacio-primera-infancia\\\/\",\"url\":\"https:\\\/\\\/noticiasmercedinas.com\\\/site\\\/2019\\\/09\\\/19\\\/inauguraron-el-sexto-espacio-primera-infancia\\\/\",\"name\":\"Inauguraron el sexto Espacio Primera Infancia\",\"isPartOf\":{\"@id\":\"https:\\\/\\\/noticiasmercedinas.com\\\/site\\\/#website\"},\"primaryImageOfPage\":{\"@id\":\"https:\\\/\\\/noticiasmercedinas.com\\\/site\\\/2019\\\/09\\\/19\\\/inauguraron-el-sexto-espacio-primera-infancia\\\/#primaryimage\"},\"image\":{\"@id\":\"https:\\\/\\\/noticiasmercedinas.com\\\/site\\\/2019\\\/09\\\/19\\\/inauguraron-el-sexto-espacio-primera-infancia\\\/#primaryimage\"},\"thumbnailUrl\":\"https:\\\/\\\/noticiasmercedinas.com\\\/site\\\/wp-content\\\/uploads\\\/2019\\\/09\\\/DSC_0013-3.jpg\",\"datePublished\":\"2019-09-19T10:36:15+00:00\",\"breadcrumb\":{\"@id\":\"https:\\\/\\\/noticiasmercedinas.com\\\/site\\\/2019\\\/09\\\/19\\\/inauguraron-el-sexto-espacio-primera-infancia\\\/#breadcrumb\"},\"inLanguage\":\"es\",\"potentialAction\":[{\"@type\":\"ReadAction\",\"target\":[\"https:\\\/\\\/noticiasmercedinas.com\\\/site\\\/2019\\\/09\\\/19\\\/inauguraron-el-sexto-espacio-primera-infancia\\\/\"]}]},{\"@type\":\"ImageObject\",\"inLanguage\":\"es\",\"@id\":\"https:\\\/\\\/noticiasmercedinas.com\\\/site\\\/2019\\\/09\\\/19\\\/inauguraron-el-sexto-espacio-primera-infancia\\\/#primaryimage\",\"url\":\"https:\\\/\\\/noticiasmercedinas.com\\\/site\\\/wp-content\\\/uploads\\\/2019\\\/09\\\/DSC_0013-3.jpg\",\"contentUrl\":\"https:\\\/\\\/noticiasmercedinas.com\\\/site\\\/wp-content\\\/uploads\\\/2019\\\/09\\\/DSC_0013-3.jpg\",\"width\":948,\"height\":632},{\"@type\":\"BreadcrumbList\",\"@id\":\"https:\\\/\\\/noticiasmercedinas.com\\\/site\\\/2019\\\/09\\\/19\\\/inauguraron-el-sexto-espacio-primera-infancia\\\/#breadcrumb\",\"itemListElement\":[{\"@type\":\"ListItem\",\"position\":1,\"name\":\"Portada\",\"item\":\"https:\\\/\\\/noticiasmercedinas.com\\\/site\\\/\"},{\"@type\":\"ListItem\",\"position\":2,\"name\":\"Inauguraron el sexto Espacio Primera Infancia\"}]},{\"@type\":\"WebSite\",\"@id\":\"https:\\\/\\\/noticiasmercedinas.com\\\/site\\\/#website\",\"url\":\"https:\\\/\\\/noticiasmercedinas.com\\\/site\\\/\",\"name\":\"NOTICIASMERCEDINAS.COM\",\"description\":\"Mercedes, Buenos Aires, Argentina\",\"publisher\":{\"@id\":\"https:\\\/\\\/noticiasmercedinas.com\\\/site\\\/#organization\"},\"potentialAction\":[{\"@type\":\"SearchAction\",\"target\":{\"@type\":\"EntryPoint\",\"urlTemplate\":\"https:\\\/\\\/noticiasmercedinas.com\\\/site\\\/?s={search_term_string}\"},\"query-input\":{\"@type\":\"PropertyValueSpecification\",\"valueRequired\":true,\"valueName\":\"search_term_string\"}}],\"inLanguage\":\"es\"},{\"@type\":\"Organization\",\"@id\":\"https:\\\/\\\/noticiasmercedinas.com\\\/site\\\/#organization\",\"name\":\"NOTICIASMERCEDINAS.COM\",\"url\":\"https:\\\/\\\/noticiasmercedinas.com\\\/site\\\/\",\"logo\":{\"@type\":\"ImageObject\",\"inLanguage\":\"es\",\"@id\":\"https:\\\/\\\/noticiasmercedinas.com\\\/site\\\/#\\\/schema\\\/logo\\\/image\\\/\",\"url\":\"https:\\\/\\\/noticiasmercedinas.com\\\/site\\\/wp-content\\\/uploads\\\/2020\\\/06\\\/LOGO-512.jpg\",\"contentUrl\":\"https:\\\/\\\/noticiasmercedinas.com\\\/site\\\/wp-content\\\/uploads\\\/2020\\\/06\\\/LOGO-512.jpg\",\"width\":512,\"height\":512,\"caption\":\"NOTICIASMERCEDINAS.COM\"},\"image\":{\"@id\":\"https:\\\/\\\/noticiasmercedinas.com\\\/site\\\/#\\\/schema\\\/logo\\\/image\\\/\"},\"sameAs\":[\"https:\\\/\\\/www.facebook.com\\\/noticiasmercedinas\\\/\",\"https:\\\/\\\/x.com\\\/notmercedinas\",\"https:\\\/\\\/www.instagram.com\\\/noticiasmercedinas\\\/\"]},{\"@type\":\"Person\",\"@id\":\"https:\\\/\\\/noticiasmercedinas.com\\\/site\\\/#\\\/schema\\\/person\\\/84b59c099c28ff2e8b77d4ceec5d8063\",\"name\":\"NOTICIASMERCEDINAS.COM\",\"image\":{\"@type\":\"ImageObject\",\"inLanguage\":\"es\",\"@id\":\"https:\\\/\\\/secure.gravatar.com\\\/avatar\\\/4dfbf16b4d17945bfb6341b2d19043457132fcf478a5ee04f42e959fd8f5df0a?s=96&d=mm&r=g\",\"url\":\"https:\\\/\\\/secure.gravatar.com\\\/avatar\\\/4dfbf16b4d17945bfb6341b2d19043457132fcf478a5ee04f42e959fd8f5df0a?s=96&d=mm&r=g\",\"contentUrl\":\"https:\\\/\\\/secure.gravatar.com\\\/avatar\\\/4dfbf16b4d17945bfb6341b2d19043457132fcf478a5ee04f42e959fd8f5df0a?s=96&d=mm&r=g\",\"caption\":\"NOTICIASMERCEDINAS.COM\"},\"url\":\"https:\\\/\\\/noticiasmercedinas.com\\\/site\\\/author\\\/anonimo\\\/\"}]}<\/script>\n<!-- \/ Yoast SEO plugin. -->","yoast_head_json":{"title":"Inauguraron el sexto Espacio Primera Infancia","robots":{"index":"index","follow":"follow","max-snippet":"max-snippet:-1","max-image-preview":"max-image-preview:large","max-video-preview":"max-video-preview:-1"},"canonical":"https:\/\/noticiasmercedinas.com\/site\/2019\/09\/19\/inauguraron-el-sexto-espacio-primera-infancia\/","og_locale":"es_ES","og_type":"article","og_title":"Inauguraron el sexto Espacio Primera Infancia","og_description":"Avanza el cuidado de la ni\u00f1ez con la inauguraci\u00f3n del 6\u00b0 Espacio Primera Infancia Municipal. El intendente Juan Ignacio Ustarroz junto a vecinos y trabajadores concret\u00f3 un logro sin precedentes en nuestra ciudad. El EPI est\u00e1 emplazado en el barrio Mutti (calles 61 bis entre 8 y 10). En primera instancia Ustarroz agradeci\u00f3 el trabajo [&hellip;]","og_url":"https:\/\/noticiasmercedinas.com\/site\/2019\/09\/19\/inauguraron-el-sexto-espacio-primera-infancia\/","og_site_name":"NOTICIASMERCEDINAS.COM","article_publisher":"https:\/\/www.facebook.com\/noticiasmercedinas\/","article_published_time":"2019-09-19T10:36:15+00:00","og_image":[{"width":948,"height":632,"url":"https:\/\/noticiasmercedinas.com\/site\/wp-content\/uploads\/2019\/09\/DSC_0013-3.jpg","type":"image\/jpeg"}],"author":"NOTICIASMERCEDINAS.COM","twitter_card":"summary_large_image","twitter_creator":"@notmercedinas","twitter_site":"@notmercedinas","twitter_misc":{"Escrito por":"NOTICIASMERCEDINAS.COM","Tiempo de lectura":"3 minutos"},"schema":{"@context":"https:\/\/schema.org","@graph":[{"@type":"Article","@id":"https:\/\/noticiasmercedinas.com\/site\/2019\/09\/19\/inauguraron-el-sexto-espacio-primera-infancia\/#article","isPartOf":{"@id":"https:\/\/noticiasmercedinas.com\/site\/2019\/09\/19\/inauguraron-el-sexto-espacio-primera-infancia\/"},"author":{"name":"NOTICIASMERCEDINAS.COM","@id":"https:\/\/noticiasmercedinas.com\/site\/#\/schema\/person\/84b59c099c28ff2e8b77d4ceec5d8063"},"headline":"Inauguraron el sexto Espacio Primera Infancia","datePublished":"2019-09-19T10:36:15+00:00","mainEntityOfPage":{"@id":"https:\/\/noticiasmercedinas.com\/site\/2019\/09\/19\/inauguraron-el-sexto-espacio-primera-infancia\/"},"wordCount":595,"commentCount":0,"publisher":{"@id":"https:\/\/noticiasmercedinas.com\/site\/#organization"},"image":{"@id":"https:\/\/noticiasmercedinas.com\/site\/2019\/09\/19\/inauguraron-el-sexto-espacio-primera-infancia\/#primaryimage"},"thumbnailUrl":"https:\/\/noticiasmercedinas.com\/site\/wp-content\/uploads\/2019\/09\/DSC_0013-3.jpg","keywords":["barrio mutti","epi","espacio primera infancia","gabriela olivella","jorgelina silva","juan ignacio ustaroz","ni\u00f1ez"],"articleSection":["Sociedad"],"inLanguage":"es","potentialAction":[{"@type":"CommentAction","name":"Comment","target":["https:\/\/noticiasmercedinas.com\/site\/2019\/09\/19\/inauguraron-el-sexto-espacio-primera-infancia\/#respond"]}]},{"@type":"WebPage","@id":"https:\/\/noticiasmercedinas.com\/site\/2019\/09\/19\/inauguraron-el-sexto-espacio-primera-infancia\/","url":"https:\/\/noticiasmercedinas.com\/site\/2019\/09\/19\/inauguraron-el-sexto-espacio-primera-infancia\/","name":"Inauguraron el sexto Espacio Primera Infancia","isPartOf":{"@id":"https:\/\/noticiasmercedinas.com\/site\/#website"},"primaryImageOfPage":{"@id":"https:\/\/noticiasmercedinas.com\/site\/2019\/09\/19\/inauguraron-el-sexto-espacio-primera-infancia\/#primaryimage"},"image":{"@id":"https:\/\/noticiasmercedinas.com\/site\/2019\/09\/19\/inauguraron-el-sexto-espacio-primera-infancia\/#primaryimage"},"thumbnailUrl":"https:\/\/noticiasmercedinas.com\/site\/wp-content\/uploads\/2019\/09\/DSC_0013-3.jpg","datePublished":"2019-09-19T10:36:15+00:00","breadcrumb":{"@id":"https:\/\/noticiasmercedinas.com\/site\/2019\/09\/19\/inauguraron-el-sexto-espacio-primera-infancia\/#breadcrumb"},"inLanguage":"es","potentialAction":[{"@type":"ReadAction","target":["https:\/\/noticiasmercedinas.com\/site\/2019\/09\/19\/inauguraron-el-sexto-espacio-primera-infancia\/"]}]},{"@type":"ImageObject","inLanguage":"es","@id":"https:\/\/noticiasmercedinas.com\/site\/2019\/09\/19\/inauguraron-el-sexto-espacio-primera-infancia\/#primaryimage","url":"https:\/\/noticiasmercedinas.com\/site\/wp-content\/uploads\/2019\/09\/DSC_0013-3.jpg","contentUrl":"https:\/\/noticiasmercedinas.com\/site\/wp-content\/uploads\/2019\/09\/DSC_0013-3.jpg","width":948,"height":632},{"@type":"BreadcrumbList","@id":"https:\/\/noticiasmercedinas.com\/site\/2019\/09\/19\/inauguraron-el-sexto-espacio-primera-infancia\/#breadcrumb","itemListElement":[{"@type":"ListItem","position":1,"name":"Portada","item":"https:\/\/noticiasmercedinas.com\/site\/"},{"@type":"ListItem","position":2,"name":"Inauguraron el sexto Espacio Primera Infancia"}]},{"@type":"WebSite","@id":"https:\/\/noticiasmercedinas.com\/site\/#website","url":"https:\/\/noticiasmercedinas.com\/site\/","name":"NOTICIASMERCEDINAS.COM","description":"Mercedes, Buenos Aires, Argentina","publisher":{"@id":"https:\/\/noticiasmercedinas.com\/site\/#organization"},"potentialAction":[{"@type":"SearchAction","target":{"@type":"EntryPoint","urlTemplate":"https:\/\/noticiasmercedinas.com\/site\/?s={search_term_string}"},"query-input":{"@type":"PropertyValueSpecification","valueRequired":true,"valueName":"search_term_string"}}],"inLanguage":"es"},{"@type":"Organization","@id":"https:\/\/noticiasmercedinas.com\/site\/#organization","name":"NOTICIASMERCEDINAS.COM","url":"https:\/\/noticiasmercedinas.com\/site\/","logo":{"@type":"ImageObject","inLanguage":"es","@id":"https:\/\/noticiasmercedinas.com\/site\/#\/schema\/logo\/image\/","url":"https:\/\/noticiasmercedinas.com\/site\/wp-content\/uploads\/2020\/06\/LOGO-512.jpg","contentUrl":"https:\/\/noticiasmercedinas.com\/site\/wp-content\/uploads\/2020\/06\/LOGO-512.jpg","width":512,"height":512,"caption":"NOTICIASMERCEDINAS.COM"},"image":{"@id":"https:\/\/noticiasmercedinas.com\/site\/#\/schema\/logo\/image\/"},"sameAs":["https:\/\/www.facebook.com\/noticiasmercedinas\/","https:\/\/x.com\/notmercedinas","https:\/\/www.instagram.com\/noticiasmercedinas\/"]},{"@type":"Person","@id":"https:\/\/noticiasmercedinas.com\/site\/#\/schema\/person\/84b59c099c28ff2e8b77d4ceec5d8063","name":"NOTICIASMERCEDINAS.COM","image":{"@type":"ImageObject","inLanguage":"es","@id":"https:\/\/secure.gravatar.com\/avatar\/4dfbf16b4d17945bfb6341b2d19043457132fcf478a5ee04f42e959fd8f5df0a?s=96&d=mm&r=g","url":"https:\/\/secure.gravatar.com\/avatar\/4dfbf16b4d17945bfb6341b2d19043457132fcf478a5ee04f42e959fd8f5df0a?s=96&d=mm&r=g","contentUrl":"https:\/\/secure.gravatar.com\/avatar\/4dfbf16b4d17945bfb6341b2d19043457132fcf478a5ee04f42e959fd8f5df0a?s=96&d=mm&r=g","caption":"NOTICIASMERCEDINAS.COM"},"url":"https:\/\/noticiasmercedinas.com\/site\/author\/anonimo\/"}]}},"amp_enabled":true,"_links":{"self":[{"href":"https:\/\/noticiasmercedinas.com\/site\/wp-json\/wp\/v2\/posts\/28685","targetHints":{"allow":["GET"]}}],"collection":[{"href":"https:\/\/noticiasmercedinas.com\/site\/wp-json\/wp\/v2\/posts"}],"about":[{"href":"https:\/\/noticiasmercedinas.com\/site\/wp-json\/wp\/v2\/types\/post"}],"author":[{"embeddable":true,"href":"https:\/\/noticiasmercedinas.com\/site\/wp-json\/wp\/v2\/users\/16"}],"replies":[{"embeddable":true,"href":"https:\/\/noticiasmercedinas.com\/site\/wp-json\/wp\/v2\/comments?post=28685"}],"version-history":[{"count":1,"href":"https:\/\/noticiasmercedinas.com\/site\/wp-json\/wp\/v2\/posts\/28685\/revisions"}],"predecessor-version":[{"id":28693,"href":"https:\/\/noticiasmercedinas.com\/site\/wp-json\/wp\/v2\/posts\/28685\/revisions\/28693"}],"wp:featuredmedia":[{"embeddable":true,"href":"https:\/\/noticiasmercedinas.com\/site\/wp-json\/wp\/v2\/media\/28689"}],"wp:attachment":[{"href":"https:\/\/noticiasmercedinas.com\/site\/wp-json\/wp\/v2\/media?parent=28685"}],"wp:term":[{"taxonomy":"category","embeddable":true,"href":"https:\/\/noticiasmercedinas.com\/site\/wp-json\/wp\/v2\/categories?post=28685"},{"taxonomy":"post_tag","embeddable":true,"href":"https:\/\/noticiasmercedinas.com\/site\/wp-json\/wp\/v2\/tags?post=28685"}],"curies":[{"name":"wp","href":"https:\/\/api.w.org\/{rel}","templated":true}]}}