{"id":2903,"date":"2018-09-26T09:10:58","date_gmt":"2018-09-26T12:10:58","guid":{"rendered":"https:\/\/noticiasmercedinas.com\/site\/?p=2903"},"modified":"2018-09-26T09:10:58","modified_gmt":"2018-09-26T12:10:58","slug":"el-merendero-gotas-de-un-diluvio-celebro-la-primavera","status":"publish","type":"post","link":"https:\/\/noticiasmercedinas.com\/site\/2018\/09\/26\/el-merendero-gotas-de-un-diluvio-celebro-la-primavera\/","title":{"rendered":"El merendero \u201cGotas de un Diluvio\u201d celebr\u00f3 la primavera"},"content":{"rendered":"<p><strong>Con m\u00e1s de 100 chicos y la ayuda de pastores Lorena y Daniel de la Iglesia Evang\u00e9lica, la actividad especial tuvo pelotero, metegoles y regalos. Coordinado por Juan D\u00edaz, el espacio funciona en calles 26 y 55.<\/strong><\/p>\n<p><img loading=\"lazy\" decoding=\"async\" class=\"alignnone size-full wp-image-2904\" src=\"https:\/\/noticiasmercedinas.com\/site\/wp-content\/uploads\/2018\/09\/7ba71e11-1164-42fb-b94a-d7eba14bc520.jpg\" alt=\"\" width=\"721\" height=\"507\" srcset=\"https:\/\/noticiasmercedinas.com\/site\/wp-content\/uploads\/2018\/09\/7ba71e11-1164-42fb-b94a-d7eba14bc520.jpg 721w, https:\/\/noticiasmercedinas.com\/site\/wp-content\/uploads\/2018\/09\/7ba71e11-1164-42fb-b94a-d7eba14bc520-300x211.jpg 300w, https:\/\/noticiasmercedinas.com\/site\/wp-content\/uploads\/2018\/09\/7ba71e11-1164-42fb-b94a-d7eba14bc520-640x450.jpg 640w, https:\/\/noticiasmercedinas.com\/site\/wp-content\/uploads\/2018\/09\/7ba71e11-1164-42fb-b94a-d7eba14bc520-681x479.jpg 681w\" sizes=\"auto, (max-width: 721px) 100vw, 721px\" \/><\/p>\n<p>A su manera, dando ayuda, contenci\u00f3n y diversi\u00f3n a los vecinos, el merendero \u201cGotas de un diluvio\u201d tuvo su fiesta de primavera, con el apoyo de quienes trabajan en el lugar y pastores de la iglesia evang\u00e9lica que tambi\u00e9n realizan sus actividades en el barrio.<\/p>\n<p>\u201cHubo m\u00e1s de 100 chicos en el merendero\u201d, coment\u00f3 su responsable, Juan Diaz, sobre la actividad que tuvo pelotero, metegoles y regalos. \u201cGracias a los vecinos y el grupo del merendero, y a los pastores Lorena y Daniel, de la iglesia Jes\u00fas est\u00e1s aqu\u00ed, por su gran aporte\u201d, agreg\u00f3 D\u00edaz, quien coordina el centro de actividades y recreaci\u00f3n infantil \u201cGotas de un diluvio\u201d, que funciona en calles 26 y 55.<\/p>\n<p>De este modo y con varias actividades, las tareas de ayuda social y contenci\u00f3n en lo educativo y alimentario siguen adelante en el espacio que coordina Juan D\u00edaz, inquieto dirigente barrial que con este merendero cristaliza un viejo anhelo.<\/p>\n<p><img loading=\"lazy\" decoding=\"async\" class=\"alignnone size-full wp-image-2905\" src=\"https:\/\/noticiasmercedinas.com\/site\/wp-content\/uploads\/2018\/09\/3d1980c1-4ee6-4941-85c4-989607eabf99.jpg\" alt=\"\" width=\"650\" height=\"387\" srcset=\"https:\/\/noticiasmercedinas.com\/site\/wp-content\/uploads\/2018\/09\/3d1980c1-4ee6-4941-85c4-989607eabf99.jpg 650w, https:\/\/noticiasmercedinas.com\/site\/wp-content\/uploads\/2018\/09\/3d1980c1-4ee6-4941-85c4-989607eabf99-300x179.jpg 300w, https:\/\/noticiasmercedinas.com\/site\/wp-content\/uploads\/2018\/09\/3d1980c1-4ee6-4941-85c4-989607eabf99-640x381.jpg 640w\" sizes=\"auto, (max-width: 650px) 100vw, 650px\" \/><\/p>\n","protected":false},"excerpt":{"rendered":"<p>Con m\u00e1s de 100 chicos y la ayuda de pastores Lorena y Daniel de la Iglesia Evang\u00e9lica, la actividad especial tuvo pelotero, metegoles y regalos. Coordinado por Juan D\u00edaz, el espacio funciona en calles 26 y 55. A su manera, dando ayuda, contenci\u00f3n y diversi\u00f3n a los vecinos, el merendero \u201cGotas de un diluvio\u201d tuvo [&hellip;]<\/p>\n","protected":false},"author":2,"featured_media":2904,"comment_status":"open","ping_status":"open","sticky":false,"template":"","format":"standard","meta":{"footnotes":""},"categories":[3],"tags":[562,1042,561,563],"class_list":["post-2903","post","type-post","status-publish","format-standard","has-post-thumbnail","hentry","category-sociedad","tag-gotas-de-un-diluvio","tag-iglesia-jesus-estas-aqui","tag-juan-diaz","tag-merendero"],"yoast_head":"<!-- This site is optimized with the Yoast SEO plugin v27.5 - https:\/\/yoast.com\/product\/yoast-seo-wordpress\/ -->\n<title>El merendero \u201cGotas de un Diluvio\u201d celebr\u00f3 la primavera<\/title>\n<meta name=\"robots\" content=\"index, follow, max-snippet:-1, max-image-preview:large, max-video-preview:-1\" \/>\n<link rel=\"canonical\" href=\"https:\/\/noticiasmercedinas.com\/site\/2018\/09\/26\/el-merendero-gotas-de-un-diluvio-celebro-la-primavera\/\" \/>\n<meta property=\"og:locale\" content=\"es_ES\" \/>\n<meta property=\"og:type\" content=\"article\" \/>\n<meta property=\"og:title\" content=\"El merendero \u201cGotas de un Diluvio\u201d celebr\u00f3 la primavera\" \/>\n<meta property=\"og:description\" content=\"Con m\u00e1s de 100 chicos y la ayuda de pastores Lorena y Daniel de la Iglesia Evang\u00e9lica, la actividad especial tuvo pelotero, metegoles y regalos. Coordinado por Juan D\u00edaz, el espacio funciona en calles 26 y 55. A su manera, dando ayuda, contenci\u00f3n y diversi\u00f3n a los vecinos, el merendero \u201cGotas de un diluvio\u201d tuvo [&hellip;]\" \/>\n<meta property=\"og:url\" content=\"https:\/\/noticiasmercedinas.com\/site\/2018\/09\/26\/el-merendero-gotas-de-un-diluvio-celebro-la-primavera\/\" \/>\n<meta property=\"og:site_name\" content=\"NOTICIASMERCEDINAS.COM\" \/>\n<meta property=\"article:publisher\" content=\"https:\/\/www.facebook.com\/noticiasmercedinas\/\" \/>\n<meta property=\"article:author\" content=\"https:\/\/www.facebook.com\/cristian.falabella\" \/>\n<meta property=\"article:published_time\" content=\"2018-09-26T12:10:58+00:00\" \/>\n<meta property=\"og:image\" content=\"https:\/\/noticiasmercedinas.com\/site\/wp-content\/uploads\/2018\/09\/7ba71e11-1164-42fb-b94a-d7eba14bc520.jpg\" \/>\n\t<meta property=\"og:image:width\" content=\"721\" \/>\n\t<meta property=\"og:image:height\" content=\"507\" \/>\n\t<meta property=\"og:image:type\" content=\"image\/jpeg\" \/>\n<meta name=\"author\" content=\"Cristian Falabella NOTICIASMERCEDINAS.COM\" \/>\n<meta name=\"twitter:card\" content=\"summary_large_image\" \/>\n<meta name=\"twitter:creator\" content=\"@https:\/\/twitter.com\/NOTMERCEDINAS\" \/>\n<meta name=\"twitter:site\" content=\"@notmercedinas\" \/>\n<meta name=\"twitter:label1\" content=\"Escrito por\" \/>\n\t<meta name=\"twitter:data1\" content=\"Cristian Falabella NOTICIASMERCEDINAS.COM\" \/>\n\t<meta name=\"twitter:label2\" content=\"Tiempo de lectura\" \/>\n\t<meta name=\"twitter:data2\" content=\"1 minuto\" \/>\n<script type=\"application\/ld+json\" class=\"yoast-schema-graph\">{\"@context\":\"https:\\\/\\\/schema.org\",\"@graph\":[{\"@type\":\"Article\",\"@id\":\"https:\\\/\\\/noticiasmercedinas.com\\\/site\\\/2018\\\/09\\\/26\\\/el-merendero-gotas-de-un-diluvio-celebro-la-primavera\\\/#article\",\"isPartOf\":{\"@id\":\"https:\\\/\\\/noticiasmercedinas.com\\\/site\\\/2018\\\/09\\\/26\\\/el-merendero-gotas-de-un-diluvio-celebro-la-primavera\\\/\"},\"author\":{\"name\":\"Cristian Falabella NOTICIASMERCEDINAS.COM\",\"@id\":\"https:\\\/\\\/noticiasmercedinas.com\\\/site\\\/#\\\/schema\\\/person\\\/d481a9696a5feaec13a60e2bbd991a6a\"},\"headline\":\"El merendero \u201cGotas de un Diluvio\u201d celebr\u00f3 la primavera\",\"datePublished\":\"2018-09-26T12:10:58+00:00\",\"mainEntityOfPage\":{\"@id\":\"https:\\\/\\\/noticiasmercedinas.com\\\/site\\\/2018\\\/09\\\/26\\\/el-merendero-gotas-de-un-diluvio-celebro-la-primavera\\\/\"},\"wordCount\":208,\"commentCount\":0,\"publisher\":{\"@id\":\"https:\\\/\\\/noticiasmercedinas.com\\\/site\\\/#organization\"},\"image\":{\"@id\":\"https:\\\/\\\/noticiasmercedinas.com\\\/site\\\/2018\\\/09\\\/26\\\/el-merendero-gotas-de-un-diluvio-celebro-la-primavera\\\/#primaryimage\"},\"thumbnailUrl\":\"https:\\\/\\\/noticiasmercedinas.com\\\/site\\\/wp-content\\\/uploads\\\/2018\\\/09\\\/7ba71e11-1164-42fb-b94a-d7eba14bc520.jpg\",\"keywords\":[\"gotas de un diluvio\",\"iglesia Jes\u00fas est\u00e1s aqu\u00ed\",\"juan diaz\",\"merendero\"],\"articleSection\":[\"Sociedad\"],\"inLanguage\":\"es\",\"potentialAction\":[{\"@type\":\"CommentAction\",\"name\":\"Comment\",\"target\":[\"https:\\\/\\\/noticiasmercedinas.com\\\/site\\\/2018\\\/09\\\/26\\\/el-merendero-gotas-de-un-diluvio-celebro-la-primavera\\\/#respond\"]}]},{\"@type\":\"WebPage\",\"@id\":\"https:\\\/\\\/noticiasmercedinas.com\\\/site\\\/2018\\\/09\\\/26\\\/el-merendero-gotas-de-un-diluvio-celebro-la-primavera\\\/\",\"url\":\"https:\\\/\\\/noticiasmercedinas.com\\\/site\\\/2018\\\/09\\\/26\\\/el-merendero-gotas-de-un-diluvio-celebro-la-primavera\\\/\",\"name\":\"El merendero \u201cGotas de un Diluvio\u201d celebr\u00f3 la primavera\",\"isPartOf\":{\"@id\":\"https:\\\/\\\/noticiasmercedinas.com\\\/site\\\/#website\"},\"primaryImageOfPage\":{\"@id\":\"https:\\\/\\\/noticiasmercedinas.com\\\/site\\\/2018\\\/09\\\/26\\\/el-merendero-gotas-de-un-diluvio-celebro-la-primavera\\\/#primaryimage\"},\"image\":{\"@id\":\"https:\\\/\\\/noticiasmercedinas.com\\\/site\\\/2018\\\/09\\\/26\\\/el-merendero-gotas-de-un-diluvio-celebro-la-primavera\\\/#primaryimage\"},\"thumbnailUrl\":\"https:\\\/\\\/noticiasmercedinas.com\\\/site\\\/wp-content\\\/uploads\\\/2018\\\/09\\\/7ba71e11-1164-42fb-b94a-d7eba14bc520.jpg\",\"datePublished\":\"2018-09-26T12:10:58+00:00\",\"breadcrumb\":{\"@id\":\"https:\\\/\\\/noticiasmercedinas.com\\\/site\\\/2018\\\/09\\\/26\\\/el-merendero-gotas-de-un-diluvio-celebro-la-primavera\\\/#breadcrumb\"},\"inLanguage\":\"es\",\"potentialAction\":[{\"@type\":\"ReadAction\",\"target\":[\"https:\\\/\\\/noticiasmercedinas.com\\\/site\\\/2018\\\/09\\\/26\\\/el-merendero-gotas-de-un-diluvio-celebro-la-primavera\\\/\"]}]},{\"@type\":\"ImageObject\",\"inLanguage\":\"es\",\"@id\":\"https:\\\/\\\/noticiasmercedinas.com\\\/site\\\/2018\\\/09\\\/26\\\/el-merendero-gotas-de-un-diluvio-celebro-la-primavera\\\/#primaryimage\",\"url\":\"https:\\\/\\\/noticiasmercedinas.com\\\/site\\\/wp-content\\\/uploads\\\/2018\\\/09\\\/7ba71e11-1164-42fb-b94a-d7eba14bc520.jpg\",\"contentUrl\":\"https:\\\/\\\/noticiasmercedinas.com\\\/site\\\/wp-content\\\/uploads\\\/2018\\\/09\\\/7ba71e11-1164-42fb-b94a-d7eba14bc520.jpg\",\"width\":721,\"height\":507},{\"@type\":\"BreadcrumbList\",\"@id\":\"https:\\\/\\\/noticiasmercedinas.com\\\/site\\\/2018\\\/09\\\/26\\\/el-merendero-gotas-de-un-diluvio-celebro-la-primavera\\\/#breadcrumb\",\"itemListElement\":[{\"@type\":\"ListItem\",\"position\":1,\"name\":\"Portada\",\"item\":\"https:\\\/\\\/noticiasmercedinas.com\\\/site\\\/\"},{\"@type\":\"ListItem\",\"position\":2,\"name\":\"El merendero \u201cGotas de un Diluvio\u201d celebr\u00f3 la primavera\"}]},{\"@type\":\"WebSite\",\"@id\":\"https:\\\/\\\/noticiasmercedinas.com\\\/site\\\/#website\",\"url\":\"https:\\\/\\\/noticiasmercedinas.com\\\/site\\\/\",\"name\":\"NOTICIASMERCEDINAS.COM\",\"description\":\"Mercedes, Buenos Aires, Argentina\",\"publisher\":{\"@id\":\"https:\\\/\\\/noticiasmercedinas.com\\\/site\\\/#organization\"},\"potentialAction\":[{\"@type\":\"SearchAction\",\"target\":{\"@type\":\"EntryPoint\",\"urlTemplate\":\"https:\\\/\\\/noticiasmercedinas.com\\\/site\\\/?s={search_term_string}\"},\"query-input\":{\"@type\":\"PropertyValueSpecification\",\"valueRequired\":true,\"valueName\":\"search_term_string\"}}],\"inLanguage\":\"es\"},{\"@type\":\"Organization\",\"@id\":\"https:\\\/\\\/noticiasmercedinas.com\\\/site\\\/#organization\",\"name\":\"NOTICIASMERCEDINAS.COM\",\"url\":\"https:\\\/\\\/noticiasmercedinas.com\\\/site\\\/\",\"logo\":{\"@type\":\"ImageObject\",\"inLanguage\":\"es\",\"@id\":\"https:\\\/\\\/noticiasmercedinas.com\\\/site\\\/#\\\/schema\\\/logo\\\/image\\\/\",\"url\":\"https:\\\/\\\/noticiasmercedinas.com\\\/site\\\/wp-content\\\/uploads\\\/2020\\\/06\\\/LOGO-512.jpg\",\"contentUrl\":\"https:\\\/\\\/noticiasmercedinas.com\\\/site\\\/wp-content\\\/uploads\\\/2020\\\/06\\\/LOGO-512.jpg\",\"width\":512,\"height\":512,\"caption\":\"NOTICIASMERCEDINAS.COM\"},\"image\":{\"@id\":\"https:\\\/\\\/noticiasmercedinas.com\\\/site\\\/#\\\/schema\\\/logo\\\/image\\\/\"},\"sameAs\":[\"https:\\\/\\\/www.facebook.com\\\/noticiasmercedinas\\\/\",\"https:\\\/\\\/x.com\\\/notmercedinas\",\"https:\\\/\\\/www.instagram.com\\\/noticiasmercedinas\\\/\"]},{\"@type\":\"Person\",\"@id\":\"https:\\\/\\\/noticiasmercedinas.com\\\/site\\\/#\\\/schema\\\/person\\\/d481a9696a5feaec13a60e2bbd991a6a\",\"name\":\"Cristian Falabella NOTICIASMERCEDINAS.COM\",\"image\":{\"@type\":\"ImageObject\",\"inLanguage\":\"es\",\"@id\":\"https:\\\/\\\/secure.gravatar.com\\\/avatar\\\/0dbbfc45970cc46bcd0e57766228574ff3511d6eed045b182f536f0f478c1f06?s=96&d=mm&r=g\",\"url\":\"https:\\\/\\\/secure.gravatar.com\\\/avatar\\\/0dbbfc45970cc46bcd0e57766228574ff3511d6eed045b182f536f0f478c1f06?s=96&d=mm&r=g\",\"contentUrl\":\"https:\\\/\\\/secure.gravatar.com\\\/avatar\\\/0dbbfc45970cc46bcd0e57766228574ff3511d6eed045b182f536f0f478c1f06?s=96&d=mm&r=g\",\"caption\":\"Cristian Falabella NOTICIASMERCEDINAS.COM\"},\"description\":\"Periodista, editor de Noticias Mercedinas. Pas\u00f3 por varias redacciones y emprendimientos de prensa, en distintos formatos y \u00e9pocas. Se especializ\u00f3 --y sigue haci\u00e9ndolo-- en comunicaci\u00f3n en la web y en junio de 2006 fund\u00f3 este diario digital.\",\"sameAs\":[\"https:\\\/\\\/noticiasmercedinas.com\",\"https:\\\/\\\/www.facebook.com\\\/cristian.falabella\",\"https:\\\/\\\/www.instagram.com\\\/noticiasmercedinas\\\/\",\"https:\\\/\\\/x.com\\\/https:\\\/\\\/twitter.com\\\/NOTMERCEDINAS\"],\"url\":\"https:\\\/\\\/noticiasmercedinas.com\\\/site\\\/author\\\/as000384\\\/\"}]}<\/script>\n<!-- \/ Yoast SEO plugin. -->","yoast_head_json":{"title":"El merendero \u201cGotas de un Diluvio\u201d celebr\u00f3 la primavera","robots":{"index":"index","follow":"follow","max-snippet":"max-snippet:-1","max-image-preview":"max-image-preview:large","max-video-preview":"max-video-preview:-1"},"canonical":"https:\/\/noticiasmercedinas.com\/site\/2018\/09\/26\/el-merendero-gotas-de-un-diluvio-celebro-la-primavera\/","og_locale":"es_ES","og_type":"article","og_title":"El merendero \u201cGotas de un Diluvio\u201d celebr\u00f3 la primavera","og_description":"Con m\u00e1s de 100 chicos y la ayuda de pastores Lorena y Daniel de la Iglesia Evang\u00e9lica, la actividad especial tuvo pelotero, metegoles y regalos. Coordinado por Juan D\u00edaz, el espacio funciona en calles 26 y 55. A su manera, dando ayuda, contenci\u00f3n y diversi\u00f3n a los vecinos, el merendero \u201cGotas de un diluvio\u201d tuvo [&hellip;]","og_url":"https:\/\/noticiasmercedinas.com\/site\/2018\/09\/26\/el-merendero-gotas-de-un-diluvio-celebro-la-primavera\/","og_site_name":"NOTICIASMERCEDINAS.COM","article_publisher":"https:\/\/www.facebook.com\/noticiasmercedinas\/","article_author":"https:\/\/www.facebook.com\/cristian.falabella","article_published_time":"2018-09-26T12:10:58+00:00","og_image":[{"width":721,"height":507,"url":"https:\/\/noticiasmercedinas.com\/site\/wp-content\/uploads\/2018\/09\/7ba71e11-1164-42fb-b94a-d7eba14bc520.jpg","type":"image\/jpeg"}],"author":"Cristian Falabella NOTICIASMERCEDINAS.COM","twitter_card":"summary_large_image","twitter_creator":"@https:\/\/twitter.com\/NOTMERCEDINAS","twitter_site":"@notmercedinas","twitter_misc":{"Escrito por":"Cristian Falabella NOTICIASMERCEDINAS.COM","Tiempo de lectura":"1 minuto"},"schema":{"@context":"https:\/\/schema.org","@graph":[{"@type":"Article","@id":"https:\/\/noticiasmercedinas.com\/site\/2018\/09\/26\/el-merendero-gotas-de-un-diluvio-celebro-la-primavera\/#article","isPartOf":{"@id":"https:\/\/noticiasmercedinas.com\/site\/2018\/09\/26\/el-merendero-gotas-de-un-diluvio-celebro-la-primavera\/"},"author":{"name":"Cristian Falabella NOTICIASMERCEDINAS.COM","@id":"https:\/\/noticiasmercedinas.com\/site\/#\/schema\/person\/d481a9696a5feaec13a60e2bbd991a6a"},"headline":"El merendero \u201cGotas de un Diluvio\u201d celebr\u00f3 la primavera","datePublished":"2018-09-26T12:10:58+00:00","mainEntityOfPage":{"@id":"https:\/\/noticiasmercedinas.com\/site\/2018\/09\/26\/el-merendero-gotas-de-un-diluvio-celebro-la-primavera\/"},"wordCount":208,"commentCount":0,"publisher":{"@id":"https:\/\/noticiasmercedinas.com\/site\/#organization"},"image":{"@id":"https:\/\/noticiasmercedinas.com\/site\/2018\/09\/26\/el-merendero-gotas-de-un-diluvio-celebro-la-primavera\/#primaryimage"},"thumbnailUrl":"https:\/\/noticiasmercedinas.com\/site\/wp-content\/uploads\/2018\/09\/7ba71e11-1164-42fb-b94a-d7eba14bc520.jpg","keywords":["gotas de un diluvio","iglesia Jes\u00fas est\u00e1s aqu\u00ed","juan diaz","merendero"],"articleSection":["Sociedad"],"inLanguage":"es","potentialAction":[{"@type":"CommentAction","name":"Comment","target":["https:\/\/noticiasmercedinas.com\/site\/2018\/09\/26\/el-merendero-gotas-de-un-diluvio-celebro-la-primavera\/#respond"]}]},{"@type":"WebPage","@id":"https:\/\/noticiasmercedinas.com\/site\/2018\/09\/26\/el-merendero-gotas-de-un-diluvio-celebro-la-primavera\/","url":"https:\/\/noticiasmercedinas.com\/site\/2018\/09\/26\/el-merendero-gotas-de-un-diluvio-celebro-la-primavera\/","name":"El merendero \u201cGotas de un Diluvio\u201d celebr\u00f3 la primavera","isPartOf":{"@id":"https:\/\/noticiasmercedinas.com\/site\/#website"},"primaryImageOfPage":{"@id":"https:\/\/noticiasmercedinas.com\/site\/2018\/09\/26\/el-merendero-gotas-de-un-diluvio-celebro-la-primavera\/#primaryimage"},"image":{"@id":"https:\/\/noticiasmercedinas.com\/site\/2018\/09\/26\/el-merendero-gotas-de-un-diluvio-celebro-la-primavera\/#primaryimage"},"thumbnailUrl":"https:\/\/noticiasmercedinas.com\/site\/wp-content\/uploads\/2018\/09\/7ba71e11-1164-42fb-b94a-d7eba14bc520.jpg","datePublished":"2018-09-26T12:10:58+00:00","breadcrumb":{"@id":"https:\/\/noticiasmercedinas.com\/site\/2018\/09\/26\/el-merendero-gotas-de-un-diluvio-celebro-la-primavera\/#breadcrumb"},"inLanguage":"es","potentialAction":[{"@type":"ReadAction","target":["https:\/\/noticiasmercedinas.com\/site\/2018\/09\/26\/el-merendero-gotas-de-un-diluvio-celebro-la-primavera\/"]}]},{"@type":"ImageObject","inLanguage":"es","@id":"https:\/\/noticiasmercedinas.com\/site\/2018\/09\/26\/el-merendero-gotas-de-un-diluvio-celebro-la-primavera\/#primaryimage","url":"https:\/\/noticiasmercedinas.com\/site\/wp-content\/uploads\/2018\/09\/7ba71e11-1164-42fb-b94a-d7eba14bc520.jpg","contentUrl":"https:\/\/noticiasmercedinas.com\/site\/wp-content\/uploads\/2018\/09\/7ba71e11-1164-42fb-b94a-d7eba14bc520.jpg","width":721,"height":507},{"@type":"BreadcrumbList","@id":"https:\/\/noticiasmercedinas.com\/site\/2018\/09\/26\/el-merendero-gotas-de-un-diluvio-celebro-la-primavera\/#breadcrumb","itemListElement":[{"@type":"ListItem","position":1,"name":"Portada","item":"https:\/\/noticiasmercedinas.com\/site\/"},{"@type":"ListItem","position":2,"name":"El merendero \u201cGotas de un Diluvio\u201d celebr\u00f3 la primavera"}]},{"@type":"WebSite","@id":"https:\/\/noticiasmercedinas.com\/site\/#website","url":"https:\/\/noticiasmercedinas.com\/site\/","name":"NOTICIASMERCEDINAS.COM","description":"Mercedes, Buenos Aires, Argentina","publisher":{"@id":"https:\/\/noticiasmercedinas.com\/site\/#organization"},"potentialAction":[{"@type":"SearchAction","target":{"@type":"EntryPoint","urlTemplate":"https:\/\/noticiasmercedinas.com\/site\/?s={search_term_string}"},"query-input":{"@type":"PropertyValueSpecification","valueRequired":true,"valueName":"search_term_string"}}],"inLanguage":"es"},{"@type":"Organization","@id":"https:\/\/noticiasmercedinas.com\/site\/#organization","name":"NOTICIASMERCEDINAS.COM","url":"https:\/\/noticiasmercedinas.com\/site\/","logo":{"@type":"ImageObject","inLanguage":"es","@id":"https:\/\/noticiasmercedinas.com\/site\/#\/schema\/logo\/image\/","url":"https:\/\/noticiasmercedinas.com\/site\/wp-content\/uploads\/2020\/06\/LOGO-512.jpg","contentUrl":"https:\/\/noticiasmercedinas.com\/site\/wp-content\/uploads\/2020\/06\/LOGO-512.jpg","width":512,"height":512,"caption":"NOTICIASMERCEDINAS.COM"},"image":{"@id":"https:\/\/noticiasmercedinas.com\/site\/#\/schema\/logo\/image\/"},"sameAs":["https:\/\/www.facebook.com\/noticiasmercedinas\/","https:\/\/x.com\/notmercedinas","https:\/\/www.instagram.com\/noticiasmercedinas\/"]},{"@type":"Person","@id":"https:\/\/noticiasmercedinas.com\/site\/#\/schema\/person\/d481a9696a5feaec13a60e2bbd991a6a","name":"Cristian Falabella NOTICIASMERCEDINAS.COM","image":{"@type":"ImageObject","inLanguage":"es","@id":"https:\/\/secure.gravatar.com\/avatar\/0dbbfc45970cc46bcd0e57766228574ff3511d6eed045b182f536f0f478c1f06?s=96&d=mm&r=g","url":"https:\/\/secure.gravatar.com\/avatar\/0dbbfc45970cc46bcd0e57766228574ff3511d6eed045b182f536f0f478c1f06?s=96&d=mm&r=g","contentUrl":"https:\/\/secure.gravatar.com\/avatar\/0dbbfc45970cc46bcd0e57766228574ff3511d6eed045b182f536f0f478c1f06?s=96&d=mm&r=g","caption":"Cristian Falabella NOTICIASMERCEDINAS.COM"},"description":"Periodista, editor de Noticias Mercedinas. Pas\u00f3 por varias redacciones y emprendimientos de prensa, en distintos formatos y \u00e9pocas. Se especializ\u00f3 --y sigue haci\u00e9ndolo-- en comunicaci\u00f3n en la web y en junio de 2006 fund\u00f3 este diario digital.","sameAs":["https:\/\/noticiasmercedinas.com","https:\/\/www.facebook.com\/cristian.falabella","https:\/\/www.instagram.com\/noticiasmercedinas\/","https:\/\/x.com\/https:\/\/twitter.com\/NOTMERCEDINAS"],"url":"https:\/\/noticiasmercedinas.com\/site\/author\/as000384\/"}]}},"amp_enabled":true,"_links":{"self":[{"href":"https:\/\/noticiasmercedinas.com\/site\/wp-json\/wp\/v2\/posts\/2903","targetHints":{"allow":["GET"]}}],"collection":[{"href":"https:\/\/noticiasmercedinas.com\/site\/wp-json\/wp\/v2\/posts"}],"about":[{"href":"https:\/\/noticiasmercedinas.com\/site\/wp-json\/wp\/v2\/types\/post"}],"author":[{"embeddable":true,"href":"https:\/\/noticiasmercedinas.com\/site\/wp-json\/wp\/v2\/users\/2"}],"replies":[{"embeddable":true,"href":"https:\/\/noticiasmercedinas.com\/site\/wp-json\/wp\/v2\/comments?post=2903"}],"version-history":[{"count":1,"href":"https:\/\/noticiasmercedinas.com\/site\/wp-json\/wp\/v2\/posts\/2903\/revisions"}],"predecessor-version":[{"id":2906,"href":"https:\/\/noticiasmercedinas.com\/site\/wp-json\/wp\/v2\/posts\/2903\/revisions\/2906"}],"wp:featuredmedia":[{"embeddable":true,"href":"https:\/\/noticiasmercedinas.com\/site\/wp-json\/wp\/v2\/media\/2904"}],"wp:attachment":[{"href":"https:\/\/noticiasmercedinas.com\/site\/wp-json\/wp\/v2\/media?parent=2903"}],"wp:term":[{"taxonomy":"category","embeddable":true,"href":"https:\/\/noticiasmercedinas.com\/site\/wp-json\/wp\/v2\/categories?post=2903"},{"taxonomy":"post_tag","embeddable":true,"href":"https:\/\/noticiasmercedinas.com\/site\/wp-json\/wp\/v2\/tags?post=2903"}],"curies":[{"name":"wp","href":"https:\/\/api.w.org\/{rel}","templated":true}]}}