{"id":29120,"date":"2019-09-24T09:58:31","date_gmt":"2019-09-24T12:58:31","guid":{"rendered":"https:\/\/noticiasmercedinas.com\/site\/?p=29120"},"modified":"2019-09-24T09:58:31","modified_gmt":"2019-09-24T12:58:31","slug":"julia-de-paola-gestiono-un-nuevo-programa-para-jovenes-de-la-ciudad","status":"publish","type":"post","link":"https:\/\/noticiasmercedinas.com\/site\/2019\/09\/24\/julia-de-paola-gestiono-un-nuevo-programa-para-jovenes-de-la-ciudad\/","title":{"rendered":"Julia De Paola gestion\u00f3 un nuevo programa para j\u00f3venes de la ciudad"},"content":{"rendered":"<p><img loading=\"lazy\" decoding=\"async\" class=\"alignnone size-large wp-image-29121\" src=\"https:\/\/noticiasmercedinas.com\/site\/wp-content\/uploads\/2019\/09\/7f5f2ecf-9a49-4184-b124-ed2947cc04ea-1024x684.jpg\" alt=\"\" width=\"640\" height=\"428\" srcset=\"https:\/\/noticiasmercedinas.com\/site\/wp-content\/uploads\/2019\/09\/7f5f2ecf-9a49-4184-b124-ed2947cc04ea-1024x684.jpg 1024w, https:\/\/noticiasmercedinas.com\/site\/wp-content\/uploads\/2019\/09\/7f5f2ecf-9a49-4184-b124-ed2947cc04ea-300x200.jpg 300w, https:\/\/noticiasmercedinas.com\/site\/wp-content\/uploads\/2019\/09\/7f5f2ecf-9a49-4184-b124-ed2947cc04ea-768x513.jpg 768w, https:\/\/noticiasmercedinas.com\/site\/wp-content\/uploads\/2019\/09\/7f5f2ecf-9a49-4184-b124-ed2947cc04ea-537x360.jpg 537w, https:\/\/noticiasmercedinas.com\/site\/wp-content\/uploads\/2019\/09\/7f5f2ecf-9a49-4184-b124-ed2947cc04ea-1074x720.jpg 1074w, https:\/\/noticiasmercedinas.com\/site\/wp-content\/uploads\/2019\/09\/7f5f2ecf-9a49-4184-b124-ed2947cc04ea-640x428.jpg 640w, https:\/\/noticiasmercedinas.com\/site\/wp-content\/uploads\/2019\/09\/7f5f2ecf-9a49-4184-b124-ed2947cc04ea-681x455.jpg 681w, https:\/\/noticiasmercedinas.com\/site\/wp-content\/uploads\/2019\/09\/7f5f2ecf-9a49-4184-b124-ed2947cc04ea.jpg 1181w\" sizes=\"auto, (max-width: 640px) 100vw, 640px\" \/><\/p>\n<p>La candidata a Intendente de Mercedes, <strong>Julia de Paola<\/strong>, se reuni\u00f3 con el equipo de trabajo de la Subsecretar\u00eda de Tecnolog\u00eda e Innovaci\u00f3n bonaerense comandada por el Ingeniero Fernando Lapolla para acercar a la ciudad de Mercedes el programa de Desarrollo de Habilidades de Emprendimiento y Liderazgo<\/p>\n<p>\u201cEntendemos que es importante que los chicos empiecen a nutrirse de conocimientos a la hora de pensar y desarrollar sus propios emprendimientos para el futuro\u201d, declar\u00f3 De Paola.<\/p>\n<p>\u201cEsta propuesta llega a Mercedes despu\u00e9s de muchas conversaciones que mantuvimos con Fernando y su equipo. Es un honor poder trabajar a la par pensando en el futuro de nuestros vecinos\u201d, complet\u00f3 la candidata.<\/p>\n<p>La propuesta, de tres d\u00edas de duraci\u00f3n, contar\u00e1 con la participaci\u00f3n de m\u00e1s de 100 chicos de las distintas especialidades con la que cuenta la EET N\u00b01 de nuestra ciudad, m\u00e1s la invitaci\u00f3n especial que tambi\u00e9n recibieron alumnos de otros colegios de Mercedes con modalidades de comercio para completar los proyectos con diferentes perfiles de cara al futuro de cada una de\u00a0 las propuestas. All\u00ed, trabajar\u00e1n sobre el valor de elaborar sus propios emprendimientos, adoptando nuevas herramientas t\u00e9cnicas de desarrollo personal.<\/p>\n<p>La capacitaci\u00f3n contar\u00e1 con las charlas de Ana Barresi, Coach Certificada y Magister en Comunicaciones y Management, quien trabajar\u00e1 sobre el perfeccionamiento de habilidades emocionales y sociales propias de l\u00edderes y emprendedores, a trav\u00e9s de espacios de reflexi\u00f3n sobre las \u00e1reas de responsabilidad, creaci\u00f3n de proyectos, planificaci\u00f3n y gesti\u00f3n.<\/p>\n<p>\u201cEste taller brinda a los alumnos una mejor percepci\u00f3n s\u00ed mismos, conociendo sus fortalezas y teniendo consciencia sobre su rol en la sociedad. Por eso entendemos que es necesario que, siento criteriosos con nuestro plan de gobierno presentado hace unos d\u00edas, veamos al progreso industrial y tecnol\u00f3gico como una herramienta indispensable para el crecimiento de nuestra ciudad\u201d, reflexion\u00f3 De Paola.<\/p>\n<p>El Programa de Desarrollo de Habilidades de Emprendimiento y Liderazgo se realizar\u00e1 en doble turno entre el mi\u00e9rcoles 25 y el viernes 27 de septiembre en las instalaciones de la EET N\u00b01 que dirige la profesora Daniela Das Dores y contar\u00e1 con la presencia de la candidata local y el Subsecretario de Tecnolog\u00eda e Innovaci\u00f3n, Ingeniero Fernando Lapolla.<\/p>\n","protected":false},"excerpt":{"rendered":"<p>La candidata a Intendente de Mercedes, Julia de Paola, se reuni\u00f3 con el equipo de trabajo de la Subsecretar\u00eda de Tecnolog\u00eda e Innovaci\u00f3n bonaerense comandada por el Ingeniero Fernando Lapolla para acercar a la ciudad de Mercedes el programa de Desarrollo de Habilidades de Emprendimiento y Liderazgo \u201cEntendemos que es importante que los chicos empiecen [&hellip;]<\/p>\n","protected":false},"author":16,"featured_media":29121,"comment_status":"open","ping_status":"open","sticky":false,"template":"","format":"standard","meta":{"footnotes":""},"categories":[16],"tags":[6553,2039,827,2617,2546],"class_list":["post-29120","post","type-post","status-publish","format-standard","has-post-thumbnail","hentry","category-politica","tag-eet1","tag-emprendimientos","tag-fernando-lapolla","tag-julia-de-paola","tag-tecnologia"],"yoast_head":"<!-- This site is optimized with the Yoast SEO plugin v27.4 - https:\/\/yoast.com\/product\/yoast-seo-wordpress\/ -->\n<title>Julia De Paola gestion\u00f3 un nuevo programa para j\u00f3venes de la ciudad<\/title>\n<meta name=\"robots\" content=\"index, follow, max-snippet:-1, max-image-preview:large, max-video-preview:-1\" \/>\n<link rel=\"canonical\" href=\"https:\/\/noticiasmercedinas.com\/site\/2019\/09\/24\/julia-de-paola-gestiono-un-nuevo-programa-para-jovenes-de-la-ciudad\/\" \/>\n<meta property=\"og:locale\" content=\"es_ES\" \/>\n<meta property=\"og:type\" content=\"article\" \/>\n<meta property=\"og:title\" content=\"Julia De Paola gestion\u00f3 un nuevo programa para j\u00f3venes de la ciudad\" \/>\n<meta property=\"og:description\" content=\"La candidata a Intendente de Mercedes, Julia de Paola, se reuni\u00f3 con el equipo de trabajo de la Subsecretar\u00eda de Tecnolog\u00eda e Innovaci\u00f3n bonaerense comandada por el Ingeniero Fernando Lapolla para acercar a la ciudad de Mercedes el programa de Desarrollo de Habilidades de Emprendimiento y Liderazgo \u201cEntendemos que es importante que los chicos empiecen [&hellip;]\" \/>\n<meta property=\"og:url\" content=\"https:\/\/noticiasmercedinas.com\/site\/2019\/09\/24\/julia-de-paola-gestiono-un-nuevo-programa-para-jovenes-de-la-ciudad\/\" \/>\n<meta property=\"og:site_name\" content=\"NOTICIASMERCEDINAS.COM\" \/>\n<meta property=\"article:publisher\" content=\"https:\/\/www.facebook.com\/noticiasmercedinas\/\" \/>\n<meta property=\"article:published_time\" content=\"2019-09-24T12:58:31+00:00\" \/>\n<meta property=\"og:image\" content=\"https:\/\/noticiasmercedinas.com\/site\/wp-content\/uploads\/2019\/09\/7f5f2ecf-9a49-4184-b124-ed2947cc04ea.jpg\" \/>\n\t<meta property=\"og:image:width\" content=\"1181\" \/>\n\t<meta property=\"og:image:height\" content=\"789\" \/>\n\t<meta property=\"og:image:type\" content=\"image\/jpeg\" \/>\n<meta name=\"author\" content=\"NOTICIASMERCEDINAS.COM\" \/>\n<meta name=\"twitter:card\" content=\"summary_large_image\" \/>\n<meta name=\"twitter:creator\" content=\"@notmercedinas\" \/>\n<meta name=\"twitter:site\" content=\"@notmercedinas\" \/>\n<meta name=\"twitter:label1\" content=\"Escrito por\" \/>\n\t<meta name=\"twitter:data1\" content=\"NOTICIASMERCEDINAS.COM\" \/>\n\t<meta name=\"twitter:label2\" content=\"Tiempo de lectura\" \/>\n\t<meta name=\"twitter:data2\" content=\"2 minutos\" \/>\n<script type=\"application\/ld+json\" class=\"yoast-schema-graph\">{\"@context\":\"https:\\\/\\\/schema.org\",\"@graph\":[{\"@type\":\"Article\",\"@id\":\"https:\\\/\\\/noticiasmercedinas.com\\\/site\\\/2019\\\/09\\\/24\\\/julia-de-paola-gestiono-un-nuevo-programa-para-jovenes-de-la-ciudad\\\/#article\",\"isPartOf\":{\"@id\":\"https:\\\/\\\/noticiasmercedinas.com\\\/site\\\/2019\\\/09\\\/24\\\/julia-de-paola-gestiono-un-nuevo-programa-para-jovenes-de-la-ciudad\\\/\"},\"author\":{\"name\":\"NOTICIASMERCEDINAS.COM\",\"@id\":\"https:\\\/\\\/noticiasmercedinas.com\\\/site\\\/#\\\/schema\\\/person\\\/84b59c099c28ff2e8b77d4ceec5d8063\"},\"headline\":\"Julia De Paola gestion\u00f3 un nuevo programa para j\u00f3venes de la ciudad\",\"datePublished\":\"2019-09-24T12:58:31+00:00\",\"mainEntityOfPage\":{\"@id\":\"https:\\\/\\\/noticiasmercedinas.com\\\/site\\\/2019\\\/09\\\/24\\\/julia-de-paola-gestiono-un-nuevo-programa-para-jovenes-de-la-ciudad\\\/\"},\"wordCount\":393,\"commentCount\":0,\"publisher\":{\"@id\":\"https:\\\/\\\/noticiasmercedinas.com\\\/site\\\/#organization\"},\"image\":{\"@id\":\"https:\\\/\\\/noticiasmercedinas.com\\\/site\\\/2019\\\/09\\\/24\\\/julia-de-paola-gestiono-un-nuevo-programa-para-jovenes-de-la-ciudad\\\/#primaryimage\"},\"thumbnailUrl\":\"https:\\\/\\\/noticiasmercedinas.com\\\/site\\\/wp-content\\\/uploads\\\/2019\\\/09\\\/7f5f2ecf-9a49-4184-b124-ed2947cc04ea.jpg\",\"keywords\":[\"eet1\",\"emprendimientos\",\"fernando lapolla\",\"Julia De Paola\",\"tecnologia\"],\"articleSection\":[\"Politica\"],\"inLanguage\":\"es\",\"potentialAction\":[{\"@type\":\"CommentAction\",\"name\":\"Comment\",\"target\":[\"https:\\\/\\\/noticiasmercedinas.com\\\/site\\\/2019\\\/09\\\/24\\\/julia-de-paola-gestiono-un-nuevo-programa-para-jovenes-de-la-ciudad\\\/#respond\"]}]},{\"@type\":\"WebPage\",\"@id\":\"https:\\\/\\\/noticiasmercedinas.com\\\/site\\\/2019\\\/09\\\/24\\\/julia-de-paola-gestiono-un-nuevo-programa-para-jovenes-de-la-ciudad\\\/\",\"url\":\"https:\\\/\\\/noticiasmercedinas.com\\\/site\\\/2019\\\/09\\\/24\\\/julia-de-paola-gestiono-un-nuevo-programa-para-jovenes-de-la-ciudad\\\/\",\"name\":\"Julia De Paola gestion\u00f3 un nuevo programa para j\u00f3venes de la ciudad\",\"isPartOf\":{\"@id\":\"https:\\\/\\\/noticiasmercedinas.com\\\/site\\\/#website\"},\"primaryImageOfPage\":{\"@id\":\"https:\\\/\\\/noticiasmercedinas.com\\\/site\\\/2019\\\/09\\\/24\\\/julia-de-paola-gestiono-un-nuevo-programa-para-jovenes-de-la-ciudad\\\/#primaryimage\"},\"image\":{\"@id\":\"https:\\\/\\\/noticiasmercedinas.com\\\/site\\\/2019\\\/09\\\/24\\\/julia-de-paola-gestiono-un-nuevo-programa-para-jovenes-de-la-ciudad\\\/#primaryimage\"},\"thumbnailUrl\":\"https:\\\/\\\/noticiasmercedinas.com\\\/site\\\/wp-content\\\/uploads\\\/2019\\\/09\\\/7f5f2ecf-9a49-4184-b124-ed2947cc04ea.jpg\",\"datePublished\":\"2019-09-24T12:58:31+00:00\",\"breadcrumb\":{\"@id\":\"https:\\\/\\\/noticiasmercedinas.com\\\/site\\\/2019\\\/09\\\/24\\\/julia-de-paola-gestiono-un-nuevo-programa-para-jovenes-de-la-ciudad\\\/#breadcrumb\"},\"inLanguage\":\"es\",\"potentialAction\":[{\"@type\":\"ReadAction\",\"target\":[\"https:\\\/\\\/noticiasmercedinas.com\\\/site\\\/2019\\\/09\\\/24\\\/julia-de-paola-gestiono-un-nuevo-programa-para-jovenes-de-la-ciudad\\\/\"]}]},{\"@type\":\"ImageObject\",\"inLanguage\":\"es\",\"@id\":\"https:\\\/\\\/noticiasmercedinas.com\\\/site\\\/2019\\\/09\\\/24\\\/julia-de-paola-gestiono-un-nuevo-programa-para-jovenes-de-la-ciudad\\\/#primaryimage\",\"url\":\"https:\\\/\\\/noticiasmercedinas.com\\\/site\\\/wp-content\\\/uploads\\\/2019\\\/09\\\/7f5f2ecf-9a49-4184-b124-ed2947cc04ea.jpg\",\"contentUrl\":\"https:\\\/\\\/noticiasmercedinas.com\\\/site\\\/wp-content\\\/uploads\\\/2019\\\/09\\\/7f5f2ecf-9a49-4184-b124-ed2947cc04ea.jpg\",\"width\":1181,\"height\":789},{\"@type\":\"BreadcrumbList\",\"@id\":\"https:\\\/\\\/noticiasmercedinas.com\\\/site\\\/2019\\\/09\\\/24\\\/julia-de-paola-gestiono-un-nuevo-programa-para-jovenes-de-la-ciudad\\\/#breadcrumb\",\"itemListElement\":[{\"@type\":\"ListItem\",\"position\":1,\"name\":\"Portada\",\"item\":\"https:\\\/\\\/noticiasmercedinas.com\\\/site\\\/\"},{\"@type\":\"ListItem\",\"position\":2,\"name\":\"Julia De Paola gestion\u00f3 un nuevo programa para j\u00f3venes de la ciudad\"}]},{\"@type\":\"WebSite\",\"@id\":\"https:\\\/\\\/noticiasmercedinas.com\\\/site\\\/#website\",\"url\":\"https:\\\/\\\/noticiasmercedinas.com\\\/site\\\/\",\"name\":\"NOTICIASMERCEDINAS.COM\",\"description\":\"Mercedes, Buenos Aires, Argentina\",\"publisher\":{\"@id\":\"https:\\\/\\\/noticiasmercedinas.com\\\/site\\\/#organization\"},\"potentialAction\":[{\"@type\":\"SearchAction\",\"target\":{\"@type\":\"EntryPoint\",\"urlTemplate\":\"https:\\\/\\\/noticiasmercedinas.com\\\/site\\\/?s={search_term_string}\"},\"query-input\":{\"@type\":\"PropertyValueSpecification\",\"valueRequired\":true,\"valueName\":\"search_term_string\"}}],\"inLanguage\":\"es\"},{\"@type\":\"Organization\",\"@id\":\"https:\\\/\\\/noticiasmercedinas.com\\\/site\\\/#organization\",\"name\":\"NOTICIASMERCEDINAS.COM\",\"url\":\"https:\\\/\\\/noticiasmercedinas.com\\\/site\\\/\",\"logo\":{\"@type\":\"ImageObject\",\"inLanguage\":\"es\",\"@id\":\"https:\\\/\\\/noticiasmercedinas.com\\\/site\\\/#\\\/schema\\\/logo\\\/image\\\/\",\"url\":\"https:\\\/\\\/noticiasmercedinas.com\\\/site\\\/wp-content\\\/uploads\\\/2020\\\/06\\\/LOGO-512.jpg\",\"contentUrl\":\"https:\\\/\\\/noticiasmercedinas.com\\\/site\\\/wp-content\\\/uploads\\\/2020\\\/06\\\/LOGO-512.jpg\",\"width\":512,\"height\":512,\"caption\":\"NOTICIASMERCEDINAS.COM\"},\"image\":{\"@id\":\"https:\\\/\\\/noticiasmercedinas.com\\\/site\\\/#\\\/schema\\\/logo\\\/image\\\/\"},\"sameAs\":[\"https:\\\/\\\/www.facebook.com\\\/noticiasmercedinas\\\/\",\"https:\\\/\\\/x.com\\\/notmercedinas\",\"https:\\\/\\\/www.instagram.com\\\/noticiasmercedinas\\\/\"]},{\"@type\":\"Person\",\"@id\":\"https:\\\/\\\/noticiasmercedinas.com\\\/site\\\/#\\\/schema\\\/person\\\/84b59c099c28ff2e8b77d4ceec5d8063\",\"name\":\"NOTICIASMERCEDINAS.COM\",\"image\":{\"@type\":\"ImageObject\",\"inLanguage\":\"es\",\"@id\":\"https:\\\/\\\/secure.gravatar.com\\\/avatar\\\/4dfbf16b4d17945bfb6341b2d19043457132fcf478a5ee04f42e959fd8f5df0a?s=96&d=mm&r=g\",\"url\":\"https:\\\/\\\/secure.gravatar.com\\\/avatar\\\/4dfbf16b4d17945bfb6341b2d19043457132fcf478a5ee04f42e959fd8f5df0a?s=96&d=mm&r=g\",\"contentUrl\":\"https:\\\/\\\/secure.gravatar.com\\\/avatar\\\/4dfbf16b4d17945bfb6341b2d19043457132fcf478a5ee04f42e959fd8f5df0a?s=96&d=mm&r=g\",\"caption\":\"NOTICIASMERCEDINAS.COM\"},\"url\":\"https:\\\/\\\/noticiasmercedinas.com\\\/site\\\/author\\\/anonimo\\\/\"}]}<\/script>\n<!-- \/ Yoast SEO plugin. -->","yoast_head_json":{"title":"Julia De Paola gestion\u00f3 un nuevo programa para j\u00f3venes de la ciudad","robots":{"index":"index","follow":"follow","max-snippet":"max-snippet:-1","max-image-preview":"max-image-preview:large","max-video-preview":"max-video-preview:-1"},"canonical":"https:\/\/noticiasmercedinas.com\/site\/2019\/09\/24\/julia-de-paola-gestiono-un-nuevo-programa-para-jovenes-de-la-ciudad\/","og_locale":"es_ES","og_type":"article","og_title":"Julia De Paola gestion\u00f3 un nuevo programa para j\u00f3venes de la ciudad","og_description":"La candidata a Intendente de Mercedes, Julia de Paola, se reuni\u00f3 con el equipo de trabajo de la Subsecretar\u00eda de Tecnolog\u00eda e Innovaci\u00f3n bonaerense comandada por el Ingeniero Fernando Lapolla para acercar a la ciudad de Mercedes el programa de Desarrollo de Habilidades de Emprendimiento y Liderazgo \u201cEntendemos que es importante que los chicos empiecen [&hellip;]","og_url":"https:\/\/noticiasmercedinas.com\/site\/2019\/09\/24\/julia-de-paola-gestiono-un-nuevo-programa-para-jovenes-de-la-ciudad\/","og_site_name":"NOTICIASMERCEDINAS.COM","article_publisher":"https:\/\/www.facebook.com\/noticiasmercedinas\/","article_published_time":"2019-09-24T12:58:31+00:00","og_image":[{"width":1181,"height":789,"url":"https:\/\/noticiasmercedinas.com\/site\/wp-content\/uploads\/2019\/09\/7f5f2ecf-9a49-4184-b124-ed2947cc04ea.jpg","type":"image\/jpeg"}],"author":"NOTICIASMERCEDINAS.COM","twitter_card":"summary_large_image","twitter_creator":"@notmercedinas","twitter_site":"@notmercedinas","twitter_misc":{"Escrito por":"NOTICIASMERCEDINAS.COM","Tiempo de lectura":"2 minutos"},"schema":{"@context":"https:\/\/schema.org","@graph":[{"@type":"Article","@id":"https:\/\/noticiasmercedinas.com\/site\/2019\/09\/24\/julia-de-paola-gestiono-un-nuevo-programa-para-jovenes-de-la-ciudad\/#article","isPartOf":{"@id":"https:\/\/noticiasmercedinas.com\/site\/2019\/09\/24\/julia-de-paola-gestiono-un-nuevo-programa-para-jovenes-de-la-ciudad\/"},"author":{"name":"NOTICIASMERCEDINAS.COM","@id":"https:\/\/noticiasmercedinas.com\/site\/#\/schema\/person\/84b59c099c28ff2e8b77d4ceec5d8063"},"headline":"Julia De Paola gestion\u00f3 un nuevo programa para j\u00f3venes de la ciudad","datePublished":"2019-09-24T12:58:31+00:00","mainEntityOfPage":{"@id":"https:\/\/noticiasmercedinas.com\/site\/2019\/09\/24\/julia-de-paola-gestiono-un-nuevo-programa-para-jovenes-de-la-ciudad\/"},"wordCount":393,"commentCount":0,"publisher":{"@id":"https:\/\/noticiasmercedinas.com\/site\/#organization"},"image":{"@id":"https:\/\/noticiasmercedinas.com\/site\/2019\/09\/24\/julia-de-paola-gestiono-un-nuevo-programa-para-jovenes-de-la-ciudad\/#primaryimage"},"thumbnailUrl":"https:\/\/noticiasmercedinas.com\/site\/wp-content\/uploads\/2019\/09\/7f5f2ecf-9a49-4184-b124-ed2947cc04ea.jpg","keywords":["eet1","emprendimientos","fernando lapolla","Julia De Paola","tecnologia"],"articleSection":["Politica"],"inLanguage":"es","potentialAction":[{"@type":"CommentAction","name":"Comment","target":["https:\/\/noticiasmercedinas.com\/site\/2019\/09\/24\/julia-de-paola-gestiono-un-nuevo-programa-para-jovenes-de-la-ciudad\/#respond"]}]},{"@type":"WebPage","@id":"https:\/\/noticiasmercedinas.com\/site\/2019\/09\/24\/julia-de-paola-gestiono-un-nuevo-programa-para-jovenes-de-la-ciudad\/","url":"https:\/\/noticiasmercedinas.com\/site\/2019\/09\/24\/julia-de-paola-gestiono-un-nuevo-programa-para-jovenes-de-la-ciudad\/","name":"Julia De Paola gestion\u00f3 un nuevo programa para j\u00f3venes de la ciudad","isPartOf":{"@id":"https:\/\/noticiasmercedinas.com\/site\/#website"},"primaryImageOfPage":{"@id":"https:\/\/noticiasmercedinas.com\/site\/2019\/09\/24\/julia-de-paola-gestiono-un-nuevo-programa-para-jovenes-de-la-ciudad\/#primaryimage"},"image":{"@id":"https:\/\/noticiasmercedinas.com\/site\/2019\/09\/24\/julia-de-paola-gestiono-un-nuevo-programa-para-jovenes-de-la-ciudad\/#primaryimage"},"thumbnailUrl":"https:\/\/noticiasmercedinas.com\/site\/wp-content\/uploads\/2019\/09\/7f5f2ecf-9a49-4184-b124-ed2947cc04ea.jpg","datePublished":"2019-09-24T12:58:31+00:00","breadcrumb":{"@id":"https:\/\/noticiasmercedinas.com\/site\/2019\/09\/24\/julia-de-paola-gestiono-un-nuevo-programa-para-jovenes-de-la-ciudad\/#breadcrumb"},"inLanguage":"es","potentialAction":[{"@type":"ReadAction","target":["https:\/\/noticiasmercedinas.com\/site\/2019\/09\/24\/julia-de-paola-gestiono-un-nuevo-programa-para-jovenes-de-la-ciudad\/"]}]},{"@type":"ImageObject","inLanguage":"es","@id":"https:\/\/noticiasmercedinas.com\/site\/2019\/09\/24\/julia-de-paola-gestiono-un-nuevo-programa-para-jovenes-de-la-ciudad\/#primaryimage","url":"https:\/\/noticiasmercedinas.com\/site\/wp-content\/uploads\/2019\/09\/7f5f2ecf-9a49-4184-b124-ed2947cc04ea.jpg","contentUrl":"https:\/\/noticiasmercedinas.com\/site\/wp-content\/uploads\/2019\/09\/7f5f2ecf-9a49-4184-b124-ed2947cc04ea.jpg","width":1181,"height":789},{"@type":"BreadcrumbList","@id":"https:\/\/noticiasmercedinas.com\/site\/2019\/09\/24\/julia-de-paola-gestiono-un-nuevo-programa-para-jovenes-de-la-ciudad\/#breadcrumb","itemListElement":[{"@type":"ListItem","position":1,"name":"Portada","item":"https:\/\/noticiasmercedinas.com\/site\/"},{"@type":"ListItem","position":2,"name":"Julia De Paola gestion\u00f3 un nuevo programa para j\u00f3venes de la ciudad"}]},{"@type":"WebSite","@id":"https:\/\/noticiasmercedinas.com\/site\/#website","url":"https:\/\/noticiasmercedinas.com\/site\/","name":"NOTICIASMERCEDINAS.COM","description":"Mercedes, Buenos Aires, Argentina","publisher":{"@id":"https:\/\/noticiasmercedinas.com\/site\/#organization"},"potentialAction":[{"@type":"SearchAction","target":{"@type":"EntryPoint","urlTemplate":"https:\/\/noticiasmercedinas.com\/site\/?s={search_term_string}"},"query-input":{"@type":"PropertyValueSpecification","valueRequired":true,"valueName":"search_term_string"}}],"inLanguage":"es"},{"@type":"Organization","@id":"https:\/\/noticiasmercedinas.com\/site\/#organization","name":"NOTICIASMERCEDINAS.COM","url":"https:\/\/noticiasmercedinas.com\/site\/","logo":{"@type":"ImageObject","inLanguage":"es","@id":"https:\/\/noticiasmercedinas.com\/site\/#\/schema\/logo\/image\/","url":"https:\/\/noticiasmercedinas.com\/site\/wp-content\/uploads\/2020\/06\/LOGO-512.jpg","contentUrl":"https:\/\/noticiasmercedinas.com\/site\/wp-content\/uploads\/2020\/06\/LOGO-512.jpg","width":512,"height":512,"caption":"NOTICIASMERCEDINAS.COM"},"image":{"@id":"https:\/\/noticiasmercedinas.com\/site\/#\/schema\/logo\/image\/"},"sameAs":["https:\/\/www.facebook.com\/noticiasmercedinas\/","https:\/\/x.com\/notmercedinas","https:\/\/www.instagram.com\/noticiasmercedinas\/"]},{"@type":"Person","@id":"https:\/\/noticiasmercedinas.com\/site\/#\/schema\/person\/84b59c099c28ff2e8b77d4ceec5d8063","name":"NOTICIASMERCEDINAS.COM","image":{"@type":"ImageObject","inLanguage":"es","@id":"https:\/\/secure.gravatar.com\/avatar\/4dfbf16b4d17945bfb6341b2d19043457132fcf478a5ee04f42e959fd8f5df0a?s=96&d=mm&r=g","url":"https:\/\/secure.gravatar.com\/avatar\/4dfbf16b4d17945bfb6341b2d19043457132fcf478a5ee04f42e959fd8f5df0a?s=96&d=mm&r=g","contentUrl":"https:\/\/secure.gravatar.com\/avatar\/4dfbf16b4d17945bfb6341b2d19043457132fcf478a5ee04f42e959fd8f5df0a?s=96&d=mm&r=g","caption":"NOTICIASMERCEDINAS.COM"},"url":"https:\/\/noticiasmercedinas.com\/site\/author\/anonimo\/"}]}},"amp_enabled":true,"_links":{"self":[{"href":"https:\/\/noticiasmercedinas.com\/site\/wp-json\/wp\/v2\/posts\/29120","targetHints":{"allow":["GET"]}}],"collection":[{"href":"https:\/\/noticiasmercedinas.com\/site\/wp-json\/wp\/v2\/posts"}],"about":[{"href":"https:\/\/noticiasmercedinas.com\/site\/wp-json\/wp\/v2\/types\/post"}],"author":[{"embeddable":true,"href":"https:\/\/noticiasmercedinas.com\/site\/wp-json\/wp\/v2\/users\/16"}],"replies":[{"embeddable":true,"href":"https:\/\/noticiasmercedinas.com\/site\/wp-json\/wp\/v2\/comments?post=29120"}],"version-history":[{"count":1,"href":"https:\/\/noticiasmercedinas.com\/site\/wp-json\/wp\/v2\/posts\/29120\/revisions"}],"predecessor-version":[{"id":29122,"href":"https:\/\/noticiasmercedinas.com\/site\/wp-json\/wp\/v2\/posts\/29120\/revisions\/29122"}],"wp:featuredmedia":[{"embeddable":true,"href":"https:\/\/noticiasmercedinas.com\/site\/wp-json\/wp\/v2\/media\/29121"}],"wp:attachment":[{"href":"https:\/\/noticiasmercedinas.com\/site\/wp-json\/wp\/v2\/media?parent=29120"}],"wp:term":[{"taxonomy":"category","embeddable":true,"href":"https:\/\/noticiasmercedinas.com\/site\/wp-json\/wp\/v2\/categories?post=29120"},{"taxonomy":"post_tag","embeddable":true,"href":"https:\/\/noticiasmercedinas.com\/site\/wp-json\/wp\/v2\/tags?post=29120"}],"curies":[{"name":"wp","href":"https:\/\/api.w.org\/{rel}","templated":true}]}}