{"id":29248,"date":"2019-09-25T16:57:40","date_gmt":"2019-09-25T19:57:40","guid":{"rendered":"https:\/\/noticiasmercedinas.com\/site\/?p=29248"},"modified":"2019-09-25T16:57:40","modified_gmt":"2019-09-25T19:57:40","slug":"importantes-mejoras-en-el-parque-municipal-sector-viejo-son-parte-de-un-ambicioso-plan","status":"publish","type":"post","link":"https:\/\/noticiasmercedinas.com\/site\/2019\/09\/25\/importantes-mejoras-en-el-parque-municipal-sector-viejo-son-parte-de-un-ambicioso-plan\/","title":{"rendered":"Importantes mejoras en el Parque Municipal sector viejo son parte de un ambicioso plan"},"content":{"rendered":"<p><img loading=\"lazy\" decoding=\"async\" class=\"alignnone size-large wp-image-29247\" src=\"https:\/\/noticiasmercedinas.com\/site\/wp-content\/uploads\/2019\/09\/20190925_1600228257128388435641677-1024x576.jpg\" alt=\"\" width=\"640\" height=\"360\" srcset=\"https:\/\/noticiasmercedinas.com\/site\/wp-content\/uploads\/2019\/09\/20190925_1600228257128388435641677-1024x576.jpg 1024w, https:\/\/noticiasmercedinas.com\/site\/wp-content\/uploads\/2019\/09\/20190925_1600228257128388435641677-300x169.jpg 300w, https:\/\/noticiasmercedinas.com\/site\/wp-content\/uploads\/2019\/09\/20190925_1600228257128388435641677-768x432.jpg 768w, https:\/\/noticiasmercedinas.com\/site\/wp-content\/uploads\/2019\/09\/20190925_1600228257128388435641677-640x360.jpg 640w, https:\/\/noticiasmercedinas.com\/site\/wp-content\/uploads\/2019\/09\/20190925_1600228257128388435641677-1280x720.jpg 1280w, https:\/\/noticiasmercedinas.com\/site\/wp-content\/uploads\/2019\/09\/20190925_1600228257128388435641677-681x383.jpg 681w, https:\/\/noticiasmercedinas.com\/site\/wp-content\/uploads\/2019\/09\/20190925_1600228257128388435641677-1362x766.jpg 1362w\" sizes=\"auto, (max-width: 640px) 100vw, 640px\" \/><\/p>\n<p>Merced al trabajo conjunto de varias \u00e1reas de la comuna, el Parque Municipal en su sector viejo est\u00e1 mejorando y mucho. Hay nuevos juegos ya colocados e instalar\u00e1n m\u00e1s, algunas calles se abovedaron y entoscaron y todas se empedraron, lo que le da otra imagen al cl\u00e1sico paseo mercedino abierto al p\u00fablico. Pero eso no es todo, ya que el plan de trabajo es ambicioso y avanza a pasos agigantados.<\/p>\n<p>\u201cFalta colocar m\u00e1s cantidad de juegos, incluso algunos integrados, que ya han sido comprados. Tambi\u00e9n habr\u00e1 en un sector que est\u00e1 alambrado un anfiteatro que se construir\u00e1 en breve, se empedr\u00f3 completamente, se cambi\u00f3 a nuevo el sistema de cloacas que rebalsaba\u201d, enumer\u00f3 al respecto, consultado por NOTICIASMERCEDINAS.COM, <strong>Mat\u00edas Dematei<\/strong>.<\/p>\n<p>\u201cEstamos viendo de hacer intervenciones en el r\u00edo, en conjunto con SOS H\u00e1bitat, que quiere hacer un muelle. Habr\u00e1 un sector en homenaje a Ameghino en el que habr\u00e1 replicas de animales de la \u00e9poca en esta zona, que es uno de los yacimientos f\u00f3siles m\u00e1s importantes del mundo. Adem\u00e1s Protecci\u00f3n Civil tendr\u00e1 su base, habr\u00e1 tirolesa, palestra y juegos de aventura. Se est\u00e1n colocando nuevos bebederos, la infraestructura tambi\u00e9n incluye nuevas parrillas y cestos basureros. Y se van a plantar m\u00e1s arboles en continuidad al Bosque de los Mil D\u00edas\u201d, agreg\u00f3 el jefe de Gabinete.<\/p>\n<p><img loading=\"lazy\" decoding=\"async\" class=\"alignnone size-large wp-image-29246\" src=\"https:\/\/noticiasmercedinas.com\/site\/wp-content\/uploads\/2019\/09\/20190925_1600311723298476253817860-1024x576.jpg\" alt=\"\" width=\"640\" height=\"360\" srcset=\"https:\/\/noticiasmercedinas.com\/site\/wp-content\/uploads\/2019\/09\/20190925_1600311723298476253817860-1024x576.jpg 1024w, https:\/\/noticiasmercedinas.com\/site\/wp-content\/uploads\/2019\/09\/20190925_1600311723298476253817860-300x169.jpg 300w, https:\/\/noticiasmercedinas.com\/site\/wp-content\/uploads\/2019\/09\/20190925_1600311723298476253817860-768x432.jpg 768w, https:\/\/noticiasmercedinas.com\/site\/wp-content\/uploads\/2019\/09\/20190925_1600311723298476253817860-640x360.jpg 640w, https:\/\/noticiasmercedinas.com\/site\/wp-content\/uploads\/2019\/09\/20190925_1600311723298476253817860-1280x720.jpg 1280w, https:\/\/noticiasmercedinas.com\/site\/wp-content\/uploads\/2019\/09\/20190925_1600311723298476253817860-681x383.jpg 681w, https:\/\/noticiasmercedinas.com\/site\/wp-content\/uploads\/2019\/09\/20190925_1600311723298476253817860-1362x766.jpg 1362w\" sizes=\"auto, (max-width: 640px) 100vw, 640px\" \/><\/p>\n<p>Pero el trabajo es grande y en un futuro cercano el sue\u00f1o es poder utilizar el tren tur\u00edstico que est\u00e1 en La Trocha, saliendo desde all\u00ed y llegando hasta el parque. \u201cQueremos que algo como lo que hoy es La Trocha sea el Parque, donde incluso habr\u00e1 un polideportivo a cielo abierto. Es un trabajo muy importante, y los arquitectos trabajan mucho en ese aspecto. <strong>David Valerga<\/strong> est\u00e1 coordinando las obras, y <strong>Alejo P\u00e9rez Carrera<\/strong> est\u00e1 a cargo del equipo de arquitectos\u201d, inform\u00f3 Dematei.<\/p>\n<p>\u201cHay que agradecer adem\u00e1s la labor de toda la gente de la Subsecretar\u00eda de Servicios P\u00fablicos, de <strong>Nicol\u00e1s Ramognini<\/strong>, del equipo de Protecci\u00f3n Civil, la direcci\u00f3n de Deportes, la secretar\u00eda de Seguridad, la direcci\u00f3n de Cultura, la direcci\u00f3n de Turismo, Espacios Verdes, todos est\u00e1n trabajando en conjunto\u201d, remarc\u00f3 Dematei, quien encabeza Obras P\u00fablicas desde su cartera.<\/p>\n<p>Adem\u00e1s, vale decir que de noche el recorrido es otro, ya que el parque ya cuenta con nueva iluminaci\u00f3n led con cableado subterr\u00e1neo. \u201cLa intervenci\u00f3n es grande y a\u00fan falta. Es un parque grande, nuestro lugar hist\u00f3rico de esparcimiento y es algo muy caro a los sentimientos de los mercedinos. <strong>Juan Ignacio Ustarroz<\/strong> ha querido poner en valor y recuperar los espacios p\u00fablicos, y el espacio p\u00fablico por excelencia es el Parque, que est\u00e1 volviendo a ser de a poco un lugar muy visitado\u201d, complet\u00f3 Dematei.<\/p>\n","protected":false},"excerpt":{"rendered":"<p>Merced al trabajo conjunto de varias \u00e1reas de la comuna, el Parque Municipal en su sector viejo est\u00e1 mejorando y mucho. Hay nuevos juegos ya colocados e instalar\u00e1n m\u00e1s, algunas calles se abovedaron y entoscaron y todas se empedraron, lo que le da otra imagen al cl\u00e1sico paseo mercedino abierto al p\u00fablico. Pero eso no [&hellip;]<\/p>\n","protected":false},"author":2,"featured_media":29247,"comment_status":"open","ping_status":"open","sticky":false,"template":"","format":"standard","meta":{"footnotes":""},"categories":[3],"tags":[6565,4553,266,515,6566,36,738,3523],"class_list":["post-29248","post","type-post","status-publish","format-standard","has-post-thumbnail","hentry","category-sociedad","tag-alejo-perez-carrera","tag-david-valerga","tag-juan-ignacio-ustarroz","tag-matias-dematei","tag-nicolas-ramognini","tag-obras","tag-parque-municipal","tag-parque-municipal-independencia"],"yoast_head":"<!-- This site is optimized with the Yoast SEO plugin v27.5 - https:\/\/yoast.com\/product\/yoast-seo-wordpress\/ -->\n<title>Importantes mejoras en el Parque Municipal sector viejo son parte de un ambicioso plan<\/title>\n<meta name=\"robots\" content=\"index, follow, max-snippet:-1, max-image-preview:large, max-video-preview:-1\" \/>\n<link rel=\"canonical\" href=\"https:\/\/noticiasmercedinas.com\/site\/2019\/09\/25\/importantes-mejoras-en-el-parque-municipal-sector-viejo-son-parte-de-un-ambicioso-plan\/\" \/>\n<meta property=\"og:locale\" content=\"es_ES\" \/>\n<meta property=\"og:type\" content=\"article\" \/>\n<meta property=\"og:title\" content=\"Importantes mejoras en el Parque Municipal sector viejo son parte de un ambicioso plan\" \/>\n<meta property=\"og:description\" content=\"Merced al trabajo conjunto de varias \u00e1reas de la comuna, el Parque Municipal en su sector viejo est\u00e1 mejorando y mucho. Hay nuevos juegos ya colocados e instalar\u00e1n m\u00e1s, algunas calles se abovedaron y entoscaron y todas se empedraron, lo que le da otra imagen al cl\u00e1sico paseo mercedino abierto al p\u00fablico. Pero eso no [&hellip;]\" \/>\n<meta property=\"og:url\" content=\"https:\/\/noticiasmercedinas.com\/site\/2019\/09\/25\/importantes-mejoras-en-el-parque-municipal-sector-viejo-son-parte-de-un-ambicioso-plan\/\" \/>\n<meta property=\"og:site_name\" content=\"NOTICIASMERCEDINAS.COM\" \/>\n<meta property=\"article:publisher\" content=\"https:\/\/www.facebook.com\/noticiasmercedinas\/\" \/>\n<meta property=\"article:author\" content=\"https:\/\/www.facebook.com\/cristian.falabella\" \/>\n<meta property=\"article:published_time\" content=\"2019-09-25T19:57:40+00:00\" \/>\n<meta property=\"og:image\" content=\"https:\/\/noticiasmercedinas.com\/site\/wp-content\/uploads\/2019\/09\/20190925_1600228257128388435641677.jpg\" \/>\n\t<meta property=\"og:image:width\" content=\"3000\" \/>\n\t<meta property=\"og:image:height\" content=\"1688\" \/>\n\t<meta property=\"og:image:type\" content=\"image\/jpeg\" \/>\n<meta name=\"author\" content=\"Cristian Falabella NOTICIASMERCEDINAS.COM\" \/>\n<meta name=\"twitter:card\" content=\"summary_large_image\" \/>\n<meta name=\"twitter:creator\" content=\"@https:\/\/twitter.com\/NOTMERCEDINAS\" \/>\n<meta name=\"twitter:site\" content=\"@notmercedinas\" \/>\n<meta name=\"twitter:label1\" content=\"Escrito por\" \/>\n\t<meta name=\"twitter:data1\" content=\"Cristian Falabella NOTICIASMERCEDINAS.COM\" \/>\n\t<meta name=\"twitter:label2\" content=\"Tiempo de lectura\" \/>\n\t<meta name=\"twitter:data2\" content=\"2 minutos\" \/>\n<script type=\"application\/ld+json\" class=\"yoast-schema-graph\">{\"@context\":\"https:\\\/\\\/schema.org\",\"@graph\":[{\"@type\":\"Article\",\"@id\":\"https:\\\/\\\/noticiasmercedinas.com\\\/site\\\/2019\\\/09\\\/25\\\/importantes-mejoras-en-el-parque-municipal-sector-viejo-son-parte-de-un-ambicioso-plan\\\/#article\",\"isPartOf\":{\"@id\":\"https:\\\/\\\/noticiasmercedinas.com\\\/site\\\/2019\\\/09\\\/25\\\/importantes-mejoras-en-el-parque-municipal-sector-viejo-son-parte-de-un-ambicioso-plan\\\/\"},\"author\":{\"name\":\"Cristian Falabella NOTICIASMERCEDINAS.COM\",\"@id\":\"https:\\\/\\\/noticiasmercedinas.com\\\/site\\\/#\\\/schema\\\/person\\\/d481a9696a5feaec13a60e2bbd991a6a\"},\"headline\":\"Importantes mejoras en el Parque Municipal sector viejo son parte de un ambicioso plan\",\"datePublished\":\"2019-09-25T19:57:40+00:00\",\"mainEntityOfPage\":{\"@id\":\"https:\\\/\\\/noticiasmercedinas.com\\\/site\\\/2019\\\/09\\\/25\\\/importantes-mejoras-en-el-parque-municipal-sector-viejo-son-parte-de-un-ambicioso-plan\\\/\"},\"wordCount\":496,\"commentCount\":0,\"publisher\":{\"@id\":\"https:\\\/\\\/noticiasmercedinas.com\\\/site\\\/#organization\"},\"image\":{\"@id\":\"https:\\\/\\\/noticiasmercedinas.com\\\/site\\\/2019\\\/09\\\/25\\\/importantes-mejoras-en-el-parque-municipal-sector-viejo-son-parte-de-un-ambicioso-plan\\\/#primaryimage\"},\"thumbnailUrl\":\"https:\\\/\\\/noticiasmercedinas.com\\\/site\\\/wp-content\\\/uploads\\\/2019\\\/09\\\/20190925_1600228257128388435641677.jpg\",\"keywords\":[\"Alejo P\u00e9rez Carrera\",\"david valerga\",\"juan ignacio ustarroz\",\"matias dematei\",\"Nicol\u00e1s Ramognini\",\"obras\",\"parque municipal\",\"Parque Municipal Independencia\"],\"articleSection\":[\"Sociedad\"],\"inLanguage\":\"es\",\"potentialAction\":[{\"@type\":\"CommentAction\",\"name\":\"Comment\",\"target\":[\"https:\\\/\\\/noticiasmercedinas.com\\\/site\\\/2019\\\/09\\\/25\\\/importantes-mejoras-en-el-parque-municipal-sector-viejo-son-parte-de-un-ambicioso-plan\\\/#respond\"]}]},{\"@type\":\"WebPage\",\"@id\":\"https:\\\/\\\/noticiasmercedinas.com\\\/site\\\/2019\\\/09\\\/25\\\/importantes-mejoras-en-el-parque-municipal-sector-viejo-son-parte-de-un-ambicioso-plan\\\/\",\"url\":\"https:\\\/\\\/noticiasmercedinas.com\\\/site\\\/2019\\\/09\\\/25\\\/importantes-mejoras-en-el-parque-municipal-sector-viejo-son-parte-de-un-ambicioso-plan\\\/\",\"name\":\"Importantes mejoras en el Parque Municipal sector viejo son parte de un ambicioso plan\",\"isPartOf\":{\"@id\":\"https:\\\/\\\/noticiasmercedinas.com\\\/site\\\/#website\"},\"primaryImageOfPage\":{\"@id\":\"https:\\\/\\\/noticiasmercedinas.com\\\/site\\\/2019\\\/09\\\/25\\\/importantes-mejoras-en-el-parque-municipal-sector-viejo-son-parte-de-un-ambicioso-plan\\\/#primaryimage\"},\"image\":{\"@id\":\"https:\\\/\\\/noticiasmercedinas.com\\\/site\\\/2019\\\/09\\\/25\\\/importantes-mejoras-en-el-parque-municipal-sector-viejo-son-parte-de-un-ambicioso-plan\\\/#primaryimage\"},\"thumbnailUrl\":\"https:\\\/\\\/noticiasmercedinas.com\\\/site\\\/wp-content\\\/uploads\\\/2019\\\/09\\\/20190925_1600228257128388435641677.jpg\",\"datePublished\":\"2019-09-25T19:57:40+00:00\",\"breadcrumb\":{\"@id\":\"https:\\\/\\\/noticiasmercedinas.com\\\/site\\\/2019\\\/09\\\/25\\\/importantes-mejoras-en-el-parque-municipal-sector-viejo-son-parte-de-un-ambicioso-plan\\\/#breadcrumb\"},\"inLanguage\":\"es\",\"potentialAction\":[{\"@type\":\"ReadAction\",\"target\":[\"https:\\\/\\\/noticiasmercedinas.com\\\/site\\\/2019\\\/09\\\/25\\\/importantes-mejoras-en-el-parque-municipal-sector-viejo-son-parte-de-un-ambicioso-plan\\\/\"]}]},{\"@type\":\"ImageObject\",\"inLanguage\":\"es\",\"@id\":\"https:\\\/\\\/noticiasmercedinas.com\\\/site\\\/2019\\\/09\\\/25\\\/importantes-mejoras-en-el-parque-municipal-sector-viejo-son-parte-de-un-ambicioso-plan\\\/#primaryimage\",\"url\":\"https:\\\/\\\/noticiasmercedinas.com\\\/site\\\/wp-content\\\/uploads\\\/2019\\\/09\\\/20190925_1600228257128388435641677.jpg\",\"contentUrl\":\"https:\\\/\\\/noticiasmercedinas.com\\\/site\\\/wp-content\\\/uploads\\\/2019\\\/09\\\/20190925_1600228257128388435641677.jpg\",\"width\":3000,\"height\":1688},{\"@type\":\"BreadcrumbList\",\"@id\":\"https:\\\/\\\/noticiasmercedinas.com\\\/site\\\/2019\\\/09\\\/25\\\/importantes-mejoras-en-el-parque-municipal-sector-viejo-son-parte-de-un-ambicioso-plan\\\/#breadcrumb\",\"itemListElement\":[{\"@type\":\"ListItem\",\"position\":1,\"name\":\"Portada\",\"item\":\"https:\\\/\\\/noticiasmercedinas.com\\\/site\\\/\"},{\"@type\":\"ListItem\",\"position\":2,\"name\":\"Importantes mejoras en el Parque Municipal sector viejo son parte de un ambicioso plan\"}]},{\"@type\":\"WebSite\",\"@id\":\"https:\\\/\\\/noticiasmercedinas.com\\\/site\\\/#website\",\"url\":\"https:\\\/\\\/noticiasmercedinas.com\\\/site\\\/\",\"name\":\"NOTICIASMERCEDINAS.COM\",\"description\":\"Mercedes, Buenos Aires, Argentina\",\"publisher\":{\"@id\":\"https:\\\/\\\/noticiasmercedinas.com\\\/site\\\/#organization\"},\"potentialAction\":[{\"@type\":\"SearchAction\",\"target\":{\"@type\":\"EntryPoint\",\"urlTemplate\":\"https:\\\/\\\/noticiasmercedinas.com\\\/site\\\/?s={search_term_string}\"},\"query-input\":{\"@type\":\"PropertyValueSpecification\",\"valueRequired\":true,\"valueName\":\"search_term_string\"}}],\"inLanguage\":\"es\"},{\"@type\":\"Organization\",\"@id\":\"https:\\\/\\\/noticiasmercedinas.com\\\/site\\\/#organization\",\"name\":\"NOTICIASMERCEDINAS.COM\",\"url\":\"https:\\\/\\\/noticiasmercedinas.com\\\/site\\\/\",\"logo\":{\"@type\":\"ImageObject\",\"inLanguage\":\"es\",\"@id\":\"https:\\\/\\\/noticiasmercedinas.com\\\/site\\\/#\\\/schema\\\/logo\\\/image\\\/\",\"url\":\"https:\\\/\\\/noticiasmercedinas.com\\\/site\\\/wp-content\\\/uploads\\\/2020\\\/06\\\/LOGO-512.jpg\",\"contentUrl\":\"https:\\\/\\\/noticiasmercedinas.com\\\/site\\\/wp-content\\\/uploads\\\/2020\\\/06\\\/LOGO-512.jpg\",\"width\":512,\"height\":512,\"caption\":\"NOTICIASMERCEDINAS.COM\"},\"image\":{\"@id\":\"https:\\\/\\\/noticiasmercedinas.com\\\/site\\\/#\\\/schema\\\/logo\\\/image\\\/\"},\"sameAs\":[\"https:\\\/\\\/www.facebook.com\\\/noticiasmercedinas\\\/\",\"https:\\\/\\\/x.com\\\/notmercedinas\",\"https:\\\/\\\/www.instagram.com\\\/noticiasmercedinas\\\/\"]},{\"@type\":\"Person\",\"@id\":\"https:\\\/\\\/noticiasmercedinas.com\\\/site\\\/#\\\/schema\\\/person\\\/d481a9696a5feaec13a60e2bbd991a6a\",\"name\":\"Cristian Falabella NOTICIASMERCEDINAS.COM\",\"image\":{\"@type\":\"ImageObject\",\"inLanguage\":\"es\",\"@id\":\"https:\\\/\\\/secure.gravatar.com\\\/avatar\\\/0dbbfc45970cc46bcd0e57766228574ff3511d6eed045b182f536f0f478c1f06?s=96&d=mm&r=g\",\"url\":\"https:\\\/\\\/secure.gravatar.com\\\/avatar\\\/0dbbfc45970cc46bcd0e57766228574ff3511d6eed045b182f536f0f478c1f06?s=96&d=mm&r=g\",\"contentUrl\":\"https:\\\/\\\/secure.gravatar.com\\\/avatar\\\/0dbbfc45970cc46bcd0e57766228574ff3511d6eed045b182f536f0f478c1f06?s=96&d=mm&r=g\",\"caption\":\"Cristian Falabella NOTICIASMERCEDINAS.COM\"},\"description\":\"Periodista, editor de Noticias Mercedinas. Pas\u00f3 por varias redacciones y emprendimientos de prensa, en distintos formatos y \u00e9pocas. Se especializ\u00f3 --y sigue haci\u00e9ndolo-- en comunicaci\u00f3n en la web y en junio de 2006 fund\u00f3 este diario digital.\",\"sameAs\":[\"https:\\\/\\\/noticiasmercedinas.com\",\"https:\\\/\\\/www.facebook.com\\\/cristian.falabella\",\"https:\\\/\\\/www.instagram.com\\\/noticiasmercedinas\\\/\",\"https:\\\/\\\/x.com\\\/https:\\\/\\\/twitter.com\\\/NOTMERCEDINAS\"],\"url\":\"https:\\\/\\\/noticiasmercedinas.com\\\/site\\\/author\\\/as000384\\\/\"}]}<\/script>\n<!-- \/ Yoast SEO plugin. -->","yoast_head_json":{"title":"Importantes mejoras en el Parque Municipal sector viejo son parte de un ambicioso plan","robots":{"index":"index","follow":"follow","max-snippet":"max-snippet:-1","max-image-preview":"max-image-preview:large","max-video-preview":"max-video-preview:-1"},"canonical":"https:\/\/noticiasmercedinas.com\/site\/2019\/09\/25\/importantes-mejoras-en-el-parque-municipal-sector-viejo-son-parte-de-un-ambicioso-plan\/","og_locale":"es_ES","og_type":"article","og_title":"Importantes mejoras en el Parque Municipal sector viejo son parte de un ambicioso plan","og_description":"Merced al trabajo conjunto de varias \u00e1reas de la comuna, el Parque Municipal en su sector viejo est\u00e1 mejorando y mucho. Hay nuevos juegos ya colocados e instalar\u00e1n m\u00e1s, algunas calles se abovedaron y entoscaron y todas se empedraron, lo que le da otra imagen al cl\u00e1sico paseo mercedino abierto al p\u00fablico. Pero eso no [&hellip;]","og_url":"https:\/\/noticiasmercedinas.com\/site\/2019\/09\/25\/importantes-mejoras-en-el-parque-municipal-sector-viejo-son-parte-de-un-ambicioso-plan\/","og_site_name":"NOTICIASMERCEDINAS.COM","article_publisher":"https:\/\/www.facebook.com\/noticiasmercedinas\/","article_author":"https:\/\/www.facebook.com\/cristian.falabella","article_published_time":"2019-09-25T19:57:40+00:00","og_image":[{"width":3000,"height":1688,"url":"https:\/\/noticiasmercedinas.com\/site\/wp-content\/uploads\/2019\/09\/20190925_1600228257128388435641677.jpg","type":"image\/jpeg"}],"author":"Cristian Falabella NOTICIASMERCEDINAS.COM","twitter_card":"summary_large_image","twitter_creator":"@https:\/\/twitter.com\/NOTMERCEDINAS","twitter_site":"@notmercedinas","twitter_misc":{"Escrito por":"Cristian Falabella NOTICIASMERCEDINAS.COM","Tiempo de lectura":"2 minutos"},"schema":{"@context":"https:\/\/schema.org","@graph":[{"@type":"Article","@id":"https:\/\/noticiasmercedinas.com\/site\/2019\/09\/25\/importantes-mejoras-en-el-parque-municipal-sector-viejo-son-parte-de-un-ambicioso-plan\/#article","isPartOf":{"@id":"https:\/\/noticiasmercedinas.com\/site\/2019\/09\/25\/importantes-mejoras-en-el-parque-municipal-sector-viejo-son-parte-de-un-ambicioso-plan\/"},"author":{"name":"Cristian Falabella NOTICIASMERCEDINAS.COM","@id":"https:\/\/noticiasmercedinas.com\/site\/#\/schema\/person\/d481a9696a5feaec13a60e2bbd991a6a"},"headline":"Importantes mejoras en el Parque Municipal sector viejo son parte de un ambicioso plan","datePublished":"2019-09-25T19:57:40+00:00","mainEntityOfPage":{"@id":"https:\/\/noticiasmercedinas.com\/site\/2019\/09\/25\/importantes-mejoras-en-el-parque-municipal-sector-viejo-son-parte-de-un-ambicioso-plan\/"},"wordCount":496,"commentCount":0,"publisher":{"@id":"https:\/\/noticiasmercedinas.com\/site\/#organization"},"image":{"@id":"https:\/\/noticiasmercedinas.com\/site\/2019\/09\/25\/importantes-mejoras-en-el-parque-municipal-sector-viejo-son-parte-de-un-ambicioso-plan\/#primaryimage"},"thumbnailUrl":"https:\/\/noticiasmercedinas.com\/site\/wp-content\/uploads\/2019\/09\/20190925_1600228257128388435641677.jpg","keywords":["Alejo P\u00e9rez Carrera","david valerga","juan ignacio ustarroz","matias dematei","Nicol\u00e1s Ramognini","obras","parque municipal","Parque Municipal Independencia"],"articleSection":["Sociedad"],"inLanguage":"es","potentialAction":[{"@type":"CommentAction","name":"Comment","target":["https:\/\/noticiasmercedinas.com\/site\/2019\/09\/25\/importantes-mejoras-en-el-parque-municipal-sector-viejo-son-parte-de-un-ambicioso-plan\/#respond"]}]},{"@type":"WebPage","@id":"https:\/\/noticiasmercedinas.com\/site\/2019\/09\/25\/importantes-mejoras-en-el-parque-municipal-sector-viejo-son-parte-de-un-ambicioso-plan\/","url":"https:\/\/noticiasmercedinas.com\/site\/2019\/09\/25\/importantes-mejoras-en-el-parque-municipal-sector-viejo-son-parte-de-un-ambicioso-plan\/","name":"Importantes mejoras en el Parque Municipal sector viejo son parte de un ambicioso plan","isPartOf":{"@id":"https:\/\/noticiasmercedinas.com\/site\/#website"},"primaryImageOfPage":{"@id":"https:\/\/noticiasmercedinas.com\/site\/2019\/09\/25\/importantes-mejoras-en-el-parque-municipal-sector-viejo-son-parte-de-un-ambicioso-plan\/#primaryimage"},"image":{"@id":"https:\/\/noticiasmercedinas.com\/site\/2019\/09\/25\/importantes-mejoras-en-el-parque-municipal-sector-viejo-son-parte-de-un-ambicioso-plan\/#primaryimage"},"thumbnailUrl":"https:\/\/noticiasmercedinas.com\/site\/wp-content\/uploads\/2019\/09\/20190925_1600228257128388435641677.jpg","datePublished":"2019-09-25T19:57:40+00:00","breadcrumb":{"@id":"https:\/\/noticiasmercedinas.com\/site\/2019\/09\/25\/importantes-mejoras-en-el-parque-municipal-sector-viejo-son-parte-de-un-ambicioso-plan\/#breadcrumb"},"inLanguage":"es","potentialAction":[{"@type":"ReadAction","target":["https:\/\/noticiasmercedinas.com\/site\/2019\/09\/25\/importantes-mejoras-en-el-parque-municipal-sector-viejo-son-parte-de-un-ambicioso-plan\/"]}]},{"@type":"ImageObject","inLanguage":"es","@id":"https:\/\/noticiasmercedinas.com\/site\/2019\/09\/25\/importantes-mejoras-en-el-parque-municipal-sector-viejo-son-parte-de-un-ambicioso-plan\/#primaryimage","url":"https:\/\/noticiasmercedinas.com\/site\/wp-content\/uploads\/2019\/09\/20190925_1600228257128388435641677.jpg","contentUrl":"https:\/\/noticiasmercedinas.com\/site\/wp-content\/uploads\/2019\/09\/20190925_1600228257128388435641677.jpg","width":3000,"height":1688},{"@type":"BreadcrumbList","@id":"https:\/\/noticiasmercedinas.com\/site\/2019\/09\/25\/importantes-mejoras-en-el-parque-municipal-sector-viejo-son-parte-de-un-ambicioso-plan\/#breadcrumb","itemListElement":[{"@type":"ListItem","position":1,"name":"Portada","item":"https:\/\/noticiasmercedinas.com\/site\/"},{"@type":"ListItem","position":2,"name":"Importantes mejoras en el Parque Municipal sector viejo son parte de un ambicioso plan"}]},{"@type":"WebSite","@id":"https:\/\/noticiasmercedinas.com\/site\/#website","url":"https:\/\/noticiasmercedinas.com\/site\/","name":"NOTICIASMERCEDINAS.COM","description":"Mercedes, Buenos Aires, Argentina","publisher":{"@id":"https:\/\/noticiasmercedinas.com\/site\/#organization"},"potentialAction":[{"@type":"SearchAction","target":{"@type":"EntryPoint","urlTemplate":"https:\/\/noticiasmercedinas.com\/site\/?s={search_term_string}"},"query-input":{"@type":"PropertyValueSpecification","valueRequired":true,"valueName":"search_term_string"}}],"inLanguage":"es"},{"@type":"Organization","@id":"https:\/\/noticiasmercedinas.com\/site\/#organization","name":"NOTICIASMERCEDINAS.COM","url":"https:\/\/noticiasmercedinas.com\/site\/","logo":{"@type":"ImageObject","inLanguage":"es","@id":"https:\/\/noticiasmercedinas.com\/site\/#\/schema\/logo\/image\/","url":"https:\/\/noticiasmercedinas.com\/site\/wp-content\/uploads\/2020\/06\/LOGO-512.jpg","contentUrl":"https:\/\/noticiasmercedinas.com\/site\/wp-content\/uploads\/2020\/06\/LOGO-512.jpg","width":512,"height":512,"caption":"NOTICIASMERCEDINAS.COM"},"image":{"@id":"https:\/\/noticiasmercedinas.com\/site\/#\/schema\/logo\/image\/"},"sameAs":["https:\/\/www.facebook.com\/noticiasmercedinas\/","https:\/\/x.com\/notmercedinas","https:\/\/www.instagram.com\/noticiasmercedinas\/"]},{"@type":"Person","@id":"https:\/\/noticiasmercedinas.com\/site\/#\/schema\/person\/d481a9696a5feaec13a60e2bbd991a6a","name":"Cristian Falabella NOTICIASMERCEDINAS.COM","image":{"@type":"ImageObject","inLanguage":"es","@id":"https:\/\/secure.gravatar.com\/avatar\/0dbbfc45970cc46bcd0e57766228574ff3511d6eed045b182f536f0f478c1f06?s=96&d=mm&r=g","url":"https:\/\/secure.gravatar.com\/avatar\/0dbbfc45970cc46bcd0e57766228574ff3511d6eed045b182f536f0f478c1f06?s=96&d=mm&r=g","contentUrl":"https:\/\/secure.gravatar.com\/avatar\/0dbbfc45970cc46bcd0e57766228574ff3511d6eed045b182f536f0f478c1f06?s=96&d=mm&r=g","caption":"Cristian Falabella NOTICIASMERCEDINAS.COM"},"description":"Periodista, editor de Noticias Mercedinas. Pas\u00f3 por varias redacciones y emprendimientos de prensa, en distintos formatos y \u00e9pocas. Se especializ\u00f3 --y sigue haci\u00e9ndolo-- en comunicaci\u00f3n en la web y en junio de 2006 fund\u00f3 este diario digital.","sameAs":["https:\/\/noticiasmercedinas.com","https:\/\/www.facebook.com\/cristian.falabella","https:\/\/www.instagram.com\/noticiasmercedinas\/","https:\/\/x.com\/https:\/\/twitter.com\/NOTMERCEDINAS"],"url":"https:\/\/noticiasmercedinas.com\/site\/author\/as000384\/"}]}},"amp_enabled":true,"_links":{"self":[{"href":"https:\/\/noticiasmercedinas.com\/site\/wp-json\/wp\/v2\/posts\/29248","targetHints":{"allow":["GET"]}}],"collection":[{"href":"https:\/\/noticiasmercedinas.com\/site\/wp-json\/wp\/v2\/posts"}],"about":[{"href":"https:\/\/noticiasmercedinas.com\/site\/wp-json\/wp\/v2\/types\/post"}],"author":[{"embeddable":true,"href":"https:\/\/noticiasmercedinas.com\/site\/wp-json\/wp\/v2\/users\/2"}],"replies":[{"embeddable":true,"href":"https:\/\/noticiasmercedinas.com\/site\/wp-json\/wp\/v2\/comments?post=29248"}],"version-history":[{"count":1,"href":"https:\/\/noticiasmercedinas.com\/site\/wp-json\/wp\/v2\/posts\/29248\/revisions"}],"predecessor-version":[{"id":29249,"href":"https:\/\/noticiasmercedinas.com\/site\/wp-json\/wp\/v2\/posts\/29248\/revisions\/29249"}],"wp:featuredmedia":[{"embeddable":true,"href":"https:\/\/noticiasmercedinas.com\/site\/wp-json\/wp\/v2\/media\/29247"}],"wp:attachment":[{"href":"https:\/\/noticiasmercedinas.com\/site\/wp-json\/wp\/v2\/media?parent=29248"}],"wp:term":[{"taxonomy":"category","embeddable":true,"href":"https:\/\/noticiasmercedinas.com\/site\/wp-json\/wp\/v2\/categories?post=29248"},{"taxonomy":"post_tag","embeddable":true,"href":"https:\/\/noticiasmercedinas.com\/site\/wp-json\/wp\/v2\/tags?post=29248"}],"curies":[{"name":"wp","href":"https:\/\/api.w.org\/{rel}","templated":true}]}}