{"id":29305,"date":"2019-09-26T13:28:28","date_gmt":"2019-09-26T16:28:28","guid":{"rendered":"https:\/\/noticiasmercedinas.com\/site\/?p=29305"},"modified":"2019-09-26T16:17:02","modified_gmt":"2019-09-26T19:17:02","slug":"concientizan-a-jovenes-sobre-la-importancia-de-usar-casco","status":"publish","type":"post","link":"https:\/\/noticiasmercedinas.com\/site\/2019\/09\/26\/concientizan-a-jovenes-sobre-la-importancia-de-usar-casco\/","title":{"rendered":"Concientizan a j\u00f3venes sobre la importancia de usar casco"},"content":{"rendered":"<p><img loading=\"lazy\" decoding=\"async\" class=\"wp-image-29304 failed alignnone size-full\" src=\"https:\/\/noticiasmercedinas.com\/site\/wp-content\/uploads\/2019\/09\/dsc_00178065701830063251100.jpg\" width=\"1231\" height=\"821\" srcset=\"https:\/\/noticiasmercedinas.com\/site\/wp-content\/uploads\/2019\/09\/dsc_00178065701830063251100.jpg 1231w, https:\/\/noticiasmercedinas.com\/site\/wp-content\/uploads\/2019\/09\/dsc_00178065701830063251100-300x200.jpg 300w, https:\/\/noticiasmercedinas.com\/site\/wp-content\/uploads\/2019\/09\/dsc_00178065701830063251100-768x512.jpg 768w, https:\/\/noticiasmercedinas.com\/site\/wp-content\/uploads\/2019\/09\/dsc_00178065701830063251100-1024x683.jpg 1024w, https:\/\/noticiasmercedinas.com\/site\/wp-content\/uploads\/2019\/09\/dsc_00178065701830063251100-640x427.jpg 640w, https:\/\/noticiasmercedinas.com\/site\/wp-content\/uploads\/2019\/09\/dsc_00178065701830063251100-681x454.jpg 681w\" sizes=\"auto, (max-width: 1231px) 100vw, 1231px\" \/><\/p>\n<p>Con la presencia de m\u00e1s de 300 estudiantes de escuelas secundarias se dict\u00f3 una charla de \u201cPrevenci\u00f3n y Uso de Casco en la Juventud\u201d. La misma fue llevada adelante en el Teatro Argentino \u201cJulio C\u00e9sar Gioscio\u201d por las Secretar\u00edas de Seguridad, Salud y la Coordinaci\u00f3n de Juventud de la Municipalidad de Mercedes.<\/p>\n<p>Adem\u00e1s, se cont\u00f3 con la presencia del neurocirujano del Hospital Blas L. Dubarry y el Hospital Garrahan el Dr. Juan Marelli.<\/p>\n<p>El eje central de este encuentro fue concientizar a los m\u00e1s j\u00f3venes sobre la importancia del uso del casco, y m\u00e1s importante a\u00fan, la prevenci\u00f3n de accidentes de tr\u00e1nsito.<\/p>\n<p>El secretario de Salud municipal, Pablo Cassiani, se\u00f1al\u00f3: \u201cEl neurocirujano Juan Marelli les transmiti\u00f3 a los j\u00f3venes las consecuencias de las lesiones que se producen en la cabeza producto de un golpe que se puede evitar y la importancia de cuidar nuestra vida\u201d, y agreg\u00f3 que\u00a0 \u201clos j\u00f3venes tuvieron una activa participaci\u00f3n y gracias a la buena recepci\u00f3n ya se est\u00e1 programando un nuevo encuentro\u201d.<\/p>\n<p>Debido al bajo porcentaje del uso del casco en nuestra ciudad, desde la comuna se comenz\u00f3 a realizar este tipo de encuentros que tienen como objetivo principal la seguridad vial y el cuidado de los vecinos. Adem\u00e1s, se sortearon m\u00e1s de 20 cascos y se inform\u00f3 que aquellos que no lo pudieran adquirir se pueden acercar a la Secretaria de Seguridad y solicitarlo de manera gratuita.<\/p>\n<p>Por su parte, la Coordinadora de Pol\u00edticas Juveniles, Eugenia C\u00f3dega, indic\u00f3: \u201cNos pareci\u00f3 oportuno convocar al neurocirujano Juan Marelli para que \u00e9l en presencia directa pudiera transmitirle de manera personal todo lo que atraviesa en cada accidente que se produce en la ciudad\u201d, y subray\u00f3 que \u201cno s\u00f3lo las consecuencias y secuelas que tienen en la operaci\u00f3n sino tambi\u00e9n transmiti\u00f3 el proceso por el que pasan lo familiares que apoyan y esperan que ese joven se recupere o que en muchos casos pierde la vida en estos accidentes\u201d.<\/p>\n<p>Este tipo de charlas en seguridad vial a j\u00f3venes de la ciudad apunta a generar mayor concientizaci\u00f3n, desde el cuidado a s\u00ed mismo y el respeto hacia el otro, y a promover actitudes responsables tendientes a la convivencia en el tr\u00e1nsito.<\/p>\n","protected":false},"excerpt":{"rendered":"<p>Con la presencia de m\u00e1s de 300 estudiantes de escuelas secundarias se dict\u00f3 una charla de \u201cPrevenci\u00f3n y Uso de Casco en la Juventud\u201d. La misma fue llevada adelante en el Teatro Argentino \u201cJulio C\u00e9sar Gioscio\u201d por las Secretar\u00edas de Seguridad, Salud y la Coordinaci\u00f3n de Juventud de la Municipalidad de Mercedes. Adem\u00e1s, se cont\u00f3 [&hellip;]<\/p>\n","protected":false},"author":16,"featured_media":29304,"comment_status":"open","ping_status":"open","sticky":false,"template":"","format":"standard","meta":{"footnotes":""},"categories":[3],"tags":[704,154,1633],"class_list":["post-29305","post","type-post","status-publish","format-standard","has-post-thumbnail","hentry","category-sociedad","tag-casco","tag-juventud","tag-seguridad-vial"],"yoast_head":"<!-- This site is optimized with the Yoast SEO plugin v27.4 - https:\/\/yoast.com\/product\/yoast-seo-wordpress\/ -->\n<title>Concientizan a j\u00f3venes sobre la importancia de usar casco<\/title>\n<meta name=\"robots\" content=\"index, follow, max-snippet:-1, max-image-preview:large, max-video-preview:-1\" \/>\n<link rel=\"canonical\" href=\"https:\/\/noticiasmercedinas.com\/site\/2019\/09\/26\/concientizan-a-jovenes-sobre-la-importancia-de-usar-casco\/\" \/>\n<meta property=\"og:locale\" content=\"es_ES\" \/>\n<meta property=\"og:type\" content=\"article\" \/>\n<meta property=\"og:title\" content=\"Concientizan a j\u00f3venes sobre la importancia de usar casco\" \/>\n<meta property=\"og:description\" content=\"Con la presencia de m\u00e1s de 300 estudiantes de escuelas secundarias se dict\u00f3 una charla de \u201cPrevenci\u00f3n y Uso de Casco en la Juventud\u201d. La misma fue llevada adelante en el Teatro Argentino \u201cJulio C\u00e9sar Gioscio\u201d por las Secretar\u00edas de Seguridad, Salud y la Coordinaci\u00f3n de Juventud de la Municipalidad de Mercedes. Adem\u00e1s, se cont\u00f3 [&hellip;]\" \/>\n<meta property=\"og:url\" content=\"https:\/\/noticiasmercedinas.com\/site\/2019\/09\/26\/concientizan-a-jovenes-sobre-la-importancia-de-usar-casco\/\" \/>\n<meta property=\"og:site_name\" content=\"NOTICIASMERCEDINAS.COM\" \/>\n<meta property=\"article:publisher\" content=\"https:\/\/www.facebook.com\/noticiasmercedinas\/\" \/>\n<meta property=\"article:published_time\" content=\"2019-09-26T16:28:28+00:00\" \/>\n<meta property=\"article:modified_time\" content=\"2019-09-26T19:17:02+00:00\" \/>\n<meta property=\"og:image\" content=\"https:\/\/noticiasmercedinas.com\/site\/wp-content\/uploads\/2019\/09\/dsc_00178065701830063251100.jpg\" \/>\n\t<meta property=\"og:image:width\" content=\"1231\" \/>\n\t<meta property=\"og:image:height\" content=\"821\" \/>\n\t<meta property=\"og:image:type\" content=\"image\/jpeg\" \/>\n<meta name=\"author\" content=\"NOTICIASMERCEDINAS.COM\" \/>\n<meta name=\"twitter:card\" content=\"summary_large_image\" \/>\n<meta name=\"twitter:creator\" content=\"@notmercedinas\" \/>\n<meta name=\"twitter:site\" content=\"@notmercedinas\" \/>\n<meta name=\"twitter:label1\" content=\"Escrito por\" \/>\n\t<meta name=\"twitter:data1\" content=\"NOTICIASMERCEDINAS.COM\" \/>\n\t<meta name=\"twitter:label2\" content=\"Tiempo de lectura\" \/>\n\t<meta name=\"twitter:data2\" content=\"2 minutos\" \/>\n<script type=\"application\/ld+json\" class=\"yoast-schema-graph\">{\"@context\":\"https:\\\/\\\/schema.org\",\"@graph\":[{\"@type\":\"Article\",\"@id\":\"https:\\\/\\\/noticiasmercedinas.com\\\/site\\\/2019\\\/09\\\/26\\\/concientizan-a-jovenes-sobre-la-importancia-de-usar-casco\\\/#article\",\"isPartOf\":{\"@id\":\"https:\\\/\\\/noticiasmercedinas.com\\\/site\\\/2019\\\/09\\\/26\\\/concientizan-a-jovenes-sobre-la-importancia-de-usar-casco\\\/\"},\"author\":{\"name\":\"NOTICIASMERCEDINAS.COM\",\"@id\":\"https:\\\/\\\/noticiasmercedinas.com\\\/site\\\/#\\\/schema\\\/person\\\/84b59c099c28ff2e8b77d4ceec5d8063\"},\"headline\":\"Concientizan a j\u00f3venes sobre la importancia de usar casco\",\"datePublished\":\"2019-09-26T16:28:28+00:00\",\"dateModified\":\"2019-09-26T19:17:02+00:00\",\"mainEntityOfPage\":{\"@id\":\"https:\\\/\\\/noticiasmercedinas.com\\\/site\\\/2019\\\/09\\\/26\\\/concientizan-a-jovenes-sobre-la-importancia-de-usar-casco\\\/\"},\"wordCount\":397,\"commentCount\":0,\"publisher\":{\"@id\":\"https:\\\/\\\/noticiasmercedinas.com\\\/site\\\/#organization\"},\"image\":{\"@id\":\"https:\\\/\\\/noticiasmercedinas.com\\\/site\\\/2019\\\/09\\\/26\\\/concientizan-a-jovenes-sobre-la-importancia-de-usar-casco\\\/#primaryimage\"},\"thumbnailUrl\":\"https:\\\/\\\/noticiasmercedinas.com\\\/site\\\/wp-content\\\/uploads\\\/2019\\\/09\\\/dsc_00178065701830063251100.jpg\",\"keywords\":[\"casco\",\"juventud\",\"Seguridad Vial\"],\"articleSection\":[\"Sociedad\"],\"inLanguage\":\"es\",\"potentialAction\":[{\"@type\":\"CommentAction\",\"name\":\"Comment\",\"target\":[\"https:\\\/\\\/noticiasmercedinas.com\\\/site\\\/2019\\\/09\\\/26\\\/concientizan-a-jovenes-sobre-la-importancia-de-usar-casco\\\/#respond\"]}]},{\"@type\":\"WebPage\",\"@id\":\"https:\\\/\\\/noticiasmercedinas.com\\\/site\\\/2019\\\/09\\\/26\\\/concientizan-a-jovenes-sobre-la-importancia-de-usar-casco\\\/\",\"url\":\"https:\\\/\\\/noticiasmercedinas.com\\\/site\\\/2019\\\/09\\\/26\\\/concientizan-a-jovenes-sobre-la-importancia-de-usar-casco\\\/\",\"name\":\"Concientizan a j\u00f3venes sobre la importancia de usar casco\",\"isPartOf\":{\"@id\":\"https:\\\/\\\/noticiasmercedinas.com\\\/site\\\/#website\"},\"primaryImageOfPage\":{\"@id\":\"https:\\\/\\\/noticiasmercedinas.com\\\/site\\\/2019\\\/09\\\/26\\\/concientizan-a-jovenes-sobre-la-importancia-de-usar-casco\\\/#primaryimage\"},\"image\":{\"@id\":\"https:\\\/\\\/noticiasmercedinas.com\\\/site\\\/2019\\\/09\\\/26\\\/concientizan-a-jovenes-sobre-la-importancia-de-usar-casco\\\/#primaryimage\"},\"thumbnailUrl\":\"https:\\\/\\\/noticiasmercedinas.com\\\/site\\\/wp-content\\\/uploads\\\/2019\\\/09\\\/dsc_00178065701830063251100.jpg\",\"datePublished\":\"2019-09-26T16:28:28+00:00\",\"dateModified\":\"2019-09-26T19:17:02+00:00\",\"breadcrumb\":{\"@id\":\"https:\\\/\\\/noticiasmercedinas.com\\\/site\\\/2019\\\/09\\\/26\\\/concientizan-a-jovenes-sobre-la-importancia-de-usar-casco\\\/#breadcrumb\"},\"inLanguage\":\"es\",\"potentialAction\":[{\"@type\":\"ReadAction\",\"target\":[\"https:\\\/\\\/noticiasmercedinas.com\\\/site\\\/2019\\\/09\\\/26\\\/concientizan-a-jovenes-sobre-la-importancia-de-usar-casco\\\/\"]}]},{\"@type\":\"ImageObject\",\"inLanguage\":\"es\",\"@id\":\"https:\\\/\\\/noticiasmercedinas.com\\\/site\\\/2019\\\/09\\\/26\\\/concientizan-a-jovenes-sobre-la-importancia-de-usar-casco\\\/#primaryimage\",\"url\":\"https:\\\/\\\/noticiasmercedinas.com\\\/site\\\/wp-content\\\/uploads\\\/2019\\\/09\\\/dsc_00178065701830063251100.jpg\",\"contentUrl\":\"https:\\\/\\\/noticiasmercedinas.com\\\/site\\\/wp-content\\\/uploads\\\/2019\\\/09\\\/dsc_00178065701830063251100.jpg\",\"width\":1231,\"height\":821},{\"@type\":\"BreadcrumbList\",\"@id\":\"https:\\\/\\\/noticiasmercedinas.com\\\/site\\\/2019\\\/09\\\/26\\\/concientizan-a-jovenes-sobre-la-importancia-de-usar-casco\\\/#breadcrumb\",\"itemListElement\":[{\"@type\":\"ListItem\",\"position\":1,\"name\":\"Portada\",\"item\":\"https:\\\/\\\/noticiasmercedinas.com\\\/site\\\/\"},{\"@type\":\"ListItem\",\"position\":2,\"name\":\"Concientizan a j\u00f3venes sobre la importancia de usar casco\"}]},{\"@type\":\"WebSite\",\"@id\":\"https:\\\/\\\/noticiasmercedinas.com\\\/site\\\/#website\",\"url\":\"https:\\\/\\\/noticiasmercedinas.com\\\/site\\\/\",\"name\":\"NOTICIASMERCEDINAS.COM\",\"description\":\"Mercedes, Buenos Aires, Argentina\",\"publisher\":{\"@id\":\"https:\\\/\\\/noticiasmercedinas.com\\\/site\\\/#organization\"},\"potentialAction\":[{\"@type\":\"SearchAction\",\"target\":{\"@type\":\"EntryPoint\",\"urlTemplate\":\"https:\\\/\\\/noticiasmercedinas.com\\\/site\\\/?s={search_term_string}\"},\"query-input\":{\"@type\":\"PropertyValueSpecification\",\"valueRequired\":true,\"valueName\":\"search_term_string\"}}],\"inLanguage\":\"es\"},{\"@type\":\"Organization\",\"@id\":\"https:\\\/\\\/noticiasmercedinas.com\\\/site\\\/#organization\",\"name\":\"NOTICIASMERCEDINAS.COM\",\"url\":\"https:\\\/\\\/noticiasmercedinas.com\\\/site\\\/\",\"logo\":{\"@type\":\"ImageObject\",\"inLanguage\":\"es\",\"@id\":\"https:\\\/\\\/noticiasmercedinas.com\\\/site\\\/#\\\/schema\\\/logo\\\/image\\\/\",\"url\":\"https:\\\/\\\/noticiasmercedinas.com\\\/site\\\/wp-content\\\/uploads\\\/2020\\\/06\\\/LOGO-512.jpg\",\"contentUrl\":\"https:\\\/\\\/noticiasmercedinas.com\\\/site\\\/wp-content\\\/uploads\\\/2020\\\/06\\\/LOGO-512.jpg\",\"width\":512,\"height\":512,\"caption\":\"NOTICIASMERCEDINAS.COM\"},\"image\":{\"@id\":\"https:\\\/\\\/noticiasmercedinas.com\\\/site\\\/#\\\/schema\\\/logo\\\/image\\\/\"},\"sameAs\":[\"https:\\\/\\\/www.facebook.com\\\/noticiasmercedinas\\\/\",\"https:\\\/\\\/x.com\\\/notmercedinas\",\"https:\\\/\\\/www.instagram.com\\\/noticiasmercedinas\\\/\"]},{\"@type\":\"Person\",\"@id\":\"https:\\\/\\\/noticiasmercedinas.com\\\/site\\\/#\\\/schema\\\/person\\\/84b59c099c28ff2e8b77d4ceec5d8063\",\"name\":\"NOTICIASMERCEDINAS.COM\",\"image\":{\"@type\":\"ImageObject\",\"inLanguage\":\"es\",\"@id\":\"https:\\\/\\\/secure.gravatar.com\\\/avatar\\\/4dfbf16b4d17945bfb6341b2d19043457132fcf478a5ee04f42e959fd8f5df0a?s=96&d=mm&r=g\",\"url\":\"https:\\\/\\\/secure.gravatar.com\\\/avatar\\\/4dfbf16b4d17945bfb6341b2d19043457132fcf478a5ee04f42e959fd8f5df0a?s=96&d=mm&r=g\",\"contentUrl\":\"https:\\\/\\\/secure.gravatar.com\\\/avatar\\\/4dfbf16b4d17945bfb6341b2d19043457132fcf478a5ee04f42e959fd8f5df0a?s=96&d=mm&r=g\",\"caption\":\"NOTICIASMERCEDINAS.COM\"},\"url\":\"https:\\\/\\\/noticiasmercedinas.com\\\/site\\\/author\\\/anonimo\\\/\"}]}<\/script>\n<!-- \/ Yoast SEO plugin. -->","yoast_head_json":{"title":"Concientizan a j\u00f3venes sobre la importancia de usar casco","robots":{"index":"index","follow":"follow","max-snippet":"max-snippet:-1","max-image-preview":"max-image-preview:large","max-video-preview":"max-video-preview:-1"},"canonical":"https:\/\/noticiasmercedinas.com\/site\/2019\/09\/26\/concientizan-a-jovenes-sobre-la-importancia-de-usar-casco\/","og_locale":"es_ES","og_type":"article","og_title":"Concientizan a j\u00f3venes sobre la importancia de usar casco","og_description":"Con la presencia de m\u00e1s de 300 estudiantes de escuelas secundarias se dict\u00f3 una charla de \u201cPrevenci\u00f3n y Uso de Casco en la Juventud\u201d. La misma fue llevada adelante en el Teatro Argentino \u201cJulio C\u00e9sar Gioscio\u201d por las Secretar\u00edas de Seguridad, Salud y la Coordinaci\u00f3n de Juventud de la Municipalidad de Mercedes. Adem\u00e1s, se cont\u00f3 [&hellip;]","og_url":"https:\/\/noticiasmercedinas.com\/site\/2019\/09\/26\/concientizan-a-jovenes-sobre-la-importancia-de-usar-casco\/","og_site_name":"NOTICIASMERCEDINAS.COM","article_publisher":"https:\/\/www.facebook.com\/noticiasmercedinas\/","article_published_time":"2019-09-26T16:28:28+00:00","article_modified_time":"2019-09-26T19:17:02+00:00","og_image":[{"width":1231,"height":821,"url":"https:\/\/noticiasmercedinas.com\/site\/wp-content\/uploads\/2019\/09\/dsc_00178065701830063251100.jpg","type":"image\/jpeg"}],"author":"NOTICIASMERCEDINAS.COM","twitter_card":"summary_large_image","twitter_creator":"@notmercedinas","twitter_site":"@notmercedinas","twitter_misc":{"Escrito por":"NOTICIASMERCEDINAS.COM","Tiempo de lectura":"2 minutos"},"schema":{"@context":"https:\/\/schema.org","@graph":[{"@type":"Article","@id":"https:\/\/noticiasmercedinas.com\/site\/2019\/09\/26\/concientizan-a-jovenes-sobre-la-importancia-de-usar-casco\/#article","isPartOf":{"@id":"https:\/\/noticiasmercedinas.com\/site\/2019\/09\/26\/concientizan-a-jovenes-sobre-la-importancia-de-usar-casco\/"},"author":{"name":"NOTICIASMERCEDINAS.COM","@id":"https:\/\/noticiasmercedinas.com\/site\/#\/schema\/person\/84b59c099c28ff2e8b77d4ceec5d8063"},"headline":"Concientizan a j\u00f3venes sobre la importancia de usar casco","datePublished":"2019-09-26T16:28:28+00:00","dateModified":"2019-09-26T19:17:02+00:00","mainEntityOfPage":{"@id":"https:\/\/noticiasmercedinas.com\/site\/2019\/09\/26\/concientizan-a-jovenes-sobre-la-importancia-de-usar-casco\/"},"wordCount":397,"commentCount":0,"publisher":{"@id":"https:\/\/noticiasmercedinas.com\/site\/#organization"},"image":{"@id":"https:\/\/noticiasmercedinas.com\/site\/2019\/09\/26\/concientizan-a-jovenes-sobre-la-importancia-de-usar-casco\/#primaryimage"},"thumbnailUrl":"https:\/\/noticiasmercedinas.com\/site\/wp-content\/uploads\/2019\/09\/dsc_00178065701830063251100.jpg","keywords":["casco","juventud","Seguridad Vial"],"articleSection":["Sociedad"],"inLanguage":"es","potentialAction":[{"@type":"CommentAction","name":"Comment","target":["https:\/\/noticiasmercedinas.com\/site\/2019\/09\/26\/concientizan-a-jovenes-sobre-la-importancia-de-usar-casco\/#respond"]}]},{"@type":"WebPage","@id":"https:\/\/noticiasmercedinas.com\/site\/2019\/09\/26\/concientizan-a-jovenes-sobre-la-importancia-de-usar-casco\/","url":"https:\/\/noticiasmercedinas.com\/site\/2019\/09\/26\/concientizan-a-jovenes-sobre-la-importancia-de-usar-casco\/","name":"Concientizan a j\u00f3venes sobre la importancia de usar casco","isPartOf":{"@id":"https:\/\/noticiasmercedinas.com\/site\/#website"},"primaryImageOfPage":{"@id":"https:\/\/noticiasmercedinas.com\/site\/2019\/09\/26\/concientizan-a-jovenes-sobre-la-importancia-de-usar-casco\/#primaryimage"},"image":{"@id":"https:\/\/noticiasmercedinas.com\/site\/2019\/09\/26\/concientizan-a-jovenes-sobre-la-importancia-de-usar-casco\/#primaryimage"},"thumbnailUrl":"https:\/\/noticiasmercedinas.com\/site\/wp-content\/uploads\/2019\/09\/dsc_00178065701830063251100.jpg","datePublished":"2019-09-26T16:28:28+00:00","dateModified":"2019-09-26T19:17:02+00:00","breadcrumb":{"@id":"https:\/\/noticiasmercedinas.com\/site\/2019\/09\/26\/concientizan-a-jovenes-sobre-la-importancia-de-usar-casco\/#breadcrumb"},"inLanguage":"es","potentialAction":[{"@type":"ReadAction","target":["https:\/\/noticiasmercedinas.com\/site\/2019\/09\/26\/concientizan-a-jovenes-sobre-la-importancia-de-usar-casco\/"]}]},{"@type":"ImageObject","inLanguage":"es","@id":"https:\/\/noticiasmercedinas.com\/site\/2019\/09\/26\/concientizan-a-jovenes-sobre-la-importancia-de-usar-casco\/#primaryimage","url":"https:\/\/noticiasmercedinas.com\/site\/wp-content\/uploads\/2019\/09\/dsc_00178065701830063251100.jpg","contentUrl":"https:\/\/noticiasmercedinas.com\/site\/wp-content\/uploads\/2019\/09\/dsc_00178065701830063251100.jpg","width":1231,"height":821},{"@type":"BreadcrumbList","@id":"https:\/\/noticiasmercedinas.com\/site\/2019\/09\/26\/concientizan-a-jovenes-sobre-la-importancia-de-usar-casco\/#breadcrumb","itemListElement":[{"@type":"ListItem","position":1,"name":"Portada","item":"https:\/\/noticiasmercedinas.com\/site\/"},{"@type":"ListItem","position":2,"name":"Concientizan a j\u00f3venes sobre la importancia de usar casco"}]},{"@type":"WebSite","@id":"https:\/\/noticiasmercedinas.com\/site\/#website","url":"https:\/\/noticiasmercedinas.com\/site\/","name":"NOTICIASMERCEDINAS.COM","description":"Mercedes, Buenos Aires, Argentina","publisher":{"@id":"https:\/\/noticiasmercedinas.com\/site\/#organization"},"potentialAction":[{"@type":"SearchAction","target":{"@type":"EntryPoint","urlTemplate":"https:\/\/noticiasmercedinas.com\/site\/?s={search_term_string}"},"query-input":{"@type":"PropertyValueSpecification","valueRequired":true,"valueName":"search_term_string"}}],"inLanguage":"es"},{"@type":"Organization","@id":"https:\/\/noticiasmercedinas.com\/site\/#organization","name":"NOTICIASMERCEDINAS.COM","url":"https:\/\/noticiasmercedinas.com\/site\/","logo":{"@type":"ImageObject","inLanguage":"es","@id":"https:\/\/noticiasmercedinas.com\/site\/#\/schema\/logo\/image\/","url":"https:\/\/noticiasmercedinas.com\/site\/wp-content\/uploads\/2020\/06\/LOGO-512.jpg","contentUrl":"https:\/\/noticiasmercedinas.com\/site\/wp-content\/uploads\/2020\/06\/LOGO-512.jpg","width":512,"height":512,"caption":"NOTICIASMERCEDINAS.COM"},"image":{"@id":"https:\/\/noticiasmercedinas.com\/site\/#\/schema\/logo\/image\/"},"sameAs":["https:\/\/www.facebook.com\/noticiasmercedinas\/","https:\/\/x.com\/notmercedinas","https:\/\/www.instagram.com\/noticiasmercedinas\/"]},{"@type":"Person","@id":"https:\/\/noticiasmercedinas.com\/site\/#\/schema\/person\/84b59c099c28ff2e8b77d4ceec5d8063","name":"NOTICIASMERCEDINAS.COM","image":{"@type":"ImageObject","inLanguage":"es","@id":"https:\/\/secure.gravatar.com\/avatar\/4dfbf16b4d17945bfb6341b2d19043457132fcf478a5ee04f42e959fd8f5df0a?s=96&d=mm&r=g","url":"https:\/\/secure.gravatar.com\/avatar\/4dfbf16b4d17945bfb6341b2d19043457132fcf478a5ee04f42e959fd8f5df0a?s=96&d=mm&r=g","contentUrl":"https:\/\/secure.gravatar.com\/avatar\/4dfbf16b4d17945bfb6341b2d19043457132fcf478a5ee04f42e959fd8f5df0a?s=96&d=mm&r=g","caption":"NOTICIASMERCEDINAS.COM"},"url":"https:\/\/noticiasmercedinas.com\/site\/author\/anonimo\/"}]}},"amp_enabled":true,"_links":{"self":[{"href":"https:\/\/noticiasmercedinas.com\/site\/wp-json\/wp\/v2\/posts\/29305","targetHints":{"allow":["GET"]}}],"collection":[{"href":"https:\/\/noticiasmercedinas.com\/site\/wp-json\/wp\/v2\/posts"}],"about":[{"href":"https:\/\/noticiasmercedinas.com\/site\/wp-json\/wp\/v2\/types\/post"}],"author":[{"embeddable":true,"href":"https:\/\/noticiasmercedinas.com\/site\/wp-json\/wp\/v2\/users\/16"}],"replies":[{"embeddable":true,"href":"https:\/\/noticiasmercedinas.com\/site\/wp-json\/wp\/v2\/comments?post=29305"}],"version-history":[{"count":1,"href":"https:\/\/noticiasmercedinas.com\/site\/wp-json\/wp\/v2\/posts\/29305\/revisions"}],"predecessor-version":[{"id":29314,"href":"https:\/\/noticiasmercedinas.com\/site\/wp-json\/wp\/v2\/posts\/29305\/revisions\/29314"}],"wp:featuredmedia":[{"embeddable":true,"href":"https:\/\/noticiasmercedinas.com\/site\/wp-json\/wp\/v2\/media\/29304"}],"wp:attachment":[{"href":"https:\/\/noticiasmercedinas.com\/site\/wp-json\/wp\/v2\/media?parent=29305"}],"wp:term":[{"taxonomy":"category","embeddable":true,"href":"https:\/\/noticiasmercedinas.com\/site\/wp-json\/wp\/v2\/categories?post=29305"},{"taxonomy":"post_tag","embeddable":true,"href":"https:\/\/noticiasmercedinas.com\/site\/wp-json\/wp\/v2\/tags?post=29305"}],"curies":[{"name":"wp","href":"https:\/\/api.w.org\/{rel}","templated":true}]}}