{"id":29393,"date":"2019-09-27T11:27:36","date_gmt":"2019-09-27T14:27:36","guid":{"rendered":"https:\/\/noticiasmercedinas.com\/site\/?p=29393"},"modified":"2019-09-27T11:28:21","modified_gmt":"2019-09-27T14:28:21","slug":"sin-trenes-a-mercedes-en-la-manana-de-hoy","status":"publish","type":"post","link":"https:\/\/noticiasmercedinas.com\/site\/2019\/09\/27\/sin-trenes-a-mercedes-en-la-manana-de-hoy\/","title":{"rendered":"Sin trenes a Mercedes en la ma\u00f1ana de hoy"},"content":{"rendered":"<p><a href=\"https:\/\/noticiasmercedinas.com\/site\/wp-content\/uploads\/2018\/11\/tren_sarmiento.png\"><img loading=\"lazy\" decoding=\"async\" class=\"alignnone size-full wp-image-7895\" src=\"https:\/\/noticiasmercedinas.com\/site\/wp-content\/uploads\/2018\/11\/tren_sarmiento.png\" alt=\"\" width=\"640\" height=\"483\" srcset=\"https:\/\/noticiasmercedinas.com\/site\/wp-content\/uploads\/2018\/11\/tren_sarmiento.png 640w, https:\/\/noticiasmercedinas.com\/site\/wp-content\/uploads\/2018\/11\/tren_sarmiento-300x226.png 300w, https:\/\/noticiasmercedinas.com\/site\/wp-content\/uploads\/2018\/11\/tren_sarmiento-80x60.png 80w, https:\/\/noticiasmercedinas.com\/site\/wp-content\/uploads\/2018\/11\/tren_sarmiento-160x120.png 160w, https:\/\/noticiasmercedinas.com\/site\/wp-content\/uploads\/2018\/11\/tren_sarmiento-100x75.png 100w, https:\/\/noticiasmercedinas.com\/site\/wp-content\/uploads\/2018\/11\/tren_sarmiento-200x150.png 200w, https:\/\/noticiasmercedinas.com\/site\/wp-content\/uploads\/2018\/11\/tren_sarmiento-180x135.png 180w\" sizes=\"auto, (max-width: 640px) 100vw, 640px\" \/><\/a><\/p>\n<p>El servicio del Ferrocarril Sarmiento permanece interrumpido por completo en esta jornada entre Luj\u00e1n y Mercedes, pese al anuncio de Trenes Argentinos de un <span style=\"color: #000080;\"><strong><a style=\"color: #000080;\" href=\"https:\/\/noticiasmercedinas.com\/site\/2019\/09\/24\/confirman-reduccion-de-servicios-ferroviarios-a-partir-de-manana\/\">diagrama de frecuencias reducidas<\/a><\/strong><\/span> que supuestamente comenzar\u00eda a regir el mi\u00e9rcoles.<\/p>\n<p>Aunque Trenes Argentinos inform\u00f3 que circular\u00edan la mitad de los trenes que antes del inicio de los trabajos y comunic\u00f3 un nuevo horario, la realidad es que en la ma\u00f1ana de hoy viernes s\u00f3lo parti\u00f3 un tren desde Mercedes a primera hora de la ma\u00f1ana y luego se cancelaron todos los siguientes.<\/p>\n<p>Hasta el momento los responsables de Prensa de la empresa no respondieron a la consulta de NOTICIASMERCEDINAS.COM respecto de esta situaci\u00f3n. En tanto, desde la estaci\u00f3n Mercedes confirmaron a este medio que no circulan los trenes y sugirieron volver a preguntar por la tarde.<\/p>\n<p>Luego del <span style=\"color: #000080;\"><strong><a style=\"color: #000080;\" href=\"https:\/\/noticiasmercedinas.com\/site\/2019\/09\/24\/descarrilo-tren-entre-gowland-y-olivera\/\">descarrilo ocurrido el martes 24<\/a><\/strong><\/span>, en el d\u00eda de hoy estar\u00edan trabajando dos cuadrillas de V\u00edas y Obras abocadas a cambios de durmientes, fijaciones y soldaduras. Trenes Argentinos no inform\u00f3 cu\u00e1nto durar\u00e1n estos trabajos y qu\u00e9 clase de servicio brindar\u00e1 efectivamente.<\/p>\n","protected":false},"excerpt":{"rendered":"<p>El servicio del Ferrocarril Sarmiento permanece interrumpido por completo en esta jornada entre Luj\u00e1n y Mercedes, pese al anuncio de Trenes Argentinos de un diagrama de frecuencias reducidas que supuestamente comenzar\u00eda a regir el mi\u00e9rcoles. Aunque Trenes Argentinos inform\u00f3 que circular\u00edan la mitad de los trenes que antes del inicio de los trabajos y comunic\u00f3 [&hellip;]<\/p>\n","protected":false},"author":16,"featured_media":7895,"comment_status":"open","ping_status":"open","sticky":false,"template":"","format":"standard","meta":{"footnotes":""},"categories":[2],"tags":[1119,1116,3163],"class_list":["post-29393","post","type-post","status-publish","format-standard","has-post-thumbnail","hentry","category-featured","tag-ferrocarril-sarmiento","tag-tren","tag-trenes-argentinos"],"yoast_head":"<!-- This site is optimized with the Yoast SEO plugin v27.5 - https:\/\/yoast.com\/product\/yoast-seo-wordpress\/ -->\n<title>Sin trenes a Mercedes en la ma\u00f1ana de hoy<\/title>\n<meta name=\"robots\" content=\"index, follow, max-snippet:-1, max-image-preview:large, max-video-preview:-1\" \/>\n<link rel=\"canonical\" href=\"https:\/\/noticiasmercedinas.com\/site\/2019\/09\/27\/sin-trenes-a-mercedes-en-la-manana-de-hoy\/\" \/>\n<meta property=\"og:locale\" content=\"es_ES\" \/>\n<meta property=\"og:type\" content=\"article\" \/>\n<meta property=\"og:title\" content=\"Sin trenes a Mercedes en la ma\u00f1ana de hoy\" \/>\n<meta property=\"og:description\" content=\"El servicio del Ferrocarril Sarmiento permanece interrumpido por completo en esta jornada entre Luj\u00e1n y Mercedes, pese al anuncio de Trenes Argentinos de un diagrama de frecuencias reducidas que supuestamente comenzar\u00eda a regir el mi\u00e9rcoles. Aunque Trenes Argentinos inform\u00f3 que circular\u00edan la mitad de los trenes que antes del inicio de los trabajos y comunic\u00f3 [&hellip;]\" \/>\n<meta property=\"og:url\" content=\"https:\/\/noticiasmercedinas.com\/site\/2019\/09\/27\/sin-trenes-a-mercedes-en-la-manana-de-hoy\/\" \/>\n<meta property=\"og:site_name\" content=\"NOTICIASMERCEDINAS.COM\" \/>\n<meta property=\"article:publisher\" content=\"https:\/\/www.facebook.com\/noticiasmercedinas\/\" \/>\n<meta property=\"article:published_time\" content=\"2019-09-27T14:27:36+00:00\" \/>\n<meta property=\"article:modified_time\" content=\"2019-09-27T14:28:21+00:00\" \/>\n<meta property=\"og:image\" content=\"https:\/\/noticiasmercedinas.com\/site\/wp-content\/uploads\/2018\/11\/tren_sarmiento.png\" \/>\n\t<meta property=\"og:image:width\" content=\"640\" \/>\n\t<meta property=\"og:image:height\" content=\"483\" \/>\n\t<meta property=\"og:image:type\" content=\"image\/png\" \/>\n<meta name=\"author\" content=\"NOTICIASMERCEDINAS.COM\" \/>\n<meta name=\"twitter:card\" content=\"summary_large_image\" \/>\n<meta name=\"twitter:creator\" content=\"@notmercedinas\" \/>\n<meta name=\"twitter:site\" content=\"@notmercedinas\" \/>\n<meta name=\"twitter:label1\" content=\"Escrito por\" \/>\n\t<meta name=\"twitter:data1\" content=\"NOTICIASMERCEDINAS.COM\" \/>\n\t<meta name=\"twitter:label2\" content=\"Tiempo de lectura\" \/>\n\t<meta name=\"twitter:data2\" content=\"1 minuto\" \/>\n<script type=\"application\/ld+json\" class=\"yoast-schema-graph\">{\"@context\":\"https:\\\/\\\/schema.org\",\"@graph\":[{\"@type\":\"Article\",\"@id\":\"https:\\\/\\\/noticiasmercedinas.com\\\/site\\\/2019\\\/09\\\/27\\\/sin-trenes-a-mercedes-en-la-manana-de-hoy\\\/#article\",\"isPartOf\":{\"@id\":\"https:\\\/\\\/noticiasmercedinas.com\\\/site\\\/2019\\\/09\\\/27\\\/sin-trenes-a-mercedes-en-la-manana-de-hoy\\\/\"},\"author\":{\"name\":\"NOTICIASMERCEDINAS.COM\",\"@id\":\"https:\\\/\\\/noticiasmercedinas.com\\\/site\\\/#\\\/schema\\\/person\\\/84b59c099c28ff2e8b77d4ceec5d8063\"},\"headline\":\"Sin trenes a Mercedes en la ma\u00f1ana de hoy\",\"datePublished\":\"2019-09-27T14:27:36+00:00\",\"dateModified\":\"2019-09-27T14:28:21+00:00\",\"mainEntityOfPage\":{\"@id\":\"https:\\\/\\\/noticiasmercedinas.com\\\/site\\\/2019\\\/09\\\/27\\\/sin-trenes-a-mercedes-en-la-manana-de-hoy\\\/\"},\"wordCount\":198,\"commentCount\":0,\"publisher\":{\"@id\":\"https:\\\/\\\/noticiasmercedinas.com\\\/site\\\/#organization\"},\"image\":{\"@id\":\"https:\\\/\\\/noticiasmercedinas.com\\\/site\\\/2019\\\/09\\\/27\\\/sin-trenes-a-mercedes-en-la-manana-de-hoy\\\/#primaryimage\"},\"thumbnailUrl\":\"https:\\\/\\\/noticiasmercedinas.com\\\/site\\\/wp-content\\\/uploads\\\/2018\\\/11\\\/tren_sarmiento.png\",\"keywords\":[\"Ferrocarril Sarmiento\",\"Tren\",\"Trenes Argentinos\"],\"articleSection\":[\"Especiales\"],\"inLanguage\":\"es\",\"potentialAction\":[{\"@type\":\"CommentAction\",\"name\":\"Comment\",\"target\":[\"https:\\\/\\\/noticiasmercedinas.com\\\/site\\\/2019\\\/09\\\/27\\\/sin-trenes-a-mercedes-en-la-manana-de-hoy\\\/#respond\"]}]},{\"@type\":\"WebPage\",\"@id\":\"https:\\\/\\\/noticiasmercedinas.com\\\/site\\\/2019\\\/09\\\/27\\\/sin-trenes-a-mercedes-en-la-manana-de-hoy\\\/\",\"url\":\"https:\\\/\\\/noticiasmercedinas.com\\\/site\\\/2019\\\/09\\\/27\\\/sin-trenes-a-mercedes-en-la-manana-de-hoy\\\/\",\"name\":\"Sin trenes a Mercedes en la ma\u00f1ana de hoy\",\"isPartOf\":{\"@id\":\"https:\\\/\\\/noticiasmercedinas.com\\\/site\\\/#website\"},\"primaryImageOfPage\":{\"@id\":\"https:\\\/\\\/noticiasmercedinas.com\\\/site\\\/2019\\\/09\\\/27\\\/sin-trenes-a-mercedes-en-la-manana-de-hoy\\\/#primaryimage\"},\"image\":{\"@id\":\"https:\\\/\\\/noticiasmercedinas.com\\\/site\\\/2019\\\/09\\\/27\\\/sin-trenes-a-mercedes-en-la-manana-de-hoy\\\/#primaryimage\"},\"thumbnailUrl\":\"https:\\\/\\\/noticiasmercedinas.com\\\/site\\\/wp-content\\\/uploads\\\/2018\\\/11\\\/tren_sarmiento.png\",\"datePublished\":\"2019-09-27T14:27:36+00:00\",\"dateModified\":\"2019-09-27T14:28:21+00:00\",\"breadcrumb\":{\"@id\":\"https:\\\/\\\/noticiasmercedinas.com\\\/site\\\/2019\\\/09\\\/27\\\/sin-trenes-a-mercedes-en-la-manana-de-hoy\\\/#breadcrumb\"},\"inLanguage\":\"es\",\"potentialAction\":[{\"@type\":\"ReadAction\",\"target\":[\"https:\\\/\\\/noticiasmercedinas.com\\\/site\\\/2019\\\/09\\\/27\\\/sin-trenes-a-mercedes-en-la-manana-de-hoy\\\/\"]}]},{\"@type\":\"ImageObject\",\"inLanguage\":\"es\",\"@id\":\"https:\\\/\\\/noticiasmercedinas.com\\\/site\\\/2019\\\/09\\\/27\\\/sin-trenes-a-mercedes-en-la-manana-de-hoy\\\/#primaryimage\",\"url\":\"https:\\\/\\\/noticiasmercedinas.com\\\/site\\\/wp-content\\\/uploads\\\/2018\\\/11\\\/tren_sarmiento.png\",\"contentUrl\":\"https:\\\/\\\/noticiasmercedinas.com\\\/site\\\/wp-content\\\/uploads\\\/2018\\\/11\\\/tren_sarmiento.png\",\"width\":640,\"height\":483},{\"@type\":\"BreadcrumbList\",\"@id\":\"https:\\\/\\\/noticiasmercedinas.com\\\/site\\\/2019\\\/09\\\/27\\\/sin-trenes-a-mercedes-en-la-manana-de-hoy\\\/#breadcrumb\",\"itemListElement\":[{\"@type\":\"ListItem\",\"position\":1,\"name\":\"Portada\",\"item\":\"https:\\\/\\\/noticiasmercedinas.com\\\/site\\\/\"},{\"@type\":\"ListItem\",\"position\":2,\"name\":\"Sin trenes a Mercedes en la ma\u00f1ana de hoy\"}]},{\"@type\":\"WebSite\",\"@id\":\"https:\\\/\\\/noticiasmercedinas.com\\\/site\\\/#website\",\"url\":\"https:\\\/\\\/noticiasmercedinas.com\\\/site\\\/\",\"name\":\"NOTICIASMERCEDINAS.COM\",\"description\":\"Mercedes, Buenos Aires, Argentina\",\"publisher\":{\"@id\":\"https:\\\/\\\/noticiasmercedinas.com\\\/site\\\/#organization\"},\"potentialAction\":[{\"@type\":\"SearchAction\",\"target\":{\"@type\":\"EntryPoint\",\"urlTemplate\":\"https:\\\/\\\/noticiasmercedinas.com\\\/site\\\/?s={search_term_string}\"},\"query-input\":{\"@type\":\"PropertyValueSpecification\",\"valueRequired\":true,\"valueName\":\"search_term_string\"}}],\"inLanguage\":\"es\"},{\"@type\":\"Organization\",\"@id\":\"https:\\\/\\\/noticiasmercedinas.com\\\/site\\\/#organization\",\"name\":\"NOTICIASMERCEDINAS.COM\",\"url\":\"https:\\\/\\\/noticiasmercedinas.com\\\/site\\\/\",\"logo\":{\"@type\":\"ImageObject\",\"inLanguage\":\"es\",\"@id\":\"https:\\\/\\\/noticiasmercedinas.com\\\/site\\\/#\\\/schema\\\/logo\\\/image\\\/\",\"url\":\"https:\\\/\\\/noticiasmercedinas.com\\\/site\\\/wp-content\\\/uploads\\\/2020\\\/06\\\/LOGO-512.jpg\",\"contentUrl\":\"https:\\\/\\\/noticiasmercedinas.com\\\/site\\\/wp-content\\\/uploads\\\/2020\\\/06\\\/LOGO-512.jpg\",\"width\":512,\"height\":512,\"caption\":\"NOTICIASMERCEDINAS.COM\"},\"image\":{\"@id\":\"https:\\\/\\\/noticiasmercedinas.com\\\/site\\\/#\\\/schema\\\/logo\\\/image\\\/\"},\"sameAs\":[\"https:\\\/\\\/www.facebook.com\\\/noticiasmercedinas\\\/\",\"https:\\\/\\\/x.com\\\/notmercedinas\",\"https:\\\/\\\/www.instagram.com\\\/noticiasmercedinas\\\/\"]},{\"@type\":\"Person\",\"@id\":\"https:\\\/\\\/noticiasmercedinas.com\\\/site\\\/#\\\/schema\\\/person\\\/84b59c099c28ff2e8b77d4ceec5d8063\",\"name\":\"NOTICIASMERCEDINAS.COM\",\"image\":{\"@type\":\"ImageObject\",\"inLanguage\":\"es\",\"@id\":\"https:\\\/\\\/secure.gravatar.com\\\/avatar\\\/4dfbf16b4d17945bfb6341b2d19043457132fcf478a5ee04f42e959fd8f5df0a?s=96&d=mm&r=g\",\"url\":\"https:\\\/\\\/secure.gravatar.com\\\/avatar\\\/4dfbf16b4d17945bfb6341b2d19043457132fcf478a5ee04f42e959fd8f5df0a?s=96&d=mm&r=g\",\"contentUrl\":\"https:\\\/\\\/secure.gravatar.com\\\/avatar\\\/4dfbf16b4d17945bfb6341b2d19043457132fcf478a5ee04f42e959fd8f5df0a?s=96&d=mm&r=g\",\"caption\":\"NOTICIASMERCEDINAS.COM\"},\"url\":\"https:\\\/\\\/noticiasmercedinas.com\\\/site\\\/author\\\/anonimo\\\/\"}]}<\/script>\n<!-- \/ Yoast SEO plugin. -->","yoast_head_json":{"title":"Sin trenes a Mercedes en la ma\u00f1ana de hoy","robots":{"index":"index","follow":"follow","max-snippet":"max-snippet:-1","max-image-preview":"max-image-preview:large","max-video-preview":"max-video-preview:-1"},"canonical":"https:\/\/noticiasmercedinas.com\/site\/2019\/09\/27\/sin-trenes-a-mercedes-en-la-manana-de-hoy\/","og_locale":"es_ES","og_type":"article","og_title":"Sin trenes a Mercedes en la ma\u00f1ana de hoy","og_description":"El servicio del Ferrocarril Sarmiento permanece interrumpido por completo en esta jornada entre Luj\u00e1n y Mercedes, pese al anuncio de Trenes Argentinos de un diagrama de frecuencias reducidas que supuestamente comenzar\u00eda a regir el mi\u00e9rcoles. Aunque Trenes Argentinos inform\u00f3 que circular\u00edan la mitad de los trenes que antes del inicio de los trabajos y comunic\u00f3 [&hellip;]","og_url":"https:\/\/noticiasmercedinas.com\/site\/2019\/09\/27\/sin-trenes-a-mercedes-en-la-manana-de-hoy\/","og_site_name":"NOTICIASMERCEDINAS.COM","article_publisher":"https:\/\/www.facebook.com\/noticiasmercedinas\/","article_published_time":"2019-09-27T14:27:36+00:00","article_modified_time":"2019-09-27T14:28:21+00:00","og_image":[{"width":640,"height":483,"url":"https:\/\/noticiasmercedinas.com\/site\/wp-content\/uploads\/2018\/11\/tren_sarmiento.png","type":"image\/png"}],"author":"NOTICIASMERCEDINAS.COM","twitter_card":"summary_large_image","twitter_creator":"@notmercedinas","twitter_site":"@notmercedinas","twitter_misc":{"Escrito por":"NOTICIASMERCEDINAS.COM","Tiempo de lectura":"1 minuto"},"schema":{"@context":"https:\/\/schema.org","@graph":[{"@type":"Article","@id":"https:\/\/noticiasmercedinas.com\/site\/2019\/09\/27\/sin-trenes-a-mercedes-en-la-manana-de-hoy\/#article","isPartOf":{"@id":"https:\/\/noticiasmercedinas.com\/site\/2019\/09\/27\/sin-trenes-a-mercedes-en-la-manana-de-hoy\/"},"author":{"name":"NOTICIASMERCEDINAS.COM","@id":"https:\/\/noticiasmercedinas.com\/site\/#\/schema\/person\/84b59c099c28ff2e8b77d4ceec5d8063"},"headline":"Sin trenes a Mercedes en la ma\u00f1ana de hoy","datePublished":"2019-09-27T14:27:36+00:00","dateModified":"2019-09-27T14:28:21+00:00","mainEntityOfPage":{"@id":"https:\/\/noticiasmercedinas.com\/site\/2019\/09\/27\/sin-trenes-a-mercedes-en-la-manana-de-hoy\/"},"wordCount":198,"commentCount":0,"publisher":{"@id":"https:\/\/noticiasmercedinas.com\/site\/#organization"},"image":{"@id":"https:\/\/noticiasmercedinas.com\/site\/2019\/09\/27\/sin-trenes-a-mercedes-en-la-manana-de-hoy\/#primaryimage"},"thumbnailUrl":"https:\/\/noticiasmercedinas.com\/site\/wp-content\/uploads\/2018\/11\/tren_sarmiento.png","keywords":["Ferrocarril Sarmiento","Tren","Trenes Argentinos"],"articleSection":["Especiales"],"inLanguage":"es","potentialAction":[{"@type":"CommentAction","name":"Comment","target":["https:\/\/noticiasmercedinas.com\/site\/2019\/09\/27\/sin-trenes-a-mercedes-en-la-manana-de-hoy\/#respond"]}]},{"@type":"WebPage","@id":"https:\/\/noticiasmercedinas.com\/site\/2019\/09\/27\/sin-trenes-a-mercedes-en-la-manana-de-hoy\/","url":"https:\/\/noticiasmercedinas.com\/site\/2019\/09\/27\/sin-trenes-a-mercedes-en-la-manana-de-hoy\/","name":"Sin trenes a Mercedes en la ma\u00f1ana de hoy","isPartOf":{"@id":"https:\/\/noticiasmercedinas.com\/site\/#website"},"primaryImageOfPage":{"@id":"https:\/\/noticiasmercedinas.com\/site\/2019\/09\/27\/sin-trenes-a-mercedes-en-la-manana-de-hoy\/#primaryimage"},"image":{"@id":"https:\/\/noticiasmercedinas.com\/site\/2019\/09\/27\/sin-trenes-a-mercedes-en-la-manana-de-hoy\/#primaryimage"},"thumbnailUrl":"https:\/\/noticiasmercedinas.com\/site\/wp-content\/uploads\/2018\/11\/tren_sarmiento.png","datePublished":"2019-09-27T14:27:36+00:00","dateModified":"2019-09-27T14:28:21+00:00","breadcrumb":{"@id":"https:\/\/noticiasmercedinas.com\/site\/2019\/09\/27\/sin-trenes-a-mercedes-en-la-manana-de-hoy\/#breadcrumb"},"inLanguage":"es","potentialAction":[{"@type":"ReadAction","target":["https:\/\/noticiasmercedinas.com\/site\/2019\/09\/27\/sin-trenes-a-mercedes-en-la-manana-de-hoy\/"]}]},{"@type":"ImageObject","inLanguage":"es","@id":"https:\/\/noticiasmercedinas.com\/site\/2019\/09\/27\/sin-trenes-a-mercedes-en-la-manana-de-hoy\/#primaryimage","url":"https:\/\/noticiasmercedinas.com\/site\/wp-content\/uploads\/2018\/11\/tren_sarmiento.png","contentUrl":"https:\/\/noticiasmercedinas.com\/site\/wp-content\/uploads\/2018\/11\/tren_sarmiento.png","width":640,"height":483},{"@type":"BreadcrumbList","@id":"https:\/\/noticiasmercedinas.com\/site\/2019\/09\/27\/sin-trenes-a-mercedes-en-la-manana-de-hoy\/#breadcrumb","itemListElement":[{"@type":"ListItem","position":1,"name":"Portada","item":"https:\/\/noticiasmercedinas.com\/site\/"},{"@type":"ListItem","position":2,"name":"Sin trenes a Mercedes en la ma\u00f1ana de hoy"}]},{"@type":"WebSite","@id":"https:\/\/noticiasmercedinas.com\/site\/#website","url":"https:\/\/noticiasmercedinas.com\/site\/","name":"NOTICIASMERCEDINAS.COM","description":"Mercedes, Buenos Aires, Argentina","publisher":{"@id":"https:\/\/noticiasmercedinas.com\/site\/#organization"},"potentialAction":[{"@type":"SearchAction","target":{"@type":"EntryPoint","urlTemplate":"https:\/\/noticiasmercedinas.com\/site\/?s={search_term_string}"},"query-input":{"@type":"PropertyValueSpecification","valueRequired":true,"valueName":"search_term_string"}}],"inLanguage":"es"},{"@type":"Organization","@id":"https:\/\/noticiasmercedinas.com\/site\/#organization","name":"NOTICIASMERCEDINAS.COM","url":"https:\/\/noticiasmercedinas.com\/site\/","logo":{"@type":"ImageObject","inLanguage":"es","@id":"https:\/\/noticiasmercedinas.com\/site\/#\/schema\/logo\/image\/","url":"https:\/\/noticiasmercedinas.com\/site\/wp-content\/uploads\/2020\/06\/LOGO-512.jpg","contentUrl":"https:\/\/noticiasmercedinas.com\/site\/wp-content\/uploads\/2020\/06\/LOGO-512.jpg","width":512,"height":512,"caption":"NOTICIASMERCEDINAS.COM"},"image":{"@id":"https:\/\/noticiasmercedinas.com\/site\/#\/schema\/logo\/image\/"},"sameAs":["https:\/\/www.facebook.com\/noticiasmercedinas\/","https:\/\/x.com\/notmercedinas","https:\/\/www.instagram.com\/noticiasmercedinas\/"]},{"@type":"Person","@id":"https:\/\/noticiasmercedinas.com\/site\/#\/schema\/person\/84b59c099c28ff2e8b77d4ceec5d8063","name":"NOTICIASMERCEDINAS.COM","image":{"@type":"ImageObject","inLanguage":"es","@id":"https:\/\/secure.gravatar.com\/avatar\/4dfbf16b4d17945bfb6341b2d19043457132fcf478a5ee04f42e959fd8f5df0a?s=96&d=mm&r=g","url":"https:\/\/secure.gravatar.com\/avatar\/4dfbf16b4d17945bfb6341b2d19043457132fcf478a5ee04f42e959fd8f5df0a?s=96&d=mm&r=g","contentUrl":"https:\/\/secure.gravatar.com\/avatar\/4dfbf16b4d17945bfb6341b2d19043457132fcf478a5ee04f42e959fd8f5df0a?s=96&d=mm&r=g","caption":"NOTICIASMERCEDINAS.COM"},"url":"https:\/\/noticiasmercedinas.com\/site\/author\/anonimo\/"}]}},"amp_enabled":true,"_links":{"self":[{"href":"https:\/\/noticiasmercedinas.com\/site\/wp-json\/wp\/v2\/posts\/29393","targetHints":{"allow":["GET"]}}],"collection":[{"href":"https:\/\/noticiasmercedinas.com\/site\/wp-json\/wp\/v2\/posts"}],"about":[{"href":"https:\/\/noticiasmercedinas.com\/site\/wp-json\/wp\/v2\/types\/post"}],"author":[{"embeddable":true,"href":"https:\/\/noticiasmercedinas.com\/site\/wp-json\/wp\/v2\/users\/16"}],"replies":[{"embeddable":true,"href":"https:\/\/noticiasmercedinas.com\/site\/wp-json\/wp\/v2\/comments?post=29393"}],"version-history":[{"count":1,"href":"https:\/\/noticiasmercedinas.com\/site\/wp-json\/wp\/v2\/posts\/29393\/revisions"}],"predecessor-version":[{"id":29394,"href":"https:\/\/noticiasmercedinas.com\/site\/wp-json\/wp\/v2\/posts\/29393\/revisions\/29394"}],"wp:featuredmedia":[{"embeddable":true,"href":"https:\/\/noticiasmercedinas.com\/site\/wp-json\/wp\/v2\/media\/7895"}],"wp:attachment":[{"href":"https:\/\/noticiasmercedinas.com\/site\/wp-json\/wp\/v2\/media?parent=29393"}],"wp:term":[{"taxonomy":"category","embeddable":true,"href":"https:\/\/noticiasmercedinas.com\/site\/wp-json\/wp\/v2\/categories?post=29393"},{"taxonomy":"post_tag","embeddable":true,"href":"https:\/\/noticiasmercedinas.com\/site\/wp-json\/wp\/v2\/tags?post=29393"}],"curies":[{"name":"wp","href":"https:\/\/api.w.org\/{rel}","templated":true}]}}