{"id":29501,"date":"2019-09-29T20:13:48","date_gmt":"2019-09-29T23:13:48","guid":{"rendered":"https:\/\/noticiasmercedinas.com\/site\/?p=29501"},"modified":"2019-09-29T20:14:45","modified_gmt":"2019-09-29T23:14:45","slug":"atletas-mercedinos-quieren-cruzar-los-andes-en-carrera-y-donar-mil-litros-de-leche","status":"publish","type":"post","link":"https:\/\/noticiasmercedinas.com\/site\/2019\/09\/29\/atletas-mercedinos-quieren-cruzar-los-andes-en-carrera-y-donar-mil-litros-de-leche\/","title":{"rendered":"Atletas mercedinos quieren cruzar los Andes en carrera y donar mil litros de leche"},"content":{"rendered":"<p><img loading=\"lazy\" decoding=\"async\" class=\"alignnone size-large wp-image-29503\" src=\"https:\/\/noticiasmercedinas.com\/site\/wp-content\/uploads\/2019\/09\/el-cruce-2019-1024x469.jpg\" alt=\"\" width=\"640\" height=\"293\" srcset=\"https:\/\/noticiasmercedinas.com\/site\/wp-content\/uploads\/2019\/09\/el-cruce-2019-1024x469.jpg 1024w, https:\/\/noticiasmercedinas.com\/site\/wp-content\/uploads\/2019\/09\/el-cruce-2019-300x137.jpg 300w, https:\/\/noticiasmercedinas.com\/site\/wp-content\/uploads\/2019\/09\/el-cruce-2019-768x352.jpg 768w, https:\/\/noticiasmercedinas.com\/site\/wp-content\/uploads\/2019\/09\/el-cruce-2019-640x293.jpg 640w, https:\/\/noticiasmercedinas.com\/site\/wp-content\/uploads\/2019\/09\/el-cruce-2019-1280x586.jpg 1280w, https:\/\/noticiasmercedinas.com\/site\/wp-content\/uploads\/2019\/09\/el-cruce-2019-681x312.jpg 681w, https:\/\/noticiasmercedinas.com\/site\/wp-content\/uploads\/2019\/09\/el-cruce-2019-1362x624.jpg 1362w, https:\/\/noticiasmercedinas.com\/site\/wp-content\/uploads\/2019\/09\/el-cruce-2019.jpg 1900w\" sizes=\"auto, (max-width: 640px) 100vw, 640px\" \/><\/p>\n<p>All Boys Solidario, el Gimnasio Deporclub y Gendarmer\u00eda Nacional impulsan una interesante actividad deportiva que servir\u00e1 para colaborar con el merendero \u00abOjos de Cielo\u00bb, de la ciudad de San Carlos de Bariloche. De esta manera los atletas Malena Del Giudice, Candelaria R\u00e9vora, Gast\u00f3n Bello y Dami\u00e1n Zorrila quieren cruzar los Andes en carrera y donar mil litros de leche<\/p>\n<p>El objetivo de la carrera es cruzar los Andes, uniendo Argentina y Chile, en una distancia de m\u00e1s de 100 kms, divididos en 3 etapas.<\/p>\n<p>Dado que la Cordillera de los Andes ofrece much\u00edsimos pasos por donde unir ambos pa\u00edses, el recorrido cambia todos los a\u00f1os, manteniendo siempre marcos geogr\u00e1ficos \u00fanicos en el mundo.<\/p>\n<p>Los atletas estar\u00e1n en carrera del 5 al 7 de diciembre en la impactante Cordillera de los Andes. Y del 8 al 10 de diciembre ya estar\u00e1n en Bariloche para entregar las leches.<\/p>\n<p>El Centro \u00abOjos de Cielo\u00bb es una asociaci\u00f3n civil sin fines de lucro que nace en San Carlos de Bariloche, R\u00edo Negro, en el a\u00f1o 2013 de la mano de Nancy Bustos. Nancy es maestra en una escuela primaria en el km 19,5 de la Avenida de Bustillo (cerca del famoso hotel Llao Llao). A pesar de ser un lugar tur\u00edstico hermoso hay una dura realidad que est\u00e1 escondida en el entorno social que va desde el km 10 al km 25. En estos barrios hay muchos chicos viviendo en situaciones de vulnerabilidad. Nancy vio la necesidad en la zona y decidi\u00f3 hacer algo.<\/p>\n<p>Quienes quieran sumarse pueden colaborar donando leche. Para eso hay que llamar al 2324-611439 o dejarlo en Deporclub de calle 30 entre 25 y 27.<\/p>\n<p><img loading=\"lazy\" decoding=\"async\" class=\"alignnone size-large wp-image-29505\" src=\"https:\/\/noticiasmercedinas.com\/site\/wp-content\/uploads\/2019\/09\/50507bdd-3210-4200-a988-bf622e1037cd-1024x682.jpg\" alt=\"\" width=\"640\" height=\"426\" srcset=\"https:\/\/noticiasmercedinas.com\/site\/wp-content\/uploads\/2019\/09\/50507bdd-3210-4200-a988-bf622e1037cd-1024x682.jpg 1024w, https:\/\/noticiasmercedinas.com\/site\/wp-content\/uploads\/2019\/09\/50507bdd-3210-4200-a988-bf622e1037cd-300x200.jpg 300w, https:\/\/noticiasmercedinas.com\/site\/wp-content\/uploads\/2019\/09\/50507bdd-3210-4200-a988-bf622e1037cd-768x512.jpg 768w, https:\/\/noticiasmercedinas.com\/site\/wp-content\/uploads\/2019\/09\/50507bdd-3210-4200-a988-bf622e1037cd-640x427.jpg 640w, https:\/\/noticiasmercedinas.com\/site\/wp-content\/uploads\/2019\/09\/50507bdd-3210-4200-a988-bf622e1037cd.jpg 1280w, https:\/\/noticiasmercedinas.com\/site\/wp-content\/uploads\/2019\/09\/50507bdd-3210-4200-a988-bf622e1037cd-681x454.jpg 681w\" sizes=\"auto, (max-width: 640px) 100vw, 640px\" \/><\/p>\n<p>&nbsp;<\/p>\n","protected":false},"excerpt":{"rendered":"<p>All Boys Solidario, el Gimnasio Deporclub y Gendarmer\u00eda Nacional impulsan una interesante actividad deportiva que servir\u00e1 para colaborar con el merendero \u00abOjos de Cielo\u00bb, de la ciudad de San Carlos de Bariloche. De esta manera los atletas Malena Del Giudice, Candelaria R\u00e9vora, Gast\u00f3n Bello y Dami\u00e1n Zorrila quieren cruzar los Andes en carrera y donar [&hellip;]<\/p>\n","protected":false},"author":2,"featured_media":29503,"comment_status":"open","ping_status":"open","sticky":false,"template":"","format":"standard","meta":{"footnotes":""},"categories":[5],"tags":[3017,5665,6610,5669,924,6611,3367],"class_list":["post-29501","post","type-post","status-publish","format-standard","has-post-thumbnail","hentry","category-deportes","tag-all-boys-solidario","tag-candelaria-revora","tag-damian-zorrila","tag-gaston-bello","tag-gendarmeria-nacional","tag-gimnasio-deporclub","tag-malena-del-giudice"],"yoast_head":"<!-- This site is optimized with the Yoast SEO plugin v27.4 - https:\/\/yoast.com\/product\/yoast-seo-wordpress\/ -->\n<title>Atletas mercedinos quieren cruzar los Andes en carrera y donar mil litros de leche<\/title>\n<meta name=\"robots\" content=\"index, follow, max-snippet:-1, max-image-preview:large, max-video-preview:-1\" \/>\n<link rel=\"canonical\" href=\"https:\/\/noticiasmercedinas.com\/site\/2019\/09\/29\/atletas-mercedinos-quieren-cruzar-los-andes-en-carrera-y-donar-mil-litros-de-leche\/\" \/>\n<meta property=\"og:locale\" content=\"es_ES\" \/>\n<meta property=\"og:type\" content=\"article\" \/>\n<meta property=\"og:title\" content=\"Atletas mercedinos quieren cruzar los Andes en carrera y donar mil litros de leche\" \/>\n<meta property=\"og:description\" content=\"All Boys Solidario, el Gimnasio Deporclub y Gendarmer\u00eda Nacional impulsan una interesante actividad deportiva que servir\u00e1 para colaborar con el merendero \u00abOjos de Cielo\u00bb, de la ciudad de San Carlos de Bariloche. De esta manera los atletas Malena Del Giudice, Candelaria R\u00e9vora, Gast\u00f3n Bello y Dami\u00e1n Zorrila quieren cruzar los Andes en carrera y donar [&hellip;]\" \/>\n<meta property=\"og:url\" content=\"https:\/\/noticiasmercedinas.com\/site\/2019\/09\/29\/atletas-mercedinos-quieren-cruzar-los-andes-en-carrera-y-donar-mil-litros-de-leche\/\" \/>\n<meta property=\"og:site_name\" content=\"NOTICIASMERCEDINAS.COM\" \/>\n<meta property=\"article:publisher\" content=\"https:\/\/www.facebook.com\/noticiasmercedinas\/\" \/>\n<meta property=\"article:author\" content=\"https:\/\/www.facebook.com\/cristian.falabella\" \/>\n<meta property=\"article:published_time\" content=\"2019-09-29T23:13:48+00:00\" \/>\n<meta property=\"article:modified_time\" content=\"2019-09-29T23:14:45+00:00\" \/>\n<meta property=\"og:image\" content=\"https:\/\/noticiasmercedinas.com\/site\/wp-content\/uploads\/2019\/09\/el-cruce-2019.jpg\" \/>\n\t<meta property=\"og:image:width\" content=\"1900\" \/>\n\t<meta property=\"og:image:height\" content=\"870\" \/>\n\t<meta property=\"og:image:type\" content=\"image\/jpeg\" \/>\n<meta name=\"author\" content=\"Cristian Falabella NOTICIASMERCEDINAS.COM\" \/>\n<meta name=\"twitter:card\" content=\"summary_large_image\" \/>\n<meta name=\"twitter:creator\" content=\"@https:\/\/twitter.com\/NOTMERCEDINAS\" \/>\n<meta name=\"twitter:site\" content=\"@notmercedinas\" \/>\n<meta name=\"twitter:label1\" content=\"Escrito por\" \/>\n\t<meta name=\"twitter:data1\" content=\"Cristian Falabella NOTICIASMERCEDINAS.COM\" \/>\n\t<meta name=\"twitter:label2\" content=\"Tiempo de lectura\" \/>\n\t<meta name=\"twitter:data2\" content=\"1 minuto\" \/>\n<script type=\"application\/ld+json\" class=\"yoast-schema-graph\">{\"@context\":\"https:\\\/\\\/schema.org\",\"@graph\":[{\"@type\":\"Article\",\"@id\":\"https:\\\/\\\/noticiasmercedinas.com\\\/site\\\/2019\\\/09\\\/29\\\/atletas-mercedinos-quieren-cruzar-los-andes-en-carrera-y-donar-mil-litros-de-leche\\\/#article\",\"isPartOf\":{\"@id\":\"https:\\\/\\\/noticiasmercedinas.com\\\/site\\\/2019\\\/09\\\/29\\\/atletas-mercedinos-quieren-cruzar-los-andes-en-carrera-y-donar-mil-litros-de-leche\\\/\"},\"author\":{\"name\":\"Cristian Falabella NOTICIASMERCEDINAS.COM\",\"@id\":\"https:\\\/\\\/noticiasmercedinas.com\\\/site\\\/#\\\/schema\\\/person\\\/d481a9696a5feaec13a60e2bbd991a6a\"},\"headline\":\"Atletas mercedinos quieren cruzar los Andes en carrera y donar mil litros de leche\",\"datePublished\":\"2019-09-29T23:13:48+00:00\",\"dateModified\":\"2019-09-29T23:14:45+00:00\",\"mainEntityOfPage\":{\"@id\":\"https:\\\/\\\/noticiasmercedinas.com\\\/site\\\/2019\\\/09\\\/29\\\/atletas-mercedinos-quieren-cruzar-los-andes-en-carrera-y-donar-mil-litros-de-leche\\\/\"},\"wordCount\":292,\"commentCount\":0,\"publisher\":{\"@id\":\"https:\\\/\\\/noticiasmercedinas.com\\\/site\\\/#organization\"},\"image\":{\"@id\":\"https:\\\/\\\/noticiasmercedinas.com\\\/site\\\/2019\\\/09\\\/29\\\/atletas-mercedinos-quieren-cruzar-los-andes-en-carrera-y-donar-mil-litros-de-leche\\\/#primaryimage\"},\"thumbnailUrl\":\"https:\\\/\\\/noticiasmercedinas.com\\\/site\\\/wp-content\\\/uploads\\\/2019\\\/09\\\/el-cruce-2019.jpg\",\"keywords\":[\"all boys solidario\",\"Candelaria R\u00e9vora\",\"Dami\u00e1n Zorrila\",\"Gast\u00f3n Bello\",\"gendarmeria nacional\",\"gimnasio deporclub\",\"malena del giudice\"],\"articleSection\":[\"Deportes\"],\"inLanguage\":\"es\",\"potentialAction\":[{\"@type\":\"CommentAction\",\"name\":\"Comment\",\"target\":[\"https:\\\/\\\/noticiasmercedinas.com\\\/site\\\/2019\\\/09\\\/29\\\/atletas-mercedinos-quieren-cruzar-los-andes-en-carrera-y-donar-mil-litros-de-leche\\\/#respond\"]}]},{\"@type\":\"WebPage\",\"@id\":\"https:\\\/\\\/noticiasmercedinas.com\\\/site\\\/2019\\\/09\\\/29\\\/atletas-mercedinos-quieren-cruzar-los-andes-en-carrera-y-donar-mil-litros-de-leche\\\/\",\"url\":\"https:\\\/\\\/noticiasmercedinas.com\\\/site\\\/2019\\\/09\\\/29\\\/atletas-mercedinos-quieren-cruzar-los-andes-en-carrera-y-donar-mil-litros-de-leche\\\/\",\"name\":\"Atletas mercedinos quieren cruzar los Andes en carrera y donar mil litros de leche\",\"isPartOf\":{\"@id\":\"https:\\\/\\\/noticiasmercedinas.com\\\/site\\\/#website\"},\"primaryImageOfPage\":{\"@id\":\"https:\\\/\\\/noticiasmercedinas.com\\\/site\\\/2019\\\/09\\\/29\\\/atletas-mercedinos-quieren-cruzar-los-andes-en-carrera-y-donar-mil-litros-de-leche\\\/#primaryimage\"},\"image\":{\"@id\":\"https:\\\/\\\/noticiasmercedinas.com\\\/site\\\/2019\\\/09\\\/29\\\/atletas-mercedinos-quieren-cruzar-los-andes-en-carrera-y-donar-mil-litros-de-leche\\\/#primaryimage\"},\"thumbnailUrl\":\"https:\\\/\\\/noticiasmercedinas.com\\\/site\\\/wp-content\\\/uploads\\\/2019\\\/09\\\/el-cruce-2019.jpg\",\"datePublished\":\"2019-09-29T23:13:48+00:00\",\"dateModified\":\"2019-09-29T23:14:45+00:00\",\"breadcrumb\":{\"@id\":\"https:\\\/\\\/noticiasmercedinas.com\\\/site\\\/2019\\\/09\\\/29\\\/atletas-mercedinos-quieren-cruzar-los-andes-en-carrera-y-donar-mil-litros-de-leche\\\/#breadcrumb\"},\"inLanguage\":\"es\",\"potentialAction\":[{\"@type\":\"ReadAction\",\"target\":[\"https:\\\/\\\/noticiasmercedinas.com\\\/site\\\/2019\\\/09\\\/29\\\/atletas-mercedinos-quieren-cruzar-los-andes-en-carrera-y-donar-mil-litros-de-leche\\\/\"]}]},{\"@type\":\"ImageObject\",\"inLanguage\":\"es\",\"@id\":\"https:\\\/\\\/noticiasmercedinas.com\\\/site\\\/2019\\\/09\\\/29\\\/atletas-mercedinos-quieren-cruzar-los-andes-en-carrera-y-donar-mil-litros-de-leche\\\/#primaryimage\",\"url\":\"https:\\\/\\\/noticiasmercedinas.com\\\/site\\\/wp-content\\\/uploads\\\/2019\\\/09\\\/el-cruce-2019.jpg\",\"contentUrl\":\"https:\\\/\\\/noticiasmercedinas.com\\\/site\\\/wp-content\\\/uploads\\\/2019\\\/09\\\/el-cruce-2019.jpg\",\"width\":1900,\"height\":870},{\"@type\":\"BreadcrumbList\",\"@id\":\"https:\\\/\\\/noticiasmercedinas.com\\\/site\\\/2019\\\/09\\\/29\\\/atletas-mercedinos-quieren-cruzar-los-andes-en-carrera-y-donar-mil-litros-de-leche\\\/#breadcrumb\",\"itemListElement\":[{\"@type\":\"ListItem\",\"position\":1,\"name\":\"Portada\",\"item\":\"https:\\\/\\\/noticiasmercedinas.com\\\/site\\\/\"},{\"@type\":\"ListItem\",\"position\":2,\"name\":\"Atletas mercedinos quieren cruzar los Andes en carrera y donar mil litros de leche\"}]},{\"@type\":\"WebSite\",\"@id\":\"https:\\\/\\\/noticiasmercedinas.com\\\/site\\\/#website\",\"url\":\"https:\\\/\\\/noticiasmercedinas.com\\\/site\\\/\",\"name\":\"NOTICIASMERCEDINAS.COM\",\"description\":\"Mercedes, Buenos Aires, Argentina\",\"publisher\":{\"@id\":\"https:\\\/\\\/noticiasmercedinas.com\\\/site\\\/#organization\"},\"potentialAction\":[{\"@type\":\"SearchAction\",\"target\":{\"@type\":\"EntryPoint\",\"urlTemplate\":\"https:\\\/\\\/noticiasmercedinas.com\\\/site\\\/?s={search_term_string}\"},\"query-input\":{\"@type\":\"PropertyValueSpecification\",\"valueRequired\":true,\"valueName\":\"search_term_string\"}}],\"inLanguage\":\"es\"},{\"@type\":\"Organization\",\"@id\":\"https:\\\/\\\/noticiasmercedinas.com\\\/site\\\/#organization\",\"name\":\"NOTICIASMERCEDINAS.COM\",\"url\":\"https:\\\/\\\/noticiasmercedinas.com\\\/site\\\/\",\"logo\":{\"@type\":\"ImageObject\",\"inLanguage\":\"es\",\"@id\":\"https:\\\/\\\/noticiasmercedinas.com\\\/site\\\/#\\\/schema\\\/logo\\\/image\\\/\",\"url\":\"https:\\\/\\\/noticiasmercedinas.com\\\/site\\\/wp-content\\\/uploads\\\/2020\\\/06\\\/LOGO-512.jpg\",\"contentUrl\":\"https:\\\/\\\/noticiasmercedinas.com\\\/site\\\/wp-content\\\/uploads\\\/2020\\\/06\\\/LOGO-512.jpg\",\"width\":512,\"height\":512,\"caption\":\"NOTICIASMERCEDINAS.COM\"},\"image\":{\"@id\":\"https:\\\/\\\/noticiasmercedinas.com\\\/site\\\/#\\\/schema\\\/logo\\\/image\\\/\"},\"sameAs\":[\"https:\\\/\\\/www.facebook.com\\\/noticiasmercedinas\\\/\",\"https:\\\/\\\/x.com\\\/notmercedinas\",\"https:\\\/\\\/www.instagram.com\\\/noticiasmercedinas\\\/\"]},{\"@type\":\"Person\",\"@id\":\"https:\\\/\\\/noticiasmercedinas.com\\\/site\\\/#\\\/schema\\\/person\\\/d481a9696a5feaec13a60e2bbd991a6a\",\"name\":\"Cristian Falabella NOTICIASMERCEDINAS.COM\",\"image\":{\"@type\":\"ImageObject\",\"inLanguage\":\"es\",\"@id\":\"https:\\\/\\\/secure.gravatar.com\\\/avatar\\\/0dbbfc45970cc46bcd0e57766228574ff3511d6eed045b182f536f0f478c1f06?s=96&d=mm&r=g\",\"url\":\"https:\\\/\\\/secure.gravatar.com\\\/avatar\\\/0dbbfc45970cc46bcd0e57766228574ff3511d6eed045b182f536f0f478c1f06?s=96&d=mm&r=g\",\"contentUrl\":\"https:\\\/\\\/secure.gravatar.com\\\/avatar\\\/0dbbfc45970cc46bcd0e57766228574ff3511d6eed045b182f536f0f478c1f06?s=96&d=mm&r=g\",\"caption\":\"Cristian Falabella NOTICIASMERCEDINAS.COM\"},\"description\":\"Periodista, editor de Noticias Mercedinas. Pas\u00f3 por varias redacciones y emprendimientos de prensa, en distintos formatos y \u00e9pocas. Se especializ\u00f3 --y sigue haci\u00e9ndolo-- en comunicaci\u00f3n en la web y en junio de 2006 fund\u00f3 este diario digital.\",\"sameAs\":[\"https:\\\/\\\/noticiasmercedinas.com\",\"https:\\\/\\\/www.facebook.com\\\/cristian.falabella\",\"https:\\\/\\\/www.instagram.com\\\/noticiasmercedinas\\\/\",\"https:\\\/\\\/x.com\\\/https:\\\/\\\/twitter.com\\\/NOTMERCEDINAS\"],\"url\":\"https:\\\/\\\/noticiasmercedinas.com\\\/site\\\/author\\\/as000384\\\/\"}]}<\/script>\n<!-- \/ Yoast SEO plugin. -->","yoast_head_json":{"title":"Atletas mercedinos quieren cruzar los Andes en carrera y donar mil litros de leche","robots":{"index":"index","follow":"follow","max-snippet":"max-snippet:-1","max-image-preview":"max-image-preview:large","max-video-preview":"max-video-preview:-1"},"canonical":"https:\/\/noticiasmercedinas.com\/site\/2019\/09\/29\/atletas-mercedinos-quieren-cruzar-los-andes-en-carrera-y-donar-mil-litros-de-leche\/","og_locale":"es_ES","og_type":"article","og_title":"Atletas mercedinos quieren cruzar los Andes en carrera y donar mil litros de leche","og_description":"All Boys Solidario, el Gimnasio Deporclub y Gendarmer\u00eda Nacional impulsan una interesante actividad deportiva que servir\u00e1 para colaborar con el merendero \u00abOjos de Cielo\u00bb, de la ciudad de San Carlos de Bariloche. De esta manera los atletas Malena Del Giudice, Candelaria R\u00e9vora, Gast\u00f3n Bello y Dami\u00e1n Zorrila quieren cruzar los Andes en carrera y donar [&hellip;]","og_url":"https:\/\/noticiasmercedinas.com\/site\/2019\/09\/29\/atletas-mercedinos-quieren-cruzar-los-andes-en-carrera-y-donar-mil-litros-de-leche\/","og_site_name":"NOTICIASMERCEDINAS.COM","article_publisher":"https:\/\/www.facebook.com\/noticiasmercedinas\/","article_author":"https:\/\/www.facebook.com\/cristian.falabella","article_published_time":"2019-09-29T23:13:48+00:00","article_modified_time":"2019-09-29T23:14:45+00:00","og_image":[{"width":1900,"height":870,"url":"https:\/\/noticiasmercedinas.com\/site\/wp-content\/uploads\/2019\/09\/el-cruce-2019.jpg","type":"image\/jpeg"}],"author":"Cristian Falabella NOTICIASMERCEDINAS.COM","twitter_card":"summary_large_image","twitter_creator":"@https:\/\/twitter.com\/NOTMERCEDINAS","twitter_site":"@notmercedinas","twitter_misc":{"Escrito por":"Cristian Falabella NOTICIASMERCEDINAS.COM","Tiempo de lectura":"1 minuto"},"schema":{"@context":"https:\/\/schema.org","@graph":[{"@type":"Article","@id":"https:\/\/noticiasmercedinas.com\/site\/2019\/09\/29\/atletas-mercedinos-quieren-cruzar-los-andes-en-carrera-y-donar-mil-litros-de-leche\/#article","isPartOf":{"@id":"https:\/\/noticiasmercedinas.com\/site\/2019\/09\/29\/atletas-mercedinos-quieren-cruzar-los-andes-en-carrera-y-donar-mil-litros-de-leche\/"},"author":{"name":"Cristian Falabella NOTICIASMERCEDINAS.COM","@id":"https:\/\/noticiasmercedinas.com\/site\/#\/schema\/person\/d481a9696a5feaec13a60e2bbd991a6a"},"headline":"Atletas mercedinos quieren cruzar los Andes en carrera y donar mil litros de leche","datePublished":"2019-09-29T23:13:48+00:00","dateModified":"2019-09-29T23:14:45+00:00","mainEntityOfPage":{"@id":"https:\/\/noticiasmercedinas.com\/site\/2019\/09\/29\/atletas-mercedinos-quieren-cruzar-los-andes-en-carrera-y-donar-mil-litros-de-leche\/"},"wordCount":292,"commentCount":0,"publisher":{"@id":"https:\/\/noticiasmercedinas.com\/site\/#organization"},"image":{"@id":"https:\/\/noticiasmercedinas.com\/site\/2019\/09\/29\/atletas-mercedinos-quieren-cruzar-los-andes-en-carrera-y-donar-mil-litros-de-leche\/#primaryimage"},"thumbnailUrl":"https:\/\/noticiasmercedinas.com\/site\/wp-content\/uploads\/2019\/09\/el-cruce-2019.jpg","keywords":["all boys solidario","Candelaria R\u00e9vora","Dami\u00e1n Zorrila","Gast\u00f3n Bello","gendarmeria nacional","gimnasio deporclub","malena del giudice"],"articleSection":["Deportes"],"inLanguage":"es","potentialAction":[{"@type":"CommentAction","name":"Comment","target":["https:\/\/noticiasmercedinas.com\/site\/2019\/09\/29\/atletas-mercedinos-quieren-cruzar-los-andes-en-carrera-y-donar-mil-litros-de-leche\/#respond"]}]},{"@type":"WebPage","@id":"https:\/\/noticiasmercedinas.com\/site\/2019\/09\/29\/atletas-mercedinos-quieren-cruzar-los-andes-en-carrera-y-donar-mil-litros-de-leche\/","url":"https:\/\/noticiasmercedinas.com\/site\/2019\/09\/29\/atletas-mercedinos-quieren-cruzar-los-andes-en-carrera-y-donar-mil-litros-de-leche\/","name":"Atletas mercedinos quieren cruzar los Andes en carrera y donar mil litros de leche","isPartOf":{"@id":"https:\/\/noticiasmercedinas.com\/site\/#website"},"primaryImageOfPage":{"@id":"https:\/\/noticiasmercedinas.com\/site\/2019\/09\/29\/atletas-mercedinos-quieren-cruzar-los-andes-en-carrera-y-donar-mil-litros-de-leche\/#primaryimage"},"image":{"@id":"https:\/\/noticiasmercedinas.com\/site\/2019\/09\/29\/atletas-mercedinos-quieren-cruzar-los-andes-en-carrera-y-donar-mil-litros-de-leche\/#primaryimage"},"thumbnailUrl":"https:\/\/noticiasmercedinas.com\/site\/wp-content\/uploads\/2019\/09\/el-cruce-2019.jpg","datePublished":"2019-09-29T23:13:48+00:00","dateModified":"2019-09-29T23:14:45+00:00","breadcrumb":{"@id":"https:\/\/noticiasmercedinas.com\/site\/2019\/09\/29\/atletas-mercedinos-quieren-cruzar-los-andes-en-carrera-y-donar-mil-litros-de-leche\/#breadcrumb"},"inLanguage":"es","potentialAction":[{"@type":"ReadAction","target":["https:\/\/noticiasmercedinas.com\/site\/2019\/09\/29\/atletas-mercedinos-quieren-cruzar-los-andes-en-carrera-y-donar-mil-litros-de-leche\/"]}]},{"@type":"ImageObject","inLanguage":"es","@id":"https:\/\/noticiasmercedinas.com\/site\/2019\/09\/29\/atletas-mercedinos-quieren-cruzar-los-andes-en-carrera-y-donar-mil-litros-de-leche\/#primaryimage","url":"https:\/\/noticiasmercedinas.com\/site\/wp-content\/uploads\/2019\/09\/el-cruce-2019.jpg","contentUrl":"https:\/\/noticiasmercedinas.com\/site\/wp-content\/uploads\/2019\/09\/el-cruce-2019.jpg","width":1900,"height":870},{"@type":"BreadcrumbList","@id":"https:\/\/noticiasmercedinas.com\/site\/2019\/09\/29\/atletas-mercedinos-quieren-cruzar-los-andes-en-carrera-y-donar-mil-litros-de-leche\/#breadcrumb","itemListElement":[{"@type":"ListItem","position":1,"name":"Portada","item":"https:\/\/noticiasmercedinas.com\/site\/"},{"@type":"ListItem","position":2,"name":"Atletas mercedinos quieren cruzar los Andes en carrera y donar mil litros de leche"}]},{"@type":"WebSite","@id":"https:\/\/noticiasmercedinas.com\/site\/#website","url":"https:\/\/noticiasmercedinas.com\/site\/","name":"NOTICIASMERCEDINAS.COM","description":"Mercedes, Buenos Aires, Argentina","publisher":{"@id":"https:\/\/noticiasmercedinas.com\/site\/#organization"},"potentialAction":[{"@type":"SearchAction","target":{"@type":"EntryPoint","urlTemplate":"https:\/\/noticiasmercedinas.com\/site\/?s={search_term_string}"},"query-input":{"@type":"PropertyValueSpecification","valueRequired":true,"valueName":"search_term_string"}}],"inLanguage":"es"},{"@type":"Organization","@id":"https:\/\/noticiasmercedinas.com\/site\/#organization","name":"NOTICIASMERCEDINAS.COM","url":"https:\/\/noticiasmercedinas.com\/site\/","logo":{"@type":"ImageObject","inLanguage":"es","@id":"https:\/\/noticiasmercedinas.com\/site\/#\/schema\/logo\/image\/","url":"https:\/\/noticiasmercedinas.com\/site\/wp-content\/uploads\/2020\/06\/LOGO-512.jpg","contentUrl":"https:\/\/noticiasmercedinas.com\/site\/wp-content\/uploads\/2020\/06\/LOGO-512.jpg","width":512,"height":512,"caption":"NOTICIASMERCEDINAS.COM"},"image":{"@id":"https:\/\/noticiasmercedinas.com\/site\/#\/schema\/logo\/image\/"},"sameAs":["https:\/\/www.facebook.com\/noticiasmercedinas\/","https:\/\/x.com\/notmercedinas","https:\/\/www.instagram.com\/noticiasmercedinas\/"]},{"@type":"Person","@id":"https:\/\/noticiasmercedinas.com\/site\/#\/schema\/person\/d481a9696a5feaec13a60e2bbd991a6a","name":"Cristian Falabella NOTICIASMERCEDINAS.COM","image":{"@type":"ImageObject","inLanguage":"es","@id":"https:\/\/secure.gravatar.com\/avatar\/0dbbfc45970cc46bcd0e57766228574ff3511d6eed045b182f536f0f478c1f06?s=96&d=mm&r=g","url":"https:\/\/secure.gravatar.com\/avatar\/0dbbfc45970cc46bcd0e57766228574ff3511d6eed045b182f536f0f478c1f06?s=96&d=mm&r=g","contentUrl":"https:\/\/secure.gravatar.com\/avatar\/0dbbfc45970cc46bcd0e57766228574ff3511d6eed045b182f536f0f478c1f06?s=96&d=mm&r=g","caption":"Cristian Falabella NOTICIASMERCEDINAS.COM"},"description":"Periodista, editor de Noticias Mercedinas. Pas\u00f3 por varias redacciones y emprendimientos de prensa, en distintos formatos y \u00e9pocas. Se especializ\u00f3 --y sigue haci\u00e9ndolo-- en comunicaci\u00f3n en la web y en junio de 2006 fund\u00f3 este diario digital.","sameAs":["https:\/\/noticiasmercedinas.com","https:\/\/www.facebook.com\/cristian.falabella","https:\/\/www.instagram.com\/noticiasmercedinas\/","https:\/\/x.com\/https:\/\/twitter.com\/NOTMERCEDINAS"],"url":"https:\/\/noticiasmercedinas.com\/site\/author\/as000384\/"}]}},"amp_enabled":true,"_links":{"self":[{"href":"https:\/\/noticiasmercedinas.com\/site\/wp-json\/wp\/v2\/posts\/29501","targetHints":{"allow":["GET"]}}],"collection":[{"href":"https:\/\/noticiasmercedinas.com\/site\/wp-json\/wp\/v2\/posts"}],"about":[{"href":"https:\/\/noticiasmercedinas.com\/site\/wp-json\/wp\/v2\/types\/post"}],"author":[{"embeddable":true,"href":"https:\/\/noticiasmercedinas.com\/site\/wp-json\/wp\/v2\/users\/2"}],"replies":[{"embeddable":true,"href":"https:\/\/noticiasmercedinas.com\/site\/wp-json\/wp\/v2\/comments?post=29501"}],"version-history":[{"count":2,"href":"https:\/\/noticiasmercedinas.com\/site\/wp-json\/wp\/v2\/posts\/29501\/revisions"}],"predecessor-version":[{"id":29506,"href":"https:\/\/noticiasmercedinas.com\/site\/wp-json\/wp\/v2\/posts\/29501\/revisions\/29506"}],"wp:featuredmedia":[{"embeddable":true,"href":"https:\/\/noticiasmercedinas.com\/site\/wp-json\/wp\/v2\/media\/29503"}],"wp:attachment":[{"href":"https:\/\/noticiasmercedinas.com\/site\/wp-json\/wp\/v2\/media?parent=29501"}],"wp:term":[{"taxonomy":"category","embeddable":true,"href":"https:\/\/noticiasmercedinas.com\/site\/wp-json\/wp\/v2\/categories?post=29501"},{"taxonomy":"post_tag","embeddable":true,"href":"https:\/\/noticiasmercedinas.com\/site\/wp-json\/wp\/v2\/tags?post=29501"}],"curies":[{"name":"wp","href":"https:\/\/api.w.org\/{rel}","templated":true}]}}