{"id":29567,"date":"2019-09-29T22:52:17","date_gmt":"2019-09-30T01:52:17","guid":{"rendered":"https:\/\/noticiasmercedinas.com\/site\/?p=29567"},"modified":"2019-09-29T22:53:41","modified_gmt":"2019-09-30T01:53:41","slug":"el-reducido-esta-muy-cerca","status":"publish","type":"post","link":"https:\/\/noticiasmercedinas.com\/site\/2019\/09\/29\/el-reducido-esta-muy-cerca\/","title":{"rendered":"El Reducido est\u00e1 muy cerca"},"content":{"rendered":"<p>La vig\u00e9sima s\u00e9ptima fue la pen\u00faltima jornada de Primera divisi\u00f3n donde V\u00e9lez qued\u00f3 libre, la jornada tuvo un domingo con cuatro encuentros en la Liga y tres m\u00e1s en el Juan Carlos Biaggini de V\u00e9lez. Gener\u00e1ndose\u00a0 otros dos cotejos, uno en Suipacha y en Marcos Paz para darse el adelanto el jueves de Col\u00f3n y El Front\u00f3n que empataron 1 a 1.<\/p>\n<p>Antes de jugarse la fecha se conoci\u00f3 una protesta presentada de Palometas sobre Col\u00f3n, es de los partidos de Reserva y Primera de la fecha 26\u00b0 donde en la categor\u00eda menor el \u201cGranate\u201d destaca que se incluyeron 6 mayores cuando s\u00f3lo se puede incluir hasta 5. Ya en Primera el reclamo es la inclusi\u00f3n de Jerem\u00edas Rey que habr\u00eda estado sin cumplir la sanci\u00f3n que pesaba sobre el jugador. De esta manera el Tribunal trabaja sobre ambos casos.<\/p>\n<p>Este domingo no logr\u00f3 jugarse Talleres y Ateneo por no presentaci\u00f3n del primero, con lo que los puntos ser\u00e1n para Ateneo aunque ello lo confirmar\u00e1 el Tribunal de Penas. De confirmarse quedar\u00e1 sin chance de Reducido Col\u00f3n y clasificado Ateneo. Por otra parte en Suipacha a los 6\u2019 del complemento Luis L\u00f3pez suspendi\u00f3 el encuentro por falta de garant\u00edas cuando se registraban incidentes entre hinchas de Juventud y Holanda, la no continuidad fue por falta de garant\u00edas, otro caso para el HTP de la Liga.<\/p>\n<p>Para el cierre queda una fecha, m\u00e1s tarde el Reducido. Este domingo Trocha gole\u00f3 a Defensores y qued\u00f3 como \u00fanico puntero de la Zona B, es que Club Mercedes y Los Carteros igualaron 1-1. Palometas gole\u00f3 a Uni\u00f3n y sigue a dos de San Mart\u00edn que se impuso a Diego Armando. Ya en cancha de V\u00e9lez empataron Quilmes y Atl\u00e9tico Marcos Paz y El Tim\u00f3n le gan\u00f3 a Estudiantes por la m\u00ednima.<\/p>\n<p><strong>Pabell\u00f3n Argentino 6:<\/strong> Juan Paulerena 2, Esteban Fern\u00e1ndez 2 y Castelano 2.<br \/>\n<strong>Costa Brava 1:<\/strong> Nicol\u00e1s Amaya.<br \/>\n<strong><br \/>\nTrocha 6:<\/strong> Maximiliano Ballesteros 4 y Agust\u00edn Uviz 2.<br \/>\n<strong>Defensores Juniors 0<\/strong>.<\/p>\n<p><strong>Uni\u00f3n 0.<br \/>\nPalometas FC 8:<\/strong> Federico Amorena 3, Diego Figueredo 2, Luciano Apariente y David Bertera.<\/p>\n<p><strong>Club Mercedes 1:<\/strong> Solano Espil.<br \/>\n<strong>Los Carteros 1:<\/strong> Germ\u00e1n Lucero.<\/p>\n<p><strong>La Diego Armando 2:<\/strong> Santiago Roth y Franco Trofelli.<br \/>\n<strong>AMEFIP San Mart\u00edn 3:<\/strong> Enzo Cabuccio 3 y Sergio Pereyra.<\/p>\n<p><strong>Estudiantes 0.<br \/>\nEl Tim\u00f3n 1:<\/strong> Mat\u00edas S\u00e1nchez.<\/p>\n<p><strong>Quilmes 2:<\/strong> Dami\u00e1n Mansilla y Nicol\u00e1s Paniagua.<br \/>\n<strong>Atl\u00e9tico Marcos Paz 2:<\/strong> Facundo Heredia y Wilson N\u00fa\u00f1ez.<\/p>\n<p><strong>Juventud de Suipacha 1:<\/strong> Nicol\u00e1s Minetti.<br \/>\n<strong>Holanda 0<\/strong>.<br \/>\nSuspendido en el segundo tiempo.<\/p>\n\n<table id=\"tablepress-11\" class=\"tablepress tablepress-id-11\">\n<thead>\n<tr class=\"row-1\">\n\t<th class=\"column-1\">Zona A<\/th><td class=\"column-2\"><\/td><td class=\"column-3\"><\/td><td class=\"column-4\"><\/td><td class=\"column-5\"><\/td><td class=\"column-6\"><\/td><td class=\"column-7\"><\/td><td class=\"column-8\"><\/td><td class=\"column-9\"><\/td><td class=\"column-10\"><\/td>\n<\/tr>\n<\/thead>\n<tbody class=\"row-striping row-hover\">\n<tr class=\"row-2\">\n\t<td class=\"column-1\">Pos<\/td><td class=\"column-2\">Equipos<\/td><td class=\"column-3\">PJ<\/td><td class=\"column-4\">PG<\/td><td class=\"column-5\">PE<\/td><td class=\"column-6\">PP<\/td><td class=\"column-7\">GF<\/td><td class=\"column-8\">GC<\/td><td class=\"column-9\">Dif<\/td><td class=\"column-10\">Pts<\/td>\n<\/tr>\n<tr class=\"row-3\">\n\t<td class=\"column-1\">1<\/td><td class=\"column-2\">Pabell\u00f3n<\/td><td class=\"column-3\">23<\/td><td class=\"column-4\">10<\/td><td class=\"column-5\">8<\/td><td class=\"column-6\">5<\/td><td class=\"column-7\">37<\/td><td class=\"column-8\">28<\/td><td class=\"column-9\">9<\/td><td class=\"column-10\">38<\/td>\n<\/tr>\n<tr class=\"row-4\">\n\t<td class=\"column-1\">2<\/td><td class=\"column-2\">Estudiantes<\/td><td class=\"column-3\">24<\/td><td class=\"column-4\">8<\/td><td class=\"column-5\">9<\/td><td class=\"column-6\">7<\/td><td class=\"column-7\">33<\/td><td class=\"column-8\">27<\/td><td class=\"column-9\">6<\/td><td class=\"column-10\">33<\/td>\n<\/tr>\n<tr class=\"row-5\">\n\t<td class=\"column-1\">3<\/td><td class=\"column-2\">Holanda<\/td><td class=\"column-3\">24<\/td><td class=\"column-4\">8<\/td><td class=\"column-5\">7<\/td><td class=\"column-6\">9<\/td><td class=\"column-7\">32<\/td><td class=\"column-8\">28<\/td><td class=\"column-9\">4<\/td><td class=\"column-10\">31<\/td>\n<\/tr>\n<tr class=\"row-6\">\n\t<td class=\"column-1\">4<\/td><td class=\"column-2\">La Diego Armando <\/td><td class=\"column-3\">24<\/td><td class=\"column-4\">6<\/td><td class=\"column-5\">7<\/td><td class=\"column-6\">11<\/td><td class=\"column-7\">39<\/td><td class=\"column-8\">45<\/td><td class=\"column-9\">-7<\/td><td class=\"column-10\">25<\/td>\n<\/tr>\n<tr class=\"row-7\">\n\t<td class=\"column-1\">5<\/td><td class=\"column-2\">Uni\u00f3n<\/td><td class=\"column-3\">24<\/td><td class=\"column-4\">0<\/td><td class=\"column-5\">1<\/td><td class=\"column-6\">23<\/td><td class=\"column-7\">9<\/td><td class=\"column-8\">108<\/td><td class=\"column-9\">-99<\/td><td class=\"column-10\">1<\/td>\n<\/tr>\n<\/tbody>\n<\/table>\n<!-- #tablepress-11 from cache -->\n\n<table id=\"tablepress-12\" class=\"tablepress tablepress-id-12\">\n<thead>\n<tr class=\"row-1\">\n\t<th class=\"column-1\">Zona B<\/th><td class=\"column-2\"><\/td><td class=\"column-3\"><\/td><td class=\"column-4\"><\/td><td class=\"column-5\"><\/td><td class=\"column-6\"><\/td><td class=\"column-7\"><\/td><td class=\"column-8\"><\/td><td class=\"column-9\"><\/td><td class=\"column-10\"><\/td>\n<\/tr>\n<\/thead>\n<tbody class=\"row-striping row-hover\">\n<tr class=\"row-2\">\n\t<td class=\"column-1\">Pos<\/td><td class=\"column-2\">Equipos<\/td><td class=\"column-3\">PJ<\/td><td class=\"column-4\">PG<\/td><td class=\"column-5\">PE<\/td><td class=\"column-6\">PP<\/td><td class=\"column-7\">GF<\/td><td class=\"column-8\">GC<\/td><td class=\"column-9\">Dif<\/td><td class=\"column-10\">Pts<\/td>\n<\/tr>\n<tr class=\"row-3\">\n\t<td class=\"column-1\">1<\/td><td class=\"column-2\">Trocha<\/td><td class=\"column-3\">24<\/td><td class=\"column-4\">16<\/td><td class=\"column-5\">6<\/td><td class=\"column-6\">2<\/td><td class=\"column-7\">63<\/td><td class=\"column-8\">16<\/td><td class=\"column-9\">47<\/td><td class=\"column-10\">54<\/td>\n<\/tr>\n<tr class=\"row-4\">\n\t<td class=\"column-1\">2<\/td><td class=\"column-2\">Club Mercedes<\/td><td class=\"column-3\">24<\/td><td class=\"column-4\">15<\/td><td class=\"column-5\">7<\/td><td class=\"column-6\">2<\/td><td class=\"column-7\">49<\/td><td class=\"column-8\">22<\/td><td class=\"column-9\">27<\/td><td class=\"column-10\">52<\/td>\n<\/tr>\n<tr class=\"row-5\">\n\t<td class=\"column-1\">3<\/td><td class=\"column-2\">Atl\u00e9tico Marcos Paz<\/td><td class=\"column-3\">24<\/td><td class=\"column-4\">11<\/td><td class=\"column-5\">5<\/td><td class=\"column-6\">8<\/td><td class=\"column-7\">53<\/td><td class=\"column-8\">37<\/td><td class=\"column-9\">16<\/td><td class=\"column-10\">38<\/td>\n<\/tr>\n<tr class=\"row-6\">\n\t<td class=\"column-1\">4<\/td><td class=\"column-2\">Ateneo de la Juventud<\/td><td class=\"column-3\">24<\/td><td class=\"column-4\">9<\/td><td class=\"column-5\">4<\/td><td class=\"column-6\">11<\/td><td class=\"column-7\">44<\/td><td class=\"column-8\">40<\/td><td class=\"column-9\">4<\/td><td class=\"column-10\">31<\/td>\n<\/tr>\n<tr class=\"row-7\">\n\t<td class=\"column-1\">5<\/td><td class=\"column-2\">Col\u00f3n<\/td><td class=\"column-3\">24<\/td><td class=\"column-4\">5<\/td><td class=\"column-5\">10<\/td><td class=\"column-6\">9<\/td><td class=\"column-7\">26<\/td><td class=\"column-8\">30<\/td><td class=\"column-9\">-4<\/td><td class=\"column-10\">25<\/td>\n<\/tr>\n<\/tbody>\n<\/table>\n<!-- #tablepress-12 from cache -->\n\n<table id=\"tablepress-13\" class=\"tablepress tablepress-id-13\">\n<thead>\n<tr class=\"row-1\">\n\t<th class=\"column-1\">Zona C<\/th><td class=\"column-2\"><\/td><td class=\"column-3\"><\/td><td class=\"column-4\"><\/td><td class=\"column-5\"><\/td><td class=\"column-6\"><\/td><td class=\"column-7\"><\/td><td class=\"column-8\"><\/td><td class=\"column-9\"><\/td><td class=\"column-10\"><\/td>\n<\/tr>\n<\/thead>\n<tbody class=\"row-striping row-hover\">\n<tr class=\"row-2\">\n\t<td class=\"column-1\">Pos<\/td><td class=\"column-2\">Equipos<\/td><td class=\"column-3\">PJ<\/td><td class=\"column-4\">PG<\/td><td class=\"column-5\">PE<\/td><td class=\"column-6\">PP<\/td><td class=\"column-7\">GF<\/td><td class=\"column-8\">GC<\/td><td class=\"column-9\">Dif<\/td><td class=\"column-10\">Pts<\/td>\n<\/tr>\n<tr class=\"row-3\">\n\t<td class=\"column-1\">1<\/td><td class=\"column-2\">El Front\u00f3n<\/td><td class=\"column-3\">24<\/td><td class=\"column-4\">17<\/td><td class=\"column-5\">5<\/td><td class=\"column-6\">2<\/td><td class=\"column-7\">66<\/td><td class=\"column-8\">14<\/td><td class=\"column-9\">52<\/td><td class=\"column-10\">56<\/td>\n<\/tr>\n<tr class=\"row-4\">\n\t<td class=\"column-1\">2<\/td><td class=\"column-2\">Los Carteros<\/td><td class=\"column-3\">24<\/td><td class=\"column-4\">11<\/td><td class=\"column-5\">7<\/td><td class=\"column-6\">6<\/td><td class=\"column-7\">47<\/td><td class=\"column-8\">23<\/td><td class=\"column-9\">24<\/td><td class=\"column-10\">40<\/td>\n<\/tr>\n<tr class=\"row-5\">\n\t<td class=\"column-1\">3<\/td><td class=\"column-2\">Quilmes<\/td><td class=\"column-3\">24<\/td><td class=\"column-4\">11<\/td><td class=\"column-5\">6<\/td><td class=\"column-6\">7<\/td><td class=\"column-7\">37<\/td><td class=\"column-8\">33<\/td><td class=\"column-9\">4<\/td><td class=\"column-10\">39<\/td>\n<\/tr>\n<tr class=\"row-6\">\n\t<td class=\"column-1\">4<\/td><td class=\"column-2\">Defensores<\/td><td class=\"column-3\">23<\/td><td class=\"column-4\">5<\/td><td class=\"column-5\">3<\/td><td class=\"column-6\">16<\/td><td class=\"column-7\">30<\/td><td class=\"column-8\">58<\/td><td class=\"column-9\">-28<\/td><td class=\"column-10\">18<\/td>\n<\/tr>\n<tr class=\"row-7\">\n\t<td class=\"column-1\">5<\/td><td class=\"column-2\">Talleres<\/td><td class=\"column-3\">23<\/td><td class=\"column-4\">1<\/td><td class=\"column-5\">2<\/td><td class=\"column-6\">20<\/td><td class=\"column-7\">15<\/td><td class=\"column-8\">109<\/td><td class=\"column-9\">-94<\/td><td class=\"column-10\">5<\/td>\n<\/tr>\n<\/tbody>\n<\/table>\n<!-- #tablepress-13 from cache -->\n\n<table id=\"tablepress-14\" class=\"tablepress tablepress-id-14\">\n<thead>\n<tr class=\"row-1\">\n\t<th class=\"column-1\">Zona D<\/th><td class=\"column-2\"><\/td><td class=\"column-3\"><\/td><td class=\"column-4\"><\/td><td class=\"column-5\"><\/td><td class=\"column-6\"><\/td><td class=\"column-7\"><\/td><td class=\"column-8\"><\/td><td class=\"column-9\"><\/td><td class=\"column-10\"><\/td>\n<\/tr>\n<\/thead>\n<tbody class=\"row-striping row-hover\">\n<tr class=\"row-2\">\n\t<td class=\"column-1\">Pos<\/td><td class=\"column-2\">Equipos<\/td><td class=\"column-3\">PJ<\/td><td class=\"column-4\">PG<\/td><td class=\"column-5\">PE<\/td><td class=\"column-6\">PP<\/td><td class=\"column-7\">GF<\/td><td class=\"column-8\">GC<\/td><td class=\"column-9\">Dif<\/td><td class=\"column-10\">Pts<\/td>\n<\/tr>\n<tr class=\"row-3\">\n\t<td class=\"column-1\">1<\/td><td class=\"column-2\">Juventud<\/td><td class=\"column-3\">25<\/td><td class=\"column-4\">18<\/td><td class=\"column-5\">2<\/td><td class=\"column-6\">5<\/td><td class=\"column-7\">58<\/td><td class=\"column-8\">24<\/td><td class=\"column-9\">34<\/td><td class=\"column-10\">56<\/td>\n<\/tr>\n<tr class=\"row-4\">\n\t<td class=\"column-1\">2<\/td><td class=\"column-2\">V\u00e9lez<\/td><td class=\"column-3\">25<\/td><td class=\"column-4\">11<\/td><td class=\"column-5\">7<\/td><td class=\"column-6\">7<\/td><td class=\"column-7\">49<\/td><td class=\"column-8\">34<\/td><td class=\"column-9\">14<\/td><td class=\"column-10\">40<\/td>\n<\/tr>\n<tr class=\"row-5\">\n\t<td class=\"column-1\">3<\/td><td class=\"column-2\">El Tim\u00f3n<\/td><td class=\"column-3\">25<\/td><td class=\"column-4\">11<\/td><td class=\"column-5\">5<\/td><td class=\"column-6\">9<\/td><td class=\"column-7\">43<\/td><td class=\"column-8\">32<\/td><td class=\"column-9\">11<\/td><td class=\"column-10\">38<\/td>\n<\/tr>\n<tr class=\"row-6\">\n\t<td class=\"column-1\">4<\/td><td class=\"column-2\">AMEFIP San Mart\u00edn<\/td><td class=\"column-3\">25<\/td><td class=\"column-4\">11<\/td><td class=\"column-5\">3<\/td><td class=\"column-6\">11<\/td><td class=\"column-7\">51<\/td><td class=\"column-8\">36<\/td><td class=\"column-9\">15<\/td><td class=\"column-10\">36<\/td>\n<\/tr>\n<tr class=\"row-7\">\n\t<td class=\"column-1\">5<\/td><td class=\"column-2\">Palometas FC<\/td><td class=\"column-3\">25<\/td><td class=\"column-4\">10<\/td><td class=\"column-5\">6<\/td><td class=\"column-6\">9<\/td><td class=\"column-7\">47<\/td><td class=\"column-8\">42<\/td><td class=\"column-9\">5<\/td><td class=\"column-10\">36<\/td>\n<\/tr>\n<tr class=\"row-8\">\n\t<td class=\"column-1\">6<\/td><td class=\"column-2\">Costa Brava<\/td><td class=\"column-3\">25<\/td><td class=\"column-4\">2<\/td><td class=\"column-5\">5<\/td><td class=\"column-6\">18<\/td><td class=\"column-7\">19<\/td><td class=\"column-8\">64<\/td><td class=\"column-9\">-45<\/td><td class=\"column-10\">11<\/td>\n<\/tr>\n<\/tbody>\n<\/table>\n<!-- #tablepress-14 from cache -->\n<p><strong>Pr\u00f3xima fecha<\/strong><br \/>\nPr\u00f3xima fecha<br \/>\nHolanda vs. Diego Armando.<br \/>\nEstudiantes vs. Uni\u00f3n.<br \/>\nAtl\u00e9tico Marcos Paz vs. Col\u00f3n.<br \/>\nTrocha vs. Club Mercedes.<br \/>\nLos Carteros vs. Quilmes.<br \/>\nTalleres vs. El Front\u00f3n.<br \/>\nPalometas vs. El Tim\u00f3n.<br \/>\nCosta Brava vs. AMEFIP San Mart\u00edn.<br \/>\nV\u00e9lez vs. Juventud.<br \/>\n<strong>Libres:<\/strong> Pabell\u00f3n, Ateneo de al Juventud y Defensores Juniors.<\/p>\n<p><strong>Reserva<\/strong><br \/>\n<strong>Club Mercedes 4:<\/strong> Francisco Silvestre, Juli\u00e1n Lussello 2 y Luca Dadea.<br \/>\n<strong>Los Carteros 2:<\/strong> Joaqu\u00edn Navarro y Nicol\u00e1s Montenegro.<\/p>\n<p><strong>Ateneo 0.<br \/>\nTalleres Payr\u00f3 0<\/strong>.<br \/>\nSuspendido a los 30\u2019 del PT.<\/p>\n<p><strong>La Diego Armando 1:<\/strong> Alejandro Balcaza.<br \/>\n<strong>AMEFIP San Mart\u00edn 0.<\/strong><\/p>\n<p><strong>Uni\u00f3n 2.<\/strong><br \/>\n<strong>Palometas 2:<\/strong> Lautaro Bustos 2.<\/p>\n<p><strong>Trocha 0.<br \/>\nDefensores 0<\/strong>.<\/p>\n<p><strong>Estudiantes 2: <\/strong>Agust\u00edn Luna y Lucas Bacigalupo.<br \/>\n<strong>El Tim\u00f3n 0<\/strong>.<\/p>\n<p>Pa<strong>bell\u00f3n Argentino 1: <\/strong>Luciano Gallardo.<br \/>\n<strong>Costa Brava 2:<\/strong> Joaqu\u00edn Ullua 2.<\/p>\n<p><strong>Quilmes 4:<\/strong> El\u00edas Mu\u00f1oz 2, Lucas Nocetti y Dabove.<br \/>\n<strong>Atl\u00e9tico Marcos Paz 1.<\/strong><\/p>\n<p><strong>Juventud 0.<br \/>\nHolanda 3<\/strong>.<\/p>\n","protected":false},"excerpt":{"rendered":"<p>La vig\u00e9sima s\u00e9ptima fue la pen\u00faltima jornada de Primera divisi\u00f3n donde V\u00e9lez qued\u00f3 libre, la jornada tuvo un domingo con cuatro encuentros en la Liga y tres m\u00e1s en el Juan Carlos Biaggini de V\u00e9lez. Gener\u00e1ndose\u00a0 otros dos cotejos, uno en Suipacha y en Marcos Paz para darse el adelanto el jueves de Col\u00f3n y [&hellip;]<\/p>\n","protected":false},"author":16,"featured_media":29569,"comment_status":"open","ping_status":"open","sticky":false,"template":"","format":"standard","meta":{"footnotes":""},"categories":[5],"tags":[3346,592],"class_list":["post-29567","post","type-post","status-publish","format-standard","has-post-thumbnail","hentry","category-deportes","tag-liga-mercedina-de-futbol","tag-reserva"],"yoast_head":"<!-- This site is optimized with the Yoast SEO plugin v27.5 - https:\/\/yoast.com\/product\/yoast-seo-wordpress\/ -->\n<title>El Reducido est\u00e1 muy cerca<\/title>\n<meta name=\"robots\" content=\"index, follow, max-snippet:-1, max-image-preview:large, max-video-preview:-1\" \/>\n<link rel=\"canonical\" href=\"https:\/\/noticiasmercedinas.com\/site\/2019\/09\/29\/el-reducido-esta-muy-cerca\/\" \/>\n<meta property=\"og:locale\" content=\"es_ES\" \/>\n<meta property=\"og:type\" content=\"article\" \/>\n<meta property=\"og:title\" content=\"El Reducido est\u00e1 muy cerca\" \/>\n<meta property=\"og:description\" content=\"La vig\u00e9sima s\u00e9ptima fue la pen\u00faltima jornada de Primera divisi\u00f3n donde V\u00e9lez qued\u00f3 libre, la jornada tuvo un domingo con cuatro encuentros en la Liga y tres m\u00e1s en el Juan Carlos Biaggini de V\u00e9lez. Gener\u00e1ndose\u00a0 otros dos cotejos, uno en Suipacha y en Marcos Paz para darse el adelanto el jueves de Col\u00f3n y [&hellip;]\" \/>\n<meta property=\"og:url\" content=\"https:\/\/noticiasmercedinas.com\/site\/2019\/09\/29\/el-reducido-esta-muy-cerca\/\" \/>\n<meta property=\"og:site_name\" content=\"NOTICIASMERCEDINAS.COM\" \/>\n<meta property=\"article:publisher\" content=\"https:\/\/www.facebook.com\/noticiasmercedinas\/\" \/>\n<meta property=\"article:published_time\" content=\"2019-09-30T01:52:17+00:00\" \/>\n<meta property=\"article:modified_time\" content=\"2019-09-30T01:53:41+00:00\" \/>\n<meta property=\"og:image\" content=\"https:\/\/noticiasmercedinas.com\/site\/wp-content\/uploads\/2019\/09\/IMG_4914.jpg\" \/>\n\t<meta property=\"og:image:width\" content=\"650\" \/>\n\t<meta property=\"og:image:height\" content=\"423\" \/>\n\t<meta property=\"og:image:type\" content=\"image\/jpeg\" \/>\n<meta name=\"author\" content=\"NOTICIASMERCEDINAS.COM\" \/>\n<meta name=\"twitter:card\" content=\"summary_large_image\" \/>\n<meta name=\"twitter:creator\" content=\"@notmercedinas\" \/>\n<meta name=\"twitter:site\" content=\"@notmercedinas\" \/>\n<meta name=\"twitter:label1\" content=\"Escrito por\" \/>\n\t<meta name=\"twitter:data1\" content=\"NOTICIASMERCEDINAS.COM\" \/>\n\t<meta name=\"twitter:label2\" content=\"Tiempo de lectura\" \/>\n\t<meta name=\"twitter:data2\" content=\"3 minutos\" \/>\n<script type=\"application\/ld+json\" class=\"yoast-schema-graph\">{\"@context\":\"https:\\\/\\\/schema.org\",\"@graph\":[{\"@type\":\"Article\",\"@id\":\"https:\\\/\\\/noticiasmercedinas.com\\\/site\\\/2019\\\/09\\\/29\\\/el-reducido-esta-muy-cerca\\\/#article\",\"isPartOf\":{\"@id\":\"https:\\\/\\\/noticiasmercedinas.com\\\/site\\\/2019\\\/09\\\/29\\\/el-reducido-esta-muy-cerca\\\/\"},\"author\":{\"name\":\"NOTICIASMERCEDINAS.COM\",\"@id\":\"https:\\\/\\\/noticiasmercedinas.com\\\/site\\\/#\\\/schema\\\/person\\\/84b59c099c28ff2e8b77d4ceec5d8063\"},\"headline\":\"El Reducido est\u00e1 muy cerca\",\"datePublished\":\"2019-09-30T01:52:17+00:00\",\"dateModified\":\"2019-09-30T01:53:41+00:00\",\"mainEntityOfPage\":{\"@id\":\"https:\\\/\\\/noticiasmercedinas.com\\\/site\\\/2019\\\/09\\\/29\\\/el-reducido-esta-muy-cerca\\\/\"},\"wordCount\":574,\"commentCount\":0,\"publisher\":{\"@id\":\"https:\\\/\\\/noticiasmercedinas.com\\\/site\\\/#organization\"},\"image\":{\"@id\":\"https:\\\/\\\/noticiasmercedinas.com\\\/site\\\/2019\\\/09\\\/29\\\/el-reducido-esta-muy-cerca\\\/#primaryimage\"},\"thumbnailUrl\":\"https:\\\/\\\/noticiasmercedinas.com\\\/site\\\/wp-content\\\/uploads\\\/2019\\\/09\\\/IMG_4914.jpg\",\"keywords\":[\"Liga Mercedina de F\u00fatbol\",\"reserva\"],\"articleSection\":[\"Deportes\"],\"inLanguage\":\"es\",\"potentialAction\":[{\"@type\":\"CommentAction\",\"name\":\"Comment\",\"target\":[\"https:\\\/\\\/noticiasmercedinas.com\\\/site\\\/2019\\\/09\\\/29\\\/el-reducido-esta-muy-cerca\\\/#respond\"]}]},{\"@type\":\"WebPage\",\"@id\":\"https:\\\/\\\/noticiasmercedinas.com\\\/site\\\/2019\\\/09\\\/29\\\/el-reducido-esta-muy-cerca\\\/\",\"url\":\"https:\\\/\\\/noticiasmercedinas.com\\\/site\\\/2019\\\/09\\\/29\\\/el-reducido-esta-muy-cerca\\\/\",\"name\":\"El Reducido est\u00e1 muy cerca\",\"isPartOf\":{\"@id\":\"https:\\\/\\\/noticiasmercedinas.com\\\/site\\\/#website\"},\"primaryImageOfPage\":{\"@id\":\"https:\\\/\\\/noticiasmercedinas.com\\\/site\\\/2019\\\/09\\\/29\\\/el-reducido-esta-muy-cerca\\\/#primaryimage\"},\"image\":{\"@id\":\"https:\\\/\\\/noticiasmercedinas.com\\\/site\\\/2019\\\/09\\\/29\\\/el-reducido-esta-muy-cerca\\\/#primaryimage\"},\"thumbnailUrl\":\"https:\\\/\\\/noticiasmercedinas.com\\\/site\\\/wp-content\\\/uploads\\\/2019\\\/09\\\/IMG_4914.jpg\",\"datePublished\":\"2019-09-30T01:52:17+00:00\",\"dateModified\":\"2019-09-30T01:53:41+00:00\",\"breadcrumb\":{\"@id\":\"https:\\\/\\\/noticiasmercedinas.com\\\/site\\\/2019\\\/09\\\/29\\\/el-reducido-esta-muy-cerca\\\/#breadcrumb\"},\"inLanguage\":\"es\",\"potentialAction\":[{\"@type\":\"ReadAction\",\"target\":[\"https:\\\/\\\/noticiasmercedinas.com\\\/site\\\/2019\\\/09\\\/29\\\/el-reducido-esta-muy-cerca\\\/\"]}]},{\"@type\":\"ImageObject\",\"inLanguage\":\"es\",\"@id\":\"https:\\\/\\\/noticiasmercedinas.com\\\/site\\\/2019\\\/09\\\/29\\\/el-reducido-esta-muy-cerca\\\/#primaryimage\",\"url\":\"https:\\\/\\\/noticiasmercedinas.com\\\/site\\\/wp-content\\\/uploads\\\/2019\\\/09\\\/IMG_4914.jpg\",\"contentUrl\":\"https:\\\/\\\/noticiasmercedinas.com\\\/site\\\/wp-content\\\/uploads\\\/2019\\\/09\\\/IMG_4914.jpg\",\"width\":650,\"height\":423},{\"@type\":\"BreadcrumbList\",\"@id\":\"https:\\\/\\\/noticiasmercedinas.com\\\/site\\\/2019\\\/09\\\/29\\\/el-reducido-esta-muy-cerca\\\/#breadcrumb\",\"itemListElement\":[{\"@type\":\"ListItem\",\"position\":1,\"name\":\"Portada\",\"item\":\"https:\\\/\\\/noticiasmercedinas.com\\\/site\\\/\"},{\"@type\":\"ListItem\",\"position\":2,\"name\":\"El Reducido est\u00e1 muy cerca\"}]},{\"@type\":\"WebSite\",\"@id\":\"https:\\\/\\\/noticiasmercedinas.com\\\/site\\\/#website\",\"url\":\"https:\\\/\\\/noticiasmercedinas.com\\\/site\\\/\",\"name\":\"NOTICIASMERCEDINAS.COM\",\"description\":\"Mercedes, Buenos Aires, Argentina\",\"publisher\":{\"@id\":\"https:\\\/\\\/noticiasmercedinas.com\\\/site\\\/#organization\"},\"potentialAction\":[{\"@type\":\"SearchAction\",\"target\":{\"@type\":\"EntryPoint\",\"urlTemplate\":\"https:\\\/\\\/noticiasmercedinas.com\\\/site\\\/?s={search_term_string}\"},\"query-input\":{\"@type\":\"PropertyValueSpecification\",\"valueRequired\":true,\"valueName\":\"search_term_string\"}}],\"inLanguage\":\"es\"},{\"@type\":\"Organization\",\"@id\":\"https:\\\/\\\/noticiasmercedinas.com\\\/site\\\/#organization\",\"name\":\"NOTICIASMERCEDINAS.COM\",\"url\":\"https:\\\/\\\/noticiasmercedinas.com\\\/site\\\/\",\"logo\":{\"@type\":\"ImageObject\",\"inLanguage\":\"es\",\"@id\":\"https:\\\/\\\/noticiasmercedinas.com\\\/site\\\/#\\\/schema\\\/logo\\\/image\\\/\",\"url\":\"https:\\\/\\\/noticiasmercedinas.com\\\/site\\\/wp-content\\\/uploads\\\/2020\\\/06\\\/LOGO-512.jpg\",\"contentUrl\":\"https:\\\/\\\/noticiasmercedinas.com\\\/site\\\/wp-content\\\/uploads\\\/2020\\\/06\\\/LOGO-512.jpg\",\"width\":512,\"height\":512,\"caption\":\"NOTICIASMERCEDINAS.COM\"},\"image\":{\"@id\":\"https:\\\/\\\/noticiasmercedinas.com\\\/site\\\/#\\\/schema\\\/logo\\\/image\\\/\"},\"sameAs\":[\"https:\\\/\\\/www.facebook.com\\\/noticiasmercedinas\\\/\",\"https:\\\/\\\/x.com\\\/notmercedinas\",\"https:\\\/\\\/www.instagram.com\\\/noticiasmercedinas\\\/\"]},{\"@type\":\"Person\",\"@id\":\"https:\\\/\\\/noticiasmercedinas.com\\\/site\\\/#\\\/schema\\\/person\\\/84b59c099c28ff2e8b77d4ceec5d8063\",\"name\":\"NOTICIASMERCEDINAS.COM\",\"image\":{\"@type\":\"ImageObject\",\"inLanguage\":\"es\",\"@id\":\"https:\\\/\\\/secure.gravatar.com\\\/avatar\\\/4dfbf16b4d17945bfb6341b2d19043457132fcf478a5ee04f42e959fd8f5df0a?s=96&d=mm&r=g\",\"url\":\"https:\\\/\\\/secure.gravatar.com\\\/avatar\\\/4dfbf16b4d17945bfb6341b2d19043457132fcf478a5ee04f42e959fd8f5df0a?s=96&d=mm&r=g\",\"contentUrl\":\"https:\\\/\\\/secure.gravatar.com\\\/avatar\\\/4dfbf16b4d17945bfb6341b2d19043457132fcf478a5ee04f42e959fd8f5df0a?s=96&d=mm&r=g\",\"caption\":\"NOTICIASMERCEDINAS.COM\"},\"url\":\"https:\\\/\\\/noticiasmercedinas.com\\\/site\\\/author\\\/anonimo\\\/\"}]}<\/script>\n<!-- \/ Yoast SEO plugin. -->","yoast_head_json":{"title":"El Reducido est\u00e1 muy cerca","robots":{"index":"index","follow":"follow","max-snippet":"max-snippet:-1","max-image-preview":"max-image-preview:large","max-video-preview":"max-video-preview:-1"},"canonical":"https:\/\/noticiasmercedinas.com\/site\/2019\/09\/29\/el-reducido-esta-muy-cerca\/","og_locale":"es_ES","og_type":"article","og_title":"El Reducido est\u00e1 muy cerca","og_description":"La vig\u00e9sima s\u00e9ptima fue la pen\u00faltima jornada de Primera divisi\u00f3n donde V\u00e9lez qued\u00f3 libre, la jornada tuvo un domingo con cuatro encuentros en la Liga y tres m\u00e1s en el Juan Carlos Biaggini de V\u00e9lez. Gener\u00e1ndose\u00a0 otros dos cotejos, uno en Suipacha y en Marcos Paz para darse el adelanto el jueves de Col\u00f3n y [&hellip;]","og_url":"https:\/\/noticiasmercedinas.com\/site\/2019\/09\/29\/el-reducido-esta-muy-cerca\/","og_site_name":"NOTICIASMERCEDINAS.COM","article_publisher":"https:\/\/www.facebook.com\/noticiasmercedinas\/","article_published_time":"2019-09-30T01:52:17+00:00","article_modified_time":"2019-09-30T01:53:41+00:00","og_image":[{"width":650,"height":423,"url":"https:\/\/noticiasmercedinas.com\/site\/wp-content\/uploads\/2019\/09\/IMG_4914.jpg","type":"image\/jpeg"}],"author":"NOTICIASMERCEDINAS.COM","twitter_card":"summary_large_image","twitter_creator":"@notmercedinas","twitter_site":"@notmercedinas","twitter_misc":{"Escrito por":"NOTICIASMERCEDINAS.COM","Tiempo de lectura":"3 minutos"},"schema":{"@context":"https:\/\/schema.org","@graph":[{"@type":"Article","@id":"https:\/\/noticiasmercedinas.com\/site\/2019\/09\/29\/el-reducido-esta-muy-cerca\/#article","isPartOf":{"@id":"https:\/\/noticiasmercedinas.com\/site\/2019\/09\/29\/el-reducido-esta-muy-cerca\/"},"author":{"name":"NOTICIASMERCEDINAS.COM","@id":"https:\/\/noticiasmercedinas.com\/site\/#\/schema\/person\/84b59c099c28ff2e8b77d4ceec5d8063"},"headline":"El Reducido est\u00e1 muy cerca","datePublished":"2019-09-30T01:52:17+00:00","dateModified":"2019-09-30T01:53:41+00:00","mainEntityOfPage":{"@id":"https:\/\/noticiasmercedinas.com\/site\/2019\/09\/29\/el-reducido-esta-muy-cerca\/"},"wordCount":574,"commentCount":0,"publisher":{"@id":"https:\/\/noticiasmercedinas.com\/site\/#organization"},"image":{"@id":"https:\/\/noticiasmercedinas.com\/site\/2019\/09\/29\/el-reducido-esta-muy-cerca\/#primaryimage"},"thumbnailUrl":"https:\/\/noticiasmercedinas.com\/site\/wp-content\/uploads\/2019\/09\/IMG_4914.jpg","keywords":["Liga Mercedina de F\u00fatbol","reserva"],"articleSection":["Deportes"],"inLanguage":"es","potentialAction":[{"@type":"CommentAction","name":"Comment","target":["https:\/\/noticiasmercedinas.com\/site\/2019\/09\/29\/el-reducido-esta-muy-cerca\/#respond"]}]},{"@type":"WebPage","@id":"https:\/\/noticiasmercedinas.com\/site\/2019\/09\/29\/el-reducido-esta-muy-cerca\/","url":"https:\/\/noticiasmercedinas.com\/site\/2019\/09\/29\/el-reducido-esta-muy-cerca\/","name":"El Reducido est\u00e1 muy cerca","isPartOf":{"@id":"https:\/\/noticiasmercedinas.com\/site\/#website"},"primaryImageOfPage":{"@id":"https:\/\/noticiasmercedinas.com\/site\/2019\/09\/29\/el-reducido-esta-muy-cerca\/#primaryimage"},"image":{"@id":"https:\/\/noticiasmercedinas.com\/site\/2019\/09\/29\/el-reducido-esta-muy-cerca\/#primaryimage"},"thumbnailUrl":"https:\/\/noticiasmercedinas.com\/site\/wp-content\/uploads\/2019\/09\/IMG_4914.jpg","datePublished":"2019-09-30T01:52:17+00:00","dateModified":"2019-09-30T01:53:41+00:00","breadcrumb":{"@id":"https:\/\/noticiasmercedinas.com\/site\/2019\/09\/29\/el-reducido-esta-muy-cerca\/#breadcrumb"},"inLanguage":"es","potentialAction":[{"@type":"ReadAction","target":["https:\/\/noticiasmercedinas.com\/site\/2019\/09\/29\/el-reducido-esta-muy-cerca\/"]}]},{"@type":"ImageObject","inLanguage":"es","@id":"https:\/\/noticiasmercedinas.com\/site\/2019\/09\/29\/el-reducido-esta-muy-cerca\/#primaryimage","url":"https:\/\/noticiasmercedinas.com\/site\/wp-content\/uploads\/2019\/09\/IMG_4914.jpg","contentUrl":"https:\/\/noticiasmercedinas.com\/site\/wp-content\/uploads\/2019\/09\/IMG_4914.jpg","width":650,"height":423},{"@type":"BreadcrumbList","@id":"https:\/\/noticiasmercedinas.com\/site\/2019\/09\/29\/el-reducido-esta-muy-cerca\/#breadcrumb","itemListElement":[{"@type":"ListItem","position":1,"name":"Portada","item":"https:\/\/noticiasmercedinas.com\/site\/"},{"@type":"ListItem","position":2,"name":"El Reducido est\u00e1 muy cerca"}]},{"@type":"WebSite","@id":"https:\/\/noticiasmercedinas.com\/site\/#website","url":"https:\/\/noticiasmercedinas.com\/site\/","name":"NOTICIASMERCEDINAS.COM","description":"Mercedes, Buenos Aires, Argentina","publisher":{"@id":"https:\/\/noticiasmercedinas.com\/site\/#organization"},"potentialAction":[{"@type":"SearchAction","target":{"@type":"EntryPoint","urlTemplate":"https:\/\/noticiasmercedinas.com\/site\/?s={search_term_string}"},"query-input":{"@type":"PropertyValueSpecification","valueRequired":true,"valueName":"search_term_string"}}],"inLanguage":"es"},{"@type":"Organization","@id":"https:\/\/noticiasmercedinas.com\/site\/#organization","name":"NOTICIASMERCEDINAS.COM","url":"https:\/\/noticiasmercedinas.com\/site\/","logo":{"@type":"ImageObject","inLanguage":"es","@id":"https:\/\/noticiasmercedinas.com\/site\/#\/schema\/logo\/image\/","url":"https:\/\/noticiasmercedinas.com\/site\/wp-content\/uploads\/2020\/06\/LOGO-512.jpg","contentUrl":"https:\/\/noticiasmercedinas.com\/site\/wp-content\/uploads\/2020\/06\/LOGO-512.jpg","width":512,"height":512,"caption":"NOTICIASMERCEDINAS.COM"},"image":{"@id":"https:\/\/noticiasmercedinas.com\/site\/#\/schema\/logo\/image\/"},"sameAs":["https:\/\/www.facebook.com\/noticiasmercedinas\/","https:\/\/x.com\/notmercedinas","https:\/\/www.instagram.com\/noticiasmercedinas\/"]},{"@type":"Person","@id":"https:\/\/noticiasmercedinas.com\/site\/#\/schema\/person\/84b59c099c28ff2e8b77d4ceec5d8063","name":"NOTICIASMERCEDINAS.COM","image":{"@type":"ImageObject","inLanguage":"es","@id":"https:\/\/secure.gravatar.com\/avatar\/4dfbf16b4d17945bfb6341b2d19043457132fcf478a5ee04f42e959fd8f5df0a?s=96&d=mm&r=g","url":"https:\/\/secure.gravatar.com\/avatar\/4dfbf16b4d17945bfb6341b2d19043457132fcf478a5ee04f42e959fd8f5df0a?s=96&d=mm&r=g","contentUrl":"https:\/\/secure.gravatar.com\/avatar\/4dfbf16b4d17945bfb6341b2d19043457132fcf478a5ee04f42e959fd8f5df0a?s=96&d=mm&r=g","caption":"NOTICIASMERCEDINAS.COM"},"url":"https:\/\/noticiasmercedinas.com\/site\/author\/anonimo\/"}]}},"amp_enabled":true,"_links":{"self":[{"href":"https:\/\/noticiasmercedinas.com\/site\/wp-json\/wp\/v2\/posts\/29567","targetHints":{"allow":["GET"]}}],"collection":[{"href":"https:\/\/noticiasmercedinas.com\/site\/wp-json\/wp\/v2\/posts"}],"about":[{"href":"https:\/\/noticiasmercedinas.com\/site\/wp-json\/wp\/v2\/types\/post"}],"author":[{"embeddable":true,"href":"https:\/\/noticiasmercedinas.com\/site\/wp-json\/wp\/v2\/users\/16"}],"replies":[{"embeddable":true,"href":"https:\/\/noticiasmercedinas.com\/site\/wp-json\/wp\/v2\/comments?post=29567"}],"version-history":[{"count":3,"href":"https:\/\/noticiasmercedinas.com\/site\/wp-json\/wp\/v2\/posts\/29567\/revisions"}],"predecessor-version":[{"id":29572,"href":"https:\/\/noticiasmercedinas.com\/site\/wp-json\/wp\/v2\/posts\/29567\/revisions\/29572"}],"wp:featuredmedia":[{"embeddable":true,"href":"https:\/\/noticiasmercedinas.com\/site\/wp-json\/wp\/v2\/media\/29569"}],"wp:attachment":[{"href":"https:\/\/noticiasmercedinas.com\/site\/wp-json\/wp\/v2\/media?parent=29567"}],"wp:term":[{"taxonomy":"category","embeddable":true,"href":"https:\/\/noticiasmercedinas.com\/site\/wp-json\/wp\/v2\/categories?post=29567"},{"taxonomy":"post_tag","embeddable":true,"href":"https:\/\/noticiasmercedinas.com\/site\/wp-json\/wp\/v2\/tags?post=29567"}],"curies":[{"name":"wp","href":"https:\/\/api.w.org\/{rel}","templated":true}]}}