{"id":29580,"date":"2019-09-30T07:35:48","date_gmt":"2019-09-30T10:35:48","guid":{"rendered":"https:\/\/noticiasmercedinas.com\/site\/?p=29580"},"modified":"2019-09-30T07:35:48","modified_gmt":"2019-09-30T10:35:48","slug":"oscar-dinova-fue-parte-de-maraton-de-lectura-en-franklin","status":"publish","type":"post","link":"https:\/\/noticiasmercedinas.com\/site\/2019\/09\/30\/oscar-dinova-fue-parte-de-maraton-de-lectura-en-franklin\/","title":{"rendered":"Oscar Dinova fue parte de marat\u00f3n de lectura en Franklin"},"content":{"rendered":"<p><img loading=\"lazy\" decoding=\"async\" class=\"alignnone size-full wp-image-29582\" src=\"https:\/\/noticiasmercedinas.com\/site\/wp-content\/uploads\/2019\/09\/Foto-Franklin-Grupal.jpg\" alt=\"\" width=\"895\" height=\"527\" srcset=\"https:\/\/noticiasmercedinas.com\/site\/wp-content\/uploads\/2019\/09\/Foto-Franklin-Grupal.jpg 895w, https:\/\/noticiasmercedinas.com\/site\/wp-content\/uploads\/2019\/09\/Foto-Franklin-Grupal-300x177.jpg 300w, https:\/\/noticiasmercedinas.com\/site\/wp-content\/uploads\/2019\/09\/Foto-Franklin-Grupal-768x452.jpg 768w, https:\/\/noticiasmercedinas.com\/site\/wp-content\/uploads\/2019\/09\/Foto-Franklin-Grupal-640x377.jpg 640w, https:\/\/noticiasmercedinas.com\/site\/wp-content\/uploads\/2019\/09\/Foto-Franklin-Grupal-681x400.jpg 681w\" sizes=\"auto, (max-width: 895px) 100vw, 895px\" \/><\/p>\n<p>Hay ocasiones en que la alegr\u00eda de los relatos y el encanto de la lectura se asocian a la perfecci\u00f3n con un lugar encantador y la gente que lo habita para construir un momento m\u00e1gico. Esos de los que no queremos despertar ni que terminen.<\/p>\n<p>As\u00ed fue la tarde del viernes 27 en el entra\u00f1able paraje rural de Franklin al que fue invitado el escritor Oscar Dinova, por parte de Anyi Carballo, presidenta de la Cooperadora para cumplir con la Marat\u00f3n de Lectura y disfrutar de los personajes de sus cuentos.<\/p>\n<p>Los alumnos de la primaria y secundaria esperaban ansiosos la llegada. \u201cFui desgranando historias que eran las de mi propia familia. Con la fuerza de la imaginaci\u00f3n y el sano humor de la ni\u00f1ez y juventud recorr\u00ed una vez m\u00e1s los a\u00f1os de la infancia de mi madre habitando esos mismos lugares cuando era ni\u00f1a\u201d, coment\u00f3 el propio Dinova.<\/p>\n<p>\u201cSu yegua Mariposa la llevaba a la escuela de Rivas. Un momento de gran emoci\u00f3n. Poco tiempo despu\u00e9s, un lechoncito se convirti\u00f3 en la mascota m\u00e1s incre\u00edble que una ni\u00f1a pudiera tener dentro de una escuela rural, all\u00e1, en los lejanos a\u00f1os 30.<\/p>\n<p>Rieron, re\u00edmos, a m\u00e1s no poder, vimos a Polito correr por la escuela 3 de General Rivas, sus travesuras eran tambi\u00e9n las nuestras, las maestras y personal tambi\u00e9n se dejaron llevar por los relatos, algunas condujeron un sulky, otras orde\u00f1aron vacas\u201d, narr\u00f3 sobre lo vivido.<\/p>\n<p>Con la lectura de \u201cLobo, el h\u00e9roe\u201d todos quer\u00edan conocer y acariciar a ese perro maravilloso que habit\u00f3 el Cuartel de Bomberos de Mercedes hacia fines de los 60.<\/p>\n<p>\u201cAntes de despedirse de esa maravillosa escuela \u201cCatalina Mart\u00edn de Echegaray\u201d, Dinova entreg\u00f3 una donaci\u00f3n de 40 libros \u201cCuentos de Abuelo\u201d y \u201cCr\u00f3nicas de Gardel en Mercedes\u201d, facilitados por UATRE.<\/p>\n<p>\u201cAdem\u00e1s disfrutamos de tortas caseras y unos reconfortantes mates criollos. Nos fuimos con el coraz\u00f3n explotando de felicidad y prometiendo volver prontito, por m\u00e1s cuentos e historias. \u00a1Gracias Yanina, Liliana y Marisa, docentes y personal de un lugar tan c\u00e1lido y comprometido con la educaci\u00f3n! \u00a1Gracias Franklin!\u201d, complet\u00f3 Dinova.<\/p>\n<p><img loading=\"lazy\" decoding=\"async\" class=\"alignnone size-full wp-image-29581\" src=\"https:\/\/noticiasmercedinas.com\/site\/wp-content\/uploads\/2019\/09\/Foto-Franklin-Curioseando.jpg\" alt=\"\" width=\"778\" height=\"463\" srcset=\"https:\/\/noticiasmercedinas.com\/site\/wp-content\/uploads\/2019\/09\/Foto-Franklin-Curioseando.jpg 778w, https:\/\/noticiasmercedinas.com\/site\/wp-content\/uploads\/2019\/09\/Foto-Franklin-Curioseando-300x179.jpg 300w, https:\/\/noticiasmercedinas.com\/site\/wp-content\/uploads\/2019\/09\/Foto-Franklin-Curioseando-768x457.jpg 768w, https:\/\/noticiasmercedinas.com\/site\/wp-content\/uploads\/2019\/09\/Foto-Franklin-Curioseando-640x381.jpg 640w, https:\/\/noticiasmercedinas.com\/site\/wp-content\/uploads\/2019\/09\/Foto-Franklin-Curioseando-681x405.jpg 681w\" sizes=\"auto, (max-width: 778px) 100vw, 778px\" \/><\/p>\n","protected":false},"excerpt":{"rendered":"<p>Hay ocasiones en que la alegr\u00eda de los relatos y el encanto de la lectura se asocian a la perfecci\u00f3n con un lugar encantador y la gente que lo habita para construir un momento m\u00e1gico. Esos de los que no queremos despertar ni que terminen. As\u00ed fue la tarde del viernes 27 en el entra\u00f1able [&hellip;]<\/p>\n","protected":false},"author":16,"featured_media":29582,"comment_status":"open","ping_status":"open","sticky":false,"template":"","format":"standard","meta":{"footnotes":""},"categories":[4],"tags":[3546,6621,3451,373,85,258],"class_list":["post-29580","post","type-post","status-publish","format-standard","has-post-thumbnail","hentry","category-cultura","tag-escritor","tag-franklin","tag-lectura","tag-libros","tag-literatura","tag-oscar-dinova"],"yoast_head":"<!-- This site is optimized with the Yoast SEO plugin v28.3 - https:\/\/yoast.com\/product\/yoast-seo-wordpress\/ -->\n<title>Oscar Dinova fue parte de marat\u00f3n de lectura en Franklin<\/title>\n<meta name=\"robots\" content=\"index, follow, max-snippet:-1, max-image-preview:large, max-video-preview:-1\" \/>\n<link rel=\"canonical\" href=\"https:\/\/noticiasmercedinas.com\/site\/2019\/09\/30\/oscar-dinova-fue-parte-de-maraton-de-lectura-en-franklin\/\" \/>\n<meta property=\"og:locale\" content=\"es_ES\" \/>\n<meta property=\"og:type\" content=\"article\" \/>\n<meta property=\"og:title\" content=\"Oscar Dinova fue parte de marat\u00f3n de lectura en Franklin\" \/>\n<meta property=\"og:description\" content=\"Hay ocasiones en que la alegr\u00eda de los relatos y el encanto de la lectura se asocian a la perfecci\u00f3n con un lugar encantador y la gente que lo habita para construir un momento m\u00e1gico. Esos de los que no queremos despertar ni que terminen. As\u00ed fue la tarde del viernes 27 en el entra\u00f1able [&hellip;]\" \/>\n<meta property=\"og:url\" content=\"https:\/\/noticiasmercedinas.com\/site\/2019\/09\/30\/oscar-dinova-fue-parte-de-maraton-de-lectura-en-franklin\/\" \/>\n<meta property=\"og:site_name\" content=\"NOTICIASMERCEDINAS.COM\" \/>\n<meta property=\"article:publisher\" content=\"https:\/\/www.facebook.com\/noticiasmercedinas\/\" \/>\n<meta property=\"article:published_time\" content=\"2019-09-30T10:35:48+00:00\" \/>\n<meta property=\"og:image\" content=\"https:\/\/noticiasmercedinas.com\/site\/wp-content\/uploads\/2019\/09\/Foto-Franklin-Grupal.jpg\" \/>\n\t<meta property=\"og:image:width\" content=\"895\" \/>\n\t<meta property=\"og:image:height\" content=\"527\" \/>\n\t<meta property=\"og:image:type\" content=\"image\/jpeg\" \/>\n<meta name=\"author\" content=\"NOTICIASMERCEDINAS.COM\" \/>\n<meta name=\"twitter:card\" content=\"summary_large_image\" \/>\n<meta name=\"twitter:creator\" content=\"@notmercedinas\" \/>\n<meta name=\"twitter:site\" content=\"@notmercedinas\" \/>\n<meta name=\"twitter:label1\" content=\"Escrito por\" \/>\n\t<meta name=\"twitter:data1\" content=\"NOTICIASMERCEDINAS.COM\" \/>\n\t<meta name=\"twitter:label2\" content=\"Tiempo de lectura\" \/>\n\t<meta name=\"twitter:data2\" content=\"2 minutos\" \/>\n<script type=\"application\/ld+json\" class=\"yoast-schema-graph\">{\"@context\":\"https:\\\/\\\/schema.org\",\"@graph\":[{\"@type\":\"Article\",\"@id\":\"https:\\\/\\\/noticiasmercedinas.com\\\/site\\\/2019\\\/09\\\/30\\\/oscar-dinova-fue-parte-de-maraton-de-lectura-en-franklin\\\/#article\",\"isPartOf\":{\"@id\":\"https:\\\/\\\/noticiasmercedinas.com\\\/site\\\/2019\\\/09\\\/30\\\/oscar-dinova-fue-parte-de-maraton-de-lectura-en-franklin\\\/\"},\"author\":{\"name\":\"NOTICIASMERCEDINAS.COM\",\"@id\":\"https:\\\/\\\/noticiasmercedinas.com\\\/site\\\/#\\\/schema\\\/person\\\/84b59c099c28ff2e8b77d4ceec5d8063\"},\"headline\":\"Oscar Dinova fue parte de marat\u00f3n de lectura en Franklin\",\"datePublished\":\"2019-09-30T10:35:48+00:00\",\"mainEntityOfPage\":{\"@id\":\"https:\\\/\\\/noticiasmercedinas.com\\\/site\\\/2019\\\/09\\\/30\\\/oscar-dinova-fue-parte-de-maraton-de-lectura-en-franklin\\\/\"},\"wordCount\":383,\"commentCount\":1,\"publisher\":{\"@id\":\"https:\\\/\\\/noticiasmercedinas.com\\\/site\\\/#organization\"},\"image\":{\"@id\":\"https:\\\/\\\/noticiasmercedinas.com\\\/site\\\/2019\\\/09\\\/30\\\/oscar-dinova-fue-parte-de-maraton-de-lectura-en-franklin\\\/#primaryimage\"},\"thumbnailUrl\":\"https:\\\/\\\/noticiasmercedinas.com\\\/site\\\/wp-content\\\/uploads\\\/2019\\\/09\\\/Foto-Franklin-Grupal.jpg\",\"keywords\":[\"escritor\",\"franklin\",\"lectura\",\"libros\",\"literatura\",\"oscar dinova\"],\"articleSection\":[\"Cultura\"],\"inLanguage\":\"es\",\"potentialAction\":[{\"@type\":\"CommentAction\",\"name\":\"Comment\",\"target\":[\"https:\\\/\\\/noticiasmercedinas.com\\\/site\\\/2019\\\/09\\\/30\\\/oscar-dinova-fue-parte-de-maraton-de-lectura-en-franklin\\\/#respond\"]}]},{\"@type\":\"WebPage\",\"@id\":\"https:\\\/\\\/noticiasmercedinas.com\\\/site\\\/2019\\\/09\\\/30\\\/oscar-dinova-fue-parte-de-maraton-de-lectura-en-franklin\\\/\",\"url\":\"https:\\\/\\\/noticiasmercedinas.com\\\/site\\\/2019\\\/09\\\/30\\\/oscar-dinova-fue-parte-de-maraton-de-lectura-en-franklin\\\/\",\"name\":\"Oscar Dinova fue parte de marat\u00f3n de lectura en Franklin\",\"isPartOf\":{\"@id\":\"https:\\\/\\\/noticiasmercedinas.com\\\/site\\\/#website\"},\"primaryImageOfPage\":{\"@id\":\"https:\\\/\\\/noticiasmercedinas.com\\\/site\\\/2019\\\/09\\\/30\\\/oscar-dinova-fue-parte-de-maraton-de-lectura-en-franklin\\\/#primaryimage\"},\"image\":{\"@id\":\"https:\\\/\\\/noticiasmercedinas.com\\\/site\\\/2019\\\/09\\\/30\\\/oscar-dinova-fue-parte-de-maraton-de-lectura-en-franklin\\\/#primaryimage\"},\"thumbnailUrl\":\"https:\\\/\\\/noticiasmercedinas.com\\\/site\\\/wp-content\\\/uploads\\\/2019\\\/09\\\/Foto-Franklin-Grupal.jpg\",\"datePublished\":\"2019-09-30T10:35:48+00:00\",\"breadcrumb\":{\"@id\":\"https:\\\/\\\/noticiasmercedinas.com\\\/site\\\/2019\\\/09\\\/30\\\/oscar-dinova-fue-parte-de-maraton-de-lectura-en-franklin\\\/#breadcrumb\"},\"inLanguage\":\"es\",\"potentialAction\":[{\"@type\":\"ReadAction\",\"target\":[\"https:\\\/\\\/noticiasmercedinas.com\\\/site\\\/2019\\\/09\\\/30\\\/oscar-dinova-fue-parte-de-maraton-de-lectura-en-franklin\\\/\"]}]},{\"@type\":\"ImageObject\",\"inLanguage\":\"es\",\"@id\":\"https:\\\/\\\/noticiasmercedinas.com\\\/site\\\/2019\\\/09\\\/30\\\/oscar-dinova-fue-parte-de-maraton-de-lectura-en-franklin\\\/#primaryimage\",\"url\":\"https:\\\/\\\/noticiasmercedinas.com\\\/site\\\/wp-content\\\/uploads\\\/2019\\\/09\\\/Foto-Franklin-Grupal.jpg\",\"contentUrl\":\"https:\\\/\\\/noticiasmercedinas.com\\\/site\\\/wp-content\\\/uploads\\\/2019\\\/09\\\/Foto-Franklin-Grupal.jpg\",\"width\":895,\"height\":527},{\"@type\":\"BreadcrumbList\",\"@id\":\"https:\\\/\\\/noticiasmercedinas.com\\\/site\\\/2019\\\/09\\\/30\\\/oscar-dinova-fue-parte-de-maraton-de-lectura-en-franklin\\\/#breadcrumb\",\"itemListElement\":[{\"@type\":\"ListItem\",\"position\":1,\"name\":\"Portada\",\"item\":\"https:\\\/\\\/noticiasmercedinas.com\\\/site\\\/\"},{\"@type\":\"ListItem\",\"position\":2,\"name\":\"Oscar Dinova fue parte de marat\u00f3n de lectura en Franklin\"}]},{\"@type\":\"WebSite\",\"@id\":\"https:\\\/\\\/noticiasmercedinas.com\\\/site\\\/#website\",\"url\":\"https:\\\/\\\/noticiasmercedinas.com\\\/site\\\/\",\"name\":\"NOTICIASMERCEDINAS.COM\",\"description\":\"Mercedes, Buenos Aires, Argentina\",\"publisher\":{\"@id\":\"https:\\\/\\\/noticiasmercedinas.com\\\/site\\\/#organization\"},\"potentialAction\":[{\"@type\":\"SearchAction\",\"target\":{\"@type\":\"EntryPoint\",\"urlTemplate\":\"https:\\\/\\\/noticiasmercedinas.com\\\/site\\\/?s={search_term_string}\"},\"query-input\":{\"@type\":\"PropertyValueSpecification\",\"valueRequired\":true,\"valueName\":\"search_term_string\"}}],\"inLanguage\":\"es\"},{\"@type\":\"Organization\",\"@id\":\"https:\\\/\\\/noticiasmercedinas.com\\\/site\\\/#organization\",\"name\":\"NOTICIASMERCEDINAS.COM\",\"url\":\"https:\\\/\\\/noticiasmercedinas.com\\\/site\\\/\",\"logo\":{\"@type\":\"ImageObject\",\"inLanguage\":\"es\",\"@id\":\"https:\\\/\\\/noticiasmercedinas.com\\\/site\\\/#\\\/schema\\\/logo\\\/image\\\/\",\"url\":\"https:\\\/\\\/noticiasmercedinas.com\\\/site\\\/wp-content\\\/uploads\\\/2020\\\/06\\\/LOGO-512.jpg\",\"contentUrl\":\"https:\\\/\\\/noticiasmercedinas.com\\\/site\\\/wp-content\\\/uploads\\\/2020\\\/06\\\/LOGO-512.jpg\",\"width\":512,\"height\":512,\"caption\":\"NOTICIASMERCEDINAS.COM\"},\"image\":{\"@id\":\"https:\\\/\\\/noticiasmercedinas.com\\\/site\\\/#\\\/schema\\\/logo\\\/image\\\/\"},\"sameAs\":[\"https:\\\/\\\/www.facebook.com\\\/noticiasmercedinas\\\/\",\"https:\\\/\\\/x.com\\\/notmercedinas\",\"https:\\\/\\\/www.instagram.com\\\/noticiasmercedinas\\\/\"]},{\"@type\":\"Person\",\"@id\":\"https:\\\/\\\/noticiasmercedinas.com\\\/site\\\/#\\\/schema\\\/person\\\/84b59c099c28ff2e8b77d4ceec5d8063\",\"name\":\"NOTICIASMERCEDINAS.COM\",\"image\":{\"@type\":\"ImageObject\",\"inLanguage\":\"es\",\"@id\":\"https:\\\/\\\/secure.gravatar.com\\\/avatar\\\/4dfbf16b4d17945bfb6341b2d19043457132fcf478a5ee04f42e959fd8f5df0a?s=96&d=mm&r=g\",\"url\":\"https:\\\/\\\/secure.gravatar.com\\\/avatar\\\/4dfbf16b4d17945bfb6341b2d19043457132fcf478a5ee04f42e959fd8f5df0a?s=96&d=mm&r=g\",\"contentUrl\":\"https:\\\/\\\/secure.gravatar.com\\\/avatar\\\/4dfbf16b4d17945bfb6341b2d19043457132fcf478a5ee04f42e959fd8f5df0a?s=96&d=mm&r=g\",\"caption\":\"NOTICIASMERCEDINAS.COM\"},\"url\":\"https:\\\/\\\/noticiasmercedinas.com\\\/site\\\/author\\\/anonimo\\\/\"}]}<\/script>\n<!-- \/ Yoast SEO plugin. -->","yoast_head_json":{"title":"Oscar Dinova fue parte de marat\u00f3n de lectura en Franklin","robots":{"index":"index","follow":"follow","max-snippet":"max-snippet:-1","max-image-preview":"max-image-preview:large","max-video-preview":"max-video-preview:-1"},"canonical":"https:\/\/noticiasmercedinas.com\/site\/2019\/09\/30\/oscar-dinova-fue-parte-de-maraton-de-lectura-en-franklin\/","og_locale":"es_ES","og_type":"article","og_title":"Oscar Dinova fue parte de marat\u00f3n de lectura en Franklin","og_description":"Hay ocasiones en que la alegr\u00eda de los relatos y el encanto de la lectura se asocian a la perfecci\u00f3n con un lugar encantador y la gente que lo habita para construir un momento m\u00e1gico. Esos de los que no queremos despertar ni que terminen. As\u00ed fue la tarde del viernes 27 en el entra\u00f1able [&hellip;]","og_url":"https:\/\/noticiasmercedinas.com\/site\/2019\/09\/30\/oscar-dinova-fue-parte-de-maraton-de-lectura-en-franklin\/","og_site_name":"NOTICIASMERCEDINAS.COM","article_publisher":"https:\/\/www.facebook.com\/noticiasmercedinas\/","article_published_time":"2019-09-30T10:35:48+00:00","og_image":[{"width":895,"height":527,"url":"https:\/\/noticiasmercedinas.com\/site\/wp-content\/uploads\/2019\/09\/Foto-Franklin-Grupal.jpg","type":"image\/jpeg"}],"author":"NOTICIASMERCEDINAS.COM","twitter_card":"summary_large_image","twitter_creator":"@notmercedinas","twitter_site":"@notmercedinas","twitter_misc":{"Escrito por":"NOTICIASMERCEDINAS.COM","Tiempo de lectura":"2 minutos"},"schema":{"@context":"https:\/\/schema.org","@graph":[{"@type":"Article","@id":"https:\/\/noticiasmercedinas.com\/site\/2019\/09\/30\/oscar-dinova-fue-parte-de-maraton-de-lectura-en-franklin\/#article","isPartOf":{"@id":"https:\/\/noticiasmercedinas.com\/site\/2019\/09\/30\/oscar-dinova-fue-parte-de-maraton-de-lectura-en-franklin\/"},"author":{"name":"NOTICIASMERCEDINAS.COM","@id":"https:\/\/noticiasmercedinas.com\/site\/#\/schema\/person\/84b59c099c28ff2e8b77d4ceec5d8063"},"headline":"Oscar Dinova fue parte de marat\u00f3n de lectura en Franklin","datePublished":"2019-09-30T10:35:48+00:00","mainEntityOfPage":{"@id":"https:\/\/noticiasmercedinas.com\/site\/2019\/09\/30\/oscar-dinova-fue-parte-de-maraton-de-lectura-en-franklin\/"},"wordCount":383,"commentCount":1,"publisher":{"@id":"https:\/\/noticiasmercedinas.com\/site\/#organization"},"image":{"@id":"https:\/\/noticiasmercedinas.com\/site\/2019\/09\/30\/oscar-dinova-fue-parte-de-maraton-de-lectura-en-franklin\/#primaryimage"},"thumbnailUrl":"https:\/\/noticiasmercedinas.com\/site\/wp-content\/uploads\/2019\/09\/Foto-Franklin-Grupal.jpg","keywords":["escritor","franklin","lectura","libros","literatura","oscar dinova"],"articleSection":["Cultura"],"inLanguage":"es","potentialAction":[{"@type":"CommentAction","name":"Comment","target":["https:\/\/noticiasmercedinas.com\/site\/2019\/09\/30\/oscar-dinova-fue-parte-de-maraton-de-lectura-en-franklin\/#respond"]}]},{"@type":"WebPage","@id":"https:\/\/noticiasmercedinas.com\/site\/2019\/09\/30\/oscar-dinova-fue-parte-de-maraton-de-lectura-en-franklin\/","url":"https:\/\/noticiasmercedinas.com\/site\/2019\/09\/30\/oscar-dinova-fue-parte-de-maraton-de-lectura-en-franklin\/","name":"Oscar Dinova fue parte de marat\u00f3n de lectura en Franklin","isPartOf":{"@id":"https:\/\/noticiasmercedinas.com\/site\/#website"},"primaryImageOfPage":{"@id":"https:\/\/noticiasmercedinas.com\/site\/2019\/09\/30\/oscar-dinova-fue-parte-de-maraton-de-lectura-en-franklin\/#primaryimage"},"image":{"@id":"https:\/\/noticiasmercedinas.com\/site\/2019\/09\/30\/oscar-dinova-fue-parte-de-maraton-de-lectura-en-franklin\/#primaryimage"},"thumbnailUrl":"https:\/\/noticiasmercedinas.com\/site\/wp-content\/uploads\/2019\/09\/Foto-Franklin-Grupal.jpg","datePublished":"2019-09-30T10:35:48+00:00","breadcrumb":{"@id":"https:\/\/noticiasmercedinas.com\/site\/2019\/09\/30\/oscar-dinova-fue-parte-de-maraton-de-lectura-en-franklin\/#breadcrumb"},"inLanguage":"es","potentialAction":[{"@type":"ReadAction","target":["https:\/\/noticiasmercedinas.com\/site\/2019\/09\/30\/oscar-dinova-fue-parte-de-maraton-de-lectura-en-franklin\/"]}]},{"@type":"ImageObject","inLanguage":"es","@id":"https:\/\/noticiasmercedinas.com\/site\/2019\/09\/30\/oscar-dinova-fue-parte-de-maraton-de-lectura-en-franklin\/#primaryimage","url":"https:\/\/noticiasmercedinas.com\/site\/wp-content\/uploads\/2019\/09\/Foto-Franklin-Grupal.jpg","contentUrl":"https:\/\/noticiasmercedinas.com\/site\/wp-content\/uploads\/2019\/09\/Foto-Franklin-Grupal.jpg","width":895,"height":527},{"@type":"BreadcrumbList","@id":"https:\/\/noticiasmercedinas.com\/site\/2019\/09\/30\/oscar-dinova-fue-parte-de-maraton-de-lectura-en-franklin\/#breadcrumb","itemListElement":[{"@type":"ListItem","position":1,"name":"Portada","item":"https:\/\/noticiasmercedinas.com\/site\/"},{"@type":"ListItem","position":2,"name":"Oscar Dinova fue parte de marat\u00f3n de lectura en Franklin"}]},{"@type":"WebSite","@id":"https:\/\/noticiasmercedinas.com\/site\/#website","url":"https:\/\/noticiasmercedinas.com\/site\/","name":"NOTICIASMERCEDINAS.COM","description":"Mercedes, Buenos Aires, Argentina","publisher":{"@id":"https:\/\/noticiasmercedinas.com\/site\/#organization"},"potentialAction":[{"@type":"SearchAction","target":{"@type":"EntryPoint","urlTemplate":"https:\/\/noticiasmercedinas.com\/site\/?s={search_term_string}"},"query-input":{"@type":"PropertyValueSpecification","valueRequired":true,"valueName":"search_term_string"}}],"inLanguage":"es"},{"@type":"Organization","@id":"https:\/\/noticiasmercedinas.com\/site\/#organization","name":"NOTICIASMERCEDINAS.COM","url":"https:\/\/noticiasmercedinas.com\/site\/","logo":{"@type":"ImageObject","inLanguage":"es","@id":"https:\/\/noticiasmercedinas.com\/site\/#\/schema\/logo\/image\/","url":"https:\/\/noticiasmercedinas.com\/site\/wp-content\/uploads\/2020\/06\/LOGO-512.jpg","contentUrl":"https:\/\/noticiasmercedinas.com\/site\/wp-content\/uploads\/2020\/06\/LOGO-512.jpg","width":512,"height":512,"caption":"NOTICIASMERCEDINAS.COM"},"image":{"@id":"https:\/\/noticiasmercedinas.com\/site\/#\/schema\/logo\/image\/"},"sameAs":["https:\/\/www.facebook.com\/noticiasmercedinas\/","https:\/\/x.com\/notmercedinas","https:\/\/www.instagram.com\/noticiasmercedinas\/"]},{"@type":"Person","@id":"https:\/\/noticiasmercedinas.com\/site\/#\/schema\/person\/84b59c099c28ff2e8b77d4ceec5d8063","name":"NOTICIASMERCEDINAS.COM","image":{"@type":"ImageObject","inLanguage":"es","@id":"https:\/\/secure.gravatar.com\/avatar\/4dfbf16b4d17945bfb6341b2d19043457132fcf478a5ee04f42e959fd8f5df0a?s=96&d=mm&r=g","url":"https:\/\/secure.gravatar.com\/avatar\/4dfbf16b4d17945bfb6341b2d19043457132fcf478a5ee04f42e959fd8f5df0a?s=96&d=mm&r=g","contentUrl":"https:\/\/secure.gravatar.com\/avatar\/4dfbf16b4d17945bfb6341b2d19043457132fcf478a5ee04f42e959fd8f5df0a?s=96&d=mm&r=g","caption":"NOTICIASMERCEDINAS.COM"},"url":"https:\/\/noticiasmercedinas.com\/site\/author\/anonimo\/"}]}},"amp_enabled":true,"_links":{"self":[{"href":"https:\/\/noticiasmercedinas.com\/site\/wp-json\/wp\/v2\/posts\/29580","targetHints":{"allow":["GET"]}}],"collection":[{"href":"https:\/\/noticiasmercedinas.com\/site\/wp-json\/wp\/v2\/posts"}],"about":[{"href":"https:\/\/noticiasmercedinas.com\/site\/wp-json\/wp\/v2\/types\/post"}],"author":[{"embeddable":true,"href":"https:\/\/noticiasmercedinas.com\/site\/wp-json\/wp\/v2\/users\/16"}],"replies":[{"embeddable":true,"href":"https:\/\/noticiasmercedinas.com\/site\/wp-json\/wp\/v2\/comments?post=29580"}],"version-history":[{"count":1,"href":"https:\/\/noticiasmercedinas.com\/site\/wp-json\/wp\/v2\/posts\/29580\/revisions"}],"predecessor-version":[{"id":29583,"href":"https:\/\/noticiasmercedinas.com\/site\/wp-json\/wp\/v2\/posts\/29580\/revisions\/29583"}],"wp:featuredmedia":[{"embeddable":true,"href":"https:\/\/noticiasmercedinas.com\/site\/wp-json\/wp\/v2\/media\/29582"}],"wp:attachment":[{"href":"https:\/\/noticiasmercedinas.com\/site\/wp-json\/wp\/v2\/media?parent=29580"}],"wp:term":[{"taxonomy":"category","embeddable":true,"href":"https:\/\/noticiasmercedinas.com\/site\/wp-json\/wp\/v2\/categories?post=29580"},{"taxonomy":"post_tag","embeddable":true,"href":"https:\/\/noticiasmercedinas.com\/site\/wp-json\/wp\/v2\/tags?post=29580"}],"curies":[{"name":"wp","href":"https:\/\/api.w.org\/{rel}","templated":true}]}}