{"id":29686,"date":"2019-09-30T21:00:06","date_gmt":"2019-10-01T00:00:06","guid":{"rendered":"https:\/\/noticiasmercedinas.com\/site\/?p=29686"},"modified":"2019-09-30T21:00:06","modified_gmt":"2019-10-01T00:00:06","slug":"trocha-no-pudo-con-el-puntero","status":"publish","type":"post","link":"https:\/\/noticiasmercedinas.com\/site\/2019\/09\/30\/trocha-no-pudo-con-el-puntero\/","title":{"rendered":"Trocha no pudo con el puntero"},"content":{"rendered":"<p>Ayer, domingo 29, se disput\u00f3 la otra parte de la tercera fecha de Primera C para el f\u00fatbol femenino de AFA, donde Trocha que ven\u00eda de caer en el debut ante V\u00e9lez por 1-0 y luego no jugar frente a F\u00e9nix en Moreno, donde no hubo ambulancia ni m\u00e9dico, le toc\u00f3 medirse con uno de los animadores del certamen, Argentino de Merlo. Un conjunto que gan\u00f3 en sus dos primeras presentaciones y volvi\u00f3 a repetir en la jornada de ayer en Quilmes.<\/p>\n<p>Un gol en el inicio de cada tiempo marcaron el rumbo del partido, teniendo las chicas de la \u201cCarbonilla\u201d una mejor producci\u00f3n en cuanto a la generaci\u00f3n de juego y creaci\u00f3n de situaciones gol que escasearon ante V\u00e9lez. Lo que viene para Trocha es Talleres en Remedio de Escalada por la cuarta fecha de la Primera C femenina.<\/p>\n<p><strong>Trocha 0.<br \/>\nArgentino de Merlo 2.<\/p>\n<p><\/strong><\/p>\n\r\n                <style type=\"text\/css\">\r\n                    \r\n                    #td_uid_1_69f71d3e99158  .td-doubleSlider-2 .td-item1 {\r\n                        background: url(https:\/\/noticiasmercedinas.com\/site\/wp-content\/uploads\/2019\/09\/3a7ccb34-02c6-4935-91ba-f3cc6959ccf0-160x120.jpg) 0 0 no-repeat;\r\n                    }\r\n                    #td_uid_1_69f71d3e99158  .td-doubleSlider-2 .td-item2 {\r\n                        background: url(https:\/\/noticiasmercedinas.com\/site\/wp-content\/uploads\/2019\/09\/c0b6e3c9-f196-42b9-9fdb-59f3c2c9128f-160x120.jpg) 0 0 no-repeat;\r\n                    }\r\n                    #td_uid_1_69f71d3e99158  .td-doubleSlider-2 .td-item3 {\r\n                        background: url(https:\/\/noticiasmercedinas.com\/site\/wp-content\/uploads\/2019\/09\/d54dfd84-4eb4-4914-b300-6cd03b4c190e-160x120.jpg) 0 0 no-repeat;\r\n                    }\r\n                <\/style>\r\n\r\n                <div id=\"td_uid_1_69f71d3e99158\" class=\"td-gallery td-slide-on-2-columns\">\r\n                    <div class=\"post_td_gallery\">\r\n                        <div class=\"td-gallery-slide-top\">\r\n                           <div class=\"td-gallery-title\">Trocha femenino<\/div>\r\n\r\n                            <div class=\"td-gallery-controls-wrapper\">\r\n                                <div class=\"td-gallery-slide-count\"><span class=\"td-gallery-slide-item-focus\">1<\/span> de 3<\/div>\r\n                                <div class=\"td-gallery-slide-prev-next-but\">\r\n                                    <i class = \"td-icon-left doubleSliderPrevButton\"><\/i>\r\n                                    <i class = \"td-icon-right doubleSliderNextButton\"><\/i>\r\n                                <\/div>\r\n                            <\/div>\r\n                        <\/div>\r\n\r\n                        <div class = \"td-doubleSlider-1 \">\r\n                            <div class = \"td-slider\">\r\n                                \r\n                    <div class = \"td-slide-item td-item1\">\r\n                        <figure class=\"td-slide-galery-figure td-slide-popup-gallery\">\r\n                            <a class=\"slide-gallery-image-link\" href=\"https:\/\/noticiasmercedinas.com\/site\/wp-content\/uploads\/2019\/09\/3a7ccb34-02c6-4935-91ba-f3cc6959ccf0.jpg\" title=\"3a7ccb34-02c6-4935-91ba-f3cc6959ccf0\"  data-caption=\"\"  data-description=\"\">\r\n                                <img decoding=\"async\" src=\"https:\/\/noticiasmercedinas.com\/site\/wp-content\/uploads\/2019\/09\/3a7ccb34-02c6-4935-91ba-f3cc6959ccf0.jpg\" srcset=\"https:\/\/noticiasmercedinas.com\/site\/wp-content\/uploads\/2019\/09\/3a7ccb34-02c6-4935-91ba-f3cc6959ccf0.jpg 650w, https:\/\/noticiasmercedinas.com\/site\/wp-content\/uploads\/2019\/09\/3a7ccb34-02c6-4935-91ba-f3cc6959ccf0-300x156.jpg 300w, https:\/\/noticiasmercedinas.com\/site\/wp-content\/uploads\/2019\/09\/3a7ccb34-02c6-4935-91ba-f3cc6959ccf0-640x334.jpg 640w\" sizes=\"(max-width: 650px) 100vw, 650px\" alt=\"\">\r\n                            <\/a>\r\n                            \r\n                        <\/figure>\r\n                    <\/div>\r\n                    <div class = \"td-slide-item td-item2\">\r\n                        <figure class=\"td-slide-galery-figure td-slide-popup-gallery\">\r\n                            <a class=\"slide-gallery-image-link\" href=\"https:\/\/noticiasmercedinas.com\/site\/wp-content\/uploads\/2019\/09\/c0b6e3c9-f196-42b9-9fdb-59f3c2c9128f.jpg\" title=\"c0b6e3c9-f196-42b9-9fdb-59f3c2c9128f\"  data-caption=\"\"  data-description=\"\">\r\n                                <img decoding=\"async\" src=\"https:\/\/noticiasmercedinas.com\/site\/wp-content\/uploads\/2019\/09\/c0b6e3c9-f196-42b9-9fdb-59f3c2c9128f.jpg\" srcset=\"https:\/\/noticiasmercedinas.com\/site\/wp-content\/uploads\/2019\/09\/c0b6e3c9-f196-42b9-9fdb-59f3c2c9128f.jpg 737w, https:\/\/noticiasmercedinas.com\/site\/wp-content\/uploads\/2019\/09\/c0b6e3c9-f196-42b9-9fdb-59f3c2c9128f-300x197.jpg 300w, https:\/\/noticiasmercedinas.com\/site\/wp-content\/uploads\/2019\/09\/c0b6e3c9-f196-42b9-9fdb-59f3c2c9128f-640x419.jpg 640w, https:\/\/noticiasmercedinas.com\/site\/wp-content\/uploads\/2019\/09\/c0b6e3c9-f196-42b9-9fdb-59f3c2c9128f-681x446.jpg 681w\" sizes=\"(max-width: 737px) 100vw, 737px\" alt=\"\">\r\n                            <\/a>\r\n                            \r\n                        <\/figure>\r\n                    <\/div>\r\n                    <div class = \"td-slide-item td-item3\">\r\n                        <figure class=\"td-slide-galery-figure td-slide-popup-gallery\">\r\n                            <a class=\"slide-gallery-image-link\" href=\"https:\/\/noticiasmercedinas.com\/site\/wp-content\/uploads\/2019\/09\/d54dfd84-4eb4-4914-b300-6cd03b4c190e.jpg\" title=\"d54dfd84-4eb4-4914-b300-6cd03b4c190e\"  data-caption=\"\"  data-description=\"\">\r\n                                <img decoding=\"async\" src=\"https:\/\/noticiasmercedinas.com\/site\/wp-content\/uploads\/2019\/09\/d54dfd84-4eb4-4914-b300-6cd03b4c190e.jpg\" srcset=\"https:\/\/noticiasmercedinas.com\/site\/wp-content\/uploads\/2019\/09\/d54dfd84-4eb4-4914-b300-6cd03b4c190e.jpg 601w, https:\/\/noticiasmercedinas.com\/site\/wp-content\/uploads\/2019\/09\/d54dfd84-4eb4-4914-b300-6cd03b4c190e-300x194.jpg 300w, https:\/\/noticiasmercedinas.com\/site\/wp-content\/uploads\/2019\/09\/d54dfd84-4eb4-4914-b300-6cd03b4c190e-600x388.jpg 600w, https:\/\/noticiasmercedinas.com\/site\/wp-content\/uploads\/2019\/09\/d54dfd84-4eb4-4914-b300-6cd03b4c190e-341x220.jpg 341w\" sizes=\"(max-width: 601px) 100vw, 601px\" alt=\"\">\r\n                            <\/a>\r\n                            \r\n                        <\/figure>\r\n                    <\/div>\r\n                            <\/div>\r\n                        <\/div>\r\n\r\n                        <div class = \"td-doubleSlider-2\">\r\n                            <div class = \"td-slider\">\r\n                                \r\n                    <div class = \"td-button td-item1\">\r\n                        <div class = \"td-border\"><\/div>\r\n                    <\/div>\r\n                    <div class = \"td-button td-item2\">\r\n                        <div class = \"td-border\"><\/div>\r\n                    <\/div>\r\n                    <div class = \"td-button td-item3\">\r\n                        <div class = \"td-border\"><\/div>\r\n                    <\/div>\r\n                            <\/div>\r\n                        <\/div>\r\n\r\n                    <\/div>\r\n\r\n                <\/div>\r\n                \n<p><strong>Otros resultados<\/strong><br \/>\nTalleres 3 \u2013 Canning 1.<br \/>\nSan Mart\u00edn 0 \u2013 Ituzaing\u00f3 5.<br \/>\nItaliano 3 \u2013 Villas Unidas 1.<br \/>\nClaypole 1 \u2013 Tigre 8.<br \/>\nChicago 1 \u2013 Fenix 0.<br \/>\nSan Miguel 1 \u2013 Ca\u00f1uelas 0.<br \/>\nChacarita 0 \u2013 V\u00e9lez 2.<\/p>\n\n<table id=\"tablepress-29\" class=\"tablepress tablepress-id-29\">\n<thead>\n<tr class=\"row-1\">\n\t<th class=\"column-1\">Primera C<\/th><th class=\"column-2\">PJ<\/th><th class=\"column-3\">PTS<\/th>\n<\/tr>\n<\/thead>\n<tbody class=\"row-striping row-hover\">\n<tr class=\"row-2\">\n\t<td class=\"column-1\">Tigre<\/td><td class=\"column-2\">18<\/td><td class=\"column-3\">50<\/td>\n<\/tr>\n<tr class=\"row-3\">\n\t<td class=\"column-1\">V\u00e9lez<\/td><td class=\"column-2\">18<\/td><td class=\"column-3\">45<\/td>\n<\/tr>\n<tr class=\"row-4\">\n\t<td class=\"column-1\">Argentinos de Merlo<\/td><td class=\"column-2\">17<\/td><td class=\"column-3\">40<\/td>\n<\/tr>\n<tr class=\"row-5\">\n\t<td class=\"column-1\">San Miguel<\/td><td class=\"column-2\">18<\/td><td class=\"column-3\">34<\/td>\n<\/tr>\n<tr class=\"row-6\">\n\t<td class=\"column-1\">Ituzaing\u00f3<\/td><td class=\"column-2\">18<\/td><td class=\"column-3\">32<\/td>\n<\/tr>\n<tr class=\"row-7\">\n\t<td class=\"column-1\">Ca\u00f1uelas<\/td><td class=\"column-2\">18<\/td><td class=\"column-3\">31<\/td>\n<\/tr>\n<tr class=\"row-8\">\n\t<td class=\"column-1\">Italiano<\/td><td class=\"column-2\">18<\/td><td class=\"column-3\">25<\/td>\n<\/tr>\n<tr class=\"row-9\">\n\t<td class=\"column-1\">Chacarita<\/td><td class=\"column-2\">18<\/td><td class=\"column-3\">23<\/td>\n<\/tr>\n<tr class=\"row-10\">\n\t<td class=\"column-1\">Trocha<\/td><td class=\"column-2\">17<\/td><td class=\"column-3\">22<\/td>\n<\/tr>\n<tr class=\"row-11\">\n\t<td class=\"column-1\">Talleres<\/td><td class=\"column-2\">17<\/td><td class=\"column-3\">22<\/td>\n<\/tr>\n<tr class=\"row-12\">\n\t<td class=\"column-1\">Villas Unidas<\/td><td class=\"column-2\">18<\/td><td class=\"column-3\">21<\/td>\n<\/tr>\n<tr class=\"row-13\">\n\t<td class=\"column-1\">Chicago<\/td><td class=\"column-2\">18<\/td><td class=\"column-3\">19<\/td>\n<\/tr>\n<tr class=\"row-14\">\n\t<td class=\"column-1\">San Mart\u00edn<\/td><td class=\"column-2\">18<\/td><td class=\"column-3\">16<\/td>\n<\/tr>\n<tr class=\"row-15\">\n\t<td class=\"column-1\">Claypole<\/td><td class=\"column-2\">18<\/td><td class=\"column-3\">13<\/td>\n<\/tr>\n<tr class=\"row-16\">\n\t<td class=\"column-1\">F\u00e9nix<\/td><td class=\"column-2\">18<\/td><td class=\"column-3\">7<\/td>\n<\/tr>\n<tr class=\"row-17\">\n\t<td class=\"column-1\">Canning<\/td><td class=\"column-2\">17<\/td><td class=\"column-3\">3<\/td>\n<\/tr>\n<\/tbody>\n<\/table>\n<!-- #tablepress-29 from cache -->\n","protected":false},"excerpt":{"rendered":"<p>Ayer, domingo 29, se disput\u00f3 la otra parte de la tercera fecha de Primera C para el f\u00fatbol femenino de AFA, donde Trocha que ven\u00eda de caer en el debut ante V\u00e9lez por 1-0 y luego no jugar frente a F\u00e9nix en Moreno, donde no hubo ambulancia ni m\u00e9dico, le toc\u00f3 medirse con uno de [&hellip;]<\/p>\n","protected":false},"author":16,"featured_media":29689,"comment_status":"open","ping_status":"open","sticky":false,"template":"","format":"standard","meta":{"footnotes":""},"categories":[5],"tags":[6424,6583,6629],"class_list":["post-29686","post","type-post","status-publish","format-standard","has-post-thumbnail","hentry","category-deportes","tag-afa","tag-argentino-de-merlo","tag-trocha-primera-c"],"yoast_head":"<!-- This site is optimized with the Yoast SEO plugin v27.5 - https:\/\/yoast.com\/product\/yoast-seo-wordpress\/ -->\n<title>Trocha no pudo con el puntero<\/title>\n<meta name=\"robots\" content=\"index, follow, max-snippet:-1, max-image-preview:large, max-video-preview:-1\" \/>\n<link rel=\"canonical\" href=\"https:\/\/noticiasmercedinas.com\/site\/2019\/09\/30\/trocha-no-pudo-con-el-puntero\/\" \/>\n<meta property=\"og:locale\" content=\"es_ES\" \/>\n<meta property=\"og:type\" content=\"article\" \/>\n<meta property=\"og:title\" content=\"Trocha no pudo con el puntero\" \/>\n<meta property=\"og:description\" content=\"Ayer, domingo 29, se disput\u00f3 la otra parte de la tercera fecha de Primera C para el f\u00fatbol femenino de AFA, donde Trocha que ven\u00eda de caer en el debut ante V\u00e9lez por 1-0 y luego no jugar frente a F\u00e9nix en Moreno, donde no hubo ambulancia ni m\u00e9dico, le toc\u00f3 medirse con uno de [&hellip;]\" \/>\n<meta property=\"og:url\" content=\"https:\/\/noticiasmercedinas.com\/site\/2019\/09\/30\/trocha-no-pudo-con-el-puntero\/\" \/>\n<meta property=\"og:site_name\" content=\"NOTICIASMERCEDINAS.COM\" \/>\n<meta property=\"article:publisher\" content=\"https:\/\/www.facebook.com\/noticiasmercedinas\/\" \/>\n<meta property=\"article:published_time\" content=\"2019-10-01T00:00:06+00:00\" \/>\n<meta property=\"og:image\" content=\"https:\/\/noticiasmercedinas.com\/site\/wp-content\/uploads\/2019\/09\/c0b6e3c9-f196-42b9-9fdb-59f3c2c9128f.jpg\" \/>\n\t<meta property=\"og:image:width\" content=\"737\" \/>\n\t<meta property=\"og:image:height\" content=\"483\" \/>\n\t<meta property=\"og:image:type\" content=\"image\/jpeg\" \/>\n<meta name=\"author\" content=\"NOTICIASMERCEDINAS.COM\" \/>\n<meta name=\"twitter:card\" content=\"summary_large_image\" \/>\n<meta name=\"twitter:creator\" content=\"@notmercedinas\" \/>\n<meta name=\"twitter:site\" content=\"@notmercedinas\" \/>\n<meta name=\"twitter:label1\" content=\"Escrito por\" \/>\n\t<meta name=\"twitter:data1\" content=\"NOTICIASMERCEDINAS.COM\" \/>\n\t<meta name=\"twitter:label2\" content=\"Tiempo de lectura\" \/>\n\t<meta name=\"twitter:data2\" content=\"1 minuto\" \/>\n<script type=\"application\/ld+json\" class=\"yoast-schema-graph\">{\"@context\":\"https:\\\/\\\/schema.org\",\"@graph\":[{\"@type\":\"Article\",\"@id\":\"https:\\\/\\\/noticiasmercedinas.com\\\/site\\\/2019\\\/09\\\/30\\\/trocha-no-pudo-con-el-puntero\\\/#article\",\"isPartOf\":{\"@id\":\"https:\\\/\\\/noticiasmercedinas.com\\\/site\\\/2019\\\/09\\\/30\\\/trocha-no-pudo-con-el-puntero\\\/\"},\"author\":{\"name\":\"NOTICIASMERCEDINAS.COM\",\"@id\":\"https:\\\/\\\/noticiasmercedinas.com\\\/site\\\/#\\\/schema\\\/person\\\/84b59c099c28ff2e8b77d4ceec5d8063\"},\"headline\":\"Trocha no pudo con el puntero\",\"datePublished\":\"2019-10-01T00:00:06+00:00\",\"mainEntityOfPage\":{\"@id\":\"https:\\\/\\\/noticiasmercedinas.com\\\/site\\\/2019\\\/09\\\/30\\\/trocha-no-pudo-con-el-puntero\\\/\"},\"wordCount\":197,\"commentCount\":0,\"publisher\":{\"@id\":\"https:\\\/\\\/noticiasmercedinas.com\\\/site\\\/#organization\"},\"image\":{\"@id\":\"https:\\\/\\\/noticiasmercedinas.com\\\/site\\\/2019\\\/09\\\/30\\\/trocha-no-pudo-con-el-puntero\\\/#primaryimage\"},\"thumbnailUrl\":\"https:\\\/\\\/noticiasmercedinas.com\\\/site\\\/wp-content\\\/uploads\\\/2019\\\/09\\\/c0b6e3c9-f196-42b9-9fdb-59f3c2c9128f.jpg\",\"keywords\":[\"AFA\",\"Argentino de Merlo\",\"Trocha. Primera C\"],\"articleSection\":[\"Deportes\"],\"inLanguage\":\"es\",\"potentialAction\":[{\"@type\":\"CommentAction\",\"name\":\"Comment\",\"target\":[\"https:\\\/\\\/noticiasmercedinas.com\\\/site\\\/2019\\\/09\\\/30\\\/trocha-no-pudo-con-el-puntero\\\/#respond\"]}]},{\"@type\":\"WebPage\",\"@id\":\"https:\\\/\\\/noticiasmercedinas.com\\\/site\\\/2019\\\/09\\\/30\\\/trocha-no-pudo-con-el-puntero\\\/\",\"url\":\"https:\\\/\\\/noticiasmercedinas.com\\\/site\\\/2019\\\/09\\\/30\\\/trocha-no-pudo-con-el-puntero\\\/\",\"name\":\"Trocha no pudo con el puntero\",\"isPartOf\":{\"@id\":\"https:\\\/\\\/noticiasmercedinas.com\\\/site\\\/#website\"},\"primaryImageOfPage\":{\"@id\":\"https:\\\/\\\/noticiasmercedinas.com\\\/site\\\/2019\\\/09\\\/30\\\/trocha-no-pudo-con-el-puntero\\\/#primaryimage\"},\"image\":{\"@id\":\"https:\\\/\\\/noticiasmercedinas.com\\\/site\\\/2019\\\/09\\\/30\\\/trocha-no-pudo-con-el-puntero\\\/#primaryimage\"},\"thumbnailUrl\":\"https:\\\/\\\/noticiasmercedinas.com\\\/site\\\/wp-content\\\/uploads\\\/2019\\\/09\\\/c0b6e3c9-f196-42b9-9fdb-59f3c2c9128f.jpg\",\"datePublished\":\"2019-10-01T00:00:06+00:00\",\"breadcrumb\":{\"@id\":\"https:\\\/\\\/noticiasmercedinas.com\\\/site\\\/2019\\\/09\\\/30\\\/trocha-no-pudo-con-el-puntero\\\/#breadcrumb\"},\"inLanguage\":\"es\",\"potentialAction\":[{\"@type\":\"ReadAction\",\"target\":[\"https:\\\/\\\/noticiasmercedinas.com\\\/site\\\/2019\\\/09\\\/30\\\/trocha-no-pudo-con-el-puntero\\\/\"]}]},{\"@type\":\"ImageObject\",\"inLanguage\":\"es\",\"@id\":\"https:\\\/\\\/noticiasmercedinas.com\\\/site\\\/2019\\\/09\\\/30\\\/trocha-no-pudo-con-el-puntero\\\/#primaryimage\",\"url\":\"https:\\\/\\\/noticiasmercedinas.com\\\/site\\\/wp-content\\\/uploads\\\/2019\\\/09\\\/c0b6e3c9-f196-42b9-9fdb-59f3c2c9128f.jpg\",\"contentUrl\":\"https:\\\/\\\/noticiasmercedinas.com\\\/site\\\/wp-content\\\/uploads\\\/2019\\\/09\\\/c0b6e3c9-f196-42b9-9fdb-59f3c2c9128f.jpg\",\"width\":737,\"height\":483},{\"@type\":\"BreadcrumbList\",\"@id\":\"https:\\\/\\\/noticiasmercedinas.com\\\/site\\\/2019\\\/09\\\/30\\\/trocha-no-pudo-con-el-puntero\\\/#breadcrumb\",\"itemListElement\":[{\"@type\":\"ListItem\",\"position\":1,\"name\":\"Portada\",\"item\":\"https:\\\/\\\/noticiasmercedinas.com\\\/site\\\/\"},{\"@type\":\"ListItem\",\"position\":2,\"name\":\"Trocha no pudo con el puntero\"}]},{\"@type\":\"WebSite\",\"@id\":\"https:\\\/\\\/noticiasmercedinas.com\\\/site\\\/#website\",\"url\":\"https:\\\/\\\/noticiasmercedinas.com\\\/site\\\/\",\"name\":\"NOTICIASMERCEDINAS.COM\",\"description\":\"Mercedes, Buenos Aires, Argentina\",\"publisher\":{\"@id\":\"https:\\\/\\\/noticiasmercedinas.com\\\/site\\\/#organization\"},\"potentialAction\":[{\"@type\":\"SearchAction\",\"target\":{\"@type\":\"EntryPoint\",\"urlTemplate\":\"https:\\\/\\\/noticiasmercedinas.com\\\/site\\\/?s={search_term_string}\"},\"query-input\":{\"@type\":\"PropertyValueSpecification\",\"valueRequired\":true,\"valueName\":\"search_term_string\"}}],\"inLanguage\":\"es\"},{\"@type\":\"Organization\",\"@id\":\"https:\\\/\\\/noticiasmercedinas.com\\\/site\\\/#organization\",\"name\":\"NOTICIASMERCEDINAS.COM\",\"url\":\"https:\\\/\\\/noticiasmercedinas.com\\\/site\\\/\",\"logo\":{\"@type\":\"ImageObject\",\"inLanguage\":\"es\",\"@id\":\"https:\\\/\\\/noticiasmercedinas.com\\\/site\\\/#\\\/schema\\\/logo\\\/image\\\/\",\"url\":\"https:\\\/\\\/noticiasmercedinas.com\\\/site\\\/wp-content\\\/uploads\\\/2020\\\/06\\\/LOGO-512.jpg\",\"contentUrl\":\"https:\\\/\\\/noticiasmercedinas.com\\\/site\\\/wp-content\\\/uploads\\\/2020\\\/06\\\/LOGO-512.jpg\",\"width\":512,\"height\":512,\"caption\":\"NOTICIASMERCEDINAS.COM\"},\"image\":{\"@id\":\"https:\\\/\\\/noticiasmercedinas.com\\\/site\\\/#\\\/schema\\\/logo\\\/image\\\/\"},\"sameAs\":[\"https:\\\/\\\/www.facebook.com\\\/noticiasmercedinas\\\/\",\"https:\\\/\\\/x.com\\\/notmercedinas\",\"https:\\\/\\\/www.instagram.com\\\/noticiasmercedinas\\\/\"]},{\"@type\":\"Person\",\"@id\":\"https:\\\/\\\/noticiasmercedinas.com\\\/site\\\/#\\\/schema\\\/person\\\/84b59c099c28ff2e8b77d4ceec5d8063\",\"name\":\"NOTICIASMERCEDINAS.COM\",\"image\":{\"@type\":\"ImageObject\",\"inLanguage\":\"es\",\"@id\":\"https:\\\/\\\/secure.gravatar.com\\\/avatar\\\/4dfbf16b4d17945bfb6341b2d19043457132fcf478a5ee04f42e959fd8f5df0a?s=96&d=mm&r=g\",\"url\":\"https:\\\/\\\/secure.gravatar.com\\\/avatar\\\/4dfbf16b4d17945bfb6341b2d19043457132fcf478a5ee04f42e959fd8f5df0a?s=96&d=mm&r=g\",\"contentUrl\":\"https:\\\/\\\/secure.gravatar.com\\\/avatar\\\/4dfbf16b4d17945bfb6341b2d19043457132fcf478a5ee04f42e959fd8f5df0a?s=96&d=mm&r=g\",\"caption\":\"NOTICIASMERCEDINAS.COM\"},\"url\":\"https:\\\/\\\/noticiasmercedinas.com\\\/site\\\/author\\\/anonimo\\\/\"}]}<\/script>\n<!-- \/ Yoast SEO plugin. -->","yoast_head_json":{"title":"Trocha no pudo con el puntero","robots":{"index":"index","follow":"follow","max-snippet":"max-snippet:-1","max-image-preview":"max-image-preview:large","max-video-preview":"max-video-preview:-1"},"canonical":"https:\/\/noticiasmercedinas.com\/site\/2019\/09\/30\/trocha-no-pudo-con-el-puntero\/","og_locale":"es_ES","og_type":"article","og_title":"Trocha no pudo con el puntero","og_description":"Ayer, domingo 29, se disput\u00f3 la otra parte de la tercera fecha de Primera C para el f\u00fatbol femenino de AFA, donde Trocha que ven\u00eda de caer en el debut ante V\u00e9lez por 1-0 y luego no jugar frente a F\u00e9nix en Moreno, donde no hubo ambulancia ni m\u00e9dico, le toc\u00f3 medirse con uno de [&hellip;]","og_url":"https:\/\/noticiasmercedinas.com\/site\/2019\/09\/30\/trocha-no-pudo-con-el-puntero\/","og_site_name":"NOTICIASMERCEDINAS.COM","article_publisher":"https:\/\/www.facebook.com\/noticiasmercedinas\/","article_published_time":"2019-10-01T00:00:06+00:00","og_image":[{"width":737,"height":483,"url":"https:\/\/noticiasmercedinas.com\/site\/wp-content\/uploads\/2019\/09\/c0b6e3c9-f196-42b9-9fdb-59f3c2c9128f.jpg","type":"image\/jpeg"}],"author":"NOTICIASMERCEDINAS.COM","twitter_card":"summary_large_image","twitter_creator":"@notmercedinas","twitter_site":"@notmercedinas","twitter_misc":{"Escrito por":"NOTICIASMERCEDINAS.COM","Tiempo de lectura":"1 minuto"},"schema":{"@context":"https:\/\/schema.org","@graph":[{"@type":"Article","@id":"https:\/\/noticiasmercedinas.com\/site\/2019\/09\/30\/trocha-no-pudo-con-el-puntero\/#article","isPartOf":{"@id":"https:\/\/noticiasmercedinas.com\/site\/2019\/09\/30\/trocha-no-pudo-con-el-puntero\/"},"author":{"name":"NOTICIASMERCEDINAS.COM","@id":"https:\/\/noticiasmercedinas.com\/site\/#\/schema\/person\/84b59c099c28ff2e8b77d4ceec5d8063"},"headline":"Trocha no pudo con el puntero","datePublished":"2019-10-01T00:00:06+00:00","mainEntityOfPage":{"@id":"https:\/\/noticiasmercedinas.com\/site\/2019\/09\/30\/trocha-no-pudo-con-el-puntero\/"},"wordCount":197,"commentCount":0,"publisher":{"@id":"https:\/\/noticiasmercedinas.com\/site\/#organization"},"image":{"@id":"https:\/\/noticiasmercedinas.com\/site\/2019\/09\/30\/trocha-no-pudo-con-el-puntero\/#primaryimage"},"thumbnailUrl":"https:\/\/noticiasmercedinas.com\/site\/wp-content\/uploads\/2019\/09\/c0b6e3c9-f196-42b9-9fdb-59f3c2c9128f.jpg","keywords":["AFA","Argentino de Merlo","Trocha. Primera C"],"articleSection":["Deportes"],"inLanguage":"es","potentialAction":[{"@type":"CommentAction","name":"Comment","target":["https:\/\/noticiasmercedinas.com\/site\/2019\/09\/30\/trocha-no-pudo-con-el-puntero\/#respond"]}]},{"@type":"WebPage","@id":"https:\/\/noticiasmercedinas.com\/site\/2019\/09\/30\/trocha-no-pudo-con-el-puntero\/","url":"https:\/\/noticiasmercedinas.com\/site\/2019\/09\/30\/trocha-no-pudo-con-el-puntero\/","name":"Trocha no pudo con el puntero","isPartOf":{"@id":"https:\/\/noticiasmercedinas.com\/site\/#website"},"primaryImageOfPage":{"@id":"https:\/\/noticiasmercedinas.com\/site\/2019\/09\/30\/trocha-no-pudo-con-el-puntero\/#primaryimage"},"image":{"@id":"https:\/\/noticiasmercedinas.com\/site\/2019\/09\/30\/trocha-no-pudo-con-el-puntero\/#primaryimage"},"thumbnailUrl":"https:\/\/noticiasmercedinas.com\/site\/wp-content\/uploads\/2019\/09\/c0b6e3c9-f196-42b9-9fdb-59f3c2c9128f.jpg","datePublished":"2019-10-01T00:00:06+00:00","breadcrumb":{"@id":"https:\/\/noticiasmercedinas.com\/site\/2019\/09\/30\/trocha-no-pudo-con-el-puntero\/#breadcrumb"},"inLanguage":"es","potentialAction":[{"@type":"ReadAction","target":["https:\/\/noticiasmercedinas.com\/site\/2019\/09\/30\/trocha-no-pudo-con-el-puntero\/"]}]},{"@type":"ImageObject","inLanguage":"es","@id":"https:\/\/noticiasmercedinas.com\/site\/2019\/09\/30\/trocha-no-pudo-con-el-puntero\/#primaryimage","url":"https:\/\/noticiasmercedinas.com\/site\/wp-content\/uploads\/2019\/09\/c0b6e3c9-f196-42b9-9fdb-59f3c2c9128f.jpg","contentUrl":"https:\/\/noticiasmercedinas.com\/site\/wp-content\/uploads\/2019\/09\/c0b6e3c9-f196-42b9-9fdb-59f3c2c9128f.jpg","width":737,"height":483},{"@type":"BreadcrumbList","@id":"https:\/\/noticiasmercedinas.com\/site\/2019\/09\/30\/trocha-no-pudo-con-el-puntero\/#breadcrumb","itemListElement":[{"@type":"ListItem","position":1,"name":"Portada","item":"https:\/\/noticiasmercedinas.com\/site\/"},{"@type":"ListItem","position":2,"name":"Trocha no pudo con el puntero"}]},{"@type":"WebSite","@id":"https:\/\/noticiasmercedinas.com\/site\/#website","url":"https:\/\/noticiasmercedinas.com\/site\/","name":"NOTICIASMERCEDINAS.COM","description":"Mercedes, Buenos Aires, Argentina","publisher":{"@id":"https:\/\/noticiasmercedinas.com\/site\/#organization"},"potentialAction":[{"@type":"SearchAction","target":{"@type":"EntryPoint","urlTemplate":"https:\/\/noticiasmercedinas.com\/site\/?s={search_term_string}"},"query-input":{"@type":"PropertyValueSpecification","valueRequired":true,"valueName":"search_term_string"}}],"inLanguage":"es"},{"@type":"Organization","@id":"https:\/\/noticiasmercedinas.com\/site\/#organization","name":"NOTICIASMERCEDINAS.COM","url":"https:\/\/noticiasmercedinas.com\/site\/","logo":{"@type":"ImageObject","inLanguage":"es","@id":"https:\/\/noticiasmercedinas.com\/site\/#\/schema\/logo\/image\/","url":"https:\/\/noticiasmercedinas.com\/site\/wp-content\/uploads\/2020\/06\/LOGO-512.jpg","contentUrl":"https:\/\/noticiasmercedinas.com\/site\/wp-content\/uploads\/2020\/06\/LOGO-512.jpg","width":512,"height":512,"caption":"NOTICIASMERCEDINAS.COM"},"image":{"@id":"https:\/\/noticiasmercedinas.com\/site\/#\/schema\/logo\/image\/"},"sameAs":["https:\/\/www.facebook.com\/noticiasmercedinas\/","https:\/\/x.com\/notmercedinas","https:\/\/www.instagram.com\/noticiasmercedinas\/"]},{"@type":"Person","@id":"https:\/\/noticiasmercedinas.com\/site\/#\/schema\/person\/84b59c099c28ff2e8b77d4ceec5d8063","name":"NOTICIASMERCEDINAS.COM","image":{"@type":"ImageObject","inLanguage":"es","@id":"https:\/\/secure.gravatar.com\/avatar\/4dfbf16b4d17945bfb6341b2d19043457132fcf478a5ee04f42e959fd8f5df0a?s=96&d=mm&r=g","url":"https:\/\/secure.gravatar.com\/avatar\/4dfbf16b4d17945bfb6341b2d19043457132fcf478a5ee04f42e959fd8f5df0a?s=96&d=mm&r=g","contentUrl":"https:\/\/secure.gravatar.com\/avatar\/4dfbf16b4d17945bfb6341b2d19043457132fcf478a5ee04f42e959fd8f5df0a?s=96&d=mm&r=g","caption":"NOTICIASMERCEDINAS.COM"},"url":"https:\/\/noticiasmercedinas.com\/site\/author\/anonimo\/"}]}},"amp_enabled":true,"_links":{"self":[{"href":"https:\/\/noticiasmercedinas.com\/site\/wp-json\/wp\/v2\/posts\/29686","targetHints":{"allow":["GET"]}}],"collection":[{"href":"https:\/\/noticiasmercedinas.com\/site\/wp-json\/wp\/v2\/posts"}],"about":[{"href":"https:\/\/noticiasmercedinas.com\/site\/wp-json\/wp\/v2\/types\/post"}],"author":[{"embeddable":true,"href":"https:\/\/noticiasmercedinas.com\/site\/wp-json\/wp\/v2\/users\/16"}],"replies":[{"embeddable":true,"href":"https:\/\/noticiasmercedinas.com\/site\/wp-json\/wp\/v2\/comments?post=29686"}],"version-history":[{"count":1,"href":"https:\/\/noticiasmercedinas.com\/site\/wp-json\/wp\/v2\/posts\/29686\/revisions"}],"predecessor-version":[{"id":29691,"href":"https:\/\/noticiasmercedinas.com\/site\/wp-json\/wp\/v2\/posts\/29686\/revisions\/29691"}],"wp:featuredmedia":[{"embeddable":true,"href":"https:\/\/noticiasmercedinas.com\/site\/wp-json\/wp\/v2\/media\/29689"}],"wp:attachment":[{"href":"https:\/\/noticiasmercedinas.com\/site\/wp-json\/wp\/v2\/media?parent=29686"}],"wp:term":[{"taxonomy":"category","embeddable":true,"href":"https:\/\/noticiasmercedinas.com\/site\/wp-json\/wp\/v2\/categories?post=29686"},{"taxonomy":"post_tag","embeddable":true,"href":"https:\/\/noticiasmercedinas.com\/site\/wp-json\/wp\/v2\/tags?post=29686"}],"curies":[{"name":"wp","href":"https:\/\/api.w.org\/{rel}","templated":true}]}}